{"id":41047,"date":"2020-10-09T10:29:55","date_gmt":"2020-10-09T08:29:55","guid":{"rendered":"https:\/\/conversesacatalunya.cat\/llibre-andorra-unio-europea-el-proces-dacostament-del-principat-a-la-unio-europea-cap-a-un-acord-dassociacio-de-victor-pou\/"},"modified":"2020-10-09T10:45:35","modified_gmt":"2020-10-09T08:45:35","slug":"libro-andorra-unio-europea-el-proces-dacostament-del-principat-a-la-unio-europea-cap-a-un-acord-dassociacio-de-victor-pou","status":"publish","type":"post","link":"https:\/\/conversesacatalunya.cat\/es\/libro-andorra-unio-europea-el-proces-dacostament-del-principat-a-la-unio-europea-cap-a-un-acord-dassociacio-de-victor-pou\/","title":{"rendered":"Libro: \u00abAndorra-Uni\u00f3 Europea. El proc\u00e9s d\u2019acostament del Principat a la Uni\u00f3 Europea. Cap a un acord d\u2019associaci\u00f3, de V\u00edctor Pou"},"content":{"rendered":"<p><span><span class=\"\">V\u00edctor Pou, profesor de econom\u00eda mundial y relaciones internacionales en la UIC y profesor del departamento de An\u00e1lisis Social y Econ\u00f3mica del IESE, es el autor del libro\u00a0<\/span><\/span><em><span><span class=\"\">\u00abAndorra-Uni\u00f3 Europea. <\/span>El proc\u00e9s d&#8217;acostament del Principat a la Uni\u00f3 Europea. Cap a un acord d&#8217;associaci\u00f3\u00bb <\/span><\/em><span>(editado por Cr\u00e8dit Andorr\u00e0)<\/span><\/p>\n<p><span>Se trata de su octavo trabajo sobre las relaciones internacionales de Andorra con la Uni\u00f3n Europea, siete de los cuales editados tambi\u00e9n por Cr\u00e8dit Andorr\u00e0.<\/span><\/p>\n<p><span>V\u00edctor Pou analiza la \u00faltima fase del proceso de acercamiento del Principado de Andorra a la Uni\u00f3n Europea que debe culminar con un acuerdo de asociaci\u00f3n. Este proceso, que se inici\u00f3 hace treinta a\u00f1os, ha seguido una estrategia que el autor califica de asint\u00f3tica, en el sentido de que\u00a0<\/span><strong><span>Andorra se acerca cada vez m\u00e1s a la UE sin pretender entrar como estado miembro<\/span><\/strong><span>.\u00a0La publicaci\u00f3n actualiza el proceso de acercamiento gradual y progresivo del Principado hacia la UE y ofrece un resumen de las tres fases precedentes.<\/span><\/p>\n<h4><strong><span>El estudio presenta los tres grandes bloques que constituyen el acuerdo de asociaci\u00f3n:<\/span><\/strong><\/h4>\n<p><span><span class=\"goog-text-highlight\">Un acuerdo marco con las reglas generales del juego, protocolos espec\u00edficos de cada pa\u00eds del grupo que el autor llama <\/span><\/span><em><span><span class=\"goog-text-highlight\">AMS<\/span><\/span><\/em><span><span class=\"goog-text-highlight\"> (Andorra, M\u00f3naco y San Marino), y anexos con la normativa que ha producido o produce la UE sobre lo que se est\u00e1 negociando.<\/span><\/span><\/p>\n<p><span><span class=\"\">Seg\u00fan explica el profesor V\u00edctor Pou, \u00abel objetivo del acuerdo de asociaci\u00f3n es que\u00a0<\/span><\/span><span><span class=\"\">Andorra<\/span><\/span><span><span class=\"\">\u00a0pueda participar de una manera progresiva y lo m\u00e1s amplia posible en el mercado interior de la UE\u00bb y este acuerdo \u00abdebe basarse en el reconocimiento de la necesidad de\u00a0<\/span><\/span><strong><span><span class=\"\">respetar las especificidades andorranas como estado de dimensi\u00f3n territorial reducida<\/span><\/span><\/strong><span><span class=\"\">\u00a0\u00ab.<\/span><\/span><\/p>\n<span class='bctt-click-to-tweet'><span class='bctt-ctt-text'><a href='https:\/\/twitter.com\/intent\/tweet?url=https%3A%2F%2Fconversesacatalunya.cat%2Fes%2Flibro-andorra-unio-europea-el-proces-dacostament-del-principat-a-la-unio-europea-cap-a-un-acord-dassociacio-de-victor-pou%2F&#038;text=Andorra%20se%20acerca%20cada%20vez%20m%C3%A1s%20a%20la%20UE%20sin%20pretender%20entrar%20como%20estado%20miembro&#038;via=conversesacat&#038;related=conversesacat' target='_blank'rel=\"noopener noreferrer\">Andorra se acerca cada vez m\u00e1s a la UE sin pretender entrar como estado miembro <\/a><\/span><a href='https:\/\/twitter.com\/intent\/tweet?url=https%3A%2F%2Fconversesacatalunya.cat%2Fes%2Flibro-andorra-unio-europea-el-proces-dacostament-del-principat-a-la-unio-europea-cap-a-un-acord-dassociacio-de-victor-pou%2F&#038;text=Andorra%20se%20acerca%20cada%20vez%20m%C3%A1s%20a%20la%20UE%20sin%20pretender%20entrar%20como%20estado%20miembro&#038;via=conversesacat&#038;related=conversesacat' target='_blank' class='bctt-ctt-btn'rel=\"noopener noreferrer\">Compartir en X<\/a><\/span>\n<div id=\"polls-74\" class=\"wp-polls\">\n\t<form id=\"polls_form_74\" class=\"wp-polls-form\" action=\"\/index.php\" method=\"post\">\n\t\t<p style=\"display: none;\"><input type=\"hidden\" id=\"poll_74_nonce\" name=\"wp-polls-nonce\" value=\"7a36c1f66d\" \/><\/p>\n\t\t<p style=\"display: none;\"><input type=\"hidden\" name=\"poll_id\" value=\"74\" \/><\/p>\n\t\t<p style=\"text-align: center\"><strong>El divendres, 9 d'octubre, el rei Felip VI estar\u00e0 a Barcelona. Est\u00e0s d'acord que el rei vingui a Catalunya?<\/strong><\/p><div id=\"polls-74-ans\" class=\"wp-polls-ans\"><ul class=\"wp-polls-ul\">\n\t\t<li><input type=\"radio\" id=\"poll-answer-162\" name=\"poll_74\" value=\"162\" \/> <label for=\"poll-answer-162\">Si<\/label><\/li>\n\t\t<li><input type=\"radio\" id=\"poll-answer-163\" name=\"poll_74\" value=\"163\" \/> <label for=\"poll-answer-163\">No<\/label><\/li>\n\t\t<\/ul><p style=\"text-align: center\"><input type=\"button\" name=\"vote\" value=\"   Vota   \" class=\"Buttons\" onclick=\"poll_vote(74);\" \/><\/p><p style=\"text-align: center\"><a href=\"#ViewPollResults\" onclick=\"poll_result(74); return false;\" title=\"View Results Of This Poll\">Mira els resultats<\/a><\/p><\/div>\n\t<\/form>\n<\/div>\n<div id=\"polls-74-loading\" class=\"wp-polls-loading\"><img decoding=\"async\" data-src=\"https:\/\/conversesacatalunya.cat\/wp-content\/plugins\/wp-polls\/images\/loading.gif\" width=\"16\" height=\"16\" alt=\"Cargando ...\" title=\"Cargando ...\" class=\"wp-polls-image lazyload\" src=\"data:image\/svg+xml;base64,PHN2ZyB3aWR0aD0iMSIgaGVpZ2h0PSIxIiB4bWxucz0iaHR0cDovL3d3dy53My5vcmcvMjAwMC9zdmciPjwvc3ZnPg==\" style=\"--smush-placeholder-width: 16px; --smush-placeholder-aspect-ratio: 16\/16;\" \/>&nbsp;Cargando ...<\/div>\n\n<p>&nbsp;<\/p>\n","protected":false},"excerpt":{"rendered":"<p>V\u00edctor Pou, profesor de econom\u00eda mundial y relaciones internacionales en la UIC y profesor del departamento de An\u00e1lisis Social y Econ\u00f3mica del IESE, es el autor del libro\u00a0\u00abAndorra-Uni\u00f3 Europea. El proc\u00e9s d&#8217;acostament del Principat a la Uni\u00f3 Europea. Cap a un acord d&#8217;associaci\u00f3\u00bb (editado por Cr\u00e8dit Andorr\u00e0) Se trata de su octavo trabajo sobre las relaciones internacionales de Andorra con la Uni\u00f3n Europea, siete de los cuales editados tambi\u00e9n por Cr\u00e8dit Andorr\u00e0. V\u00edctor Pou analiza la \u00faltima fase del proceso de acercamiento del Principado de Andorra a la Uni\u00f3n Europea que debe culminar con un acuerdo de asociaci\u00f3n. Este proceso, que se inici\u00f3 hace treinta a\u00f1os, ha seguido una estrategia que el autor califica de asint\u00f3tica, en el sentido de que\u00a0Andorra se acerca cada vez m\u00e1s a la UE sin pretender entrar como estado miembro.\u00a0La publicaci\u00f3n actualiza el proceso de acercamiento gradual y progresivo del Principado hacia la UE y ofrece un resumen de las tres fases precedentes. El estudio presenta los tres grandes bloques que constituyen el acuerdo de asociaci\u00f3n: Un acuerdo marco con las reglas generales del juego, protocolos espec\u00edficos de cada pa\u00eds del grupo que el autor llama AMS (Andorra, M\u00f3naco y San Marino), y anexos con la normativa que ha producido o produce la UE sobre lo que se est\u00e1 negociando. Seg\u00fan explica el profesor V\u00edctor Pou, \u00abel objetivo del acuerdo de asociaci\u00f3n es que\u00a0Andorra\u00a0pueda participar de una manera progresiva y lo m\u00e1s amplia posible en el mercado interior de la UE\u00bb y este acuerdo \u00abdebe basarse en el reconocimiento de la necesidad de\u00a0respetar las especificidades andorranas como estado de dimensi\u00f3n territorial reducida\u00a0\u00ab. &nbsp;<\/p>\n","protected":false},"author":3,"featured_media":41105,"comment_status":"open","ping_status":"open","sticky":false,"template":"","format":"standard","meta":{"_FSMCFIC_featured_image_caption":"","_FSMCFIC_featured_image_nocaption":"","_FSMCFIC_featured_image_hide":"","footnotes":""},"categories":[805],"tags":[3094,3093,1334],"class_list":["post-41047","post","type-post","status-publish","format-standard","has-post-thumbnail","hentry","category-projecte-cultural-es","tag-andorra-es","tag-andorra-a-la-unio-europea-es","tag-union-europea"],"yoast_head":"<!-- This site is optimized with the Yoast SEO plugin v26.8 - https:\/\/yoast.com\/product\/yoast-seo-wordpress\/ -->\n<title>Libro: &quot;Andorra-Uni\u00f3 Europea. El proc\u00e9s d\u2019acostament del Principat a la Uni\u00f3 Europea. Cap a un acord d\u2019associaci\u00f3, de V\u00edctor Pou - Converses a Catalunya<\/title>\n<meta name=\"description\" content=\"llibre &quot;Andorra-Uni\u00f3 Europea. El proc\u00e9s d&#039;acostament del Principat a la Uni\u00f3 Europea. Cap a un acord d&#039;associaci\u00f3&quot; editat per Cr\u00e8dit Andorr\u00e0\" \/>\n<meta name=\"robots\" content=\"index, follow, max-snippet:-1, max-image-preview:large, max-video-preview:-1\" \/>\n<link rel=\"canonical\" href=\"https:\/\/conversesacatalunya.cat\/es\/libro-andorra-unio-europea-el-proces-dacostament-del-principat-a-la-unio-europea-cap-a-un-acord-dassociacio-de-victor-pou\/\" \/>\n<meta property=\"og:locale\" content=\"es_ES\" \/>\n<meta property=\"og:type\" content=\"article\" \/>\n<meta property=\"og:title\" content=\"Libro: &quot;Andorra-Uni\u00f3 Europea. El proc\u00e9s d\u2019acostament del Principat a la Uni\u00f3 Europea. Cap a un acord d\u2019associaci\u00f3, de V\u00edctor Pou - Converses a Catalunya\" \/>\n<meta property=\"og:description\" content=\"llibre &quot;Andorra-Uni\u00f3 Europea. El proc\u00e9s d&#039;acostament del Principat a la Uni\u00f3 Europea. Cap a un acord d&#039;associaci\u00f3&quot; editat per Cr\u00e8dit Andorr\u00e0\" \/>\n<meta property=\"og:url\" content=\"https:\/\/conversesacatalunya.cat\/es\/libro-andorra-unio-europea-el-proces-dacostament-del-principat-a-la-unio-europea-cap-a-un-acord-dassociacio-de-victor-pou\/\" \/>\n<meta property=\"og:site_name\" content=\"Converses a Catalunya\" \/>\n<meta property=\"article:published_time\" content=\"2020-10-09T08:29:55+00:00\" \/>\n<meta property=\"article:modified_time\" content=\"2020-10-09T08:45:35+00:00\" \/>\n<meta property=\"og:image\" content=\"https:\/\/conversesacatalunya.cat\/wp-content\/uploads\/2020\/10\/Pou.png\" \/>\n\t<meta property=\"og:image:width\" content=\"253\" \/>\n\t<meta property=\"og:image:height\" content=\"368\" \/>\n\t<meta property=\"og:image:type\" content=\"image\/png\" \/>\n<meta name=\"author\" content=\"conversesacatalunya\" \/>\n<meta name=\"twitter:card\" content=\"summary_large_image\" \/>\n<meta name=\"twitter:label1\" content=\"Escrito por\" \/>\n\t<meta name=\"twitter:data1\" content=\"conversesacatalunya\" \/>\n\t<meta name=\"twitter:label2\" content=\"Tiempo de lectura\" \/>\n\t<meta name=\"twitter:data2\" content=\"2 minutos\" \/>\n<script type=\"application\/ld+json\" class=\"yoast-schema-graph\">{\"@context\":\"https:\/\/schema.org\",\"@graph\":[{\"@type\":\"Article\",\"@id\":\"https:\/\/conversesacatalunya.cat\/es\/libro-andorra-unio-europea-el-proces-dacostament-del-principat-a-la-unio-europea-cap-a-un-acord-dassociacio-de-victor-pou\/#article\",\"isPartOf\":{\"@id\":\"https:\/\/conversesacatalunya.cat\/es\/libro-andorra-unio-europea-el-proces-dacostament-del-principat-a-la-unio-europea-cap-a-un-acord-dassociacio-de-victor-pou\/\"},\"author\":{\"name\":\"conversesacatalunya\",\"@id\":\"https:\/\/conversesacatalunya.cat\/#\/schema\/person\/982274792508d804a0821b413c9ac076\"},\"headline\":\"Libro: \u00abAndorra-Uni\u00f3 Europea. El proc\u00e9s d\u2019acostament del Principat a la Uni\u00f3 Europea. Cap a un acord d\u2019associaci\u00f3, de V\u00edctor Pou\",\"datePublished\":\"2020-10-09T08:29:55+00:00\",\"dateModified\":\"2020-10-09T08:45:35+00:00\",\"mainEntityOfPage\":{\"@id\":\"https:\/\/conversesacatalunya.cat\/es\/libro-andorra-unio-europea-el-proces-dacostament-del-principat-a-la-unio-europea-cap-a-un-acord-dassociacio-de-victor-pou\/\"},\"wordCount\":347,\"commentCount\":0,\"image\":{\"@id\":\"https:\/\/conversesacatalunya.cat\/es\/libro-andorra-unio-europea-el-proces-dacostament-del-principat-a-la-unio-europea-cap-a-un-acord-dassociacio-de-victor-pou\/#primaryimage\"},\"thumbnailUrl\":\"https:\/\/conversesacatalunya.cat\/wp-content\/uploads\/2020\/10\/Pou.png\",\"keywords\":[\"Andorra\",\"Andorra a la Uni\u00f3 Europea\",\"Uni\u00f3n Europea\"],\"articleSection\":[\"Projecte cultural (ES)\"],\"inLanguage\":\"es\",\"potentialAction\":[{\"@type\":\"CommentAction\",\"name\":\"Comment\",\"target\":[\"https:\/\/conversesacatalunya.cat\/es\/libro-andorra-unio-europea-el-proces-dacostament-del-principat-a-la-unio-europea-cap-a-un-acord-dassociacio-de-victor-pou\/#respond\"]}]},{\"@type\":\"WebPage\",\"@id\":\"https:\/\/conversesacatalunya.cat\/es\/libro-andorra-unio-europea-el-proces-dacostament-del-principat-a-la-unio-europea-cap-a-un-acord-dassociacio-de-victor-pou\/\",\"url\":\"https:\/\/conversesacatalunya.cat\/es\/libro-andorra-unio-europea-el-proces-dacostament-del-principat-a-la-unio-europea-cap-a-un-acord-dassociacio-de-victor-pou\/\",\"name\":\"Libro: \\\"Andorra-Uni\u00f3 Europea. El proc\u00e9s d\u2019acostament del Principat a la Uni\u00f3 Europea. Cap a un acord d\u2019associaci\u00f3, de V\u00edctor Pou - Converses a Catalunya\",\"isPartOf\":{\"@id\":\"https:\/\/conversesacatalunya.cat\/#website\"},\"primaryImageOfPage\":{\"@id\":\"https:\/\/conversesacatalunya.cat\/es\/libro-andorra-unio-europea-el-proces-dacostament-del-principat-a-la-unio-europea-cap-a-un-acord-dassociacio-de-victor-pou\/#primaryimage\"},\"image\":{\"@id\":\"https:\/\/conversesacatalunya.cat\/es\/libro-andorra-unio-europea-el-proces-dacostament-del-principat-a-la-unio-europea-cap-a-un-acord-dassociacio-de-victor-pou\/#primaryimage\"},\"thumbnailUrl\":\"https:\/\/conversesacatalunya.cat\/wp-content\/uploads\/2020\/10\/Pou.png\",\"datePublished\":\"2020-10-09T08:29:55+00:00\",\"dateModified\":\"2020-10-09T08:45:35+00:00\",\"author\":{\"@id\":\"https:\/\/conversesacatalunya.cat\/#\/schema\/person\/982274792508d804a0821b413c9ac076\"},\"description\":\"llibre \\\"Andorra-Uni\u00f3 Europea. El proc\u00e9s d'acostament del Principat a la Uni\u00f3 Europea. Cap a un acord d'associaci\u00f3\\\" editat per Cr\u00e8dit Andorr\u00e0\",\"breadcrumb\":{\"@id\":\"https:\/\/conversesacatalunya.cat\/es\/libro-andorra-unio-europea-el-proces-dacostament-del-principat-a-la-unio-europea-cap-a-un-acord-dassociacio-de-victor-pou\/#breadcrumb\"},\"inLanguage\":\"es\",\"potentialAction\":[{\"@type\":\"ReadAction\",\"target\":[\"https:\/\/conversesacatalunya.cat\/es\/libro-andorra-unio-europea-el-proces-dacostament-del-principat-a-la-unio-europea-cap-a-un-acord-dassociacio-de-victor-pou\/\"]}]},{\"@type\":\"ImageObject\",\"inLanguage\":\"es\",\"@id\":\"https:\/\/conversesacatalunya.cat\/es\/libro-andorra-unio-europea-el-proces-dacostament-del-principat-a-la-unio-europea-cap-a-un-acord-dassociacio-de-victor-pou\/#primaryimage\",\"url\":\"https:\/\/conversesacatalunya.cat\/wp-content\/uploads\/2020\/10\/Pou.png\",\"contentUrl\":\"https:\/\/conversesacatalunya.cat\/wp-content\/uploads\/2020\/10\/Pou.png\",\"width\":253,\"height\":368,\"caption\":\"Andorra Uni\u00f3 Europea\"},{\"@type\":\"BreadcrumbList\",\"@id\":\"https:\/\/conversesacatalunya.cat\/es\/libro-andorra-unio-europea-el-proces-dacostament-del-principat-a-la-unio-europea-cap-a-un-acord-dassociacio-de-victor-pou\/#breadcrumb\",\"itemListElement\":[{\"@type\":\"ListItem\",\"position\":1,\"name\":\"Inici\",\"item\":\"https:\/\/conversesacatalunya.cat\/es\/\"},{\"@type\":\"ListItem\",\"position\":2,\"name\":\"Libro: \u00abAndorra-Uni\u00f3 Europea. El proc\u00e9s d\u2019acostament del Principat a la Uni\u00f3 Europea. Cap a un acord d\u2019associaci\u00f3, de V\u00edctor Pou\"}]},{\"@type\":\"WebSite\",\"@id\":\"https:\/\/conversesacatalunya.cat\/#website\",\"url\":\"https:\/\/conversesacatalunya.cat\/\",\"name\":\"Converses a Catalunya\",\"description\":\"\",\"potentialAction\":[{\"@type\":\"SearchAction\",\"target\":{\"@type\":\"EntryPoint\",\"urlTemplate\":\"https:\/\/conversesacatalunya.cat\/?s={search_term_string}\"},\"query-input\":{\"@type\":\"PropertyValueSpecification\",\"valueRequired\":true,\"valueName\":\"search_term_string\"}}],\"inLanguage\":\"es\"},{\"@type\":\"Person\",\"@id\":\"https:\/\/conversesacatalunya.cat\/#\/schema\/person\/982274792508d804a0821b413c9ac076\",\"name\":\"conversesacatalunya\",\"image\":{\"@type\":\"ImageObject\",\"inLanguage\":\"es\",\"@id\":\"https:\/\/conversesacatalunya.cat\/#\/schema\/person\/image\/\",\"url\":\"https:\/\/conversesacatalunya.cat\/wp-content\/litespeed\/avatar\/f04b47eeffd9637c7cf7869e217fb9ec.jpg?ver=1777370077\",\"contentUrl\":\"https:\/\/conversesacatalunya.cat\/wp-content\/litespeed\/avatar\/f04b47eeffd9637c7cf7869e217fb9ec.jpg?ver=1777370077\",\"caption\":\"conversesacatalunya\"},\"url\":\"https:\/\/conversesacatalunya.cat\/es\/author\/muntsa_escola\/\"}]}<\/script>\n<!-- \/ Yoast SEO plugin. -->","yoast_head_json":{"title":"Libro: \"Andorra-Uni\u00f3 Europea. El proc\u00e9s d\u2019acostament del Principat a la Uni\u00f3 Europea. Cap a un acord d\u2019associaci\u00f3, de V\u00edctor Pou - Converses a Catalunya","description":"llibre \"Andorra-Uni\u00f3 Europea. El proc\u00e9s d'acostament del Principat a la Uni\u00f3 Europea. Cap a un acord d'associaci\u00f3\" editat per Cr\u00e8dit Andorr\u00e0","robots":{"index":"index","follow":"follow","max-snippet":"max-snippet:-1","max-image-preview":"max-image-preview:large","max-video-preview":"max-video-preview:-1"},"canonical":"https:\/\/conversesacatalunya.cat\/es\/libro-andorra-unio-europea-el-proces-dacostament-del-principat-a-la-unio-europea-cap-a-un-acord-dassociacio-de-victor-pou\/","og_locale":"es_ES","og_type":"article","og_title":"Libro: \"Andorra-Uni\u00f3 Europea. El proc\u00e9s d\u2019acostament del Principat a la Uni\u00f3 Europea. Cap a un acord d\u2019associaci\u00f3, de V\u00edctor Pou - Converses a Catalunya","og_description":"llibre \"Andorra-Uni\u00f3 Europea. El proc\u00e9s d'acostament del Principat a la Uni\u00f3 Europea. Cap a un acord d'associaci\u00f3\" editat per Cr\u00e8dit Andorr\u00e0","og_url":"https:\/\/conversesacatalunya.cat\/es\/libro-andorra-unio-europea-el-proces-dacostament-del-principat-a-la-unio-europea-cap-a-un-acord-dassociacio-de-victor-pou\/","og_site_name":"Converses a Catalunya","article_published_time":"2020-10-09T08:29:55+00:00","article_modified_time":"2020-10-09T08:45:35+00:00","og_image":[{"width":253,"height":368,"url":"https:\/\/conversesacatalunya.cat\/wp-content\/uploads\/2020\/10\/Pou.png","type":"image\/png"}],"author":"conversesacatalunya","twitter_card":"summary_large_image","twitter_misc":{"Escrito por":"conversesacatalunya","Tiempo de lectura":"2 minutos"},"schema":{"@context":"https:\/\/schema.org","@graph":[{"@type":"Article","@id":"https:\/\/conversesacatalunya.cat\/es\/libro-andorra-unio-europea-el-proces-dacostament-del-principat-a-la-unio-europea-cap-a-un-acord-dassociacio-de-victor-pou\/#article","isPartOf":{"@id":"https:\/\/conversesacatalunya.cat\/es\/libro-andorra-unio-europea-el-proces-dacostament-del-principat-a-la-unio-europea-cap-a-un-acord-dassociacio-de-victor-pou\/"},"author":{"name":"conversesacatalunya","@id":"https:\/\/conversesacatalunya.cat\/#\/schema\/person\/982274792508d804a0821b413c9ac076"},"headline":"Libro: \u00abAndorra-Uni\u00f3 Europea. El proc\u00e9s d\u2019acostament del Principat a la Uni\u00f3 Europea. Cap a un acord d\u2019associaci\u00f3, de V\u00edctor Pou","datePublished":"2020-10-09T08:29:55+00:00","dateModified":"2020-10-09T08:45:35+00:00","mainEntityOfPage":{"@id":"https:\/\/conversesacatalunya.cat\/es\/libro-andorra-unio-europea-el-proces-dacostament-del-principat-a-la-unio-europea-cap-a-un-acord-dassociacio-de-victor-pou\/"},"wordCount":347,"commentCount":0,"image":{"@id":"https:\/\/conversesacatalunya.cat\/es\/libro-andorra-unio-europea-el-proces-dacostament-del-principat-a-la-unio-europea-cap-a-un-acord-dassociacio-de-victor-pou\/#primaryimage"},"thumbnailUrl":"https:\/\/conversesacatalunya.cat\/wp-content\/uploads\/2020\/10\/Pou.png","keywords":["Andorra","Andorra a la Uni\u00f3 Europea","Uni\u00f3n Europea"],"articleSection":["Projecte cultural (ES)"],"inLanguage":"es","potentialAction":[{"@type":"CommentAction","name":"Comment","target":["https:\/\/conversesacatalunya.cat\/es\/libro-andorra-unio-europea-el-proces-dacostament-del-principat-a-la-unio-europea-cap-a-un-acord-dassociacio-de-victor-pou\/#respond"]}]},{"@type":"WebPage","@id":"https:\/\/conversesacatalunya.cat\/es\/libro-andorra-unio-europea-el-proces-dacostament-del-principat-a-la-unio-europea-cap-a-un-acord-dassociacio-de-victor-pou\/","url":"https:\/\/conversesacatalunya.cat\/es\/libro-andorra-unio-europea-el-proces-dacostament-del-principat-a-la-unio-europea-cap-a-un-acord-dassociacio-de-victor-pou\/","name":"Libro: \"Andorra-Uni\u00f3 Europea. El proc\u00e9s d\u2019acostament del Principat a la Uni\u00f3 Europea. Cap a un acord d\u2019associaci\u00f3, de V\u00edctor Pou - Converses a Catalunya","isPartOf":{"@id":"https:\/\/conversesacatalunya.cat\/#website"},"primaryImageOfPage":{"@id":"https:\/\/conversesacatalunya.cat\/es\/libro-andorra-unio-europea-el-proces-dacostament-del-principat-a-la-unio-europea-cap-a-un-acord-dassociacio-de-victor-pou\/#primaryimage"},"image":{"@id":"https:\/\/conversesacatalunya.cat\/es\/libro-andorra-unio-europea-el-proces-dacostament-del-principat-a-la-unio-europea-cap-a-un-acord-dassociacio-de-victor-pou\/#primaryimage"},"thumbnailUrl":"https:\/\/conversesacatalunya.cat\/wp-content\/uploads\/2020\/10\/Pou.png","datePublished":"2020-10-09T08:29:55+00:00","dateModified":"2020-10-09T08:45:35+00:00","author":{"@id":"https:\/\/conversesacatalunya.cat\/#\/schema\/person\/982274792508d804a0821b413c9ac076"},"description":"llibre \"Andorra-Uni\u00f3 Europea. El proc\u00e9s d'acostament del Principat a la Uni\u00f3 Europea. Cap a un acord d'associaci\u00f3\" editat per Cr\u00e8dit Andorr\u00e0","breadcrumb":{"@id":"https:\/\/conversesacatalunya.cat\/es\/libro-andorra-unio-europea-el-proces-dacostament-del-principat-a-la-unio-europea-cap-a-un-acord-dassociacio-de-victor-pou\/#breadcrumb"},"inLanguage":"es","potentialAction":[{"@type":"ReadAction","target":["https:\/\/conversesacatalunya.cat\/es\/libro-andorra-unio-europea-el-proces-dacostament-del-principat-a-la-unio-europea-cap-a-un-acord-dassociacio-de-victor-pou\/"]}]},{"@type":"ImageObject","inLanguage":"es","@id":"https:\/\/conversesacatalunya.cat\/es\/libro-andorra-unio-europea-el-proces-dacostament-del-principat-a-la-unio-europea-cap-a-un-acord-dassociacio-de-victor-pou\/#primaryimage","url":"https:\/\/conversesacatalunya.cat\/wp-content\/uploads\/2020\/10\/Pou.png","contentUrl":"https:\/\/conversesacatalunya.cat\/wp-content\/uploads\/2020\/10\/Pou.png","width":253,"height":368,"caption":"Andorra Uni\u00f3 Europea"},{"@type":"BreadcrumbList","@id":"https:\/\/conversesacatalunya.cat\/es\/libro-andorra-unio-europea-el-proces-dacostament-del-principat-a-la-unio-europea-cap-a-un-acord-dassociacio-de-victor-pou\/#breadcrumb","itemListElement":[{"@type":"ListItem","position":1,"name":"Inici","item":"https:\/\/conversesacatalunya.cat\/es\/"},{"@type":"ListItem","position":2,"name":"Libro: \u00abAndorra-Uni\u00f3 Europea. El proc\u00e9s d\u2019acostament del Principat a la Uni\u00f3 Europea. Cap a un acord d\u2019associaci\u00f3, de V\u00edctor Pou"}]},{"@type":"WebSite","@id":"https:\/\/conversesacatalunya.cat\/#website","url":"https:\/\/conversesacatalunya.cat\/","name":"Converses a Catalunya","description":"","potentialAction":[{"@type":"SearchAction","target":{"@type":"EntryPoint","urlTemplate":"https:\/\/conversesacatalunya.cat\/?s={search_term_string}"},"query-input":{"@type":"PropertyValueSpecification","valueRequired":true,"valueName":"search_term_string"}}],"inLanguage":"es"},{"@type":"Person","@id":"https:\/\/conversesacatalunya.cat\/#\/schema\/person\/982274792508d804a0821b413c9ac076","name":"conversesacatalunya","image":{"@type":"ImageObject","inLanguage":"es","@id":"https:\/\/conversesacatalunya.cat\/#\/schema\/person\/image\/","url":"https:\/\/conversesacatalunya.cat\/wp-content\/litespeed\/avatar\/f04b47eeffd9637c7cf7869e217fb9ec.jpg?ver=1777370077","contentUrl":"https:\/\/conversesacatalunya.cat\/wp-content\/litespeed\/avatar\/f04b47eeffd9637c7cf7869e217fb9ec.jpg?ver=1777370077","caption":"conversesacatalunya"},"url":"https:\/\/conversesacatalunya.cat\/es\/author\/muntsa_escola\/"}]}},"wps_subtitle":"Analiza la \u00faltima fase del proceso de acercamiento del Principado de Andorra a la Uni\u00f3n Europea que debe culminar con un acuerdo de asociaci\u00f3n","_links":{"self":[{"href":"https:\/\/conversesacatalunya.cat\/es\/wp-json\/wp\/v2\/posts\/41047","targetHints":{"allow":["GET"]}}],"collection":[{"href":"https:\/\/conversesacatalunya.cat\/es\/wp-json\/wp\/v2\/posts"}],"about":[{"href":"https:\/\/conversesacatalunya.cat\/es\/wp-json\/wp\/v2\/types\/post"}],"author":[{"embeddable":true,"href":"https:\/\/conversesacatalunya.cat\/es\/wp-json\/wp\/v2\/users\/3"}],"replies":[{"embeddable":true,"href":"https:\/\/conversesacatalunya.cat\/es\/wp-json\/wp\/v2\/comments?post=41047"}],"version-history":[{"count":3,"href":"https:\/\/conversesacatalunya.cat\/es\/wp-json\/wp\/v2\/posts\/41047\/revisions"}],"predecessor-version":[{"id":41107,"href":"https:\/\/conversesacatalunya.cat\/es\/wp-json\/wp\/v2\/posts\/41047\/revisions\/41107"}],"wp:featuredmedia":[{"embeddable":true,"href":"https:\/\/conversesacatalunya.cat\/es\/wp-json\/wp\/v2\/media\/41105"}],"wp:attachment":[{"href":"https:\/\/conversesacatalunya.cat\/es\/wp-json\/wp\/v2\/media?parent=41047"}],"wp:term":[{"taxonomy":"category","embeddable":true,"href":"https:\/\/conversesacatalunya.cat\/es\/wp-json\/wp\/v2\/categories?post=41047"},{"taxonomy":"post_tag","embeddable":true,"href":"https:\/\/conversesacatalunya.cat\/es\/wp-json\/wp\/v2\/tags?post=41047"}],"curies":[{"name":"wp","href":"https:\/\/api.w.org\/{rel}","templated":true}]}}