{"id":40907,"date":"2020-10-06T14:40:55","date_gmt":"2020-10-06T12:40:55","guid":{"rendered":"https:\/\/conversesacatalunya.cat\/?p=40907"},"modified":"2020-10-07T07:25:39","modified_gmt":"2020-10-07T05:25:39","slug":"economia-espanola-hasta-el-2023-no-saldremos-del-agujero-si-todo-va-bien","status":"publish","type":"post","link":"https:\/\/conversesacatalunya.cat\/es\/economia-espanola-hasta-el-2023-no-saldremos-del-agujero-si-todo-va-bien\/","title":{"rendered":"Econom\u00eda espa\u00f1ola. Hasta el 2023 no saldremos del agujero, si todo va bien&#8230;"},"content":{"rendered":"<p>Las previsiones sobre la ca\u00edda de la actividad econ\u00f3mica y su recuperaci\u00f3n dejan muy maltrecha a <strong>Espa\u00f1a<\/strong>. Seg\u00fan los \u00faltimos datos publicados por <strong>Bloomberg<\/strong>, Espa\u00f1a es el pa\u00eds con el peor comportamiento econ\u00f3mico de toda la UE, considerando tambi\u00e9n los pa\u00edses del Este y econom\u00edas m\u00e1s fr\u00e1giles como Portugal y sobre todo Grecia. Y eso si la situaci\u00f3n no se complica m\u00e1s debido a dos factores. Uno, la dificultad para normalizar la actividad econ\u00f3mica debido a la Covid-19. El otro, un uso deficiente o lento de los fondos de recuperaci\u00f3n.<\/p>\n<p>Dejando de lado aquellas consideraciones, las previsiones actuales se\u00f1alan que en 2020 el PIB caer\u00e1 un <strong>12%,<\/strong> y este hecho no ser\u00e1 contrapesado en un grado suficiente para el incremento durante el 2021 y 2022, que agregado ser\u00e1 del <strong>10,2%. <\/strong>Por lo tanto, si esto se cumpliera, no ser\u00eda hasta bien entrado el 2023 que no llegar\u00edamos a recuperar la situaci\u00f3n de diciembre de 2019.<\/p>\n<p>La situaci\u00f3n <strong>italiana<\/strong> es ligeramente mejor. Caer\u00e1 menos, un 10,2%, pero tambi\u00e9n su recuperaci\u00f3n en los dos siguientes a\u00f1os ser\u00e1 m\u00e1s modesta, de un 8,2%.<\/p>\n<p>Dos pa\u00edses m\u00e1s, <strong>Francia y Portugal<\/strong>, pueden llegar casi a recuperarse a principios del 2023. El primer pa\u00eds caer\u00e1 un 9,9%, pero su recuperaci\u00f3n en los dos a\u00f1os siguientes ser\u00e1 de un 9,4%. Mientras que Portugal tendr\u00e1 una p\u00e9rdida este a\u00f1o de hasta el -8,7%, y un crecimiento en los dos a\u00f1os siguientes del 8,3%.<\/p>\n<p>Naturalmente, esta comparaci\u00f3n en porcentajes no expresa la referencia num\u00e9rica real, en el sentido de que los porcentajes de las ca\u00eddas act\u00faan sobre una cifra absoluta mayor que la de los porcentajes de la recuperaci\u00f3n, pero a pesar de esta deficiencia interpretativa, estas cifras van bien para explicar de manera breve y simplificada las perspectivas.<\/p>\n<p><strong>Grecia<\/strong> habr\u00eda reducido su PIB un 8,1%, y lo habr\u00eda recuperado en los dos a\u00f1os siguientes al alcanzar un 8,2% de incremento. Y <strong>Alemania<\/strong> antes de terminar el 2022 ya habr\u00eda compensado la ca\u00edda de su PIB, al menos del 5,8%, con una recuperaci\u00f3n de 7 puntos, de los cuales 4,5 corresponder\u00edan el 2021.<\/p>\n<p>Para Espa\u00f1a, una cuesti\u00f3n b\u00e1sica es la recuperaci\u00f3n del a\u00f1o que viene. Esta previsi\u00f3n lo que nos dice es que en t\u00e9rminos absolutos en 2021 recuperar\u00edamos casi el 50% de la ca\u00edda. Y ese es el primer reto que hay que superar.<\/p>\n<div id=\"polls-74\" class=\"wp-polls\">\n\t<form id=\"polls_form_74\" class=\"wp-polls-form\" action=\"\/index.php\" method=\"post\">\n\t\t<p style=\"display: none;\"><input type=\"hidden\" id=\"poll_74_nonce\" name=\"wp-polls-nonce\" value=\"1c3b4bc018\" \/><\/p>\n\t\t<p style=\"display: none;\"><input type=\"hidden\" name=\"poll_id\" value=\"74\" \/><\/p>\n\t\t<p style=\"text-align: center\"><strong>El divendres, 9 d'octubre, el rei Felip VI estar\u00e0 a Barcelona. Est\u00e0s d'acord que el rei vingui a Catalunya?<\/strong><\/p><div id=\"polls-74-ans\" class=\"wp-polls-ans\"><ul class=\"wp-polls-ul\">\n\t\t<li><input type=\"radio\" id=\"poll-answer-162\" name=\"poll_74\" value=\"162\" \/> <label for=\"poll-answer-162\">Si<\/label><\/li>\n\t\t<li><input type=\"radio\" id=\"poll-answer-163\" name=\"poll_74\" value=\"163\" \/> <label for=\"poll-answer-163\">No<\/label><\/li>\n\t\t<\/ul><p style=\"text-align: center\"><input type=\"button\" name=\"vote\" value=\"   Vota   \" class=\"Buttons\" onclick=\"poll_vote(74);\" \/><\/p><p style=\"text-align: center\"><a href=\"#ViewPollResults\" onclick=\"poll_result(74); return false;\" title=\"View Results Of This Poll\">Mira els resultats<\/a><\/p><\/div>\n\t<\/form>\n<\/div>\n<div id=\"polls-74-loading\" class=\"wp-polls-loading\"><img decoding=\"async\" data-src=\"https:\/\/conversesacatalunya.cat\/wp-content\/plugins\/wp-polls\/images\/loading.gif\" width=\"16\" height=\"16\" alt=\"Cargando ...\" title=\"Cargando ...\" class=\"wp-polls-image lazyload\" src=\"data:image\/svg+xml;base64,PHN2ZyB3aWR0aD0iMSIgaGVpZ2h0PSIxIiB4bWxucz0iaHR0cDovL3d3dy53My5vcmcvMjAwMC9zdmciPjwvc3ZnPg==\" style=\"--smush-placeholder-width: 16px; --smush-placeholder-aspect-ratio: 16\/16;\" \/>&nbsp;Cargando ...<\/div>\n\n","protected":false},"excerpt":{"rendered":"<p>Las previsiones sobre la ca\u00edda de la actividad econ\u00f3mica y su recuperaci\u00f3n dejan muy maltrecha a Espa\u00f1a. Seg\u00fan los \u00faltimos datos publicados por Bloomberg, Espa\u00f1a es el pa\u00eds con el peor comportamiento econ\u00f3mico de toda la UE, considerando tambi\u00e9n los pa\u00edses del Este y econom\u00edas m\u00e1s fr\u00e1giles como Portugal y sobre todo Grecia. Y eso si la situaci\u00f3n no se complica m\u00e1s debido a dos factores. Uno, la dificultad para normalizar la actividad econ\u00f3mica debido a la Covid-19. El otro, un uso deficiente o lento de los fondos de recuperaci\u00f3n. Dejando de lado aquellas consideraciones, las previsiones actuales se\u00f1alan que en 2020 el PIB caer\u00e1 un 12%, y este hecho no ser\u00e1 contrapesado en un grado suficiente para el incremento durante el 2021 y 2022, que agregado ser\u00e1 del 10,2%. Por lo tanto, si esto se cumpliera, no ser\u00eda hasta bien entrado el 2023 que no llegar\u00edamos a recuperar la situaci\u00f3n de diciembre de 2019. La situaci\u00f3n italiana es ligeramente mejor. Caer\u00e1 menos, un 10,2%, pero tambi\u00e9n su recuperaci\u00f3n en los dos siguientes a\u00f1os ser\u00e1 m\u00e1s modesta, de un 8,2%. Dos pa\u00edses m\u00e1s, Francia y Portugal, pueden llegar casi a recuperarse a principios del 2023. El primer pa\u00eds caer\u00e1 un 9,9%, pero su recuperaci\u00f3n en los dos a\u00f1os siguientes ser\u00e1 de un 9,4%. Mientras que Portugal tendr\u00e1 una p\u00e9rdida este a\u00f1o de hasta el -8,7%, y un crecimiento en los dos a\u00f1os siguientes del 8,3%. Naturalmente, esta comparaci\u00f3n en porcentajes no expresa la referencia num\u00e9rica real, en el sentido de que los porcentajes de las ca\u00eddas act\u00faan sobre una cifra absoluta mayor que la de los porcentajes de la recuperaci\u00f3n, pero a pesar de esta deficiencia interpretativa, estas cifras van bien para explicar de manera breve y simplificada las perspectivas. Grecia habr\u00eda reducido su PIB un 8,1%, y lo habr\u00eda recuperado en los dos a\u00f1os siguientes al alcanzar un 8,2% de incremento. Y Alemania antes de terminar el 2022 ya habr\u00eda compensado la ca\u00edda de su PIB, al menos del 5,8%, con una recuperaci\u00f3n de 7 puntos, de los cuales 4,5 corresponder\u00edan el 2021. Para Espa\u00f1a, una cuesti\u00f3n b\u00e1sica es la recuperaci\u00f3n del a\u00f1o que viene. Esta previsi\u00f3n lo que nos dice es que en t\u00e9rminos absolutos en 2021 recuperar\u00edamos casi el 50% de la ca\u00edda. Y ese es el primer reto que hay que superar.<\/p>\n","protected":false},"author":2,"featured_media":40908,"comment_status":"open","ping_status":"open","sticky":false,"template":"","format":"standard","meta":{"_FSMCFIC_featured_image_caption":"","_FSMCFIC_featured_image_nocaption":"","_FSMCFIC_featured_image_hide":"","footnotes":""},"categories":[806],"tags":[1504,3006],"class_list":["post-40907","post","type-post","status-publish","format-standard","has-post-thumbnail","hentry","category-punts-claus-del-dia-es","tag-coronavirus-es","tag-crisis-coronavirus"],"yoast_head":"<!-- This site is optimized with the Yoast SEO plugin v26.8 - https:\/\/yoast.com\/product\/yoast-seo-wordpress\/ -->\n<title>Econom\u00eda espa\u00f1ola. Hasta el 2023 no saldremos del agujero, si todo va bien... - Converses a Catalunya<\/title>\n<meta name=\"robots\" content=\"index, follow, max-snippet:-1, max-image-preview:large, max-video-preview:-1\" \/>\n<link rel=\"canonical\" href=\"https:\/\/conversesacatalunya.cat\/es\/economia-espanola-hasta-el-2023-no-saldremos-del-agujero-si-todo-va-bien\/\" \/>\n<meta property=\"og:locale\" content=\"es_ES\" \/>\n<meta property=\"og:type\" content=\"article\" \/>\n<meta property=\"og:title\" content=\"Econom\u00eda espa\u00f1ola. Hasta el 2023 no saldremos del agujero, si todo va bien... - Converses a Catalunya\" \/>\n<meta property=\"og:description\" content=\"Las previsiones sobre la ca\u00edda de la actividad econ\u00f3mica y su recuperaci\u00f3n dejan muy maltrecha a Espa\u00f1a. Seg\u00fan los \u00faltimos datos publicados por Bloomberg, Espa\u00f1a es el pa\u00eds con el peor comportamiento econ\u00f3mico de toda la UE, considerando tambi\u00e9n los pa\u00edses del Este y econom\u00edas m\u00e1s fr\u00e1giles como Portugal y sobre todo Grecia. Y eso si la situaci\u00f3n no se complica m\u00e1s debido a dos factores. Uno, la dificultad para normalizar la actividad econ\u00f3mica debido a la Covid-19. El otro, un uso deficiente o lento de los fondos de recuperaci\u00f3n. Dejando de lado aquellas consideraciones, las previsiones actuales se\u00f1alan que en 2020 el PIB caer\u00e1 un 12%, y este hecho no ser\u00e1 contrapesado en un grado suficiente para el incremento durante el 2021 y 2022, que agregado ser\u00e1 del 10,2%. Por lo tanto, si esto se cumpliera, no ser\u00eda hasta bien entrado el 2023 que no llegar\u00edamos a recuperar la situaci\u00f3n de diciembre de 2019. La situaci\u00f3n italiana es ligeramente mejor. Caer\u00e1 menos, un 10,2%, pero tambi\u00e9n su recuperaci\u00f3n en los dos siguientes a\u00f1os ser\u00e1 m\u00e1s modesta, de un 8,2%. Dos pa\u00edses m\u00e1s, Francia y Portugal, pueden llegar casi a recuperarse a principios del 2023. El primer pa\u00eds caer\u00e1 un 9,9%, pero su recuperaci\u00f3n en los dos a\u00f1os siguientes ser\u00e1 de un 9,4%. Mientras que Portugal tendr\u00e1 una p\u00e9rdida este a\u00f1o de hasta el -8,7%, y un crecimiento en los dos a\u00f1os siguientes del 8,3%. Naturalmente, esta comparaci\u00f3n en porcentajes no expresa la referencia num\u00e9rica real, en el sentido de que los porcentajes de las ca\u00eddas act\u00faan sobre una cifra absoluta mayor que la de los porcentajes de la recuperaci\u00f3n, pero a pesar de esta deficiencia interpretativa, estas cifras van bien para explicar de manera breve y simplificada las perspectivas. Grecia habr\u00eda reducido su PIB un 8,1%, y lo habr\u00eda recuperado en los dos a\u00f1os siguientes al alcanzar un 8,2% de incremento. Y Alemania antes de terminar el 2022 ya habr\u00eda compensado la ca\u00edda de su PIB, al menos del 5,8%, con una recuperaci\u00f3n de 7 puntos, de los cuales 4,5 corresponder\u00edan el 2021. Para Espa\u00f1a, una cuesti\u00f3n b\u00e1sica es la recuperaci\u00f3n del a\u00f1o que viene. Esta previsi\u00f3n lo que nos dice es que en t\u00e9rminos absolutos en 2021 recuperar\u00edamos casi el 50% de la ca\u00edda. Y ese es el primer reto que hay que superar.\" \/>\n<meta property=\"og:url\" content=\"https:\/\/conversesacatalunya.cat\/es\/economia-espanola-hasta-el-2023-no-saldremos-del-agujero-si-todo-va-bien\/\" \/>\n<meta property=\"og:site_name\" content=\"Converses a Catalunya\" \/>\n<meta property=\"article:published_time\" content=\"2020-10-06T12:40:55+00:00\" \/>\n<meta property=\"article:modified_time\" content=\"2020-10-07T05:25:39+00:00\" \/>\n<meta property=\"og:image\" content=\"https:\/\/conversesacatalunya.cat\/wp-content\/uploads\/2020\/10\/pib.jpg\" \/>\n\t<meta property=\"og:image:width\" content=\"489\" \/>\n\t<meta property=\"og:image:height\" content=\"267\" \/>\n\t<meta property=\"og:image:type\" content=\"image\/jpeg\" \/>\n<meta name=\"author\" content=\"conversesacatalunya\" \/>\n<meta name=\"twitter:card\" content=\"summary_large_image\" \/>\n<meta name=\"twitter:label1\" content=\"Escrito por\" \/>\n\t<meta name=\"twitter:data1\" content=\"conversesacatalunya\" \/>\n\t<meta name=\"twitter:label2\" content=\"Tiempo de lectura\" \/>\n\t<meta name=\"twitter:data2\" content=\"2 minutos\" \/>\n<script type=\"application\/ld+json\" class=\"yoast-schema-graph\">{\"@context\":\"https:\/\/schema.org\",\"@graph\":[{\"@type\":\"Article\",\"@id\":\"https:\/\/conversesacatalunya.cat\/es\/economia-espanola-hasta-el-2023-no-saldremos-del-agujero-si-todo-va-bien\/#article\",\"isPartOf\":{\"@id\":\"https:\/\/conversesacatalunya.cat\/es\/economia-espanola-hasta-el-2023-no-saldremos-del-agujero-si-todo-va-bien\/\"},\"author\":{\"name\":\"conversesacatalunya\",\"@id\":\"https:\/\/conversesacatalunya.cat\/#\/schema\/person\/7e24d1e54a2785373ddcb275eae5ed99\"},\"headline\":\"Econom\u00eda espa\u00f1ola. Hasta el 2023 no saldremos del agujero, si todo va bien&#8230;\",\"datePublished\":\"2020-10-06T12:40:55+00:00\",\"dateModified\":\"2020-10-07T05:25:39+00:00\",\"mainEntityOfPage\":{\"@id\":\"https:\/\/conversesacatalunya.cat\/es\/economia-espanola-hasta-el-2023-no-saldremos-del-agujero-si-todo-va-bien\/\"},\"wordCount\":435,\"commentCount\":0,\"image\":{\"@id\":\"https:\/\/conversesacatalunya.cat\/es\/economia-espanola-hasta-el-2023-no-saldremos-del-agujero-si-todo-va-bien\/#primaryimage\"},\"thumbnailUrl\":\"https:\/\/conversesacatalunya.cat\/wp-content\/uploads\/2020\/10\/pib.jpg\",\"keywords\":[\"coronavirus\",\"crisis coronavirus\"],\"articleSection\":[\"Punts clau del dia (ES)\"],\"inLanguage\":\"es\",\"potentialAction\":[{\"@type\":\"CommentAction\",\"name\":\"Comment\",\"target\":[\"https:\/\/conversesacatalunya.cat\/es\/economia-espanola-hasta-el-2023-no-saldremos-del-agujero-si-todo-va-bien\/#respond\"]}]},{\"@type\":\"WebPage\",\"@id\":\"https:\/\/conversesacatalunya.cat\/es\/economia-espanola-hasta-el-2023-no-saldremos-del-agujero-si-todo-va-bien\/\",\"url\":\"https:\/\/conversesacatalunya.cat\/es\/economia-espanola-hasta-el-2023-no-saldremos-del-agujero-si-todo-va-bien\/\",\"name\":\"Econom\u00eda espa\u00f1ola. Hasta el 2023 no saldremos del agujero, si todo va bien... - Converses a Catalunya\",\"isPartOf\":{\"@id\":\"https:\/\/conversesacatalunya.cat\/#website\"},\"primaryImageOfPage\":{\"@id\":\"https:\/\/conversesacatalunya.cat\/es\/economia-espanola-hasta-el-2023-no-saldremos-del-agujero-si-todo-va-bien\/#primaryimage\"},\"image\":{\"@id\":\"https:\/\/conversesacatalunya.cat\/es\/economia-espanola-hasta-el-2023-no-saldremos-del-agujero-si-todo-va-bien\/#primaryimage\"},\"thumbnailUrl\":\"https:\/\/conversesacatalunya.cat\/wp-content\/uploads\/2020\/10\/pib.jpg\",\"datePublished\":\"2020-10-06T12:40:55+00:00\",\"dateModified\":\"2020-10-07T05:25:39+00:00\",\"author\":{\"@id\":\"https:\/\/conversesacatalunya.cat\/#\/schema\/person\/7e24d1e54a2785373ddcb275eae5ed99\"},\"breadcrumb\":{\"@id\":\"https:\/\/conversesacatalunya.cat\/es\/economia-espanola-hasta-el-2023-no-saldremos-del-agujero-si-todo-va-bien\/#breadcrumb\"},\"inLanguage\":\"es\",\"potentialAction\":[{\"@type\":\"ReadAction\",\"target\":[\"https:\/\/conversesacatalunya.cat\/es\/economia-espanola-hasta-el-2023-no-saldremos-del-agujero-si-todo-va-bien\/\"]}]},{\"@type\":\"ImageObject\",\"inLanguage\":\"es\",\"@id\":\"https:\/\/conversesacatalunya.cat\/es\/economia-espanola-hasta-el-2023-no-saldremos-del-agujero-si-todo-va-bien\/#primaryimage\",\"url\":\"https:\/\/conversesacatalunya.cat\/wp-content\/uploads\/2020\/10\/pib.jpg\",\"contentUrl\":\"https:\/\/conversesacatalunya.cat\/wp-content\/uploads\/2020\/10\/pib.jpg\",\"width\":489,\"height\":267,\"caption\":\"economia espanyola\"},{\"@type\":\"BreadcrumbList\",\"@id\":\"https:\/\/conversesacatalunya.cat\/es\/economia-espanola-hasta-el-2023-no-saldremos-del-agujero-si-todo-va-bien\/#breadcrumb\",\"itemListElement\":[{\"@type\":\"ListItem\",\"position\":1,\"name\":\"Inici\",\"item\":\"https:\/\/conversesacatalunya.cat\/es\/\"},{\"@type\":\"ListItem\",\"position\":2,\"name\":\"Econom\u00eda espa\u00f1ola. Hasta el 2023 no saldremos del agujero, si todo va bien&#8230;\"}]},{\"@type\":\"WebSite\",\"@id\":\"https:\/\/conversesacatalunya.cat\/#website\",\"url\":\"https:\/\/conversesacatalunya.cat\/\",\"name\":\"Converses a Catalunya\",\"description\":\"\",\"potentialAction\":[{\"@type\":\"SearchAction\",\"target\":{\"@type\":\"EntryPoint\",\"urlTemplate\":\"https:\/\/conversesacatalunya.cat\/?s={search_term_string}\"},\"query-input\":{\"@type\":\"PropertyValueSpecification\",\"valueRequired\":true,\"valueName\":\"search_term_string\"}}],\"inLanguage\":\"es\"},{\"@type\":\"Person\",\"@id\":\"https:\/\/conversesacatalunya.cat\/#\/schema\/person\/7e24d1e54a2785373ddcb275eae5ed99\",\"name\":\"conversesacatalunya\",\"image\":{\"@type\":\"ImageObject\",\"inLanguage\":\"es\",\"@id\":\"https:\/\/conversesacatalunya.cat\/#\/schema\/person\/image\/\",\"url\":\"https:\/\/conversesacatalunya.cat\/wp-content\/litespeed\/avatar\/febdfeeec89d950f01c748045a981dd2.jpg?ver=1777314535\",\"contentUrl\":\"https:\/\/conversesacatalunya.cat\/wp-content\/litespeed\/avatar\/febdfeeec89d950f01c748045a981dd2.jpg?ver=1777314535\",\"caption\":\"conversesacatalunya\"},\"url\":\"https:\/\/conversesacatalunya.cat\/es\/author\/carme_catala\/\"}]}<\/script>\n<!-- \/ Yoast SEO plugin. -->","yoast_head_json":{"title":"Econom\u00eda espa\u00f1ola. Hasta el 2023 no saldremos del agujero, si todo va bien... - Converses a Catalunya","robots":{"index":"index","follow":"follow","max-snippet":"max-snippet:-1","max-image-preview":"max-image-preview:large","max-video-preview":"max-video-preview:-1"},"canonical":"https:\/\/conversesacatalunya.cat\/es\/economia-espanola-hasta-el-2023-no-saldremos-del-agujero-si-todo-va-bien\/","og_locale":"es_ES","og_type":"article","og_title":"Econom\u00eda espa\u00f1ola. Hasta el 2023 no saldremos del agujero, si todo va bien... - Converses a Catalunya","og_description":"Las previsiones sobre la ca\u00edda de la actividad econ\u00f3mica y su recuperaci\u00f3n dejan muy maltrecha a Espa\u00f1a. Seg\u00fan los \u00faltimos datos publicados por Bloomberg, Espa\u00f1a es el pa\u00eds con el peor comportamiento econ\u00f3mico de toda la UE, considerando tambi\u00e9n los pa\u00edses del Este y econom\u00edas m\u00e1s fr\u00e1giles como Portugal y sobre todo Grecia. Y eso si la situaci\u00f3n no se complica m\u00e1s debido a dos factores. Uno, la dificultad para normalizar la actividad econ\u00f3mica debido a la Covid-19. El otro, un uso deficiente o lento de los fondos de recuperaci\u00f3n. Dejando de lado aquellas consideraciones, las previsiones actuales se\u00f1alan que en 2020 el PIB caer\u00e1 un 12%, y este hecho no ser\u00e1 contrapesado en un grado suficiente para el incremento durante el 2021 y 2022, que agregado ser\u00e1 del 10,2%. Por lo tanto, si esto se cumpliera, no ser\u00eda hasta bien entrado el 2023 que no llegar\u00edamos a recuperar la situaci\u00f3n de diciembre de 2019. La situaci\u00f3n italiana es ligeramente mejor. Caer\u00e1 menos, un 10,2%, pero tambi\u00e9n su recuperaci\u00f3n en los dos siguientes a\u00f1os ser\u00e1 m\u00e1s modesta, de un 8,2%. Dos pa\u00edses m\u00e1s, Francia y Portugal, pueden llegar casi a recuperarse a principios del 2023. El primer pa\u00eds caer\u00e1 un 9,9%, pero su recuperaci\u00f3n en los dos a\u00f1os siguientes ser\u00e1 de un 9,4%. Mientras que Portugal tendr\u00e1 una p\u00e9rdida este a\u00f1o de hasta el -8,7%, y un crecimiento en los dos a\u00f1os siguientes del 8,3%. Naturalmente, esta comparaci\u00f3n en porcentajes no expresa la referencia num\u00e9rica real, en el sentido de que los porcentajes de las ca\u00eddas act\u00faan sobre una cifra absoluta mayor que la de los porcentajes de la recuperaci\u00f3n, pero a pesar de esta deficiencia interpretativa, estas cifras van bien para explicar de manera breve y simplificada las perspectivas. Grecia habr\u00eda reducido su PIB un 8,1%, y lo habr\u00eda recuperado en los dos a\u00f1os siguientes al alcanzar un 8,2% de incremento. Y Alemania antes de terminar el 2022 ya habr\u00eda compensado la ca\u00edda de su PIB, al menos del 5,8%, con una recuperaci\u00f3n de 7 puntos, de los cuales 4,5 corresponder\u00edan el 2021. Para Espa\u00f1a, una cuesti\u00f3n b\u00e1sica es la recuperaci\u00f3n del a\u00f1o que viene. Esta previsi\u00f3n lo que nos dice es que en t\u00e9rminos absolutos en 2021 recuperar\u00edamos casi el 50% de la ca\u00edda. Y ese es el primer reto que hay que superar.","og_url":"https:\/\/conversesacatalunya.cat\/es\/economia-espanola-hasta-el-2023-no-saldremos-del-agujero-si-todo-va-bien\/","og_site_name":"Converses a Catalunya","article_published_time":"2020-10-06T12:40:55+00:00","article_modified_time":"2020-10-07T05:25:39+00:00","og_image":[{"width":489,"height":267,"url":"https:\/\/conversesacatalunya.cat\/wp-content\/uploads\/2020\/10\/pib.jpg","type":"image\/jpeg"}],"author":"conversesacatalunya","twitter_card":"summary_large_image","twitter_misc":{"Escrito por":"conversesacatalunya","Tiempo de lectura":"2 minutos"},"schema":{"@context":"https:\/\/schema.org","@graph":[{"@type":"Article","@id":"https:\/\/conversesacatalunya.cat\/es\/economia-espanola-hasta-el-2023-no-saldremos-del-agujero-si-todo-va-bien\/#article","isPartOf":{"@id":"https:\/\/conversesacatalunya.cat\/es\/economia-espanola-hasta-el-2023-no-saldremos-del-agujero-si-todo-va-bien\/"},"author":{"name":"conversesacatalunya","@id":"https:\/\/conversesacatalunya.cat\/#\/schema\/person\/7e24d1e54a2785373ddcb275eae5ed99"},"headline":"Econom\u00eda espa\u00f1ola. Hasta el 2023 no saldremos del agujero, si todo va bien&#8230;","datePublished":"2020-10-06T12:40:55+00:00","dateModified":"2020-10-07T05:25:39+00:00","mainEntityOfPage":{"@id":"https:\/\/conversesacatalunya.cat\/es\/economia-espanola-hasta-el-2023-no-saldremos-del-agujero-si-todo-va-bien\/"},"wordCount":435,"commentCount":0,"image":{"@id":"https:\/\/conversesacatalunya.cat\/es\/economia-espanola-hasta-el-2023-no-saldremos-del-agujero-si-todo-va-bien\/#primaryimage"},"thumbnailUrl":"https:\/\/conversesacatalunya.cat\/wp-content\/uploads\/2020\/10\/pib.jpg","keywords":["coronavirus","crisis coronavirus"],"articleSection":["Punts clau del dia (ES)"],"inLanguage":"es","potentialAction":[{"@type":"CommentAction","name":"Comment","target":["https:\/\/conversesacatalunya.cat\/es\/economia-espanola-hasta-el-2023-no-saldremos-del-agujero-si-todo-va-bien\/#respond"]}]},{"@type":"WebPage","@id":"https:\/\/conversesacatalunya.cat\/es\/economia-espanola-hasta-el-2023-no-saldremos-del-agujero-si-todo-va-bien\/","url":"https:\/\/conversesacatalunya.cat\/es\/economia-espanola-hasta-el-2023-no-saldremos-del-agujero-si-todo-va-bien\/","name":"Econom\u00eda espa\u00f1ola. Hasta el 2023 no saldremos del agujero, si todo va bien... - Converses a Catalunya","isPartOf":{"@id":"https:\/\/conversesacatalunya.cat\/#website"},"primaryImageOfPage":{"@id":"https:\/\/conversesacatalunya.cat\/es\/economia-espanola-hasta-el-2023-no-saldremos-del-agujero-si-todo-va-bien\/#primaryimage"},"image":{"@id":"https:\/\/conversesacatalunya.cat\/es\/economia-espanola-hasta-el-2023-no-saldremos-del-agujero-si-todo-va-bien\/#primaryimage"},"thumbnailUrl":"https:\/\/conversesacatalunya.cat\/wp-content\/uploads\/2020\/10\/pib.jpg","datePublished":"2020-10-06T12:40:55+00:00","dateModified":"2020-10-07T05:25:39+00:00","author":{"@id":"https:\/\/conversesacatalunya.cat\/#\/schema\/person\/7e24d1e54a2785373ddcb275eae5ed99"},"breadcrumb":{"@id":"https:\/\/conversesacatalunya.cat\/es\/economia-espanola-hasta-el-2023-no-saldremos-del-agujero-si-todo-va-bien\/#breadcrumb"},"inLanguage":"es","potentialAction":[{"@type":"ReadAction","target":["https:\/\/conversesacatalunya.cat\/es\/economia-espanola-hasta-el-2023-no-saldremos-del-agujero-si-todo-va-bien\/"]}]},{"@type":"ImageObject","inLanguage":"es","@id":"https:\/\/conversesacatalunya.cat\/es\/economia-espanola-hasta-el-2023-no-saldremos-del-agujero-si-todo-va-bien\/#primaryimage","url":"https:\/\/conversesacatalunya.cat\/wp-content\/uploads\/2020\/10\/pib.jpg","contentUrl":"https:\/\/conversesacatalunya.cat\/wp-content\/uploads\/2020\/10\/pib.jpg","width":489,"height":267,"caption":"economia espanyola"},{"@type":"BreadcrumbList","@id":"https:\/\/conversesacatalunya.cat\/es\/economia-espanola-hasta-el-2023-no-saldremos-del-agujero-si-todo-va-bien\/#breadcrumb","itemListElement":[{"@type":"ListItem","position":1,"name":"Inici","item":"https:\/\/conversesacatalunya.cat\/es\/"},{"@type":"ListItem","position":2,"name":"Econom\u00eda espa\u00f1ola. Hasta el 2023 no saldremos del agujero, si todo va bien&#8230;"}]},{"@type":"WebSite","@id":"https:\/\/conversesacatalunya.cat\/#website","url":"https:\/\/conversesacatalunya.cat\/","name":"Converses a Catalunya","description":"","potentialAction":[{"@type":"SearchAction","target":{"@type":"EntryPoint","urlTemplate":"https:\/\/conversesacatalunya.cat\/?s={search_term_string}"},"query-input":{"@type":"PropertyValueSpecification","valueRequired":true,"valueName":"search_term_string"}}],"inLanguage":"es"},{"@type":"Person","@id":"https:\/\/conversesacatalunya.cat\/#\/schema\/person\/7e24d1e54a2785373ddcb275eae5ed99","name":"conversesacatalunya","image":{"@type":"ImageObject","inLanguage":"es","@id":"https:\/\/conversesacatalunya.cat\/#\/schema\/person\/image\/","url":"https:\/\/conversesacatalunya.cat\/wp-content\/litespeed\/avatar\/febdfeeec89d950f01c748045a981dd2.jpg?ver=1777314535","contentUrl":"https:\/\/conversesacatalunya.cat\/wp-content\/litespeed\/avatar\/febdfeeec89d950f01c748045a981dd2.jpg?ver=1777314535","caption":"conversesacatalunya"},"url":"https:\/\/conversesacatalunya.cat\/es\/author\/carme_catala\/"}]}},"wps_subtitle":"","_links":{"self":[{"href":"https:\/\/conversesacatalunya.cat\/es\/wp-json\/wp\/v2\/posts\/40907","targetHints":{"allow":["GET"]}}],"collection":[{"href":"https:\/\/conversesacatalunya.cat\/es\/wp-json\/wp\/v2\/posts"}],"about":[{"href":"https:\/\/conversesacatalunya.cat\/es\/wp-json\/wp\/v2\/types\/post"}],"author":[{"embeddable":true,"href":"https:\/\/conversesacatalunya.cat\/es\/wp-json\/wp\/v2\/users\/2"}],"replies":[{"embeddable":true,"href":"https:\/\/conversesacatalunya.cat\/es\/wp-json\/wp\/v2\/comments?post=40907"}],"version-history":[{"count":6,"href":"https:\/\/conversesacatalunya.cat\/es\/wp-json\/wp\/v2\/posts\/40907\/revisions"}],"predecessor-version":[{"id":40924,"href":"https:\/\/conversesacatalunya.cat\/es\/wp-json\/wp\/v2\/posts\/40907\/revisions\/40924"}],"wp:featuredmedia":[{"embeddable":true,"href":"https:\/\/conversesacatalunya.cat\/es\/wp-json\/wp\/v2\/media\/40908"}],"wp:attachment":[{"href":"https:\/\/conversesacatalunya.cat\/es\/wp-json\/wp\/v2\/media?parent=40907"}],"wp:term":[{"taxonomy":"category","embeddable":true,"href":"https:\/\/conversesacatalunya.cat\/es\/wp-json\/wp\/v2\/categories?post=40907"},{"taxonomy":"post_tag","embeddable":true,"href":"https:\/\/conversesacatalunya.cat\/es\/wp-json\/wp\/v2\/tags?post=40907"}],"curies":[{"name":"wp","href":"https:\/\/api.w.org\/{rel}","templated":true}]}}