{"id":40903,"date":"2020-10-06T13:55:25","date_gmt":"2020-10-06T11:55:25","guid":{"rendered":"https:\/\/conversesacatalunya.cat\/atencio-a-erc-i-a-labstencio\/"},"modified":"2020-10-06T14:32:08","modified_gmt":"2020-10-06T12:32:08","slug":"atencion-a-erc-y-a-la-abstencion","status":"publish","type":"post","link":"https:\/\/conversesacatalunya.cat\/es\/atencion-a-erc-y-a-la-abstencion\/","title":{"rendered":"Atenci\u00f3n a ERC y a la abstenci\u00f3n"},"content":{"rendered":"<p>A estas alturas parece claro que las elecciones catalanas, previsiblemente en febrero, tendr\u00e1n una <strong>abstenci\u00f3n importante<\/strong> porque una parte del electorado no independentista se desmovilizar\u00e1. Es posible que tambi\u00e9n lo haga el partidario de la independencia, pero parece que en una medida muy inferior. Profundizar sobre las causas de esta abstenci\u00f3n es plantearse una <strong>cuesti\u00f3n pol\u00edtica de primera magnitud<\/strong> y no solo por el hecho de independencia s\u00ed, independencia no, sino porque est\u00e1n en juego otros factores muy importantes como el desencanto con la pol\u00edtica o no encontrar la opci\u00f3n pol\u00edtica que la gente considere que le representa m\u00ednimamente. Esta es la raz\u00f3n por la que el <strong><a href=\"https:\/\/conversesacatalunya.cat\/es\/quieres-participar-en-el-ii-encuentro-de-independientes-y-el-primero-audiovisual\/\" target=\"_blank\" rel=\"noopener noreferrer\">II Encuentro de Independientes<\/a>, que se celebrar\u00e1 el 11 de noviembre,<\/strong> se centrar\u00e1 en los posibles escenarios y repercusiones.<\/p>\n<p>Si este factor abstencionista no se le estropea, <strong>ERC<\/strong> tiene en esta ocasi\u00f3n todos los ingredientes para convertirse en la primera fuerza, dejando en un segundo carril a Puigdemont. La raz\u00f3n de esta expectativa es que su electorado est\u00e1 mucho m\u00e1s diversificado. Mientras que JxCat obtiene sus votos b\u00e1sicamente del electorado que se declara s\u00f3lo catal\u00e1n o m\u00e1s catal\u00e1n que espa\u00f1ol, ERC obtiene votos adem\u00e1s de otros segmentos. Es fuerte en el lado de m\u00e1s catal\u00e1n que espa\u00f1ol, porque obtiene un 44%, y un 35,6% de los que se declaran s\u00f3lo catalanes. Pero ya en las elecciones del 21 de diciembre de 2017, <strong>ERC obtuvo el 18,6%<\/strong> de los votantes que se consideraban tanto espa\u00f1oles como catalanes, y ahora se mueve entre cifras que van entre el 16 y el 19%. Hay que decir, sin embargo, que la posible fijaci\u00f3n de una parte de este electorado tambi\u00e9n le comporta algunas reducciones en el que se considera m\u00e1s catal\u00e1n que espa\u00f1ol.<\/p>\n<p>Por lo tanto, la victoria de ERC juega con su capacidad, por un lado, de mantener o mejorar su porcentaje de voto en los que son tanto una cosa como la otra, y no reducir m\u00e1s su participaci\u00f3n en el electorado que se contempla como m\u00e1s catal\u00e1n que espa\u00f1ol. Este hecho explica la estrategia electoral de Junqueras, que podr\u00edamos calificar de \u00ablas dos manos\u00bb, que implica sin duda una notable capacidad para modular y equilibrar continuamente su mensaje. Y tambi\u00e9n sirve para explicar la frontalidad de JxCat que sabe que <strong>le basta con ganarle terreno<\/strong> entre el voto de los que se consideran m\u00e1s catalanes que espa\u00f1oles para desbancar a ERC. De hecho, los papeles est\u00e1n repartidos en funci\u00f3n de sus perspectivas electorales.<\/p>\n<p>Desde este punto de vista, y para efectuar una previsi\u00f3n coherente con \u00e9l, podr\u00edamos decir que el candidato <strong>Dami\u00e0 Calvet<\/strong> no tiene posibilidades de imponerse a Laura Borr\u00e0s porque esta \u00faltima representa mucho mejor cu\u00e1l es el p\u00fablico objetivo que busca JxCat. A pesar de que este mismo perfil tambi\u00e9n lo dan otras posibles opciones como <strong>Jordi Puigner\u00f3 o Elsa Artadi.<\/strong><\/p>\n<span class='bctt-click-to-tweet'><span class='bctt-ctt-text'><a href='https:\/\/twitter.com\/intent\/tweet?url=https%3A%2F%2Fconversesacatalunya.cat%2Fes%2Fatencion-a-erc-y-a-la-abstencion%2F&#038;text=Las%20elecciones%20catalanas%2C%20previsiblemente%20en%20febrero%2C%20tendr%C3%A1n%20una%20abstenci%C3%B3n%20importante%20porque%20una%20parte%20del%20electorado%20no%20independentista%20se%20desmovilizar%C3%A1&#038;via=conversesacat&#038;related=conversesacat' target='_blank'rel=\"noopener noreferrer\">Las elecciones catalanas, previsiblemente en febrero, tendr\u00e1n una abstenci\u00f3n importante porque una parte del electorado no independentista se desmovilizar\u00e1 <\/a><\/span><a href='https:\/\/twitter.com\/intent\/tweet?url=https%3A%2F%2Fconversesacatalunya.cat%2Fes%2Fatencion-a-erc-y-a-la-abstencion%2F&#038;text=Las%20elecciones%20catalanas%2C%20previsiblemente%20en%20febrero%2C%20tendr%C3%A1n%20una%20abstenci%C3%B3n%20importante%20porque%20una%20parte%20del%20electorado%20no%20independentista%20se%20desmovilizar%C3%A1&#038;via=conversesacat&#038;related=conversesacat' target='_blank' class='bctt-ctt-btn'rel=\"noopener noreferrer\">Compartir en X<\/a><\/span>\n<div id=\"polls-74\" class=\"wp-polls\">\n\t<form id=\"polls_form_74\" class=\"wp-polls-form\" action=\"\/index.php\" method=\"post\">\n\t\t<p style=\"display: none;\"><input type=\"hidden\" id=\"poll_74_nonce\" name=\"wp-polls-nonce\" value=\"408283aa98\" \/><\/p>\n\t\t<p style=\"display: none;\"><input type=\"hidden\" name=\"poll_id\" value=\"74\" \/><\/p>\n\t\t<p style=\"text-align: center\"><strong>El divendres, 9 d'octubre, el rei Felip VI estar\u00e0 a Barcelona. Est\u00e0s d'acord que el rei vingui a Catalunya?<\/strong><\/p><div id=\"polls-74-ans\" class=\"wp-polls-ans\"><ul class=\"wp-polls-ul\">\n\t\t<li><input type=\"radio\" id=\"poll-answer-162\" name=\"poll_74\" value=\"162\" \/> <label for=\"poll-answer-162\">Si<\/label><\/li>\n\t\t<li><input type=\"radio\" id=\"poll-answer-163\" name=\"poll_74\" value=\"163\" \/> <label for=\"poll-answer-163\">No<\/label><\/li>\n\t\t<\/ul><p style=\"text-align: center\"><input type=\"button\" name=\"vote\" value=\"   Vota   \" class=\"Buttons\" onclick=\"poll_vote(74);\" \/><\/p><p style=\"text-align: center\"><a href=\"#ViewPollResults\" onclick=\"poll_result(74); return false;\" title=\"View Results Of This Poll\">Mira els resultats<\/a><\/p><\/div>\n\t<\/form>\n<\/div>\n<div id=\"polls-74-loading\" class=\"wp-polls-loading\"><img decoding=\"async\" data-src=\"https:\/\/conversesacatalunya.cat\/wp-content\/plugins\/wp-polls\/images\/loading.gif\" width=\"16\" height=\"16\" alt=\"Cargando ...\" title=\"Cargando ...\" class=\"wp-polls-image lazyload\" src=\"data:image\/svg+xml;base64,PHN2ZyB3aWR0aD0iMSIgaGVpZ2h0PSIxIiB4bWxucz0iaHR0cDovL3d3dy53My5vcmcvMjAwMC9zdmciPjwvc3ZnPg==\" style=\"--smush-placeholder-width: 16px; --smush-placeholder-aspect-ratio: 16\/16;\" \/>&nbsp;Cargando ...<\/div>\n\n","protected":false},"excerpt":{"rendered":"<p>A estas alturas parece claro que las elecciones catalanas, previsiblemente en febrero, tendr\u00e1n una abstenci\u00f3n importante porque una parte del electorado no independentista se desmovilizar\u00e1. Es posible que tambi\u00e9n lo haga el partidario de la independencia, pero parece que en una medida muy inferior. Profundizar sobre las causas de esta abstenci\u00f3n es plantearse una cuesti\u00f3n pol\u00edtica de primera magnitud y no solo por el hecho de independencia s\u00ed, independencia no, sino porque est\u00e1n en juego otros factores muy importantes como el desencanto con la pol\u00edtica o no encontrar la opci\u00f3n pol\u00edtica que la gente considere que le representa m\u00ednimamente. Esta es la raz\u00f3n por la que el II Encuentro de Independientes, que se celebrar\u00e1 el 11 de noviembre, se centrar\u00e1 en los posibles escenarios y repercusiones. Si este factor abstencionista no se le estropea, ERC tiene en esta ocasi\u00f3n todos los ingredientes para convertirse en la primera fuerza, dejando en un segundo carril a Puigdemont. La raz\u00f3n de esta expectativa es que su electorado est\u00e1 mucho m\u00e1s diversificado. Mientras que JxCat obtiene sus votos b\u00e1sicamente del electorado que se declara s\u00f3lo catal\u00e1n o m\u00e1s catal\u00e1n que espa\u00f1ol, ERC obtiene votos adem\u00e1s de otros segmentos. Es fuerte en el lado de m\u00e1s catal\u00e1n que espa\u00f1ol, porque obtiene un 44%, y un 35,6% de los que se declaran s\u00f3lo catalanes. Pero ya en las elecciones del 21 de diciembre de 2017, ERC obtuvo el 18,6% de los votantes que se consideraban tanto espa\u00f1oles como catalanes, y ahora se mueve entre cifras que van entre el 16 y el 19%. Hay que decir, sin embargo, que la posible fijaci\u00f3n de una parte de este electorado tambi\u00e9n le comporta algunas reducciones en el que se considera m\u00e1s catal\u00e1n que espa\u00f1ol. Por lo tanto, la victoria de ERC juega con su capacidad, por un lado, de mantener o mejorar su porcentaje de voto en los que son tanto una cosa como la otra, y no reducir m\u00e1s su participaci\u00f3n en el electorado que se contempla como m\u00e1s catal\u00e1n que espa\u00f1ol. Este hecho explica la estrategia electoral de Junqueras, que podr\u00edamos calificar de \u00ablas dos manos\u00bb, que implica sin duda una notable capacidad para modular y equilibrar continuamente su mensaje. Y tambi\u00e9n sirve para explicar la frontalidad de JxCat que sabe que le basta con ganarle terreno entre el voto de los que se consideran m\u00e1s catalanes que espa\u00f1oles para desbancar a ERC. De hecho, los papeles est\u00e1n repartidos en funci\u00f3n de sus perspectivas electorales. Desde este punto de vista, y para efectuar una previsi\u00f3n coherente con \u00e9l, podr\u00edamos decir que el candidato Dami\u00e0 Calvet no tiene posibilidades de imponerse a Laura Borr\u00e0s porque esta \u00faltima representa mucho mejor cu\u00e1l es el p\u00fablico objetivo que busca JxCat. A pesar de que este mismo perfil tambi\u00e9n lo dan otras posibles opciones como Jordi Puigner\u00f3 o Elsa Artadi.<\/p>\n","protected":false},"author":2,"featured_media":40894,"comment_status":"open","ping_status":"open","sticky":false,"template":"","format":"standard","meta":{"_FSMCFIC_featured_image_caption":"","_FSMCFIC_featured_image_nocaption":"","_FSMCFIC_featured_image_hide":"","footnotes":""},"categories":[806],"tags":[1525,1108],"class_list":["post-40903","post","type-post","status-publish","format-standard","has-post-thumbnail","hentry","category-punts-claus-del-dia-es","tag-elecciones-anticipadas","tag-erc-es"],"yoast_head":"<!-- This site is optimized with the Yoast SEO plugin v26.8 - https:\/\/yoast.com\/product\/yoast-seo-wordpress\/ -->\n<title>Atenci\u00f3n a ERC y a la abstenci\u00f3n - Converses a Catalunya<\/title>\n<meta name=\"description\" content=\"Las elecciones catalanas tendr\u00e1n una abstenci\u00f3n importante porque una parte del electorado no independentista se desmovilizar\u00e1\" \/>\n<meta name=\"robots\" content=\"index, follow, max-snippet:-1, max-image-preview:large, max-video-preview:-1\" \/>\n<link rel=\"canonical\" href=\"https:\/\/conversesacatalunya.cat\/es\/atencion-a-erc-y-a-la-abstencion\/\" \/>\n<meta property=\"og:locale\" content=\"es_ES\" \/>\n<meta property=\"og:type\" content=\"article\" \/>\n<meta property=\"og:title\" content=\"Atenci\u00f3n a ERC y a la abstenci\u00f3n - Converses a Catalunya\" \/>\n<meta property=\"og:description\" content=\"Las elecciones catalanas tendr\u00e1n una abstenci\u00f3n importante porque una parte del electorado no independentista se desmovilizar\u00e1\" \/>\n<meta property=\"og:url\" content=\"https:\/\/conversesacatalunya.cat\/es\/atencion-a-erc-y-a-la-abstencion\/\" \/>\n<meta property=\"og:site_name\" content=\"Converses a Catalunya\" \/>\n<meta property=\"article:published_time\" content=\"2020-10-06T11:55:25+00:00\" \/>\n<meta property=\"article:modified_time\" content=\"2020-10-06T12:32:08+00:00\" \/>\n<meta property=\"og:image\" content=\"https:\/\/conversesacatalunya.cat\/wp-content\/uploads\/2020\/10\/erc.jpg\" \/>\n\t<meta property=\"og:image:width\" content=\"1600\" \/>\n\t<meta property=\"og:image:height\" content=\"900\" \/>\n\t<meta property=\"og:image:type\" content=\"image\/jpeg\" \/>\n<meta name=\"author\" content=\"conversesacatalunya\" \/>\n<meta name=\"twitter:card\" content=\"summary_large_image\" \/>\n<meta name=\"twitter:label1\" content=\"Escrito por\" \/>\n\t<meta name=\"twitter:data1\" content=\"conversesacatalunya\" \/>\n\t<meta name=\"twitter:label2\" content=\"Tiempo de lectura\" \/>\n\t<meta name=\"twitter:data2\" content=\"3 minutos\" \/>\n<script type=\"application\/ld+json\" class=\"yoast-schema-graph\">{\"@context\":\"https:\/\/schema.org\",\"@graph\":[{\"@type\":\"Article\",\"@id\":\"https:\/\/conversesacatalunya.cat\/es\/atencion-a-erc-y-a-la-abstencion\/#article\",\"isPartOf\":{\"@id\":\"https:\/\/conversesacatalunya.cat\/es\/atencion-a-erc-y-a-la-abstencion\/\"},\"author\":{\"name\":\"conversesacatalunya\",\"@id\":\"https:\/\/conversesacatalunya.cat\/#\/schema\/person\/7e24d1e54a2785373ddcb275eae5ed99\"},\"headline\":\"Atenci\u00f3n a ERC y a la abstenci\u00f3n\",\"datePublished\":\"2020-10-06T11:55:25+00:00\",\"dateModified\":\"2020-10-06T12:32:08+00:00\",\"mainEntityOfPage\":{\"@id\":\"https:\/\/conversesacatalunya.cat\/es\/atencion-a-erc-y-a-la-abstencion\/\"},\"wordCount\":547,\"commentCount\":0,\"image\":{\"@id\":\"https:\/\/conversesacatalunya.cat\/es\/atencion-a-erc-y-a-la-abstencion\/#primaryimage\"},\"thumbnailUrl\":\"https:\/\/conversesacatalunya.cat\/wp-content\/uploads\/2020\/10\/erc.jpg\",\"keywords\":[\"elecciones anticipadas\",\"ERC\"],\"articleSection\":[\"Punts clau del dia (ES)\"],\"inLanguage\":\"es\",\"potentialAction\":[{\"@type\":\"CommentAction\",\"name\":\"Comment\",\"target\":[\"https:\/\/conversesacatalunya.cat\/es\/atencion-a-erc-y-a-la-abstencion\/#respond\"]}]},{\"@type\":\"WebPage\",\"@id\":\"https:\/\/conversesacatalunya.cat\/es\/atencion-a-erc-y-a-la-abstencion\/\",\"url\":\"https:\/\/conversesacatalunya.cat\/es\/atencion-a-erc-y-a-la-abstencion\/\",\"name\":\"Atenci\u00f3n a ERC y a la abstenci\u00f3n - Converses a Catalunya\",\"isPartOf\":{\"@id\":\"https:\/\/conversesacatalunya.cat\/#website\"},\"primaryImageOfPage\":{\"@id\":\"https:\/\/conversesacatalunya.cat\/es\/atencion-a-erc-y-a-la-abstencion\/#primaryimage\"},\"image\":{\"@id\":\"https:\/\/conversesacatalunya.cat\/es\/atencion-a-erc-y-a-la-abstencion\/#primaryimage\"},\"thumbnailUrl\":\"https:\/\/conversesacatalunya.cat\/wp-content\/uploads\/2020\/10\/erc.jpg\",\"datePublished\":\"2020-10-06T11:55:25+00:00\",\"dateModified\":\"2020-10-06T12:32:08+00:00\",\"author\":{\"@id\":\"https:\/\/conversesacatalunya.cat\/#\/schema\/person\/7e24d1e54a2785373ddcb275eae5ed99\"},\"description\":\"Las elecciones catalanas tendr\u00e1n una abstenci\u00f3n importante porque una parte del electorado no independentista se desmovilizar\u00e1\",\"breadcrumb\":{\"@id\":\"https:\/\/conversesacatalunya.cat\/es\/atencion-a-erc-y-a-la-abstencion\/#breadcrumb\"},\"inLanguage\":\"es\",\"potentialAction\":[{\"@type\":\"ReadAction\",\"target\":[\"https:\/\/conversesacatalunya.cat\/es\/atencion-a-erc-y-a-la-abstencion\/\"]}]},{\"@type\":\"ImageObject\",\"inLanguage\":\"es\",\"@id\":\"https:\/\/conversesacatalunya.cat\/es\/atencion-a-erc-y-a-la-abstencion\/#primaryimage\",\"url\":\"https:\/\/conversesacatalunya.cat\/wp-content\/uploads\/2020\/10\/erc.jpg\",\"contentUrl\":\"https:\/\/conversesacatalunya.cat\/wp-content\/uploads\/2020\/10\/erc.jpg\",\"width\":1600,\"height\":900,\"caption\":\"erc\"},{\"@type\":\"BreadcrumbList\",\"@id\":\"https:\/\/conversesacatalunya.cat\/es\/atencion-a-erc-y-a-la-abstencion\/#breadcrumb\",\"itemListElement\":[{\"@type\":\"ListItem\",\"position\":1,\"name\":\"Inici\",\"item\":\"https:\/\/conversesacatalunya.cat\/es\/\"},{\"@type\":\"ListItem\",\"position\":2,\"name\":\"Atenci\u00f3n a ERC y a la abstenci\u00f3n\"}]},{\"@type\":\"WebSite\",\"@id\":\"https:\/\/conversesacatalunya.cat\/#website\",\"url\":\"https:\/\/conversesacatalunya.cat\/\",\"name\":\"Converses a Catalunya\",\"description\":\"\",\"potentialAction\":[{\"@type\":\"SearchAction\",\"target\":{\"@type\":\"EntryPoint\",\"urlTemplate\":\"https:\/\/conversesacatalunya.cat\/?s={search_term_string}\"},\"query-input\":{\"@type\":\"PropertyValueSpecification\",\"valueRequired\":true,\"valueName\":\"search_term_string\"}}],\"inLanguage\":\"es\"},{\"@type\":\"Person\",\"@id\":\"https:\/\/conversesacatalunya.cat\/#\/schema\/person\/7e24d1e54a2785373ddcb275eae5ed99\",\"name\":\"conversesacatalunya\",\"image\":{\"@type\":\"ImageObject\",\"inLanguage\":\"es\",\"@id\":\"https:\/\/conversesacatalunya.cat\/#\/schema\/person\/image\/\",\"url\":\"https:\/\/conversesacatalunya.cat\/wp-content\/litespeed\/avatar\/febdfeeec89d950f01c748045a981dd2.jpg?ver=1777314535\",\"contentUrl\":\"https:\/\/conversesacatalunya.cat\/wp-content\/litespeed\/avatar\/febdfeeec89d950f01c748045a981dd2.jpg?ver=1777314535\",\"caption\":\"conversesacatalunya\"},\"url\":\"https:\/\/conversesacatalunya.cat\/es\/author\/carme_catala\/\"}]}<\/script>\n<!-- \/ Yoast SEO plugin. -->","yoast_head_json":{"title":"Atenci\u00f3n a ERC y a la abstenci\u00f3n - Converses a Catalunya","description":"Las elecciones catalanas tendr\u00e1n una abstenci\u00f3n importante porque una parte del electorado no independentista se desmovilizar\u00e1","robots":{"index":"index","follow":"follow","max-snippet":"max-snippet:-1","max-image-preview":"max-image-preview:large","max-video-preview":"max-video-preview:-1"},"canonical":"https:\/\/conversesacatalunya.cat\/es\/atencion-a-erc-y-a-la-abstencion\/","og_locale":"es_ES","og_type":"article","og_title":"Atenci\u00f3n a ERC y a la abstenci\u00f3n - Converses a Catalunya","og_description":"Las elecciones catalanas tendr\u00e1n una abstenci\u00f3n importante porque una parte del electorado no independentista se desmovilizar\u00e1","og_url":"https:\/\/conversesacatalunya.cat\/es\/atencion-a-erc-y-a-la-abstencion\/","og_site_name":"Converses a Catalunya","article_published_time":"2020-10-06T11:55:25+00:00","article_modified_time":"2020-10-06T12:32:08+00:00","og_image":[{"width":1600,"height":900,"url":"https:\/\/conversesacatalunya.cat\/wp-content\/uploads\/2020\/10\/erc.jpg","type":"image\/jpeg"}],"author":"conversesacatalunya","twitter_card":"summary_large_image","twitter_misc":{"Escrito por":"conversesacatalunya","Tiempo de lectura":"3 minutos"},"schema":{"@context":"https:\/\/schema.org","@graph":[{"@type":"Article","@id":"https:\/\/conversesacatalunya.cat\/es\/atencion-a-erc-y-a-la-abstencion\/#article","isPartOf":{"@id":"https:\/\/conversesacatalunya.cat\/es\/atencion-a-erc-y-a-la-abstencion\/"},"author":{"name":"conversesacatalunya","@id":"https:\/\/conversesacatalunya.cat\/#\/schema\/person\/7e24d1e54a2785373ddcb275eae5ed99"},"headline":"Atenci\u00f3n a ERC y a la abstenci\u00f3n","datePublished":"2020-10-06T11:55:25+00:00","dateModified":"2020-10-06T12:32:08+00:00","mainEntityOfPage":{"@id":"https:\/\/conversesacatalunya.cat\/es\/atencion-a-erc-y-a-la-abstencion\/"},"wordCount":547,"commentCount":0,"image":{"@id":"https:\/\/conversesacatalunya.cat\/es\/atencion-a-erc-y-a-la-abstencion\/#primaryimage"},"thumbnailUrl":"https:\/\/conversesacatalunya.cat\/wp-content\/uploads\/2020\/10\/erc.jpg","keywords":["elecciones anticipadas","ERC"],"articleSection":["Punts clau del dia (ES)"],"inLanguage":"es","potentialAction":[{"@type":"CommentAction","name":"Comment","target":["https:\/\/conversesacatalunya.cat\/es\/atencion-a-erc-y-a-la-abstencion\/#respond"]}]},{"@type":"WebPage","@id":"https:\/\/conversesacatalunya.cat\/es\/atencion-a-erc-y-a-la-abstencion\/","url":"https:\/\/conversesacatalunya.cat\/es\/atencion-a-erc-y-a-la-abstencion\/","name":"Atenci\u00f3n a ERC y a la abstenci\u00f3n - Converses a Catalunya","isPartOf":{"@id":"https:\/\/conversesacatalunya.cat\/#website"},"primaryImageOfPage":{"@id":"https:\/\/conversesacatalunya.cat\/es\/atencion-a-erc-y-a-la-abstencion\/#primaryimage"},"image":{"@id":"https:\/\/conversesacatalunya.cat\/es\/atencion-a-erc-y-a-la-abstencion\/#primaryimage"},"thumbnailUrl":"https:\/\/conversesacatalunya.cat\/wp-content\/uploads\/2020\/10\/erc.jpg","datePublished":"2020-10-06T11:55:25+00:00","dateModified":"2020-10-06T12:32:08+00:00","author":{"@id":"https:\/\/conversesacatalunya.cat\/#\/schema\/person\/7e24d1e54a2785373ddcb275eae5ed99"},"description":"Las elecciones catalanas tendr\u00e1n una abstenci\u00f3n importante porque una parte del electorado no independentista se desmovilizar\u00e1","breadcrumb":{"@id":"https:\/\/conversesacatalunya.cat\/es\/atencion-a-erc-y-a-la-abstencion\/#breadcrumb"},"inLanguage":"es","potentialAction":[{"@type":"ReadAction","target":["https:\/\/conversesacatalunya.cat\/es\/atencion-a-erc-y-a-la-abstencion\/"]}]},{"@type":"ImageObject","inLanguage":"es","@id":"https:\/\/conversesacatalunya.cat\/es\/atencion-a-erc-y-a-la-abstencion\/#primaryimage","url":"https:\/\/conversesacatalunya.cat\/wp-content\/uploads\/2020\/10\/erc.jpg","contentUrl":"https:\/\/conversesacatalunya.cat\/wp-content\/uploads\/2020\/10\/erc.jpg","width":1600,"height":900,"caption":"erc"},{"@type":"BreadcrumbList","@id":"https:\/\/conversesacatalunya.cat\/es\/atencion-a-erc-y-a-la-abstencion\/#breadcrumb","itemListElement":[{"@type":"ListItem","position":1,"name":"Inici","item":"https:\/\/conversesacatalunya.cat\/es\/"},{"@type":"ListItem","position":2,"name":"Atenci\u00f3n a ERC y a la abstenci\u00f3n"}]},{"@type":"WebSite","@id":"https:\/\/conversesacatalunya.cat\/#website","url":"https:\/\/conversesacatalunya.cat\/","name":"Converses a Catalunya","description":"","potentialAction":[{"@type":"SearchAction","target":{"@type":"EntryPoint","urlTemplate":"https:\/\/conversesacatalunya.cat\/?s={search_term_string}"},"query-input":{"@type":"PropertyValueSpecification","valueRequired":true,"valueName":"search_term_string"}}],"inLanguage":"es"},{"@type":"Person","@id":"https:\/\/conversesacatalunya.cat\/#\/schema\/person\/7e24d1e54a2785373ddcb275eae5ed99","name":"conversesacatalunya","image":{"@type":"ImageObject","inLanguage":"es","@id":"https:\/\/conversesacatalunya.cat\/#\/schema\/person\/image\/","url":"https:\/\/conversesacatalunya.cat\/wp-content\/litespeed\/avatar\/febdfeeec89d950f01c748045a981dd2.jpg?ver=1777314535","contentUrl":"https:\/\/conversesacatalunya.cat\/wp-content\/litespeed\/avatar\/febdfeeec89d950f01c748045a981dd2.jpg?ver=1777314535","caption":"conversesacatalunya"},"url":"https:\/\/conversesacatalunya.cat\/es\/author\/carme_catala\/"}]}},"wps_subtitle":"","_links":{"self":[{"href":"https:\/\/conversesacatalunya.cat\/es\/wp-json\/wp\/v2\/posts\/40903","targetHints":{"allow":["GET"]}}],"collection":[{"href":"https:\/\/conversesacatalunya.cat\/es\/wp-json\/wp\/v2\/posts"}],"about":[{"href":"https:\/\/conversesacatalunya.cat\/es\/wp-json\/wp\/v2\/types\/post"}],"author":[{"embeddable":true,"href":"https:\/\/conversesacatalunya.cat\/es\/wp-json\/wp\/v2\/users\/2"}],"replies":[{"embeddable":true,"href":"https:\/\/conversesacatalunya.cat\/es\/wp-json\/wp\/v2\/comments?post=40903"}],"version-history":[{"count":2,"href":"https:\/\/conversesacatalunya.cat\/es\/wp-json\/wp\/v2\/posts\/40903\/revisions"}],"predecessor-version":[{"id":40905,"href":"https:\/\/conversesacatalunya.cat\/es\/wp-json\/wp\/v2\/posts\/40903\/revisions\/40905"}],"wp:featuredmedia":[{"embeddable":true,"href":"https:\/\/conversesacatalunya.cat\/es\/wp-json\/wp\/v2\/media\/40894"}],"wp:attachment":[{"href":"https:\/\/conversesacatalunya.cat\/es\/wp-json\/wp\/v2\/media?parent=40903"}],"wp:term":[{"taxonomy":"category","embeddable":true,"href":"https:\/\/conversesacatalunya.cat\/es\/wp-json\/wp\/v2\/categories?post=40903"},{"taxonomy":"post_tag","embeddable":true,"href":"https:\/\/conversesacatalunya.cat\/es\/wp-json\/wp\/v2\/tags?post=40903"}],"curies":[{"name":"wp","href":"https:\/\/api.w.org\/{rel}","templated":true}]}}