{"id":40899,"date":"2020-10-06T13:31:04","date_gmt":"2020-10-06T11:31:04","guid":{"rendered":"https:\/\/conversesacatalunya.cat\/la-cup-i-les-agressions-sexuals-ocultar-en-lloc-de-denunciar\/"},"modified":"2020-10-06T14:21:20","modified_gmt":"2020-10-06T12:21:20","slug":"la-cup-i-las-agresiones-sexuales-ocultar-en-lugar-de-denunciar","status":"publish","type":"post","link":"https:\/\/conversesacatalunya.cat\/es\/la-cup-i-las-agresiones-sexuales-ocultar-en-lugar-de-denunciar\/","title":{"rendered":"La CUP i las agresiones sexuales. Ocultar en lugar de denunciar"},"content":{"rendered":"<p>La CUP se considera un partido encarnizadamente feminista, de tal manera que para demostrarlo aplican una soluci\u00f3n gramatical perfectamente incorrecta como la de utilizar el femenino para designar los conjuntos. Su discurso y <strong>agresividad feminista<\/strong>, y contra las agresiones sexuales, es una caracter\u00edstica destacada de esta formaci\u00f3n.<\/p>\n<p>En realidad ha hecho cierto aquel dicho de \u00aben casa del herrero chuchillo de palo\u00bb, cuando en su interior han aflorado presuntos delitos de abuso y agresi\u00f3n sexual, y han utilizado <strong>la callada por respuesta<\/strong>. Ahora aflora el caso del eurodiputado y destacado <strong>dirigente <a href=\"https:\/\/es.wikipedia.org\/wiki\/Quim_Arrufat\" target=\"_blank\" rel=\"noopener noreferrer\">Quim Arrufat<\/a><\/strong>, uno de los primeros diputados en el Parlamento de esta organizaci\u00f3n. Confirmado por la misma CUP con mucho tiempo de retraso, resulta que Arrufat es el <strong>presunto<\/strong> autor de dos delitos, uno de abuso sexual y otro de agresi\u00f3n sexual, uno de 2014 y otro del 2019.<\/p>\n<p>Arrufat, que se dio de baja de la organizaci\u00f3n, sin explicar los motivos, argumenta que estos hechos no son ciertos y por tanto hay que considerar siempre <strong>su presunci\u00f3n de inocencia<\/strong>, que no es estimada por la <strong>CUP<\/strong> porque en su comunicado explica que es encontraba en medio \u00abde un proceso de gesti\u00f3n de agresiones machistas\u00bb, y mientras \u00abse estaba gestionando el protocolo propio que dispone la CUP, abandon\u00f3 la militancia\u00bb. Es decir, se hab\u00edan producido estos hechos a un nivel suficiente para que le abrieran un expediente interno que no cerr\u00f3 porque Arrufat abandon\u00f3 el partido. Todo ello, a pesar del tiempo transcurrido, porque seg\u00fan esta versi\u00f3n, la primera agresi\u00f3n se habr\u00eda producido en una fecha tan lejana como seis a\u00f1os, no ha conducido a lo que reiteradamente se reclama siempre: <strong>la denuncia a la justicia<\/strong>. La CUP ha omitido lo m\u00e1s importante de todo: ten\u00eda constancia de un presunto delito en una medida suficiente para abrir un expediente, pero los hechos no los ha puesto en conocimiento de la justicia. Precisamente esta omisi\u00f3n de la CUP es uno de los agravios que se le hace, por ejemplo, a la Iglesia cuando se dice que no es suficiente con actuar internamente sobre el posible autor y que hay que denunciarlo. Una pr\u00e1ctica que hace tiempo ya ha sido corregida, pero que la CUP a\u00fan no ha hecho suya y opta por la <strong>ocultaci\u00f3n.<\/strong><\/p>\n<p>La pregunta es por qu\u00e9. \u00bfC\u00f3mo es posible que una organizaci\u00f3n que hace bandera m\u00e1xima de estas cuestiones, cuando le afectan a ella, practique el secretismo y tire tierra por encima de los casos? Si los hechos se han producido, cosa que nadie est\u00e1 en condiciones de afirmar, pero hay indicios suficientes para considerarlo, que Arrufat se haya dado de baja de la organizaci\u00f3n <strong>no le exime de sus potenciales responsabilidades<\/strong>, que solo pueden ser depuradas por la Justicia. Si la CUP quiere alguna credencial y no ser vista como una organizaci\u00f3n que practica el <strong>enga\u00f1o<\/strong> con sus propias ideas, debe llevar estos <strong>hechos ante la instancia judicial<\/strong> para que sea ella quien, con independencia de criterios de parte, determine si hubo o no delitos relacionados con el abuso o la agresi\u00f3n sexual.<\/p>\n<div id=\"polls-73\" class=\"wp-polls\">\n\t<form id=\"polls_form_73\" class=\"wp-polls-form\" action=\"\/index.php\" method=\"post\">\n\t\t<p style=\"display: none;\"><input type=\"hidden\" id=\"poll_73_nonce\" name=\"wp-polls-nonce\" value=\"2bc77dcd6c\" \/><\/p>\n\t\t<p style=\"display: none;\"><input type=\"hidden\" name=\"poll_id\" value=\"73\" \/><\/p>\n\t\t<p style=\"text-align: center\"><strong>Considereu justa la decisi\u00f3 del Tribunal Suprem d'inhabilitar al President Torra?<\/strong><\/p><div id=\"polls-73-ans\" class=\"wp-polls-ans\"><ul class=\"wp-polls-ul\">\n\t\t<li><input type=\"radio\" id=\"poll-answer-159\" name=\"poll_73\" value=\"159\" \/> <label for=\"poll-answer-159\">Si<\/label><\/li>\n\t\t<li><input type=\"radio\" id=\"poll-answer-160\" name=\"poll_73\" value=\"160\" \/> <label for=\"poll-answer-160\">No<\/label><\/li>\n\t\t<li><input type=\"radio\" id=\"poll-answer-161\" name=\"poll_73\" value=\"161\" \/> <label for=\"poll-answer-161\">No ho s\u00e9<\/label><\/li>\n\t\t<\/ul><p style=\"text-align: center\"><input type=\"button\" name=\"vote\" value=\"   Vota   \" class=\"Buttons\" onclick=\"poll_vote(73);\" \/><\/p><p style=\"text-align: center\"><a href=\"#ViewPollResults\" onclick=\"poll_result(73); return false;\" title=\"View Results Of This Poll\">Mira els resultats<\/a><\/p><\/div>\n\t<\/form>\n<\/div>\n<div id=\"polls-73-loading\" class=\"wp-polls-loading\"><img decoding=\"async\" data-src=\"https:\/\/conversesacatalunya.cat\/wp-content\/plugins\/wp-polls\/images\/loading.gif\" width=\"16\" height=\"16\" alt=\"Cargando ...\" title=\"Cargando ...\" class=\"wp-polls-image lazyload\" src=\"data:image\/svg+xml;base64,PHN2ZyB3aWR0aD0iMSIgaGVpZ2h0PSIxIiB4bWxucz0iaHR0cDovL3d3dy53My5vcmcvMjAwMC9zdmciPjwvc3ZnPg==\" style=\"--smush-placeholder-width: 16px; --smush-placeholder-aspect-ratio: 16\/16;\" \/>&nbsp;Cargando ...<\/div>\n\n","protected":false},"excerpt":{"rendered":"<p>La CUP se considera un partido encarnizadamente feminista, de tal manera que para demostrarlo aplican una soluci\u00f3n gramatical perfectamente incorrecta como la de utilizar el femenino para designar los conjuntos. Su discurso y agresividad feminista, y contra las agresiones sexuales, es una caracter\u00edstica destacada de esta formaci\u00f3n. En realidad ha hecho cierto aquel dicho de \u00aben casa del herrero chuchillo de palo\u00bb, cuando en su interior han aflorado presuntos delitos de abuso y agresi\u00f3n sexual, y han utilizado la callada por respuesta. Ahora aflora el caso del eurodiputado y destacado dirigente Quim Arrufat, uno de los primeros diputados en el Parlamento de esta organizaci\u00f3n. Confirmado por la misma CUP con mucho tiempo de retraso, resulta que Arrufat es el presunto autor de dos delitos, uno de abuso sexual y otro de agresi\u00f3n sexual, uno de 2014 y otro del 2019. Arrufat, que se dio de baja de la organizaci\u00f3n, sin explicar los motivos, argumenta que estos hechos no son ciertos y por tanto hay que considerar siempre su presunci\u00f3n de inocencia, que no es estimada por la CUP porque en su comunicado explica que es encontraba en medio \u00abde un proceso de gesti\u00f3n de agresiones machistas\u00bb, y mientras \u00abse estaba gestionando el protocolo propio que dispone la CUP, abandon\u00f3 la militancia\u00bb. Es decir, se hab\u00edan producido estos hechos a un nivel suficiente para que le abrieran un expediente interno que no cerr\u00f3 porque Arrufat abandon\u00f3 el partido. Todo ello, a pesar del tiempo transcurrido, porque seg\u00fan esta versi\u00f3n, la primera agresi\u00f3n se habr\u00eda producido en una fecha tan lejana como seis a\u00f1os, no ha conducido a lo que reiteradamente se reclama siempre: la denuncia a la justicia. La CUP ha omitido lo m\u00e1s importante de todo: ten\u00eda constancia de un presunto delito en una medida suficiente para abrir un expediente, pero los hechos no los ha puesto en conocimiento de la justicia. Precisamente esta omisi\u00f3n de la CUP es uno de los agravios que se le hace, por ejemplo, a la Iglesia cuando se dice que no es suficiente con actuar internamente sobre el posible autor y que hay que denunciarlo. Una pr\u00e1ctica que hace tiempo ya ha sido corregida, pero que la CUP a\u00fan no ha hecho suya y opta por la ocultaci\u00f3n. La pregunta es por qu\u00e9. \u00bfC\u00f3mo es posible que una organizaci\u00f3n que hace bandera m\u00e1xima de estas cuestiones, cuando le afectan a ella, practique el secretismo y tire tierra por encima de los casos? Si los hechos se han producido, cosa que nadie est\u00e1 en condiciones de afirmar, pero hay indicios suficientes para considerarlo, que Arrufat se haya dado de baja de la organizaci\u00f3n no le exime de sus potenciales responsabilidades, que solo pueden ser depuradas por la Justicia. Si la CUP quiere alguna credencial y no ser vista como una organizaci\u00f3n que practica el enga\u00f1o con sus propias ideas, debe llevar estos hechos ante la instancia judicial para que sea ella quien, con independencia de criterios de parte, determine si hubo o no delitos relacionados con el abuso o la agresi\u00f3n sexual.<\/p>\n","protected":false},"author":2,"featured_media":40881,"comment_status":"open","ping_status":"open","sticky":false,"template":"","format":"standard","meta":{"_FSMCFIC_featured_image_caption":"","_FSMCFIC_featured_image_nocaption":"","_FSMCFIC_featured_image_hide":"","footnotes":""},"categories":[806],"tags":[1885,1856],"class_list":["post-40899","post","type-post","status-publish","format-standard","has-post-thumbnail","hentry","category-punts-claus-del-dia-es","tag-cup","tag-ideologia-de-genero"],"yoast_head":"<!-- This site is optimized with the Yoast SEO plugin v26.8 - https:\/\/yoast.com\/product\/yoast-seo-wordpress\/ -->\n<title>La CUP i las agresiones sexuales. Ocultar en lugar de denunciar - Converses a Catalunya<\/title>\n<meta name=\"description\" content=\"El seu discurs i agressivitat feminista, i contra les agressions sexuals \u00e9s una caracter\u00edstica destacada de la CUP\" \/>\n<meta name=\"robots\" content=\"index, follow, max-snippet:-1, max-image-preview:large, max-video-preview:-1\" \/>\n<link rel=\"canonical\" href=\"https:\/\/conversesacatalunya.cat\/es\/la-cup-i-las-agresiones-sexuales-ocultar-en-lugar-de-denunciar\/\" \/>\n<meta property=\"og:locale\" content=\"es_ES\" \/>\n<meta property=\"og:type\" content=\"article\" \/>\n<meta property=\"og:title\" content=\"La CUP i las agresiones sexuales. Ocultar en lugar de denunciar - Converses a Catalunya\" \/>\n<meta property=\"og:description\" content=\"El seu discurs i agressivitat feminista, i contra les agressions sexuals \u00e9s una caracter\u00edstica destacada de la CUP\" \/>\n<meta property=\"og:url\" content=\"https:\/\/conversesacatalunya.cat\/es\/la-cup-i-las-agresiones-sexuales-ocultar-en-lugar-de-denunciar\/\" \/>\n<meta property=\"og:site_name\" content=\"Converses a Catalunya\" \/>\n<meta property=\"article:published_time\" content=\"2020-10-06T11:31:04+00:00\" \/>\n<meta property=\"article:modified_time\" content=\"2020-10-06T12:21:20+00:00\" \/>\n<meta property=\"og:image\" content=\"https:\/\/conversesacatalunya.cat\/wp-content\/uploads\/2020\/10\/quim-arrufat.jpeg\" \/>\n\t<meta property=\"og:image:width\" content=\"1300\" \/>\n\t<meta property=\"og:image:height\" content=\"867\" \/>\n\t<meta property=\"og:image:type\" content=\"image\/jpeg\" \/>\n<meta name=\"author\" content=\"conversesacatalunya\" \/>\n<meta name=\"twitter:card\" content=\"summary_large_image\" \/>\n<meta name=\"twitter:label1\" content=\"Escrito por\" \/>\n\t<meta name=\"twitter:data1\" content=\"conversesacatalunya\" \/>\n\t<meta name=\"twitter:label2\" content=\"Tiempo de lectura\" \/>\n\t<meta name=\"twitter:data2\" content=\"3 minutos\" \/>\n<script type=\"application\/ld+json\" class=\"yoast-schema-graph\">{\"@context\":\"https:\/\/schema.org\",\"@graph\":[{\"@type\":\"Article\",\"@id\":\"https:\/\/conversesacatalunya.cat\/es\/la-cup-i-las-agresiones-sexuales-ocultar-en-lugar-de-denunciar\/#article\",\"isPartOf\":{\"@id\":\"https:\/\/conversesacatalunya.cat\/es\/la-cup-i-las-agresiones-sexuales-ocultar-en-lugar-de-denunciar\/\"},\"author\":{\"name\":\"conversesacatalunya\",\"@id\":\"https:\/\/conversesacatalunya.cat\/#\/schema\/person\/7e24d1e54a2785373ddcb275eae5ed99\"},\"headline\":\"La CUP i las agresiones sexuales. Ocultar en lugar de denunciar\",\"datePublished\":\"2020-10-06T11:31:04+00:00\",\"dateModified\":\"2020-10-06T12:21:20+00:00\",\"mainEntityOfPage\":{\"@id\":\"https:\/\/conversesacatalunya.cat\/es\/la-cup-i-las-agresiones-sexuales-ocultar-en-lugar-de-denunciar\/\"},\"wordCount\":546,\"commentCount\":0,\"image\":{\"@id\":\"https:\/\/conversesacatalunya.cat\/es\/la-cup-i-las-agresiones-sexuales-ocultar-en-lugar-de-denunciar\/#primaryimage\"},\"thumbnailUrl\":\"https:\/\/conversesacatalunya.cat\/wp-content\/uploads\/2020\/10\/quim-arrufat.jpeg\",\"keywords\":[\"CUP\",\"ideolog\u00eda de g\u00e9nero\"],\"articleSection\":[\"Punts clau del dia (ES)\"],\"inLanguage\":\"es\",\"potentialAction\":[{\"@type\":\"CommentAction\",\"name\":\"Comment\",\"target\":[\"https:\/\/conversesacatalunya.cat\/es\/la-cup-i-las-agresiones-sexuales-ocultar-en-lugar-de-denunciar\/#respond\"]}]},{\"@type\":\"WebPage\",\"@id\":\"https:\/\/conversesacatalunya.cat\/es\/la-cup-i-las-agresiones-sexuales-ocultar-en-lugar-de-denunciar\/\",\"url\":\"https:\/\/conversesacatalunya.cat\/es\/la-cup-i-las-agresiones-sexuales-ocultar-en-lugar-de-denunciar\/\",\"name\":\"La CUP i las agresiones sexuales. Ocultar en lugar de denunciar - Converses a Catalunya\",\"isPartOf\":{\"@id\":\"https:\/\/conversesacatalunya.cat\/#website\"},\"primaryImageOfPage\":{\"@id\":\"https:\/\/conversesacatalunya.cat\/es\/la-cup-i-las-agresiones-sexuales-ocultar-en-lugar-de-denunciar\/#primaryimage\"},\"image\":{\"@id\":\"https:\/\/conversesacatalunya.cat\/es\/la-cup-i-las-agresiones-sexuales-ocultar-en-lugar-de-denunciar\/#primaryimage\"},\"thumbnailUrl\":\"https:\/\/conversesacatalunya.cat\/wp-content\/uploads\/2020\/10\/quim-arrufat.jpeg\",\"datePublished\":\"2020-10-06T11:31:04+00:00\",\"dateModified\":\"2020-10-06T12:21:20+00:00\",\"author\":{\"@id\":\"https:\/\/conversesacatalunya.cat\/#\/schema\/person\/7e24d1e54a2785373ddcb275eae5ed99\"},\"description\":\"El seu discurs i agressivitat feminista, i contra les agressions sexuals \u00e9s una caracter\u00edstica destacada de la CUP\",\"breadcrumb\":{\"@id\":\"https:\/\/conversesacatalunya.cat\/es\/la-cup-i-las-agresiones-sexuales-ocultar-en-lugar-de-denunciar\/#breadcrumb\"},\"inLanguage\":\"es\",\"potentialAction\":[{\"@type\":\"ReadAction\",\"target\":[\"https:\/\/conversesacatalunya.cat\/es\/la-cup-i-las-agresiones-sexuales-ocultar-en-lugar-de-denunciar\/\"]}]},{\"@type\":\"ImageObject\",\"inLanguage\":\"es\",\"@id\":\"https:\/\/conversesacatalunya.cat\/es\/la-cup-i-las-agresiones-sexuales-ocultar-en-lugar-de-denunciar\/#primaryimage\",\"url\":\"https:\/\/conversesacatalunya.cat\/wp-content\/uploads\/2020\/10\/quim-arrufat.jpeg\",\"contentUrl\":\"https:\/\/conversesacatalunya.cat\/wp-content\/uploads\/2020\/10\/quim-arrufat.jpeg\",\"width\":1300,\"height\":867,\"caption\":\"CUP\"},{\"@type\":\"BreadcrumbList\",\"@id\":\"https:\/\/conversesacatalunya.cat\/es\/la-cup-i-las-agresiones-sexuales-ocultar-en-lugar-de-denunciar\/#breadcrumb\",\"itemListElement\":[{\"@type\":\"ListItem\",\"position\":1,\"name\":\"Inici\",\"item\":\"https:\/\/conversesacatalunya.cat\/es\/\"},{\"@type\":\"ListItem\",\"position\":2,\"name\":\"La CUP i las agresiones sexuales. Ocultar en lugar de denunciar\"}]},{\"@type\":\"WebSite\",\"@id\":\"https:\/\/conversesacatalunya.cat\/#website\",\"url\":\"https:\/\/conversesacatalunya.cat\/\",\"name\":\"Converses a Catalunya\",\"description\":\"\",\"potentialAction\":[{\"@type\":\"SearchAction\",\"target\":{\"@type\":\"EntryPoint\",\"urlTemplate\":\"https:\/\/conversesacatalunya.cat\/?s={search_term_string}\"},\"query-input\":{\"@type\":\"PropertyValueSpecification\",\"valueRequired\":true,\"valueName\":\"search_term_string\"}}],\"inLanguage\":\"es\"},{\"@type\":\"Person\",\"@id\":\"https:\/\/conversesacatalunya.cat\/#\/schema\/person\/7e24d1e54a2785373ddcb275eae5ed99\",\"name\":\"conversesacatalunya\",\"image\":{\"@type\":\"ImageObject\",\"inLanguage\":\"es\",\"@id\":\"https:\/\/conversesacatalunya.cat\/#\/schema\/person\/image\/\",\"url\":\"https:\/\/conversesacatalunya.cat\/wp-content\/litespeed\/avatar\/febdfeeec89d950f01c748045a981dd2.jpg?ver=1777314535\",\"contentUrl\":\"https:\/\/conversesacatalunya.cat\/wp-content\/litespeed\/avatar\/febdfeeec89d950f01c748045a981dd2.jpg?ver=1777314535\",\"caption\":\"conversesacatalunya\"},\"url\":\"https:\/\/conversesacatalunya.cat\/es\/author\/carme_catala\/\"}]}<\/script>\n<!-- \/ Yoast SEO plugin. -->","yoast_head_json":{"title":"La CUP i las agresiones sexuales. Ocultar en lugar de denunciar - Converses a Catalunya","description":"El seu discurs i agressivitat feminista, i contra les agressions sexuals \u00e9s una caracter\u00edstica destacada de la CUP","robots":{"index":"index","follow":"follow","max-snippet":"max-snippet:-1","max-image-preview":"max-image-preview:large","max-video-preview":"max-video-preview:-1"},"canonical":"https:\/\/conversesacatalunya.cat\/es\/la-cup-i-las-agresiones-sexuales-ocultar-en-lugar-de-denunciar\/","og_locale":"es_ES","og_type":"article","og_title":"La CUP i las agresiones sexuales. Ocultar en lugar de denunciar - Converses a Catalunya","og_description":"El seu discurs i agressivitat feminista, i contra les agressions sexuals \u00e9s una caracter\u00edstica destacada de la CUP","og_url":"https:\/\/conversesacatalunya.cat\/es\/la-cup-i-las-agresiones-sexuales-ocultar-en-lugar-de-denunciar\/","og_site_name":"Converses a Catalunya","article_published_time":"2020-10-06T11:31:04+00:00","article_modified_time":"2020-10-06T12:21:20+00:00","og_image":[{"width":1300,"height":867,"url":"https:\/\/conversesacatalunya.cat\/wp-content\/uploads\/2020\/10\/quim-arrufat.jpeg","type":"image\/jpeg"}],"author":"conversesacatalunya","twitter_card":"summary_large_image","twitter_misc":{"Escrito por":"conversesacatalunya","Tiempo de lectura":"3 minutos"},"schema":{"@context":"https:\/\/schema.org","@graph":[{"@type":"Article","@id":"https:\/\/conversesacatalunya.cat\/es\/la-cup-i-las-agresiones-sexuales-ocultar-en-lugar-de-denunciar\/#article","isPartOf":{"@id":"https:\/\/conversesacatalunya.cat\/es\/la-cup-i-las-agresiones-sexuales-ocultar-en-lugar-de-denunciar\/"},"author":{"name":"conversesacatalunya","@id":"https:\/\/conversesacatalunya.cat\/#\/schema\/person\/7e24d1e54a2785373ddcb275eae5ed99"},"headline":"La CUP i las agresiones sexuales. Ocultar en lugar de denunciar","datePublished":"2020-10-06T11:31:04+00:00","dateModified":"2020-10-06T12:21:20+00:00","mainEntityOfPage":{"@id":"https:\/\/conversesacatalunya.cat\/es\/la-cup-i-las-agresiones-sexuales-ocultar-en-lugar-de-denunciar\/"},"wordCount":546,"commentCount":0,"image":{"@id":"https:\/\/conversesacatalunya.cat\/es\/la-cup-i-las-agresiones-sexuales-ocultar-en-lugar-de-denunciar\/#primaryimage"},"thumbnailUrl":"https:\/\/conversesacatalunya.cat\/wp-content\/uploads\/2020\/10\/quim-arrufat.jpeg","keywords":["CUP","ideolog\u00eda de g\u00e9nero"],"articleSection":["Punts clau del dia (ES)"],"inLanguage":"es","potentialAction":[{"@type":"CommentAction","name":"Comment","target":["https:\/\/conversesacatalunya.cat\/es\/la-cup-i-las-agresiones-sexuales-ocultar-en-lugar-de-denunciar\/#respond"]}]},{"@type":"WebPage","@id":"https:\/\/conversesacatalunya.cat\/es\/la-cup-i-las-agresiones-sexuales-ocultar-en-lugar-de-denunciar\/","url":"https:\/\/conversesacatalunya.cat\/es\/la-cup-i-las-agresiones-sexuales-ocultar-en-lugar-de-denunciar\/","name":"La CUP i las agresiones sexuales. Ocultar en lugar de denunciar - Converses a Catalunya","isPartOf":{"@id":"https:\/\/conversesacatalunya.cat\/#website"},"primaryImageOfPage":{"@id":"https:\/\/conversesacatalunya.cat\/es\/la-cup-i-las-agresiones-sexuales-ocultar-en-lugar-de-denunciar\/#primaryimage"},"image":{"@id":"https:\/\/conversesacatalunya.cat\/es\/la-cup-i-las-agresiones-sexuales-ocultar-en-lugar-de-denunciar\/#primaryimage"},"thumbnailUrl":"https:\/\/conversesacatalunya.cat\/wp-content\/uploads\/2020\/10\/quim-arrufat.jpeg","datePublished":"2020-10-06T11:31:04+00:00","dateModified":"2020-10-06T12:21:20+00:00","author":{"@id":"https:\/\/conversesacatalunya.cat\/#\/schema\/person\/7e24d1e54a2785373ddcb275eae5ed99"},"description":"El seu discurs i agressivitat feminista, i contra les agressions sexuals \u00e9s una caracter\u00edstica destacada de la CUP","breadcrumb":{"@id":"https:\/\/conversesacatalunya.cat\/es\/la-cup-i-las-agresiones-sexuales-ocultar-en-lugar-de-denunciar\/#breadcrumb"},"inLanguage":"es","potentialAction":[{"@type":"ReadAction","target":["https:\/\/conversesacatalunya.cat\/es\/la-cup-i-las-agresiones-sexuales-ocultar-en-lugar-de-denunciar\/"]}]},{"@type":"ImageObject","inLanguage":"es","@id":"https:\/\/conversesacatalunya.cat\/es\/la-cup-i-las-agresiones-sexuales-ocultar-en-lugar-de-denunciar\/#primaryimage","url":"https:\/\/conversesacatalunya.cat\/wp-content\/uploads\/2020\/10\/quim-arrufat.jpeg","contentUrl":"https:\/\/conversesacatalunya.cat\/wp-content\/uploads\/2020\/10\/quim-arrufat.jpeg","width":1300,"height":867,"caption":"CUP"},{"@type":"BreadcrumbList","@id":"https:\/\/conversesacatalunya.cat\/es\/la-cup-i-las-agresiones-sexuales-ocultar-en-lugar-de-denunciar\/#breadcrumb","itemListElement":[{"@type":"ListItem","position":1,"name":"Inici","item":"https:\/\/conversesacatalunya.cat\/es\/"},{"@type":"ListItem","position":2,"name":"La CUP i las agresiones sexuales. Ocultar en lugar de denunciar"}]},{"@type":"WebSite","@id":"https:\/\/conversesacatalunya.cat\/#website","url":"https:\/\/conversesacatalunya.cat\/","name":"Converses a Catalunya","description":"","potentialAction":[{"@type":"SearchAction","target":{"@type":"EntryPoint","urlTemplate":"https:\/\/conversesacatalunya.cat\/?s={search_term_string}"},"query-input":{"@type":"PropertyValueSpecification","valueRequired":true,"valueName":"search_term_string"}}],"inLanguage":"es"},{"@type":"Person","@id":"https:\/\/conversesacatalunya.cat\/#\/schema\/person\/7e24d1e54a2785373ddcb275eae5ed99","name":"conversesacatalunya","image":{"@type":"ImageObject","inLanguage":"es","@id":"https:\/\/conversesacatalunya.cat\/#\/schema\/person\/image\/","url":"https:\/\/conversesacatalunya.cat\/wp-content\/litespeed\/avatar\/febdfeeec89d950f01c748045a981dd2.jpg?ver=1777314535","contentUrl":"https:\/\/conversesacatalunya.cat\/wp-content\/litespeed\/avatar\/febdfeeec89d950f01c748045a981dd2.jpg?ver=1777314535","caption":"conversesacatalunya"},"url":"https:\/\/conversesacatalunya.cat\/es\/author\/carme_catala\/"}]}},"wps_subtitle":"","_links":{"self":[{"href":"https:\/\/conversesacatalunya.cat\/es\/wp-json\/wp\/v2\/posts\/40899","targetHints":{"allow":["GET"]}}],"collection":[{"href":"https:\/\/conversesacatalunya.cat\/es\/wp-json\/wp\/v2\/posts"}],"about":[{"href":"https:\/\/conversesacatalunya.cat\/es\/wp-json\/wp\/v2\/types\/post"}],"author":[{"embeddable":true,"href":"https:\/\/conversesacatalunya.cat\/es\/wp-json\/wp\/v2\/users\/2"}],"replies":[{"embeddable":true,"href":"https:\/\/conversesacatalunya.cat\/es\/wp-json\/wp\/v2\/comments?post=40899"}],"version-history":[{"count":2,"href":"https:\/\/conversesacatalunya.cat\/es\/wp-json\/wp\/v2\/posts\/40899\/revisions"}],"predecessor-version":[{"id":40901,"href":"https:\/\/conversesacatalunya.cat\/es\/wp-json\/wp\/v2\/posts\/40899\/revisions\/40901"}],"wp:featuredmedia":[{"embeddable":true,"href":"https:\/\/conversesacatalunya.cat\/es\/wp-json\/wp\/v2\/media\/40881"}],"wp:attachment":[{"href":"https:\/\/conversesacatalunya.cat\/es\/wp-json\/wp\/v2\/media?parent=40899"}],"wp:term":[{"taxonomy":"category","embeddable":true,"href":"https:\/\/conversesacatalunya.cat\/es\/wp-json\/wp\/v2\/categories?post=40899"},{"taxonomy":"post_tag","embeddable":true,"href":"https:\/\/conversesacatalunya.cat\/es\/wp-json\/wp\/v2\/tags?post=40899"}],"curies":[{"name":"wp","href":"https:\/\/api.w.org\/{rel}","templated":true}]}}