{"id":40835,"date":"2020-10-05T13:50:40","date_gmt":"2020-10-05T11:50:40","guid":{"rendered":"https:\/\/conversesacatalunya.cat\/?p=40835"},"modified":"2020-10-05T13:50:40","modified_gmt":"2020-10-05T11:50:40","slug":"por-que-tratamos-tan-mal-el-capital-humano","status":"publish","type":"post","link":"https:\/\/conversesacatalunya.cat\/es\/por-que-tratamos-tan-mal-el-capital-humano\/","title":{"rendered":"\u00bfPor qu\u00e9 tratamos tan mal al capital humano?"},"content":{"rendered":"<p>Ya hemos se\u00f1alado en Converses el grave problema que significa el <a href=\"https:\/\/conversesacatalunya.cat\/es\/quien-se-acuerda-del-paro-entre-los-mas-jovenes\/\" target=\"_blank\" rel=\"noopener noreferrer\">paro juvenil<\/a>, y este hecho obliga a una pregunta: \u00bfpor qu\u00e9 tratamos tan mal al <a href=\"https:\/\/es.wikipedia.org\/wiki\/Capital_humano\" target=\"_blank\" rel=\"noopener noreferrer\">capital humano<\/a>?<\/p>\n<p>El <strong>capital monetario<\/strong> recibe una gran atenci\u00f3n; indicadores, seguimiento detenido, medidas estrictas, ayudas para que no se pierda. Pero, y el capital humano?<\/p>\n<p>Es evidente que hay en determinados \u00e1mbitos una cr\u00edtica a considerar a las personas como un tipo de capital, pero m\u00e1s all\u00e1 de las presuntas implicaciones del concepto, lo cierto es que el mismo forma parte del n\u00facleo de los modelos de crecimiento econ\u00f3mico. En este sentido, la idea de capital humano m\u00e1s bien tender\u00eda a darle valor que a sacarle. Siendo as\u00ed, no tiene sentido el menosprecio pr\u00e1ctico que se le tiene en general, sobre todo y de forma extrema, en el caso de Espa\u00f1a, donde Catalu\u00f1a no es una excepci\u00f3n.<\/p>\n<p>Sucede algo parecido con el llamado <strong>capital social<\/strong>, pero al menos en este se puede dar la explicaci\u00f3n de que su concepto y uso es perif\u00e9rico a los modelos y teor\u00eda econ\u00f3mica, mientras que el capital humano se ha convertido, junto con el progreso t\u00e9cnico, en los dos factores clave del crecimiento econ\u00f3mico. Lo reconoce la academia y la experiencia lo hace evidente. \u00bfEntonces?<\/p>\n<p>Hasta que no se trate, y no deja de ser triste decirlo, al capital humano de una forma equivalente a la atenci\u00f3n, cuidado y apoyo que recibe el capital monetario, no iremos bien. No deja de ser penoso que el \u00abdinero\u00bb reciba m\u00e1s atenci\u00f3n, sea m\u00e1s valorado en definitiva, que las personas. Pero esta penosidad se convierte en una contradicci\u00f3n inasimilable cuando encima acontece que estas personas, en t\u00e9rminos de capital humano, son decisivas para el <strong>crecimiento econ\u00f3mico<\/strong>.<\/p>\n<p>Ahora con el programa de <a href=\"https:\/\/conversesacatalunya.cat\/es\/ahora-comenzara-el-problema-de-los-fondos-europeos-de-reconstruccion-y-modernizacion\/\" target=\"_blank\" rel=\"noopener noreferrer\">reconstrucci\u00f3n con dinero de Europa,<\/a> est\u00e1 la gran oportunidad de cambiar esta situaci\u00f3n. Hay que ver si se aprovecha.<\/p>\n<div id=\"polls-73\" class=\"wp-polls\">\n\t<form id=\"polls_form_73\" class=\"wp-polls-form\" action=\"\/index.php\" method=\"post\">\n\t\t<p style=\"display: none;\"><input type=\"hidden\" id=\"poll_73_nonce\" name=\"wp-polls-nonce\" value=\"e3655e9195\" \/><\/p>\n\t\t<p style=\"display: none;\"><input type=\"hidden\" name=\"poll_id\" value=\"73\" \/><\/p>\n\t\t<p style=\"text-align: center\"><strong>Considereu justa la decisi\u00f3 del Tribunal Suprem d'inhabilitar al President Torra?<\/strong><\/p><div id=\"polls-73-ans\" class=\"wp-polls-ans\"><ul class=\"wp-polls-ul\">\n\t\t<li><input type=\"radio\" id=\"poll-answer-159\" name=\"poll_73\" value=\"159\" \/> <label for=\"poll-answer-159\">Si<\/label><\/li>\n\t\t<li><input type=\"radio\" id=\"poll-answer-160\" name=\"poll_73\" value=\"160\" \/> <label for=\"poll-answer-160\">No<\/label><\/li>\n\t\t<li><input type=\"radio\" id=\"poll-answer-161\" name=\"poll_73\" value=\"161\" \/> <label for=\"poll-answer-161\">No ho s\u00e9<\/label><\/li>\n\t\t<\/ul><p style=\"text-align: center\"><input type=\"button\" name=\"vote\" value=\"   Vota   \" class=\"Buttons\" onclick=\"poll_vote(73);\" \/><\/p><p style=\"text-align: center\"><a href=\"#ViewPollResults\" onclick=\"poll_result(73); return false;\" title=\"View Results Of This Poll\">Mira els resultats<\/a><\/p><\/div>\n\t<\/form>\n<\/div>\n<div id=\"polls-73-loading\" class=\"wp-polls-loading\"><img decoding=\"async\" data-src=\"https:\/\/conversesacatalunya.cat\/wp-content\/plugins\/wp-polls\/images\/loading.gif\" width=\"16\" height=\"16\" alt=\"Cargando ...\" title=\"Cargando ...\" class=\"wp-polls-image lazyload\" src=\"data:image\/svg+xml;base64,PHN2ZyB3aWR0aD0iMSIgaGVpZ2h0PSIxIiB4bWxucz0iaHR0cDovL3d3dy53My5vcmcvMjAwMC9zdmciPjwvc3ZnPg==\" style=\"--smush-placeholder-width: 16px; --smush-placeholder-aspect-ratio: 16\/16;\" \/>&nbsp;Cargando ...<\/div>\n\n","protected":false},"excerpt":{"rendered":"<p>Ya hemos se\u00f1alado en Converses el grave problema que significa el paro juvenil, y este hecho obliga a una pregunta: \u00bfpor qu\u00e9 tratamos tan mal al capital humano? El capital monetario recibe una gran atenci\u00f3n; indicadores, seguimiento detenido, medidas estrictas, ayudas para que no se pierda. Pero, y el capital humano? Es evidente que hay en determinados \u00e1mbitos una cr\u00edtica a considerar a las personas como un tipo de capital, pero m\u00e1s all\u00e1 de las presuntas implicaciones del concepto, lo cierto es que el mismo forma parte del n\u00facleo de los modelos de crecimiento econ\u00f3mico. En este sentido, la idea de capital humano m\u00e1s bien tender\u00eda a darle valor que a sacarle. Siendo as\u00ed, no tiene sentido el menosprecio pr\u00e1ctico que se le tiene en general, sobre todo y de forma extrema, en el caso de Espa\u00f1a, donde Catalu\u00f1a no es una excepci\u00f3n. Sucede algo parecido con el llamado capital social, pero al menos en este se puede dar la explicaci\u00f3n de que su concepto y uso es perif\u00e9rico a los modelos y teor\u00eda econ\u00f3mica, mientras que el capital humano se ha convertido, junto con el progreso t\u00e9cnico, en los dos factores clave del crecimiento econ\u00f3mico. Lo reconoce la academia y la experiencia lo hace evidente. \u00bfEntonces? Hasta que no se trate, y no deja de ser triste decirlo, al capital humano de una forma equivalente a la atenci\u00f3n, cuidado y apoyo que recibe el capital monetario, no iremos bien. No deja de ser penoso que el \u00abdinero\u00bb reciba m\u00e1s atenci\u00f3n, sea m\u00e1s valorado en definitiva, que las personas. Pero esta penosidad se convierte en una contradicci\u00f3n inasimilable cuando encima acontece que estas personas, en t\u00e9rminos de capital humano, son decisivas para el crecimiento econ\u00f3mico. Ahora con el programa de reconstrucci\u00f3n con dinero de Europa, est\u00e1 la gran oportunidad de cambiar esta situaci\u00f3n. Hay que ver si se aprovecha.<\/p>\n","protected":false},"author":2,"featured_media":40829,"comment_status":"open","ping_status":"open","sticky":false,"template":"","format":"standard","meta":{"_FSMCFIC_featured_image_caption":"","_FSMCFIC_featured_image_nocaption":"","_FSMCFIC_featured_image_hide":"","footnotes":""},"categories":[806],"tags":[3065,831],"class_list":["post-40835","post","type-post","status-publish","format-standard","has-post-thumbnail","hentry","category-punts-claus-del-dia-es","tag-capital-humano","tag-economia-es"],"yoast_head":"<!-- This site is optimized with the Yoast SEO plugin v26.8 - https:\/\/yoast.com\/product\/yoast-seo-wordpress\/ -->\n<title>\u00bfPor qu\u00e9 tratamos tan mal al capital humano? - Converses a Catalunya<\/title>\n<meta name=\"description\" content=\"El capital monetari rep una gran atenci\u00f3 i ajudes perqu\u00e8 no es perdi. Per\u00f2, i el capital hum\u00e0?\" \/>\n<meta name=\"robots\" content=\"index, follow, max-snippet:-1, max-image-preview:large, max-video-preview:-1\" \/>\n<link rel=\"canonical\" href=\"https:\/\/conversesacatalunya.cat\/es\/por-que-tratamos-tan-mal-el-capital-humano\/\" \/>\n<meta property=\"og:locale\" content=\"es_ES\" \/>\n<meta property=\"og:type\" content=\"article\" \/>\n<meta property=\"og:title\" content=\"\u00bfPor qu\u00e9 tratamos tan mal al capital humano? - Converses a Catalunya\" \/>\n<meta property=\"og:description\" content=\"El capital monetari rep una gran atenci\u00f3 i ajudes perqu\u00e8 no es perdi. Per\u00f2, i el capital hum\u00e0?\" \/>\n<meta property=\"og:url\" content=\"https:\/\/conversesacatalunya.cat\/es\/por-que-tratamos-tan-mal-el-capital-humano\/\" \/>\n<meta property=\"og:site_name\" content=\"Converses a Catalunya\" \/>\n<meta property=\"article:published_time\" content=\"2020-10-05T11:50:40+00:00\" \/>\n<meta property=\"og:image\" content=\"https:\/\/conversesacatalunya.cat\/wp-content\/uploads\/2020\/10\/capital-huma-1.jpg\" \/>\n\t<meta property=\"og:image:width\" content=\"412\" \/>\n\t<meta property=\"og:image:height\" content=\"294\" \/>\n\t<meta property=\"og:image:type\" content=\"image\/jpeg\" \/>\n<meta name=\"author\" content=\"conversesacatalunya\" \/>\n<meta name=\"twitter:card\" content=\"summary_large_image\" \/>\n<meta name=\"twitter:label1\" content=\"Escrito por\" \/>\n\t<meta name=\"twitter:data1\" content=\"conversesacatalunya\" \/>\n\t<meta name=\"twitter:label2\" content=\"Tiempo de lectura\" \/>\n\t<meta name=\"twitter:data2\" content=\"2 minutos\" \/>\n<script type=\"application\/ld+json\" class=\"yoast-schema-graph\">{\"@context\":\"https:\/\/schema.org\",\"@graph\":[{\"@type\":\"Article\",\"@id\":\"https:\/\/conversesacatalunya.cat\/es\/por-que-tratamos-tan-mal-el-capital-humano\/#article\",\"isPartOf\":{\"@id\":\"https:\/\/conversesacatalunya.cat\/es\/por-que-tratamos-tan-mal-el-capital-humano\/\"},\"author\":{\"name\":\"conversesacatalunya\",\"@id\":\"https:\/\/conversesacatalunya.cat\/#\/schema\/person\/7e24d1e54a2785373ddcb275eae5ed99\"},\"headline\":\"\u00bfPor qu\u00e9 tratamos tan mal al capital humano?\",\"datePublished\":\"2020-10-05T11:50:40+00:00\",\"mainEntityOfPage\":{\"@id\":\"https:\/\/conversesacatalunya.cat\/es\/por-que-tratamos-tan-mal-el-capital-humano\/\"},\"wordCount\":346,\"commentCount\":2,\"image\":{\"@id\":\"https:\/\/conversesacatalunya.cat\/es\/por-que-tratamos-tan-mal-el-capital-humano\/#primaryimage\"},\"thumbnailUrl\":\"https:\/\/conversesacatalunya.cat\/wp-content\/uploads\/2020\/10\/capital-huma-1.jpg\",\"keywords\":[\"Capital humano\",\"Economia\"],\"articleSection\":[\"Punts clau del dia (ES)\"],\"inLanguage\":\"es\",\"potentialAction\":[{\"@type\":\"CommentAction\",\"name\":\"Comment\",\"target\":[\"https:\/\/conversesacatalunya.cat\/es\/por-que-tratamos-tan-mal-el-capital-humano\/#respond\"]}]},{\"@type\":\"WebPage\",\"@id\":\"https:\/\/conversesacatalunya.cat\/es\/por-que-tratamos-tan-mal-el-capital-humano\/\",\"url\":\"https:\/\/conversesacatalunya.cat\/es\/por-que-tratamos-tan-mal-el-capital-humano\/\",\"name\":\"\u00bfPor qu\u00e9 tratamos tan mal al capital humano? - Converses a Catalunya\",\"isPartOf\":{\"@id\":\"https:\/\/conversesacatalunya.cat\/#website\"},\"primaryImageOfPage\":{\"@id\":\"https:\/\/conversesacatalunya.cat\/es\/por-que-tratamos-tan-mal-el-capital-humano\/#primaryimage\"},\"image\":{\"@id\":\"https:\/\/conversesacatalunya.cat\/es\/por-que-tratamos-tan-mal-el-capital-humano\/#primaryimage\"},\"thumbnailUrl\":\"https:\/\/conversesacatalunya.cat\/wp-content\/uploads\/2020\/10\/capital-huma-1.jpg\",\"datePublished\":\"2020-10-05T11:50:40+00:00\",\"author\":{\"@id\":\"https:\/\/conversesacatalunya.cat\/#\/schema\/person\/7e24d1e54a2785373ddcb275eae5ed99\"},\"description\":\"El capital monetari rep una gran atenci\u00f3 i ajudes perqu\u00e8 no es perdi. Per\u00f2, i el capital hum\u00e0?\",\"breadcrumb\":{\"@id\":\"https:\/\/conversesacatalunya.cat\/es\/por-que-tratamos-tan-mal-el-capital-humano\/#breadcrumb\"},\"inLanguage\":\"es\",\"potentialAction\":[{\"@type\":\"ReadAction\",\"target\":[\"https:\/\/conversesacatalunya.cat\/es\/por-que-tratamos-tan-mal-el-capital-humano\/\"]}]},{\"@type\":\"ImageObject\",\"inLanguage\":\"es\",\"@id\":\"https:\/\/conversesacatalunya.cat\/es\/por-que-tratamos-tan-mal-el-capital-humano\/#primaryimage\",\"url\":\"https:\/\/conversesacatalunya.cat\/wp-content\/uploads\/2020\/10\/capital-huma-1.jpg\",\"contentUrl\":\"https:\/\/conversesacatalunya.cat\/wp-content\/uploads\/2020\/10\/capital-huma-1.jpg\",\"width\":412,\"height\":294,\"caption\":\"capital hum\u00e0\"},{\"@type\":\"BreadcrumbList\",\"@id\":\"https:\/\/conversesacatalunya.cat\/es\/por-que-tratamos-tan-mal-el-capital-humano\/#breadcrumb\",\"itemListElement\":[{\"@type\":\"ListItem\",\"position\":1,\"name\":\"Inici\",\"item\":\"https:\/\/conversesacatalunya.cat\/es\/\"},{\"@type\":\"ListItem\",\"position\":2,\"name\":\"\u00bfPor qu\u00e9 tratamos tan mal al capital humano?\"}]},{\"@type\":\"WebSite\",\"@id\":\"https:\/\/conversesacatalunya.cat\/#website\",\"url\":\"https:\/\/conversesacatalunya.cat\/\",\"name\":\"Converses a Catalunya\",\"description\":\"\",\"potentialAction\":[{\"@type\":\"SearchAction\",\"target\":{\"@type\":\"EntryPoint\",\"urlTemplate\":\"https:\/\/conversesacatalunya.cat\/?s={search_term_string}\"},\"query-input\":{\"@type\":\"PropertyValueSpecification\",\"valueRequired\":true,\"valueName\":\"search_term_string\"}}],\"inLanguage\":\"es\"},{\"@type\":\"Person\",\"@id\":\"https:\/\/conversesacatalunya.cat\/#\/schema\/person\/7e24d1e54a2785373ddcb275eae5ed99\",\"name\":\"conversesacatalunya\",\"image\":{\"@type\":\"ImageObject\",\"inLanguage\":\"es\",\"@id\":\"https:\/\/conversesacatalunya.cat\/#\/schema\/person\/image\/\",\"url\":\"https:\/\/conversesacatalunya.cat\/wp-content\/litespeed\/avatar\/febdfeeec89d950f01c748045a981dd2.jpg?ver=1777314535\",\"contentUrl\":\"https:\/\/conversesacatalunya.cat\/wp-content\/litespeed\/avatar\/febdfeeec89d950f01c748045a981dd2.jpg?ver=1777314535\",\"caption\":\"conversesacatalunya\"},\"url\":\"https:\/\/conversesacatalunya.cat\/es\/author\/carme_catala\/\"}]}<\/script>\n<!-- \/ Yoast SEO plugin. -->","yoast_head_json":{"title":"\u00bfPor qu\u00e9 tratamos tan mal al capital humano? - Converses a Catalunya","description":"El capital monetari rep una gran atenci\u00f3 i ajudes perqu\u00e8 no es perdi. Per\u00f2, i el capital hum\u00e0?","robots":{"index":"index","follow":"follow","max-snippet":"max-snippet:-1","max-image-preview":"max-image-preview:large","max-video-preview":"max-video-preview:-1"},"canonical":"https:\/\/conversesacatalunya.cat\/es\/por-que-tratamos-tan-mal-el-capital-humano\/","og_locale":"es_ES","og_type":"article","og_title":"\u00bfPor qu\u00e9 tratamos tan mal al capital humano? - Converses a Catalunya","og_description":"El capital monetari rep una gran atenci\u00f3 i ajudes perqu\u00e8 no es perdi. Per\u00f2, i el capital hum\u00e0?","og_url":"https:\/\/conversesacatalunya.cat\/es\/por-que-tratamos-tan-mal-el-capital-humano\/","og_site_name":"Converses a Catalunya","article_published_time":"2020-10-05T11:50:40+00:00","og_image":[{"width":412,"height":294,"url":"https:\/\/conversesacatalunya.cat\/wp-content\/uploads\/2020\/10\/capital-huma-1.jpg","type":"image\/jpeg"}],"author":"conversesacatalunya","twitter_card":"summary_large_image","twitter_misc":{"Escrito por":"conversesacatalunya","Tiempo de lectura":"2 minutos"},"schema":{"@context":"https:\/\/schema.org","@graph":[{"@type":"Article","@id":"https:\/\/conversesacatalunya.cat\/es\/por-que-tratamos-tan-mal-el-capital-humano\/#article","isPartOf":{"@id":"https:\/\/conversesacatalunya.cat\/es\/por-que-tratamos-tan-mal-el-capital-humano\/"},"author":{"name":"conversesacatalunya","@id":"https:\/\/conversesacatalunya.cat\/#\/schema\/person\/7e24d1e54a2785373ddcb275eae5ed99"},"headline":"\u00bfPor qu\u00e9 tratamos tan mal al capital humano?","datePublished":"2020-10-05T11:50:40+00:00","mainEntityOfPage":{"@id":"https:\/\/conversesacatalunya.cat\/es\/por-que-tratamos-tan-mal-el-capital-humano\/"},"wordCount":346,"commentCount":2,"image":{"@id":"https:\/\/conversesacatalunya.cat\/es\/por-que-tratamos-tan-mal-el-capital-humano\/#primaryimage"},"thumbnailUrl":"https:\/\/conversesacatalunya.cat\/wp-content\/uploads\/2020\/10\/capital-huma-1.jpg","keywords":["Capital humano","Economia"],"articleSection":["Punts clau del dia (ES)"],"inLanguage":"es","potentialAction":[{"@type":"CommentAction","name":"Comment","target":["https:\/\/conversesacatalunya.cat\/es\/por-que-tratamos-tan-mal-el-capital-humano\/#respond"]}]},{"@type":"WebPage","@id":"https:\/\/conversesacatalunya.cat\/es\/por-que-tratamos-tan-mal-el-capital-humano\/","url":"https:\/\/conversesacatalunya.cat\/es\/por-que-tratamos-tan-mal-el-capital-humano\/","name":"\u00bfPor qu\u00e9 tratamos tan mal al capital humano? - Converses a Catalunya","isPartOf":{"@id":"https:\/\/conversesacatalunya.cat\/#website"},"primaryImageOfPage":{"@id":"https:\/\/conversesacatalunya.cat\/es\/por-que-tratamos-tan-mal-el-capital-humano\/#primaryimage"},"image":{"@id":"https:\/\/conversesacatalunya.cat\/es\/por-que-tratamos-tan-mal-el-capital-humano\/#primaryimage"},"thumbnailUrl":"https:\/\/conversesacatalunya.cat\/wp-content\/uploads\/2020\/10\/capital-huma-1.jpg","datePublished":"2020-10-05T11:50:40+00:00","author":{"@id":"https:\/\/conversesacatalunya.cat\/#\/schema\/person\/7e24d1e54a2785373ddcb275eae5ed99"},"description":"El capital monetari rep una gran atenci\u00f3 i ajudes perqu\u00e8 no es perdi. Per\u00f2, i el capital hum\u00e0?","breadcrumb":{"@id":"https:\/\/conversesacatalunya.cat\/es\/por-que-tratamos-tan-mal-el-capital-humano\/#breadcrumb"},"inLanguage":"es","potentialAction":[{"@type":"ReadAction","target":["https:\/\/conversesacatalunya.cat\/es\/por-que-tratamos-tan-mal-el-capital-humano\/"]}]},{"@type":"ImageObject","inLanguage":"es","@id":"https:\/\/conversesacatalunya.cat\/es\/por-que-tratamos-tan-mal-el-capital-humano\/#primaryimage","url":"https:\/\/conversesacatalunya.cat\/wp-content\/uploads\/2020\/10\/capital-huma-1.jpg","contentUrl":"https:\/\/conversesacatalunya.cat\/wp-content\/uploads\/2020\/10\/capital-huma-1.jpg","width":412,"height":294,"caption":"capital hum\u00e0"},{"@type":"BreadcrumbList","@id":"https:\/\/conversesacatalunya.cat\/es\/por-que-tratamos-tan-mal-el-capital-humano\/#breadcrumb","itemListElement":[{"@type":"ListItem","position":1,"name":"Inici","item":"https:\/\/conversesacatalunya.cat\/es\/"},{"@type":"ListItem","position":2,"name":"\u00bfPor qu\u00e9 tratamos tan mal al capital humano?"}]},{"@type":"WebSite","@id":"https:\/\/conversesacatalunya.cat\/#website","url":"https:\/\/conversesacatalunya.cat\/","name":"Converses a Catalunya","description":"","potentialAction":[{"@type":"SearchAction","target":{"@type":"EntryPoint","urlTemplate":"https:\/\/conversesacatalunya.cat\/?s={search_term_string}"},"query-input":{"@type":"PropertyValueSpecification","valueRequired":true,"valueName":"search_term_string"}}],"inLanguage":"es"},{"@type":"Person","@id":"https:\/\/conversesacatalunya.cat\/#\/schema\/person\/7e24d1e54a2785373ddcb275eae5ed99","name":"conversesacatalunya","image":{"@type":"ImageObject","inLanguage":"es","@id":"https:\/\/conversesacatalunya.cat\/#\/schema\/person\/image\/","url":"https:\/\/conversesacatalunya.cat\/wp-content\/litespeed\/avatar\/febdfeeec89d950f01c748045a981dd2.jpg?ver=1777314535","contentUrl":"https:\/\/conversesacatalunya.cat\/wp-content\/litespeed\/avatar\/febdfeeec89d950f01c748045a981dd2.jpg?ver=1777314535","caption":"conversesacatalunya"},"url":"https:\/\/conversesacatalunya.cat\/es\/author\/carme_catala\/"}]}},"wps_subtitle":"","_links":{"self":[{"href":"https:\/\/conversesacatalunya.cat\/es\/wp-json\/wp\/v2\/posts\/40835","targetHints":{"allow":["GET"]}}],"collection":[{"href":"https:\/\/conversesacatalunya.cat\/es\/wp-json\/wp\/v2\/posts"}],"about":[{"href":"https:\/\/conversesacatalunya.cat\/es\/wp-json\/wp\/v2\/types\/post"}],"author":[{"embeddable":true,"href":"https:\/\/conversesacatalunya.cat\/es\/wp-json\/wp\/v2\/users\/2"}],"replies":[{"embeddable":true,"href":"https:\/\/conversesacatalunya.cat\/es\/wp-json\/wp\/v2\/comments?post=40835"}],"version-history":[{"count":3,"href":"https:\/\/conversesacatalunya.cat\/es\/wp-json\/wp\/v2\/posts\/40835\/revisions"}],"predecessor-version":[{"id":40838,"href":"https:\/\/conversesacatalunya.cat\/es\/wp-json\/wp\/v2\/posts\/40835\/revisions\/40838"}],"wp:featuredmedia":[{"embeddable":true,"href":"https:\/\/conversesacatalunya.cat\/es\/wp-json\/wp\/v2\/media\/40829"}],"wp:attachment":[{"href":"https:\/\/conversesacatalunya.cat\/es\/wp-json\/wp\/v2\/media?parent=40835"}],"wp:term":[{"taxonomy":"category","embeddable":true,"href":"https:\/\/conversesacatalunya.cat\/es\/wp-json\/wp\/v2\/categories?post=40835"},{"taxonomy":"post_tag","embeddable":true,"href":"https:\/\/conversesacatalunya.cat\/es\/wp-json\/wp\/v2\/tags?post=40835"}],"curies":[{"name":"wp","href":"https:\/\/api.w.org\/{rel}","templated":true}]}}