{"id":40791,"date":"2020-10-02T12:07:02","date_gmt":"2020-10-02T10:07:02","guid":{"rendered":"https:\/\/conversesacatalunya.cat\/es-la-llum-ultraviolada-una-resposta-eficac-per-combatre-la-propagacio-del-coronavirus\/"},"modified":"2020-10-02T14:18:32","modified_gmt":"2020-10-02T12:18:32","slug":"es-la-luz-ultravioleta-una-respuesta-eficaz-para-combatir-la-propagacion-del-coronavirus","status":"publish","type":"post","link":"https:\/\/conversesacatalunya.cat\/es\/es-la-luz-ultravioleta-una-respuesta-eficaz-para-combatir-la-propagacion-del-coronavirus\/","title":{"rendered":"\u00bfEs la luz ultravioleta una respuesta eficaz para combatir la propagaci\u00f3n del coronavirus?"},"content":{"rendered":"<p>Tres estudios recientes de \u00e1mbitos universitarios diferentes se\u00f1alan que la <a href=\"https:\/\/smart-lighting.es\/demuestran-luz-ultravioleta-lejana-222nm-inactiva-coronavirus\/\" target=\"_blank\" rel=\"noopener noreferrer\"><strong>luz ultravioleta lejana<\/strong><\/a>, que es segura para los seres humanos pero mortal para los virus, podr\u00eda contribuir a reducir los contagios, extermin\u00e1ndolos de entornos cerrados, que es el lugar donde el SARS-CoV-2 se hace m\u00e1s peligroso. Hospitales, escuelas, estaciones, transporte p\u00fablico, aeropuertos, aviones, etc. podr\u00edan ser mucho m\u00e1s seguros con este tipo de luz. Concretamente, un grupo de investigadores de la Universidad de Columbia, otro de la Universidad de Boston y de la compa\u00f1\u00eda Signify y un tercero de la Universidad de Hiroshima determinan que este tipo de luz es eficaz para liquidar el virus.<\/p>\n<p>Concretamente, el trabajo de los expertos de este \u00faltimo estudio muestra que el <strong>99,7%<\/strong> de un cultivo viral de este coronavirus habr\u00eda muerto despu\u00e9s de <strong>30 segundos de exposici\u00f3n<\/strong>. La luz ultravioleta utilizada, la UVC, tiene una longitud de onda de <strong>222 nan\u00f3metros<\/strong> y es adecuada porque no puede penetrar la capa externa del ojo y la piel de las personas, a diferencia de la ultravioleta de 254 nm. que s\u00ed es nociva para los tejidos humanos. Esto ser\u00eda aplicable no solo para el SARS-CoV-2, sino para cualquier tipo de virus, tambi\u00e9n los de la gripe y del sarampi\u00f3n. Es decir, tendr\u00eda una amplia aplicaci\u00f3n en la prevenci\u00f3n de enfermedades. El hecho de que la radiaci\u00f3n sea efectiva en muy pocos segundos, 30 como mucho, permite un uso continuado e intermitente de la radiaci\u00f3n que todav\u00eda hace m\u00e1s adecuada su utilizaci\u00f3n.<\/p>\n<p>Dado que el convencimiento cient\u00edfico generalizado es que el Covid-19, vacuna incluida, permanecer\u00e1 presente en nosotros durante mucho, mucho tiempo, parece l\u00f3gico que las autoridades se planteen con urgencia pasar del \u00e1mbito universitario al de su aplicaci\u00f3n empresarial, de la misma manera que en su momento se produjo con la implantaci\u00f3n de la luz el\u00e9ctrica, aunque ahora ser\u00eda mucho m\u00e1s f\u00e1cil. Las estrategias que permite este tipo de soluci\u00f3n son m\u00faltiples y, si se confirma su efectividad, y \u200b\u200bparece que es as\u00ed, aqu\u00ed hay un arma poderosa para recuperar un funcionamiento m\u00e1s normalizado.<\/p>\n<p style=\"text-align: center;\">M\u00e1s informaci\u00f3n sobre el coronavirus en <a href=\"https:\/\/conversesacatalunya.cat\/es\/coronavirus\/\" target=\"_blank\" rel=\"noopener noreferrer\"><strong>ESPECIAL CORONAVIRUS<\/strong><\/a><\/p>\n<span class='bctt-click-to-tweet'><span class='bctt-ctt-text'><a href='https:\/\/twitter.com\/intent\/tweet?url=https%3A%2F%2Fconversesacatalunya.cat%2Fes%2Fes-la-luz-ultravioleta-una-respuesta-eficaz-para-combatir-la-propagacion-del-coronavirus%2F&#038;text=Seg%C3%BAn%20tres%20estudios%20universitarios%2C%20la%20luz%20ultravioleta%20lejana%20es%20segura%20para%20los%20seres%20humanos%20pero%20mortal%20para%20los%20virus&#038;via=conversesacat&#038;related=conversesacat' target='_blank'rel=\"noopener noreferrer\">Seg\u00fan tres estudios universitarios, la luz ultravioleta lejana es segura para los seres humanos pero mortal para los virus <\/a><\/span><a href='https:\/\/twitter.com\/intent\/tweet?url=https%3A%2F%2Fconversesacatalunya.cat%2Fes%2Fes-la-luz-ultravioleta-una-respuesta-eficaz-para-combatir-la-propagacion-del-coronavirus%2F&#038;text=Seg%C3%BAn%20tres%20estudios%20universitarios%2C%20la%20luz%20ultravioleta%20lejana%20es%20segura%20para%20los%20seres%20humanos%20pero%20mortal%20para%20los%20virus&#038;via=conversesacat&#038;related=conversesacat' target='_blank' class='bctt-ctt-btn'rel=\"noopener noreferrer\">Compartir en X<\/a><\/span>\n<div id=\"polls-73\" class=\"wp-polls\">\n\t<form id=\"polls_form_73\" class=\"wp-polls-form\" action=\"\/index.php\" method=\"post\">\n\t\t<p style=\"display: none;\"><input type=\"hidden\" id=\"poll_73_nonce\" name=\"wp-polls-nonce\" value=\"e3655e9195\" \/><\/p>\n\t\t<p style=\"display: none;\"><input type=\"hidden\" name=\"poll_id\" value=\"73\" \/><\/p>\n\t\t<p style=\"text-align: center\"><strong>Considereu justa la decisi\u00f3 del Tribunal Suprem d'inhabilitar al President Torra?<\/strong><\/p><div id=\"polls-73-ans\" class=\"wp-polls-ans\"><ul class=\"wp-polls-ul\">\n\t\t<li><input type=\"radio\" id=\"poll-answer-159\" name=\"poll_73\" value=\"159\" \/> <label for=\"poll-answer-159\">Si<\/label><\/li>\n\t\t<li><input type=\"radio\" id=\"poll-answer-160\" name=\"poll_73\" value=\"160\" \/> <label for=\"poll-answer-160\">No<\/label><\/li>\n\t\t<li><input type=\"radio\" id=\"poll-answer-161\" name=\"poll_73\" value=\"161\" \/> <label for=\"poll-answer-161\">No ho s\u00e9<\/label><\/li>\n\t\t<\/ul><p style=\"text-align: center\"><input type=\"button\" name=\"vote\" value=\"   Vota   \" class=\"Buttons\" onclick=\"poll_vote(73);\" \/><\/p><p style=\"text-align: center\"><a href=\"#ViewPollResults\" onclick=\"poll_result(73); return false;\" title=\"View Results Of This Poll\">Mira els resultats<\/a><\/p><\/div>\n\t<\/form>\n<\/div>\n<div id=\"polls-73-loading\" class=\"wp-polls-loading\"><img decoding=\"async\" data-src=\"https:\/\/conversesacatalunya.cat\/wp-content\/plugins\/wp-polls\/images\/loading.gif\" width=\"16\" height=\"16\" alt=\"Cargando ...\" title=\"Cargando ...\" class=\"wp-polls-image lazyload\" src=\"data:image\/svg+xml;base64,PHN2ZyB3aWR0aD0iMSIgaGVpZ2h0PSIxIiB4bWxucz0iaHR0cDovL3d3dy53My5vcmcvMjAwMC9zdmciPjwvc3ZnPg==\" style=\"--smush-placeholder-width: 16px; --smush-placeholder-aspect-ratio: 16\/16;\" \/>&nbsp;Cargando ...<\/div>\n\n","protected":false},"excerpt":{"rendered":"<p>Tres estudios recientes de \u00e1mbitos universitarios diferentes se\u00f1alan que la luz ultravioleta lejana, que es segura para los seres humanos pero mortal para los virus, podr\u00eda contribuir a reducir los contagios, extermin\u00e1ndolos de entornos cerrados, que es el lugar donde el SARS-CoV-2 se hace m\u00e1s peligroso. Hospitales, escuelas, estaciones, transporte p\u00fablico, aeropuertos, aviones, etc. podr\u00edan ser mucho m\u00e1s seguros con este tipo de luz. Concretamente, un grupo de investigadores de la Universidad de Columbia, otro de la Universidad de Boston y de la compa\u00f1\u00eda Signify y un tercero de la Universidad de Hiroshima determinan que este tipo de luz es eficaz para liquidar el virus. Concretamente, el trabajo de los expertos de este \u00faltimo estudio muestra que el 99,7% de un cultivo viral de este coronavirus habr\u00eda muerto despu\u00e9s de 30 segundos de exposici\u00f3n. La luz ultravioleta utilizada, la UVC, tiene una longitud de onda de 222 nan\u00f3metros y es adecuada porque no puede penetrar la capa externa del ojo y la piel de las personas, a diferencia de la ultravioleta de 254 nm. que s\u00ed es nociva para los tejidos humanos. Esto ser\u00eda aplicable no solo para el SARS-CoV-2, sino para cualquier tipo de virus, tambi\u00e9n los de la gripe y del sarampi\u00f3n. Es decir, tendr\u00eda una amplia aplicaci\u00f3n en la prevenci\u00f3n de enfermedades. El hecho de que la radiaci\u00f3n sea efectiva en muy pocos segundos, 30 como mucho, permite un uso continuado e intermitente de la radiaci\u00f3n que todav\u00eda hace m\u00e1s adecuada su utilizaci\u00f3n. Dado que el convencimiento cient\u00edfico generalizado es que el Covid-19, vacuna incluida, permanecer\u00e1 presente en nosotros durante mucho, mucho tiempo, parece l\u00f3gico que las autoridades se planteen con urgencia pasar del \u00e1mbito universitario al de su aplicaci\u00f3n empresarial, de la misma manera que en su momento se produjo con la implantaci\u00f3n de la luz el\u00e9ctrica, aunque ahora ser\u00eda mucho m\u00e1s f\u00e1cil. Las estrategias que permite este tipo de soluci\u00f3n son m\u00faltiples y, si se confirma su efectividad, y \u200b\u200bparece que es as\u00ed, aqu\u00ed hay un arma poderosa para recuperar un funcionamiento m\u00e1s normalizado. M\u00e1s informaci\u00f3n sobre el coronavirus en ESPECIAL CORONAVIRUS<\/p>\n","protected":false},"author":2,"featured_media":40778,"comment_status":"open","ping_status":"open","sticky":false,"template":"","format":"standard","meta":{"_FSMCFIC_featured_image_caption":"","_FSMCFIC_featured_image_nocaption":"","_FSMCFIC_featured_image_hide":"","footnotes":""},"categories":[1772,806],"tags":[1504],"class_list":["post-40791","post","type-post","status-publish","format-standard","has-post-thumbnail","hentry","category-especial-coronavirus-es","category-punts-claus-del-dia-es","tag-coronavirus-es"],"yoast_head":"<!-- This site is optimized with the Yoast SEO plugin v26.8 - https:\/\/yoast.com\/product\/yoast-seo-wordpress\/ -->\n<title>\u00bfEs la luz ultravioleta una respuesta eficaz para combatir la propagaci\u00f3n del coronavirus? - Converses a Catalunya<\/title>\n<meta name=\"description\" content=\"Seg\u00fan tres estudios universitarios, la luz ultravioleta lejana es segura para los seres humanos pero mortal para los virus\" \/>\n<meta name=\"robots\" content=\"index, follow, max-snippet:-1, max-image-preview:large, max-video-preview:-1\" \/>\n<link rel=\"canonical\" href=\"https:\/\/conversesacatalunya.cat\/es\/es-la-luz-ultravioleta-una-respuesta-eficaz-para-combatir-la-propagacion-del-coronavirus\/\" \/>\n<meta property=\"og:locale\" content=\"es_ES\" \/>\n<meta property=\"og:type\" content=\"article\" \/>\n<meta property=\"og:title\" content=\"\u00bfEs la luz ultravioleta una respuesta eficaz para combatir la propagaci\u00f3n del coronavirus? - Converses a Catalunya\" \/>\n<meta property=\"og:description\" content=\"Seg\u00fan tres estudios universitarios, la luz ultravioleta lejana es segura para los seres humanos pero mortal para los virus\" \/>\n<meta property=\"og:url\" content=\"https:\/\/conversesacatalunya.cat\/es\/es-la-luz-ultravioleta-una-respuesta-eficaz-para-combatir-la-propagacion-del-coronavirus\/\" \/>\n<meta property=\"og:site_name\" content=\"Converses a Catalunya\" \/>\n<meta property=\"article:published_time\" content=\"2020-10-02T10:07:02+00:00\" \/>\n<meta property=\"article:modified_time\" content=\"2020-10-02T12:18:32+00:00\" \/>\n<meta property=\"og:image\" content=\"https:\/\/conversesacatalunya.cat\/wp-content\/uploads\/2020\/10\/luz-ultravioleta.jpg\" \/>\n\t<meta property=\"og:image:width\" content=\"1000\" \/>\n\t<meta property=\"og:image:height\" content=\"600\" \/>\n\t<meta property=\"og:image:type\" content=\"image\/jpeg\" \/>\n<meta name=\"author\" content=\"conversesacatalunya\" \/>\n<meta name=\"twitter:card\" content=\"summary_large_image\" \/>\n<meta name=\"twitter:label1\" content=\"Escrito por\" \/>\n\t<meta name=\"twitter:data1\" content=\"conversesacatalunya\" \/>\n\t<meta name=\"twitter:label2\" content=\"Tiempo de lectura\" \/>\n\t<meta name=\"twitter:data2\" content=\"2 minutos\" \/>\n<script type=\"application\/ld+json\" class=\"yoast-schema-graph\">{\"@context\":\"https:\/\/schema.org\",\"@graph\":[{\"@type\":\"Article\",\"@id\":\"https:\/\/conversesacatalunya.cat\/es\/es-la-luz-ultravioleta-una-respuesta-eficaz-para-combatir-la-propagacion-del-coronavirus\/#article\",\"isPartOf\":{\"@id\":\"https:\/\/conversesacatalunya.cat\/es\/es-la-luz-ultravioleta-una-respuesta-eficaz-para-combatir-la-propagacion-del-coronavirus\/\"},\"author\":{\"name\":\"conversesacatalunya\",\"@id\":\"https:\/\/conversesacatalunya.cat\/#\/schema\/person\/7e24d1e54a2785373ddcb275eae5ed99\"},\"headline\":\"\u00bfEs la luz ultravioleta una respuesta eficaz para combatir la propagaci\u00f3n del coronavirus?\",\"datePublished\":\"2020-10-02T10:07:02+00:00\",\"dateModified\":\"2020-10-02T12:18:32+00:00\",\"mainEntityOfPage\":{\"@id\":\"https:\/\/conversesacatalunya.cat\/es\/es-la-luz-ultravioleta-una-respuesta-eficaz-para-combatir-la-propagacion-del-coronavirus\/\"},\"wordCount\":418,\"commentCount\":0,\"image\":{\"@id\":\"https:\/\/conversesacatalunya.cat\/es\/es-la-luz-ultravioleta-una-respuesta-eficaz-para-combatir-la-propagacion-del-coronavirus\/#primaryimage\"},\"thumbnailUrl\":\"https:\/\/conversesacatalunya.cat\/wp-content\/uploads\/2020\/10\/luz-ultravioleta.jpg\",\"keywords\":[\"coronavirus\"],\"articleSection\":[\"Especial Coronavirus (ES)\",\"Punts clau del dia (ES)\"],\"inLanguage\":\"es\",\"potentialAction\":[{\"@type\":\"CommentAction\",\"name\":\"Comment\",\"target\":[\"https:\/\/conversesacatalunya.cat\/es\/es-la-luz-ultravioleta-una-respuesta-eficaz-para-combatir-la-propagacion-del-coronavirus\/#respond\"]}]},{\"@type\":\"WebPage\",\"@id\":\"https:\/\/conversesacatalunya.cat\/es\/es-la-luz-ultravioleta-una-respuesta-eficaz-para-combatir-la-propagacion-del-coronavirus\/\",\"url\":\"https:\/\/conversesacatalunya.cat\/es\/es-la-luz-ultravioleta-una-respuesta-eficaz-para-combatir-la-propagacion-del-coronavirus\/\",\"name\":\"\u00bfEs la luz ultravioleta una respuesta eficaz para combatir la propagaci\u00f3n del coronavirus? - Converses a Catalunya\",\"isPartOf\":{\"@id\":\"https:\/\/conversesacatalunya.cat\/#website\"},\"primaryImageOfPage\":{\"@id\":\"https:\/\/conversesacatalunya.cat\/es\/es-la-luz-ultravioleta-una-respuesta-eficaz-para-combatir-la-propagacion-del-coronavirus\/#primaryimage\"},\"image\":{\"@id\":\"https:\/\/conversesacatalunya.cat\/es\/es-la-luz-ultravioleta-una-respuesta-eficaz-para-combatir-la-propagacion-del-coronavirus\/#primaryimage\"},\"thumbnailUrl\":\"https:\/\/conversesacatalunya.cat\/wp-content\/uploads\/2020\/10\/luz-ultravioleta.jpg\",\"datePublished\":\"2020-10-02T10:07:02+00:00\",\"dateModified\":\"2020-10-02T12:18:32+00:00\",\"author\":{\"@id\":\"https:\/\/conversesacatalunya.cat\/#\/schema\/person\/7e24d1e54a2785373ddcb275eae5ed99\"},\"description\":\"Seg\u00fan tres estudios universitarios, la luz ultravioleta lejana es segura para los seres humanos pero mortal para los virus\",\"breadcrumb\":{\"@id\":\"https:\/\/conversesacatalunya.cat\/es\/es-la-luz-ultravioleta-una-respuesta-eficaz-para-combatir-la-propagacion-del-coronavirus\/#breadcrumb\"},\"inLanguage\":\"es\",\"potentialAction\":[{\"@type\":\"ReadAction\",\"target\":[\"https:\/\/conversesacatalunya.cat\/es\/es-la-luz-ultravioleta-una-respuesta-eficaz-para-combatir-la-propagacion-del-coronavirus\/\"]}]},{\"@type\":\"ImageObject\",\"inLanguage\":\"es\",\"@id\":\"https:\/\/conversesacatalunya.cat\/es\/es-la-luz-ultravioleta-una-respuesta-eficaz-para-combatir-la-propagacion-del-coronavirus\/#primaryimage\",\"url\":\"https:\/\/conversesacatalunya.cat\/wp-content\/uploads\/2020\/10\/luz-ultravioleta.jpg\",\"contentUrl\":\"https:\/\/conversesacatalunya.cat\/wp-content\/uploads\/2020\/10\/luz-ultravioleta.jpg\",\"width\":1000,\"height\":600,\"caption\":\"Llum ultraviolada\"},{\"@type\":\"BreadcrumbList\",\"@id\":\"https:\/\/conversesacatalunya.cat\/es\/es-la-luz-ultravioleta-una-respuesta-eficaz-para-combatir-la-propagacion-del-coronavirus\/#breadcrumb\",\"itemListElement\":[{\"@type\":\"ListItem\",\"position\":1,\"name\":\"Inici\",\"item\":\"https:\/\/conversesacatalunya.cat\/es\/\"},{\"@type\":\"ListItem\",\"position\":2,\"name\":\"\u00bfEs la luz ultravioleta una respuesta eficaz para combatir la propagaci\u00f3n del coronavirus?\"}]},{\"@type\":\"WebSite\",\"@id\":\"https:\/\/conversesacatalunya.cat\/#website\",\"url\":\"https:\/\/conversesacatalunya.cat\/\",\"name\":\"Converses a Catalunya\",\"description\":\"\",\"potentialAction\":[{\"@type\":\"SearchAction\",\"target\":{\"@type\":\"EntryPoint\",\"urlTemplate\":\"https:\/\/conversesacatalunya.cat\/?s={search_term_string}\"},\"query-input\":{\"@type\":\"PropertyValueSpecification\",\"valueRequired\":true,\"valueName\":\"search_term_string\"}}],\"inLanguage\":\"es\"},{\"@type\":\"Person\",\"@id\":\"https:\/\/conversesacatalunya.cat\/#\/schema\/person\/7e24d1e54a2785373ddcb275eae5ed99\",\"name\":\"conversesacatalunya\",\"image\":{\"@type\":\"ImageObject\",\"inLanguage\":\"es\",\"@id\":\"https:\/\/conversesacatalunya.cat\/#\/schema\/person\/image\/\",\"url\":\"https:\/\/conversesacatalunya.cat\/wp-content\/litespeed\/avatar\/febdfeeec89d950f01c748045a981dd2.jpg?ver=1777314535\",\"contentUrl\":\"https:\/\/conversesacatalunya.cat\/wp-content\/litespeed\/avatar\/febdfeeec89d950f01c748045a981dd2.jpg?ver=1777314535\",\"caption\":\"conversesacatalunya\"},\"url\":\"https:\/\/conversesacatalunya.cat\/es\/author\/carme_catala\/\"}]}<\/script>\n<!-- \/ Yoast SEO plugin. -->","yoast_head_json":{"title":"\u00bfEs la luz ultravioleta una respuesta eficaz para combatir la propagaci\u00f3n del coronavirus? - Converses a Catalunya","description":"Seg\u00fan tres estudios universitarios, la luz ultravioleta lejana es segura para los seres humanos pero mortal para los virus","robots":{"index":"index","follow":"follow","max-snippet":"max-snippet:-1","max-image-preview":"max-image-preview:large","max-video-preview":"max-video-preview:-1"},"canonical":"https:\/\/conversesacatalunya.cat\/es\/es-la-luz-ultravioleta-una-respuesta-eficaz-para-combatir-la-propagacion-del-coronavirus\/","og_locale":"es_ES","og_type":"article","og_title":"\u00bfEs la luz ultravioleta una respuesta eficaz para combatir la propagaci\u00f3n del coronavirus? - Converses a Catalunya","og_description":"Seg\u00fan tres estudios universitarios, la luz ultravioleta lejana es segura para los seres humanos pero mortal para los virus","og_url":"https:\/\/conversesacatalunya.cat\/es\/es-la-luz-ultravioleta-una-respuesta-eficaz-para-combatir-la-propagacion-del-coronavirus\/","og_site_name":"Converses a Catalunya","article_published_time":"2020-10-02T10:07:02+00:00","article_modified_time":"2020-10-02T12:18:32+00:00","og_image":[{"width":1000,"height":600,"url":"https:\/\/conversesacatalunya.cat\/wp-content\/uploads\/2020\/10\/luz-ultravioleta.jpg","type":"image\/jpeg"}],"author":"conversesacatalunya","twitter_card":"summary_large_image","twitter_misc":{"Escrito por":"conversesacatalunya","Tiempo de lectura":"2 minutos"},"schema":{"@context":"https:\/\/schema.org","@graph":[{"@type":"Article","@id":"https:\/\/conversesacatalunya.cat\/es\/es-la-luz-ultravioleta-una-respuesta-eficaz-para-combatir-la-propagacion-del-coronavirus\/#article","isPartOf":{"@id":"https:\/\/conversesacatalunya.cat\/es\/es-la-luz-ultravioleta-una-respuesta-eficaz-para-combatir-la-propagacion-del-coronavirus\/"},"author":{"name":"conversesacatalunya","@id":"https:\/\/conversesacatalunya.cat\/#\/schema\/person\/7e24d1e54a2785373ddcb275eae5ed99"},"headline":"\u00bfEs la luz ultravioleta una respuesta eficaz para combatir la propagaci\u00f3n del coronavirus?","datePublished":"2020-10-02T10:07:02+00:00","dateModified":"2020-10-02T12:18:32+00:00","mainEntityOfPage":{"@id":"https:\/\/conversesacatalunya.cat\/es\/es-la-luz-ultravioleta-una-respuesta-eficaz-para-combatir-la-propagacion-del-coronavirus\/"},"wordCount":418,"commentCount":0,"image":{"@id":"https:\/\/conversesacatalunya.cat\/es\/es-la-luz-ultravioleta-una-respuesta-eficaz-para-combatir-la-propagacion-del-coronavirus\/#primaryimage"},"thumbnailUrl":"https:\/\/conversesacatalunya.cat\/wp-content\/uploads\/2020\/10\/luz-ultravioleta.jpg","keywords":["coronavirus"],"articleSection":["Especial Coronavirus (ES)","Punts clau del dia (ES)"],"inLanguage":"es","potentialAction":[{"@type":"CommentAction","name":"Comment","target":["https:\/\/conversesacatalunya.cat\/es\/es-la-luz-ultravioleta-una-respuesta-eficaz-para-combatir-la-propagacion-del-coronavirus\/#respond"]}]},{"@type":"WebPage","@id":"https:\/\/conversesacatalunya.cat\/es\/es-la-luz-ultravioleta-una-respuesta-eficaz-para-combatir-la-propagacion-del-coronavirus\/","url":"https:\/\/conversesacatalunya.cat\/es\/es-la-luz-ultravioleta-una-respuesta-eficaz-para-combatir-la-propagacion-del-coronavirus\/","name":"\u00bfEs la luz ultravioleta una respuesta eficaz para combatir la propagaci\u00f3n del coronavirus? - Converses a Catalunya","isPartOf":{"@id":"https:\/\/conversesacatalunya.cat\/#website"},"primaryImageOfPage":{"@id":"https:\/\/conversesacatalunya.cat\/es\/es-la-luz-ultravioleta-una-respuesta-eficaz-para-combatir-la-propagacion-del-coronavirus\/#primaryimage"},"image":{"@id":"https:\/\/conversesacatalunya.cat\/es\/es-la-luz-ultravioleta-una-respuesta-eficaz-para-combatir-la-propagacion-del-coronavirus\/#primaryimage"},"thumbnailUrl":"https:\/\/conversesacatalunya.cat\/wp-content\/uploads\/2020\/10\/luz-ultravioleta.jpg","datePublished":"2020-10-02T10:07:02+00:00","dateModified":"2020-10-02T12:18:32+00:00","author":{"@id":"https:\/\/conversesacatalunya.cat\/#\/schema\/person\/7e24d1e54a2785373ddcb275eae5ed99"},"description":"Seg\u00fan tres estudios universitarios, la luz ultravioleta lejana es segura para los seres humanos pero mortal para los virus","breadcrumb":{"@id":"https:\/\/conversesacatalunya.cat\/es\/es-la-luz-ultravioleta-una-respuesta-eficaz-para-combatir-la-propagacion-del-coronavirus\/#breadcrumb"},"inLanguage":"es","potentialAction":[{"@type":"ReadAction","target":["https:\/\/conversesacatalunya.cat\/es\/es-la-luz-ultravioleta-una-respuesta-eficaz-para-combatir-la-propagacion-del-coronavirus\/"]}]},{"@type":"ImageObject","inLanguage":"es","@id":"https:\/\/conversesacatalunya.cat\/es\/es-la-luz-ultravioleta-una-respuesta-eficaz-para-combatir-la-propagacion-del-coronavirus\/#primaryimage","url":"https:\/\/conversesacatalunya.cat\/wp-content\/uploads\/2020\/10\/luz-ultravioleta.jpg","contentUrl":"https:\/\/conversesacatalunya.cat\/wp-content\/uploads\/2020\/10\/luz-ultravioleta.jpg","width":1000,"height":600,"caption":"Llum ultraviolada"},{"@type":"BreadcrumbList","@id":"https:\/\/conversesacatalunya.cat\/es\/es-la-luz-ultravioleta-una-respuesta-eficaz-para-combatir-la-propagacion-del-coronavirus\/#breadcrumb","itemListElement":[{"@type":"ListItem","position":1,"name":"Inici","item":"https:\/\/conversesacatalunya.cat\/es\/"},{"@type":"ListItem","position":2,"name":"\u00bfEs la luz ultravioleta una respuesta eficaz para combatir la propagaci\u00f3n del coronavirus?"}]},{"@type":"WebSite","@id":"https:\/\/conversesacatalunya.cat\/#website","url":"https:\/\/conversesacatalunya.cat\/","name":"Converses a Catalunya","description":"","potentialAction":[{"@type":"SearchAction","target":{"@type":"EntryPoint","urlTemplate":"https:\/\/conversesacatalunya.cat\/?s={search_term_string}"},"query-input":{"@type":"PropertyValueSpecification","valueRequired":true,"valueName":"search_term_string"}}],"inLanguage":"es"},{"@type":"Person","@id":"https:\/\/conversesacatalunya.cat\/#\/schema\/person\/7e24d1e54a2785373ddcb275eae5ed99","name":"conversesacatalunya","image":{"@type":"ImageObject","inLanguage":"es","@id":"https:\/\/conversesacatalunya.cat\/#\/schema\/person\/image\/","url":"https:\/\/conversesacatalunya.cat\/wp-content\/litespeed\/avatar\/febdfeeec89d950f01c748045a981dd2.jpg?ver=1777314535","contentUrl":"https:\/\/conversesacatalunya.cat\/wp-content\/litespeed\/avatar\/febdfeeec89d950f01c748045a981dd2.jpg?ver=1777314535","caption":"conversesacatalunya"},"url":"https:\/\/conversesacatalunya.cat\/es\/author\/carme_catala\/"}]}},"wps_subtitle":"Seg\u00fan tres estudios universitarios, la luz ultravioleta lejana es segura para los seres humanos pero mortal para los virus","_links":{"self":[{"href":"https:\/\/conversesacatalunya.cat\/es\/wp-json\/wp\/v2\/posts\/40791","targetHints":{"allow":["GET"]}}],"collection":[{"href":"https:\/\/conversesacatalunya.cat\/es\/wp-json\/wp\/v2\/posts"}],"about":[{"href":"https:\/\/conversesacatalunya.cat\/es\/wp-json\/wp\/v2\/types\/post"}],"author":[{"embeddable":true,"href":"https:\/\/conversesacatalunya.cat\/es\/wp-json\/wp\/v2\/users\/2"}],"replies":[{"embeddable":true,"href":"https:\/\/conversesacatalunya.cat\/es\/wp-json\/wp\/v2\/comments?post=40791"}],"version-history":[{"count":2,"href":"https:\/\/conversesacatalunya.cat\/es\/wp-json\/wp\/v2\/posts\/40791\/revisions"}],"predecessor-version":[{"id":40792,"href":"https:\/\/conversesacatalunya.cat\/es\/wp-json\/wp\/v2\/posts\/40791\/revisions\/40792"}],"wp:featuredmedia":[{"embeddable":true,"href":"https:\/\/conversesacatalunya.cat\/es\/wp-json\/wp\/v2\/media\/40778"}],"wp:attachment":[{"href":"https:\/\/conversesacatalunya.cat\/es\/wp-json\/wp\/v2\/media?parent=40791"}],"wp:term":[{"taxonomy":"category","embeddable":true,"href":"https:\/\/conversesacatalunya.cat\/es\/wp-json\/wp\/v2\/categories?post=40791"},{"taxonomy":"post_tag","embeddable":true,"href":"https:\/\/conversesacatalunya.cat\/es\/wp-json\/wp\/v2\/tags?post=40791"}],"curies":[{"name":"wp","href":"https:\/\/api.w.org\/{rel}","templated":true}]}}