{"id":40750,"date":"2020-10-01T12:54:56","date_gmt":"2020-10-01T10:54:56","guid":{"rendered":"https:\/\/conversesacatalunya.cat\/qui-sen-recorda-atur-juvenil\/"},"modified":"2020-10-01T14:16:43","modified_gmt":"2020-10-01T12:16:43","slug":"quien-se-acuerda-del-paro-entre-los-mas-jovenes","status":"publish","type":"post","link":"https:\/\/conversesacatalunya.cat\/es\/quien-se-acuerda-del-paro-entre-los-mas-jovenes\/","title":{"rendered":"\u00bfQui\u00e9n se acuerda del paro entre los m\u00e1s j\u00f3venes?"},"content":{"rendered":"<p>La tasa de desempleo entre la poblaci\u00f3n de 24 a\u00f1os o menos que presenta Espa\u00f1a, y Catalu\u00f1a no es una excepci\u00f3n, es de las m\u00e1s elevadas de Europa.<\/p>\n<p>En <strong>2014<\/strong> se lleg\u00f3 a la extraordinaria cifra del <strong>53,2%<\/strong> que fue reduci\u00e9ndose hasta alcanzar un m\u00ednimo en el tercer trimestre de 2018 del 33%. El paro remont\u00f3 a principios de 2019, pero en el \u00faltimo trimestre de este a\u00f1o se hab\u00eda reducido hasta el <strong>30,5%<\/strong>. No era una buena cifra, pero el camino daba lugar a la esperanza.<\/p>\n<p>Pero esto ha cambiado radicalmente este a\u00f1o y a finales del segundo trimestre, el mes de junio, se estaba ya casi en el <strong>40% de parados<\/strong> y nos situamos en cifras equivalentes a los a\u00f1os 2016 y 2017, que adem\u00e1s pueden crecer porque en las actuales circunstancias lo dif\u00edcil ser\u00e1 contratar a gente joven.<\/p>\n<p>Adem\u00e1s del drama humano que esta circunstancia representa, el paro juvenil tiene un efecto multiplicador, porque incide en dos niveles diferentes e importantes. Por un lado, retrasa la emancipaci\u00f3n del joven, la formaci\u00f3n de un hogar y por lo tanto la posibilidad de tener descendencia, en un pa\u00eds que tiene una natalidad de derribo que complica extraordinariamente la estabilidad futura de las cuentas p\u00fablicas. Por otro lado, se destruye capital humano que dif\u00edcilmente se recupera en los a\u00f1os posteriores, y este hecho incide sobre otro de los puntos d\u00e9biles de Espa\u00f1a, que es el de tener un grupo de gran poblaci\u00f3n deficientemente preparada desde el punto de vista laboral.<\/p>\n<p>Ser\u00eda l\u00f3gico pensar que en este escenario una parte de los fondos de la reconstrucci\u00f3n se articularan para dar respuesta a este problema, aunque de momento no se observa nada que apunte en este sentido.<\/p>\n","protected":false},"excerpt":{"rendered":"<p>La tasa de desempleo entre la poblaci\u00f3n de 24 a\u00f1os o menos que presenta Espa\u00f1a, y Catalu\u00f1a no es una excepci\u00f3n, es de las m\u00e1s elevadas de Europa. En 2014 se lleg\u00f3 a la extraordinaria cifra del 53,2% que fue reduci\u00e9ndose hasta alcanzar un m\u00ednimo en el tercer trimestre de 2018 del 33%. El paro remont\u00f3 a principios de 2019, pero en el \u00faltimo trimestre de este a\u00f1o se hab\u00eda reducido hasta el 30,5%. No era una buena cifra, pero el camino daba lugar a la esperanza. Pero esto ha cambiado radicalmente este a\u00f1o y a finales del segundo trimestre, el mes de junio, se estaba ya casi en el 40% de parados y nos situamos en cifras equivalentes a los a\u00f1os 2016 y 2017, que adem\u00e1s pueden crecer porque en las actuales circunstancias lo dif\u00edcil ser\u00e1 contratar a gente joven. Adem\u00e1s del drama humano que esta circunstancia representa, el paro juvenil tiene un efecto multiplicador, porque incide en dos niveles diferentes e importantes. Por un lado, retrasa la emancipaci\u00f3n del joven, la formaci\u00f3n de un hogar y por lo tanto la posibilidad de tener descendencia, en un pa\u00eds que tiene una natalidad de derribo que complica extraordinariamente la estabilidad futura de las cuentas p\u00fablicas. Por otro lado, se destruye capital humano que dif\u00edcilmente se recupera en los a\u00f1os posteriores, y este hecho incide sobre otro de los puntos d\u00e9biles de Espa\u00f1a, que es el de tener un grupo de gran poblaci\u00f3n deficientemente preparada desde el punto de vista laboral. Ser\u00eda l\u00f3gico pensar que en este escenario una parte de los fondos de la reconstrucci\u00f3n se articularan para dar respuesta a este problema, aunque de momento no se observa nada que apunte en este sentido.<\/p>\n","protected":false},"author":2,"featured_media":40739,"comment_status":"open","ping_status":"open","sticky":false,"template":"","format":"standard","meta":{"_FSMCFIC_featured_image_caption":"","_FSMCFIC_featured_image_nocaption":"","_FSMCFIC_featured_image_hide":"","footnotes":""},"categories":[806],"tags":[1579],"class_list":["post-40750","post","type-post","status-publish","format-standard","has-post-thumbnail","hentry","category-punts-claus-del-dia-es","tag-paro"],"yoast_head":"<!-- This site is optimized with the Yoast SEO plugin v26.8 - https:\/\/yoast.com\/product\/yoast-seo-wordpress\/ -->\n<title>\u00bfQui\u00e9n se acuerda del paro entre los m\u00e1s j\u00f3venes? - Converses a Catalunya<\/title>\n<meta name=\"robots\" content=\"index, follow, max-snippet:-1, max-image-preview:large, max-video-preview:-1\" \/>\n<link rel=\"canonical\" href=\"https:\/\/conversesacatalunya.cat\/es\/quien-se-acuerda-del-paro-entre-los-mas-jovenes\/\" \/>\n<meta property=\"og:locale\" content=\"es_ES\" \/>\n<meta property=\"og:type\" content=\"article\" \/>\n<meta property=\"og:title\" content=\"\u00bfQui\u00e9n se acuerda del paro entre los m\u00e1s j\u00f3venes? - Converses a Catalunya\" \/>\n<meta property=\"og:description\" content=\"La tasa de desempleo entre la poblaci\u00f3n de 24 a\u00f1os o menos que presenta Espa\u00f1a, y Catalu\u00f1a no es una excepci\u00f3n, es de las m\u00e1s elevadas de Europa. En 2014 se lleg\u00f3 a la extraordinaria cifra del 53,2% que fue reduci\u00e9ndose hasta alcanzar un m\u00ednimo en el tercer trimestre de 2018 del 33%. El paro remont\u00f3 a principios de 2019, pero en el \u00faltimo trimestre de este a\u00f1o se hab\u00eda reducido hasta el 30,5%. No era una buena cifra, pero el camino daba lugar a la esperanza. Pero esto ha cambiado radicalmente este a\u00f1o y a finales del segundo trimestre, el mes de junio, se estaba ya casi en el 40% de parados y nos situamos en cifras equivalentes a los a\u00f1os 2016 y 2017, que adem\u00e1s pueden crecer porque en las actuales circunstancias lo dif\u00edcil ser\u00e1 contratar a gente joven. Adem\u00e1s del drama humano que esta circunstancia representa, el paro juvenil tiene un efecto multiplicador, porque incide en dos niveles diferentes e importantes. Por un lado, retrasa la emancipaci\u00f3n del joven, la formaci\u00f3n de un hogar y por lo tanto la posibilidad de tener descendencia, en un pa\u00eds que tiene una natalidad de derribo que complica extraordinariamente la estabilidad futura de las cuentas p\u00fablicas. Por otro lado, se destruye capital humano que dif\u00edcilmente se recupera en los a\u00f1os posteriores, y este hecho incide sobre otro de los puntos d\u00e9biles de Espa\u00f1a, que es el de tener un grupo de gran poblaci\u00f3n deficientemente preparada desde el punto de vista laboral. Ser\u00eda l\u00f3gico pensar que en este escenario una parte de los fondos de la reconstrucci\u00f3n se articularan para dar respuesta a este problema, aunque de momento no se observa nada que apunte en este sentido.\" \/>\n<meta property=\"og:url\" content=\"https:\/\/conversesacatalunya.cat\/es\/quien-se-acuerda-del-paro-entre-los-mas-jovenes\/\" \/>\n<meta property=\"og:site_name\" content=\"Converses a Catalunya\" \/>\n<meta property=\"article:published_time\" content=\"2020-10-01T10:54:56+00:00\" \/>\n<meta property=\"article:modified_time\" content=\"2020-10-01T12:16:43+00:00\" \/>\n<meta property=\"og:image\" content=\"https:\/\/conversesacatalunya.cat\/wp-content\/uploads\/2020\/10\/atur-juvenil.jpg\" \/>\n\t<meta property=\"og:image:width\" content=\"1126\" \/>\n\t<meta property=\"og:image:height\" content=\"636\" \/>\n\t<meta property=\"og:image:type\" content=\"image\/jpeg\" \/>\n<meta name=\"author\" content=\"conversesacatalunya\" \/>\n<meta name=\"twitter:card\" content=\"summary_large_image\" \/>\n<meta name=\"twitter:label1\" content=\"Escrito por\" \/>\n\t<meta name=\"twitter:data1\" content=\"conversesacatalunya\" \/>\n\t<meta name=\"twitter:label2\" content=\"Tiempo de lectura\" \/>\n\t<meta name=\"twitter:data2\" content=\"2 minutos\" \/>\n<script type=\"application\/ld+json\" class=\"yoast-schema-graph\">{\"@context\":\"https:\/\/schema.org\",\"@graph\":[{\"@type\":\"Article\",\"@id\":\"https:\/\/conversesacatalunya.cat\/es\/quien-se-acuerda-del-paro-entre-los-mas-jovenes\/#article\",\"isPartOf\":{\"@id\":\"https:\/\/conversesacatalunya.cat\/es\/quien-se-acuerda-del-paro-entre-los-mas-jovenes\/\"},\"author\":{\"name\":\"conversesacatalunya\",\"@id\":\"https:\/\/conversesacatalunya.cat\/#\/schema\/person\/7e24d1e54a2785373ddcb275eae5ed99\"},\"headline\":\"\u00bfQui\u00e9n se acuerda del paro entre los m\u00e1s j\u00f3venes?\",\"datePublished\":\"2020-10-01T10:54:56+00:00\",\"dateModified\":\"2020-10-01T12:16:43+00:00\",\"mainEntityOfPage\":{\"@id\":\"https:\/\/conversesacatalunya.cat\/es\/quien-se-acuerda-del-paro-entre-los-mas-jovenes\/\"},\"wordCount\":314,\"commentCount\":0,\"image\":{\"@id\":\"https:\/\/conversesacatalunya.cat\/es\/quien-se-acuerda-del-paro-entre-los-mas-jovenes\/#primaryimage\"},\"thumbnailUrl\":\"https:\/\/conversesacatalunya.cat\/wp-content\/uploads\/2020\/10\/atur-juvenil.jpg\",\"keywords\":[\"Paro\"],\"articleSection\":[\"Punts clau del dia (ES)\"],\"inLanguage\":\"es\",\"potentialAction\":[{\"@type\":\"CommentAction\",\"name\":\"Comment\",\"target\":[\"https:\/\/conversesacatalunya.cat\/es\/quien-se-acuerda-del-paro-entre-los-mas-jovenes\/#respond\"]}]},{\"@type\":\"WebPage\",\"@id\":\"https:\/\/conversesacatalunya.cat\/es\/quien-se-acuerda-del-paro-entre-los-mas-jovenes\/\",\"url\":\"https:\/\/conversesacatalunya.cat\/es\/quien-se-acuerda-del-paro-entre-los-mas-jovenes\/\",\"name\":\"\u00bfQui\u00e9n se acuerda del paro entre los m\u00e1s j\u00f3venes? - Converses a Catalunya\",\"isPartOf\":{\"@id\":\"https:\/\/conversesacatalunya.cat\/#website\"},\"primaryImageOfPage\":{\"@id\":\"https:\/\/conversesacatalunya.cat\/es\/quien-se-acuerda-del-paro-entre-los-mas-jovenes\/#primaryimage\"},\"image\":{\"@id\":\"https:\/\/conversesacatalunya.cat\/es\/quien-se-acuerda-del-paro-entre-los-mas-jovenes\/#primaryimage\"},\"thumbnailUrl\":\"https:\/\/conversesacatalunya.cat\/wp-content\/uploads\/2020\/10\/atur-juvenil.jpg\",\"datePublished\":\"2020-10-01T10:54:56+00:00\",\"dateModified\":\"2020-10-01T12:16:43+00:00\",\"author\":{\"@id\":\"https:\/\/conversesacatalunya.cat\/#\/schema\/person\/7e24d1e54a2785373ddcb275eae5ed99\"},\"breadcrumb\":{\"@id\":\"https:\/\/conversesacatalunya.cat\/es\/quien-se-acuerda-del-paro-entre-los-mas-jovenes\/#breadcrumb\"},\"inLanguage\":\"es\",\"potentialAction\":[{\"@type\":\"ReadAction\",\"target\":[\"https:\/\/conversesacatalunya.cat\/es\/quien-se-acuerda-del-paro-entre-los-mas-jovenes\/\"]}]},{\"@type\":\"ImageObject\",\"inLanguage\":\"es\",\"@id\":\"https:\/\/conversesacatalunya.cat\/es\/quien-se-acuerda-del-paro-entre-los-mas-jovenes\/#primaryimage\",\"url\":\"https:\/\/conversesacatalunya.cat\/wp-content\/uploads\/2020\/10\/atur-juvenil.jpg\",\"contentUrl\":\"https:\/\/conversesacatalunya.cat\/wp-content\/uploads\/2020\/10\/atur-juvenil.jpg\",\"width\":1126,\"height\":636,\"caption\":\"atur juvenil\"},{\"@type\":\"BreadcrumbList\",\"@id\":\"https:\/\/conversesacatalunya.cat\/es\/quien-se-acuerda-del-paro-entre-los-mas-jovenes\/#breadcrumb\",\"itemListElement\":[{\"@type\":\"ListItem\",\"position\":1,\"name\":\"Inici\",\"item\":\"https:\/\/conversesacatalunya.cat\/es\/\"},{\"@type\":\"ListItem\",\"position\":2,\"name\":\"\u00bfQui\u00e9n se acuerda del paro entre los m\u00e1s j\u00f3venes?\"}]},{\"@type\":\"WebSite\",\"@id\":\"https:\/\/conversesacatalunya.cat\/#website\",\"url\":\"https:\/\/conversesacatalunya.cat\/\",\"name\":\"Converses a Catalunya\",\"description\":\"\",\"potentialAction\":[{\"@type\":\"SearchAction\",\"target\":{\"@type\":\"EntryPoint\",\"urlTemplate\":\"https:\/\/conversesacatalunya.cat\/?s={search_term_string}\"},\"query-input\":{\"@type\":\"PropertyValueSpecification\",\"valueRequired\":true,\"valueName\":\"search_term_string\"}}],\"inLanguage\":\"es\"},{\"@type\":\"Person\",\"@id\":\"https:\/\/conversesacatalunya.cat\/#\/schema\/person\/7e24d1e54a2785373ddcb275eae5ed99\",\"name\":\"conversesacatalunya\",\"image\":{\"@type\":\"ImageObject\",\"inLanguage\":\"es\",\"@id\":\"https:\/\/conversesacatalunya.cat\/#\/schema\/person\/image\/\",\"url\":\"https:\/\/conversesacatalunya.cat\/wp-content\/litespeed\/avatar\/febdfeeec89d950f01c748045a981dd2.jpg?ver=1777314535\",\"contentUrl\":\"https:\/\/conversesacatalunya.cat\/wp-content\/litespeed\/avatar\/febdfeeec89d950f01c748045a981dd2.jpg?ver=1777314535\",\"caption\":\"conversesacatalunya\"},\"url\":\"https:\/\/conversesacatalunya.cat\/es\/author\/carme_catala\/\"}]}<\/script>\n<!-- \/ Yoast SEO plugin. -->","yoast_head_json":{"title":"\u00bfQui\u00e9n se acuerda del paro entre los m\u00e1s j\u00f3venes? - Converses a Catalunya","robots":{"index":"index","follow":"follow","max-snippet":"max-snippet:-1","max-image-preview":"max-image-preview:large","max-video-preview":"max-video-preview:-1"},"canonical":"https:\/\/conversesacatalunya.cat\/es\/quien-se-acuerda-del-paro-entre-los-mas-jovenes\/","og_locale":"es_ES","og_type":"article","og_title":"\u00bfQui\u00e9n se acuerda del paro entre los m\u00e1s j\u00f3venes? - Converses a Catalunya","og_description":"La tasa de desempleo entre la poblaci\u00f3n de 24 a\u00f1os o menos que presenta Espa\u00f1a, y Catalu\u00f1a no es una excepci\u00f3n, es de las m\u00e1s elevadas de Europa. En 2014 se lleg\u00f3 a la extraordinaria cifra del 53,2% que fue reduci\u00e9ndose hasta alcanzar un m\u00ednimo en el tercer trimestre de 2018 del 33%. El paro remont\u00f3 a principios de 2019, pero en el \u00faltimo trimestre de este a\u00f1o se hab\u00eda reducido hasta el 30,5%. No era una buena cifra, pero el camino daba lugar a la esperanza. Pero esto ha cambiado radicalmente este a\u00f1o y a finales del segundo trimestre, el mes de junio, se estaba ya casi en el 40% de parados y nos situamos en cifras equivalentes a los a\u00f1os 2016 y 2017, que adem\u00e1s pueden crecer porque en las actuales circunstancias lo dif\u00edcil ser\u00e1 contratar a gente joven. Adem\u00e1s del drama humano que esta circunstancia representa, el paro juvenil tiene un efecto multiplicador, porque incide en dos niveles diferentes e importantes. Por un lado, retrasa la emancipaci\u00f3n del joven, la formaci\u00f3n de un hogar y por lo tanto la posibilidad de tener descendencia, en un pa\u00eds que tiene una natalidad de derribo que complica extraordinariamente la estabilidad futura de las cuentas p\u00fablicas. Por otro lado, se destruye capital humano que dif\u00edcilmente se recupera en los a\u00f1os posteriores, y este hecho incide sobre otro de los puntos d\u00e9biles de Espa\u00f1a, que es el de tener un grupo de gran poblaci\u00f3n deficientemente preparada desde el punto de vista laboral. Ser\u00eda l\u00f3gico pensar que en este escenario una parte de los fondos de la reconstrucci\u00f3n se articularan para dar respuesta a este problema, aunque de momento no se observa nada que apunte en este sentido.","og_url":"https:\/\/conversesacatalunya.cat\/es\/quien-se-acuerda-del-paro-entre-los-mas-jovenes\/","og_site_name":"Converses a Catalunya","article_published_time":"2020-10-01T10:54:56+00:00","article_modified_time":"2020-10-01T12:16:43+00:00","og_image":[{"width":1126,"height":636,"url":"https:\/\/conversesacatalunya.cat\/wp-content\/uploads\/2020\/10\/atur-juvenil.jpg","type":"image\/jpeg"}],"author":"conversesacatalunya","twitter_card":"summary_large_image","twitter_misc":{"Escrito por":"conversesacatalunya","Tiempo de lectura":"2 minutos"},"schema":{"@context":"https:\/\/schema.org","@graph":[{"@type":"Article","@id":"https:\/\/conversesacatalunya.cat\/es\/quien-se-acuerda-del-paro-entre-los-mas-jovenes\/#article","isPartOf":{"@id":"https:\/\/conversesacatalunya.cat\/es\/quien-se-acuerda-del-paro-entre-los-mas-jovenes\/"},"author":{"name":"conversesacatalunya","@id":"https:\/\/conversesacatalunya.cat\/#\/schema\/person\/7e24d1e54a2785373ddcb275eae5ed99"},"headline":"\u00bfQui\u00e9n se acuerda del paro entre los m\u00e1s j\u00f3venes?","datePublished":"2020-10-01T10:54:56+00:00","dateModified":"2020-10-01T12:16:43+00:00","mainEntityOfPage":{"@id":"https:\/\/conversesacatalunya.cat\/es\/quien-se-acuerda-del-paro-entre-los-mas-jovenes\/"},"wordCount":314,"commentCount":0,"image":{"@id":"https:\/\/conversesacatalunya.cat\/es\/quien-se-acuerda-del-paro-entre-los-mas-jovenes\/#primaryimage"},"thumbnailUrl":"https:\/\/conversesacatalunya.cat\/wp-content\/uploads\/2020\/10\/atur-juvenil.jpg","keywords":["Paro"],"articleSection":["Punts clau del dia (ES)"],"inLanguage":"es","potentialAction":[{"@type":"CommentAction","name":"Comment","target":["https:\/\/conversesacatalunya.cat\/es\/quien-se-acuerda-del-paro-entre-los-mas-jovenes\/#respond"]}]},{"@type":"WebPage","@id":"https:\/\/conversesacatalunya.cat\/es\/quien-se-acuerda-del-paro-entre-los-mas-jovenes\/","url":"https:\/\/conversesacatalunya.cat\/es\/quien-se-acuerda-del-paro-entre-los-mas-jovenes\/","name":"\u00bfQui\u00e9n se acuerda del paro entre los m\u00e1s j\u00f3venes? - Converses a Catalunya","isPartOf":{"@id":"https:\/\/conversesacatalunya.cat\/#website"},"primaryImageOfPage":{"@id":"https:\/\/conversesacatalunya.cat\/es\/quien-se-acuerda-del-paro-entre-los-mas-jovenes\/#primaryimage"},"image":{"@id":"https:\/\/conversesacatalunya.cat\/es\/quien-se-acuerda-del-paro-entre-los-mas-jovenes\/#primaryimage"},"thumbnailUrl":"https:\/\/conversesacatalunya.cat\/wp-content\/uploads\/2020\/10\/atur-juvenil.jpg","datePublished":"2020-10-01T10:54:56+00:00","dateModified":"2020-10-01T12:16:43+00:00","author":{"@id":"https:\/\/conversesacatalunya.cat\/#\/schema\/person\/7e24d1e54a2785373ddcb275eae5ed99"},"breadcrumb":{"@id":"https:\/\/conversesacatalunya.cat\/es\/quien-se-acuerda-del-paro-entre-los-mas-jovenes\/#breadcrumb"},"inLanguage":"es","potentialAction":[{"@type":"ReadAction","target":["https:\/\/conversesacatalunya.cat\/es\/quien-se-acuerda-del-paro-entre-los-mas-jovenes\/"]}]},{"@type":"ImageObject","inLanguage":"es","@id":"https:\/\/conversesacatalunya.cat\/es\/quien-se-acuerda-del-paro-entre-los-mas-jovenes\/#primaryimage","url":"https:\/\/conversesacatalunya.cat\/wp-content\/uploads\/2020\/10\/atur-juvenil.jpg","contentUrl":"https:\/\/conversesacatalunya.cat\/wp-content\/uploads\/2020\/10\/atur-juvenil.jpg","width":1126,"height":636,"caption":"atur juvenil"},{"@type":"BreadcrumbList","@id":"https:\/\/conversesacatalunya.cat\/es\/quien-se-acuerda-del-paro-entre-los-mas-jovenes\/#breadcrumb","itemListElement":[{"@type":"ListItem","position":1,"name":"Inici","item":"https:\/\/conversesacatalunya.cat\/es\/"},{"@type":"ListItem","position":2,"name":"\u00bfQui\u00e9n se acuerda del paro entre los m\u00e1s j\u00f3venes?"}]},{"@type":"WebSite","@id":"https:\/\/conversesacatalunya.cat\/#website","url":"https:\/\/conversesacatalunya.cat\/","name":"Converses a Catalunya","description":"","potentialAction":[{"@type":"SearchAction","target":{"@type":"EntryPoint","urlTemplate":"https:\/\/conversesacatalunya.cat\/?s={search_term_string}"},"query-input":{"@type":"PropertyValueSpecification","valueRequired":true,"valueName":"search_term_string"}}],"inLanguage":"es"},{"@type":"Person","@id":"https:\/\/conversesacatalunya.cat\/#\/schema\/person\/7e24d1e54a2785373ddcb275eae5ed99","name":"conversesacatalunya","image":{"@type":"ImageObject","inLanguage":"es","@id":"https:\/\/conversesacatalunya.cat\/#\/schema\/person\/image\/","url":"https:\/\/conversesacatalunya.cat\/wp-content\/litespeed\/avatar\/febdfeeec89d950f01c748045a981dd2.jpg?ver=1777314535","contentUrl":"https:\/\/conversesacatalunya.cat\/wp-content\/litespeed\/avatar\/febdfeeec89d950f01c748045a981dd2.jpg?ver=1777314535","caption":"conversesacatalunya"},"url":"https:\/\/conversesacatalunya.cat\/es\/author\/carme_catala\/"}]}},"wps_subtitle":"","_links":{"self":[{"href":"https:\/\/conversesacatalunya.cat\/es\/wp-json\/wp\/v2\/posts\/40750","targetHints":{"allow":["GET"]}}],"collection":[{"href":"https:\/\/conversesacatalunya.cat\/es\/wp-json\/wp\/v2\/posts"}],"about":[{"href":"https:\/\/conversesacatalunya.cat\/es\/wp-json\/wp\/v2\/types\/post"}],"author":[{"embeddable":true,"href":"https:\/\/conversesacatalunya.cat\/es\/wp-json\/wp\/v2\/users\/2"}],"replies":[{"embeddable":true,"href":"https:\/\/conversesacatalunya.cat\/es\/wp-json\/wp\/v2\/comments?post=40750"}],"version-history":[{"count":1,"href":"https:\/\/conversesacatalunya.cat\/es\/wp-json\/wp\/v2\/posts\/40750\/revisions"}],"predecessor-version":[{"id":40752,"href":"https:\/\/conversesacatalunya.cat\/es\/wp-json\/wp\/v2\/posts\/40750\/revisions\/40752"}],"wp:featuredmedia":[{"embeddable":true,"href":"https:\/\/conversesacatalunya.cat\/es\/wp-json\/wp\/v2\/media\/40739"}],"wp:attachment":[{"href":"https:\/\/conversesacatalunya.cat\/es\/wp-json\/wp\/v2\/media?parent=40750"}],"wp:term":[{"taxonomy":"category","embeddable":true,"href":"https:\/\/conversesacatalunya.cat\/es\/wp-json\/wp\/v2\/categories?post=40750"},{"taxonomy":"post_tag","embeddable":true,"href":"https:\/\/conversesacatalunya.cat\/es\/wp-json\/wp\/v2\/tags?post=40750"}],"curies":[{"name":"wp","href":"https:\/\/api.w.org\/{rel}","templated":true}]}}