{"id":40742,"date":"2020-10-01T12:32:53","date_gmt":"2020-10-01T10:32:53","guid":{"rendered":"https:\/\/conversesacatalunya.cat\/sensorra-area-central-de-barcelona\/"},"modified":"2020-10-01T13:43:02","modified_gmt":"2020-10-01T11:43:02","slug":"se-hunde-el-area-central-de-barcelona","status":"publish","type":"post","link":"https:\/\/conversesacatalunya.cat\/es\/se-hunde-el-area-central-de-barcelona\/","title":{"rendered":"Se hunde el \u00e1rea central de Barcelona"},"content":{"rendered":"<p>El \u00e1rea central de Barcelona, \u200b\u200bincluido el eje del Paseo de Gracia y todo el n\u00facleo hist\u00f3rico, pero tambi\u00e9n la zona alejada de la Sagrada Familia, se derrumba econ\u00f3micamente. La actividad comercial ha llegado a reducirse un 70%.<\/p>\n<p>La situaci\u00f3n, sin embargo, presenta alguna diferencia en funci\u00f3n de si se trata de barrios con una fuerte componente de poblaci\u00f3n residente (como es el caso de la Sagrada Familia) o no, porque si tiene vecindad, el consumo local compensa parcialmente la gran ca\u00edda. Pero el da\u00f1o es m\u00e1s extenso.<\/p>\n<p>Seg\u00fan <a href=\"https:\/\/estardondeestes.com\/movi\/es\/pulso\" target=\"_blank\" rel=\"noopener noreferrer\"><strong>Pulso<\/strong><\/a>, que registra la actividad comercial mediante el uso de las tarjetas, el <strong>30 de septiembre<\/strong> considerando los \u00faltimos 7 d\u00edas y en relaci\u00f3n con el a\u00f1o anterior, <a href=\"https:\/\/conversesacatalunya.cat\/es\/cataluna-no-se-recupera-bien-y-el-problema-esta-concentrado-en-barcelona\/\" target=\"_blank\" rel=\"noopener noreferrer\">la actividad econ\u00f3mica de Barcelona<\/a> estaba s\u00f3lo en el <strong>61%<\/strong>. De hecho, ahora ninguno de los sectores llega o supera el 100%. Incluso la alimentaci\u00f3n, que siempre se hab\u00eda situado en cifras altas iguales o superiores a las del a\u00f1o pasado, ahora ha retrocedido ligeramente hasta el 95,5%, y es, con diferencia, el sector mejor situado. En la cola est\u00e1n los hoteles (11%), la ropa (48%), la restauraci\u00f3n y otros comercios (61%). Por tanto, el da\u00f1o comercial es muy importante y va m\u00e1s all\u00e1 de la hosteler\u00eda.<\/p>\n<p>Un indicador de la movilidad, y por tanto de la actividad, lo da el gasto en gasolineras y transportes. En el primer caso se est\u00e1 al 69%, por lo tanto, el tr\u00e1fico privado, a pesar del temor al uso del transporte p\u00fablico, sigue muy por debajo que antes. Este hecho tiene una traducci\u00f3n en los indicadores de la calidad del aire, que en las \u00faltimas semanas est\u00e1n registrando buenos resultados. El transporte p\u00fablico s\u00f3lo est\u00e1 al 73%, y es l\u00f3gico, porque el paro se ha disparado en la ciudad. <strong>93.000 personas<\/strong> sin trabajo, sin contar aquellas que est\u00e1n en su casa afectadas por un ERTE. Todo ello, como es l\u00f3gico, tambi\u00e9n castiga a la actividad comercial, en toda la ciudad y no s\u00f3lo en los barrios tur\u00edsticos. Adem\u00e1s, por la estructura de edad de Barcelona, \u200b\u200bla poblaci\u00f3n activa no es demasiado numerosa y, si esto no se arregla, pronto nos podemos convertir en una ciudad en la que<strong> uno de los principales componentes de su renta sean las pensiones<\/strong>. Ser\u00eda un indicador de situaci\u00f3n p\u00e9simo.<\/p>\n<p>Y mientras, Ada Colau se dedica a cortar el tr\u00e1fico en la Via Laietana cada s\u00e1bado. Es su forma de ayudar a revitalizar la ciudad.<\/p>\n<p style=\"text-align: center;\"><iframe data-src=\"https:\/\/docs.google.com\/forms\/d\/e\/1FAIpQLSc3vHYTZgg3N3mDzSGbm0uWrpiDLTEj6pfW-vNPkRfrzME_Vg\/viewform?embedded=true\" width=\"640\" height=\"1175\" frameborder=\"0\" marginwidth=\"0\" marginheight=\"0\" src=\"data:image\/svg+xml;base64,PHN2ZyB3aWR0aD0iMSIgaGVpZ2h0PSIxIiB4bWxucz0iaHR0cDovL3d3dy53My5vcmcvMjAwMC9zdmciPjwvc3ZnPg==\" class=\"lazyload\" data-load-mode=\"1\">Cargando\u2026<\/iframe><\/p>\n<p>&nbsp;<\/p>\n","protected":false},"excerpt":{"rendered":"<p>El \u00e1rea central de Barcelona, \u200b\u200bincluido el eje del Paseo de Gracia y todo el n\u00facleo hist\u00f3rico, pero tambi\u00e9n la zona alejada de la Sagrada Familia, se derrumba econ\u00f3micamente. La actividad comercial ha llegado a reducirse un 70%. La situaci\u00f3n, sin embargo, presenta alguna diferencia en funci\u00f3n de si se trata de barrios con una fuerte componente de poblaci\u00f3n residente (como es el caso de la Sagrada Familia) o no, porque si tiene vecindad, el consumo local compensa parcialmente la gran ca\u00edda. Pero el da\u00f1o es m\u00e1s extenso. Seg\u00fan Pulso, que registra la actividad comercial mediante el uso de las tarjetas, el 30 de septiembre considerando los \u00faltimos 7 d\u00edas y en relaci\u00f3n con el a\u00f1o anterior, la actividad econ\u00f3mica de Barcelona estaba s\u00f3lo en el 61%. De hecho, ahora ninguno de los sectores llega o supera el 100%. Incluso la alimentaci\u00f3n, que siempre se hab\u00eda situado en cifras altas iguales o superiores a las del a\u00f1o pasado, ahora ha retrocedido ligeramente hasta el 95,5%, y es, con diferencia, el sector mejor situado. En la cola est\u00e1n los hoteles (11%), la ropa (48%), la restauraci\u00f3n y otros comercios (61%). Por tanto, el da\u00f1o comercial es muy importante y va m\u00e1s all\u00e1 de la hosteler\u00eda. Un indicador de la movilidad, y por tanto de la actividad, lo da el gasto en gasolineras y transportes. En el primer caso se est\u00e1 al 69%, por lo tanto, el tr\u00e1fico privado, a pesar del temor al uso del transporte p\u00fablico, sigue muy por debajo que antes. Este hecho tiene una traducci\u00f3n en los indicadores de la calidad del aire, que en las \u00faltimas semanas est\u00e1n registrando buenos resultados. El transporte p\u00fablico s\u00f3lo est\u00e1 al 73%, y es l\u00f3gico, porque el paro se ha disparado en la ciudad. 93.000 personas sin trabajo, sin contar aquellas que est\u00e1n en su casa afectadas por un ERTE. Todo ello, como es l\u00f3gico, tambi\u00e9n castiga a la actividad comercial, en toda la ciudad y no s\u00f3lo en los barrios tur\u00edsticos. Adem\u00e1s, por la estructura de edad de Barcelona, \u200b\u200bla poblaci\u00f3n activa no es demasiado numerosa y, si esto no se arregla, pronto nos podemos convertir en una ciudad en la que uno de los principales componentes de su renta sean las pensiones. Ser\u00eda un indicador de situaci\u00f3n p\u00e9simo. Y mientras, Ada Colau se dedica a cortar el tr\u00e1fico en la Via Laietana cada s\u00e1bado. Es su forma de ayudar a revitalizar la ciudad. Cargando\u2026 &nbsp;<\/p>\n","protected":false},"author":2,"featured_media":40729,"comment_status":"open","ping_status":"open","sticky":false,"template":"","format":"standard","meta":{"_FSMCFIC_featured_image_caption":"","_FSMCFIC_featured_image_nocaption":"","_FSMCFIC_featured_image_hide":"","footnotes":""},"categories":[3787,806],"tags":[889,3005,3006],"class_list":["post-40742","post","type-post","status-publish","format-standard","has-post-thumbnail","hentry","category-expedient-barcelona-es","category-punts-claus-del-dia-es","tag-barcelona-es","tag-crisi-coronavirus-es","tag-crisis-coronavirus"],"yoast_head":"<!-- This site is optimized with the Yoast SEO plugin v26.8 - https:\/\/yoast.com\/product\/yoast-seo-wordpress\/ -->\n<title>Se hunde el \u00e1rea central de Barcelona - Converses a Catalunya<\/title>\n<meta name=\"description\" content=\"El \u00e1rea central de Barcelona, incluido el eje del Paseo de Gracia, se derrumba econ\u00f3micamente. La actividad comercial ha llegado a reducirse un 70%\" \/>\n<meta name=\"robots\" content=\"index, follow, max-snippet:-1, max-image-preview:large, max-video-preview:-1\" \/>\n<link rel=\"canonical\" href=\"https:\/\/conversesacatalunya.cat\/es\/se-hunde-el-area-central-de-barcelona\/\" \/>\n<meta property=\"og:locale\" content=\"es_ES\" \/>\n<meta property=\"og:type\" content=\"article\" \/>\n<meta property=\"og:title\" content=\"Se hunde el \u00e1rea central de Barcelona - Converses a Catalunya\" \/>\n<meta property=\"og:description\" content=\"El \u00e1rea central de Barcelona, incluido el eje del Paseo de Gracia, se derrumba econ\u00f3micamente. La actividad comercial ha llegado a reducirse un 70%\" \/>\n<meta property=\"og:url\" content=\"https:\/\/conversesacatalunya.cat\/es\/se-hunde-el-area-central-de-barcelona\/\" \/>\n<meta property=\"og:site_name\" content=\"Converses a Catalunya\" \/>\n<meta property=\"article:published_time\" content=\"2020-10-01T10:32:53+00:00\" \/>\n<meta property=\"article:modified_time\" content=\"2020-10-01T11:43:02+00:00\" \/>\n<meta property=\"og:image\" content=\"https:\/\/conversesacatalunya.cat\/wp-content\/uploads\/2020\/10\/colau-tasa-residuos.jpeg\" \/>\n\t<meta property=\"og:image:width\" content=\"1200\" \/>\n\t<meta property=\"og:image:height\" content=\"634\" \/>\n\t<meta property=\"og:image:type\" content=\"image\/jpeg\" \/>\n<meta name=\"author\" content=\"conversesacatalunya\" \/>\n<meta name=\"twitter:card\" content=\"summary_large_image\" \/>\n<meta name=\"twitter:label1\" content=\"Escrito por\" \/>\n\t<meta name=\"twitter:data1\" content=\"conversesacatalunya\" \/>\n\t<meta name=\"twitter:label2\" content=\"Tiempo de lectura\" \/>\n\t<meta name=\"twitter:data2\" content=\"2 minutos\" \/>\n<script type=\"application\/ld+json\" class=\"yoast-schema-graph\">{\"@context\":\"https:\/\/schema.org\",\"@graph\":[{\"@type\":\"Article\",\"@id\":\"https:\/\/conversesacatalunya.cat\/es\/se-hunde-el-area-central-de-barcelona\/#article\",\"isPartOf\":{\"@id\":\"https:\/\/conversesacatalunya.cat\/es\/se-hunde-el-area-central-de-barcelona\/\"},\"author\":{\"name\":\"conversesacatalunya\",\"@id\":\"https:\/\/conversesacatalunya.cat\/#\/schema\/person\/7e24d1e54a2785373ddcb275eae5ed99\"},\"headline\":\"Se hunde el \u00e1rea central de Barcelona\",\"datePublished\":\"2020-10-01T10:32:53+00:00\",\"dateModified\":\"2020-10-01T11:43:02+00:00\",\"mainEntityOfPage\":{\"@id\":\"https:\/\/conversesacatalunya.cat\/es\/se-hunde-el-area-central-de-barcelona\/\"},\"wordCount\":444,\"commentCount\":0,\"image\":{\"@id\":\"https:\/\/conversesacatalunya.cat\/es\/se-hunde-el-area-central-de-barcelona\/#primaryimage\"},\"thumbnailUrl\":\"https:\/\/conversesacatalunya.cat\/wp-content\/uploads\/2020\/10\/colau-tasa-residuos.jpeg\",\"keywords\":[\"Barcelona\",\"crisi coronavirus\",\"crisis coronavirus\"],\"articleSection\":[\"Expedient Barcelona (ES)\",\"Punts clau del dia (ES)\"],\"inLanguage\":\"es\",\"potentialAction\":[{\"@type\":\"CommentAction\",\"name\":\"Comment\",\"target\":[\"https:\/\/conversesacatalunya.cat\/es\/se-hunde-el-area-central-de-barcelona\/#respond\"]}]},{\"@type\":\"WebPage\",\"@id\":\"https:\/\/conversesacatalunya.cat\/es\/se-hunde-el-area-central-de-barcelona\/\",\"url\":\"https:\/\/conversesacatalunya.cat\/es\/se-hunde-el-area-central-de-barcelona\/\",\"name\":\"Se hunde el \u00e1rea central de Barcelona - Converses a Catalunya\",\"isPartOf\":{\"@id\":\"https:\/\/conversesacatalunya.cat\/#website\"},\"primaryImageOfPage\":{\"@id\":\"https:\/\/conversesacatalunya.cat\/es\/se-hunde-el-area-central-de-barcelona\/#primaryimage\"},\"image\":{\"@id\":\"https:\/\/conversesacatalunya.cat\/es\/se-hunde-el-area-central-de-barcelona\/#primaryimage\"},\"thumbnailUrl\":\"https:\/\/conversesacatalunya.cat\/wp-content\/uploads\/2020\/10\/colau-tasa-residuos.jpeg\",\"datePublished\":\"2020-10-01T10:32:53+00:00\",\"dateModified\":\"2020-10-01T11:43:02+00:00\",\"author\":{\"@id\":\"https:\/\/conversesacatalunya.cat\/#\/schema\/person\/7e24d1e54a2785373ddcb275eae5ed99\"},\"description\":\"El \u00e1rea central de Barcelona, incluido el eje del Paseo de Gracia, se derrumba econ\u00f3micamente. La actividad comercial ha llegado a reducirse un 70%\",\"breadcrumb\":{\"@id\":\"https:\/\/conversesacatalunya.cat\/es\/se-hunde-el-area-central-de-barcelona\/#breadcrumb\"},\"inLanguage\":\"es\",\"potentialAction\":[{\"@type\":\"ReadAction\",\"target\":[\"https:\/\/conversesacatalunya.cat\/es\/se-hunde-el-area-central-de-barcelona\/\"]}]},{\"@type\":\"ImageObject\",\"inLanguage\":\"es\",\"@id\":\"https:\/\/conversesacatalunya.cat\/es\/se-hunde-el-area-central-de-barcelona\/#primaryimage\",\"url\":\"https:\/\/conversesacatalunya.cat\/wp-content\/uploads\/2020\/10\/colau-tasa-residuos.jpeg\",\"contentUrl\":\"https:\/\/conversesacatalunya.cat\/wp-content\/uploads\/2020\/10\/colau-tasa-residuos.jpeg\",\"width\":1200,\"height\":634,\"caption\":\"\u00e0rea central barcelona\"},{\"@type\":\"BreadcrumbList\",\"@id\":\"https:\/\/conversesacatalunya.cat\/es\/se-hunde-el-area-central-de-barcelona\/#breadcrumb\",\"itemListElement\":[{\"@type\":\"ListItem\",\"position\":1,\"name\":\"Inici\",\"item\":\"https:\/\/conversesacatalunya.cat\/es\/\"},{\"@type\":\"ListItem\",\"position\":2,\"name\":\"Se hunde el \u00e1rea central de Barcelona\"}]},{\"@type\":\"WebSite\",\"@id\":\"https:\/\/conversesacatalunya.cat\/#website\",\"url\":\"https:\/\/conversesacatalunya.cat\/\",\"name\":\"Converses a Catalunya\",\"description\":\"\",\"potentialAction\":[{\"@type\":\"SearchAction\",\"target\":{\"@type\":\"EntryPoint\",\"urlTemplate\":\"https:\/\/conversesacatalunya.cat\/?s={search_term_string}\"},\"query-input\":{\"@type\":\"PropertyValueSpecification\",\"valueRequired\":true,\"valueName\":\"search_term_string\"}}],\"inLanguage\":\"es\"},{\"@type\":\"Person\",\"@id\":\"https:\/\/conversesacatalunya.cat\/#\/schema\/person\/7e24d1e54a2785373ddcb275eae5ed99\",\"name\":\"conversesacatalunya\",\"image\":{\"@type\":\"ImageObject\",\"inLanguage\":\"es\",\"@id\":\"https:\/\/conversesacatalunya.cat\/#\/schema\/person\/image\/\",\"url\":\"https:\/\/conversesacatalunya.cat\/wp-content\/litespeed\/avatar\/febdfeeec89d950f01c748045a981dd2.jpg?ver=1777314535\",\"contentUrl\":\"https:\/\/conversesacatalunya.cat\/wp-content\/litespeed\/avatar\/febdfeeec89d950f01c748045a981dd2.jpg?ver=1777314535\",\"caption\":\"conversesacatalunya\"},\"url\":\"https:\/\/conversesacatalunya.cat\/es\/author\/carme_catala\/\"}]}<\/script>\n<!-- \/ Yoast SEO plugin. -->","yoast_head_json":{"title":"Se hunde el \u00e1rea central de Barcelona - Converses a Catalunya","description":"El \u00e1rea central de Barcelona, incluido el eje del Paseo de Gracia, se derrumba econ\u00f3micamente. La actividad comercial ha llegado a reducirse un 70%","robots":{"index":"index","follow":"follow","max-snippet":"max-snippet:-1","max-image-preview":"max-image-preview:large","max-video-preview":"max-video-preview:-1"},"canonical":"https:\/\/conversesacatalunya.cat\/es\/se-hunde-el-area-central-de-barcelona\/","og_locale":"es_ES","og_type":"article","og_title":"Se hunde el \u00e1rea central de Barcelona - Converses a Catalunya","og_description":"El \u00e1rea central de Barcelona, incluido el eje del Paseo de Gracia, se derrumba econ\u00f3micamente. La actividad comercial ha llegado a reducirse un 70%","og_url":"https:\/\/conversesacatalunya.cat\/es\/se-hunde-el-area-central-de-barcelona\/","og_site_name":"Converses a Catalunya","article_published_time":"2020-10-01T10:32:53+00:00","article_modified_time":"2020-10-01T11:43:02+00:00","og_image":[{"width":1200,"height":634,"url":"https:\/\/conversesacatalunya.cat\/wp-content\/uploads\/2020\/10\/colau-tasa-residuos.jpeg","type":"image\/jpeg"}],"author":"conversesacatalunya","twitter_card":"summary_large_image","twitter_misc":{"Escrito por":"conversesacatalunya","Tiempo de lectura":"2 minutos"},"schema":{"@context":"https:\/\/schema.org","@graph":[{"@type":"Article","@id":"https:\/\/conversesacatalunya.cat\/es\/se-hunde-el-area-central-de-barcelona\/#article","isPartOf":{"@id":"https:\/\/conversesacatalunya.cat\/es\/se-hunde-el-area-central-de-barcelona\/"},"author":{"name":"conversesacatalunya","@id":"https:\/\/conversesacatalunya.cat\/#\/schema\/person\/7e24d1e54a2785373ddcb275eae5ed99"},"headline":"Se hunde el \u00e1rea central de Barcelona","datePublished":"2020-10-01T10:32:53+00:00","dateModified":"2020-10-01T11:43:02+00:00","mainEntityOfPage":{"@id":"https:\/\/conversesacatalunya.cat\/es\/se-hunde-el-area-central-de-barcelona\/"},"wordCount":444,"commentCount":0,"image":{"@id":"https:\/\/conversesacatalunya.cat\/es\/se-hunde-el-area-central-de-barcelona\/#primaryimage"},"thumbnailUrl":"https:\/\/conversesacatalunya.cat\/wp-content\/uploads\/2020\/10\/colau-tasa-residuos.jpeg","keywords":["Barcelona","crisi coronavirus","crisis coronavirus"],"articleSection":["Expedient Barcelona (ES)","Punts clau del dia (ES)"],"inLanguage":"es","potentialAction":[{"@type":"CommentAction","name":"Comment","target":["https:\/\/conversesacatalunya.cat\/es\/se-hunde-el-area-central-de-barcelona\/#respond"]}]},{"@type":"WebPage","@id":"https:\/\/conversesacatalunya.cat\/es\/se-hunde-el-area-central-de-barcelona\/","url":"https:\/\/conversesacatalunya.cat\/es\/se-hunde-el-area-central-de-barcelona\/","name":"Se hunde el \u00e1rea central de Barcelona - Converses a Catalunya","isPartOf":{"@id":"https:\/\/conversesacatalunya.cat\/#website"},"primaryImageOfPage":{"@id":"https:\/\/conversesacatalunya.cat\/es\/se-hunde-el-area-central-de-barcelona\/#primaryimage"},"image":{"@id":"https:\/\/conversesacatalunya.cat\/es\/se-hunde-el-area-central-de-barcelona\/#primaryimage"},"thumbnailUrl":"https:\/\/conversesacatalunya.cat\/wp-content\/uploads\/2020\/10\/colau-tasa-residuos.jpeg","datePublished":"2020-10-01T10:32:53+00:00","dateModified":"2020-10-01T11:43:02+00:00","author":{"@id":"https:\/\/conversesacatalunya.cat\/#\/schema\/person\/7e24d1e54a2785373ddcb275eae5ed99"},"description":"El \u00e1rea central de Barcelona, incluido el eje del Paseo de Gracia, se derrumba econ\u00f3micamente. La actividad comercial ha llegado a reducirse un 70%","breadcrumb":{"@id":"https:\/\/conversesacatalunya.cat\/es\/se-hunde-el-area-central-de-barcelona\/#breadcrumb"},"inLanguage":"es","potentialAction":[{"@type":"ReadAction","target":["https:\/\/conversesacatalunya.cat\/es\/se-hunde-el-area-central-de-barcelona\/"]}]},{"@type":"ImageObject","inLanguage":"es","@id":"https:\/\/conversesacatalunya.cat\/es\/se-hunde-el-area-central-de-barcelona\/#primaryimage","url":"https:\/\/conversesacatalunya.cat\/wp-content\/uploads\/2020\/10\/colau-tasa-residuos.jpeg","contentUrl":"https:\/\/conversesacatalunya.cat\/wp-content\/uploads\/2020\/10\/colau-tasa-residuos.jpeg","width":1200,"height":634,"caption":"\u00e0rea central barcelona"},{"@type":"BreadcrumbList","@id":"https:\/\/conversesacatalunya.cat\/es\/se-hunde-el-area-central-de-barcelona\/#breadcrumb","itemListElement":[{"@type":"ListItem","position":1,"name":"Inici","item":"https:\/\/conversesacatalunya.cat\/es\/"},{"@type":"ListItem","position":2,"name":"Se hunde el \u00e1rea central de Barcelona"}]},{"@type":"WebSite","@id":"https:\/\/conversesacatalunya.cat\/#website","url":"https:\/\/conversesacatalunya.cat\/","name":"Converses a Catalunya","description":"","potentialAction":[{"@type":"SearchAction","target":{"@type":"EntryPoint","urlTemplate":"https:\/\/conversesacatalunya.cat\/?s={search_term_string}"},"query-input":{"@type":"PropertyValueSpecification","valueRequired":true,"valueName":"search_term_string"}}],"inLanguage":"es"},{"@type":"Person","@id":"https:\/\/conversesacatalunya.cat\/#\/schema\/person\/7e24d1e54a2785373ddcb275eae5ed99","name":"conversesacatalunya","image":{"@type":"ImageObject","inLanguage":"es","@id":"https:\/\/conversesacatalunya.cat\/#\/schema\/person\/image\/","url":"https:\/\/conversesacatalunya.cat\/wp-content\/litespeed\/avatar\/febdfeeec89d950f01c748045a981dd2.jpg?ver=1777314535","contentUrl":"https:\/\/conversesacatalunya.cat\/wp-content\/litespeed\/avatar\/febdfeeec89d950f01c748045a981dd2.jpg?ver=1777314535","caption":"conversesacatalunya"},"url":"https:\/\/conversesacatalunya.cat\/es\/author\/carme_catala\/"}]}},"wps_subtitle":"","_links":{"self":[{"href":"https:\/\/conversesacatalunya.cat\/es\/wp-json\/wp\/v2\/posts\/40742","targetHints":{"allow":["GET"]}}],"collection":[{"href":"https:\/\/conversesacatalunya.cat\/es\/wp-json\/wp\/v2\/posts"}],"about":[{"href":"https:\/\/conversesacatalunya.cat\/es\/wp-json\/wp\/v2\/types\/post"}],"author":[{"embeddable":true,"href":"https:\/\/conversesacatalunya.cat\/es\/wp-json\/wp\/v2\/users\/2"}],"replies":[{"embeddable":true,"href":"https:\/\/conversesacatalunya.cat\/es\/wp-json\/wp\/v2\/comments?post=40742"}],"version-history":[{"count":2,"href":"https:\/\/conversesacatalunya.cat\/es\/wp-json\/wp\/v2\/posts\/40742\/revisions"}],"predecessor-version":[{"id":40743,"href":"https:\/\/conversesacatalunya.cat\/es\/wp-json\/wp\/v2\/posts\/40742\/revisions\/40743"}],"wp:featuredmedia":[{"embeddable":true,"href":"https:\/\/conversesacatalunya.cat\/es\/wp-json\/wp\/v2\/media\/40729"}],"wp:attachment":[{"href":"https:\/\/conversesacatalunya.cat\/es\/wp-json\/wp\/v2\/media?parent=40742"}],"wp:term":[{"taxonomy":"category","embeddable":true,"href":"https:\/\/conversesacatalunya.cat\/es\/wp-json\/wp\/v2\/categories?post=40742"},{"taxonomy":"post_tag","embeddable":true,"href":"https:\/\/conversesacatalunya.cat\/es\/wp-json\/wp\/v2\/tags?post=40742"}],"curies":[{"name":"wp","href":"https:\/\/api.w.org\/{rel}","templated":true}]}}