{"id":40665,"date":"2020-09-30T07:00:45","date_gmt":"2020-09-30T05:00:45","guid":{"rendered":"https:\/\/conversesacatalunya.cat\/pib-el-govern-rebaixa-les-previsions-de-creixement\/"},"modified":"2020-09-30T11:51:25","modified_gmt":"2020-09-30T09:51:25","slug":"pib-el-gobierno-rebaja-las-previsiones-de-crecimiento","status":"publish","type":"post","link":"https:\/\/conversesacatalunya.cat\/es\/pib-el-gobierno-rebaja-las-previsiones-de-crecimiento\/","title":{"rendered":"PIB: el gobierno rebaja las previsiones de crecimiento"},"content":{"rendered":"<p>A principios del mes de octubre el gobierno tiene previsto actualizar las estimaciones macroecon\u00f3micas, <strong>con una seria rebaja de expectativas sobre el crecimiento del PIB<\/strong>. El Producto Interior Bruto se estima que caer\u00e1 entre el 10% y el 11%, para este a\u00f1o. Adem\u00e1s de querer presentar el proyecto de Presupuestos Generales del Estado (PGE) de 2021, vendr\u00e1 acompa\u00f1ado del nuevo l\u00edmite de gasto no financiero.<\/p>\n<p>La rebaja de previsiones del crecimiento del PIB va en la misma l\u00ednea que otros estudios realizados por Funcas, la Comisi\u00f3n Europea o el mismo Banco de Espa\u00f1a. En este sentido, el gobierno tambi\u00e9n pretende reunir a las comunidades aut\u00f3nomas para realizar una nueva reuni\u00f3n del Consejo de Pol\u00edtica Fiscal y Financiera (CPFF), en el que se abordar\u00e1n las entregas a cuenta del sistema de financiaci\u00f3n de las CCAA y se informar\u00e1 sobre el &#8216;techo de gasto&#8217; y las cuestiones que ata\u00f1en para tener una base sobre la que construir los presupuestos regionales, junto al c\u00e1lculo sobre los fondos europeos.<\/p>\n<p>La \u00faltima senda de estabilidad presupuestaria del Gobierno proyectaba un d\u00e9ficit p\u00fablico del 10,34% del PIB este a\u00f1o, hasta los 115.671 millones de euros, el mayor d\u00e9ficit desde el a\u00f1o 2012, con una ca\u00edda de los ingresos del 5,3%, con 25.711 millones respecto al a\u00f1o pasado, hasta 461.043 millones (41,2% del PIB) y un aumento del gasto p\u00fablico del 10,5%, con 57.765 millones de euros m\u00e1s, hasta 576.714 millones (51,5% del PIB). Entonces, Montero cifr\u00f3 el impacto de las medidas para paliar el Covid-19 en 138.923 millones de euros. El Programa Presupuestario preve\u00eda un incremento de la ratio de deuda p\u00fablica desde el 95,5% del PIB registrado el 2019 hasta el 115,5% del PIB este a\u00f1o. Previsiblemente el Gobierno tambi\u00e9n tendr\u00e1 que revisar al alza las cifras de d\u00e9ficit y deuda p\u00fablica como consecuencia de la crisis.<\/p>\n<p>El Gobierno trabaja con el convencimiento de que, con motivo de la pandemia, el examen de Bruselas no se centrar\u00e1 en la magnitud del d\u00e9ficit p\u00fablico, sino en<strong> la capacidad de ejecuci\u00f3n de los fondos europeos<\/strong> aprobados para afrontar la reconstrucci\u00f3n econ\u00f3mica y los proyectos que se presenten para concentrar los 140.000 millones de euros que, entre transferencias y cr\u00e9ditos, corresponden a Espa\u00f1a.<\/p>\n<p>De cara a los Presupuestos, el &#8216;techo de gasto&#8217; ser\u00e1 expansivo, pero incluir\u00e1 ya una senda de consolidaci\u00f3n del d\u00e9ficit p\u00fablico. Ya en febrero la ministra de Hacienda aprob\u00f3 una senda de estabilidad y defendi\u00f3 en el Congreso el &#8216;techo de gasto&#8217; para este a\u00f1o que se elevaba un 3,8% (hasta los 127.609 millones), e incluy\u00f3 una subida del 3% en el a\u00f1o 2021, hasta los 131.437 millones de euros.<\/p>\n<span class='bctt-click-to-tweet'><span class='bctt-ctt-text'><a href='https:\/\/twitter.com\/intent\/tweet?url=https%3A%2F%2Fconversesacatalunya.cat%2Fes%2Fpib-el-gobierno-rebaja-las-previsiones-de-crecimiento%2F&#038;text=La%20rebaja%20de%20previsiones%20del%20crecimiento%20del%20PIB%20va%20en%20la%20misma%20l%C3%ADnea%20que%20otros%20estudios%20realizados%20por%20Funcas%2C%20la%20Comisi%C3%B3n%20Europea%20o%20el%20mismo%20Banco%20de%20Espa%C3%B1a&#038;via=conversesacat&#038;related=conversesacat' target='_blank'rel=\"noopener noreferrer\">La rebaja de previsiones del crecimiento del PIB va en la misma l\u00ednea que otros estudios realizados por Funcas, la Comisi\u00f3n Europea o el mismo Banco de Espa\u00f1a <\/a><\/span><a href='https:\/\/twitter.com\/intent\/tweet?url=https%3A%2F%2Fconversesacatalunya.cat%2Fes%2Fpib-el-gobierno-rebaja-las-previsiones-de-crecimiento%2F&#038;text=La%20rebaja%20de%20previsiones%20del%20crecimiento%20del%20PIB%20va%20en%20la%20misma%20l%C3%ADnea%20que%20otros%20estudios%20realizados%20por%20Funcas%2C%20la%20Comisi%C3%B3n%20Europea%20o%20el%20mismo%20Banco%20de%20Espa%C3%B1a&#038;via=conversesacat&#038;related=conversesacat' target='_blank' class='bctt-ctt-btn'rel=\"noopener noreferrer\">Compartir en X<\/a><\/span>\n<div id=\"polls-73\" class=\"wp-polls\">\n\t<form id=\"polls_form_73\" class=\"wp-polls-form\" action=\"\/index.php\" method=\"post\">\n\t\t<p style=\"display: none;\"><input type=\"hidden\" id=\"poll_73_nonce\" name=\"wp-polls-nonce\" value=\"e3655e9195\" \/><\/p>\n\t\t<p style=\"display: none;\"><input type=\"hidden\" name=\"poll_id\" value=\"73\" \/><\/p>\n\t\t<p style=\"text-align: center\"><strong>Considereu justa la decisi\u00f3 del Tribunal Suprem d'inhabilitar al President Torra?<\/strong><\/p><div id=\"polls-73-ans\" class=\"wp-polls-ans\"><ul class=\"wp-polls-ul\">\n\t\t<li><input type=\"radio\" id=\"poll-answer-159\" name=\"poll_73\" value=\"159\" \/> <label for=\"poll-answer-159\">Si<\/label><\/li>\n\t\t<li><input type=\"radio\" id=\"poll-answer-160\" name=\"poll_73\" value=\"160\" \/> <label for=\"poll-answer-160\">No<\/label><\/li>\n\t\t<li><input type=\"radio\" id=\"poll-answer-161\" name=\"poll_73\" value=\"161\" \/> <label for=\"poll-answer-161\">No ho s\u00e9<\/label><\/li>\n\t\t<\/ul><p style=\"text-align: center\"><input type=\"button\" name=\"vote\" value=\"   Vota   \" class=\"Buttons\" onclick=\"poll_vote(73);\" \/><\/p><p style=\"text-align: center\"><a href=\"#ViewPollResults\" onclick=\"poll_result(73); return false;\" title=\"View Results Of This Poll\">Mira els resultats<\/a><\/p><\/div>\n\t<\/form>\n<\/div>\n<div id=\"polls-73-loading\" class=\"wp-polls-loading\"><img decoding=\"async\" data-src=\"https:\/\/conversesacatalunya.cat\/wp-content\/plugins\/wp-polls\/images\/loading.gif\" width=\"16\" height=\"16\" alt=\"Cargando ...\" title=\"Cargando ...\" class=\"wp-polls-image lazyload\" src=\"data:image\/svg+xml;base64,PHN2ZyB3aWR0aD0iMSIgaGVpZ2h0PSIxIiB4bWxucz0iaHR0cDovL3d3dy53My5vcmcvMjAwMC9zdmciPjwvc3ZnPg==\" style=\"--smush-placeholder-width: 16px; --smush-placeholder-aspect-ratio: 16\/16;\" \/>&nbsp;Cargando ...<\/div>\n\n","protected":false},"excerpt":{"rendered":"<p>A principios del mes de octubre el gobierno tiene previsto actualizar las estimaciones macroecon\u00f3micas, con una seria rebaja de expectativas sobre el crecimiento del PIB. El Producto Interior Bruto se estima que caer\u00e1 entre el 10% y el 11%, para este a\u00f1o. Adem\u00e1s de querer presentar el proyecto de Presupuestos Generales del Estado (PGE) de 2021, vendr\u00e1 acompa\u00f1ado del nuevo l\u00edmite de gasto no financiero. La rebaja de previsiones del crecimiento del PIB va en la misma l\u00ednea que otros estudios realizados por Funcas, la Comisi\u00f3n Europea o el mismo Banco de Espa\u00f1a. En este sentido, el gobierno tambi\u00e9n pretende reunir a las comunidades aut\u00f3nomas para realizar una nueva reuni\u00f3n del Consejo de Pol\u00edtica Fiscal y Financiera (CPFF), en el que se abordar\u00e1n las entregas a cuenta del sistema de financiaci\u00f3n de las CCAA y se informar\u00e1 sobre el &#8216;techo de gasto&#8217; y las cuestiones que ata\u00f1en para tener una base sobre la que construir los presupuestos regionales, junto al c\u00e1lculo sobre los fondos europeos. La \u00faltima senda de estabilidad presupuestaria del Gobierno proyectaba un d\u00e9ficit p\u00fablico del 10,34% del PIB este a\u00f1o, hasta los 115.671 millones de euros, el mayor d\u00e9ficit desde el a\u00f1o 2012, con una ca\u00edda de los ingresos del 5,3%, con 25.711 millones respecto al a\u00f1o pasado, hasta 461.043 millones (41,2% del PIB) y un aumento del gasto p\u00fablico del 10,5%, con 57.765 millones de euros m\u00e1s, hasta 576.714 millones (51,5% del PIB). Entonces, Montero cifr\u00f3 el impacto de las medidas para paliar el Covid-19 en 138.923 millones de euros. El Programa Presupuestario preve\u00eda un incremento de la ratio de deuda p\u00fablica desde el 95,5% del PIB registrado el 2019 hasta el 115,5% del PIB este a\u00f1o. Previsiblemente el Gobierno tambi\u00e9n tendr\u00e1 que revisar al alza las cifras de d\u00e9ficit y deuda p\u00fablica como consecuencia de la crisis. El Gobierno trabaja con el convencimiento de que, con motivo de la pandemia, el examen de Bruselas no se centrar\u00e1 en la magnitud del d\u00e9ficit p\u00fablico, sino en la capacidad de ejecuci\u00f3n de los fondos europeos aprobados para afrontar la reconstrucci\u00f3n econ\u00f3mica y los proyectos que se presenten para concentrar los 140.000 millones de euros que, entre transferencias y cr\u00e9ditos, corresponden a Espa\u00f1a. De cara a los Presupuestos, el &#8216;techo de gasto&#8217; ser\u00e1 expansivo, pero incluir\u00e1 ya una senda de consolidaci\u00f3n del d\u00e9ficit p\u00fablico. Ya en febrero la ministra de Hacienda aprob\u00f3 una senda de estabilidad y defendi\u00f3 en el Congreso el &#8216;techo de gasto&#8217; para este a\u00f1o que se elevaba un 3,8% (hasta los 127.609 millones), e incluy\u00f3 una subida del 3% en el a\u00f1o 2021, hasta los 131.437 millones de euros.<\/p>\n","protected":false},"author":20,"featured_media":40525,"comment_status":"open","ping_status":"open","sticky":false,"template":"","format":"standard","meta":{"_FSMCFIC_featured_image_caption":"","_FSMCFIC_featured_image_nocaption":"","_FSMCFIC_featured_image_hide":"","footnotes":""},"categories":[1772,806],"tags":[1504,960,917],"class_list":["post-40665","post","type-post","status-publish","format-standard","has-post-thumbnail","hentry","category-especial-coronavirus-es","category-punts-claus-del-dia-es","tag-coronavirus-es","tag-pib-es","tag-psoe-es"],"yoast_head":"<!-- This site is optimized with the Yoast SEO plugin v26.8 - https:\/\/yoast.com\/product\/yoast-seo-wordpress\/ -->\n<title>PIB: el gobierno rebaja las previsiones de crecimiento -<\/title>\n<meta name=\"description\" content=\"El gobierno modera las expectativas sobre el crecimiento del PIB, cifrando una ca\u00edda de entre el 10% y el 11%.\" \/>\n<meta name=\"robots\" content=\"index, follow, max-snippet:-1, max-image-preview:large, max-video-preview:-1\" \/>\n<link rel=\"canonical\" href=\"https:\/\/conversesacatalunya.cat\/es\/pib-el-gobierno-rebaja-las-previsiones-de-crecimiento\/\" \/>\n<meta property=\"og:locale\" content=\"es_ES\" \/>\n<meta property=\"og:type\" content=\"article\" \/>\n<meta property=\"og:title\" content=\"PIB: el gobierno rebaja las previsiones de crecimiento -\" \/>\n<meta property=\"og:description\" content=\"El gobierno modera las expectativas sobre el crecimiento del PIB, cifrando una ca\u00edda de entre el 10% y el 11%.\" \/>\n<meta property=\"og:url\" content=\"https:\/\/conversesacatalunya.cat\/es\/pib-el-gobierno-rebaja-las-previsiones-de-crecimiento\/\" \/>\n<meta property=\"og:site_name\" content=\"Converses a Catalunya\" \/>\n<meta property=\"article:published_time\" content=\"2020-09-30T05:00:45+00:00\" \/>\n<meta property=\"article:modified_time\" content=\"2020-09-30T09:51:25+00:00\" \/>\n<meta property=\"og:image\" content=\"https:\/\/conversesacatalunya.cat\/wp-content\/uploads\/2020\/09\/Capture-11.png\" \/>\n\t<meta property=\"og:image:width\" content=\"743\" \/>\n\t<meta property=\"og:image:height\" content=\"738\" \/>\n\t<meta property=\"og:image:type\" content=\"image\/png\" \/>\n<meta name=\"author\" content=\"conversesacatalunya\" \/>\n<meta name=\"twitter:card\" content=\"summary_large_image\" \/>\n<meta name=\"twitter:label1\" content=\"Escrito por\" \/>\n\t<meta name=\"twitter:data1\" content=\"conversesacatalunya\" \/>\n\t<meta name=\"twitter:label2\" content=\"Tiempo de lectura\" \/>\n\t<meta name=\"twitter:data2\" content=\"2 minutos\" \/>\n<script type=\"application\/ld+json\" class=\"yoast-schema-graph\">{\"@context\":\"https:\/\/schema.org\",\"@graph\":[{\"@type\":\"Article\",\"@id\":\"https:\/\/conversesacatalunya.cat\/es\/pib-el-gobierno-rebaja-las-previsiones-de-crecimiento\/#article\",\"isPartOf\":{\"@id\":\"https:\/\/conversesacatalunya.cat\/es\/pib-el-gobierno-rebaja-las-previsiones-de-crecimiento\/\"},\"author\":{\"name\":\"conversesacatalunya\",\"@id\":\"https:\/\/conversesacatalunya.cat\/#\/schema\/person\/a7a9496a363cd9847daf7cd659d92e64\"},\"headline\":\"PIB: el gobierno rebaja las previsiones de crecimiento\",\"datePublished\":\"2020-09-30T05:00:45+00:00\",\"dateModified\":\"2020-09-30T09:51:25+00:00\",\"mainEntityOfPage\":{\"@id\":\"https:\/\/conversesacatalunya.cat\/es\/pib-el-gobierno-rebaja-las-previsiones-de-crecimiento\/\"},\"wordCount\":499,\"commentCount\":0,\"image\":{\"@id\":\"https:\/\/conversesacatalunya.cat\/es\/pib-el-gobierno-rebaja-las-previsiones-de-crecimiento\/#primaryimage\"},\"thumbnailUrl\":\"https:\/\/conversesacatalunya.cat\/wp-content\/uploads\/2020\/09\/Capture-11.png\",\"keywords\":[\"coronavirus\",\"PIB\",\"PSOE\"],\"articleSection\":[\"Especial Coronavirus (ES)\",\"Punts clau del dia (ES)\"],\"inLanguage\":\"es\",\"potentialAction\":[{\"@type\":\"CommentAction\",\"name\":\"Comment\",\"target\":[\"https:\/\/conversesacatalunya.cat\/es\/pib-el-gobierno-rebaja-las-previsiones-de-crecimiento\/#respond\"]}]},{\"@type\":\"WebPage\",\"@id\":\"https:\/\/conversesacatalunya.cat\/es\/pib-el-gobierno-rebaja-las-previsiones-de-crecimiento\/\",\"url\":\"https:\/\/conversesacatalunya.cat\/es\/pib-el-gobierno-rebaja-las-previsiones-de-crecimiento\/\",\"name\":\"PIB: el gobierno rebaja las previsiones de crecimiento -\",\"isPartOf\":{\"@id\":\"https:\/\/conversesacatalunya.cat\/#website\"},\"primaryImageOfPage\":{\"@id\":\"https:\/\/conversesacatalunya.cat\/es\/pib-el-gobierno-rebaja-las-previsiones-de-crecimiento\/#primaryimage\"},\"image\":{\"@id\":\"https:\/\/conversesacatalunya.cat\/es\/pib-el-gobierno-rebaja-las-previsiones-de-crecimiento\/#primaryimage\"},\"thumbnailUrl\":\"https:\/\/conversesacatalunya.cat\/wp-content\/uploads\/2020\/09\/Capture-11.png\",\"datePublished\":\"2020-09-30T05:00:45+00:00\",\"dateModified\":\"2020-09-30T09:51:25+00:00\",\"author\":{\"@id\":\"https:\/\/conversesacatalunya.cat\/#\/schema\/person\/a7a9496a363cd9847daf7cd659d92e64\"},\"description\":\"El gobierno modera las expectativas sobre el crecimiento del PIB, cifrando una ca\u00edda de entre el 10% y el 11%.\",\"breadcrumb\":{\"@id\":\"https:\/\/conversesacatalunya.cat\/es\/pib-el-gobierno-rebaja-las-previsiones-de-crecimiento\/#breadcrumb\"},\"inLanguage\":\"es\",\"potentialAction\":[{\"@type\":\"ReadAction\",\"target\":[\"https:\/\/conversesacatalunya.cat\/es\/pib-el-gobierno-rebaja-las-previsiones-de-crecimiento\/\"]}]},{\"@type\":\"ImageObject\",\"inLanguage\":\"es\",\"@id\":\"https:\/\/conversesacatalunya.cat\/es\/pib-el-gobierno-rebaja-las-previsiones-de-crecimiento\/#primaryimage\",\"url\":\"https:\/\/conversesacatalunya.cat\/wp-content\/uploads\/2020\/09\/Capture-11.png\",\"contentUrl\":\"https:\/\/conversesacatalunya.cat\/wp-content\/uploads\/2020\/09\/Capture-11.png\",\"width\":743,\"height\":738,\"caption\":\"PIB\"},{\"@type\":\"BreadcrumbList\",\"@id\":\"https:\/\/conversesacatalunya.cat\/es\/pib-el-gobierno-rebaja-las-previsiones-de-crecimiento\/#breadcrumb\",\"itemListElement\":[{\"@type\":\"ListItem\",\"position\":1,\"name\":\"Inici\",\"item\":\"https:\/\/conversesacatalunya.cat\/es\/\"},{\"@type\":\"ListItem\",\"position\":2,\"name\":\"PIB: el gobierno rebaja las previsiones de crecimiento\"}]},{\"@type\":\"WebSite\",\"@id\":\"https:\/\/conversesacatalunya.cat\/#website\",\"url\":\"https:\/\/conversesacatalunya.cat\/\",\"name\":\"Converses a Catalunya\",\"description\":\"\",\"potentialAction\":[{\"@type\":\"SearchAction\",\"target\":{\"@type\":\"EntryPoint\",\"urlTemplate\":\"https:\/\/conversesacatalunya.cat\/?s={search_term_string}\"},\"query-input\":{\"@type\":\"PropertyValueSpecification\",\"valueRequired\":true,\"valueName\":\"search_term_string\"}}],\"inLanguage\":\"es\"},{\"@type\":\"Person\",\"@id\":\"https:\/\/conversesacatalunya.cat\/#\/schema\/person\/a7a9496a363cd9847daf7cd659d92e64\",\"name\":\"conversesacatalunya\",\"image\":{\"@type\":\"ImageObject\",\"inLanguage\":\"es\",\"@id\":\"https:\/\/conversesacatalunya.cat\/#\/schema\/person\/image\/\",\"url\":\"https:\/\/conversesacatalunya.cat\/wp-content\/litespeed\/avatar\/ff91582b44ff9c880dc9c5ac2f5c7e89.jpg?ver=1777372947\",\"contentUrl\":\"https:\/\/conversesacatalunya.cat\/wp-content\/litespeed\/avatar\/ff91582b44ff9c880dc9c5ac2f5c7e89.jpg?ver=1777372947\",\"caption\":\"conversesacatalunya\"},\"url\":\"https:\/\/conversesacatalunya.cat\/es\/author\/francisco_garcia\/\"}]}<\/script>\n<!-- \/ Yoast SEO plugin. -->","yoast_head_json":{"title":"PIB: el gobierno rebaja las previsiones de crecimiento -","description":"El gobierno modera las expectativas sobre el crecimiento del PIB, cifrando una ca\u00edda de entre el 10% y el 11%.","robots":{"index":"index","follow":"follow","max-snippet":"max-snippet:-1","max-image-preview":"max-image-preview:large","max-video-preview":"max-video-preview:-1"},"canonical":"https:\/\/conversesacatalunya.cat\/es\/pib-el-gobierno-rebaja-las-previsiones-de-crecimiento\/","og_locale":"es_ES","og_type":"article","og_title":"PIB: el gobierno rebaja las previsiones de crecimiento -","og_description":"El gobierno modera las expectativas sobre el crecimiento del PIB, cifrando una ca\u00edda de entre el 10% y el 11%.","og_url":"https:\/\/conversesacatalunya.cat\/es\/pib-el-gobierno-rebaja-las-previsiones-de-crecimiento\/","og_site_name":"Converses a Catalunya","article_published_time":"2020-09-30T05:00:45+00:00","article_modified_time":"2020-09-30T09:51:25+00:00","og_image":[{"width":743,"height":738,"url":"https:\/\/conversesacatalunya.cat\/wp-content\/uploads\/2020\/09\/Capture-11.png","type":"image\/png"}],"author":"conversesacatalunya","twitter_card":"summary_large_image","twitter_misc":{"Escrito por":"conversesacatalunya","Tiempo de lectura":"2 minutos"},"schema":{"@context":"https:\/\/schema.org","@graph":[{"@type":"Article","@id":"https:\/\/conversesacatalunya.cat\/es\/pib-el-gobierno-rebaja-las-previsiones-de-crecimiento\/#article","isPartOf":{"@id":"https:\/\/conversesacatalunya.cat\/es\/pib-el-gobierno-rebaja-las-previsiones-de-crecimiento\/"},"author":{"name":"conversesacatalunya","@id":"https:\/\/conversesacatalunya.cat\/#\/schema\/person\/a7a9496a363cd9847daf7cd659d92e64"},"headline":"PIB: el gobierno rebaja las previsiones de crecimiento","datePublished":"2020-09-30T05:00:45+00:00","dateModified":"2020-09-30T09:51:25+00:00","mainEntityOfPage":{"@id":"https:\/\/conversesacatalunya.cat\/es\/pib-el-gobierno-rebaja-las-previsiones-de-crecimiento\/"},"wordCount":499,"commentCount":0,"image":{"@id":"https:\/\/conversesacatalunya.cat\/es\/pib-el-gobierno-rebaja-las-previsiones-de-crecimiento\/#primaryimage"},"thumbnailUrl":"https:\/\/conversesacatalunya.cat\/wp-content\/uploads\/2020\/09\/Capture-11.png","keywords":["coronavirus","PIB","PSOE"],"articleSection":["Especial Coronavirus (ES)","Punts clau del dia (ES)"],"inLanguage":"es","potentialAction":[{"@type":"CommentAction","name":"Comment","target":["https:\/\/conversesacatalunya.cat\/es\/pib-el-gobierno-rebaja-las-previsiones-de-crecimiento\/#respond"]}]},{"@type":"WebPage","@id":"https:\/\/conversesacatalunya.cat\/es\/pib-el-gobierno-rebaja-las-previsiones-de-crecimiento\/","url":"https:\/\/conversesacatalunya.cat\/es\/pib-el-gobierno-rebaja-las-previsiones-de-crecimiento\/","name":"PIB: el gobierno rebaja las previsiones de crecimiento -","isPartOf":{"@id":"https:\/\/conversesacatalunya.cat\/#website"},"primaryImageOfPage":{"@id":"https:\/\/conversesacatalunya.cat\/es\/pib-el-gobierno-rebaja-las-previsiones-de-crecimiento\/#primaryimage"},"image":{"@id":"https:\/\/conversesacatalunya.cat\/es\/pib-el-gobierno-rebaja-las-previsiones-de-crecimiento\/#primaryimage"},"thumbnailUrl":"https:\/\/conversesacatalunya.cat\/wp-content\/uploads\/2020\/09\/Capture-11.png","datePublished":"2020-09-30T05:00:45+00:00","dateModified":"2020-09-30T09:51:25+00:00","author":{"@id":"https:\/\/conversesacatalunya.cat\/#\/schema\/person\/a7a9496a363cd9847daf7cd659d92e64"},"description":"El gobierno modera las expectativas sobre el crecimiento del PIB, cifrando una ca\u00edda de entre el 10% y el 11%.","breadcrumb":{"@id":"https:\/\/conversesacatalunya.cat\/es\/pib-el-gobierno-rebaja-las-previsiones-de-crecimiento\/#breadcrumb"},"inLanguage":"es","potentialAction":[{"@type":"ReadAction","target":["https:\/\/conversesacatalunya.cat\/es\/pib-el-gobierno-rebaja-las-previsiones-de-crecimiento\/"]}]},{"@type":"ImageObject","inLanguage":"es","@id":"https:\/\/conversesacatalunya.cat\/es\/pib-el-gobierno-rebaja-las-previsiones-de-crecimiento\/#primaryimage","url":"https:\/\/conversesacatalunya.cat\/wp-content\/uploads\/2020\/09\/Capture-11.png","contentUrl":"https:\/\/conversesacatalunya.cat\/wp-content\/uploads\/2020\/09\/Capture-11.png","width":743,"height":738,"caption":"PIB"},{"@type":"BreadcrumbList","@id":"https:\/\/conversesacatalunya.cat\/es\/pib-el-gobierno-rebaja-las-previsiones-de-crecimiento\/#breadcrumb","itemListElement":[{"@type":"ListItem","position":1,"name":"Inici","item":"https:\/\/conversesacatalunya.cat\/es\/"},{"@type":"ListItem","position":2,"name":"PIB: el gobierno rebaja las previsiones de crecimiento"}]},{"@type":"WebSite","@id":"https:\/\/conversesacatalunya.cat\/#website","url":"https:\/\/conversesacatalunya.cat\/","name":"Converses a Catalunya","description":"","potentialAction":[{"@type":"SearchAction","target":{"@type":"EntryPoint","urlTemplate":"https:\/\/conversesacatalunya.cat\/?s={search_term_string}"},"query-input":{"@type":"PropertyValueSpecification","valueRequired":true,"valueName":"search_term_string"}}],"inLanguage":"es"},{"@type":"Person","@id":"https:\/\/conversesacatalunya.cat\/#\/schema\/person\/a7a9496a363cd9847daf7cd659d92e64","name":"conversesacatalunya","image":{"@type":"ImageObject","inLanguage":"es","@id":"https:\/\/conversesacatalunya.cat\/#\/schema\/person\/image\/","url":"https:\/\/conversesacatalunya.cat\/wp-content\/litespeed\/avatar\/ff91582b44ff9c880dc9c5ac2f5c7e89.jpg?ver=1777372947","contentUrl":"https:\/\/conversesacatalunya.cat\/wp-content\/litespeed\/avatar\/ff91582b44ff9c880dc9c5ac2f5c7e89.jpg?ver=1777372947","caption":"conversesacatalunya"},"url":"https:\/\/conversesacatalunya.cat\/es\/author\/francisco_garcia\/"}]}},"wps_subtitle":"El gobierno modera las expectativas sobre el crecimiento del PIB, cifrando una ca\u00edda de entre el 10% y el 11%. Convocar\u00e1 a las CCAA para reducir el d\u00e9ficit, negociar el sistema de financiaci\u00f3n y, entre otros asuntos, estimar el techo de gasto","_links":{"self":[{"href":"https:\/\/conversesacatalunya.cat\/es\/wp-json\/wp\/v2\/posts\/40665","targetHints":{"allow":["GET"]}}],"collection":[{"href":"https:\/\/conversesacatalunya.cat\/es\/wp-json\/wp\/v2\/posts"}],"about":[{"href":"https:\/\/conversesacatalunya.cat\/es\/wp-json\/wp\/v2\/types\/post"}],"author":[{"embeddable":true,"href":"https:\/\/conversesacatalunya.cat\/es\/wp-json\/wp\/v2\/users\/20"}],"replies":[{"embeddable":true,"href":"https:\/\/conversesacatalunya.cat\/es\/wp-json\/wp\/v2\/comments?post=40665"}],"version-history":[{"count":2,"href":"https:\/\/conversesacatalunya.cat\/es\/wp-json\/wp\/v2\/posts\/40665\/revisions"}],"predecessor-version":[{"id":40667,"href":"https:\/\/conversesacatalunya.cat\/es\/wp-json\/wp\/v2\/posts\/40665\/revisions\/40667"}],"wp:featuredmedia":[{"embeddable":true,"href":"https:\/\/conversesacatalunya.cat\/es\/wp-json\/wp\/v2\/media\/40525"}],"wp:attachment":[{"href":"https:\/\/conversesacatalunya.cat\/es\/wp-json\/wp\/v2\/media?parent=40665"}],"wp:term":[{"taxonomy":"category","embeddable":true,"href":"https:\/\/conversesacatalunya.cat\/es\/wp-json\/wp\/v2\/categories?post=40665"},{"taxonomy":"post_tag","embeddable":true,"href":"https:\/\/conversesacatalunya.cat\/es\/wp-json\/wp\/v2\/tags?post=40665"}],"curies":[{"name":"wp","href":"https:\/\/api.w.org\/{rel}","templated":true}]}}