{"id":40551,"date":"2020-09-28T12:27:38","date_gmt":"2020-09-28T10:27:38","guid":{"rendered":"https:\/\/conversesacatalunya.cat\/els-grans-fronts-que-te-oberts-el-govern-espanyol-1-la-guerra-institucional\/"},"modified":"2020-09-28T13:28:26","modified_gmt":"2020-09-28T11:28:26","slug":"los-grandes-frentes-que-tiene-abiertos-el-gobierno-espanol-1-la-guerra-institucional","status":"publish","type":"post","link":"https:\/\/conversesacatalunya.cat\/es\/los-grandes-frentes-que-tiene-abiertos-el-gobierno-espanol-1-la-guerra-institucional\/","title":{"rendered":"Los grandes frentes que tiene abiertos el gobierno espa\u00f1ol (1). La guerra institucional"},"content":{"rendered":"<p>El gobierno espa\u00f1ol tiene abiertos, o ha abierto por decisi\u00f3n propia, unos grandes frentes que sin duda afectan no s\u00f3lo al presente, sino al futuro del pa\u00eds a medio plazo de una manera importante y que, seg\u00fan c\u00f3mo se resuelvan, lo pueden conducir a un<strong> estado de crisis permanente<\/strong>.<\/p>\n<p>El primero de estos <strong>frentes <\/strong>es el<strong> institucional<\/strong>. A diferencia de los otros, el del <strong>control de la pandemia<\/strong> y la <strong>situaci\u00f3n y respuesta econ\u00f3mica<\/strong>, este obedece en gran medida a la iniciativa del propio gobierno. Es evidente que el PP contribuye de una manera notable, pero tambi\u00e9n que quien tiene la sart\u00e9n por el mango en este campo, el de las instituciones, es siempre el que gobierna, excepto en aquellos casos hist\u00f3ricos en los que la pugna se traslada en peso a la calle, lo que parad\u00f3jicamente parece que est\u00e9 ensayando la coalici\u00f3n gubernamental en Madrid al impulsar las manifestaciones, con particular importancia, en el barrio de <strong>Vallecas<\/strong>.<\/p>\n<p>Podr\u00eda hacerse la lectura excesivamente mal\u00e9vola en el sentido de que el gobierno S\u00e1nchez, que, como todos, tiene vocaci\u00f3n de continuidad indefinida y a la vez se ve desbordado por la situaci\u00f3n econ\u00f3mica y sanitaria, ha abierto un frente en el \u00e1mbito de las instituciones para focalizar la atenci\u00f3n y cohesionar a los propios seguidores, y situar en segundo plano los problemas econ\u00f3micos y del Covid-19.<\/p>\n<p>En poco tiempo, el gobierno por un lado u otro ha resucitado la <strong>pugna por la transici\u00f3n y sobre el franquismo<\/strong> con una nueva ley de la memoria hist\u00f3rica. Ha situado en primera<strong> l\u00ednea de fuego al cabeza del estado<\/strong>, tanto por parte de la mayor\u00eda gubernamental, vetando la visita del rey a Barcelona para satisfacer las demandas independentistas, como por parte de la minor\u00eda de Podemos, reclamando el derribo de la monarqu\u00eda en la figura de todo un ministro, Garz\u00f3n, que no deja de ser un miembro del gobierno, aunque realmente su ministerio tenga la importancia de una direcci\u00f3n general.<\/p>\n<p>Tambi\u00e9n ha abierto una batalla en el <strong>\u00e1mbito de los fiscales<\/strong>. La decisi\u00f3n del n\u00famero dos de la fiscal\u00eda <strong>Lu\u00eds Navajas<\/strong> para pasar por encima de los fiscales de sala del Supremo, y sus explosivas declaraciones contra ellos hablando de \u00abtropa\u00bb, no eran en ning\u00fan caso una necesidad. A este punto se le a\u00f1ade la pugna con la mayor parte de la <strong>magistratura<\/strong> y se redondea con la <strong>guerra de exterminio que ha lanzado contra el PP<\/strong> en Madrid y tambi\u00e9n en el Congreso, donde se ha producido la anomal\u00eda que la mayor\u00eda del Parlamento ha censurado a la oposici\u00f3n, el PP, por no facilitar la renovaci\u00f3n de las instituciones cuando lo habitual es que el objeto de control sea el gobierno. Est\u00e1 claro que se puede argumentar, con raz\u00f3n, que esta vertiente de ir a por el PP se ve facilitada por la incapacidad pol\u00edtica de este grupo, como lo manifiesta la p\u00e9sima gesti\u00f3n en la Comunidad de Madrid con una presidenta, <strong>Ayuso<\/strong>, otro fichaje exclusivo de Casado y el propio posicionamiento global del PP, que no ha encontrado la forma de adoptar una posici\u00f3n centrada en los problemas reales y al mismo tiempo aportar una responsabilidad de estado en una situaci\u00f3n tan dif\u00edcil.<\/p>\n<p>Desgastar simult\u00e1neamente al jefe de estado, la justicia, y el primer partido de la oposici\u00f3n dibuja un escenario muy grave, porque son tres piezas imprescindibles para el funcionamiento del sistema democr\u00e1tico. Sin ellas, sin un \u00e1rbitro no discutido, un poder judicial respetado y claramente independiente y una oposici\u00f3n que sea alternativa real de gobierno, la democracia parlamentaria deja de existir y se transforma en \u00abuna democracia dirigida\u00bb.<\/p>\n<div id=\"polls-72\" class=\"wp-polls\">\n\t<form id=\"polls_form_72\" class=\"wp-polls-form\" action=\"\/index.php\" method=\"post\">\n\t\t<p style=\"display: none;\"><input type=\"hidden\" id=\"poll_72_nonce\" name=\"wp-polls-nonce\" value=\"6c3f83a70d\" \/><\/p>\n\t\t<p style=\"display: none;\"><input type=\"hidden\" name=\"poll_id\" value=\"72\" \/><\/p>\n\t\t<p style=\"text-align: center\"><strong>Qui creus que governa b\u00e9<\/strong><\/p><div id=\"polls-72-ans\" class=\"wp-polls-ans\"><ul class=\"wp-polls-ul\">\n\t\t<li><input type=\"radio\" id=\"poll-answer-155\" name=\"poll_72\" value=\"155\" \/> <label for=\"poll-answer-155\">Quim Torra<\/label><\/li>\n\t\t<li><input type=\"radio\" id=\"poll-answer-156\" name=\"poll_72\" value=\"156\" \/> <label for=\"poll-answer-156\">Ada Colau<\/label><\/li>\n\t\t<li><input type=\"radio\" id=\"poll-answer-157\" name=\"poll_72\" value=\"157\" \/> <label for=\"poll-answer-157\">Tots dos<\/label><\/li>\n\t\t<li><input type=\"radio\" id=\"poll-answer-158\" name=\"poll_72\" value=\"158\" \/> <label for=\"poll-answer-158\">Cap dels dos<\/label><\/li>\n\t\t<\/ul><p style=\"text-align: center\"><input type=\"button\" name=\"vote\" value=\"   Vota   \" class=\"Buttons\" onclick=\"poll_vote(72);\" \/><\/p><p style=\"text-align: center\"><a href=\"#ViewPollResults\" onclick=\"poll_result(72); return false;\" title=\"View Results Of This Poll\">Mira els resultats<\/a><\/p><\/div>\n\t<\/form>\n<\/div>\n<div id=\"polls-72-loading\" class=\"wp-polls-loading\"><img decoding=\"async\" data-src=\"https:\/\/conversesacatalunya.cat\/wp-content\/plugins\/wp-polls\/images\/loading.gif\" width=\"16\" height=\"16\" alt=\"Cargando ...\" title=\"Cargando ...\" class=\"wp-polls-image lazyload\" src=\"data:image\/svg+xml;base64,PHN2ZyB3aWR0aD0iMSIgaGVpZ2h0PSIxIiB4bWxucz0iaHR0cDovL3d3dy53My5vcmcvMjAwMC9zdmciPjwvc3ZnPg==\" style=\"--smush-placeholder-width: 16px; --smush-placeholder-aspect-ratio: 16\/16;\" \/>&nbsp;Cargando ...<\/div>\n\n","protected":false},"excerpt":{"rendered":"<p>El gobierno espa\u00f1ol tiene abiertos, o ha abierto por decisi\u00f3n propia, unos grandes frentes que sin duda afectan no s\u00f3lo al presente, sino al futuro del pa\u00eds a medio plazo de una manera importante y que, seg\u00fan c\u00f3mo se resuelvan, lo pueden conducir a un estado de crisis permanente. El primero de estos frentes es el institucional. A diferencia de los otros, el del control de la pandemia y la situaci\u00f3n y respuesta econ\u00f3mica, este obedece en gran medida a la iniciativa del propio gobierno. Es evidente que el PP contribuye de una manera notable, pero tambi\u00e9n que quien tiene la sart\u00e9n por el mango en este campo, el de las instituciones, es siempre el que gobierna, excepto en aquellos casos hist\u00f3ricos en los que la pugna se traslada en peso a la calle, lo que parad\u00f3jicamente parece que est\u00e9 ensayando la coalici\u00f3n gubernamental en Madrid al impulsar las manifestaciones, con particular importancia, en el barrio de Vallecas. Podr\u00eda hacerse la lectura excesivamente mal\u00e9vola en el sentido de que el gobierno S\u00e1nchez, que, como todos, tiene vocaci\u00f3n de continuidad indefinida y a la vez se ve desbordado por la situaci\u00f3n econ\u00f3mica y sanitaria, ha abierto un frente en el \u00e1mbito de las instituciones para focalizar la atenci\u00f3n y cohesionar a los propios seguidores, y situar en segundo plano los problemas econ\u00f3micos y del Covid-19. En poco tiempo, el gobierno por un lado u otro ha resucitado la pugna por la transici\u00f3n y sobre el franquismo con una nueva ley de la memoria hist\u00f3rica. Ha situado en primera l\u00ednea de fuego al cabeza del estado, tanto por parte de la mayor\u00eda gubernamental, vetando la visita del rey a Barcelona para satisfacer las demandas independentistas, como por parte de la minor\u00eda de Podemos, reclamando el derribo de la monarqu\u00eda en la figura de todo un ministro, Garz\u00f3n, que no deja de ser un miembro del gobierno, aunque realmente su ministerio tenga la importancia de una direcci\u00f3n general. Tambi\u00e9n ha abierto una batalla en el \u00e1mbito de los fiscales. La decisi\u00f3n del n\u00famero dos de la fiscal\u00eda Lu\u00eds Navajas para pasar por encima de los fiscales de sala del Supremo, y sus explosivas declaraciones contra ellos hablando de \u00abtropa\u00bb, no eran en ning\u00fan caso una necesidad. A este punto se le a\u00f1ade la pugna con la mayor parte de la magistratura y se redondea con la guerra de exterminio que ha lanzado contra el PP en Madrid y tambi\u00e9n en el Congreso, donde se ha producido la anomal\u00eda que la mayor\u00eda del Parlamento ha censurado a la oposici\u00f3n, el PP, por no facilitar la renovaci\u00f3n de las instituciones cuando lo habitual es que el objeto de control sea el gobierno. Est\u00e1 claro que se puede argumentar, con raz\u00f3n, que esta vertiente de ir a por el PP se ve facilitada por la incapacidad pol\u00edtica de este grupo, como lo manifiesta la p\u00e9sima gesti\u00f3n en la Comunidad de Madrid con una presidenta, Ayuso, otro fichaje exclusivo de Casado y el propio posicionamiento global del PP, que no ha encontrado la forma de adoptar una posici\u00f3n centrada en los problemas reales y al mismo tiempo aportar una responsabilidad de estado en una situaci\u00f3n tan dif\u00edcil. Desgastar simult\u00e1neamente al jefe de estado, la justicia, y el primer partido de la oposici\u00f3n dibuja un escenario muy grave, porque son tres piezas imprescindibles para el funcionamiento del sistema democr\u00e1tico. Sin ellas, sin un \u00e1rbitro no discutido, un poder judicial respetado y claramente independiente y una oposici\u00f3n que sea alternativa real de gobierno, la democracia parlamentaria deja de existir y se transforma en \u00abuna democracia dirigida\u00bb.<\/p>\n","protected":false},"author":2,"featured_media":40542,"comment_status":"open","ping_status":"open","sticky":false,"template":"","format":"standard","meta":{"_FSMCFIC_featured_image_caption":"","_FSMCFIC_featured_image_nocaption":"","_FSMCFIC_featured_image_hide":"","footnotes":""},"categories":[806],"tags":[],"class_list":["post-40551","post","type-post","status-publish","format-standard","has-post-thumbnail","hentry","category-punts-claus-del-dia-es"],"yoast_head":"<!-- This site is optimized with the Yoast SEO plugin v26.8 - https:\/\/yoast.com\/product\/yoast-seo-wordpress\/ -->\n<title>Los grandes frentes que tiene abiertos el gobierno espa\u00f1ol (1). La guerra institucional - Converses a Catalunya<\/title>\n<meta name=\"robots\" content=\"index, follow, max-snippet:-1, max-image-preview:large, max-video-preview:-1\" \/>\n<link rel=\"canonical\" href=\"https:\/\/conversesacatalunya.cat\/es\/los-grandes-frentes-que-tiene-abiertos-el-gobierno-espanol-1-la-guerra-institucional\/\" \/>\n<meta property=\"og:locale\" content=\"es_ES\" \/>\n<meta property=\"og:type\" content=\"article\" \/>\n<meta property=\"og:title\" content=\"Los grandes frentes que tiene abiertos el gobierno espa\u00f1ol (1). La guerra institucional - Converses a Catalunya\" \/>\n<meta property=\"og:description\" content=\"El gobierno espa\u00f1ol tiene abiertos, o ha abierto por decisi\u00f3n propia, unos grandes frentes que sin duda afectan no s\u00f3lo al presente, sino al futuro del pa\u00eds a medio plazo de una manera importante y que, seg\u00fan c\u00f3mo se resuelvan, lo pueden conducir a un estado de crisis permanente. El primero de estos frentes es el institucional. A diferencia de los otros, el del control de la pandemia y la situaci\u00f3n y respuesta econ\u00f3mica, este obedece en gran medida a la iniciativa del propio gobierno. Es evidente que el PP contribuye de una manera notable, pero tambi\u00e9n que quien tiene la sart\u00e9n por el mango en este campo, el de las instituciones, es siempre el que gobierna, excepto en aquellos casos hist\u00f3ricos en los que la pugna se traslada en peso a la calle, lo que parad\u00f3jicamente parece que est\u00e9 ensayando la coalici\u00f3n gubernamental en Madrid al impulsar las manifestaciones, con particular importancia, en el barrio de Vallecas. Podr\u00eda hacerse la lectura excesivamente mal\u00e9vola en el sentido de que el gobierno S\u00e1nchez, que, como todos, tiene vocaci\u00f3n de continuidad indefinida y a la vez se ve desbordado por la situaci\u00f3n econ\u00f3mica y sanitaria, ha abierto un frente en el \u00e1mbito de las instituciones para focalizar la atenci\u00f3n y cohesionar a los propios seguidores, y situar en segundo plano los problemas econ\u00f3micos y del Covid-19. En poco tiempo, el gobierno por un lado u otro ha resucitado la pugna por la transici\u00f3n y sobre el franquismo con una nueva ley de la memoria hist\u00f3rica. Ha situado en primera l\u00ednea de fuego al cabeza del estado, tanto por parte de la mayor\u00eda gubernamental, vetando la visita del rey a Barcelona para satisfacer las demandas independentistas, como por parte de la minor\u00eda de Podemos, reclamando el derribo de la monarqu\u00eda en la figura de todo un ministro, Garz\u00f3n, que no deja de ser un miembro del gobierno, aunque realmente su ministerio tenga la importancia de una direcci\u00f3n general. Tambi\u00e9n ha abierto una batalla en el \u00e1mbito de los fiscales. La decisi\u00f3n del n\u00famero dos de la fiscal\u00eda Lu\u00eds Navajas para pasar por encima de los fiscales de sala del Supremo, y sus explosivas declaraciones contra ellos hablando de \u00abtropa\u00bb, no eran en ning\u00fan caso una necesidad. A este punto se le a\u00f1ade la pugna con la mayor parte de la magistratura y se redondea con la guerra de exterminio que ha lanzado contra el PP en Madrid y tambi\u00e9n en el Congreso, donde se ha producido la anomal\u00eda que la mayor\u00eda del Parlamento ha censurado a la oposici\u00f3n, el PP, por no facilitar la renovaci\u00f3n de las instituciones cuando lo habitual es que el objeto de control sea el gobierno. Est\u00e1 claro que se puede argumentar, con raz\u00f3n, que esta vertiente de ir a por el PP se ve facilitada por la incapacidad pol\u00edtica de este grupo, como lo manifiesta la p\u00e9sima gesti\u00f3n en la Comunidad de Madrid con una presidenta, Ayuso, otro fichaje exclusivo de Casado y el propio posicionamiento global del PP, que no ha encontrado la forma de adoptar una posici\u00f3n centrada en los problemas reales y al mismo tiempo aportar una responsabilidad de estado en una situaci\u00f3n tan dif\u00edcil. Desgastar simult\u00e1neamente al jefe de estado, la justicia, y el primer partido de la oposici\u00f3n dibuja un escenario muy grave, porque son tres piezas imprescindibles para el funcionamiento del sistema democr\u00e1tico. Sin ellas, sin un \u00e1rbitro no discutido, un poder judicial respetado y claramente independiente y una oposici\u00f3n que sea alternativa real de gobierno, la democracia parlamentaria deja de existir y se transforma en \u00abuna democracia dirigida\u00bb.\" \/>\n<meta property=\"og:url\" content=\"https:\/\/conversesacatalunya.cat\/es\/los-grandes-frentes-que-tiene-abiertos-el-gobierno-espanol-1-la-guerra-institucional\/\" \/>\n<meta property=\"og:site_name\" content=\"Converses a Catalunya\" \/>\n<meta property=\"article:published_time\" content=\"2020-09-28T10:27:38+00:00\" \/>\n<meta property=\"article:modified_time\" content=\"2020-09-28T11:28:26+00:00\" \/>\n<meta property=\"og:image\" content=\"https:\/\/conversesacatalunya.cat\/wp-content\/uploads\/2020\/09\/P1020333-3-1024x768-1.jpg\" \/>\n\t<meta property=\"og:image:width\" content=\"1024\" \/>\n\t<meta property=\"og:image:height\" content=\"768\" \/>\n\t<meta property=\"og:image:type\" content=\"image\/jpeg\" \/>\n<meta name=\"author\" content=\"conversesacatalunya\" \/>\n<meta name=\"twitter:card\" content=\"summary_large_image\" \/>\n<meta name=\"twitter:label1\" content=\"Escrito por\" \/>\n\t<meta name=\"twitter:data1\" content=\"conversesacatalunya\" \/>\n\t<meta name=\"twitter:label2\" content=\"Tiempo de lectura\" \/>\n\t<meta name=\"twitter:data2\" content=\"3 minutos\" \/>\n<script type=\"application\/ld+json\" class=\"yoast-schema-graph\">{\"@context\":\"https:\/\/schema.org\",\"@graph\":[{\"@type\":\"Article\",\"@id\":\"https:\/\/conversesacatalunya.cat\/es\/los-grandes-frentes-que-tiene-abiertos-el-gobierno-espanol-1-la-guerra-institucional\/#article\",\"isPartOf\":{\"@id\":\"https:\/\/conversesacatalunya.cat\/es\/los-grandes-frentes-que-tiene-abiertos-el-gobierno-espanol-1-la-guerra-institucional\/\"},\"author\":{\"name\":\"conversesacatalunya\",\"@id\":\"https:\/\/conversesacatalunya.cat\/#\/schema\/person\/7e24d1e54a2785373ddcb275eae5ed99\"},\"headline\":\"Los grandes frentes que tiene abiertos el gobierno espa\u00f1ol (1). La guerra institucional\",\"datePublished\":\"2020-09-28T10:27:38+00:00\",\"dateModified\":\"2020-09-28T11:28:26+00:00\",\"mainEntityOfPage\":{\"@id\":\"https:\/\/conversesacatalunya.cat\/es\/los-grandes-frentes-que-tiene-abiertos-el-gobierno-espanol-1-la-guerra-institucional\/\"},\"wordCount\":664,\"commentCount\":0,\"image\":{\"@id\":\"https:\/\/conversesacatalunya.cat\/es\/los-grandes-frentes-que-tiene-abiertos-el-gobierno-espanol-1-la-guerra-institucional\/#primaryimage\"},\"thumbnailUrl\":\"https:\/\/conversesacatalunya.cat\/wp-content\/uploads\/2020\/09\/P1020333-3-1024x768-1.jpg\",\"articleSection\":[\"Punts clau del dia (ES)\"],\"inLanguage\":\"es\",\"potentialAction\":[{\"@type\":\"CommentAction\",\"name\":\"Comment\",\"target\":[\"https:\/\/conversesacatalunya.cat\/es\/los-grandes-frentes-que-tiene-abiertos-el-gobierno-espanol-1-la-guerra-institucional\/#respond\"]}]},{\"@type\":\"WebPage\",\"@id\":\"https:\/\/conversesacatalunya.cat\/es\/los-grandes-frentes-que-tiene-abiertos-el-gobierno-espanol-1-la-guerra-institucional\/\",\"url\":\"https:\/\/conversesacatalunya.cat\/es\/los-grandes-frentes-que-tiene-abiertos-el-gobierno-espanol-1-la-guerra-institucional\/\",\"name\":\"Los grandes frentes que tiene abiertos el gobierno espa\u00f1ol (1). La guerra institucional - Converses a Catalunya\",\"isPartOf\":{\"@id\":\"https:\/\/conversesacatalunya.cat\/#website\"},\"primaryImageOfPage\":{\"@id\":\"https:\/\/conversesacatalunya.cat\/es\/los-grandes-frentes-que-tiene-abiertos-el-gobierno-espanol-1-la-guerra-institucional\/#primaryimage\"},\"image\":{\"@id\":\"https:\/\/conversesacatalunya.cat\/es\/los-grandes-frentes-que-tiene-abiertos-el-gobierno-espanol-1-la-guerra-institucional\/#primaryimage\"},\"thumbnailUrl\":\"https:\/\/conversesacatalunya.cat\/wp-content\/uploads\/2020\/09\/P1020333-3-1024x768-1.jpg\",\"datePublished\":\"2020-09-28T10:27:38+00:00\",\"dateModified\":\"2020-09-28T11:28:26+00:00\",\"author\":{\"@id\":\"https:\/\/conversesacatalunya.cat\/#\/schema\/person\/7e24d1e54a2785373ddcb275eae5ed99\"},\"breadcrumb\":{\"@id\":\"https:\/\/conversesacatalunya.cat\/es\/los-grandes-frentes-que-tiene-abiertos-el-gobierno-espanol-1-la-guerra-institucional\/#breadcrumb\"},\"inLanguage\":\"es\",\"potentialAction\":[{\"@type\":\"ReadAction\",\"target\":[\"https:\/\/conversesacatalunya.cat\/es\/los-grandes-frentes-que-tiene-abiertos-el-gobierno-espanol-1-la-guerra-institucional\/\"]}]},{\"@type\":\"ImageObject\",\"inLanguage\":\"es\",\"@id\":\"https:\/\/conversesacatalunya.cat\/es\/los-grandes-frentes-que-tiene-abiertos-el-gobierno-espanol-1-la-guerra-institucional\/#primaryimage\",\"url\":\"https:\/\/conversesacatalunya.cat\/wp-content\/uploads\/2020\/09\/P1020333-3-1024x768-1.jpg\",\"contentUrl\":\"https:\/\/conversesacatalunya.cat\/wp-content\/uploads\/2020\/09\/P1020333-3-1024x768-1.jpg\",\"width\":1024,\"height\":768,\"caption\":\"fronts govern espanyol\"},{\"@type\":\"BreadcrumbList\",\"@id\":\"https:\/\/conversesacatalunya.cat\/es\/los-grandes-frentes-que-tiene-abiertos-el-gobierno-espanol-1-la-guerra-institucional\/#breadcrumb\",\"itemListElement\":[{\"@type\":\"ListItem\",\"position\":1,\"name\":\"Inici\",\"item\":\"https:\/\/conversesacatalunya.cat\/es\/\"},{\"@type\":\"ListItem\",\"position\":2,\"name\":\"Los grandes frentes que tiene abiertos el gobierno espa\u00f1ol (1). La guerra institucional\"}]},{\"@type\":\"WebSite\",\"@id\":\"https:\/\/conversesacatalunya.cat\/#website\",\"url\":\"https:\/\/conversesacatalunya.cat\/\",\"name\":\"Converses a Catalunya\",\"description\":\"\",\"potentialAction\":[{\"@type\":\"SearchAction\",\"target\":{\"@type\":\"EntryPoint\",\"urlTemplate\":\"https:\/\/conversesacatalunya.cat\/?s={search_term_string}\"},\"query-input\":{\"@type\":\"PropertyValueSpecification\",\"valueRequired\":true,\"valueName\":\"search_term_string\"}}],\"inLanguage\":\"es\"},{\"@type\":\"Person\",\"@id\":\"https:\/\/conversesacatalunya.cat\/#\/schema\/person\/7e24d1e54a2785373ddcb275eae5ed99\",\"name\":\"conversesacatalunya\",\"image\":{\"@type\":\"ImageObject\",\"inLanguage\":\"es\",\"@id\":\"https:\/\/conversesacatalunya.cat\/#\/schema\/person\/image\/\",\"url\":\"https:\/\/conversesacatalunya.cat\/wp-content\/litespeed\/avatar\/febdfeeec89d950f01c748045a981dd2.jpg?ver=1777314535\",\"contentUrl\":\"https:\/\/conversesacatalunya.cat\/wp-content\/litespeed\/avatar\/febdfeeec89d950f01c748045a981dd2.jpg?ver=1777314535\",\"caption\":\"conversesacatalunya\"},\"url\":\"https:\/\/conversesacatalunya.cat\/es\/author\/carme_catala\/\"}]}<\/script>\n<!-- \/ Yoast SEO plugin. -->","yoast_head_json":{"title":"Los grandes frentes que tiene abiertos el gobierno espa\u00f1ol (1). La guerra institucional - Converses a Catalunya","robots":{"index":"index","follow":"follow","max-snippet":"max-snippet:-1","max-image-preview":"max-image-preview:large","max-video-preview":"max-video-preview:-1"},"canonical":"https:\/\/conversesacatalunya.cat\/es\/los-grandes-frentes-que-tiene-abiertos-el-gobierno-espanol-1-la-guerra-institucional\/","og_locale":"es_ES","og_type":"article","og_title":"Los grandes frentes que tiene abiertos el gobierno espa\u00f1ol (1). La guerra institucional - Converses a Catalunya","og_description":"El gobierno espa\u00f1ol tiene abiertos, o ha abierto por decisi\u00f3n propia, unos grandes frentes que sin duda afectan no s\u00f3lo al presente, sino al futuro del pa\u00eds a medio plazo de una manera importante y que, seg\u00fan c\u00f3mo se resuelvan, lo pueden conducir a un estado de crisis permanente. El primero de estos frentes es el institucional. A diferencia de los otros, el del control de la pandemia y la situaci\u00f3n y respuesta econ\u00f3mica, este obedece en gran medida a la iniciativa del propio gobierno. Es evidente que el PP contribuye de una manera notable, pero tambi\u00e9n que quien tiene la sart\u00e9n por el mango en este campo, el de las instituciones, es siempre el que gobierna, excepto en aquellos casos hist\u00f3ricos en los que la pugna se traslada en peso a la calle, lo que parad\u00f3jicamente parece que est\u00e9 ensayando la coalici\u00f3n gubernamental en Madrid al impulsar las manifestaciones, con particular importancia, en el barrio de Vallecas. Podr\u00eda hacerse la lectura excesivamente mal\u00e9vola en el sentido de que el gobierno S\u00e1nchez, que, como todos, tiene vocaci\u00f3n de continuidad indefinida y a la vez se ve desbordado por la situaci\u00f3n econ\u00f3mica y sanitaria, ha abierto un frente en el \u00e1mbito de las instituciones para focalizar la atenci\u00f3n y cohesionar a los propios seguidores, y situar en segundo plano los problemas econ\u00f3micos y del Covid-19. En poco tiempo, el gobierno por un lado u otro ha resucitado la pugna por la transici\u00f3n y sobre el franquismo con una nueva ley de la memoria hist\u00f3rica. Ha situado en primera l\u00ednea de fuego al cabeza del estado, tanto por parte de la mayor\u00eda gubernamental, vetando la visita del rey a Barcelona para satisfacer las demandas independentistas, como por parte de la minor\u00eda de Podemos, reclamando el derribo de la monarqu\u00eda en la figura de todo un ministro, Garz\u00f3n, que no deja de ser un miembro del gobierno, aunque realmente su ministerio tenga la importancia de una direcci\u00f3n general. Tambi\u00e9n ha abierto una batalla en el \u00e1mbito de los fiscales. La decisi\u00f3n del n\u00famero dos de la fiscal\u00eda Lu\u00eds Navajas para pasar por encima de los fiscales de sala del Supremo, y sus explosivas declaraciones contra ellos hablando de \u00abtropa\u00bb, no eran en ning\u00fan caso una necesidad. A este punto se le a\u00f1ade la pugna con la mayor parte de la magistratura y se redondea con la guerra de exterminio que ha lanzado contra el PP en Madrid y tambi\u00e9n en el Congreso, donde se ha producido la anomal\u00eda que la mayor\u00eda del Parlamento ha censurado a la oposici\u00f3n, el PP, por no facilitar la renovaci\u00f3n de las instituciones cuando lo habitual es que el objeto de control sea el gobierno. Est\u00e1 claro que se puede argumentar, con raz\u00f3n, que esta vertiente de ir a por el PP se ve facilitada por la incapacidad pol\u00edtica de este grupo, como lo manifiesta la p\u00e9sima gesti\u00f3n en la Comunidad de Madrid con una presidenta, Ayuso, otro fichaje exclusivo de Casado y el propio posicionamiento global del PP, que no ha encontrado la forma de adoptar una posici\u00f3n centrada en los problemas reales y al mismo tiempo aportar una responsabilidad de estado en una situaci\u00f3n tan dif\u00edcil. Desgastar simult\u00e1neamente al jefe de estado, la justicia, y el primer partido de la oposici\u00f3n dibuja un escenario muy grave, porque son tres piezas imprescindibles para el funcionamiento del sistema democr\u00e1tico. Sin ellas, sin un \u00e1rbitro no discutido, un poder judicial respetado y claramente independiente y una oposici\u00f3n que sea alternativa real de gobierno, la democracia parlamentaria deja de existir y se transforma en \u00abuna democracia dirigida\u00bb.","og_url":"https:\/\/conversesacatalunya.cat\/es\/los-grandes-frentes-que-tiene-abiertos-el-gobierno-espanol-1-la-guerra-institucional\/","og_site_name":"Converses a Catalunya","article_published_time":"2020-09-28T10:27:38+00:00","article_modified_time":"2020-09-28T11:28:26+00:00","og_image":[{"width":1024,"height":768,"url":"https:\/\/conversesacatalunya.cat\/wp-content\/uploads\/2020\/09\/P1020333-3-1024x768-1.jpg","type":"image\/jpeg"}],"author":"conversesacatalunya","twitter_card":"summary_large_image","twitter_misc":{"Escrito por":"conversesacatalunya","Tiempo de lectura":"3 minutos"},"schema":{"@context":"https:\/\/schema.org","@graph":[{"@type":"Article","@id":"https:\/\/conversesacatalunya.cat\/es\/los-grandes-frentes-que-tiene-abiertos-el-gobierno-espanol-1-la-guerra-institucional\/#article","isPartOf":{"@id":"https:\/\/conversesacatalunya.cat\/es\/los-grandes-frentes-que-tiene-abiertos-el-gobierno-espanol-1-la-guerra-institucional\/"},"author":{"name":"conversesacatalunya","@id":"https:\/\/conversesacatalunya.cat\/#\/schema\/person\/7e24d1e54a2785373ddcb275eae5ed99"},"headline":"Los grandes frentes que tiene abiertos el gobierno espa\u00f1ol (1). La guerra institucional","datePublished":"2020-09-28T10:27:38+00:00","dateModified":"2020-09-28T11:28:26+00:00","mainEntityOfPage":{"@id":"https:\/\/conversesacatalunya.cat\/es\/los-grandes-frentes-que-tiene-abiertos-el-gobierno-espanol-1-la-guerra-institucional\/"},"wordCount":664,"commentCount":0,"image":{"@id":"https:\/\/conversesacatalunya.cat\/es\/los-grandes-frentes-que-tiene-abiertos-el-gobierno-espanol-1-la-guerra-institucional\/#primaryimage"},"thumbnailUrl":"https:\/\/conversesacatalunya.cat\/wp-content\/uploads\/2020\/09\/P1020333-3-1024x768-1.jpg","articleSection":["Punts clau del dia (ES)"],"inLanguage":"es","potentialAction":[{"@type":"CommentAction","name":"Comment","target":["https:\/\/conversesacatalunya.cat\/es\/los-grandes-frentes-que-tiene-abiertos-el-gobierno-espanol-1-la-guerra-institucional\/#respond"]}]},{"@type":"WebPage","@id":"https:\/\/conversesacatalunya.cat\/es\/los-grandes-frentes-que-tiene-abiertos-el-gobierno-espanol-1-la-guerra-institucional\/","url":"https:\/\/conversesacatalunya.cat\/es\/los-grandes-frentes-que-tiene-abiertos-el-gobierno-espanol-1-la-guerra-institucional\/","name":"Los grandes frentes que tiene abiertos el gobierno espa\u00f1ol (1). La guerra institucional - Converses a Catalunya","isPartOf":{"@id":"https:\/\/conversesacatalunya.cat\/#website"},"primaryImageOfPage":{"@id":"https:\/\/conversesacatalunya.cat\/es\/los-grandes-frentes-que-tiene-abiertos-el-gobierno-espanol-1-la-guerra-institucional\/#primaryimage"},"image":{"@id":"https:\/\/conversesacatalunya.cat\/es\/los-grandes-frentes-que-tiene-abiertos-el-gobierno-espanol-1-la-guerra-institucional\/#primaryimage"},"thumbnailUrl":"https:\/\/conversesacatalunya.cat\/wp-content\/uploads\/2020\/09\/P1020333-3-1024x768-1.jpg","datePublished":"2020-09-28T10:27:38+00:00","dateModified":"2020-09-28T11:28:26+00:00","author":{"@id":"https:\/\/conversesacatalunya.cat\/#\/schema\/person\/7e24d1e54a2785373ddcb275eae5ed99"},"breadcrumb":{"@id":"https:\/\/conversesacatalunya.cat\/es\/los-grandes-frentes-que-tiene-abiertos-el-gobierno-espanol-1-la-guerra-institucional\/#breadcrumb"},"inLanguage":"es","potentialAction":[{"@type":"ReadAction","target":["https:\/\/conversesacatalunya.cat\/es\/los-grandes-frentes-que-tiene-abiertos-el-gobierno-espanol-1-la-guerra-institucional\/"]}]},{"@type":"ImageObject","inLanguage":"es","@id":"https:\/\/conversesacatalunya.cat\/es\/los-grandes-frentes-que-tiene-abiertos-el-gobierno-espanol-1-la-guerra-institucional\/#primaryimage","url":"https:\/\/conversesacatalunya.cat\/wp-content\/uploads\/2020\/09\/P1020333-3-1024x768-1.jpg","contentUrl":"https:\/\/conversesacatalunya.cat\/wp-content\/uploads\/2020\/09\/P1020333-3-1024x768-1.jpg","width":1024,"height":768,"caption":"fronts govern espanyol"},{"@type":"BreadcrumbList","@id":"https:\/\/conversesacatalunya.cat\/es\/los-grandes-frentes-que-tiene-abiertos-el-gobierno-espanol-1-la-guerra-institucional\/#breadcrumb","itemListElement":[{"@type":"ListItem","position":1,"name":"Inici","item":"https:\/\/conversesacatalunya.cat\/es\/"},{"@type":"ListItem","position":2,"name":"Los grandes frentes que tiene abiertos el gobierno espa\u00f1ol (1). La guerra institucional"}]},{"@type":"WebSite","@id":"https:\/\/conversesacatalunya.cat\/#website","url":"https:\/\/conversesacatalunya.cat\/","name":"Converses a Catalunya","description":"","potentialAction":[{"@type":"SearchAction","target":{"@type":"EntryPoint","urlTemplate":"https:\/\/conversesacatalunya.cat\/?s={search_term_string}"},"query-input":{"@type":"PropertyValueSpecification","valueRequired":true,"valueName":"search_term_string"}}],"inLanguage":"es"},{"@type":"Person","@id":"https:\/\/conversesacatalunya.cat\/#\/schema\/person\/7e24d1e54a2785373ddcb275eae5ed99","name":"conversesacatalunya","image":{"@type":"ImageObject","inLanguage":"es","@id":"https:\/\/conversesacatalunya.cat\/#\/schema\/person\/image\/","url":"https:\/\/conversesacatalunya.cat\/wp-content\/litespeed\/avatar\/febdfeeec89d950f01c748045a981dd2.jpg?ver=1777314535","contentUrl":"https:\/\/conversesacatalunya.cat\/wp-content\/litespeed\/avatar\/febdfeeec89d950f01c748045a981dd2.jpg?ver=1777314535","caption":"conversesacatalunya"},"url":"https:\/\/conversesacatalunya.cat\/es\/author\/carme_catala\/"}]}},"wps_subtitle":"","_links":{"self":[{"href":"https:\/\/conversesacatalunya.cat\/es\/wp-json\/wp\/v2\/posts\/40551","targetHints":{"allow":["GET"]}}],"collection":[{"href":"https:\/\/conversesacatalunya.cat\/es\/wp-json\/wp\/v2\/posts"}],"about":[{"href":"https:\/\/conversesacatalunya.cat\/es\/wp-json\/wp\/v2\/types\/post"}],"author":[{"embeddable":true,"href":"https:\/\/conversesacatalunya.cat\/es\/wp-json\/wp\/v2\/users\/2"}],"replies":[{"embeddable":true,"href":"https:\/\/conversesacatalunya.cat\/es\/wp-json\/wp\/v2\/comments?post=40551"}],"version-history":[{"count":2,"href":"https:\/\/conversesacatalunya.cat\/es\/wp-json\/wp\/v2\/posts\/40551\/revisions"}],"predecessor-version":[{"id":40552,"href":"https:\/\/conversesacatalunya.cat\/es\/wp-json\/wp\/v2\/posts\/40551\/revisions\/40552"}],"wp:featuredmedia":[{"embeddable":true,"href":"https:\/\/conversesacatalunya.cat\/es\/wp-json\/wp\/v2\/media\/40542"}],"wp:attachment":[{"href":"https:\/\/conversesacatalunya.cat\/es\/wp-json\/wp\/v2\/media?parent=40551"}],"wp:term":[{"taxonomy":"category","embeddable":true,"href":"https:\/\/conversesacatalunya.cat\/es\/wp-json\/wp\/v2\/categories?post=40551"},{"taxonomy":"post_tag","embeddable":true,"href":"https:\/\/conversesacatalunya.cat\/es\/wp-json\/wp\/v2\/tags?post=40551"}],"curies":[{"name":"wp","href":"https:\/\/api.w.org\/{rel}","templated":true}]}}