{"id":40499,"date":"2020-09-25T12:10:06","date_gmt":"2020-09-25T10:10:06","guid":{"rendered":"https:\/\/conversesacatalunya.cat\/medalla-dor-a-heribert-barrera\/"},"modified":"2020-09-25T16:27:29","modified_gmt":"2020-09-25T14:27:29","slug":"escandalo-en-el-plenario-municipal-de-barcelona-ahora-retiran-la-medalla-de-oro-a-heribert-barrera","status":"publish","type":"post","link":"https:\/\/conversesacatalunya.cat\/es\/escandalo-en-el-plenario-municipal-de-barcelona-ahora-retiran-la-medalla-de-oro-a-heribert-barrera\/","title":{"rendered":"Esc\u00e1ndalo en el plenario municipal de Barcelona. Ahora retiran la medalla de oro a Heribert Barrera"},"content":{"rendered":"<p>Las pol\u00edticas de cancelaci\u00f3n y de exclusi\u00f3n del Ayuntamiento de Barcelona no tienen l\u00edmite, ni respetan los hechos hist\u00f3ricos. Ahora la nueva v\u00edctima ha sido el m\u00e1s destacado dirigente de ERC tras la Guerra Civil, <strong>Heribert Barrera<\/strong>. L\u00edder indiscutible de esta formaci\u00f3n durante la oposici\u00f3n al franquismo y en la transici\u00f3n, en la que lleg\u00f3 a ser el primer presidente del Parlamento de Catalu\u00f1a, donde rigi\u00f3 la instituci\u00f3n con criterio y ponderaci\u00f3n. Este catedr\u00e1tico de f\u00edsica de la Universidad de Barcelona \u200b\u200bmantuvo a lo largo de su vida una trayectoria intachable de honestidad, sencillez y servicio. A pesar de que ERC fue de los \u00faltimos partidos en ser legalizados durante la transici\u00f3n, incluso despu\u00e9s del Partido Comunista, mantuvo su formaci\u00f3n en el marco cr\u00edtico de la constitucionalidad. Hizo posible el primer gobierno en minor\u00eda de Jordi Pujol con su apoyo parlamentario sin participar en el gobierno, coincidiendo de este modo en la misma posici\u00f3n del grupo de centristas de Catalu\u00f1a-UCD que lideraba otro hist\u00f3rico de la resistencia y transici\u00f3n a Catalu\u00f1a, el democratacristiano Anton Ca\u00f1ellas. Ellos dos dieron estabilidad al primer gobierno de Jordi Pujol, que hizo posible la recuperaci\u00f3n y el prestigio de las instituciones catalanas, que sobre todo benefici\u00f3 electoralmente a Pujol.<\/p>\n<p><strong>Manel Valls<\/strong>, un pol\u00edtico catal\u00e1n sobrevenido, fue quien present\u00f3 la iniciativa para retirarle la medalla acus\u00e1ndole de \u00abxen\u00f3fobo\u00bb. No deja de ser una paradoja que sea esta persona quien encabece la iniciativa cuando durante su mandato como <strong>ministro del Interior en Francia<\/strong> se vio reiteradamente descalificado por sus actitudes contra los gitanos, que llegaron a ser tachadas de \u00abracistas\u00bb. Pero, evidentemente, la iniciativa de Valls no habr\u00eda prosperado (s\u00f3lo tiene dos concejales, \u00e9l y Eva Parera) sin contar con los votos de la tercera fuerza, el PSC de Jaume Collboni, que justific\u00f3 su actitud argumentando que <em>en la actualidad su partido no habr\u00eda votado a favor de otorgarle la medalla<\/em>. Con esta afirmaci\u00f3n el jefe de filas del PSC constata que con su actual pol\u00edtica ha adjurado de la trayectoria hist\u00f3rica de su partido. El PSC actual rompe as\u00ed con una larga trayectoria que ha tenido como m\u00e1ximos exponentes en Barcelona a la mayor\u00eda de sus alcaldes: <strong>Maragall, Clos y Hereu<\/strong>. Y es en este sentido una censura impl\u00edcita a sus actitudes pol\u00edticas. Tambi\u00e9n se aparta del bloque de la transici\u00f3n y se apunta a la l\u00ednea de Comunes y Podemos de cuestionarla. El argumento de que los socialistas no apoyar\u00edan en la actualidad la concesi\u00f3n de la medalla no equivale en significaci\u00f3n a su retirada, porque el primer caso se expresar\u00eda una disconformidad con la concesi\u00f3n del galard\u00f3n, mientras que el segundo equivale a una descalificaci\u00f3n en toda regla de una de las personas m\u00e1s emblem\u00e1ticas del catalanismo pol\u00edtico.<\/p>\n<p>Naturalmente, esta pol\u00edtica de la cancelaci\u00f3n aplicada a Barrera cont\u00f3 con el voto entusiasta de los Comunes, que antes ya han retirado nombres de ilustres barceloneses de las calles de la ciudad, como el de <strong>Secretari Coloma<\/strong> y el <strong>Almirall Aixada<\/strong>, por citar s\u00f3lo los \u00faltimos casos, para sustituirlos por personas que pertenecen al peque\u00f1o mundo ideol\u00f3gico de Ada Colau. Desde este punto de vista Barcelona es cada vez m\u00e1s una ciudad m\u00e1s excluyente donde los unos porque son mon\u00e1rquicos, los otros porque en su \u00e9poca la esclavitud era normal, unos terceros que no les gustan y unos cuartos porque pasaban por all\u00ed, son excluidos de la referencia hist\u00f3rica de la ciudad. Colau construye un mundo peque\u00f1o donde s\u00f3lo tienen lugar sus \u00eddolos.<\/p>\n<p>Y <strong>Cs <\/strong>y el<strong> PP<\/strong> demostraron una vez m\u00e1s por qu\u00e9 son tan absolutamente marginales en la pol\u00edtica catalana y barcelonesa. Primero criticaron la iniciativa de Valls precisamente por estos criterios de exclusi\u00f3n de las personas, y despu\u00e9s terminaron votando a favor de la propuesta, impulsados \u200b\u200bpor su instinto de disparar a todo lo que les parezca excesivamente catalanista.<\/p>\n<p>Este cap\u00edtulo seguramente traer\u00e1 cola. Se espera alguna reacci\u00f3n de los <strong>actuales presidentes y expresidente del Parlament<\/strong>, entre los que figura Ernest Benach, de ERC, adem\u00e1s de los dos de UDC, N\u00faria de Gispert y Miquel Coll i Alentorn, adem\u00e1s de Carme Forcadell. Tambi\u00e9n ha enrarecido las relaciones con el gobierno de la Generalitat. En todo caso el hecho m\u00e1s decisivo ser\u00eda el de las relaciones entre socialistas y republicanos. Pero no parece que este golpe tan grave en la historia reciente de ERC altere el tipo de pol\u00edtica que impulsa Rufi\u00e1n en Madrid de entendimiento con el gobierno de izquierdas.<\/p>\n<div id=\"polls-72\" class=\"wp-polls\">\n\t<form id=\"polls_form_72\" class=\"wp-polls-form\" action=\"\/index.php\" method=\"post\">\n\t\t<p style=\"display: none;\"><input type=\"hidden\" id=\"poll_72_nonce\" name=\"wp-polls-nonce\" value=\"b2077ba2fb\" \/><\/p>\n\t\t<p style=\"display: none;\"><input type=\"hidden\" name=\"poll_id\" value=\"72\" \/><\/p>\n\t\t<p style=\"text-align: center\"><strong>Qui creus que governa b\u00e9<\/strong><\/p><div id=\"polls-72-ans\" class=\"wp-polls-ans\"><ul class=\"wp-polls-ul\">\n\t\t<li><input type=\"radio\" id=\"poll-answer-155\" name=\"poll_72\" value=\"155\" \/> <label for=\"poll-answer-155\">Quim Torra<\/label><\/li>\n\t\t<li><input type=\"radio\" id=\"poll-answer-156\" name=\"poll_72\" value=\"156\" \/> <label for=\"poll-answer-156\">Ada Colau<\/label><\/li>\n\t\t<li><input type=\"radio\" id=\"poll-answer-157\" name=\"poll_72\" value=\"157\" \/> <label for=\"poll-answer-157\">Tots dos<\/label><\/li>\n\t\t<li><input type=\"radio\" id=\"poll-answer-158\" name=\"poll_72\" value=\"158\" \/> <label for=\"poll-answer-158\">Cap dels dos<\/label><\/li>\n\t\t<\/ul><p style=\"text-align: center\"><input type=\"button\" name=\"vote\" value=\"   Vota   \" class=\"Buttons\" onclick=\"poll_vote(72);\" \/><\/p><p style=\"text-align: center\"><a href=\"#ViewPollResults\" onclick=\"poll_result(72); return false;\" title=\"View Results Of This Poll\">Mira els resultats<\/a><\/p><\/div>\n\t<\/form>\n<\/div>\n<div id=\"polls-72-loading\" class=\"wp-polls-loading\"><img decoding=\"async\" data-src=\"https:\/\/conversesacatalunya.cat\/wp-content\/plugins\/wp-polls\/images\/loading.gif\" width=\"16\" height=\"16\" alt=\"Cargando ...\" title=\"Cargando ...\" class=\"wp-polls-image lazyload\" src=\"data:image\/svg+xml;base64,PHN2ZyB3aWR0aD0iMSIgaGVpZ2h0PSIxIiB4bWxucz0iaHR0cDovL3d3dy53My5vcmcvMjAwMC9zdmciPjwvc3ZnPg==\" style=\"--smush-placeholder-width: 16px; --smush-placeholder-aspect-ratio: 16\/16;\" \/>&nbsp;Cargando ...<\/div>\n\n","protected":false},"excerpt":{"rendered":"<p>Las pol\u00edticas de cancelaci\u00f3n y de exclusi\u00f3n del Ayuntamiento de Barcelona no tienen l\u00edmite, ni respetan los hechos hist\u00f3ricos. Ahora la nueva v\u00edctima ha sido el m\u00e1s destacado dirigente de ERC tras la Guerra Civil, Heribert Barrera. L\u00edder indiscutible de esta formaci\u00f3n durante la oposici\u00f3n al franquismo y en la transici\u00f3n, en la que lleg\u00f3 a ser el primer presidente del Parlamento de Catalu\u00f1a, donde rigi\u00f3 la instituci\u00f3n con criterio y ponderaci\u00f3n. Este catedr\u00e1tico de f\u00edsica de la Universidad de Barcelona \u200b\u200bmantuvo a lo largo de su vida una trayectoria intachable de honestidad, sencillez y servicio. A pesar de que ERC fue de los \u00faltimos partidos en ser legalizados durante la transici\u00f3n, incluso despu\u00e9s del Partido Comunista, mantuvo su formaci\u00f3n en el marco cr\u00edtico de la constitucionalidad. Hizo posible el primer gobierno en minor\u00eda de Jordi Pujol con su apoyo parlamentario sin participar en el gobierno, coincidiendo de este modo en la misma posici\u00f3n del grupo de centristas de Catalu\u00f1a-UCD que lideraba otro hist\u00f3rico de la resistencia y transici\u00f3n a Catalu\u00f1a, el democratacristiano Anton Ca\u00f1ellas. Ellos dos dieron estabilidad al primer gobierno de Jordi Pujol, que hizo posible la recuperaci\u00f3n y el prestigio de las instituciones catalanas, que sobre todo benefici\u00f3 electoralmente a Pujol. Manel Valls, un pol\u00edtico catal\u00e1n sobrevenido, fue quien present\u00f3 la iniciativa para retirarle la medalla acus\u00e1ndole de \u00abxen\u00f3fobo\u00bb. No deja de ser una paradoja que sea esta persona quien encabece la iniciativa cuando durante su mandato como ministro del Interior en Francia se vio reiteradamente descalificado por sus actitudes contra los gitanos, que llegaron a ser tachadas de \u00abracistas\u00bb. Pero, evidentemente, la iniciativa de Valls no habr\u00eda prosperado (s\u00f3lo tiene dos concejales, \u00e9l y Eva Parera) sin contar con los votos de la tercera fuerza, el PSC de Jaume Collboni, que justific\u00f3 su actitud argumentando que en la actualidad su partido no habr\u00eda votado a favor de otorgarle la medalla. Con esta afirmaci\u00f3n el jefe de filas del PSC constata que con su actual pol\u00edtica ha adjurado de la trayectoria hist\u00f3rica de su partido. El PSC actual rompe as\u00ed con una larga trayectoria que ha tenido como m\u00e1ximos exponentes en Barcelona a la mayor\u00eda de sus alcaldes: Maragall, Clos y Hereu. Y es en este sentido una censura impl\u00edcita a sus actitudes pol\u00edticas. Tambi\u00e9n se aparta del bloque de la transici\u00f3n y se apunta a la l\u00ednea de Comunes y Podemos de cuestionarla. El argumento de que los socialistas no apoyar\u00edan en la actualidad la concesi\u00f3n de la medalla no equivale en significaci\u00f3n a su retirada, porque el primer caso se expresar\u00eda una disconformidad con la concesi\u00f3n del galard\u00f3n, mientras que el segundo equivale a una descalificaci\u00f3n en toda regla de una de las personas m\u00e1s emblem\u00e1ticas del catalanismo pol\u00edtico. Naturalmente, esta pol\u00edtica de la cancelaci\u00f3n aplicada a Barrera cont\u00f3 con el voto entusiasta de los Comunes, que antes ya han retirado nombres de ilustres barceloneses de las calles de la ciudad, como el de Secretari Coloma y el Almirall Aixada, por citar s\u00f3lo los \u00faltimos casos, para sustituirlos por personas que pertenecen al peque\u00f1o mundo ideol\u00f3gico de Ada Colau. Desde este punto de vista Barcelona es cada vez m\u00e1s una ciudad m\u00e1s excluyente donde los unos porque son mon\u00e1rquicos, los otros porque en su \u00e9poca la esclavitud era normal, unos terceros que no les gustan y unos cuartos porque pasaban por all\u00ed, son excluidos de la referencia hist\u00f3rica de la ciudad. Colau construye un mundo peque\u00f1o donde s\u00f3lo tienen lugar sus \u00eddolos. Y Cs y el PP demostraron una vez m\u00e1s por qu\u00e9 son tan absolutamente marginales en la pol\u00edtica catalana y barcelonesa. Primero criticaron la iniciativa de Valls precisamente por estos criterios de exclusi\u00f3n de las personas, y despu\u00e9s terminaron votando a favor de la propuesta, impulsados \u200b\u200bpor su instinto de disparar a todo lo que les parezca excesivamente catalanista. Este cap\u00edtulo seguramente traer\u00e1 cola. Se espera alguna reacci\u00f3n de los actuales presidentes y expresidente del Parlament, entre los que figura Ernest Benach, de ERC, adem\u00e1s de los dos de UDC, N\u00faria de Gispert y Miquel Coll i Alentorn, adem\u00e1s de Carme Forcadell. Tambi\u00e9n ha enrarecido las relaciones con el gobierno de la Generalitat. En todo caso el hecho m\u00e1s decisivo ser\u00eda el de las relaciones entre socialistas y republicanos. Pero no parece que este golpe tan grave en la historia reciente de ERC altere el tipo de pol\u00edtica que impulsa Rufi\u00e1n en Madrid de entendimiento con el gobierno de izquierdas.<\/p>\n","protected":false},"author":2,"featured_media":40492,"comment_status":"open","ping_status":"open","sticky":false,"template":"","format":"standard","meta":{"_FSMCFIC_featured_image_caption":"","_FSMCFIC_featured_image_nocaption":"","_FSMCFIC_featured_image_hide":"","footnotes":""},"categories":[3787,806],"tags":[948,903],"class_list":["post-40499","post","type-post","status-publish","format-standard","has-post-thumbnail","hentry","category-expedient-barcelona-es","category-punts-claus-del-dia-es","tag-ajuntament-de-barcelona-es","tag-ayuntamiento-de-barcelona"],"yoast_head":"<!-- This site is optimized with the Yoast SEO plugin v26.8 - https:\/\/yoast.com\/product\/yoast-seo-wordpress\/ -->\n<title>Esc\u00e1ndalo en el plenario municipal de Barcelona. Ahora retiran la medalla de oro a Heribert Barrera - Converses a Catalunya<\/title>\n<meta name=\"robots\" content=\"index, follow, max-snippet:-1, max-image-preview:large, max-video-preview:-1\" \/>\n<link rel=\"canonical\" href=\"https:\/\/conversesacatalunya.cat\/es\/escandalo-en-el-plenario-municipal-de-barcelona-ahora-retiran-la-medalla-de-oro-a-heribert-barrera\/\" \/>\n<meta property=\"og:locale\" content=\"es_ES\" \/>\n<meta property=\"og:type\" content=\"article\" \/>\n<meta property=\"og:title\" content=\"Esc\u00e1ndalo en el plenario municipal de Barcelona. Ahora retiran la medalla de oro a Heribert Barrera - Converses a Catalunya\" \/>\n<meta property=\"og:description\" content=\"Las pol\u00edticas de cancelaci\u00f3n y de exclusi\u00f3n del Ayuntamiento de Barcelona no tienen l\u00edmite, ni respetan los hechos hist\u00f3ricos. Ahora la nueva v\u00edctima ha sido el m\u00e1s destacado dirigente de ERC tras la Guerra Civil, Heribert Barrera. L\u00edder indiscutible de esta formaci\u00f3n durante la oposici\u00f3n al franquismo y en la transici\u00f3n, en la que lleg\u00f3 a ser el primer presidente del Parlamento de Catalu\u00f1a, donde rigi\u00f3 la instituci\u00f3n con criterio y ponderaci\u00f3n. Este catedr\u00e1tico de f\u00edsica de la Universidad de Barcelona \u200b\u200bmantuvo a lo largo de su vida una trayectoria intachable de honestidad, sencillez y servicio. A pesar de que ERC fue de los \u00faltimos partidos en ser legalizados durante la transici\u00f3n, incluso despu\u00e9s del Partido Comunista, mantuvo su formaci\u00f3n en el marco cr\u00edtico de la constitucionalidad. Hizo posible el primer gobierno en minor\u00eda de Jordi Pujol con su apoyo parlamentario sin participar en el gobierno, coincidiendo de este modo en la misma posici\u00f3n del grupo de centristas de Catalu\u00f1a-UCD que lideraba otro hist\u00f3rico de la resistencia y transici\u00f3n a Catalu\u00f1a, el democratacristiano Anton Ca\u00f1ellas. Ellos dos dieron estabilidad al primer gobierno de Jordi Pujol, que hizo posible la recuperaci\u00f3n y el prestigio de las instituciones catalanas, que sobre todo benefici\u00f3 electoralmente a Pujol. Manel Valls, un pol\u00edtico catal\u00e1n sobrevenido, fue quien present\u00f3 la iniciativa para retirarle la medalla acus\u00e1ndole de \u00abxen\u00f3fobo\u00bb. No deja de ser una paradoja que sea esta persona quien encabece la iniciativa cuando durante su mandato como ministro del Interior en Francia se vio reiteradamente descalificado por sus actitudes contra los gitanos, que llegaron a ser tachadas de \u00abracistas\u00bb. Pero, evidentemente, la iniciativa de Valls no habr\u00eda prosperado (s\u00f3lo tiene dos concejales, \u00e9l y Eva Parera) sin contar con los votos de la tercera fuerza, el PSC de Jaume Collboni, que justific\u00f3 su actitud argumentando que en la actualidad su partido no habr\u00eda votado a favor de otorgarle la medalla. Con esta afirmaci\u00f3n el jefe de filas del PSC constata que con su actual pol\u00edtica ha adjurado de la trayectoria hist\u00f3rica de su partido. El PSC actual rompe as\u00ed con una larga trayectoria que ha tenido como m\u00e1ximos exponentes en Barcelona a la mayor\u00eda de sus alcaldes: Maragall, Clos y Hereu. Y es en este sentido una censura impl\u00edcita a sus actitudes pol\u00edticas. Tambi\u00e9n se aparta del bloque de la transici\u00f3n y se apunta a la l\u00ednea de Comunes y Podemos de cuestionarla. El argumento de que los socialistas no apoyar\u00edan en la actualidad la concesi\u00f3n de la medalla no equivale en significaci\u00f3n a su retirada, porque el primer caso se expresar\u00eda una disconformidad con la concesi\u00f3n del galard\u00f3n, mientras que el segundo equivale a una descalificaci\u00f3n en toda regla de una de las personas m\u00e1s emblem\u00e1ticas del catalanismo pol\u00edtico. Naturalmente, esta pol\u00edtica de la cancelaci\u00f3n aplicada a Barrera cont\u00f3 con el voto entusiasta de los Comunes, que antes ya han retirado nombres de ilustres barceloneses de las calles de la ciudad, como el de Secretari Coloma y el Almirall Aixada, por citar s\u00f3lo los \u00faltimos casos, para sustituirlos por personas que pertenecen al peque\u00f1o mundo ideol\u00f3gico de Ada Colau. Desde este punto de vista Barcelona es cada vez m\u00e1s una ciudad m\u00e1s excluyente donde los unos porque son mon\u00e1rquicos, los otros porque en su \u00e9poca la esclavitud era normal, unos terceros que no les gustan y unos cuartos porque pasaban por all\u00ed, son excluidos de la referencia hist\u00f3rica de la ciudad. Colau construye un mundo peque\u00f1o donde s\u00f3lo tienen lugar sus \u00eddolos. Y Cs y el PP demostraron una vez m\u00e1s por qu\u00e9 son tan absolutamente marginales en la pol\u00edtica catalana y barcelonesa. Primero criticaron la iniciativa de Valls precisamente por estos criterios de exclusi\u00f3n de las personas, y despu\u00e9s terminaron votando a favor de la propuesta, impulsados \u200b\u200bpor su instinto de disparar a todo lo que les parezca excesivamente catalanista. Este cap\u00edtulo seguramente traer\u00e1 cola. Se espera alguna reacci\u00f3n de los actuales presidentes y expresidente del Parlament, entre los que figura Ernest Benach, de ERC, adem\u00e1s de los dos de UDC, N\u00faria de Gispert y Miquel Coll i Alentorn, adem\u00e1s de Carme Forcadell. Tambi\u00e9n ha enrarecido las relaciones con el gobierno de la Generalitat. En todo caso el hecho m\u00e1s decisivo ser\u00eda el de las relaciones entre socialistas y republicanos. Pero no parece que este golpe tan grave en la historia reciente de ERC altere el tipo de pol\u00edtica que impulsa Rufi\u00e1n en Madrid de entendimiento con el gobierno de izquierdas.\" \/>\n<meta property=\"og:url\" content=\"https:\/\/conversesacatalunya.cat\/es\/escandalo-en-el-plenario-municipal-de-barcelona-ahora-retiran-la-medalla-de-oro-a-heribert-barrera\/\" \/>\n<meta property=\"og:site_name\" content=\"Converses a Catalunya\" \/>\n<meta property=\"article:published_time\" content=\"2020-09-25T10:10:06+00:00\" \/>\n<meta property=\"article:modified_time\" content=\"2020-09-25T14:27:29+00:00\" \/>\n<meta property=\"og:image\" content=\"https:\/\/conversesacatalunya.cat\/wp-content\/uploads\/2020\/09\/heribert-barrera.jpeg\" \/>\n\t<meta property=\"og:image:width\" content=\"870\" \/>\n\t<meta property=\"og:image:height\" content=\"486\" \/>\n\t<meta property=\"og:image:type\" content=\"image\/jpeg\" \/>\n<meta name=\"author\" content=\"conversesacatalunya\" \/>\n<meta name=\"twitter:card\" content=\"summary_large_image\" \/>\n<meta name=\"twitter:label1\" content=\"Escrito por\" \/>\n\t<meta name=\"twitter:data1\" content=\"conversesacatalunya\" \/>\n\t<meta name=\"twitter:label2\" content=\"Tiempo de lectura\" \/>\n\t<meta name=\"twitter:data2\" content=\"4 minutos\" \/>\n<script type=\"application\/ld+json\" class=\"yoast-schema-graph\">{\"@context\":\"https:\/\/schema.org\",\"@graph\":[{\"@type\":\"Article\",\"@id\":\"https:\/\/conversesacatalunya.cat\/es\/escandalo-en-el-plenario-municipal-de-barcelona-ahora-retiran-la-medalla-de-oro-a-heribert-barrera\/#article\",\"isPartOf\":{\"@id\":\"https:\/\/conversesacatalunya.cat\/es\/escandalo-en-el-plenario-municipal-de-barcelona-ahora-retiran-la-medalla-de-oro-a-heribert-barrera\/\"},\"author\":{\"name\":\"conversesacatalunya\",\"@id\":\"https:\/\/conversesacatalunya.cat\/#\/schema\/person\/7e24d1e54a2785373ddcb275eae5ed99\"},\"headline\":\"Esc\u00e1ndalo en el plenario municipal de Barcelona. Ahora retiran la medalla de oro a Heribert Barrera\",\"datePublished\":\"2020-09-25T10:10:06+00:00\",\"dateModified\":\"2020-09-25T14:27:29+00:00\",\"mainEntityOfPage\":{\"@id\":\"https:\/\/conversesacatalunya.cat\/es\/escandalo-en-el-plenario-municipal-de-barcelona-ahora-retiran-la-medalla-de-oro-a-heribert-barrera\/\"},\"wordCount\":836,\"commentCount\":0,\"image\":{\"@id\":\"https:\/\/conversesacatalunya.cat\/es\/escandalo-en-el-plenario-municipal-de-barcelona-ahora-retiran-la-medalla-de-oro-a-heribert-barrera\/#primaryimage\"},\"thumbnailUrl\":\"https:\/\/conversesacatalunya.cat\/wp-content\/uploads\/2020\/09\/heribert-barrera.jpeg\",\"keywords\":[\"Ajuntament de Barcelona\",\"Ayuntamiento de Barcelona\"],\"articleSection\":[\"Expedient Barcelona (ES)\",\"Punts clau del dia (ES)\"],\"inLanguage\":\"es\",\"potentialAction\":[{\"@type\":\"CommentAction\",\"name\":\"Comment\",\"target\":[\"https:\/\/conversesacatalunya.cat\/es\/escandalo-en-el-plenario-municipal-de-barcelona-ahora-retiran-la-medalla-de-oro-a-heribert-barrera\/#respond\"]}]},{\"@type\":\"WebPage\",\"@id\":\"https:\/\/conversesacatalunya.cat\/es\/escandalo-en-el-plenario-municipal-de-barcelona-ahora-retiran-la-medalla-de-oro-a-heribert-barrera\/\",\"url\":\"https:\/\/conversesacatalunya.cat\/es\/escandalo-en-el-plenario-municipal-de-barcelona-ahora-retiran-la-medalla-de-oro-a-heribert-barrera\/\",\"name\":\"Esc\u00e1ndalo en el plenario municipal de Barcelona. Ahora retiran la medalla de oro a Heribert Barrera - Converses a Catalunya\",\"isPartOf\":{\"@id\":\"https:\/\/conversesacatalunya.cat\/#website\"},\"primaryImageOfPage\":{\"@id\":\"https:\/\/conversesacatalunya.cat\/es\/escandalo-en-el-plenario-municipal-de-barcelona-ahora-retiran-la-medalla-de-oro-a-heribert-barrera\/#primaryimage\"},\"image\":{\"@id\":\"https:\/\/conversesacatalunya.cat\/es\/escandalo-en-el-plenario-municipal-de-barcelona-ahora-retiran-la-medalla-de-oro-a-heribert-barrera\/#primaryimage\"},\"thumbnailUrl\":\"https:\/\/conversesacatalunya.cat\/wp-content\/uploads\/2020\/09\/heribert-barrera.jpeg\",\"datePublished\":\"2020-09-25T10:10:06+00:00\",\"dateModified\":\"2020-09-25T14:27:29+00:00\",\"author\":{\"@id\":\"https:\/\/conversesacatalunya.cat\/#\/schema\/person\/7e24d1e54a2785373ddcb275eae5ed99\"},\"breadcrumb\":{\"@id\":\"https:\/\/conversesacatalunya.cat\/es\/escandalo-en-el-plenario-municipal-de-barcelona-ahora-retiran-la-medalla-de-oro-a-heribert-barrera\/#breadcrumb\"},\"inLanguage\":\"es\",\"potentialAction\":[{\"@type\":\"ReadAction\",\"target\":[\"https:\/\/conversesacatalunya.cat\/es\/escandalo-en-el-plenario-municipal-de-barcelona-ahora-retiran-la-medalla-de-oro-a-heribert-barrera\/\"]}]},{\"@type\":\"ImageObject\",\"inLanguage\":\"es\",\"@id\":\"https:\/\/conversesacatalunya.cat\/es\/escandalo-en-el-plenario-municipal-de-barcelona-ahora-retiran-la-medalla-de-oro-a-heribert-barrera\/#primaryimage\",\"url\":\"https:\/\/conversesacatalunya.cat\/wp-content\/uploads\/2020\/09\/heribert-barrera.jpeg\",\"contentUrl\":\"https:\/\/conversesacatalunya.cat\/wp-content\/uploads\/2020\/09\/heribert-barrera.jpeg\",\"width\":870,\"height\":486,\"caption\":\"Heribert Barrera\"},{\"@type\":\"BreadcrumbList\",\"@id\":\"https:\/\/conversesacatalunya.cat\/es\/escandalo-en-el-plenario-municipal-de-barcelona-ahora-retiran-la-medalla-de-oro-a-heribert-barrera\/#breadcrumb\",\"itemListElement\":[{\"@type\":\"ListItem\",\"position\":1,\"name\":\"Inici\",\"item\":\"https:\/\/conversesacatalunya.cat\/es\/\"},{\"@type\":\"ListItem\",\"position\":2,\"name\":\"Esc\u00e1ndalo en el plenario municipal de Barcelona. Ahora retiran la medalla de oro a Heribert Barrera\"}]},{\"@type\":\"WebSite\",\"@id\":\"https:\/\/conversesacatalunya.cat\/#website\",\"url\":\"https:\/\/conversesacatalunya.cat\/\",\"name\":\"Converses a Catalunya\",\"description\":\"\",\"potentialAction\":[{\"@type\":\"SearchAction\",\"target\":{\"@type\":\"EntryPoint\",\"urlTemplate\":\"https:\/\/conversesacatalunya.cat\/?s={search_term_string}\"},\"query-input\":{\"@type\":\"PropertyValueSpecification\",\"valueRequired\":true,\"valueName\":\"search_term_string\"}}],\"inLanguage\":\"es\"},{\"@type\":\"Person\",\"@id\":\"https:\/\/conversesacatalunya.cat\/#\/schema\/person\/7e24d1e54a2785373ddcb275eae5ed99\",\"name\":\"conversesacatalunya\",\"image\":{\"@type\":\"ImageObject\",\"inLanguage\":\"es\",\"@id\":\"https:\/\/conversesacatalunya.cat\/#\/schema\/person\/image\/\",\"url\":\"https:\/\/conversesacatalunya.cat\/wp-content\/litespeed\/avatar\/febdfeeec89d950f01c748045a981dd2.jpg?ver=1777314535\",\"contentUrl\":\"https:\/\/conversesacatalunya.cat\/wp-content\/litespeed\/avatar\/febdfeeec89d950f01c748045a981dd2.jpg?ver=1777314535\",\"caption\":\"conversesacatalunya\"},\"url\":\"https:\/\/conversesacatalunya.cat\/es\/author\/carme_catala\/\"}]}<\/script>\n<!-- \/ Yoast SEO plugin. -->","yoast_head_json":{"title":"Esc\u00e1ndalo en el plenario municipal de Barcelona. Ahora retiran la medalla de oro a Heribert Barrera - Converses a Catalunya","robots":{"index":"index","follow":"follow","max-snippet":"max-snippet:-1","max-image-preview":"max-image-preview:large","max-video-preview":"max-video-preview:-1"},"canonical":"https:\/\/conversesacatalunya.cat\/es\/escandalo-en-el-plenario-municipal-de-barcelona-ahora-retiran-la-medalla-de-oro-a-heribert-barrera\/","og_locale":"es_ES","og_type":"article","og_title":"Esc\u00e1ndalo en el plenario municipal de Barcelona. Ahora retiran la medalla de oro a Heribert Barrera - Converses a Catalunya","og_description":"Las pol\u00edticas de cancelaci\u00f3n y de exclusi\u00f3n del Ayuntamiento de Barcelona no tienen l\u00edmite, ni respetan los hechos hist\u00f3ricos. Ahora la nueva v\u00edctima ha sido el m\u00e1s destacado dirigente de ERC tras la Guerra Civil, Heribert Barrera. L\u00edder indiscutible de esta formaci\u00f3n durante la oposici\u00f3n al franquismo y en la transici\u00f3n, en la que lleg\u00f3 a ser el primer presidente del Parlamento de Catalu\u00f1a, donde rigi\u00f3 la instituci\u00f3n con criterio y ponderaci\u00f3n. Este catedr\u00e1tico de f\u00edsica de la Universidad de Barcelona \u200b\u200bmantuvo a lo largo de su vida una trayectoria intachable de honestidad, sencillez y servicio. A pesar de que ERC fue de los \u00faltimos partidos en ser legalizados durante la transici\u00f3n, incluso despu\u00e9s del Partido Comunista, mantuvo su formaci\u00f3n en el marco cr\u00edtico de la constitucionalidad. Hizo posible el primer gobierno en minor\u00eda de Jordi Pujol con su apoyo parlamentario sin participar en el gobierno, coincidiendo de este modo en la misma posici\u00f3n del grupo de centristas de Catalu\u00f1a-UCD que lideraba otro hist\u00f3rico de la resistencia y transici\u00f3n a Catalu\u00f1a, el democratacristiano Anton Ca\u00f1ellas. Ellos dos dieron estabilidad al primer gobierno de Jordi Pujol, que hizo posible la recuperaci\u00f3n y el prestigio de las instituciones catalanas, que sobre todo benefici\u00f3 electoralmente a Pujol. Manel Valls, un pol\u00edtico catal\u00e1n sobrevenido, fue quien present\u00f3 la iniciativa para retirarle la medalla acus\u00e1ndole de \u00abxen\u00f3fobo\u00bb. No deja de ser una paradoja que sea esta persona quien encabece la iniciativa cuando durante su mandato como ministro del Interior en Francia se vio reiteradamente descalificado por sus actitudes contra los gitanos, que llegaron a ser tachadas de \u00abracistas\u00bb. Pero, evidentemente, la iniciativa de Valls no habr\u00eda prosperado (s\u00f3lo tiene dos concejales, \u00e9l y Eva Parera) sin contar con los votos de la tercera fuerza, el PSC de Jaume Collboni, que justific\u00f3 su actitud argumentando que en la actualidad su partido no habr\u00eda votado a favor de otorgarle la medalla. Con esta afirmaci\u00f3n el jefe de filas del PSC constata que con su actual pol\u00edtica ha adjurado de la trayectoria hist\u00f3rica de su partido. El PSC actual rompe as\u00ed con una larga trayectoria que ha tenido como m\u00e1ximos exponentes en Barcelona a la mayor\u00eda de sus alcaldes: Maragall, Clos y Hereu. Y es en este sentido una censura impl\u00edcita a sus actitudes pol\u00edticas. Tambi\u00e9n se aparta del bloque de la transici\u00f3n y se apunta a la l\u00ednea de Comunes y Podemos de cuestionarla. El argumento de que los socialistas no apoyar\u00edan en la actualidad la concesi\u00f3n de la medalla no equivale en significaci\u00f3n a su retirada, porque el primer caso se expresar\u00eda una disconformidad con la concesi\u00f3n del galard\u00f3n, mientras que el segundo equivale a una descalificaci\u00f3n en toda regla de una de las personas m\u00e1s emblem\u00e1ticas del catalanismo pol\u00edtico. Naturalmente, esta pol\u00edtica de la cancelaci\u00f3n aplicada a Barrera cont\u00f3 con el voto entusiasta de los Comunes, que antes ya han retirado nombres de ilustres barceloneses de las calles de la ciudad, como el de Secretari Coloma y el Almirall Aixada, por citar s\u00f3lo los \u00faltimos casos, para sustituirlos por personas que pertenecen al peque\u00f1o mundo ideol\u00f3gico de Ada Colau. Desde este punto de vista Barcelona es cada vez m\u00e1s una ciudad m\u00e1s excluyente donde los unos porque son mon\u00e1rquicos, los otros porque en su \u00e9poca la esclavitud era normal, unos terceros que no les gustan y unos cuartos porque pasaban por all\u00ed, son excluidos de la referencia hist\u00f3rica de la ciudad. Colau construye un mundo peque\u00f1o donde s\u00f3lo tienen lugar sus \u00eddolos. Y Cs y el PP demostraron una vez m\u00e1s por qu\u00e9 son tan absolutamente marginales en la pol\u00edtica catalana y barcelonesa. Primero criticaron la iniciativa de Valls precisamente por estos criterios de exclusi\u00f3n de las personas, y despu\u00e9s terminaron votando a favor de la propuesta, impulsados \u200b\u200bpor su instinto de disparar a todo lo que les parezca excesivamente catalanista. Este cap\u00edtulo seguramente traer\u00e1 cola. Se espera alguna reacci\u00f3n de los actuales presidentes y expresidente del Parlament, entre los que figura Ernest Benach, de ERC, adem\u00e1s de los dos de UDC, N\u00faria de Gispert y Miquel Coll i Alentorn, adem\u00e1s de Carme Forcadell. Tambi\u00e9n ha enrarecido las relaciones con el gobierno de la Generalitat. En todo caso el hecho m\u00e1s decisivo ser\u00eda el de las relaciones entre socialistas y republicanos. Pero no parece que este golpe tan grave en la historia reciente de ERC altere el tipo de pol\u00edtica que impulsa Rufi\u00e1n en Madrid de entendimiento con el gobierno de izquierdas.","og_url":"https:\/\/conversesacatalunya.cat\/es\/escandalo-en-el-plenario-municipal-de-barcelona-ahora-retiran-la-medalla-de-oro-a-heribert-barrera\/","og_site_name":"Converses a Catalunya","article_published_time":"2020-09-25T10:10:06+00:00","article_modified_time":"2020-09-25T14:27:29+00:00","og_image":[{"width":870,"height":486,"url":"https:\/\/conversesacatalunya.cat\/wp-content\/uploads\/2020\/09\/heribert-barrera.jpeg","type":"image\/jpeg"}],"author":"conversesacatalunya","twitter_card":"summary_large_image","twitter_misc":{"Escrito por":"conversesacatalunya","Tiempo de lectura":"4 minutos"},"schema":{"@context":"https:\/\/schema.org","@graph":[{"@type":"Article","@id":"https:\/\/conversesacatalunya.cat\/es\/escandalo-en-el-plenario-municipal-de-barcelona-ahora-retiran-la-medalla-de-oro-a-heribert-barrera\/#article","isPartOf":{"@id":"https:\/\/conversesacatalunya.cat\/es\/escandalo-en-el-plenario-municipal-de-barcelona-ahora-retiran-la-medalla-de-oro-a-heribert-barrera\/"},"author":{"name":"conversesacatalunya","@id":"https:\/\/conversesacatalunya.cat\/#\/schema\/person\/7e24d1e54a2785373ddcb275eae5ed99"},"headline":"Esc\u00e1ndalo en el plenario municipal de Barcelona. Ahora retiran la medalla de oro a Heribert Barrera","datePublished":"2020-09-25T10:10:06+00:00","dateModified":"2020-09-25T14:27:29+00:00","mainEntityOfPage":{"@id":"https:\/\/conversesacatalunya.cat\/es\/escandalo-en-el-plenario-municipal-de-barcelona-ahora-retiran-la-medalla-de-oro-a-heribert-barrera\/"},"wordCount":836,"commentCount":0,"image":{"@id":"https:\/\/conversesacatalunya.cat\/es\/escandalo-en-el-plenario-municipal-de-barcelona-ahora-retiran-la-medalla-de-oro-a-heribert-barrera\/#primaryimage"},"thumbnailUrl":"https:\/\/conversesacatalunya.cat\/wp-content\/uploads\/2020\/09\/heribert-barrera.jpeg","keywords":["Ajuntament de Barcelona","Ayuntamiento de Barcelona"],"articleSection":["Expedient Barcelona (ES)","Punts clau del dia (ES)"],"inLanguage":"es","potentialAction":[{"@type":"CommentAction","name":"Comment","target":["https:\/\/conversesacatalunya.cat\/es\/escandalo-en-el-plenario-municipal-de-barcelona-ahora-retiran-la-medalla-de-oro-a-heribert-barrera\/#respond"]}]},{"@type":"WebPage","@id":"https:\/\/conversesacatalunya.cat\/es\/escandalo-en-el-plenario-municipal-de-barcelona-ahora-retiran-la-medalla-de-oro-a-heribert-barrera\/","url":"https:\/\/conversesacatalunya.cat\/es\/escandalo-en-el-plenario-municipal-de-barcelona-ahora-retiran-la-medalla-de-oro-a-heribert-barrera\/","name":"Esc\u00e1ndalo en el plenario municipal de Barcelona. Ahora retiran la medalla de oro a Heribert Barrera - Converses a Catalunya","isPartOf":{"@id":"https:\/\/conversesacatalunya.cat\/#website"},"primaryImageOfPage":{"@id":"https:\/\/conversesacatalunya.cat\/es\/escandalo-en-el-plenario-municipal-de-barcelona-ahora-retiran-la-medalla-de-oro-a-heribert-barrera\/#primaryimage"},"image":{"@id":"https:\/\/conversesacatalunya.cat\/es\/escandalo-en-el-plenario-municipal-de-barcelona-ahora-retiran-la-medalla-de-oro-a-heribert-barrera\/#primaryimage"},"thumbnailUrl":"https:\/\/conversesacatalunya.cat\/wp-content\/uploads\/2020\/09\/heribert-barrera.jpeg","datePublished":"2020-09-25T10:10:06+00:00","dateModified":"2020-09-25T14:27:29+00:00","author":{"@id":"https:\/\/conversesacatalunya.cat\/#\/schema\/person\/7e24d1e54a2785373ddcb275eae5ed99"},"breadcrumb":{"@id":"https:\/\/conversesacatalunya.cat\/es\/escandalo-en-el-plenario-municipal-de-barcelona-ahora-retiran-la-medalla-de-oro-a-heribert-barrera\/#breadcrumb"},"inLanguage":"es","potentialAction":[{"@type":"ReadAction","target":["https:\/\/conversesacatalunya.cat\/es\/escandalo-en-el-plenario-municipal-de-barcelona-ahora-retiran-la-medalla-de-oro-a-heribert-barrera\/"]}]},{"@type":"ImageObject","inLanguage":"es","@id":"https:\/\/conversesacatalunya.cat\/es\/escandalo-en-el-plenario-municipal-de-barcelona-ahora-retiran-la-medalla-de-oro-a-heribert-barrera\/#primaryimage","url":"https:\/\/conversesacatalunya.cat\/wp-content\/uploads\/2020\/09\/heribert-barrera.jpeg","contentUrl":"https:\/\/conversesacatalunya.cat\/wp-content\/uploads\/2020\/09\/heribert-barrera.jpeg","width":870,"height":486,"caption":"Heribert Barrera"},{"@type":"BreadcrumbList","@id":"https:\/\/conversesacatalunya.cat\/es\/escandalo-en-el-plenario-municipal-de-barcelona-ahora-retiran-la-medalla-de-oro-a-heribert-barrera\/#breadcrumb","itemListElement":[{"@type":"ListItem","position":1,"name":"Inici","item":"https:\/\/conversesacatalunya.cat\/es\/"},{"@type":"ListItem","position":2,"name":"Esc\u00e1ndalo en el plenario municipal de Barcelona. Ahora retiran la medalla de oro a Heribert Barrera"}]},{"@type":"WebSite","@id":"https:\/\/conversesacatalunya.cat\/#website","url":"https:\/\/conversesacatalunya.cat\/","name":"Converses a Catalunya","description":"","potentialAction":[{"@type":"SearchAction","target":{"@type":"EntryPoint","urlTemplate":"https:\/\/conversesacatalunya.cat\/?s={search_term_string}"},"query-input":{"@type":"PropertyValueSpecification","valueRequired":true,"valueName":"search_term_string"}}],"inLanguage":"es"},{"@type":"Person","@id":"https:\/\/conversesacatalunya.cat\/#\/schema\/person\/7e24d1e54a2785373ddcb275eae5ed99","name":"conversesacatalunya","image":{"@type":"ImageObject","inLanguage":"es","@id":"https:\/\/conversesacatalunya.cat\/#\/schema\/person\/image\/","url":"https:\/\/conversesacatalunya.cat\/wp-content\/litespeed\/avatar\/febdfeeec89d950f01c748045a981dd2.jpg?ver=1777314535","contentUrl":"https:\/\/conversesacatalunya.cat\/wp-content\/litespeed\/avatar\/febdfeeec89d950f01c748045a981dd2.jpg?ver=1777314535","caption":"conversesacatalunya"},"url":"https:\/\/conversesacatalunya.cat\/es\/author\/carme_catala\/"}]}},"wps_subtitle":"","_links":{"self":[{"href":"https:\/\/conversesacatalunya.cat\/es\/wp-json\/wp\/v2\/posts\/40499","targetHints":{"allow":["GET"]}}],"collection":[{"href":"https:\/\/conversesacatalunya.cat\/es\/wp-json\/wp\/v2\/posts"}],"about":[{"href":"https:\/\/conversesacatalunya.cat\/es\/wp-json\/wp\/v2\/types\/post"}],"author":[{"embeddable":true,"href":"https:\/\/conversesacatalunya.cat\/es\/wp-json\/wp\/v2\/users\/2"}],"replies":[{"embeddable":true,"href":"https:\/\/conversesacatalunya.cat\/es\/wp-json\/wp\/v2\/comments?post=40499"}],"version-history":[{"count":3,"href":"https:\/\/conversesacatalunya.cat\/es\/wp-json\/wp\/v2\/posts\/40499\/revisions"}],"predecessor-version":[{"id":40502,"href":"https:\/\/conversesacatalunya.cat\/es\/wp-json\/wp\/v2\/posts\/40499\/revisions\/40502"}],"wp:featuredmedia":[{"embeddable":true,"href":"https:\/\/conversesacatalunya.cat\/es\/wp-json\/wp\/v2\/media\/40492"}],"wp:attachment":[{"href":"https:\/\/conversesacatalunya.cat\/es\/wp-json\/wp\/v2\/media?parent=40499"}],"wp:term":[{"taxonomy":"category","embeddable":true,"href":"https:\/\/conversesacatalunya.cat\/es\/wp-json\/wp\/v2\/categories?post=40499"},{"taxonomy":"post_tag","embeddable":true,"href":"https:\/\/conversesacatalunya.cat\/es\/wp-json\/wp\/v2\/tags?post=40499"}],"curies":[{"name":"wp","href":"https:\/\/api.w.org\/{rel}","templated":true}]}}