{"id":40476,"date":"2020-09-24T10:00:54","date_gmt":"2020-09-24T08:00:54","guid":{"rendered":"https:\/\/conversesacatalunya.cat\/?p=40476"},"modified":"2020-09-28T13:44:19","modified_gmt":"2020-09-28T11:44:19","slug":"cataluna-no-se-recupera-bien-y-el-problema-esta-concentrado-en-barcelona","status":"publish","type":"post","link":"https:\/\/conversesacatalunya.cat\/es\/cataluna-no-se-recupera-bien-y-el-problema-esta-concentrado-en-barcelona\/","title":{"rendered":"Catalu\u00f1a no se recupera bien, y el problema est\u00e1 concentrado en Barcelona"},"content":{"rendered":"<p>La evoluci\u00f3n de las <strong>transacciones comerciales<\/strong> con tarjeta de cr\u00e9dito realizadas durante los \u00faltimos d\u00edas que proporciona el sistema Pulso permite seguir en tiempo casi real la situaci\u00f3n de las diversas comunidades aut\u00f3nomas y ciudades espa\u00f1olas.<\/p>\n<p>Ateni\u00e9ndonos a los \u00faltimos datos, y centrados en el \u00e1mbito auton\u00f3mico, se puede observar que hay tres comunidades que presentan las peores situaciones: <strong>Baleares<\/strong>, con el 49% de recuperaci\u00f3n de la actividad comercial de hace un a\u00f1o, <strong>Madrid<\/strong> (59%) y <strong>Canarias<\/strong> (66%). Como se puede constatar, lo que se registra es el impacto tur\u00edstico en las comunidades que tienen su base econ\u00f3mica en esta actividad, y tambi\u00e9n el caso excepcional de Madrid. Hay un segundo grupo que a\u00fan est\u00e1 <strong>lejos de haber llegado a la normalidad<\/strong> y se sit\u00faan en torno al 75% de la recuperaci\u00f3n comercial: a duras penas <strong>Andaluc\u00eda<\/strong> (70%), <strong>Galicia<\/strong> (76%), <strong>Catalu\u00f1a<\/strong> (77%) y <strong>Valencia<\/strong> (78%). Por lo tanto, Catalu\u00f1a no est\u00e1 obviamente en la peor situaci\u00f3n, pero todav\u00eda est\u00e1 lejos de los registros m\u00e1s extendidos en Espa\u00f1a porque el resto de las CCAA se sit\u00faan entre el 85% y algunas pr\u00e1cticamente ya al 100%, como Extremadura (99%) y Arag\u00f3n (95%). El Pa\u00eds Vasco tambi\u00e9n nos lleva una notable distancia porque se ha recuperado hasta el 85%.<\/p>\n<p>Pero si de esta visi\u00f3n auton\u00f3mica global observamos los principales componentes territoriales, podemos ver que <strong>el problema en Catalu\u00f1a se llama Barcelona<\/strong>, porque la ciudad est\u00e1 situada s\u00f3lo <strong>en el 58%<\/strong> de su actividad hace un a\u00f1o. Dado que el peso econ\u00f3mico de Barcelona sobre el conjunto es tan alto, es evidente que esta dificultad de la ciudad para recuperarse es la causa principal de que Catalu\u00f1a no se sit\u00fae en el nivel de recuperaci\u00f3n de la mayor parte de las autonom\u00edas espa\u00f1olas y por tanto por encima del 80%.<\/p>\n<p>Esta situaci\u00f3n de Barcelona s\u00f3lo tiene equivalente con Madrid que, como ya hemos <a href=\"https:\/\/conversesacatalunya.cat\/es\/barcelona-no-se-recupera-a-diferencia-del-resto-de-grandes-capitales\/\" target=\"_blank\" rel=\"noopener noreferrer\">apuntado en otra ocasi\u00f3n<\/a>, est\u00e1 al 59% por la contundencia de la segunda ola en la capital espa\u00f1ola. Pero estamos lejos del resto de otras capitales.<\/p>\n<p>En otras palabras, <strong>Barcelona es el problema catal\u00e1n<\/strong> y, de hecho, por extensi\u00f3n, uno de los problemas espa\u00f1oles por el peso que Catalu\u00f1a tiene en la econom\u00eda de todo el estado. Si el ayuntamiento se muestra como hasta ahora, incapaz de adoptar medidas al nivel del problema, esta cuesti\u00f3n deber\u00eda plantearse en \u00e1mbitos de los poderes p\u00fablicos superiores. Asimismo, todos los partidos del consistorio que no forman parte del gobierno, que es minor\u00eda, deber\u00edan superar sus diferencias y aplicar la mayor\u00eda de la oposici\u00f3n para <strong>configurar un gobierno<\/strong> capaz de hacer frente a la magnitud de la crisis.<\/p>\n<p style=\"text-align: center;\">M\u00e1s informaci\u00f3n sobre el coronavirus en <a href=\"https:\/\/conversesacatalunya.cat\/es\/coronavirus\/\" target=\"_blank\" rel=\"noopener noreferrer\"><strong>ESPECIAL CORONAVIRUS<\/strong><\/a><\/p>\n<div id=\"polls-72\" class=\"wp-polls\">\n\t<form id=\"polls_form_72\" class=\"wp-polls-form\" action=\"\/index.php\" method=\"post\">\n\t\t<p style=\"display: none;\"><input type=\"hidden\" id=\"poll_72_nonce\" name=\"wp-polls-nonce\" value=\"b2077ba2fb\" \/><\/p>\n\t\t<p style=\"display: none;\"><input type=\"hidden\" name=\"poll_id\" value=\"72\" \/><\/p>\n\t\t<p style=\"text-align: center\"><strong>Qui creus que governa b\u00e9<\/strong><\/p><div id=\"polls-72-ans\" class=\"wp-polls-ans\"><ul class=\"wp-polls-ul\">\n\t\t<li><input type=\"radio\" id=\"poll-answer-155\" name=\"poll_72\" value=\"155\" \/> <label for=\"poll-answer-155\">Quim Torra<\/label><\/li>\n\t\t<li><input type=\"radio\" id=\"poll-answer-156\" name=\"poll_72\" value=\"156\" \/> <label for=\"poll-answer-156\">Ada Colau<\/label><\/li>\n\t\t<li><input type=\"radio\" id=\"poll-answer-157\" name=\"poll_72\" value=\"157\" \/> <label for=\"poll-answer-157\">Tots dos<\/label><\/li>\n\t\t<li><input type=\"radio\" id=\"poll-answer-158\" name=\"poll_72\" value=\"158\" \/> <label for=\"poll-answer-158\">Cap dels dos<\/label><\/li>\n\t\t<\/ul><p style=\"text-align: center\"><input type=\"button\" name=\"vote\" value=\"   Vota   \" class=\"Buttons\" onclick=\"poll_vote(72);\" \/><\/p><p style=\"text-align: center\"><a href=\"#ViewPollResults\" onclick=\"poll_result(72); return false;\" title=\"View Results Of This Poll\">Mira els resultats<\/a><\/p><\/div>\n\t<\/form>\n<\/div>\n<div id=\"polls-72-loading\" class=\"wp-polls-loading\"><img decoding=\"async\" data-src=\"https:\/\/conversesacatalunya.cat\/wp-content\/plugins\/wp-polls\/images\/loading.gif\" width=\"16\" height=\"16\" alt=\"Cargando ...\" title=\"Cargando ...\" class=\"wp-polls-image lazyload\" src=\"data:image\/svg+xml;base64,PHN2ZyB3aWR0aD0iMSIgaGVpZ2h0PSIxIiB4bWxucz0iaHR0cDovL3d3dy53My5vcmcvMjAwMC9zdmciPjwvc3ZnPg==\" style=\"--smush-placeholder-width: 16px; --smush-placeholder-aspect-ratio: 16\/16;\" \/>&nbsp;Cargando ...<\/div>\n\n","protected":false},"excerpt":{"rendered":"<p>La evoluci\u00f3n de las transacciones comerciales con tarjeta de cr\u00e9dito realizadas durante los \u00faltimos d\u00edas que proporciona el sistema Pulso permite seguir en tiempo casi real la situaci\u00f3n de las diversas comunidades aut\u00f3nomas y ciudades espa\u00f1olas. Ateni\u00e9ndonos a los \u00faltimos datos, y centrados en el \u00e1mbito auton\u00f3mico, se puede observar que hay tres comunidades que presentan las peores situaciones: Baleares, con el 49% de recuperaci\u00f3n de la actividad comercial de hace un a\u00f1o, Madrid (59%) y Canarias (66%). Como se puede constatar, lo que se registra es el impacto tur\u00edstico en las comunidades que tienen su base econ\u00f3mica en esta actividad, y tambi\u00e9n el caso excepcional de Madrid. Hay un segundo grupo que a\u00fan est\u00e1 lejos de haber llegado a la normalidad y se sit\u00faan en torno al 75% de la recuperaci\u00f3n comercial: a duras penas Andaluc\u00eda (70%), Galicia (76%), Catalu\u00f1a (77%) y Valencia (78%). Por lo tanto, Catalu\u00f1a no est\u00e1 obviamente en la peor situaci\u00f3n, pero todav\u00eda est\u00e1 lejos de los registros m\u00e1s extendidos en Espa\u00f1a porque el resto de las CCAA se sit\u00faan entre el 85% y algunas pr\u00e1cticamente ya al 100%, como Extremadura (99%) y Arag\u00f3n (95%). El Pa\u00eds Vasco tambi\u00e9n nos lleva una notable distancia porque se ha recuperado hasta el 85%. Pero si de esta visi\u00f3n auton\u00f3mica global observamos los principales componentes territoriales, podemos ver que el problema en Catalu\u00f1a se llama Barcelona, porque la ciudad est\u00e1 situada s\u00f3lo en el 58% de su actividad hace un a\u00f1o. Dado que el peso econ\u00f3mico de Barcelona sobre el conjunto es tan alto, es evidente que esta dificultad de la ciudad para recuperarse es la causa principal de que Catalu\u00f1a no se sit\u00fae en el nivel de recuperaci\u00f3n de la mayor parte de las autonom\u00edas espa\u00f1olas y por tanto por encima del 80%. Esta situaci\u00f3n de Barcelona s\u00f3lo tiene equivalente con Madrid que, como ya hemos apuntado en otra ocasi\u00f3n, est\u00e1 al 59% por la contundencia de la segunda ola en la capital espa\u00f1ola. Pero estamos lejos del resto de otras capitales. En otras palabras, Barcelona es el problema catal\u00e1n y, de hecho, por extensi\u00f3n, uno de los problemas espa\u00f1oles por el peso que Catalu\u00f1a tiene en la econom\u00eda de todo el estado. Si el ayuntamiento se muestra como hasta ahora, incapaz de adoptar medidas al nivel del problema, esta cuesti\u00f3n deber\u00eda plantearse en \u00e1mbitos de los poderes p\u00fablicos superiores. Asimismo, todos los partidos del consistorio que no forman parte del gobierno, que es minor\u00eda, deber\u00edan superar sus diferencias y aplicar la mayor\u00eda de la oposici\u00f3n para configurar un gobierno capaz de hacer frente a la magnitud de la crisis. M\u00e1s informaci\u00f3n sobre el coronavirus en ESPECIAL CORONAVIRUS<\/p>\n","protected":false},"author":2,"featured_media":40463,"comment_status":"open","ping_status":"open","sticky":false,"template":"","format":"standard","meta":{"_FSMCFIC_featured_image_caption":"","_FSMCFIC_featured_image_nocaption":"","_FSMCFIC_featured_image_hide":"","footnotes":""},"categories":[1772,3787,806],"tags":[1504,3005,3006],"class_list":["post-40476","post","type-post","status-publish","format-standard","has-post-thumbnail","hentry","category-especial-coronavirus-es","category-expedient-barcelona-es","category-punts-claus-del-dia-es","tag-coronavirus-es","tag-crisi-coronavirus-es","tag-crisis-coronavirus"],"yoast_head":"<!-- This site is optimized with the Yoast SEO plugin v26.8 - https:\/\/yoast.com\/product\/yoast-seo-wordpress\/ -->\n<title>Catalu\u00f1a no se recupera bien, y el problema est\u00e1 concentrado en Barcelona - Converses a Catalunya<\/title>\n<meta name=\"robots\" content=\"index, follow, max-snippet:-1, max-image-preview:large, max-video-preview:-1\" \/>\n<link rel=\"canonical\" href=\"https:\/\/conversesacatalunya.cat\/es\/cataluna-no-se-recupera-bien-y-el-problema-esta-concentrado-en-barcelona\/\" \/>\n<meta property=\"og:locale\" content=\"es_ES\" \/>\n<meta property=\"og:type\" content=\"article\" \/>\n<meta property=\"og:title\" content=\"Catalu\u00f1a no se recupera bien, y el problema est\u00e1 concentrado en Barcelona - Converses a Catalunya\" \/>\n<meta property=\"og:description\" content=\"La evoluci\u00f3n de las transacciones comerciales con tarjeta de cr\u00e9dito realizadas durante los \u00faltimos d\u00edas que proporciona el sistema Pulso permite seguir en tiempo casi real la situaci\u00f3n de las diversas comunidades aut\u00f3nomas y ciudades espa\u00f1olas. Ateni\u00e9ndonos a los \u00faltimos datos, y centrados en el \u00e1mbito auton\u00f3mico, se puede observar que hay tres comunidades que presentan las peores situaciones: Baleares, con el 49% de recuperaci\u00f3n de la actividad comercial de hace un a\u00f1o, Madrid (59%) y Canarias (66%). Como se puede constatar, lo que se registra es el impacto tur\u00edstico en las comunidades que tienen su base econ\u00f3mica en esta actividad, y tambi\u00e9n el caso excepcional de Madrid. Hay un segundo grupo que a\u00fan est\u00e1 lejos de haber llegado a la normalidad y se sit\u00faan en torno al 75% de la recuperaci\u00f3n comercial: a duras penas Andaluc\u00eda (70%), Galicia (76%), Catalu\u00f1a (77%) y Valencia (78%). Por lo tanto, Catalu\u00f1a no est\u00e1 obviamente en la peor situaci\u00f3n, pero todav\u00eda est\u00e1 lejos de los registros m\u00e1s extendidos en Espa\u00f1a porque el resto de las CCAA se sit\u00faan entre el 85% y algunas pr\u00e1cticamente ya al 100%, como Extremadura (99%) y Arag\u00f3n (95%). El Pa\u00eds Vasco tambi\u00e9n nos lleva una notable distancia porque se ha recuperado hasta el 85%. Pero si de esta visi\u00f3n auton\u00f3mica global observamos los principales componentes territoriales, podemos ver que el problema en Catalu\u00f1a se llama Barcelona, porque la ciudad est\u00e1 situada s\u00f3lo en el 58% de su actividad hace un a\u00f1o. Dado que el peso econ\u00f3mico de Barcelona sobre el conjunto es tan alto, es evidente que esta dificultad de la ciudad para recuperarse es la causa principal de que Catalu\u00f1a no se sit\u00fae en el nivel de recuperaci\u00f3n de la mayor parte de las autonom\u00edas espa\u00f1olas y por tanto por encima del 80%. Esta situaci\u00f3n de Barcelona s\u00f3lo tiene equivalente con Madrid que, como ya hemos apuntado en otra ocasi\u00f3n, est\u00e1 al 59% por la contundencia de la segunda ola en la capital espa\u00f1ola. Pero estamos lejos del resto de otras capitales. En otras palabras, Barcelona es el problema catal\u00e1n y, de hecho, por extensi\u00f3n, uno de los problemas espa\u00f1oles por el peso que Catalu\u00f1a tiene en la econom\u00eda de todo el estado. Si el ayuntamiento se muestra como hasta ahora, incapaz de adoptar medidas al nivel del problema, esta cuesti\u00f3n deber\u00eda plantearse en \u00e1mbitos de los poderes p\u00fablicos superiores. Asimismo, todos los partidos del consistorio que no forman parte del gobierno, que es minor\u00eda, deber\u00edan superar sus diferencias y aplicar la mayor\u00eda de la oposici\u00f3n para configurar un gobierno capaz de hacer frente a la magnitud de la crisis. M\u00e1s informaci\u00f3n sobre el coronavirus en ESPECIAL CORONAVIRUS\" \/>\n<meta property=\"og:url\" content=\"https:\/\/conversesacatalunya.cat\/es\/cataluna-no-se-recupera-bien-y-el-problema-esta-concentrado-en-barcelona\/\" \/>\n<meta property=\"og:site_name\" content=\"Converses a Catalunya\" \/>\n<meta property=\"article:published_time\" content=\"2020-09-24T08:00:54+00:00\" \/>\n<meta property=\"article:modified_time\" content=\"2020-09-28T11:44:19+00:00\" \/>\n<meta property=\"og:image\" content=\"https:\/\/conversesacatalunya.cat\/wp-content\/uploads\/2020\/09\/crisi-coronavirus-1.jpg\" \/>\n\t<meta property=\"og:image:width\" content=\"980\" \/>\n\t<meta property=\"og:image:height\" content=\"626\" \/>\n\t<meta property=\"og:image:type\" content=\"image\/jpeg\" \/>\n<meta name=\"author\" content=\"conversesacatalunya\" \/>\n<meta name=\"twitter:card\" content=\"summary_large_image\" \/>\n<meta name=\"twitter:label1\" content=\"Escrito por\" \/>\n\t<meta name=\"twitter:data1\" content=\"conversesacatalunya\" \/>\n\t<meta name=\"twitter:label2\" content=\"Tiempo de lectura\" \/>\n\t<meta name=\"twitter:data2\" content=\"2 minutos\" \/>\n<script type=\"application\/ld+json\" class=\"yoast-schema-graph\">{\"@context\":\"https:\/\/schema.org\",\"@graph\":[{\"@type\":\"Article\",\"@id\":\"https:\/\/conversesacatalunya.cat\/es\/cataluna-no-se-recupera-bien-y-el-problema-esta-concentrado-en-barcelona\/#article\",\"isPartOf\":{\"@id\":\"https:\/\/conversesacatalunya.cat\/es\/cataluna-no-se-recupera-bien-y-el-problema-esta-concentrado-en-barcelona\/\"},\"author\":{\"name\":\"conversesacatalunya\",\"@id\":\"https:\/\/conversesacatalunya.cat\/#\/schema\/person\/7e24d1e54a2785373ddcb275eae5ed99\"},\"headline\":\"Catalu\u00f1a no se recupera bien, y el problema est\u00e1 concentrado en Barcelona\",\"datePublished\":\"2020-09-24T08:00:54+00:00\",\"dateModified\":\"2020-09-28T11:44:19+00:00\",\"mainEntityOfPage\":{\"@id\":\"https:\/\/conversesacatalunya.cat\/es\/cataluna-no-se-recupera-bien-y-el-problema-esta-concentrado-en-barcelona\/\"},\"wordCount\":497,\"commentCount\":0,\"image\":{\"@id\":\"https:\/\/conversesacatalunya.cat\/es\/cataluna-no-se-recupera-bien-y-el-problema-esta-concentrado-en-barcelona\/#primaryimage\"},\"thumbnailUrl\":\"https:\/\/conversesacatalunya.cat\/wp-content\/uploads\/2020\/09\/crisi-coronavirus-1.jpg\",\"keywords\":[\"coronavirus\",\"crisi coronavirus\",\"crisis coronavirus\"],\"articleSection\":[\"Especial Coronavirus (ES)\",\"Expedient Barcelona (ES)\",\"Punts clau del dia (ES)\"],\"inLanguage\":\"es\",\"potentialAction\":[{\"@type\":\"CommentAction\",\"name\":\"Comment\",\"target\":[\"https:\/\/conversesacatalunya.cat\/es\/cataluna-no-se-recupera-bien-y-el-problema-esta-concentrado-en-barcelona\/#respond\"]}]},{\"@type\":\"WebPage\",\"@id\":\"https:\/\/conversesacatalunya.cat\/es\/cataluna-no-se-recupera-bien-y-el-problema-esta-concentrado-en-barcelona\/\",\"url\":\"https:\/\/conversesacatalunya.cat\/es\/cataluna-no-se-recupera-bien-y-el-problema-esta-concentrado-en-barcelona\/\",\"name\":\"Catalu\u00f1a no se recupera bien, y el problema est\u00e1 concentrado en Barcelona - Converses a Catalunya\",\"isPartOf\":{\"@id\":\"https:\/\/conversesacatalunya.cat\/#website\"},\"primaryImageOfPage\":{\"@id\":\"https:\/\/conversesacatalunya.cat\/es\/cataluna-no-se-recupera-bien-y-el-problema-esta-concentrado-en-barcelona\/#primaryimage\"},\"image\":{\"@id\":\"https:\/\/conversesacatalunya.cat\/es\/cataluna-no-se-recupera-bien-y-el-problema-esta-concentrado-en-barcelona\/#primaryimage\"},\"thumbnailUrl\":\"https:\/\/conversesacatalunya.cat\/wp-content\/uploads\/2020\/09\/crisi-coronavirus-1.jpg\",\"datePublished\":\"2020-09-24T08:00:54+00:00\",\"dateModified\":\"2020-09-28T11:44:19+00:00\",\"author\":{\"@id\":\"https:\/\/conversesacatalunya.cat\/#\/schema\/person\/7e24d1e54a2785373ddcb275eae5ed99\"},\"breadcrumb\":{\"@id\":\"https:\/\/conversesacatalunya.cat\/es\/cataluna-no-se-recupera-bien-y-el-problema-esta-concentrado-en-barcelona\/#breadcrumb\"},\"inLanguage\":\"es\",\"potentialAction\":[{\"@type\":\"ReadAction\",\"target\":[\"https:\/\/conversesacatalunya.cat\/es\/cataluna-no-se-recupera-bien-y-el-problema-esta-concentrado-en-barcelona\/\"]}]},{\"@type\":\"ImageObject\",\"inLanguage\":\"es\",\"@id\":\"https:\/\/conversesacatalunya.cat\/es\/cataluna-no-se-recupera-bien-y-el-problema-esta-concentrado-en-barcelona\/#primaryimage\",\"url\":\"https:\/\/conversesacatalunya.cat\/wp-content\/uploads\/2020\/09\/crisi-coronavirus-1.jpg\",\"contentUrl\":\"https:\/\/conversesacatalunya.cat\/wp-content\/uploads\/2020\/09\/crisi-coronavirus-1.jpg\",\"width\":980,\"height\":626,\"caption\":\"Catalunya no es recupera\"},{\"@type\":\"BreadcrumbList\",\"@id\":\"https:\/\/conversesacatalunya.cat\/es\/cataluna-no-se-recupera-bien-y-el-problema-esta-concentrado-en-barcelona\/#breadcrumb\",\"itemListElement\":[{\"@type\":\"ListItem\",\"position\":1,\"name\":\"Inici\",\"item\":\"https:\/\/conversesacatalunya.cat\/es\/\"},{\"@type\":\"ListItem\",\"position\":2,\"name\":\"Catalu\u00f1a no se recupera bien, y el problema est\u00e1 concentrado en Barcelona\"}]},{\"@type\":\"WebSite\",\"@id\":\"https:\/\/conversesacatalunya.cat\/#website\",\"url\":\"https:\/\/conversesacatalunya.cat\/\",\"name\":\"Converses a Catalunya\",\"description\":\"\",\"potentialAction\":[{\"@type\":\"SearchAction\",\"target\":{\"@type\":\"EntryPoint\",\"urlTemplate\":\"https:\/\/conversesacatalunya.cat\/?s={search_term_string}\"},\"query-input\":{\"@type\":\"PropertyValueSpecification\",\"valueRequired\":true,\"valueName\":\"search_term_string\"}}],\"inLanguage\":\"es\"},{\"@type\":\"Person\",\"@id\":\"https:\/\/conversesacatalunya.cat\/#\/schema\/person\/7e24d1e54a2785373ddcb275eae5ed99\",\"name\":\"conversesacatalunya\",\"image\":{\"@type\":\"ImageObject\",\"inLanguage\":\"es\",\"@id\":\"https:\/\/conversesacatalunya.cat\/#\/schema\/person\/image\/\",\"url\":\"https:\/\/conversesacatalunya.cat\/wp-content\/litespeed\/avatar\/febdfeeec89d950f01c748045a981dd2.jpg?ver=1777314535\",\"contentUrl\":\"https:\/\/conversesacatalunya.cat\/wp-content\/litespeed\/avatar\/febdfeeec89d950f01c748045a981dd2.jpg?ver=1777314535\",\"caption\":\"conversesacatalunya\"},\"url\":\"https:\/\/conversesacatalunya.cat\/es\/author\/carme_catala\/\"}]}<\/script>\n<!-- \/ Yoast SEO plugin. -->","yoast_head_json":{"title":"Catalu\u00f1a no se recupera bien, y el problema est\u00e1 concentrado en Barcelona - Converses a Catalunya","robots":{"index":"index","follow":"follow","max-snippet":"max-snippet:-1","max-image-preview":"max-image-preview:large","max-video-preview":"max-video-preview:-1"},"canonical":"https:\/\/conversesacatalunya.cat\/es\/cataluna-no-se-recupera-bien-y-el-problema-esta-concentrado-en-barcelona\/","og_locale":"es_ES","og_type":"article","og_title":"Catalu\u00f1a no se recupera bien, y el problema est\u00e1 concentrado en Barcelona - Converses a Catalunya","og_description":"La evoluci\u00f3n de las transacciones comerciales con tarjeta de cr\u00e9dito realizadas durante los \u00faltimos d\u00edas que proporciona el sistema Pulso permite seguir en tiempo casi real la situaci\u00f3n de las diversas comunidades aut\u00f3nomas y ciudades espa\u00f1olas. Ateni\u00e9ndonos a los \u00faltimos datos, y centrados en el \u00e1mbito auton\u00f3mico, se puede observar que hay tres comunidades que presentan las peores situaciones: Baleares, con el 49% de recuperaci\u00f3n de la actividad comercial de hace un a\u00f1o, Madrid (59%) y Canarias (66%). Como se puede constatar, lo que se registra es el impacto tur\u00edstico en las comunidades que tienen su base econ\u00f3mica en esta actividad, y tambi\u00e9n el caso excepcional de Madrid. Hay un segundo grupo que a\u00fan est\u00e1 lejos de haber llegado a la normalidad y se sit\u00faan en torno al 75% de la recuperaci\u00f3n comercial: a duras penas Andaluc\u00eda (70%), Galicia (76%), Catalu\u00f1a (77%) y Valencia (78%). Por lo tanto, Catalu\u00f1a no est\u00e1 obviamente en la peor situaci\u00f3n, pero todav\u00eda est\u00e1 lejos de los registros m\u00e1s extendidos en Espa\u00f1a porque el resto de las CCAA se sit\u00faan entre el 85% y algunas pr\u00e1cticamente ya al 100%, como Extremadura (99%) y Arag\u00f3n (95%). El Pa\u00eds Vasco tambi\u00e9n nos lleva una notable distancia porque se ha recuperado hasta el 85%. Pero si de esta visi\u00f3n auton\u00f3mica global observamos los principales componentes territoriales, podemos ver que el problema en Catalu\u00f1a se llama Barcelona, porque la ciudad est\u00e1 situada s\u00f3lo en el 58% de su actividad hace un a\u00f1o. Dado que el peso econ\u00f3mico de Barcelona sobre el conjunto es tan alto, es evidente que esta dificultad de la ciudad para recuperarse es la causa principal de que Catalu\u00f1a no se sit\u00fae en el nivel de recuperaci\u00f3n de la mayor parte de las autonom\u00edas espa\u00f1olas y por tanto por encima del 80%. Esta situaci\u00f3n de Barcelona s\u00f3lo tiene equivalente con Madrid que, como ya hemos apuntado en otra ocasi\u00f3n, est\u00e1 al 59% por la contundencia de la segunda ola en la capital espa\u00f1ola. Pero estamos lejos del resto de otras capitales. En otras palabras, Barcelona es el problema catal\u00e1n y, de hecho, por extensi\u00f3n, uno de los problemas espa\u00f1oles por el peso que Catalu\u00f1a tiene en la econom\u00eda de todo el estado. Si el ayuntamiento se muestra como hasta ahora, incapaz de adoptar medidas al nivel del problema, esta cuesti\u00f3n deber\u00eda plantearse en \u00e1mbitos de los poderes p\u00fablicos superiores. Asimismo, todos los partidos del consistorio que no forman parte del gobierno, que es minor\u00eda, deber\u00edan superar sus diferencias y aplicar la mayor\u00eda de la oposici\u00f3n para configurar un gobierno capaz de hacer frente a la magnitud de la crisis. M\u00e1s informaci\u00f3n sobre el coronavirus en ESPECIAL CORONAVIRUS","og_url":"https:\/\/conversesacatalunya.cat\/es\/cataluna-no-se-recupera-bien-y-el-problema-esta-concentrado-en-barcelona\/","og_site_name":"Converses a Catalunya","article_published_time":"2020-09-24T08:00:54+00:00","article_modified_time":"2020-09-28T11:44:19+00:00","og_image":[{"width":980,"height":626,"url":"https:\/\/conversesacatalunya.cat\/wp-content\/uploads\/2020\/09\/crisi-coronavirus-1.jpg","type":"image\/jpeg"}],"author":"conversesacatalunya","twitter_card":"summary_large_image","twitter_misc":{"Escrito por":"conversesacatalunya","Tiempo de lectura":"2 minutos"},"schema":{"@context":"https:\/\/schema.org","@graph":[{"@type":"Article","@id":"https:\/\/conversesacatalunya.cat\/es\/cataluna-no-se-recupera-bien-y-el-problema-esta-concentrado-en-barcelona\/#article","isPartOf":{"@id":"https:\/\/conversesacatalunya.cat\/es\/cataluna-no-se-recupera-bien-y-el-problema-esta-concentrado-en-barcelona\/"},"author":{"name":"conversesacatalunya","@id":"https:\/\/conversesacatalunya.cat\/#\/schema\/person\/7e24d1e54a2785373ddcb275eae5ed99"},"headline":"Catalu\u00f1a no se recupera bien, y el problema est\u00e1 concentrado en Barcelona","datePublished":"2020-09-24T08:00:54+00:00","dateModified":"2020-09-28T11:44:19+00:00","mainEntityOfPage":{"@id":"https:\/\/conversesacatalunya.cat\/es\/cataluna-no-se-recupera-bien-y-el-problema-esta-concentrado-en-barcelona\/"},"wordCount":497,"commentCount":0,"image":{"@id":"https:\/\/conversesacatalunya.cat\/es\/cataluna-no-se-recupera-bien-y-el-problema-esta-concentrado-en-barcelona\/#primaryimage"},"thumbnailUrl":"https:\/\/conversesacatalunya.cat\/wp-content\/uploads\/2020\/09\/crisi-coronavirus-1.jpg","keywords":["coronavirus","crisi coronavirus","crisis coronavirus"],"articleSection":["Especial Coronavirus (ES)","Expedient Barcelona (ES)","Punts clau del dia (ES)"],"inLanguage":"es","potentialAction":[{"@type":"CommentAction","name":"Comment","target":["https:\/\/conversesacatalunya.cat\/es\/cataluna-no-se-recupera-bien-y-el-problema-esta-concentrado-en-barcelona\/#respond"]}]},{"@type":"WebPage","@id":"https:\/\/conversesacatalunya.cat\/es\/cataluna-no-se-recupera-bien-y-el-problema-esta-concentrado-en-barcelona\/","url":"https:\/\/conversesacatalunya.cat\/es\/cataluna-no-se-recupera-bien-y-el-problema-esta-concentrado-en-barcelona\/","name":"Catalu\u00f1a no se recupera bien, y el problema est\u00e1 concentrado en Barcelona - Converses a Catalunya","isPartOf":{"@id":"https:\/\/conversesacatalunya.cat\/#website"},"primaryImageOfPage":{"@id":"https:\/\/conversesacatalunya.cat\/es\/cataluna-no-se-recupera-bien-y-el-problema-esta-concentrado-en-barcelona\/#primaryimage"},"image":{"@id":"https:\/\/conversesacatalunya.cat\/es\/cataluna-no-se-recupera-bien-y-el-problema-esta-concentrado-en-barcelona\/#primaryimage"},"thumbnailUrl":"https:\/\/conversesacatalunya.cat\/wp-content\/uploads\/2020\/09\/crisi-coronavirus-1.jpg","datePublished":"2020-09-24T08:00:54+00:00","dateModified":"2020-09-28T11:44:19+00:00","author":{"@id":"https:\/\/conversesacatalunya.cat\/#\/schema\/person\/7e24d1e54a2785373ddcb275eae5ed99"},"breadcrumb":{"@id":"https:\/\/conversesacatalunya.cat\/es\/cataluna-no-se-recupera-bien-y-el-problema-esta-concentrado-en-barcelona\/#breadcrumb"},"inLanguage":"es","potentialAction":[{"@type":"ReadAction","target":["https:\/\/conversesacatalunya.cat\/es\/cataluna-no-se-recupera-bien-y-el-problema-esta-concentrado-en-barcelona\/"]}]},{"@type":"ImageObject","inLanguage":"es","@id":"https:\/\/conversesacatalunya.cat\/es\/cataluna-no-se-recupera-bien-y-el-problema-esta-concentrado-en-barcelona\/#primaryimage","url":"https:\/\/conversesacatalunya.cat\/wp-content\/uploads\/2020\/09\/crisi-coronavirus-1.jpg","contentUrl":"https:\/\/conversesacatalunya.cat\/wp-content\/uploads\/2020\/09\/crisi-coronavirus-1.jpg","width":980,"height":626,"caption":"Catalunya no es recupera"},{"@type":"BreadcrumbList","@id":"https:\/\/conversesacatalunya.cat\/es\/cataluna-no-se-recupera-bien-y-el-problema-esta-concentrado-en-barcelona\/#breadcrumb","itemListElement":[{"@type":"ListItem","position":1,"name":"Inici","item":"https:\/\/conversesacatalunya.cat\/es\/"},{"@type":"ListItem","position":2,"name":"Catalu\u00f1a no se recupera bien, y el problema est\u00e1 concentrado en Barcelona"}]},{"@type":"WebSite","@id":"https:\/\/conversesacatalunya.cat\/#website","url":"https:\/\/conversesacatalunya.cat\/","name":"Converses a Catalunya","description":"","potentialAction":[{"@type":"SearchAction","target":{"@type":"EntryPoint","urlTemplate":"https:\/\/conversesacatalunya.cat\/?s={search_term_string}"},"query-input":{"@type":"PropertyValueSpecification","valueRequired":true,"valueName":"search_term_string"}}],"inLanguage":"es"},{"@type":"Person","@id":"https:\/\/conversesacatalunya.cat\/#\/schema\/person\/7e24d1e54a2785373ddcb275eae5ed99","name":"conversesacatalunya","image":{"@type":"ImageObject","inLanguage":"es","@id":"https:\/\/conversesacatalunya.cat\/#\/schema\/person\/image\/","url":"https:\/\/conversesacatalunya.cat\/wp-content\/litespeed\/avatar\/febdfeeec89d950f01c748045a981dd2.jpg?ver=1777314535","contentUrl":"https:\/\/conversesacatalunya.cat\/wp-content\/litespeed\/avatar\/febdfeeec89d950f01c748045a981dd2.jpg?ver=1777314535","caption":"conversesacatalunya"},"url":"https:\/\/conversesacatalunya.cat\/es\/author\/carme_catala\/"}]}},"wps_subtitle":"","_links":{"self":[{"href":"https:\/\/conversesacatalunya.cat\/es\/wp-json\/wp\/v2\/posts\/40476","targetHints":{"allow":["GET"]}}],"collection":[{"href":"https:\/\/conversesacatalunya.cat\/es\/wp-json\/wp\/v2\/posts"}],"about":[{"href":"https:\/\/conversesacatalunya.cat\/es\/wp-json\/wp\/v2\/types\/post"}],"author":[{"embeddable":true,"href":"https:\/\/conversesacatalunya.cat\/es\/wp-json\/wp\/v2\/users\/2"}],"replies":[{"embeddable":true,"href":"https:\/\/conversesacatalunya.cat\/es\/wp-json\/wp\/v2\/comments?post=40476"}],"version-history":[{"count":2,"href":"https:\/\/conversesacatalunya.cat\/es\/wp-json\/wp\/v2\/posts\/40476\/revisions"}],"predecessor-version":[{"id":40477,"href":"https:\/\/conversesacatalunya.cat\/es\/wp-json\/wp\/v2\/posts\/40476\/revisions\/40477"}],"wp:featuredmedia":[{"embeddable":true,"href":"https:\/\/conversesacatalunya.cat\/es\/wp-json\/wp\/v2\/media\/40463"}],"wp:attachment":[{"href":"https:\/\/conversesacatalunya.cat\/es\/wp-json\/wp\/v2\/media?parent=40476"}],"wp:term":[{"taxonomy":"category","embeddable":true,"href":"https:\/\/conversesacatalunya.cat\/es\/wp-json\/wp\/v2\/categories?post=40476"},{"taxonomy":"post_tag","embeddable":true,"href":"https:\/\/conversesacatalunya.cat\/es\/wp-json\/wp\/v2\/tags?post=40476"}],"curies":[{"name":"wp","href":"https:\/\/api.w.org\/{rel}","templated":true}]}}