{"id":40471,"date":"2020-09-24T09:11:57","date_gmt":"2020-09-24T07:11:57","guid":{"rendered":"https:\/\/conversesacatalunya.cat\/?p=40471"},"modified":"2020-09-23T17:19:34","modified_gmt":"2020-09-23T15:19:34","slug":"el-covid-19-no-va-a-desaparecer-nos-estamos-preparando-para-esta-evidencia","status":"publish","type":"post","link":"https:\/\/conversesacatalunya.cat\/es\/el-covid-19-no-va-a-desaparecer-nos-estamos-preparando-para-esta-evidencia\/","title":{"rendered":"El Covid-19 no va a desaparecer. Nos estamos preparando para esta evidencia"},"content":{"rendered":"<p>Las urgencias del momento provocadas por la segunda ola, la necesidad de lograr la recuperaci\u00f3n econ\u00f3mica y las dificultades que conlleva regir en esta tarea, y el horizonte que nos han fijado que se acaba con la vacuna, no permite ni a los pol\u00edticos ni a los medios de comunicaci\u00f3n ni a la ciudadan\u00eda tomar consciencia de que <strong>el Covid-19 no va a desaparecer al menos durante d\u00e9cadas y d\u00e9cadas<\/strong>.<\/p>\n<p>La vacuna, cuando haya sido aplicada en una medida suficiente, permitir\u00e1 un mejor control de los contagios y dar\u00e1 m\u00e1s garant\u00edas a la poblaci\u00f3n de riesgo en la mejor de las hip\u00f3tesis. Pero este virus respiratorio continuar\u00e1 circulando como lo hacen los otros virus que conviven con nosotros. El caso m\u00e1s evidente es el de la gripe, que est\u00e1 perfectamente integrado en nuestra vida, como ocurre con los virus que provocan los resfriados o con otro especialmente grave, pero de transmisi\u00f3n mucho m\u00e1s dif\u00edcil dado que no es de car\u00e1cter respiratorio, como es el VIH. Quiz\u00e1 con el paso del tiempo y con una poblaci\u00f3n inmunizada de orden creciente acabe quedando pr\u00e1cticamente extinguido, pero este es un horizonte lejano. La consecuencia es evidente: <strong>el Covid-19 se cronificar\u00e1<\/strong>\u00a0y toda nuestra actividad, incluida la econ\u00f3mica, se debe preparar desde ahora para convivir con \u00e9l.<\/p>\n<p><strong>La convivencia tiene dos puntos d\u00e9biles<\/strong>. Uno que parece en v\u00edas de resoluci\u00f3n, el de la <strong>vacuna<\/strong>, aunque como es l\u00f3gico todav\u00eda planean muchas incertidumbres sobre ella. Pero el consenso mayoritario del mundo cient\u00edfico considera que entre el verano de 2021 y el final de ese a\u00f1o, la vacuna habr\u00e1 llegado a la poblaci\u00f3n en una proporci\u00f3n suficiente para eliminar los principales riesgos, y eso quiere decir <em>grosso modo<\/em> <strong>un tercio de la poblaci\u00f3n<\/strong> de cada pa\u00eds, centrada en los grupos de riesgo: personal m\u00e9dico, personas de m\u00e1s edad y los que sufren patolog\u00edas que agravan el Covid-19.<\/p>\n<p>Pero hay otro punto d\u00e9bil que todav\u00eda no tiene una resoluci\u00f3n clara: el <strong>tratamiento<\/strong>. Requerimos f\u00e1rmacos eficaces que puedan actuar a dos niveles diferentes de la evoluci\u00f3n de la enfermedad. El primero en el inicio de la transmisi\u00f3n cuando \u00e9sta es incipiente, para que diluya sus peores consecuencias, la convierta, por as\u00ed decirlo, en una \u00abgripe suave\u00bb como mucho. Los otros f\u00e1rmacos necesarios se sit\u00faan en el \u00e1mbito hospitalario para evitar de manera eficaz las peores complicaciones, las que dejan secuelas o llevan a la muerte.<\/p>\n<p style=\"text-align: center;\">M\u00e1s informaci\u00f3n sobre el coronavirus en <a href=\"https:\/\/conversesacatalunya.cat\/es\/coronavirus\/\"><strong>ESPECIAL CORONAVIRUS<\/strong><\/a><\/p>\n<div id=\"polls-72\" class=\"wp-polls\">\n\t<form id=\"polls_form_72\" class=\"wp-polls-form\" action=\"\/index.php\" method=\"post\">\n\t\t<p style=\"display: none;\"><input type=\"hidden\" id=\"poll_72_nonce\" name=\"wp-polls-nonce\" value=\"9f80f4b767\" \/><\/p>\n\t\t<p style=\"display: none;\"><input type=\"hidden\" name=\"poll_id\" value=\"72\" \/><\/p>\n\t\t<p style=\"text-align: center\"><strong>Qui creus que governa b\u00e9<\/strong><\/p><div id=\"polls-72-ans\" class=\"wp-polls-ans\"><ul class=\"wp-polls-ul\">\n\t\t<li><input type=\"radio\" id=\"poll-answer-155\" name=\"poll_72\" value=\"155\" \/> <label for=\"poll-answer-155\">Quim Torra<\/label><\/li>\n\t\t<li><input type=\"radio\" id=\"poll-answer-156\" name=\"poll_72\" value=\"156\" \/> <label for=\"poll-answer-156\">Ada Colau<\/label><\/li>\n\t\t<li><input type=\"radio\" id=\"poll-answer-157\" name=\"poll_72\" value=\"157\" \/> <label for=\"poll-answer-157\">Tots dos<\/label><\/li>\n\t\t<li><input type=\"radio\" id=\"poll-answer-158\" name=\"poll_72\" value=\"158\" \/> <label for=\"poll-answer-158\">Cap dels dos<\/label><\/li>\n\t\t<\/ul><p style=\"text-align: center\"><input type=\"button\" name=\"vote\" value=\"   Vota   \" class=\"Buttons\" onclick=\"poll_vote(72);\" \/><\/p><p style=\"text-align: center\"><a href=\"#ViewPollResults\" onclick=\"poll_result(72); return false;\" title=\"View Results Of This Poll\">Mira els resultats<\/a><\/p><\/div>\n\t<\/form>\n<\/div>\n<div id=\"polls-72-loading\" class=\"wp-polls-loading\"><img decoding=\"async\" data-src=\"https:\/\/conversesacatalunya.cat\/wp-content\/plugins\/wp-polls\/images\/loading.gif\" width=\"16\" height=\"16\" alt=\"Cargando ...\" title=\"Cargando ...\" class=\"wp-polls-image lazyload\" src=\"data:image\/svg+xml;base64,PHN2ZyB3aWR0aD0iMSIgaGVpZ2h0PSIxIiB4bWxucz0iaHR0cDovL3d3dy53My5vcmcvMjAwMC9zdmciPjwvc3ZnPg==\" style=\"--smush-placeholder-width: 16px; --smush-placeholder-aspect-ratio: 16\/16;\" \/>&nbsp;Cargando ...<\/div>\n\n","protected":false},"excerpt":{"rendered":"<p>Las urgencias del momento provocadas por la segunda ola, la necesidad de lograr la recuperaci\u00f3n econ\u00f3mica y las dificultades que conlleva regir en esta tarea, y el horizonte que nos han fijado que se acaba con la vacuna, no permite ni a los pol\u00edticos ni a los medios de comunicaci\u00f3n ni a la ciudadan\u00eda tomar consciencia de que el Covid-19 no va a desaparecer al menos durante d\u00e9cadas y d\u00e9cadas. La vacuna, cuando haya sido aplicada en una medida suficiente, permitir\u00e1 un mejor control de los contagios y dar\u00e1 m\u00e1s garant\u00edas a la poblaci\u00f3n de riesgo en la mejor de las hip\u00f3tesis. Pero este virus respiratorio continuar\u00e1 circulando como lo hacen los otros virus que conviven con nosotros. El caso m\u00e1s evidente es el de la gripe, que est\u00e1 perfectamente integrado en nuestra vida, como ocurre con los virus que provocan los resfriados o con otro especialmente grave, pero de transmisi\u00f3n mucho m\u00e1s dif\u00edcil dado que no es de car\u00e1cter respiratorio, como es el VIH. Quiz\u00e1 con el paso del tiempo y con una poblaci\u00f3n inmunizada de orden creciente acabe quedando pr\u00e1cticamente extinguido, pero este es un horizonte lejano. La consecuencia es evidente: el Covid-19 se cronificar\u00e1\u00a0y toda nuestra actividad, incluida la econ\u00f3mica, se debe preparar desde ahora para convivir con \u00e9l. La convivencia tiene dos puntos d\u00e9biles. Uno que parece en v\u00edas de resoluci\u00f3n, el de la vacuna, aunque como es l\u00f3gico todav\u00eda planean muchas incertidumbres sobre ella. Pero el consenso mayoritario del mundo cient\u00edfico considera que entre el verano de 2021 y el final de ese a\u00f1o, la vacuna habr\u00e1 llegado a la poblaci\u00f3n en una proporci\u00f3n suficiente para eliminar los principales riesgos, y eso quiere decir grosso modo un tercio de la poblaci\u00f3n de cada pa\u00eds, centrada en los grupos de riesgo: personal m\u00e9dico, personas de m\u00e1s edad y los que sufren patolog\u00edas que agravan el Covid-19. Pero hay otro punto d\u00e9bil que todav\u00eda no tiene una resoluci\u00f3n clara: el tratamiento. Requerimos f\u00e1rmacos eficaces que puedan actuar a dos niveles diferentes de la evoluci\u00f3n de la enfermedad. El primero en el inicio de la transmisi\u00f3n cuando \u00e9sta es incipiente, para que diluya sus peores consecuencias, la convierta, por as\u00ed decirlo, en una \u00abgripe suave\u00bb como mucho. Los otros f\u00e1rmacos necesarios se sit\u00faan en el \u00e1mbito hospitalario para evitar de manera eficaz las peores complicaciones, las que dejan secuelas o llevan a la muerte. M\u00e1s informaci\u00f3n sobre el coronavirus en ESPECIAL CORONAVIRUS<\/p>\n","protected":false},"author":2,"featured_media":40454,"comment_status":"open","ping_status":"open","sticky":false,"template":"","format":"standard","meta":{"_FSMCFIC_featured_image_caption":"","_FSMCFIC_featured_image_nocaption":"","_FSMCFIC_featured_image_hide":"","footnotes":""},"categories":[1772,806],"tags":[1504],"class_list":["post-40471","post","type-post","status-publish","format-standard","has-post-thumbnail","hentry","category-especial-coronavirus-es","category-punts-claus-del-dia-es","tag-coronavirus-es"],"yoast_head":"<!-- This site is optimized with the Yoast SEO plugin v26.8 - https:\/\/yoast.com\/product\/yoast-seo-wordpress\/ -->\n<title>El Covid-19 no va a desaparecer. Nos estamos preparando para esta evidencia - Converses a Catalunya<\/title>\n<meta name=\"description\" content=\"La ciudadan\u00eda ha de tomar consciencia de que el Covid-19 no va a desaparecer al menos durante d\u00e9cadas y d\u00e9cadas\" \/>\n<meta name=\"robots\" content=\"index, follow, max-snippet:-1, max-image-preview:large, max-video-preview:-1\" \/>\n<link rel=\"canonical\" href=\"https:\/\/conversesacatalunya.cat\/es\/el-covid-19-no-va-a-desaparecer-nos-estamos-preparando-para-esta-evidencia\/\" \/>\n<meta property=\"og:locale\" content=\"es_ES\" \/>\n<meta property=\"og:type\" content=\"article\" \/>\n<meta property=\"og:title\" content=\"El Covid-19 no va a desaparecer. Nos estamos preparando para esta evidencia - Converses a Catalunya\" \/>\n<meta property=\"og:description\" content=\"La ciudadan\u00eda ha de tomar consciencia de que el Covid-19 no va a desaparecer al menos durante d\u00e9cadas y d\u00e9cadas\" \/>\n<meta property=\"og:url\" content=\"https:\/\/conversesacatalunya.cat\/es\/el-covid-19-no-va-a-desaparecer-nos-estamos-preparando-para-esta-evidencia\/\" \/>\n<meta property=\"og:site_name\" content=\"Converses a Catalunya\" \/>\n<meta property=\"article:published_time\" content=\"2020-09-24T07:11:57+00:00\" \/>\n<meta property=\"og:image\" content=\"https:\/\/conversesacatalunya.cat\/wp-content\/uploads\/2020\/09\/Gent-mascareta-aquesta-tarda-Barcelona_2486761568_73043573_1500x1000.jpg\" \/>\n\t<meta property=\"og:image:width\" content=\"1500\" \/>\n\t<meta property=\"og:image:height\" content=\"1000\" \/>\n\t<meta property=\"og:image:type\" content=\"image\/jpeg\" \/>\n<meta name=\"author\" content=\"conversesacatalunya\" \/>\n<meta name=\"twitter:card\" content=\"summary_large_image\" \/>\n<meta name=\"twitter:label1\" content=\"Escrito por\" \/>\n\t<meta name=\"twitter:data1\" content=\"conversesacatalunya\" \/>\n\t<meta name=\"twitter:label2\" content=\"Tiempo de lectura\" \/>\n\t<meta name=\"twitter:data2\" content=\"2 minutos\" \/>\n<script type=\"application\/ld+json\" class=\"yoast-schema-graph\">{\"@context\":\"https:\/\/schema.org\",\"@graph\":[{\"@type\":\"Article\",\"@id\":\"https:\/\/conversesacatalunya.cat\/es\/el-covid-19-no-va-a-desaparecer-nos-estamos-preparando-para-esta-evidencia\/#article\",\"isPartOf\":{\"@id\":\"https:\/\/conversesacatalunya.cat\/es\/el-covid-19-no-va-a-desaparecer-nos-estamos-preparando-para-esta-evidencia\/\"},\"author\":{\"name\":\"conversesacatalunya\",\"@id\":\"https:\/\/conversesacatalunya.cat\/#\/schema\/person\/7e24d1e54a2785373ddcb275eae5ed99\"},\"headline\":\"El Covid-19 no va a desaparecer. Nos estamos preparando para esta evidencia\",\"datePublished\":\"2020-09-24T07:11:57+00:00\",\"mainEntityOfPage\":{\"@id\":\"https:\/\/conversesacatalunya.cat\/es\/el-covid-19-no-va-a-desaparecer-nos-estamos-preparando-para-esta-evidencia\/\"},\"wordCount\":461,\"commentCount\":0,\"image\":{\"@id\":\"https:\/\/conversesacatalunya.cat\/es\/el-covid-19-no-va-a-desaparecer-nos-estamos-preparando-para-esta-evidencia\/#primaryimage\"},\"thumbnailUrl\":\"https:\/\/conversesacatalunya.cat\/wp-content\/uploads\/2020\/09\/Gent-mascareta-aquesta-tarda-Barcelona_2486761568_73043573_1500x1000.jpg\",\"keywords\":[\"coronavirus\"],\"articleSection\":[\"Especial Coronavirus (ES)\",\"Punts clau del dia (ES)\"],\"inLanguage\":\"es\",\"potentialAction\":[{\"@type\":\"CommentAction\",\"name\":\"Comment\",\"target\":[\"https:\/\/conversesacatalunya.cat\/es\/el-covid-19-no-va-a-desaparecer-nos-estamos-preparando-para-esta-evidencia\/#respond\"]}]},{\"@type\":\"WebPage\",\"@id\":\"https:\/\/conversesacatalunya.cat\/es\/el-covid-19-no-va-a-desaparecer-nos-estamos-preparando-para-esta-evidencia\/\",\"url\":\"https:\/\/conversesacatalunya.cat\/es\/el-covid-19-no-va-a-desaparecer-nos-estamos-preparando-para-esta-evidencia\/\",\"name\":\"El Covid-19 no va a desaparecer. Nos estamos preparando para esta evidencia - Converses a Catalunya\",\"isPartOf\":{\"@id\":\"https:\/\/conversesacatalunya.cat\/#website\"},\"primaryImageOfPage\":{\"@id\":\"https:\/\/conversesacatalunya.cat\/es\/el-covid-19-no-va-a-desaparecer-nos-estamos-preparando-para-esta-evidencia\/#primaryimage\"},\"image\":{\"@id\":\"https:\/\/conversesacatalunya.cat\/es\/el-covid-19-no-va-a-desaparecer-nos-estamos-preparando-para-esta-evidencia\/#primaryimage\"},\"thumbnailUrl\":\"https:\/\/conversesacatalunya.cat\/wp-content\/uploads\/2020\/09\/Gent-mascareta-aquesta-tarda-Barcelona_2486761568_73043573_1500x1000.jpg\",\"datePublished\":\"2020-09-24T07:11:57+00:00\",\"author\":{\"@id\":\"https:\/\/conversesacatalunya.cat\/#\/schema\/person\/7e24d1e54a2785373ddcb275eae5ed99\"},\"description\":\"La ciudadan\u00eda ha de tomar consciencia de que el Covid-19 no va a desaparecer al menos durante d\u00e9cadas y d\u00e9cadas\",\"breadcrumb\":{\"@id\":\"https:\/\/conversesacatalunya.cat\/es\/el-covid-19-no-va-a-desaparecer-nos-estamos-preparando-para-esta-evidencia\/#breadcrumb\"},\"inLanguage\":\"es\",\"potentialAction\":[{\"@type\":\"ReadAction\",\"target\":[\"https:\/\/conversesacatalunya.cat\/es\/el-covid-19-no-va-a-desaparecer-nos-estamos-preparando-para-esta-evidencia\/\"]}]},{\"@type\":\"ImageObject\",\"inLanguage\":\"es\",\"@id\":\"https:\/\/conversesacatalunya.cat\/es\/el-covid-19-no-va-a-desaparecer-nos-estamos-preparando-para-esta-evidencia\/#primaryimage\",\"url\":\"https:\/\/conversesacatalunya.cat\/wp-content\/uploads\/2020\/09\/Gent-mascareta-aquesta-tarda-Barcelona_2486761568_73043573_1500x1000.jpg\",\"contentUrl\":\"https:\/\/conversesacatalunya.cat\/wp-content\/uploads\/2020\/09\/Gent-mascareta-aquesta-tarda-Barcelona_2486761568_73043573_1500x1000.jpg\",\"width\":1500,\"height\":1000,\"caption\":\"Covid\"},{\"@type\":\"BreadcrumbList\",\"@id\":\"https:\/\/conversesacatalunya.cat\/es\/el-covid-19-no-va-a-desaparecer-nos-estamos-preparando-para-esta-evidencia\/#breadcrumb\",\"itemListElement\":[{\"@type\":\"ListItem\",\"position\":1,\"name\":\"Inici\",\"item\":\"https:\/\/conversesacatalunya.cat\/es\/\"},{\"@type\":\"ListItem\",\"position\":2,\"name\":\"El Covid-19 no va a desaparecer. Nos estamos preparando para esta evidencia\"}]},{\"@type\":\"WebSite\",\"@id\":\"https:\/\/conversesacatalunya.cat\/#website\",\"url\":\"https:\/\/conversesacatalunya.cat\/\",\"name\":\"Converses a Catalunya\",\"description\":\"\",\"potentialAction\":[{\"@type\":\"SearchAction\",\"target\":{\"@type\":\"EntryPoint\",\"urlTemplate\":\"https:\/\/conversesacatalunya.cat\/?s={search_term_string}\"},\"query-input\":{\"@type\":\"PropertyValueSpecification\",\"valueRequired\":true,\"valueName\":\"search_term_string\"}}],\"inLanguage\":\"es\"},{\"@type\":\"Person\",\"@id\":\"https:\/\/conversesacatalunya.cat\/#\/schema\/person\/7e24d1e54a2785373ddcb275eae5ed99\",\"name\":\"conversesacatalunya\",\"image\":{\"@type\":\"ImageObject\",\"inLanguage\":\"es\",\"@id\":\"https:\/\/conversesacatalunya.cat\/#\/schema\/person\/image\/\",\"url\":\"https:\/\/conversesacatalunya.cat\/wp-content\/litespeed\/avatar\/febdfeeec89d950f01c748045a981dd2.jpg?ver=1777314535\",\"contentUrl\":\"https:\/\/conversesacatalunya.cat\/wp-content\/litespeed\/avatar\/febdfeeec89d950f01c748045a981dd2.jpg?ver=1777314535\",\"caption\":\"conversesacatalunya\"},\"url\":\"https:\/\/conversesacatalunya.cat\/es\/author\/carme_catala\/\"}]}<\/script>\n<!-- \/ Yoast SEO plugin. -->","yoast_head_json":{"title":"El Covid-19 no va a desaparecer. Nos estamos preparando para esta evidencia - Converses a Catalunya","description":"La ciudadan\u00eda ha de tomar consciencia de que el Covid-19 no va a desaparecer al menos durante d\u00e9cadas y d\u00e9cadas","robots":{"index":"index","follow":"follow","max-snippet":"max-snippet:-1","max-image-preview":"max-image-preview:large","max-video-preview":"max-video-preview:-1"},"canonical":"https:\/\/conversesacatalunya.cat\/es\/el-covid-19-no-va-a-desaparecer-nos-estamos-preparando-para-esta-evidencia\/","og_locale":"es_ES","og_type":"article","og_title":"El Covid-19 no va a desaparecer. Nos estamos preparando para esta evidencia - Converses a Catalunya","og_description":"La ciudadan\u00eda ha de tomar consciencia de que el Covid-19 no va a desaparecer al menos durante d\u00e9cadas y d\u00e9cadas","og_url":"https:\/\/conversesacatalunya.cat\/es\/el-covid-19-no-va-a-desaparecer-nos-estamos-preparando-para-esta-evidencia\/","og_site_name":"Converses a Catalunya","article_published_time":"2020-09-24T07:11:57+00:00","og_image":[{"width":1500,"height":1000,"url":"https:\/\/conversesacatalunya.cat\/wp-content\/uploads\/2020\/09\/Gent-mascareta-aquesta-tarda-Barcelona_2486761568_73043573_1500x1000.jpg","type":"image\/jpeg"}],"author":"conversesacatalunya","twitter_card":"summary_large_image","twitter_misc":{"Escrito por":"conversesacatalunya","Tiempo de lectura":"2 minutos"},"schema":{"@context":"https:\/\/schema.org","@graph":[{"@type":"Article","@id":"https:\/\/conversesacatalunya.cat\/es\/el-covid-19-no-va-a-desaparecer-nos-estamos-preparando-para-esta-evidencia\/#article","isPartOf":{"@id":"https:\/\/conversesacatalunya.cat\/es\/el-covid-19-no-va-a-desaparecer-nos-estamos-preparando-para-esta-evidencia\/"},"author":{"name":"conversesacatalunya","@id":"https:\/\/conversesacatalunya.cat\/#\/schema\/person\/7e24d1e54a2785373ddcb275eae5ed99"},"headline":"El Covid-19 no va a desaparecer. Nos estamos preparando para esta evidencia","datePublished":"2020-09-24T07:11:57+00:00","mainEntityOfPage":{"@id":"https:\/\/conversesacatalunya.cat\/es\/el-covid-19-no-va-a-desaparecer-nos-estamos-preparando-para-esta-evidencia\/"},"wordCount":461,"commentCount":0,"image":{"@id":"https:\/\/conversesacatalunya.cat\/es\/el-covid-19-no-va-a-desaparecer-nos-estamos-preparando-para-esta-evidencia\/#primaryimage"},"thumbnailUrl":"https:\/\/conversesacatalunya.cat\/wp-content\/uploads\/2020\/09\/Gent-mascareta-aquesta-tarda-Barcelona_2486761568_73043573_1500x1000.jpg","keywords":["coronavirus"],"articleSection":["Especial Coronavirus (ES)","Punts clau del dia (ES)"],"inLanguage":"es","potentialAction":[{"@type":"CommentAction","name":"Comment","target":["https:\/\/conversesacatalunya.cat\/es\/el-covid-19-no-va-a-desaparecer-nos-estamos-preparando-para-esta-evidencia\/#respond"]}]},{"@type":"WebPage","@id":"https:\/\/conversesacatalunya.cat\/es\/el-covid-19-no-va-a-desaparecer-nos-estamos-preparando-para-esta-evidencia\/","url":"https:\/\/conversesacatalunya.cat\/es\/el-covid-19-no-va-a-desaparecer-nos-estamos-preparando-para-esta-evidencia\/","name":"El Covid-19 no va a desaparecer. Nos estamos preparando para esta evidencia - Converses a Catalunya","isPartOf":{"@id":"https:\/\/conversesacatalunya.cat\/#website"},"primaryImageOfPage":{"@id":"https:\/\/conversesacatalunya.cat\/es\/el-covid-19-no-va-a-desaparecer-nos-estamos-preparando-para-esta-evidencia\/#primaryimage"},"image":{"@id":"https:\/\/conversesacatalunya.cat\/es\/el-covid-19-no-va-a-desaparecer-nos-estamos-preparando-para-esta-evidencia\/#primaryimage"},"thumbnailUrl":"https:\/\/conversesacatalunya.cat\/wp-content\/uploads\/2020\/09\/Gent-mascareta-aquesta-tarda-Barcelona_2486761568_73043573_1500x1000.jpg","datePublished":"2020-09-24T07:11:57+00:00","author":{"@id":"https:\/\/conversesacatalunya.cat\/#\/schema\/person\/7e24d1e54a2785373ddcb275eae5ed99"},"description":"La ciudadan\u00eda ha de tomar consciencia de que el Covid-19 no va a desaparecer al menos durante d\u00e9cadas y d\u00e9cadas","breadcrumb":{"@id":"https:\/\/conversesacatalunya.cat\/es\/el-covid-19-no-va-a-desaparecer-nos-estamos-preparando-para-esta-evidencia\/#breadcrumb"},"inLanguage":"es","potentialAction":[{"@type":"ReadAction","target":["https:\/\/conversesacatalunya.cat\/es\/el-covid-19-no-va-a-desaparecer-nos-estamos-preparando-para-esta-evidencia\/"]}]},{"@type":"ImageObject","inLanguage":"es","@id":"https:\/\/conversesacatalunya.cat\/es\/el-covid-19-no-va-a-desaparecer-nos-estamos-preparando-para-esta-evidencia\/#primaryimage","url":"https:\/\/conversesacatalunya.cat\/wp-content\/uploads\/2020\/09\/Gent-mascareta-aquesta-tarda-Barcelona_2486761568_73043573_1500x1000.jpg","contentUrl":"https:\/\/conversesacatalunya.cat\/wp-content\/uploads\/2020\/09\/Gent-mascareta-aquesta-tarda-Barcelona_2486761568_73043573_1500x1000.jpg","width":1500,"height":1000,"caption":"Covid"},{"@type":"BreadcrumbList","@id":"https:\/\/conversesacatalunya.cat\/es\/el-covid-19-no-va-a-desaparecer-nos-estamos-preparando-para-esta-evidencia\/#breadcrumb","itemListElement":[{"@type":"ListItem","position":1,"name":"Inici","item":"https:\/\/conversesacatalunya.cat\/es\/"},{"@type":"ListItem","position":2,"name":"El Covid-19 no va a desaparecer. Nos estamos preparando para esta evidencia"}]},{"@type":"WebSite","@id":"https:\/\/conversesacatalunya.cat\/#website","url":"https:\/\/conversesacatalunya.cat\/","name":"Converses a Catalunya","description":"","potentialAction":[{"@type":"SearchAction","target":{"@type":"EntryPoint","urlTemplate":"https:\/\/conversesacatalunya.cat\/?s={search_term_string}"},"query-input":{"@type":"PropertyValueSpecification","valueRequired":true,"valueName":"search_term_string"}}],"inLanguage":"es"},{"@type":"Person","@id":"https:\/\/conversesacatalunya.cat\/#\/schema\/person\/7e24d1e54a2785373ddcb275eae5ed99","name":"conversesacatalunya","image":{"@type":"ImageObject","inLanguage":"es","@id":"https:\/\/conversesacatalunya.cat\/#\/schema\/person\/image\/","url":"https:\/\/conversesacatalunya.cat\/wp-content\/litespeed\/avatar\/febdfeeec89d950f01c748045a981dd2.jpg?ver=1777314535","contentUrl":"https:\/\/conversesacatalunya.cat\/wp-content\/litespeed\/avatar\/febdfeeec89d950f01c748045a981dd2.jpg?ver=1777314535","caption":"conversesacatalunya"},"url":"https:\/\/conversesacatalunya.cat\/es\/author\/carme_catala\/"}]}},"wps_subtitle":"","_links":{"self":[{"href":"https:\/\/conversesacatalunya.cat\/es\/wp-json\/wp\/v2\/posts\/40471","targetHints":{"allow":["GET"]}}],"collection":[{"href":"https:\/\/conversesacatalunya.cat\/es\/wp-json\/wp\/v2\/posts"}],"about":[{"href":"https:\/\/conversesacatalunya.cat\/es\/wp-json\/wp\/v2\/types\/post"}],"author":[{"embeddable":true,"href":"https:\/\/conversesacatalunya.cat\/es\/wp-json\/wp\/v2\/users\/2"}],"replies":[{"embeddable":true,"href":"https:\/\/conversesacatalunya.cat\/es\/wp-json\/wp\/v2\/comments?post=40471"}],"version-history":[{"count":2,"href":"https:\/\/conversesacatalunya.cat\/es\/wp-json\/wp\/v2\/posts\/40471\/revisions"}],"predecessor-version":[{"id":40473,"href":"https:\/\/conversesacatalunya.cat\/es\/wp-json\/wp\/v2\/posts\/40471\/revisions\/40473"}],"wp:featuredmedia":[{"embeddable":true,"href":"https:\/\/conversesacatalunya.cat\/es\/wp-json\/wp\/v2\/media\/40454"}],"wp:attachment":[{"href":"https:\/\/conversesacatalunya.cat\/es\/wp-json\/wp\/v2\/media?parent=40471"}],"wp:term":[{"taxonomy":"category","embeddable":true,"href":"https:\/\/conversesacatalunya.cat\/es\/wp-json\/wp\/v2\/categories?post=40471"},{"taxonomy":"post_tag","embeddable":true,"href":"https:\/\/conversesacatalunya.cat\/es\/wp-json\/wp\/v2\/tags?post=40471"}],"curies":[{"name":"wp","href":"https:\/\/api.w.org\/{rel}","templated":true}]}}