{"id":40415,"date":"2020-09-22T12:50:49","date_gmt":"2020-09-22T10:50:49","guid":{"rendered":"https:\/\/conversesacatalunya.cat\/les-irresponsables-declaracions-de-torra\/"},"modified":"2020-09-22T13:31:36","modified_gmt":"2020-09-22T11:31:36","slug":"las-irresponsables-declaraciones-de-torra","status":"publish","type":"post","link":"https:\/\/conversesacatalunya.cat\/es\/las-irresponsables-declaraciones-de-torra\/","title":{"rendered":"Las irresponsables declaraciones de Torra"},"content":{"rendered":"<p>Torra, que tiene sus d\u00edas contados como presidente de la Generalitat, multiplica <strong>gestos irresponsables<\/strong> que perjudican gravemente los intereses de Catalu\u00f1a. Si este periodo final se prolonga demasiado, las excentricidades pol\u00edticas de esta persona acumular\u00e1n consecuencias muy alarmantes que pagaremos todos.<\/p>\n<p>La \u00faltima ha sido recomendar a <strong>los catalanes no viajar a Madrid<\/strong> y declar\u00f3 que<strong> establecer\u00e1 controles<\/strong> en los ferrocarriles y aviones para controlar la temperatura de los viajeros procedentes de aquella comunidad.<\/p>\n<p>Es evidente que Madrid est\u00e1 pasando por una situaci\u00f3n extremadamente cr\u00edtica, pero hay que recordar que no hace muchas semanas Barcelona y buena parte de Catalu\u00f1a estaba en las mismas condiciones, y el gobierno regional de Madrid nunca formul\u00f3 especial prevenci\u00f3n. Hay que recordar adem\u00e1s que, no hace tantos meses, cuando se pretend\u00eda recuperar parte del turismo, la Generalitat se <strong>gast\u00f3 dinero desplegando una campa\u00f1a para atraer a visitantes de otras partes de Espa\u00f1a<\/strong>. \u00bfC\u00f3mo, ahora, con un destino tur\u00edstico da\u00f1ado como es Barcelona y Catalu\u00f1a, puede generar un discurso de rechazo que a quien perjudica sobre todo es a los mismos catalanes? Un pol\u00edtico tiene que pensar en las consecuencias de sus actos y, m\u00e1s all\u00e1 de sus man\u00edas, tiene que pensar en el bien com\u00fan y mirar los acontecimientos con luces largas.<\/p>\n<p>Cabe recordar que la <a href=\"https:\/\/conversesacatalunya.cat\/es\/barcelona-no-se-recupera-a-diferencia-del-resto-de-grandes-capitales\/\" target=\"_blank\" rel=\"noopener noreferrer\">ca\u00edda de viajeros y pernoctaciones en Barcelona<\/a> ha sido la m\u00e1s importante de toda Espa\u00f1a. La reducci\u00f3n en t\u00e9rminos de media espa\u00f1ola ha sido del <strong>65%<\/strong>, mientras que en Barcelona la ca\u00edda de viajeros ha sido del <strong>84,4%<\/strong> de, es decir, los ha perdido casi todos. Lo mismo ha sucedido con las pernoctaciones: la reducci\u00f3n espa\u00f1ola ha sido de un <strong>73%<\/strong>, pero es que en Barcelona han disminuido un <strong>87,5%<\/strong>.<\/p>\n<p>Las consecuencias sobre la econom\u00eda catalana de este hecho son muy considerables. En Barcelona, \u200b\u200bpieza clave, la reanudaci\u00f3n de la actividad comercial es muy baja, <strong>se sit\u00faa en el 58%<\/strong> en relaci\u00f3n con los siete \u00faltimos d\u00edas y en comparaci\u00f3n al mismo per\u00edodo del a\u00f1o anterior. La de Madrid, a pesar de la intensidad de la crisis, es pr\u00e1cticamente la misma, el 59%. Para el conjunto de <strong>Catalu\u00f1a s\u00f3lo hemos recuperado el 77%<\/strong>. Pero si se observa la distribuci\u00f3n por sectores, se puede observar que s\u00f3lo el sector de la alimentaci\u00f3n de proximidad, es decir, la peque\u00f1a tienda, se ha rehecho sobradamente. Tambi\u00e9n el del bricolaje y menaje del hogar. La electr\u00f3nica est\u00e1 casi totalmente recuperada, <strong>pero las gasolineras<\/strong>, que es un indicador de la actividad general, est\u00e1n situadas en el <strong>53%<\/strong>, los hoteles s\u00f3lo en un <strong>21%<\/strong>, los restaurantes s\u00f3lo en un <strong>69%,<\/strong> y el resto de la actividad comercial en un<strong> 79%<\/strong>. Por lo tanto, estamos lejos de habernos recuperado de la ca\u00edda y un factor decisivo en todo esto es el turismo y los viajes comerciales. Es evidente que actitudes como las de Torra lo que hacen es deteriorar a\u00fan m\u00e1s la dif\u00edcil situaci\u00f3n catalana.<\/p>\n<span class='bctt-click-to-tweet'><span class='bctt-ctt-text'><a href='https:\/\/twitter.com\/intent\/tweet?url=https%3A%2F%2Fconversesacatalunya.cat%2Fes%2Flas-irresponsables-declaraciones-de-torra%2F&#038;text=Torra%20recomienda%20a%20los%20catalanes%20no%20viajar%20a%20Madrid%20y%20declara%20que%20establecer%C3%A1%20controles%20de%20temperatura%20en%20los%20ferrocarriles%20y%20aviones&#038;via=conversesacat&#038;related=conversesacat' target='_blank'rel=\"noopener noreferrer\">Torra recomienda a los catalanes no viajar a Madrid y declara que establecer\u00e1 controles de temperatura en los ferrocarriles y aviones <\/a><\/span><a href='https:\/\/twitter.com\/intent\/tweet?url=https%3A%2F%2Fconversesacatalunya.cat%2Fes%2Flas-irresponsables-declaraciones-de-torra%2F&#038;text=Torra%20recomienda%20a%20los%20catalanes%20no%20viajar%20a%20Madrid%20y%20declara%20que%20establecer%C3%A1%20controles%20de%20temperatura%20en%20los%20ferrocarriles%20y%20aviones&#038;via=conversesacat&#038;related=conversesacat' target='_blank' class='bctt-ctt-btn'rel=\"noopener noreferrer\">Compartir en X<\/a><\/span>\n<p style=\"text-align: center;\">M\u00e1s informaci\u00f3n sobre el coronavirus en <a href=\"https:\/\/conversesacatalunya.cat\/coronavirus\/\" target=\"_blank\" rel=\"noopener noreferrer\"><strong>ESPECIAL CORONAVIRUS<\/strong><\/a><\/p>\n<div id=\"polls-72\" class=\"wp-polls\">\n\t<form id=\"polls_form_72\" class=\"wp-polls-form\" action=\"\/index.php\" method=\"post\">\n\t\t<p style=\"display: none;\"><input type=\"hidden\" id=\"poll_72_nonce\" name=\"wp-polls-nonce\" value=\"9f80f4b767\" \/><\/p>\n\t\t<p style=\"display: none;\"><input type=\"hidden\" name=\"poll_id\" value=\"72\" \/><\/p>\n\t\t<p style=\"text-align: center\"><strong>Qui creus que governa b\u00e9<\/strong><\/p><div id=\"polls-72-ans\" class=\"wp-polls-ans\"><ul class=\"wp-polls-ul\">\n\t\t<li><input type=\"radio\" id=\"poll-answer-155\" name=\"poll_72\" value=\"155\" \/> <label for=\"poll-answer-155\">Quim Torra<\/label><\/li>\n\t\t<li><input type=\"radio\" id=\"poll-answer-156\" name=\"poll_72\" value=\"156\" \/> <label for=\"poll-answer-156\">Ada Colau<\/label><\/li>\n\t\t<li><input type=\"radio\" id=\"poll-answer-157\" name=\"poll_72\" value=\"157\" \/> <label for=\"poll-answer-157\">Tots dos<\/label><\/li>\n\t\t<li><input type=\"radio\" id=\"poll-answer-158\" name=\"poll_72\" value=\"158\" \/> <label for=\"poll-answer-158\">Cap dels dos<\/label><\/li>\n\t\t<\/ul><p style=\"text-align: center\"><input type=\"button\" name=\"vote\" value=\"   Vota   \" class=\"Buttons\" onclick=\"poll_vote(72);\" \/><\/p><p style=\"text-align: center\"><a href=\"#ViewPollResults\" onclick=\"poll_result(72); return false;\" title=\"View Results Of This Poll\">Mira els resultats<\/a><\/p><\/div>\n\t<\/form>\n<\/div>\n<div id=\"polls-72-loading\" class=\"wp-polls-loading\"><img decoding=\"async\" data-src=\"https:\/\/conversesacatalunya.cat\/wp-content\/plugins\/wp-polls\/images\/loading.gif\" width=\"16\" height=\"16\" alt=\"Cargando ...\" title=\"Cargando ...\" class=\"wp-polls-image lazyload\" src=\"data:image\/svg+xml;base64,PHN2ZyB3aWR0aD0iMSIgaGVpZ2h0PSIxIiB4bWxucz0iaHR0cDovL3d3dy53My5vcmcvMjAwMC9zdmciPjwvc3ZnPg==\" style=\"--smush-placeholder-width: 16px; --smush-placeholder-aspect-ratio: 16\/16;\" \/>&nbsp;Cargando ...<\/div>\n\n","protected":false},"excerpt":{"rendered":"<p>Torra, que tiene sus d\u00edas contados como presidente de la Generalitat, multiplica gestos irresponsables que perjudican gravemente los intereses de Catalu\u00f1a. Si este periodo final se prolonga demasiado, las excentricidades pol\u00edticas de esta persona acumular\u00e1n consecuencias muy alarmantes que pagaremos todos. La \u00faltima ha sido recomendar a los catalanes no viajar a Madrid y declar\u00f3 que establecer\u00e1 controles en los ferrocarriles y aviones para controlar la temperatura de los viajeros procedentes de aquella comunidad. Es evidente que Madrid est\u00e1 pasando por una situaci\u00f3n extremadamente cr\u00edtica, pero hay que recordar que no hace muchas semanas Barcelona y buena parte de Catalu\u00f1a estaba en las mismas condiciones, y el gobierno regional de Madrid nunca formul\u00f3 especial prevenci\u00f3n. Hay que recordar adem\u00e1s que, no hace tantos meses, cuando se pretend\u00eda recuperar parte del turismo, la Generalitat se gast\u00f3 dinero desplegando una campa\u00f1a para atraer a visitantes de otras partes de Espa\u00f1a. \u00bfC\u00f3mo, ahora, con un destino tur\u00edstico da\u00f1ado como es Barcelona y Catalu\u00f1a, puede generar un discurso de rechazo que a quien perjudica sobre todo es a los mismos catalanes? Un pol\u00edtico tiene que pensar en las consecuencias de sus actos y, m\u00e1s all\u00e1 de sus man\u00edas, tiene que pensar en el bien com\u00fan y mirar los acontecimientos con luces largas. Cabe recordar que la ca\u00edda de viajeros y pernoctaciones en Barcelona ha sido la m\u00e1s importante de toda Espa\u00f1a. La reducci\u00f3n en t\u00e9rminos de media espa\u00f1ola ha sido del 65%, mientras que en Barcelona la ca\u00edda de viajeros ha sido del 84,4% de, es decir, los ha perdido casi todos. Lo mismo ha sucedido con las pernoctaciones: la reducci\u00f3n espa\u00f1ola ha sido de un 73%, pero es que en Barcelona han disminuido un 87,5%. Las consecuencias sobre la econom\u00eda catalana de este hecho son muy considerables. En Barcelona, \u200b\u200bpieza clave, la reanudaci\u00f3n de la actividad comercial es muy baja, se sit\u00faa en el 58% en relaci\u00f3n con los siete \u00faltimos d\u00edas y en comparaci\u00f3n al mismo per\u00edodo del a\u00f1o anterior. La de Madrid, a pesar de la intensidad de la crisis, es pr\u00e1cticamente la misma, el 59%. Para el conjunto de Catalu\u00f1a s\u00f3lo hemos recuperado el 77%. Pero si se observa la distribuci\u00f3n por sectores, se puede observar que s\u00f3lo el sector de la alimentaci\u00f3n de proximidad, es decir, la peque\u00f1a tienda, se ha rehecho sobradamente. Tambi\u00e9n el del bricolaje y menaje del hogar. La electr\u00f3nica est\u00e1 casi totalmente recuperada, pero las gasolineras, que es un indicador de la actividad general, est\u00e1n situadas en el 53%, los hoteles s\u00f3lo en un 21%, los restaurantes s\u00f3lo en un 69%, y el resto de la actividad comercial en un 79%. Por lo tanto, estamos lejos de habernos recuperado de la ca\u00edda y un factor decisivo en todo esto es el turismo y los viajes comerciales. Es evidente que actitudes como las de Torra lo que hacen es deteriorar a\u00fan m\u00e1s la dif\u00edcil situaci\u00f3n catalana. M\u00e1s informaci\u00f3n sobre el coronavirus en ESPECIAL CORONAVIRUS<\/p>\n","protected":false},"author":2,"featured_media":40402,"comment_status":"open","ping_status":"open","sticky":false,"template":"","format":"standard","meta":{"_FSMCFIC_featured_image_caption":"","_FSMCFIC_featured_image_nocaption":"","_FSMCFIC_featured_image_hide":"","footnotes":""},"categories":[1772,806],"tags":[1504,1360,910],"class_list":["post-40415","post","type-post","status-publish","format-standard","has-post-thumbnail","hentry","category-especial-coronavirus-es","category-punts-claus-del-dia-es","tag-coronavirus-es","tag-madrid-es","tag-quim-torra-es"],"yoast_head":"<!-- This site is optimized with the Yoast SEO plugin v26.8 - https:\/\/yoast.com\/product\/yoast-seo-wordpress\/ -->\n<title>Las irresponsables declaraciones de Torra - Converses a Catalunya<\/title>\n<meta name=\"description\" content=\"Torra recomienda a los catalanes no viajar a Madrid y declara que establecer\u00e1 controles de temperatura en los ferrocarriles y aviones\" \/>\n<meta name=\"robots\" content=\"index, follow, max-snippet:-1, max-image-preview:large, max-video-preview:-1\" \/>\n<link rel=\"canonical\" href=\"https:\/\/conversesacatalunya.cat\/es\/las-irresponsables-declaraciones-de-torra\/\" \/>\n<meta property=\"og:locale\" content=\"es_ES\" \/>\n<meta property=\"og:type\" content=\"article\" \/>\n<meta property=\"og:title\" content=\"Las irresponsables declaraciones de Torra - Converses a Catalunya\" \/>\n<meta property=\"og:description\" content=\"Torra recomienda a los catalanes no viajar a Madrid y declara que establecer\u00e1 controles de temperatura en los ferrocarriles y aviones\" \/>\n<meta property=\"og:url\" content=\"https:\/\/conversesacatalunya.cat\/es\/las-irresponsables-declaraciones-de-torra\/\" \/>\n<meta property=\"og:site_name\" content=\"Converses a Catalunya\" \/>\n<meta property=\"article:published_time\" content=\"2020-09-22T10:50:49+00:00\" \/>\n<meta property=\"article:modified_time\" content=\"2020-09-22T11:31:36+00:00\" \/>\n<meta property=\"og:image\" content=\"https:\/\/conversesacatalunya.cat\/wp-content\/uploads\/2020\/09\/tORRA.jpg\" \/>\n\t<meta property=\"og:image:width\" content=\"992\" \/>\n\t<meta property=\"og:image:height\" content=\"558\" \/>\n\t<meta property=\"og:image:type\" content=\"image\/jpeg\" \/>\n<meta name=\"author\" content=\"conversesacatalunya\" \/>\n<meta name=\"twitter:card\" content=\"summary_large_image\" \/>\n<meta name=\"twitter:label1\" content=\"Escrito por\" \/>\n\t<meta name=\"twitter:data1\" content=\"conversesacatalunya\" \/>\n\t<meta name=\"twitter:label2\" content=\"Tiempo de lectura\" \/>\n\t<meta name=\"twitter:data2\" content=\"3 minutos\" \/>\n<script type=\"application\/ld+json\" class=\"yoast-schema-graph\">{\"@context\":\"https:\/\/schema.org\",\"@graph\":[{\"@type\":\"Article\",\"@id\":\"https:\/\/conversesacatalunya.cat\/es\/las-irresponsables-declaraciones-de-torra\/#article\",\"isPartOf\":{\"@id\":\"https:\/\/conversesacatalunya.cat\/es\/las-irresponsables-declaraciones-de-torra\/\"},\"author\":{\"name\":\"conversesacatalunya\",\"@id\":\"https:\/\/conversesacatalunya.cat\/#\/schema\/person\/7e24d1e54a2785373ddcb275eae5ed99\"},\"headline\":\"Las irresponsables declaraciones de Torra\",\"datePublished\":\"2020-09-22T10:50:49+00:00\",\"dateModified\":\"2020-09-22T11:31:36+00:00\",\"mainEntityOfPage\":{\"@id\":\"https:\/\/conversesacatalunya.cat\/es\/las-irresponsables-declaraciones-de-torra\/\"},\"wordCount\":565,\"commentCount\":0,\"image\":{\"@id\":\"https:\/\/conversesacatalunya.cat\/es\/las-irresponsables-declaraciones-de-torra\/#primaryimage\"},\"thumbnailUrl\":\"https:\/\/conversesacatalunya.cat\/wp-content\/uploads\/2020\/09\/tORRA.jpg\",\"keywords\":[\"coronavirus\",\"Madrid\",\"Quim Torra\"],\"articleSection\":[\"Especial Coronavirus (ES)\",\"Punts clau del dia (ES)\"],\"inLanguage\":\"es\",\"potentialAction\":[{\"@type\":\"CommentAction\",\"name\":\"Comment\",\"target\":[\"https:\/\/conversesacatalunya.cat\/es\/las-irresponsables-declaraciones-de-torra\/#respond\"]}]},{\"@type\":\"WebPage\",\"@id\":\"https:\/\/conversesacatalunya.cat\/es\/las-irresponsables-declaraciones-de-torra\/\",\"url\":\"https:\/\/conversesacatalunya.cat\/es\/las-irresponsables-declaraciones-de-torra\/\",\"name\":\"Las irresponsables declaraciones de Torra - Converses a Catalunya\",\"isPartOf\":{\"@id\":\"https:\/\/conversesacatalunya.cat\/#website\"},\"primaryImageOfPage\":{\"@id\":\"https:\/\/conversesacatalunya.cat\/es\/las-irresponsables-declaraciones-de-torra\/#primaryimage\"},\"image\":{\"@id\":\"https:\/\/conversesacatalunya.cat\/es\/las-irresponsables-declaraciones-de-torra\/#primaryimage\"},\"thumbnailUrl\":\"https:\/\/conversesacatalunya.cat\/wp-content\/uploads\/2020\/09\/tORRA.jpg\",\"datePublished\":\"2020-09-22T10:50:49+00:00\",\"dateModified\":\"2020-09-22T11:31:36+00:00\",\"author\":{\"@id\":\"https:\/\/conversesacatalunya.cat\/#\/schema\/person\/7e24d1e54a2785373ddcb275eae5ed99\"},\"description\":\"Torra recomienda a los catalanes no viajar a Madrid y declara que establecer\u00e1 controles de temperatura en los ferrocarriles y aviones\",\"breadcrumb\":{\"@id\":\"https:\/\/conversesacatalunya.cat\/es\/las-irresponsables-declaraciones-de-torra\/#breadcrumb\"},\"inLanguage\":\"es\",\"potentialAction\":[{\"@type\":\"ReadAction\",\"target\":[\"https:\/\/conversesacatalunya.cat\/es\/las-irresponsables-declaraciones-de-torra\/\"]}]},{\"@type\":\"ImageObject\",\"inLanguage\":\"es\",\"@id\":\"https:\/\/conversesacatalunya.cat\/es\/las-irresponsables-declaraciones-de-torra\/#primaryimage\",\"url\":\"https:\/\/conversesacatalunya.cat\/wp-content\/uploads\/2020\/09\/tORRA.jpg\",\"contentUrl\":\"https:\/\/conversesacatalunya.cat\/wp-content\/uploads\/2020\/09\/tORRA.jpg\",\"width\":992,\"height\":558,\"caption\":\"Torra\"},{\"@type\":\"BreadcrumbList\",\"@id\":\"https:\/\/conversesacatalunya.cat\/es\/las-irresponsables-declaraciones-de-torra\/#breadcrumb\",\"itemListElement\":[{\"@type\":\"ListItem\",\"position\":1,\"name\":\"Inici\",\"item\":\"https:\/\/conversesacatalunya.cat\/es\/\"},{\"@type\":\"ListItem\",\"position\":2,\"name\":\"Las irresponsables declaraciones de Torra\"}]},{\"@type\":\"WebSite\",\"@id\":\"https:\/\/conversesacatalunya.cat\/#website\",\"url\":\"https:\/\/conversesacatalunya.cat\/\",\"name\":\"Converses a Catalunya\",\"description\":\"\",\"potentialAction\":[{\"@type\":\"SearchAction\",\"target\":{\"@type\":\"EntryPoint\",\"urlTemplate\":\"https:\/\/conversesacatalunya.cat\/?s={search_term_string}\"},\"query-input\":{\"@type\":\"PropertyValueSpecification\",\"valueRequired\":true,\"valueName\":\"search_term_string\"}}],\"inLanguage\":\"es\"},{\"@type\":\"Person\",\"@id\":\"https:\/\/conversesacatalunya.cat\/#\/schema\/person\/7e24d1e54a2785373ddcb275eae5ed99\",\"name\":\"conversesacatalunya\",\"image\":{\"@type\":\"ImageObject\",\"inLanguage\":\"es\",\"@id\":\"https:\/\/conversesacatalunya.cat\/#\/schema\/person\/image\/\",\"url\":\"https:\/\/conversesacatalunya.cat\/wp-content\/litespeed\/avatar\/febdfeeec89d950f01c748045a981dd2.jpg?ver=1777314535\",\"contentUrl\":\"https:\/\/conversesacatalunya.cat\/wp-content\/litespeed\/avatar\/febdfeeec89d950f01c748045a981dd2.jpg?ver=1777314535\",\"caption\":\"conversesacatalunya\"},\"url\":\"https:\/\/conversesacatalunya.cat\/es\/author\/carme_catala\/\"}]}<\/script>\n<!-- \/ Yoast SEO plugin. -->","yoast_head_json":{"title":"Las irresponsables declaraciones de Torra - Converses a Catalunya","description":"Torra recomienda a los catalanes no viajar a Madrid y declara que establecer\u00e1 controles de temperatura en los ferrocarriles y aviones","robots":{"index":"index","follow":"follow","max-snippet":"max-snippet:-1","max-image-preview":"max-image-preview:large","max-video-preview":"max-video-preview:-1"},"canonical":"https:\/\/conversesacatalunya.cat\/es\/las-irresponsables-declaraciones-de-torra\/","og_locale":"es_ES","og_type":"article","og_title":"Las irresponsables declaraciones de Torra - Converses a Catalunya","og_description":"Torra recomienda a los catalanes no viajar a Madrid y declara que establecer\u00e1 controles de temperatura en los ferrocarriles y aviones","og_url":"https:\/\/conversesacatalunya.cat\/es\/las-irresponsables-declaraciones-de-torra\/","og_site_name":"Converses a Catalunya","article_published_time":"2020-09-22T10:50:49+00:00","article_modified_time":"2020-09-22T11:31:36+00:00","og_image":[{"width":992,"height":558,"url":"https:\/\/conversesacatalunya.cat\/wp-content\/uploads\/2020\/09\/tORRA.jpg","type":"image\/jpeg"}],"author":"conversesacatalunya","twitter_card":"summary_large_image","twitter_misc":{"Escrito por":"conversesacatalunya","Tiempo de lectura":"3 minutos"},"schema":{"@context":"https:\/\/schema.org","@graph":[{"@type":"Article","@id":"https:\/\/conversesacatalunya.cat\/es\/las-irresponsables-declaraciones-de-torra\/#article","isPartOf":{"@id":"https:\/\/conversesacatalunya.cat\/es\/las-irresponsables-declaraciones-de-torra\/"},"author":{"name":"conversesacatalunya","@id":"https:\/\/conversesacatalunya.cat\/#\/schema\/person\/7e24d1e54a2785373ddcb275eae5ed99"},"headline":"Las irresponsables declaraciones de Torra","datePublished":"2020-09-22T10:50:49+00:00","dateModified":"2020-09-22T11:31:36+00:00","mainEntityOfPage":{"@id":"https:\/\/conversesacatalunya.cat\/es\/las-irresponsables-declaraciones-de-torra\/"},"wordCount":565,"commentCount":0,"image":{"@id":"https:\/\/conversesacatalunya.cat\/es\/las-irresponsables-declaraciones-de-torra\/#primaryimage"},"thumbnailUrl":"https:\/\/conversesacatalunya.cat\/wp-content\/uploads\/2020\/09\/tORRA.jpg","keywords":["coronavirus","Madrid","Quim Torra"],"articleSection":["Especial Coronavirus (ES)","Punts clau del dia (ES)"],"inLanguage":"es","potentialAction":[{"@type":"CommentAction","name":"Comment","target":["https:\/\/conversesacatalunya.cat\/es\/las-irresponsables-declaraciones-de-torra\/#respond"]}]},{"@type":"WebPage","@id":"https:\/\/conversesacatalunya.cat\/es\/las-irresponsables-declaraciones-de-torra\/","url":"https:\/\/conversesacatalunya.cat\/es\/las-irresponsables-declaraciones-de-torra\/","name":"Las irresponsables declaraciones de Torra - Converses a Catalunya","isPartOf":{"@id":"https:\/\/conversesacatalunya.cat\/#website"},"primaryImageOfPage":{"@id":"https:\/\/conversesacatalunya.cat\/es\/las-irresponsables-declaraciones-de-torra\/#primaryimage"},"image":{"@id":"https:\/\/conversesacatalunya.cat\/es\/las-irresponsables-declaraciones-de-torra\/#primaryimage"},"thumbnailUrl":"https:\/\/conversesacatalunya.cat\/wp-content\/uploads\/2020\/09\/tORRA.jpg","datePublished":"2020-09-22T10:50:49+00:00","dateModified":"2020-09-22T11:31:36+00:00","author":{"@id":"https:\/\/conversesacatalunya.cat\/#\/schema\/person\/7e24d1e54a2785373ddcb275eae5ed99"},"description":"Torra recomienda a los catalanes no viajar a Madrid y declara que establecer\u00e1 controles de temperatura en los ferrocarriles y aviones","breadcrumb":{"@id":"https:\/\/conversesacatalunya.cat\/es\/las-irresponsables-declaraciones-de-torra\/#breadcrumb"},"inLanguage":"es","potentialAction":[{"@type":"ReadAction","target":["https:\/\/conversesacatalunya.cat\/es\/las-irresponsables-declaraciones-de-torra\/"]}]},{"@type":"ImageObject","inLanguage":"es","@id":"https:\/\/conversesacatalunya.cat\/es\/las-irresponsables-declaraciones-de-torra\/#primaryimage","url":"https:\/\/conversesacatalunya.cat\/wp-content\/uploads\/2020\/09\/tORRA.jpg","contentUrl":"https:\/\/conversesacatalunya.cat\/wp-content\/uploads\/2020\/09\/tORRA.jpg","width":992,"height":558,"caption":"Torra"},{"@type":"BreadcrumbList","@id":"https:\/\/conversesacatalunya.cat\/es\/las-irresponsables-declaraciones-de-torra\/#breadcrumb","itemListElement":[{"@type":"ListItem","position":1,"name":"Inici","item":"https:\/\/conversesacatalunya.cat\/es\/"},{"@type":"ListItem","position":2,"name":"Las irresponsables declaraciones de Torra"}]},{"@type":"WebSite","@id":"https:\/\/conversesacatalunya.cat\/#website","url":"https:\/\/conversesacatalunya.cat\/","name":"Converses a Catalunya","description":"","potentialAction":[{"@type":"SearchAction","target":{"@type":"EntryPoint","urlTemplate":"https:\/\/conversesacatalunya.cat\/?s={search_term_string}"},"query-input":{"@type":"PropertyValueSpecification","valueRequired":true,"valueName":"search_term_string"}}],"inLanguage":"es"},{"@type":"Person","@id":"https:\/\/conversesacatalunya.cat\/#\/schema\/person\/7e24d1e54a2785373ddcb275eae5ed99","name":"conversesacatalunya","image":{"@type":"ImageObject","inLanguage":"es","@id":"https:\/\/conversesacatalunya.cat\/#\/schema\/person\/image\/","url":"https:\/\/conversesacatalunya.cat\/wp-content\/litespeed\/avatar\/febdfeeec89d950f01c748045a981dd2.jpg?ver=1777314535","contentUrl":"https:\/\/conversesacatalunya.cat\/wp-content\/litespeed\/avatar\/febdfeeec89d950f01c748045a981dd2.jpg?ver=1777314535","caption":"conversesacatalunya"},"url":"https:\/\/conversesacatalunya.cat\/es\/author\/carme_catala\/"}]}},"wps_subtitle":"La \u00faltima ha sido recomendar a los catalanes no viajar a Madrid, y declar\u00f3 que establecer\u00e1 controles en los ferrocarriles y aviones para controlar la temperatura de los viajeros procedentes de aquella comunidad","_links":{"self":[{"href":"https:\/\/conversesacatalunya.cat\/es\/wp-json\/wp\/v2\/posts\/40415","targetHints":{"allow":["GET"]}}],"collection":[{"href":"https:\/\/conversesacatalunya.cat\/es\/wp-json\/wp\/v2\/posts"}],"about":[{"href":"https:\/\/conversesacatalunya.cat\/es\/wp-json\/wp\/v2\/types\/post"}],"author":[{"embeddable":true,"href":"https:\/\/conversesacatalunya.cat\/es\/wp-json\/wp\/v2\/users\/2"}],"replies":[{"embeddable":true,"href":"https:\/\/conversesacatalunya.cat\/es\/wp-json\/wp\/v2\/comments?post=40415"}],"version-history":[{"count":2,"href":"https:\/\/conversesacatalunya.cat\/es\/wp-json\/wp\/v2\/posts\/40415\/revisions"}],"predecessor-version":[{"id":40416,"href":"https:\/\/conversesacatalunya.cat\/es\/wp-json\/wp\/v2\/posts\/40415\/revisions\/40416"}],"wp:featuredmedia":[{"embeddable":true,"href":"https:\/\/conversesacatalunya.cat\/es\/wp-json\/wp\/v2\/media\/40402"}],"wp:attachment":[{"href":"https:\/\/conversesacatalunya.cat\/es\/wp-json\/wp\/v2\/media?parent=40415"}],"wp:term":[{"taxonomy":"category","embeddable":true,"href":"https:\/\/conversesacatalunya.cat\/es\/wp-json\/wp\/v2\/categories?post=40415"},{"taxonomy":"post_tag","embeddable":true,"href":"https:\/\/conversesacatalunya.cat\/es\/wp-json\/wp\/v2\/tags?post=40415"}],"curies":[{"name":"wp","href":"https:\/\/api.w.org\/{rel}","templated":true}]}}