{"id":40382,"date":"2020-09-22T10:47:55","date_gmt":"2020-09-22T08:47:55","guid":{"rendered":"https:\/\/conversesacatalunya.cat\/?p=40382"},"modified":"2020-09-22T10:47:55","modified_gmt":"2020-09-22T08:47:55","slug":"el-terrible-choque-de-la-economia-espanola","status":"publish","type":"post","link":"https:\/\/conversesacatalunya.cat\/es\/el-terrible-choque-de-la-economia-espanola\/","title":{"rendered":"El terrible choque de la econom\u00eda espa\u00f1ola"},"content":{"rendered":"<p>A diferencia del resto de las econom\u00edas de Europa y los EE.UU., Espa\u00f1a es el \u00fanico pa\u00eds donde la recuperaci\u00f3n es incierta. Este hecho contrasta con las ya visibles din\u00e1micas positivas que se observan en nuestro entorno econ\u00f3mico. Espa\u00f1a, y de un modo particular Catalu\u00f1a, ha sufrido y a\u00fan est\u00e1 en estado de shock. Esta crisis espec\u00edfica es consecuencia de que los <strong>sectores Covid<\/strong>, de la hosteler\u00eda y todo lo dem\u00e1s relacionado con el turismo (comercio, transportes, actividades art\u00edsticas y recreativas) tienen un peso superior en Espa\u00f1a que en la UE. Representan el <strong>28,5% del Valor A\u00f1adido Bruto (VAB)<\/strong> en nuestro caso, y el <strong>22,4%<\/strong> en la UE. Pero es que adem\u00e1s la contracci\u00f3n ha sido muy superior en Europa, que ha ca\u00eddo el <strong>21%<\/strong>, mientras que en Espa\u00f1a lo ha hecho en un <strong>39,3%<\/strong>.<\/p>\n<p>Detr\u00e1s de estas cifras hay no s\u00f3lo un hecho estructural, sino tambi\u00e9n graves errores en la pol\u00edtica gubernamental. Por un lado, el confinamiento m\u00e1s duro de toda Europa, que paraliz\u00f3 de lleno la actividad econ\u00f3mica, pero luego, y a continuaci\u00f3n, el contraste de un desconfinamiento r\u00e1pido e improvisado, que ha liquidado la campa\u00f1a tur\u00edstica de verano. Se pas\u00f3 del negro al blanco a velocidad de la luz y se ha pagado el coste.<\/p>\n<p>En este contexto los ERTE, un instrumento muy acertado, y las inyecciones de liquidez no son suficientes, y por s\u00ed solos no resuelven el problema, que se puede deteriorar a medida que avancen los meses, si no se resuelve una cuesti\u00f3n fundamental como es la incertidumbre de la pandemia y el deterioro de la confianza. Incluso las encuestas progubernamentales del CIS se\u00f1alan que <strong>m\u00e1s de la mitad de la poblaci\u00f3n espa\u00f1ola<\/strong> no conf\u00eda en el gobierno en cuanto a sus pol\u00edticas contra el coronavirus.<\/p>\n<p>Tambi\u00e9n influye que <strong>el impulso fiscal espa\u00f1ol ha sido insuficiente<\/strong>. Es el coste de haber entrado en crisis con el lastre de un elevado d\u00e9ficit p\u00fablico, que ahora se multiplica y que limita la respuesta gubernamental. La ca\u00edda del consumo interno y el aumento del ahorro precisamente por las incertidumbres no ayudan a la recuperaci\u00f3n.<\/p>\n<p>Todo ello transforma el presupuesto en <strong>un ejercicio de precisi\u00f3n de relojer\u00eda<\/strong> porque, por un lado, tiene que conseguir paliar los efectos m\u00e1s negativos y en especial evitar la quiebra de empresas viables, pero de otro debe tener el ojo puesto en el gasto y la contenci\u00f3n del d\u00e9ficit, que no porque haya manga ancha puede crecer de manera indiscriminada. Esto quiere decir que por un lado<strong> se producir\u00e1n importantes aumentos<\/strong> de gasto, pero por otro tambi\u00e9n <strong>se tienen que producir reducciones<\/strong>, no con af\u00e1n de equilibrar el resultado, lo que ahora no toca, pero s\u00ed para evitar que el agujero del d\u00e9ficit coja ya en 2021 una dimensi\u00f3n desmesurada.<\/p>\n<p>Basta observar las \u00faltimas previsiones del Banco de Espa\u00f1a, que empeoran las anteriores, y observar los dos escenarios que presenta en funci\u00f3n de la pandemia, para darse cuenta de que la pol\u00edtica del gobierno S\u00e1nchez desde el desconfinamiento de desligarse totalmente de la respuesta al Covid-19 puede acabar teniendo unos efectos perversos sobre la econom\u00eda.<\/p>\n<p style=\"text-align: center;\">M\u00e1s informaci\u00f3n sobre el coronavirus en <a href=\"https:\/\/conversesacatalunya.cat\/es\/coronavirus\/\" target=\"_blank\" rel=\"noopener noreferrer\">ESPECIAL CORONAVIRUS<\/a><\/p>\n<span class='bctt-click-to-tweet'><span class='bctt-ctt-text'><a href='https:\/\/twitter.com\/intent\/tweet?url=https%3A%2F%2Fconversesacatalunya.cat%2Fes%2Fel-terrible-choque-de-la-economia-espanola%2F&#038;text=La%20pol%C3%ADtica%20del%20gobierno%20S%C3%A1nchez%20desde%20el%20desconfinamiento%2C%20de%20desligarse%20totalmente%20de%20la%20respuesta%20al%20Covid-19%2C%20puede%20acabar%20teniendo%20unos%20efectos%20perversos%20sobre%20la%20econom%C3%ADa.&#038;via=conversesacat&#038;related=conversesacat' target='_blank'rel=\"noopener noreferrer\">La pol\u00edtica del gobierno S\u00e1nchez desde el desconfinamiento, de desligarse totalmente de la respuesta al Covid-19, puede acabar teniendo unos efectos perversos sobre la econom\u00eda. <\/a><\/span><a href='https:\/\/twitter.com\/intent\/tweet?url=https%3A%2F%2Fconversesacatalunya.cat%2Fes%2Fel-terrible-choque-de-la-economia-espanola%2F&#038;text=La%20pol%C3%ADtica%20del%20gobierno%20S%C3%A1nchez%20desde%20el%20desconfinamiento%2C%20de%20desligarse%20totalmente%20de%20la%20respuesta%20al%20Covid-19%2C%20puede%20acabar%20teniendo%20unos%20efectos%20perversos%20sobre%20la%20econom%C3%ADa.&#038;via=conversesacat&#038;related=conversesacat' target='_blank' class='bctt-ctt-btn'rel=\"noopener noreferrer\">Compartir en X<\/a><\/span>\n","protected":false},"excerpt":{"rendered":"<p>A diferencia del resto de las econom\u00edas de Europa y los EE.UU., Espa\u00f1a es el \u00fanico pa\u00eds donde la recuperaci\u00f3n es incierta. Este hecho contrasta con las ya visibles din\u00e1micas positivas que se observan en nuestro entorno econ\u00f3mico. Espa\u00f1a, y de un modo particular Catalu\u00f1a, ha sufrido y a\u00fan est\u00e1 en estado de shock. Esta crisis espec\u00edfica es consecuencia de que los sectores Covid, de la hosteler\u00eda y todo lo dem\u00e1s relacionado con el turismo (comercio, transportes, actividades art\u00edsticas y recreativas) tienen un peso superior en Espa\u00f1a que en la UE. Representan el 28,5% del Valor A\u00f1adido Bruto (VAB) en nuestro caso, y el 22,4% en la UE. Pero es que adem\u00e1s la contracci\u00f3n ha sido muy superior en Europa, que ha ca\u00eddo el 21%, mientras que en Espa\u00f1a lo ha hecho en un 39,3%. Detr\u00e1s de estas cifras hay no s\u00f3lo un hecho estructural, sino tambi\u00e9n graves errores en la pol\u00edtica gubernamental. Por un lado, el confinamiento m\u00e1s duro de toda Europa, que paraliz\u00f3 de lleno la actividad econ\u00f3mica, pero luego, y a continuaci\u00f3n, el contraste de un desconfinamiento r\u00e1pido e improvisado, que ha liquidado la campa\u00f1a tur\u00edstica de verano. Se pas\u00f3 del negro al blanco a velocidad de la luz y se ha pagado el coste. En este contexto los ERTE, un instrumento muy acertado, y las inyecciones de liquidez no son suficientes, y por s\u00ed solos no resuelven el problema, que se puede deteriorar a medida que avancen los meses, si no se resuelve una cuesti\u00f3n fundamental como es la incertidumbre de la pandemia y el deterioro de la confianza. Incluso las encuestas progubernamentales del CIS se\u00f1alan que m\u00e1s de la mitad de la poblaci\u00f3n espa\u00f1ola no conf\u00eda en el gobierno en cuanto a sus pol\u00edticas contra el coronavirus. Tambi\u00e9n influye que el impulso fiscal espa\u00f1ol ha sido insuficiente. Es el coste de haber entrado en crisis con el lastre de un elevado d\u00e9ficit p\u00fablico, que ahora se multiplica y que limita la respuesta gubernamental. La ca\u00edda del consumo interno y el aumento del ahorro precisamente por las incertidumbres no ayudan a la recuperaci\u00f3n. Todo ello transforma el presupuesto en un ejercicio de precisi\u00f3n de relojer\u00eda porque, por un lado, tiene que conseguir paliar los efectos m\u00e1s negativos y en especial evitar la quiebra de empresas viables, pero de otro debe tener el ojo puesto en el gasto y la contenci\u00f3n del d\u00e9ficit, que no porque haya manga ancha puede crecer de manera indiscriminada. Esto quiere decir que por un lado se producir\u00e1n importantes aumentos de gasto, pero por otro tambi\u00e9n se tienen que producir reducciones, no con af\u00e1n de equilibrar el resultado, lo que ahora no toca, pero s\u00ed para evitar que el agujero del d\u00e9ficit coja ya en 2021 una dimensi\u00f3n desmesurada. Basta observar las \u00faltimas previsiones del Banco de Espa\u00f1a, que empeoran las anteriores, y observar los dos escenarios que presenta en funci\u00f3n de la pandemia, para darse cuenta de que la pol\u00edtica del gobierno S\u00e1nchez desde el desconfinamiento de desligarse totalmente de la respuesta al Covid-19 puede acabar teniendo unos efectos perversos sobre la econom\u00eda. M\u00e1s informaci\u00f3n sobre el coronavirus en ESPECIAL CORONAVIRUS<\/p>\n","protected":false},"author":2,"featured_media":40367,"comment_status":"open","ping_status":"open","sticky":false,"template":"","format":"standard","meta":{"_FSMCFIC_featured_image_caption":"","_FSMCFIC_featured_image_nocaption":"","_FSMCFIC_featured_image_hide":"","footnotes":""},"categories":[1772,806],"tags":[1504,3005,3006,2049],"class_list":["post-40382","post","type-post","status-publish","format-standard","has-post-thumbnail","hentry","category-especial-coronavirus-es","category-punts-claus-del-dia-es","tag-coronavirus-es","tag-crisi-coronavirus-es","tag-crisis-coronavirus","tag-medidas-coronavirus"],"yoast_head":"<!-- This site is optimized with the Yoast SEO plugin v26.8 - https:\/\/yoast.com\/product\/yoast-seo-wordpress\/ -->\n<title>El terrible choque de la econom\u00eda espa\u00f1ola - Converses a Catalunya<\/title>\n<meta name=\"description\" content=\"La pol\u00edtica del gobierno S\u00e1nchez desde el desconfinamiento de desligarse totalmente de la respuesta al Covid-19 puede acabar teniendo unos efectos perversos sobre la econom\u00eda.\" \/>\n<meta name=\"robots\" content=\"index, follow, max-snippet:-1, max-image-preview:large, max-video-preview:-1\" \/>\n<link rel=\"canonical\" href=\"https:\/\/conversesacatalunya.cat\/es\/el-terrible-choque-de-la-economia-espanola\/\" \/>\n<meta property=\"og:locale\" content=\"es_ES\" \/>\n<meta property=\"og:type\" content=\"article\" \/>\n<meta property=\"og:title\" content=\"El terrible choque de la econom\u00eda espa\u00f1ola - Converses a Catalunya\" \/>\n<meta property=\"og:description\" content=\"La pol\u00edtica del gobierno S\u00e1nchez desde el desconfinamiento de desligarse totalmente de la respuesta al Covid-19 puede acabar teniendo unos efectos perversos sobre la econom\u00eda.\" \/>\n<meta property=\"og:url\" content=\"https:\/\/conversesacatalunya.cat\/es\/el-terrible-choque-de-la-economia-espanola\/\" \/>\n<meta property=\"og:site_name\" content=\"Converses a Catalunya\" \/>\n<meta property=\"article:published_time\" content=\"2020-09-22T08:47:55+00:00\" \/>\n<meta property=\"og:image\" content=\"https:\/\/conversesacatalunya.cat\/wp-content\/uploads\/2020\/09\/crisi-coronavirus.jpg\" \/>\n\t<meta property=\"og:image:width\" content=\"489\" \/>\n\t<meta property=\"og:image:height\" content=\"267\" \/>\n\t<meta property=\"og:image:type\" content=\"image\/jpeg\" \/>\n<meta name=\"author\" content=\"conversesacatalunya\" \/>\n<meta name=\"twitter:card\" content=\"summary_large_image\" \/>\n<meta name=\"twitter:label1\" content=\"Escrito por\" \/>\n\t<meta name=\"twitter:data1\" content=\"conversesacatalunya\" \/>\n\t<meta name=\"twitter:label2\" content=\"Tiempo de lectura\" \/>\n\t<meta name=\"twitter:data2\" content=\"3 minutos\" \/>\n<script type=\"application\/ld+json\" class=\"yoast-schema-graph\">{\"@context\":\"https:\/\/schema.org\",\"@graph\":[{\"@type\":\"Article\",\"@id\":\"https:\/\/conversesacatalunya.cat\/es\/el-terrible-choque-de-la-economia-espanola\/#article\",\"isPartOf\":{\"@id\":\"https:\/\/conversesacatalunya.cat\/es\/el-terrible-choque-de-la-economia-espanola\/\"},\"author\":{\"name\":\"conversesacatalunya\",\"@id\":\"https:\/\/conversesacatalunya.cat\/#\/schema\/person\/7e24d1e54a2785373ddcb275eae5ed99\"},\"headline\":\"El terrible choque de la econom\u00eda espa\u00f1ola\",\"datePublished\":\"2020-09-22T08:47:55+00:00\",\"mainEntityOfPage\":{\"@id\":\"https:\/\/conversesacatalunya.cat\/es\/el-terrible-choque-de-la-economia-espanola\/\"},\"wordCount\":616,\"commentCount\":0,\"image\":{\"@id\":\"https:\/\/conversesacatalunya.cat\/es\/el-terrible-choque-de-la-economia-espanola\/#primaryimage\"},\"thumbnailUrl\":\"https:\/\/conversesacatalunya.cat\/wp-content\/uploads\/2020\/09\/crisi-coronavirus.jpg\",\"keywords\":[\"coronavirus\",\"crisi coronavirus\",\"crisis coronavirus\",\"medidas coronavirus\"],\"articleSection\":[\"Especial Coronavirus (ES)\",\"Punts clau del dia (ES)\"],\"inLanguage\":\"es\",\"potentialAction\":[{\"@type\":\"CommentAction\",\"name\":\"Comment\",\"target\":[\"https:\/\/conversesacatalunya.cat\/es\/el-terrible-choque-de-la-economia-espanola\/#respond\"]}]},{\"@type\":\"WebPage\",\"@id\":\"https:\/\/conversesacatalunya.cat\/es\/el-terrible-choque-de-la-economia-espanola\/\",\"url\":\"https:\/\/conversesacatalunya.cat\/es\/el-terrible-choque-de-la-economia-espanola\/\",\"name\":\"El terrible choque de la econom\u00eda espa\u00f1ola - Converses a Catalunya\",\"isPartOf\":{\"@id\":\"https:\/\/conversesacatalunya.cat\/#website\"},\"primaryImageOfPage\":{\"@id\":\"https:\/\/conversesacatalunya.cat\/es\/el-terrible-choque-de-la-economia-espanola\/#primaryimage\"},\"image\":{\"@id\":\"https:\/\/conversesacatalunya.cat\/es\/el-terrible-choque-de-la-economia-espanola\/#primaryimage\"},\"thumbnailUrl\":\"https:\/\/conversesacatalunya.cat\/wp-content\/uploads\/2020\/09\/crisi-coronavirus.jpg\",\"datePublished\":\"2020-09-22T08:47:55+00:00\",\"author\":{\"@id\":\"https:\/\/conversesacatalunya.cat\/#\/schema\/person\/7e24d1e54a2785373ddcb275eae5ed99\"},\"description\":\"La pol\u00edtica del gobierno S\u00e1nchez desde el desconfinamiento de desligarse totalmente de la respuesta al Covid-19 puede acabar teniendo unos efectos perversos sobre la econom\u00eda.\",\"breadcrumb\":{\"@id\":\"https:\/\/conversesacatalunya.cat\/es\/el-terrible-choque-de-la-economia-espanola\/#breadcrumb\"},\"inLanguage\":\"es\",\"potentialAction\":[{\"@type\":\"ReadAction\",\"target\":[\"https:\/\/conversesacatalunya.cat\/es\/el-terrible-choque-de-la-economia-espanola\/\"]}]},{\"@type\":\"ImageObject\",\"inLanguage\":\"es\",\"@id\":\"https:\/\/conversesacatalunya.cat\/es\/el-terrible-choque-de-la-economia-espanola\/#primaryimage\",\"url\":\"https:\/\/conversesacatalunya.cat\/wp-content\/uploads\/2020\/09\/crisi-coronavirus.jpg\",\"contentUrl\":\"https:\/\/conversesacatalunya.cat\/wp-content\/uploads\/2020\/09\/crisi-coronavirus.jpg\",\"width\":489,\"height\":267,\"caption\":\"crisi covid\"},{\"@type\":\"BreadcrumbList\",\"@id\":\"https:\/\/conversesacatalunya.cat\/es\/el-terrible-choque-de-la-economia-espanola\/#breadcrumb\",\"itemListElement\":[{\"@type\":\"ListItem\",\"position\":1,\"name\":\"Inici\",\"item\":\"https:\/\/conversesacatalunya.cat\/es\/\"},{\"@type\":\"ListItem\",\"position\":2,\"name\":\"El terrible choque de la econom\u00eda espa\u00f1ola\"}]},{\"@type\":\"WebSite\",\"@id\":\"https:\/\/conversesacatalunya.cat\/#website\",\"url\":\"https:\/\/conversesacatalunya.cat\/\",\"name\":\"Converses a Catalunya\",\"description\":\"\",\"potentialAction\":[{\"@type\":\"SearchAction\",\"target\":{\"@type\":\"EntryPoint\",\"urlTemplate\":\"https:\/\/conversesacatalunya.cat\/?s={search_term_string}\"},\"query-input\":{\"@type\":\"PropertyValueSpecification\",\"valueRequired\":true,\"valueName\":\"search_term_string\"}}],\"inLanguage\":\"es\"},{\"@type\":\"Person\",\"@id\":\"https:\/\/conversesacatalunya.cat\/#\/schema\/person\/7e24d1e54a2785373ddcb275eae5ed99\",\"name\":\"conversesacatalunya\",\"image\":{\"@type\":\"ImageObject\",\"inLanguage\":\"es\",\"@id\":\"https:\/\/conversesacatalunya.cat\/#\/schema\/person\/image\/\",\"url\":\"https:\/\/conversesacatalunya.cat\/wp-content\/litespeed\/avatar\/febdfeeec89d950f01c748045a981dd2.jpg?ver=1777314535\",\"contentUrl\":\"https:\/\/conversesacatalunya.cat\/wp-content\/litespeed\/avatar\/febdfeeec89d950f01c748045a981dd2.jpg?ver=1777314535\",\"caption\":\"conversesacatalunya\"},\"url\":\"https:\/\/conversesacatalunya.cat\/es\/author\/carme_catala\/\"}]}<\/script>\n<!-- \/ Yoast SEO plugin. -->","yoast_head_json":{"title":"El terrible choque de la econom\u00eda espa\u00f1ola - Converses a Catalunya","description":"La pol\u00edtica del gobierno S\u00e1nchez desde el desconfinamiento de desligarse totalmente de la respuesta al Covid-19 puede acabar teniendo unos efectos perversos sobre la econom\u00eda.","robots":{"index":"index","follow":"follow","max-snippet":"max-snippet:-1","max-image-preview":"max-image-preview:large","max-video-preview":"max-video-preview:-1"},"canonical":"https:\/\/conversesacatalunya.cat\/es\/el-terrible-choque-de-la-economia-espanola\/","og_locale":"es_ES","og_type":"article","og_title":"El terrible choque de la econom\u00eda espa\u00f1ola - Converses a Catalunya","og_description":"La pol\u00edtica del gobierno S\u00e1nchez desde el desconfinamiento de desligarse totalmente de la respuesta al Covid-19 puede acabar teniendo unos efectos perversos sobre la econom\u00eda.","og_url":"https:\/\/conversesacatalunya.cat\/es\/el-terrible-choque-de-la-economia-espanola\/","og_site_name":"Converses a Catalunya","article_published_time":"2020-09-22T08:47:55+00:00","og_image":[{"width":489,"height":267,"url":"https:\/\/conversesacatalunya.cat\/wp-content\/uploads\/2020\/09\/crisi-coronavirus.jpg","type":"image\/jpeg"}],"author":"conversesacatalunya","twitter_card":"summary_large_image","twitter_misc":{"Escrito por":"conversesacatalunya","Tiempo de lectura":"3 minutos"},"schema":{"@context":"https:\/\/schema.org","@graph":[{"@type":"Article","@id":"https:\/\/conversesacatalunya.cat\/es\/el-terrible-choque-de-la-economia-espanola\/#article","isPartOf":{"@id":"https:\/\/conversesacatalunya.cat\/es\/el-terrible-choque-de-la-economia-espanola\/"},"author":{"name":"conversesacatalunya","@id":"https:\/\/conversesacatalunya.cat\/#\/schema\/person\/7e24d1e54a2785373ddcb275eae5ed99"},"headline":"El terrible choque de la econom\u00eda espa\u00f1ola","datePublished":"2020-09-22T08:47:55+00:00","mainEntityOfPage":{"@id":"https:\/\/conversesacatalunya.cat\/es\/el-terrible-choque-de-la-economia-espanola\/"},"wordCount":616,"commentCount":0,"image":{"@id":"https:\/\/conversesacatalunya.cat\/es\/el-terrible-choque-de-la-economia-espanola\/#primaryimage"},"thumbnailUrl":"https:\/\/conversesacatalunya.cat\/wp-content\/uploads\/2020\/09\/crisi-coronavirus.jpg","keywords":["coronavirus","crisi coronavirus","crisis coronavirus","medidas coronavirus"],"articleSection":["Especial Coronavirus (ES)","Punts clau del dia (ES)"],"inLanguage":"es","potentialAction":[{"@type":"CommentAction","name":"Comment","target":["https:\/\/conversesacatalunya.cat\/es\/el-terrible-choque-de-la-economia-espanola\/#respond"]}]},{"@type":"WebPage","@id":"https:\/\/conversesacatalunya.cat\/es\/el-terrible-choque-de-la-economia-espanola\/","url":"https:\/\/conversesacatalunya.cat\/es\/el-terrible-choque-de-la-economia-espanola\/","name":"El terrible choque de la econom\u00eda espa\u00f1ola - Converses a Catalunya","isPartOf":{"@id":"https:\/\/conversesacatalunya.cat\/#website"},"primaryImageOfPage":{"@id":"https:\/\/conversesacatalunya.cat\/es\/el-terrible-choque-de-la-economia-espanola\/#primaryimage"},"image":{"@id":"https:\/\/conversesacatalunya.cat\/es\/el-terrible-choque-de-la-economia-espanola\/#primaryimage"},"thumbnailUrl":"https:\/\/conversesacatalunya.cat\/wp-content\/uploads\/2020\/09\/crisi-coronavirus.jpg","datePublished":"2020-09-22T08:47:55+00:00","author":{"@id":"https:\/\/conversesacatalunya.cat\/#\/schema\/person\/7e24d1e54a2785373ddcb275eae5ed99"},"description":"La pol\u00edtica del gobierno S\u00e1nchez desde el desconfinamiento de desligarse totalmente de la respuesta al Covid-19 puede acabar teniendo unos efectos perversos sobre la econom\u00eda.","breadcrumb":{"@id":"https:\/\/conversesacatalunya.cat\/es\/el-terrible-choque-de-la-economia-espanola\/#breadcrumb"},"inLanguage":"es","potentialAction":[{"@type":"ReadAction","target":["https:\/\/conversesacatalunya.cat\/es\/el-terrible-choque-de-la-economia-espanola\/"]}]},{"@type":"ImageObject","inLanguage":"es","@id":"https:\/\/conversesacatalunya.cat\/es\/el-terrible-choque-de-la-economia-espanola\/#primaryimage","url":"https:\/\/conversesacatalunya.cat\/wp-content\/uploads\/2020\/09\/crisi-coronavirus.jpg","contentUrl":"https:\/\/conversesacatalunya.cat\/wp-content\/uploads\/2020\/09\/crisi-coronavirus.jpg","width":489,"height":267,"caption":"crisi covid"},{"@type":"BreadcrumbList","@id":"https:\/\/conversesacatalunya.cat\/es\/el-terrible-choque-de-la-economia-espanola\/#breadcrumb","itemListElement":[{"@type":"ListItem","position":1,"name":"Inici","item":"https:\/\/conversesacatalunya.cat\/es\/"},{"@type":"ListItem","position":2,"name":"El terrible choque de la econom\u00eda espa\u00f1ola"}]},{"@type":"WebSite","@id":"https:\/\/conversesacatalunya.cat\/#website","url":"https:\/\/conversesacatalunya.cat\/","name":"Converses a Catalunya","description":"","potentialAction":[{"@type":"SearchAction","target":{"@type":"EntryPoint","urlTemplate":"https:\/\/conversesacatalunya.cat\/?s={search_term_string}"},"query-input":{"@type":"PropertyValueSpecification","valueRequired":true,"valueName":"search_term_string"}}],"inLanguage":"es"},{"@type":"Person","@id":"https:\/\/conversesacatalunya.cat\/#\/schema\/person\/7e24d1e54a2785373ddcb275eae5ed99","name":"conversesacatalunya","image":{"@type":"ImageObject","inLanguage":"es","@id":"https:\/\/conversesacatalunya.cat\/#\/schema\/person\/image\/","url":"https:\/\/conversesacatalunya.cat\/wp-content\/litespeed\/avatar\/febdfeeec89d950f01c748045a981dd2.jpg?ver=1777314535","contentUrl":"https:\/\/conversesacatalunya.cat\/wp-content\/litespeed\/avatar\/febdfeeec89d950f01c748045a981dd2.jpg?ver=1777314535","caption":"conversesacatalunya"},"url":"https:\/\/conversesacatalunya.cat\/es\/author\/carme_catala\/"}]}},"wps_subtitle":"La pol\u00edtica del gobierno S\u00e1nchez desde el desconfinamiento de desligarse totalmente de la respuesta al Covid-19 puede acabar teniendo unos efectos perversos sobre la econom\u00eda.","_links":{"self":[{"href":"https:\/\/conversesacatalunya.cat\/es\/wp-json\/wp\/v2\/posts\/40382","targetHints":{"allow":["GET"]}}],"collection":[{"href":"https:\/\/conversesacatalunya.cat\/es\/wp-json\/wp\/v2\/posts"}],"about":[{"href":"https:\/\/conversesacatalunya.cat\/es\/wp-json\/wp\/v2\/types\/post"}],"author":[{"embeddable":true,"href":"https:\/\/conversesacatalunya.cat\/es\/wp-json\/wp\/v2\/users\/2"}],"replies":[{"embeddable":true,"href":"https:\/\/conversesacatalunya.cat\/es\/wp-json\/wp\/v2\/comments?post=40382"}],"version-history":[{"count":2,"href":"https:\/\/conversesacatalunya.cat\/es\/wp-json\/wp\/v2\/posts\/40382\/revisions"}],"predecessor-version":[{"id":40385,"href":"https:\/\/conversesacatalunya.cat\/es\/wp-json\/wp\/v2\/posts\/40382\/revisions\/40385"}],"wp:featuredmedia":[{"embeddable":true,"href":"https:\/\/conversesacatalunya.cat\/es\/wp-json\/wp\/v2\/media\/40367"}],"wp:attachment":[{"href":"https:\/\/conversesacatalunya.cat\/es\/wp-json\/wp\/v2\/media?parent=40382"}],"wp:term":[{"taxonomy":"category","embeddable":true,"href":"https:\/\/conversesacatalunya.cat\/es\/wp-json\/wp\/v2\/categories?post=40382"},{"taxonomy":"post_tag","embeddable":true,"href":"https:\/\/conversesacatalunya.cat\/es\/wp-json\/wp\/v2\/tags?post=40382"}],"curies":[{"name":"wp","href":"https:\/\/api.w.org\/{rel}","templated":true}]}}