{"id":40164,"date":"2020-09-15T13:28:03","date_gmt":"2020-09-15T11:28:03","guid":{"rendered":"https:\/\/conversesacatalunya.cat\/ministeri-digualtat-de-genere-una-enquesta-impresentable\/"},"modified":"2020-09-15T14:02:27","modified_gmt":"2020-09-15T12:02:27","slug":"ministerio-de-igualdad-de-genero-una-encuesta-impresentable","status":"publish","type":"post","link":"https:\/\/conversesacatalunya.cat\/es\/ministerio-de-igualdad-de-genero-una-encuesta-impresentable\/","title":{"rendered":"Ministerio de Igualdad de G\u00e9nero: una encuesta impresentable"},"content":{"rendered":"<p>El Ministerio de Igualdad de G\u00e9nero, que dirige Irene Montero, ha presentado una encuesta sobre la violencia de g\u00e9nero que ofrece, sin el menor pudor, unos resultados insostenibles en el marco de una metodolog\u00eda deliberadamente confusa.<\/p>\n<p>De acuerdo con esta encuesta, <strong>11,6 millones de espa\u00f1olas<\/strong> han sido <strong>v\u00edctimas de agresiones sexuales<\/strong> de naturaleza muy diversa, pero que se califican dentro de este mismo ep\u00edgrafe en el que tanto vale una violaci\u00f3n como la indiferencia en el trato, seg\u00fan la encuestada, por parte de su pareja. En el fondo, querer inflar tanto las cifras consigue difuminar los delitos realmente graves.<\/p>\n<p>\u00bfPor qu\u00e9 la encuesta es inconsistente? Porque otras fuentes que no est\u00e1n dirigidas ideol\u00f3gicamente <strong>se\u00f1alan reiteradamente<\/strong> resultados muy diferentes. Una de estas fuentes es el <strong>bar\u00f3metro trimestral del CIS<\/strong> sobre cu\u00e1les son los problemas que considera importantes la poblaci\u00f3n espa\u00f1ola. La ventaja de este conjunto de datos es el amplio periodo de la serie, de muchos a\u00f1os, que hace posible por tanto seguir la evoluci\u00f3n en el tiempo y la consistencia en los resultados.<\/p>\n<p>En la \u00faltima encuesta, la del mes de julio, s\u00f3lo<strong> el 0,1%<\/strong> de los encuestados se\u00f1alaba la violencia de g\u00e9nero como primer problema,<strong> otro 0,1%<\/strong> como segundo, y un 0,2% como tercero. La agrupaci\u00f3n de estas tres cifras sobre cu\u00e1les son los tres problemas m\u00e1s graves para cada encuestado otorga un <strong>0,4%<\/strong>, lo que le sit\u00faa entre los \u00faltimos cuatro puestos de la larga lista de problemas sobre los que pregunta la encuesta. Para situar unas referencias: el primer lugar como problema es el <strong>paro con un 34,6%<\/strong>, el segundo la crisis econ\u00f3mica y los problemas de esta \u00edndole con un 29,3%, el tercero el coronavirus con un 28,4 %, el cuarto la sanidad con un 15,7%, y el quinto la situaci\u00f3n pol\u00edtica, la falta de acuerdos, la inestabilidad, con un 13%. Las distancias con el 0,4 de la violencia de g\u00e9nero son muy grandes.<\/p>\n<p>Pero es que si adem\u00e1s pasamos de proporciones a cifras absolutas, el contraste con los resultados de la encuesta es a\u00fan mayor. El 0,4% sobre el total de la poblaci\u00f3n femenina representa s\u00f3lo <strong>96.000<\/strong> personas que consideran que la violencia de g\u00e9nero es una de sus tres primeras preocupaciones. Y si lo reducimos a la poblaci\u00f3n m\u00e1s afectada, las mujeres de 18 a\u00f1os y m\u00e1s, el n\u00famero como es l\u00f3gico todav\u00eda es m\u00e1s reducido y se sit\u00faa en las <strong>70.000<\/strong> personas que tienen este tipo de preocupaci\u00f3n. La pregunta es evidente: \u00bfc\u00f3mo es posible que haya m\u00e1s de 11,5 millones de mujeres \u00abv\u00edctimas\u00bb de agresiones sexuales, y menos de 100.000, cuando son interrogadas por el CIS, manifiesten que esta agresi\u00f3n constituye uno de los principales problemas (el primero, segundo o tercero)? Las cifras que presenta el Ministerio de Igualdad no hacen sino instrumentalizar una encuesta, lo que por otra parte no tiene nada de sorprendente. El problema de este tipo de procedimientos se hace patente cuando existen otras fuentes, como es el caso, con el que comparar las cifras.<\/p>\n<p>Si se analiza el contenido de la encuesta, se percibe c\u00f3mo se consigue multiplicar la cifra de \u00abagresiones\u00bb.<\/p>\n<p>Por ejemplo: hay una pregunta que pide si se considera que la pareja <strong>la trata con indiferencia<\/strong>. Si la mujer responde que \u00abs\u00ed\u00bb ya tenemos un caso de agresi\u00f3n. O si la pareja sospecha que <strong>le ha sido infiel<\/strong>, tenemos otro caso de agresi\u00f3n. O si le ha pedido <strong>dinero para el hogar y le dijo que \u00abno\u00bb<\/strong>, otra agresi\u00f3n m\u00e1s. Y as\u00ed se podr\u00eda ir multiplicando la casu\u00edstica. Ser\u00eda interesante que el mismo cuestionario al que han respondido las mujeres para llevar a cabo la encuesta <strong>lo contestara la ministra<\/strong> para saber cu\u00e1ntas situaciones de violencia ha soportado o soporta, porque seguro que, con un cuestionario como este, dif\u00edcilmente se escapa ning\u00fan hombre. Ni un hombre queda libre de pecado. Pero, a diferencia de la iglesia, que los califica de veniales y mortales, para Irene Montero todos son de gravedad extrema.<\/p>\n<p>Otra forma de ver la inconsistencia es <strong>contemplar c\u00f3mo el 30%<\/strong> de las mujeres que responden la encuesta aseguran que el hecho no tuvo importancia, o bien otro 15% que afirma que desconoc\u00eda que aquello era violento. Y usted se preguntar\u00e1: \u00bfc\u00f3mo es posible que una mujer desconozca que una agresi\u00f3n sexual sea un hecho violento? \u00bfUn 15% de mujeres tienen tanta insensibilidad? Es evidente que no, lo que pasa es que la encuesta puede contabilizar como violencia<strong> una mirada lasciva<\/strong> yendo por la calle o una discusi\u00f3n con el marido. Otro 22% considera que no lo ha mencionado nunca porque cuando pas\u00f3 eran otros tiempos, y todav\u00eda hay un 5% m\u00e1s que afirma que esta situaci\u00f3n de violencia le ha pasado en otro pa\u00eds, aunque la encuesta lo contabiliza como si hubiera pasado en Espa\u00f1a.<\/p>\n<p>Deber\u00eda estar prohibido que hubiera un abuso tan descarado de la manipulaci\u00f3n de la opini\u00f3n por parte del gobierno para apoyar sus pol\u00edticas y, en el caso de Irene Montero, para ocupar un ministerio para el que a\u00fan debe demostrar que sirve.<\/p>\n<span class='bctt-click-to-tweet'><span class='bctt-ctt-text'><a href='https:\/\/twitter.com\/intent\/tweet?url=https%3A%2F%2Fconversesacatalunya.cat%2Fes%2Fministerio-de-igualdad-de-genero-una-encuesta-impresentable%2F&#038;text=Seg%C3%BAn%20la%20encuesta%2C%2011%2C6%20millones%20de%20espa%C3%B1olas%20han%20sido%20v%C3%ADctimas%20de%20agresiones%20sexuales%20de%20naturaleza%20muy%20diversa&#038;via=conversesacat&#038;related=conversesacat' target='_blank'rel=\"noopener noreferrer\">Seg\u00fan la encuesta, 11,6 millones de espa\u00f1olas han sido v\u00edctimas de agresiones sexuales de naturaleza muy diversa <\/a><\/span><a href='https:\/\/twitter.com\/intent\/tweet?url=https%3A%2F%2Fconversesacatalunya.cat%2Fes%2Fministerio-de-igualdad-de-genero-una-encuesta-impresentable%2F&#038;text=Seg%C3%BAn%20la%20encuesta%2C%2011%2C6%20millones%20de%20espa%C3%B1olas%20han%20sido%20v%C3%ADctimas%20de%20agresiones%20sexuales%20de%20naturaleza%20muy%20diversa&#038;via=conversesacat&#038;related=conversesacat' target='_blank' class='bctt-ctt-btn'rel=\"noopener noreferrer\">Compartir en X<\/a><\/span>\n","protected":false},"excerpt":{"rendered":"<p>El Ministerio de Igualdad de G\u00e9nero, que dirige Irene Montero, ha presentado una encuesta sobre la violencia de g\u00e9nero que ofrece, sin el menor pudor, unos resultados insostenibles en el marco de una metodolog\u00eda deliberadamente confusa. De acuerdo con esta encuesta, 11,6 millones de espa\u00f1olas han sido v\u00edctimas de agresiones sexuales de naturaleza muy diversa, pero que se califican dentro de este mismo ep\u00edgrafe en el que tanto vale una violaci\u00f3n como la indiferencia en el trato, seg\u00fan la encuestada, por parte de su pareja. En el fondo, querer inflar tanto las cifras consigue difuminar los delitos realmente graves. \u00bfPor qu\u00e9 la encuesta es inconsistente? Porque otras fuentes que no est\u00e1n dirigidas ideol\u00f3gicamente se\u00f1alan reiteradamente resultados muy diferentes. Una de estas fuentes es el bar\u00f3metro trimestral del CIS sobre cu\u00e1les son los problemas que considera importantes la poblaci\u00f3n espa\u00f1ola. La ventaja de este conjunto de datos es el amplio periodo de la serie, de muchos a\u00f1os, que hace posible por tanto seguir la evoluci\u00f3n en el tiempo y la consistencia en los resultados. En la \u00faltima encuesta, la del mes de julio, s\u00f3lo el 0,1% de los encuestados se\u00f1alaba la violencia de g\u00e9nero como primer problema, otro 0,1% como segundo, y un 0,2% como tercero. La agrupaci\u00f3n de estas tres cifras sobre cu\u00e1les son los tres problemas m\u00e1s graves para cada encuestado otorga un 0,4%, lo que le sit\u00faa entre los \u00faltimos cuatro puestos de la larga lista de problemas sobre los que pregunta la encuesta. Para situar unas referencias: el primer lugar como problema es el paro con un 34,6%, el segundo la crisis econ\u00f3mica y los problemas de esta \u00edndole con un 29,3%, el tercero el coronavirus con un 28,4 %, el cuarto la sanidad con un 15,7%, y el quinto la situaci\u00f3n pol\u00edtica, la falta de acuerdos, la inestabilidad, con un 13%. Las distancias con el 0,4 de la violencia de g\u00e9nero son muy grandes. Pero es que si adem\u00e1s pasamos de proporciones a cifras absolutas, el contraste con los resultados de la encuesta es a\u00fan mayor. El 0,4% sobre el total de la poblaci\u00f3n femenina representa s\u00f3lo 96.000 personas que consideran que la violencia de g\u00e9nero es una de sus tres primeras preocupaciones. Y si lo reducimos a la poblaci\u00f3n m\u00e1s afectada, las mujeres de 18 a\u00f1os y m\u00e1s, el n\u00famero como es l\u00f3gico todav\u00eda es m\u00e1s reducido y se sit\u00faa en las 70.000 personas que tienen este tipo de preocupaci\u00f3n. La pregunta es evidente: \u00bfc\u00f3mo es posible que haya m\u00e1s de 11,5 millones de mujeres \u00abv\u00edctimas\u00bb de agresiones sexuales, y menos de 100.000, cuando son interrogadas por el CIS, manifiesten que esta agresi\u00f3n constituye uno de los principales problemas (el primero, segundo o tercero)? Las cifras que presenta el Ministerio de Igualdad no hacen sino instrumentalizar una encuesta, lo que por otra parte no tiene nada de sorprendente. El problema de este tipo de procedimientos se hace patente cuando existen otras fuentes, como es el caso, con el que comparar las cifras. Si se analiza el contenido de la encuesta, se percibe c\u00f3mo se consigue multiplicar la cifra de \u00abagresiones\u00bb. Por ejemplo: hay una pregunta que pide si se considera que la pareja la trata con indiferencia. Si la mujer responde que \u00abs\u00ed\u00bb ya tenemos un caso de agresi\u00f3n. O si la pareja sospecha que le ha sido infiel, tenemos otro caso de agresi\u00f3n. O si le ha pedido dinero para el hogar y le dijo que \u00abno\u00bb, otra agresi\u00f3n m\u00e1s. Y as\u00ed se podr\u00eda ir multiplicando la casu\u00edstica. Ser\u00eda interesante que el mismo cuestionario al que han respondido las mujeres para llevar a cabo la encuesta lo contestara la ministra para saber cu\u00e1ntas situaciones de violencia ha soportado o soporta, porque seguro que, con un cuestionario como este, dif\u00edcilmente se escapa ning\u00fan hombre. Ni un hombre queda libre de pecado. Pero, a diferencia de la iglesia, que los califica de veniales y mortales, para Irene Montero todos son de gravedad extrema. Otra forma de ver la inconsistencia es contemplar c\u00f3mo el 30% de las mujeres que responden la encuesta aseguran que el hecho no tuvo importancia, o bien otro 15% que afirma que desconoc\u00eda que aquello era violento. Y usted se preguntar\u00e1: \u00bfc\u00f3mo es posible que una mujer desconozca que una agresi\u00f3n sexual sea un hecho violento? \u00bfUn 15% de mujeres tienen tanta insensibilidad? Es evidente que no, lo que pasa es que la encuesta puede contabilizar como violencia una mirada lasciva yendo por la calle o una discusi\u00f3n con el marido. Otro 22% considera que no lo ha mencionado nunca porque cuando pas\u00f3 eran otros tiempos, y todav\u00eda hay un 5% m\u00e1s que afirma que esta situaci\u00f3n de violencia le ha pasado en otro pa\u00eds, aunque la encuesta lo contabiliza como si hubiera pasado en Espa\u00f1a. Deber\u00eda estar prohibido que hubiera un abuso tan descarado de la manipulaci\u00f3n de la opini\u00f3n por parte del gobierno para apoyar sus pol\u00edticas y, en el caso de Irene Montero, para ocupar un ministerio para el que a\u00fan debe demostrar que sirve.<\/p>\n","protected":false},"author":2,"featured_media":40157,"comment_status":"open","ping_status":"open","sticky":false,"template":"","format":"standard","meta":{"_FSMCFIC_featured_image_caption":"","_FSMCFIC_featured_image_nocaption":"","_FSMCFIC_featured_image_hide":"","footnotes":""},"categories":[806],"tags":[1856,1470],"class_list":["post-40164","post","type-post","status-publish","format-standard","has-post-thumbnail","hentry","category-punts-claus-del-dia-es","tag-ideologia-de-genero","tag-irene-montero"],"yoast_head":"<!-- This site is optimized with the Yoast SEO plugin v26.8 - https:\/\/yoast.com\/product\/yoast-seo-wordpress\/ -->\n<title>Ministerio de Igualdad de G\u00e9nero: una encuesta impresentable - Converses a Catalunya<\/title>\n<meta name=\"description\" content=\"Seg\u00fan la encuesta, 11,6 millones de espa\u00f1olas han sido v\u00edctimas de agresiones sexuales de naturaleza muy diversa\" \/>\n<meta name=\"robots\" content=\"index, follow, max-snippet:-1, max-image-preview:large, max-video-preview:-1\" \/>\n<link rel=\"canonical\" href=\"https:\/\/conversesacatalunya.cat\/es\/ministerio-de-igualdad-de-genero-una-encuesta-impresentable\/\" \/>\n<meta property=\"og:locale\" content=\"es_ES\" \/>\n<meta property=\"og:type\" content=\"article\" \/>\n<meta property=\"og:title\" content=\"Ministerio de Igualdad de G\u00e9nero: una encuesta impresentable - Converses a Catalunya\" \/>\n<meta property=\"og:description\" content=\"Seg\u00fan la encuesta, 11,6 millones de espa\u00f1olas han sido v\u00edctimas de agresiones sexuales de naturaleza muy diversa\" \/>\n<meta property=\"og:url\" content=\"https:\/\/conversesacatalunya.cat\/es\/ministerio-de-igualdad-de-genero-una-encuesta-impresentable\/\" \/>\n<meta property=\"og:site_name\" content=\"Converses a Catalunya\" \/>\n<meta property=\"article:published_time\" content=\"2020-09-15T11:28:03+00:00\" \/>\n<meta property=\"article:modified_time\" content=\"2020-09-15T12:02:27+00:00\" \/>\n<meta property=\"og:image\" content=\"https:\/\/conversesacatalunya.cat\/wp-content\/uploads\/2020\/09\/irene-montero.jpg\" \/>\n\t<meta property=\"og:image:width\" content=\"1200\" \/>\n\t<meta property=\"og:image:height\" content=\"895\" \/>\n\t<meta property=\"og:image:type\" content=\"image\/jpeg\" \/>\n<meta name=\"author\" content=\"conversesacatalunya\" \/>\n<meta name=\"twitter:card\" content=\"summary_large_image\" \/>\n<meta name=\"twitter:label1\" content=\"Escrito por\" \/>\n\t<meta name=\"twitter:data1\" content=\"conversesacatalunya\" \/>\n\t<meta name=\"twitter:label2\" content=\"Tiempo de lectura\" \/>\n\t<meta name=\"twitter:data2\" content=\"5 minutos\" \/>\n<script type=\"application\/ld+json\" class=\"yoast-schema-graph\">{\"@context\":\"https:\/\/schema.org\",\"@graph\":[{\"@type\":\"Article\",\"@id\":\"https:\/\/conversesacatalunya.cat\/es\/ministerio-de-igualdad-de-genero-una-encuesta-impresentable\/#article\",\"isPartOf\":{\"@id\":\"https:\/\/conversesacatalunya.cat\/es\/ministerio-de-igualdad-de-genero-una-encuesta-impresentable\/\"},\"author\":{\"name\":\"conversesacatalunya\",\"@id\":\"https:\/\/conversesacatalunya.cat\/#\/schema\/person\/7e24d1e54a2785373ddcb275eae5ed99\"},\"headline\":\"Ministerio de Igualdad de G\u00e9nero: una encuesta impresentable\",\"datePublished\":\"2020-09-15T11:28:03+00:00\",\"dateModified\":\"2020-09-15T12:02:27+00:00\",\"mainEntityOfPage\":{\"@id\":\"https:\/\/conversesacatalunya.cat\/es\/ministerio-de-igualdad-de-genero-una-encuesta-impresentable\/\"},\"wordCount\":917,\"commentCount\":0,\"image\":{\"@id\":\"https:\/\/conversesacatalunya.cat\/es\/ministerio-de-igualdad-de-genero-una-encuesta-impresentable\/#primaryimage\"},\"thumbnailUrl\":\"https:\/\/conversesacatalunya.cat\/wp-content\/uploads\/2020\/09\/irene-montero.jpg\",\"keywords\":[\"ideolog\u00eda de g\u00e9nero\",\"Irene Montero\"],\"articleSection\":[\"Punts clau del dia (ES)\"],\"inLanguage\":\"es\",\"potentialAction\":[{\"@type\":\"CommentAction\",\"name\":\"Comment\",\"target\":[\"https:\/\/conversesacatalunya.cat\/es\/ministerio-de-igualdad-de-genero-una-encuesta-impresentable\/#respond\"]}]},{\"@type\":\"WebPage\",\"@id\":\"https:\/\/conversesacatalunya.cat\/es\/ministerio-de-igualdad-de-genero-una-encuesta-impresentable\/\",\"url\":\"https:\/\/conversesacatalunya.cat\/es\/ministerio-de-igualdad-de-genero-una-encuesta-impresentable\/\",\"name\":\"Ministerio de Igualdad de G\u00e9nero: una encuesta impresentable - Converses a Catalunya\",\"isPartOf\":{\"@id\":\"https:\/\/conversesacatalunya.cat\/#website\"},\"primaryImageOfPage\":{\"@id\":\"https:\/\/conversesacatalunya.cat\/es\/ministerio-de-igualdad-de-genero-una-encuesta-impresentable\/#primaryimage\"},\"image\":{\"@id\":\"https:\/\/conversesacatalunya.cat\/es\/ministerio-de-igualdad-de-genero-una-encuesta-impresentable\/#primaryimage\"},\"thumbnailUrl\":\"https:\/\/conversesacatalunya.cat\/wp-content\/uploads\/2020\/09\/irene-montero.jpg\",\"datePublished\":\"2020-09-15T11:28:03+00:00\",\"dateModified\":\"2020-09-15T12:02:27+00:00\",\"author\":{\"@id\":\"https:\/\/conversesacatalunya.cat\/#\/schema\/person\/7e24d1e54a2785373ddcb275eae5ed99\"},\"description\":\"Seg\u00fan la encuesta, 11,6 millones de espa\u00f1olas han sido v\u00edctimas de agresiones sexuales de naturaleza muy diversa\",\"breadcrumb\":{\"@id\":\"https:\/\/conversesacatalunya.cat\/es\/ministerio-de-igualdad-de-genero-una-encuesta-impresentable\/#breadcrumb\"},\"inLanguage\":\"es\",\"potentialAction\":[{\"@type\":\"ReadAction\",\"target\":[\"https:\/\/conversesacatalunya.cat\/es\/ministerio-de-igualdad-de-genero-una-encuesta-impresentable\/\"]}]},{\"@type\":\"ImageObject\",\"inLanguage\":\"es\",\"@id\":\"https:\/\/conversesacatalunya.cat\/es\/ministerio-de-igualdad-de-genero-una-encuesta-impresentable\/#primaryimage\",\"url\":\"https:\/\/conversesacatalunya.cat\/wp-content\/uploads\/2020\/09\/irene-montero.jpg\",\"contentUrl\":\"https:\/\/conversesacatalunya.cat\/wp-content\/uploads\/2020\/09\/irene-montero.jpg\",\"width\":1200,\"height\":895,\"caption\":\"Ministeri d'Igualtat\"},{\"@type\":\"BreadcrumbList\",\"@id\":\"https:\/\/conversesacatalunya.cat\/es\/ministerio-de-igualdad-de-genero-una-encuesta-impresentable\/#breadcrumb\",\"itemListElement\":[{\"@type\":\"ListItem\",\"position\":1,\"name\":\"Inici\",\"item\":\"https:\/\/conversesacatalunya.cat\/es\/\"},{\"@type\":\"ListItem\",\"position\":2,\"name\":\"Ministerio de Igualdad de G\u00e9nero: una encuesta impresentable\"}]},{\"@type\":\"WebSite\",\"@id\":\"https:\/\/conversesacatalunya.cat\/#website\",\"url\":\"https:\/\/conversesacatalunya.cat\/\",\"name\":\"Converses a Catalunya\",\"description\":\"\",\"potentialAction\":[{\"@type\":\"SearchAction\",\"target\":{\"@type\":\"EntryPoint\",\"urlTemplate\":\"https:\/\/conversesacatalunya.cat\/?s={search_term_string}\"},\"query-input\":{\"@type\":\"PropertyValueSpecification\",\"valueRequired\":true,\"valueName\":\"search_term_string\"}}],\"inLanguage\":\"es\"},{\"@type\":\"Person\",\"@id\":\"https:\/\/conversesacatalunya.cat\/#\/schema\/person\/7e24d1e54a2785373ddcb275eae5ed99\",\"name\":\"conversesacatalunya\",\"image\":{\"@type\":\"ImageObject\",\"inLanguage\":\"es\",\"@id\":\"https:\/\/conversesacatalunya.cat\/#\/schema\/person\/image\/\",\"url\":\"https:\/\/conversesacatalunya.cat\/wp-content\/litespeed\/avatar\/febdfeeec89d950f01c748045a981dd2.jpg?ver=1777314535\",\"contentUrl\":\"https:\/\/conversesacatalunya.cat\/wp-content\/litespeed\/avatar\/febdfeeec89d950f01c748045a981dd2.jpg?ver=1777314535\",\"caption\":\"conversesacatalunya\"},\"url\":\"https:\/\/conversesacatalunya.cat\/es\/author\/carme_catala\/\"}]}<\/script>\n<!-- \/ Yoast SEO plugin. -->","yoast_head_json":{"title":"Ministerio de Igualdad de G\u00e9nero: una encuesta impresentable - Converses a Catalunya","description":"Seg\u00fan la encuesta, 11,6 millones de espa\u00f1olas han sido v\u00edctimas de agresiones sexuales de naturaleza muy diversa","robots":{"index":"index","follow":"follow","max-snippet":"max-snippet:-1","max-image-preview":"max-image-preview:large","max-video-preview":"max-video-preview:-1"},"canonical":"https:\/\/conversesacatalunya.cat\/es\/ministerio-de-igualdad-de-genero-una-encuesta-impresentable\/","og_locale":"es_ES","og_type":"article","og_title":"Ministerio de Igualdad de G\u00e9nero: una encuesta impresentable - Converses a Catalunya","og_description":"Seg\u00fan la encuesta, 11,6 millones de espa\u00f1olas han sido v\u00edctimas de agresiones sexuales de naturaleza muy diversa","og_url":"https:\/\/conversesacatalunya.cat\/es\/ministerio-de-igualdad-de-genero-una-encuesta-impresentable\/","og_site_name":"Converses a Catalunya","article_published_time":"2020-09-15T11:28:03+00:00","article_modified_time":"2020-09-15T12:02:27+00:00","og_image":[{"width":1200,"height":895,"url":"https:\/\/conversesacatalunya.cat\/wp-content\/uploads\/2020\/09\/irene-montero.jpg","type":"image\/jpeg"}],"author":"conversesacatalunya","twitter_card":"summary_large_image","twitter_misc":{"Escrito por":"conversesacatalunya","Tiempo de lectura":"5 minutos"},"schema":{"@context":"https:\/\/schema.org","@graph":[{"@type":"Article","@id":"https:\/\/conversesacatalunya.cat\/es\/ministerio-de-igualdad-de-genero-una-encuesta-impresentable\/#article","isPartOf":{"@id":"https:\/\/conversesacatalunya.cat\/es\/ministerio-de-igualdad-de-genero-una-encuesta-impresentable\/"},"author":{"name":"conversesacatalunya","@id":"https:\/\/conversesacatalunya.cat\/#\/schema\/person\/7e24d1e54a2785373ddcb275eae5ed99"},"headline":"Ministerio de Igualdad de G\u00e9nero: una encuesta impresentable","datePublished":"2020-09-15T11:28:03+00:00","dateModified":"2020-09-15T12:02:27+00:00","mainEntityOfPage":{"@id":"https:\/\/conversesacatalunya.cat\/es\/ministerio-de-igualdad-de-genero-una-encuesta-impresentable\/"},"wordCount":917,"commentCount":0,"image":{"@id":"https:\/\/conversesacatalunya.cat\/es\/ministerio-de-igualdad-de-genero-una-encuesta-impresentable\/#primaryimage"},"thumbnailUrl":"https:\/\/conversesacatalunya.cat\/wp-content\/uploads\/2020\/09\/irene-montero.jpg","keywords":["ideolog\u00eda de g\u00e9nero","Irene Montero"],"articleSection":["Punts clau del dia (ES)"],"inLanguage":"es","potentialAction":[{"@type":"CommentAction","name":"Comment","target":["https:\/\/conversesacatalunya.cat\/es\/ministerio-de-igualdad-de-genero-una-encuesta-impresentable\/#respond"]}]},{"@type":"WebPage","@id":"https:\/\/conversesacatalunya.cat\/es\/ministerio-de-igualdad-de-genero-una-encuesta-impresentable\/","url":"https:\/\/conversesacatalunya.cat\/es\/ministerio-de-igualdad-de-genero-una-encuesta-impresentable\/","name":"Ministerio de Igualdad de G\u00e9nero: una encuesta impresentable - Converses a Catalunya","isPartOf":{"@id":"https:\/\/conversesacatalunya.cat\/#website"},"primaryImageOfPage":{"@id":"https:\/\/conversesacatalunya.cat\/es\/ministerio-de-igualdad-de-genero-una-encuesta-impresentable\/#primaryimage"},"image":{"@id":"https:\/\/conversesacatalunya.cat\/es\/ministerio-de-igualdad-de-genero-una-encuesta-impresentable\/#primaryimage"},"thumbnailUrl":"https:\/\/conversesacatalunya.cat\/wp-content\/uploads\/2020\/09\/irene-montero.jpg","datePublished":"2020-09-15T11:28:03+00:00","dateModified":"2020-09-15T12:02:27+00:00","author":{"@id":"https:\/\/conversesacatalunya.cat\/#\/schema\/person\/7e24d1e54a2785373ddcb275eae5ed99"},"description":"Seg\u00fan la encuesta, 11,6 millones de espa\u00f1olas han sido v\u00edctimas de agresiones sexuales de naturaleza muy diversa","breadcrumb":{"@id":"https:\/\/conversesacatalunya.cat\/es\/ministerio-de-igualdad-de-genero-una-encuesta-impresentable\/#breadcrumb"},"inLanguage":"es","potentialAction":[{"@type":"ReadAction","target":["https:\/\/conversesacatalunya.cat\/es\/ministerio-de-igualdad-de-genero-una-encuesta-impresentable\/"]}]},{"@type":"ImageObject","inLanguage":"es","@id":"https:\/\/conversesacatalunya.cat\/es\/ministerio-de-igualdad-de-genero-una-encuesta-impresentable\/#primaryimage","url":"https:\/\/conversesacatalunya.cat\/wp-content\/uploads\/2020\/09\/irene-montero.jpg","contentUrl":"https:\/\/conversesacatalunya.cat\/wp-content\/uploads\/2020\/09\/irene-montero.jpg","width":1200,"height":895,"caption":"Ministeri d'Igualtat"},{"@type":"BreadcrumbList","@id":"https:\/\/conversesacatalunya.cat\/es\/ministerio-de-igualdad-de-genero-una-encuesta-impresentable\/#breadcrumb","itemListElement":[{"@type":"ListItem","position":1,"name":"Inici","item":"https:\/\/conversesacatalunya.cat\/es\/"},{"@type":"ListItem","position":2,"name":"Ministerio de Igualdad de G\u00e9nero: una encuesta impresentable"}]},{"@type":"WebSite","@id":"https:\/\/conversesacatalunya.cat\/#website","url":"https:\/\/conversesacatalunya.cat\/","name":"Converses a Catalunya","description":"","potentialAction":[{"@type":"SearchAction","target":{"@type":"EntryPoint","urlTemplate":"https:\/\/conversesacatalunya.cat\/?s={search_term_string}"},"query-input":{"@type":"PropertyValueSpecification","valueRequired":true,"valueName":"search_term_string"}}],"inLanguage":"es"},{"@type":"Person","@id":"https:\/\/conversesacatalunya.cat\/#\/schema\/person\/7e24d1e54a2785373ddcb275eae5ed99","name":"conversesacatalunya","image":{"@type":"ImageObject","inLanguage":"es","@id":"https:\/\/conversesacatalunya.cat\/#\/schema\/person\/image\/","url":"https:\/\/conversesacatalunya.cat\/wp-content\/litespeed\/avatar\/febdfeeec89d950f01c748045a981dd2.jpg?ver=1777314535","contentUrl":"https:\/\/conversesacatalunya.cat\/wp-content\/litespeed\/avatar\/febdfeeec89d950f01c748045a981dd2.jpg?ver=1777314535","caption":"conversesacatalunya"},"url":"https:\/\/conversesacatalunya.cat\/es\/author\/carme_catala\/"}]}},"wps_subtitle":"Seg\u00fan la encuesta, 11,6 millones de espa\u00f1olas han sido v\u00edctimas de agresiones sexuales de naturaleza muy diversa","_links":{"self":[{"href":"https:\/\/conversesacatalunya.cat\/es\/wp-json\/wp\/v2\/posts\/40164","targetHints":{"allow":["GET"]}}],"collection":[{"href":"https:\/\/conversesacatalunya.cat\/es\/wp-json\/wp\/v2\/posts"}],"about":[{"href":"https:\/\/conversesacatalunya.cat\/es\/wp-json\/wp\/v2\/types\/post"}],"author":[{"embeddable":true,"href":"https:\/\/conversesacatalunya.cat\/es\/wp-json\/wp\/v2\/users\/2"}],"replies":[{"embeddable":true,"href":"https:\/\/conversesacatalunya.cat\/es\/wp-json\/wp\/v2\/comments?post=40164"}],"version-history":[{"count":2,"href":"https:\/\/conversesacatalunya.cat\/es\/wp-json\/wp\/v2\/posts\/40164\/revisions"}],"predecessor-version":[{"id":40166,"href":"https:\/\/conversesacatalunya.cat\/es\/wp-json\/wp\/v2\/posts\/40164\/revisions\/40166"}],"wp:featuredmedia":[{"embeddable":true,"href":"https:\/\/conversesacatalunya.cat\/es\/wp-json\/wp\/v2\/media\/40157"}],"wp:attachment":[{"href":"https:\/\/conversesacatalunya.cat\/es\/wp-json\/wp\/v2\/media?parent=40164"}],"wp:term":[{"taxonomy":"category","embeddable":true,"href":"https:\/\/conversesacatalunya.cat\/es\/wp-json\/wp\/v2\/categories?post=40164"},{"taxonomy":"post_tag","embeddable":true,"href":"https:\/\/conversesacatalunya.cat\/es\/wp-json\/wp\/v2\/tags?post=40164"}],"curies":[{"name":"wp","href":"https:\/\/api.w.org\/{rel}","templated":true}]}}