{"id":40049,"date":"2020-09-11T10:02:25","date_gmt":"2020-09-11T08:02:25","guid":{"rendered":"https:\/\/conversesacatalunya.cat\/?p=40049"},"modified":"2020-09-15T12:37:22","modified_gmt":"2020-09-15T10:37:22","slug":"como-se-ve-cataluna-desde-fuera-una-leccion-que-hay-que-aprender","status":"publish","type":"post","link":"https:\/\/conversesacatalunya.cat\/es\/como-se-ve-cataluna-desde-fuera-una-leccion-que-hay-que-aprender\/","title":{"rendered":"C\u00f3mo se ve Catalu\u00f1a desde fuera. Una lecci\u00f3n que hay que aprender"},"content":{"rendered":"<p>Los catalanes nos contemplamos a nosotros mismos como un pa\u00eds industrial, exportador, de gran capacidad econ\u00f3mica y t\u00e9cnica y cient\u00edficamente desarrollado. Desgraciadamente no es esa la visi\u00f3n que dan los estudios y trabajos de car\u00e1cter internacional que se hacen sobre las regiones europeas. Siendo m\u00e1s o menos discutibles, har\u00edamos bien en tomar buena nota y reflexionar sobre qu\u00e9 hay de realidad en todo esto. El <strong>Mckinsey Global Institute<\/strong> acaba de hacer p\u00fablico el estudio \u00ab<a href=\"https:\/\/www.mckinsey.com\/featured-insights\/future-of-work\/the-future-of-work-in-europe#\" target=\"_blank\" rel=\"noopener noreferrer\">El futuro del trabajo en Europa<\/a>\u00ab, que nos da una realidad bien diferente de la percepci\u00f3n que tenemos.<\/p>\n<p>Este trabajo hace un an\u00e1lisis detallado de<strong> 1.095 mercados laborales<\/strong> locales de toda Europa, incluidas <strong>285 \u00e1reas metropolitanas<\/strong>, estudiando su comportamiento pasado y efectuando una prospectiva de futuro. Lo que ahora queremos remarcar de este estudio es uno de sus aspectos: la fotograf\u00eda actual.<\/p>\n<p>El estudio clasifica este millar largo de mercados laborales en <strong>13 cl\u00fasteres <\/strong>que a su vez se distribuyen en<strong> 3 conjuntos<\/strong>: centros de crecimiento din\u00e1mico, econom\u00edas estables y regiones en contracci\u00f3n. Lo primero que sorprende es el escaso n\u00famero de centros din\u00e1micos, que son los que tienen adem\u00e1s una elevada din\u00e1mica de concentraci\u00f3n del empleo y de la renta. <strong>Agrupan el 20%<\/strong> de los europeos. En Espa\u00f1a s\u00f3lo hay un centro de estas caracter\u00edsticas que es Madrid, junto con otras de Europa como \u00c1msterdam, Copenhague, M\u00fanich y, por supuesto, Londres y Par\u00eds. Como se puede constatar, Barcelona no pertenece a esta categor\u00eda. Londres y Par\u00eds son consideradas megaciudades, mientras que Madrid pertenece al cl\u00faster de \u00ab<em>superstar hubs<\/em>\u00ab.<\/p>\n<p>\u00bfY c\u00f3mo queda Catalu\u00f1a? Pues pertenece al segundo gran grupo, el de los <strong>centros de econom\u00edas estables<\/strong>, que son los que m\u00e1s abundan en Europa con el<strong> 50% de la poblaci\u00f3n<\/strong>. Pero lo que llama la atenci\u00f3n es que los cuatro cl\u00fasteres que componen este gran grupo (centros de manufactura de alta tecnolog\u00eda, metr\u00f3polis diversificadas, no metr\u00f3polis diversificadas y refugios tur\u00edsticos), Catalu\u00f1a forma parte de este \u00faltimo cl\u00faster igual que Baleares, Alicante, M\u00e1laga y el Algarve portugu\u00e9s en el \u00e1mbito peninsular. En otros t\u00e9rminos, la visi\u00f3n desde la perspectiva del mercado de trabajo marca un perfil muy relacionado con las actividades tur\u00edsticas y sus efectos colaterales. No es esta la idea que tenemos de nosotros mismos. Pero s\u00ed va siendo una realidad cada vez m\u00e1s exacta. La pandemia nos lo hace ver con m\u00e1s claridad que las estad\u00edsticas, porque el sector m\u00e1s castigado ha sido el turismo. Entonces podemos constatar c\u00f3mo Barcelona es, de todas las grandes capitales espa\u00f1olas, la que contin\u00faa peor en cuanto a la reactivaci\u00f3n, peor que Madrid, Sevilla, Zaragoza, Valencia y Bilbao. El gasto hecho con tarjetas de cr\u00e9dito revela que<strong> la capital catalana s\u00f3lo est\u00e1 al 66%<\/strong> de la actividad respecto hace un a\u00f1o, con una especial ca\u00edda de restaurantes y tiendas de ropa alrededor s\u00f3lo del <strong>50%<\/strong>. Madrid, a pesar de sufrir m\u00e1s la pandemia, est\u00e1 en el <strong>71%<\/strong>, y mucho m\u00e1s las otras grandes capitales espa\u00f1olas. La causa es que hemos construido una imagen de la Barcelona moderna y tecnol\u00f3gica basada en un sector de bajos salarios y baja tecnolog\u00eda: el turismo.<\/p>\n<p>Hay otros indicadores que env\u00edan se\u00f1ales preocupantes. As\u00ed, en el ranking de competitividad de las 271 regiones europeas, Catalu\u00f1a estaba en 2010 casi dentro de las 100 primeras, <strong>exactamente en el lugar 103<\/strong>. En 2019 ha<strong> ca\u00eddo hasta el 161<\/strong>, una p\u00e9rdida brutal, y esto antes de que comenzara el estrago de la pandemia. Hoy Catalu\u00f1a presenta una competitividad inferior a la media europea y algo parecido podemos decir de la mitificada Barcelona, \u200b\u200bque<strong> ha pasado del 4.\u00ba lugar en 2011 al 11.\u00ba en 2019<\/strong>. Y en esta ca\u00edda no s\u00f3lo hay que contar la crisis que hab\u00edamos comenzado a remontar a partir de 2017, sino los cinco a\u00f1os de gesti\u00f3n de <strong>Ada Colau<\/strong>.<\/p>\n<p>Estas son realidades que tambi\u00e9n hay que tener en cuenta.<\/p>\n<div id=\"polls-67\" class=\"wp-polls\">\n\t<form id=\"polls_form_67\" class=\"wp-polls-form\" action=\"\/index.php\" method=\"post\">\n\t\t<p style=\"display: none;\"><input type=\"hidden\" id=\"poll_67_nonce\" name=\"wp-polls-nonce\" value=\"06c47e5e0c\" \/><\/p>\n\t\t<p style=\"display: none;\"><input type=\"hidden\" name=\"poll_id\" value=\"67\" \/><\/p>\n\t\t<p style=\"text-align: center\"><strong>Els canvis que l'Ajuntament de Barcelona ha fet amb una nova redistribuci\u00f3 de l'espai p\u00fablic, \u00fas afecta quan porteu els nens i nenes a l'escola?<\/strong><\/p><div id=\"polls-67-ans\" class=\"wp-polls-ans\"><ul class=\"wp-polls-ul\">\n\t\t<li><input type=\"radio\" id=\"poll-answer-145\" name=\"poll_67\" value=\"145\" \/> <label for=\"poll-answer-145\">Si<\/label><\/li>\n\t\t<li><input type=\"radio\" id=\"poll-answer-146\" name=\"poll_67\" value=\"146\" \/> <label for=\"poll-answer-146\">No<\/label><\/li>\n\t\t<\/ul><p style=\"text-align: center\"><input type=\"button\" name=\"vote\" value=\"   Vota   \" class=\"Buttons\" onclick=\"poll_vote(67);\" \/><\/p><p style=\"text-align: center\"><a href=\"#ViewPollResults\" onclick=\"poll_result(67); return false;\" title=\"View Results Of This Poll\">Mira els resultats<\/a><\/p><\/div>\n\t<\/form>\n<\/div>\n<div id=\"polls-67-loading\" class=\"wp-polls-loading\"><img decoding=\"async\" data-src=\"https:\/\/conversesacatalunya.cat\/wp-content\/plugins\/wp-polls\/images\/loading.gif\" width=\"16\" height=\"16\" alt=\"Cargando ...\" title=\"Cargando ...\" class=\"wp-polls-image lazyload\" src=\"data:image\/svg+xml;base64,PHN2ZyB3aWR0aD0iMSIgaGVpZ2h0PSIxIiB4bWxucz0iaHR0cDovL3d3dy53My5vcmcvMjAwMC9zdmciPjwvc3ZnPg==\" style=\"--smush-placeholder-width: 16px; --smush-placeholder-aspect-ratio: 16\/16;\" \/>&nbsp;Cargando ...<\/div>\n\n","protected":false},"excerpt":{"rendered":"<p>Los catalanes nos contemplamos a nosotros mismos como un pa\u00eds industrial, exportador, de gran capacidad econ\u00f3mica y t\u00e9cnica y cient\u00edficamente desarrollado. Desgraciadamente no es esa la visi\u00f3n que dan los estudios y trabajos de car\u00e1cter internacional que se hacen sobre las regiones europeas. Siendo m\u00e1s o menos discutibles, har\u00edamos bien en tomar buena nota y reflexionar sobre qu\u00e9 hay de realidad en todo esto. El Mckinsey Global Institute acaba de hacer p\u00fablico el estudio \u00abEl futuro del trabajo en Europa\u00ab, que nos da una realidad bien diferente de la percepci\u00f3n que tenemos. Este trabajo hace un an\u00e1lisis detallado de 1.095 mercados laborales locales de toda Europa, incluidas 285 \u00e1reas metropolitanas, estudiando su comportamiento pasado y efectuando una prospectiva de futuro. Lo que ahora queremos remarcar de este estudio es uno de sus aspectos: la fotograf\u00eda actual. El estudio clasifica este millar largo de mercados laborales en 13 cl\u00fasteres que a su vez se distribuyen en 3 conjuntos: centros de crecimiento din\u00e1mico, econom\u00edas estables y regiones en contracci\u00f3n. Lo primero que sorprende es el escaso n\u00famero de centros din\u00e1micos, que son los que tienen adem\u00e1s una elevada din\u00e1mica de concentraci\u00f3n del empleo y de la renta. Agrupan el 20% de los europeos. En Espa\u00f1a s\u00f3lo hay un centro de estas caracter\u00edsticas que es Madrid, junto con otras de Europa como \u00c1msterdam, Copenhague, M\u00fanich y, por supuesto, Londres y Par\u00eds. Como se puede constatar, Barcelona no pertenece a esta categor\u00eda. Londres y Par\u00eds son consideradas megaciudades, mientras que Madrid pertenece al cl\u00faster de \u00absuperstar hubs\u00ab. \u00bfY c\u00f3mo queda Catalu\u00f1a? Pues pertenece al segundo gran grupo, el de los centros de econom\u00edas estables, que son los que m\u00e1s abundan en Europa con el 50% de la poblaci\u00f3n. Pero lo que llama la atenci\u00f3n es que los cuatro cl\u00fasteres que componen este gran grupo (centros de manufactura de alta tecnolog\u00eda, metr\u00f3polis diversificadas, no metr\u00f3polis diversificadas y refugios tur\u00edsticos), Catalu\u00f1a forma parte de este \u00faltimo cl\u00faster igual que Baleares, Alicante, M\u00e1laga y el Algarve portugu\u00e9s en el \u00e1mbito peninsular. En otros t\u00e9rminos, la visi\u00f3n desde la perspectiva del mercado de trabajo marca un perfil muy relacionado con las actividades tur\u00edsticas y sus efectos colaterales. No es esta la idea que tenemos de nosotros mismos. Pero s\u00ed va siendo una realidad cada vez m\u00e1s exacta. La pandemia nos lo hace ver con m\u00e1s claridad que las estad\u00edsticas, porque el sector m\u00e1s castigado ha sido el turismo. Entonces podemos constatar c\u00f3mo Barcelona es, de todas las grandes capitales espa\u00f1olas, la que contin\u00faa peor en cuanto a la reactivaci\u00f3n, peor que Madrid, Sevilla, Zaragoza, Valencia y Bilbao. El gasto hecho con tarjetas de cr\u00e9dito revela que la capital catalana s\u00f3lo est\u00e1 al 66% de la actividad respecto hace un a\u00f1o, con una especial ca\u00edda de restaurantes y tiendas de ropa alrededor s\u00f3lo del 50%. Madrid, a pesar de sufrir m\u00e1s la pandemia, est\u00e1 en el 71%, y mucho m\u00e1s las otras grandes capitales espa\u00f1olas. La causa es que hemos construido una imagen de la Barcelona moderna y tecnol\u00f3gica basada en un sector de bajos salarios y baja tecnolog\u00eda: el turismo. Hay otros indicadores que env\u00edan se\u00f1ales preocupantes. As\u00ed, en el ranking de competitividad de las 271 regiones europeas, Catalu\u00f1a estaba en 2010 casi dentro de las 100 primeras, exactamente en el lugar 103. En 2019 ha ca\u00eddo hasta el 161, una p\u00e9rdida brutal, y esto antes de que comenzara el estrago de la pandemia. Hoy Catalu\u00f1a presenta una competitividad inferior a la media europea y algo parecido podemos decir de la mitificada Barcelona, \u200b\u200bque ha pasado del 4.\u00ba lugar en 2011 al 11.\u00ba en 2019. Y en esta ca\u00edda no s\u00f3lo hay que contar la crisis que hab\u00edamos comenzado a remontar a partir de 2017, sino los cinco a\u00f1os de gesti\u00f3n de Ada Colau. Estas son realidades que tambi\u00e9n hay que tener en cuenta.<\/p>\n","protected":false},"author":2,"featured_media":40042,"comment_status":"open","ping_status":"open","sticky":false,"template":"","format":"standard","meta":{"_FSMCFIC_featured_image_caption":"","_FSMCFIC_featured_image_nocaption":"","_FSMCFIC_featured_image_hide":"","footnotes":""},"categories":[806],"tags":[831],"class_list":["post-40049","post","type-post","status-publish","format-standard","has-post-thumbnail","hentry","category-punts-claus-del-dia-es","tag-economia-es"],"yoast_head":"<!-- This site is optimized with the Yoast SEO plugin v26.8 - https:\/\/yoast.com\/product\/yoast-seo-wordpress\/ -->\n<title>C\u00f3mo se ve Catalu\u00f1a desde fuera. Una lecci\u00f3n que hay que aprender - Converses a Catalunya<\/title>\n<meta name=\"robots\" content=\"index, follow, max-snippet:-1, max-image-preview:large, max-video-preview:-1\" \/>\n<link rel=\"canonical\" href=\"https:\/\/conversesacatalunya.cat\/es\/como-se-ve-cataluna-desde-fuera-una-leccion-que-hay-que-aprender\/\" \/>\n<meta property=\"og:locale\" content=\"es_ES\" \/>\n<meta property=\"og:type\" content=\"article\" \/>\n<meta property=\"og:title\" content=\"C\u00f3mo se ve Catalu\u00f1a desde fuera. Una lecci\u00f3n que hay que aprender - Converses a Catalunya\" \/>\n<meta property=\"og:description\" content=\"Los catalanes nos contemplamos a nosotros mismos como un pa\u00eds industrial, exportador, de gran capacidad econ\u00f3mica y t\u00e9cnica y cient\u00edficamente desarrollado. Desgraciadamente no es esa la visi\u00f3n que dan los estudios y trabajos de car\u00e1cter internacional que se hacen sobre las regiones europeas. Siendo m\u00e1s o menos discutibles, har\u00edamos bien en tomar buena nota y reflexionar sobre qu\u00e9 hay de realidad en todo esto. El Mckinsey Global Institute acaba de hacer p\u00fablico el estudio \u00abEl futuro del trabajo en Europa\u00ab, que nos da una realidad bien diferente de la percepci\u00f3n que tenemos. Este trabajo hace un an\u00e1lisis detallado de 1.095 mercados laborales locales de toda Europa, incluidas 285 \u00e1reas metropolitanas, estudiando su comportamiento pasado y efectuando una prospectiva de futuro. Lo que ahora queremos remarcar de este estudio es uno de sus aspectos: la fotograf\u00eda actual. El estudio clasifica este millar largo de mercados laborales en 13 cl\u00fasteres que a su vez se distribuyen en 3 conjuntos: centros de crecimiento din\u00e1mico, econom\u00edas estables y regiones en contracci\u00f3n. Lo primero que sorprende es el escaso n\u00famero de centros din\u00e1micos, que son los que tienen adem\u00e1s una elevada din\u00e1mica de concentraci\u00f3n del empleo y de la renta. Agrupan el 20% de los europeos. En Espa\u00f1a s\u00f3lo hay un centro de estas caracter\u00edsticas que es Madrid, junto con otras de Europa como \u00c1msterdam, Copenhague, M\u00fanich y, por supuesto, Londres y Par\u00eds. Como se puede constatar, Barcelona no pertenece a esta categor\u00eda. Londres y Par\u00eds son consideradas megaciudades, mientras que Madrid pertenece al cl\u00faster de \u00absuperstar hubs\u00ab. \u00bfY c\u00f3mo queda Catalu\u00f1a? Pues pertenece al segundo gran grupo, el de los centros de econom\u00edas estables, que son los que m\u00e1s abundan en Europa con el 50% de la poblaci\u00f3n. Pero lo que llama la atenci\u00f3n es que los cuatro cl\u00fasteres que componen este gran grupo (centros de manufactura de alta tecnolog\u00eda, metr\u00f3polis diversificadas, no metr\u00f3polis diversificadas y refugios tur\u00edsticos), Catalu\u00f1a forma parte de este \u00faltimo cl\u00faster igual que Baleares, Alicante, M\u00e1laga y el Algarve portugu\u00e9s en el \u00e1mbito peninsular. En otros t\u00e9rminos, la visi\u00f3n desde la perspectiva del mercado de trabajo marca un perfil muy relacionado con las actividades tur\u00edsticas y sus efectos colaterales. No es esta la idea que tenemos de nosotros mismos. Pero s\u00ed va siendo una realidad cada vez m\u00e1s exacta. La pandemia nos lo hace ver con m\u00e1s claridad que las estad\u00edsticas, porque el sector m\u00e1s castigado ha sido el turismo. Entonces podemos constatar c\u00f3mo Barcelona es, de todas las grandes capitales espa\u00f1olas, la que contin\u00faa peor en cuanto a la reactivaci\u00f3n, peor que Madrid, Sevilla, Zaragoza, Valencia y Bilbao. El gasto hecho con tarjetas de cr\u00e9dito revela que la capital catalana s\u00f3lo est\u00e1 al 66% de la actividad respecto hace un a\u00f1o, con una especial ca\u00edda de restaurantes y tiendas de ropa alrededor s\u00f3lo del 50%. Madrid, a pesar de sufrir m\u00e1s la pandemia, est\u00e1 en el 71%, y mucho m\u00e1s las otras grandes capitales espa\u00f1olas. La causa es que hemos construido una imagen de la Barcelona moderna y tecnol\u00f3gica basada en un sector de bajos salarios y baja tecnolog\u00eda: el turismo. Hay otros indicadores que env\u00edan se\u00f1ales preocupantes. As\u00ed, en el ranking de competitividad de las 271 regiones europeas, Catalu\u00f1a estaba en 2010 casi dentro de las 100 primeras, exactamente en el lugar 103. En 2019 ha ca\u00eddo hasta el 161, una p\u00e9rdida brutal, y esto antes de que comenzara el estrago de la pandemia. Hoy Catalu\u00f1a presenta una competitividad inferior a la media europea y algo parecido podemos decir de la mitificada Barcelona, \u200b\u200bque ha pasado del 4.\u00ba lugar en 2011 al 11.\u00ba en 2019. Y en esta ca\u00edda no s\u00f3lo hay que contar la crisis que hab\u00edamos comenzado a remontar a partir de 2017, sino los cinco a\u00f1os de gesti\u00f3n de Ada Colau. Estas son realidades que tambi\u00e9n hay que tener en cuenta.\" \/>\n<meta property=\"og:url\" content=\"https:\/\/conversesacatalunya.cat\/es\/como-se-ve-cataluna-desde-fuera-una-leccion-que-hay-que-aprender\/\" \/>\n<meta property=\"og:site_name\" content=\"Converses a Catalunya\" \/>\n<meta property=\"article:published_time\" content=\"2020-09-11T08:02:25+00:00\" \/>\n<meta property=\"article:modified_time\" content=\"2020-09-15T10:37:22+00:00\" \/>\n<meta property=\"og:image\" content=\"https:\/\/conversesacatalunya.cat\/wp-content\/uploads\/2020\/09\/Tarragona_Poligon_Nord.png\" \/>\n\t<meta property=\"og:image:width\" content=\"800\" \/>\n\t<meta property=\"og:image:height\" content=\"383\" \/>\n\t<meta property=\"og:image:type\" content=\"image\/png\" \/>\n<meta name=\"author\" content=\"conversesacatalunya\" \/>\n<meta name=\"twitter:card\" content=\"summary_large_image\" \/>\n<meta name=\"twitter:label1\" content=\"Escrito por\" \/>\n\t<meta name=\"twitter:data1\" content=\"conversesacatalunya\" \/>\n\t<meta name=\"twitter:label2\" content=\"Tiempo de lectura\" \/>\n\t<meta name=\"twitter:data2\" content=\"3 minutos\" \/>\n<script type=\"application\/ld+json\" class=\"yoast-schema-graph\">{\"@context\":\"https:\/\/schema.org\",\"@graph\":[{\"@type\":\"Article\",\"@id\":\"https:\/\/conversesacatalunya.cat\/es\/como-se-ve-cataluna-desde-fuera-una-leccion-que-hay-que-aprender\/#article\",\"isPartOf\":{\"@id\":\"https:\/\/conversesacatalunya.cat\/es\/como-se-ve-cataluna-desde-fuera-una-leccion-que-hay-que-aprender\/\"},\"author\":{\"name\":\"conversesacatalunya\",\"@id\":\"https:\/\/conversesacatalunya.cat\/#\/schema\/person\/7e24d1e54a2785373ddcb275eae5ed99\"},\"headline\":\"C\u00f3mo se ve Catalu\u00f1a desde fuera. Una lecci\u00f3n que hay que aprender\",\"datePublished\":\"2020-09-11T08:02:25+00:00\",\"dateModified\":\"2020-09-15T10:37:22+00:00\",\"mainEntityOfPage\":{\"@id\":\"https:\/\/conversesacatalunya.cat\/es\/como-se-ve-cataluna-desde-fuera-una-leccion-que-hay-que-aprender\/\"},\"wordCount\":710,\"commentCount\":0,\"image\":{\"@id\":\"https:\/\/conversesacatalunya.cat\/es\/como-se-ve-cataluna-desde-fuera-una-leccion-que-hay-que-aprender\/#primaryimage\"},\"thumbnailUrl\":\"https:\/\/conversesacatalunya.cat\/wp-content\/uploads\/2020\/09\/Tarragona_Poligon_Nord.png\",\"keywords\":[\"Economia\"],\"articleSection\":[\"Punts clau del dia (ES)\"],\"inLanguage\":\"es\",\"potentialAction\":[{\"@type\":\"CommentAction\",\"name\":\"Comment\",\"target\":[\"https:\/\/conversesacatalunya.cat\/es\/como-se-ve-cataluna-desde-fuera-una-leccion-que-hay-que-aprender\/#respond\"]}]},{\"@type\":\"WebPage\",\"@id\":\"https:\/\/conversesacatalunya.cat\/es\/como-se-ve-cataluna-desde-fuera-una-leccion-que-hay-que-aprender\/\",\"url\":\"https:\/\/conversesacatalunya.cat\/es\/como-se-ve-cataluna-desde-fuera-una-leccion-que-hay-que-aprender\/\",\"name\":\"C\u00f3mo se ve Catalu\u00f1a desde fuera. Una lecci\u00f3n que hay que aprender - Converses a Catalunya\",\"isPartOf\":{\"@id\":\"https:\/\/conversesacatalunya.cat\/#website\"},\"primaryImageOfPage\":{\"@id\":\"https:\/\/conversesacatalunya.cat\/es\/como-se-ve-cataluna-desde-fuera-una-leccion-que-hay-que-aprender\/#primaryimage\"},\"image\":{\"@id\":\"https:\/\/conversesacatalunya.cat\/es\/como-se-ve-cataluna-desde-fuera-una-leccion-que-hay-que-aprender\/#primaryimage\"},\"thumbnailUrl\":\"https:\/\/conversesacatalunya.cat\/wp-content\/uploads\/2020\/09\/Tarragona_Poligon_Nord.png\",\"datePublished\":\"2020-09-11T08:02:25+00:00\",\"dateModified\":\"2020-09-15T10:37:22+00:00\",\"author\":{\"@id\":\"https:\/\/conversesacatalunya.cat\/#\/schema\/person\/7e24d1e54a2785373ddcb275eae5ed99\"},\"breadcrumb\":{\"@id\":\"https:\/\/conversesacatalunya.cat\/es\/como-se-ve-cataluna-desde-fuera-una-leccion-que-hay-que-aprender\/#breadcrumb\"},\"inLanguage\":\"es\",\"potentialAction\":[{\"@type\":\"ReadAction\",\"target\":[\"https:\/\/conversesacatalunya.cat\/es\/como-se-ve-cataluna-desde-fuera-una-leccion-que-hay-que-aprender\/\"]}]},{\"@type\":\"ImageObject\",\"inLanguage\":\"es\",\"@id\":\"https:\/\/conversesacatalunya.cat\/es\/como-se-ve-cataluna-desde-fuera-una-leccion-que-hay-que-aprender\/#primaryimage\",\"url\":\"https:\/\/conversesacatalunya.cat\/wp-content\/uploads\/2020\/09\/Tarragona_Poligon_Nord.png\",\"contentUrl\":\"https:\/\/conversesacatalunya.cat\/wp-content\/uploads\/2020\/09\/Tarragona_Poligon_Nord.png\",\"width\":800,\"height\":383,\"caption\":\"Catalunya des de fora\"},{\"@type\":\"BreadcrumbList\",\"@id\":\"https:\/\/conversesacatalunya.cat\/es\/como-se-ve-cataluna-desde-fuera-una-leccion-que-hay-que-aprender\/#breadcrumb\",\"itemListElement\":[{\"@type\":\"ListItem\",\"position\":1,\"name\":\"Inici\",\"item\":\"https:\/\/conversesacatalunya.cat\/es\/\"},{\"@type\":\"ListItem\",\"position\":2,\"name\":\"C\u00f3mo se ve Catalu\u00f1a desde fuera. Una lecci\u00f3n que hay que aprender\"}]},{\"@type\":\"WebSite\",\"@id\":\"https:\/\/conversesacatalunya.cat\/#website\",\"url\":\"https:\/\/conversesacatalunya.cat\/\",\"name\":\"Converses a Catalunya\",\"description\":\"\",\"potentialAction\":[{\"@type\":\"SearchAction\",\"target\":{\"@type\":\"EntryPoint\",\"urlTemplate\":\"https:\/\/conversesacatalunya.cat\/?s={search_term_string}\"},\"query-input\":{\"@type\":\"PropertyValueSpecification\",\"valueRequired\":true,\"valueName\":\"search_term_string\"}}],\"inLanguage\":\"es\"},{\"@type\":\"Person\",\"@id\":\"https:\/\/conversesacatalunya.cat\/#\/schema\/person\/7e24d1e54a2785373ddcb275eae5ed99\",\"name\":\"conversesacatalunya\",\"image\":{\"@type\":\"ImageObject\",\"inLanguage\":\"es\",\"@id\":\"https:\/\/conversesacatalunya.cat\/#\/schema\/person\/image\/\",\"url\":\"https:\/\/conversesacatalunya.cat\/wp-content\/litespeed\/avatar\/febdfeeec89d950f01c748045a981dd2.jpg?ver=1777314535\",\"contentUrl\":\"https:\/\/conversesacatalunya.cat\/wp-content\/litespeed\/avatar\/febdfeeec89d950f01c748045a981dd2.jpg?ver=1777314535\",\"caption\":\"conversesacatalunya\"},\"url\":\"https:\/\/conversesacatalunya.cat\/es\/author\/carme_catala\/\"}]}<\/script>\n<!-- \/ Yoast SEO plugin. -->","yoast_head_json":{"title":"C\u00f3mo se ve Catalu\u00f1a desde fuera. Una lecci\u00f3n que hay que aprender - Converses a Catalunya","robots":{"index":"index","follow":"follow","max-snippet":"max-snippet:-1","max-image-preview":"max-image-preview:large","max-video-preview":"max-video-preview:-1"},"canonical":"https:\/\/conversesacatalunya.cat\/es\/como-se-ve-cataluna-desde-fuera-una-leccion-que-hay-que-aprender\/","og_locale":"es_ES","og_type":"article","og_title":"C\u00f3mo se ve Catalu\u00f1a desde fuera. Una lecci\u00f3n que hay que aprender - Converses a Catalunya","og_description":"Los catalanes nos contemplamos a nosotros mismos como un pa\u00eds industrial, exportador, de gran capacidad econ\u00f3mica y t\u00e9cnica y cient\u00edficamente desarrollado. Desgraciadamente no es esa la visi\u00f3n que dan los estudios y trabajos de car\u00e1cter internacional que se hacen sobre las regiones europeas. Siendo m\u00e1s o menos discutibles, har\u00edamos bien en tomar buena nota y reflexionar sobre qu\u00e9 hay de realidad en todo esto. El Mckinsey Global Institute acaba de hacer p\u00fablico el estudio \u00abEl futuro del trabajo en Europa\u00ab, que nos da una realidad bien diferente de la percepci\u00f3n que tenemos. Este trabajo hace un an\u00e1lisis detallado de 1.095 mercados laborales locales de toda Europa, incluidas 285 \u00e1reas metropolitanas, estudiando su comportamiento pasado y efectuando una prospectiva de futuro. Lo que ahora queremos remarcar de este estudio es uno de sus aspectos: la fotograf\u00eda actual. El estudio clasifica este millar largo de mercados laborales en 13 cl\u00fasteres que a su vez se distribuyen en 3 conjuntos: centros de crecimiento din\u00e1mico, econom\u00edas estables y regiones en contracci\u00f3n. Lo primero que sorprende es el escaso n\u00famero de centros din\u00e1micos, que son los que tienen adem\u00e1s una elevada din\u00e1mica de concentraci\u00f3n del empleo y de la renta. Agrupan el 20% de los europeos. En Espa\u00f1a s\u00f3lo hay un centro de estas caracter\u00edsticas que es Madrid, junto con otras de Europa como \u00c1msterdam, Copenhague, M\u00fanich y, por supuesto, Londres y Par\u00eds. Como se puede constatar, Barcelona no pertenece a esta categor\u00eda. Londres y Par\u00eds son consideradas megaciudades, mientras que Madrid pertenece al cl\u00faster de \u00absuperstar hubs\u00ab. \u00bfY c\u00f3mo queda Catalu\u00f1a? Pues pertenece al segundo gran grupo, el de los centros de econom\u00edas estables, que son los que m\u00e1s abundan en Europa con el 50% de la poblaci\u00f3n. Pero lo que llama la atenci\u00f3n es que los cuatro cl\u00fasteres que componen este gran grupo (centros de manufactura de alta tecnolog\u00eda, metr\u00f3polis diversificadas, no metr\u00f3polis diversificadas y refugios tur\u00edsticos), Catalu\u00f1a forma parte de este \u00faltimo cl\u00faster igual que Baleares, Alicante, M\u00e1laga y el Algarve portugu\u00e9s en el \u00e1mbito peninsular. En otros t\u00e9rminos, la visi\u00f3n desde la perspectiva del mercado de trabajo marca un perfil muy relacionado con las actividades tur\u00edsticas y sus efectos colaterales. No es esta la idea que tenemos de nosotros mismos. Pero s\u00ed va siendo una realidad cada vez m\u00e1s exacta. La pandemia nos lo hace ver con m\u00e1s claridad que las estad\u00edsticas, porque el sector m\u00e1s castigado ha sido el turismo. Entonces podemos constatar c\u00f3mo Barcelona es, de todas las grandes capitales espa\u00f1olas, la que contin\u00faa peor en cuanto a la reactivaci\u00f3n, peor que Madrid, Sevilla, Zaragoza, Valencia y Bilbao. El gasto hecho con tarjetas de cr\u00e9dito revela que la capital catalana s\u00f3lo est\u00e1 al 66% de la actividad respecto hace un a\u00f1o, con una especial ca\u00edda de restaurantes y tiendas de ropa alrededor s\u00f3lo del 50%. Madrid, a pesar de sufrir m\u00e1s la pandemia, est\u00e1 en el 71%, y mucho m\u00e1s las otras grandes capitales espa\u00f1olas. La causa es que hemos construido una imagen de la Barcelona moderna y tecnol\u00f3gica basada en un sector de bajos salarios y baja tecnolog\u00eda: el turismo. Hay otros indicadores que env\u00edan se\u00f1ales preocupantes. As\u00ed, en el ranking de competitividad de las 271 regiones europeas, Catalu\u00f1a estaba en 2010 casi dentro de las 100 primeras, exactamente en el lugar 103. En 2019 ha ca\u00eddo hasta el 161, una p\u00e9rdida brutal, y esto antes de que comenzara el estrago de la pandemia. Hoy Catalu\u00f1a presenta una competitividad inferior a la media europea y algo parecido podemos decir de la mitificada Barcelona, \u200b\u200bque ha pasado del 4.\u00ba lugar en 2011 al 11.\u00ba en 2019. Y en esta ca\u00edda no s\u00f3lo hay que contar la crisis que hab\u00edamos comenzado a remontar a partir de 2017, sino los cinco a\u00f1os de gesti\u00f3n de Ada Colau. Estas son realidades que tambi\u00e9n hay que tener en cuenta.","og_url":"https:\/\/conversesacatalunya.cat\/es\/como-se-ve-cataluna-desde-fuera-una-leccion-que-hay-que-aprender\/","og_site_name":"Converses a Catalunya","article_published_time":"2020-09-11T08:02:25+00:00","article_modified_time":"2020-09-15T10:37:22+00:00","og_image":[{"width":800,"height":383,"url":"https:\/\/conversesacatalunya.cat\/wp-content\/uploads\/2020\/09\/Tarragona_Poligon_Nord.png","type":"image\/png"}],"author":"conversesacatalunya","twitter_card":"summary_large_image","twitter_misc":{"Escrito por":"conversesacatalunya","Tiempo de lectura":"3 minutos"},"schema":{"@context":"https:\/\/schema.org","@graph":[{"@type":"Article","@id":"https:\/\/conversesacatalunya.cat\/es\/como-se-ve-cataluna-desde-fuera-una-leccion-que-hay-que-aprender\/#article","isPartOf":{"@id":"https:\/\/conversesacatalunya.cat\/es\/como-se-ve-cataluna-desde-fuera-una-leccion-que-hay-que-aprender\/"},"author":{"name":"conversesacatalunya","@id":"https:\/\/conversesacatalunya.cat\/#\/schema\/person\/7e24d1e54a2785373ddcb275eae5ed99"},"headline":"C\u00f3mo se ve Catalu\u00f1a desde fuera. Una lecci\u00f3n que hay que aprender","datePublished":"2020-09-11T08:02:25+00:00","dateModified":"2020-09-15T10:37:22+00:00","mainEntityOfPage":{"@id":"https:\/\/conversesacatalunya.cat\/es\/como-se-ve-cataluna-desde-fuera-una-leccion-que-hay-que-aprender\/"},"wordCount":710,"commentCount":0,"image":{"@id":"https:\/\/conversesacatalunya.cat\/es\/como-se-ve-cataluna-desde-fuera-una-leccion-que-hay-que-aprender\/#primaryimage"},"thumbnailUrl":"https:\/\/conversesacatalunya.cat\/wp-content\/uploads\/2020\/09\/Tarragona_Poligon_Nord.png","keywords":["Economia"],"articleSection":["Punts clau del dia (ES)"],"inLanguage":"es","potentialAction":[{"@type":"CommentAction","name":"Comment","target":["https:\/\/conversesacatalunya.cat\/es\/como-se-ve-cataluna-desde-fuera-una-leccion-que-hay-que-aprender\/#respond"]}]},{"@type":"WebPage","@id":"https:\/\/conversesacatalunya.cat\/es\/como-se-ve-cataluna-desde-fuera-una-leccion-que-hay-que-aprender\/","url":"https:\/\/conversesacatalunya.cat\/es\/como-se-ve-cataluna-desde-fuera-una-leccion-que-hay-que-aprender\/","name":"C\u00f3mo se ve Catalu\u00f1a desde fuera. Una lecci\u00f3n que hay que aprender - Converses a Catalunya","isPartOf":{"@id":"https:\/\/conversesacatalunya.cat\/#website"},"primaryImageOfPage":{"@id":"https:\/\/conversesacatalunya.cat\/es\/como-se-ve-cataluna-desde-fuera-una-leccion-que-hay-que-aprender\/#primaryimage"},"image":{"@id":"https:\/\/conversesacatalunya.cat\/es\/como-se-ve-cataluna-desde-fuera-una-leccion-que-hay-que-aprender\/#primaryimage"},"thumbnailUrl":"https:\/\/conversesacatalunya.cat\/wp-content\/uploads\/2020\/09\/Tarragona_Poligon_Nord.png","datePublished":"2020-09-11T08:02:25+00:00","dateModified":"2020-09-15T10:37:22+00:00","author":{"@id":"https:\/\/conversesacatalunya.cat\/#\/schema\/person\/7e24d1e54a2785373ddcb275eae5ed99"},"breadcrumb":{"@id":"https:\/\/conversesacatalunya.cat\/es\/como-se-ve-cataluna-desde-fuera-una-leccion-que-hay-que-aprender\/#breadcrumb"},"inLanguage":"es","potentialAction":[{"@type":"ReadAction","target":["https:\/\/conversesacatalunya.cat\/es\/como-se-ve-cataluna-desde-fuera-una-leccion-que-hay-que-aprender\/"]}]},{"@type":"ImageObject","inLanguage":"es","@id":"https:\/\/conversesacatalunya.cat\/es\/como-se-ve-cataluna-desde-fuera-una-leccion-que-hay-que-aprender\/#primaryimage","url":"https:\/\/conversesacatalunya.cat\/wp-content\/uploads\/2020\/09\/Tarragona_Poligon_Nord.png","contentUrl":"https:\/\/conversesacatalunya.cat\/wp-content\/uploads\/2020\/09\/Tarragona_Poligon_Nord.png","width":800,"height":383,"caption":"Catalunya des de fora"},{"@type":"BreadcrumbList","@id":"https:\/\/conversesacatalunya.cat\/es\/como-se-ve-cataluna-desde-fuera-una-leccion-que-hay-que-aprender\/#breadcrumb","itemListElement":[{"@type":"ListItem","position":1,"name":"Inici","item":"https:\/\/conversesacatalunya.cat\/es\/"},{"@type":"ListItem","position":2,"name":"C\u00f3mo se ve Catalu\u00f1a desde fuera. Una lecci\u00f3n que hay que aprender"}]},{"@type":"WebSite","@id":"https:\/\/conversesacatalunya.cat\/#website","url":"https:\/\/conversesacatalunya.cat\/","name":"Converses a Catalunya","description":"","potentialAction":[{"@type":"SearchAction","target":{"@type":"EntryPoint","urlTemplate":"https:\/\/conversesacatalunya.cat\/?s={search_term_string}"},"query-input":{"@type":"PropertyValueSpecification","valueRequired":true,"valueName":"search_term_string"}}],"inLanguage":"es"},{"@type":"Person","@id":"https:\/\/conversesacatalunya.cat\/#\/schema\/person\/7e24d1e54a2785373ddcb275eae5ed99","name":"conversesacatalunya","image":{"@type":"ImageObject","inLanguage":"es","@id":"https:\/\/conversesacatalunya.cat\/#\/schema\/person\/image\/","url":"https:\/\/conversesacatalunya.cat\/wp-content\/litespeed\/avatar\/febdfeeec89d950f01c748045a981dd2.jpg?ver=1777314535","contentUrl":"https:\/\/conversesacatalunya.cat\/wp-content\/litespeed\/avatar\/febdfeeec89d950f01c748045a981dd2.jpg?ver=1777314535","caption":"conversesacatalunya"},"url":"https:\/\/conversesacatalunya.cat\/es\/author\/carme_catala\/"}]}},"wps_subtitle":"","_links":{"self":[{"href":"https:\/\/conversesacatalunya.cat\/es\/wp-json\/wp\/v2\/posts\/40049","targetHints":{"allow":["GET"]}}],"collection":[{"href":"https:\/\/conversesacatalunya.cat\/es\/wp-json\/wp\/v2\/posts"}],"about":[{"href":"https:\/\/conversesacatalunya.cat\/es\/wp-json\/wp\/v2\/types\/post"}],"author":[{"embeddable":true,"href":"https:\/\/conversesacatalunya.cat\/es\/wp-json\/wp\/v2\/users\/2"}],"replies":[{"embeddable":true,"href":"https:\/\/conversesacatalunya.cat\/es\/wp-json\/wp\/v2\/comments?post=40049"}],"version-history":[{"count":4,"href":"https:\/\/conversesacatalunya.cat\/es\/wp-json\/wp\/v2\/posts\/40049\/revisions"}],"predecessor-version":[{"id":40150,"href":"https:\/\/conversesacatalunya.cat\/es\/wp-json\/wp\/v2\/posts\/40049\/revisions\/40150"}],"wp:featuredmedia":[{"embeddable":true,"href":"https:\/\/conversesacatalunya.cat\/es\/wp-json\/wp\/v2\/media\/40042"}],"wp:attachment":[{"href":"https:\/\/conversesacatalunya.cat\/es\/wp-json\/wp\/v2\/media?parent=40049"}],"wp:term":[{"taxonomy":"category","embeddable":true,"href":"https:\/\/conversesacatalunya.cat\/es\/wp-json\/wp\/v2\/categories?post=40049"},{"taxonomy":"post_tag","embeddable":true,"href":"https:\/\/conversesacatalunya.cat\/es\/wp-json\/wp\/v2\/tags?post=40049"}],"curies":[{"name":"wp","href":"https:\/\/api.w.org\/{rel}","templated":true}]}}