{"id":40024,"date":"2020-09-10T09:29:10","date_gmt":"2020-09-10T07:29:10","guid":{"rendered":"https:\/\/conversesacatalunya.cat\/lideratges-que-no-ho-son-el-cas-de-catalunya-en-comu-pp-i-ciutadans\/"},"modified":"2020-09-10T10:54:48","modified_gmt":"2020-09-10T08:54:48","slug":"liderazgos-que-no-lo-son-el-caso-de-catalunya-en-comu-pp-y-ciudadanos","status":"publish","type":"post","link":"https:\/\/conversesacatalunya.cat\/es\/liderazgos-que-no-lo-son-el-caso-de-catalunya-en-comu-pp-y-ciudadanos\/","title":{"rendered":"Liderazgos que no lo son. El caso de Catalunya en Com\u00fa, PP y Ciudadanos"},"content":{"rendered":"<p>Es habitual en las encuestas pedir la valoraci\u00f3n, normalmente de 0 a 10, de los diferentes l\u00edderes pol\u00edticos. La creciente polarizaci\u00f3n hace que cada vez el valor resultante sea m\u00e1s bajo porque los que son de una cuerda pol\u00edtica diferente tienden a puntuar a los adversarios muy bajo. Tambi\u00e9n puede expresar una valoraci\u00f3n real de nuestra clase pol\u00edtica que, de acuerdo con estas cifras, ser\u00eda <strong>ampliamente mediocre<\/strong>. Porque aquel que obtiene una mayor valoraci\u00f3n, <strong>Oriol Junqueras, llega s\u00f3lo al 5,2<\/strong>, mientras que el resto suspende de una manera clara o rotunda, empezando por Carles Puigdemont, que s\u00f3lo alcanza un 3,7, o el actual presidente de la Generalitat, Quim Torra, que ins\u00f3litamente s\u00f3lo obtiene un 3,8.<\/p>\n<p>Ahora bien, en esta tesitura de polarizaci\u00f3n, como hemos apuntado, resulta mucho m\u00e1s demostrativo observar la valoraci\u00f3n que hacen los votantes de sus l\u00edderes pol\u00edticos. Normalmente la aprueban. Quiz\u00e1s de forma muy justa, como es el caso de <strong>Carles Riera<\/strong> al que los miembros de la CUP le otorgan un <strong>5,1<\/strong>, o de forma notabil\u00edsima como en el caso de <strong>Puigdemont<\/strong>, al que los votantes de JxCat lo valoran con un 7,9 y con un 7 al <strong>presidente Torra<\/strong>. Por su parte, <strong>Junqueras<\/strong> alcanza un <strong>7,2<\/strong> entre los partidarios de ERC. La nota de <strong>Iceta<\/strong> es m\u00e1s bien modesta, un <strong>5,7<\/strong>. Aprueba, pero sin aspavientos. No es un liderazgo muy fuerte.<\/p>\n<p>Pero lo que resulta realmente sorprendente es la valoraci\u00f3n que hacen los votantes de las personas que lideran su opci\u00f3n en el Parlamento de Catalu\u00f1a. <strong>J\u00e9ssica Albiach, de Catalunya en Com\u00fa, s\u00f3lo llega a un 4,9. Carlos Carrizosa, el nuevo l\u00edder de Cs, se queda con un 4,2. Y Alejandro Fern\u00e1ndez, del PP se sit\u00faa m\u00e1s abajo, s\u00f3lo con un 4 pelado.<\/strong> En otras palabras, los mismos votantes los suspenden. En estas condiciones, \u00bfc\u00f3mo se puede esperar que otros ciudadanos con menos militancia puedan tener la tentaci\u00f3n de depositar una papeleta favorable a alguno de estos tres nombres?<\/p>\n<p>Seguramente aqu\u00ed radica parte de la explicaci\u00f3n de por qu\u00e9 Cs y PP se quedan tan atr\u00e1s en la cola de las preferencias, y por qu\u00e9 Catalunya en Com\u00fa, en lugar de remontar, tiende a decaer. No tienen al frente personas que resulten atractivas para sus te\u00f3ricos votantes.<\/p>\n<div id=\"polls-66\" class=\"wp-polls\">\n\t<form id=\"polls_form_66\" class=\"wp-polls-form\" action=\"\/index.php\" method=\"post\">\n\t\t<p style=\"display: none;\"><input type=\"hidden\" id=\"poll_66_nonce\" name=\"wp-polls-nonce\" value=\"6c0aa460fd\" \/><\/p>\n\t\t<p style=\"display: none;\"><input type=\"hidden\" name=\"poll_id\" value=\"66\" \/><\/p>\n\t\t<p style=\"text-align: center\"><strong>Creus que el Govern far\u00e0 un bon \u00fas dels 140.000 milions d'euros del Fons de Recuperaci\u00f3 Europeu?<\/strong><\/p><div id=\"polls-66-ans\" class=\"wp-polls-ans\"><ul class=\"wp-polls-ul\">\n\t\t<li><input type=\"radio\" id=\"poll-answer-142\" name=\"poll_66\" value=\"142\" \/> <label for=\"poll-answer-142\">Si<\/label><\/li>\n\t\t<li><input type=\"radio\" id=\"poll-answer-143\" name=\"poll_66\" value=\"143\" \/> <label for=\"poll-answer-143\">No<\/label><\/li>\n\t\t<li><input type=\"radio\" id=\"poll-answer-144\" name=\"poll_66\" value=\"144\" \/> <label for=\"poll-answer-144\">No ho s\u00e9<\/label><\/li>\n\t\t<\/ul><p style=\"text-align: center\"><input type=\"button\" name=\"vote\" value=\"   Vota   \" class=\"Buttons\" onclick=\"poll_vote(66);\" \/><\/p><p style=\"text-align: center\"><a href=\"#ViewPollResults\" onclick=\"poll_result(66); return false;\" title=\"View Results Of This Poll\">Mira els resultats<\/a><\/p><\/div>\n\t<\/form>\n<\/div>\n<div id=\"polls-66-loading\" class=\"wp-polls-loading\"><img decoding=\"async\" data-src=\"https:\/\/conversesacatalunya.cat\/wp-content\/plugins\/wp-polls\/images\/loading.gif\" width=\"16\" height=\"16\" alt=\"Cargando ...\" title=\"Cargando ...\" class=\"wp-polls-image lazyload\" src=\"data:image\/svg+xml;base64,PHN2ZyB3aWR0aD0iMSIgaGVpZ2h0PSIxIiB4bWxucz0iaHR0cDovL3d3dy53My5vcmcvMjAwMC9zdmciPjwvc3ZnPg==\" style=\"--smush-placeholder-width: 16px; --smush-placeholder-aspect-ratio: 16\/16;\" \/>&nbsp;Cargando ...<\/div>\n\n<p>&nbsp;<\/p>\n","protected":false},"excerpt":{"rendered":"<p>Es habitual en las encuestas pedir la valoraci\u00f3n, normalmente de 0 a 10, de los diferentes l\u00edderes pol\u00edticos. La creciente polarizaci\u00f3n hace que cada vez el valor resultante sea m\u00e1s bajo porque los que son de una cuerda pol\u00edtica diferente tienden a puntuar a los adversarios muy bajo. Tambi\u00e9n puede expresar una valoraci\u00f3n real de nuestra clase pol\u00edtica que, de acuerdo con estas cifras, ser\u00eda ampliamente mediocre. Porque aquel que obtiene una mayor valoraci\u00f3n, Oriol Junqueras, llega s\u00f3lo al 5,2, mientras que el resto suspende de una manera clara o rotunda, empezando por Carles Puigdemont, que s\u00f3lo alcanza un 3,7, o el actual presidente de la Generalitat, Quim Torra, que ins\u00f3litamente s\u00f3lo obtiene un 3,8. Ahora bien, en esta tesitura de polarizaci\u00f3n, como hemos apuntado, resulta mucho m\u00e1s demostrativo observar la valoraci\u00f3n que hacen los votantes de sus l\u00edderes pol\u00edticos. Normalmente la aprueban. Quiz\u00e1s de forma muy justa, como es el caso de Carles Riera al que los miembros de la CUP le otorgan un 5,1, o de forma notabil\u00edsima como en el caso de Puigdemont, al que los votantes de JxCat lo valoran con un 7,9 y con un 7 al presidente Torra. Por su parte, Junqueras alcanza un 7,2 entre los partidarios de ERC. La nota de Iceta es m\u00e1s bien modesta, un 5,7. Aprueba, pero sin aspavientos. No es un liderazgo muy fuerte. Pero lo que resulta realmente sorprendente es la valoraci\u00f3n que hacen los votantes de las personas que lideran su opci\u00f3n en el Parlamento de Catalu\u00f1a. J\u00e9ssica Albiach, de Catalunya en Com\u00fa, s\u00f3lo llega a un 4,9. Carlos Carrizosa, el nuevo l\u00edder de Cs, se queda con un 4,2. Y Alejandro Fern\u00e1ndez, del PP se sit\u00faa m\u00e1s abajo, s\u00f3lo con un 4 pelado. En otras palabras, los mismos votantes los suspenden. En estas condiciones, \u00bfc\u00f3mo se puede esperar que otros ciudadanos con menos militancia puedan tener la tentaci\u00f3n de depositar una papeleta favorable a alguno de estos tres nombres? Seguramente aqu\u00ed radica parte de la explicaci\u00f3n de por qu\u00e9 Cs y PP se quedan tan atr\u00e1s en la cola de las preferencias, y por qu\u00e9 Catalunya en Com\u00fa, en lugar de remontar, tiende a decaer. No tienen al frente personas que resulten atractivas para sus te\u00f3ricos votantes. &nbsp;<\/p>\n","protected":false},"author":2,"featured_media":39999,"comment_status":"open","ping_status":"open","sticky":false,"template":"","format":"standard","meta":{"_FSMCFIC_featured_image_caption":"","_FSMCFIC_featured_image_nocaption":"","_FSMCFIC_featured_image_hide":"","footnotes":""},"categories":[806],"tags":[1525],"class_list":["post-40024","post","type-post","status-publish","format-standard","has-post-thumbnail","hentry","category-punts-claus-del-dia-es","tag-elecciones-anticipadas"],"yoast_head":"<!-- This site is optimized with the Yoast SEO plugin v26.8 - https:\/\/yoast.com\/product\/yoast-seo-wordpress\/ -->\n<title>Liderazgos que no lo son. El caso de Catalunya en Com\u00fa, PP y Ciudadanos - Converses a Catalunya<\/title>\n<meta name=\"robots\" content=\"index, follow, max-snippet:-1, max-image-preview:large, max-video-preview:-1\" \/>\n<link rel=\"canonical\" href=\"https:\/\/conversesacatalunya.cat\/es\/liderazgos-que-no-lo-son-el-caso-de-catalunya-en-comu-pp-y-ciudadanos\/\" \/>\n<meta property=\"og:locale\" content=\"es_ES\" \/>\n<meta property=\"og:type\" content=\"article\" \/>\n<meta property=\"og:title\" content=\"Liderazgos que no lo son. El caso de Catalunya en Com\u00fa, PP y Ciudadanos - Converses a Catalunya\" \/>\n<meta property=\"og:description\" content=\"Es habitual en las encuestas pedir la valoraci\u00f3n, normalmente de 0 a 10, de los diferentes l\u00edderes pol\u00edticos. La creciente polarizaci\u00f3n hace que cada vez el valor resultante sea m\u00e1s bajo porque los que son de una cuerda pol\u00edtica diferente tienden a puntuar a los adversarios muy bajo. Tambi\u00e9n puede expresar una valoraci\u00f3n real de nuestra clase pol\u00edtica que, de acuerdo con estas cifras, ser\u00eda ampliamente mediocre. Porque aquel que obtiene una mayor valoraci\u00f3n, Oriol Junqueras, llega s\u00f3lo al 5,2, mientras que el resto suspende de una manera clara o rotunda, empezando por Carles Puigdemont, que s\u00f3lo alcanza un 3,7, o el actual presidente de la Generalitat, Quim Torra, que ins\u00f3litamente s\u00f3lo obtiene un 3,8. Ahora bien, en esta tesitura de polarizaci\u00f3n, como hemos apuntado, resulta mucho m\u00e1s demostrativo observar la valoraci\u00f3n que hacen los votantes de sus l\u00edderes pol\u00edticos. Normalmente la aprueban. Quiz\u00e1s de forma muy justa, como es el caso de Carles Riera al que los miembros de la CUP le otorgan un 5,1, o de forma notabil\u00edsima como en el caso de Puigdemont, al que los votantes de JxCat lo valoran con un 7,9 y con un 7 al presidente Torra. Por su parte, Junqueras alcanza un 7,2 entre los partidarios de ERC. La nota de Iceta es m\u00e1s bien modesta, un 5,7. Aprueba, pero sin aspavientos. No es un liderazgo muy fuerte. Pero lo que resulta realmente sorprendente es la valoraci\u00f3n que hacen los votantes de las personas que lideran su opci\u00f3n en el Parlamento de Catalu\u00f1a. J\u00e9ssica Albiach, de Catalunya en Com\u00fa, s\u00f3lo llega a un 4,9. Carlos Carrizosa, el nuevo l\u00edder de Cs, se queda con un 4,2. Y Alejandro Fern\u00e1ndez, del PP se sit\u00faa m\u00e1s abajo, s\u00f3lo con un 4 pelado. En otras palabras, los mismos votantes los suspenden. En estas condiciones, \u00bfc\u00f3mo se puede esperar que otros ciudadanos con menos militancia puedan tener la tentaci\u00f3n de depositar una papeleta favorable a alguno de estos tres nombres? Seguramente aqu\u00ed radica parte de la explicaci\u00f3n de por qu\u00e9 Cs y PP se quedan tan atr\u00e1s en la cola de las preferencias, y por qu\u00e9 Catalunya en Com\u00fa, en lugar de remontar, tiende a decaer. No tienen al frente personas que resulten atractivas para sus te\u00f3ricos votantes. &nbsp;\" \/>\n<meta property=\"og:url\" content=\"https:\/\/conversesacatalunya.cat\/es\/liderazgos-que-no-lo-son-el-caso-de-catalunya-en-comu-pp-y-ciudadanos\/\" \/>\n<meta property=\"og:site_name\" content=\"Converses a Catalunya\" \/>\n<meta property=\"article:published_time\" content=\"2020-09-10T07:29:10+00:00\" \/>\n<meta property=\"article:modified_time\" content=\"2020-09-10T08:54:48+00:00\" \/>\n<meta property=\"og:image\" content=\"https:\/\/conversesacatalunya.cat\/wp-content\/uploads\/2020\/09\/lideratges.jpg\" \/>\n\t<meta property=\"og:image:width\" content=\"660\" \/>\n\t<meta property=\"og:image:height\" content=\"364\" \/>\n\t<meta property=\"og:image:type\" content=\"image\/jpeg\" \/>\n<meta name=\"author\" content=\"conversesacatalunya\" \/>\n<meta name=\"twitter:card\" content=\"summary_large_image\" \/>\n<meta name=\"twitter:label1\" content=\"Escrito por\" \/>\n\t<meta name=\"twitter:data1\" content=\"conversesacatalunya\" \/>\n\t<meta name=\"twitter:label2\" content=\"Tiempo de lectura\" \/>\n\t<meta name=\"twitter:data2\" content=\"2 minutos\" \/>\n<script type=\"application\/ld+json\" class=\"yoast-schema-graph\">{\"@context\":\"https:\/\/schema.org\",\"@graph\":[{\"@type\":\"Article\",\"@id\":\"https:\/\/conversesacatalunya.cat\/es\/liderazgos-que-no-lo-son-el-caso-de-catalunya-en-comu-pp-y-ciudadanos\/#article\",\"isPartOf\":{\"@id\":\"https:\/\/conversesacatalunya.cat\/es\/liderazgos-que-no-lo-son-el-caso-de-catalunya-en-comu-pp-y-ciudadanos\/\"},\"author\":{\"name\":\"conversesacatalunya\",\"@id\":\"https:\/\/conversesacatalunya.cat\/#\/schema\/person\/7e24d1e54a2785373ddcb275eae5ed99\"},\"headline\":\"Liderazgos que no lo son. El caso de Catalunya en Com\u00fa, PP y Ciudadanos\",\"datePublished\":\"2020-09-10T07:29:10+00:00\",\"dateModified\":\"2020-09-10T08:54:48+00:00\",\"mainEntityOfPage\":{\"@id\":\"https:\/\/conversesacatalunya.cat\/es\/liderazgos-que-no-lo-son-el-caso-de-catalunya-en-comu-pp-y-ciudadanos\/\"},\"wordCount\":414,\"commentCount\":0,\"image\":{\"@id\":\"https:\/\/conversesacatalunya.cat\/es\/liderazgos-que-no-lo-son-el-caso-de-catalunya-en-comu-pp-y-ciudadanos\/#primaryimage\"},\"thumbnailUrl\":\"https:\/\/conversesacatalunya.cat\/wp-content\/uploads\/2020\/09\/lideratges.jpg\",\"keywords\":[\"elecciones anticipadas\"],\"articleSection\":[\"Punts clau del dia (ES)\"],\"inLanguage\":\"es\",\"potentialAction\":[{\"@type\":\"CommentAction\",\"name\":\"Comment\",\"target\":[\"https:\/\/conversesacatalunya.cat\/es\/liderazgos-que-no-lo-son-el-caso-de-catalunya-en-comu-pp-y-ciudadanos\/#respond\"]}]},{\"@type\":\"WebPage\",\"@id\":\"https:\/\/conversesacatalunya.cat\/es\/liderazgos-que-no-lo-son-el-caso-de-catalunya-en-comu-pp-y-ciudadanos\/\",\"url\":\"https:\/\/conversesacatalunya.cat\/es\/liderazgos-que-no-lo-son-el-caso-de-catalunya-en-comu-pp-y-ciudadanos\/\",\"name\":\"Liderazgos que no lo son. El caso de Catalunya en Com\u00fa, PP y Ciudadanos - Converses a Catalunya\",\"isPartOf\":{\"@id\":\"https:\/\/conversesacatalunya.cat\/#website\"},\"primaryImageOfPage\":{\"@id\":\"https:\/\/conversesacatalunya.cat\/es\/liderazgos-que-no-lo-son-el-caso-de-catalunya-en-comu-pp-y-ciudadanos\/#primaryimage\"},\"image\":{\"@id\":\"https:\/\/conversesacatalunya.cat\/es\/liderazgos-que-no-lo-son-el-caso-de-catalunya-en-comu-pp-y-ciudadanos\/#primaryimage\"},\"thumbnailUrl\":\"https:\/\/conversesacatalunya.cat\/wp-content\/uploads\/2020\/09\/lideratges.jpg\",\"datePublished\":\"2020-09-10T07:29:10+00:00\",\"dateModified\":\"2020-09-10T08:54:48+00:00\",\"author\":{\"@id\":\"https:\/\/conversesacatalunya.cat\/#\/schema\/person\/7e24d1e54a2785373ddcb275eae5ed99\"},\"breadcrumb\":{\"@id\":\"https:\/\/conversesacatalunya.cat\/es\/liderazgos-que-no-lo-son-el-caso-de-catalunya-en-comu-pp-y-ciudadanos\/#breadcrumb\"},\"inLanguage\":\"es\",\"potentialAction\":[{\"@type\":\"ReadAction\",\"target\":[\"https:\/\/conversesacatalunya.cat\/es\/liderazgos-que-no-lo-son-el-caso-de-catalunya-en-comu-pp-y-ciudadanos\/\"]}]},{\"@type\":\"ImageObject\",\"inLanguage\":\"es\",\"@id\":\"https:\/\/conversesacatalunya.cat\/es\/liderazgos-que-no-lo-son-el-caso-de-catalunya-en-comu-pp-y-ciudadanos\/#primaryimage\",\"url\":\"https:\/\/conversesacatalunya.cat\/wp-content\/uploads\/2020\/09\/lideratges.jpg\",\"contentUrl\":\"https:\/\/conversesacatalunya.cat\/wp-content\/uploads\/2020\/09\/lideratges.jpg\",\"width\":660,\"height\":364,\"caption\":\"lideratges\"},{\"@type\":\"BreadcrumbList\",\"@id\":\"https:\/\/conversesacatalunya.cat\/es\/liderazgos-que-no-lo-son-el-caso-de-catalunya-en-comu-pp-y-ciudadanos\/#breadcrumb\",\"itemListElement\":[{\"@type\":\"ListItem\",\"position\":1,\"name\":\"Inici\",\"item\":\"https:\/\/conversesacatalunya.cat\/es\/\"},{\"@type\":\"ListItem\",\"position\":2,\"name\":\"Liderazgos que no lo son. El caso de Catalunya en Com\u00fa, PP y Ciudadanos\"}]},{\"@type\":\"WebSite\",\"@id\":\"https:\/\/conversesacatalunya.cat\/#website\",\"url\":\"https:\/\/conversesacatalunya.cat\/\",\"name\":\"Converses a Catalunya\",\"description\":\"\",\"potentialAction\":[{\"@type\":\"SearchAction\",\"target\":{\"@type\":\"EntryPoint\",\"urlTemplate\":\"https:\/\/conversesacatalunya.cat\/?s={search_term_string}\"},\"query-input\":{\"@type\":\"PropertyValueSpecification\",\"valueRequired\":true,\"valueName\":\"search_term_string\"}}],\"inLanguage\":\"es\"},{\"@type\":\"Person\",\"@id\":\"https:\/\/conversesacatalunya.cat\/#\/schema\/person\/7e24d1e54a2785373ddcb275eae5ed99\",\"name\":\"conversesacatalunya\",\"image\":{\"@type\":\"ImageObject\",\"inLanguage\":\"es\",\"@id\":\"https:\/\/conversesacatalunya.cat\/#\/schema\/person\/image\/\",\"url\":\"https:\/\/conversesacatalunya.cat\/wp-content\/litespeed\/avatar\/febdfeeec89d950f01c748045a981dd2.jpg?ver=1777314535\",\"contentUrl\":\"https:\/\/conversesacatalunya.cat\/wp-content\/litespeed\/avatar\/febdfeeec89d950f01c748045a981dd2.jpg?ver=1777314535\",\"caption\":\"conversesacatalunya\"},\"url\":\"https:\/\/conversesacatalunya.cat\/es\/author\/carme_catala\/\"}]}<\/script>\n<!-- \/ Yoast SEO plugin. -->","yoast_head_json":{"title":"Liderazgos que no lo son. El caso de Catalunya en Com\u00fa, PP y Ciudadanos - Converses a Catalunya","robots":{"index":"index","follow":"follow","max-snippet":"max-snippet:-1","max-image-preview":"max-image-preview:large","max-video-preview":"max-video-preview:-1"},"canonical":"https:\/\/conversesacatalunya.cat\/es\/liderazgos-que-no-lo-son-el-caso-de-catalunya-en-comu-pp-y-ciudadanos\/","og_locale":"es_ES","og_type":"article","og_title":"Liderazgos que no lo son. El caso de Catalunya en Com\u00fa, PP y Ciudadanos - Converses a Catalunya","og_description":"Es habitual en las encuestas pedir la valoraci\u00f3n, normalmente de 0 a 10, de los diferentes l\u00edderes pol\u00edticos. La creciente polarizaci\u00f3n hace que cada vez el valor resultante sea m\u00e1s bajo porque los que son de una cuerda pol\u00edtica diferente tienden a puntuar a los adversarios muy bajo. Tambi\u00e9n puede expresar una valoraci\u00f3n real de nuestra clase pol\u00edtica que, de acuerdo con estas cifras, ser\u00eda ampliamente mediocre. Porque aquel que obtiene una mayor valoraci\u00f3n, Oriol Junqueras, llega s\u00f3lo al 5,2, mientras que el resto suspende de una manera clara o rotunda, empezando por Carles Puigdemont, que s\u00f3lo alcanza un 3,7, o el actual presidente de la Generalitat, Quim Torra, que ins\u00f3litamente s\u00f3lo obtiene un 3,8. Ahora bien, en esta tesitura de polarizaci\u00f3n, como hemos apuntado, resulta mucho m\u00e1s demostrativo observar la valoraci\u00f3n que hacen los votantes de sus l\u00edderes pol\u00edticos. Normalmente la aprueban. Quiz\u00e1s de forma muy justa, como es el caso de Carles Riera al que los miembros de la CUP le otorgan un 5,1, o de forma notabil\u00edsima como en el caso de Puigdemont, al que los votantes de JxCat lo valoran con un 7,9 y con un 7 al presidente Torra. Por su parte, Junqueras alcanza un 7,2 entre los partidarios de ERC. La nota de Iceta es m\u00e1s bien modesta, un 5,7. Aprueba, pero sin aspavientos. No es un liderazgo muy fuerte. Pero lo que resulta realmente sorprendente es la valoraci\u00f3n que hacen los votantes de las personas que lideran su opci\u00f3n en el Parlamento de Catalu\u00f1a. J\u00e9ssica Albiach, de Catalunya en Com\u00fa, s\u00f3lo llega a un 4,9. Carlos Carrizosa, el nuevo l\u00edder de Cs, se queda con un 4,2. Y Alejandro Fern\u00e1ndez, del PP se sit\u00faa m\u00e1s abajo, s\u00f3lo con un 4 pelado. En otras palabras, los mismos votantes los suspenden. En estas condiciones, \u00bfc\u00f3mo se puede esperar que otros ciudadanos con menos militancia puedan tener la tentaci\u00f3n de depositar una papeleta favorable a alguno de estos tres nombres? Seguramente aqu\u00ed radica parte de la explicaci\u00f3n de por qu\u00e9 Cs y PP se quedan tan atr\u00e1s en la cola de las preferencias, y por qu\u00e9 Catalunya en Com\u00fa, en lugar de remontar, tiende a decaer. No tienen al frente personas que resulten atractivas para sus te\u00f3ricos votantes. &nbsp;","og_url":"https:\/\/conversesacatalunya.cat\/es\/liderazgos-que-no-lo-son-el-caso-de-catalunya-en-comu-pp-y-ciudadanos\/","og_site_name":"Converses a Catalunya","article_published_time":"2020-09-10T07:29:10+00:00","article_modified_time":"2020-09-10T08:54:48+00:00","og_image":[{"width":660,"height":364,"url":"https:\/\/conversesacatalunya.cat\/wp-content\/uploads\/2020\/09\/lideratges.jpg","type":"image\/jpeg"}],"author":"conversesacatalunya","twitter_card":"summary_large_image","twitter_misc":{"Escrito por":"conversesacatalunya","Tiempo de lectura":"2 minutos"},"schema":{"@context":"https:\/\/schema.org","@graph":[{"@type":"Article","@id":"https:\/\/conversesacatalunya.cat\/es\/liderazgos-que-no-lo-son-el-caso-de-catalunya-en-comu-pp-y-ciudadanos\/#article","isPartOf":{"@id":"https:\/\/conversesacatalunya.cat\/es\/liderazgos-que-no-lo-son-el-caso-de-catalunya-en-comu-pp-y-ciudadanos\/"},"author":{"name":"conversesacatalunya","@id":"https:\/\/conversesacatalunya.cat\/#\/schema\/person\/7e24d1e54a2785373ddcb275eae5ed99"},"headline":"Liderazgos que no lo son. El caso de Catalunya en Com\u00fa, PP y Ciudadanos","datePublished":"2020-09-10T07:29:10+00:00","dateModified":"2020-09-10T08:54:48+00:00","mainEntityOfPage":{"@id":"https:\/\/conversesacatalunya.cat\/es\/liderazgos-que-no-lo-son-el-caso-de-catalunya-en-comu-pp-y-ciudadanos\/"},"wordCount":414,"commentCount":0,"image":{"@id":"https:\/\/conversesacatalunya.cat\/es\/liderazgos-que-no-lo-son-el-caso-de-catalunya-en-comu-pp-y-ciudadanos\/#primaryimage"},"thumbnailUrl":"https:\/\/conversesacatalunya.cat\/wp-content\/uploads\/2020\/09\/lideratges.jpg","keywords":["elecciones anticipadas"],"articleSection":["Punts clau del dia (ES)"],"inLanguage":"es","potentialAction":[{"@type":"CommentAction","name":"Comment","target":["https:\/\/conversesacatalunya.cat\/es\/liderazgos-que-no-lo-son-el-caso-de-catalunya-en-comu-pp-y-ciudadanos\/#respond"]}]},{"@type":"WebPage","@id":"https:\/\/conversesacatalunya.cat\/es\/liderazgos-que-no-lo-son-el-caso-de-catalunya-en-comu-pp-y-ciudadanos\/","url":"https:\/\/conversesacatalunya.cat\/es\/liderazgos-que-no-lo-son-el-caso-de-catalunya-en-comu-pp-y-ciudadanos\/","name":"Liderazgos que no lo son. El caso de Catalunya en Com\u00fa, PP y Ciudadanos - Converses a Catalunya","isPartOf":{"@id":"https:\/\/conversesacatalunya.cat\/#website"},"primaryImageOfPage":{"@id":"https:\/\/conversesacatalunya.cat\/es\/liderazgos-que-no-lo-son-el-caso-de-catalunya-en-comu-pp-y-ciudadanos\/#primaryimage"},"image":{"@id":"https:\/\/conversesacatalunya.cat\/es\/liderazgos-que-no-lo-son-el-caso-de-catalunya-en-comu-pp-y-ciudadanos\/#primaryimage"},"thumbnailUrl":"https:\/\/conversesacatalunya.cat\/wp-content\/uploads\/2020\/09\/lideratges.jpg","datePublished":"2020-09-10T07:29:10+00:00","dateModified":"2020-09-10T08:54:48+00:00","author":{"@id":"https:\/\/conversesacatalunya.cat\/#\/schema\/person\/7e24d1e54a2785373ddcb275eae5ed99"},"breadcrumb":{"@id":"https:\/\/conversesacatalunya.cat\/es\/liderazgos-que-no-lo-son-el-caso-de-catalunya-en-comu-pp-y-ciudadanos\/#breadcrumb"},"inLanguage":"es","potentialAction":[{"@type":"ReadAction","target":["https:\/\/conversesacatalunya.cat\/es\/liderazgos-que-no-lo-son-el-caso-de-catalunya-en-comu-pp-y-ciudadanos\/"]}]},{"@type":"ImageObject","inLanguage":"es","@id":"https:\/\/conversesacatalunya.cat\/es\/liderazgos-que-no-lo-son-el-caso-de-catalunya-en-comu-pp-y-ciudadanos\/#primaryimage","url":"https:\/\/conversesacatalunya.cat\/wp-content\/uploads\/2020\/09\/lideratges.jpg","contentUrl":"https:\/\/conversesacatalunya.cat\/wp-content\/uploads\/2020\/09\/lideratges.jpg","width":660,"height":364,"caption":"lideratges"},{"@type":"BreadcrumbList","@id":"https:\/\/conversesacatalunya.cat\/es\/liderazgos-que-no-lo-son-el-caso-de-catalunya-en-comu-pp-y-ciudadanos\/#breadcrumb","itemListElement":[{"@type":"ListItem","position":1,"name":"Inici","item":"https:\/\/conversesacatalunya.cat\/es\/"},{"@type":"ListItem","position":2,"name":"Liderazgos que no lo son. El caso de Catalunya en Com\u00fa, PP y Ciudadanos"}]},{"@type":"WebSite","@id":"https:\/\/conversesacatalunya.cat\/#website","url":"https:\/\/conversesacatalunya.cat\/","name":"Converses a Catalunya","description":"","potentialAction":[{"@type":"SearchAction","target":{"@type":"EntryPoint","urlTemplate":"https:\/\/conversesacatalunya.cat\/?s={search_term_string}"},"query-input":{"@type":"PropertyValueSpecification","valueRequired":true,"valueName":"search_term_string"}}],"inLanguage":"es"},{"@type":"Person","@id":"https:\/\/conversesacatalunya.cat\/#\/schema\/person\/7e24d1e54a2785373ddcb275eae5ed99","name":"conversesacatalunya","image":{"@type":"ImageObject","inLanguage":"es","@id":"https:\/\/conversesacatalunya.cat\/#\/schema\/person\/image\/","url":"https:\/\/conversesacatalunya.cat\/wp-content\/litespeed\/avatar\/febdfeeec89d950f01c748045a981dd2.jpg?ver=1777314535","contentUrl":"https:\/\/conversesacatalunya.cat\/wp-content\/litespeed\/avatar\/febdfeeec89d950f01c748045a981dd2.jpg?ver=1777314535","caption":"conversesacatalunya"},"url":"https:\/\/conversesacatalunya.cat\/es\/author\/carme_catala\/"}]}},"wps_subtitle":"","_links":{"self":[{"href":"https:\/\/conversesacatalunya.cat\/es\/wp-json\/wp\/v2\/posts\/40024","targetHints":{"allow":["GET"]}}],"collection":[{"href":"https:\/\/conversesacatalunya.cat\/es\/wp-json\/wp\/v2\/posts"}],"about":[{"href":"https:\/\/conversesacatalunya.cat\/es\/wp-json\/wp\/v2\/types\/post"}],"author":[{"embeddable":true,"href":"https:\/\/conversesacatalunya.cat\/es\/wp-json\/wp\/v2\/users\/2"}],"replies":[{"embeddable":true,"href":"https:\/\/conversesacatalunya.cat\/es\/wp-json\/wp\/v2\/comments?post=40024"}],"version-history":[{"count":2,"href":"https:\/\/conversesacatalunya.cat\/es\/wp-json\/wp\/v2\/posts\/40024\/revisions"}],"predecessor-version":[{"id":40025,"href":"https:\/\/conversesacatalunya.cat\/es\/wp-json\/wp\/v2\/posts\/40024\/revisions\/40025"}],"wp:featuredmedia":[{"embeddable":true,"href":"https:\/\/conversesacatalunya.cat\/es\/wp-json\/wp\/v2\/media\/39999"}],"wp:attachment":[{"href":"https:\/\/conversesacatalunya.cat\/es\/wp-json\/wp\/v2\/media?parent=40024"}],"wp:term":[{"taxonomy":"category","embeddable":true,"href":"https:\/\/conversesacatalunya.cat\/es\/wp-json\/wp\/v2\/categories?post=40024"},{"taxonomy":"post_tag","embeddable":true,"href":"https:\/\/conversesacatalunya.cat\/es\/wp-json\/wp\/v2\/tags?post=40024"}],"curies":[{"name":"wp","href":"https:\/\/api.w.org\/{rel}","templated":true}]}}