{"id":40020,"date":"2020-09-10T09:05:13","date_gmt":"2020-09-10T07:05:13","guid":{"rendered":"https:\/\/conversesacatalunya.cat\/la-data-exacta-de-les-eleccions-al-parlament-de-catalunya\/"},"modified":"2020-09-10T10:47:55","modified_gmt":"2020-09-10T08:47:55","slug":"la-fecha-exacta-de-las-elecciones-al-parlamento-de-cataluna","status":"publish","type":"post","link":"https:\/\/conversesacatalunya.cat\/es\/la-fecha-exacta-de-las-elecciones-al-parlamento-de-cataluna\/","title":{"rendered":"La fecha exacta de las elecciones al Parlamento de Catalu\u00f1a"},"content":{"rendered":"<p>Ya se puede determinar cu\u00e1l ser\u00e1 la fecha de las elecciones al parlamento de Catalu\u00f1a, que responde a una ecuaci\u00f3n. La fecha es igual al 17 de septiembre m\u00e1s \u00ab<strong>x + y + 114<\/strong>\u00ab.<\/p>\n<p>Expliqu\u00e9moslo: el 17 de septiembre el Tribunal Supremo deliberar\u00e1 sobre la inhabilitaci\u00f3n de Torra por el delito de desobediencia, y todo hace pensar que confirmar\u00e1 la sentencia y rechazar\u00e1 el recurso del presidente de la Generalitat. El acuerdo se har\u00e1 efectivo el d\u00eda que se haga p\u00fablico, por tanto, el tiempo en redactar la sentencia, que muy posiblemente ya estar\u00e1 hecha el mismo d\u00eda 17 y se publicar\u00e1 formalmente. Estos d\u00edas, los que van del 17 de septiembre hasta la sanci\u00f3n legal de la sentencia, <strong>corresponden al valor \u00abx\u00bb<\/strong>. Puede ser una semana, diez d\u00edas, tal vez menos; en todo caso un orden de magnitud no demasiado grande.<\/p>\n<p>El planteamiento de <strong>Torra<\/strong>, que los partidos independentistas no presenten un candidato para sustituirlo, bloquear\u00eda la situaci\u00f3n del Parlamento, pero esta falta de candidato y bloqueo ser\u00eda superado si <strong>Torrent<\/strong>, el presidente del Parlamento, comunica al Pleno de este la falta de candidatura. En este caso, una vez hecha esta comunicaci\u00f3n, <strong>el calendario empezar\u00eda a correr<\/strong> porque este acto formal a efectos legales ser\u00eda equivalente a que se hubiera realizado y rechazado una<strong> primera votaci\u00f3n fallida<\/strong> de investidura.<\/p>\n<p>El tiempo que tarde Torrent en comunicar la falta de candidatos al Parlamento es el valor \u00aby\u00bb. Esta situaci\u00f3n puede durar d\u00edas, tal vez algunas semanas, porque JxCat estar\u00e1 interesada en que se alargue lo m\u00e1ximo posible este periodo de indeterminaci\u00f3n, y la posibilidad, por tanto, de que Torra contin\u00fae acudiendo a su despacho de presidente sin hacer caso a la sentencia. Sea como sea, Torrent tiene el <strong>interruptor<\/strong> para acortar este per\u00edodo e iniciar la cuenta atr\u00e1s.<\/p>\n<p>A partir de este punto, las fechas ya son inamovibles: 60 d\u00edas para elegir candidato, lo que no se producir\u00eda, y 54 d\u00edas para convocar elecciones por parte del presidente en funciones, en este caso Pere Aragon\u00e8s. El resultado final nos conduce entre el mes de febrero o marzo a m\u00e1s tardar. Cuanto m\u00e1s tarde la sentencia en hacerse p\u00fablica y Torrent en comunicar la falta de candidatos en el plenario, m\u00e1s adelante tender\u00e1n a situarse las elecciones. Si esto fuera as\u00ed, tendr\u00edamos la campa\u00f1a electoral entre la segunda quincena de febrero y la primera de marzo.<\/p>\n<div id=\"polls-66\" class=\"wp-polls\">\n\t<form id=\"polls_form_66\" class=\"wp-polls-form\" action=\"\/index.php\" method=\"post\">\n\t\t<p style=\"display: none;\"><input type=\"hidden\" id=\"poll_66_nonce\" name=\"wp-polls-nonce\" value=\"6c0aa460fd\" \/><\/p>\n\t\t<p style=\"display: none;\"><input type=\"hidden\" name=\"poll_id\" value=\"66\" \/><\/p>\n\t\t<p style=\"text-align: center\"><strong>Creus que el Govern far\u00e0 un bon \u00fas dels 140.000 milions d'euros del Fons de Recuperaci\u00f3 Europeu?<\/strong><\/p><div id=\"polls-66-ans\" class=\"wp-polls-ans\"><ul class=\"wp-polls-ul\">\n\t\t<li><input type=\"radio\" id=\"poll-answer-142\" name=\"poll_66\" value=\"142\" \/> <label for=\"poll-answer-142\">Si<\/label><\/li>\n\t\t<li><input type=\"radio\" id=\"poll-answer-143\" name=\"poll_66\" value=\"143\" \/> <label for=\"poll-answer-143\">No<\/label><\/li>\n\t\t<li><input type=\"radio\" id=\"poll-answer-144\" name=\"poll_66\" value=\"144\" \/> <label for=\"poll-answer-144\">No ho s\u00e9<\/label><\/li>\n\t\t<\/ul><p style=\"text-align: center\"><input type=\"button\" name=\"vote\" value=\"   Vota   \" class=\"Buttons\" onclick=\"poll_vote(66);\" \/><\/p><p style=\"text-align: center\"><a href=\"#ViewPollResults\" onclick=\"poll_result(66); return false;\" title=\"View Results Of This Poll\">Mira els resultats<\/a><\/p><\/div>\n\t<\/form>\n<\/div>\n<div id=\"polls-66-loading\" class=\"wp-polls-loading\"><img decoding=\"async\" data-src=\"https:\/\/conversesacatalunya.cat\/wp-content\/plugins\/wp-polls\/images\/loading.gif\" width=\"16\" height=\"16\" alt=\"Cargando ...\" title=\"Cargando ...\" class=\"wp-polls-image lazyload\" src=\"data:image\/svg+xml;base64,PHN2ZyB3aWR0aD0iMSIgaGVpZ2h0PSIxIiB4bWxucz0iaHR0cDovL3d3dy53My5vcmcvMjAwMC9zdmciPjwvc3ZnPg==\" style=\"--smush-placeholder-width: 16px; --smush-placeholder-aspect-ratio: 16\/16;\" \/>&nbsp;Cargando ...<\/div>\n\n","protected":false},"excerpt":{"rendered":"<p>Ya se puede determinar cu\u00e1l ser\u00e1 la fecha de las elecciones al parlamento de Catalu\u00f1a, que responde a una ecuaci\u00f3n. La fecha es igual al 17 de septiembre m\u00e1s \u00abx + y + 114\u00ab. Expliqu\u00e9moslo: el 17 de septiembre el Tribunal Supremo deliberar\u00e1 sobre la inhabilitaci\u00f3n de Torra por el delito de desobediencia, y todo hace pensar que confirmar\u00e1 la sentencia y rechazar\u00e1 el recurso del presidente de la Generalitat. El acuerdo se har\u00e1 efectivo el d\u00eda que se haga p\u00fablico, por tanto, el tiempo en redactar la sentencia, que muy posiblemente ya estar\u00e1 hecha el mismo d\u00eda 17 y se publicar\u00e1 formalmente. Estos d\u00edas, los que van del 17 de septiembre hasta la sanci\u00f3n legal de la sentencia, corresponden al valor \u00abx\u00bb. Puede ser una semana, diez d\u00edas, tal vez menos; en todo caso un orden de magnitud no demasiado grande. El planteamiento de Torra, que los partidos independentistas no presenten un candidato para sustituirlo, bloquear\u00eda la situaci\u00f3n del Parlamento, pero esta falta de candidato y bloqueo ser\u00eda superado si Torrent, el presidente del Parlamento, comunica al Pleno de este la falta de candidatura. En este caso, una vez hecha esta comunicaci\u00f3n, el calendario empezar\u00eda a correr porque este acto formal a efectos legales ser\u00eda equivalente a que se hubiera realizado y rechazado una primera votaci\u00f3n fallida de investidura. El tiempo que tarde Torrent en comunicar la falta de candidatos al Parlamento es el valor \u00aby\u00bb. Esta situaci\u00f3n puede durar d\u00edas, tal vez algunas semanas, porque JxCat estar\u00e1 interesada en que se alargue lo m\u00e1ximo posible este periodo de indeterminaci\u00f3n, y la posibilidad, por tanto, de que Torra contin\u00fae acudiendo a su despacho de presidente sin hacer caso a la sentencia. Sea como sea, Torrent tiene el interruptor para acortar este per\u00edodo e iniciar la cuenta atr\u00e1s. A partir de este punto, las fechas ya son inamovibles: 60 d\u00edas para elegir candidato, lo que no se producir\u00eda, y 54 d\u00edas para convocar elecciones por parte del presidente en funciones, en este caso Pere Aragon\u00e8s. El resultado final nos conduce entre el mes de febrero o marzo a m\u00e1s tardar. Cuanto m\u00e1s tarde la sentencia en hacerse p\u00fablica y Torrent en comunicar la falta de candidatos en el plenario, m\u00e1s adelante tender\u00e1n a situarse las elecciones. Si esto fuera as\u00ed, tendr\u00edamos la campa\u00f1a electoral entre la segunda quincena de febrero y la primera de marzo.<\/p>\n","protected":false},"author":2,"featured_media":39993,"comment_status":"open","ping_status":"open","sticky":false,"template":"","format":"standard","meta":{"_FSMCFIC_featured_image_caption":"","_FSMCFIC_featured_image_nocaption":"","_FSMCFIC_featured_image_hide":"","footnotes":""},"categories":[806],"tags":[1525],"class_list":["post-40020","post","type-post","status-publish","format-standard","has-post-thumbnail","hentry","category-punts-claus-del-dia-es","tag-elecciones-anticipadas"],"yoast_head":"<!-- This site is optimized with the Yoast SEO plugin v26.8 - https:\/\/yoast.com\/product\/yoast-seo-wordpress\/ -->\n<title>La fecha exacta de las elecciones al Parlamento de Catalu\u00f1a - Converses a Catalunya<\/title>\n<meta name=\"description\" content=\"Ya se puede determinar cu\u00e1l ser\u00e1 la fecha de las elecciones al parlamento de Catalu\u00f1a, que responde a una ecuaci\u00f3n. La fecha es igual al 17 de septiembre m\u00e1s &quot;x + y + 114&quot;.\" \/>\n<meta name=\"robots\" content=\"index, follow, max-snippet:-1, max-image-preview:large, max-video-preview:-1\" \/>\n<link rel=\"canonical\" href=\"https:\/\/conversesacatalunya.cat\/es\/la-fecha-exacta-de-las-elecciones-al-parlamento-de-cataluna\/\" \/>\n<meta property=\"og:locale\" content=\"es_ES\" \/>\n<meta property=\"og:type\" content=\"article\" \/>\n<meta property=\"og:title\" content=\"La fecha exacta de las elecciones al Parlamento de Catalu\u00f1a - Converses a Catalunya\" \/>\n<meta property=\"og:description\" content=\"Ya se puede determinar cu\u00e1l ser\u00e1 la fecha de las elecciones al parlamento de Catalu\u00f1a, que responde a una ecuaci\u00f3n. La fecha es igual al 17 de septiembre m\u00e1s &quot;x + y + 114&quot;.\" \/>\n<meta property=\"og:url\" content=\"https:\/\/conversesacatalunya.cat\/es\/la-fecha-exacta-de-las-elecciones-al-parlamento-de-cataluna\/\" \/>\n<meta property=\"og:site_name\" content=\"Converses a Catalunya\" \/>\n<meta property=\"article:published_time\" content=\"2020-09-10T07:05:13+00:00\" \/>\n<meta property=\"article:modified_time\" content=\"2020-09-10T08:47:55+00:00\" \/>\n<meta property=\"og:image\" content=\"https:\/\/conversesacatalunya.cat\/wp-content\/uploads\/2020\/09\/eleccions-al-parlament.jpg\" \/>\n\t<meta property=\"og:image:width\" content=\"1200\" \/>\n\t<meta property=\"og:image:height\" content=\"674\" \/>\n\t<meta property=\"og:image:type\" content=\"image\/jpeg\" \/>\n<meta name=\"author\" content=\"conversesacatalunya\" \/>\n<meta name=\"twitter:card\" content=\"summary_large_image\" \/>\n<meta name=\"twitter:label1\" content=\"Escrito por\" \/>\n\t<meta name=\"twitter:data1\" content=\"conversesacatalunya\" \/>\n\t<meta name=\"twitter:label2\" content=\"Tiempo de lectura\" \/>\n\t<meta name=\"twitter:data2\" content=\"2 minutos\" \/>\n<script type=\"application\/ld+json\" class=\"yoast-schema-graph\">{\"@context\":\"https:\/\/schema.org\",\"@graph\":[{\"@type\":\"Article\",\"@id\":\"https:\/\/conversesacatalunya.cat\/es\/la-fecha-exacta-de-las-elecciones-al-parlamento-de-cataluna\/#article\",\"isPartOf\":{\"@id\":\"https:\/\/conversesacatalunya.cat\/es\/la-fecha-exacta-de-las-elecciones-al-parlamento-de-cataluna\/\"},\"author\":{\"name\":\"conversesacatalunya\",\"@id\":\"https:\/\/conversesacatalunya.cat\/#\/schema\/person\/7e24d1e54a2785373ddcb275eae5ed99\"},\"headline\":\"La fecha exacta de las elecciones al Parlamento de Catalu\u00f1a\",\"datePublished\":\"2020-09-10T07:05:13+00:00\",\"dateModified\":\"2020-09-10T08:47:55+00:00\",\"mainEntityOfPage\":{\"@id\":\"https:\/\/conversesacatalunya.cat\/es\/la-fecha-exacta-de-las-elecciones-al-parlamento-de-cataluna\/\"},\"wordCount\":436,\"commentCount\":0,\"image\":{\"@id\":\"https:\/\/conversesacatalunya.cat\/es\/la-fecha-exacta-de-las-elecciones-al-parlamento-de-cataluna\/#primaryimage\"},\"thumbnailUrl\":\"https:\/\/conversesacatalunya.cat\/wp-content\/uploads\/2020\/09\/eleccions-al-parlament.jpg\",\"keywords\":[\"elecciones anticipadas\"],\"articleSection\":[\"Punts clau del dia (ES)\"],\"inLanguage\":\"es\",\"potentialAction\":[{\"@type\":\"CommentAction\",\"name\":\"Comment\",\"target\":[\"https:\/\/conversesacatalunya.cat\/es\/la-fecha-exacta-de-las-elecciones-al-parlamento-de-cataluna\/#respond\"]}]},{\"@type\":\"WebPage\",\"@id\":\"https:\/\/conversesacatalunya.cat\/es\/la-fecha-exacta-de-las-elecciones-al-parlamento-de-cataluna\/\",\"url\":\"https:\/\/conversesacatalunya.cat\/es\/la-fecha-exacta-de-las-elecciones-al-parlamento-de-cataluna\/\",\"name\":\"La fecha exacta de las elecciones al Parlamento de Catalu\u00f1a - Converses a Catalunya\",\"isPartOf\":{\"@id\":\"https:\/\/conversesacatalunya.cat\/#website\"},\"primaryImageOfPage\":{\"@id\":\"https:\/\/conversesacatalunya.cat\/es\/la-fecha-exacta-de-las-elecciones-al-parlamento-de-cataluna\/#primaryimage\"},\"image\":{\"@id\":\"https:\/\/conversesacatalunya.cat\/es\/la-fecha-exacta-de-las-elecciones-al-parlamento-de-cataluna\/#primaryimage\"},\"thumbnailUrl\":\"https:\/\/conversesacatalunya.cat\/wp-content\/uploads\/2020\/09\/eleccions-al-parlament.jpg\",\"datePublished\":\"2020-09-10T07:05:13+00:00\",\"dateModified\":\"2020-09-10T08:47:55+00:00\",\"author\":{\"@id\":\"https:\/\/conversesacatalunya.cat\/#\/schema\/person\/7e24d1e54a2785373ddcb275eae5ed99\"},\"description\":\"Ya se puede determinar cu\u00e1l ser\u00e1 la fecha de las elecciones al parlamento de Catalu\u00f1a, que responde a una ecuaci\u00f3n. La fecha es igual al 17 de septiembre m\u00e1s \\\"x + y + 114\\\".\",\"breadcrumb\":{\"@id\":\"https:\/\/conversesacatalunya.cat\/es\/la-fecha-exacta-de-las-elecciones-al-parlamento-de-cataluna\/#breadcrumb\"},\"inLanguage\":\"es\",\"potentialAction\":[{\"@type\":\"ReadAction\",\"target\":[\"https:\/\/conversesacatalunya.cat\/es\/la-fecha-exacta-de-las-elecciones-al-parlamento-de-cataluna\/\"]}]},{\"@type\":\"ImageObject\",\"inLanguage\":\"es\",\"@id\":\"https:\/\/conversesacatalunya.cat\/es\/la-fecha-exacta-de-las-elecciones-al-parlamento-de-cataluna\/#primaryimage\",\"url\":\"https:\/\/conversesacatalunya.cat\/wp-content\/uploads\/2020\/09\/eleccions-al-parlament.jpg\",\"contentUrl\":\"https:\/\/conversesacatalunya.cat\/wp-content\/uploads\/2020\/09\/eleccions-al-parlament.jpg\",\"width\":1200,\"height\":674,\"caption\":\"eleccions al parlament\"},{\"@type\":\"BreadcrumbList\",\"@id\":\"https:\/\/conversesacatalunya.cat\/es\/la-fecha-exacta-de-las-elecciones-al-parlamento-de-cataluna\/#breadcrumb\",\"itemListElement\":[{\"@type\":\"ListItem\",\"position\":1,\"name\":\"Inici\",\"item\":\"https:\/\/conversesacatalunya.cat\/es\/\"},{\"@type\":\"ListItem\",\"position\":2,\"name\":\"La fecha exacta de las elecciones al Parlamento de Catalu\u00f1a\"}]},{\"@type\":\"WebSite\",\"@id\":\"https:\/\/conversesacatalunya.cat\/#website\",\"url\":\"https:\/\/conversesacatalunya.cat\/\",\"name\":\"Converses a Catalunya\",\"description\":\"\",\"potentialAction\":[{\"@type\":\"SearchAction\",\"target\":{\"@type\":\"EntryPoint\",\"urlTemplate\":\"https:\/\/conversesacatalunya.cat\/?s={search_term_string}\"},\"query-input\":{\"@type\":\"PropertyValueSpecification\",\"valueRequired\":true,\"valueName\":\"search_term_string\"}}],\"inLanguage\":\"es\"},{\"@type\":\"Person\",\"@id\":\"https:\/\/conversesacatalunya.cat\/#\/schema\/person\/7e24d1e54a2785373ddcb275eae5ed99\",\"name\":\"conversesacatalunya\",\"image\":{\"@type\":\"ImageObject\",\"inLanguage\":\"es\",\"@id\":\"https:\/\/conversesacatalunya.cat\/#\/schema\/person\/image\/\",\"url\":\"https:\/\/conversesacatalunya.cat\/wp-content\/litespeed\/avatar\/febdfeeec89d950f01c748045a981dd2.jpg?ver=1777314535\",\"contentUrl\":\"https:\/\/conversesacatalunya.cat\/wp-content\/litespeed\/avatar\/febdfeeec89d950f01c748045a981dd2.jpg?ver=1777314535\",\"caption\":\"conversesacatalunya\"},\"url\":\"https:\/\/conversesacatalunya.cat\/es\/author\/carme_catala\/\"}]}<\/script>\n<!-- \/ Yoast SEO plugin. -->","yoast_head_json":{"title":"La fecha exacta de las elecciones al Parlamento de Catalu\u00f1a - Converses a Catalunya","description":"Ya se puede determinar cu\u00e1l ser\u00e1 la fecha de las elecciones al parlamento de Catalu\u00f1a, que responde a una ecuaci\u00f3n. La fecha es igual al 17 de septiembre m\u00e1s \"x + y + 114\".","robots":{"index":"index","follow":"follow","max-snippet":"max-snippet:-1","max-image-preview":"max-image-preview:large","max-video-preview":"max-video-preview:-1"},"canonical":"https:\/\/conversesacatalunya.cat\/es\/la-fecha-exacta-de-las-elecciones-al-parlamento-de-cataluna\/","og_locale":"es_ES","og_type":"article","og_title":"La fecha exacta de las elecciones al Parlamento de Catalu\u00f1a - Converses a Catalunya","og_description":"Ya se puede determinar cu\u00e1l ser\u00e1 la fecha de las elecciones al parlamento de Catalu\u00f1a, que responde a una ecuaci\u00f3n. La fecha es igual al 17 de septiembre m\u00e1s \"x + y + 114\".","og_url":"https:\/\/conversesacatalunya.cat\/es\/la-fecha-exacta-de-las-elecciones-al-parlamento-de-cataluna\/","og_site_name":"Converses a Catalunya","article_published_time":"2020-09-10T07:05:13+00:00","article_modified_time":"2020-09-10T08:47:55+00:00","og_image":[{"width":1200,"height":674,"url":"https:\/\/conversesacatalunya.cat\/wp-content\/uploads\/2020\/09\/eleccions-al-parlament.jpg","type":"image\/jpeg"}],"author":"conversesacatalunya","twitter_card":"summary_large_image","twitter_misc":{"Escrito por":"conversesacatalunya","Tiempo de lectura":"2 minutos"},"schema":{"@context":"https:\/\/schema.org","@graph":[{"@type":"Article","@id":"https:\/\/conversesacatalunya.cat\/es\/la-fecha-exacta-de-las-elecciones-al-parlamento-de-cataluna\/#article","isPartOf":{"@id":"https:\/\/conversesacatalunya.cat\/es\/la-fecha-exacta-de-las-elecciones-al-parlamento-de-cataluna\/"},"author":{"name":"conversesacatalunya","@id":"https:\/\/conversesacatalunya.cat\/#\/schema\/person\/7e24d1e54a2785373ddcb275eae5ed99"},"headline":"La fecha exacta de las elecciones al Parlamento de Catalu\u00f1a","datePublished":"2020-09-10T07:05:13+00:00","dateModified":"2020-09-10T08:47:55+00:00","mainEntityOfPage":{"@id":"https:\/\/conversesacatalunya.cat\/es\/la-fecha-exacta-de-las-elecciones-al-parlamento-de-cataluna\/"},"wordCount":436,"commentCount":0,"image":{"@id":"https:\/\/conversesacatalunya.cat\/es\/la-fecha-exacta-de-las-elecciones-al-parlamento-de-cataluna\/#primaryimage"},"thumbnailUrl":"https:\/\/conversesacatalunya.cat\/wp-content\/uploads\/2020\/09\/eleccions-al-parlament.jpg","keywords":["elecciones anticipadas"],"articleSection":["Punts clau del dia (ES)"],"inLanguage":"es","potentialAction":[{"@type":"CommentAction","name":"Comment","target":["https:\/\/conversesacatalunya.cat\/es\/la-fecha-exacta-de-las-elecciones-al-parlamento-de-cataluna\/#respond"]}]},{"@type":"WebPage","@id":"https:\/\/conversesacatalunya.cat\/es\/la-fecha-exacta-de-las-elecciones-al-parlamento-de-cataluna\/","url":"https:\/\/conversesacatalunya.cat\/es\/la-fecha-exacta-de-las-elecciones-al-parlamento-de-cataluna\/","name":"La fecha exacta de las elecciones al Parlamento de Catalu\u00f1a - Converses a Catalunya","isPartOf":{"@id":"https:\/\/conversesacatalunya.cat\/#website"},"primaryImageOfPage":{"@id":"https:\/\/conversesacatalunya.cat\/es\/la-fecha-exacta-de-las-elecciones-al-parlamento-de-cataluna\/#primaryimage"},"image":{"@id":"https:\/\/conversesacatalunya.cat\/es\/la-fecha-exacta-de-las-elecciones-al-parlamento-de-cataluna\/#primaryimage"},"thumbnailUrl":"https:\/\/conversesacatalunya.cat\/wp-content\/uploads\/2020\/09\/eleccions-al-parlament.jpg","datePublished":"2020-09-10T07:05:13+00:00","dateModified":"2020-09-10T08:47:55+00:00","author":{"@id":"https:\/\/conversesacatalunya.cat\/#\/schema\/person\/7e24d1e54a2785373ddcb275eae5ed99"},"description":"Ya se puede determinar cu\u00e1l ser\u00e1 la fecha de las elecciones al parlamento de Catalu\u00f1a, que responde a una ecuaci\u00f3n. La fecha es igual al 17 de septiembre m\u00e1s \"x + y + 114\".","breadcrumb":{"@id":"https:\/\/conversesacatalunya.cat\/es\/la-fecha-exacta-de-las-elecciones-al-parlamento-de-cataluna\/#breadcrumb"},"inLanguage":"es","potentialAction":[{"@type":"ReadAction","target":["https:\/\/conversesacatalunya.cat\/es\/la-fecha-exacta-de-las-elecciones-al-parlamento-de-cataluna\/"]}]},{"@type":"ImageObject","inLanguage":"es","@id":"https:\/\/conversesacatalunya.cat\/es\/la-fecha-exacta-de-las-elecciones-al-parlamento-de-cataluna\/#primaryimage","url":"https:\/\/conversesacatalunya.cat\/wp-content\/uploads\/2020\/09\/eleccions-al-parlament.jpg","contentUrl":"https:\/\/conversesacatalunya.cat\/wp-content\/uploads\/2020\/09\/eleccions-al-parlament.jpg","width":1200,"height":674,"caption":"eleccions al parlament"},{"@type":"BreadcrumbList","@id":"https:\/\/conversesacatalunya.cat\/es\/la-fecha-exacta-de-las-elecciones-al-parlamento-de-cataluna\/#breadcrumb","itemListElement":[{"@type":"ListItem","position":1,"name":"Inici","item":"https:\/\/conversesacatalunya.cat\/es\/"},{"@type":"ListItem","position":2,"name":"La fecha exacta de las elecciones al Parlamento de Catalu\u00f1a"}]},{"@type":"WebSite","@id":"https:\/\/conversesacatalunya.cat\/#website","url":"https:\/\/conversesacatalunya.cat\/","name":"Converses a Catalunya","description":"","potentialAction":[{"@type":"SearchAction","target":{"@type":"EntryPoint","urlTemplate":"https:\/\/conversesacatalunya.cat\/?s={search_term_string}"},"query-input":{"@type":"PropertyValueSpecification","valueRequired":true,"valueName":"search_term_string"}}],"inLanguage":"es"},{"@type":"Person","@id":"https:\/\/conversesacatalunya.cat\/#\/schema\/person\/7e24d1e54a2785373ddcb275eae5ed99","name":"conversesacatalunya","image":{"@type":"ImageObject","inLanguage":"es","@id":"https:\/\/conversesacatalunya.cat\/#\/schema\/person\/image\/","url":"https:\/\/conversesacatalunya.cat\/wp-content\/litespeed\/avatar\/febdfeeec89d950f01c748045a981dd2.jpg?ver=1777314535","contentUrl":"https:\/\/conversesacatalunya.cat\/wp-content\/litespeed\/avatar\/febdfeeec89d950f01c748045a981dd2.jpg?ver=1777314535","caption":"conversesacatalunya"},"url":"https:\/\/conversesacatalunya.cat\/es\/author\/carme_catala\/"}]}},"wps_subtitle":"","_links":{"self":[{"href":"https:\/\/conversesacatalunya.cat\/es\/wp-json\/wp\/v2\/posts\/40020","targetHints":{"allow":["GET"]}}],"collection":[{"href":"https:\/\/conversesacatalunya.cat\/es\/wp-json\/wp\/v2\/posts"}],"about":[{"href":"https:\/\/conversesacatalunya.cat\/es\/wp-json\/wp\/v2\/types\/post"}],"author":[{"embeddable":true,"href":"https:\/\/conversesacatalunya.cat\/es\/wp-json\/wp\/v2\/users\/2"}],"replies":[{"embeddable":true,"href":"https:\/\/conversesacatalunya.cat\/es\/wp-json\/wp\/v2\/comments?post=40020"}],"version-history":[{"count":2,"href":"https:\/\/conversesacatalunya.cat\/es\/wp-json\/wp\/v2\/posts\/40020\/revisions"}],"predecessor-version":[{"id":40021,"href":"https:\/\/conversesacatalunya.cat\/es\/wp-json\/wp\/v2\/posts\/40020\/revisions\/40021"}],"wp:featuredmedia":[{"embeddable":true,"href":"https:\/\/conversesacatalunya.cat\/es\/wp-json\/wp\/v2\/media\/39993"}],"wp:attachment":[{"href":"https:\/\/conversesacatalunya.cat\/es\/wp-json\/wp\/v2\/media?parent=40020"}],"wp:term":[{"taxonomy":"category","embeddable":true,"href":"https:\/\/conversesacatalunya.cat\/es\/wp-json\/wp\/v2\/categories?post=40020"},{"taxonomy":"post_tag","embeddable":true,"href":"https:\/\/conversesacatalunya.cat\/es\/wp-json\/wp\/v2\/tags?post=40020"}],"curies":[{"name":"wp","href":"https:\/\/api.w.org\/{rel}","templated":true}]}}