{"id":40011,"date":"2020-09-10T09:00:06","date_gmt":"2020-09-10T07:00:06","guid":{"rendered":"https:\/\/conversesacatalunya.cat\/catanoles-de-arrimadas-a-rufian\/"},"modified":"2020-09-10T09:14:51","modified_gmt":"2020-09-10T07:14:51","slug":"catanoles-de-arrimadas-a-rufian","status":"publish","type":"post","link":"https:\/\/conversesacatalunya.cat\/es\/catanoles-de-arrimadas-a-rufian\/","title":{"rendered":"Cata\u00f1oles. De Arrimadas a Rufi\u00e1n (ED Libros)"},"content":{"rendered":"<p>Un libro de t\u00edtulo extra\u00f1o y contenido de gran inter\u00e9s.\u00a0<strong>Cata\u00f1oles. <span class=\"\">De Arrimadas a Rufi\u00e1n<\/span><\/strong><span class=\"\"><strong>\u00a0(ED Libros)<\/strong>\u00a0<\/span><strong><span class=\"\">de Adolf Tobe\u00f1a<\/span><\/strong><span class=\"\"> presenta una obra singular y muy diferente de la frondosa literatura sobre el proceso, tan numerosa, que podr\u00edamos decir que ya constituye en s\u00ed misma un g\u00e9nero literario.<\/span><\/p>\n<p><strong>Tobe\u00f1a<\/strong>, que es catedr\u00e1tico de Psiquiatr\u00eda en la Facultad de Medicina del Instituto de Neurociencias de la Universidad Aut\u00f3noma de Barcelona, \u200b\u200by ha sido profesor visitante en varias universidades del mundo, imprime una perspectiva especial.<\/p>\n<p><strong><span class=\"\">Plantea una serie de interrogantes que habitualmente se omiten o son planteados desde el partidismo m\u00e1s militante, lo que no es el caso<\/span><\/strong><span class=\"\">. \u00bfPor qu\u00e9 los independentistas extremos sienten aversi\u00f3n hacia Espa\u00f1a? \u00bfCu\u00e1les son los verdaderos m\u00f3viles que les instan y animan a querer separarse de ella a toda costa? \u00bfQu\u00e9 es lo que realmente los motiva a hacer tal apuesta radical hasta el punto de aceptar situarse fuera de las mismas leyes catalanas y de su propio Estatuto? \u00bfCu\u00e1les son las causas reales que, en una de las regiones m\u00e1s ricas y avanzadas del sur de Europa y en un contexto tolerante, plenamente abierto y pr\u00f3spero, enmarcado en un estado de derecho y de bienestar consolidados, con plena paz social y democr\u00e1tica, una parte importante de los catalanes haya cre\u00eddo que ha sido objeto de agravios imperdonables por parte de Espa\u00f1a o del estado espa\u00f1ol?<\/span><\/p>\n<p>Entre otras cuestiones\u00a0<strong>el libro se\u00f1ala una paradoja nada menor<\/strong> : este es el per\u00edodo hist\u00f3rico en el que hay m\u00e1s catalanes en lugares destacados de Espa\u00f1a y al mismo tiempo el que con m\u00e1s fuerza a eclosionado el independentismo, que siempre, incluido el periodo republicano hab\u00eda sido una opci\u00f3n minoritaria. La\u00a0actual secuencia viene marcada por la conversi\u00f3n relativamente reciente de ERC en el postulado independentista, dado que el hist\u00f3rico partido no lo era hasta la llegada de \u00c1ngel Colom en la Secretar\u00eda, y despu\u00e9s ya en tiempos recientes la decisiva transformaci\u00f3n de CDC de la mano de Artur Mas.<\/p>\n<h5><strong>El libro de lectura fluida y agradable conduce a un tipo de reflexiones infrecuentes.\u00a0Una muestra la podemos encontrar en este breve cap\u00edtulo que publicamos con la autorizaci\u00f3n de la editorial (ED Libros)<\/strong><\/h5>\n<p>DEL SILENCIAMIENTO A LA PREEMINENCIA: ARRIMADAS Y RUFI\u00c1N<\/p>\n<p>\u00abYo no renuncio a Machado, no renuncio a Cervantes, no renuncio a Rosal\u00eda\u00bb Gabriel Rufi\u00e1n, en un discurso en las Cortes durante la sesi\u00f3n de investidura de enero de 2020.<\/p>\n<p><em><strong>Hoy por hoy, los dos cata\u00f1oles m\u00e1s visibles en el panorama pol\u00edtico hispano son In\u00e9s Arrimadas y Gabriel Rufi\u00e1n<\/strong>, sin duda alguna. Quiz\u00e1 pasado ma\u00f1ana ya no lo sean, pero de momento siguen ambos situados en lo m\u00e1s alto del candelero.<\/em><\/p>\n<p><em> La primera es la voz femenina m\u00e1s personal, seductora y vivaz de cuantas pueden escucharse en el Parlamento espa\u00f1ol. El segundo es el perdonavidas m\u00e1s descarado y el comediante m\u00e1s soez de cuantos han perorado en el palacio de la Carrera de San Jer\u00f3nimo durante los \u00faltimos a\u00f1os. Los dos ejercen de primeras espadas en Madrid, despu\u00e9s de un meritorio y rapid\u00edsimo ascenso al estrellato en sus respectivas formaciones. <\/em><\/p>\n<p><em>Ambos comparten juventud y una exigente brega inici\u00e1tica, aspirantes a mandamases de relumbr\u00f3n, en la intrincada selva de la pol\u00edtica catalana durante la eclosi\u00f3n del litigio secesionista. Y <strong>los dos encarnan, mejor que nadie, la profundidad de la trinchera dom\u00e9stica que se ha excavado en Catalu\u00f1a. <\/strong><\/em><\/p>\n<p><em>Ella ha sido la estampa m\u00e1s atrevida y pertinaz de la resistencia unionista. \u00c9l ha sido la faz m\u00e1s chulesca del descaro secesionista en todas las tribunas de Barcelona y Madrid que se le han puesto a tiro. No tengo datos s\u00f3lidos para corroborarlo, pero <strong>no me extra\u00f1ar\u00eda que fueran los dos personajes m\u00e1s odiados en los respectivos frentes opuestos. <\/strong><\/em><\/p>\n<p><em>Arrimadas capitanea ahora, con un empe\u00f1o digno de mejor causa, las mermadas huestes liberales que quedan en las Cortes despu\u00e9s del naufragio y subsiguiente <strong>estampida del que fuera su jefe de filas en Ciudadanos, Albert Rivera<\/strong>. Otro cata\u00f1ol ambicioso e inquieto, por cierto, que muchos vieron cerqu\u00edsima de alcanzar el tim\u00f3n del poder o de agenciarse una posici\u00f3n determinante en la cima de la gobernaci\u00f3n hispana, aunque pereci\u00f3 con estr\u00e9pito en medio de las s\u00fabitas maniobras y las sinuosas corrientes de fondo que sabe engendrar el fragor pol\u00edtico en Espa\u00f1a. <\/em><\/p>\n<p><em><strong>Rufi\u00e1n<\/strong>, por su parte, disfruta pavone\u00e1ndose en su papel de gu\u00eda y pilar ineludible de la andadura gubernamental, toda vez que la aritm\u00e9tica parlamentaria y la desesperaci\u00f3n de la dirigencia del PSOE por aferrarse al mando le concedieron la llave de la legislatura que se inici\u00f3 en enero de 2020. Se le ve estupendo, plenamente a gusto en el cogollo donde se toman algunas decisiones de gran calado para el devenir de las Espa\u00f1as, mientras va puliendo un estilo remozado con ribetes de seriedad y moderaci\u00f3n impostadas. <strong>De sus dotes histri\u00f3nicas cabe esperar mucho. <\/strong><\/em><\/p>\n<p><em>Ella lo ha tenido y lo tiene mucho m\u00e1s dif\u00edcil. Se convirti\u00f3, sin esperarlo, en la lideresa de la opini\u00f3n unionista en Catalu\u00f1a al vencer, contra pron\u00f3stico, en las elecciones auton\u00f3micas de diciembre de 2017, despu\u00e9s de la intentona secesionista fallida de aquel oto\u00f1o. Ampl\u00edsimas capas de cata\u00f1oles de toda clase y condici\u00f3n depositaron en ella y en su formaci\u00f3n las esperanzas de contrarrestar el dominio de las fuerzas secesionistas en la calle y en la administraci\u00f3n auton\u00f3mica. El grueso de la ciudadan\u00eda m\u00e1s popular en las enormes conurbaciones de Barcelona y Tarragona acudi\u00f3 a unas urnas que no sol\u00eda frecuentar y retir\u00f3 el soporte a la tibia y err\u00e1tica labor de contenci\u00f3n llevada a cabo por los socialdem\u00f3cratas, ecoloprogres y neopopulistas locales. <strong>Arrimadas<\/strong> soport\u00f3 con entereza todo tipo de hostigamientos, amenazas y vejaciones crudamente xen\u00f3fobas por parte de la agitaci\u00f3n secesionista, pero no cumpli\u00f3 con las expectativas despertadas. Es cierto que no pod\u00eda alcanzar una mayor\u00eda de gobierno, pero <strong>dej\u00f3 pasar la oportunidad de ir gestando una alternativa s\u00f3lida con potencial.<\/strong> Las directrices impuestas por las espl\u00e9ndidas expectativas de su formaci\u00f3n en la pol\u00edtica hispana redujeron su papel a una escenograf\u00eda resistencial muy valiente y vistosa, pero poco efectiva, que acab\u00f3 pasando factura. El salto, finalmente, a la pol\u00edtica estatal acab\u00f3 de diluir su papel como alternativa plausible para hacerse con el gobierno de la Generalitat. <\/em><\/p>\n<p><em><strong>Rufi\u00e1n<\/strong> siempre ha cabalgado, en cambio, sobre posiciones asentadas en un dominio pol\u00edtico much\u00edsimo m\u00e1s instalado y confortable. Se encumbr\u00f3, con enorme rapidez, hasta lugares de jerarqu\u00eda en el segundo partido de gobierno en Catalu\u00f1a. Reun\u00eda unos requisitos \u00f3ptimos: el cantonalismo de base menestral, carlistoide y supremacista que arrastra Esquerra Republicana, desde siempre, pod\u00eda sacar a pasear a un charnego moderno y vivales de origen suburbial, como modelo del converso enrollado y trendy hacia el espl\u00e9ndido horizonte de la independencia inclusiva y transversal. <strong>Un tipazo atractivo, engre\u00eddo y algo mat\u00f3n, con una espontaneidad y una seguridad envidiables.<\/strong> Un sujeto incapaz de despeinarse ante nada. Al poco de llegar a Madrid para coliderar su grupo parlamentario en las Cortes, con sus groseros insultos y descalificaciones, junto a sus vistosos desplantes en las sesiones solemnes de la C\u00e1mara y su torpedeo de ocurrencias en Twitter, se convirti\u00f3 en un personaje favorito de buena parte de las tribunas medi\u00e1ticas. Una verdadera joya, en t\u00e9rminos del desvergonzado populismo que se\u00f1orea en estos tiempos. Le toc\u00f3 beber de sus p\u00f3cimas, sin embargo, cuando fue hostigado y repudiado como traidor a la patria \u2014con gritos estent\u00f3reos de \u00abbotifler\u00bb\u2014, en una de las demostraciones de protesta tras la sentencia del Tribunal Supremo en octubre de 2019, en el centro de Barcelona. Los vituperios y acusaciones llegaron al punto de obligarle a abandonar la manifestaci\u00f3n. Como su formaci\u00f3n pol\u00edtica hab\u00eda comenzado el viraje que meses despu\u00e9s le conducir\u00eda a apuntalar al PSOE en Moncloa, pactando unas \u00abmesas de di\u00e1logo\u00bb para encontrar salida a la enquistada situaci\u00f3n catalana y renunciando a plasmar la Rep\u00fablica independiente \u2014durante un tiempo, al menos\u2014 conoci\u00f3 el escarnio en t\u00e9rminos parecidos a los que \u00e9l mismo hab\u00eda lanzado contra la presidencia de la Generalitat en los tormentosos d\u00edas de oto\u00f1o de 2017, en v\u00edsperas de la Declaraci\u00f3n de Independencia. <\/em><\/p>\n<p><em><strong>Arrimadas y Rufi\u00e1n conocen bien, por consiguiente, lo que supone ser objeto de intimidaciones amenazantes por parte de adversarios o de antiguos correligionarios en la tensa trinchera catalana.<\/strong> <\/em><\/p>\n<p><em>Ambos ilustran, desde bander\u00edas opuestas, el grado de enfrentamiento que a menudo suscita el divisivo frente creado por la aventura secesionista. <strong>Dos castellanoparlantes, en ambos casos, con un dominio eficaz y flexible de la modalidad m\u00e1s extendida del idioma catal\u00e1n<\/strong>. Esa que ha conseguido ir haciendo suya la poblaci\u00f3n biling\u00fce de or\u00edgenes muy diversos, despu\u00e9s de pasar por la instrucci\u00f3n de la escuela inmersiva. Una modalidad dialectal que no pocos vienen denominando, desde hace alg\u00fan tiempo, \u00abcatal\u00e1n instrumental\u00bb o \u00abcata\u00f1ol\u00bb. Esa que que va camino de convertirse en dominante y que ya se puede escuchar incluso, con alguna frecuencia, en los noticiarios y debates medi\u00e1ticos en emisiones para toda Espa\u00f1a. <\/em><\/p>\n<p><em><strong>La pareja supone un verdadero paradigma en el escaparate mayor de la sociedad hispana<\/strong>. Les he visto confraternizar y darse besos cordiales de despedida a la salida de alg\u00fan debate televisivo. No me extra\u00f1ar\u00eda nada que hubiera un fondo de aprecio mutuo entre ellos, como colegas que se profesan admiraci\u00f3n y puede que tambi\u00e9n \u2014aunque sin reconocerlo\u2014, como convecinos ungidos por el barniz indisimulable de la catalo\u00f1idad. Eso que apenas ten\u00eda presencia y que viv\u00eda orillado en la periferia de la imagen p\u00fablica de Catalu\u00f1a, cuando no en la silenciosa marginaci\u00f3n, mientras que ahora, y como resultado del hostigamiento y del empuje secesionista, ha aflorado con fuerza.<\/em><\/p>\n<p>El conjunto de la obra dibuja una visi\u00f3n muy actual desde perspectivas nuevas de la realidad pol\u00edtica catalana.<\/p>\n<span class='bctt-click-to-tweet'><span class='bctt-ctt-text'><a href='https:\/\/twitter.com\/intent\/tweet?url=https%3A%2F%2Fconversesacatalunya.cat%2Fes%2Fcatanoles-de-arrimadas-a-rufian%2F&#038;text=No%20me%20extra%C3%B1ar%C3%ADa%20que%2C%20Arrimadas%20y%20Rufi%C3%A1n%2C%20fueran%20los%20dos%20personajes%20m%C3%A1s%20odiados%20en%20los%20respectivos%20frentes%20opuestos.&#038;via=conversesacat&#038;related=conversesacat' target='_blank'rel=\"noopener noreferrer\">No me extra\u00f1ar\u00eda que, Arrimadas y Rufi\u00e1n, fueran los dos personajes m\u00e1s odiados en los respectivos frentes opuestos. <\/a><\/span><a href='https:\/\/twitter.com\/intent\/tweet?url=https%3A%2F%2Fconversesacatalunya.cat%2Fes%2Fcatanoles-de-arrimadas-a-rufian%2F&#038;text=No%20me%20extra%C3%B1ar%C3%ADa%20que%2C%20Arrimadas%20y%20Rufi%C3%A1n%2C%20fueran%20los%20dos%20personajes%20m%C3%A1s%20odiados%20en%20los%20respectivos%20frentes%20opuestos.&#038;via=conversesacat&#038;related=conversesacat' target='_blank' class='bctt-ctt-btn'rel=\"noopener noreferrer\">Compartir en X<\/a><\/span>\n<div id=\"polls-66\" class=\"wp-polls\">\n\t<form id=\"polls_form_66\" class=\"wp-polls-form\" action=\"\/index.php\" method=\"post\">\n\t\t<p style=\"display: none;\"><input type=\"hidden\" id=\"poll_66_nonce\" name=\"wp-polls-nonce\" value=\"3578eb5827\" \/><\/p>\n\t\t<p style=\"display: none;\"><input type=\"hidden\" name=\"poll_id\" value=\"66\" \/><\/p>\n\t\t<p style=\"text-align: center\"><strong>Creus que el Govern far\u00e0 un bon \u00fas dels 140.000 milions d'euros del Fons de Recuperaci\u00f3 Europeu?<\/strong><\/p><div id=\"polls-66-ans\" class=\"wp-polls-ans\"><ul class=\"wp-polls-ul\">\n\t\t<li><input type=\"radio\" id=\"poll-answer-142\" name=\"poll_66\" value=\"142\" \/> <label for=\"poll-answer-142\">Si<\/label><\/li>\n\t\t<li><input type=\"radio\" id=\"poll-answer-143\" name=\"poll_66\" value=\"143\" \/> <label for=\"poll-answer-143\">No<\/label><\/li>\n\t\t<li><input type=\"radio\" id=\"poll-answer-144\" name=\"poll_66\" value=\"144\" \/> <label for=\"poll-answer-144\">No ho s\u00e9<\/label><\/li>\n\t\t<\/ul><p style=\"text-align: center\"><input type=\"button\" name=\"vote\" value=\"   Vota   \" class=\"Buttons\" onclick=\"poll_vote(66);\" \/><\/p><p style=\"text-align: center\"><a href=\"#ViewPollResults\" onclick=\"poll_result(66); return false;\" title=\"View Results Of This Poll\">Mira els resultats<\/a><\/p><\/div>\n\t<\/form>\n<\/div>\n<div id=\"polls-66-loading\" class=\"wp-polls-loading\"><img decoding=\"async\" data-src=\"https:\/\/conversesacatalunya.cat\/wp-content\/plugins\/wp-polls\/images\/loading.gif\" width=\"16\" height=\"16\" alt=\"Cargando ...\" title=\"Cargando ...\" class=\"wp-polls-image lazyload\" src=\"data:image\/svg+xml;base64,PHN2ZyB3aWR0aD0iMSIgaGVpZ2h0PSIxIiB4bWxucz0iaHR0cDovL3d3dy53My5vcmcvMjAwMC9zdmciPjwvc3ZnPg==\" style=\"--smush-placeholder-width: 16px; --smush-placeholder-aspect-ratio: 16\/16;\" \/>&nbsp;Cargando ...<\/div>\n\n<p>&nbsp;<\/p>\n<p>&nbsp;<\/p>\n","protected":false},"excerpt":{"rendered":"<p>Un libro de t\u00edtulo extra\u00f1o y contenido de gran inter\u00e9s.\u00a0Cata\u00f1oles. De Arrimadas a Rufi\u00e1n\u00a0(ED Libros)\u00a0de Adolf Tobe\u00f1a presenta una obra singular y muy diferente de la frondosa literatura sobre el proceso, tan numerosa, que podr\u00edamos decir que ya constituye en s\u00ed misma un g\u00e9nero literario. Tobe\u00f1a, que es catedr\u00e1tico de Psiquiatr\u00eda en la Facultad de Medicina del Instituto de Neurociencias de la Universidad Aut\u00f3noma de Barcelona, \u200b\u200by ha sido profesor visitante en varias universidades del mundo, imprime una perspectiva especial. Plantea una serie de interrogantes que habitualmente se omiten o son planteados desde el partidismo m\u00e1s militante, lo que no es el caso. \u00bfPor qu\u00e9 los independentistas extremos sienten aversi\u00f3n hacia Espa\u00f1a? \u00bfCu\u00e1les son los verdaderos m\u00f3viles que les instan y animan a querer separarse de ella a toda costa? \u00bfQu\u00e9 es lo que realmente los motiva a hacer tal apuesta radical hasta el punto de aceptar situarse fuera de las mismas leyes catalanas y de su propio Estatuto? \u00bfCu\u00e1les son las causas reales que, en una de las regiones m\u00e1s ricas y avanzadas del sur de Europa y en un contexto tolerante, plenamente abierto y pr\u00f3spero, enmarcado en un estado de derecho y de bienestar consolidados, con plena paz social y democr\u00e1tica, una parte importante de los catalanes haya cre\u00eddo que ha sido objeto de agravios imperdonables por parte de Espa\u00f1a o del estado espa\u00f1ol? Entre otras cuestiones\u00a0el libro se\u00f1ala una paradoja nada menor : este es el per\u00edodo hist\u00f3rico en el que hay m\u00e1s catalanes en lugares destacados de Espa\u00f1a y al mismo tiempo el que con m\u00e1s fuerza a eclosionado el independentismo, que siempre, incluido el periodo republicano hab\u00eda sido una opci\u00f3n minoritaria. La\u00a0actual secuencia viene marcada por la conversi\u00f3n relativamente reciente de ERC en el postulado independentista, dado que el hist\u00f3rico partido no lo era hasta la llegada de \u00c1ngel Colom en la Secretar\u00eda, y despu\u00e9s ya en tiempos recientes la decisiva transformaci\u00f3n de CDC de la mano de Artur Mas. El libro de lectura fluida y agradable conduce a un tipo de reflexiones infrecuentes.\u00a0Una muestra la podemos encontrar en este breve cap\u00edtulo que publicamos con la autorizaci\u00f3n de la editorial (ED Libros) DEL SILENCIAMIENTO A LA PREEMINENCIA: ARRIMADAS Y RUFI\u00c1N \u00abYo no renuncio a Machado, no renuncio a Cervantes, no renuncio a Rosal\u00eda\u00bb Gabriel Rufi\u00e1n, en un discurso en las Cortes durante la sesi\u00f3n de investidura de enero de 2020. Hoy por hoy, los dos cata\u00f1oles m\u00e1s visibles en el panorama pol\u00edtico hispano son In\u00e9s Arrimadas y Gabriel Rufi\u00e1n, sin duda alguna. Quiz\u00e1 pasado ma\u00f1ana ya no lo sean, pero de momento siguen ambos situados en lo m\u00e1s alto del candelero. La primera es la voz femenina m\u00e1s personal, seductora y vivaz de cuantas pueden escucharse en el Parlamento espa\u00f1ol. El segundo es el perdonavidas m\u00e1s descarado y el comediante m\u00e1s soez de cuantos han perorado en el palacio de la Carrera de San Jer\u00f3nimo durante los \u00faltimos a\u00f1os. Los dos ejercen de primeras espadas en Madrid, despu\u00e9s de un meritorio y rapid\u00edsimo ascenso al estrellato en sus respectivas formaciones. Ambos comparten juventud y una exigente brega inici\u00e1tica, aspirantes a mandamases de relumbr\u00f3n, en la intrincada selva de la pol\u00edtica catalana durante la eclosi\u00f3n del litigio secesionista. Y los dos encarnan, mejor que nadie, la profundidad de la trinchera dom\u00e9stica que se ha excavado en Catalu\u00f1a. Ella ha sido la estampa m\u00e1s atrevida y pertinaz de la resistencia unionista. \u00c9l ha sido la faz m\u00e1s chulesca del descaro secesionista en todas las tribunas de Barcelona y Madrid que se le han puesto a tiro. No tengo datos s\u00f3lidos para corroborarlo, pero no me extra\u00f1ar\u00eda que fueran los dos personajes m\u00e1s odiados en los respectivos frentes opuestos. Arrimadas capitanea ahora, con un empe\u00f1o digno de mejor causa, las mermadas huestes liberales que quedan en las Cortes despu\u00e9s del naufragio y subsiguiente estampida del que fuera su jefe de filas en Ciudadanos, Albert Rivera. Otro cata\u00f1ol ambicioso e inquieto, por cierto, que muchos vieron cerqu\u00edsima de alcanzar el tim\u00f3n del poder o de agenciarse una posici\u00f3n determinante en la cima de la gobernaci\u00f3n hispana, aunque pereci\u00f3 con estr\u00e9pito en medio de las s\u00fabitas maniobras y las sinuosas corrientes de fondo que sabe engendrar el fragor pol\u00edtico en Espa\u00f1a. Rufi\u00e1n, por su parte, disfruta pavone\u00e1ndose en su papel de gu\u00eda y pilar ineludible de la andadura gubernamental, toda vez que la aritm\u00e9tica parlamentaria y la desesperaci\u00f3n de la dirigencia del PSOE por aferrarse al mando le concedieron la llave de la legislatura que se inici\u00f3 en enero de 2020. Se le ve estupendo, plenamente a gusto en el cogollo donde se toman algunas decisiones de gran calado para el devenir de las Espa\u00f1as, mientras va puliendo un estilo remozado con ribetes de seriedad y moderaci\u00f3n impostadas. De sus dotes histri\u00f3nicas cabe esperar mucho. Ella lo ha tenido y lo tiene mucho m\u00e1s dif\u00edcil. Se convirti\u00f3, sin esperarlo, en la lideresa de la opini\u00f3n unionista en Catalu\u00f1a al vencer, contra pron\u00f3stico, en las elecciones auton\u00f3micas de diciembre de 2017, despu\u00e9s de la intentona secesionista fallida de aquel oto\u00f1o. Ampl\u00edsimas capas de cata\u00f1oles de toda clase y condici\u00f3n depositaron en ella y en su formaci\u00f3n las esperanzas de contrarrestar el dominio de las fuerzas secesionistas en la calle y en la administraci\u00f3n auton\u00f3mica. El grueso de la ciudadan\u00eda m\u00e1s popular en las enormes conurbaciones de Barcelona y Tarragona acudi\u00f3 a unas urnas que no sol\u00eda frecuentar y retir\u00f3 el soporte a la tibia y err\u00e1tica labor de contenci\u00f3n llevada a cabo por los socialdem\u00f3cratas, ecoloprogres y neopopulistas locales. Arrimadas soport\u00f3 con entereza todo tipo de hostigamientos, amenazas y vejaciones crudamente xen\u00f3fobas por parte de la agitaci\u00f3n secesionista, pero no cumpli\u00f3 con las expectativas despertadas. Es cierto que no pod\u00eda alcanzar una mayor\u00eda de gobierno, pero dej\u00f3 pasar la oportunidad de ir gestando una alternativa s\u00f3lida con potencial. Las directrices impuestas por las espl\u00e9ndidas expectativas de su formaci\u00f3n en la pol\u00edtica hispana redujeron su papel a una escenograf\u00eda resistencial muy valiente y vistosa, pero poco efectiva, que acab\u00f3 pasando factura&#8230;.<\/p>\n","protected":false},"author":3,"featured_media":40007,"comment_status":"open","ping_status":"open","sticky":false,"template":"","format":"standard","meta":{"_FSMCFIC_featured_image_caption":"","_FSMCFIC_featured_image_nocaption":"","_FSMCFIC_featured_image_hide":"","footnotes":""},"categories":[806],"tags":[2950],"class_list":["post-40011","post","type-post","status-publish","format-standard","has-post-thumbnail","hentry","category-punts-claus-del-dia-es","tag-gabriel-rufian-es"],"yoast_head":"<!-- This site is optimized with the Yoast SEO plugin v26.8 - https:\/\/yoast.com\/product\/yoast-seo-wordpress\/ -->\n<title>Cata\u00f1oles. De Arrimadas a Rufi\u00e1n (ED Libros) - Converses a Catalunya<\/title>\n<meta name=\"description\" content=\"Cata\u00f1oles. De Arrimadas a Rufi\u00e1n d\u2019Adolf Tobe\u00f1a presenta una obra singular i molt diferent de la frondosa literatura sobre el proc\u00e9s\" \/>\n<meta name=\"robots\" content=\"index, follow, max-snippet:-1, max-image-preview:large, max-video-preview:-1\" \/>\n<link rel=\"canonical\" href=\"https:\/\/conversesacatalunya.cat\/es\/catanoles-de-arrimadas-a-rufian\/\" \/>\n<meta property=\"og:locale\" content=\"es_ES\" \/>\n<meta property=\"og:type\" content=\"article\" \/>\n<meta property=\"og:title\" content=\"Cata\u00f1oles. De Arrimadas a Rufi\u00e1n (ED Libros) - Converses a Catalunya\" \/>\n<meta property=\"og:description\" content=\"Cata\u00f1oles. De Arrimadas a Rufi\u00e1n d\u2019Adolf Tobe\u00f1a presenta una obra singular i molt diferent de la frondosa literatura sobre el proc\u00e9s\" \/>\n<meta property=\"og:url\" content=\"https:\/\/conversesacatalunya.cat\/es\/catanoles-de-arrimadas-a-rufian\/\" \/>\n<meta property=\"og:site_name\" content=\"Converses a Catalunya\" \/>\n<meta property=\"article:published_time\" content=\"2020-09-10T07:00:06+00:00\" \/>\n<meta property=\"article:modified_time\" content=\"2020-09-10T07:14:51+00:00\" \/>\n<meta property=\"og:image\" content=\"https:\/\/conversesacatalunya.cat\/wp-content\/uploads\/2020\/09\/Catanoles-llibre-640x1024.png\" \/>\n\t<meta property=\"og:image:width\" content=\"640\" \/>\n\t<meta property=\"og:image:height\" content=\"1024\" \/>\n\t<meta property=\"og:image:type\" content=\"image\/png\" \/>\n<meta name=\"author\" content=\"conversesacatalunya\" \/>\n<meta name=\"twitter:card\" content=\"summary_large_image\" \/>\n<meta name=\"twitter:label1\" content=\"Escrito por\" \/>\n\t<meta name=\"twitter:data1\" content=\"conversesacatalunya\" \/>\n\t<meta name=\"twitter:label2\" content=\"Tiempo de lectura\" \/>\n\t<meta name=\"twitter:data2\" content=\"9 minutos\" \/>\n<script type=\"application\/ld+json\" class=\"yoast-schema-graph\">{\"@context\":\"https:\/\/schema.org\",\"@graph\":[{\"@type\":\"Article\",\"@id\":\"https:\/\/conversesacatalunya.cat\/es\/catanoles-de-arrimadas-a-rufian\/#article\",\"isPartOf\":{\"@id\":\"https:\/\/conversesacatalunya.cat\/es\/catanoles-de-arrimadas-a-rufian\/\"},\"author\":{\"name\":\"conversesacatalunya\",\"@id\":\"https:\/\/conversesacatalunya.cat\/#\/schema\/person\/982274792508d804a0821b413c9ac076\"},\"headline\":\"Cata\u00f1oles. De Arrimadas a Rufi\u00e1n (ED Libros)\",\"datePublished\":\"2020-09-10T07:00:06+00:00\",\"dateModified\":\"2020-09-10T07:14:51+00:00\",\"mainEntityOfPage\":{\"@id\":\"https:\/\/conversesacatalunya.cat\/es\/catanoles-de-arrimadas-a-rufian\/\"},\"wordCount\":1807,\"commentCount\":0,\"image\":{\"@id\":\"https:\/\/conversesacatalunya.cat\/es\/catanoles-de-arrimadas-a-rufian\/#primaryimage\"},\"thumbnailUrl\":\"https:\/\/conversesacatalunya.cat\/wp-content\/uploads\/2020\/09\/Catanoles-llibre.png\",\"keywords\":[\"Gabriel Rufi\u00e1n\"],\"articleSection\":[\"Punts clau del dia (ES)\"],\"inLanguage\":\"es\",\"potentialAction\":[{\"@type\":\"CommentAction\",\"name\":\"Comment\",\"target\":[\"https:\/\/conversesacatalunya.cat\/es\/catanoles-de-arrimadas-a-rufian\/#respond\"]}]},{\"@type\":\"WebPage\",\"@id\":\"https:\/\/conversesacatalunya.cat\/es\/catanoles-de-arrimadas-a-rufian\/\",\"url\":\"https:\/\/conversesacatalunya.cat\/es\/catanoles-de-arrimadas-a-rufian\/\",\"name\":\"Cata\u00f1oles. De Arrimadas a Rufi\u00e1n (ED Libros) - Converses a Catalunya\",\"isPartOf\":{\"@id\":\"https:\/\/conversesacatalunya.cat\/#website\"},\"primaryImageOfPage\":{\"@id\":\"https:\/\/conversesacatalunya.cat\/es\/catanoles-de-arrimadas-a-rufian\/#primaryimage\"},\"image\":{\"@id\":\"https:\/\/conversesacatalunya.cat\/es\/catanoles-de-arrimadas-a-rufian\/#primaryimage\"},\"thumbnailUrl\":\"https:\/\/conversesacatalunya.cat\/wp-content\/uploads\/2020\/09\/Catanoles-llibre.png\",\"datePublished\":\"2020-09-10T07:00:06+00:00\",\"dateModified\":\"2020-09-10T07:14:51+00:00\",\"author\":{\"@id\":\"https:\/\/conversesacatalunya.cat\/#\/schema\/person\/982274792508d804a0821b413c9ac076\"},\"description\":\"Cata\u00f1oles. De Arrimadas a Rufi\u00e1n d\u2019Adolf Tobe\u00f1a presenta una obra singular i molt diferent de la frondosa literatura sobre el proc\u00e9s\",\"breadcrumb\":{\"@id\":\"https:\/\/conversesacatalunya.cat\/es\/catanoles-de-arrimadas-a-rufian\/#breadcrumb\"},\"inLanguage\":\"es\",\"potentialAction\":[{\"@type\":\"ReadAction\",\"target\":[\"https:\/\/conversesacatalunya.cat\/es\/catanoles-de-arrimadas-a-rufian\/\"]}]},{\"@type\":\"ImageObject\",\"inLanguage\":\"es\",\"@id\":\"https:\/\/conversesacatalunya.cat\/es\/catanoles-de-arrimadas-a-rufian\/#primaryimage\",\"url\":\"https:\/\/conversesacatalunya.cat\/wp-content\/uploads\/2020\/09\/Catanoles-llibre.png\",\"contentUrl\":\"https:\/\/conversesacatalunya.cat\/wp-content\/uploads\/2020\/09\/Catanoles-llibre.png\",\"width\":1311,\"height\":2099,\"caption\":\"Cata\u00f1oles\"},{\"@type\":\"BreadcrumbList\",\"@id\":\"https:\/\/conversesacatalunya.cat\/es\/catanoles-de-arrimadas-a-rufian\/#breadcrumb\",\"itemListElement\":[{\"@type\":\"ListItem\",\"position\":1,\"name\":\"Inici\",\"item\":\"https:\/\/conversesacatalunya.cat\/es\/\"},{\"@type\":\"ListItem\",\"position\":2,\"name\":\"Cata\u00f1oles. De Arrimadas a Rufi\u00e1n (ED Libros)\"}]},{\"@type\":\"WebSite\",\"@id\":\"https:\/\/conversesacatalunya.cat\/#website\",\"url\":\"https:\/\/conversesacatalunya.cat\/\",\"name\":\"Converses a Catalunya\",\"description\":\"\",\"potentialAction\":[{\"@type\":\"SearchAction\",\"target\":{\"@type\":\"EntryPoint\",\"urlTemplate\":\"https:\/\/conversesacatalunya.cat\/?s={search_term_string}\"},\"query-input\":{\"@type\":\"PropertyValueSpecification\",\"valueRequired\":true,\"valueName\":\"search_term_string\"}}],\"inLanguage\":\"es\"},{\"@type\":\"Person\",\"@id\":\"https:\/\/conversesacatalunya.cat\/#\/schema\/person\/982274792508d804a0821b413c9ac076\",\"name\":\"conversesacatalunya\",\"image\":{\"@type\":\"ImageObject\",\"inLanguage\":\"es\",\"@id\":\"https:\/\/conversesacatalunya.cat\/#\/schema\/person\/image\/\",\"url\":\"https:\/\/conversesacatalunya.cat\/wp-content\/litespeed\/avatar\/f04b47eeffd9637c7cf7869e217fb9ec.jpg?ver=1777370077\",\"contentUrl\":\"https:\/\/conversesacatalunya.cat\/wp-content\/litespeed\/avatar\/f04b47eeffd9637c7cf7869e217fb9ec.jpg?ver=1777370077\",\"caption\":\"conversesacatalunya\"},\"url\":\"https:\/\/conversesacatalunya.cat\/es\/author\/muntsa_escola\/\"}]}<\/script>\n<!-- \/ Yoast SEO plugin. -->","yoast_head_json":{"title":"Cata\u00f1oles. De Arrimadas a Rufi\u00e1n (ED Libros) - Converses a Catalunya","description":"Cata\u00f1oles. De Arrimadas a Rufi\u00e1n d\u2019Adolf Tobe\u00f1a presenta una obra singular i molt diferent de la frondosa literatura sobre el proc\u00e9s","robots":{"index":"index","follow":"follow","max-snippet":"max-snippet:-1","max-image-preview":"max-image-preview:large","max-video-preview":"max-video-preview:-1"},"canonical":"https:\/\/conversesacatalunya.cat\/es\/catanoles-de-arrimadas-a-rufian\/","og_locale":"es_ES","og_type":"article","og_title":"Cata\u00f1oles. De Arrimadas a Rufi\u00e1n (ED Libros) - Converses a Catalunya","og_description":"Cata\u00f1oles. De Arrimadas a Rufi\u00e1n d\u2019Adolf Tobe\u00f1a presenta una obra singular i molt diferent de la frondosa literatura sobre el proc\u00e9s","og_url":"https:\/\/conversesacatalunya.cat\/es\/catanoles-de-arrimadas-a-rufian\/","og_site_name":"Converses a Catalunya","article_published_time":"2020-09-10T07:00:06+00:00","article_modified_time":"2020-09-10T07:14:51+00:00","og_image":[{"width":640,"height":1024,"url":"https:\/\/conversesacatalunya.cat\/wp-content\/uploads\/2020\/09\/Catanoles-llibre-640x1024.png","type":"image\/png"}],"author":"conversesacatalunya","twitter_card":"summary_large_image","twitter_misc":{"Escrito por":"conversesacatalunya","Tiempo de lectura":"9 minutos"},"schema":{"@context":"https:\/\/schema.org","@graph":[{"@type":"Article","@id":"https:\/\/conversesacatalunya.cat\/es\/catanoles-de-arrimadas-a-rufian\/#article","isPartOf":{"@id":"https:\/\/conversesacatalunya.cat\/es\/catanoles-de-arrimadas-a-rufian\/"},"author":{"name":"conversesacatalunya","@id":"https:\/\/conversesacatalunya.cat\/#\/schema\/person\/982274792508d804a0821b413c9ac076"},"headline":"Cata\u00f1oles. De Arrimadas a Rufi\u00e1n (ED Libros)","datePublished":"2020-09-10T07:00:06+00:00","dateModified":"2020-09-10T07:14:51+00:00","mainEntityOfPage":{"@id":"https:\/\/conversesacatalunya.cat\/es\/catanoles-de-arrimadas-a-rufian\/"},"wordCount":1807,"commentCount":0,"image":{"@id":"https:\/\/conversesacatalunya.cat\/es\/catanoles-de-arrimadas-a-rufian\/#primaryimage"},"thumbnailUrl":"https:\/\/conversesacatalunya.cat\/wp-content\/uploads\/2020\/09\/Catanoles-llibre.png","keywords":["Gabriel Rufi\u00e1n"],"articleSection":["Punts clau del dia (ES)"],"inLanguage":"es","potentialAction":[{"@type":"CommentAction","name":"Comment","target":["https:\/\/conversesacatalunya.cat\/es\/catanoles-de-arrimadas-a-rufian\/#respond"]}]},{"@type":"WebPage","@id":"https:\/\/conversesacatalunya.cat\/es\/catanoles-de-arrimadas-a-rufian\/","url":"https:\/\/conversesacatalunya.cat\/es\/catanoles-de-arrimadas-a-rufian\/","name":"Cata\u00f1oles. De Arrimadas a Rufi\u00e1n (ED Libros) - Converses a Catalunya","isPartOf":{"@id":"https:\/\/conversesacatalunya.cat\/#website"},"primaryImageOfPage":{"@id":"https:\/\/conversesacatalunya.cat\/es\/catanoles-de-arrimadas-a-rufian\/#primaryimage"},"image":{"@id":"https:\/\/conversesacatalunya.cat\/es\/catanoles-de-arrimadas-a-rufian\/#primaryimage"},"thumbnailUrl":"https:\/\/conversesacatalunya.cat\/wp-content\/uploads\/2020\/09\/Catanoles-llibre.png","datePublished":"2020-09-10T07:00:06+00:00","dateModified":"2020-09-10T07:14:51+00:00","author":{"@id":"https:\/\/conversesacatalunya.cat\/#\/schema\/person\/982274792508d804a0821b413c9ac076"},"description":"Cata\u00f1oles. De Arrimadas a Rufi\u00e1n d\u2019Adolf Tobe\u00f1a presenta una obra singular i molt diferent de la frondosa literatura sobre el proc\u00e9s","breadcrumb":{"@id":"https:\/\/conversesacatalunya.cat\/es\/catanoles-de-arrimadas-a-rufian\/#breadcrumb"},"inLanguage":"es","potentialAction":[{"@type":"ReadAction","target":["https:\/\/conversesacatalunya.cat\/es\/catanoles-de-arrimadas-a-rufian\/"]}]},{"@type":"ImageObject","inLanguage":"es","@id":"https:\/\/conversesacatalunya.cat\/es\/catanoles-de-arrimadas-a-rufian\/#primaryimage","url":"https:\/\/conversesacatalunya.cat\/wp-content\/uploads\/2020\/09\/Catanoles-llibre.png","contentUrl":"https:\/\/conversesacatalunya.cat\/wp-content\/uploads\/2020\/09\/Catanoles-llibre.png","width":1311,"height":2099,"caption":"Cata\u00f1oles"},{"@type":"BreadcrumbList","@id":"https:\/\/conversesacatalunya.cat\/es\/catanoles-de-arrimadas-a-rufian\/#breadcrumb","itemListElement":[{"@type":"ListItem","position":1,"name":"Inici","item":"https:\/\/conversesacatalunya.cat\/es\/"},{"@type":"ListItem","position":2,"name":"Cata\u00f1oles. De Arrimadas a Rufi\u00e1n (ED Libros)"}]},{"@type":"WebSite","@id":"https:\/\/conversesacatalunya.cat\/#website","url":"https:\/\/conversesacatalunya.cat\/","name":"Converses a Catalunya","description":"","potentialAction":[{"@type":"SearchAction","target":{"@type":"EntryPoint","urlTemplate":"https:\/\/conversesacatalunya.cat\/?s={search_term_string}"},"query-input":{"@type":"PropertyValueSpecification","valueRequired":true,"valueName":"search_term_string"}}],"inLanguage":"es"},{"@type":"Person","@id":"https:\/\/conversesacatalunya.cat\/#\/schema\/person\/982274792508d804a0821b413c9ac076","name":"conversesacatalunya","image":{"@type":"ImageObject","inLanguage":"es","@id":"https:\/\/conversesacatalunya.cat\/#\/schema\/person\/image\/","url":"https:\/\/conversesacatalunya.cat\/wp-content\/litespeed\/avatar\/f04b47eeffd9637c7cf7869e217fb9ec.jpg?ver=1777370077","contentUrl":"https:\/\/conversesacatalunya.cat\/wp-content\/litespeed\/avatar\/f04b47eeffd9637c7cf7869e217fb9ec.jpg?ver=1777370077","caption":"conversesacatalunya"},"url":"https:\/\/conversesacatalunya.cat\/es\/author\/muntsa_escola\/"}]}},"wps_subtitle":"Arrimadas y Rufi\u00e1n conocen bien lo que supone ser objeto de intimidaciones amenazantes por parte de adversarios o de antiguos correligionarios en la tensa trinchera catalana","_links":{"self":[{"href":"https:\/\/conversesacatalunya.cat\/es\/wp-json\/wp\/v2\/posts\/40011","targetHints":{"allow":["GET"]}}],"collection":[{"href":"https:\/\/conversesacatalunya.cat\/es\/wp-json\/wp\/v2\/posts"}],"about":[{"href":"https:\/\/conversesacatalunya.cat\/es\/wp-json\/wp\/v2\/types\/post"}],"author":[{"embeddable":true,"href":"https:\/\/conversesacatalunya.cat\/es\/wp-json\/wp\/v2\/users\/3"}],"replies":[{"embeddable":true,"href":"https:\/\/conversesacatalunya.cat\/es\/wp-json\/wp\/v2\/comments?post=40011"}],"version-history":[{"count":3,"href":"https:\/\/conversesacatalunya.cat\/es\/wp-json\/wp\/v2\/posts\/40011\/revisions"}],"predecessor-version":[{"id":40014,"href":"https:\/\/conversesacatalunya.cat\/es\/wp-json\/wp\/v2\/posts\/40011\/revisions\/40014"}],"wp:featuredmedia":[{"embeddable":true,"href":"https:\/\/conversesacatalunya.cat\/es\/wp-json\/wp\/v2\/media\/40007"}],"wp:attachment":[{"href":"https:\/\/conversesacatalunya.cat\/es\/wp-json\/wp\/v2\/media?parent=40011"}],"wp:term":[{"taxonomy":"category","embeddable":true,"href":"https:\/\/conversesacatalunya.cat\/es\/wp-json\/wp\/v2\/categories?post=40011"},{"taxonomy":"post_tag","embeddable":true,"href":"https:\/\/conversesacatalunya.cat\/es\/wp-json\/wp\/v2\/tags?post=40011"}],"curies":[{"name":"wp","href":"https:\/\/api.w.org\/{rel}","templated":true}]}}