{"id":39987,"date":"2020-09-09T12:26:44","date_gmt":"2020-09-09T10:26:44","guid":{"rendered":"https:\/\/conversesacatalunya.cat\/parlament-de-catalunya-lluita-politica-aferrissada-pel-mercat-del-lloguer\/"},"modified":"2020-09-09T13:26:16","modified_gmt":"2020-09-09T11:26:16","slug":"parlamento-de-cataluna-lucha-politica-encarnizada-por-el-mercado-del-alquiler","status":"publish","type":"post","link":"https:\/\/conversesacatalunya.cat\/es\/parlamento-de-cataluna-lucha-politica-encarnizada-por-el-mercado-del-alquiler\/","title":{"rendered":"Parlamento de Catalu\u00f1a: lucha pol\u00edtica encarnizada por el mercado del alquiler"},"content":{"rendered":"<p>La ley de regulaci\u00f3n de los alquileres que est\u00e1 en plena tramitaci\u00f3n en el Parlamento significa una piedra de toque para el partido de Puigdemont y para el PDeCAT, y puede romper, de hecho ya lo ha hecho, la mayor\u00eda de gobierno.<\/p>\n<p>Inicialmente <strong>JxCat y ERC<\/strong> apoyaron el texto que entr\u00f3 en el Parlamento, como es l\u00f3gico por una iniciativa gubernamental, y contaba con el apoyo de <strong>Units Podem y la CUP<\/strong>, una mayor\u00eda m\u00e1s que suficiente para aprobarla. Pero con el paso del tiempo la cuesti\u00f3n se ha ido complicando. El sector inmobiliario, Fomento del Trabajo y otras organizaciones han hecho sentir sus argumentos en contra. Tambi\u00e9n han tenido mucho peso las reflexiones de economistas especializados en el \u00e1mbito de la vivienda, que en su mayor\u00eda han apuntado que una ley como la catalana no resolver\u00eda el problema sino que podr\u00eda agravarlo. Los efectos de la legislaci\u00f3n comparada con Europa parecer\u00edan confirmar esta tendencia, porque en realidad el texto entrado en el Parlamento m\u00e1s que regular el mercado lo que hace es <strong>congelar los precios<\/strong> en determinados territorios y condiciones. La congelaci\u00f3n de precios de cualquier bien es siempre la simplificaci\u00f3n de un problema m\u00e1s profundo y los resultados suelen ser contraproducentes. Aquel bien congelado lo que hace es tender a reducir la oferta en el mercado y crear canales paralelos en el mercado negro donde funciona. Esto se ha observado siempre. Venezuela es un caso espectacular en este sentido. Pero sin necesidad de llegar a este extremo, porque no es el caso, podemos recordar las tentativas del franquismo de intervenir tambi\u00e9n los precios para evitar que aumentaran con un resultado siempre peor que la enfermedad que intentaban curar. Adem\u00e1s, el consejo de <strong>Garant\u00edas Estatutarias<\/strong> ya advirti\u00f3 de que el texto en varios art\u00edculos vulnera la Constituci\u00f3n, y consecuentemente podr\u00eda quedar invalidado cuando fuera recorrido por algunas de las instancias que se oponen.<\/p>\n<p>Todos estos hechos han acabado haciendo mella en el grupo de JxCat que adem\u00e1s ahora presenta una divisi\u00f3n interna importante entre seguidores de Puigdemont y los cuatro diputados que se mantienen fieles al partido de Bonveh\u00ed y Artur Mas. La consecuencia de todo ello ha sido la presentaci\u00f3n de una serie de <strong>enmiendas, ocho en total, de JxCat<\/strong> que, si se aprobaran, transformar\u00edan sustancialmente la ley, dejando un texto que poco tiene que ver con el que inicialmente se ha presentado. Esta transformaci\u00f3n no es asumida por ERC, UP y la CUP, y tambi\u00e9n tiene la total oposici\u00f3n del <strong>Sindicato de inquilinos<\/strong>, que son unos de los m\u00e1ximos responsables de que el actual proyecto de ley se hubiera formulado.<\/p>\n<p>La incertidumbre, por tanto, se cierne sobre los resultados de la votaci\u00f3n. Por una parte por lo que har\u00e1n los cuatro diputados del PDeCAT, si se suman o no a la oposici\u00f3n del PSC, Cs y PP. Por otra parte, en lo que suceder\u00e1 con las enmiendas de JxCat, si al final son aceptadas o no, y si en este caso el partido de Puigdemont retirar\u00eda el apoyo a la ley. Nos encontramos, por tanto, ante otra manifestaci\u00f3n clamorosa de que el gobierno de la Generalitat es una ficci\u00f3n, porque <strong>en realidad hay dos organizaciones gubernamentales<\/strong> que compiten entre ellas. El resultado es un caos de proporciones colosales.<\/p>\n<p>La situaci\u00f3n de los altos precios del alquiler, a pesar de que ahora con la crisis del turismo registran una tendencia a la baja, es un problema social muy grave, porque impide que las personas puedan acceder a una vivienda, que es un derecho contemplado por la Constituci\u00f3n, y tambi\u00e9n limita las posibilidades de emancipaci\u00f3n de los j\u00f3venes y de formar nuevas familias. La cuesti\u00f3n es, sin embargo, si una ley como la formulada es la soluci\u00f3n que se necesita, porque no aborda <strong>el problema de fondo<\/strong>, que no es otro que la extremada falta de vivienda social. Catalu\u00f1a, como Espa\u00f1a, es el pa\u00eds de Europa con menos vivienda de estas caracter\u00edsticas y naturalmente este hecho presiona la oferta al alza. Un abundante parque de vivienda social, de propiedad y de alquiler, tendr\u00eda un efecto sobre los precios y los reducir\u00eda. Esta es la forma l\u00f3gica, la que no distorsiona el mercado, de actuar. Pero hay un sector de la pol\u00edtica, los seguidores de Colau, la gente de ERC, los socialistas, en muchas ocasiones, y la CUP, por supuesto, que, como sucede con los casos de ocupaci\u00f3n de viviendas, quieren resolver un problema social generado por el d\u00e9ficit de iniciativa p\u00fablica a base de cargar las consecuencias sobre los hombros de los ciudadanos, es decir, los propietarios de pisos. La tolerancia con la ocupaci\u00f3n, justificada con los desahucios, obedece a la misma l\u00f3gica y da lugar a una grave distorsi\u00f3n. <strong>No son los propietarios quienes deben resolver el problema social<\/strong>, sino los gobiernos, que por eso recaudan impuestos y tienen obligaciones, en este caso claramente derivadas de la Constituci\u00f3n.<\/p>\n<span class='bctt-click-to-tweet'><span class='bctt-ctt-text'><a href='https:\/\/twitter.com\/intent\/tweet?url=https%3A%2F%2Fconversesacatalunya.cat%2Fes%2Fparlamento-de-cataluna-lucha-politica-encarnizada-por-el-mercado-del-alquiler%2F&#038;text=La%20ley%20de%20regulaci%C3%B3n%20de%20los%20alquileres%20que%20est%C3%A1%20en%20plena%20tramitaci%C3%B3n%20en%20el%20Parlamento%20significa%20una%20piedra%20de%20toque%20para%20el%20partido%20de%20Puigdemont%20y%20para%20el%20PDeCAT%2C%20y%20puede%20romper%20la%20mayor%C3%ADa%20de%20gobierno&#038;via=conversesacat&#038;related=conversesacat' target='_blank'rel=\"noopener noreferrer\">La ley de regulaci\u00f3n de los alquileres que est\u00e1 en plena tramitaci\u00f3n en el Parlamento significa una piedra de toque para el partido de Puigdemont y para el PDeCAT, y puede romper la mayor\u00eda de gobierno <\/a><\/span><a href='https:\/\/twitter.com\/intent\/tweet?url=https%3A%2F%2Fconversesacatalunya.cat%2Fes%2Fparlamento-de-cataluna-lucha-politica-encarnizada-por-el-mercado-del-alquiler%2F&#038;text=La%20ley%20de%20regulaci%C3%B3n%20de%20los%20alquileres%20que%20est%C3%A1%20en%20plena%20tramitaci%C3%B3n%20en%20el%20Parlamento%20significa%20una%20piedra%20de%20toque%20para%20el%20partido%20de%20Puigdemont%20y%20para%20el%20PDeCAT%2C%20y%20puede%20romper%20la%20mayor%C3%ADa%20de%20gobierno&#038;via=conversesacat&#038;related=conversesacat' target='_blank' class='bctt-ctt-btn'rel=\"noopener noreferrer\">Compartir en X<\/a><\/span>\n<div id=\"polls-66\" class=\"wp-polls\">\n\t<form id=\"polls_form_66\" class=\"wp-polls-form\" action=\"\/index.php\" method=\"post\">\n\t\t<p style=\"display: none;\"><input type=\"hidden\" id=\"poll_66_nonce\" name=\"wp-polls-nonce\" value=\"3578eb5827\" \/><\/p>\n\t\t<p style=\"display: none;\"><input type=\"hidden\" name=\"poll_id\" value=\"66\" \/><\/p>\n\t\t<p style=\"text-align: center\"><strong>Creus que el Govern far\u00e0 un bon \u00fas dels 140.000 milions d'euros del Fons de Recuperaci\u00f3 Europeu?<\/strong><\/p><div id=\"polls-66-ans\" class=\"wp-polls-ans\"><ul class=\"wp-polls-ul\">\n\t\t<li><input type=\"radio\" id=\"poll-answer-142\" name=\"poll_66\" value=\"142\" \/> <label for=\"poll-answer-142\">Si<\/label><\/li>\n\t\t<li><input type=\"radio\" id=\"poll-answer-143\" name=\"poll_66\" value=\"143\" \/> <label for=\"poll-answer-143\">No<\/label><\/li>\n\t\t<li><input type=\"radio\" id=\"poll-answer-144\" name=\"poll_66\" value=\"144\" \/> <label for=\"poll-answer-144\">No ho s\u00e9<\/label><\/li>\n\t\t<\/ul><p style=\"text-align: center\"><input type=\"button\" name=\"vote\" value=\"   Vota   \" class=\"Buttons\" onclick=\"poll_vote(66);\" \/><\/p><p style=\"text-align: center\"><a href=\"#ViewPollResults\" onclick=\"poll_result(66); return false;\" title=\"View Results Of This Poll\">Mira els resultats<\/a><\/p><\/div>\n\t<\/form>\n<\/div>\n<div id=\"polls-66-loading\" class=\"wp-polls-loading\"><img decoding=\"async\" data-src=\"https:\/\/conversesacatalunya.cat\/wp-content\/plugins\/wp-polls\/images\/loading.gif\" width=\"16\" height=\"16\" alt=\"Cargando ...\" title=\"Cargando ...\" class=\"wp-polls-image lazyload\" src=\"data:image\/svg+xml;base64,PHN2ZyB3aWR0aD0iMSIgaGVpZ2h0PSIxIiB4bWxucz0iaHR0cDovL3d3dy53My5vcmcvMjAwMC9zdmciPjwvc3ZnPg==\" style=\"--smush-placeholder-width: 16px; --smush-placeholder-aspect-ratio: 16\/16;\" \/>&nbsp;Cargando ...<\/div>\n\n","protected":false},"excerpt":{"rendered":"<p>La ley de regulaci\u00f3n de los alquileres que est\u00e1 en plena tramitaci\u00f3n en el Parlamento significa una piedra de toque para el partido de Puigdemont y para el PDeCAT, y puede romper, de hecho ya lo ha hecho, la mayor\u00eda de gobierno. Inicialmente JxCat y ERC apoyaron el texto que entr\u00f3 en el Parlamento, como es l\u00f3gico por una iniciativa gubernamental, y contaba con el apoyo de Units Podem y la CUP, una mayor\u00eda m\u00e1s que suficiente para aprobarla. Pero con el paso del tiempo la cuesti\u00f3n se ha ido complicando. El sector inmobiliario, Fomento del Trabajo y otras organizaciones han hecho sentir sus argumentos en contra. Tambi\u00e9n han tenido mucho peso las reflexiones de economistas especializados en el \u00e1mbito de la vivienda, que en su mayor\u00eda han apuntado que una ley como la catalana no resolver\u00eda el problema sino que podr\u00eda agravarlo. Los efectos de la legislaci\u00f3n comparada con Europa parecer\u00edan confirmar esta tendencia, porque en realidad el texto entrado en el Parlamento m\u00e1s que regular el mercado lo que hace es congelar los precios en determinados territorios y condiciones. La congelaci\u00f3n de precios de cualquier bien es siempre la simplificaci\u00f3n de un problema m\u00e1s profundo y los resultados suelen ser contraproducentes. Aquel bien congelado lo que hace es tender a reducir la oferta en el mercado y crear canales paralelos en el mercado negro donde funciona. Esto se ha observado siempre. Venezuela es un caso espectacular en este sentido. Pero sin necesidad de llegar a este extremo, porque no es el caso, podemos recordar las tentativas del franquismo de intervenir tambi\u00e9n los precios para evitar que aumentaran con un resultado siempre peor que la enfermedad que intentaban curar. Adem\u00e1s, el consejo de Garant\u00edas Estatutarias ya advirti\u00f3 de que el texto en varios art\u00edculos vulnera la Constituci\u00f3n, y consecuentemente podr\u00eda quedar invalidado cuando fuera recorrido por algunas de las instancias que se oponen. Todos estos hechos han acabado haciendo mella en el grupo de JxCat que adem\u00e1s ahora presenta una divisi\u00f3n interna importante entre seguidores de Puigdemont y los cuatro diputados que se mantienen fieles al partido de Bonveh\u00ed y Artur Mas. La consecuencia de todo ello ha sido la presentaci\u00f3n de una serie de enmiendas, ocho en total, de JxCat que, si se aprobaran, transformar\u00edan sustancialmente la ley, dejando un texto que poco tiene que ver con el que inicialmente se ha presentado. Esta transformaci\u00f3n no es asumida por ERC, UP y la CUP, y tambi\u00e9n tiene la total oposici\u00f3n del Sindicato de inquilinos, que son unos de los m\u00e1ximos responsables de que el actual proyecto de ley se hubiera formulado. La incertidumbre, por tanto, se cierne sobre los resultados de la votaci\u00f3n. Por una parte por lo que har\u00e1n los cuatro diputados del PDeCAT, si se suman o no a la oposici\u00f3n del PSC, Cs y PP. Por otra parte, en lo que suceder\u00e1 con las enmiendas de JxCat, si al final son aceptadas o no, y si en este caso el partido de Puigdemont retirar\u00eda el apoyo a la ley. Nos encontramos, por tanto, ante otra manifestaci\u00f3n clamorosa de que el gobierno de la Generalitat es una ficci\u00f3n, porque en realidad hay dos organizaciones gubernamentales que compiten entre ellas. El resultado es un caos de proporciones colosales. La situaci\u00f3n de los altos precios del alquiler, a pesar de que ahora con la crisis del turismo registran una tendencia a la baja, es un problema social muy grave, porque impide que las personas puedan acceder a una vivienda, que es un derecho contemplado por la Constituci\u00f3n, y tambi\u00e9n limita las posibilidades de emancipaci\u00f3n de los j\u00f3venes y de formar nuevas familias. La cuesti\u00f3n es, sin embargo, si una ley como la formulada es la soluci\u00f3n que se necesita, porque no aborda el problema de fondo, que no es otro que la extremada falta de vivienda social. Catalu\u00f1a, como Espa\u00f1a, es el pa\u00eds de Europa con menos vivienda de estas caracter\u00edsticas y naturalmente este hecho presiona la oferta al alza. Un abundante parque de vivienda social, de propiedad y de alquiler, tendr\u00eda un efecto sobre los precios y los reducir\u00eda. Esta es la forma l\u00f3gica, la que no distorsiona el mercado, de actuar. Pero hay un sector de la pol\u00edtica, los seguidores de Colau, la gente de ERC, los socialistas, en muchas ocasiones, y la CUP, por supuesto, que, como sucede con los casos de ocupaci\u00f3n de viviendas, quieren resolver un problema social generado por el d\u00e9ficit de iniciativa p\u00fablica a base de cargar las consecuencias sobre los hombros de los ciudadanos, es decir, los propietarios de pisos. La tolerancia con la ocupaci\u00f3n, justificada con los desahucios, obedece a la misma l\u00f3gica y da lugar a una grave distorsi\u00f3n. No son los propietarios quienes deben resolver el problema social, sino los gobiernos, que por eso recaudan impuestos y tienen obligaciones, en este caso claramente derivadas de la Constituci\u00f3n.<\/p>\n","protected":false},"author":2,"featured_media":39980,"comment_status":"open","ping_status":"open","sticky":false,"template":"","format":"standard","meta":{"_FSMCFIC_featured_image_caption":"","_FSMCFIC_featured_image_nocaption":"","_FSMCFIC_featured_image_hide":"","footnotes":""},"categories":[806],"tags":[1226,1037,2945],"class_list":["post-39987","post","type-post","status-publish","format-standard","has-post-thumbnail","hentry","category-punts-claus-del-dia-es","tag-alquiler","tag-precios-alquiler","tag-precios-vivienda"],"yoast_head":"<!-- This site is optimized with the Yoast SEO plugin v26.8 - https:\/\/yoast.com\/product\/yoast-seo-wordpress\/ -->\n<title>Parlamento de Catalu\u00f1a: lucha pol\u00edtica encarnizada por el mercado del alquiler - Converses a Catalunya<\/title>\n<meta name=\"description\" content=\"La regulaci\u00f3n de los precios del alquiler significa una piedra de toque para el partido de Puigdemont y para el PDeCAT\" \/>\n<meta name=\"robots\" content=\"index, follow, max-snippet:-1, max-image-preview:large, max-video-preview:-1\" \/>\n<link rel=\"canonical\" href=\"https:\/\/conversesacatalunya.cat\/es\/parlamento-de-cataluna-lucha-politica-encarnizada-por-el-mercado-del-alquiler\/\" \/>\n<meta property=\"og:locale\" content=\"es_ES\" \/>\n<meta property=\"og:type\" content=\"article\" \/>\n<meta property=\"og:title\" content=\"Parlamento de Catalu\u00f1a: lucha pol\u00edtica encarnizada por el mercado del alquiler - Converses a Catalunya\" \/>\n<meta property=\"og:description\" content=\"La regulaci\u00f3n de los precios del alquiler significa una piedra de toque para el partido de Puigdemont y para el PDeCAT\" \/>\n<meta property=\"og:url\" content=\"https:\/\/conversesacatalunya.cat\/es\/parlamento-de-cataluna-lucha-politica-encarnizada-por-el-mercado-del-alquiler\/\" \/>\n<meta property=\"og:site_name\" content=\"Converses a Catalunya\" \/>\n<meta property=\"article:published_time\" content=\"2020-09-09T10:26:44+00:00\" \/>\n<meta property=\"article:modified_time\" content=\"2020-09-09T11:26:16+00:00\" \/>\n<meta property=\"og:image\" content=\"https:\/\/conversesacatalunya.cat\/wp-content\/uploads\/2020\/09\/preus-del-lloguer.jpeg\" \/>\n\t<meta property=\"og:image:width\" content=\"2500\" \/>\n\t<meta property=\"og:image:height\" content=\"1667\" \/>\n\t<meta property=\"og:image:type\" content=\"image\/jpeg\" \/>\n<meta name=\"author\" content=\"conversesacatalunya\" \/>\n<meta name=\"twitter:card\" content=\"summary_large_image\" \/>\n<meta name=\"twitter:label1\" content=\"Escrito por\" \/>\n\t<meta name=\"twitter:data1\" content=\"conversesacatalunya\" \/>\n\t<meta name=\"twitter:label2\" content=\"Tiempo de lectura\" \/>\n\t<meta name=\"twitter:data2\" content=\"5 minutos\" \/>\n<script type=\"application\/ld+json\" class=\"yoast-schema-graph\">{\"@context\":\"https:\/\/schema.org\",\"@graph\":[{\"@type\":\"Article\",\"@id\":\"https:\/\/conversesacatalunya.cat\/es\/parlamento-de-cataluna-lucha-politica-encarnizada-por-el-mercado-del-alquiler\/#article\",\"isPartOf\":{\"@id\":\"https:\/\/conversesacatalunya.cat\/es\/parlamento-de-cataluna-lucha-politica-encarnizada-por-el-mercado-del-alquiler\/\"},\"author\":{\"name\":\"conversesacatalunya\",\"@id\":\"https:\/\/conversesacatalunya.cat\/#\/schema\/person\/7e24d1e54a2785373ddcb275eae5ed99\"},\"headline\":\"Parlamento de Catalu\u00f1a: lucha pol\u00edtica encarnizada por el mercado del alquiler\",\"datePublished\":\"2020-09-09T10:26:44+00:00\",\"dateModified\":\"2020-09-09T11:26:16+00:00\",\"mainEntityOfPage\":{\"@id\":\"https:\/\/conversesacatalunya.cat\/es\/parlamento-de-cataluna-lucha-politica-encarnizada-por-el-mercado-del-alquiler\/\"},\"wordCount\":927,\"commentCount\":0,\"image\":{\"@id\":\"https:\/\/conversesacatalunya.cat\/es\/parlamento-de-cataluna-lucha-politica-encarnizada-por-el-mercado-del-alquiler\/#primaryimage\"},\"thumbnailUrl\":\"https:\/\/conversesacatalunya.cat\/wp-content\/uploads\/2020\/09\/preus-del-lloguer.jpeg\",\"keywords\":[\"alquiler\",\"Precios alquiler\",\"precios vivienda\"],\"articleSection\":[\"Punts clau del dia (ES)\"],\"inLanguage\":\"es\",\"potentialAction\":[{\"@type\":\"CommentAction\",\"name\":\"Comment\",\"target\":[\"https:\/\/conversesacatalunya.cat\/es\/parlamento-de-cataluna-lucha-politica-encarnizada-por-el-mercado-del-alquiler\/#respond\"]}]},{\"@type\":\"WebPage\",\"@id\":\"https:\/\/conversesacatalunya.cat\/es\/parlamento-de-cataluna-lucha-politica-encarnizada-por-el-mercado-del-alquiler\/\",\"url\":\"https:\/\/conversesacatalunya.cat\/es\/parlamento-de-cataluna-lucha-politica-encarnizada-por-el-mercado-del-alquiler\/\",\"name\":\"Parlamento de Catalu\u00f1a: lucha pol\u00edtica encarnizada por el mercado del alquiler - Converses a Catalunya\",\"isPartOf\":{\"@id\":\"https:\/\/conversesacatalunya.cat\/#website\"},\"primaryImageOfPage\":{\"@id\":\"https:\/\/conversesacatalunya.cat\/es\/parlamento-de-cataluna-lucha-politica-encarnizada-por-el-mercado-del-alquiler\/#primaryimage\"},\"image\":{\"@id\":\"https:\/\/conversesacatalunya.cat\/es\/parlamento-de-cataluna-lucha-politica-encarnizada-por-el-mercado-del-alquiler\/#primaryimage\"},\"thumbnailUrl\":\"https:\/\/conversesacatalunya.cat\/wp-content\/uploads\/2020\/09\/preus-del-lloguer.jpeg\",\"datePublished\":\"2020-09-09T10:26:44+00:00\",\"dateModified\":\"2020-09-09T11:26:16+00:00\",\"author\":{\"@id\":\"https:\/\/conversesacatalunya.cat\/#\/schema\/person\/7e24d1e54a2785373ddcb275eae5ed99\"},\"description\":\"La regulaci\u00f3n de los precios del alquiler significa una piedra de toque para el partido de Puigdemont y para el PDeCAT\",\"breadcrumb\":{\"@id\":\"https:\/\/conversesacatalunya.cat\/es\/parlamento-de-cataluna-lucha-politica-encarnizada-por-el-mercado-del-alquiler\/#breadcrumb\"},\"inLanguage\":\"es\",\"potentialAction\":[{\"@type\":\"ReadAction\",\"target\":[\"https:\/\/conversesacatalunya.cat\/es\/parlamento-de-cataluna-lucha-politica-encarnizada-por-el-mercado-del-alquiler\/\"]}]},{\"@type\":\"ImageObject\",\"inLanguage\":\"es\",\"@id\":\"https:\/\/conversesacatalunya.cat\/es\/parlamento-de-cataluna-lucha-politica-encarnizada-por-el-mercado-del-alquiler\/#primaryimage\",\"url\":\"https:\/\/conversesacatalunya.cat\/wp-content\/uploads\/2020\/09\/preus-del-lloguer.jpeg\",\"contentUrl\":\"https:\/\/conversesacatalunya.cat\/wp-content\/uploads\/2020\/09\/preus-del-lloguer.jpeg\",\"width\":2500,\"height\":1667,\"caption\":\"preus del lloguer\"},{\"@type\":\"BreadcrumbList\",\"@id\":\"https:\/\/conversesacatalunya.cat\/es\/parlamento-de-cataluna-lucha-politica-encarnizada-por-el-mercado-del-alquiler\/#breadcrumb\",\"itemListElement\":[{\"@type\":\"ListItem\",\"position\":1,\"name\":\"Inici\",\"item\":\"https:\/\/conversesacatalunya.cat\/es\/\"},{\"@type\":\"ListItem\",\"position\":2,\"name\":\"Parlamento de Catalu\u00f1a: lucha pol\u00edtica encarnizada por el mercado del alquiler\"}]},{\"@type\":\"WebSite\",\"@id\":\"https:\/\/conversesacatalunya.cat\/#website\",\"url\":\"https:\/\/conversesacatalunya.cat\/\",\"name\":\"Converses a Catalunya\",\"description\":\"\",\"potentialAction\":[{\"@type\":\"SearchAction\",\"target\":{\"@type\":\"EntryPoint\",\"urlTemplate\":\"https:\/\/conversesacatalunya.cat\/?s={search_term_string}\"},\"query-input\":{\"@type\":\"PropertyValueSpecification\",\"valueRequired\":true,\"valueName\":\"search_term_string\"}}],\"inLanguage\":\"es\"},{\"@type\":\"Person\",\"@id\":\"https:\/\/conversesacatalunya.cat\/#\/schema\/person\/7e24d1e54a2785373ddcb275eae5ed99\",\"name\":\"conversesacatalunya\",\"image\":{\"@type\":\"ImageObject\",\"inLanguage\":\"es\",\"@id\":\"https:\/\/conversesacatalunya.cat\/#\/schema\/person\/image\/\",\"url\":\"https:\/\/conversesacatalunya.cat\/wp-content\/litespeed\/avatar\/febdfeeec89d950f01c748045a981dd2.jpg?ver=1777314535\",\"contentUrl\":\"https:\/\/conversesacatalunya.cat\/wp-content\/litespeed\/avatar\/febdfeeec89d950f01c748045a981dd2.jpg?ver=1777314535\",\"caption\":\"conversesacatalunya\"},\"url\":\"https:\/\/conversesacatalunya.cat\/es\/author\/carme_catala\/\"}]}<\/script>\n<!-- \/ Yoast SEO plugin. -->","yoast_head_json":{"title":"Parlamento de Catalu\u00f1a: lucha pol\u00edtica encarnizada por el mercado del alquiler - Converses a Catalunya","description":"La regulaci\u00f3n de los precios del alquiler significa una piedra de toque para el partido de Puigdemont y para el PDeCAT","robots":{"index":"index","follow":"follow","max-snippet":"max-snippet:-1","max-image-preview":"max-image-preview:large","max-video-preview":"max-video-preview:-1"},"canonical":"https:\/\/conversesacatalunya.cat\/es\/parlamento-de-cataluna-lucha-politica-encarnizada-por-el-mercado-del-alquiler\/","og_locale":"es_ES","og_type":"article","og_title":"Parlamento de Catalu\u00f1a: lucha pol\u00edtica encarnizada por el mercado del alquiler - Converses a Catalunya","og_description":"La regulaci\u00f3n de los precios del alquiler significa una piedra de toque para el partido de Puigdemont y para el PDeCAT","og_url":"https:\/\/conversesacatalunya.cat\/es\/parlamento-de-cataluna-lucha-politica-encarnizada-por-el-mercado-del-alquiler\/","og_site_name":"Converses a Catalunya","article_published_time":"2020-09-09T10:26:44+00:00","article_modified_time":"2020-09-09T11:26:16+00:00","og_image":[{"width":2500,"height":1667,"url":"https:\/\/conversesacatalunya.cat\/wp-content\/uploads\/2020\/09\/preus-del-lloguer.jpeg","type":"image\/jpeg"}],"author":"conversesacatalunya","twitter_card":"summary_large_image","twitter_misc":{"Escrito por":"conversesacatalunya","Tiempo de lectura":"5 minutos"},"schema":{"@context":"https:\/\/schema.org","@graph":[{"@type":"Article","@id":"https:\/\/conversesacatalunya.cat\/es\/parlamento-de-cataluna-lucha-politica-encarnizada-por-el-mercado-del-alquiler\/#article","isPartOf":{"@id":"https:\/\/conversesacatalunya.cat\/es\/parlamento-de-cataluna-lucha-politica-encarnizada-por-el-mercado-del-alquiler\/"},"author":{"name":"conversesacatalunya","@id":"https:\/\/conversesacatalunya.cat\/#\/schema\/person\/7e24d1e54a2785373ddcb275eae5ed99"},"headline":"Parlamento de Catalu\u00f1a: lucha pol\u00edtica encarnizada por el mercado del alquiler","datePublished":"2020-09-09T10:26:44+00:00","dateModified":"2020-09-09T11:26:16+00:00","mainEntityOfPage":{"@id":"https:\/\/conversesacatalunya.cat\/es\/parlamento-de-cataluna-lucha-politica-encarnizada-por-el-mercado-del-alquiler\/"},"wordCount":927,"commentCount":0,"image":{"@id":"https:\/\/conversesacatalunya.cat\/es\/parlamento-de-cataluna-lucha-politica-encarnizada-por-el-mercado-del-alquiler\/#primaryimage"},"thumbnailUrl":"https:\/\/conversesacatalunya.cat\/wp-content\/uploads\/2020\/09\/preus-del-lloguer.jpeg","keywords":["alquiler","Precios alquiler","precios vivienda"],"articleSection":["Punts clau del dia (ES)"],"inLanguage":"es","potentialAction":[{"@type":"CommentAction","name":"Comment","target":["https:\/\/conversesacatalunya.cat\/es\/parlamento-de-cataluna-lucha-politica-encarnizada-por-el-mercado-del-alquiler\/#respond"]}]},{"@type":"WebPage","@id":"https:\/\/conversesacatalunya.cat\/es\/parlamento-de-cataluna-lucha-politica-encarnizada-por-el-mercado-del-alquiler\/","url":"https:\/\/conversesacatalunya.cat\/es\/parlamento-de-cataluna-lucha-politica-encarnizada-por-el-mercado-del-alquiler\/","name":"Parlamento de Catalu\u00f1a: lucha pol\u00edtica encarnizada por el mercado del alquiler - Converses a Catalunya","isPartOf":{"@id":"https:\/\/conversesacatalunya.cat\/#website"},"primaryImageOfPage":{"@id":"https:\/\/conversesacatalunya.cat\/es\/parlamento-de-cataluna-lucha-politica-encarnizada-por-el-mercado-del-alquiler\/#primaryimage"},"image":{"@id":"https:\/\/conversesacatalunya.cat\/es\/parlamento-de-cataluna-lucha-politica-encarnizada-por-el-mercado-del-alquiler\/#primaryimage"},"thumbnailUrl":"https:\/\/conversesacatalunya.cat\/wp-content\/uploads\/2020\/09\/preus-del-lloguer.jpeg","datePublished":"2020-09-09T10:26:44+00:00","dateModified":"2020-09-09T11:26:16+00:00","author":{"@id":"https:\/\/conversesacatalunya.cat\/#\/schema\/person\/7e24d1e54a2785373ddcb275eae5ed99"},"description":"La regulaci\u00f3n de los precios del alquiler significa una piedra de toque para el partido de Puigdemont y para el PDeCAT","breadcrumb":{"@id":"https:\/\/conversesacatalunya.cat\/es\/parlamento-de-cataluna-lucha-politica-encarnizada-por-el-mercado-del-alquiler\/#breadcrumb"},"inLanguage":"es","potentialAction":[{"@type":"ReadAction","target":["https:\/\/conversesacatalunya.cat\/es\/parlamento-de-cataluna-lucha-politica-encarnizada-por-el-mercado-del-alquiler\/"]}]},{"@type":"ImageObject","inLanguage":"es","@id":"https:\/\/conversesacatalunya.cat\/es\/parlamento-de-cataluna-lucha-politica-encarnizada-por-el-mercado-del-alquiler\/#primaryimage","url":"https:\/\/conversesacatalunya.cat\/wp-content\/uploads\/2020\/09\/preus-del-lloguer.jpeg","contentUrl":"https:\/\/conversesacatalunya.cat\/wp-content\/uploads\/2020\/09\/preus-del-lloguer.jpeg","width":2500,"height":1667,"caption":"preus del lloguer"},{"@type":"BreadcrumbList","@id":"https:\/\/conversesacatalunya.cat\/es\/parlamento-de-cataluna-lucha-politica-encarnizada-por-el-mercado-del-alquiler\/#breadcrumb","itemListElement":[{"@type":"ListItem","position":1,"name":"Inici","item":"https:\/\/conversesacatalunya.cat\/es\/"},{"@type":"ListItem","position":2,"name":"Parlamento de Catalu\u00f1a: lucha pol\u00edtica encarnizada por el mercado del alquiler"}]},{"@type":"WebSite","@id":"https:\/\/conversesacatalunya.cat\/#website","url":"https:\/\/conversesacatalunya.cat\/","name":"Converses a Catalunya","description":"","potentialAction":[{"@type":"SearchAction","target":{"@type":"EntryPoint","urlTemplate":"https:\/\/conversesacatalunya.cat\/?s={search_term_string}"},"query-input":{"@type":"PropertyValueSpecification","valueRequired":true,"valueName":"search_term_string"}}],"inLanguage":"es"},{"@type":"Person","@id":"https:\/\/conversesacatalunya.cat\/#\/schema\/person\/7e24d1e54a2785373ddcb275eae5ed99","name":"conversesacatalunya","image":{"@type":"ImageObject","inLanguage":"es","@id":"https:\/\/conversesacatalunya.cat\/#\/schema\/person\/image\/","url":"https:\/\/conversesacatalunya.cat\/wp-content\/litespeed\/avatar\/febdfeeec89d950f01c748045a981dd2.jpg?ver=1777314535","contentUrl":"https:\/\/conversesacatalunya.cat\/wp-content\/litespeed\/avatar\/febdfeeec89d950f01c748045a981dd2.jpg?ver=1777314535","caption":"conversesacatalunya"},"url":"https:\/\/conversesacatalunya.cat\/es\/author\/carme_catala\/"}]}},"wps_subtitle":"","_links":{"self":[{"href":"https:\/\/conversesacatalunya.cat\/es\/wp-json\/wp\/v2\/posts\/39987","targetHints":{"allow":["GET"]}}],"collection":[{"href":"https:\/\/conversesacatalunya.cat\/es\/wp-json\/wp\/v2\/posts"}],"about":[{"href":"https:\/\/conversesacatalunya.cat\/es\/wp-json\/wp\/v2\/types\/post"}],"author":[{"embeddable":true,"href":"https:\/\/conversesacatalunya.cat\/es\/wp-json\/wp\/v2\/users\/2"}],"replies":[{"embeddable":true,"href":"https:\/\/conversesacatalunya.cat\/es\/wp-json\/wp\/v2\/comments?post=39987"}],"version-history":[{"count":2,"href":"https:\/\/conversesacatalunya.cat\/es\/wp-json\/wp\/v2\/posts\/39987\/revisions"}],"predecessor-version":[{"id":39988,"href":"https:\/\/conversesacatalunya.cat\/es\/wp-json\/wp\/v2\/posts\/39987\/revisions\/39988"}],"wp:featuredmedia":[{"embeddable":true,"href":"https:\/\/conversesacatalunya.cat\/es\/wp-json\/wp\/v2\/media\/39980"}],"wp:attachment":[{"href":"https:\/\/conversesacatalunya.cat\/es\/wp-json\/wp\/v2\/media?parent=39987"}],"wp:term":[{"taxonomy":"category","embeddable":true,"href":"https:\/\/conversesacatalunya.cat\/es\/wp-json\/wp\/v2\/categories?post=39987"},{"taxonomy":"post_tag","embeddable":true,"href":"https:\/\/conversesacatalunya.cat\/es\/wp-json\/wp\/v2\/tags?post=39987"}],"curies":[{"name":"wp","href":"https:\/\/api.w.org\/{rel}","templated":true}]}}