{"id":39931,"date":"2020-09-08T12:40:23","date_gmt":"2020-09-08T10:40:23","guid":{"rendered":"https:\/\/conversesacatalunya.cat\/por-que-cataluna-ha-triunfado-en-la-lucha-contra-los-incendios-forestales-y-fracasa-con-el-covid-19\/"},"modified":"2020-09-09T10:45:21","modified_gmt":"2020-09-09T08:45:21","slug":"por-que-cataluna-ha-triunfado-en-la-lucha-contra-los-incendios-forestales-y-fracasa-con-el-covid-19","status":"publish","type":"post","link":"https:\/\/conversesacatalunya.cat\/es\/por-que-cataluna-ha-triunfado-en-la-lucha-contra-los-incendios-forestales-y-fracasa-con-el-covid-19\/","title":{"rendered":"\u00bfPor qu\u00e9 Catalu\u00f1a ha triunfado en la lucha contra los incendios forestales y fracasa con el Covid-19?"},"content":{"rendered":"<p>Los incendios forestales fueron hasta 1986 una plaga para Catalu\u00f1a. El abandono del bosque, la penetraci\u00f3n masiva de los ciudadanos durante el fin de semana, la proliferaci\u00f3n de segundas residencias, entre otras razones, m\u00e1s el clima mediterr\u00e1neo, hicieron que Catalu\u00f1a estuviera cada verano al albor del clima y que de esta manera se multiplicaran los grandes incendios. El \u00faltimo importante fue en 1986, por lo tanto hace 34 a\u00f1os. A partir de entonces, s\u00f3lo se han producido tres grandes episodios de incendios: en 1994, el mayor de todos con diferencia, en el que se quemaron casi 76.000 hect\u00e1reas, y ya a una escala mucho menor en 1998 con 18.000 hect\u00e1reas quemadas y en 2012 con 15.000 hect\u00e1reas, que son cifras moderadas. El resto de los a\u00f1os ha habido multitud de focos que han quemado varios miles de hect\u00e1reas, por ejemplo, el a\u00f1o pasado fueron poco m\u00e1s de 2.000 las hect\u00e1reas quemadas, y este a\u00f1o no llegan ni a las 200. Todo ello en un pa\u00eds en que su mayor parte de superficie es forestal, de hecho es uno de los territorios con m\u00e1s bosque de Europa (otra cosa es su calidad).<\/p>\n<p>En todos estos a\u00f1os la gesti\u00f3n del bosque no ha mejorado y m\u00e1s bien la \u00faltima d\u00e9cada ha tendido a empeorar. El n\u00famero de focos que se produce cada verano es muy alto. Cientos y cientos de incendios comienzan, lo que sucede es que no prosperan porque Catalu\u00f1a dispone desde 1987 de una metodolog\u00eda y de una estrategia basada en la <strong>detecci\u00f3n r\u00e1pida del foco<\/strong>, la <strong>intervenci\u00f3n inmediata<\/strong> sobre \u00e9l para evitar que crezca y un buen control del territorio, tanto en el orden de la prevenci\u00f3n como de la actuaci\u00f3n. Desde el inicio del <a href=\"https:\/\/ca.wikipedia.org\/wiki\/Programa_Foc_Verd\" target=\"_blank\" rel=\"noopener noreferrer\">Programa Foc Verd<\/a> de 1987, se han desarrollado y perfeccionado los par\u00e1metros de control e intervenci\u00f3n, las estrategias y los recursos, y el resultado es singularmente bueno. Es uno de los logros que puede exhibir el pa\u00eds y que parad\u00f3jicamente es poco celebrado.<\/p>\n<p><strong>Pero \u00bfqu\u00e9 tiene que ver un incendio forestal con una pandemia?<\/strong> Pues los puntos de contacto son numerosos y la l\u00f3gica com\u00fan es equivalente, lo que es naturalmente diferente son los medios que se utilizan y los par\u00e1metros que se utilizan, espec\u00edficos en cada caso. Todo se concentra en el mismo punto: la <strong>detecci\u00f3n inmediata del foco<\/strong>. En el caso de la pandemia, la prioridad ser\u00eda a\u00fan m\u00e1s precisa: la detecci\u00f3n inmediata de las personas afectadas y detr\u00e1s de este punto se despliega toda la dimensi\u00f3n necesaria de tests y de pruebas. La segunda gran cuesti\u00f3n es la intervenci\u00f3n r\u00e1pida, impedir que el foco se propague, y aqu\u00ed entran en juego los <a href=\"https:\/\/conversesacatalunya.cat\/es\/un-ejercito-de-rastreadores-si-pero-es-suficiente\/\" target=\"_blank\" rel=\"noopener noreferrer\">rastreadores y la eficacia de su trabajo<\/a> y el control de los confinamientos. Cuanto m\u00e1s alta sea su efectividad, mejor es el resultado. Se trata de trasplantar a la salud p\u00fablica la misma operaci\u00f3n que se hace para <strong>perimetrar<\/strong> el incendio, pasar a la <strong>fase de control<\/strong> de este y ulteriormente <strong>extinguirlo<\/strong>. La l\u00f3gica es exactamente la misma: perimetrar los contagios de una persona, evitar que este per\u00edmetro se extienda y vigilar que ella sola se consuma a trav\u00e9s de la cuarentena.<\/p>\n<p>La pregunta es: \u00bfpor qu\u00e9 si hemos sabido concebir estrategias efectivas y aplicar las medidas necesarias a los incendios forestales, el gobierno actual se demuestra incapaz de llevar a cabo la tarea equivalente para afrontar un problema mucho m\u00e1s tr\u00e1gico y mucho m\u00e1s perjudicial econ\u00f3micamente como es el Covid -19?<\/p>\n<p style=\"text-align: center;\">M\u00e1s informaci\u00f3n sobre el coronavirus en <a href=\"https:\/\/conversesacatalunya.cat\/es\/coronavirus\/\" target=\"_blank\" rel=\"noopener noreferrer\"><strong>ESPECIAL CORONAVIRUS<\/strong><\/a><\/p>\n<span class='bctt-click-to-tweet'><span class='bctt-ctt-text'><a href='https:\/\/twitter.com\/intent\/tweet?url=https%3A%2F%2Fconversesacatalunya.cat%2Fes%2Fpor-que-cataluna-ha-triunfado-en-la-lucha-contra-los-incendios-forestales-y-fracasa-con-el-covid-19%2F&#038;text=%C2%BFPor%20qu%C3%A9%20si%20hemos%20sabido%20concebir%20estrategias%20efectivas%20y%20aplicar%20las%20medidas%20necesarias%20a%20los%20incendios%20forestales%2C%20el%20gobierno%20actual%20se%20demuestra%20incapaz%20de%20llevar%20a%20cabo%20la%20tarea%20equivalente%20para%20afrontar%20un%20problema%20mucho%20m%C3%A1s%E2%80%A6&#038;via=conversesacat&#038;related=conversesacat' target='_blank'rel=\"noopener noreferrer\">\u00bfPor qu\u00e9 si hemos sabido concebir estrategias efectivas y aplicar las medidas necesarias a los incendios forestales, el gobierno actual se demuestra incapaz de llevar a cabo la tarea equivalente para afrontar un problema mucho m\u00e1s\u2026 <\/a><\/span><a href='https:\/\/twitter.com\/intent\/tweet?url=https%3A%2F%2Fconversesacatalunya.cat%2Fes%2Fpor-que-cataluna-ha-triunfado-en-la-lucha-contra-los-incendios-forestales-y-fracasa-con-el-covid-19%2F&#038;text=%C2%BFPor%20qu%C3%A9%20si%20hemos%20sabido%20concebir%20estrategias%20efectivas%20y%20aplicar%20las%20medidas%20necesarias%20a%20los%20incendios%20forestales%2C%20el%20gobierno%20actual%20se%20demuestra%20incapaz%20de%20llevar%20a%20cabo%20la%20tarea%20equivalente%20para%20afrontar%20un%20problema%20mucho%20m%C3%A1s%E2%80%A6&#038;via=conversesacat&#038;related=conversesacat' target='_blank' class='bctt-ctt-btn'rel=\"noopener noreferrer\">Compartir en X<\/a><\/span>\n<div id=\"polls-66\" class=\"wp-polls\">\n\t<form id=\"polls_form_66\" class=\"wp-polls-form\" action=\"\/index.php\" method=\"post\">\n\t\t<p style=\"display: none;\"><input type=\"hidden\" id=\"poll_66_nonce\" name=\"wp-polls-nonce\" value=\"3578eb5827\" \/><\/p>\n\t\t<p style=\"display: none;\"><input type=\"hidden\" name=\"poll_id\" value=\"66\" \/><\/p>\n\t\t<p style=\"text-align: center\"><strong>Creus que el Govern far\u00e0 un bon \u00fas dels 140.000 milions d'euros del Fons de Recuperaci\u00f3 Europeu?<\/strong><\/p><div id=\"polls-66-ans\" class=\"wp-polls-ans\"><ul class=\"wp-polls-ul\">\n\t\t<li><input type=\"radio\" id=\"poll-answer-142\" name=\"poll_66\" value=\"142\" \/> <label for=\"poll-answer-142\">Si<\/label><\/li>\n\t\t<li><input type=\"radio\" id=\"poll-answer-143\" name=\"poll_66\" value=\"143\" \/> <label for=\"poll-answer-143\">No<\/label><\/li>\n\t\t<li><input type=\"radio\" id=\"poll-answer-144\" name=\"poll_66\" value=\"144\" \/> <label for=\"poll-answer-144\">No ho s\u00e9<\/label><\/li>\n\t\t<\/ul><p style=\"text-align: center\"><input type=\"button\" name=\"vote\" value=\"   Vota   \" class=\"Buttons\" onclick=\"poll_vote(66);\" \/><\/p><p style=\"text-align: center\"><a href=\"#ViewPollResults\" onclick=\"poll_result(66); return false;\" title=\"View Results Of This Poll\">Mira els resultats<\/a><\/p><\/div>\n\t<\/form>\n<\/div>\n<div id=\"polls-66-loading\" class=\"wp-polls-loading\"><img decoding=\"async\" data-src=\"https:\/\/conversesacatalunya.cat\/wp-content\/plugins\/wp-polls\/images\/loading.gif\" width=\"16\" height=\"16\" alt=\"Cargando ...\" title=\"Cargando ...\" class=\"wp-polls-image lazyload\" src=\"data:image\/svg+xml;base64,PHN2ZyB3aWR0aD0iMSIgaGVpZ2h0PSIxIiB4bWxucz0iaHR0cDovL3d3dy53My5vcmcvMjAwMC9zdmciPjwvc3ZnPg==\" style=\"--smush-placeholder-width: 16px; --smush-placeholder-aspect-ratio: 16\/16;\" \/>&nbsp;Cargando ...<\/div>\n\n","protected":false},"excerpt":{"rendered":"<p>Los incendios forestales fueron hasta 1986 una plaga para Catalu\u00f1a. El abandono del bosque, la penetraci\u00f3n masiva de los ciudadanos durante el fin de semana, la proliferaci\u00f3n de segundas residencias, entre otras razones, m\u00e1s el clima mediterr\u00e1neo, hicieron que Catalu\u00f1a estuviera cada verano al albor del clima y que de esta manera se multiplicaran los grandes incendios. El \u00faltimo importante fue en 1986, por lo tanto hace 34 a\u00f1os. A partir de entonces, s\u00f3lo se han producido tres grandes episodios de incendios: en 1994, el mayor de todos con diferencia, en el que se quemaron casi 76.000 hect\u00e1reas, y ya a una escala mucho menor en 1998 con 18.000 hect\u00e1reas quemadas y en 2012 con 15.000 hect\u00e1reas, que son cifras moderadas. El resto de los a\u00f1os ha habido multitud de focos que han quemado varios miles de hect\u00e1reas, por ejemplo, el a\u00f1o pasado fueron poco m\u00e1s de 2.000 las hect\u00e1reas quemadas, y este a\u00f1o no llegan ni a las 200. Todo ello en un pa\u00eds en que su mayor parte de superficie es forestal, de hecho es uno de los territorios con m\u00e1s bosque de Europa (otra cosa es su calidad). En todos estos a\u00f1os la gesti\u00f3n del bosque no ha mejorado y m\u00e1s bien la \u00faltima d\u00e9cada ha tendido a empeorar. El n\u00famero de focos que se produce cada verano es muy alto. Cientos y cientos de incendios comienzan, lo que sucede es que no prosperan porque Catalu\u00f1a dispone desde 1987 de una metodolog\u00eda y de una estrategia basada en la detecci\u00f3n r\u00e1pida del foco, la intervenci\u00f3n inmediata sobre \u00e9l para evitar que crezca y un buen control del territorio, tanto en el orden de la prevenci\u00f3n como de la actuaci\u00f3n. Desde el inicio del Programa Foc Verd de 1987, se han desarrollado y perfeccionado los par\u00e1metros de control e intervenci\u00f3n, las estrategias y los recursos, y el resultado es singularmente bueno. Es uno de los logros que puede exhibir el pa\u00eds y que parad\u00f3jicamente es poco celebrado. Pero \u00bfqu\u00e9 tiene que ver un incendio forestal con una pandemia? Pues los puntos de contacto son numerosos y la l\u00f3gica com\u00fan es equivalente, lo que es naturalmente diferente son los medios que se utilizan y los par\u00e1metros que se utilizan, espec\u00edficos en cada caso. Todo se concentra en el mismo punto: la detecci\u00f3n inmediata del foco. En el caso de la pandemia, la prioridad ser\u00eda a\u00fan m\u00e1s precisa: la detecci\u00f3n inmediata de las personas afectadas y detr\u00e1s de este punto se despliega toda la dimensi\u00f3n necesaria de tests y de pruebas. La segunda gran cuesti\u00f3n es la intervenci\u00f3n r\u00e1pida, impedir que el foco se propague, y aqu\u00ed entran en juego los rastreadores y la eficacia de su trabajo y el control de los confinamientos. Cuanto m\u00e1s alta sea su efectividad, mejor es el resultado. Se trata de trasplantar a la salud p\u00fablica la misma operaci\u00f3n que se hace para perimetrar el incendio, pasar a la fase de control de este y ulteriormente extinguirlo. La l\u00f3gica es exactamente la misma: perimetrar los contagios de una persona, evitar que este per\u00edmetro se extienda y vigilar que ella sola se consuma a trav\u00e9s de la cuarentena. La pregunta es: \u00bfpor qu\u00e9 si hemos sabido concebir estrategias efectivas y aplicar las medidas necesarias a los incendios forestales, el gobierno actual se demuestra incapaz de llevar a cabo la tarea equivalente para afrontar un problema mucho m\u00e1s tr\u00e1gico y mucho m\u00e1s perjudicial econ\u00f3micamente como es el Covid -19? M\u00e1s informaci\u00f3n sobre el coronavirus en ESPECIAL CORONAVIRUS<\/p>\n","protected":false},"author":2,"featured_media":39881,"comment_status":"open","ping_status":"open","sticky":false,"template":"","format":"standard","meta":{"_FSMCFIC_featured_image_caption":"","_FSMCFIC_featured_image_nocaption":"","_FSMCFIC_featured_image_hide":"","footnotes":""},"categories":[1772,806],"tags":[2895],"class_list":["post-39931","post","type-post","status-publish","format-standard","has-post-thumbnail","hentry","category-especial-coronavirus-es","category-punts-claus-del-dia-es","tag-rastreadores"],"yoast_head":"<!-- This site is optimized with the Yoast SEO plugin v26.8 - https:\/\/yoast.com\/product\/yoast-seo-wordpress\/ -->\n<title>\u00bfPor qu\u00e9 Catalu\u00f1a ha triunfado en la lucha contra los incendios forestales y fracasa con el Covid-19? - Converses a Catalunya<\/title>\n<meta name=\"robots\" content=\"index, follow, max-snippet:-1, max-image-preview:large, max-video-preview:-1\" \/>\n<link rel=\"canonical\" href=\"https:\/\/conversesacatalunya.cat\/es\/por-que-cataluna-ha-triunfado-en-la-lucha-contra-los-incendios-forestales-y-fracasa-con-el-covid-19\/\" \/>\n<meta property=\"og:locale\" content=\"es_ES\" \/>\n<meta property=\"og:type\" content=\"article\" \/>\n<meta property=\"og:title\" content=\"\u00bfPor qu\u00e9 Catalu\u00f1a ha triunfado en la lucha contra los incendios forestales y fracasa con el Covid-19? - Converses a Catalunya\" \/>\n<meta property=\"og:description\" content=\"Los incendios forestales fueron hasta 1986 una plaga para Catalu\u00f1a. El abandono del bosque, la penetraci\u00f3n masiva de los ciudadanos durante el fin de semana, la proliferaci\u00f3n de segundas residencias, entre otras razones, m\u00e1s el clima mediterr\u00e1neo, hicieron que Catalu\u00f1a estuviera cada verano al albor del clima y que de esta manera se multiplicaran los grandes incendios. El \u00faltimo importante fue en 1986, por lo tanto hace 34 a\u00f1os. A partir de entonces, s\u00f3lo se han producido tres grandes episodios de incendios: en 1994, el mayor de todos con diferencia, en el que se quemaron casi 76.000 hect\u00e1reas, y ya a una escala mucho menor en 1998 con 18.000 hect\u00e1reas quemadas y en 2012 con 15.000 hect\u00e1reas, que son cifras moderadas. El resto de los a\u00f1os ha habido multitud de focos que han quemado varios miles de hect\u00e1reas, por ejemplo, el a\u00f1o pasado fueron poco m\u00e1s de 2.000 las hect\u00e1reas quemadas, y este a\u00f1o no llegan ni a las 200. Todo ello en un pa\u00eds en que su mayor parte de superficie es forestal, de hecho es uno de los territorios con m\u00e1s bosque de Europa (otra cosa es su calidad). En todos estos a\u00f1os la gesti\u00f3n del bosque no ha mejorado y m\u00e1s bien la \u00faltima d\u00e9cada ha tendido a empeorar. El n\u00famero de focos que se produce cada verano es muy alto. Cientos y cientos de incendios comienzan, lo que sucede es que no prosperan porque Catalu\u00f1a dispone desde 1987 de una metodolog\u00eda y de una estrategia basada en la detecci\u00f3n r\u00e1pida del foco, la intervenci\u00f3n inmediata sobre \u00e9l para evitar que crezca y un buen control del territorio, tanto en el orden de la prevenci\u00f3n como de la actuaci\u00f3n. Desde el inicio del Programa Foc Verd de 1987, se han desarrollado y perfeccionado los par\u00e1metros de control e intervenci\u00f3n, las estrategias y los recursos, y el resultado es singularmente bueno. Es uno de los logros que puede exhibir el pa\u00eds y que parad\u00f3jicamente es poco celebrado. Pero \u00bfqu\u00e9 tiene que ver un incendio forestal con una pandemia? Pues los puntos de contacto son numerosos y la l\u00f3gica com\u00fan es equivalente, lo que es naturalmente diferente son los medios que se utilizan y los par\u00e1metros que se utilizan, espec\u00edficos en cada caso. Todo se concentra en el mismo punto: la detecci\u00f3n inmediata del foco. En el caso de la pandemia, la prioridad ser\u00eda a\u00fan m\u00e1s precisa: la detecci\u00f3n inmediata de las personas afectadas y detr\u00e1s de este punto se despliega toda la dimensi\u00f3n necesaria de tests y de pruebas. La segunda gran cuesti\u00f3n es la intervenci\u00f3n r\u00e1pida, impedir que el foco se propague, y aqu\u00ed entran en juego los rastreadores y la eficacia de su trabajo y el control de los confinamientos. Cuanto m\u00e1s alta sea su efectividad, mejor es el resultado. Se trata de trasplantar a la salud p\u00fablica la misma operaci\u00f3n que se hace para perimetrar el incendio, pasar a la fase de control de este y ulteriormente extinguirlo. La l\u00f3gica es exactamente la misma: perimetrar los contagios de una persona, evitar que este per\u00edmetro se extienda y vigilar que ella sola se consuma a trav\u00e9s de la cuarentena. La pregunta es: \u00bfpor qu\u00e9 si hemos sabido concebir estrategias efectivas y aplicar las medidas necesarias a los incendios forestales, el gobierno actual se demuestra incapaz de llevar a cabo la tarea equivalente para afrontar un problema mucho m\u00e1s tr\u00e1gico y mucho m\u00e1s perjudicial econ\u00f3micamente como es el Covid -19? M\u00e1s informaci\u00f3n sobre el coronavirus en ESPECIAL CORONAVIRUS\" \/>\n<meta property=\"og:url\" content=\"https:\/\/conversesacatalunya.cat\/es\/por-que-cataluna-ha-triunfado-en-la-lucha-contra-los-incendios-forestales-y-fracasa-con-el-covid-19\/\" \/>\n<meta property=\"og:site_name\" content=\"Converses a Catalunya\" \/>\n<meta property=\"article:published_time\" content=\"2020-09-08T10:40:23+00:00\" \/>\n<meta property=\"article:modified_time\" content=\"2020-09-09T08:45:21+00:00\" \/>\n<meta property=\"og:image\" content=\"https:\/\/conversesacatalunya.cat\/wp-content\/uploads\/2020\/09\/incendis-forestals.jpg\" \/>\n\t<meta property=\"og:image:width\" content=\"1200\" \/>\n\t<meta property=\"og:image:height\" content=\"900\" \/>\n\t<meta property=\"og:image:type\" content=\"image\/jpeg\" \/>\n<meta name=\"author\" content=\"conversesacatalunya\" \/>\n<meta name=\"twitter:card\" content=\"summary_large_image\" \/>\n<meta name=\"twitter:label1\" content=\"Escrito por\" \/>\n\t<meta name=\"twitter:data1\" content=\"conversesacatalunya\" \/>\n\t<meta name=\"twitter:label2\" content=\"Tiempo de lectura\" \/>\n\t<meta name=\"twitter:data2\" content=\"3 minutos\" \/>\n<script type=\"application\/ld+json\" class=\"yoast-schema-graph\">{\"@context\":\"https:\/\/schema.org\",\"@graph\":[{\"@type\":\"Article\",\"@id\":\"https:\/\/conversesacatalunya.cat\/es\/por-que-cataluna-ha-triunfado-en-la-lucha-contra-los-incendios-forestales-y-fracasa-con-el-covid-19\/#article\",\"isPartOf\":{\"@id\":\"https:\/\/conversesacatalunya.cat\/es\/por-que-cataluna-ha-triunfado-en-la-lucha-contra-los-incendios-forestales-y-fracasa-con-el-covid-19\/\"},\"author\":{\"name\":\"conversesacatalunya\",\"@id\":\"https:\/\/conversesacatalunya.cat\/#\/schema\/person\/7e24d1e54a2785373ddcb275eae5ed99\"},\"headline\":\"\u00bfPor qu\u00e9 Catalu\u00f1a ha triunfado en la lucha contra los incendios forestales y fracasa con el Covid-19?\",\"datePublished\":\"2020-09-08T10:40:23+00:00\",\"dateModified\":\"2020-09-09T08:45:21+00:00\",\"mainEntityOfPage\":{\"@id\":\"https:\/\/conversesacatalunya.cat\/es\/por-que-cataluna-ha-triunfado-en-la-lucha-contra-los-incendios-forestales-y-fracasa-con-el-covid-19\/\"},\"wordCount\":704,\"commentCount\":0,\"image\":{\"@id\":\"https:\/\/conversesacatalunya.cat\/es\/por-que-cataluna-ha-triunfado-en-la-lucha-contra-los-incendios-forestales-y-fracasa-con-el-covid-19\/#primaryimage\"},\"thumbnailUrl\":\"https:\/\/conversesacatalunya.cat\/wp-content\/uploads\/2020\/09\/incendis-forestals.jpg\",\"keywords\":[\"rastreadores\"],\"articleSection\":[\"Especial Coronavirus (ES)\",\"Punts clau del dia (ES)\"],\"inLanguage\":\"es\",\"potentialAction\":[{\"@type\":\"CommentAction\",\"name\":\"Comment\",\"target\":[\"https:\/\/conversesacatalunya.cat\/es\/por-que-cataluna-ha-triunfado-en-la-lucha-contra-los-incendios-forestales-y-fracasa-con-el-covid-19\/#respond\"]}]},{\"@type\":\"WebPage\",\"@id\":\"https:\/\/conversesacatalunya.cat\/es\/por-que-cataluna-ha-triunfado-en-la-lucha-contra-los-incendios-forestales-y-fracasa-con-el-covid-19\/\",\"url\":\"https:\/\/conversesacatalunya.cat\/es\/por-que-cataluna-ha-triunfado-en-la-lucha-contra-los-incendios-forestales-y-fracasa-con-el-covid-19\/\",\"name\":\"\u00bfPor qu\u00e9 Catalu\u00f1a ha triunfado en la lucha contra los incendios forestales y fracasa con el Covid-19? - Converses a Catalunya\",\"isPartOf\":{\"@id\":\"https:\/\/conversesacatalunya.cat\/#website\"},\"primaryImageOfPage\":{\"@id\":\"https:\/\/conversesacatalunya.cat\/es\/por-que-cataluna-ha-triunfado-en-la-lucha-contra-los-incendios-forestales-y-fracasa-con-el-covid-19\/#primaryimage\"},\"image\":{\"@id\":\"https:\/\/conversesacatalunya.cat\/es\/por-que-cataluna-ha-triunfado-en-la-lucha-contra-los-incendios-forestales-y-fracasa-con-el-covid-19\/#primaryimage\"},\"thumbnailUrl\":\"https:\/\/conversesacatalunya.cat\/wp-content\/uploads\/2020\/09\/incendis-forestals.jpg\",\"datePublished\":\"2020-09-08T10:40:23+00:00\",\"dateModified\":\"2020-09-09T08:45:21+00:00\",\"author\":{\"@id\":\"https:\/\/conversesacatalunya.cat\/#\/schema\/person\/7e24d1e54a2785373ddcb275eae5ed99\"},\"breadcrumb\":{\"@id\":\"https:\/\/conversesacatalunya.cat\/es\/por-que-cataluna-ha-triunfado-en-la-lucha-contra-los-incendios-forestales-y-fracasa-con-el-covid-19\/#breadcrumb\"},\"inLanguage\":\"es\",\"potentialAction\":[{\"@type\":\"ReadAction\",\"target\":[\"https:\/\/conversesacatalunya.cat\/es\/por-que-cataluna-ha-triunfado-en-la-lucha-contra-los-incendios-forestales-y-fracasa-con-el-covid-19\/\"]}]},{\"@type\":\"ImageObject\",\"inLanguage\":\"es\",\"@id\":\"https:\/\/conversesacatalunya.cat\/es\/por-que-cataluna-ha-triunfado-en-la-lucha-contra-los-incendios-forestales-y-fracasa-con-el-covid-19\/#primaryimage\",\"url\":\"https:\/\/conversesacatalunya.cat\/wp-content\/uploads\/2020\/09\/incendis-forestals.jpg\",\"contentUrl\":\"https:\/\/conversesacatalunya.cat\/wp-content\/uploads\/2020\/09\/incendis-forestals.jpg\",\"width\":1200,\"height\":900,\"caption\":\"incendis forestals\"},{\"@type\":\"BreadcrumbList\",\"@id\":\"https:\/\/conversesacatalunya.cat\/es\/por-que-cataluna-ha-triunfado-en-la-lucha-contra-los-incendios-forestales-y-fracasa-con-el-covid-19\/#breadcrumb\",\"itemListElement\":[{\"@type\":\"ListItem\",\"position\":1,\"name\":\"Inici\",\"item\":\"https:\/\/conversesacatalunya.cat\/es\/\"},{\"@type\":\"ListItem\",\"position\":2,\"name\":\"\u00bfPor qu\u00e9 Catalu\u00f1a ha triunfado en la lucha contra los incendios forestales y fracasa con el Covid-19?\"}]},{\"@type\":\"WebSite\",\"@id\":\"https:\/\/conversesacatalunya.cat\/#website\",\"url\":\"https:\/\/conversesacatalunya.cat\/\",\"name\":\"Converses a Catalunya\",\"description\":\"\",\"potentialAction\":[{\"@type\":\"SearchAction\",\"target\":{\"@type\":\"EntryPoint\",\"urlTemplate\":\"https:\/\/conversesacatalunya.cat\/?s={search_term_string}\"},\"query-input\":{\"@type\":\"PropertyValueSpecification\",\"valueRequired\":true,\"valueName\":\"search_term_string\"}}],\"inLanguage\":\"es\"},{\"@type\":\"Person\",\"@id\":\"https:\/\/conversesacatalunya.cat\/#\/schema\/person\/7e24d1e54a2785373ddcb275eae5ed99\",\"name\":\"conversesacatalunya\",\"image\":{\"@type\":\"ImageObject\",\"inLanguage\":\"es\",\"@id\":\"https:\/\/conversesacatalunya.cat\/#\/schema\/person\/image\/\",\"url\":\"https:\/\/conversesacatalunya.cat\/wp-content\/litespeed\/avatar\/febdfeeec89d950f01c748045a981dd2.jpg?ver=1777314535\",\"contentUrl\":\"https:\/\/conversesacatalunya.cat\/wp-content\/litespeed\/avatar\/febdfeeec89d950f01c748045a981dd2.jpg?ver=1777314535\",\"caption\":\"conversesacatalunya\"},\"url\":\"https:\/\/conversesacatalunya.cat\/es\/author\/carme_catala\/\"}]}<\/script>\n<!-- \/ Yoast SEO plugin. -->","yoast_head_json":{"title":"\u00bfPor qu\u00e9 Catalu\u00f1a ha triunfado en la lucha contra los incendios forestales y fracasa con el Covid-19? - Converses a Catalunya","robots":{"index":"index","follow":"follow","max-snippet":"max-snippet:-1","max-image-preview":"max-image-preview:large","max-video-preview":"max-video-preview:-1"},"canonical":"https:\/\/conversesacatalunya.cat\/es\/por-que-cataluna-ha-triunfado-en-la-lucha-contra-los-incendios-forestales-y-fracasa-con-el-covid-19\/","og_locale":"es_ES","og_type":"article","og_title":"\u00bfPor qu\u00e9 Catalu\u00f1a ha triunfado en la lucha contra los incendios forestales y fracasa con el Covid-19? - Converses a Catalunya","og_description":"Los incendios forestales fueron hasta 1986 una plaga para Catalu\u00f1a. El abandono del bosque, la penetraci\u00f3n masiva de los ciudadanos durante el fin de semana, la proliferaci\u00f3n de segundas residencias, entre otras razones, m\u00e1s el clima mediterr\u00e1neo, hicieron que Catalu\u00f1a estuviera cada verano al albor del clima y que de esta manera se multiplicaran los grandes incendios. El \u00faltimo importante fue en 1986, por lo tanto hace 34 a\u00f1os. A partir de entonces, s\u00f3lo se han producido tres grandes episodios de incendios: en 1994, el mayor de todos con diferencia, en el que se quemaron casi 76.000 hect\u00e1reas, y ya a una escala mucho menor en 1998 con 18.000 hect\u00e1reas quemadas y en 2012 con 15.000 hect\u00e1reas, que son cifras moderadas. El resto de los a\u00f1os ha habido multitud de focos que han quemado varios miles de hect\u00e1reas, por ejemplo, el a\u00f1o pasado fueron poco m\u00e1s de 2.000 las hect\u00e1reas quemadas, y este a\u00f1o no llegan ni a las 200. Todo ello en un pa\u00eds en que su mayor parte de superficie es forestal, de hecho es uno de los territorios con m\u00e1s bosque de Europa (otra cosa es su calidad). En todos estos a\u00f1os la gesti\u00f3n del bosque no ha mejorado y m\u00e1s bien la \u00faltima d\u00e9cada ha tendido a empeorar. El n\u00famero de focos que se produce cada verano es muy alto. Cientos y cientos de incendios comienzan, lo que sucede es que no prosperan porque Catalu\u00f1a dispone desde 1987 de una metodolog\u00eda y de una estrategia basada en la detecci\u00f3n r\u00e1pida del foco, la intervenci\u00f3n inmediata sobre \u00e9l para evitar que crezca y un buen control del territorio, tanto en el orden de la prevenci\u00f3n como de la actuaci\u00f3n. Desde el inicio del Programa Foc Verd de 1987, se han desarrollado y perfeccionado los par\u00e1metros de control e intervenci\u00f3n, las estrategias y los recursos, y el resultado es singularmente bueno. Es uno de los logros que puede exhibir el pa\u00eds y que parad\u00f3jicamente es poco celebrado. Pero \u00bfqu\u00e9 tiene que ver un incendio forestal con una pandemia? Pues los puntos de contacto son numerosos y la l\u00f3gica com\u00fan es equivalente, lo que es naturalmente diferente son los medios que se utilizan y los par\u00e1metros que se utilizan, espec\u00edficos en cada caso. Todo se concentra en el mismo punto: la detecci\u00f3n inmediata del foco. En el caso de la pandemia, la prioridad ser\u00eda a\u00fan m\u00e1s precisa: la detecci\u00f3n inmediata de las personas afectadas y detr\u00e1s de este punto se despliega toda la dimensi\u00f3n necesaria de tests y de pruebas. La segunda gran cuesti\u00f3n es la intervenci\u00f3n r\u00e1pida, impedir que el foco se propague, y aqu\u00ed entran en juego los rastreadores y la eficacia de su trabajo y el control de los confinamientos. Cuanto m\u00e1s alta sea su efectividad, mejor es el resultado. Se trata de trasplantar a la salud p\u00fablica la misma operaci\u00f3n que se hace para perimetrar el incendio, pasar a la fase de control de este y ulteriormente extinguirlo. La l\u00f3gica es exactamente la misma: perimetrar los contagios de una persona, evitar que este per\u00edmetro se extienda y vigilar que ella sola se consuma a trav\u00e9s de la cuarentena. La pregunta es: \u00bfpor qu\u00e9 si hemos sabido concebir estrategias efectivas y aplicar las medidas necesarias a los incendios forestales, el gobierno actual se demuestra incapaz de llevar a cabo la tarea equivalente para afrontar un problema mucho m\u00e1s tr\u00e1gico y mucho m\u00e1s perjudicial econ\u00f3micamente como es el Covid -19? M\u00e1s informaci\u00f3n sobre el coronavirus en ESPECIAL CORONAVIRUS","og_url":"https:\/\/conversesacatalunya.cat\/es\/por-que-cataluna-ha-triunfado-en-la-lucha-contra-los-incendios-forestales-y-fracasa-con-el-covid-19\/","og_site_name":"Converses a Catalunya","article_published_time":"2020-09-08T10:40:23+00:00","article_modified_time":"2020-09-09T08:45:21+00:00","og_image":[{"width":1200,"height":900,"url":"https:\/\/conversesacatalunya.cat\/wp-content\/uploads\/2020\/09\/incendis-forestals.jpg","type":"image\/jpeg"}],"author":"conversesacatalunya","twitter_card":"summary_large_image","twitter_misc":{"Escrito por":"conversesacatalunya","Tiempo de lectura":"3 minutos"},"schema":{"@context":"https:\/\/schema.org","@graph":[{"@type":"Article","@id":"https:\/\/conversesacatalunya.cat\/es\/por-que-cataluna-ha-triunfado-en-la-lucha-contra-los-incendios-forestales-y-fracasa-con-el-covid-19\/#article","isPartOf":{"@id":"https:\/\/conversesacatalunya.cat\/es\/por-que-cataluna-ha-triunfado-en-la-lucha-contra-los-incendios-forestales-y-fracasa-con-el-covid-19\/"},"author":{"name":"conversesacatalunya","@id":"https:\/\/conversesacatalunya.cat\/#\/schema\/person\/7e24d1e54a2785373ddcb275eae5ed99"},"headline":"\u00bfPor qu\u00e9 Catalu\u00f1a ha triunfado en la lucha contra los incendios forestales y fracasa con el Covid-19?","datePublished":"2020-09-08T10:40:23+00:00","dateModified":"2020-09-09T08:45:21+00:00","mainEntityOfPage":{"@id":"https:\/\/conversesacatalunya.cat\/es\/por-que-cataluna-ha-triunfado-en-la-lucha-contra-los-incendios-forestales-y-fracasa-con-el-covid-19\/"},"wordCount":704,"commentCount":0,"image":{"@id":"https:\/\/conversesacatalunya.cat\/es\/por-que-cataluna-ha-triunfado-en-la-lucha-contra-los-incendios-forestales-y-fracasa-con-el-covid-19\/#primaryimage"},"thumbnailUrl":"https:\/\/conversesacatalunya.cat\/wp-content\/uploads\/2020\/09\/incendis-forestals.jpg","keywords":["rastreadores"],"articleSection":["Especial Coronavirus (ES)","Punts clau del dia (ES)"],"inLanguage":"es","potentialAction":[{"@type":"CommentAction","name":"Comment","target":["https:\/\/conversesacatalunya.cat\/es\/por-que-cataluna-ha-triunfado-en-la-lucha-contra-los-incendios-forestales-y-fracasa-con-el-covid-19\/#respond"]}]},{"@type":"WebPage","@id":"https:\/\/conversesacatalunya.cat\/es\/por-que-cataluna-ha-triunfado-en-la-lucha-contra-los-incendios-forestales-y-fracasa-con-el-covid-19\/","url":"https:\/\/conversesacatalunya.cat\/es\/por-que-cataluna-ha-triunfado-en-la-lucha-contra-los-incendios-forestales-y-fracasa-con-el-covid-19\/","name":"\u00bfPor qu\u00e9 Catalu\u00f1a ha triunfado en la lucha contra los incendios forestales y fracasa con el Covid-19? - Converses a Catalunya","isPartOf":{"@id":"https:\/\/conversesacatalunya.cat\/#website"},"primaryImageOfPage":{"@id":"https:\/\/conversesacatalunya.cat\/es\/por-que-cataluna-ha-triunfado-en-la-lucha-contra-los-incendios-forestales-y-fracasa-con-el-covid-19\/#primaryimage"},"image":{"@id":"https:\/\/conversesacatalunya.cat\/es\/por-que-cataluna-ha-triunfado-en-la-lucha-contra-los-incendios-forestales-y-fracasa-con-el-covid-19\/#primaryimage"},"thumbnailUrl":"https:\/\/conversesacatalunya.cat\/wp-content\/uploads\/2020\/09\/incendis-forestals.jpg","datePublished":"2020-09-08T10:40:23+00:00","dateModified":"2020-09-09T08:45:21+00:00","author":{"@id":"https:\/\/conversesacatalunya.cat\/#\/schema\/person\/7e24d1e54a2785373ddcb275eae5ed99"},"breadcrumb":{"@id":"https:\/\/conversesacatalunya.cat\/es\/por-que-cataluna-ha-triunfado-en-la-lucha-contra-los-incendios-forestales-y-fracasa-con-el-covid-19\/#breadcrumb"},"inLanguage":"es","potentialAction":[{"@type":"ReadAction","target":["https:\/\/conversesacatalunya.cat\/es\/por-que-cataluna-ha-triunfado-en-la-lucha-contra-los-incendios-forestales-y-fracasa-con-el-covid-19\/"]}]},{"@type":"ImageObject","inLanguage":"es","@id":"https:\/\/conversesacatalunya.cat\/es\/por-que-cataluna-ha-triunfado-en-la-lucha-contra-los-incendios-forestales-y-fracasa-con-el-covid-19\/#primaryimage","url":"https:\/\/conversesacatalunya.cat\/wp-content\/uploads\/2020\/09\/incendis-forestals.jpg","contentUrl":"https:\/\/conversesacatalunya.cat\/wp-content\/uploads\/2020\/09\/incendis-forestals.jpg","width":1200,"height":900,"caption":"incendis forestals"},{"@type":"BreadcrumbList","@id":"https:\/\/conversesacatalunya.cat\/es\/por-que-cataluna-ha-triunfado-en-la-lucha-contra-los-incendios-forestales-y-fracasa-con-el-covid-19\/#breadcrumb","itemListElement":[{"@type":"ListItem","position":1,"name":"Inici","item":"https:\/\/conversesacatalunya.cat\/es\/"},{"@type":"ListItem","position":2,"name":"\u00bfPor qu\u00e9 Catalu\u00f1a ha triunfado en la lucha contra los incendios forestales y fracasa con el Covid-19?"}]},{"@type":"WebSite","@id":"https:\/\/conversesacatalunya.cat\/#website","url":"https:\/\/conversesacatalunya.cat\/","name":"Converses a Catalunya","description":"","potentialAction":[{"@type":"SearchAction","target":{"@type":"EntryPoint","urlTemplate":"https:\/\/conversesacatalunya.cat\/?s={search_term_string}"},"query-input":{"@type":"PropertyValueSpecification","valueRequired":true,"valueName":"search_term_string"}}],"inLanguage":"es"},{"@type":"Person","@id":"https:\/\/conversesacatalunya.cat\/#\/schema\/person\/7e24d1e54a2785373ddcb275eae5ed99","name":"conversesacatalunya","image":{"@type":"ImageObject","inLanguage":"es","@id":"https:\/\/conversesacatalunya.cat\/#\/schema\/person\/image\/","url":"https:\/\/conversesacatalunya.cat\/wp-content\/litespeed\/avatar\/febdfeeec89d950f01c748045a981dd2.jpg?ver=1777314535","contentUrl":"https:\/\/conversesacatalunya.cat\/wp-content\/litespeed\/avatar\/febdfeeec89d950f01c748045a981dd2.jpg?ver=1777314535","caption":"conversesacatalunya"},"url":"https:\/\/conversesacatalunya.cat\/es\/author\/carme_catala\/"}]}},"wps_subtitle":"","_links":{"self":[{"href":"https:\/\/conversesacatalunya.cat\/es\/wp-json\/wp\/v2\/posts\/39931","targetHints":{"allow":["GET"]}}],"collection":[{"href":"https:\/\/conversesacatalunya.cat\/es\/wp-json\/wp\/v2\/posts"}],"about":[{"href":"https:\/\/conversesacatalunya.cat\/es\/wp-json\/wp\/v2\/types\/post"}],"author":[{"embeddable":true,"href":"https:\/\/conversesacatalunya.cat\/es\/wp-json\/wp\/v2\/users\/2"}],"replies":[{"embeddable":true,"href":"https:\/\/conversesacatalunya.cat\/es\/wp-json\/wp\/v2\/comments?post=39931"}],"version-history":[{"count":2,"href":"https:\/\/conversesacatalunya.cat\/es\/wp-json\/wp\/v2\/posts\/39931\/revisions"}],"predecessor-version":[{"id":39940,"href":"https:\/\/conversesacatalunya.cat\/es\/wp-json\/wp\/v2\/posts\/39931\/revisions\/39940"}],"wp:featuredmedia":[{"embeddable":true,"href":"https:\/\/conversesacatalunya.cat\/es\/wp-json\/wp\/v2\/media\/39881"}],"wp:attachment":[{"href":"https:\/\/conversesacatalunya.cat\/es\/wp-json\/wp\/v2\/media?parent=39931"}],"wp:term":[{"taxonomy":"category","embeddable":true,"href":"https:\/\/conversesacatalunya.cat\/es\/wp-json\/wp\/v2\/categories?post=39931"},{"taxonomy":"post_tag","embeddable":true,"href":"https:\/\/conversesacatalunya.cat\/es\/wp-json\/wp\/v2\/tags?post=39931"}],"curies":[{"name":"wp","href":"https:\/\/api.w.org\/{rel}","templated":true}]}}