{"id":39916,"date":"2020-09-08T13:20:34","date_gmt":"2020-09-08T11:20:34","guid":{"rendered":"https:\/\/conversesacatalunya.cat\/alarma-continuen-creixent-les-agressions-sexuals-comeses-per-menors\/"},"modified":"2020-09-08T17:32:12","modified_gmt":"2020-09-08T15:32:12","slug":"alarma-continuan-creciendo-las-agresiones-sexuales-cometidas-por-menores","status":"publish","type":"post","link":"https:\/\/conversesacatalunya.cat\/es\/alarma-continuan-creciendo-las-agresiones-sexuales-cometidas-por-menores\/","title":{"rendered":"\u00a1Alarma! Contin\u00faan creciendo las agresiones sexuales cometidas por menores"},"content":{"rendered":"<p>Uno de los problemas evidentes que se\u00f1alan el d\u00e9ficit educativo en Catalu\u00f1a y en el conjunto de Espa\u00f1a es el<strong> continuado incremento de las agresiones sexuales<\/strong> cometidas por menores. El a\u00f1o pasado crecieron un <strong>5%<\/strong> en relaci\u00f3n con el a\u00f1o anterior, que a su vez ya hab\u00eda crecido en relaci\u00f3n con el precedente en una larga secuencia de incrementos. Fueron <strong>1.934<\/strong> delitos de este tipo, de los que <strong>1.370<\/strong> fueron abusos sexuales y <strong>564<\/strong> violaciones. La primera cifra crece de una manera muy importante, un 15%. La segunda decae pero de una manera poco significativa, un 13%. Aun as\u00ed, que personas menores de 18 a\u00f1os hayan cometido m\u00e1s de medio centenar de violaciones en un a\u00f1o, m\u00e1s de una por d\u00eda, da mucho que pensar.<\/p>\n<p>M\u00e1s cuando tambi\u00e9n ha continuado creciendo el n\u00famero de menores que han sido v\u00edctimas de abusos sexuales, <strong>847, con un 6% de incremento<\/strong>, adem\u00e1s de <strong>192<\/strong> <strong>violaciones<\/strong>, con un aumento del 14%. Nuestros adolescentes y j\u00f3venes son a la vez agresores y v\u00edctimas de una plaga que se extiende. No es la \u00fanica, tambi\u00e9n crece y mucho la figura delictiva de la <strong>agresi\u00f3n violenta contra los padres<\/strong>. Y a\u00fan habr\u00eda un tercer vector que ayudar\u00eda a componer el panorama, la <strong>falta de solidaridad<\/strong> de un sector no peque\u00f1o de la juventud ante la actual pandemia al no obedecer las normas de seguridad y practicar fiestas, encuentros, botellones que con facilidad multiplican los contactos, con el agravante de que muchos de estos j\u00f3venes son portadores no sintom\u00e1ticos, transmiten la enfermedad, pero ellos no la sufren. Ante estos hechos, los gobiernos, las instituciones no parecen encontrar la respuesta.<\/p>\n<p>La receta mec\u00e1nica de salir al paso de estas alarmantes cifras recomendando <strong>m\u00e1s educaci\u00f3n sexual<\/strong> parece una broma de mal gusto, porque \u00bfqu\u00e9 significa educaci\u00f3n sexual? Hasta ahora la ense\u00f1anza ha consistido b\u00e1sicamente en asumir las pautas de promiscuidad y relaciones precoces que convierten el sexo en una especie de deporte de contacto y en adoptar medidas para que la chica no quede embarazada y no haya enfermedades de transmisi\u00f3n sexual. \u00bfQui\u00e9n puede pensar que con esta receta se frenen las agresiones sexuales, que tienen un origen muy diferente? La sexualizaci\u00f3n continua de nuestra gente joven, debido al <strong>acceso masivo a la pornograf\u00eda<\/strong>, la extensi\u00f3n de la prostituci\u00f3n, la misma educaci\u00f3n sexual tal como es entendida, y la p\u00e9rdida de toda educaci\u00f3n en la responsabilidad de los propios actos, el respeto al otro, sea quien sea, por el hecho de ser una persona y la capacidad de controlar los deseos y las pulsiones que estos generan, y que hasta un pasado muy reciente hab\u00edan formado parte de toda la tradici\u00f3n educativa en todo el mundo, son las causas inabordadas que est\u00e1n en la ra\u00edz del problema. Se sab\u00eda que el adolescente, el joven y los impulsos, tambi\u00e9n los sexuales, eran consecuencia de su despertar hacia la madurez, y que la cultura consist\u00eda en la <strong>capacidad de canalizar<\/strong> en t\u00e9rminos positivos estos impulsos. Un buen d\u00eda a alguien se le ocurri\u00f3 calificar la canalizaci\u00f3n como represi\u00f3n, y como las palabras tienen consecuencias, el resultado est\u00e1 a la vista. Estall\u00f3 en la pedagog\u00eda todo lo que fueran medidas dirigidas a cultivar las virtudes que permiten al ser humano controlarse y no usar a los dem\u00e1s como medios al servicio de sus deseos. El resultado es hoy una estad\u00edstica.<\/p>\n<span class='bctt-click-to-tweet'><span class='bctt-ctt-text'><a href='https:\/\/twitter.com\/intent\/tweet?url=https%3A%2F%2Fconversesacatalunya.cat%2Fes%2Falarma-continuan-creciendo-las-agresiones-sexuales-cometidas-por-menores%2F&#038;text=Uno%20de%20los%20problemas%20evidentes%20que%20se%C3%B1alan%20el%20d%C3%A9ficit%20educativo%20en%20Catalu%C3%B1a%20y%20en%20el%20conjunto%20de%20Espa%C3%B1a%20es%20el%20continuado%20incremento%20de%20las%20agresiones%20sexuales%20cometidas%20por%20menores&#038;via=conversesacat&#038;related=conversesacat' target='_blank'rel=\"noopener noreferrer\">Uno de los problemas evidentes que se\u00f1alan el d\u00e9ficit educativo en Catalu\u00f1a y en el conjunto de Espa\u00f1a es el continuado incremento de las agresiones sexuales cometidas por menores <\/a><\/span><a href='https:\/\/twitter.com\/intent\/tweet?url=https%3A%2F%2Fconversesacatalunya.cat%2Fes%2Falarma-continuan-creciendo-las-agresiones-sexuales-cometidas-por-menores%2F&#038;text=Uno%20de%20los%20problemas%20evidentes%20que%20se%C3%B1alan%20el%20d%C3%A9ficit%20educativo%20en%20Catalu%C3%B1a%20y%20en%20el%20conjunto%20de%20Espa%C3%B1a%20es%20el%20continuado%20incremento%20de%20las%20agresiones%20sexuales%20cometidas%20por%20menores&#038;via=conversesacat&#038;related=conversesacat' target='_blank' class='bctt-ctt-btn'rel=\"noopener noreferrer\">Compartir en X<\/a><\/span>\n","protected":false},"excerpt":{"rendered":"<p>Uno de los problemas evidentes que se\u00f1alan el d\u00e9ficit educativo en Catalu\u00f1a y en el conjunto de Espa\u00f1a es el continuado incremento de las agresiones sexuales cometidas por menores. El a\u00f1o pasado crecieron un 5% en relaci\u00f3n con el a\u00f1o anterior, que a su vez ya hab\u00eda crecido en relaci\u00f3n con el precedente en una larga secuencia de incrementos. Fueron 1.934 delitos de este tipo, de los que 1.370 fueron abusos sexuales y 564 violaciones. La primera cifra crece de una manera muy importante, un 15%. La segunda decae pero de una manera poco significativa, un 13%. Aun as\u00ed, que personas menores de 18 a\u00f1os hayan cometido m\u00e1s de medio centenar de violaciones en un a\u00f1o, m\u00e1s de una por d\u00eda, da mucho que pensar. M\u00e1s cuando tambi\u00e9n ha continuado creciendo el n\u00famero de menores que han sido v\u00edctimas de abusos sexuales, 847, con un 6% de incremento, adem\u00e1s de 192 violaciones, con un aumento del 14%. Nuestros adolescentes y j\u00f3venes son a la vez agresores y v\u00edctimas de una plaga que se extiende. No es la \u00fanica, tambi\u00e9n crece y mucho la figura delictiva de la agresi\u00f3n violenta contra los padres. Y a\u00fan habr\u00eda un tercer vector que ayudar\u00eda a componer el panorama, la falta de solidaridad de un sector no peque\u00f1o de la juventud ante la actual pandemia al no obedecer las normas de seguridad y practicar fiestas, encuentros, botellones que con facilidad multiplican los contactos, con el agravante de que muchos de estos j\u00f3venes son portadores no sintom\u00e1ticos, transmiten la enfermedad, pero ellos no la sufren. Ante estos hechos, los gobiernos, las instituciones no parecen encontrar la respuesta. La receta mec\u00e1nica de salir al paso de estas alarmantes cifras recomendando m\u00e1s educaci\u00f3n sexual parece una broma de mal gusto, porque \u00bfqu\u00e9 significa educaci\u00f3n sexual? Hasta ahora la ense\u00f1anza ha consistido b\u00e1sicamente en asumir las pautas de promiscuidad y relaciones precoces que convierten el sexo en una especie de deporte de contacto y en adoptar medidas para que la chica no quede embarazada y no haya enfermedades de transmisi\u00f3n sexual. \u00bfQui\u00e9n puede pensar que con esta receta se frenen las agresiones sexuales, que tienen un origen muy diferente? La sexualizaci\u00f3n continua de nuestra gente joven, debido al acceso masivo a la pornograf\u00eda, la extensi\u00f3n de la prostituci\u00f3n, la misma educaci\u00f3n sexual tal como es entendida, y la p\u00e9rdida de toda educaci\u00f3n en la responsabilidad de los propios actos, el respeto al otro, sea quien sea, por el hecho de ser una persona y la capacidad de controlar los deseos y las pulsiones que estos generan, y que hasta un pasado muy reciente hab\u00edan formado parte de toda la tradici\u00f3n educativa en todo el mundo, son las causas inabordadas que est\u00e1n en la ra\u00edz del problema. Se sab\u00eda que el adolescente, el joven y los impulsos, tambi\u00e9n los sexuales, eran consecuencia de su despertar hacia la madurez, y que la cultura consist\u00eda en la capacidad de canalizar en t\u00e9rminos positivos estos impulsos. Un buen d\u00eda a alguien se le ocurri\u00f3 calificar la canalizaci\u00f3n como represi\u00f3n, y como las palabras tienen consecuencias, el resultado est\u00e1 a la vista. Estall\u00f3 en la pedagog\u00eda todo lo que fueran medidas dirigidas a cultivar las virtudes que permiten al ser humano controlarse y no usar a los dem\u00e1s como medios al servicio de sus deseos. El resultado es hoy una estad\u00edstica.<\/p>\n","protected":false},"author":2,"featured_media":39906,"comment_status":"open","ping_status":"open","sticky":false,"template":"","format":"standard","meta":{"_FSMCFIC_featured_image_caption":"","_FSMCFIC_featured_image_nocaption":"","_FSMCFIC_featured_image_hide":"","footnotes":""},"categories":[806],"tags":[928,2759],"class_list":["post-39916","post","type-post","status-publish","format-standard","has-post-thumbnail","hentry","category-punts-claus-del-dia-es","tag-educacion","tag-juventud"],"yoast_head":"<!-- This site is optimized with the Yoast SEO plugin v26.8 - https:\/\/yoast.com\/product\/yoast-seo-wordpress\/ -->\n<title>\u00a1Alarma! Contin\u00faan creciendo las agresiones sexuales cometidas por menores - Converses a Catalunya<\/title>\n<meta name=\"robots\" content=\"index, follow, max-snippet:-1, max-image-preview:large, max-video-preview:-1\" \/>\n<link rel=\"canonical\" href=\"https:\/\/conversesacatalunya.cat\/es\/alarma-continuan-creciendo-las-agresiones-sexuales-cometidas-por-menores\/\" \/>\n<meta property=\"og:locale\" content=\"es_ES\" \/>\n<meta property=\"og:type\" content=\"article\" \/>\n<meta property=\"og:title\" content=\"\u00a1Alarma! Contin\u00faan creciendo las agresiones sexuales cometidas por menores - Converses a Catalunya\" \/>\n<meta property=\"og:description\" content=\"Uno de los problemas evidentes que se\u00f1alan el d\u00e9ficit educativo en Catalu\u00f1a y en el conjunto de Espa\u00f1a es el continuado incremento de las agresiones sexuales cometidas por menores. El a\u00f1o pasado crecieron un 5% en relaci\u00f3n con el a\u00f1o anterior, que a su vez ya hab\u00eda crecido en relaci\u00f3n con el precedente en una larga secuencia de incrementos. Fueron 1.934 delitos de este tipo, de los que 1.370 fueron abusos sexuales y 564 violaciones. La primera cifra crece de una manera muy importante, un 15%. La segunda decae pero de una manera poco significativa, un 13%. Aun as\u00ed, que personas menores de 18 a\u00f1os hayan cometido m\u00e1s de medio centenar de violaciones en un a\u00f1o, m\u00e1s de una por d\u00eda, da mucho que pensar. M\u00e1s cuando tambi\u00e9n ha continuado creciendo el n\u00famero de menores que han sido v\u00edctimas de abusos sexuales, 847, con un 6% de incremento, adem\u00e1s de 192 violaciones, con un aumento del 14%. Nuestros adolescentes y j\u00f3venes son a la vez agresores y v\u00edctimas de una plaga que se extiende. No es la \u00fanica, tambi\u00e9n crece y mucho la figura delictiva de la agresi\u00f3n violenta contra los padres. Y a\u00fan habr\u00eda un tercer vector que ayudar\u00eda a componer el panorama, la falta de solidaridad de un sector no peque\u00f1o de la juventud ante la actual pandemia al no obedecer las normas de seguridad y practicar fiestas, encuentros, botellones que con facilidad multiplican los contactos, con el agravante de que muchos de estos j\u00f3venes son portadores no sintom\u00e1ticos, transmiten la enfermedad, pero ellos no la sufren. Ante estos hechos, los gobiernos, las instituciones no parecen encontrar la respuesta. La receta mec\u00e1nica de salir al paso de estas alarmantes cifras recomendando m\u00e1s educaci\u00f3n sexual parece una broma de mal gusto, porque \u00bfqu\u00e9 significa educaci\u00f3n sexual? Hasta ahora la ense\u00f1anza ha consistido b\u00e1sicamente en asumir las pautas de promiscuidad y relaciones precoces que convierten el sexo en una especie de deporte de contacto y en adoptar medidas para que la chica no quede embarazada y no haya enfermedades de transmisi\u00f3n sexual. \u00bfQui\u00e9n puede pensar que con esta receta se frenen las agresiones sexuales, que tienen un origen muy diferente? La sexualizaci\u00f3n continua de nuestra gente joven, debido al acceso masivo a la pornograf\u00eda, la extensi\u00f3n de la prostituci\u00f3n, la misma educaci\u00f3n sexual tal como es entendida, y la p\u00e9rdida de toda educaci\u00f3n en la responsabilidad de los propios actos, el respeto al otro, sea quien sea, por el hecho de ser una persona y la capacidad de controlar los deseos y las pulsiones que estos generan, y que hasta un pasado muy reciente hab\u00edan formado parte de toda la tradici\u00f3n educativa en todo el mundo, son las causas inabordadas que est\u00e1n en la ra\u00edz del problema. Se sab\u00eda que el adolescente, el joven y los impulsos, tambi\u00e9n los sexuales, eran consecuencia de su despertar hacia la madurez, y que la cultura consist\u00eda en la capacidad de canalizar en t\u00e9rminos positivos estos impulsos. Un buen d\u00eda a alguien se le ocurri\u00f3 calificar la canalizaci\u00f3n como represi\u00f3n, y como las palabras tienen consecuencias, el resultado est\u00e1 a la vista. Estall\u00f3 en la pedagog\u00eda todo lo que fueran medidas dirigidas a cultivar las virtudes que permiten al ser humano controlarse y no usar a los dem\u00e1s como medios al servicio de sus deseos. El resultado es hoy una estad\u00edstica.\" \/>\n<meta property=\"og:url\" content=\"https:\/\/conversesacatalunya.cat\/es\/alarma-continuan-creciendo-las-agresiones-sexuales-cometidas-por-menores\/\" \/>\n<meta property=\"og:site_name\" content=\"Converses a Catalunya\" \/>\n<meta property=\"article:published_time\" content=\"2020-09-08T11:20:34+00:00\" \/>\n<meta property=\"article:modified_time\" content=\"2020-09-08T15:32:12+00:00\" \/>\n<meta property=\"og:image\" content=\"https:\/\/conversesacatalunya.cat\/wp-content\/uploads\/2020\/09\/agressions-sexuals.jpg\" \/>\n\t<meta property=\"og:image:width\" content=\"640\" \/>\n\t<meta property=\"og:image:height\" content=\"343\" \/>\n\t<meta property=\"og:image:type\" content=\"image\/jpeg\" \/>\n<meta name=\"author\" content=\"conversesacatalunya\" \/>\n<meta name=\"twitter:card\" content=\"summary_large_image\" \/>\n<meta name=\"twitter:label1\" content=\"Escrito por\" \/>\n\t<meta name=\"twitter:data1\" content=\"conversesacatalunya\" \/>\n\t<meta name=\"twitter:label2\" content=\"Tiempo de lectura\" \/>\n\t<meta name=\"twitter:data2\" content=\"3 minutos\" \/>\n<script type=\"application\/ld+json\" class=\"yoast-schema-graph\">{\"@context\":\"https:\/\/schema.org\",\"@graph\":[{\"@type\":\"Article\",\"@id\":\"https:\/\/conversesacatalunya.cat\/es\/alarma-continuan-creciendo-las-agresiones-sexuales-cometidas-por-menores\/#article\",\"isPartOf\":{\"@id\":\"https:\/\/conversesacatalunya.cat\/es\/alarma-continuan-creciendo-las-agresiones-sexuales-cometidas-por-menores\/\"},\"author\":{\"name\":\"conversesacatalunya\",\"@id\":\"https:\/\/conversesacatalunya.cat\/#\/schema\/person\/7e24d1e54a2785373ddcb275eae5ed99\"},\"headline\":\"\u00a1Alarma! Contin\u00faan creciendo las agresiones sexuales cometidas por menores\",\"datePublished\":\"2020-09-08T11:20:34+00:00\",\"dateModified\":\"2020-09-08T15:32:12+00:00\",\"mainEntityOfPage\":{\"@id\":\"https:\/\/conversesacatalunya.cat\/es\/alarma-continuan-creciendo-las-agresiones-sexuales-cometidas-por-menores\/\"},\"wordCount\":651,\"commentCount\":0,\"image\":{\"@id\":\"https:\/\/conversesacatalunya.cat\/es\/alarma-continuan-creciendo-las-agresiones-sexuales-cometidas-por-menores\/#primaryimage\"},\"thumbnailUrl\":\"https:\/\/conversesacatalunya.cat\/wp-content\/uploads\/2020\/09\/agressions-sexuals.jpg\",\"keywords\":[\"Educaci\u00f3n\",\"juventud\"],\"articleSection\":[\"Punts clau del dia (ES)\"],\"inLanguage\":\"es\",\"potentialAction\":[{\"@type\":\"CommentAction\",\"name\":\"Comment\",\"target\":[\"https:\/\/conversesacatalunya.cat\/es\/alarma-continuan-creciendo-las-agresiones-sexuales-cometidas-por-menores\/#respond\"]}]},{\"@type\":\"WebPage\",\"@id\":\"https:\/\/conversesacatalunya.cat\/es\/alarma-continuan-creciendo-las-agresiones-sexuales-cometidas-por-menores\/\",\"url\":\"https:\/\/conversesacatalunya.cat\/es\/alarma-continuan-creciendo-las-agresiones-sexuales-cometidas-por-menores\/\",\"name\":\"\u00a1Alarma! Contin\u00faan creciendo las agresiones sexuales cometidas por menores - Converses a Catalunya\",\"isPartOf\":{\"@id\":\"https:\/\/conversesacatalunya.cat\/#website\"},\"primaryImageOfPage\":{\"@id\":\"https:\/\/conversesacatalunya.cat\/es\/alarma-continuan-creciendo-las-agresiones-sexuales-cometidas-por-menores\/#primaryimage\"},\"image\":{\"@id\":\"https:\/\/conversesacatalunya.cat\/es\/alarma-continuan-creciendo-las-agresiones-sexuales-cometidas-por-menores\/#primaryimage\"},\"thumbnailUrl\":\"https:\/\/conversesacatalunya.cat\/wp-content\/uploads\/2020\/09\/agressions-sexuals.jpg\",\"datePublished\":\"2020-09-08T11:20:34+00:00\",\"dateModified\":\"2020-09-08T15:32:12+00:00\",\"author\":{\"@id\":\"https:\/\/conversesacatalunya.cat\/#\/schema\/person\/7e24d1e54a2785373ddcb275eae5ed99\"},\"breadcrumb\":{\"@id\":\"https:\/\/conversesacatalunya.cat\/es\/alarma-continuan-creciendo-las-agresiones-sexuales-cometidas-por-menores\/#breadcrumb\"},\"inLanguage\":\"es\",\"potentialAction\":[{\"@type\":\"ReadAction\",\"target\":[\"https:\/\/conversesacatalunya.cat\/es\/alarma-continuan-creciendo-las-agresiones-sexuales-cometidas-por-menores\/\"]}]},{\"@type\":\"ImageObject\",\"inLanguage\":\"es\",\"@id\":\"https:\/\/conversesacatalunya.cat\/es\/alarma-continuan-creciendo-las-agresiones-sexuales-cometidas-por-menores\/#primaryimage\",\"url\":\"https:\/\/conversesacatalunya.cat\/wp-content\/uploads\/2020\/09\/agressions-sexuals.jpg\",\"contentUrl\":\"https:\/\/conversesacatalunya.cat\/wp-content\/uploads\/2020\/09\/agressions-sexuals.jpg\",\"width\":640,\"height\":343,\"caption\":\"agressions sexuals\"},{\"@type\":\"BreadcrumbList\",\"@id\":\"https:\/\/conversesacatalunya.cat\/es\/alarma-continuan-creciendo-las-agresiones-sexuales-cometidas-por-menores\/#breadcrumb\",\"itemListElement\":[{\"@type\":\"ListItem\",\"position\":1,\"name\":\"Inici\",\"item\":\"https:\/\/conversesacatalunya.cat\/es\/\"},{\"@type\":\"ListItem\",\"position\":2,\"name\":\"\u00a1Alarma! Contin\u00faan creciendo las agresiones sexuales cometidas por menores\"}]},{\"@type\":\"WebSite\",\"@id\":\"https:\/\/conversesacatalunya.cat\/#website\",\"url\":\"https:\/\/conversesacatalunya.cat\/\",\"name\":\"Converses a Catalunya\",\"description\":\"\",\"potentialAction\":[{\"@type\":\"SearchAction\",\"target\":{\"@type\":\"EntryPoint\",\"urlTemplate\":\"https:\/\/conversesacatalunya.cat\/?s={search_term_string}\"},\"query-input\":{\"@type\":\"PropertyValueSpecification\",\"valueRequired\":true,\"valueName\":\"search_term_string\"}}],\"inLanguage\":\"es\"},{\"@type\":\"Person\",\"@id\":\"https:\/\/conversesacatalunya.cat\/#\/schema\/person\/7e24d1e54a2785373ddcb275eae5ed99\",\"name\":\"conversesacatalunya\",\"image\":{\"@type\":\"ImageObject\",\"inLanguage\":\"es\",\"@id\":\"https:\/\/conversesacatalunya.cat\/#\/schema\/person\/image\/\",\"url\":\"https:\/\/conversesacatalunya.cat\/wp-content\/litespeed\/avatar\/febdfeeec89d950f01c748045a981dd2.jpg?ver=1777314535\",\"contentUrl\":\"https:\/\/conversesacatalunya.cat\/wp-content\/litespeed\/avatar\/febdfeeec89d950f01c748045a981dd2.jpg?ver=1777314535\",\"caption\":\"conversesacatalunya\"},\"url\":\"https:\/\/conversesacatalunya.cat\/es\/author\/carme_catala\/\"}]}<\/script>\n<!-- \/ Yoast SEO plugin. -->","yoast_head_json":{"title":"\u00a1Alarma! Contin\u00faan creciendo las agresiones sexuales cometidas por menores - Converses a Catalunya","robots":{"index":"index","follow":"follow","max-snippet":"max-snippet:-1","max-image-preview":"max-image-preview:large","max-video-preview":"max-video-preview:-1"},"canonical":"https:\/\/conversesacatalunya.cat\/es\/alarma-continuan-creciendo-las-agresiones-sexuales-cometidas-por-menores\/","og_locale":"es_ES","og_type":"article","og_title":"\u00a1Alarma! Contin\u00faan creciendo las agresiones sexuales cometidas por menores - Converses a Catalunya","og_description":"Uno de los problemas evidentes que se\u00f1alan el d\u00e9ficit educativo en Catalu\u00f1a y en el conjunto de Espa\u00f1a es el continuado incremento de las agresiones sexuales cometidas por menores. El a\u00f1o pasado crecieron un 5% en relaci\u00f3n con el a\u00f1o anterior, que a su vez ya hab\u00eda crecido en relaci\u00f3n con el precedente en una larga secuencia de incrementos. Fueron 1.934 delitos de este tipo, de los que 1.370 fueron abusos sexuales y 564 violaciones. La primera cifra crece de una manera muy importante, un 15%. La segunda decae pero de una manera poco significativa, un 13%. Aun as\u00ed, que personas menores de 18 a\u00f1os hayan cometido m\u00e1s de medio centenar de violaciones en un a\u00f1o, m\u00e1s de una por d\u00eda, da mucho que pensar. M\u00e1s cuando tambi\u00e9n ha continuado creciendo el n\u00famero de menores que han sido v\u00edctimas de abusos sexuales, 847, con un 6% de incremento, adem\u00e1s de 192 violaciones, con un aumento del 14%. Nuestros adolescentes y j\u00f3venes son a la vez agresores y v\u00edctimas de una plaga que se extiende. No es la \u00fanica, tambi\u00e9n crece y mucho la figura delictiva de la agresi\u00f3n violenta contra los padres. Y a\u00fan habr\u00eda un tercer vector que ayudar\u00eda a componer el panorama, la falta de solidaridad de un sector no peque\u00f1o de la juventud ante la actual pandemia al no obedecer las normas de seguridad y practicar fiestas, encuentros, botellones que con facilidad multiplican los contactos, con el agravante de que muchos de estos j\u00f3venes son portadores no sintom\u00e1ticos, transmiten la enfermedad, pero ellos no la sufren. Ante estos hechos, los gobiernos, las instituciones no parecen encontrar la respuesta. La receta mec\u00e1nica de salir al paso de estas alarmantes cifras recomendando m\u00e1s educaci\u00f3n sexual parece una broma de mal gusto, porque \u00bfqu\u00e9 significa educaci\u00f3n sexual? Hasta ahora la ense\u00f1anza ha consistido b\u00e1sicamente en asumir las pautas de promiscuidad y relaciones precoces que convierten el sexo en una especie de deporte de contacto y en adoptar medidas para que la chica no quede embarazada y no haya enfermedades de transmisi\u00f3n sexual. \u00bfQui\u00e9n puede pensar que con esta receta se frenen las agresiones sexuales, que tienen un origen muy diferente? La sexualizaci\u00f3n continua de nuestra gente joven, debido al acceso masivo a la pornograf\u00eda, la extensi\u00f3n de la prostituci\u00f3n, la misma educaci\u00f3n sexual tal como es entendida, y la p\u00e9rdida de toda educaci\u00f3n en la responsabilidad de los propios actos, el respeto al otro, sea quien sea, por el hecho de ser una persona y la capacidad de controlar los deseos y las pulsiones que estos generan, y que hasta un pasado muy reciente hab\u00edan formado parte de toda la tradici\u00f3n educativa en todo el mundo, son las causas inabordadas que est\u00e1n en la ra\u00edz del problema. Se sab\u00eda que el adolescente, el joven y los impulsos, tambi\u00e9n los sexuales, eran consecuencia de su despertar hacia la madurez, y que la cultura consist\u00eda en la capacidad de canalizar en t\u00e9rminos positivos estos impulsos. Un buen d\u00eda a alguien se le ocurri\u00f3 calificar la canalizaci\u00f3n como represi\u00f3n, y como las palabras tienen consecuencias, el resultado est\u00e1 a la vista. Estall\u00f3 en la pedagog\u00eda todo lo que fueran medidas dirigidas a cultivar las virtudes que permiten al ser humano controlarse y no usar a los dem\u00e1s como medios al servicio de sus deseos. El resultado es hoy una estad\u00edstica.","og_url":"https:\/\/conversesacatalunya.cat\/es\/alarma-continuan-creciendo-las-agresiones-sexuales-cometidas-por-menores\/","og_site_name":"Converses a Catalunya","article_published_time":"2020-09-08T11:20:34+00:00","article_modified_time":"2020-09-08T15:32:12+00:00","og_image":[{"width":640,"height":343,"url":"https:\/\/conversesacatalunya.cat\/wp-content\/uploads\/2020\/09\/agressions-sexuals.jpg","type":"image\/jpeg"}],"author":"conversesacatalunya","twitter_card":"summary_large_image","twitter_misc":{"Escrito por":"conversesacatalunya","Tiempo de lectura":"3 minutos"},"schema":{"@context":"https:\/\/schema.org","@graph":[{"@type":"Article","@id":"https:\/\/conversesacatalunya.cat\/es\/alarma-continuan-creciendo-las-agresiones-sexuales-cometidas-por-menores\/#article","isPartOf":{"@id":"https:\/\/conversesacatalunya.cat\/es\/alarma-continuan-creciendo-las-agresiones-sexuales-cometidas-por-menores\/"},"author":{"name":"conversesacatalunya","@id":"https:\/\/conversesacatalunya.cat\/#\/schema\/person\/7e24d1e54a2785373ddcb275eae5ed99"},"headline":"\u00a1Alarma! Contin\u00faan creciendo las agresiones sexuales cometidas por menores","datePublished":"2020-09-08T11:20:34+00:00","dateModified":"2020-09-08T15:32:12+00:00","mainEntityOfPage":{"@id":"https:\/\/conversesacatalunya.cat\/es\/alarma-continuan-creciendo-las-agresiones-sexuales-cometidas-por-menores\/"},"wordCount":651,"commentCount":0,"image":{"@id":"https:\/\/conversesacatalunya.cat\/es\/alarma-continuan-creciendo-las-agresiones-sexuales-cometidas-por-menores\/#primaryimage"},"thumbnailUrl":"https:\/\/conversesacatalunya.cat\/wp-content\/uploads\/2020\/09\/agressions-sexuals.jpg","keywords":["Educaci\u00f3n","juventud"],"articleSection":["Punts clau del dia (ES)"],"inLanguage":"es","potentialAction":[{"@type":"CommentAction","name":"Comment","target":["https:\/\/conversesacatalunya.cat\/es\/alarma-continuan-creciendo-las-agresiones-sexuales-cometidas-por-menores\/#respond"]}]},{"@type":"WebPage","@id":"https:\/\/conversesacatalunya.cat\/es\/alarma-continuan-creciendo-las-agresiones-sexuales-cometidas-por-menores\/","url":"https:\/\/conversesacatalunya.cat\/es\/alarma-continuan-creciendo-las-agresiones-sexuales-cometidas-por-menores\/","name":"\u00a1Alarma! Contin\u00faan creciendo las agresiones sexuales cometidas por menores - Converses a Catalunya","isPartOf":{"@id":"https:\/\/conversesacatalunya.cat\/#website"},"primaryImageOfPage":{"@id":"https:\/\/conversesacatalunya.cat\/es\/alarma-continuan-creciendo-las-agresiones-sexuales-cometidas-por-menores\/#primaryimage"},"image":{"@id":"https:\/\/conversesacatalunya.cat\/es\/alarma-continuan-creciendo-las-agresiones-sexuales-cometidas-por-menores\/#primaryimage"},"thumbnailUrl":"https:\/\/conversesacatalunya.cat\/wp-content\/uploads\/2020\/09\/agressions-sexuals.jpg","datePublished":"2020-09-08T11:20:34+00:00","dateModified":"2020-09-08T15:32:12+00:00","author":{"@id":"https:\/\/conversesacatalunya.cat\/#\/schema\/person\/7e24d1e54a2785373ddcb275eae5ed99"},"breadcrumb":{"@id":"https:\/\/conversesacatalunya.cat\/es\/alarma-continuan-creciendo-las-agresiones-sexuales-cometidas-por-menores\/#breadcrumb"},"inLanguage":"es","potentialAction":[{"@type":"ReadAction","target":["https:\/\/conversesacatalunya.cat\/es\/alarma-continuan-creciendo-las-agresiones-sexuales-cometidas-por-menores\/"]}]},{"@type":"ImageObject","inLanguage":"es","@id":"https:\/\/conversesacatalunya.cat\/es\/alarma-continuan-creciendo-las-agresiones-sexuales-cometidas-por-menores\/#primaryimage","url":"https:\/\/conversesacatalunya.cat\/wp-content\/uploads\/2020\/09\/agressions-sexuals.jpg","contentUrl":"https:\/\/conversesacatalunya.cat\/wp-content\/uploads\/2020\/09\/agressions-sexuals.jpg","width":640,"height":343,"caption":"agressions sexuals"},{"@type":"BreadcrumbList","@id":"https:\/\/conversesacatalunya.cat\/es\/alarma-continuan-creciendo-las-agresiones-sexuales-cometidas-por-menores\/#breadcrumb","itemListElement":[{"@type":"ListItem","position":1,"name":"Inici","item":"https:\/\/conversesacatalunya.cat\/es\/"},{"@type":"ListItem","position":2,"name":"\u00a1Alarma! Contin\u00faan creciendo las agresiones sexuales cometidas por menores"}]},{"@type":"WebSite","@id":"https:\/\/conversesacatalunya.cat\/#website","url":"https:\/\/conversesacatalunya.cat\/","name":"Converses a Catalunya","description":"","potentialAction":[{"@type":"SearchAction","target":{"@type":"EntryPoint","urlTemplate":"https:\/\/conversesacatalunya.cat\/?s={search_term_string}"},"query-input":{"@type":"PropertyValueSpecification","valueRequired":true,"valueName":"search_term_string"}}],"inLanguage":"es"},{"@type":"Person","@id":"https:\/\/conversesacatalunya.cat\/#\/schema\/person\/7e24d1e54a2785373ddcb275eae5ed99","name":"conversesacatalunya","image":{"@type":"ImageObject","inLanguage":"es","@id":"https:\/\/conversesacatalunya.cat\/#\/schema\/person\/image\/","url":"https:\/\/conversesacatalunya.cat\/wp-content\/litespeed\/avatar\/febdfeeec89d950f01c748045a981dd2.jpg?ver=1777314535","contentUrl":"https:\/\/conversesacatalunya.cat\/wp-content\/litespeed\/avatar\/febdfeeec89d950f01c748045a981dd2.jpg?ver=1777314535","caption":"conversesacatalunya"},"url":"https:\/\/conversesacatalunya.cat\/es\/author\/carme_catala\/"}]}},"wps_subtitle":"","_links":{"self":[{"href":"https:\/\/conversesacatalunya.cat\/es\/wp-json\/wp\/v2\/posts\/39916","targetHints":{"allow":["GET"]}}],"collection":[{"href":"https:\/\/conversesacatalunya.cat\/es\/wp-json\/wp\/v2\/posts"}],"about":[{"href":"https:\/\/conversesacatalunya.cat\/es\/wp-json\/wp\/v2\/types\/post"}],"author":[{"embeddable":true,"href":"https:\/\/conversesacatalunya.cat\/es\/wp-json\/wp\/v2\/users\/2"}],"replies":[{"embeddable":true,"href":"https:\/\/conversesacatalunya.cat\/es\/wp-json\/wp\/v2\/comments?post=39916"}],"version-history":[{"count":2,"href":"https:\/\/conversesacatalunya.cat\/es\/wp-json\/wp\/v2\/posts\/39916\/revisions"}],"predecessor-version":[{"id":39917,"href":"https:\/\/conversesacatalunya.cat\/es\/wp-json\/wp\/v2\/posts\/39916\/revisions\/39917"}],"wp:featuredmedia":[{"embeddable":true,"href":"https:\/\/conversesacatalunya.cat\/es\/wp-json\/wp\/v2\/media\/39906"}],"wp:attachment":[{"href":"https:\/\/conversesacatalunya.cat\/es\/wp-json\/wp\/v2\/media?parent=39916"}],"wp:term":[{"taxonomy":"category","embeddable":true,"href":"https:\/\/conversesacatalunya.cat\/es\/wp-json\/wp\/v2\/categories?post=39916"},{"taxonomy":"post_tag","embeddable":true,"href":"https:\/\/conversesacatalunya.cat\/es\/wp-json\/wp\/v2\/tags?post=39916"}],"curies":[{"name":"wp","href":"https:\/\/api.w.org\/{rel}","templated":true}]}}