{"id":39911,"date":"2020-09-08T13:08:26","date_gmt":"2020-09-08T11:08:26","guid":{"rendered":"https:\/\/conversesacatalunya.cat\/tornarem-a-vencer-cap-novetat-en-els-plantejaments-derc\/"},"modified":"2020-09-08T17:19:27","modified_gmt":"2020-09-08T15:19:27","slug":"volveremos-a-vencer-sin-novedades-en-los-planteamientos-de-erc","status":"publish","type":"post","link":"https:\/\/conversesacatalunya.cat\/es\/volveremos-a-vencer-sin-novedades-en-los-planteamientos-de-erc\/","title":{"rendered":"\u00bfVolveremos a vencer? Sin novedades en los planteamientos de ERC"},"content":{"rendered":"<p>El partido que seg\u00fan las encuestas parece que podr\u00eda ganar las elecciones al Parlamento de Catalu\u00f1a ha presentado un extenso texto, \u00ab<strong>Volveremos a vencer<\/strong>\u00ab, de la mano de Junqueras y Rovira, que pretende se\u00f1alar y renovar la estrategia de ERC.<\/p>\n<p>Hay en el texto un expl\u00edcito que hace dudar de la solidez del conjunto. Es este: \u00ab<em>Si fuimos capaces de votar ese d\u00eda -en referencia a la consulta- \u00bfpor qu\u00e9 no hemos sido capaces de conseguir la independencia de Catalu\u00f1a?<\/em>\u00ab. Plantearse como interrogante lo que es la obviedad de un <strong>fracaso<\/strong>, dif\u00edcilmente puede ser la pauta inspiradora de una estrategia. S\u00f3lo la asunci\u00f3n de que ni en el refer\u00e9ndum del 1 de octubre, con una participaci\u00f3n como mucho del 43%, con la previa de unas elecciones plebiscitarias perdidas, podr\u00edan conducir a <strong>revisar el camino<\/strong> seguido y buscar nuevas v\u00edas. Pero es evidente que asumir el fracaso es un ejercicio que requiere un valor y una lucidez extraordinarios. No es el caso.<\/p>\n<p>El centro de la respuesta de \u00abVolveremos a vencer\u00bb (no est\u00e1 nada claro cu\u00e1l fue la victoria anterior) es un<strong> refer\u00e9ndum pactado<\/strong>. Es una clar\u00edsima marcha atr\u00e1s, y de hecho es un casi desdecirse de camino de la independencia. De hecho, es formalmente el mismo que plantea el <strong>PNC<\/strong>, con la diferencia que este sit\u00faa la cuesti\u00f3n en un segundo plano, mientras que ERC lo pone en el frontispicio.<\/p>\n<p>Pero \u00bfqu\u00e9 significa un refer\u00e9ndum pactado? No se trata s\u00f3lo de un acuerdo con el gobierno espa\u00f1ol, sino que est\u00e9 en <strong>conformidad con la legalidad espa\u00f1ola<\/strong>, porque es imposible que el estado asuma un pacto que sea ilegal, anticonstitucional. Esto es una evidencia. Por lo tanto, pactar un refer\u00e9ndum representa el acuerdo para <strong>modificar la Constituci\u00f3n<\/strong> que, en este caso, exige una mayor\u00eda tan grande que parece dif\u00edcil de alcanzar sin la concurrencia del PP. Por lo tanto, un refer\u00e9ndum pactado significa <strong>un acuerdo<\/strong> no s\u00f3lo con el gobierno, sino tambi\u00e9n <strong>con las dos primeras fuerzas pol\u00edticas<\/strong> de Espa\u00f1a. Pero es que adem\u00e1s exige poner a consulta, a referendo, la modificaci\u00f3n que se introduzca y que los ciudadanos de toda Espa\u00f1a la avalen con su voto.<strong> Los espa\u00f1oles deber\u00edan decir \u00abs\u00ed\u00bb<\/strong> a la posibilidad de hacer un refer\u00e9ndum por la independencia en Catalu\u00f1a. No parece una cuesti\u00f3n f\u00e1cil, ni siquiera al alcance. El proceso de cambio constitucional legalmente es posible, pero es tan largo y dificultoso que lo hace dif\u00edcilmente viable.<\/p>\n<p>ERC se cura en salud al no rechazar, cosa que s\u00ed hace el PNC, la v\u00eda unilateral, pero le otorga la categor\u00eda de \u00faltimo recurso. En el fondo estamos ante una estrategia de <strong>perfil cl\u00e1sico convergente<\/strong>. Se trata de crear la ilusi\u00f3n de un final ut\u00f3pico al que se tiende, y no se llega nunca, y a fuerza de vender esta utop\u00eda se va tirando, sobre todo si es desde del gobierno que obviamente es la opci\u00f3n, y esta s\u00ed que es bien realista, de ERC.<\/p>\n<p>Naturalmente todo esto podr\u00eda cambiar si un buen d\u00eda el peso del independentismo fuera arrollador y superara reiteradamente en todas las elecciones y con amplitud la <strong>barrera del 50% de los votos<\/strong>, con unas participaciones elevadas, es decir, que hubiera una clara mayor\u00eda del pa\u00eds por encima del 60%, que manifestara una y otra vez que est\u00e1 por la independencia. Pero eso a estas alturas no es una realidad y est\u00e1 lejos de serlo, a pesar de que el <strong>vac\u00edo<\/strong> de las alternativas ha facilitado y facilita este camino.<\/p>\n<p>Mantener el centro de atenci\u00f3n en la situaci\u00f3n de hoy, en torno a una independencia que todo el mundo sabe que es imposible e inviable durante a\u00f1os y a\u00f1os, condena a Catalu\u00f1a a no prestar la atenci\u00f3n necesaria a lo que hoy por hoy es el <em>quid<\/em> de la cuesti\u00f3n: <strong>la utilizaci\u00f3n y magnitud de los <a href=\"https:\/\/conversesacatalunya.cat\/es\/ahora-comenzara-el-problema-de-los-fondos-europeos-de-reconstruccion-y-modernizacion\/\" target=\"_blank\" rel=\"noopener noreferrer\">fondos europeos<\/a><\/strong> para evitar el continuo empobrecimiento del pa\u00eds y renovar su econom\u00eda, que hoy vemos que es extraordinariamente dependiente del <a href=\"https:\/\/conversesacatalunya.cat\/es\/el-turismo-en-cataluna-covid-19\/\" target=\"_blank\" rel=\"noopener noreferrer\">turismo<\/a>.<\/p>\n<span class='bctt-click-to-tweet'><span class='bctt-ctt-text'><a href='https:\/\/twitter.com\/intent\/tweet?url=https%3A%2F%2Fconversesacatalunya.cat%2Fes%2Fvolveremos-a-vencer-sin-novedades-en-los-planteamientos-de-erc%2F&#038;text=La%20postura%20de%20ERC%20es%20una%20clar%C3%ADsima%20marcha%20atr%C3%A1s%2C%20y%20de%20hecho%20es%20un%20casi%20desdecirse%20del%20camino%20de%20la%20independencia&#038;via=conversesacat&#038;related=conversesacat' target='_blank'rel=\"noopener noreferrer\">La postura de ERC es una clar\u00edsima marcha atr\u00e1s, y de hecho es un casi desdecirse del camino de la independencia <\/a><\/span><a href='https:\/\/twitter.com\/intent\/tweet?url=https%3A%2F%2Fconversesacatalunya.cat%2Fes%2Fvolveremos-a-vencer-sin-novedades-en-los-planteamientos-de-erc%2F&#038;text=La%20postura%20de%20ERC%20es%20una%20clar%C3%ADsima%20marcha%20atr%C3%A1s%2C%20y%20de%20hecho%20es%20un%20casi%20desdecirse%20del%20camino%20de%20la%20independencia&#038;via=conversesacat&#038;related=conversesacat' target='_blank' class='bctt-ctt-btn'rel=\"noopener noreferrer\">Compartir en X<\/a><\/span>\n<div id=\"polls-66\" class=\"wp-polls\">\n\t<form id=\"polls_form_66\" class=\"wp-polls-form\" action=\"\/index.php\" method=\"post\">\n\t\t<p style=\"display: none;\"><input type=\"hidden\" id=\"poll_66_nonce\" name=\"wp-polls-nonce\" value=\"6c0aa460fd\" \/><\/p>\n\t\t<p style=\"display: none;\"><input type=\"hidden\" name=\"poll_id\" value=\"66\" \/><\/p>\n\t\t<p style=\"text-align: center\"><strong>Creus que el Govern far\u00e0 un bon \u00fas dels 140.000 milions d'euros del Fons de Recuperaci\u00f3 Europeu?<\/strong><\/p><div id=\"polls-66-ans\" class=\"wp-polls-ans\"><ul class=\"wp-polls-ul\">\n\t\t<li><input type=\"radio\" id=\"poll-answer-142\" name=\"poll_66\" value=\"142\" \/> <label for=\"poll-answer-142\">Si<\/label><\/li>\n\t\t<li><input type=\"radio\" id=\"poll-answer-143\" name=\"poll_66\" value=\"143\" \/> <label for=\"poll-answer-143\">No<\/label><\/li>\n\t\t<li><input type=\"radio\" id=\"poll-answer-144\" name=\"poll_66\" value=\"144\" \/> <label for=\"poll-answer-144\">No ho s\u00e9<\/label><\/li>\n\t\t<\/ul><p style=\"text-align: center\"><input type=\"button\" name=\"vote\" value=\"   Vota   \" class=\"Buttons\" onclick=\"poll_vote(66);\" \/><\/p><p style=\"text-align: center\"><a href=\"#ViewPollResults\" onclick=\"poll_result(66); return false;\" title=\"View Results Of This Poll\">Mira els resultats<\/a><\/p><\/div>\n\t<\/form>\n<\/div>\n<div id=\"polls-66-loading\" class=\"wp-polls-loading\"><img decoding=\"async\" data-src=\"https:\/\/conversesacatalunya.cat\/wp-content\/plugins\/wp-polls\/images\/loading.gif\" width=\"16\" height=\"16\" alt=\"Cargando ...\" title=\"Cargando ...\" class=\"wp-polls-image lazyload\" src=\"data:image\/svg+xml;base64,PHN2ZyB3aWR0aD0iMSIgaGVpZ2h0PSIxIiB4bWxucz0iaHR0cDovL3d3dy53My5vcmcvMjAwMC9zdmciPjwvc3ZnPg==\" style=\"--smush-placeholder-width: 16px; --smush-placeholder-aspect-ratio: 16\/16;\" \/>&nbsp;Cargando ...<\/div>\n\n<p>&nbsp;<\/p>\n","protected":false},"excerpt":{"rendered":"<p>El partido que seg\u00fan las encuestas parece que podr\u00eda ganar las elecciones al Parlamento de Catalu\u00f1a ha presentado un extenso texto, \u00abVolveremos a vencer\u00ab, de la mano de Junqueras y Rovira, que pretende se\u00f1alar y renovar la estrategia de ERC. Hay en el texto un expl\u00edcito que hace dudar de la solidez del conjunto. Es este: \u00abSi fuimos capaces de votar ese d\u00eda -en referencia a la consulta- \u00bfpor qu\u00e9 no hemos sido capaces de conseguir la independencia de Catalu\u00f1a?\u00ab. Plantearse como interrogante lo que es la obviedad de un fracaso, dif\u00edcilmente puede ser la pauta inspiradora de una estrategia. S\u00f3lo la asunci\u00f3n de que ni en el refer\u00e9ndum del 1 de octubre, con una participaci\u00f3n como mucho del 43%, con la previa de unas elecciones plebiscitarias perdidas, podr\u00edan conducir a revisar el camino seguido y buscar nuevas v\u00edas. Pero es evidente que asumir el fracaso es un ejercicio que requiere un valor y una lucidez extraordinarios. No es el caso. El centro de la respuesta de \u00abVolveremos a vencer\u00bb (no est\u00e1 nada claro cu\u00e1l fue la victoria anterior) es un refer\u00e9ndum pactado. Es una clar\u00edsima marcha atr\u00e1s, y de hecho es un casi desdecirse de camino de la independencia. De hecho, es formalmente el mismo que plantea el PNC, con la diferencia que este sit\u00faa la cuesti\u00f3n en un segundo plano, mientras que ERC lo pone en el frontispicio. Pero \u00bfqu\u00e9 significa un refer\u00e9ndum pactado? No se trata s\u00f3lo de un acuerdo con el gobierno espa\u00f1ol, sino que est\u00e9 en conformidad con la legalidad espa\u00f1ola, porque es imposible que el estado asuma un pacto que sea ilegal, anticonstitucional. Esto es una evidencia. Por lo tanto, pactar un refer\u00e9ndum representa el acuerdo para modificar la Constituci\u00f3n que, en este caso, exige una mayor\u00eda tan grande que parece dif\u00edcil de alcanzar sin la concurrencia del PP. Por lo tanto, un refer\u00e9ndum pactado significa un acuerdo no s\u00f3lo con el gobierno, sino tambi\u00e9n con las dos primeras fuerzas pol\u00edticas de Espa\u00f1a. Pero es que adem\u00e1s exige poner a consulta, a referendo, la modificaci\u00f3n que se introduzca y que los ciudadanos de toda Espa\u00f1a la avalen con su voto. Los espa\u00f1oles deber\u00edan decir \u00abs\u00ed\u00bb a la posibilidad de hacer un refer\u00e9ndum por la independencia en Catalu\u00f1a. No parece una cuesti\u00f3n f\u00e1cil, ni siquiera al alcance. El proceso de cambio constitucional legalmente es posible, pero es tan largo y dificultoso que lo hace dif\u00edcilmente viable. ERC se cura en salud al no rechazar, cosa que s\u00ed hace el PNC, la v\u00eda unilateral, pero le otorga la categor\u00eda de \u00faltimo recurso. En el fondo estamos ante una estrategia de perfil cl\u00e1sico convergente. Se trata de crear la ilusi\u00f3n de un final ut\u00f3pico al que se tiende, y no se llega nunca, y a fuerza de vender esta utop\u00eda se va tirando, sobre todo si es desde del gobierno que obviamente es la opci\u00f3n, y esta s\u00ed que es bien realista, de ERC. Naturalmente todo esto podr\u00eda cambiar si un buen d\u00eda el peso del independentismo fuera arrollador y superara reiteradamente en todas las elecciones y con amplitud la barrera del 50% de los votos, con unas participaciones elevadas, es decir, que hubiera una clara mayor\u00eda del pa\u00eds por encima del 60%, que manifestara una y otra vez que est\u00e1 por la independencia. Pero eso a estas alturas no es una realidad y est\u00e1 lejos de serlo, a pesar de que el vac\u00edo de las alternativas ha facilitado y facilita este camino. Mantener el centro de atenci\u00f3n en la situaci\u00f3n de hoy, en torno a una independencia que todo el mundo sabe que es imposible e inviable durante a\u00f1os y a\u00f1os, condena a Catalu\u00f1a a no prestar la atenci\u00f3n necesaria a lo que hoy por hoy es el quid de la cuesti\u00f3n: la utilizaci\u00f3n y magnitud de los fondos europeos para evitar el continuo empobrecimiento del pa\u00eds y renovar su econom\u00eda, que hoy vemos que es extraordinariamente dependiente del turismo. &nbsp;<\/p>\n","protected":false},"author":2,"featured_media":39895,"comment_status":"open","ping_status":"open","sticky":false,"template":"","format":"standard","meta":{"_FSMCFIC_featured_image_caption":"","_FSMCFIC_featured_image_nocaption":"","_FSMCFIC_featured_image_hide":"","footnotes":""},"categories":[806],"tags":[1525,1108,986],"class_list":["post-39911","post","type-post","status-publish","format-standard","has-post-thumbnail","hentry","category-punts-claus-del-dia-es","tag-elecciones-anticipadas","tag-erc-es","tag-independentismo-es"],"yoast_head":"<!-- This site is optimized with the Yoast SEO plugin v26.8 - https:\/\/yoast.com\/product\/yoast-seo-wordpress\/ -->\n<title>\u00bfVolveremos a vencer? Sin novedades en los planteamientos de ERC - Converses a Catalunya<\/title>\n<meta name=\"description\" content=\"Volveremos a vencer es una clar\u00edsima marcha atr\u00e1s, y de hecho es un casi desdecirse del camino de la independencia\" \/>\n<meta name=\"robots\" content=\"index, follow, max-snippet:-1, max-image-preview:large, max-video-preview:-1\" \/>\n<link rel=\"canonical\" href=\"https:\/\/conversesacatalunya.cat\/es\/volveremos-a-vencer-sin-novedades-en-los-planteamientos-de-erc\/\" \/>\n<meta property=\"og:locale\" content=\"es_ES\" \/>\n<meta property=\"og:type\" content=\"article\" \/>\n<meta property=\"og:title\" content=\"\u00bfVolveremos a vencer? Sin novedades en los planteamientos de ERC - Converses a Catalunya\" \/>\n<meta property=\"og:description\" content=\"Volveremos a vencer es una clar\u00edsima marcha atr\u00e1s, y de hecho es un casi desdecirse del camino de la independencia\" \/>\n<meta property=\"og:url\" content=\"https:\/\/conversesacatalunya.cat\/es\/volveremos-a-vencer-sin-novedades-en-los-planteamientos-de-erc\/\" \/>\n<meta property=\"og:site_name\" content=\"Converses a Catalunya\" \/>\n<meta property=\"article:published_time\" content=\"2020-09-08T11:08:26+00:00\" \/>\n<meta property=\"article:modified_time\" content=\"2020-09-08T15:19:27+00:00\" \/>\n<meta property=\"og:image\" content=\"https:\/\/conversesacatalunya.cat\/wp-content\/uploads\/2020\/09\/TORNAREM-A-VENCER.jpg\" \/>\n\t<meta property=\"og:image:width\" content=\"512\" \/>\n\t<meta property=\"og:image:height\" content=\"269\" \/>\n\t<meta property=\"og:image:type\" content=\"image\/jpeg\" \/>\n<meta name=\"author\" content=\"conversesacatalunya\" \/>\n<meta name=\"twitter:card\" content=\"summary_large_image\" \/>\n<meta name=\"twitter:label1\" content=\"Escrito por\" \/>\n\t<meta name=\"twitter:data1\" content=\"conversesacatalunya\" \/>\n\t<meta name=\"twitter:label2\" content=\"Tiempo de lectura\" \/>\n\t<meta name=\"twitter:data2\" content=\"4 minutos\" \/>\n<script type=\"application\/ld+json\" class=\"yoast-schema-graph\">{\"@context\":\"https:\/\/schema.org\",\"@graph\":[{\"@type\":\"Article\",\"@id\":\"https:\/\/conversesacatalunya.cat\/es\/volveremos-a-vencer-sin-novedades-en-los-planteamientos-de-erc\/#article\",\"isPartOf\":{\"@id\":\"https:\/\/conversesacatalunya.cat\/es\/volveremos-a-vencer-sin-novedades-en-los-planteamientos-de-erc\/\"},\"author\":{\"name\":\"conversesacatalunya\",\"@id\":\"https:\/\/conversesacatalunya.cat\/#\/schema\/person\/7e24d1e54a2785373ddcb275eae5ed99\"},\"headline\":\"\u00bfVolveremos a vencer? Sin novedades en los planteamientos de ERC\",\"datePublished\":\"2020-09-08T11:08:26+00:00\",\"dateModified\":\"2020-09-08T15:19:27+00:00\",\"mainEntityOfPage\":{\"@id\":\"https:\/\/conversesacatalunya.cat\/es\/volveremos-a-vencer-sin-novedades-en-los-planteamientos-de-erc\/\"},\"wordCount\":755,\"commentCount\":0,\"image\":{\"@id\":\"https:\/\/conversesacatalunya.cat\/es\/volveremos-a-vencer-sin-novedades-en-los-planteamientos-de-erc\/#primaryimage\"},\"thumbnailUrl\":\"https:\/\/conversesacatalunya.cat\/wp-content\/uploads\/2020\/09\/TORNAREM-A-VENCER.jpg\",\"keywords\":[\"elecciones anticipadas\",\"ERC\",\"Independentismo\"],\"articleSection\":[\"Punts clau del dia (ES)\"],\"inLanguage\":\"es\",\"potentialAction\":[{\"@type\":\"CommentAction\",\"name\":\"Comment\",\"target\":[\"https:\/\/conversesacatalunya.cat\/es\/volveremos-a-vencer-sin-novedades-en-los-planteamientos-de-erc\/#respond\"]}]},{\"@type\":\"WebPage\",\"@id\":\"https:\/\/conversesacatalunya.cat\/es\/volveremos-a-vencer-sin-novedades-en-los-planteamientos-de-erc\/\",\"url\":\"https:\/\/conversesacatalunya.cat\/es\/volveremos-a-vencer-sin-novedades-en-los-planteamientos-de-erc\/\",\"name\":\"\u00bfVolveremos a vencer? Sin novedades en los planteamientos de ERC - Converses a Catalunya\",\"isPartOf\":{\"@id\":\"https:\/\/conversesacatalunya.cat\/#website\"},\"primaryImageOfPage\":{\"@id\":\"https:\/\/conversesacatalunya.cat\/es\/volveremos-a-vencer-sin-novedades-en-los-planteamientos-de-erc\/#primaryimage\"},\"image\":{\"@id\":\"https:\/\/conversesacatalunya.cat\/es\/volveremos-a-vencer-sin-novedades-en-los-planteamientos-de-erc\/#primaryimage\"},\"thumbnailUrl\":\"https:\/\/conversesacatalunya.cat\/wp-content\/uploads\/2020\/09\/TORNAREM-A-VENCER.jpg\",\"datePublished\":\"2020-09-08T11:08:26+00:00\",\"dateModified\":\"2020-09-08T15:19:27+00:00\",\"author\":{\"@id\":\"https:\/\/conversesacatalunya.cat\/#\/schema\/person\/7e24d1e54a2785373ddcb275eae5ed99\"},\"description\":\"Volveremos a vencer es una clar\u00edsima marcha atr\u00e1s, y de hecho es un casi desdecirse del camino de la independencia\",\"breadcrumb\":{\"@id\":\"https:\/\/conversesacatalunya.cat\/es\/volveremos-a-vencer-sin-novedades-en-los-planteamientos-de-erc\/#breadcrumb\"},\"inLanguage\":\"es\",\"potentialAction\":[{\"@type\":\"ReadAction\",\"target\":[\"https:\/\/conversesacatalunya.cat\/es\/volveremos-a-vencer-sin-novedades-en-los-planteamientos-de-erc\/\"]}]},{\"@type\":\"ImageObject\",\"inLanguage\":\"es\",\"@id\":\"https:\/\/conversesacatalunya.cat\/es\/volveremos-a-vencer-sin-novedades-en-los-planteamientos-de-erc\/#primaryimage\",\"url\":\"https:\/\/conversesacatalunya.cat\/wp-content\/uploads\/2020\/09\/TORNAREM-A-VENCER.jpg\",\"contentUrl\":\"https:\/\/conversesacatalunya.cat\/wp-content\/uploads\/2020\/09\/TORNAREM-A-VENCER.jpg\",\"width\":512,\"height\":269,\"caption\":\"Tornarem a v\u00e9ncer\"},{\"@type\":\"BreadcrumbList\",\"@id\":\"https:\/\/conversesacatalunya.cat\/es\/volveremos-a-vencer-sin-novedades-en-los-planteamientos-de-erc\/#breadcrumb\",\"itemListElement\":[{\"@type\":\"ListItem\",\"position\":1,\"name\":\"Inici\",\"item\":\"https:\/\/conversesacatalunya.cat\/es\/\"},{\"@type\":\"ListItem\",\"position\":2,\"name\":\"\u00bfVolveremos a vencer? Sin novedades en los planteamientos de ERC\"}]},{\"@type\":\"WebSite\",\"@id\":\"https:\/\/conversesacatalunya.cat\/#website\",\"url\":\"https:\/\/conversesacatalunya.cat\/\",\"name\":\"Converses a Catalunya\",\"description\":\"\",\"potentialAction\":[{\"@type\":\"SearchAction\",\"target\":{\"@type\":\"EntryPoint\",\"urlTemplate\":\"https:\/\/conversesacatalunya.cat\/?s={search_term_string}\"},\"query-input\":{\"@type\":\"PropertyValueSpecification\",\"valueRequired\":true,\"valueName\":\"search_term_string\"}}],\"inLanguage\":\"es\"},{\"@type\":\"Person\",\"@id\":\"https:\/\/conversesacatalunya.cat\/#\/schema\/person\/7e24d1e54a2785373ddcb275eae5ed99\",\"name\":\"conversesacatalunya\",\"image\":{\"@type\":\"ImageObject\",\"inLanguage\":\"es\",\"@id\":\"https:\/\/conversesacatalunya.cat\/#\/schema\/person\/image\/\",\"url\":\"https:\/\/conversesacatalunya.cat\/wp-content\/litespeed\/avatar\/febdfeeec89d950f01c748045a981dd2.jpg?ver=1777314535\",\"contentUrl\":\"https:\/\/conversesacatalunya.cat\/wp-content\/litespeed\/avatar\/febdfeeec89d950f01c748045a981dd2.jpg?ver=1777314535\",\"caption\":\"conversesacatalunya\"},\"url\":\"https:\/\/conversesacatalunya.cat\/es\/author\/carme_catala\/\"}]}<\/script>\n<!-- \/ Yoast SEO plugin. -->","yoast_head_json":{"title":"\u00bfVolveremos a vencer? Sin novedades en los planteamientos de ERC - Converses a Catalunya","description":"Volveremos a vencer es una clar\u00edsima marcha atr\u00e1s, y de hecho es un casi desdecirse del camino de la independencia","robots":{"index":"index","follow":"follow","max-snippet":"max-snippet:-1","max-image-preview":"max-image-preview:large","max-video-preview":"max-video-preview:-1"},"canonical":"https:\/\/conversesacatalunya.cat\/es\/volveremos-a-vencer-sin-novedades-en-los-planteamientos-de-erc\/","og_locale":"es_ES","og_type":"article","og_title":"\u00bfVolveremos a vencer? Sin novedades en los planteamientos de ERC - Converses a Catalunya","og_description":"Volveremos a vencer es una clar\u00edsima marcha atr\u00e1s, y de hecho es un casi desdecirse del camino de la independencia","og_url":"https:\/\/conversesacatalunya.cat\/es\/volveremos-a-vencer-sin-novedades-en-los-planteamientos-de-erc\/","og_site_name":"Converses a Catalunya","article_published_time":"2020-09-08T11:08:26+00:00","article_modified_time":"2020-09-08T15:19:27+00:00","og_image":[{"width":512,"height":269,"url":"https:\/\/conversesacatalunya.cat\/wp-content\/uploads\/2020\/09\/TORNAREM-A-VENCER.jpg","type":"image\/jpeg"}],"author":"conversesacatalunya","twitter_card":"summary_large_image","twitter_misc":{"Escrito por":"conversesacatalunya","Tiempo de lectura":"4 minutos"},"schema":{"@context":"https:\/\/schema.org","@graph":[{"@type":"Article","@id":"https:\/\/conversesacatalunya.cat\/es\/volveremos-a-vencer-sin-novedades-en-los-planteamientos-de-erc\/#article","isPartOf":{"@id":"https:\/\/conversesacatalunya.cat\/es\/volveremos-a-vencer-sin-novedades-en-los-planteamientos-de-erc\/"},"author":{"name":"conversesacatalunya","@id":"https:\/\/conversesacatalunya.cat\/#\/schema\/person\/7e24d1e54a2785373ddcb275eae5ed99"},"headline":"\u00bfVolveremos a vencer? Sin novedades en los planteamientos de ERC","datePublished":"2020-09-08T11:08:26+00:00","dateModified":"2020-09-08T15:19:27+00:00","mainEntityOfPage":{"@id":"https:\/\/conversesacatalunya.cat\/es\/volveremos-a-vencer-sin-novedades-en-los-planteamientos-de-erc\/"},"wordCount":755,"commentCount":0,"image":{"@id":"https:\/\/conversesacatalunya.cat\/es\/volveremos-a-vencer-sin-novedades-en-los-planteamientos-de-erc\/#primaryimage"},"thumbnailUrl":"https:\/\/conversesacatalunya.cat\/wp-content\/uploads\/2020\/09\/TORNAREM-A-VENCER.jpg","keywords":["elecciones anticipadas","ERC","Independentismo"],"articleSection":["Punts clau del dia (ES)"],"inLanguage":"es","potentialAction":[{"@type":"CommentAction","name":"Comment","target":["https:\/\/conversesacatalunya.cat\/es\/volveremos-a-vencer-sin-novedades-en-los-planteamientos-de-erc\/#respond"]}]},{"@type":"WebPage","@id":"https:\/\/conversesacatalunya.cat\/es\/volveremos-a-vencer-sin-novedades-en-los-planteamientos-de-erc\/","url":"https:\/\/conversesacatalunya.cat\/es\/volveremos-a-vencer-sin-novedades-en-los-planteamientos-de-erc\/","name":"\u00bfVolveremos a vencer? Sin novedades en los planteamientos de ERC - Converses a Catalunya","isPartOf":{"@id":"https:\/\/conversesacatalunya.cat\/#website"},"primaryImageOfPage":{"@id":"https:\/\/conversesacatalunya.cat\/es\/volveremos-a-vencer-sin-novedades-en-los-planteamientos-de-erc\/#primaryimage"},"image":{"@id":"https:\/\/conversesacatalunya.cat\/es\/volveremos-a-vencer-sin-novedades-en-los-planteamientos-de-erc\/#primaryimage"},"thumbnailUrl":"https:\/\/conversesacatalunya.cat\/wp-content\/uploads\/2020\/09\/TORNAREM-A-VENCER.jpg","datePublished":"2020-09-08T11:08:26+00:00","dateModified":"2020-09-08T15:19:27+00:00","author":{"@id":"https:\/\/conversesacatalunya.cat\/#\/schema\/person\/7e24d1e54a2785373ddcb275eae5ed99"},"description":"Volveremos a vencer es una clar\u00edsima marcha atr\u00e1s, y de hecho es un casi desdecirse del camino de la independencia","breadcrumb":{"@id":"https:\/\/conversesacatalunya.cat\/es\/volveremos-a-vencer-sin-novedades-en-los-planteamientos-de-erc\/#breadcrumb"},"inLanguage":"es","potentialAction":[{"@type":"ReadAction","target":["https:\/\/conversesacatalunya.cat\/es\/volveremos-a-vencer-sin-novedades-en-los-planteamientos-de-erc\/"]}]},{"@type":"ImageObject","inLanguage":"es","@id":"https:\/\/conversesacatalunya.cat\/es\/volveremos-a-vencer-sin-novedades-en-los-planteamientos-de-erc\/#primaryimage","url":"https:\/\/conversesacatalunya.cat\/wp-content\/uploads\/2020\/09\/TORNAREM-A-VENCER.jpg","contentUrl":"https:\/\/conversesacatalunya.cat\/wp-content\/uploads\/2020\/09\/TORNAREM-A-VENCER.jpg","width":512,"height":269,"caption":"Tornarem a v\u00e9ncer"},{"@type":"BreadcrumbList","@id":"https:\/\/conversesacatalunya.cat\/es\/volveremos-a-vencer-sin-novedades-en-los-planteamientos-de-erc\/#breadcrumb","itemListElement":[{"@type":"ListItem","position":1,"name":"Inici","item":"https:\/\/conversesacatalunya.cat\/es\/"},{"@type":"ListItem","position":2,"name":"\u00bfVolveremos a vencer? Sin novedades en los planteamientos de ERC"}]},{"@type":"WebSite","@id":"https:\/\/conversesacatalunya.cat\/#website","url":"https:\/\/conversesacatalunya.cat\/","name":"Converses a Catalunya","description":"","potentialAction":[{"@type":"SearchAction","target":{"@type":"EntryPoint","urlTemplate":"https:\/\/conversesacatalunya.cat\/?s={search_term_string}"},"query-input":{"@type":"PropertyValueSpecification","valueRequired":true,"valueName":"search_term_string"}}],"inLanguage":"es"},{"@type":"Person","@id":"https:\/\/conversesacatalunya.cat\/#\/schema\/person\/7e24d1e54a2785373ddcb275eae5ed99","name":"conversesacatalunya","image":{"@type":"ImageObject","inLanguage":"es","@id":"https:\/\/conversesacatalunya.cat\/#\/schema\/person\/image\/","url":"https:\/\/conversesacatalunya.cat\/wp-content\/litespeed\/avatar\/febdfeeec89d950f01c748045a981dd2.jpg?ver=1777314535","contentUrl":"https:\/\/conversesacatalunya.cat\/wp-content\/litespeed\/avatar\/febdfeeec89d950f01c748045a981dd2.jpg?ver=1777314535","caption":"conversesacatalunya"},"url":"https:\/\/conversesacatalunya.cat\/es\/author\/carme_catala\/"}]}},"wps_subtitle":"Es una clar\u00edsima marcha atr\u00e1s, y de hecho es un casi desdecirse del camino de la independencia","_links":{"self":[{"href":"https:\/\/conversesacatalunya.cat\/es\/wp-json\/wp\/v2\/posts\/39911","targetHints":{"allow":["GET"]}}],"collection":[{"href":"https:\/\/conversesacatalunya.cat\/es\/wp-json\/wp\/v2\/posts"}],"about":[{"href":"https:\/\/conversesacatalunya.cat\/es\/wp-json\/wp\/v2\/types\/post"}],"author":[{"embeddable":true,"href":"https:\/\/conversesacatalunya.cat\/es\/wp-json\/wp\/v2\/users\/2"}],"replies":[{"embeddable":true,"href":"https:\/\/conversesacatalunya.cat\/es\/wp-json\/wp\/v2\/comments?post=39911"}],"version-history":[{"count":3,"href":"https:\/\/conversesacatalunya.cat\/es\/wp-json\/wp\/v2\/posts\/39911\/revisions"}],"predecessor-version":[{"id":39912,"href":"https:\/\/conversesacatalunya.cat\/es\/wp-json\/wp\/v2\/posts\/39911\/revisions\/39912"}],"wp:featuredmedia":[{"embeddable":true,"href":"https:\/\/conversesacatalunya.cat\/es\/wp-json\/wp\/v2\/media\/39895"}],"wp:attachment":[{"href":"https:\/\/conversesacatalunya.cat\/es\/wp-json\/wp\/v2\/media?parent=39911"}],"wp:term":[{"taxonomy":"category","embeddable":true,"href":"https:\/\/conversesacatalunya.cat\/es\/wp-json\/wp\/v2\/categories?post=39911"},{"taxonomy":"post_tag","embeddable":true,"href":"https:\/\/conversesacatalunya.cat\/es\/wp-json\/wp\/v2\/tags?post=39911"}],"curies":[{"name":"wp","href":"https:\/\/api.w.org\/{rel}","templated":true}]}}