{"id":39858,"date":"2020-09-07T12:41:53","date_gmt":"2020-09-07T10:41:53","guid":{"rendered":"https:\/\/conversesacatalunya.cat\/malgrat-el-desacord-la-majoria-vota-independentisme\/"},"modified":"2020-09-07T13:55:57","modified_gmt":"2020-09-07T11:55:57","slug":"a-pesar-del-desacuerdo-la-mayoria-vota-independentismo","status":"publish","type":"post","link":"https:\/\/conversesacatalunya.cat\/es\/a-pesar-del-desacuerdo-la-mayoria-vota-independentismo\/","title":{"rendered":"A pesar del desacuerdo, la mayor\u00eda vota independentismo"},"content":{"rendered":"<p>La <a href=\"https:\/\/www.lavanguardia.com\/politica\/20200905\/483322119740\/encuesta-la-vanguardia-elecciones-catalunya-erc-ventaja-jxcat-independentismo-mayoria-quim-torra.html\" target=\"_blank\" rel=\"noopener noreferrer\">encuesta publicada este pasado domingo en <em>La Vanguardia<\/em><\/a> realizada por GAD3, una empresa que tiene un amplio curriculum de aciertos, genera un gran interrogante. El resultado otorga a ERC la victoria con muchos esca\u00f1os de diferencia, 41 a 31, sobre JxCat, la segunda opci\u00f3n y adem\u00e1s competidora suya en el campo independentista. Los resultados en esta ocasi\u00f3n hacen que por primera vez el independentismo obtenga una mayor\u00eda que sobrepasa el 50% contando con los votos de la CUP. S\u00f3lo entre ERC y JxCat ya alcanza el 48% de los votos. Este progreso se transforma en una clara mayor\u00eda absoluta con 73 esca\u00f1os, sin contar los 4 posibles esca\u00f1os de la CUP. Esta es la lectura directa que todo el mundo puede hacer del resultado de la encuesta. Pero al mismo tiempo presenta numerosos interrogantes, por no decir contradicciones:<\/p>\n<ol>\n<li>La coalici\u00f3n de ERC, JxCat y la CUP<strong> s\u00f3lo es preferida por el 21,7%<\/strong> de los votos, por lo tanto a una distancia astron\u00f3mica de lo que realmente suman las tres opciones. \u00bfC\u00f3mo se ha de leer esta diferencia?<\/li>\n<li>Pr\u00e1cticamente el <strong>60% de los catalanes<\/strong> consideran que la situaci\u00f3n pol\u00edtica actual de Catalu\u00f1a es mala. Y el <strong>68%<\/strong> considera que ser\u00e1 igual o peor dentro de un a\u00f1o.<\/li>\n<li>La gesti\u00f3n del gobierno es rechazada por <strong>un claro 57% de los votos<\/strong>. S\u00f3lo el 36% est\u00e1 a favor. Una vez m\u00e1s la paradoja de que los \u00abS\u00ed\u00bb son muy inferiores a la suma de los votos de ERC y de JxCat. Al menos hay 12 puntos porcentuales, que son muchos, de votantes de los dos partidos que suspenden la gesti\u00f3n del gobierno.<\/li>\n<li>Ning\u00fan partido parece solvente para gestionar la Generalitat. Cuando se pregunta qu\u00e9 partido se considera m\u00e1s capacitado para gestionar la Generalitat, que es una pregunta muy directa, el mejor situado es <strong>ERC con un 21,4%<\/strong>. Claramente por debajo del n\u00famero de votantes, situado en el 27,2%. Por lo tanto, hay personas que votan a ERC aunque saben que no es la formaci\u00f3n m\u00e1s capacitada para gobernar. En el caso de JxCat la diferencia es mayor.<strong> El 19,9% de votantes<\/strong> por s\u00f3lo un <strong>12% favorable<\/strong> a su capacidad de gesti\u00f3n. Es un muy mal resultado para el partido que concentra los dos \u00faltimos presidentes. Pero es que la diferencia es<strong> mayor con el PSC: 19%<\/strong> de votos, <strong>11%<\/strong> de favorables a su capacidad de gesti\u00f3n. Este hecho se da, si bien en menor medida, en todos los dem\u00e1s partidos. Esta diferencia entre capacidad de gesti\u00f3n y preferencia electoral es perfectamente l\u00f3gica en aquellas opciones pol\u00edticas que no tienen posibilidad de gobernar, pero para las que est\u00e1n en el gobierno, es un hecho que no deja de cuestionar los criterios de una parte de la poblaci\u00f3n a la hora de votar.<\/li>\n<\/ol>\n<p>Con todos estos datos a la vista, se hace dif\u00edcil entender el \u00e9xito de los partidos mayoritarios y en particular del independentismo.<\/p>\n<p>Las respuestas son muchas y no incompatibles entre ellas. Por ejemplo, la gente vota lo que hay, a pesar de que no le guste en la medida suficiente. Vota \u00abmal menor\u00bb o vota \u00abrefugio\u00bb, o \u00aben contra de\u00bb. El problema es que este comportamiento es importado. La democracia, que debe ser eficaz, no funciona bien.<\/p>\n<p>Otra respuesta a estas aparentes contradicciones la podr\u00edamos encontrar en una <strong>baja participaci\u00f3n<\/strong>. Ser\u00eda la consecuencia de que fueran a votar los muy convencidos, los m\u00e1s militantes, y que aquella parte de ciudadanos que lo hace en funci\u00f3n de criterios m\u00e1s pr\u00e1cticos se quedara en casa. Desgraciadamente, este dato, que ser\u00e1 muy importante en las pr\u00f3ximas elecciones, la encuesta no lo facilita y, por tanto, la explicaci\u00f3n permanece en el aire.<\/p>\n<span class='bctt-click-to-tweet'><span class='bctt-ctt-text'><a href='https:\/\/twitter.com\/intent\/tweet?url=https%3A%2F%2Fconversesacatalunya.cat%2Fes%2Fa-pesar-del-desacuerdo-la-mayoria-vota-independentismo%2F&#038;text=La%20gente%20vota%20lo%20que%20hay%2C%20a%20pesar%20de%20que%20no%20le%20guste%20en%20la%20medida%20suficiente.%20Vota%20%27mal%20menor%27%20o%20vota%20%27refugio%27%20o%20%27en%20contra%20de%27%20algo%20o%20alguien&#038;via=conversesacat&#038;related=conversesacat' target='_blank'rel=\"noopener noreferrer\">La gente vota lo que hay, a pesar de que no le guste en la medida suficiente. Vota &#039;mal menor&#039; o vota &#039;refugio&#039; o &#039;en contra de&#039; algo o alguien <\/a><\/span><a href='https:\/\/twitter.com\/intent\/tweet?url=https%3A%2F%2Fconversesacatalunya.cat%2Fes%2Fa-pesar-del-desacuerdo-la-mayoria-vota-independentismo%2F&#038;text=La%20gente%20vota%20lo%20que%20hay%2C%20a%20pesar%20de%20que%20no%20le%20guste%20en%20la%20medida%20suficiente.%20Vota%20%27mal%20menor%27%20o%20vota%20%27refugio%27%20o%20%27en%20contra%20de%27%20algo%20o%20alguien&#038;via=conversesacat&#038;related=conversesacat' target='_blank' class='bctt-ctt-btn'rel=\"noopener noreferrer\">Compartir en X<\/a><\/span>\n","protected":false},"excerpt":{"rendered":"<p>La encuesta publicada este pasado domingo en La Vanguardia realizada por GAD3, una empresa que tiene un amplio curriculum de aciertos, genera un gran interrogante. El resultado otorga a ERC la victoria con muchos esca\u00f1os de diferencia, 41 a 31, sobre JxCat, la segunda opci\u00f3n y adem\u00e1s competidora suya en el campo independentista. Los resultados en esta ocasi\u00f3n hacen que por primera vez el independentismo obtenga una mayor\u00eda que sobrepasa el 50% contando con los votos de la CUP. S\u00f3lo entre ERC y JxCat ya alcanza el 48% de los votos. Este progreso se transforma en una clara mayor\u00eda absoluta con 73 esca\u00f1os, sin contar los 4 posibles esca\u00f1os de la CUP. Esta es la lectura directa que todo el mundo puede hacer del resultado de la encuesta. Pero al mismo tiempo presenta numerosos interrogantes, por no decir contradicciones: La coalici\u00f3n de ERC, JxCat y la CUP s\u00f3lo es preferida por el 21,7% de los votos, por lo tanto a una distancia astron\u00f3mica de lo que realmente suman las tres opciones. \u00bfC\u00f3mo se ha de leer esta diferencia? Pr\u00e1cticamente el 60% de los catalanes consideran que la situaci\u00f3n pol\u00edtica actual de Catalu\u00f1a es mala. Y el 68% considera que ser\u00e1 igual o peor dentro de un a\u00f1o. La gesti\u00f3n del gobierno es rechazada por un claro 57% de los votos. S\u00f3lo el 36% est\u00e1 a favor. Una vez m\u00e1s la paradoja de que los \u00abS\u00ed\u00bb son muy inferiores a la suma de los votos de ERC y de JxCat. Al menos hay 12 puntos porcentuales, que son muchos, de votantes de los dos partidos que suspenden la gesti\u00f3n del gobierno. Ning\u00fan partido parece solvente para gestionar la Generalitat. Cuando se pregunta qu\u00e9 partido se considera m\u00e1s capacitado para gestionar la Generalitat, que es una pregunta muy directa, el mejor situado es ERC con un 21,4%. Claramente por debajo del n\u00famero de votantes, situado en el 27,2%. Por lo tanto, hay personas que votan a ERC aunque saben que no es la formaci\u00f3n m\u00e1s capacitada para gobernar. En el caso de JxCat la diferencia es mayor. El 19,9% de votantes por s\u00f3lo un 12% favorable a su capacidad de gesti\u00f3n. Es un muy mal resultado para el partido que concentra los dos \u00faltimos presidentes. Pero es que la diferencia es mayor con el PSC: 19% de votos, 11% de favorables a su capacidad de gesti\u00f3n. Este hecho se da, si bien en menor medida, en todos los dem\u00e1s partidos. Esta diferencia entre capacidad de gesti\u00f3n y preferencia electoral es perfectamente l\u00f3gica en aquellas opciones pol\u00edticas que no tienen posibilidad de gobernar, pero para las que est\u00e1n en el gobierno, es un hecho que no deja de cuestionar los criterios de una parte de la poblaci\u00f3n a la hora de votar. Con todos estos datos a la vista, se hace dif\u00edcil entender el \u00e9xito de los partidos mayoritarios y en particular del independentismo. Las respuestas son muchas y no incompatibles entre ellas. Por ejemplo, la gente vota lo que hay, a pesar de que no le guste en la medida suficiente. Vota \u00abmal menor\u00bb o vota \u00abrefugio\u00bb, o \u00aben contra de\u00bb. El problema es que este comportamiento es importado. La democracia, que debe ser eficaz, no funciona bien. Otra respuesta a estas aparentes contradicciones la podr\u00edamos encontrar en una baja participaci\u00f3n. Ser\u00eda la consecuencia de que fueran a votar los muy convencidos, los m\u00e1s militantes, y que aquella parte de ciudadanos que lo hace en funci\u00f3n de criterios m\u00e1s pr\u00e1cticos se quedara en casa. Desgraciadamente, este dato, que ser\u00e1 muy importante en las pr\u00f3ximas elecciones, la encuesta no lo facilita y, por tanto, la explicaci\u00f3n permanece en el aire.<\/p>\n","protected":false},"author":2,"featured_media":39849,"comment_status":"open","ping_status":"open","sticky":false,"template":"","format":"standard","meta":{"_FSMCFIC_featured_image_caption":"","_FSMCFIC_featured_image_nocaption":"","_FSMCFIC_featured_image_hide":"","footnotes":""},"categories":[806],"tags":[1525,1108,986,1155],"class_list":["post-39858","post","type-post","status-publish","format-standard","has-post-thumbnail","hentry","category-punts-claus-del-dia-es","tag-elecciones-anticipadas","tag-erc-es","tag-independentismo-es","tag-pdecat-es"],"yoast_head":"<!-- This site is optimized with the Yoast SEO plugin v26.8 - https:\/\/yoast.com\/product\/yoast-seo-wordpress\/ -->\n<title>A pesar del desacuerdo, la mayor\u00eda vota independentismo - Converses a Catalunya<\/title>\n<meta name=\"description\" content=\"La gente vota lo que hay, a pesar de que no le guste en la medida suficiente. Vota &quot;mal menor&quot; o vota &quot;refugio&quot;, o &quot;en contra de&quot;\" \/>\n<meta name=\"robots\" content=\"index, follow, max-snippet:-1, max-image-preview:large, max-video-preview:-1\" \/>\n<link rel=\"canonical\" href=\"https:\/\/conversesacatalunya.cat\/es\/a-pesar-del-desacuerdo-la-mayoria-vota-independentismo\/\" \/>\n<meta property=\"og:locale\" content=\"es_ES\" \/>\n<meta property=\"og:type\" content=\"article\" \/>\n<meta property=\"og:title\" content=\"A pesar del desacuerdo, la mayor\u00eda vota independentismo - Converses a Catalunya\" \/>\n<meta property=\"og:description\" content=\"La gente vota lo que hay, a pesar de que no le guste en la medida suficiente. Vota &quot;mal menor&quot; o vota &quot;refugio&quot;, o &quot;en contra de&quot;\" \/>\n<meta property=\"og:url\" content=\"https:\/\/conversesacatalunya.cat\/es\/a-pesar-del-desacuerdo-la-mayoria-vota-independentismo\/\" \/>\n<meta property=\"og:site_name\" content=\"Converses a Catalunya\" \/>\n<meta property=\"article:published_time\" content=\"2020-09-07T10:41:53+00:00\" \/>\n<meta property=\"article:modified_time\" content=\"2020-09-07T11:55:57+00:00\" \/>\n<meta property=\"og:image\" content=\"https:\/\/conversesacatalunya.cat\/wp-content\/uploads\/2020\/09\/ENQUESTA-LV.png\" \/>\n\t<meta property=\"og:image:width\" content=\"992\" \/>\n\t<meta property=\"og:image:height\" content=\"558\" \/>\n\t<meta property=\"og:image:type\" content=\"image\/png\" \/>\n<meta name=\"author\" content=\"conversesacatalunya\" \/>\n<meta name=\"twitter:card\" content=\"summary_large_image\" \/>\n<meta name=\"twitter:label1\" content=\"Escrito por\" \/>\n\t<meta name=\"twitter:data1\" content=\"conversesacatalunya\" \/>\n\t<meta name=\"twitter:label2\" content=\"Tiempo de lectura\" \/>\n\t<meta name=\"twitter:data2\" content=\"3 minutos\" \/>\n<script type=\"application\/ld+json\" class=\"yoast-schema-graph\">{\"@context\":\"https:\/\/schema.org\",\"@graph\":[{\"@type\":\"Article\",\"@id\":\"https:\/\/conversesacatalunya.cat\/es\/a-pesar-del-desacuerdo-la-mayoria-vota-independentismo\/#article\",\"isPartOf\":{\"@id\":\"https:\/\/conversesacatalunya.cat\/es\/a-pesar-del-desacuerdo-la-mayoria-vota-independentismo\/\"},\"author\":{\"name\":\"conversesacatalunya\",\"@id\":\"https:\/\/conversesacatalunya.cat\/#\/schema\/person\/7e24d1e54a2785373ddcb275eae5ed99\"},\"headline\":\"A pesar del desacuerdo, la mayor\u00eda vota independentismo\",\"datePublished\":\"2020-09-07T10:41:53+00:00\",\"dateModified\":\"2020-09-07T11:55:57+00:00\",\"mainEntityOfPage\":{\"@id\":\"https:\/\/conversesacatalunya.cat\/es\/a-pesar-del-desacuerdo-la-mayoria-vota-independentismo\/\"},\"wordCount\":678,\"commentCount\":0,\"image\":{\"@id\":\"https:\/\/conversesacatalunya.cat\/es\/a-pesar-del-desacuerdo-la-mayoria-vota-independentismo\/#primaryimage\"},\"thumbnailUrl\":\"https:\/\/conversesacatalunya.cat\/wp-content\/uploads\/2020\/09\/ENQUESTA-LV.png\",\"keywords\":[\"elecciones anticipadas\",\"ERC\",\"Independentismo\",\"PDECAT\"],\"articleSection\":[\"Punts clau del dia (ES)\"],\"inLanguage\":\"es\",\"potentialAction\":[{\"@type\":\"CommentAction\",\"name\":\"Comment\",\"target\":[\"https:\/\/conversesacatalunya.cat\/es\/a-pesar-del-desacuerdo-la-mayoria-vota-independentismo\/#respond\"]}]},{\"@type\":\"WebPage\",\"@id\":\"https:\/\/conversesacatalunya.cat\/es\/a-pesar-del-desacuerdo-la-mayoria-vota-independentismo\/\",\"url\":\"https:\/\/conversesacatalunya.cat\/es\/a-pesar-del-desacuerdo-la-mayoria-vota-independentismo\/\",\"name\":\"A pesar del desacuerdo, la mayor\u00eda vota independentismo - Converses a Catalunya\",\"isPartOf\":{\"@id\":\"https:\/\/conversesacatalunya.cat\/#website\"},\"primaryImageOfPage\":{\"@id\":\"https:\/\/conversesacatalunya.cat\/es\/a-pesar-del-desacuerdo-la-mayoria-vota-independentismo\/#primaryimage\"},\"image\":{\"@id\":\"https:\/\/conversesacatalunya.cat\/es\/a-pesar-del-desacuerdo-la-mayoria-vota-independentismo\/#primaryimage\"},\"thumbnailUrl\":\"https:\/\/conversesacatalunya.cat\/wp-content\/uploads\/2020\/09\/ENQUESTA-LV.png\",\"datePublished\":\"2020-09-07T10:41:53+00:00\",\"dateModified\":\"2020-09-07T11:55:57+00:00\",\"author\":{\"@id\":\"https:\/\/conversesacatalunya.cat\/#\/schema\/person\/7e24d1e54a2785373ddcb275eae5ed99\"},\"description\":\"La gente vota lo que hay, a pesar de que no le guste en la medida suficiente. Vota \\\"mal menor\\\" o vota \\\"refugio\\\", o \\\"en contra de\\\"\",\"breadcrumb\":{\"@id\":\"https:\/\/conversesacatalunya.cat\/es\/a-pesar-del-desacuerdo-la-mayoria-vota-independentismo\/#breadcrumb\"},\"inLanguage\":\"es\",\"potentialAction\":[{\"@type\":\"ReadAction\",\"target\":[\"https:\/\/conversesacatalunya.cat\/es\/a-pesar-del-desacuerdo-la-mayoria-vota-independentismo\/\"]}]},{\"@type\":\"ImageObject\",\"inLanguage\":\"es\",\"@id\":\"https:\/\/conversesacatalunya.cat\/es\/a-pesar-del-desacuerdo-la-mayoria-vota-independentismo\/#primaryimage\",\"url\":\"https:\/\/conversesacatalunya.cat\/wp-content\/uploads\/2020\/09\/ENQUESTA-LV.png\",\"contentUrl\":\"https:\/\/conversesacatalunya.cat\/wp-content\/uploads\/2020\/09\/ENQUESTA-LV.png\",\"width\":992,\"height\":558,\"caption\":\"Independentisme\"},{\"@type\":\"BreadcrumbList\",\"@id\":\"https:\/\/conversesacatalunya.cat\/es\/a-pesar-del-desacuerdo-la-mayoria-vota-independentismo\/#breadcrumb\",\"itemListElement\":[{\"@type\":\"ListItem\",\"position\":1,\"name\":\"Inici\",\"item\":\"https:\/\/conversesacatalunya.cat\/es\/\"},{\"@type\":\"ListItem\",\"position\":2,\"name\":\"A pesar del desacuerdo, la mayor\u00eda vota independentismo\"}]},{\"@type\":\"WebSite\",\"@id\":\"https:\/\/conversesacatalunya.cat\/#website\",\"url\":\"https:\/\/conversesacatalunya.cat\/\",\"name\":\"Converses a Catalunya\",\"description\":\"\",\"potentialAction\":[{\"@type\":\"SearchAction\",\"target\":{\"@type\":\"EntryPoint\",\"urlTemplate\":\"https:\/\/conversesacatalunya.cat\/?s={search_term_string}\"},\"query-input\":{\"@type\":\"PropertyValueSpecification\",\"valueRequired\":true,\"valueName\":\"search_term_string\"}}],\"inLanguage\":\"es\"},{\"@type\":\"Person\",\"@id\":\"https:\/\/conversesacatalunya.cat\/#\/schema\/person\/7e24d1e54a2785373ddcb275eae5ed99\",\"name\":\"conversesacatalunya\",\"image\":{\"@type\":\"ImageObject\",\"inLanguage\":\"es\",\"@id\":\"https:\/\/conversesacatalunya.cat\/#\/schema\/person\/image\/\",\"url\":\"https:\/\/conversesacatalunya.cat\/wp-content\/litespeed\/avatar\/febdfeeec89d950f01c748045a981dd2.jpg?ver=1777314535\",\"contentUrl\":\"https:\/\/conversesacatalunya.cat\/wp-content\/litespeed\/avatar\/febdfeeec89d950f01c748045a981dd2.jpg?ver=1777314535\",\"caption\":\"conversesacatalunya\"},\"url\":\"https:\/\/conversesacatalunya.cat\/es\/author\/carme_catala\/\"}]}<\/script>\n<!-- \/ Yoast SEO plugin. -->","yoast_head_json":{"title":"A pesar del desacuerdo, la mayor\u00eda vota independentismo - Converses a Catalunya","description":"La gente vota lo que hay, a pesar de que no le guste en la medida suficiente. Vota \"mal menor\" o vota \"refugio\", o \"en contra de\"","robots":{"index":"index","follow":"follow","max-snippet":"max-snippet:-1","max-image-preview":"max-image-preview:large","max-video-preview":"max-video-preview:-1"},"canonical":"https:\/\/conversesacatalunya.cat\/es\/a-pesar-del-desacuerdo-la-mayoria-vota-independentismo\/","og_locale":"es_ES","og_type":"article","og_title":"A pesar del desacuerdo, la mayor\u00eda vota independentismo - Converses a Catalunya","og_description":"La gente vota lo que hay, a pesar de que no le guste en la medida suficiente. Vota \"mal menor\" o vota \"refugio\", o \"en contra de\"","og_url":"https:\/\/conversesacatalunya.cat\/es\/a-pesar-del-desacuerdo-la-mayoria-vota-independentismo\/","og_site_name":"Converses a Catalunya","article_published_time":"2020-09-07T10:41:53+00:00","article_modified_time":"2020-09-07T11:55:57+00:00","og_image":[{"width":992,"height":558,"url":"https:\/\/conversesacatalunya.cat\/wp-content\/uploads\/2020\/09\/ENQUESTA-LV.png","type":"image\/png"}],"author":"conversesacatalunya","twitter_card":"summary_large_image","twitter_misc":{"Escrito por":"conversesacatalunya","Tiempo de lectura":"3 minutos"},"schema":{"@context":"https:\/\/schema.org","@graph":[{"@type":"Article","@id":"https:\/\/conversesacatalunya.cat\/es\/a-pesar-del-desacuerdo-la-mayoria-vota-independentismo\/#article","isPartOf":{"@id":"https:\/\/conversesacatalunya.cat\/es\/a-pesar-del-desacuerdo-la-mayoria-vota-independentismo\/"},"author":{"name":"conversesacatalunya","@id":"https:\/\/conversesacatalunya.cat\/#\/schema\/person\/7e24d1e54a2785373ddcb275eae5ed99"},"headline":"A pesar del desacuerdo, la mayor\u00eda vota independentismo","datePublished":"2020-09-07T10:41:53+00:00","dateModified":"2020-09-07T11:55:57+00:00","mainEntityOfPage":{"@id":"https:\/\/conversesacatalunya.cat\/es\/a-pesar-del-desacuerdo-la-mayoria-vota-independentismo\/"},"wordCount":678,"commentCount":0,"image":{"@id":"https:\/\/conversesacatalunya.cat\/es\/a-pesar-del-desacuerdo-la-mayoria-vota-independentismo\/#primaryimage"},"thumbnailUrl":"https:\/\/conversesacatalunya.cat\/wp-content\/uploads\/2020\/09\/ENQUESTA-LV.png","keywords":["elecciones anticipadas","ERC","Independentismo","PDECAT"],"articleSection":["Punts clau del dia (ES)"],"inLanguage":"es","potentialAction":[{"@type":"CommentAction","name":"Comment","target":["https:\/\/conversesacatalunya.cat\/es\/a-pesar-del-desacuerdo-la-mayoria-vota-independentismo\/#respond"]}]},{"@type":"WebPage","@id":"https:\/\/conversesacatalunya.cat\/es\/a-pesar-del-desacuerdo-la-mayoria-vota-independentismo\/","url":"https:\/\/conversesacatalunya.cat\/es\/a-pesar-del-desacuerdo-la-mayoria-vota-independentismo\/","name":"A pesar del desacuerdo, la mayor\u00eda vota independentismo - Converses a Catalunya","isPartOf":{"@id":"https:\/\/conversesacatalunya.cat\/#website"},"primaryImageOfPage":{"@id":"https:\/\/conversesacatalunya.cat\/es\/a-pesar-del-desacuerdo-la-mayoria-vota-independentismo\/#primaryimage"},"image":{"@id":"https:\/\/conversesacatalunya.cat\/es\/a-pesar-del-desacuerdo-la-mayoria-vota-independentismo\/#primaryimage"},"thumbnailUrl":"https:\/\/conversesacatalunya.cat\/wp-content\/uploads\/2020\/09\/ENQUESTA-LV.png","datePublished":"2020-09-07T10:41:53+00:00","dateModified":"2020-09-07T11:55:57+00:00","author":{"@id":"https:\/\/conversesacatalunya.cat\/#\/schema\/person\/7e24d1e54a2785373ddcb275eae5ed99"},"description":"La gente vota lo que hay, a pesar de que no le guste en la medida suficiente. Vota \"mal menor\" o vota \"refugio\", o \"en contra de\"","breadcrumb":{"@id":"https:\/\/conversesacatalunya.cat\/es\/a-pesar-del-desacuerdo-la-mayoria-vota-independentismo\/#breadcrumb"},"inLanguage":"es","potentialAction":[{"@type":"ReadAction","target":["https:\/\/conversesacatalunya.cat\/es\/a-pesar-del-desacuerdo-la-mayoria-vota-independentismo\/"]}]},{"@type":"ImageObject","inLanguage":"es","@id":"https:\/\/conversesacatalunya.cat\/es\/a-pesar-del-desacuerdo-la-mayoria-vota-independentismo\/#primaryimage","url":"https:\/\/conversesacatalunya.cat\/wp-content\/uploads\/2020\/09\/ENQUESTA-LV.png","contentUrl":"https:\/\/conversesacatalunya.cat\/wp-content\/uploads\/2020\/09\/ENQUESTA-LV.png","width":992,"height":558,"caption":"Independentisme"},{"@type":"BreadcrumbList","@id":"https:\/\/conversesacatalunya.cat\/es\/a-pesar-del-desacuerdo-la-mayoria-vota-independentismo\/#breadcrumb","itemListElement":[{"@type":"ListItem","position":1,"name":"Inici","item":"https:\/\/conversesacatalunya.cat\/es\/"},{"@type":"ListItem","position":2,"name":"A pesar del desacuerdo, la mayor\u00eda vota independentismo"}]},{"@type":"WebSite","@id":"https:\/\/conversesacatalunya.cat\/#website","url":"https:\/\/conversesacatalunya.cat\/","name":"Converses a Catalunya","description":"","potentialAction":[{"@type":"SearchAction","target":{"@type":"EntryPoint","urlTemplate":"https:\/\/conversesacatalunya.cat\/?s={search_term_string}"},"query-input":{"@type":"PropertyValueSpecification","valueRequired":true,"valueName":"search_term_string"}}],"inLanguage":"es"},{"@type":"Person","@id":"https:\/\/conversesacatalunya.cat\/#\/schema\/person\/7e24d1e54a2785373ddcb275eae5ed99","name":"conversesacatalunya","image":{"@type":"ImageObject","inLanguage":"es","@id":"https:\/\/conversesacatalunya.cat\/#\/schema\/person\/image\/","url":"https:\/\/conversesacatalunya.cat\/wp-content\/litespeed\/avatar\/febdfeeec89d950f01c748045a981dd2.jpg?ver=1777314535","contentUrl":"https:\/\/conversesacatalunya.cat\/wp-content\/litespeed\/avatar\/febdfeeec89d950f01c748045a981dd2.jpg?ver=1777314535","caption":"conversesacatalunya"},"url":"https:\/\/conversesacatalunya.cat\/es\/author\/carme_catala\/"}]}},"wps_subtitle":"La gente vota lo que hay, a pesar de que no le guste en la medida suficiente. Vota \"mal menor\" o vota \"refugio\", o \"en contra de\"","_links":{"self":[{"href":"https:\/\/conversesacatalunya.cat\/es\/wp-json\/wp\/v2\/posts\/39858","targetHints":{"allow":["GET"]}}],"collection":[{"href":"https:\/\/conversesacatalunya.cat\/es\/wp-json\/wp\/v2\/posts"}],"about":[{"href":"https:\/\/conversesacatalunya.cat\/es\/wp-json\/wp\/v2\/types\/post"}],"author":[{"embeddable":true,"href":"https:\/\/conversesacatalunya.cat\/es\/wp-json\/wp\/v2\/users\/2"}],"replies":[{"embeddable":true,"href":"https:\/\/conversesacatalunya.cat\/es\/wp-json\/wp\/v2\/comments?post=39858"}],"version-history":[{"count":6,"href":"https:\/\/conversesacatalunya.cat\/es\/wp-json\/wp\/v2\/posts\/39858\/revisions"}],"predecessor-version":[{"id":39859,"href":"https:\/\/conversesacatalunya.cat\/es\/wp-json\/wp\/v2\/posts\/39858\/revisions\/39859"}],"wp:featuredmedia":[{"embeddable":true,"href":"https:\/\/conversesacatalunya.cat\/es\/wp-json\/wp\/v2\/media\/39849"}],"wp:attachment":[{"href":"https:\/\/conversesacatalunya.cat\/es\/wp-json\/wp\/v2\/media?parent=39858"}],"wp:term":[{"taxonomy":"category","embeddable":true,"href":"https:\/\/conversesacatalunya.cat\/es\/wp-json\/wp\/v2\/categories?post=39858"},{"taxonomy":"post_tag","embeddable":true,"href":"https:\/\/conversesacatalunya.cat\/es\/wp-json\/wp\/v2\/tags?post=39858"}],"curies":[{"name":"wp","href":"https:\/\/api.w.org\/{rel}","templated":true}]}}