{"id":39852,"date":"2020-09-07T12:29:22","date_gmt":"2020-09-07T10:29:22","guid":{"rendered":"https:\/\/conversesacatalunya.cat\/antifas-radicals-black-lives-matter-violencia-amenaces\/"},"modified":"2020-09-08T12:19:51","modified_gmt":"2020-09-08T10:19:51","slug":"antifas-y-radicales-de-black-lives-matter-violencia-amenazas-a-la-poblacion-y-clima-insurreccional","status":"publish","type":"post","link":"https:\/\/conversesacatalunya.cat\/es\/antifas-y-radicales-de-black-lives-matter-violencia-amenazas-a-la-poblacion-y-clima-insurreccional\/","title":{"rendered":"Antifas y radicales de Black Lives Matter: violencia, amenazas a la poblaci\u00f3n y clima insurreccional"},"content":{"rendered":"<p>Desde la muerte de George Floyd hace unos meses en manos de un polic\u00eda, la cuesti\u00f3n de la violencia toma una amplitud creciente de cara las elecciones presidenciales de los Estados Unidos.<\/p>\n<p>A ambos lados del Atl\u00e1ntico, la mayor\u00eda de los medios de comunicaci\u00f3n procur\u00f3 en un primer momento minimizar los disturbios provocados por los sectores radicales del movimiento <em>Black Lives Matter<\/em> (BLM) y otros grupos \u00abantifascistas\u00bb (<em>antifas<\/em>).<\/p>\n<p>Pero esto se ha hecho imposible a medida que <strong>los episodios violentos se multiplican en todo el territorio norteamericano<\/strong> y perduran en el tiempo, reavivados cada vez que un ciudadano de origen afroamericano es herido o muerto por un agente policial.<\/p>\n<p>He aqu\u00ed un ejemplo ilustrativo de la parcialidad de la mayor parte de la prensa: el presidente Trump visita Kenosha, ciudad donde a finales de agosto muri\u00f3 un estadounidense de origen afroamericano por disparos de la polic\u00eda. <a href=\"https:\/\/www.lavanguardia.com\/internacional\/20200902\/483270294275\/donald-trump-racismo-elecciones-americanas.html\" target=\"_blank\" rel=\"noopener noreferrer\">Titular<\/a> de<em> La Vanguardia<\/em>: \u00abTrump hurga en la herida racial\u00bb. Joe Biden visita la misma poblaci\u00f3n d\u00edas despu\u00e9s: <em>La Vanguardia<\/em> <a href=\"https:\/\/www.lavanguardia.com\/internacional\/20200904\/483286425843\/joe-biden-kenosha-elecciones-americanas.html\" target=\"_blank\" rel=\"noopener noreferrer\">recoge<\/a> que la visita busca \u00abunir la ciudad\u00bb.<\/p>\n<h5>El esfuerzo de lo pol\u00edticamente correcto se centra as\u00ed en acusar a Donald Trump de responsable exclusivo de los episodios violentos. Se trata tambi\u00e9n de la estrategia del candidato dem\u00f3crata Joe Biden, rival de Trump en la carrera hacia la Casa Blanca.<\/h5>\n<p>La agresividad de los dem\u00f3cratas raya el absurdo cuando <strong>la l\u00edder del partido Nancy Pelosi invita a Biden a no debatir con Trump para quitarle toda legitimidad<\/strong>. Como determinados analistas han observado, la t\u00e1ctica de desprestigiar a Trump hasta el punto de negarle el derecho a participar en las elecciones podr\u00eda f\u00e1cilmente <a href=\"https:\/\/conversesacatalunya.cat\/es\/elecciones-en-los-estados-unidos-caeran-los-democratas-en-el-mismo-error-que-en-2016\/\" target=\"_blank\" rel=\"noopener noreferrer\">volverse contra los dem\u00f3cratas<\/a>.<\/p>\n<p>Mientras tanto, la realidad sobre el terreno es que <strong>una parte del movimiento antirracista BLM se ha radicalizado y se ha convertido en <em>racialista<\/em><\/strong>. Es decir, ya no busca la igualdad entre razas sino la imposici\u00f3n de una raza sobre otra.<\/p>\n<span class='bctt-click-to-tweet'><span class='bctt-ctt-text'><a href='https:\/\/twitter.com\/intent\/tweet?url=https%3A%2F%2Fconversesacatalunya.cat%2Fes%2Fantifas-y-radicales-de-black-lives-matter-violencia-amenazas-a-la-poblacion-y-clima-insurreccional%2F&#038;text=Una%20parte%20del%20movimiento%20antirracista%20BLM%20se%20ha%20radicalizado%20y%20convertido%20en%20racialista&#038;via=conversesacat&#038;related=conversesacat' target='_blank'rel=\"noopener noreferrer\">Una parte del movimiento antirracista BLM se ha radicalizado y convertido en racialista <\/a><\/span><a href='https:\/\/twitter.com\/intent\/tweet?url=https%3A%2F%2Fconversesacatalunya.cat%2Fes%2Fantifas-y-radicales-de-black-lives-matter-violencia-amenazas-a-la-poblacion-y-clima-insurreccional%2F&#038;text=Una%20parte%20del%20movimiento%20antirracista%20BLM%20se%20ha%20radicalizado%20y%20convertido%20en%20racialista&#038;via=conversesacat&#038;related=conversesacat' target='_blank' class='bctt-ctt-btn'rel=\"noopener noreferrer\">Compartir en X<\/a><\/span>\n<p>Los disturbios y episodios de intimidaci\u00f3n hacia la poblaci\u00f3n civil protagonizados por los radicales de BLM y sus aliados antifas se han multiplicado estas \u00faltimas semanas.<\/p>\n<p>En Chicago, miembros de BLM han <strong>justificado los pillajes a comercios<\/strong> como una manera de compensar los agravios econ\u00f3micos que los afroamericanos han sufrido a lo largo de la historia.<\/p>\n<p>En Washington, militantes de extrema izquierda (la inmensa mayor\u00eda de ellos, blancos) han patrullado por las calles en grupo, obligando a la gente que ocupaba tranquilamente las terrazas de caf\u00e9s y restaurantes a levantar los pu\u00f1os como gesto de solidaridad con BLM. Las im\u00e1genes en v\u00eddeo son <a href=\"https:\/\/www.youtube.com\/watch?v=dSnTTND0UcM\" target=\"_blank\" rel=\"noopener noreferrer\">escalofriantes<\/a>.<\/p>\n<p>En Portland, los extremistas (una vez m\u00e1s, la mayor\u00eda blancos) han instaurado un clima de <a href=\"https:\/\/www.wsj.com\/articles\/a-way-to-take-back-portland-11595373368\" target=\"_blank\" rel=\"noopener noreferrer\">terror<\/a>, desfilando por noche haciendo sonar las bocinas de los coches y gritando esl\u00f3ganes agresivos para demostrar a los vecinos qui\u00e9n manda ahora.<\/p>\n<p>Tras dedicarse a destruir estatuas, <strong>la estrategia del ala radical de BLM y los <em>antifas<\/em> trata de imponer un clima de \u00abrevoluci\u00f3n permanente\u00bb ocupando el espacio p\u00fablico<\/strong>. Inexplicablemente, la gran mayor\u00eda de los medios siguen viendo en las acciones de estos grup\u00fasculos violentos manifestaciones antirracistas.<\/p>\n<p>El alcalde de Portland, Ted Wheeler, acus\u00f3 a Donald Trump de ser el causante del clima de odio que devora el pa\u00eds &#8211; y m\u00e1s concretamente su ciudad. Pero \u00e9l mismo, quien toleraba e incluso justificaba las violencias cometidas en nombre del antirracismo, ha acabado por convertirse en blanco de los manifestantes, que han lanzado basura incendiada contra su casa.<\/p>\n<p><strong>Los defensores de lo pol\u00edticamente correcto siguen desplegando esfuerzos para justificar las violencias cometidas desde la extrema izquierda<\/strong> y centrarse s\u00f3lo en las de la extrema derecha (que seguramente tambi\u00e9n tiene parte de la culpa del actual clima de hostilidad en los Estados Unidos).<\/p>\n[Bctt tweet = \u00abLos defensores de lo pol\u00edticamente correcto siguen desplegando esfuerzos para justificar las violencias cometidas desde la extrema izquierda\u00bb username = \u00abconversesacat\u00bb]\n<p>Son ejemplos el hecho, <a href=\"https:\/\/www.ara.cat\/internacional\/agent-federal-mata-anarquista-antifa-assassi-seguidor-ultra-donald-trump-protestes-racisme-portland_0_2520948010.html\" target=\"_blank\" rel=\"noopener noreferrer\">extremadamente publicitado<\/a>, el que la polic\u00eda haya abatido al sospechoso de haber matado a un manifestante pro-Trump. O que cada vez que un afroamericano es muerto por la polic\u00eda en los Estados Unidos sea una noticia de primera p\u00e1gina en los medios europeos &#8211; <strong>de los muertos blancos, asi\u00e1ticos e hispanos no se sabe nada<\/strong>.<\/p>\n<p>Al fin y al cabo, hay que preguntarse si el clima actual no est\u00e1 <strong>amplificando el mensaje que Trump tuitea constantemente en Twitter: \u00ab\u00a1Ley y orden!\u00bb<\/strong>.<\/p>\n<div id=\"polls-65\" class=\"wp-polls\">\n\t<form id=\"polls_form_65\" class=\"wp-polls-form\" action=\"\/index.php\" method=\"post\">\n\t\t<p style=\"display: none;\"><input type=\"hidden\" id=\"poll_65_nonce\" name=\"wp-polls-nonce\" value=\"27d60230f9\" \/><\/p>\n\t\t<p style=\"display: none;\"><input type=\"hidden\" name=\"poll_id\" value=\"65\" \/><\/p>\n\t\t<p style=\"text-align: center\"><strong>Creus que s'han pres prou mesures per dotar de seguretat la tornada a l'escola?<\/strong><\/p><div id=\"polls-65-ans\" class=\"wp-polls-ans\"><ul class=\"wp-polls-ul\">\n\t\t<li><input type=\"radio\" id=\"poll-answer-140\" name=\"poll_65\" value=\"140\" \/> <label for=\"poll-answer-140\">Si<\/label><\/li>\n\t\t<li><input type=\"radio\" id=\"poll-answer-141\" name=\"poll_65\" value=\"141\" \/> <label for=\"poll-answer-141\">No<\/label><\/li>\n\t\t<\/ul><p style=\"text-align: center\"><input type=\"button\" name=\"vote\" value=\"   Vota   \" class=\"Buttons\" onclick=\"poll_vote(65);\" \/><\/p><p style=\"text-align: center\"><a href=\"#ViewPollResults\" onclick=\"poll_result(65); return false;\" title=\"View Results Of This Poll\">Mira els resultats<\/a><\/p><\/div>\n\t<\/form>\n<\/div>\n<div id=\"polls-65-loading\" class=\"wp-polls-loading\"><img decoding=\"async\" data-src=\"https:\/\/conversesacatalunya.cat\/wp-content\/plugins\/wp-polls\/images\/loading.gif\" width=\"16\" height=\"16\" alt=\"Cargando ...\" title=\"Cargando ...\" class=\"wp-polls-image lazyload\" src=\"data:image\/svg+xml;base64,PHN2ZyB3aWR0aD0iMSIgaGVpZ2h0PSIxIiB4bWxucz0iaHR0cDovL3d3dy53My5vcmcvMjAwMC9zdmciPjwvc3ZnPg==\" style=\"--smush-placeholder-width: 16px; --smush-placeholder-aspect-ratio: 16\/16;\" \/>&nbsp;Cargando ...<\/div>\n\n","protected":false},"excerpt":{"rendered":"<p>Desde la muerte de George Floyd hace unos meses en manos de un polic\u00eda, la cuesti\u00f3n de la violencia toma una amplitud creciente de cara las elecciones presidenciales de los Estados Unidos. A ambos lados del Atl\u00e1ntico, la mayor\u00eda de los medios de comunicaci\u00f3n procur\u00f3 en un primer momento minimizar los disturbios provocados por los sectores radicales del movimiento Black Lives Matter (BLM) y otros grupos \u00abantifascistas\u00bb (antifas). Pero esto se ha hecho imposible a medida que los episodios violentos se multiplican en todo el territorio norteamericano y perduran en el tiempo, reavivados cada vez que un ciudadano de origen afroamericano es herido o muerto por un agente policial. He aqu\u00ed un ejemplo ilustrativo de la parcialidad de la mayor parte de la prensa: el presidente Trump visita Kenosha, ciudad donde a finales de agosto muri\u00f3 un estadounidense de origen afroamericano por disparos de la polic\u00eda. Titular de La Vanguardia: \u00abTrump hurga en la herida racial\u00bb. Joe Biden visita la misma poblaci\u00f3n d\u00edas despu\u00e9s: La Vanguardia recoge que la visita busca \u00abunir la ciudad\u00bb. El esfuerzo de lo pol\u00edticamente correcto se centra as\u00ed en acusar a Donald Trump de responsable exclusivo de los episodios violentos. Se trata tambi\u00e9n de la estrategia del candidato dem\u00f3crata Joe Biden, rival de Trump en la carrera hacia la Casa Blanca. La agresividad de los dem\u00f3cratas raya el absurdo cuando la l\u00edder del partido Nancy Pelosi invita a Biden a no debatir con Trump para quitarle toda legitimidad. Como determinados analistas han observado, la t\u00e1ctica de desprestigiar a Trump hasta el punto de negarle el derecho a participar en las elecciones podr\u00eda f\u00e1cilmente volverse contra los dem\u00f3cratas. Mientras tanto, la realidad sobre el terreno es que una parte del movimiento antirracista BLM se ha radicalizado y se ha convertido en racialista. Es decir, ya no busca la igualdad entre razas sino la imposici\u00f3n de una raza sobre otra. Los disturbios y episodios de intimidaci\u00f3n hacia la poblaci\u00f3n civil protagonizados por los radicales de BLM y sus aliados antifas se han multiplicado estas \u00faltimas semanas. En Chicago, miembros de BLM han justificado los pillajes a comercios como una manera de compensar los agravios econ\u00f3micos que los afroamericanos han sufrido a lo largo de la historia. En Washington, militantes de extrema izquierda (la inmensa mayor\u00eda de ellos, blancos) han patrullado por las calles en grupo, obligando a la gente que ocupaba tranquilamente las terrazas de caf\u00e9s y restaurantes a levantar los pu\u00f1os como gesto de solidaridad con BLM. Las im\u00e1genes en v\u00eddeo son escalofriantes. En Portland, los extremistas (una vez m\u00e1s, la mayor\u00eda blancos) han instaurado un clima de terror, desfilando por noche haciendo sonar las bocinas de los coches y gritando esl\u00f3ganes agresivos para demostrar a los vecinos qui\u00e9n manda ahora. Tras dedicarse a destruir estatuas, la estrategia del ala radical de BLM y los antifas trata de imponer un clima de \u00abrevoluci\u00f3n permanente\u00bb ocupando el espacio p\u00fablico. Inexplicablemente, la gran mayor\u00eda de los medios siguen viendo en las acciones de estos grup\u00fasculos violentos manifestaciones antirracistas. El alcalde de Portland, Ted Wheeler, acus\u00f3 a Donald Trump de ser el causante del clima de odio que devora el pa\u00eds &#8211; y m\u00e1s concretamente su ciudad. Pero \u00e9l mismo, quien toleraba e incluso justificaba las violencias cometidas en nombre del antirracismo, ha acabado por convertirse en blanco de los manifestantes, que han lanzado basura incendiada contra su casa. Los defensores de lo pol\u00edticamente correcto siguen desplegando esfuerzos para justificar las violencias cometidas desde la extrema izquierda y centrarse s\u00f3lo en las de la extrema derecha (que seguramente tambi\u00e9n tiene parte de la culpa del actual clima de hostilidad en los Estados Unidos). [Bctt tweet = \u00abLos defensores de lo pol\u00edticamente correcto siguen desplegando esfuerzos para justificar las violencias cometidas desde la extrema izquierda\u00bb username = \u00abconversesacat\u00bb] Son ejemplos el hecho, extremadamente publicitado, el que la polic\u00eda haya abatido al sospechoso de haber matado a un manifestante pro-Trump. O que cada vez que un afroamericano es muerto por la polic\u00eda en los Estados Unidos sea una noticia de primera p\u00e1gina en los medios europeos &#8211; de los muertos blancos, asi\u00e1ticos e hispanos no se sabe nada. Al fin y al cabo, hay que preguntarse si el clima actual no est\u00e1 amplificando el mensaje que Trump tuitea constantemente en Twitter: \u00ab\u00a1Ley y orden!\u00bb.<\/p>\n","protected":false},"author":67,"featured_media":39820,"comment_status":"open","ping_status":"open","sticky":false,"template":"","format":"standard","meta":{"_FSMCFIC_featured_image_caption":"","_FSMCFIC_featured_image_nocaption":"","_FSMCFIC_featured_image_hide":"","footnotes":""},"categories":[806],"tags":[963,1371,2923,2924],"class_list":["post-39852","post","type-post","status-publish","format-standard","has-post-thumbnail","hentry","category-punts-claus-del-dia-es","tag-donald-trump-es","tag-estados-unidos","tag-extrema-derecha","tag-extrema-izquierda"],"yoast_head":"<!-- This site is optimized with the Yoast SEO plugin v26.8 - https:\/\/yoast.com\/product\/yoast-seo-wordpress\/ -->\n<title>Antifas y radicales de Black Lives Matter: violencia, amenazas a la poblaci\u00f3n y clima insurreccional - Converses a Catalunya<\/title>\n<meta name=\"robots\" content=\"index, follow, max-snippet:-1, max-image-preview:large, max-video-preview:-1\" \/>\n<link rel=\"canonical\" href=\"https:\/\/conversesacatalunya.cat\/es\/antifas-y-radicales-de-black-lives-matter-violencia-amenazas-a-la-poblacion-y-clima-insurreccional\/\" \/>\n<meta property=\"og:locale\" content=\"es_ES\" \/>\n<meta property=\"og:type\" content=\"article\" \/>\n<meta property=\"og:title\" content=\"Antifas y radicales de Black Lives Matter: violencia, amenazas a la poblaci\u00f3n y clima insurreccional - Converses a Catalunya\" \/>\n<meta property=\"og:description\" content=\"Desde la muerte de George Floyd hace unos meses en manos de un polic\u00eda, la cuesti\u00f3n de la violencia toma una amplitud creciente de cara las elecciones presidenciales de los Estados Unidos. A ambos lados del Atl\u00e1ntico, la mayor\u00eda de los medios de comunicaci\u00f3n procur\u00f3 en un primer momento minimizar los disturbios provocados por los sectores radicales del movimiento Black Lives Matter (BLM) y otros grupos \u00abantifascistas\u00bb (antifas). Pero esto se ha hecho imposible a medida que los episodios violentos se multiplican en todo el territorio norteamericano y perduran en el tiempo, reavivados cada vez que un ciudadano de origen afroamericano es herido o muerto por un agente policial. He aqu\u00ed un ejemplo ilustrativo de la parcialidad de la mayor parte de la prensa: el presidente Trump visita Kenosha, ciudad donde a finales de agosto muri\u00f3 un estadounidense de origen afroamericano por disparos de la polic\u00eda. Titular de La Vanguardia: \u00abTrump hurga en la herida racial\u00bb. Joe Biden visita la misma poblaci\u00f3n d\u00edas despu\u00e9s: La Vanguardia recoge que la visita busca \u00abunir la ciudad\u00bb. El esfuerzo de lo pol\u00edticamente correcto se centra as\u00ed en acusar a Donald Trump de responsable exclusivo de los episodios violentos. Se trata tambi\u00e9n de la estrategia del candidato dem\u00f3crata Joe Biden, rival de Trump en la carrera hacia la Casa Blanca. La agresividad de los dem\u00f3cratas raya el absurdo cuando la l\u00edder del partido Nancy Pelosi invita a Biden a no debatir con Trump para quitarle toda legitimidad. Como determinados analistas han observado, la t\u00e1ctica de desprestigiar a Trump hasta el punto de negarle el derecho a participar en las elecciones podr\u00eda f\u00e1cilmente volverse contra los dem\u00f3cratas. Mientras tanto, la realidad sobre el terreno es que una parte del movimiento antirracista BLM se ha radicalizado y se ha convertido en racialista. Es decir, ya no busca la igualdad entre razas sino la imposici\u00f3n de una raza sobre otra. Los disturbios y episodios de intimidaci\u00f3n hacia la poblaci\u00f3n civil protagonizados por los radicales de BLM y sus aliados antifas se han multiplicado estas \u00faltimas semanas. En Chicago, miembros de BLM han justificado los pillajes a comercios como una manera de compensar los agravios econ\u00f3micos que los afroamericanos han sufrido a lo largo de la historia. En Washington, militantes de extrema izquierda (la inmensa mayor\u00eda de ellos, blancos) han patrullado por las calles en grupo, obligando a la gente que ocupaba tranquilamente las terrazas de caf\u00e9s y restaurantes a levantar los pu\u00f1os como gesto de solidaridad con BLM. Las im\u00e1genes en v\u00eddeo son escalofriantes. En Portland, los extremistas (una vez m\u00e1s, la mayor\u00eda blancos) han instaurado un clima de terror, desfilando por noche haciendo sonar las bocinas de los coches y gritando esl\u00f3ganes agresivos para demostrar a los vecinos qui\u00e9n manda ahora. Tras dedicarse a destruir estatuas, la estrategia del ala radical de BLM y los antifas trata de imponer un clima de \u00abrevoluci\u00f3n permanente\u00bb ocupando el espacio p\u00fablico. Inexplicablemente, la gran mayor\u00eda de los medios siguen viendo en las acciones de estos grup\u00fasculos violentos manifestaciones antirracistas. El alcalde de Portland, Ted Wheeler, acus\u00f3 a Donald Trump de ser el causante del clima de odio que devora el pa\u00eds &#8211; y m\u00e1s concretamente su ciudad. Pero \u00e9l mismo, quien toleraba e incluso justificaba las violencias cometidas en nombre del antirracismo, ha acabado por convertirse en blanco de los manifestantes, que han lanzado basura incendiada contra su casa. Los defensores de lo pol\u00edticamente correcto siguen desplegando esfuerzos para justificar las violencias cometidas desde la extrema izquierda y centrarse s\u00f3lo en las de la extrema derecha (que seguramente tambi\u00e9n tiene parte de la culpa del actual clima de hostilidad en los Estados Unidos). [Bctt tweet = \u00abLos defensores de lo pol\u00edticamente correcto siguen desplegando esfuerzos para justificar las violencias cometidas desde la extrema izquierda\u00bb username = \u00abconversesacat\u00bb] Son ejemplos el hecho, extremadamente publicitado, el que la polic\u00eda haya abatido al sospechoso de haber matado a un manifestante pro-Trump. O que cada vez que un afroamericano es muerto por la polic\u00eda en los Estados Unidos sea una noticia de primera p\u00e1gina en los medios europeos &#8211; de los muertos blancos, asi\u00e1ticos e hispanos no se sabe nada. Al fin y al cabo, hay que preguntarse si el clima actual no est\u00e1 amplificando el mensaje que Trump tuitea constantemente en Twitter: \u00ab\u00a1Ley y orden!\u00bb.\" \/>\n<meta property=\"og:url\" content=\"https:\/\/conversesacatalunya.cat\/es\/antifas-y-radicales-de-black-lives-matter-violencia-amenazas-a-la-poblacion-y-clima-insurreccional\/\" \/>\n<meta property=\"og:site_name\" content=\"Converses a Catalunya\" \/>\n<meta property=\"article:published_time\" content=\"2020-09-07T10:29:22+00:00\" \/>\n<meta property=\"article:modified_time\" content=\"2020-09-08T10:19:51+00:00\" \/>\n<meta property=\"og:image\" content=\"https:\/\/conversesacatalunya.cat\/wp-content\/uploads\/2020\/09\/antifa.jpg\" \/>\n\t<meta property=\"og:image:width\" content=\"1800\" \/>\n\t<meta property=\"og:image:height\" content=\"1798\" \/>\n\t<meta property=\"og:image:type\" content=\"image\/jpeg\" \/>\n<meta name=\"author\" content=\"conversesacatalunya\" \/>\n<meta name=\"twitter:card\" content=\"summary_large_image\" \/>\n<meta name=\"twitter:label1\" content=\"Escrito por\" \/>\n\t<meta name=\"twitter:data1\" content=\"conversesacatalunya\" \/>\n\t<meta name=\"twitter:label2\" content=\"Tiempo de lectura\" \/>\n\t<meta name=\"twitter:data2\" content=\"4 minutos\" \/>\n<script type=\"application\/ld+json\" class=\"yoast-schema-graph\">{\"@context\":\"https:\/\/schema.org\",\"@graph\":[{\"@type\":\"Article\",\"@id\":\"https:\/\/conversesacatalunya.cat\/es\/antifas-y-radicales-de-black-lives-matter-violencia-amenazas-a-la-poblacion-y-clima-insurreccional\/#article\",\"isPartOf\":{\"@id\":\"https:\/\/conversesacatalunya.cat\/es\/antifas-y-radicales-de-black-lives-matter-violencia-amenazas-a-la-poblacion-y-clima-insurreccional\/\"},\"author\":{\"name\":\"conversesacatalunya\",\"@id\":\"https:\/\/conversesacatalunya.cat\/#\/schema\/person\/c5a8ffe796b1512764aeb6d6d6fa0fc7\"},\"headline\":\"Antifas y radicales de Black Lives Matter: violencia, amenazas a la poblaci\u00f3n y clima insurreccional\",\"datePublished\":\"2020-09-07T10:29:22+00:00\",\"dateModified\":\"2020-09-08T10:19:51+00:00\",\"mainEntityOfPage\":{\"@id\":\"https:\/\/conversesacatalunya.cat\/es\/antifas-y-radicales-de-black-lives-matter-violencia-amenazas-a-la-poblacion-y-clima-insurreccional\/\"},\"wordCount\":791,\"commentCount\":0,\"image\":{\"@id\":\"https:\/\/conversesacatalunya.cat\/es\/antifas-y-radicales-de-black-lives-matter-violencia-amenazas-a-la-poblacion-y-clima-insurreccional\/#primaryimage\"},\"thumbnailUrl\":\"https:\/\/conversesacatalunya.cat\/wp-content\/uploads\/2020\/09\/antifa.jpg\",\"keywords\":[\"Donald Trump\",\"Estados Unidos\",\"extrema derecha\",\"extrema izquierda\"],\"articleSection\":[\"Punts clau del dia (ES)\"],\"inLanguage\":\"es\",\"potentialAction\":[{\"@type\":\"CommentAction\",\"name\":\"Comment\",\"target\":[\"https:\/\/conversesacatalunya.cat\/es\/antifas-y-radicales-de-black-lives-matter-violencia-amenazas-a-la-poblacion-y-clima-insurreccional\/#respond\"]}]},{\"@type\":\"WebPage\",\"@id\":\"https:\/\/conversesacatalunya.cat\/es\/antifas-y-radicales-de-black-lives-matter-violencia-amenazas-a-la-poblacion-y-clima-insurreccional\/\",\"url\":\"https:\/\/conversesacatalunya.cat\/es\/antifas-y-radicales-de-black-lives-matter-violencia-amenazas-a-la-poblacion-y-clima-insurreccional\/\",\"name\":\"Antifas y radicales de Black Lives Matter: violencia, amenazas a la poblaci\u00f3n y clima insurreccional - Converses a Catalunya\",\"isPartOf\":{\"@id\":\"https:\/\/conversesacatalunya.cat\/#website\"},\"primaryImageOfPage\":{\"@id\":\"https:\/\/conversesacatalunya.cat\/es\/antifas-y-radicales-de-black-lives-matter-violencia-amenazas-a-la-poblacion-y-clima-insurreccional\/#primaryimage\"},\"image\":{\"@id\":\"https:\/\/conversesacatalunya.cat\/es\/antifas-y-radicales-de-black-lives-matter-violencia-amenazas-a-la-poblacion-y-clima-insurreccional\/#primaryimage\"},\"thumbnailUrl\":\"https:\/\/conversesacatalunya.cat\/wp-content\/uploads\/2020\/09\/antifa.jpg\",\"datePublished\":\"2020-09-07T10:29:22+00:00\",\"dateModified\":\"2020-09-08T10:19:51+00:00\",\"author\":{\"@id\":\"https:\/\/conversesacatalunya.cat\/#\/schema\/person\/c5a8ffe796b1512764aeb6d6d6fa0fc7\"},\"breadcrumb\":{\"@id\":\"https:\/\/conversesacatalunya.cat\/es\/antifas-y-radicales-de-black-lives-matter-violencia-amenazas-a-la-poblacion-y-clima-insurreccional\/#breadcrumb\"},\"inLanguage\":\"es\",\"potentialAction\":[{\"@type\":\"ReadAction\",\"target\":[\"https:\/\/conversesacatalunya.cat\/es\/antifas-y-radicales-de-black-lives-matter-violencia-amenazas-a-la-poblacion-y-clima-insurreccional\/\"]}]},{\"@type\":\"ImageObject\",\"inLanguage\":\"es\",\"@id\":\"https:\/\/conversesacatalunya.cat\/es\/antifas-y-radicales-de-black-lives-matter-violencia-amenazas-a-la-poblacion-y-clima-insurreccional\/#primaryimage\",\"url\":\"https:\/\/conversesacatalunya.cat\/wp-content\/uploads\/2020\/09\/antifa.jpg\",\"contentUrl\":\"https:\/\/conversesacatalunya.cat\/wp-content\/uploads\/2020\/09\/antifa.jpg\",\"width\":1800,\"height\":1798},{\"@type\":\"BreadcrumbList\",\"@id\":\"https:\/\/conversesacatalunya.cat\/es\/antifas-y-radicales-de-black-lives-matter-violencia-amenazas-a-la-poblacion-y-clima-insurreccional\/#breadcrumb\",\"itemListElement\":[{\"@type\":\"ListItem\",\"position\":1,\"name\":\"Inici\",\"item\":\"https:\/\/conversesacatalunya.cat\/es\/\"},{\"@type\":\"ListItem\",\"position\":2,\"name\":\"Antifas y radicales de Black Lives Matter: violencia, amenazas a la poblaci\u00f3n y clima insurreccional\"}]},{\"@type\":\"WebSite\",\"@id\":\"https:\/\/conversesacatalunya.cat\/#website\",\"url\":\"https:\/\/conversesacatalunya.cat\/\",\"name\":\"Converses a Catalunya\",\"description\":\"\",\"potentialAction\":[{\"@type\":\"SearchAction\",\"target\":{\"@type\":\"EntryPoint\",\"urlTemplate\":\"https:\/\/conversesacatalunya.cat\/?s={search_term_string}\"},\"query-input\":{\"@type\":\"PropertyValueSpecification\",\"valueRequired\":true,\"valueName\":\"search_term_string\"}}],\"inLanguage\":\"es\"},{\"@type\":\"Person\",\"@id\":\"https:\/\/conversesacatalunya.cat\/#\/schema\/person\/c5a8ffe796b1512764aeb6d6d6fa0fc7\",\"name\":\"conversesacatalunya\",\"image\":{\"@type\":\"ImageObject\",\"inLanguage\":\"es\",\"@id\":\"https:\/\/conversesacatalunya.cat\/#\/schema\/person\/image\/\",\"url\":\"https:\/\/conversesacatalunya.cat\/wp-content\/litespeed\/avatar\/02659ee938034c59a151ae106ade943e.jpg?ver=1777051754\",\"contentUrl\":\"https:\/\/conversesacatalunya.cat\/wp-content\/litespeed\/avatar\/02659ee938034c59a151ae106ade943e.jpg?ver=1777051754\",\"caption\":\"conversesacatalunya\"},\"url\":\"https:\/\/conversesacatalunya.cat\/es\/author\/carles_lopez\/\"}]}<\/script>\n<!-- \/ Yoast SEO plugin. -->","yoast_head_json":{"title":"Antifas y radicales de Black Lives Matter: violencia, amenazas a la poblaci\u00f3n y clima insurreccional - Converses a Catalunya","robots":{"index":"index","follow":"follow","max-snippet":"max-snippet:-1","max-image-preview":"max-image-preview:large","max-video-preview":"max-video-preview:-1"},"canonical":"https:\/\/conversesacatalunya.cat\/es\/antifas-y-radicales-de-black-lives-matter-violencia-amenazas-a-la-poblacion-y-clima-insurreccional\/","og_locale":"es_ES","og_type":"article","og_title":"Antifas y radicales de Black Lives Matter: violencia, amenazas a la poblaci\u00f3n y clima insurreccional - Converses a Catalunya","og_description":"Desde la muerte de George Floyd hace unos meses en manos de un polic\u00eda, la cuesti\u00f3n de la violencia toma una amplitud creciente de cara las elecciones presidenciales de los Estados Unidos. A ambos lados del Atl\u00e1ntico, la mayor\u00eda de los medios de comunicaci\u00f3n procur\u00f3 en un primer momento minimizar los disturbios provocados por los sectores radicales del movimiento Black Lives Matter (BLM) y otros grupos \u00abantifascistas\u00bb (antifas). Pero esto se ha hecho imposible a medida que los episodios violentos se multiplican en todo el territorio norteamericano y perduran en el tiempo, reavivados cada vez que un ciudadano de origen afroamericano es herido o muerto por un agente policial. He aqu\u00ed un ejemplo ilustrativo de la parcialidad de la mayor parte de la prensa: el presidente Trump visita Kenosha, ciudad donde a finales de agosto muri\u00f3 un estadounidense de origen afroamericano por disparos de la polic\u00eda. Titular de La Vanguardia: \u00abTrump hurga en la herida racial\u00bb. Joe Biden visita la misma poblaci\u00f3n d\u00edas despu\u00e9s: La Vanguardia recoge que la visita busca \u00abunir la ciudad\u00bb. El esfuerzo de lo pol\u00edticamente correcto se centra as\u00ed en acusar a Donald Trump de responsable exclusivo de los episodios violentos. Se trata tambi\u00e9n de la estrategia del candidato dem\u00f3crata Joe Biden, rival de Trump en la carrera hacia la Casa Blanca. La agresividad de los dem\u00f3cratas raya el absurdo cuando la l\u00edder del partido Nancy Pelosi invita a Biden a no debatir con Trump para quitarle toda legitimidad. Como determinados analistas han observado, la t\u00e1ctica de desprestigiar a Trump hasta el punto de negarle el derecho a participar en las elecciones podr\u00eda f\u00e1cilmente volverse contra los dem\u00f3cratas. Mientras tanto, la realidad sobre el terreno es que una parte del movimiento antirracista BLM se ha radicalizado y se ha convertido en racialista. Es decir, ya no busca la igualdad entre razas sino la imposici\u00f3n de una raza sobre otra. Los disturbios y episodios de intimidaci\u00f3n hacia la poblaci\u00f3n civil protagonizados por los radicales de BLM y sus aliados antifas se han multiplicado estas \u00faltimas semanas. En Chicago, miembros de BLM han justificado los pillajes a comercios como una manera de compensar los agravios econ\u00f3micos que los afroamericanos han sufrido a lo largo de la historia. En Washington, militantes de extrema izquierda (la inmensa mayor\u00eda de ellos, blancos) han patrullado por las calles en grupo, obligando a la gente que ocupaba tranquilamente las terrazas de caf\u00e9s y restaurantes a levantar los pu\u00f1os como gesto de solidaridad con BLM. Las im\u00e1genes en v\u00eddeo son escalofriantes. En Portland, los extremistas (una vez m\u00e1s, la mayor\u00eda blancos) han instaurado un clima de terror, desfilando por noche haciendo sonar las bocinas de los coches y gritando esl\u00f3ganes agresivos para demostrar a los vecinos qui\u00e9n manda ahora. Tras dedicarse a destruir estatuas, la estrategia del ala radical de BLM y los antifas trata de imponer un clima de \u00abrevoluci\u00f3n permanente\u00bb ocupando el espacio p\u00fablico. Inexplicablemente, la gran mayor\u00eda de los medios siguen viendo en las acciones de estos grup\u00fasculos violentos manifestaciones antirracistas. El alcalde de Portland, Ted Wheeler, acus\u00f3 a Donald Trump de ser el causante del clima de odio que devora el pa\u00eds &#8211; y m\u00e1s concretamente su ciudad. Pero \u00e9l mismo, quien toleraba e incluso justificaba las violencias cometidas en nombre del antirracismo, ha acabado por convertirse en blanco de los manifestantes, que han lanzado basura incendiada contra su casa. Los defensores de lo pol\u00edticamente correcto siguen desplegando esfuerzos para justificar las violencias cometidas desde la extrema izquierda y centrarse s\u00f3lo en las de la extrema derecha (que seguramente tambi\u00e9n tiene parte de la culpa del actual clima de hostilidad en los Estados Unidos). [Bctt tweet = \u00abLos defensores de lo pol\u00edticamente correcto siguen desplegando esfuerzos para justificar las violencias cometidas desde la extrema izquierda\u00bb username = \u00abconversesacat\u00bb] Son ejemplos el hecho, extremadamente publicitado, el que la polic\u00eda haya abatido al sospechoso de haber matado a un manifestante pro-Trump. O que cada vez que un afroamericano es muerto por la polic\u00eda en los Estados Unidos sea una noticia de primera p\u00e1gina en los medios europeos &#8211; de los muertos blancos, asi\u00e1ticos e hispanos no se sabe nada. Al fin y al cabo, hay que preguntarse si el clima actual no est\u00e1 amplificando el mensaje que Trump tuitea constantemente en Twitter: \u00ab\u00a1Ley y orden!\u00bb.","og_url":"https:\/\/conversesacatalunya.cat\/es\/antifas-y-radicales-de-black-lives-matter-violencia-amenazas-a-la-poblacion-y-clima-insurreccional\/","og_site_name":"Converses a Catalunya","article_published_time":"2020-09-07T10:29:22+00:00","article_modified_time":"2020-09-08T10:19:51+00:00","og_image":[{"width":1800,"height":1798,"url":"https:\/\/conversesacatalunya.cat\/wp-content\/uploads\/2020\/09\/antifa.jpg","type":"image\/jpeg"}],"author":"conversesacatalunya","twitter_card":"summary_large_image","twitter_misc":{"Escrito por":"conversesacatalunya","Tiempo de lectura":"4 minutos"},"schema":{"@context":"https:\/\/schema.org","@graph":[{"@type":"Article","@id":"https:\/\/conversesacatalunya.cat\/es\/antifas-y-radicales-de-black-lives-matter-violencia-amenazas-a-la-poblacion-y-clima-insurreccional\/#article","isPartOf":{"@id":"https:\/\/conversesacatalunya.cat\/es\/antifas-y-radicales-de-black-lives-matter-violencia-amenazas-a-la-poblacion-y-clima-insurreccional\/"},"author":{"name":"conversesacatalunya","@id":"https:\/\/conversesacatalunya.cat\/#\/schema\/person\/c5a8ffe796b1512764aeb6d6d6fa0fc7"},"headline":"Antifas y radicales de Black Lives Matter: violencia, amenazas a la poblaci\u00f3n y clima insurreccional","datePublished":"2020-09-07T10:29:22+00:00","dateModified":"2020-09-08T10:19:51+00:00","mainEntityOfPage":{"@id":"https:\/\/conversesacatalunya.cat\/es\/antifas-y-radicales-de-black-lives-matter-violencia-amenazas-a-la-poblacion-y-clima-insurreccional\/"},"wordCount":791,"commentCount":0,"image":{"@id":"https:\/\/conversesacatalunya.cat\/es\/antifas-y-radicales-de-black-lives-matter-violencia-amenazas-a-la-poblacion-y-clima-insurreccional\/#primaryimage"},"thumbnailUrl":"https:\/\/conversesacatalunya.cat\/wp-content\/uploads\/2020\/09\/antifa.jpg","keywords":["Donald Trump","Estados Unidos","extrema derecha","extrema izquierda"],"articleSection":["Punts clau del dia (ES)"],"inLanguage":"es","potentialAction":[{"@type":"CommentAction","name":"Comment","target":["https:\/\/conversesacatalunya.cat\/es\/antifas-y-radicales-de-black-lives-matter-violencia-amenazas-a-la-poblacion-y-clima-insurreccional\/#respond"]}]},{"@type":"WebPage","@id":"https:\/\/conversesacatalunya.cat\/es\/antifas-y-radicales-de-black-lives-matter-violencia-amenazas-a-la-poblacion-y-clima-insurreccional\/","url":"https:\/\/conversesacatalunya.cat\/es\/antifas-y-radicales-de-black-lives-matter-violencia-amenazas-a-la-poblacion-y-clima-insurreccional\/","name":"Antifas y radicales de Black Lives Matter: violencia, amenazas a la poblaci\u00f3n y clima insurreccional - Converses a Catalunya","isPartOf":{"@id":"https:\/\/conversesacatalunya.cat\/#website"},"primaryImageOfPage":{"@id":"https:\/\/conversesacatalunya.cat\/es\/antifas-y-radicales-de-black-lives-matter-violencia-amenazas-a-la-poblacion-y-clima-insurreccional\/#primaryimage"},"image":{"@id":"https:\/\/conversesacatalunya.cat\/es\/antifas-y-radicales-de-black-lives-matter-violencia-amenazas-a-la-poblacion-y-clima-insurreccional\/#primaryimage"},"thumbnailUrl":"https:\/\/conversesacatalunya.cat\/wp-content\/uploads\/2020\/09\/antifa.jpg","datePublished":"2020-09-07T10:29:22+00:00","dateModified":"2020-09-08T10:19:51+00:00","author":{"@id":"https:\/\/conversesacatalunya.cat\/#\/schema\/person\/c5a8ffe796b1512764aeb6d6d6fa0fc7"},"breadcrumb":{"@id":"https:\/\/conversesacatalunya.cat\/es\/antifas-y-radicales-de-black-lives-matter-violencia-amenazas-a-la-poblacion-y-clima-insurreccional\/#breadcrumb"},"inLanguage":"es","potentialAction":[{"@type":"ReadAction","target":["https:\/\/conversesacatalunya.cat\/es\/antifas-y-radicales-de-black-lives-matter-violencia-amenazas-a-la-poblacion-y-clima-insurreccional\/"]}]},{"@type":"ImageObject","inLanguage":"es","@id":"https:\/\/conversesacatalunya.cat\/es\/antifas-y-radicales-de-black-lives-matter-violencia-amenazas-a-la-poblacion-y-clima-insurreccional\/#primaryimage","url":"https:\/\/conversesacatalunya.cat\/wp-content\/uploads\/2020\/09\/antifa.jpg","contentUrl":"https:\/\/conversesacatalunya.cat\/wp-content\/uploads\/2020\/09\/antifa.jpg","width":1800,"height":1798},{"@type":"BreadcrumbList","@id":"https:\/\/conversesacatalunya.cat\/es\/antifas-y-radicales-de-black-lives-matter-violencia-amenazas-a-la-poblacion-y-clima-insurreccional\/#breadcrumb","itemListElement":[{"@type":"ListItem","position":1,"name":"Inici","item":"https:\/\/conversesacatalunya.cat\/es\/"},{"@type":"ListItem","position":2,"name":"Antifas y radicales de Black Lives Matter: violencia, amenazas a la poblaci\u00f3n y clima insurreccional"}]},{"@type":"WebSite","@id":"https:\/\/conversesacatalunya.cat\/#website","url":"https:\/\/conversesacatalunya.cat\/","name":"Converses a Catalunya","description":"","potentialAction":[{"@type":"SearchAction","target":{"@type":"EntryPoint","urlTemplate":"https:\/\/conversesacatalunya.cat\/?s={search_term_string}"},"query-input":{"@type":"PropertyValueSpecification","valueRequired":true,"valueName":"search_term_string"}}],"inLanguage":"es"},{"@type":"Person","@id":"https:\/\/conversesacatalunya.cat\/#\/schema\/person\/c5a8ffe796b1512764aeb6d6d6fa0fc7","name":"conversesacatalunya","image":{"@type":"ImageObject","inLanguage":"es","@id":"https:\/\/conversesacatalunya.cat\/#\/schema\/person\/image\/","url":"https:\/\/conversesacatalunya.cat\/wp-content\/litespeed\/avatar\/02659ee938034c59a151ae106ade943e.jpg?ver=1777051754","contentUrl":"https:\/\/conversesacatalunya.cat\/wp-content\/litespeed\/avatar\/02659ee938034c59a151ae106ade943e.jpg?ver=1777051754","caption":"conversesacatalunya"},"url":"https:\/\/conversesacatalunya.cat\/es\/author\/carles_lopez\/"}]}},"wps_subtitle":"Radicales del movimiento Black Lives Matter y sus aliados antifascistas siembran odio y terror, amplificando el mensaje de Trump de ley y orden","_links":{"self":[{"href":"https:\/\/conversesacatalunya.cat\/es\/wp-json\/wp\/v2\/posts\/39852","targetHints":{"allow":["GET"]}}],"collection":[{"href":"https:\/\/conversesacatalunya.cat\/es\/wp-json\/wp\/v2\/posts"}],"about":[{"href":"https:\/\/conversesacatalunya.cat\/es\/wp-json\/wp\/v2\/types\/post"}],"author":[{"embeddable":true,"href":"https:\/\/conversesacatalunya.cat\/es\/wp-json\/wp\/v2\/users\/67"}],"replies":[{"embeddable":true,"href":"https:\/\/conversesacatalunya.cat\/es\/wp-json\/wp\/v2\/comments?post=39852"}],"version-history":[{"count":1,"href":"https:\/\/conversesacatalunya.cat\/es\/wp-json\/wp\/v2\/posts\/39852\/revisions"}],"predecessor-version":[{"id":39854,"href":"https:\/\/conversesacatalunya.cat\/es\/wp-json\/wp\/v2\/posts\/39852\/revisions\/39854"}],"wp:featuredmedia":[{"embeddable":true,"href":"https:\/\/conversesacatalunya.cat\/es\/wp-json\/wp\/v2\/media\/39820"}],"wp:attachment":[{"href":"https:\/\/conversesacatalunya.cat\/es\/wp-json\/wp\/v2\/media?parent=39852"}],"wp:term":[{"taxonomy":"category","embeddable":true,"href":"https:\/\/conversesacatalunya.cat\/es\/wp-json\/wp\/v2\/categories?post=39852"},{"taxonomy":"post_tag","embeddable":true,"href":"https:\/\/conversesacatalunya.cat\/es\/wp-json\/wp\/v2\/tags?post=39852"}],"curies":[{"name":"wp","href":"https:\/\/api.w.org\/{rel}","templated":true}]}}