{"id":39814,"date":"2020-09-04T12:27:05","date_gmt":"2020-09-04T10:27:05","guid":{"rendered":"https:\/\/conversesacatalunya.cat\/ibex-es-progovernamental\/"},"modified":"2020-09-04T17:09:17","modified_gmt":"2020-09-04T15:09:17","slug":"la-economia-es-politica-por-que-la-mayoria-del-ibex-es-progubernamental","status":"publish","type":"post","link":"https:\/\/conversesacatalunya.cat\/es\/la-economia-es-politica-por-que-la-mayoria-del-ibex-es-progubernamental\/","title":{"rendered":"La econom\u00eda es pol\u00edtica. \u00bfPor qu\u00e9 la mayor\u00eda del Ibex es progubernamental?"},"content":{"rendered":"<p>Las declaraciones de la m\u00e1xima directiva del Banco de Santander, Ana Bot\u00edn, no dejan lugar a dudas: <strong>adhesi\u00f3n incondicional<\/strong> a la l\u00ednea S\u00e1nchez de reclamar unidad en torno a su persona. Sin tanto \u00e9nfasis, otros <a href=\"https:\/\/conversesacatalunya.cat\/es\/el-gobierno-mas-progresista-de-europa-recibe-la-bendicion-de-la-elite-economica\/\" target=\"_blank\" rel=\"noopener noreferrer\">responsables del n\u00facleo de mayor peso en la econom\u00eda espa\u00f1ola<\/a>, las empresas cotizadas en el Ibex, mantienen una posici\u00f3n similar. Hay una pregunta que empieza a correr por Europa m\u00e1s all\u00e1 de los simplismos pol\u00edticos: \u00bfa qu\u00e9 se debe esta adhesi\u00f3n del gran capitalismo de la globalizaci\u00f3n, a escala espa\u00f1ola naturalmente, a un gobierno que en teor\u00eda es el m\u00e1s izquierdista de Europa y en el que tiene como vicepresidente al fundador de un partido que formalmente se declara antisistema? La respuesta se puede resumir en tres puntos:<\/p>\n<p>Primero, porque el Ibex es siempre, y por definici\u00f3n, <strong>p\u00fablicamente progubernamental<\/strong>. Tiene que pasar algo grave para que se manifiesten cr\u00edticamente contra el gobierno de turno, y a\u00fan, cuando lo hacen, es en t\u00e9rminos muy circunscritos a una cuesti\u00f3n concreta. Esto es as\u00ed porque son suficientemente importantes para mantener la sonrisa en p\u00fablico, sabiendo que siempre tienen la puerta abierta para negociar las cuestiones en la discreci\u00f3n de los despachos gubernamentales. El grito y la protesta son para aquellos que no tienen otras posibilidades para intentar hacer o\u00edr su voz. Quien descolgando el tel\u00e9fono puede hablar con el presidente, y no digamos ya con el ministro de econom\u00eda, no tiene necesidad de hacer aspavientos ni demostrar diferencias de interpretaci\u00f3n. Naturalmente, esta actitud ser\u00eda diferente en la medida en que estos l\u00edderes econ\u00f3micos sintieran alguna responsabilidad que fuera m\u00e1s all\u00e1 del negocio que generan sus empresas, que en s\u00ed mismas ya son un valor importante. Pero no es el caso, en este sentido podr\u00edamos hablar de liderazgos unidimensionales y que poco tienen que ver con la cultura pol\u00edtica de la burgues\u00eda hist\u00f3rica que ha pasado a mejor vida, sustituida puramente por altos ejecutivos y propietarios que tienen como \u00fanica referencia el estado de cuentas.<\/p>\n<p>Segundo, porque Unidas Podemos, <strong>la nueva \u00abizquierda\u00bb, es inofensiva para la gran empresa<\/strong>. No ha tomado ni tomar\u00e1 ninguna incitativa que le ocasione dificultades importantes. Toda su batalla es decisiva s\u00f3lo en la guerra cultural y moral. Por ejemplo, comeremos transexuales hasta la sopa, e identidades de g\u00e9nero y una cierta dosis de anticristianismo y liberalismo sexual, y muchas otras cuestiones de esta naturaleza. Cuestionar la existencia de la escuela concertada, la autoridad de los padres cuando les convenga (cuando les interese, como ahora con la pandemia, les har\u00e1n responsables \u00fanicos). Todo esto altera las instituciones que vertebran la sociedad civil desde su n\u00facleo, afecta a la concepci\u00f3n de la relaci\u00f3n de pareja, del matrimonio, de la descendencia, de la paternidad y la maternidad, de la familia. Pero todas estas cuestiones son ajenas a los intereses de los grandes liderazgos econ\u00f3micos. Algunos pueden considerar que esta visi\u00f3n es un error porque ignora que la econom\u00eda es una antropolog\u00eda y que todo acaba, m\u00e1s tarde o m\u00e1s temprano, reflej\u00e1ndose en ella. Pero con una visi\u00f3n a corto, e incluso medio plazo, la cuenta de resultados no se ve muy afectada por todas estas cuestiones que son la bandera actual de Podemos.<\/p>\n<p>El tercer punto es muy importante. Se trata de que <strong>las grandes ayudas de la Uni\u00f3n Europea tienen como sujeto principal las empresas<\/strong>. Y lo que quiere el Ibex, para simplificar la expresi\u00f3n, es asumir el papel decisivo para dise\u00f1ar la recuperaci\u00f3n econ\u00f3mica y naturalmente canalizar la mayor parte de estos 70.000 millones que vendr\u00e1n. Y esta por s\u00ed sola es una raz\u00f3n sobrada para mantener unas relaciones extremadamente cari\u00f1osas con S\u00e1nchez y, si es necesario, con Pablo Iglesias.<\/p>\n<p>&nbsp;<\/p>\n","protected":false},"excerpt":{"rendered":"<p>Las declaraciones de la m\u00e1xima directiva del Banco de Santander, Ana Bot\u00edn, no dejan lugar a dudas: adhesi\u00f3n incondicional a la l\u00ednea S\u00e1nchez de reclamar unidad en torno a su persona. Sin tanto \u00e9nfasis, otros responsables del n\u00facleo de mayor peso en la econom\u00eda espa\u00f1ola, las empresas cotizadas en el Ibex, mantienen una posici\u00f3n similar. Hay una pregunta que empieza a correr por Europa m\u00e1s all\u00e1 de los simplismos pol\u00edticos: \u00bfa qu\u00e9 se debe esta adhesi\u00f3n del gran capitalismo de la globalizaci\u00f3n, a escala espa\u00f1ola naturalmente, a un gobierno que en teor\u00eda es el m\u00e1s izquierdista de Europa y en el que tiene como vicepresidente al fundador de un partido que formalmente se declara antisistema? La respuesta se puede resumir en tres puntos: Primero, porque el Ibex es siempre, y por definici\u00f3n, p\u00fablicamente progubernamental. Tiene que pasar algo grave para que se manifiesten cr\u00edticamente contra el gobierno de turno, y a\u00fan, cuando lo hacen, es en t\u00e9rminos muy circunscritos a una cuesti\u00f3n concreta. Esto es as\u00ed porque son suficientemente importantes para mantener la sonrisa en p\u00fablico, sabiendo que siempre tienen la puerta abierta para negociar las cuestiones en la discreci\u00f3n de los despachos gubernamentales. El grito y la protesta son para aquellos que no tienen otras posibilidades para intentar hacer o\u00edr su voz. Quien descolgando el tel\u00e9fono puede hablar con el presidente, y no digamos ya con el ministro de econom\u00eda, no tiene necesidad de hacer aspavientos ni demostrar diferencias de interpretaci\u00f3n. Naturalmente, esta actitud ser\u00eda diferente en la medida en que estos l\u00edderes econ\u00f3micos sintieran alguna responsabilidad que fuera m\u00e1s all\u00e1 del negocio que generan sus empresas, que en s\u00ed mismas ya son un valor importante. Pero no es el caso, en este sentido podr\u00edamos hablar de liderazgos unidimensionales y que poco tienen que ver con la cultura pol\u00edtica de la burgues\u00eda hist\u00f3rica que ha pasado a mejor vida, sustituida puramente por altos ejecutivos y propietarios que tienen como \u00fanica referencia el estado de cuentas. Segundo, porque Unidas Podemos, la nueva \u00abizquierda\u00bb, es inofensiva para la gran empresa. No ha tomado ni tomar\u00e1 ninguna incitativa que le ocasione dificultades importantes. Toda su batalla es decisiva s\u00f3lo en la guerra cultural y moral. Por ejemplo, comeremos transexuales hasta la sopa, e identidades de g\u00e9nero y una cierta dosis de anticristianismo y liberalismo sexual, y muchas otras cuestiones de esta naturaleza. Cuestionar la existencia de la escuela concertada, la autoridad de los padres cuando les convenga (cuando les interese, como ahora con la pandemia, les har\u00e1n responsables \u00fanicos). Todo esto altera las instituciones que vertebran la sociedad civil desde su n\u00facleo, afecta a la concepci\u00f3n de la relaci\u00f3n de pareja, del matrimonio, de la descendencia, de la paternidad y la maternidad, de la familia. Pero todas estas cuestiones son ajenas a los intereses de los grandes liderazgos econ\u00f3micos. Algunos pueden considerar que esta visi\u00f3n es un error porque ignora que la econom\u00eda es una antropolog\u00eda y que todo acaba, m\u00e1s tarde o m\u00e1s temprano, reflej\u00e1ndose en ella. Pero con una visi\u00f3n a corto, e incluso medio plazo, la cuenta de resultados no se ve muy afectada por todas estas cuestiones que son la bandera actual de Podemos. El tercer punto es muy importante. Se trata de que las grandes ayudas de la Uni\u00f3n Europea tienen como sujeto principal las empresas. Y lo que quiere el Ibex, para simplificar la expresi\u00f3n, es asumir el papel decisivo para dise\u00f1ar la recuperaci\u00f3n econ\u00f3mica y naturalmente canalizar la mayor parte de estos 70.000 millones que vendr\u00e1n. Y esta por s\u00ed sola es una raz\u00f3n sobrada para mantener unas relaciones extremadamente cari\u00f1osas con S\u00e1nchez y, si es necesario, con Pablo Iglesias. &nbsp;<\/p>\n","protected":false},"author":2,"featured_media":39806,"comment_status":"open","ping_status":"open","sticky":false,"template":"","format":"standard","meta":{"_FSMCFIC_featured_image_caption":"","_FSMCFIC_featured_image_nocaption":"","_FSMCFIC_featured_image_hide":"","footnotes":""},"categories":[806],"tags":[],"class_list":["post-39814","post","type-post","status-publish","format-standard","has-post-thumbnail","hentry","category-punts-claus-del-dia-es"],"yoast_head":"<!-- This site is optimized with the Yoast SEO plugin v26.8 - https:\/\/yoast.com\/product\/yoast-seo-wordpress\/ -->\n<title>La econom\u00eda es pol\u00edtica. \u00bfPor qu\u00e9 la mayor\u00eda del Ibex es progubernamental? - Converses a Catalunya<\/title>\n<meta name=\"description\" content=\"el Ibex es siempre progubernamental. Tiene que pasar algo grave para que se manifiesten cr\u00edticamente contra el gobierno de turno\" \/>\n<meta name=\"robots\" content=\"index, follow, max-snippet:-1, max-image-preview:large, max-video-preview:-1\" \/>\n<link rel=\"canonical\" href=\"https:\/\/conversesacatalunya.cat\/es\/la-economia-es-politica-por-que-la-mayoria-del-ibex-es-progubernamental\/\" \/>\n<meta property=\"og:locale\" content=\"es_ES\" \/>\n<meta property=\"og:type\" content=\"article\" \/>\n<meta property=\"og:title\" content=\"La econom\u00eda es pol\u00edtica. \u00bfPor qu\u00e9 la mayor\u00eda del Ibex es progubernamental? - Converses a Catalunya\" \/>\n<meta property=\"og:description\" content=\"el Ibex es siempre progubernamental. Tiene que pasar algo grave para que se manifiesten cr\u00edticamente contra el gobierno de turno\" \/>\n<meta property=\"og:url\" content=\"https:\/\/conversesacatalunya.cat\/es\/la-economia-es-politica-por-que-la-mayoria-del-ibex-es-progubernamental\/\" \/>\n<meta property=\"og:site_name\" content=\"Converses a Catalunya\" \/>\n<meta property=\"article:published_time\" content=\"2020-09-04T10:27:05+00:00\" \/>\n<meta property=\"article:modified_time\" content=\"2020-09-04T15:09:17+00:00\" \/>\n<meta property=\"og:image\" content=\"https:\/\/conversesacatalunya.cat\/wp-content\/uploads\/2020\/09\/ana-botin.jpeg\" \/>\n\t<meta property=\"og:image:width\" content=\"1001\" \/>\n\t<meta property=\"og:image:height\" content=\"528\" \/>\n\t<meta property=\"og:image:type\" content=\"image\/jpeg\" \/>\n<meta name=\"author\" content=\"conversesacatalunya\" \/>\n<meta name=\"twitter:card\" content=\"summary_large_image\" \/>\n<meta name=\"twitter:label1\" content=\"Escrito por\" \/>\n\t<meta name=\"twitter:data1\" content=\"conversesacatalunya\" \/>\n\t<meta name=\"twitter:label2\" content=\"Tiempo de lectura\" \/>\n\t<meta name=\"twitter:data2\" content=\"3 minutos\" \/>\n<script type=\"application\/ld+json\" class=\"yoast-schema-graph\">{\"@context\":\"https:\/\/schema.org\",\"@graph\":[{\"@type\":\"Article\",\"@id\":\"https:\/\/conversesacatalunya.cat\/es\/la-economia-es-politica-por-que-la-mayoria-del-ibex-es-progubernamental\/#article\",\"isPartOf\":{\"@id\":\"https:\/\/conversesacatalunya.cat\/es\/la-economia-es-politica-por-que-la-mayoria-del-ibex-es-progubernamental\/\"},\"author\":{\"name\":\"conversesacatalunya\",\"@id\":\"https:\/\/conversesacatalunya.cat\/#\/schema\/person\/7e24d1e54a2785373ddcb275eae5ed99\"},\"headline\":\"La econom\u00eda es pol\u00edtica. \u00bfPor qu\u00e9 la mayor\u00eda del Ibex es progubernamental?\",\"datePublished\":\"2020-09-04T10:27:05+00:00\",\"dateModified\":\"2020-09-04T15:09:17+00:00\",\"mainEntityOfPage\":{\"@id\":\"https:\/\/conversesacatalunya.cat\/es\/la-economia-es-politica-por-que-la-mayoria-del-ibex-es-progubernamental\/\"},\"wordCount\":679,\"commentCount\":0,\"image\":{\"@id\":\"https:\/\/conversesacatalunya.cat\/es\/la-economia-es-politica-por-que-la-mayoria-del-ibex-es-progubernamental\/#primaryimage\"},\"thumbnailUrl\":\"https:\/\/conversesacatalunya.cat\/wp-content\/uploads\/2020\/09\/ana-botin.jpeg\",\"articleSection\":[\"Punts clau del dia (ES)\"],\"inLanguage\":\"es\",\"potentialAction\":[{\"@type\":\"CommentAction\",\"name\":\"Comment\",\"target\":[\"https:\/\/conversesacatalunya.cat\/es\/la-economia-es-politica-por-que-la-mayoria-del-ibex-es-progubernamental\/#respond\"]}]},{\"@type\":\"WebPage\",\"@id\":\"https:\/\/conversesacatalunya.cat\/es\/la-economia-es-politica-por-que-la-mayoria-del-ibex-es-progubernamental\/\",\"url\":\"https:\/\/conversesacatalunya.cat\/es\/la-economia-es-politica-por-que-la-mayoria-del-ibex-es-progubernamental\/\",\"name\":\"La econom\u00eda es pol\u00edtica. \u00bfPor qu\u00e9 la mayor\u00eda del Ibex es progubernamental? - Converses a Catalunya\",\"isPartOf\":{\"@id\":\"https:\/\/conversesacatalunya.cat\/#website\"},\"primaryImageOfPage\":{\"@id\":\"https:\/\/conversesacatalunya.cat\/es\/la-economia-es-politica-por-que-la-mayoria-del-ibex-es-progubernamental\/#primaryimage\"},\"image\":{\"@id\":\"https:\/\/conversesacatalunya.cat\/es\/la-economia-es-politica-por-que-la-mayoria-del-ibex-es-progubernamental\/#primaryimage\"},\"thumbnailUrl\":\"https:\/\/conversesacatalunya.cat\/wp-content\/uploads\/2020\/09\/ana-botin.jpeg\",\"datePublished\":\"2020-09-04T10:27:05+00:00\",\"dateModified\":\"2020-09-04T15:09:17+00:00\",\"author\":{\"@id\":\"https:\/\/conversesacatalunya.cat\/#\/schema\/person\/7e24d1e54a2785373ddcb275eae5ed99\"},\"description\":\"el Ibex es siempre progubernamental. Tiene que pasar algo grave para que se manifiesten cr\u00edticamente contra el gobierno de turno\",\"breadcrumb\":{\"@id\":\"https:\/\/conversesacatalunya.cat\/es\/la-economia-es-politica-por-que-la-mayoria-del-ibex-es-progubernamental\/#breadcrumb\"},\"inLanguage\":\"es\",\"potentialAction\":[{\"@type\":\"ReadAction\",\"target\":[\"https:\/\/conversesacatalunya.cat\/es\/la-economia-es-politica-por-que-la-mayoria-del-ibex-es-progubernamental\/\"]}]},{\"@type\":\"ImageObject\",\"inLanguage\":\"es\",\"@id\":\"https:\/\/conversesacatalunya.cat\/es\/la-economia-es-politica-por-que-la-mayoria-del-ibex-es-progubernamental\/#primaryimage\",\"url\":\"https:\/\/conversesacatalunya.cat\/wp-content\/uploads\/2020\/09\/ana-botin.jpeg\",\"contentUrl\":\"https:\/\/conversesacatalunya.cat\/wp-content\/uploads\/2020\/09\/ana-botin.jpeg\",\"width\":1001,\"height\":528,\"caption\":\"ibex\"},{\"@type\":\"BreadcrumbList\",\"@id\":\"https:\/\/conversesacatalunya.cat\/es\/la-economia-es-politica-por-que-la-mayoria-del-ibex-es-progubernamental\/#breadcrumb\",\"itemListElement\":[{\"@type\":\"ListItem\",\"position\":1,\"name\":\"Inici\",\"item\":\"https:\/\/conversesacatalunya.cat\/es\/\"},{\"@type\":\"ListItem\",\"position\":2,\"name\":\"La econom\u00eda es pol\u00edtica. \u00bfPor qu\u00e9 la mayor\u00eda del Ibex es progubernamental?\"}]},{\"@type\":\"WebSite\",\"@id\":\"https:\/\/conversesacatalunya.cat\/#website\",\"url\":\"https:\/\/conversesacatalunya.cat\/\",\"name\":\"Converses a Catalunya\",\"description\":\"\",\"potentialAction\":[{\"@type\":\"SearchAction\",\"target\":{\"@type\":\"EntryPoint\",\"urlTemplate\":\"https:\/\/conversesacatalunya.cat\/?s={search_term_string}\"},\"query-input\":{\"@type\":\"PropertyValueSpecification\",\"valueRequired\":true,\"valueName\":\"search_term_string\"}}],\"inLanguage\":\"es\"},{\"@type\":\"Person\",\"@id\":\"https:\/\/conversesacatalunya.cat\/#\/schema\/person\/7e24d1e54a2785373ddcb275eae5ed99\",\"name\":\"conversesacatalunya\",\"image\":{\"@type\":\"ImageObject\",\"inLanguage\":\"es\",\"@id\":\"https:\/\/conversesacatalunya.cat\/#\/schema\/person\/image\/\",\"url\":\"https:\/\/conversesacatalunya.cat\/wp-content\/litespeed\/avatar\/febdfeeec89d950f01c748045a981dd2.jpg?ver=1777314535\",\"contentUrl\":\"https:\/\/conversesacatalunya.cat\/wp-content\/litespeed\/avatar\/febdfeeec89d950f01c748045a981dd2.jpg?ver=1777314535\",\"caption\":\"conversesacatalunya\"},\"url\":\"https:\/\/conversesacatalunya.cat\/es\/author\/carme_catala\/\"}]}<\/script>\n<!-- \/ Yoast SEO plugin. -->","yoast_head_json":{"title":"La econom\u00eda es pol\u00edtica. \u00bfPor qu\u00e9 la mayor\u00eda del Ibex es progubernamental? - Converses a Catalunya","description":"el Ibex es siempre progubernamental. Tiene que pasar algo grave para que se manifiesten cr\u00edticamente contra el gobierno de turno","robots":{"index":"index","follow":"follow","max-snippet":"max-snippet:-1","max-image-preview":"max-image-preview:large","max-video-preview":"max-video-preview:-1"},"canonical":"https:\/\/conversesacatalunya.cat\/es\/la-economia-es-politica-por-que-la-mayoria-del-ibex-es-progubernamental\/","og_locale":"es_ES","og_type":"article","og_title":"La econom\u00eda es pol\u00edtica. \u00bfPor qu\u00e9 la mayor\u00eda del Ibex es progubernamental? - Converses a Catalunya","og_description":"el Ibex es siempre progubernamental. Tiene que pasar algo grave para que se manifiesten cr\u00edticamente contra el gobierno de turno","og_url":"https:\/\/conversesacatalunya.cat\/es\/la-economia-es-politica-por-que-la-mayoria-del-ibex-es-progubernamental\/","og_site_name":"Converses a Catalunya","article_published_time":"2020-09-04T10:27:05+00:00","article_modified_time":"2020-09-04T15:09:17+00:00","og_image":[{"width":1001,"height":528,"url":"https:\/\/conversesacatalunya.cat\/wp-content\/uploads\/2020\/09\/ana-botin.jpeg","type":"image\/jpeg"}],"author":"conversesacatalunya","twitter_card":"summary_large_image","twitter_misc":{"Escrito por":"conversesacatalunya","Tiempo de lectura":"3 minutos"},"schema":{"@context":"https:\/\/schema.org","@graph":[{"@type":"Article","@id":"https:\/\/conversesacatalunya.cat\/es\/la-economia-es-politica-por-que-la-mayoria-del-ibex-es-progubernamental\/#article","isPartOf":{"@id":"https:\/\/conversesacatalunya.cat\/es\/la-economia-es-politica-por-que-la-mayoria-del-ibex-es-progubernamental\/"},"author":{"name":"conversesacatalunya","@id":"https:\/\/conversesacatalunya.cat\/#\/schema\/person\/7e24d1e54a2785373ddcb275eae5ed99"},"headline":"La econom\u00eda es pol\u00edtica. \u00bfPor qu\u00e9 la mayor\u00eda del Ibex es progubernamental?","datePublished":"2020-09-04T10:27:05+00:00","dateModified":"2020-09-04T15:09:17+00:00","mainEntityOfPage":{"@id":"https:\/\/conversesacatalunya.cat\/es\/la-economia-es-politica-por-que-la-mayoria-del-ibex-es-progubernamental\/"},"wordCount":679,"commentCount":0,"image":{"@id":"https:\/\/conversesacatalunya.cat\/es\/la-economia-es-politica-por-que-la-mayoria-del-ibex-es-progubernamental\/#primaryimage"},"thumbnailUrl":"https:\/\/conversesacatalunya.cat\/wp-content\/uploads\/2020\/09\/ana-botin.jpeg","articleSection":["Punts clau del dia (ES)"],"inLanguage":"es","potentialAction":[{"@type":"CommentAction","name":"Comment","target":["https:\/\/conversesacatalunya.cat\/es\/la-economia-es-politica-por-que-la-mayoria-del-ibex-es-progubernamental\/#respond"]}]},{"@type":"WebPage","@id":"https:\/\/conversesacatalunya.cat\/es\/la-economia-es-politica-por-que-la-mayoria-del-ibex-es-progubernamental\/","url":"https:\/\/conversesacatalunya.cat\/es\/la-economia-es-politica-por-que-la-mayoria-del-ibex-es-progubernamental\/","name":"La econom\u00eda es pol\u00edtica. \u00bfPor qu\u00e9 la mayor\u00eda del Ibex es progubernamental? - Converses a Catalunya","isPartOf":{"@id":"https:\/\/conversesacatalunya.cat\/#website"},"primaryImageOfPage":{"@id":"https:\/\/conversesacatalunya.cat\/es\/la-economia-es-politica-por-que-la-mayoria-del-ibex-es-progubernamental\/#primaryimage"},"image":{"@id":"https:\/\/conversesacatalunya.cat\/es\/la-economia-es-politica-por-que-la-mayoria-del-ibex-es-progubernamental\/#primaryimage"},"thumbnailUrl":"https:\/\/conversesacatalunya.cat\/wp-content\/uploads\/2020\/09\/ana-botin.jpeg","datePublished":"2020-09-04T10:27:05+00:00","dateModified":"2020-09-04T15:09:17+00:00","author":{"@id":"https:\/\/conversesacatalunya.cat\/#\/schema\/person\/7e24d1e54a2785373ddcb275eae5ed99"},"description":"el Ibex es siempre progubernamental. Tiene que pasar algo grave para que se manifiesten cr\u00edticamente contra el gobierno de turno","breadcrumb":{"@id":"https:\/\/conversesacatalunya.cat\/es\/la-economia-es-politica-por-que-la-mayoria-del-ibex-es-progubernamental\/#breadcrumb"},"inLanguage":"es","potentialAction":[{"@type":"ReadAction","target":["https:\/\/conversesacatalunya.cat\/es\/la-economia-es-politica-por-que-la-mayoria-del-ibex-es-progubernamental\/"]}]},{"@type":"ImageObject","inLanguage":"es","@id":"https:\/\/conversesacatalunya.cat\/es\/la-economia-es-politica-por-que-la-mayoria-del-ibex-es-progubernamental\/#primaryimage","url":"https:\/\/conversesacatalunya.cat\/wp-content\/uploads\/2020\/09\/ana-botin.jpeg","contentUrl":"https:\/\/conversesacatalunya.cat\/wp-content\/uploads\/2020\/09\/ana-botin.jpeg","width":1001,"height":528,"caption":"ibex"},{"@type":"BreadcrumbList","@id":"https:\/\/conversesacatalunya.cat\/es\/la-economia-es-politica-por-que-la-mayoria-del-ibex-es-progubernamental\/#breadcrumb","itemListElement":[{"@type":"ListItem","position":1,"name":"Inici","item":"https:\/\/conversesacatalunya.cat\/es\/"},{"@type":"ListItem","position":2,"name":"La econom\u00eda es pol\u00edtica. \u00bfPor qu\u00e9 la mayor\u00eda del Ibex es progubernamental?"}]},{"@type":"WebSite","@id":"https:\/\/conversesacatalunya.cat\/#website","url":"https:\/\/conversesacatalunya.cat\/","name":"Converses a Catalunya","description":"","potentialAction":[{"@type":"SearchAction","target":{"@type":"EntryPoint","urlTemplate":"https:\/\/conversesacatalunya.cat\/?s={search_term_string}"},"query-input":{"@type":"PropertyValueSpecification","valueRequired":true,"valueName":"search_term_string"}}],"inLanguage":"es"},{"@type":"Person","@id":"https:\/\/conversesacatalunya.cat\/#\/schema\/person\/7e24d1e54a2785373ddcb275eae5ed99","name":"conversesacatalunya","image":{"@type":"ImageObject","inLanguage":"es","@id":"https:\/\/conversesacatalunya.cat\/#\/schema\/person\/image\/","url":"https:\/\/conversesacatalunya.cat\/wp-content\/litespeed\/avatar\/febdfeeec89d950f01c748045a981dd2.jpg?ver=1777314535","contentUrl":"https:\/\/conversesacatalunya.cat\/wp-content\/litespeed\/avatar\/febdfeeec89d950f01c748045a981dd2.jpg?ver=1777314535","caption":"conversesacatalunya"},"url":"https:\/\/conversesacatalunya.cat\/es\/author\/carme_catala\/"}]}},"wps_subtitle":"","_links":{"self":[{"href":"https:\/\/conversesacatalunya.cat\/es\/wp-json\/wp\/v2\/posts\/39814","targetHints":{"allow":["GET"]}}],"collection":[{"href":"https:\/\/conversesacatalunya.cat\/es\/wp-json\/wp\/v2\/posts"}],"about":[{"href":"https:\/\/conversesacatalunya.cat\/es\/wp-json\/wp\/v2\/types\/post"}],"author":[{"embeddable":true,"href":"https:\/\/conversesacatalunya.cat\/es\/wp-json\/wp\/v2\/users\/2"}],"replies":[{"embeddable":true,"href":"https:\/\/conversesacatalunya.cat\/es\/wp-json\/wp\/v2\/comments?post=39814"}],"version-history":[{"count":2,"href":"https:\/\/conversesacatalunya.cat\/es\/wp-json\/wp\/v2\/posts\/39814\/revisions"}],"predecessor-version":[{"id":39815,"href":"https:\/\/conversesacatalunya.cat\/es\/wp-json\/wp\/v2\/posts\/39814\/revisions\/39815"}],"wp:featuredmedia":[{"embeddable":true,"href":"https:\/\/conversesacatalunya.cat\/es\/wp-json\/wp\/v2\/media\/39806"}],"wp:attachment":[{"href":"https:\/\/conversesacatalunya.cat\/es\/wp-json\/wp\/v2\/media?parent=39814"}],"wp:term":[{"taxonomy":"category","embeddable":true,"href":"https:\/\/conversesacatalunya.cat\/es\/wp-json\/wp\/v2\/categories?post=39814"},{"taxonomy":"post_tag","embeddable":true,"href":"https:\/\/conversesacatalunya.cat\/es\/wp-json\/wp\/v2\/tags?post=39814"}],"curies":[{"name":"wp","href":"https:\/\/api.w.org\/{rel}","templated":true}]}}