{"id":39795,"date":"2020-09-04T11:44:04","date_gmt":"2020-09-04T09:44:04","guid":{"rendered":"https:\/\/conversesacatalunya.cat\/?p=39795"},"modified":"2020-09-04T11:44:55","modified_gmt":"2020-09-04T09:44:55","slug":"el-alquiler-dobla-su-precio-en-cinco-anos","status":"publish","type":"post","link":"https:\/\/conversesacatalunya.cat\/es\/el-alquiler-dobla-su-precio-en-cinco-anos\/","title":{"rendered":"El alquiler dobla su precio en cinco a\u00f1os"},"content":{"rendered":"<p>El precio del alquiler ha sufrido <strong>un crecimiento superior al 50% desde el a\u00f1o 2015<\/strong>. Seg\u00fan el \u00faltimo estudio de Fotocasa, el precio medio del metro cuadrado era de 7,13 euros hace cinco a\u00f1os, mientras que a junio de 2020 es de 10,82 euros. Las comunidades aut\u00f3nomas que mayor incremento han experimentado, en orden descendente, son la Comunidad Valenciana, <a href=\"https:\/\/conversesacatalunya.cat\/es\/cataluna-es-la-comunidad-autonoma-con-mas-ocupacion-ilegal\/\" target=\"_blank\" rel=\"noopener noreferrer\">Catalu\u00f1a<\/a>, Comunidad de Madrid y Canarias.<\/p>\n<p>Valencia es la ciudad con mayor incremento (77%), seguida de Murcia (58%) y Santa Cruz de Tenerife (52%). Un sobrecoste que, tal y como muestra el estudio, ha provocado que hasta nueve comunidades aut\u00f3nomas superen en la actualidad los precios m\u00e1ximos que se hab\u00edan marcado en los a\u00f1os de la burbuja inmobiliaria.<\/p>\n<p>Ahora bien, si nos atenemos a este \u00faltimo 2020, la tendencia alcista se ha visto alterada. El mes de agosto se cerr\u00f3 con nuevas bajadas del precio del alquiler en un total de 28 capitales de provincia, los principales mercados del pa\u00eds, aunque a nivel nacional se increment\u00f3 un 0,8% mensual y un 4% interanual, hasta alcanzar los 11,4 euros por metro cuadrado. Esta cifra media supone, seg\u00fan el \u00edndice de rentas actualizado del portal inmobiliario Idealista, el precio m\u00e1ximo de la serie hist\u00f3rica en el pa\u00eds. Todo, a pesar de la crisis sanitaria y econ\u00f3mica del coronavirus.<\/p>\n<p>Con todo, las zonas m\u00e1s tensionadas y demandadas, como M\u00e1laga, Valencia, Sevilla, Bilbao o Palma, adem\u00e1s de Madrid y Barcelona,<strong> registran ca\u00eddas en agosto del precio del alquiler<\/strong>, frente a los ascensos de las capitales de provincia menos saturadas como Soria, Huesca, Zamora o C\u00e1ceres. As\u00ed, aunque el precio medio aumenta un 0,8%, los principales mercados cedieron en agosto.<\/p>\n<p>Madrid y Barcelona, los dos grandes mercados del pa\u00eds, siguen siendo las ciudades m\u00e1s caras de Espa\u00f1a (16,1 euros el metro cuadrado y 16 euros, respectivamente). Ambas localidades alcanzaron el precio m\u00e1ximo de la serie hist\u00f3rica del alquiler durante el mes de mayo, y desde entonces el precio ha ca\u00eddo un 4% en el caso de la capital y un 9% en el de la ciudad condal. En variaci\u00f3n interanual, teniendo en cuenta el mes de agosto de 2019, Madrid cae un 0,9% y Barcelona un 3,9%.<\/p>\n<p>Por el contrario, los precios subieron en La Rioja (+2%), Regi\u00f3n de Murcia (+1%), Catalu\u00f1a (+0,5%), Navarra (+0,4%), Castilla y Le\u00f3n, Arag\u00f3n y Euskadi (+0,3% en los tres casos) y se mantuvieron estables en Asturias. La Comunidad de Madrid (15 euros el metro cuadrado) es la regi\u00f3n m\u00e1s cara, seguida de Catalu\u00f1a (14,6 euros). Les siguen Baleares (12,5 euros) y Euskadi (12,1 euros). En el lado opuesto de la tabla se encuentran Extremadura (5,4 euros el metro cuadrado) y Castilla-La Mancha (5,6 euros), que son las comunidades m\u00e1s econ\u00f3micas.<\/p>\n<p>&nbsp;<\/p>\n","protected":false},"excerpt":{"rendered":"<p>El precio del alquiler ha sufrido un crecimiento superior al 50% desde el a\u00f1o 2015. Seg\u00fan el \u00faltimo estudio de Fotocasa, el precio medio del metro cuadrado era de 7,13 euros hace cinco a\u00f1os, mientras que a junio de 2020 es de 10,82 euros. Las comunidades aut\u00f3nomas que mayor incremento han experimentado, en orden descendente, son la Comunidad Valenciana, Catalu\u00f1a, Comunidad de Madrid y Canarias. Valencia es la ciudad con mayor incremento (77%), seguida de Murcia (58%) y Santa Cruz de Tenerife (52%). Un sobrecoste que, tal y como muestra el estudio, ha provocado que hasta nueve comunidades aut\u00f3nomas superen en la actualidad los precios m\u00e1ximos que se hab\u00edan marcado en los a\u00f1os de la burbuja inmobiliaria. Ahora bien, si nos atenemos a este \u00faltimo 2020, la tendencia alcista se ha visto alterada. El mes de agosto se cerr\u00f3 con nuevas bajadas del precio del alquiler en un total de 28 capitales de provincia, los principales mercados del pa\u00eds, aunque a nivel nacional se increment\u00f3 un 0,8% mensual y un 4% interanual, hasta alcanzar los 11,4 euros por metro cuadrado. Esta cifra media supone, seg\u00fan el \u00edndice de rentas actualizado del portal inmobiliario Idealista, el precio m\u00e1ximo de la serie hist\u00f3rica en el pa\u00eds. Todo, a pesar de la crisis sanitaria y econ\u00f3mica del coronavirus. Con todo, las zonas m\u00e1s tensionadas y demandadas, como M\u00e1laga, Valencia, Sevilla, Bilbao o Palma, adem\u00e1s de Madrid y Barcelona, registran ca\u00eddas en agosto del precio del alquiler, frente a los ascensos de las capitales de provincia menos saturadas como Soria, Huesca, Zamora o C\u00e1ceres. As\u00ed, aunque el precio medio aumenta un 0,8%, los principales mercados cedieron en agosto. Madrid y Barcelona, los dos grandes mercados del pa\u00eds, siguen siendo las ciudades m\u00e1s caras de Espa\u00f1a (16,1 euros el metro cuadrado y 16 euros, respectivamente). Ambas localidades alcanzaron el precio m\u00e1ximo de la serie hist\u00f3rica del alquiler durante el mes de mayo, y desde entonces el precio ha ca\u00eddo un 4% en el caso de la capital y un 9% en el de la ciudad condal. En variaci\u00f3n interanual, teniendo en cuenta el mes de agosto de 2019, Madrid cae un 0,9% y Barcelona un 3,9%. Por el contrario, los precios subieron en La Rioja (+2%), Regi\u00f3n de Murcia (+1%), Catalu\u00f1a (+0,5%), Navarra (+0,4%), Castilla y Le\u00f3n, Arag\u00f3n y Euskadi (+0,3% en los tres casos) y se mantuvieron estables en Asturias. La Comunidad de Madrid (15 euros el metro cuadrado) es la regi\u00f3n m\u00e1s cara, seguida de Catalu\u00f1a (14,6 euros). Les siguen Baleares (12,5 euros) y Euskadi (12,1 euros). En el lado opuesto de la tabla se encuentran Extremadura (5,4 euros el metro cuadrado) y Castilla-La Mancha (5,6 euros), que son las comunidades m\u00e1s econ\u00f3micas. &nbsp;<\/p>\n","protected":false},"author":20,"featured_media":39781,"comment_status":"open","ping_status":"open","sticky":false,"template":"","format":"standard","meta":{"_FSMCFIC_featured_image_caption":"","_FSMCFIC_featured_image_nocaption":"","_FSMCFIC_featured_image_hide":"","footnotes":""},"categories":[806],"tags":[1037],"class_list":["post-39795","post","type-post","status-publish","format-standard","has-post-thumbnail","hentry","category-punts-claus-del-dia-es","tag-precios-alquiler"],"yoast_head":"<!-- This site is optimized with the Yoast SEO plugin v26.8 - https:\/\/yoast.com\/product\/yoast-seo-wordpress\/ -->\n<title>El alquiler dobla su precio en cinco a\u00f1os - Converses a Catalunya<\/title>\n<meta name=\"description\" content=\"El mercado del alquiler inmobiliario en Espa\u00f1a se ha duplicado en s\u00f3lo 5 a\u00f1os. La pandemia podr\u00eda alterar el crecimiento alcista\" \/>\n<meta name=\"robots\" content=\"index, follow, max-snippet:-1, max-image-preview:large, max-video-preview:-1\" \/>\n<link rel=\"canonical\" href=\"https:\/\/conversesacatalunya.cat\/es\/el-alquiler-dobla-su-precio-en-cinco-anos\/\" \/>\n<meta property=\"og:locale\" content=\"es_ES\" \/>\n<meta property=\"og:type\" content=\"article\" \/>\n<meta property=\"og:title\" content=\"El alquiler dobla su precio en cinco a\u00f1os - Converses a Catalunya\" \/>\n<meta property=\"og:description\" content=\"El mercado del alquiler inmobiliario en Espa\u00f1a se ha duplicado en s\u00f3lo 5 a\u00f1os. La pandemia podr\u00eda alterar el crecimiento alcista\" \/>\n<meta property=\"og:url\" content=\"https:\/\/conversesacatalunya.cat\/es\/el-alquiler-dobla-su-precio-en-cinco-anos\/\" \/>\n<meta property=\"og:site_name\" content=\"Converses a Catalunya\" \/>\n<meta property=\"article:published_time\" content=\"2020-09-04T09:44:04+00:00\" \/>\n<meta property=\"article:modified_time\" content=\"2020-09-04T09:44:55+00:00\" \/>\n<meta property=\"og:image\" content=\"https:\/\/conversesacatalunya.cat\/wp-content\/uploads\/2020\/09\/Capture-1.png\" \/>\n\t<meta property=\"og:image:width\" content=\"1103\" \/>\n\t<meta property=\"og:image:height\" content=\"732\" \/>\n\t<meta property=\"og:image:type\" content=\"image\/png\" \/>\n<meta name=\"author\" content=\"conversesacatalunya\" \/>\n<meta name=\"twitter:card\" content=\"summary_large_image\" \/>\n<meta name=\"twitter:label1\" content=\"Escrito por\" \/>\n\t<meta name=\"twitter:data1\" content=\"conversesacatalunya\" \/>\n\t<meta name=\"twitter:label2\" content=\"Tiempo de lectura\" \/>\n\t<meta name=\"twitter:data2\" content=\"2 minutos\" \/>\n<script type=\"application\/ld+json\" class=\"yoast-schema-graph\">{\"@context\":\"https:\/\/schema.org\",\"@graph\":[{\"@type\":\"Article\",\"@id\":\"https:\/\/conversesacatalunya.cat\/es\/el-alquiler-dobla-su-precio-en-cinco-anos\/#article\",\"isPartOf\":{\"@id\":\"https:\/\/conversesacatalunya.cat\/es\/el-alquiler-dobla-su-precio-en-cinco-anos\/\"},\"author\":{\"name\":\"conversesacatalunya\",\"@id\":\"https:\/\/conversesacatalunya.cat\/#\/schema\/person\/a7a9496a363cd9847daf7cd659d92e64\"},\"headline\":\"El alquiler dobla su precio en cinco a\u00f1os\",\"datePublished\":\"2020-09-04T09:44:04+00:00\",\"dateModified\":\"2020-09-04T09:44:55+00:00\",\"mainEntityOfPage\":{\"@id\":\"https:\/\/conversesacatalunya.cat\/es\/el-alquiler-dobla-su-precio-en-cinco-anos\/\"},\"wordCount\":464,\"commentCount\":0,\"image\":{\"@id\":\"https:\/\/conversesacatalunya.cat\/es\/el-alquiler-dobla-su-precio-en-cinco-anos\/#primaryimage\"},\"thumbnailUrl\":\"https:\/\/conversesacatalunya.cat\/wp-content\/uploads\/2020\/09\/Capture-1.png\",\"keywords\":[\"Precios alquiler\"],\"articleSection\":[\"Punts clau del dia (ES)\"],\"inLanguage\":\"es\",\"potentialAction\":[{\"@type\":\"CommentAction\",\"name\":\"Comment\",\"target\":[\"https:\/\/conversesacatalunya.cat\/es\/el-alquiler-dobla-su-precio-en-cinco-anos\/#respond\"]}]},{\"@type\":\"WebPage\",\"@id\":\"https:\/\/conversesacatalunya.cat\/es\/el-alquiler-dobla-su-precio-en-cinco-anos\/\",\"url\":\"https:\/\/conversesacatalunya.cat\/es\/el-alquiler-dobla-su-precio-en-cinco-anos\/\",\"name\":\"El alquiler dobla su precio en cinco a\u00f1os - Converses a Catalunya\",\"isPartOf\":{\"@id\":\"https:\/\/conversesacatalunya.cat\/#website\"},\"primaryImageOfPage\":{\"@id\":\"https:\/\/conversesacatalunya.cat\/es\/el-alquiler-dobla-su-precio-en-cinco-anos\/#primaryimage\"},\"image\":{\"@id\":\"https:\/\/conversesacatalunya.cat\/es\/el-alquiler-dobla-su-precio-en-cinco-anos\/#primaryimage\"},\"thumbnailUrl\":\"https:\/\/conversesacatalunya.cat\/wp-content\/uploads\/2020\/09\/Capture-1.png\",\"datePublished\":\"2020-09-04T09:44:04+00:00\",\"dateModified\":\"2020-09-04T09:44:55+00:00\",\"author\":{\"@id\":\"https:\/\/conversesacatalunya.cat\/#\/schema\/person\/a7a9496a363cd9847daf7cd659d92e64\"},\"description\":\"El mercado del alquiler inmobiliario en Espa\u00f1a se ha duplicado en s\u00f3lo 5 a\u00f1os. La pandemia podr\u00eda alterar el crecimiento alcista\",\"breadcrumb\":{\"@id\":\"https:\/\/conversesacatalunya.cat\/es\/el-alquiler-dobla-su-precio-en-cinco-anos\/#breadcrumb\"},\"inLanguage\":\"es\",\"potentialAction\":[{\"@type\":\"ReadAction\",\"target\":[\"https:\/\/conversesacatalunya.cat\/es\/el-alquiler-dobla-su-precio-en-cinco-anos\/\"]}]},{\"@type\":\"ImageObject\",\"inLanguage\":\"es\",\"@id\":\"https:\/\/conversesacatalunya.cat\/es\/el-alquiler-dobla-su-precio-en-cinco-anos\/#primaryimage\",\"url\":\"https:\/\/conversesacatalunya.cat\/wp-content\/uploads\/2020\/09\/Capture-1.png\",\"contentUrl\":\"https:\/\/conversesacatalunya.cat\/wp-content\/uploads\/2020\/09\/Capture-1.png\",\"width\":1103,\"height\":732,\"caption\":\"lloguer\"},{\"@type\":\"BreadcrumbList\",\"@id\":\"https:\/\/conversesacatalunya.cat\/es\/el-alquiler-dobla-su-precio-en-cinco-anos\/#breadcrumb\",\"itemListElement\":[{\"@type\":\"ListItem\",\"position\":1,\"name\":\"Inici\",\"item\":\"https:\/\/conversesacatalunya.cat\/es\/\"},{\"@type\":\"ListItem\",\"position\":2,\"name\":\"El alquiler dobla su precio en cinco a\u00f1os\"}]},{\"@type\":\"WebSite\",\"@id\":\"https:\/\/conversesacatalunya.cat\/#website\",\"url\":\"https:\/\/conversesacatalunya.cat\/\",\"name\":\"Converses a Catalunya\",\"description\":\"\",\"potentialAction\":[{\"@type\":\"SearchAction\",\"target\":{\"@type\":\"EntryPoint\",\"urlTemplate\":\"https:\/\/conversesacatalunya.cat\/?s={search_term_string}\"},\"query-input\":{\"@type\":\"PropertyValueSpecification\",\"valueRequired\":true,\"valueName\":\"search_term_string\"}}],\"inLanguage\":\"es\"},{\"@type\":\"Person\",\"@id\":\"https:\/\/conversesacatalunya.cat\/#\/schema\/person\/a7a9496a363cd9847daf7cd659d92e64\",\"name\":\"conversesacatalunya\",\"image\":{\"@type\":\"ImageObject\",\"inLanguage\":\"es\",\"@id\":\"https:\/\/conversesacatalunya.cat\/#\/schema\/person\/image\/\",\"url\":\"https:\/\/conversesacatalunya.cat\/wp-content\/litespeed\/avatar\/ff91582b44ff9c880dc9c5ac2f5c7e89.jpg?ver=1777372947\",\"contentUrl\":\"https:\/\/conversesacatalunya.cat\/wp-content\/litespeed\/avatar\/ff91582b44ff9c880dc9c5ac2f5c7e89.jpg?ver=1777372947\",\"caption\":\"conversesacatalunya\"},\"url\":\"https:\/\/conversesacatalunya.cat\/es\/author\/francisco_garcia\/\"}]}<\/script>\n<!-- \/ Yoast SEO plugin. -->","yoast_head_json":{"title":"El alquiler dobla su precio en cinco a\u00f1os - Converses a Catalunya","description":"El mercado del alquiler inmobiliario en Espa\u00f1a se ha duplicado en s\u00f3lo 5 a\u00f1os. La pandemia podr\u00eda alterar el crecimiento alcista","robots":{"index":"index","follow":"follow","max-snippet":"max-snippet:-1","max-image-preview":"max-image-preview:large","max-video-preview":"max-video-preview:-1"},"canonical":"https:\/\/conversesacatalunya.cat\/es\/el-alquiler-dobla-su-precio-en-cinco-anos\/","og_locale":"es_ES","og_type":"article","og_title":"El alquiler dobla su precio en cinco a\u00f1os - Converses a Catalunya","og_description":"El mercado del alquiler inmobiliario en Espa\u00f1a se ha duplicado en s\u00f3lo 5 a\u00f1os. La pandemia podr\u00eda alterar el crecimiento alcista","og_url":"https:\/\/conversesacatalunya.cat\/es\/el-alquiler-dobla-su-precio-en-cinco-anos\/","og_site_name":"Converses a Catalunya","article_published_time":"2020-09-04T09:44:04+00:00","article_modified_time":"2020-09-04T09:44:55+00:00","og_image":[{"width":1103,"height":732,"url":"https:\/\/conversesacatalunya.cat\/wp-content\/uploads\/2020\/09\/Capture-1.png","type":"image\/png"}],"author":"conversesacatalunya","twitter_card":"summary_large_image","twitter_misc":{"Escrito por":"conversesacatalunya","Tiempo de lectura":"2 minutos"},"schema":{"@context":"https:\/\/schema.org","@graph":[{"@type":"Article","@id":"https:\/\/conversesacatalunya.cat\/es\/el-alquiler-dobla-su-precio-en-cinco-anos\/#article","isPartOf":{"@id":"https:\/\/conversesacatalunya.cat\/es\/el-alquiler-dobla-su-precio-en-cinco-anos\/"},"author":{"name":"conversesacatalunya","@id":"https:\/\/conversesacatalunya.cat\/#\/schema\/person\/a7a9496a363cd9847daf7cd659d92e64"},"headline":"El alquiler dobla su precio en cinco a\u00f1os","datePublished":"2020-09-04T09:44:04+00:00","dateModified":"2020-09-04T09:44:55+00:00","mainEntityOfPage":{"@id":"https:\/\/conversesacatalunya.cat\/es\/el-alquiler-dobla-su-precio-en-cinco-anos\/"},"wordCount":464,"commentCount":0,"image":{"@id":"https:\/\/conversesacatalunya.cat\/es\/el-alquiler-dobla-su-precio-en-cinco-anos\/#primaryimage"},"thumbnailUrl":"https:\/\/conversesacatalunya.cat\/wp-content\/uploads\/2020\/09\/Capture-1.png","keywords":["Precios alquiler"],"articleSection":["Punts clau del dia (ES)"],"inLanguage":"es","potentialAction":[{"@type":"CommentAction","name":"Comment","target":["https:\/\/conversesacatalunya.cat\/es\/el-alquiler-dobla-su-precio-en-cinco-anos\/#respond"]}]},{"@type":"WebPage","@id":"https:\/\/conversesacatalunya.cat\/es\/el-alquiler-dobla-su-precio-en-cinco-anos\/","url":"https:\/\/conversesacatalunya.cat\/es\/el-alquiler-dobla-su-precio-en-cinco-anos\/","name":"El alquiler dobla su precio en cinco a\u00f1os - Converses a Catalunya","isPartOf":{"@id":"https:\/\/conversesacatalunya.cat\/#website"},"primaryImageOfPage":{"@id":"https:\/\/conversesacatalunya.cat\/es\/el-alquiler-dobla-su-precio-en-cinco-anos\/#primaryimage"},"image":{"@id":"https:\/\/conversesacatalunya.cat\/es\/el-alquiler-dobla-su-precio-en-cinco-anos\/#primaryimage"},"thumbnailUrl":"https:\/\/conversesacatalunya.cat\/wp-content\/uploads\/2020\/09\/Capture-1.png","datePublished":"2020-09-04T09:44:04+00:00","dateModified":"2020-09-04T09:44:55+00:00","author":{"@id":"https:\/\/conversesacatalunya.cat\/#\/schema\/person\/a7a9496a363cd9847daf7cd659d92e64"},"description":"El mercado del alquiler inmobiliario en Espa\u00f1a se ha duplicado en s\u00f3lo 5 a\u00f1os. La pandemia podr\u00eda alterar el crecimiento alcista","breadcrumb":{"@id":"https:\/\/conversesacatalunya.cat\/es\/el-alquiler-dobla-su-precio-en-cinco-anos\/#breadcrumb"},"inLanguage":"es","potentialAction":[{"@type":"ReadAction","target":["https:\/\/conversesacatalunya.cat\/es\/el-alquiler-dobla-su-precio-en-cinco-anos\/"]}]},{"@type":"ImageObject","inLanguage":"es","@id":"https:\/\/conversesacatalunya.cat\/es\/el-alquiler-dobla-su-precio-en-cinco-anos\/#primaryimage","url":"https:\/\/conversesacatalunya.cat\/wp-content\/uploads\/2020\/09\/Capture-1.png","contentUrl":"https:\/\/conversesacatalunya.cat\/wp-content\/uploads\/2020\/09\/Capture-1.png","width":1103,"height":732,"caption":"lloguer"},{"@type":"BreadcrumbList","@id":"https:\/\/conversesacatalunya.cat\/es\/el-alquiler-dobla-su-precio-en-cinco-anos\/#breadcrumb","itemListElement":[{"@type":"ListItem","position":1,"name":"Inici","item":"https:\/\/conversesacatalunya.cat\/es\/"},{"@type":"ListItem","position":2,"name":"El alquiler dobla su precio en cinco a\u00f1os"}]},{"@type":"WebSite","@id":"https:\/\/conversesacatalunya.cat\/#website","url":"https:\/\/conversesacatalunya.cat\/","name":"Converses a Catalunya","description":"","potentialAction":[{"@type":"SearchAction","target":{"@type":"EntryPoint","urlTemplate":"https:\/\/conversesacatalunya.cat\/?s={search_term_string}"},"query-input":{"@type":"PropertyValueSpecification","valueRequired":true,"valueName":"search_term_string"}}],"inLanguage":"es"},{"@type":"Person","@id":"https:\/\/conversesacatalunya.cat\/#\/schema\/person\/a7a9496a363cd9847daf7cd659d92e64","name":"conversesacatalunya","image":{"@type":"ImageObject","inLanguage":"es","@id":"https:\/\/conversesacatalunya.cat\/#\/schema\/person\/image\/","url":"https:\/\/conversesacatalunya.cat\/wp-content\/litespeed\/avatar\/ff91582b44ff9c880dc9c5ac2f5c7e89.jpg?ver=1777372947","contentUrl":"https:\/\/conversesacatalunya.cat\/wp-content\/litespeed\/avatar\/ff91582b44ff9c880dc9c5ac2f5c7e89.jpg?ver=1777372947","caption":"conversesacatalunya"},"url":"https:\/\/conversesacatalunya.cat\/es\/author\/francisco_garcia\/"}]}},"wps_subtitle":"El mercado del alquiler inmobiliario en Espa\u00f1a se ha duplicado en s\u00f3lo 5 a\u00f1os. Ahora bien, la situaci\u00f3n actual de epidemia podr\u00eda alterar el crecimiento alcista","_links":{"self":[{"href":"https:\/\/conversesacatalunya.cat\/es\/wp-json\/wp\/v2\/posts\/39795","targetHints":{"allow":["GET"]}}],"collection":[{"href":"https:\/\/conversesacatalunya.cat\/es\/wp-json\/wp\/v2\/posts"}],"about":[{"href":"https:\/\/conversesacatalunya.cat\/es\/wp-json\/wp\/v2\/types\/post"}],"author":[{"embeddable":true,"href":"https:\/\/conversesacatalunya.cat\/es\/wp-json\/wp\/v2\/users\/20"}],"replies":[{"embeddable":true,"href":"https:\/\/conversesacatalunya.cat\/es\/wp-json\/wp\/v2\/comments?post=39795"}],"version-history":[{"count":3,"href":"https:\/\/conversesacatalunya.cat\/es\/wp-json\/wp\/v2\/posts\/39795\/revisions"}],"predecessor-version":[{"id":39798,"href":"https:\/\/conversesacatalunya.cat\/es\/wp-json\/wp\/v2\/posts\/39795\/revisions\/39798"}],"wp:featuredmedia":[{"embeddable":true,"href":"https:\/\/conversesacatalunya.cat\/es\/wp-json\/wp\/v2\/media\/39781"}],"wp:attachment":[{"href":"https:\/\/conversesacatalunya.cat\/es\/wp-json\/wp\/v2\/media?parent=39795"}],"wp:term":[{"taxonomy":"category","embeddable":true,"href":"https:\/\/conversesacatalunya.cat\/es\/wp-json\/wp\/v2\/categories?post=39795"},{"taxonomy":"post_tag","embeddable":true,"href":"https:\/\/conversesacatalunya.cat\/es\/wp-json\/wp\/v2\/tags?post=39795"}],"curies":[{"name":"wp","href":"https:\/\/api.w.org\/{rel}","templated":true}]}}