{"id":39770,"date":"2020-09-03T12:54:51","date_gmt":"2020-09-03T10:54:51","guid":{"rendered":"https:\/\/conversesacatalunya.cat\/canvis-de-fons-en-la-situacio-politica-catalana\/"},"modified":"2020-09-03T16:10:55","modified_gmt":"2020-09-03T14:10:55","slug":"cambios-de-fondo-en-la-situacion-politica-catalana","status":"publish","type":"post","link":"https:\/\/conversesacatalunya.cat\/es\/cambios-de-fondo-en-la-situacion-politica-catalana\/","title":{"rendered":"Cambios de fondo en la situaci\u00f3n pol\u00edtica catalana"},"content":{"rendered":"<p>Hay cambios de fondo en la situaci\u00f3n pol\u00edtica catalana de una dimensi\u00f3n mayor. La cuesti\u00f3n es que no acabar\u00e1n de percibirse en toda su entidad hasta <strong>despu\u00e9s de las<a href=\"https:\/\/conversesacatalunya.cat\/es\/y-si-no-hay-elecciones\/\" target=\"_blank\" rel=\"noopener noreferrer\"> elecciones al Parlamento<\/a><\/strong>, se hagan cuando se hagan.<\/p>\n<p>Para empezar, estrenamos un <strong>tripartito<\/strong> formado de manera insospechada, donde junto con ERC y el partido de Puigdemont, de nombre a\u00fan en discusi\u00f3n, aparece una consejera, s\u00f3lo uno, el de Empresa y Conocimiento, \u00c1ngeles Chac\u00f3n. Las opciones independentistas han pasado de momento a ser cuatro, dos radicales, la CUP y Puigdemont, y tres m\u00e1s o menos matizadas, ERC, PDeCAT y PNC. Asimismo, lo que fue la primera fuerza pol\u00edtica, Cs, ha demostrado que era el sue\u00f1o de una noche de verano, por lo tanto de corta duraci\u00f3n. Ahora sus votos se deshacen en varias opciones, hacia el PP y VOX, hacia el PSC y sobre todo medio mill\u00f3n que se van a la abstenci\u00f3n y que se sienten hu\u00e9rfanos de representaci\u00f3n. B\u00e1sicamente son antiguos votantes de CiU que se refugiaron en Cs.<\/p>\n<p>El independentismo, por tanto, aparece m\u00e1s dividido que nunca y sin ser capaz de presentar un proyecto para el pa\u00eds en unos momentos cruciales, en los que adem\u00e1s se hace patente la decadencia largamente forjada por circunstancias ajenas y por errores propios. Ahora se paga la consecuencia, entre otras cosas, del <a href=\"https:\/\/conversesacatalunya.cat\/es\/barcelona-no-se-recupera-a-diferencia-del-resto-de-grandes-capitales\/\" target=\"_blank\" rel=\"noopener noreferrer\"><strong>error de haber optado en la segunda mitad del siglo pasado por el turismo<\/strong><\/a>, en lugar de apostar m\u00e1s fuerte por el desarrollo industrial, como hicieron nuestros equivalentes en el norte de Italia. Por esta raz\u00f3n, Catalu\u00f1a puede transformar esta lenta decadencia en una ca\u00edda importante, hist\u00f3rica, y por ello necesita m\u00e1s que nunca un nuevo proyecto, pero que ni unos ni otros son capaces de poner sobre la mesa m\u00e1s all\u00e1 de discursos huecos o grandes perdigonazos. Ahora necesitar\u00edamos la cordura de un<strong> Prat de la Riba<\/strong> que no tenemos, o que al menos no se hace visible.<\/p>\n<p>Todo ello, la pandemia, las crisis acumuladas, la fatiga del <em>proc\u00e9s<\/em>, distancia a la gente de la pol\u00edtica. El resultado de todo ello ser\u00e1 <strong>previsiblemente una disminuci\u00f3n de la participaci\u00f3n electoral<\/strong> en las elecciones catalanas. Lo m\u00e1s probable es que su afectaci\u00f3n sea asim\u00e9trica y se haga sentir m\u00e1s entre el votante independentista que no ve salida a la situaci\u00f3n, porque la oposici\u00f3n ha sido incapaz, a lo largo de todo este tiempo, de hacer un planteamiento compartido m\u00ednimamente coherente m\u00e1s all\u00e1 de sus pugnas partidistas.<\/p>\n<p>En este sentido, la responsabilidad del <strong>PSC<\/strong> es grande, porque al ser la principal fuerza en este \u00e1mbito, en lugar de apostar por hacer de eje, ha jugado a un tacticismo exacerbado para conseguir acceso al poder, presupuestos y puestos de trabajo, que parece que es su principal causa. Ha pactado con Ada Colau en el Ayuntamiento de Barcelona, \u200b\u200by Collboni ha demostrado que es incapaz de canalizar una gesti\u00f3n tan negativa y partidista como la que hace la alcaldesa, a la vez ha pactado con el tercer presupuesto de Catalu\u00f1a, es decir, la Diputaci\u00f3n de Barcelona, \u200b\u200bcon JxCat, el partido de Puigdemont, el m\u00e1s radical de todos, desbancando a ERC. Pero al mismo tiempo, en relaci\u00f3n con Madrid pacta con ERC y si puede con Bildu, pero all\u00ed tambi\u00e9n festeja con Cs con quienes aqu\u00ed les rechaza el pan y la sal, mientras se asegura tambi\u00e9n participar en el poder en el Pa\u00eds Vasco renovando su pacto con el partido nacionalista. En definitiva, es l\u00f3gico que muchas personas se pregunten <strong>qu\u00e9 votan cuando votan al PSC<\/strong>, porque seg\u00fan el momento y el lugar el resultado puede ser absolutamente contradictorio. Es dif\u00edcil que una situaci\u00f3n de este tipo aporte estabilidad a un pa\u00eds.<\/p>\n<p>La rotura del <strong>PDeCAT<\/strong> con Puigdemont, si se acaba traduciendo en opciones electorales diferentes y no hace una alianza con el <strong>PNC<\/strong>, perjudicar\u00e1 notablemente las perspectivas electorales de estos \u00faltimos porque ambas opciones, muy similares, se disputar\u00e1n una misma franja de voto que no es demasiado grande. Detr\u00e1s del escenario, Artur Mas y su alargada mano se prepara para la hip\u00f3tesis de recoger los desechos despu\u00e9s de las pr\u00f3ximas elecciones, que todo apunta a que desgraciadamente ser\u00e1n de transici\u00f3n en lugar de dar paso a un nuevo y vigoroso escenario pol\u00edtico. Mas se presentar\u00eda como soluci\u00f3n de haber sido la principal causa del problema, confiando en la debilidad de la memoria del pa\u00eds.<\/p>\n<p>Y mientras, el <a href=\"https:\/\/conversesacatalunya.cat\/es\/urgimos-al-catalanismo-a-constituir-un-centro-amplio-como-clara-opcion-electoral\/\" target=\"_blank\" rel=\"noopener noreferrer\"><strong>catalanismo pol\u00edtico<\/strong><\/a> no acaba de encontrar el arranque necesario para hacerse presente con fuerza y \u200b\u200besperanza en el escenario pol\u00edtico.<\/p>\n<p>El resultado electoral puede ser francamente enga\u00f1oso, porque la baja participaci\u00f3n puede dar como resultado que el independentismo por primera vez saque una mayor\u00eda de votos, a pesar de obtener un resultado claramente m\u00e1s d\u00e9bil que en las elecciones precedentes.<\/p>\n<p>Todo ello define un escenario pol\u00edticamente inestable, desequilibrado, sobre un terreno econ\u00f3mico y social fracturado y en crisis. Si nada cambia, las pr\u00f3ximas elecciones poco resolver\u00e1n, y la verdadera historia comenzar\u00e1 al d\u00eda siguiente.<\/p>\n<span class='bctt-click-to-tweet'><span class='bctt-ctt-text'><a href='https:\/\/twitter.com\/intent\/tweet?url=https%3A%2F%2Fconversesacatalunya.cat%2Fes%2Fcambios-de-fondo-en-la-situacion-politica-catalana%2F&#038;text=El%20independentismo%20aparece%20m%C3%A1s%20dividido%20que%20nunca%20y%20sin%20ser%20capaz%20de%20presentar%20un%20proyecto%20para%20el%20pa%C3%ADs%20en%20unos%20momentos%20cruciales&#038;via=conversesacat&#038;related=conversesacat' target='_blank'rel=\"noopener noreferrer\">El independentismo aparece m\u00e1s dividido que nunca y sin ser capaz de presentar un proyecto para el pa\u00eds en unos momentos cruciales <\/a><\/span><a href='https:\/\/twitter.com\/intent\/tweet?url=https%3A%2F%2Fconversesacatalunya.cat%2Fes%2Fcambios-de-fondo-en-la-situacion-politica-catalana%2F&#038;text=El%20independentismo%20aparece%20m%C3%A1s%20dividido%20que%20nunca%20y%20sin%20ser%20capaz%20de%20presentar%20un%20proyecto%20para%20el%20pa%C3%ADs%20en%20unos%20momentos%20cruciales&#038;via=conversesacat&#038;related=conversesacat' target='_blank' class='bctt-ctt-btn'rel=\"noopener noreferrer\">Compartir en X<\/a><\/span>\n<div id=\"polls-64\" class=\"wp-polls\">\n\t<form id=\"polls_form_64\" class=\"wp-polls-form\" action=\"\/index.php\" method=\"post\">\n\t\t<p style=\"display: none;\"><input type=\"hidden\" id=\"poll_64_nonce\" name=\"wp-polls-nonce\" value=\"040a59309f\" \/><\/p>\n\t\t<p style=\"display: none;\"><input type=\"hidden\" name=\"poll_id\" value=\"64\" \/><\/p>\n\t\t<p style=\"display: none;\"><input type=\"hidden\" id=\"poll_multiple_ans_64\" name=\"poll_multiple_ans_64\" value=\"2\" \/><\/p>\n\t\t<p style=\"text-align: center\"><strong>Enguany, on passareu o heu passat les vacances d'estiu?<\/strong><\/p><div id=\"polls-64-ans\" class=\"wp-polls-ans\"><ul class=\"wp-polls-ul\">\n\t\t<li><input type=\"checkbox\" id=\"poll-answer-136\" name=\"poll_64\" value=\"136\" \/> <label for=\"poll-answer-136\">A casa<\/label><\/li>\n\t\t<li><input type=\"checkbox\" id=\"poll-answer-137\" name=\"poll_64\" value=\"137\" \/> <label for=\"poll-answer-137\">A Catalunya<\/label><\/li>\n\t\t<li><input type=\"checkbox\" id=\"poll-answer-138\" name=\"poll_64\" value=\"138\" \/> <label for=\"poll-answer-138\">A Espanya<\/label><\/li>\n\t\t<li><input type=\"checkbox\" id=\"poll-answer-139\" name=\"poll_64\" value=\"139\" \/> <label for=\"poll-answer-139\">A l'estranger<\/label><\/li>\n\t\t<\/ul><p style=\"text-align: center\"><input type=\"button\" name=\"vote\" value=\"   Vota   \" class=\"Buttons\" onclick=\"poll_vote(64);\" \/><\/p><p style=\"text-align: center\"><a href=\"#ViewPollResults\" onclick=\"poll_result(64); return false;\" title=\"View Results Of This Poll\">Mira els resultats<\/a><\/p><\/div>\n\t<\/form>\n<\/div>\n<div id=\"polls-64-loading\" class=\"wp-polls-loading\"><img decoding=\"async\" data-src=\"https:\/\/conversesacatalunya.cat\/wp-content\/plugins\/wp-polls\/images\/loading.gif\" width=\"16\" height=\"16\" alt=\"Cargando ...\" title=\"Cargando ...\" class=\"wp-polls-image lazyload\" src=\"data:image\/svg+xml;base64,PHN2ZyB3aWR0aD0iMSIgaGVpZ2h0PSIxIiB4bWxucz0iaHR0cDovL3d3dy53My5vcmcvMjAwMC9zdmciPjwvc3ZnPg==\" style=\"--smush-placeholder-width: 16px; --smush-placeholder-aspect-ratio: 16\/16;\" \/>&nbsp;Cargando ...<\/div>\n\n","protected":false},"excerpt":{"rendered":"<p>Hay cambios de fondo en la situaci\u00f3n pol\u00edtica catalana de una dimensi\u00f3n mayor. La cuesti\u00f3n es que no acabar\u00e1n de percibirse en toda su entidad hasta despu\u00e9s de las elecciones al Parlamento, se hagan cuando se hagan. Para empezar, estrenamos un tripartito formado de manera insospechada, donde junto con ERC y el partido de Puigdemont, de nombre a\u00fan en discusi\u00f3n, aparece una consejera, s\u00f3lo uno, el de Empresa y Conocimiento, \u00c1ngeles Chac\u00f3n. Las opciones independentistas han pasado de momento a ser cuatro, dos radicales, la CUP y Puigdemont, y tres m\u00e1s o menos matizadas, ERC, PDeCAT y PNC. Asimismo, lo que fue la primera fuerza pol\u00edtica, Cs, ha demostrado que era el sue\u00f1o de una noche de verano, por lo tanto de corta duraci\u00f3n. Ahora sus votos se deshacen en varias opciones, hacia el PP y VOX, hacia el PSC y sobre todo medio mill\u00f3n que se van a la abstenci\u00f3n y que se sienten hu\u00e9rfanos de representaci\u00f3n. B\u00e1sicamente son antiguos votantes de CiU que se refugiaron en Cs. El independentismo, por tanto, aparece m\u00e1s dividido que nunca y sin ser capaz de presentar un proyecto para el pa\u00eds en unos momentos cruciales, en los que adem\u00e1s se hace patente la decadencia largamente forjada por circunstancias ajenas y por errores propios. Ahora se paga la consecuencia, entre otras cosas, del error de haber optado en la segunda mitad del siglo pasado por el turismo, en lugar de apostar m\u00e1s fuerte por el desarrollo industrial, como hicieron nuestros equivalentes en el norte de Italia. Por esta raz\u00f3n, Catalu\u00f1a puede transformar esta lenta decadencia en una ca\u00edda importante, hist\u00f3rica, y por ello necesita m\u00e1s que nunca un nuevo proyecto, pero que ni unos ni otros son capaces de poner sobre la mesa m\u00e1s all\u00e1 de discursos huecos o grandes perdigonazos. Ahora necesitar\u00edamos la cordura de un Prat de la Riba que no tenemos, o que al menos no se hace visible. Todo ello, la pandemia, las crisis acumuladas, la fatiga del proc\u00e9s, distancia a la gente de la pol\u00edtica. El resultado de todo ello ser\u00e1 previsiblemente una disminuci\u00f3n de la participaci\u00f3n electoral en las elecciones catalanas. Lo m\u00e1s probable es que su afectaci\u00f3n sea asim\u00e9trica y se haga sentir m\u00e1s entre el votante independentista que no ve salida a la situaci\u00f3n, porque la oposici\u00f3n ha sido incapaz, a lo largo de todo este tiempo, de hacer un planteamiento compartido m\u00ednimamente coherente m\u00e1s all\u00e1 de sus pugnas partidistas. En este sentido, la responsabilidad del PSC es grande, porque al ser la principal fuerza en este \u00e1mbito, en lugar de apostar por hacer de eje, ha jugado a un tacticismo exacerbado para conseguir acceso al poder, presupuestos y puestos de trabajo, que parece que es su principal causa. Ha pactado con Ada Colau en el Ayuntamiento de Barcelona, \u200b\u200by Collboni ha demostrado que es incapaz de canalizar una gesti\u00f3n tan negativa y partidista como la que hace la alcaldesa, a la vez ha pactado con el tercer presupuesto de Catalu\u00f1a, es decir, la Diputaci\u00f3n de Barcelona, \u200b\u200bcon JxCat, el partido de Puigdemont, el m\u00e1s radical de todos, desbancando a ERC. Pero al mismo tiempo, en relaci\u00f3n con Madrid pacta con ERC y si puede con Bildu, pero all\u00ed tambi\u00e9n festeja con Cs con quienes aqu\u00ed les rechaza el pan y la sal, mientras se asegura tambi\u00e9n participar en el poder en el Pa\u00eds Vasco renovando su pacto con el partido nacionalista. En definitiva, es l\u00f3gico que muchas personas se pregunten qu\u00e9 votan cuando votan al PSC, porque seg\u00fan el momento y el lugar el resultado puede ser absolutamente contradictorio. Es dif\u00edcil que una situaci\u00f3n de este tipo aporte estabilidad a un pa\u00eds. La rotura del PDeCAT con Puigdemont, si se acaba traduciendo en opciones electorales diferentes y no hace una alianza con el PNC, perjudicar\u00e1 notablemente las perspectivas electorales de estos \u00faltimos porque ambas opciones, muy similares, se disputar\u00e1n una misma franja de voto que no es demasiado grande. Detr\u00e1s del escenario, Artur Mas y su alargada mano se prepara para la hip\u00f3tesis de recoger los desechos despu\u00e9s de las pr\u00f3ximas elecciones, que todo apunta a que desgraciadamente ser\u00e1n de transici\u00f3n en lugar de dar paso a un nuevo y vigoroso escenario pol\u00edtico. Mas se presentar\u00eda como soluci\u00f3n de haber sido la principal causa del problema, confiando en la debilidad de la memoria del pa\u00eds. Y mientras, el catalanismo pol\u00edtico no acaba de encontrar el arranque necesario para hacerse presente con fuerza y \u200b\u200besperanza en el escenario pol\u00edtico. El resultado electoral puede ser francamente enga\u00f1oso, porque la baja participaci\u00f3n puede dar como resultado que el independentismo por primera vez saque una mayor\u00eda de votos, a pesar de obtener un resultado claramente m\u00e1s d\u00e9bil que en las elecciones precedentes. Todo ello define un escenario pol\u00edticamente inestable, desequilibrado, sobre un terreno econ\u00f3mico y social fracturado y en crisis. Si nada cambia, las pr\u00f3ximas elecciones poco resolver\u00e1n, y la verdadera historia comenzar\u00e1 al d\u00eda siguiente.<\/p>\n","protected":false},"author":2,"featured_media":39740,"comment_status":"open","ping_status":"open","sticky":false,"template":"","format":"standard","meta":{"_FSMCFIC_featured_image_caption":"","_FSMCFIC_featured_image_nocaption":"","_FSMCFIC_featured_image_hide":"","footnotes":""},"categories":[806],"tags":[1172,1525],"class_list":["post-39770","post","type-post","status-publish","format-standard","has-post-thumbnail","hentry","category-punts-claus-del-dia-es","tag-catalanismo","tag-elecciones-anticipadas"],"yoast_head":"<!-- This site is optimized with the Yoast SEO plugin v26.8 - https:\/\/yoast.com\/product\/yoast-seo-wordpress\/ -->\n<title>Cambios de fondo en la situaci\u00f3n pol\u00edtica catalana - Converses a Catalunya<\/title>\n<meta name=\"description\" content=\"El independentismo aparece m\u00e1s dividido que nunca y sin ser capaz de presentar un proyecto para el pa\u00eds en unos momentos cruciales\" \/>\n<meta name=\"robots\" content=\"index, follow, max-snippet:-1, max-image-preview:large, max-video-preview:-1\" \/>\n<link rel=\"canonical\" href=\"https:\/\/conversesacatalunya.cat\/es\/cambios-de-fondo-en-la-situacion-politica-catalana\/\" \/>\n<meta property=\"og:locale\" content=\"es_ES\" \/>\n<meta property=\"og:type\" content=\"article\" \/>\n<meta property=\"og:title\" content=\"Cambios de fondo en la situaci\u00f3n pol\u00edtica catalana - Converses a Catalunya\" \/>\n<meta property=\"og:description\" content=\"El independentismo aparece m\u00e1s dividido que nunca y sin ser capaz de presentar un proyecto para el pa\u00eds en unos momentos cruciales\" \/>\n<meta property=\"og:url\" content=\"https:\/\/conversesacatalunya.cat\/es\/cambios-de-fondo-en-la-situacion-politica-catalana\/\" \/>\n<meta property=\"og:site_name\" content=\"Converses a Catalunya\" \/>\n<meta property=\"article:published_time\" content=\"2020-09-03T10:54:51+00:00\" \/>\n<meta property=\"article:modified_time\" content=\"2020-09-03T14:10:55+00:00\" \/>\n<meta property=\"og:image\" content=\"https:\/\/conversesacatalunya.cat\/wp-content\/uploads\/2020\/09\/politica-catalana-1.jpg\" \/>\n\t<meta property=\"og:image:width\" content=\"600\" \/>\n\t<meta property=\"og:image:height\" content=\"400\" \/>\n\t<meta property=\"og:image:type\" content=\"image\/jpeg\" \/>\n<meta name=\"author\" content=\"conversesacatalunya\" \/>\n<meta name=\"twitter:card\" content=\"summary_large_image\" \/>\n<meta name=\"twitter:label1\" content=\"Escrito por\" \/>\n\t<meta name=\"twitter:data1\" content=\"conversesacatalunya\" \/>\n\t<meta name=\"twitter:label2\" content=\"Tiempo de lectura\" \/>\n\t<meta name=\"twitter:data2\" content=\"5 minutos\" \/>\n<script type=\"application\/ld+json\" class=\"yoast-schema-graph\">{\"@context\":\"https:\/\/schema.org\",\"@graph\":[{\"@type\":\"Article\",\"@id\":\"https:\/\/conversesacatalunya.cat\/es\/cambios-de-fondo-en-la-situacion-politica-catalana\/#article\",\"isPartOf\":{\"@id\":\"https:\/\/conversesacatalunya.cat\/es\/cambios-de-fondo-en-la-situacion-politica-catalana\/\"},\"author\":{\"name\":\"conversesacatalunya\",\"@id\":\"https:\/\/conversesacatalunya.cat\/#\/schema\/person\/7e24d1e54a2785373ddcb275eae5ed99\"},\"headline\":\"Cambios de fondo en la situaci\u00f3n pol\u00edtica catalana\",\"datePublished\":\"2020-09-03T10:54:51+00:00\",\"dateModified\":\"2020-09-03T14:10:55+00:00\",\"mainEntityOfPage\":{\"@id\":\"https:\/\/conversesacatalunya.cat\/es\/cambios-de-fondo-en-la-situacion-politica-catalana\/\"},\"wordCount\":936,\"commentCount\":1,\"image\":{\"@id\":\"https:\/\/conversesacatalunya.cat\/es\/cambios-de-fondo-en-la-situacion-politica-catalana\/#primaryimage\"},\"thumbnailUrl\":\"https:\/\/conversesacatalunya.cat\/wp-content\/uploads\/2020\/09\/politica-catalana-1.jpg\",\"keywords\":[\"catalanismo\",\"elecciones anticipadas\"],\"articleSection\":[\"Punts clau del dia (ES)\"],\"inLanguage\":\"es\",\"potentialAction\":[{\"@type\":\"CommentAction\",\"name\":\"Comment\",\"target\":[\"https:\/\/conversesacatalunya.cat\/es\/cambios-de-fondo-en-la-situacion-politica-catalana\/#respond\"]}]},{\"@type\":\"WebPage\",\"@id\":\"https:\/\/conversesacatalunya.cat\/es\/cambios-de-fondo-en-la-situacion-politica-catalana\/\",\"url\":\"https:\/\/conversesacatalunya.cat\/es\/cambios-de-fondo-en-la-situacion-politica-catalana\/\",\"name\":\"Cambios de fondo en la situaci\u00f3n pol\u00edtica catalana - Converses a Catalunya\",\"isPartOf\":{\"@id\":\"https:\/\/conversesacatalunya.cat\/#website\"},\"primaryImageOfPage\":{\"@id\":\"https:\/\/conversesacatalunya.cat\/es\/cambios-de-fondo-en-la-situacion-politica-catalana\/#primaryimage\"},\"image\":{\"@id\":\"https:\/\/conversesacatalunya.cat\/es\/cambios-de-fondo-en-la-situacion-politica-catalana\/#primaryimage\"},\"thumbnailUrl\":\"https:\/\/conversesacatalunya.cat\/wp-content\/uploads\/2020\/09\/politica-catalana-1.jpg\",\"datePublished\":\"2020-09-03T10:54:51+00:00\",\"dateModified\":\"2020-09-03T14:10:55+00:00\",\"author\":{\"@id\":\"https:\/\/conversesacatalunya.cat\/#\/schema\/person\/7e24d1e54a2785373ddcb275eae5ed99\"},\"description\":\"El independentismo aparece m\u00e1s dividido que nunca y sin ser capaz de presentar un proyecto para el pa\u00eds en unos momentos cruciales\",\"breadcrumb\":{\"@id\":\"https:\/\/conversesacatalunya.cat\/es\/cambios-de-fondo-en-la-situacion-politica-catalana\/#breadcrumb\"},\"inLanguage\":\"es\",\"potentialAction\":[{\"@type\":\"ReadAction\",\"target\":[\"https:\/\/conversesacatalunya.cat\/es\/cambios-de-fondo-en-la-situacion-politica-catalana\/\"]}]},{\"@type\":\"ImageObject\",\"inLanguage\":\"es\",\"@id\":\"https:\/\/conversesacatalunya.cat\/es\/cambios-de-fondo-en-la-situacion-politica-catalana\/#primaryimage\",\"url\":\"https:\/\/conversesacatalunya.cat\/wp-content\/uploads\/2020\/09\/politica-catalana-1.jpg\",\"contentUrl\":\"https:\/\/conversesacatalunya.cat\/wp-content\/uploads\/2020\/09\/politica-catalana-1.jpg\",\"width\":600,\"height\":400,\"caption\":\"pol\u00edtica catalana\"},{\"@type\":\"BreadcrumbList\",\"@id\":\"https:\/\/conversesacatalunya.cat\/es\/cambios-de-fondo-en-la-situacion-politica-catalana\/#breadcrumb\",\"itemListElement\":[{\"@type\":\"ListItem\",\"position\":1,\"name\":\"Inici\",\"item\":\"https:\/\/conversesacatalunya.cat\/es\/\"},{\"@type\":\"ListItem\",\"position\":2,\"name\":\"Cambios de fondo en la situaci\u00f3n pol\u00edtica catalana\"}]},{\"@type\":\"WebSite\",\"@id\":\"https:\/\/conversesacatalunya.cat\/#website\",\"url\":\"https:\/\/conversesacatalunya.cat\/\",\"name\":\"Converses a Catalunya\",\"description\":\"\",\"potentialAction\":[{\"@type\":\"SearchAction\",\"target\":{\"@type\":\"EntryPoint\",\"urlTemplate\":\"https:\/\/conversesacatalunya.cat\/?s={search_term_string}\"},\"query-input\":{\"@type\":\"PropertyValueSpecification\",\"valueRequired\":true,\"valueName\":\"search_term_string\"}}],\"inLanguage\":\"es\"},{\"@type\":\"Person\",\"@id\":\"https:\/\/conversesacatalunya.cat\/#\/schema\/person\/7e24d1e54a2785373ddcb275eae5ed99\",\"name\":\"conversesacatalunya\",\"image\":{\"@type\":\"ImageObject\",\"inLanguage\":\"es\",\"@id\":\"https:\/\/conversesacatalunya.cat\/#\/schema\/person\/image\/\",\"url\":\"https:\/\/conversesacatalunya.cat\/wp-content\/litespeed\/avatar\/febdfeeec89d950f01c748045a981dd2.jpg?ver=1777314535\",\"contentUrl\":\"https:\/\/conversesacatalunya.cat\/wp-content\/litespeed\/avatar\/febdfeeec89d950f01c748045a981dd2.jpg?ver=1777314535\",\"caption\":\"conversesacatalunya\"},\"url\":\"https:\/\/conversesacatalunya.cat\/es\/author\/carme_catala\/\"}]}<\/script>\n<!-- \/ Yoast SEO plugin. -->","yoast_head_json":{"title":"Cambios de fondo en la situaci\u00f3n pol\u00edtica catalana - Converses a Catalunya","description":"El independentismo aparece m\u00e1s dividido que nunca y sin ser capaz de presentar un proyecto para el pa\u00eds en unos momentos cruciales","robots":{"index":"index","follow":"follow","max-snippet":"max-snippet:-1","max-image-preview":"max-image-preview:large","max-video-preview":"max-video-preview:-1"},"canonical":"https:\/\/conversesacatalunya.cat\/es\/cambios-de-fondo-en-la-situacion-politica-catalana\/","og_locale":"es_ES","og_type":"article","og_title":"Cambios de fondo en la situaci\u00f3n pol\u00edtica catalana - Converses a Catalunya","og_description":"El independentismo aparece m\u00e1s dividido que nunca y sin ser capaz de presentar un proyecto para el pa\u00eds en unos momentos cruciales","og_url":"https:\/\/conversesacatalunya.cat\/es\/cambios-de-fondo-en-la-situacion-politica-catalana\/","og_site_name":"Converses a Catalunya","article_published_time":"2020-09-03T10:54:51+00:00","article_modified_time":"2020-09-03T14:10:55+00:00","og_image":[{"width":600,"height":400,"url":"https:\/\/conversesacatalunya.cat\/wp-content\/uploads\/2020\/09\/politica-catalana-1.jpg","type":"image\/jpeg"}],"author":"conversesacatalunya","twitter_card":"summary_large_image","twitter_misc":{"Escrito por":"conversesacatalunya","Tiempo de lectura":"5 minutos"},"schema":{"@context":"https:\/\/schema.org","@graph":[{"@type":"Article","@id":"https:\/\/conversesacatalunya.cat\/es\/cambios-de-fondo-en-la-situacion-politica-catalana\/#article","isPartOf":{"@id":"https:\/\/conversesacatalunya.cat\/es\/cambios-de-fondo-en-la-situacion-politica-catalana\/"},"author":{"name":"conversesacatalunya","@id":"https:\/\/conversesacatalunya.cat\/#\/schema\/person\/7e24d1e54a2785373ddcb275eae5ed99"},"headline":"Cambios de fondo en la situaci\u00f3n pol\u00edtica catalana","datePublished":"2020-09-03T10:54:51+00:00","dateModified":"2020-09-03T14:10:55+00:00","mainEntityOfPage":{"@id":"https:\/\/conversesacatalunya.cat\/es\/cambios-de-fondo-en-la-situacion-politica-catalana\/"},"wordCount":936,"commentCount":1,"image":{"@id":"https:\/\/conversesacatalunya.cat\/es\/cambios-de-fondo-en-la-situacion-politica-catalana\/#primaryimage"},"thumbnailUrl":"https:\/\/conversesacatalunya.cat\/wp-content\/uploads\/2020\/09\/politica-catalana-1.jpg","keywords":["catalanismo","elecciones anticipadas"],"articleSection":["Punts clau del dia (ES)"],"inLanguage":"es","potentialAction":[{"@type":"CommentAction","name":"Comment","target":["https:\/\/conversesacatalunya.cat\/es\/cambios-de-fondo-en-la-situacion-politica-catalana\/#respond"]}]},{"@type":"WebPage","@id":"https:\/\/conversesacatalunya.cat\/es\/cambios-de-fondo-en-la-situacion-politica-catalana\/","url":"https:\/\/conversesacatalunya.cat\/es\/cambios-de-fondo-en-la-situacion-politica-catalana\/","name":"Cambios de fondo en la situaci\u00f3n pol\u00edtica catalana - Converses a Catalunya","isPartOf":{"@id":"https:\/\/conversesacatalunya.cat\/#website"},"primaryImageOfPage":{"@id":"https:\/\/conversesacatalunya.cat\/es\/cambios-de-fondo-en-la-situacion-politica-catalana\/#primaryimage"},"image":{"@id":"https:\/\/conversesacatalunya.cat\/es\/cambios-de-fondo-en-la-situacion-politica-catalana\/#primaryimage"},"thumbnailUrl":"https:\/\/conversesacatalunya.cat\/wp-content\/uploads\/2020\/09\/politica-catalana-1.jpg","datePublished":"2020-09-03T10:54:51+00:00","dateModified":"2020-09-03T14:10:55+00:00","author":{"@id":"https:\/\/conversesacatalunya.cat\/#\/schema\/person\/7e24d1e54a2785373ddcb275eae5ed99"},"description":"El independentismo aparece m\u00e1s dividido que nunca y sin ser capaz de presentar un proyecto para el pa\u00eds en unos momentos cruciales","breadcrumb":{"@id":"https:\/\/conversesacatalunya.cat\/es\/cambios-de-fondo-en-la-situacion-politica-catalana\/#breadcrumb"},"inLanguage":"es","potentialAction":[{"@type":"ReadAction","target":["https:\/\/conversesacatalunya.cat\/es\/cambios-de-fondo-en-la-situacion-politica-catalana\/"]}]},{"@type":"ImageObject","inLanguage":"es","@id":"https:\/\/conversesacatalunya.cat\/es\/cambios-de-fondo-en-la-situacion-politica-catalana\/#primaryimage","url":"https:\/\/conversesacatalunya.cat\/wp-content\/uploads\/2020\/09\/politica-catalana-1.jpg","contentUrl":"https:\/\/conversesacatalunya.cat\/wp-content\/uploads\/2020\/09\/politica-catalana-1.jpg","width":600,"height":400,"caption":"pol\u00edtica catalana"},{"@type":"BreadcrumbList","@id":"https:\/\/conversesacatalunya.cat\/es\/cambios-de-fondo-en-la-situacion-politica-catalana\/#breadcrumb","itemListElement":[{"@type":"ListItem","position":1,"name":"Inici","item":"https:\/\/conversesacatalunya.cat\/es\/"},{"@type":"ListItem","position":2,"name":"Cambios de fondo en la situaci\u00f3n pol\u00edtica catalana"}]},{"@type":"WebSite","@id":"https:\/\/conversesacatalunya.cat\/#website","url":"https:\/\/conversesacatalunya.cat\/","name":"Converses a Catalunya","description":"","potentialAction":[{"@type":"SearchAction","target":{"@type":"EntryPoint","urlTemplate":"https:\/\/conversesacatalunya.cat\/?s={search_term_string}"},"query-input":{"@type":"PropertyValueSpecification","valueRequired":true,"valueName":"search_term_string"}}],"inLanguage":"es"},{"@type":"Person","@id":"https:\/\/conversesacatalunya.cat\/#\/schema\/person\/7e24d1e54a2785373ddcb275eae5ed99","name":"conversesacatalunya","image":{"@type":"ImageObject","inLanguage":"es","@id":"https:\/\/conversesacatalunya.cat\/#\/schema\/person\/image\/","url":"https:\/\/conversesacatalunya.cat\/wp-content\/litespeed\/avatar\/febdfeeec89d950f01c748045a981dd2.jpg?ver=1777314535","contentUrl":"https:\/\/conversesacatalunya.cat\/wp-content\/litespeed\/avatar\/febdfeeec89d950f01c748045a981dd2.jpg?ver=1777314535","caption":"conversesacatalunya"},"url":"https:\/\/conversesacatalunya.cat\/es\/author\/carme_catala\/"}]}},"wps_subtitle":"El independentismo aparece m\u00e1s dividido que nunca y sin ser capaz de presentar un proyecto para el pa\u00eds en unos momentos cruciales","_links":{"self":[{"href":"https:\/\/conversesacatalunya.cat\/es\/wp-json\/wp\/v2\/posts\/39770","targetHints":{"allow":["GET"]}}],"collection":[{"href":"https:\/\/conversesacatalunya.cat\/es\/wp-json\/wp\/v2\/posts"}],"about":[{"href":"https:\/\/conversesacatalunya.cat\/es\/wp-json\/wp\/v2\/types\/post"}],"author":[{"embeddable":true,"href":"https:\/\/conversesacatalunya.cat\/es\/wp-json\/wp\/v2\/users\/2"}],"replies":[{"embeddable":true,"href":"https:\/\/conversesacatalunya.cat\/es\/wp-json\/wp\/v2\/comments?post=39770"}],"version-history":[{"count":2,"href":"https:\/\/conversesacatalunya.cat\/es\/wp-json\/wp\/v2\/posts\/39770\/revisions"}],"predecessor-version":[{"id":39771,"href":"https:\/\/conversesacatalunya.cat\/es\/wp-json\/wp\/v2\/posts\/39770\/revisions\/39771"}],"wp:featuredmedia":[{"embeddable":true,"href":"https:\/\/conversesacatalunya.cat\/es\/wp-json\/wp\/v2\/media\/39740"}],"wp:attachment":[{"href":"https:\/\/conversesacatalunya.cat\/es\/wp-json\/wp\/v2\/media?parent=39770"}],"wp:term":[{"taxonomy":"category","embeddable":true,"href":"https:\/\/conversesacatalunya.cat\/es\/wp-json\/wp\/v2\/categories?post=39770"},{"taxonomy":"post_tag","embeddable":true,"href":"https:\/\/conversesacatalunya.cat\/es\/wp-json\/wp\/v2\/tags?post=39770"}],"curies":[{"name":"wp","href":"https:\/\/api.w.org\/{rel}","templated":true}]}}