{"id":39761,"date":"2020-09-03T13:42:46","date_gmt":"2020-09-03T11:42:46","guid":{"rendered":"https:\/\/conversesacatalunya.cat\/reaccio-del-sindicat-uspac-davant-el-cessament-del-conseller-dinterior-miquel-buch\/"},"modified":"2020-09-03T13:50:32","modified_gmt":"2020-09-03T11:50:32","slug":"uspac-destitucion-miquel-buch","status":"publish","type":"post","link":"https:\/\/conversesacatalunya.cat\/es\/uspac-destitucion-miquel-buch\/","title":{"rendered":"Reacci\u00f3n del sindicato USPAC ante el cese del Conseller de Interior, Miquel Buch"},"content":{"rendered":"<p>Reproducimos la nota de prensa que ha enviado la Uni\u00f3n Sindical de la Polic\u00eda Auton\u00f3mica, al conocer la destituci\u00f3n, esta ma\u00f1ana, del Conseller de Interior, Miquel Buch, de quien dependen los Mossos d&#8217;Esquadra.<\/p>\n<p><img fetchpriority=\"high\" decoding=\"async\" class=\"wp-image-39755 size-full aligncenter\" src=\"https:\/\/conversesacatalunya.cat\/wp-content\/uploads\/2020\/09\/Sense-titol.png\" alt=\"Mossos\" width=\"696\" height=\"888\" srcset=\"https:\/\/conversesacatalunya.cat\/wp-content\/uploads\/2020\/09\/Sense-titol.png 696w, https:\/\/conversesacatalunya.cat\/wp-content\/uploads\/2020\/09\/Sense-titol-235x300.png 235w\" sizes=\"(max-width: 696px) 100vw, 696px\" \/><\/p>\n<span class='bctt-click-to-tweet'><span class='bctt-ctt-text'><a href='https:\/\/twitter.com\/intent\/tweet?url=https%3A%2F%2Fconversesacatalunya.cat%2Fes%2Fuspac-destitucion-miquel-buch%2F&#038;text=El%20Sindicato%20se%20congratula%20de%20la%20destituci%C3%B3n%20del%20conseller%20Buch&#038;via=conversesacat&#038;related=conversesacat' target='_blank'rel=\"noopener noreferrer\">El Sindicato se congratula de la destituci\u00f3n del conseller Buch <\/a><\/span><a href='https:\/\/twitter.com\/intent\/tweet?url=https%3A%2F%2Fconversesacatalunya.cat%2Fes%2Fuspac-destitucion-miquel-buch%2F&#038;text=El%20Sindicato%20se%20congratula%20de%20la%20destituci%C3%B3n%20del%20conseller%20Buch&#038;via=conversesacat&#038;related=conversesacat' target='_blank' class='bctt-ctt-btn'rel=\"noopener noreferrer\">Compartir en X<\/a><\/span>\n","protected":false},"excerpt":{"rendered":"<p>Reproducimos la nota de prensa que ha enviado la Uni\u00f3n Sindical de la Polic\u00eda Auton\u00f3mica, al conocer la destituci\u00f3n, esta ma\u00f1ana, del Conseller de Interior, Miquel Buch, de quien dependen los Mossos d&#8217;Esquadra.<\/p>\n","protected":false},"author":3,"featured_media":39759,"comment_status":"open","ping_status":"open","sticky":false,"template":"","format":"standard","meta":{"_FSMCFIC_featured_image_caption":"","_FSMCFIC_featured_image_nocaption":"","_FSMCFIC_featured_image_hide":"","footnotes":""},"categories":[806],"tags":[],"class_list":["post-39761","post","type-post","status-publish","format-standard","has-post-thumbnail","hentry","category-punts-claus-del-dia-es"],"yoast_head":"<!-- This site is optimized with the Yoast SEO plugin v26.8 - https:\/\/yoast.com\/product\/yoast-seo-wordpress\/ -->\n<title>Reacci\u00f3n del sindicato USPAC ante el cese del Conseller de Interior, Miquel Buch - Converses a Catalunya<\/title>\n<meta name=\"description\" content=\"El Sindicato USPAC se congratula de la destituci\u00f3n del conseller Buch\" \/>\n<meta name=\"robots\" content=\"index, follow, max-snippet:-1, max-image-preview:large, max-video-preview:-1\" \/>\n<link rel=\"canonical\" href=\"https:\/\/conversesacatalunya.cat\/es\/uspac-destitucion-miquel-buch\/\" \/>\n<meta property=\"og:locale\" content=\"es_ES\" \/>\n<meta property=\"og:type\" content=\"article\" \/>\n<meta property=\"og:title\" content=\"Reacci\u00f3n del sindicato USPAC ante el cese del Conseller de Interior, Miquel Buch - Converses a Catalunya\" \/>\n<meta property=\"og:description\" content=\"El Sindicato USPAC se congratula de la destituci\u00f3n del conseller Buch\" \/>\n<meta property=\"og:url\" content=\"https:\/\/conversesacatalunya.cat\/es\/uspac-destitucion-miquel-buch\/\" \/>\n<meta property=\"og:site_name\" content=\"Converses a Catalunya\" \/>\n<meta property=\"article:published_time\" content=\"2020-09-03T11:42:46+00:00\" \/>\n<meta property=\"article:modified_time\" content=\"2020-09-03T11:50:32+00:00\" \/>\n<meta property=\"og:image\" content=\"https:\/\/conversesacatalunya.cat\/wp-content\/uploads\/2020\/09\/BUCH.jpeg\" \/>\n\t<meta property=\"og:image:width\" content=\"1200\" \/>\n\t<meta property=\"og:image:height\" content=\"630\" \/>\n\t<meta property=\"og:image:type\" content=\"image\/jpeg\" \/>\n<meta name=\"author\" content=\"conversesacatalunya\" \/>\n<meta name=\"twitter:card\" content=\"summary_large_image\" \/>\n<meta name=\"twitter:label1\" content=\"Escrito por\" \/>\n\t<meta name=\"twitter:data1\" content=\"conversesacatalunya\" \/>\n<script type=\"application\/ld+json\" class=\"yoast-schema-graph\">{\"@context\":\"https:\/\/schema.org\",\"@graph\":[{\"@type\":\"Article\",\"@id\":\"https:\/\/conversesacatalunya.cat\/es\/uspac-destitucion-miquel-buch\/#article\",\"isPartOf\":{\"@id\":\"https:\/\/conversesacatalunya.cat\/es\/uspac-destitucion-miquel-buch\/\"},\"author\":{\"name\":\"conversesacatalunya\",\"@id\":\"https:\/\/conversesacatalunya.cat\/#\/schema\/person\/982274792508d804a0821b413c9ac076\"},\"headline\":\"Reacci\u00f3n del sindicato USPAC ante el cese del Conseller de Interior, Miquel Buch\",\"datePublished\":\"2020-09-03T11:42:46+00:00\",\"dateModified\":\"2020-09-03T11:50:32+00:00\",\"mainEntityOfPage\":{\"@id\":\"https:\/\/conversesacatalunya.cat\/es\/uspac-destitucion-miquel-buch\/\"},\"wordCount\":68,\"commentCount\":0,\"image\":{\"@id\":\"https:\/\/conversesacatalunya.cat\/es\/uspac-destitucion-miquel-buch\/#primaryimage\"},\"thumbnailUrl\":\"https:\/\/conversesacatalunya.cat\/wp-content\/uploads\/2020\/09\/BUCH.jpeg\",\"articleSection\":[\"Punts clau del dia (ES)\"],\"inLanguage\":\"es\",\"potentialAction\":[{\"@type\":\"CommentAction\",\"name\":\"Comment\",\"target\":[\"https:\/\/conversesacatalunya.cat\/es\/uspac-destitucion-miquel-buch\/#respond\"]}]},{\"@type\":\"WebPage\",\"@id\":\"https:\/\/conversesacatalunya.cat\/es\/uspac-destitucion-miquel-buch\/\",\"url\":\"https:\/\/conversesacatalunya.cat\/es\/uspac-destitucion-miquel-buch\/\",\"name\":\"Reacci\u00f3n del sindicato USPAC ante el cese del Conseller de Interior, Miquel Buch - Converses a Catalunya\",\"isPartOf\":{\"@id\":\"https:\/\/conversesacatalunya.cat\/#website\"},\"primaryImageOfPage\":{\"@id\":\"https:\/\/conversesacatalunya.cat\/es\/uspac-destitucion-miquel-buch\/#primaryimage\"},\"image\":{\"@id\":\"https:\/\/conversesacatalunya.cat\/es\/uspac-destitucion-miquel-buch\/#primaryimage\"},\"thumbnailUrl\":\"https:\/\/conversesacatalunya.cat\/wp-content\/uploads\/2020\/09\/BUCH.jpeg\",\"datePublished\":\"2020-09-03T11:42:46+00:00\",\"dateModified\":\"2020-09-03T11:50:32+00:00\",\"author\":{\"@id\":\"https:\/\/conversesacatalunya.cat\/#\/schema\/person\/982274792508d804a0821b413c9ac076\"},\"description\":\"El Sindicato USPAC se congratula de la destituci\u00f3n del conseller Buch\",\"breadcrumb\":{\"@id\":\"https:\/\/conversesacatalunya.cat\/es\/uspac-destitucion-miquel-buch\/#breadcrumb\"},\"inLanguage\":\"es\",\"potentialAction\":[{\"@type\":\"ReadAction\",\"target\":[\"https:\/\/conversesacatalunya.cat\/es\/uspac-destitucion-miquel-buch\/\"]}]},{\"@type\":\"ImageObject\",\"inLanguage\":\"es\",\"@id\":\"https:\/\/conversesacatalunya.cat\/es\/uspac-destitucion-miquel-buch\/#primaryimage\",\"url\":\"https:\/\/conversesacatalunya.cat\/wp-content\/uploads\/2020\/09\/BUCH.jpeg\",\"contentUrl\":\"https:\/\/conversesacatalunya.cat\/wp-content\/uploads\/2020\/09\/BUCH.jpeg\",\"width\":1200,\"height\":630,\"caption\":\"USPAC\"},{\"@type\":\"BreadcrumbList\",\"@id\":\"https:\/\/conversesacatalunya.cat\/es\/uspac-destitucion-miquel-buch\/#breadcrumb\",\"itemListElement\":[{\"@type\":\"ListItem\",\"position\":1,\"name\":\"Inici\",\"item\":\"https:\/\/conversesacatalunya.cat\/es\/\"},{\"@type\":\"ListItem\",\"position\":2,\"name\":\"Reacci\u00f3n del sindicato USPAC ante el cese del Conseller de Interior, Miquel Buch\"}]},{\"@type\":\"WebSite\",\"@id\":\"https:\/\/conversesacatalunya.cat\/#website\",\"url\":\"https:\/\/conversesacatalunya.cat\/\",\"name\":\"Converses a Catalunya\",\"description\":\"\",\"potentialAction\":[{\"@type\":\"SearchAction\",\"target\":{\"@type\":\"EntryPoint\",\"urlTemplate\":\"https:\/\/conversesacatalunya.cat\/?s={search_term_string}\"},\"query-input\":{\"@type\":\"PropertyValueSpecification\",\"valueRequired\":true,\"valueName\":\"search_term_string\"}}],\"inLanguage\":\"es\"},{\"@type\":\"Person\",\"@id\":\"https:\/\/conversesacatalunya.cat\/#\/schema\/person\/982274792508d804a0821b413c9ac076\",\"name\":\"conversesacatalunya\",\"image\":{\"@type\":\"ImageObject\",\"inLanguage\":\"es\",\"@id\":\"https:\/\/conversesacatalunya.cat\/#\/schema\/person\/image\/\",\"url\":\"https:\/\/conversesacatalunya.cat\/wp-content\/litespeed\/avatar\/f04b47eeffd9637c7cf7869e217fb9ec.jpg?ver=1777370077\",\"contentUrl\":\"https:\/\/conversesacatalunya.cat\/wp-content\/litespeed\/avatar\/f04b47eeffd9637c7cf7869e217fb9ec.jpg?ver=1777370077\",\"caption\":\"conversesacatalunya\"},\"url\":\"https:\/\/conversesacatalunya.cat\/es\/author\/muntsa_escola\/\"}]}<\/script>\n<!-- \/ Yoast SEO plugin. -->","yoast_head_json":{"title":"Reacci\u00f3n del sindicato USPAC ante el cese del Conseller de Interior, Miquel Buch - Converses a Catalunya","description":"El Sindicato USPAC se congratula de la destituci\u00f3n del conseller Buch","robots":{"index":"index","follow":"follow","max-snippet":"max-snippet:-1","max-image-preview":"max-image-preview:large","max-video-preview":"max-video-preview:-1"},"canonical":"https:\/\/conversesacatalunya.cat\/es\/uspac-destitucion-miquel-buch\/","og_locale":"es_ES","og_type":"article","og_title":"Reacci\u00f3n del sindicato USPAC ante el cese del Conseller de Interior, Miquel Buch - Converses a Catalunya","og_description":"El Sindicato USPAC se congratula de la destituci\u00f3n del conseller Buch","og_url":"https:\/\/conversesacatalunya.cat\/es\/uspac-destitucion-miquel-buch\/","og_site_name":"Converses a Catalunya","article_published_time":"2020-09-03T11:42:46+00:00","article_modified_time":"2020-09-03T11:50:32+00:00","og_image":[{"width":1200,"height":630,"url":"https:\/\/conversesacatalunya.cat\/wp-content\/uploads\/2020\/09\/BUCH.jpeg","type":"image\/jpeg"}],"author":"conversesacatalunya","twitter_card":"summary_large_image","twitter_misc":{"Escrito por":"conversesacatalunya"},"schema":{"@context":"https:\/\/schema.org","@graph":[{"@type":"Article","@id":"https:\/\/conversesacatalunya.cat\/es\/uspac-destitucion-miquel-buch\/#article","isPartOf":{"@id":"https:\/\/conversesacatalunya.cat\/es\/uspac-destitucion-miquel-buch\/"},"author":{"name":"conversesacatalunya","@id":"https:\/\/conversesacatalunya.cat\/#\/schema\/person\/982274792508d804a0821b413c9ac076"},"headline":"Reacci\u00f3n del sindicato USPAC ante el cese del Conseller de Interior, Miquel Buch","datePublished":"2020-09-03T11:42:46+00:00","dateModified":"2020-09-03T11:50:32+00:00","mainEntityOfPage":{"@id":"https:\/\/conversesacatalunya.cat\/es\/uspac-destitucion-miquel-buch\/"},"wordCount":68,"commentCount":0,"image":{"@id":"https:\/\/conversesacatalunya.cat\/es\/uspac-destitucion-miquel-buch\/#primaryimage"},"thumbnailUrl":"https:\/\/conversesacatalunya.cat\/wp-content\/uploads\/2020\/09\/BUCH.jpeg","articleSection":["Punts clau del dia (ES)"],"inLanguage":"es","potentialAction":[{"@type":"CommentAction","name":"Comment","target":["https:\/\/conversesacatalunya.cat\/es\/uspac-destitucion-miquel-buch\/#respond"]}]},{"@type":"WebPage","@id":"https:\/\/conversesacatalunya.cat\/es\/uspac-destitucion-miquel-buch\/","url":"https:\/\/conversesacatalunya.cat\/es\/uspac-destitucion-miquel-buch\/","name":"Reacci\u00f3n del sindicato USPAC ante el cese del Conseller de Interior, Miquel Buch - Converses a Catalunya","isPartOf":{"@id":"https:\/\/conversesacatalunya.cat\/#website"},"primaryImageOfPage":{"@id":"https:\/\/conversesacatalunya.cat\/es\/uspac-destitucion-miquel-buch\/#primaryimage"},"image":{"@id":"https:\/\/conversesacatalunya.cat\/es\/uspac-destitucion-miquel-buch\/#primaryimage"},"thumbnailUrl":"https:\/\/conversesacatalunya.cat\/wp-content\/uploads\/2020\/09\/BUCH.jpeg","datePublished":"2020-09-03T11:42:46+00:00","dateModified":"2020-09-03T11:50:32+00:00","author":{"@id":"https:\/\/conversesacatalunya.cat\/#\/schema\/person\/982274792508d804a0821b413c9ac076"},"description":"El Sindicato USPAC se congratula de la destituci\u00f3n del conseller Buch","breadcrumb":{"@id":"https:\/\/conversesacatalunya.cat\/es\/uspac-destitucion-miquel-buch\/#breadcrumb"},"inLanguage":"es","potentialAction":[{"@type":"ReadAction","target":["https:\/\/conversesacatalunya.cat\/es\/uspac-destitucion-miquel-buch\/"]}]},{"@type":"ImageObject","inLanguage":"es","@id":"https:\/\/conversesacatalunya.cat\/es\/uspac-destitucion-miquel-buch\/#primaryimage","url":"https:\/\/conversesacatalunya.cat\/wp-content\/uploads\/2020\/09\/BUCH.jpeg","contentUrl":"https:\/\/conversesacatalunya.cat\/wp-content\/uploads\/2020\/09\/BUCH.jpeg","width":1200,"height":630,"caption":"USPAC"},{"@type":"BreadcrumbList","@id":"https:\/\/conversesacatalunya.cat\/es\/uspac-destitucion-miquel-buch\/#breadcrumb","itemListElement":[{"@type":"ListItem","position":1,"name":"Inici","item":"https:\/\/conversesacatalunya.cat\/es\/"},{"@type":"ListItem","position":2,"name":"Reacci\u00f3n del sindicato USPAC ante el cese del Conseller de Interior, Miquel Buch"}]},{"@type":"WebSite","@id":"https:\/\/conversesacatalunya.cat\/#website","url":"https:\/\/conversesacatalunya.cat\/","name":"Converses a Catalunya","description":"","potentialAction":[{"@type":"SearchAction","target":{"@type":"EntryPoint","urlTemplate":"https:\/\/conversesacatalunya.cat\/?s={search_term_string}"},"query-input":{"@type":"PropertyValueSpecification","valueRequired":true,"valueName":"search_term_string"}}],"inLanguage":"es"},{"@type":"Person","@id":"https:\/\/conversesacatalunya.cat\/#\/schema\/person\/982274792508d804a0821b413c9ac076","name":"conversesacatalunya","image":{"@type":"ImageObject","inLanguage":"es","@id":"https:\/\/conversesacatalunya.cat\/#\/schema\/person\/image\/","url":"https:\/\/conversesacatalunya.cat\/wp-content\/litespeed\/avatar\/f04b47eeffd9637c7cf7869e217fb9ec.jpg?ver=1777370077","contentUrl":"https:\/\/conversesacatalunya.cat\/wp-content\/litespeed\/avatar\/f04b47eeffd9637c7cf7869e217fb9ec.jpg?ver=1777370077","caption":"conversesacatalunya"},"url":"https:\/\/conversesacatalunya.cat\/es\/author\/muntsa_escola\/"}]}},"wps_subtitle":"El Sindicato se congratula de la destituci\u00f3n","_links":{"self":[{"href":"https:\/\/conversesacatalunya.cat\/es\/wp-json\/wp\/v2\/posts\/39761","targetHints":{"allow":["GET"]}}],"collection":[{"href":"https:\/\/conversesacatalunya.cat\/es\/wp-json\/wp\/v2\/posts"}],"about":[{"href":"https:\/\/conversesacatalunya.cat\/es\/wp-json\/wp\/v2\/types\/post"}],"author":[{"embeddable":true,"href":"https:\/\/conversesacatalunya.cat\/es\/wp-json\/wp\/v2\/users\/3"}],"replies":[{"embeddable":true,"href":"https:\/\/conversesacatalunya.cat\/es\/wp-json\/wp\/v2\/comments?post=39761"}],"version-history":[{"count":3,"href":"https:\/\/conversesacatalunya.cat\/es\/wp-json\/wp\/v2\/posts\/39761\/revisions"}],"predecessor-version":[{"id":39764,"href":"https:\/\/conversesacatalunya.cat\/es\/wp-json\/wp\/v2\/posts\/39761\/revisions\/39764"}],"wp:featuredmedia":[{"embeddable":true,"href":"https:\/\/conversesacatalunya.cat\/es\/wp-json\/wp\/v2\/media\/39759"}],"wp:attachment":[{"href":"https:\/\/conversesacatalunya.cat\/es\/wp-json\/wp\/v2\/media?parent=39761"}],"wp:term":[{"taxonomy":"category","embeddable":true,"href":"https:\/\/conversesacatalunya.cat\/es\/wp-json\/wp\/v2\/categories?post=39761"},{"taxonomy":"post_tag","embeddable":true,"href":"https:\/\/conversesacatalunya.cat\/es\/wp-json\/wp\/v2\/tags?post=39761"}],"curies":[{"name":"wp","href":"https:\/\/api.w.org\/{rel}","templated":true}]}}