{"id":39713,"date":"2020-09-07T11:00:49","date_gmt":"2020-09-07T09:00:49","guid":{"rendered":"https:\/\/conversesacatalunya.cat\/ajudes-a-la-familia-i-lhabitatge\/"},"modified":"2020-09-14T13:06:19","modified_gmt":"2020-09-14T11:06:19","slug":"ayudas-a-la-familia-y-a-la-vivienda","status":"publish","type":"post","link":"https:\/\/conversesacatalunya.cat\/es\/ayudas-a-la-familia-y-a-la-vivienda\/","title":{"rendered":"Ayudas a la familia y a la vivienda"},"content":{"rendered":"<p><span class=\"\">Despu\u00e9s del trabajo, poder\u00a0<\/span><strong><span class=\"\">crear una familia o acceder a una vivienda<\/span><\/strong><span class=\"\">\u00a0digna son dos de los elementos esenciales en la vida de una persona, y cuando uno es joven suele ser el momento deseado para hacerlo.\u00a0<\/span>Esto no es s\u00f3lo un beneficio para el mismo joven, sino tambi\u00e9n un beneficio para toda la sociedad, por ello, las instituciones p\u00fablicas deben ayudar a que el joven pueda conseguirlo.<\/p>\n<h5><strong>Ayudas a la familia<\/strong><\/h5>\n<p>Espa\u00f1a es el pa\u00eds de Europa con la natalidad m\u00e1s baja, 1,23 hijos por mujer en edad f\u00e9rtil en 2019. Nunca antes, incluso en los a\u00f1os de posguerra, hab\u00edan nacido tan pocos ni\u00f1os en Espa\u00f1a en un a\u00f1o, unos 360.000. Por otra parte, Espa\u00f1a es uno de los pa\u00edses europeos con un envejecimiento m\u00e1s acusado, en parte porque empieza a jubilarse la generaci\u00f3n del baby boom.<\/p>\n<p>Toma una especial relevancia que en las pr\u00f3ximas d\u00e9cadas el n\u00famero de trabajadores sea suficiente para sufragar el\u00a0sistema p\u00fablico de pensiones. \u00a0La soluci\u00f3n pasa principalmente en tener hijos, adem\u00e1s de otras soluciones parciales como son la inmigraci\u00f3n o mejoras productivas.<\/p>\n<p>Cuando se pregunta a las\u00a0<strong>mujeres espa\u00f1olas de entre 18 y 55 a\u00f1os cu\u00e1ntos hijos querr\u00edan tener<\/strong>, 3 de cada 4 afirman que querr\u00edan tener dos o m\u00e1s hijos, una cifra que no se corresponde con la <a href=\"https:\/\/conversesacatalunya.cat\/es\/la-falta-de-natalidad-ya-ha-empezado-a-deteriorar-la-economia\/\" target=\"_blank\" rel=\"noopener noreferrer\">natalidad real espa\u00f1ola<\/a>. Dos de las principales razones que argumentan las que tienen menos hijos de los deseados son motivos econ\u00f3micos y falta de conciliaci\u00f3n laboral. As\u00ed pues, hay barreras econ\u00f3micas que hacen que las familias no puedan tener el n\u00famero de hijos ansiado, y por tanto, los incentivos econ\u00f3micos a trav\u00e9s de ayudas tiene un sentido a\u00fan mayor.<\/p>\n<p><strong>Los pa\u00edses europeos m\u00e1s avanzados ya establecen generosos sistemas de ayuda<\/strong> <strong>seg\u00fan el n\u00famero de hijos.\u00a0Espa\u00f1a es el pa\u00eds de Europa que adjudica menos ayudas por hijo<\/strong> (31\u20ac PP), por detr\u00e1s de Ruman\u00eda o Bulgaria, y la media europea se sit\u00faa por encima de los 100\u20ac PP. En Espa\u00f1a se destina el 1,2% del PIB en ayudas a las familias, en cambio la media europea se sit\u00faa en el 2,3%.<\/p>\n<h5><strong>La mayor\u00eda de pa\u00edses europeos ya han entendido que estas ayudas son una inversi\u00f3n y no un coste, pero en Espa\u00f1a parece que todav\u00eda no.<\/strong><\/h5>\n<h5><strong>La vivienda<\/strong><\/h5>\n<p>A finales del 2019, los j\u00f3venes menores de 30 a\u00f1os que viv\u00edan de alquiler deb\u00edan destinar de media el 94% de su sueldo seg\u00fan la media espa\u00f1ola (un 55% en 2008), cuando te\u00f3ricamente el m\u00e1ximo que podr\u00eda tolerar una persona a la hora de pagar el alquiler se situar\u00eda en el 30%.\u00a0El aumento del precio se aceler\u00f3 a partir de 2014, coincidiendo con el inicio de la recuperaci\u00f3n econ\u00f3mica, estos precios han crecido por encima de las rentas del trabajo y la venta de viviendas.<\/p>\n<p><strong>Esta din\u00e1mica provoca que Espa\u00f1a tenga una de las tasas de emancipaci\u00f3n m\u00e1s bajas de Europa<\/strong>\u00a0y que haya empeorado en los \u00faltimos a\u00f1os, en concreto el 65% de j\u00f3venes entre 16 y 34 a\u00f1os sigue viviendo con sus padres, 7 PP m\u00e1s que hace 10 a\u00f1os.<\/p>\n<p>El aumento del precio del alquiler se ha debido en gran parte por el endurecimiento del cr\u00e9dito a la hora de adquirir una hipoteca.\u00a0Unos alquileres m\u00e1s altos hace que los j\u00f3venes no puedan ahorrar para adquirir una vivienda, provocando que la demanda de alquiler contin\u00fae subiendo con una oferta que no aumenta en la misma proporci\u00f3n, haciendo as\u00ed que los precios suban y los j\u00f3venes tengan cada vez menos recursos disponibles .<\/p>\n<h5>Ante este c\u00edrculo vicioso, es importante establecer mecanismos que ayuden a mitigarlo.<\/h5>\n<h5><strong>Pol\u00edticas de vivienda<\/strong><\/h5>\n<p><span class=\"\"><strong>La vivienda de protecci\u00f3n oficial es uno de los mecanismos m\u00e1s utilizados en Europa<\/strong>. En Espa\u00f1a, tras la crisis econ\u00f3mica, el n\u00famero de viviendas de protecci\u00f3n oficial se desplom\u00f3. Por ejemplo, en 2018 se hab\u00edan construido unos 11.800, cuando en 2008 hab\u00edan sido 63.292. De hecho es este \u00faltimo dato el que mejor refleja las d\u00e9cadas anteriores a la crisis cuando se constru\u00edan entre 60.000 y 100.000 viviendas de protecci\u00f3n oficial al a\u00f1o. La pr\u00e1ctica desaparici\u00f3n de este segmento ha provocado tensiones en los precios de alquiler, ya que muchas personas, <\/span><strong><span class=\"\">por la falta de vivienda protegida, no han podido comprar y han optado por el alquiler.<\/span><\/strong><\/p>\n<p>As\u00ed pues,\u00a0<strong>una pol\u00edtica que podr\u00eda ayudar a paliar el aumento de los precios<\/strong> ser\u00eda la construcci\u00f3n de m\u00e1s vivienda social, ahora bien, limando algunos aspectos de esta pol\u00edtica como ser\u00eda la realizaci\u00f3n de m\u00e1s vivienda social para alquiler, en lugar de propiedad, para poder crear un mercado m\u00e1s din\u00e1mico que podr\u00eda permitir que m\u00e1s gente tuviera la opci\u00f3n de disfrutar de la vivienda protegida de forma temporal.<\/p>\n<p>Tambi\u00e9n\u00a0<strong>ser\u00eda necesario que la vivienda social fuera permanente en el tiempo<\/strong>, es decir, que la administraci\u00f3n no pudiera vender a fondos privados (un 40% de la vivienda protegida ha hecho esta transici\u00f3n seg\u00fan Carme Trilla, presidenta del Observatorio de la Vivienda de Barcelona), un mayor control hacia ocupaciones o alquileres fraudulentos realizados a terceros por los mismos inquilinos y un mejor filtrado para que quienes m\u00e1s lo necesiten tengan prioridad.<\/p>\n<p>Esta pol\u00edtica de vivienda p\u00fablica est\u00e1 enfocada a la oferta.\u00a0<span class=\"goog-text-highlight\">Una alternativa es hacerlo a la demanda, es decir, que el Estado d\u00e9 subvenciones a <\/span><strong><span class=\"goog-text-highlight\">familias de renta baja para que puedan hacer frente a un alquiler a precio de mercado.\u00a0<\/span><\/strong>Esta segunda pol\u00edtica es m\u00e1s aplaudida por los economistas, ya que la consideran menos costosa y permite generar una mayor equidad.<\/p>\n<p>Estas han sido s\u00f3lo algunas pinceladas sobre\u00a0<strong>dos de las mayores problem\u00e1ticas que viven los j\u00f3venes.\u00a0<\/strong>Tanto el Estado, como la sociedad deben reaccionar de forma decidida, el primero aportando pol\u00edticas rigurosas y efectivas y el segundo situando las dificultades de los j\u00f3venes dentro del debate p\u00fablico.<\/p>\n<p><strong>Nos jugamos el futuro.<\/strong><\/p>\n<span class='bctt-click-to-tweet'><span class='bctt-ctt-text'><a href='https:\/\/twitter.com\/intent\/tweet?url=https%3A%2F%2Fconversesacatalunya.cat%2Fes%2Fayudas-a-la-familia-y-a-la-vivienda%2F&#038;text=Los%20pa%C3%ADses%20europeos%20m%C3%A1s%20avanzados%20ya%20establecen%20generosos%20sistemas%20de%20ayuda%20seg%C3%BAn%20el%20n%C3%BAmero%20de%20hijos.%20Espa%C3%B1a%20es%20el%20pa%C3%ADs%20de%20Europa%20que%20adjudica%20menos%20ayudas%20por%20hijo&#038;via=conversesacat&#038;related=conversesacat' target='_blank'rel=\"noopener noreferrer\">Los pa\u00edses europeos m\u00e1s avanzados ya establecen generosos sistemas de ayuda seg\u00fan el n\u00famero de hijos. Espa\u00f1a es el pa\u00eds de Europa que adjudica menos ayudas por hijo <\/a><\/span><a href='https:\/\/twitter.com\/intent\/tweet?url=https%3A%2F%2Fconversesacatalunya.cat%2Fes%2Fayudas-a-la-familia-y-a-la-vivienda%2F&#038;text=Los%20pa%C3%ADses%20europeos%20m%C3%A1s%20avanzados%20ya%20establecen%20generosos%20sistemas%20de%20ayuda%20seg%C3%BAn%20el%20n%C3%BAmero%20de%20hijos.%20Espa%C3%B1a%20es%20el%20pa%C3%ADs%20de%20Europa%20que%20adjudica%20menos%20ayudas%20por%20hijo&#038;via=conversesacat&#038;related=conversesacat' target='_blank' class='bctt-ctt-btn'rel=\"noopener noreferrer\">Compartir en X<\/a><\/span>\n<div id=\"polls-65\" class=\"wp-polls\">\n\t<form id=\"polls_form_65\" class=\"wp-polls-form\" action=\"\/index.php\" method=\"post\">\n\t\t<p style=\"display: none;\"><input type=\"hidden\" id=\"poll_65_nonce\" name=\"wp-polls-nonce\" value=\"0caf865d5a\" \/><\/p>\n\t\t<p style=\"display: none;\"><input type=\"hidden\" name=\"poll_id\" value=\"65\" \/><\/p>\n\t\t<p style=\"text-align: center\"><strong>Creus que s'han pres prou mesures per dotar de seguretat la tornada a l'escola?<\/strong><\/p><div id=\"polls-65-ans\" class=\"wp-polls-ans\"><ul class=\"wp-polls-ul\">\n\t\t<li><input type=\"radio\" id=\"poll-answer-140\" name=\"poll_65\" value=\"140\" \/> <label for=\"poll-answer-140\">Si<\/label><\/li>\n\t\t<li><input type=\"radio\" id=\"poll-answer-141\" name=\"poll_65\" value=\"141\" \/> <label for=\"poll-answer-141\">No<\/label><\/li>\n\t\t<\/ul><p style=\"text-align: center\"><input type=\"button\" name=\"vote\" value=\"   Vota   \" class=\"Buttons\" onclick=\"poll_vote(65);\" \/><\/p><p style=\"text-align: center\"><a href=\"#ViewPollResults\" onclick=\"poll_result(65); return false;\" title=\"View Results Of This Poll\">Mira els resultats<\/a><\/p><\/div>\n\t<\/form>\n<\/div>\n<div id=\"polls-65-loading\" class=\"wp-polls-loading\"><img decoding=\"async\" data-src=\"https:\/\/conversesacatalunya.cat\/wp-content\/plugins\/wp-polls\/images\/loading.gif\" width=\"16\" height=\"16\" alt=\"Cargando ...\" title=\"Cargando ...\" class=\"wp-polls-image lazyload\" src=\"data:image\/svg+xml;base64,PHN2ZyB3aWR0aD0iMSIgaGVpZ2h0PSIxIiB4bWxucz0iaHR0cDovL3d3dy53My5vcmcvMjAwMC9zdmciPjwvc3ZnPg==\" style=\"--smush-placeholder-width: 16px; --smush-placeholder-aspect-ratio: 16\/16;\" \/>&nbsp;Cargando ...<\/div>\n\n","protected":false},"excerpt":{"rendered":"<p>Despu\u00e9s del trabajo, poder\u00a0crear una familia o acceder a una vivienda\u00a0digna son dos de los elementos esenciales en la vida de una persona, y cuando uno es joven suele ser el momento deseado para hacerlo.\u00a0Esto no es s\u00f3lo un beneficio para el mismo joven, sino tambi\u00e9n un beneficio para toda la sociedad, por ello, las instituciones p\u00fablicas deben ayudar a que el joven pueda conseguirlo. Ayudas a la familia Espa\u00f1a es el pa\u00eds de Europa con la natalidad m\u00e1s baja, 1,23 hijos por mujer en edad f\u00e9rtil en 2019. Nunca antes, incluso en los a\u00f1os de posguerra, hab\u00edan nacido tan pocos ni\u00f1os en Espa\u00f1a en un a\u00f1o, unos 360.000. Por otra parte, Espa\u00f1a es uno de los pa\u00edses europeos con un envejecimiento m\u00e1s acusado, en parte porque empieza a jubilarse la generaci\u00f3n del baby boom. Toma una especial relevancia que en las pr\u00f3ximas d\u00e9cadas el n\u00famero de trabajadores sea suficiente para sufragar el\u00a0sistema p\u00fablico de pensiones. \u00a0La soluci\u00f3n pasa principalmente en tener hijos, adem\u00e1s de otras soluciones parciales como son la inmigraci\u00f3n o mejoras productivas. Cuando se pregunta a las\u00a0mujeres espa\u00f1olas de entre 18 y 55 a\u00f1os cu\u00e1ntos hijos querr\u00edan tener, 3 de cada 4 afirman que querr\u00edan tener dos o m\u00e1s hijos, una cifra que no se corresponde con la natalidad real espa\u00f1ola. Dos de las principales razones que argumentan las que tienen menos hijos de los deseados son motivos econ\u00f3micos y falta de conciliaci\u00f3n laboral. As\u00ed pues, hay barreras econ\u00f3micas que hacen que las familias no puedan tener el n\u00famero de hijos ansiado, y por tanto, los incentivos econ\u00f3micos a trav\u00e9s de ayudas tiene un sentido a\u00fan mayor. Los pa\u00edses europeos m\u00e1s avanzados ya establecen generosos sistemas de ayuda seg\u00fan el n\u00famero de hijos.\u00a0Espa\u00f1a es el pa\u00eds de Europa que adjudica menos ayudas por hijo (31\u20ac PP), por detr\u00e1s de Ruman\u00eda o Bulgaria, y la media europea se sit\u00faa por encima de los 100\u20ac PP. En Espa\u00f1a se destina el 1,2% del PIB en ayudas a las familias, en cambio la media europea se sit\u00faa en el 2,3%. La mayor\u00eda de pa\u00edses europeos ya han entendido que estas ayudas son una inversi\u00f3n y no un coste, pero en Espa\u00f1a parece que todav\u00eda no. La vivienda A finales del 2019, los j\u00f3venes menores de 30 a\u00f1os que viv\u00edan de alquiler deb\u00edan destinar de media el 94% de su sueldo seg\u00fan la media espa\u00f1ola (un 55% en 2008), cuando te\u00f3ricamente el m\u00e1ximo que podr\u00eda tolerar una persona a la hora de pagar el alquiler se situar\u00eda en el 30%.\u00a0El aumento del precio se aceler\u00f3 a partir de 2014, coincidiendo con el inicio de la recuperaci\u00f3n econ\u00f3mica, estos precios han crecido por encima de las rentas del trabajo y la venta de viviendas. Esta din\u00e1mica provoca que Espa\u00f1a tenga una de las tasas de emancipaci\u00f3n m\u00e1s bajas de Europa\u00a0y que haya empeorado en los \u00faltimos a\u00f1os, en concreto el 65% de j\u00f3venes entre 16 y 34 a\u00f1os sigue viviendo con sus padres, 7 PP m\u00e1s que hace 10 a\u00f1os. El aumento del precio del alquiler se ha debido en gran parte por el endurecimiento del cr\u00e9dito a la hora de adquirir una hipoteca.\u00a0Unos alquileres m\u00e1s altos hace que los j\u00f3venes no puedan ahorrar para adquirir una vivienda, provocando que la demanda de alquiler contin\u00fae subiendo con una oferta que no aumenta en la misma proporci\u00f3n, haciendo as\u00ed que los precios suban y los j\u00f3venes tengan cada vez menos recursos disponibles . Ante este c\u00edrculo vicioso, es importante establecer mecanismos que ayuden a mitigarlo. Pol\u00edticas de vivienda La vivienda de protecci\u00f3n oficial es uno de los mecanismos m\u00e1s utilizados en Europa. En Espa\u00f1a, tras la crisis econ\u00f3mica, el n\u00famero de viviendas de protecci\u00f3n oficial se desplom\u00f3. Por ejemplo, en 2018 se hab\u00edan construido unos 11.800, cuando en 2008 hab\u00edan sido 63.292. De hecho es este \u00faltimo dato el que mejor refleja las d\u00e9cadas anteriores a la crisis cuando se constru\u00edan entre 60.000 y 100.000 viviendas de protecci\u00f3n oficial al a\u00f1o. La pr\u00e1ctica desaparici\u00f3n de este segmento ha provocado tensiones en los precios de alquiler, ya que muchas personas, por la falta de vivienda protegida, no han podido comprar y han optado por el alquiler. As\u00ed pues,\u00a0una pol\u00edtica que podr\u00eda ayudar a paliar el aumento de los precios ser\u00eda la construcci\u00f3n de m\u00e1s vivienda social, ahora bien, limando algunos aspectos de esta pol\u00edtica como ser\u00eda la realizaci\u00f3n de m\u00e1s vivienda social para alquiler, en lugar de propiedad, para poder crear un mercado m\u00e1s din\u00e1mico que podr\u00eda permitir que m\u00e1s gente tuviera la opci\u00f3n de disfrutar de la vivienda protegida de forma temporal. Tambi\u00e9n\u00a0ser\u00eda necesario que la vivienda social fuera permanente en el tiempo, es decir, que la administraci\u00f3n no pudiera vender a fondos privados (un 40% de la vivienda protegida ha hecho esta transici\u00f3n seg\u00fan Carme Trilla, presidenta del Observatorio de la Vivienda de Barcelona), un mayor control hacia ocupaciones o alquileres fraudulentos realizados a terceros por los mismos inquilinos y un mejor filtrado para que quienes m\u00e1s lo necesiten tengan prioridad. Esta pol\u00edtica de vivienda p\u00fablica est\u00e1 enfocada a la oferta.\u00a0Una alternativa es hacerlo a la demanda, es decir, que el Estado d\u00e9 subvenciones a familias de renta baja para que puedan hacer frente a un alquiler a precio de mercado.\u00a0Esta segunda pol\u00edtica es m\u00e1s aplaudida por los economistas, ya que la consideran menos costosa y permite generar una mayor equidad. Estas han sido s\u00f3lo algunas pinceladas sobre\u00a0dos de las mayores problem\u00e1ticas que viven los j\u00f3venes.\u00a0Tanto el Estado, como la sociedad deben reaccionar de forma decidida, el primero aportando pol\u00edticas rigurosas y efectivas y el segundo situando las dificultades de los j\u00f3venes dentro del debate p\u00fablico. Nos jugamos el futuro.<\/p>\n","protected":false},"author":24,"featured_media":39527,"comment_status":"open","ping_status":"open","sticky":false,"template":"","format":"standard","meta":{"_FSMCFIC_featured_image_caption":"","_FSMCFIC_featured_image_nocaption":"","_FSMCFIC_featured_image_hide":"","footnotes":""},"categories":[5],"tags":[1604,2637,464,1315,2909,2908,1035],"class_list":["post-39713","post","type-post","status-publish","format-standard","has-post-thumbnail","hentry","category-opinem","tag-familia-es","tag-jovenes","tag-joves","tag-natalidad","tag-subvenciones","tag-subvencions-es","tag-vivienda"],"yoast_head":"<!-- This site is optimized with the Yoast SEO plugin v26.8 - https:\/\/yoast.com\/product\/yoast-seo-wordpress\/ -->\n<title>Ayudas a la familia y a la vivienda - Converses a Catalunya<\/title>\n<meta name=\"description\" content=\"Ayudas a la familia. Espa\u00f1a es el pa\u00eds de Europa que adjudica menos ayudas por hijo (31\u20ac PP), por detr\u00e1s de Ruman\u00eda o Bulgaria,\" \/>\n<meta name=\"robots\" content=\"index, follow, max-snippet:-1, max-image-preview:large, max-video-preview:-1\" \/>\n<link rel=\"canonical\" href=\"https:\/\/conversesacatalunya.cat\/es\/ayudas-a-la-familia-y-a-la-vivienda\/\" \/>\n<meta property=\"og:locale\" content=\"es_ES\" \/>\n<meta property=\"og:type\" content=\"article\" \/>\n<meta property=\"og:title\" content=\"Ayudas a la familia y a la vivienda - Converses a Catalunya\" \/>\n<meta property=\"og:description\" content=\"Ayudas a la familia. Espa\u00f1a es el pa\u00eds de Europa que adjudica menos ayudas por hijo (31\u20ac PP), por detr\u00e1s de Ruman\u00eda o Bulgaria,\" \/>\n<meta property=\"og:url\" content=\"https:\/\/conversesacatalunya.cat\/es\/ayudas-a-la-familia-y-a-la-vivienda\/\" \/>\n<meta property=\"og:site_name\" content=\"Converses a Catalunya\" \/>\n<meta property=\"article:published_time\" content=\"2020-09-07T09:00:49+00:00\" \/>\n<meta property=\"article:modified_time\" content=\"2020-09-14T11:06:19+00:00\" \/>\n<meta property=\"og:image\" content=\"https:\/\/conversesacatalunya.cat\/wp-content\/uploads\/2020\/08\/Ajuda-a-la-familia.jpg\" \/>\n\t<meta property=\"og:image:width\" content=\"611\" \/>\n\t<meta property=\"og:image:height\" content=\"458\" \/>\n\t<meta property=\"og:image:type\" content=\"image\/jpeg\" \/>\n<meta name=\"author\" content=\"Marc Mir\u00f3\" \/>\n<meta name=\"twitter:card\" content=\"summary_large_image\" \/>\n<meta name=\"twitter:label1\" content=\"Escrito por\" \/>\n\t<meta name=\"twitter:data1\" content=\"Marc Mir\u00f3\" \/>\n\t<meta name=\"twitter:label2\" content=\"Tiempo de lectura\" \/>\n\t<meta name=\"twitter:data2\" content=\"5 minutos\" \/>\n<script type=\"application\/ld+json\" class=\"yoast-schema-graph\">{\"@context\":\"https:\/\/schema.org\",\"@graph\":[{\"@type\":\"Article\",\"@id\":\"https:\/\/conversesacatalunya.cat\/es\/ayudas-a-la-familia-y-a-la-vivienda\/#article\",\"isPartOf\":{\"@id\":\"https:\/\/conversesacatalunya.cat\/es\/ayudas-a-la-familia-y-a-la-vivienda\/\"},\"author\":{\"name\":\"Marc Mir\u00f3\",\"@id\":\"https:\/\/conversesacatalunya.cat\/#\/schema\/person\/f0cffd5beca4d58e40dc71414f560573\"},\"headline\":\"Ayudas a la familia y a la vivienda\",\"datePublished\":\"2020-09-07T09:00:49+00:00\",\"dateModified\":\"2020-09-14T11:06:19+00:00\",\"mainEntityOfPage\":{\"@id\":\"https:\/\/conversesacatalunya.cat\/es\/ayudas-a-la-familia-y-a-la-vivienda\/\"},\"wordCount\":1097,\"commentCount\":0,\"image\":{\"@id\":\"https:\/\/conversesacatalunya.cat\/es\/ayudas-a-la-familia-y-a-la-vivienda\/#primaryimage\"},\"thumbnailUrl\":\"https:\/\/conversesacatalunya.cat\/wp-content\/uploads\/2020\/08\/Ajuda-a-la-familia.jpg\",\"keywords\":[\"Fam\u00edlia\",\"j\u00f3venes\",\"joves\",\"Natalidad\",\"subvenciones\",\"subvencions\",\"vivienda\"],\"articleSection\":[\"Opinem\"],\"inLanguage\":\"es\",\"potentialAction\":[{\"@type\":\"CommentAction\",\"name\":\"Comment\",\"target\":[\"https:\/\/conversesacatalunya.cat\/es\/ayudas-a-la-familia-y-a-la-vivienda\/#respond\"]}]},{\"@type\":\"WebPage\",\"@id\":\"https:\/\/conversesacatalunya.cat\/es\/ayudas-a-la-familia-y-a-la-vivienda\/\",\"url\":\"https:\/\/conversesacatalunya.cat\/es\/ayudas-a-la-familia-y-a-la-vivienda\/\",\"name\":\"Ayudas a la familia y a la vivienda - Converses a Catalunya\",\"isPartOf\":{\"@id\":\"https:\/\/conversesacatalunya.cat\/#website\"},\"primaryImageOfPage\":{\"@id\":\"https:\/\/conversesacatalunya.cat\/es\/ayudas-a-la-familia-y-a-la-vivienda\/#primaryimage\"},\"image\":{\"@id\":\"https:\/\/conversesacatalunya.cat\/es\/ayudas-a-la-familia-y-a-la-vivienda\/#primaryimage\"},\"thumbnailUrl\":\"https:\/\/conversesacatalunya.cat\/wp-content\/uploads\/2020\/08\/Ajuda-a-la-familia.jpg\",\"datePublished\":\"2020-09-07T09:00:49+00:00\",\"dateModified\":\"2020-09-14T11:06:19+00:00\",\"author\":{\"@id\":\"https:\/\/conversesacatalunya.cat\/#\/schema\/person\/f0cffd5beca4d58e40dc71414f560573\"},\"description\":\"Ayudas a la familia. Espa\u00f1a es el pa\u00eds de Europa que adjudica menos ayudas por hijo (31\u20ac PP), por detr\u00e1s de Ruman\u00eda o Bulgaria,\",\"breadcrumb\":{\"@id\":\"https:\/\/conversesacatalunya.cat\/es\/ayudas-a-la-familia-y-a-la-vivienda\/#breadcrumb\"},\"inLanguage\":\"es\",\"potentialAction\":[{\"@type\":\"ReadAction\",\"target\":[\"https:\/\/conversesacatalunya.cat\/es\/ayudas-a-la-familia-y-a-la-vivienda\/\"]}]},{\"@type\":\"ImageObject\",\"inLanguage\":\"es\",\"@id\":\"https:\/\/conversesacatalunya.cat\/es\/ayudas-a-la-familia-y-a-la-vivienda\/#primaryimage\",\"url\":\"https:\/\/conversesacatalunya.cat\/wp-content\/uploads\/2020\/08\/Ajuda-a-la-familia.jpg\",\"contentUrl\":\"https:\/\/conversesacatalunya.cat\/wp-content\/uploads\/2020\/08\/Ajuda-a-la-familia.jpg\",\"width\":611,\"height\":458,\"caption\":\"Ajuda a la fam\u00edlia\"},{\"@type\":\"BreadcrumbList\",\"@id\":\"https:\/\/conversesacatalunya.cat\/es\/ayudas-a-la-familia-y-a-la-vivienda\/#breadcrumb\",\"itemListElement\":[{\"@type\":\"ListItem\",\"position\":1,\"name\":\"Inici\",\"item\":\"https:\/\/conversesacatalunya.cat\/es\/\"},{\"@type\":\"ListItem\",\"position\":2,\"name\":\"Ayudas a la familia y a la vivienda\"}]},{\"@type\":\"WebSite\",\"@id\":\"https:\/\/conversesacatalunya.cat\/#website\",\"url\":\"https:\/\/conversesacatalunya.cat\/\",\"name\":\"Converses a Catalunya\",\"description\":\"\",\"potentialAction\":[{\"@type\":\"SearchAction\",\"target\":{\"@type\":\"EntryPoint\",\"urlTemplate\":\"https:\/\/conversesacatalunya.cat\/?s={search_term_string}\"},\"query-input\":{\"@type\":\"PropertyValueSpecification\",\"valueRequired\":true,\"valueName\":\"search_term_string\"}}],\"inLanguage\":\"es\"},{\"@type\":\"Person\",\"@id\":\"https:\/\/conversesacatalunya.cat\/#\/schema\/person\/f0cffd5beca4d58e40dc71414f560573\",\"name\":\"Marc Mir\u00f3\",\"image\":{\"@type\":\"ImageObject\",\"inLanguage\":\"es\",\"@id\":\"https:\/\/conversesacatalunya.cat\/#\/schema\/person\/image\/\",\"url\":\"https:\/\/conversesacatalunya.cat\/wp-content\/litespeed\/avatar\/e15e502221644022ee38e7f8751dd2a5.jpg?ver=1777404814\",\"contentUrl\":\"https:\/\/conversesacatalunya.cat\/wp-content\/litespeed\/avatar\/e15e502221644022ee38e7f8751dd2a5.jpg?ver=1777404814\",\"caption\":\"Marc Mir\u00f3\"},\"url\":\"https:\/\/conversesacatalunya.cat\/es\/author\/marc__miro\/\"}]}<\/script>\n<!-- \/ Yoast SEO plugin. -->","yoast_head_json":{"title":"Ayudas a la familia y a la vivienda - Converses a Catalunya","description":"Ayudas a la familia. Espa\u00f1a es el pa\u00eds de Europa que adjudica menos ayudas por hijo (31\u20ac PP), por detr\u00e1s de Ruman\u00eda o Bulgaria,","robots":{"index":"index","follow":"follow","max-snippet":"max-snippet:-1","max-image-preview":"max-image-preview:large","max-video-preview":"max-video-preview:-1"},"canonical":"https:\/\/conversesacatalunya.cat\/es\/ayudas-a-la-familia-y-a-la-vivienda\/","og_locale":"es_ES","og_type":"article","og_title":"Ayudas a la familia y a la vivienda - Converses a Catalunya","og_description":"Ayudas a la familia. Espa\u00f1a es el pa\u00eds de Europa que adjudica menos ayudas por hijo (31\u20ac PP), por detr\u00e1s de Ruman\u00eda o Bulgaria,","og_url":"https:\/\/conversesacatalunya.cat\/es\/ayudas-a-la-familia-y-a-la-vivienda\/","og_site_name":"Converses a Catalunya","article_published_time":"2020-09-07T09:00:49+00:00","article_modified_time":"2020-09-14T11:06:19+00:00","og_image":[{"width":611,"height":458,"url":"https:\/\/conversesacatalunya.cat\/wp-content\/uploads\/2020\/08\/Ajuda-a-la-familia.jpg","type":"image\/jpeg"}],"author":"Marc Mir\u00f3","twitter_card":"summary_large_image","twitter_misc":{"Escrito por":"Marc Mir\u00f3","Tiempo de lectura":"5 minutos"},"schema":{"@context":"https:\/\/schema.org","@graph":[{"@type":"Article","@id":"https:\/\/conversesacatalunya.cat\/es\/ayudas-a-la-familia-y-a-la-vivienda\/#article","isPartOf":{"@id":"https:\/\/conversesacatalunya.cat\/es\/ayudas-a-la-familia-y-a-la-vivienda\/"},"author":{"name":"Marc Mir\u00f3","@id":"https:\/\/conversesacatalunya.cat\/#\/schema\/person\/f0cffd5beca4d58e40dc71414f560573"},"headline":"Ayudas a la familia y a la vivienda","datePublished":"2020-09-07T09:00:49+00:00","dateModified":"2020-09-14T11:06:19+00:00","mainEntityOfPage":{"@id":"https:\/\/conversesacatalunya.cat\/es\/ayudas-a-la-familia-y-a-la-vivienda\/"},"wordCount":1097,"commentCount":0,"image":{"@id":"https:\/\/conversesacatalunya.cat\/es\/ayudas-a-la-familia-y-a-la-vivienda\/#primaryimage"},"thumbnailUrl":"https:\/\/conversesacatalunya.cat\/wp-content\/uploads\/2020\/08\/Ajuda-a-la-familia.jpg","keywords":["Fam\u00edlia","j\u00f3venes","joves","Natalidad","subvenciones","subvencions","vivienda"],"articleSection":["Opinem"],"inLanguage":"es","potentialAction":[{"@type":"CommentAction","name":"Comment","target":["https:\/\/conversesacatalunya.cat\/es\/ayudas-a-la-familia-y-a-la-vivienda\/#respond"]}]},{"@type":"WebPage","@id":"https:\/\/conversesacatalunya.cat\/es\/ayudas-a-la-familia-y-a-la-vivienda\/","url":"https:\/\/conversesacatalunya.cat\/es\/ayudas-a-la-familia-y-a-la-vivienda\/","name":"Ayudas a la familia y a la vivienda - Converses a Catalunya","isPartOf":{"@id":"https:\/\/conversesacatalunya.cat\/#website"},"primaryImageOfPage":{"@id":"https:\/\/conversesacatalunya.cat\/es\/ayudas-a-la-familia-y-a-la-vivienda\/#primaryimage"},"image":{"@id":"https:\/\/conversesacatalunya.cat\/es\/ayudas-a-la-familia-y-a-la-vivienda\/#primaryimage"},"thumbnailUrl":"https:\/\/conversesacatalunya.cat\/wp-content\/uploads\/2020\/08\/Ajuda-a-la-familia.jpg","datePublished":"2020-09-07T09:00:49+00:00","dateModified":"2020-09-14T11:06:19+00:00","author":{"@id":"https:\/\/conversesacatalunya.cat\/#\/schema\/person\/f0cffd5beca4d58e40dc71414f560573"},"description":"Ayudas a la familia. Espa\u00f1a es el pa\u00eds de Europa que adjudica menos ayudas por hijo (31\u20ac PP), por detr\u00e1s de Ruman\u00eda o Bulgaria,","breadcrumb":{"@id":"https:\/\/conversesacatalunya.cat\/es\/ayudas-a-la-familia-y-a-la-vivienda\/#breadcrumb"},"inLanguage":"es","potentialAction":[{"@type":"ReadAction","target":["https:\/\/conversesacatalunya.cat\/es\/ayudas-a-la-familia-y-a-la-vivienda\/"]}]},{"@type":"ImageObject","inLanguage":"es","@id":"https:\/\/conversesacatalunya.cat\/es\/ayudas-a-la-familia-y-a-la-vivienda\/#primaryimage","url":"https:\/\/conversesacatalunya.cat\/wp-content\/uploads\/2020\/08\/Ajuda-a-la-familia.jpg","contentUrl":"https:\/\/conversesacatalunya.cat\/wp-content\/uploads\/2020\/08\/Ajuda-a-la-familia.jpg","width":611,"height":458,"caption":"Ajuda a la fam\u00edlia"},{"@type":"BreadcrumbList","@id":"https:\/\/conversesacatalunya.cat\/es\/ayudas-a-la-familia-y-a-la-vivienda\/#breadcrumb","itemListElement":[{"@type":"ListItem","position":1,"name":"Inici","item":"https:\/\/conversesacatalunya.cat\/es\/"},{"@type":"ListItem","position":2,"name":"Ayudas a la familia y a la vivienda"}]},{"@type":"WebSite","@id":"https:\/\/conversesacatalunya.cat\/#website","url":"https:\/\/conversesacatalunya.cat\/","name":"Converses a Catalunya","description":"","potentialAction":[{"@type":"SearchAction","target":{"@type":"EntryPoint","urlTemplate":"https:\/\/conversesacatalunya.cat\/?s={search_term_string}"},"query-input":{"@type":"PropertyValueSpecification","valueRequired":true,"valueName":"search_term_string"}}],"inLanguage":"es"},{"@type":"Person","@id":"https:\/\/conversesacatalunya.cat\/#\/schema\/person\/f0cffd5beca4d58e40dc71414f560573","name":"Marc Mir\u00f3","image":{"@type":"ImageObject","inLanguage":"es","@id":"https:\/\/conversesacatalunya.cat\/#\/schema\/person\/image\/","url":"https:\/\/conversesacatalunya.cat\/wp-content\/litespeed\/avatar\/e15e502221644022ee38e7f8751dd2a5.jpg?ver=1777404814","contentUrl":"https:\/\/conversesacatalunya.cat\/wp-content\/litespeed\/avatar\/e15e502221644022ee38e7f8751dd2a5.jpg?ver=1777404814","caption":"Marc Mir\u00f3"},"url":"https:\/\/conversesacatalunya.cat\/es\/author\/marc__miro\/"}]}},"wps_subtitle":"Claves para el bienestar de los j\u00f3venes","_links":{"self":[{"href":"https:\/\/conversesacatalunya.cat\/es\/wp-json\/wp\/v2\/posts\/39713","targetHints":{"allow":["GET"]}}],"collection":[{"href":"https:\/\/conversesacatalunya.cat\/es\/wp-json\/wp\/v2\/posts"}],"about":[{"href":"https:\/\/conversesacatalunya.cat\/es\/wp-json\/wp\/v2\/types\/post"}],"author":[{"embeddable":true,"href":"https:\/\/conversesacatalunya.cat\/es\/wp-json\/wp\/v2\/users\/24"}],"replies":[{"embeddable":true,"href":"https:\/\/conversesacatalunya.cat\/es\/wp-json\/wp\/v2\/comments?post=39713"}],"version-history":[{"count":6,"href":"https:\/\/conversesacatalunya.cat\/es\/wp-json\/wp\/v2\/posts\/39713\/revisions"}],"predecessor-version":[{"id":39724,"href":"https:\/\/conversesacatalunya.cat\/es\/wp-json\/wp\/v2\/posts\/39713\/revisions\/39724"}],"wp:featuredmedia":[{"embeddable":true,"href":"https:\/\/conversesacatalunya.cat\/es\/wp-json\/wp\/v2\/media\/39527"}],"wp:attachment":[{"href":"https:\/\/conversesacatalunya.cat\/es\/wp-json\/wp\/v2\/media?parent=39713"}],"wp:term":[{"taxonomy":"category","embeddable":true,"href":"https:\/\/conversesacatalunya.cat\/es\/wp-json\/wp\/v2\/categories?post=39713"},{"taxonomy":"post_tag","embeddable":true,"href":"https:\/\/conversesacatalunya.cat\/es\/wp-json\/wp\/v2\/tags?post=39713"}],"curies":[{"name":"wp","href":"https:\/\/api.w.org\/{rel}","templated":true}]}}