{"id":39700,"date":"2020-09-02T14:04:03","date_gmt":"2020-09-02T12:04:03","guid":{"rendered":"https:\/\/conversesacatalunya.cat\/ara-comencara-el-problema-dels-fons-europeus-de-reconstruccio-i-modernitzacio\/"},"modified":"2020-09-02T16:41:41","modified_gmt":"2020-09-02T14:41:41","slug":"ahora-comenzara-el-problema-de-los-fondos-europeos-de-reconstruccion-y-modernizacion","status":"publish","type":"post","link":"https:\/\/conversesacatalunya.cat\/es\/ahora-comenzara-el-problema-de-los-fondos-europeos-de-reconstruccion-y-modernizacion\/","title":{"rendered":"Ahora comenzar\u00e1 el problema de los fondos europeos de reconstrucci\u00f3n y modernizaci\u00f3n"},"content":{"rendered":"<p>Lo que est\u00e1 sucediendo con la escuela deber\u00eda alertarnos sobre los problemas que puede generar la gesti\u00f3n de los importantes <a href=\"https:\/\/conversesacatalunya.cat\/es\/fondo-europeo-de-reconstruccion-crisis-coronavirus\/\" target=\"_blank\" rel=\"noopener noreferrer\">fondos europeos<\/a> destinados a ayudar a las actividades afectadas por esta pandemia y especialmente para mejorar nuestro modelo de producci\u00f3n.<\/p>\n<p>Ciertamente, organizar el curso escolar en las condiciones actuales de transmisi\u00f3n del Covid-19 no es tarea sencilla, pero ha habido tiempo para emprender las transformaciones necesarias. Es un caso de gesti\u00f3n de recursos complejos que necesitan objetivos claros, planificaci\u00f3n, coordinaci\u00f3n y capacidad ejecutiva tanto por parte del gobierno espa\u00f1ol como de las CCAA. Todo esto no se ha producido y cada autonom\u00eda marca su pauta. Este hecho no tiene por qu\u00e9 ser necesariamente negativo, porque su proximidad a la realidad les confiere ventajas, pero este recurso no existir\u00e1 en el caso de los fondos europeos, donde el centro de gravedad descansa en la capacidad de la administraci\u00f3n central. Y aqu\u00ed es donde los interrogantes son grandes, porque hasta ahora su desacierto ha sido clamoroso.<\/p>\n<p>El tiempo se nos echa encima, en octubre deber\u00eda haber una primera presentaci\u00f3n de proyectos que tendr\u00edan su versi\u00f3n definitiva a inicios del a\u00f1o pr\u00f3ximo. Hay, por tanto, que planificar en relaci\u00f3n con los fondos qu\u00e9 recursos se dedican a reparar los da\u00f1os y cu\u00e1les a mejorar el sistema productivo del pa\u00eds. Esta es una primera determinaci\u00f3n en la que intervienen m\u00faltiples agentes. La administraci\u00f3n central, por supuesto, las auton\u00f3micas, tambi\u00e9n en determinados casos las locales, y de una manera especial las empresas, porque son ellas las que en buena medida llevar\u00e1n a cabo los proyectos.<\/p>\n<p>Junto con esta divisi\u00f3n entre parar el golpe y mejorar la econom\u00eda hay una segunda cuesti\u00f3n muy importante de la que poco se habla, que ser\u00e1 qui\u00e9n y c\u00f3mo, qu\u00e9 criterios se utilizar\u00e1n para seleccionar los proyectos. Hacerlo bien es realmente complejo, porque es mucho dinero a invertir, muchas presiones a soportar, incluso entre \u00e1mbitos de la misma administraci\u00f3n, y una clara necesidad de que lo resultante de todo ello sea econ\u00f3mica, social y territorialmente equilibrado.<\/p>\n<p>Hay en todo ello una cuidadosa tarea de planificaci\u00f3n, y no se ve claro qu\u00e9 instancia gubernamental se har\u00e1 responsable en t\u00e9rminos t\u00e9cnicos, m\u00e1s all\u00e1 de la decisi\u00f3n de S\u00e1nchez de centralizarlo todo en la Moncloa, con una especie de plantada taurina, un \u00abdejadme solo\u00bb. Se deber\u00e1 presentar con propiedad los proyectos en Bruselas y, en tercer t\u00e9rmino, habr\u00e1 que gestionarlos en tiempo y forma para que las ayudas se produzcan.<\/p>\n<p>Son muchas y dif\u00edciles exigencias, y viendo lo que est\u00e1 pasando en el \u00e1mbito de la ense\u00f1anza, no es malpensar considerar que existe un <strong>riesgo importante de fracaso<\/strong>, que ser\u00eda terrible para el pa\u00eds. Echamos de menos una falta de reflexi\u00f3n y debate pol\u00edtico racional y de inter\u00e9s por parte de los medios de comunicaci\u00f3n para conocer los contenidos, los procedimientos y las responsabilidades. No es con apelaciones gen\u00e9ricas a la unidad como se resuelve este tema, sino con eficacia y eficiencia.<\/p>\n","protected":false},"excerpt":{"rendered":"<p>Lo que est\u00e1 sucediendo con la escuela deber\u00eda alertarnos sobre los problemas que puede generar la gesti\u00f3n de los importantes fondos europeos destinados a ayudar a las actividades afectadas por esta pandemia y especialmente para mejorar nuestro modelo de producci\u00f3n. Ciertamente, organizar el curso escolar en las condiciones actuales de transmisi\u00f3n del Covid-19 no es tarea sencilla, pero ha habido tiempo para emprender las transformaciones necesarias. Es un caso de gesti\u00f3n de recursos complejos que necesitan objetivos claros, planificaci\u00f3n, coordinaci\u00f3n y capacidad ejecutiva tanto por parte del gobierno espa\u00f1ol como de las CCAA. Todo esto no se ha producido y cada autonom\u00eda marca su pauta. Este hecho no tiene por qu\u00e9 ser necesariamente negativo, porque su proximidad a la realidad les confiere ventajas, pero este recurso no existir\u00e1 en el caso de los fondos europeos, donde el centro de gravedad descansa en la capacidad de la administraci\u00f3n central. Y aqu\u00ed es donde los interrogantes son grandes, porque hasta ahora su desacierto ha sido clamoroso. El tiempo se nos echa encima, en octubre deber\u00eda haber una primera presentaci\u00f3n de proyectos que tendr\u00edan su versi\u00f3n definitiva a inicios del a\u00f1o pr\u00f3ximo. Hay, por tanto, que planificar en relaci\u00f3n con los fondos qu\u00e9 recursos se dedican a reparar los da\u00f1os y cu\u00e1les a mejorar el sistema productivo del pa\u00eds. Esta es una primera determinaci\u00f3n en la que intervienen m\u00faltiples agentes. La administraci\u00f3n central, por supuesto, las auton\u00f3micas, tambi\u00e9n en determinados casos las locales, y de una manera especial las empresas, porque son ellas las que en buena medida llevar\u00e1n a cabo los proyectos. Junto con esta divisi\u00f3n entre parar el golpe y mejorar la econom\u00eda hay una segunda cuesti\u00f3n muy importante de la que poco se habla, que ser\u00e1 qui\u00e9n y c\u00f3mo, qu\u00e9 criterios se utilizar\u00e1n para seleccionar los proyectos. Hacerlo bien es realmente complejo, porque es mucho dinero a invertir, muchas presiones a soportar, incluso entre \u00e1mbitos de la misma administraci\u00f3n, y una clara necesidad de que lo resultante de todo ello sea econ\u00f3mica, social y territorialmente equilibrado. Hay en todo ello una cuidadosa tarea de planificaci\u00f3n, y no se ve claro qu\u00e9 instancia gubernamental se har\u00e1 responsable en t\u00e9rminos t\u00e9cnicos, m\u00e1s all\u00e1 de la decisi\u00f3n de S\u00e1nchez de centralizarlo todo en la Moncloa, con una especie de plantada taurina, un \u00abdejadme solo\u00bb. Se deber\u00e1 presentar con propiedad los proyectos en Bruselas y, en tercer t\u00e9rmino, habr\u00e1 que gestionarlos en tiempo y forma para que las ayudas se produzcan. Son muchas y dif\u00edciles exigencias, y viendo lo que est\u00e1 pasando en el \u00e1mbito de la ense\u00f1anza, no es malpensar considerar que existe un riesgo importante de fracaso, que ser\u00eda terrible para el pa\u00eds. Echamos de menos una falta de reflexi\u00f3n y debate pol\u00edtico racional y de inter\u00e9s por parte de los medios de comunicaci\u00f3n para conocer los contenidos, los procedimientos y las responsabilidades. No es con apelaciones gen\u00e9ricas a la unidad como se resuelve este tema, sino con eficacia y eficiencia.<\/p>\n","protected":false},"author":2,"featured_media":39692,"comment_status":"open","ping_status":"open","sticky":false,"template":"","format":"standard","meta":{"_FSMCFIC_featured_image_caption":"","_FSMCFIC_featured_image_nocaption":"","_FSMCFIC_featured_image_hide":"","footnotes":""},"categories":[1772,806],"tags":[2905,2107],"class_list":["post-39700","post","type-post","status-publish","format-standard","has-post-thumbnail","hentry","category-especial-coronavirus-es","category-punts-claus-del-dia-es","tag-fondos-de-reconstruccion","tag-fondos-de-recuperacion"],"yoast_head":"<!-- This site is optimized with the Yoast SEO plugin v26.8 - https:\/\/yoast.com\/product\/yoast-seo-wordpress\/ -->\n<title>Ahora comenzar\u00e1 el problema de los fondos europeos de reconstrucci\u00f3n y modernizaci\u00f3n - Converses a Catalunya<\/title>\n<meta name=\"robots\" content=\"index, follow, max-snippet:-1, max-image-preview:large, max-video-preview:-1\" \/>\n<link rel=\"canonical\" href=\"https:\/\/conversesacatalunya.cat\/es\/ahora-comenzara-el-problema-de-los-fondos-europeos-de-reconstruccion-y-modernizacion\/\" \/>\n<meta property=\"og:locale\" content=\"es_ES\" \/>\n<meta property=\"og:type\" content=\"article\" \/>\n<meta property=\"og:title\" content=\"Ahora comenzar\u00e1 el problema de los fondos europeos de reconstrucci\u00f3n y modernizaci\u00f3n - Converses a Catalunya\" \/>\n<meta property=\"og:description\" content=\"Lo que est\u00e1 sucediendo con la escuela deber\u00eda alertarnos sobre los problemas que puede generar la gesti\u00f3n de los importantes fondos europeos destinados a ayudar a las actividades afectadas por esta pandemia y especialmente para mejorar nuestro modelo de producci\u00f3n. Ciertamente, organizar el curso escolar en las condiciones actuales de transmisi\u00f3n del Covid-19 no es tarea sencilla, pero ha habido tiempo para emprender las transformaciones necesarias. Es un caso de gesti\u00f3n de recursos complejos que necesitan objetivos claros, planificaci\u00f3n, coordinaci\u00f3n y capacidad ejecutiva tanto por parte del gobierno espa\u00f1ol como de las CCAA. Todo esto no se ha producido y cada autonom\u00eda marca su pauta. Este hecho no tiene por qu\u00e9 ser necesariamente negativo, porque su proximidad a la realidad les confiere ventajas, pero este recurso no existir\u00e1 en el caso de los fondos europeos, donde el centro de gravedad descansa en la capacidad de la administraci\u00f3n central. Y aqu\u00ed es donde los interrogantes son grandes, porque hasta ahora su desacierto ha sido clamoroso. El tiempo se nos echa encima, en octubre deber\u00eda haber una primera presentaci\u00f3n de proyectos que tendr\u00edan su versi\u00f3n definitiva a inicios del a\u00f1o pr\u00f3ximo. Hay, por tanto, que planificar en relaci\u00f3n con los fondos qu\u00e9 recursos se dedican a reparar los da\u00f1os y cu\u00e1les a mejorar el sistema productivo del pa\u00eds. Esta es una primera determinaci\u00f3n en la que intervienen m\u00faltiples agentes. La administraci\u00f3n central, por supuesto, las auton\u00f3micas, tambi\u00e9n en determinados casos las locales, y de una manera especial las empresas, porque son ellas las que en buena medida llevar\u00e1n a cabo los proyectos. Junto con esta divisi\u00f3n entre parar el golpe y mejorar la econom\u00eda hay una segunda cuesti\u00f3n muy importante de la que poco se habla, que ser\u00e1 qui\u00e9n y c\u00f3mo, qu\u00e9 criterios se utilizar\u00e1n para seleccionar los proyectos. Hacerlo bien es realmente complejo, porque es mucho dinero a invertir, muchas presiones a soportar, incluso entre \u00e1mbitos de la misma administraci\u00f3n, y una clara necesidad de que lo resultante de todo ello sea econ\u00f3mica, social y territorialmente equilibrado. Hay en todo ello una cuidadosa tarea de planificaci\u00f3n, y no se ve claro qu\u00e9 instancia gubernamental se har\u00e1 responsable en t\u00e9rminos t\u00e9cnicos, m\u00e1s all\u00e1 de la decisi\u00f3n de S\u00e1nchez de centralizarlo todo en la Moncloa, con una especie de plantada taurina, un \u00abdejadme solo\u00bb. Se deber\u00e1 presentar con propiedad los proyectos en Bruselas y, en tercer t\u00e9rmino, habr\u00e1 que gestionarlos en tiempo y forma para que las ayudas se produzcan. Son muchas y dif\u00edciles exigencias, y viendo lo que est\u00e1 pasando en el \u00e1mbito de la ense\u00f1anza, no es malpensar considerar que existe un riesgo importante de fracaso, que ser\u00eda terrible para el pa\u00eds. Echamos de menos una falta de reflexi\u00f3n y debate pol\u00edtico racional y de inter\u00e9s por parte de los medios de comunicaci\u00f3n para conocer los contenidos, los procedimientos y las responsabilidades. No es con apelaciones gen\u00e9ricas a la unidad como se resuelve este tema, sino con eficacia y eficiencia.\" \/>\n<meta property=\"og:url\" content=\"https:\/\/conversesacatalunya.cat\/es\/ahora-comenzara-el-problema-de-los-fondos-europeos-de-reconstruccion-y-modernizacion\/\" \/>\n<meta property=\"og:site_name\" content=\"Converses a Catalunya\" \/>\n<meta property=\"article:published_time\" content=\"2020-09-02T12:04:03+00:00\" \/>\n<meta property=\"article:modified_time\" content=\"2020-09-02T14:41:41+00:00\" \/>\n<meta property=\"og:image\" content=\"https:\/\/conversesacatalunya.cat\/wp-content\/uploads\/2020\/09\/Fons-europeu-de-reconstruccio-1024x538-1.jpg\" \/>\n\t<meta property=\"og:image:width\" content=\"1024\" \/>\n\t<meta property=\"og:image:height\" content=\"538\" \/>\n\t<meta property=\"og:image:type\" content=\"image\/jpeg\" \/>\n<meta name=\"author\" content=\"conversesacatalunya\" \/>\n<meta name=\"twitter:card\" content=\"summary_large_image\" \/>\n<meta name=\"twitter:label1\" content=\"Escrito por\" \/>\n\t<meta name=\"twitter:data1\" content=\"conversesacatalunya\" \/>\n\t<meta name=\"twitter:label2\" content=\"Tiempo de lectura\" \/>\n\t<meta name=\"twitter:data2\" content=\"3 minutos\" \/>\n<script type=\"application\/ld+json\" class=\"yoast-schema-graph\">{\"@context\":\"https:\/\/schema.org\",\"@graph\":[{\"@type\":\"Article\",\"@id\":\"https:\/\/conversesacatalunya.cat\/es\/ahora-comenzara-el-problema-de-los-fondos-europeos-de-reconstruccion-y-modernizacion\/#article\",\"isPartOf\":{\"@id\":\"https:\/\/conversesacatalunya.cat\/es\/ahora-comenzara-el-problema-de-los-fondos-europeos-de-reconstruccion-y-modernizacion\/\"},\"author\":{\"name\":\"conversesacatalunya\",\"@id\":\"https:\/\/conversesacatalunya.cat\/#\/schema\/person\/7e24d1e54a2785373ddcb275eae5ed99\"},\"headline\":\"Ahora comenzar\u00e1 el problema de los fondos europeos de reconstrucci\u00f3n y modernizaci\u00f3n\",\"datePublished\":\"2020-09-02T12:04:03+00:00\",\"dateModified\":\"2020-09-02T14:41:41+00:00\",\"mainEntityOfPage\":{\"@id\":\"https:\/\/conversesacatalunya.cat\/es\/ahora-comenzara-el-problema-de-los-fondos-europeos-de-reconstruccion-y-modernizacion\/\"},\"wordCount\":553,\"commentCount\":0,\"image\":{\"@id\":\"https:\/\/conversesacatalunya.cat\/es\/ahora-comenzara-el-problema-de-los-fondos-europeos-de-reconstruccion-y-modernizacion\/#primaryimage\"},\"thumbnailUrl\":\"https:\/\/conversesacatalunya.cat\/wp-content\/uploads\/2020\/09\/Fons-europeu-de-reconstruccio-1024x538-1.jpg\",\"keywords\":[\"fondos de reconstrucci\u00f3n\",\"fondos de recuperaci\u00f3n\"],\"articleSection\":[\"Especial Coronavirus (ES)\",\"Punts clau del dia (ES)\"],\"inLanguage\":\"es\",\"potentialAction\":[{\"@type\":\"CommentAction\",\"name\":\"Comment\",\"target\":[\"https:\/\/conversesacatalunya.cat\/es\/ahora-comenzara-el-problema-de-los-fondos-europeos-de-reconstruccion-y-modernizacion\/#respond\"]}]},{\"@type\":\"WebPage\",\"@id\":\"https:\/\/conversesacatalunya.cat\/es\/ahora-comenzara-el-problema-de-los-fondos-europeos-de-reconstruccion-y-modernizacion\/\",\"url\":\"https:\/\/conversesacatalunya.cat\/es\/ahora-comenzara-el-problema-de-los-fondos-europeos-de-reconstruccion-y-modernizacion\/\",\"name\":\"Ahora comenzar\u00e1 el problema de los fondos europeos de reconstrucci\u00f3n y modernizaci\u00f3n - Converses a Catalunya\",\"isPartOf\":{\"@id\":\"https:\/\/conversesacatalunya.cat\/#website\"},\"primaryImageOfPage\":{\"@id\":\"https:\/\/conversesacatalunya.cat\/es\/ahora-comenzara-el-problema-de-los-fondos-europeos-de-reconstruccion-y-modernizacion\/#primaryimage\"},\"image\":{\"@id\":\"https:\/\/conversesacatalunya.cat\/es\/ahora-comenzara-el-problema-de-los-fondos-europeos-de-reconstruccion-y-modernizacion\/#primaryimage\"},\"thumbnailUrl\":\"https:\/\/conversesacatalunya.cat\/wp-content\/uploads\/2020\/09\/Fons-europeu-de-reconstruccio-1024x538-1.jpg\",\"datePublished\":\"2020-09-02T12:04:03+00:00\",\"dateModified\":\"2020-09-02T14:41:41+00:00\",\"author\":{\"@id\":\"https:\/\/conversesacatalunya.cat\/#\/schema\/person\/7e24d1e54a2785373ddcb275eae5ed99\"},\"breadcrumb\":{\"@id\":\"https:\/\/conversesacatalunya.cat\/es\/ahora-comenzara-el-problema-de-los-fondos-europeos-de-reconstruccion-y-modernizacion\/#breadcrumb\"},\"inLanguage\":\"es\",\"potentialAction\":[{\"@type\":\"ReadAction\",\"target\":[\"https:\/\/conversesacatalunya.cat\/es\/ahora-comenzara-el-problema-de-los-fondos-europeos-de-reconstruccion-y-modernizacion\/\"]}]},{\"@type\":\"ImageObject\",\"inLanguage\":\"es\",\"@id\":\"https:\/\/conversesacatalunya.cat\/es\/ahora-comenzara-el-problema-de-los-fondos-europeos-de-reconstruccion-y-modernizacion\/#primaryimage\",\"url\":\"https:\/\/conversesacatalunya.cat\/wp-content\/uploads\/2020\/09\/Fons-europeu-de-reconstruccio-1024x538-1.jpg\",\"contentUrl\":\"https:\/\/conversesacatalunya.cat\/wp-content\/uploads\/2020\/09\/Fons-europeu-de-reconstruccio-1024x538-1.jpg\",\"width\":1024,\"height\":538,\"caption\":\"fons europeus\"},{\"@type\":\"BreadcrumbList\",\"@id\":\"https:\/\/conversesacatalunya.cat\/es\/ahora-comenzara-el-problema-de-los-fondos-europeos-de-reconstruccion-y-modernizacion\/#breadcrumb\",\"itemListElement\":[{\"@type\":\"ListItem\",\"position\":1,\"name\":\"Inici\",\"item\":\"https:\/\/conversesacatalunya.cat\/es\/\"},{\"@type\":\"ListItem\",\"position\":2,\"name\":\"Ahora comenzar\u00e1 el problema de los fondos europeos de reconstrucci\u00f3n y modernizaci\u00f3n\"}]},{\"@type\":\"WebSite\",\"@id\":\"https:\/\/conversesacatalunya.cat\/#website\",\"url\":\"https:\/\/conversesacatalunya.cat\/\",\"name\":\"Converses a Catalunya\",\"description\":\"\",\"potentialAction\":[{\"@type\":\"SearchAction\",\"target\":{\"@type\":\"EntryPoint\",\"urlTemplate\":\"https:\/\/conversesacatalunya.cat\/?s={search_term_string}\"},\"query-input\":{\"@type\":\"PropertyValueSpecification\",\"valueRequired\":true,\"valueName\":\"search_term_string\"}}],\"inLanguage\":\"es\"},{\"@type\":\"Person\",\"@id\":\"https:\/\/conversesacatalunya.cat\/#\/schema\/person\/7e24d1e54a2785373ddcb275eae5ed99\",\"name\":\"conversesacatalunya\",\"image\":{\"@type\":\"ImageObject\",\"inLanguage\":\"es\",\"@id\":\"https:\/\/conversesacatalunya.cat\/#\/schema\/person\/image\/\",\"url\":\"https:\/\/conversesacatalunya.cat\/wp-content\/litespeed\/avatar\/febdfeeec89d950f01c748045a981dd2.jpg?ver=1777314535\",\"contentUrl\":\"https:\/\/conversesacatalunya.cat\/wp-content\/litespeed\/avatar\/febdfeeec89d950f01c748045a981dd2.jpg?ver=1777314535\",\"caption\":\"conversesacatalunya\"},\"url\":\"https:\/\/conversesacatalunya.cat\/es\/author\/carme_catala\/\"}]}<\/script>\n<!-- \/ Yoast SEO plugin. -->","yoast_head_json":{"title":"Ahora comenzar\u00e1 el problema de los fondos europeos de reconstrucci\u00f3n y modernizaci\u00f3n - Converses a Catalunya","robots":{"index":"index","follow":"follow","max-snippet":"max-snippet:-1","max-image-preview":"max-image-preview:large","max-video-preview":"max-video-preview:-1"},"canonical":"https:\/\/conversesacatalunya.cat\/es\/ahora-comenzara-el-problema-de-los-fondos-europeos-de-reconstruccion-y-modernizacion\/","og_locale":"es_ES","og_type":"article","og_title":"Ahora comenzar\u00e1 el problema de los fondos europeos de reconstrucci\u00f3n y modernizaci\u00f3n - Converses a Catalunya","og_description":"Lo que est\u00e1 sucediendo con la escuela deber\u00eda alertarnos sobre los problemas que puede generar la gesti\u00f3n de los importantes fondos europeos destinados a ayudar a las actividades afectadas por esta pandemia y especialmente para mejorar nuestro modelo de producci\u00f3n. Ciertamente, organizar el curso escolar en las condiciones actuales de transmisi\u00f3n del Covid-19 no es tarea sencilla, pero ha habido tiempo para emprender las transformaciones necesarias. Es un caso de gesti\u00f3n de recursos complejos que necesitan objetivos claros, planificaci\u00f3n, coordinaci\u00f3n y capacidad ejecutiva tanto por parte del gobierno espa\u00f1ol como de las CCAA. Todo esto no se ha producido y cada autonom\u00eda marca su pauta. Este hecho no tiene por qu\u00e9 ser necesariamente negativo, porque su proximidad a la realidad les confiere ventajas, pero este recurso no existir\u00e1 en el caso de los fondos europeos, donde el centro de gravedad descansa en la capacidad de la administraci\u00f3n central. Y aqu\u00ed es donde los interrogantes son grandes, porque hasta ahora su desacierto ha sido clamoroso. El tiempo se nos echa encima, en octubre deber\u00eda haber una primera presentaci\u00f3n de proyectos que tendr\u00edan su versi\u00f3n definitiva a inicios del a\u00f1o pr\u00f3ximo. Hay, por tanto, que planificar en relaci\u00f3n con los fondos qu\u00e9 recursos se dedican a reparar los da\u00f1os y cu\u00e1les a mejorar el sistema productivo del pa\u00eds. Esta es una primera determinaci\u00f3n en la que intervienen m\u00faltiples agentes. La administraci\u00f3n central, por supuesto, las auton\u00f3micas, tambi\u00e9n en determinados casos las locales, y de una manera especial las empresas, porque son ellas las que en buena medida llevar\u00e1n a cabo los proyectos. Junto con esta divisi\u00f3n entre parar el golpe y mejorar la econom\u00eda hay una segunda cuesti\u00f3n muy importante de la que poco se habla, que ser\u00e1 qui\u00e9n y c\u00f3mo, qu\u00e9 criterios se utilizar\u00e1n para seleccionar los proyectos. Hacerlo bien es realmente complejo, porque es mucho dinero a invertir, muchas presiones a soportar, incluso entre \u00e1mbitos de la misma administraci\u00f3n, y una clara necesidad de que lo resultante de todo ello sea econ\u00f3mica, social y territorialmente equilibrado. Hay en todo ello una cuidadosa tarea de planificaci\u00f3n, y no se ve claro qu\u00e9 instancia gubernamental se har\u00e1 responsable en t\u00e9rminos t\u00e9cnicos, m\u00e1s all\u00e1 de la decisi\u00f3n de S\u00e1nchez de centralizarlo todo en la Moncloa, con una especie de plantada taurina, un \u00abdejadme solo\u00bb. Se deber\u00e1 presentar con propiedad los proyectos en Bruselas y, en tercer t\u00e9rmino, habr\u00e1 que gestionarlos en tiempo y forma para que las ayudas se produzcan. Son muchas y dif\u00edciles exigencias, y viendo lo que est\u00e1 pasando en el \u00e1mbito de la ense\u00f1anza, no es malpensar considerar que existe un riesgo importante de fracaso, que ser\u00eda terrible para el pa\u00eds. Echamos de menos una falta de reflexi\u00f3n y debate pol\u00edtico racional y de inter\u00e9s por parte de los medios de comunicaci\u00f3n para conocer los contenidos, los procedimientos y las responsabilidades. No es con apelaciones gen\u00e9ricas a la unidad como se resuelve este tema, sino con eficacia y eficiencia.","og_url":"https:\/\/conversesacatalunya.cat\/es\/ahora-comenzara-el-problema-de-los-fondos-europeos-de-reconstruccion-y-modernizacion\/","og_site_name":"Converses a Catalunya","article_published_time":"2020-09-02T12:04:03+00:00","article_modified_time":"2020-09-02T14:41:41+00:00","og_image":[{"width":1024,"height":538,"url":"https:\/\/conversesacatalunya.cat\/wp-content\/uploads\/2020\/09\/Fons-europeu-de-reconstruccio-1024x538-1.jpg","type":"image\/jpeg"}],"author":"conversesacatalunya","twitter_card":"summary_large_image","twitter_misc":{"Escrito por":"conversesacatalunya","Tiempo de lectura":"3 minutos"},"schema":{"@context":"https:\/\/schema.org","@graph":[{"@type":"Article","@id":"https:\/\/conversesacatalunya.cat\/es\/ahora-comenzara-el-problema-de-los-fondos-europeos-de-reconstruccion-y-modernizacion\/#article","isPartOf":{"@id":"https:\/\/conversesacatalunya.cat\/es\/ahora-comenzara-el-problema-de-los-fondos-europeos-de-reconstruccion-y-modernizacion\/"},"author":{"name":"conversesacatalunya","@id":"https:\/\/conversesacatalunya.cat\/#\/schema\/person\/7e24d1e54a2785373ddcb275eae5ed99"},"headline":"Ahora comenzar\u00e1 el problema de los fondos europeos de reconstrucci\u00f3n y modernizaci\u00f3n","datePublished":"2020-09-02T12:04:03+00:00","dateModified":"2020-09-02T14:41:41+00:00","mainEntityOfPage":{"@id":"https:\/\/conversesacatalunya.cat\/es\/ahora-comenzara-el-problema-de-los-fondos-europeos-de-reconstruccion-y-modernizacion\/"},"wordCount":553,"commentCount":0,"image":{"@id":"https:\/\/conversesacatalunya.cat\/es\/ahora-comenzara-el-problema-de-los-fondos-europeos-de-reconstruccion-y-modernizacion\/#primaryimage"},"thumbnailUrl":"https:\/\/conversesacatalunya.cat\/wp-content\/uploads\/2020\/09\/Fons-europeu-de-reconstruccio-1024x538-1.jpg","keywords":["fondos de reconstrucci\u00f3n","fondos de recuperaci\u00f3n"],"articleSection":["Especial Coronavirus (ES)","Punts clau del dia (ES)"],"inLanguage":"es","potentialAction":[{"@type":"CommentAction","name":"Comment","target":["https:\/\/conversesacatalunya.cat\/es\/ahora-comenzara-el-problema-de-los-fondos-europeos-de-reconstruccion-y-modernizacion\/#respond"]}]},{"@type":"WebPage","@id":"https:\/\/conversesacatalunya.cat\/es\/ahora-comenzara-el-problema-de-los-fondos-europeos-de-reconstruccion-y-modernizacion\/","url":"https:\/\/conversesacatalunya.cat\/es\/ahora-comenzara-el-problema-de-los-fondos-europeos-de-reconstruccion-y-modernizacion\/","name":"Ahora comenzar\u00e1 el problema de los fondos europeos de reconstrucci\u00f3n y modernizaci\u00f3n - Converses a Catalunya","isPartOf":{"@id":"https:\/\/conversesacatalunya.cat\/#website"},"primaryImageOfPage":{"@id":"https:\/\/conversesacatalunya.cat\/es\/ahora-comenzara-el-problema-de-los-fondos-europeos-de-reconstruccion-y-modernizacion\/#primaryimage"},"image":{"@id":"https:\/\/conversesacatalunya.cat\/es\/ahora-comenzara-el-problema-de-los-fondos-europeos-de-reconstruccion-y-modernizacion\/#primaryimage"},"thumbnailUrl":"https:\/\/conversesacatalunya.cat\/wp-content\/uploads\/2020\/09\/Fons-europeu-de-reconstruccio-1024x538-1.jpg","datePublished":"2020-09-02T12:04:03+00:00","dateModified":"2020-09-02T14:41:41+00:00","author":{"@id":"https:\/\/conversesacatalunya.cat\/#\/schema\/person\/7e24d1e54a2785373ddcb275eae5ed99"},"breadcrumb":{"@id":"https:\/\/conversesacatalunya.cat\/es\/ahora-comenzara-el-problema-de-los-fondos-europeos-de-reconstruccion-y-modernizacion\/#breadcrumb"},"inLanguage":"es","potentialAction":[{"@type":"ReadAction","target":["https:\/\/conversesacatalunya.cat\/es\/ahora-comenzara-el-problema-de-los-fondos-europeos-de-reconstruccion-y-modernizacion\/"]}]},{"@type":"ImageObject","inLanguage":"es","@id":"https:\/\/conversesacatalunya.cat\/es\/ahora-comenzara-el-problema-de-los-fondos-europeos-de-reconstruccion-y-modernizacion\/#primaryimage","url":"https:\/\/conversesacatalunya.cat\/wp-content\/uploads\/2020\/09\/Fons-europeu-de-reconstruccio-1024x538-1.jpg","contentUrl":"https:\/\/conversesacatalunya.cat\/wp-content\/uploads\/2020\/09\/Fons-europeu-de-reconstruccio-1024x538-1.jpg","width":1024,"height":538,"caption":"fons europeus"},{"@type":"BreadcrumbList","@id":"https:\/\/conversesacatalunya.cat\/es\/ahora-comenzara-el-problema-de-los-fondos-europeos-de-reconstruccion-y-modernizacion\/#breadcrumb","itemListElement":[{"@type":"ListItem","position":1,"name":"Inici","item":"https:\/\/conversesacatalunya.cat\/es\/"},{"@type":"ListItem","position":2,"name":"Ahora comenzar\u00e1 el problema de los fondos europeos de reconstrucci\u00f3n y modernizaci\u00f3n"}]},{"@type":"WebSite","@id":"https:\/\/conversesacatalunya.cat\/#website","url":"https:\/\/conversesacatalunya.cat\/","name":"Converses a Catalunya","description":"","potentialAction":[{"@type":"SearchAction","target":{"@type":"EntryPoint","urlTemplate":"https:\/\/conversesacatalunya.cat\/?s={search_term_string}"},"query-input":{"@type":"PropertyValueSpecification","valueRequired":true,"valueName":"search_term_string"}}],"inLanguage":"es"},{"@type":"Person","@id":"https:\/\/conversesacatalunya.cat\/#\/schema\/person\/7e24d1e54a2785373ddcb275eae5ed99","name":"conversesacatalunya","image":{"@type":"ImageObject","inLanguage":"es","@id":"https:\/\/conversesacatalunya.cat\/#\/schema\/person\/image\/","url":"https:\/\/conversesacatalunya.cat\/wp-content\/litespeed\/avatar\/febdfeeec89d950f01c748045a981dd2.jpg?ver=1777314535","contentUrl":"https:\/\/conversesacatalunya.cat\/wp-content\/litespeed\/avatar\/febdfeeec89d950f01c748045a981dd2.jpg?ver=1777314535","caption":"conversesacatalunya"},"url":"https:\/\/conversesacatalunya.cat\/es\/author\/carme_catala\/"}]}},"wps_subtitle":"","_links":{"self":[{"href":"https:\/\/conversesacatalunya.cat\/es\/wp-json\/wp\/v2\/posts\/39700","targetHints":{"allow":["GET"]}}],"collection":[{"href":"https:\/\/conversesacatalunya.cat\/es\/wp-json\/wp\/v2\/posts"}],"about":[{"href":"https:\/\/conversesacatalunya.cat\/es\/wp-json\/wp\/v2\/types\/post"}],"author":[{"embeddable":true,"href":"https:\/\/conversesacatalunya.cat\/es\/wp-json\/wp\/v2\/users\/2"}],"replies":[{"embeddable":true,"href":"https:\/\/conversesacatalunya.cat\/es\/wp-json\/wp\/v2\/comments?post=39700"}],"version-history":[{"count":2,"href":"https:\/\/conversesacatalunya.cat\/es\/wp-json\/wp\/v2\/posts\/39700\/revisions"}],"predecessor-version":[{"id":39701,"href":"https:\/\/conversesacatalunya.cat\/es\/wp-json\/wp\/v2\/posts\/39700\/revisions\/39701"}],"wp:featuredmedia":[{"embeddable":true,"href":"https:\/\/conversesacatalunya.cat\/es\/wp-json\/wp\/v2\/media\/39692"}],"wp:attachment":[{"href":"https:\/\/conversesacatalunya.cat\/es\/wp-json\/wp\/v2\/media?parent=39700"}],"wp:term":[{"taxonomy":"category","embeddable":true,"href":"https:\/\/conversesacatalunya.cat\/es\/wp-json\/wp\/v2\/categories?post=39700"},{"taxonomy":"post_tag","embeddable":true,"href":"https:\/\/conversesacatalunya.cat\/es\/wp-json\/wp\/v2\/tags?post=39700"}],"curies":[{"name":"wp","href":"https:\/\/api.w.org\/{rel}","templated":true}]}}