{"id":39696,"date":"2020-09-02T11:57:37","date_gmt":"2020-09-02T09:57:37","guid":{"rendered":"https:\/\/conversesacatalunya.cat\/turisme-catalunya-patira-mes-economicament\/"},"modified":"2020-09-02T16:24:31","modified_gmt":"2020-09-02T14:24:31","slug":"por-que-cataluna-sufrira-mas-economicamente","status":"publish","type":"post","link":"https:\/\/conversesacatalunya.cat\/es\/por-que-cataluna-sufrira-mas-economicamente\/","title":{"rendered":"\u00bfPor qu\u00e9 Catalu\u00f1a sufrir\u00e1 m\u00e1s econ\u00f3micamente?"},"content":{"rendered":"<p>La respuesta se llama turismo. Es cierto que <a href=\"https:\/\/conversesacatalunya.cat\/es\/el-turismo-en-cataluna-covid-19\/\" target=\"_blank\" rel=\"noopener noreferrer\">el turismo tiene un peso importante en el PIB catal\u00e1n<\/a> del orden del 12%, pero esta magnitud no expresa realmente su impacto, porque como es l\u00f3gico s\u00f3lo contabiliza toda su actividad, pero si el visitante coge un taxi , se compra un helado, los hoteles se abastecen de v\u00edveres, las tiendas venden productos a estos visitantes, y as\u00ed sucesivamente, se genera toda una demanda que no aparece n\u00edtidamente reflejada en el PIB. Los millones y millones de personas que han acudido cada a\u00f1o de unos d\u00edas a unas semanas, han casi desaparecido, y todo ello resta mucho m\u00e1s que la cifra de PIB. Seguramente una mirada desde las tablas input-output aportar\u00eda una radiograf\u00eda m\u00e1s completa.<\/p>\n<p>Aunque nos consideramos un centro industrial y tecnol\u00f3gico, la realidad es que la actividad por excelencia de Catalu\u00f1a, en cuanto a su din\u00e1mica de crecimiento y en la comparaci\u00f3n internacional, es el turismo. Quiz\u00e1s tiene un punto de exageraci\u00f3n, pero el informe para 2020 del McKinsey Global Institute <a href=\"https:\/\/www.mckinsey.com\/~\/media\/mckinsey\/industries\/public%20and%20social%20sector\/our%20insights\/future%20of%20organizations\/the%20future%20of%20work%20in%20europe\/mgi-the-future-of-work-in-europe-discussion-paper.pdf\" target=\"_blank\" rel=\"noopener noreferrer\"><em>The future of work in Europe<\/em><\/a>, que califica las regiones de Europa en funci\u00f3n de una clasificaci\u00f3n econ\u00f3mica espec\u00edfica, sit\u00faa las cuatro provincias catalanas, junto con Baleares, Alicante, M\u00e1laga y el Algarve en Portugal, en el marco peninsular, como <strong><em>reductos tur\u00edsticos<\/em> <\/strong>en el grupo de <strong><em>econom\u00edas estables<\/em><\/strong>. Estamos fuera, por tanto, de lo que el informe califica como <strong><em>hubs<\/em> de crecimiento din\u00e1mico<\/strong>, que en la pen\u00ednsula s\u00f3lo incorpora <strong>Madrid<\/strong>. Tampoco entramos en la clasificaci\u00f3n de <strong>centros manufactureros de alta tecnolog\u00eda<\/strong>, ni de <strong>metr\u00f3polis diversificadas<\/strong>. Repit\u00e1moslo: seg\u00fan la visi\u00f3n de este informe, Catalu\u00f1a es un reducto tur\u00edstico.<\/p>\n<p>Se pueden discutir las bases que han dado lugar a este tipo de conclusi\u00f3n, pero en cualquier caso sirve para remarcar lo que se dec\u00eda al principio: la <a href=\"https:\/\/conversesacatalunya.cat\/es\/turismo-perdidas-millonarias-por-el-coronavirus\/\" target=\"_blank\" rel=\"noopener noreferrer\">dependencia extraordinaria del turismo<\/a>.<\/p>\n<p>En 1961 Catalu\u00f1a contaba con <strong>35.000 plazas<\/strong>, sin contar los campings. En 1971 hab\u00eda crecido hasta las 140.000. Es el mayor crecimiento de toda nuestra historia tur\u00edstica. En 1992, con los Juegos Ol\u00edmpicos, llegamos a las<strong> 229.000 plazas<\/strong>, que son much\u00edsimas, pero el crecimiento con relaci\u00f3n a la d\u00e9cada anterior, 1981, fue de 69.000. Despu\u00e9s, la din\u00e1mica ha continuado, en 2018 se lleg\u00f3 a las 313.000 plazas a las que hay que a\u00f1adir, y que no figuran en la cuenta anterior, 272.000 plazas en campings, 92.000 en apartamentos tur\u00edsticos legales y 20.000 en turismo rural. <strong>En total 700.000 plazas<\/strong>. La multitud de personas y actividades que viven en torno a este turismo es extraordinaria.<\/p>\n<p>En <strong>Barcelona<\/strong>, \u200b\u200bque ha tenido un crecimiento m\u00e1s reciente, el efecto tur\u00edstico est\u00e1 muy concentrado. En 1985 s\u00f3lo ten\u00eda 15.000 plazas hoteleras, que no llegaban ni de lejos al 10% del total catal\u00e1n. Actualmente supera las 70.000 plazas.<\/p>\n<p>De todos modos, con este crecimiento, que para algunos es grande y para otros es desmesurado, hay que considerar que el turismo en el mundo todav\u00eda ha crecido m\u00e1s r\u00e1pido. Cuando aqu\u00ed apenas empez\u00e1bamos el a\u00f1o 1964, Catalu\u00f1a representaba el <strong>2,47% del turismo mundial<\/strong>. En la d\u00e9cada actual, s\u00f3lo representa el <strong>1,55%<\/strong>. Para hacerse una composici\u00f3n de lugar, vale la pena recordar que Catalu\u00f1a representa como orden de magnitud el 0,1% de la poblaci\u00f3n mundial en cifras redondas. Esta minoraci\u00f3n se debe a la entrada en juego del turismo de lo que para nosotros ser\u00edan pa\u00edses \u00abex\u00f3ticos\u00bb, porque, a escala europea, Catalu\u00f1a<strong> es la primera regi\u00f3n. En t\u00e9rminos de NUTS 2<\/strong>, que es la clasificaci\u00f3n para grandes regiones de Europa, el primer lugar corresponde a Catalu\u00f1a, seguido de la Provenza-Alpes-Costa Azul y, en tercer lugar, el V\u00e9neto.<\/p>\n<p>El Valor A\u00f1adido Bruto (VAB) del turismo catal\u00e1n es similar al de toda Grecia. El punto d\u00e9bil: la falta de progreso de la productividad de los puestos de trabajo desde 2003.<\/p>\n<p>Con esta radiograf\u00eda de urgencia, porque no hay buenos estudios actualizados sobre el impacto real del turismo, es f\u00e1cil constatar que el pa\u00eds en general, y Barcelona en particular, sufrir\u00e1n mucho, y que sus efectos ir\u00e1n m\u00e1s all\u00e1 de los dram\u00e1ticos cierres y despidos que se producir\u00e1n en el sector.<\/p>\n<p style=\"text-align: center;\">M\u00e1s informaci\u00f3n sobre el coronavirus en <a href=\"https:\/\/conversesacatalunya.cat\/es\/coronavirus\/\" target=\"_blank\" rel=\"noopener noreferrer\"><strong>ESPECIAL CORONAVIRUS<\/strong><\/a><\/p>\n","protected":false},"excerpt":{"rendered":"<p>La respuesta se llama turismo. Es cierto que el turismo tiene un peso importante en el PIB catal\u00e1n del orden del 12%, pero esta magnitud no expresa realmente su impacto, porque como es l\u00f3gico s\u00f3lo contabiliza toda su actividad, pero si el visitante coge un taxi , se compra un helado, los hoteles se abastecen de v\u00edveres, las tiendas venden productos a estos visitantes, y as\u00ed sucesivamente, se genera toda una demanda que no aparece n\u00edtidamente reflejada en el PIB. Los millones y millones de personas que han acudido cada a\u00f1o de unos d\u00edas a unas semanas, han casi desaparecido, y todo ello resta mucho m\u00e1s que la cifra de PIB. Seguramente una mirada desde las tablas input-output aportar\u00eda una radiograf\u00eda m\u00e1s completa. Aunque nos consideramos un centro industrial y tecnol\u00f3gico, la realidad es que la actividad por excelencia de Catalu\u00f1a, en cuanto a su din\u00e1mica de crecimiento y en la comparaci\u00f3n internacional, es el turismo. Quiz\u00e1s tiene un punto de exageraci\u00f3n, pero el informe para 2020 del McKinsey Global Institute The future of work in Europe, que califica las regiones de Europa en funci\u00f3n de una clasificaci\u00f3n econ\u00f3mica espec\u00edfica, sit\u00faa las cuatro provincias catalanas, junto con Baleares, Alicante, M\u00e1laga y el Algarve en Portugal, en el marco peninsular, como reductos tur\u00edsticos en el grupo de econom\u00edas estables. Estamos fuera, por tanto, de lo que el informe califica como hubs de crecimiento din\u00e1mico, que en la pen\u00ednsula s\u00f3lo incorpora Madrid. Tampoco entramos en la clasificaci\u00f3n de centros manufactureros de alta tecnolog\u00eda, ni de metr\u00f3polis diversificadas. Repit\u00e1moslo: seg\u00fan la visi\u00f3n de este informe, Catalu\u00f1a es un reducto tur\u00edstico. Se pueden discutir las bases que han dado lugar a este tipo de conclusi\u00f3n, pero en cualquier caso sirve para remarcar lo que se dec\u00eda al principio: la dependencia extraordinaria del turismo. En 1961 Catalu\u00f1a contaba con 35.000 plazas, sin contar los campings. En 1971 hab\u00eda crecido hasta las 140.000. Es el mayor crecimiento de toda nuestra historia tur\u00edstica. En 1992, con los Juegos Ol\u00edmpicos, llegamos a las 229.000 plazas, que son much\u00edsimas, pero el crecimiento con relaci\u00f3n a la d\u00e9cada anterior, 1981, fue de 69.000. Despu\u00e9s, la din\u00e1mica ha continuado, en 2018 se lleg\u00f3 a las 313.000 plazas a las que hay que a\u00f1adir, y que no figuran en la cuenta anterior, 272.000 plazas en campings, 92.000 en apartamentos tur\u00edsticos legales y 20.000 en turismo rural. En total 700.000 plazas. La multitud de personas y actividades que viven en torno a este turismo es extraordinaria. En Barcelona, \u200b\u200bque ha tenido un crecimiento m\u00e1s reciente, el efecto tur\u00edstico est\u00e1 muy concentrado. En 1985 s\u00f3lo ten\u00eda 15.000 plazas hoteleras, que no llegaban ni de lejos al 10% del total catal\u00e1n. Actualmente supera las 70.000 plazas. De todos modos, con este crecimiento, que para algunos es grande y para otros es desmesurado, hay que considerar que el turismo en el mundo todav\u00eda ha crecido m\u00e1s r\u00e1pido. Cuando aqu\u00ed apenas empez\u00e1bamos el a\u00f1o 1964, Catalu\u00f1a representaba el 2,47% del turismo mundial. En la d\u00e9cada actual, s\u00f3lo representa el 1,55%. Para hacerse una composici\u00f3n de lugar, vale la pena recordar que Catalu\u00f1a representa como orden de magnitud el 0,1% de la poblaci\u00f3n mundial en cifras redondas. Esta minoraci\u00f3n se debe a la entrada en juego del turismo de lo que para nosotros ser\u00edan pa\u00edses \u00abex\u00f3ticos\u00bb, porque, a escala europea, Catalu\u00f1a es la primera regi\u00f3n. En t\u00e9rminos de NUTS 2, que es la clasificaci\u00f3n para grandes regiones de Europa, el primer lugar corresponde a Catalu\u00f1a, seguido de la Provenza-Alpes-Costa Azul y, en tercer lugar, el V\u00e9neto. El Valor A\u00f1adido Bruto (VAB) del turismo catal\u00e1n es similar al de toda Grecia. El punto d\u00e9bil: la falta de progreso de la productividad de los puestos de trabajo desde 2003. Con esta radiograf\u00eda de urgencia, porque no hay buenos estudios actualizados sobre el impacto real del turismo, es f\u00e1cil constatar que el pa\u00eds en general, y Barcelona en particular, sufrir\u00e1n mucho, y que sus efectos ir\u00e1n m\u00e1s all\u00e1 de los dram\u00e1ticos cierres y despidos que se producir\u00e1n en el sector. M\u00e1s informaci\u00f3n sobre el coronavirus en ESPECIAL CORONAVIRUS<\/p>\n","protected":false},"author":2,"featured_media":39681,"comment_status":"open","ping_status":"open","sticky":false,"template":"","format":"standard","meta":{"_FSMCFIC_featured_image_caption":"","_FSMCFIC_featured_image_nocaption":"","_FSMCFIC_featured_image_hide":"","footnotes":""},"categories":[1772,806],"tags":[1504,2231],"class_list":["post-39696","post","type-post","status-publish","format-standard","has-post-thumbnail","hentry","category-especial-coronavirus-es","category-punts-claus-del-dia-es","tag-coronavirus-es","tag-turismo"],"yoast_head":"<!-- This site is optimized with the Yoast SEO plugin v26.8 - https:\/\/yoast.com\/product\/yoast-seo-wordpress\/ -->\n<title>\u00bfPor qu\u00e9 Catalu\u00f1a sufrir\u00e1 m\u00e1s econ\u00f3micamente? - Converses a Catalunya<\/title>\n<meta name=\"description\" content=\"La actividad por excelencia de Catalu\u00f1a, en cuanto a su din\u00e1mica de crecimiento y en la comparaci\u00f3n internacional, es el turismo\" \/>\n<meta name=\"robots\" content=\"index, follow, max-snippet:-1, max-image-preview:large, max-video-preview:-1\" \/>\n<link rel=\"canonical\" href=\"https:\/\/conversesacatalunya.cat\/es\/por-que-cataluna-sufrira-mas-economicamente\/\" \/>\n<meta property=\"og:locale\" content=\"es_ES\" \/>\n<meta property=\"og:type\" content=\"article\" \/>\n<meta property=\"og:title\" content=\"\u00bfPor qu\u00e9 Catalu\u00f1a sufrir\u00e1 m\u00e1s econ\u00f3micamente? - Converses a Catalunya\" \/>\n<meta property=\"og:description\" content=\"La actividad por excelencia de Catalu\u00f1a, en cuanto a su din\u00e1mica de crecimiento y en la comparaci\u00f3n internacional, es el turismo\" \/>\n<meta property=\"og:url\" content=\"https:\/\/conversesacatalunya.cat\/es\/por-que-cataluna-sufrira-mas-economicamente\/\" \/>\n<meta property=\"og:site_name\" content=\"Converses a Catalunya\" \/>\n<meta property=\"article:published_time\" content=\"2020-09-02T09:57:37+00:00\" \/>\n<meta property=\"article:modified_time\" content=\"2020-09-02T14:24:31+00:00\" \/>\n<meta property=\"og:image\" content=\"https:\/\/conversesacatalunya.cat\/wp-content\/uploads\/2020\/09\/turisme-catalunya.jpg\" \/>\n\t<meta property=\"og:image:width\" content=\"512\" \/>\n\t<meta property=\"og:image:height\" content=\"342\" \/>\n\t<meta property=\"og:image:type\" content=\"image\/jpeg\" \/>\n<meta name=\"author\" content=\"conversesacatalunya\" \/>\n<meta name=\"twitter:card\" content=\"summary_large_image\" \/>\n<meta name=\"twitter:label1\" content=\"Escrito por\" \/>\n\t<meta name=\"twitter:data1\" content=\"conversesacatalunya\" \/>\n\t<meta name=\"twitter:label2\" content=\"Tiempo de lectura\" \/>\n\t<meta name=\"twitter:data2\" content=\"4 minutos\" \/>\n<script type=\"application\/ld+json\" class=\"yoast-schema-graph\">{\"@context\":\"https:\/\/schema.org\",\"@graph\":[{\"@type\":\"Article\",\"@id\":\"https:\/\/conversesacatalunya.cat\/es\/por-que-cataluna-sufrira-mas-economicamente\/#article\",\"isPartOf\":{\"@id\":\"https:\/\/conversesacatalunya.cat\/es\/por-que-cataluna-sufrira-mas-economicamente\/\"},\"author\":{\"name\":\"conversesacatalunya\",\"@id\":\"https:\/\/conversesacatalunya.cat\/#\/schema\/person\/7e24d1e54a2785373ddcb275eae5ed99\"},\"headline\":\"\u00bfPor qu\u00e9 Catalu\u00f1a sufrir\u00e1 m\u00e1s econ\u00f3micamente?\",\"datePublished\":\"2020-09-02T09:57:37+00:00\",\"dateModified\":\"2020-09-02T14:24:31+00:00\",\"mainEntityOfPage\":{\"@id\":\"https:\/\/conversesacatalunya.cat\/es\/por-que-cataluna-sufrira-mas-economicamente\/\"},\"wordCount\":747,\"commentCount\":0,\"image\":{\"@id\":\"https:\/\/conversesacatalunya.cat\/es\/por-que-cataluna-sufrira-mas-economicamente\/#primaryimage\"},\"thumbnailUrl\":\"https:\/\/conversesacatalunya.cat\/wp-content\/uploads\/2020\/09\/turisme-catalunya.jpg\",\"keywords\":[\"coronavirus\",\"Turismo\"],\"articleSection\":[\"Especial Coronavirus (ES)\",\"Punts clau del dia (ES)\"],\"inLanguage\":\"es\",\"potentialAction\":[{\"@type\":\"CommentAction\",\"name\":\"Comment\",\"target\":[\"https:\/\/conversesacatalunya.cat\/es\/por-que-cataluna-sufrira-mas-economicamente\/#respond\"]}]},{\"@type\":\"WebPage\",\"@id\":\"https:\/\/conversesacatalunya.cat\/es\/por-que-cataluna-sufrira-mas-economicamente\/\",\"url\":\"https:\/\/conversesacatalunya.cat\/es\/por-que-cataluna-sufrira-mas-economicamente\/\",\"name\":\"\u00bfPor qu\u00e9 Catalu\u00f1a sufrir\u00e1 m\u00e1s econ\u00f3micamente? - Converses a Catalunya\",\"isPartOf\":{\"@id\":\"https:\/\/conversesacatalunya.cat\/#website\"},\"primaryImageOfPage\":{\"@id\":\"https:\/\/conversesacatalunya.cat\/es\/por-que-cataluna-sufrira-mas-economicamente\/#primaryimage\"},\"image\":{\"@id\":\"https:\/\/conversesacatalunya.cat\/es\/por-que-cataluna-sufrira-mas-economicamente\/#primaryimage\"},\"thumbnailUrl\":\"https:\/\/conversesacatalunya.cat\/wp-content\/uploads\/2020\/09\/turisme-catalunya.jpg\",\"datePublished\":\"2020-09-02T09:57:37+00:00\",\"dateModified\":\"2020-09-02T14:24:31+00:00\",\"author\":{\"@id\":\"https:\/\/conversesacatalunya.cat\/#\/schema\/person\/7e24d1e54a2785373ddcb275eae5ed99\"},\"description\":\"La actividad por excelencia de Catalu\u00f1a, en cuanto a su din\u00e1mica de crecimiento y en la comparaci\u00f3n internacional, es el turismo\",\"breadcrumb\":{\"@id\":\"https:\/\/conversesacatalunya.cat\/es\/por-que-cataluna-sufrira-mas-economicamente\/#breadcrumb\"},\"inLanguage\":\"es\",\"potentialAction\":[{\"@type\":\"ReadAction\",\"target\":[\"https:\/\/conversesacatalunya.cat\/es\/por-que-cataluna-sufrira-mas-economicamente\/\"]}]},{\"@type\":\"ImageObject\",\"inLanguage\":\"es\",\"@id\":\"https:\/\/conversesacatalunya.cat\/es\/por-que-cataluna-sufrira-mas-economicamente\/#primaryimage\",\"url\":\"https:\/\/conversesacatalunya.cat\/wp-content\/uploads\/2020\/09\/turisme-catalunya.jpg\",\"contentUrl\":\"https:\/\/conversesacatalunya.cat\/wp-content\/uploads\/2020\/09\/turisme-catalunya.jpg\",\"width\":512,\"height\":342,\"caption\":\"turisme catalunya covid\"},{\"@type\":\"BreadcrumbList\",\"@id\":\"https:\/\/conversesacatalunya.cat\/es\/por-que-cataluna-sufrira-mas-economicamente\/#breadcrumb\",\"itemListElement\":[{\"@type\":\"ListItem\",\"position\":1,\"name\":\"Inici\",\"item\":\"https:\/\/conversesacatalunya.cat\/es\/\"},{\"@type\":\"ListItem\",\"position\":2,\"name\":\"\u00bfPor qu\u00e9 Catalu\u00f1a sufrir\u00e1 m\u00e1s econ\u00f3micamente?\"}]},{\"@type\":\"WebSite\",\"@id\":\"https:\/\/conversesacatalunya.cat\/#website\",\"url\":\"https:\/\/conversesacatalunya.cat\/\",\"name\":\"Converses a Catalunya\",\"description\":\"\",\"potentialAction\":[{\"@type\":\"SearchAction\",\"target\":{\"@type\":\"EntryPoint\",\"urlTemplate\":\"https:\/\/conversesacatalunya.cat\/?s={search_term_string}\"},\"query-input\":{\"@type\":\"PropertyValueSpecification\",\"valueRequired\":true,\"valueName\":\"search_term_string\"}}],\"inLanguage\":\"es\"},{\"@type\":\"Person\",\"@id\":\"https:\/\/conversesacatalunya.cat\/#\/schema\/person\/7e24d1e54a2785373ddcb275eae5ed99\",\"name\":\"conversesacatalunya\",\"image\":{\"@type\":\"ImageObject\",\"inLanguage\":\"es\",\"@id\":\"https:\/\/conversesacatalunya.cat\/#\/schema\/person\/image\/\",\"url\":\"https:\/\/conversesacatalunya.cat\/wp-content\/litespeed\/avatar\/febdfeeec89d950f01c748045a981dd2.jpg?ver=1777314535\",\"contentUrl\":\"https:\/\/conversesacatalunya.cat\/wp-content\/litespeed\/avatar\/febdfeeec89d950f01c748045a981dd2.jpg?ver=1777314535\",\"caption\":\"conversesacatalunya\"},\"url\":\"https:\/\/conversesacatalunya.cat\/es\/author\/carme_catala\/\"}]}<\/script>\n<!-- \/ Yoast SEO plugin. -->","yoast_head_json":{"title":"\u00bfPor qu\u00e9 Catalu\u00f1a sufrir\u00e1 m\u00e1s econ\u00f3micamente? - Converses a Catalunya","description":"La actividad por excelencia de Catalu\u00f1a, en cuanto a su din\u00e1mica de crecimiento y en la comparaci\u00f3n internacional, es el turismo","robots":{"index":"index","follow":"follow","max-snippet":"max-snippet:-1","max-image-preview":"max-image-preview:large","max-video-preview":"max-video-preview:-1"},"canonical":"https:\/\/conversesacatalunya.cat\/es\/por-que-cataluna-sufrira-mas-economicamente\/","og_locale":"es_ES","og_type":"article","og_title":"\u00bfPor qu\u00e9 Catalu\u00f1a sufrir\u00e1 m\u00e1s econ\u00f3micamente? - Converses a Catalunya","og_description":"La actividad por excelencia de Catalu\u00f1a, en cuanto a su din\u00e1mica de crecimiento y en la comparaci\u00f3n internacional, es el turismo","og_url":"https:\/\/conversesacatalunya.cat\/es\/por-que-cataluna-sufrira-mas-economicamente\/","og_site_name":"Converses a Catalunya","article_published_time":"2020-09-02T09:57:37+00:00","article_modified_time":"2020-09-02T14:24:31+00:00","og_image":[{"width":512,"height":342,"url":"https:\/\/conversesacatalunya.cat\/wp-content\/uploads\/2020\/09\/turisme-catalunya.jpg","type":"image\/jpeg"}],"author":"conversesacatalunya","twitter_card":"summary_large_image","twitter_misc":{"Escrito por":"conversesacatalunya","Tiempo de lectura":"4 minutos"},"schema":{"@context":"https:\/\/schema.org","@graph":[{"@type":"Article","@id":"https:\/\/conversesacatalunya.cat\/es\/por-que-cataluna-sufrira-mas-economicamente\/#article","isPartOf":{"@id":"https:\/\/conversesacatalunya.cat\/es\/por-que-cataluna-sufrira-mas-economicamente\/"},"author":{"name":"conversesacatalunya","@id":"https:\/\/conversesacatalunya.cat\/#\/schema\/person\/7e24d1e54a2785373ddcb275eae5ed99"},"headline":"\u00bfPor qu\u00e9 Catalu\u00f1a sufrir\u00e1 m\u00e1s econ\u00f3micamente?","datePublished":"2020-09-02T09:57:37+00:00","dateModified":"2020-09-02T14:24:31+00:00","mainEntityOfPage":{"@id":"https:\/\/conversesacatalunya.cat\/es\/por-que-cataluna-sufrira-mas-economicamente\/"},"wordCount":747,"commentCount":0,"image":{"@id":"https:\/\/conversesacatalunya.cat\/es\/por-que-cataluna-sufrira-mas-economicamente\/#primaryimage"},"thumbnailUrl":"https:\/\/conversesacatalunya.cat\/wp-content\/uploads\/2020\/09\/turisme-catalunya.jpg","keywords":["coronavirus","Turismo"],"articleSection":["Especial Coronavirus (ES)","Punts clau del dia (ES)"],"inLanguage":"es","potentialAction":[{"@type":"CommentAction","name":"Comment","target":["https:\/\/conversesacatalunya.cat\/es\/por-que-cataluna-sufrira-mas-economicamente\/#respond"]}]},{"@type":"WebPage","@id":"https:\/\/conversesacatalunya.cat\/es\/por-que-cataluna-sufrira-mas-economicamente\/","url":"https:\/\/conversesacatalunya.cat\/es\/por-que-cataluna-sufrira-mas-economicamente\/","name":"\u00bfPor qu\u00e9 Catalu\u00f1a sufrir\u00e1 m\u00e1s econ\u00f3micamente? - Converses a Catalunya","isPartOf":{"@id":"https:\/\/conversesacatalunya.cat\/#website"},"primaryImageOfPage":{"@id":"https:\/\/conversesacatalunya.cat\/es\/por-que-cataluna-sufrira-mas-economicamente\/#primaryimage"},"image":{"@id":"https:\/\/conversesacatalunya.cat\/es\/por-que-cataluna-sufrira-mas-economicamente\/#primaryimage"},"thumbnailUrl":"https:\/\/conversesacatalunya.cat\/wp-content\/uploads\/2020\/09\/turisme-catalunya.jpg","datePublished":"2020-09-02T09:57:37+00:00","dateModified":"2020-09-02T14:24:31+00:00","author":{"@id":"https:\/\/conversesacatalunya.cat\/#\/schema\/person\/7e24d1e54a2785373ddcb275eae5ed99"},"description":"La actividad por excelencia de Catalu\u00f1a, en cuanto a su din\u00e1mica de crecimiento y en la comparaci\u00f3n internacional, es el turismo","breadcrumb":{"@id":"https:\/\/conversesacatalunya.cat\/es\/por-que-cataluna-sufrira-mas-economicamente\/#breadcrumb"},"inLanguage":"es","potentialAction":[{"@type":"ReadAction","target":["https:\/\/conversesacatalunya.cat\/es\/por-que-cataluna-sufrira-mas-economicamente\/"]}]},{"@type":"ImageObject","inLanguage":"es","@id":"https:\/\/conversesacatalunya.cat\/es\/por-que-cataluna-sufrira-mas-economicamente\/#primaryimage","url":"https:\/\/conversesacatalunya.cat\/wp-content\/uploads\/2020\/09\/turisme-catalunya.jpg","contentUrl":"https:\/\/conversesacatalunya.cat\/wp-content\/uploads\/2020\/09\/turisme-catalunya.jpg","width":512,"height":342,"caption":"turisme catalunya covid"},{"@type":"BreadcrumbList","@id":"https:\/\/conversesacatalunya.cat\/es\/por-que-cataluna-sufrira-mas-economicamente\/#breadcrumb","itemListElement":[{"@type":"ListItem","position":1,"name":"Inici","item":"https:\/\/conversesacatalunya.cat\/es\/"},{"@type":"ListItem","position":2,"name":"\u00bfPor qu\u00e9 Catalu\u00f1a sufrir\u00e1 m\u00e1s econ\u00f3micamente?"}]},{"@type":"WebSite","@id":"https:\/\/conversesacatalunya.cat\/#website","url":"https:\/\/conversesacatalunya.cat\/","name":"Converses a Catalunya","description":"","potentialAction":[{"@type":"SearchAction","target":{"@type":"EntryPoint","urlTemplate":"https:\/\/conversesacatalunya.cat\/?s={search_term_string}"},"query-input":{"@type":"PropertyValueSpecification","valueRequired":true,"valueName":"search_term_string"}}],"inLanguage":"es"},{"@type":"Person","@id":"https:\/\/conversesacatalunya.cat\/#\/schema\/person\/7e24d1e54a2785373ddcb275eae5ed99","name":"conversesacatalunya","image":{"@type":"ImageObject","inLanguage":"es","@id":"https:\/\/conversesacatalunya.cat\/#\/schema\/person\/image\/","url":"https:\/\/conversesacatalunya.cat\/wp-content\/litespeed\/avatar\/febdfeeec89d950f01c748045a981dd2.jpg?ver=1777314535","contentUrl":"https:\/\/conversesacatalunya.cat\/wp-content\/litespeed\/avatar\/febdfeeec89d950f01c748045a981dd2.jpg?ver=1777314535","caption":"conversesacatalunya"},"url":"https:\/\/conversesacatalunya.cat\/es\/author\/carme_catala\/"}]}},"wps_subtitle":"La actividad por excelencia de Catalu\u00f1a, en cuanto a su din\u00e1mica de crecimiento y en la comparaci\u00f3n internacional, es el turismo","_links":{"self":[{"href":"https:\/\/conversesacatalunya.cat\/es\/wp-json\/wp\/v2\/posts\/39696","targetHints":{"allow":["GET"]}}],"collection":[{"href":"https:\/\/conversesacatalunya.cat\/es\/wp-json\/wp\/v2\/posts"}],"about":[{"href":"https:\/\/conversesacatalunya.cat\/es\/wp-json\/wp\/v2\/types\/post"}],"author":[{"embeddable":true,"href":"https:\/\/conversesacatalunya.cat\/es\/wp-json\/wp\/v2\/users\/2"}],"replies":[{"embeddable":true,"href":"https:\/\/conversesacatalunya.cat\/es\/wp-json\/wp\/v2\/comments?post=39696"}],"version-history":[{"count":2,"href":"https:\/\/conversesacatalunya.cat\/es\/wp-json\/wp\/v2\/posts\/39696\/revisions"}],"predecessor-version":[{"id":39697,"href":"https:\/\/conversesacatalunya.cat\/es\/wp-json\/wp\/v2\/posts\/39696\/revisions\/39697"}],"wp:featuredmedia":[{"embeddable":true,"href":"https:\/\/conversesacatalunya.cat\/es\/wp-json\/wp\/v2\/media\/39681"}],"wp:attachment":[{"href":"https:\/\/conversesacatalunya.cat\/es\/wp-json\/wp\/v2\/media?parent=39696"}],"wp:term":[{"taxonomy":"category","embeddable":true,"href":"https:\/\/conversesacatalunya.cat\/es\/wp-json\/wp\/v2\/categories?post=39696"},{"taxonomy":"post_tag","embeddable":true,"href":"https:\/\/conversesacatalunya.cat\/es\/wp-json\/wp\/v2\/tags?post=39696"}],"curies":[{"name":"wp","href":"https:\/\/api.w.org\/{rel}","templated":true}]}}