{"id":39676,"date":"2020-09-02T08:07:50","date_gmt":"2020-09-02T06:07:50","guid":{"rendered":"https:\/\/conversesacatalunya.cat\/australia-entra-en-recessio-per-primera-vegada-en-30-anys\/"},"modified":"2020-09-02T11:00:40","modified_gmt":"2020-09-02T09:00:40","slug":"australia-recesion","status":"publish","type":"post","link":"https:\/\/conversesacatalunya.cat\/es\/australia-recesion\/","title":{"rendered":"Australia entra en recesi\u00f3n por primera vez en 30 a\u00f1os"},"content":{"rendered":"<p>El Coronavirus est\u00e1 suponiendo un verdadero quebradero de cabeza para las principales econom\u00edas. En este caso Australia, que registraba un buen crecimiento sostenido desde casi 30 a\u00f1os,<strong> ha entrado por primera vez en recesi\u00f3n<\/strong>.<\/p>\n<p>La \u00faltima vez que Australia entr\u00f3 en recesi\u00f3n fue en 1991, cuando la econom\u00eda se contrajo en un 1,3 por ciento y en 0,1 por ciento en dos trimestres consecutivos. \u00abLa pandemia mundial y las pol\u00edticas de contenci\u00f3n conexas provocaron una ca\u00edda del 7,0% del PIB en el trimestre de junio. Esta es, por un amplio margen, la mayor ca\u00edda del PIB trimestral desde que se iniciaron los registros en 1959\u00bb, dijo el jefe de las Cuentas Nacionales de la Oficina Australia a de Estad\u00edsticas, Michael Smedes en un comunicado.<\/p>\n<p>La Oficina Australiana de Estad\u00edsticas (ABS, siglas en ingl\u00e9s) explic\u00f3 en su comunicado que la respuesta del Gobierno para apoyar a los hogares y las empresas australianas dio lugar a pagos sin precedentes del sector p\u00fablico al privado. Tras el brote de la pandemia, el Gobierno australiano <strong>impuso una serie de restricciones y orden\u00f3 el cierre de negocios<\/strong> para frenar la propagaci\u00f3n del nuevo coronavirus a la vez que implement\u00f3 paquetes de ayuda, entre ellos subsidios salariales y de desempleo, as\u00ed como dio est\u00edmulo econ\u00f3micos que en total equivalen a un 13,3 por ciento de su PIB.<\/p>\n<p>Tambi\u00e9n detall\u00f3 que la demanda privada se contrajo en un 7,9 por ciento, que incluye un retroceso de un 12,1 por ciento en el consumo dom\u00e9stico, mientras que el gasto en servicios, como el transporte, restaurantes y hoteles, se desplom\u00f3 en 17, 6 por ciento. \u00abEn el trimestre de junio se produjo una contracci\u00f3n significativa en el gasto dom\u00e9stico en servicios debido a un cambio de comportamiento en los hogares y a ra\u00edz de las restricciones que se implementaron para contener al coronavirus\u00bb, preci\u00f3.<\/p>\n<p>Con unas 25.900 infecciones acumuladas desde el inicio de la pandemia, que incluye 663 fallecimientos, Australia sigue luchando con un fuerte rebrote de la COVID-19, que estall\u00f3 en Melbourne en junio pasado y que desbarat\u00f3 los planes de reactivaci\u00f3n de la econom\u00eda en el pa\u00eds tras haber suprimido al nuevo coronavirus.<\/p>\n<span class='bctt-click-to-tweet'><span class='bctt-ctt-text'><a href='https:\/\/twitter.com\/intent\/tweet?url=https%3A%2F%2Fconversesacatalunya.cat%2Fes%2Faustralia-recesion%2F&#038;text=En%20este%20caso%20Australia%2C%20que%20registraba%20un%20buen%20crecimiento%20sostenido%20desde%20casi%2030%20a%C3%B1os%2C%20ha%20entrado%20por%20primera%20vez%20en%20recesi%C3%B3n&#038;via=conversesacat&#038;related=conversesacat' target='_blank'rel=\"noopener noreferrer\">En este caso Australia, que registraba un buen crecimiento sostenido desde casi 30 a\u00f1os, ha entrado por primera vez en recesi\u00f3n <\/a><\/span><a href='https:\/\/twitter.com\/intent\/tweet?url=https%3A%2F%2Fconversesacatalunya.cat%2Fes%2Faustralia-recesion%2F&#038;text=En%20este%20caso%20Australia%2C%20que%20registraba%20un%20buen%20crecimiento%20sostenido%20desde%20casi%2030%20a%C3%B1os%2C%20ha%20entrado%20por%20primera%20vez%20en%20recesi%C3%B3n&#038;via=conversesacat&#038;related=conversesacat' target='_blank' class='bctt-ctt-btn'rel=\"noopener noreferrer\">Compartir en X<\/a><\/span>\n","protected":false},"excerpt":{"rendered":"<p>El Coronavirus est\u00e1 suponiendo un verdadero quebradero de cabeza para las principales econom\u00edas. En este caso Australia, que registraba un buen crecimiento sostenido desde casi 30 a\u00f1os, ha entrado por primera vez en recesi\u00f3n. La \u00faltima vez que Australia entr\u00f3 en recesi\u00f3n fue en 1991, cuando la econom\u00eda se contrajo en un 1,3 por ciento y en 0,1 por ciento en dos trimestres consecutivos. \u00abLa pandemia mundial y las pol\u00edticas de contenci\u00f3n conexas provocaron una ca\u00edda del 7,0% del PIB en el trimestre de junio. Esta es, por un amplio margen, la mayor ca\u00edda del PIB trimestral desde que se iniciaron los registros en 1959\u00bb, dijo el jefe de las Cuentas Nacionales de la Oficina Australia a de Estad\u00edsticas, Michael Smedes en un comunicado. La Oficina Australiana de Estad\u00edsticas (ABS, siglas en ingl\u00e9s) explic\u00f3 en su comunicado que la respuesta del Gobierno para apoyar a los hogares y las empresas australianas dio lugar a pagos sin precedentes del sector p\u00fablico al privado. Tras el brote de la pandemia, el Gobierno australiano impuso una serie de restricciones y orden\u00f3 el cierre de negocios para frenar la propagaci\u00f3n del nuevo coronavirus a la vez que implement\u00f3 paquetes de ayuda, entre ellos subsidios salariales y de desempleo, as\u00ed como dio est\u00edmulo econ\u00f3micos que en total equivalen a un 13,3 por ciento de su PIB. Tambi\u00e9n detall\u00f3 que la demanda privada se contrajo en un 7,9 por ciento, que incluye un retroceso de un 12,1 por ciento en el consumo dom\u00e9stico, mientras que el gasto en servicios, como el transporte, restaurantes y hoteles, se desplom\u00f3 en 17, 6 por ciento. \u00abEn el trimestre de junio se produjo una contracci\u00f3n significativa en el gasto dom\u00e9stico en servicios debido a un cambio de comportamiento en los hogares y a ra\u00edz de las restricciones que se implementaron para contener al coronavirus\u00bb, preci\u00f3. Con unas 25.900 infecciones acumuladas desde el inicio de la pandemia, que incluye 663 fallecimientos, Australia sigue luchando con un fuerte rebrote de la COVID-19, que estall\u00f3 en Melbourne en junio pasado y que desbarat\u00f3 los planes de reactivaci\u00f3n de la econom\u00eda en el pa\u00eds tras haber suprimido al nuevo coronavirus.<\/p>\n","protected":false},"author":20,"featured_media":39662,"comment_status":"open","ping_status":"open","sticky":false,"template":"","format":"standard","meta":{"_FSMCFIC_featured_image_caption":"","_FSMCFIC_featured_image_nocaption":"","_FSMCFIC_featured_image_hide":"","footnotes":""},"categories":[1772,806],"tags":[1504],"class_list":["post-39676","post","type-post","status-publish","format-standard","has-post-thumbnail","hentry","category-especial-coronavirus-es","category-punts-claus-del-dia-es","tag-coronavirus-es"],"yoast_head":"<!-- This site is optimized with the Yoast SEO plugin v26.8 - https:\/\/yoast.com\/product\/yoast-seo-wordpress\/ -->\n<title>Australia entra en recesi\u00f3n por primera vez en 30 a\u00f1os -<\/title>\n<meta name=\"description\" content=\"Australia registra su ca\u00edda de crecimiento del PIB m\u00e1s grande de su historia y la primera recesi\u00f3n en 30 a\u00f1os. Los rebrotes\" \/>\n<meta name=\"robots\" content=\"index, follow, max-snippet:-1, max-image-preview:large, max-video-preview:-1\" \/>\n<link rel=\"canonical\" href=\"https:\/\/conversesacatalunya.cat\/es\/australia-recesion\/\" \/>\n<meta property=\"og:locale\" content=\"es_ES\" \/>\n<meta property=\"og:type\" content=\"article\" \/>\n<meta property=\"og:title\" content=\"Australia entra en recesi\u00f3n por primera vez en 30 a\u00f1os -\" \/>\n<meta property=\"og:description\" content=\"Australia registra su ca\u00edda de crecimiento del PIB m\u00e1s grande de su historia y la primera recesi\u00f3n en 30 a\u00f1os. Los rebrotes\" \/>\n<meta property=\"og:url\" content=\"https:\/\/conversesacatalunya.cat\/es\/australia-recesion\/\" \/>\n<meta property=\"og:site_name\" content=\"Converses a Catalunya\" \/>\n<meta property=\"article:published_time\" content=\"2020-09-02T06:07:50+00:00\" \/>\n<meta property=\"article:modified_time\" content=\"2020-09-02T09:00:40+00:00\" \/>\n<meta property=\"og:image\" content=\"https:\/\/conversesacatalunya.cat\/wp-content\/uploads\/2020\/09\/Capture.png\" \/>\n\t<meta property=\"og:image:width\" content=\"1122\" \/>\n\t<meta property=\"og:image:height\" content=\"735\" \/>\n\t<meta property=\"og:image:type\" content=\"image\/png\" \/>\n<meta name=\"author\" content=\"conversesacatalunya\" \/>\n<meta name=\"twitter:card\" content=\"summary_large_image\" \/>\n<meta name=\"twitter:label1\" content=\"Escrito por\" \/>\n\t<meta name=\"twitter:data1\" content=\"conversesacatalunya\" \/>\n\t<meta name=\"twitter:label2\" content=\"Tiempo de lectura\" \/>\n\t<meta name=\"twitter:data2\" content=\"2 minutos\" \/>\n<script type=\"application\/ld+json\" class=\"yoast-schema-graph\">{\"@context\":\"https:\/\/schema.org\",\"@graph\":[{\"@type\":\"Article\",\"@id\":\"https:\/\/conversesacatalunya.cat\/es\/australia-recesion\/#article\",\"isPartOf\":{\"@id\":\"https:\/\/conversesacatalunya.cat\/es\/australia-recesion\/\"},\"author\":{\"name\":\"conversesacatalunya\",\"@id\":\"https:\/\/conversesacatalunya.cat\/#\/schema\/person\/a7a9496a363cd9847daf7cd659d92e64\"},\"headline\":\"Australia entra en recesi\u00f3n por primera vez en 30 a\u00f1os\",\"datePublished\":\"2020-09-02T06:07:50+00:00\",\"dateModified\":\"2020-09-02T09:00:40+00:00\",\"mainEntityOfPage\":{\"@id\":\"https:\/\/conversesacatalunya.cat\/es\/australia-recesion\/\"},\"wordCount\":404,\"commentCount\":0,\"image\":{\"@id\":\"https:\/\/conversesacatalunya.cat\/es\/australia-recesion\/#primaryimage\"},\"thumbnailUrl\":\"https:\/\/conversesacatalunya.cat\/wp-content\/uploads\/2020\/09\/Capture.png\",\"keywords\":[\"coronavirus\"],\"articleSection\":[\"Especial Coronavirus (ES)\",\"Punts clau del dia (ES)\"],\"inLanguage\":\"es\",\"potentialAction\":[{\"@type\":\"CommentAction\",\"name\":\"Comment\",\"target\":[\"https:\/\/conversesacatalunya.cat\/es\/australia-recesion\/#respond\"]}]},{\"@type\":\"WebPage\",\"@id\":\"https:\/\/conversesacatalunya.cat\/es\/australia-recesion\/\",\"url\":\"https:\/\/conversesacatalunya.cat\/es\/australia-recesion\/\",\"name\":\"Australia entra en recesi\u00f3n por primera vez en 30 a\u00f1os -\",\"isPartOf\":{\"@id\":\"https:\/\/conversesacatalunya.cat\/#website\"},\"primaryImageOfPage\":{\"@id\":\"https:\/\/conversesacatalunya.cat\/es\/australia-recesion\/#primaryimage\"},\"image\":{\"@id\":\"https:\/\/conversesacatalunya.cat\/es\/australia-recesion\/#primaryimage\"},\"thumbnailUrl\":\"https:\/\/conversesacatalunya.cat\/wp-content\/uploads\/2020\/09\/Capture.png\",\"datePublished\":\"2020-09-02T06:07:50+00:00\",\"dateModified\":\"2020-09-02T09:00:40+00:00\",\"author\":{\"@id\":\"https:\/\/conversesacatalunya.cat\/#\/schema\/person\/a7a9496a363cd9847daf7cd659d92e64\"},\"description\":\"Australia registra su ca\u00edda de crecimiento del PIB m\u00e1s grande de su historia y la primera recesi\u00f3n en 30 a\u00f1os. Los rebrotes\",\"breadcrumb\":{\"@id\":\"https:\/\/conversesacatalunya.cat\/es\/australia-recesion\/#breadcrumb\"},\"inLanguage\":\"es\",\"potentialAction\":[{\"@type\":\"ReadAction\",\"target\":[\"https:\/\/conversesacatalunya.cat\/es\/australia-recesion\/\"]}]},{\"@type\":\"ImageObject\",\"inLanguage\":\"es\",\"@id\":\"https:\/\/conversesacatalunya.cat\/es\/australia-recesion\/#primaryimage\",\"url\":\"https:\/\/conversesacatalunya.cat\/wp-content\/uploads\/2020\/09\/Capture.png\",\"contentUrl\":\"https:\/\/conversesacatalunya.cat\/wp-content\/uploads\/2020\/09\/Capture.png\",\"width\":1122,\"height\":735,\"caption\":\"Austr\u00e0lia\"},{\"@type\":\"BreadcrumbList\",\"@id\":\"https:\/\/conversesacatalunya.cat\/es\/australia-recesion\/#breadcrumb\",\"itemListElement\":[{\"@type\":\"ListItem\",\"position\":1,\"name\":\"Inici\",\"item\":\"https:\/\/conversesacatalunya.cat\/es\/\"},{\"@type\":\"ListItem\",\"position\":2,\"name\":\"Australia entra en recesi\u00f3n por primera vez en 30 a\u00f1os\"}]},{\"@type\":\"WebSite\",\"@id\":\"https:\/\/conversesacatalunya.cat\/#website\",\"url\":\"https:\/\/conversesacatalunya.cat\/\",\"name\":\"Converses a Catalunya\",\"description\":\"\",\"potentialAction\":[{\"@type\":\"SearchAction\",\"target\":{\"@type\":\"EntryPoint\",\"urlTemplate\":\"https:\/\/conversesacatalunya.cat\/?s={search_term_string}\"},\"query-input\":{\"@type\":\"PropertyValueSpecification\",\"valueRequired\":true,\"valueName\":\"search_term_string\"}}],\"inLanguage\":\"es\"},{\"@type\":\"Person\",\"@id\":\"https:\/\/conversesacatalunya.cat\/#\/schema\/person\/a7a9496a363cd9847daf7cd659d92e64\",\"name\":\"conversesacatalunya\",\"image\":{\"@type\":\"ImageObject\",\"inLanguage\":\"es\",\"@id\":\"https:\/\/conversesacatalunya.cat\/#\/schema\/person\/image\/\",\"url\":\"https:\/\/conversesacatalunya.cat\/wp-content\/litespeed\/avatar\/ff91582b44ff9c880dc9c5ac2f5c7e89.jpg?ver=1777372947\",\"contentUrl\":\"https:\/\/conversesacatalunya.cat\/wp-content\/litespeed\/avatar\/ff91582b44ff9c880dc9c5ac2f5c7e89.jpg?ver=1777372947\",\"caption\":\"conversesacatalunya\"},\"url\":\"https:\/\/conversesacatalunya.cat\/es\/author\/francisco_garcia\/\"}]}<\/script>\n<!-- \/ Yoast SEO plugin. -->","yoast_head_json":{"title":"Australia entra en recesi\u00f3n por primera vez en 30 a\u00f1os -","description":"Australia registra su ca\u00edda de crecimiento del PIB m\u00e1s grande de su historia y la primera recesi\u00f3n en 30 a\u00f1os. Los rebrotes","robots":{"index":"index","follow":"follow","max-snippet":"max-snippet:-1","max-image-preview":"max-image-preview:large","max-video-preview":"max-video-preview:-1"},"canonical":"https:\/\/conversesacatalunya.cat\/es\/australia-recesion\/","og_locale":"es_ES","og_type":"article","og_title":"Australia entra en recesi\u00f3n por primera vez en 30 a\u00f1os -","og_description":"Australia registra su ca\u00edda de crecimiento del PIB m\u00e1s grande de su historia y la primera recesi\u00f3n en 30 a\u00f1os. Los rebrotes","og_url":"https:\/\/conversesacatalunya.cat\/es\/australia-recesion\/","og_site_name":"Converses a Catalunya","article_published_time":"2020-09-02T06:07:50+00:00","article_modified_time":"2020-09-02T09:00:40+00:00","og_image":[{"width":1122,"height":735,"url":"https:\/\/conversesacatalunya.cat\/wp-content\/uploads\/2020\/09\/Capture.png","type":"image\/png"}],"author":"conversesacatalunya","twitter_card":"summary_large_image","twitter_misc":{"Escrito por":"conversesacatalunya","Tiempo de lectura":"2 minutos"},"schema":{"@context":"https:\/\/schema.org","@graph":[{"@type":"Article","@id":"https:\/\/conversesacatalunya.cat\/es\/australia-recesion\/#article","isPartOf":{"@id":"https:\/\/conversesacatalunya.cat\/es\/australia-recesion\/"},"author":{"name":"conversesacatalunya","@id":"https:\/\/conversesacatalunya.cat\/#\/schema\/person\/a7a9496a363cd9847daf7cd659d92e64"},"headline":"Australia entra en recesi\u00f3n por primera vez en 30 a\u00f1os","datePublished":"2020-09-02T06:07:50+00:00","dateModified":"2020-09-02T09:00:40+00:00","mainEntityOfPage":{"@id":"https:\/\/conversesacatalunya.cat\/es\/australia-recesion\/"},"wordCount":404,"commentCount":0,"image":{"@id":"https:\/\/conversesacatalunya.cat\/es\/australia-recesion\/#primaryimage"},"thumbnailUrl":"https:\/\/conversesacatalunya.cat\/wp-content\/uploads\/2020\/09\/Capture.png","keywords":["coronavirus"],"articleSection":["Especial Coronavirus (ES)","Punts clau del dia (ES)"],"inLanguage":"es","potentialAction":[{"@type":"CommentAction","name":"Comment","target":["https:\/\/conversesacatalunya.cat\/es\/australia-recesion\/#respond"]}]},{"@type":"WebPage","@id":"https:\/\/conversesacatalunya.cat\/es\/australia-recesion\/","url":"https:\/\/conversesacatalunya.cat\/es\/australia-recesion\/","name":"Australia entra en recesi\u00f3n por primera vez en 30 a\u00f1os -","isPartOf":{"@id":"https:\/\/conversesacatalunya.cat\/#website"},"primaryImageOfPage":{"@id":"https:\/\/conversesacatalunya.cat\/es\/australia-recesion\/#primaryimage"},"image":{"@id":"https:\/\/conversesacatalunya.cat\/es\/australia-recesion\/#primaryimage"},"thumbnailUrl":"https:\/\/conversesacatalunya.cat\/wp-content\/uploads\/2020\/09\/Capture.png","datePublished":"2020-09-02T06:07:50+00:00","dateModified":"2020-09-02T09:00:40+00:00","author":{"@id":"https:\/\/conversesacatalunya.cat\/#\/schema\/person\/a7a9496a363cd9847daf7cd659d92e64"},"description":"Australia registra su ca\u00edda de crecimiento del PIB m\u00e1s grande de su historia y la primera recesi\u00f3n en 30 a\u00f1os. Los rebrotes","breadcrumb":{"@id":"https:\/\/conversesacatalunya.cat\/es\/australia-recesion\/#breadcrumb"},"inLanguage":"es","potentialAction":[{"@type":"ReadAction","target":["https:\/\/conversesacatalunya.cat\/es\/australia-recesion\/"]}]},{"@type":"ImageObject","inLanguage":"es","@id":"https:\/\/conversesacatalunya.cat\/es\/australia-recesion\/#primaryimage","url":"https:\/\/conversesacatalunya.cat\/wp-content\/uploads\/2020\/09\/Capture.png","contentUrl":"https:\/\/conversesacatalunya.cat\/wp-content\/uploads\/2020\/09\/Capture.png","width":1122,"height":735,"caption":"Austr\u00e0lia"},{"@type":"BreadcrumbList","@id":"https:\/\/conversesacatalunya.cat\/es\/australia-recesion\/#breadcrumb","itemListElement":[{"@type":"ListItem","position":1,"name":"Inici","item":"https:\/\/conversesacatalunya.cat\/es\/"},{"@type":"ListItem","position":2,"name":"Australia entra en recesi\u00f3n por primera vez en 30 a\u00f1os"}]},{"@type":"WebSite","@id":"https:\/\/conversesacatalunya.cat\/#website","url":"https:\/\/conversesacatalunya.cat\/","name":"Converses a Catalunya","description":"","potentialAction":[{"@type":"SearchAction","target":{"@type":"EntryPoint","urlTemplate":"https:\/\/conversesacatalunya.cat\/?s={search_term_string}"},"query-input":{"@type":"PropertyValueSpecification","valueRequired":true,"valueName":"search_term_string"}}],"inLanguage":"es"},{"@type":"Person","@id":"https:\/\/conversesacatalunya.cat\/#\/schema\/person\/a7a9496a363cd9847daf7cd659d92e64","name":"conversesacatalunya","image":{"@type":"ImageObject","inLanguage":"es","@id":"https:\/\/conversesacatalunya.cat\/#\/schema\/person\/image\/","url":"https:\/\/conversesacatalunya.cat\/wp-content\/litespeed\/avatar\/ff91582b44ff9c880dc9c5ac2f5c7e89.jpg?ver=1777372947","contentUrl":"https:\/\/conversesacatalunya.cat\/wp-content\/litespeed\/avatar\/ff91582b44ff9c880dc9c5ac2f5c7e89.jpg?ver=1777372947","caption":"conversesacatalunya"},"url":"https:\/\/conversesacatalunya.cat\/es\/author\/francisco_garcia\/"}]}},"wps_subtitle":"Australia registra su ca\u00edda de crecimiento del PIB m\u00e1s grande de su historia y la primera recesi\u00f3n en 30 a\u00f1os. Los rebrotes en Melbourne desbarataron los ambiciosos planes de recuperaci\u00f3n econ\u00f3mica del pa\u00eds","_links":{"self":[{"href":"https:\/\/conversesacatalunya.cat\/es\/wp-json\/wp\/v2\/posts\/39676","targetHints":{"allow":["GET"]}}],"collection":[{"href":"https:\/\/conversesacatalunya.cat\/es\/wp-json\/wp\/v2\/posts"}],"about":[{"href":"https:\/\/conversesacatalunya.cat\/es\/wp-json\/wp\/v2\/types\/post"}],"author":[{"embeddable":true,"href":"https:\/\/conversesacatalunya.cat\/es\/wp-json\/wp\/v2\/users\/20"}],"replies":[{"embeddable":true,"href":"https:\/\/conversesacatalunya.cat\/es\/wp-json\/wp\/v2\/comments?post=39676"}],"version-history":[{"count":2,"href":"https:\/\/conversesacatalunya.cat\/es\/wp-json\/wp\/v2\/posts\/39676\/revisions"}],"predecessor-version":[{"id":39678,"href":"https:\/\/conversesacatalunya.cat\/es\/wp-json\/wp\/v2\/posts\/39676\/revisions\/39678"}],"wp:featuredmedia":[{"embeddable":true,"href":"https:\/\/conversesacatalunya.cat\/es\/wp-json\/wp\/v2\/media\/39662"}],"wp:attachment":[{"href":"https:\/\/conversesacatalunya.cat\/es\/wp-json\/wp\/v2\/media?parent=39676"}],"wp:term":[{"taxonomy":"category","embeddable":true,"href":"https:\/\/conversesacatalunya.cat\/es\/wp-json\/wp\/v2\/categories?post=39676"},{"taxonomy":"post_tag","embeddable":true,"href":"https:\/\/conversesacatalunya.cat\/es\/wp-json\/wp\/v2\/tags?post=39676"}],"curies":[{"name":"wp","href":"https:\/\/api.w.org\/{rel}","templated":true}]}}