{"id":39668,"date":"2020-09-02T08:00:48","date_gmt":"2020-09-02T06:00:48","guid":{"rendered":"https:\/\/conversesacatalunya.cat\/la-identitat-europea-ii-unitat-politica\/"},"modified":"2020-09-03T07:59:28","modified_gmt":"2020-09-03T05:59:28","slug":"la-identidad-europea-ii-unidad-politica","status":"publish","type":"post","link":"https:\/\/conversesacatalunya.cat\/es\/la-identidad-europea-ii-unidad-politica\/","title":{"rendered":"La identidad europea (II): \u00bfUnidad pol\u00edtica?"},"content":{"rendered":"<p><strong><span class=\"\">La idea de la unidad de Europa es tan antigua como la misma Europa<\/span><\/strong><span class=\"\">. El t\u00e9rmino Europa se consolida cuando el Occidente europeo cierra filas en torno a su cultura para hacer frente al invasor \u00e1rabe. El Imperio de Carlomagno fue un primer intento de unir los europeos en torno a la civilizaci\u00f3n y las ra\u00edces culturales comunes, enlazando con el v\u00ednculo romano perdido.\u00a0<\/span><strong><span class=\"\">Los europeos somos una \u00abgran familia\u00bb que ha estado, en realidad, siempre muy unida, en unas \u00e9pocas menos y en otras m\u00e1s<\/span><\/strong><span class=\"\"> . Unida socialmente, culturalmente y econ\u00f3micamente. Europa representa la unidad en la diversidad o la diversidad en la unidad, desde sus or\u00edgenes. <strong>P<\/strong><\/span><strong><span class=\"\">ero existe un aspecto donde la unidad no ha resultado tan f\u00e1cil para nosotros, es el pol\u00edtico, en materia de soberan\u00eda de Estado.<\/span><\/strong><\/p>\n<h5><strong>El intento de uni\u00f3n pol\u00edtica m\u00e1s ambicioso a lo largo de la historia de Europa es el que supone la Uni\u00f3n Europea (UE).<\/strong><\/h5>\n<p>Se trata de un modelo de construcci\u00f3n pol\u00edtico, econ\u00f3mico y social\u00a0<em>nuevo<\/em>\u00a0en la historia de la arquitectura pol\u00edtica.\u00a0Un sistema\u00a0<em>sui generis<\/em>\u00a0en el que los Estados hasta entonces soberanos se integran dentro de una Comunidad (primero) o Uni\u00f3n (despu\u00e9s) capaz de promulgar un derecho com\u00fan en materias tambi\u00e9n comunes.<\/p>\n<p><strong>En realidad el modelo no es tan\u00a0<em>nuevo<\/em>, pues el sistema integrador que empieza a ponerse en pr\u00e1ctica a comienzos de los a\u00f1os cincuenta del siglo pasado no es m\u00e1s que un r\u00e9gimen europeo de car\u00e1cter confederal, es decir, una asociaci\u00f3n de Estados soberanos con \u00e1reas comunes de legislaci\u00f3n de car\u00e1cter\u00a0<em>supranacional<\/em><\/strong>. Se trata de Estados soberanos que se ponen de acuerdo en varias materias y crean un derecho com\u00fan. Unos Estados que han creado un sistema de soberan\u00eda compartida en diferentes materias, de tal manera que se podr\u00eda decir que conformaban una Confederaci\u00f3n con potestades legislativas supranacionales. Por lo tanto<strong> la UE nac\u00eda como una realidad pol\u00edtica que un\u00eda elementos de una Confederaci\u00f3n y de una Federaci\u00f3n a la vez<\/strong>, aunque estaba m\u00e1s cerca de la primera que de la segunda. Puede suponer, o no, el camino hacia una uni\u00f3n pol\u00edtica verdadera, hacia una Federaci\u00f3n de Estados Europeos o unos Estados Unidos de Europa. Se llegar\u00e1 o no a una Federaci\u00f3n en funci\u00f3n del impulso de que sean capaces las mismas sociedades europeas y de los retos que estas sociedades tengan que afrontar.<\/p>\n<p><strong>Suiza<\/strong> \u00a0se constituy\u00f3 en el siglo XIV, primero como una uni\u00f3n de voluntades entre Estados \u00absoberanos\u00bb y as\u00ed fue hasta la segunda mitad del siglo XIX. Tuvo que transcurrir medio milenio para que Suiza llegara a ser una verdadera Federaci\u00f3n (aunque la designaci\u00f3n oficial del pa\u00eds sigue siendo \u00abConfederaci\u00f3n Helv\u00e9tica\u00bb).<\/p>\n<p><strong>El planteamiento de la necesidad de la unidad europea en el siglo XX tiene un nombre destacado: el conde austr\u00edaco Coudenhove-Kalergi. \u00c9l fue el verdadero\u00a0<em>profeta<\/em>\u00a0de la idea europea, especialmente entre las dos guerras mundiales.\u00a0<\/strong>Sinti\u00f3 la Primera Guerra Mundial como una guerra civil entre europeos.\u00a0Es el autor del libro \u00abPaneuropa\u00bb y fundador del Movimiento Paneuropeo.\u00a0Despu\u00e9s de la Segunda Guerra Mundial,\u00a0<strong>la antorcha de Coudenhove-Kalergi fue recogida por los <em>Padres de Europa<\/em>\u00a0(Padres de la Uni\u00f3n Europea), los principales son: Robert Schuman, Alcide De Gasperi, Konrad Adenauer y Jean Monnet.<\/strong><strong>\u00a0\u00a0<\/strong>Ellos lo ten\u00edan claro: la unidad europea s\u00f3lo se podr\u00e1 construir sobre los elementos fundamentales de la identidad europea, especialmente los religiosos y culturales.<\/p>\n<p><strong>Las motivaciones del\u00a0<em>profeta<\/em>\u00a0de la idea europea, como las de los Padres de Europa, eran esencialmente cristianas.\u00a0<\/strong>El objetivo del Movimiento Paneuropeo era la unidad de una Europa cristiana, libre de \u00abnihilismo, ate\u00edsmo y el inmoral consumismo\u00bb. La Uni\u00f3n Paneuropea ten\u00eda cuatro principios b\u00e1sicos: liberalismo, cristianismo, responsabilidad social y proeuropeisme. Otto von Habsburg, el jefe de la dinast\u00eda de los Habsburgo, se convirti\u00f3 en el Presidente honor\u00edfico de la Uni\u00f3n Paneuropea internacional despu\u00e9s de la muerte de Coundenhove en 1973.<\/p>\n<p><strong>La opci\u00f3n espiritual de los Padres de Europa era a favor del perd\u00f3n y una voluntad de superar la violencia a trav\u00e9s del di\u00e1logo y la solidaridad<\/strong>\u00a0.\u00a0Estaban a favor de un proceso de construcci\u00f3n que permitiera la reunificaci\u00f3n de todo el continente.<\/p>\n<p><strong>Tres de los cuatro Padres eran profundamente cat\u00f3licos<\/strong>\u00a0.\u00a0<strong>Robert Schuman<\/strong>\u00a0se plante\u00f3 incluso el sacerdocio en un determinado momento de su vida, pero fue m\u00e1s fuerte su vocaci\u00f3n pol\u00edtica de servicio. Fue proclamado\u00a0<em>siervo de Dios<\/em> por la Iglesia cat\u00f3lica. Este es el t\u00edtulo que la Iglesia Cat\u00f3lica Romana asigna <em>post mortem <\/em>a personas que se han significado por su \u00absantidad en la vida\u00bb o \u00abheroicidad en la virtud\u00bb, como primer paso para un posible proceso de canonizaci\u00f3n. Naci\u00f3 en Luxemburgo (1886) y muri\u00f3 en Metz (Lorena, Francia, en 1963). De joven ejerci\u00f3 como abogado en Metz. Durante la primera guerra mundial fue movilizado por el ej\u00e9rcito alem\u00e1n. Siempre se distingui\u00f3 por la b\u00fasqueda constante de la paz entre los dos principales enemigos europeos: Francia y Alemania. \u00c9l se consideraba franc\u00e9s y alem\u00e1n al mismo tiempo. A lo largo de su vida, Lorena y Alsacia fueron alternativamente alemanas, francesas, alemanas y finalmente francesas hasta hoy en d\u00eda. La Declaraci\u00f3n Schuman del 9 de mayo de 1950, que dio lugar a la primera Comunidad Europea, la CECA, es la piedra angular del proceso de unificaci\u00f3n europea por la v\u00eda comunitaria (Comunidad Europea,despu\u00e9s Uni\u00f3n Europea).<\/p>\n<p><strong>Alcide De Gasperi<\/strong> fue uno de los pol\u00edticos m\u00e1s destacados de la Democracia Cristiana italiana. Su vida cristiana fue tan ejemplar que Giulio Andreotti, su gran disc\u00edpulo, dijo con motivo de su traspaso estas palabras: \u00abha muerto como un santo\u00bb. <strong>Konrad Adenauer<\/strong>\u00a0acostumbraba a afirmar categ\u00f3ricamente que \u00abes rid\u00edculo ocuparse de la civilizaci\u00f3n europea sin reconocer la centralidad del cristianismo\u00bb.<\/p>\n<p><strong>Schuman, Adenauer y De Gasperi centraron su pensamiento en temas pol\u00edticos, mientras que Jean Monnet lo hizo sobre temas econ\u00f3micos<\/strong>. Era un hombre de empresa. Fue un laico respetuoso con las ideas religiosas de los otros tres. A diferencia de ellos, caracterizados por un comportamiento de acci\u00f3n inspirado por los valores cristianos, en el caso de Monnet la fuente de su acci\u00f3n cotidiana ven\u00eda dada por el humanismo, el pragmatismo empresarial y el valor supremo de la libertad. Pero en el fondo, en palabras textuales suyas<strong>, los cuatro \u00abnos inspir\u00e1bamos en los mismos valores\u00bb.<\/strong><\/p>\n<p><strong>A pesar de la importancia del legado cristiano, a principios de siglo, y tras un largo debate, los responsables de redactar el frustrado Tratado Constitucional de la UE, que fue finalmente rechazado en refer\u00e9ndum en Francia y los Pa\u00edses Bajos en 2005 y nunca entr\u00f3 en vigor, acordaron no hacer ning\u00fan tipo de referencia a las ra\u00edces cristianas de Europa en el texto final del documento.<\/strong><\/p>\n<p><span class=\"goog-text-highlight\">La Convenci\u00f3n para la preparaci\u00f3n del proyecto de tratado constitucional comenz\u00f3 sus trabajos en 2002, dirigida por el ex presidente de la Rep\u00fablica Francesa, <strong>Val\u00e9ry Giscard d&#8217;Estaing<\/strong>. A finales de noviembre de 2002 los obispos cat\u00f3licos y la Conferencia de Iglesias Europeas enviaron un escrito a la Convenci\u00f3n considerando necesario que el Tratado Constitucional recogiera referencias a la religi\u00f3n. Valery Giscard d&#8217;Estaing se reuni\u00f3 en el Vaticano con el Papa Juan Pablo II. Este insisti\u00f3 en la necesidad de que en el Pre\u00e1mbulo del Tratado se hiciera referencia a las ra\u00edces cristianas de Europa. <strong>Finalmente triunfaron las posiciones de sectores laicistas y anticlericales<\/strong> contrarias a aquella propuesta. No hubo consenso para mencionar Dios o el cristianismo en el Pre\u00e1mbulo del Tratado.<\/span><\/p>\n<p>En una visita\u00a0<strong> a Santiago de <\/strong><strong>Compostela\u00a0<\/strong><strong>en 1982, Juan Pablo II<\/strong>\u00a0pronunci\u00f3 estas palabras, que todav\u00eda figuran inscritas en una columna de la catedral compostelana: \u00bb\u00a0<strong>Yo, obispo de Roma y pastor de la Iglesia, te lanzo, vieja Europa, un grito lleno de amor.\u00a0Volver a reencontrarte.\u00a0S\u00e9 t\u00fa misma.\u00a0Descubre tus or\u00edgenes.\u00a0Aviva tus ra\u00edces<\/strong>\u00a0.\u00a0<strong>Revive tus valores aut\u00e9nticos que han hecho gloriosa tu historia y ben\u00e9fica tu presencia en el resto de continentes. Reconstruye tu unidad espiritual en un clima de pleno respeto al resto de las religiones y a las genuinas libertades. Da al C\u00e9sar lo que es del C\u00e9sar y a Dios lo que es de Dios<\/strong>\u00a0\u00ab.<\/p>\n<p style=\"text-align: center;\"><a href=\"https:\/\/conversesacatalunya.cat\/es\/la-identitad-europea-i-europa-es-el-hogar-de-nuestros-hogares\/\" target=\"_blank\" rel=\"noopener noreferrer\"><strong>La identidad europea (I)<\/strong><\/a><\/p>\n<span class='bctt-click-to-tweet'><span class='bctt-ctt-text'><a href='https:\/\/twitter.com\/intent\/tweet?url=https%3A%2F%2Fconversesacatalunya.cat%2Fes%2Fla-identidad-europea-ii-unidad-politica%2F&#038;text=La%20UE%20nac%C3%ADa%20como%20una%20realidad%20pol%C3%ADtica%20que%20un%C3%ADa%20elementos%20de%20una%20Confederaci%C3%B3n%20y%20de%20una%20Federaci%C3%B3n%20a%20la%20vez&#038;via=conversesacat&#038;related=conversesacat' target='_blank'rel=\"noopener noreferrer\">La UE nac\u00eda como una realidad pol\u00edtica que un\u00eda elementos de una Confederaci\u00f3n y de una Federaci\u00f3n a la vez <\/a><\/span><a href='https:\/\/twitter.com\/intent\/tweet?url=https%3A%2F%2Fconversesacatalunya.cat%2Fes%2Fla-identidad-europea-ii-unidad-politica%2F&#038;text=La%20UE%20nac%C3%ADa%20como%20una%20realidad%20pol%C3%ADtica%20que%20un%C3%ADa%20elementos%20de%20una%20Confederaci%C3%B3n%20y%20de%20una%20Federaci%C3%B3n%20a%20la%20vez&#038;via=conversesacat&#038;related=conversesacat' target='_blank' class='bctt-ctt-btn'rel=\"noopener noreferrer\">Compartir en X<\/a><\/span>\n<div id=\"polls-65\" class=\"wp-polls\">\n\t<form id=\"polls_form_65\" class=\"wp-polls-form\" action=\"\/index.php\" method=\"post\">\n\t\t<p style=\"display: none;\"><input type=\"hidden\" id=\"poll_65_nonce\" name=\"wp-polls-nonce\" value=\"27d60230f9\" \/><\/p>\n\t\t<p style=\"display: none;\"><input type=\"hidden\" name=\"poll_id\" value=\"65\" \/><\/p>\n\t\t<p style=\"text-align: center\"><strong>Creus que s'han pres prou mesures per dotar de seguretat la tornada a l'escola?<\/strong><\/p><div id=\"polls-65-ans\" class=\"wp-polls-ans\"><ul class=\"wp-polls-ul\">\n\t\t<li><input type=\"radio\" id=\"poll-answer-140\" name=\"poll_65\" value=\"140\" \/> <label for=\"poll-answer-140\">Si<\/label><\/li>\n\t\t<li><input type=\"radio\" id=\"poll-answer-141\" name=\"poll_65\" value=\"141\" \/> <label for=\"poll-answer-141\">No<\/label><\/li>\n\t\t<\/ul><p style=\"text-align: center\"><input type=\"button\" name=\"vote\" value=\"   Vota   \" class=\"Buttons\" onclick=\"poll_vote(65);\" \/><\/p><p style=\"text-align: center\"><a href=\"#ViewPollResults\" onclick=\"poll_result(65); return false;\" title=\"View Results Of This Poll\">Mira els resultats<\/a><\/p><\/div>\n\t<\/form>\n<\/div>\n<div id=\"polls-65-loading\" class=\"wp-polls-loading\"><img decoding=\"async\" data-src=\"https:\/\/conversesacatalunya.cat\/wp-content\/plugins\/wp-polls\/images\/loading.gif\" width=\"16\" height=\"16\" alt=\"Cargando ...\" title=\"Cargando ...\" class=\"wp-polls-image lazyload\" src=\"data:image\/svg+xml;base64,PHN2ZyB3aWR0aD0iMSIgaGVpZ2h0PSIxIiB4bWxucz0iaHR0cDovL3d3dy53My5vcmcvMjAwMC9zdmciPjwvc3ZnPg==\" style=\"--smush-placeholder-width: 16px; --smush-placeholder-aspect-ratio: 16\/16;\" \/>&nbsp;Cargando ...<\/div>\n\n<p>&nbsp;<\/p>\n<p>&nbsp;<\/p>\n","protected":false},"excerpt":{"rendered":"<p>La idea de la unidad de Europa es tan antigua como la misma Europa. El t\u00e9rmino Europa se consolida cuando el Occidente europeo cierra filas en torno a su cultura para hacer frente al invasor \u00e1rabe. El Imperio de Carlomagno fue un primer intento de unir los europeos en torno a la civilizaci\u00f3n y las ra\u00edces culturales comunes, enlazando con el v\u00ednculo romano perdido.\u00a0Los europeos somos una \u00abgran familia\u00bb que ha estado, en realidad, siempre muy unida, en unas \u00e9pocas menos y en otras m\u00e1s . Unida socialmente, culturalmente y econ\u00f3micamente. Europa representa la unidad en la diversidad o la diversidad en la unidad, desde sus or\u00edgenes. Pero existe un aspecto donde la unidad no ha resultado tan f\u00e1cil para nosotros, es el pol\u00edtico, en materia de soberan\u00eda de Estado. El intento de uni\u00f3n pol\u00edtica m\u00e1s ambicioso a lo largo de la historia de Europa es el que supone la Uni\u00f3n Europea (UE). Se trata de un modelo de construcci\u00f3n pol\u00edtico, econ\u00f3mico y social\u00a0nuevo\u00a0en la historia de la arquitectura pol\u00edtica.\u00a0Un sistema\u00a0sui generis\u00a0en el que los Estados hasta entonces soberanos se integran dentro de una Comunidad (primero) o Uni\u00f3n (despu\u00e9s) capaz de promulgar un derecho com\u00fan en materias tambi\u00e9n comunes. En realidad el modelo no es tan\u00a0nuevo, pues el sistema integrador que empieza a ponerse en pr\u00e1ctica a comienzos de los a\u00f1os cincuenta del siglo pasado no es m\u00e1s que un r\u00e9gimen europeo de car\u00e1cter confederal, es decir, una asociaci\u00f3n de Estados soberanos con \u00e1reas comunes de legislaci\u00f3n de car\u00e1cter\u00a0supranacional. Se trata de Estados soberanos que se ponen de acuerdo en varias materias y crean un derecho com\u00fan. Unos Estados que han creado un sistema de soberan\u00eda compartida en diferentes materias, de tal manera que se podr\u00eda decir que conformaban una Confederaci\u00f3n con potestades legislativas supranacionales. Por lo tanto la UE nac\u00eda como una realidad pol\u00edtica que un\u00eda elementos de una Confederaci\u00f3n y de una Federaci\u00f3n a la vez, aunque estaba m\u00e1s cerca de la primera que de la segunda. Puede suponer, o no, el camino hacia una uni\u00f3n pol\u00edtica verdadera, hacia una Federaci\u00f3n de Estados Europeos o unos Estados Unidos de Europa. Se llegar\u00e1 o no a una Federaci\u00f3n en funci\u00f3n del impulso de que sean capaces las mismas sociedades europeas y de los retos que estas sociedades tengan que afrontar. Suiza \u00a0se constituy\u00f3 en el siglo XIV, primero como una uni\u00f3n de voluntades entre Estados \u00absoberanos\u00bb y as\u00ed fue hasta la segunda mitad del siglo XIX. Tuvo que transcurrir medio milenio para que Suiza llegara a ser una verdadera Federaci\u00f3n (aunque la designaci\u00f3n oficial del pa\u00eds sigue siendo \u00abConfederaci\u00f3n Helv\u00e9tica\u00bb). El planteamiento de la necesidad de la unidad europea en el siglo XX tiene un nombre destacado: el conde austr\u00edaco Coudenhove-Kalergi. \u00c9l fue el verdadero\u00a0profeta\u00a0de la idea europea, especialmente entre las dos guerras mundiales.\u00a0Sinti\u00f3 la Primera Guerra Mundial como una guerra civil entre europeos.\u00a0Es el autor del libro \u00abPaneuropa\u00bb y fundador del Movimiento Paneuropeo.\u00a0Despu\u00e9s de la Segunda Guerra Mundial,\u00a0la antorcha de Coudenhove-Kalergi fue recogida por los Padres de Europa\u00a0(Padres de la Uni\u00f3n Europea), los principales son: Robert Schuman, Alcide De Gasperi, Konrad Adenauer y Jean Monnet.\u00a0\u00a0Ellos lo ten\u00edan claro: la unidad europea s\u00f3lo se podr\u00e1 construir sobre los elementos fundamentales de la identidad europea, especialmente los religiosos y culturales. Las motivaciones del\u00a0profeta\u00a0de la idea europea, como las de los Padres de Europa, eran esencialmente cristianas.\u00a0El objetivo del Movimiento Paneuropeo era la unidad de una Europa cristiana, libre de \u00abnihilismo, ate\u00edsmo y el inmoral consumismo\u00bb. La Uni\u00f3n Paneuropea ten\u00eda cuatro principios b\u00e1sicos: liberalismo, cristianismo, responsabilidad social y proeuropeisme. Otto von Habsburg, el jefe de la dinast\u00eda de los Habsburgo, se convirti\u00f3 en el Presidente honor\u00edfico de la Uni\u00f3n Paneuropea internacional despu\u00e9s de la muerte de Coundenhove en 1973. La opci\u00f3n espiritual de los Padres de Europa era a favor del perd\u00f3n y una voluntad de superar la violencia a trav\u00e9s del di\u00e1logo y la solidaridad\u00a0.\u00a0Estaban a favor de un proceso de construcci\u00f3n que permitiera la reunificaci\u00f3n de todo el continente. Tres de los cuatro Padres eran profundamente cat\u00f3licos\u00a0.\u00a0Robert Schuman\u00a0se plante\u00f3 incluso el sacerdocio en un determinado momento de su vida, pero fue m\u00e1s fuerte su vocaci\u00f3n pol\u00edtica de servicio. Fue proclamado\u00a0siervo de Dios por la Iglesia cat\u00f3lica. Este es el t\u00edtulo que la Iglesia Cat\u00f3lica Romana asigna post mortem a personas que se han significado por su \u00absantidad en la vida\u00bb o \u00abheroicidad en la virtud\u00bb, como primer paso para un posible proceso de canonizaci\u00f3n. Naci\u00f3 en Luxemburgo (1886) y muri\u00f3 en Metz (Lorena, Francia, en 1963). De joven ejerci\u00f3 como abogado en Metz. Durante la primera guerra mundial fue movilizado por el ej\u00e9rcito alem\u00e1n. Siempre se distingui\u00f3 por la b\u00fasqueda constante de la paz entre los dos principales enemigos europeos: Francia y Alemania. \u00c9l se consideraba franc\u00e9s y alem\u00e1n al mismo tiempo. A lo largo de su vida, Lorena y Alsacia fueron alternativamente alemanas, francesas, alemanas y finalmente francesas hasta hoy en d\u00eda. La Declaraci\u00f3n Schuman del 9 de mayo de 1950, que dio lugar a la primera Comunidad Europea, la CECA, es la piedra angular del proceso de unificaci\u00f3n europea por la v\u00eda comunitaria (Comunidad Europea,despu\u00e9s Uni\u00f3n Europea). Alcide De Gasperi fue uno de los pol\u00edticos m\u00e1s destacados de la Democracia Cristiana italiana. Su vida cristiana fue tan ejemplar que Giulio Andreotti, su gran disc\u00edpulo, dijo con motivo de su traspaso estas palabras: \u00abha muerto como un santo\u00bb. Konrad Adenauer\u00a0acostumbraba a afirmar categ\u00f3ricamente que \u00abes rid\u00edculo ocuparse de la civilizaci\u00f3n europea sin reconocer la centralidad del cristianismo\u00bb. Schuman, Adenauer y De Gasperi centraron su pensamiento en temas pol\u00edticos, mientras que Jean Monnet lo hizo sobre temas econ\u00f3micos. Era un hombre de empresa. Fue un laico respetuoso con las ideas religiosas de los otros tres. A diferencia de ellos, caracterizados por un comportamiento de acci\u00f3n inspirado por los valores cristianos, en el caso de Monnet la fuente de su acci\u00f3n cotidiana ven\u00eda dada por el humanismo, el pragmatismo empresarial y el valor supremo de la libertad. Pero en el fondo, en palabras textuales suyas, los cuatro \u00abnos inspir\u00e1bamos&#8230;<\/p>\n","protected":false},"author":38,"featured_media":39556,"comment_status":"open","ping_status":"open","sticky":false,"template":"","format":"standard","meta":{"_FSMCFIC_featured_image_caption":"","_FSMCFIC_featured_image_nocaption":"","_FSMCFIC_featured_image_hide":"","footnotes":""},"categories":[798],"tags":[875,2903,2901],"class_list":["post-39668","post","type-post","status-publish","format-standard","has-post-thumbnail","hentry","category-pro-europa-es","tag-europa-es","tag-padres-de-europa","tag-schuman-es"],"yoast_head":"<!-- This site is optimized with the Yoast SEO plugin v26.8 - https:\/\/yoast.com\/product\/yoast-seo-wordpress\/ -->\n<title>La identidad europea (II): \u00bfUnidad pol\u00edtica? - Converses a Catalunya<\/title>\n<meta name=\"description\" content=\"Europa representa la unidad en la diversidad o la diversidad en la unidad, desde sus or\u00edgenes. Pero existe un aspecto donde la unidad europea\" \/>\n<meta name=\"robots\" content=\"index, follow, max-snippet:-1, max-image-preview:large, max-video-preview:-1\" \/>\n<link rel=\"canonical\" href=\"https:\/\/conversesacatalunya.cat\/es\/la-identidad-europea-ii-unidad-politica\/\" \/>\n<meta property=\"og:locale\" content=\"es_ES\" \/>\n<meta property=\"og:type\" content=\"article\" \/>\n<meta property=\"og:title\" content=\"La identidad europea (II): \u00bfUnidad pol\u00edtica? - Converses a Catalunya\" \/>\n<meta property=\"og:description\" content=\"Europa representa la unidad en la diversidad o la diversidad en la unidad, desde sus or\u00edgenes. Pero existe un aspecto donde la unidad europea\" \/>\n<meta property=\"og:url\" content=\"https:\/\/conversesacatalunya.cat\/es\/la-identidad-europea-ii-unidad-politica\/\" \/>\n<meta property=\"og:site_name\" content=\"Converses a Catalunya\" \/>\n<meta property=\"article:published_time\" content=\"2020-09-02T06:00:48+00:00\" \/>\n<meta property=\"article:modified_time\" content=\"2020-09-03T05:59:28+00:00\" \/>\n<meta property=\"og:image\" content=\"https:\/\/conversesacatalunya.cat\/wp-content\/uploads\/2020\/08\/Unitat-europea.jpg\" \/>\n\t<meta property=\"og:image:width\" content=\"1600\" \/>\n\t<meta property=\"og:image:height\" content=\"1065\" \/>\n\t<meta property=\"og:image:type\" content=\"image\/jpeg\" \/>\n<meta name=\"author\" content=\"Victor Pou\" \/>\n<meta name=\"twitter:card\" content=\"summary_large_image\" \/>\n<meta name=\"twitter:label1\" content=\"Escrito por\" \/>\n\t<meta name=\"twitter:data1\" content=\"Victor Pou\" \/>\n\t<meta name=\"twitter:label2\" content=\"Tiempo de lectura\" \/>\n\t<meta name=\"twitter:data2\" content=\"7 minutos\" \/>\n<script type=\"application\/ld+json\" class=\"yoast-schema-graph\">{\"@context\":\"https:\/\/schema.org\",\"@graph\":[{\"@type\":\"Article\",\"@id\":\"https:\/\/conversesacatalunya.cat\/es\/la-identidad-europea-ii-unidad-politica\/#article\",\"isPartOf\":{\"@id\":\"https:\/\/conversesacatalunya.cat\/es\/la-identidad-europea-ii-unidad-politica\/\"},\"author\":{\"name\":\"Victor Pou\",\"@id\":\"https:\/\/conversesacatalunya.cat\/#\/schema\/person\/1b0082ee920b837be791bee630d460b2\"},\"headline\":\"La identidad europea (II): \u00bfUnidad pol\u00edtica?\",\"datePublished\":\"2020-09-02T06:00:48+00:00\",\"dateModified\":\"2020-09-03T05:59:28+00:00\",\"mainEntityOfPage\":{\"@id\":\"https:\/\/conversesacatalunya.cat\/es\/la-identidad-europea-ii-unidad-politica\/\"},\"wordCount\":1485,\"commentCount\":0,\"image\":{\"@id\":\"https:\/\/conversesacatalunya.cat\/es\/la-identidad-europea-ii-unidad-politica\/#primaryimage\"},\"thumbnailUrl\":\"https:\/\/conversesacatalunya.cat\/wp-content\/uploads\/2020\/08\/Unitat-europea.jpg\",\"keywords\":[\"Europa\",\"Padres de Europa\",\"Schuman\"],\"articleSection\":[\"Pro Europa (ES)\"],\"inLanguage\":\"es\",\"potentialAction\":[{\"@type\":\"CommentAction\",\"name\":\"Comment\",\"target\":[\"https:\/\/conversesacatalunya.cat\/es\/la-identidad-europea-ii-unidad-politica\/#respond\"]}]},{\"@type\":\"WebPage\",\"@id\":\"https:\/\/conversesacatalunya.cat\/es\/la-identidad-europea-ii-unidad-politica\/\",\"url\":\"https:\/\/conversesacatalunya.cat\/es\/la-identidad-europea-ii-unidad-politica\/\",\"name\":\"La identidad europea (II): \u00bfUnidad pol\u00edtica? - Converses a Catalunya\",\"isPartOf\":{\"@id\":\"https:\/\/conversesacatalunya.cat\/#website\"},\"primaryImageOfPage\":{\"@id\":\"https:\/\/conversesacatalunya.cat\/es\/la-identidad-europea-ii-unidad-politica\/#primaryimage\"},\"image\":{\"@id\":\"https:\/\/conversesacatalunya.cat\/es\/la-identidad-europea-ii-unidad-politica\/#primaryimage\"},\"thumbnailUrl\":\"https:\/\/conversesacatalunya.cat\/wp-content\/uploads\/2020\/08\/Unitat-europea.jpg\",\"datePublished\":\"2020-09-02T06:00:48+00:00\",\"dateModified\":\"2020-09-03T05:59:28+00:00\",\"author\":{\"@id\":\"https:\/\/conversesacatalunya.cat\/#\/schema\/person\/1b0082ee920b837be791bee630d460b2\"},\"description\":\"Europa representa la unidad en la diversidad o la diversidad en la unidad, desde sus or\u00edgenes. Pero existe un aspecto donde la unidad europea\",\"breadcrumb\":{\"@id\":\"https:\/\/conversesacatalunya.cat\/es\/la-identidad-europea-ii-unidad-politica\/#breadcrumb\"},\"inLanguage\":\"es\",\"potentialAction\":[{\"@type\":\"ReadAction\",\"target\":[\"https:\/\/conversesacatalunya.cat\/es\/la-identidad-europea-ii-unidad-politica\/\"]}]},{\"@type\":\"ImageObject\",\"inLanguage\":\"es\",\"@id\":\"https:\/\/conversesacatalunya.cat\/es\/la-identidad-europea-ii-unidad-politica\/#primaryimage\",\"url\":\"https:\/\/conversesacatalunya.cat\/wp-content\/uploads\/2020\/08\/Unitat-europea.jpg\",\"contentUrl\":\"https:\/\/conversesacatalunya.cat\/wp-content\/uploads\/2020\/08\/Unitat-europea.jpg\",\"width\":1600,\"height\":1065,\"caption\":\"Unitat europea\"},{\"@type\":\"BreadcrumbList\",\"@id\":\"https:\/\/conversesacatalunya.cat\/es\/la-identidad-europea-ii-unidad-politica\/#breadcrumb\",\"itemListElement\":[{\"@type\":\"ListItem\",\"position\":1,\"name\":\"Inici\",\"item\":\"https:\/\/conversesacatalunya.cat\/es\/\"},{\"@type\":\"ListItem\",\"position\":2,\"name\":\"La identidad europea (II): \u00bfUnidad pol\u00edtica?\"}]},{\"@type\":\"WebSite\",\"@id\":\"https:\/\/conversesacatalunya.cat\/#website\",\"url\":\"https:\/\/conversesacatalunya.cat\/\",\"name\":\"Converses a Catalunya\",\"description\":\"\",\"potentialAction\":[{\"@type\":\"SearchAction\",\"target\":{\"@type\":\"EntryPoint\",\"urlTemplate\":\"https:\/\/conversesacatalunya.cat\/?s={search_term_string}\"},\"query-input\":{\"@type\":\"PropertyValueSpecification\",\"valueRequired\":true,\"valueName\":\"search_term_string\"}}],\"inLanguage\":\"es\"},{\"@type\":\"Person\",\"@id\":\"https:\/\/conversesacatalunya.cat\/#\/schema\/person\/1b0082ee920b837be791bee630d460b2\",\"name\":\"Victor Pou\",\"image\":{\"@type\":\"ImageObject\",\"inLanguage\":\"es\",\"@id\":\"https:\/\/conversesacatalunya.cat\/#\/schema\/person\/image\/\",\"url\":\"https:\/\/conversesacatalunya.cat\/wp-content\/litespeed\/avatar\/b9b32a5f987117ce72836d050f735d2b.jpg?ver=1777366285\",\"contentUrl\":\"https:\/\/conversesacatalunya.cat\/wp-content\/litespeed\/avatar\/b9b32a5f987117ce72836d050f735d2b.jpg?ver=1777366285\",\"caption\":\"Victor Pou\"},\"url\":\"https:\/\/conversesacatalunya.cat\/es\/author\/victor_pou\/\"}]}<\/script>\n<!-- \/ Yoast SEO plugin. -->","yoast_head_json":{"title":"La identidad europea (II): \u00bfUnidad pol\u00edtica? - Converses a Catalunya","description":"Europa representa la unidad en la diversidad o la diversidad en la unidad, desde sus or\u00edgenes. Pero existe un aspecto donde la unidad europea","robots":{"index":"index","follow":"follow","max-snippet":"max-snippet:-1","max-image-preview":"max-image-preview:large","max-video-preview":"max-video-preview:-1"},"canonical":"https:\/\/conversesacatalunya.cat\/es\/la-identidad-europea-ii-unidad-politica\/","og_locale":"es_ES","og_type":"article","og_title":"La identidad europea (II): \u00bfUnidad pol\u00edtica? - Converses a Catalunya","og_description":"Europa representa la unidad en la diversidad o la diversidad en la unidad, desde sus or\u00edgenes. Pero existe un aspecto donde la unidad europea","og_url":"https:\/\/conversesacatalunya.cat\/es\/la-identidad-europea-ii-unidad-politica\/","og_site_name":"Converses a Catalunya","article_published_time":"2020-09-02T06:00:48+00:00","article_modified_time":"2020-09-03T05:59:28+00:00","og_image":[{"width":1600,"height":1065,"url":"https:\/\/conversesacatalunya.cat\/wp-content\/uploads\/2020\/08\/Unitat-europea.jpg","type":"image\/jpeg"}],"author":"Victor Pou","twitter_card":"summary_large_image","twitter_misc":{"Escrito por":"Victor Pou","Tiempo de lectura":"7 minutos"},"schema":{"@context":"https:\/\/schema.org","@graph":[{"@type":"Article","@id":"https:\/\/conversesacatalunya.cat\/es\/la-identidad-europea-ii-unidad-politica\/#article","isPartOf":{"@id":"https:\/\/conversesacatalunya.cat\/es\/la-identidad-europea-ii-unidad-politica\/"},"author":{"name":"Victor Pou","@id":"https:\/\/conversesacatalunya.cat\/#\/schema\/person\/1b0082ee920b837be791bee630d460b2"},"headline":"La identidad europea (II): \u00bfUnidad pol\u00edtica?","datePublished":"2020-09-02T06:00:48+00:00","dateModified":"2020-09-03T05:59:28+00:00","mainEntityOfPage":{"@id":"https:\/\/conversesacatalunya.cat\/es\/la-identidad-europea-ii-unidad-politica\/"},"wordCount":1485,"commentCount":0,"image":{"@id":"https:\/\/conversesacatalunya.cat\/es\/la-identidad-europea-ii-unidad-politica\/#primaryimage"},"thumbnailUrl":"https:\/\/conversesacatalunya.cat\/wp-content\/uploads\/2020\/08\/Unitat-europea.jpg","keywords":["Europa","Padres de Europa","Schuman"],"articleSection":["Pro Europa (ES)"],"inLanguage":"es","potentialAction":[{"@type":"CommentAction","name":"Comment","target":["https:\/\/conversesacatalunya.cat\/es\/la-identidad-europea-ii-unidad-politica\/#respond"]}]},{"@type":"WebPage","@id":"https:\/\/conversesacatalunya.cat\/es\/la-identidad-europea-ii-unidad-politica\/","url":"https:\/\/conversesacatalunya.cat\/es\/la-identidad-europea-ii-unidad-politica\/","name":"La identidad europea (II): \u00bfUnidad pol\u00edtica? - Converses a Catalunya","isPartOf":{"@id":"https:\/\/conversesacatalunya.cat\/#website"},"primaryImageOfPage":{"@id":"https:\/\/conversesacatalunya.cat\/es\/la-identidad-europea-ii-unidad-politica\/#primaryimage"},"image":{"@id":"https:\/\/conversesacatalunya.cat\/es\/la-identidad-europea-ii-unidad-politica\/#primaryimage"},"thumbnailUrl":"https:\/\/conversesacatalunya.cat\/wp-content\/uploads\/2020\/08\/Unitat-europea.jpg","datePublished":"2020-09-02T06:00:48+00:00","dateModified":"2020-09-03T05:59:28+00:00","author":{"@id":"https:\/\/conversesacatalunya.cat\/#\/schema\/person\/1b0082ee920b837be791bee630d460b2"},"description":"Europa representa la unidad en la diversidad o la diversidad en la unidad, desde sus or\u00edgenes. Pero existe un aspecto donde la unidad europea","breadcrumb":{"@id":"https:\/\/conversesacatalunya.cat\/es\/la-identidad-europea-ii-unidad-politica\/#breadcrumb"},"inLanguage":"es","potentialAction":[{"@type":"ReadAction","target":["https:\/\/conversesacatalunya.cat\/es\/la-identidad-europea-ii-unidad-politica\/"]}]},{"@type":"ImageObject","inLanguage":"es","@id":"https:\/\/conversesacatalunya.cat\/es\/la-identidad-europea-ii-unidad-politica\/#primaryimage","url":"https:\/\/conversesacatalunya.cat\/wp-content\/uploads\/2020\/08\/Unitat-europea.jpg","contentUrl":"https:\/\/conversesacatalunya.cat\/wp-content\/uploads\/2020\/08\/Unitat-europea.jpg","width":1600,"height":1065,"caption":"Unitat europea"},{"@type":"BreadcrumbList","@id":"https:\/\/conversesacatalunya.cat\/es\/la-identidad-europea-ii-unidad-politica\/#breadcrumb","itemListElement":[{"@type":"ListItem","position":1,"name":"Inici","item":"https:\/\/conversesacatalunya.cat\/es\/"},{"@type":"ListItem","position":2,"name":"La identidad europea (II): \u00bfUnidad pol\u00edtica?"}]},{"@type":"WebSite","@id":"https:\/\/conversesacatalunya.cat\/#website","url":"https:\/\/conversesacatalunya.cat\/","name":"Converses a Catalunya","description":"","potentialAction":[{"@type":"SearchAction","target":{"@type":"EntryPoint","urlTemplate":"https:\/\/conversesacatalunya.cat\/?s={search_term_string}"},"query-input":{"@type":"PropertyValueSpecification","valueRequired":true,"valueName":"search_term_string"}}],"inLanguage":"es"},{"@type":"Person","@id":"https:\/\/conversesacatalunya.cat\/#\/schema\/person\/1b0082ee920b837be791bee630d460b2","name":"Victor Pou","image":{"@type":"ImageObject","inLanguage":"es","@id":"https:\/\/conversesacatalunya.cat\/#\/schema\/person\/image\/","url":"https:\/\/conversesacatalunya.cat\/wp-content\/litespeed\/avatar\/b9b32a5f987117ce72836d050f735d2b.jpg?ver=1777366285","contentUrl":"https:\/\/conversesacatalunya.cat\/wp-content\/litespeed\/avatar\/b9b32a5f987117ce72836d050f735d2b.jpg?ver=1777366285","caption":"Victor Pou"},"url":"https:\/\/conversesacatalunya.cat\/es\/author\/victor_pou\/"}]}},"wps_subtitle":"Europa todav\u00eda no ha sido capaz de llegar a la unidad pol\u00edtica basada en su identidad","_links":{"self":[{"href":"https:\/\/conversesacatalunya.cat\/es\/wp-json\/wp\/v2\/posts\/39668","targetHints":{"allow":["GET"]}}],"collection":[{"href":"https:\/\/conversesacatalunya.cat\/es\/wp-json\/wp\/v2\/posts"}],"about":[{"href":"https:\/\/conversesacatalunya.cat\/es\/wp-json\/wp\/v2\/types\/post"}],"author":[{"embeddable":true,"href":"https:\/\/conversesacatalunya.cat\/es\/wp-json\/wp\/v2\/users\/38"}],"replies":[{"embeddable":true,"href":"https:\/\/conversesacatalunya.cat\/es\/wp-json\/wp\/v2\/comments?post=39668"}],"version-history":[{"count":6,"href":"https:\/\/conversesacatalunya.cat\/es\/wp-json\/wp\/v2\/posts\/39668\/revisions"}],"predecessor-version":[{"id":39709,"href":"https:\/\/conversesacatalunya.cat\/es\/wp-json\/wp\/v2\/posts\/39668\/revisions\/39709"}],"wp:featuredmedia":[{"embeddable":true,"href":"https:\/\/conversesacatalunya.cat\/es\/wp-json\/wp\/v2\/media\/39556"}],"wp:attachment":[{"href":"https:\/\/conversesacatalunya.cat\/es\/wp-json\/wp\/v2\/media?parent=39668"}],"wp:term":[{"taxonomy":"category","embeddable":true,"href":"https:\/\/conversesacatalunya.cat\/es\/wp-json\/wp\/v2\/categories?post=39668"},{"taxonomy":"post_tag","embeddable":true,"href":"https:\/\/conversesacatalunya.cat\/es\/wp-json\/wp\/v2\/tags?post=39668"}],"curies":[{"name":"wp","href":"https:\/\/api.w.org\/{rel}","templated":true}]}}