{"id":39657,"date":"2020-09-01T13:23:10","date_gmt":"2020-09-01T11:23:10","guid":{"rendered":"https:\/\/conversesacatalunya.cat\/el-govern-sanchez-elit-economica\/"},"modified":"2020-09-01T16:26:58","modified_gmt":"2020-09-01T14:26:58","slug":"el-gobierno-mas-progresista-de-europa-recibe-la-bendicion-de-la-elite-economica","status":"publish","type":"post","link":"https:\/\/conversesacatalunya.cat\/es\/el-gobierno-mas-progresista-de-europa-recibe-la-bendicion-de-la-elite-economica\/","title":{"rendered":"El gobierno m\u00e1s progresista de Europa recibe la bendici\u00f3n de la \u00e9lite econ\u00f3mica"},"content":{"rendered":"<p>Ayer S\u00e1nchez, de la mano de su gur\u00fa particular <strong>Iv\u00e1n Rueda<\/strong>, organiz\u00f3 un nuevo evento que realmente merece reflexi\u00f3n, m\u00e1s all\u00e1 del juego pol\u00edtico de arrinconar al PP a un lado del tablero de juego, ocupando el gobierno de S\u00e1nchez la centralidad gracias al visto bueno de los representantes de las grandes empresas espa\u00f1olas o, para simplificar, el Ibex 35.<\/p>\n<p>Si este hecho lo hubiera llevado a cabo un gobierno m\u00e1s o menos socialdem\u00f3crata de corte cl\u00e1sico tambi\u00e9n llamar\u00eda la atenci\u00f3n, pero no tanto como cuando el evento se produce con la presencia de Unidas Podemos y Pablo Iglesias, que no hace tanto tiempo declaraba que hab\u00eda que tomar por asalto el cielo. Entonces, todo se transforma en m\u00e1s espectacular, y si a este hecho se le a\u00f1ade el elogio de muchas de las personas de la \u00e9lite econ\u00f3mica asistente, el hecho a\u00fan se hace m\u00e1s extraordinario.<\/p>\n<p><strong>Ana Bot\u00edn<\/strong>, por ejemplo, la principal responsable del primer banco espa\u00f1ol, declaraba p\u00fablicamente que el presidente hab\u00eda estado muy bien. Esta opini\u00f3n, que no era extra\u00f1a a muchos de los asistentes, si bien la asum\u00edan con mucha mayor discreci\u00f3n, debe llevarnos a preguntarnos qu\u00e9 dijo a lo largo de casi una hora de intervenci\u00f3n el presidente S\u00e1nchez para ser merecedor de tantos elogios. La respuesta es que en t\u00e9rminos de pol\u00edtica de las cosas y de concreci\u00f3n econ\u00f3mica, el discurso es <strong>absolutamente vac\u00edo<\/strong>. La m\u00e1xima precisi\u00f3n que se puede extraer es que a largo plazo volveremos a crecer a un ritmo del 2%. Pero claro, el problema radica en qu\u00e9 se considera a largo plazo; \u00bf7, 10, 15 a\u00f1os? Desde el punto de vista pol\u00edtico, se puede subrayar el \u00e9nfasis, l\u00f3gico, de la estabilidad del actual gobierno y el compromiso a terminar la presente legislatura. Todo lo dem\u00e1s fueron <strong>apelaciones de forma diferente a la unidad<\/strong> porque unidos lo haremos mejor, pero claro, es un abstracto universal. <strong>\u00bfUnidad en torno a qu\u00e9?<\/strong> Hombre, \u00a1la recuperaci\u00f3n! Claro, pero \u00bfc\u00f3mo y cu\u00e1l? Teniendo una audiencia econ\u00f3mica tan privilegiada, habr\u00eda sido l\u00f3gico que el presidente aportara se\u00f1ales claras de las <strong>prioridades presupuestarias<\/strong> de un presupuesto que es inminente. Pero nada de esto se produjo. En realidad, lo que reclama S\u00e1nchez, y el Ibex 35 hace de coro de la tragedia griega, <strong>es la unidad en torno a su persona<\/strong>, no a un proyecto de pa\u00eds que no se ve por ning\u00fan lado.<\/p>\n<p>Tambi\u00e9n parece dif\u00edcil c\u00f3mo es posible combinar aquellos que piden una <strong>mayor presi\u00f3n fiscal<\/strong>, e impuestos especiales sobre las grandes fortunas, que son cr\u00edticos con la \u00e9lite econ\u00f3mica, con compartir el pan y la sal con ella, y que salgan tan satisfechos, porque no se produce ning\u00fan tipo de exigencia. Como explica <strong>Branko Milanovic<\/strong> en <a href=\"https:\/\/www.casadellibro.com\/libro-capitalismo-nada-mas\/9788430623242\/11242226\" target=\"_blank\" rel=\"noopener noreferrer\"><em>Capitalismo, nada m\u00e1s<\/em><\/a>, la actual din\u00e1mica capitalista hace crecer la desigualdad y una de las razones es, seg\u00fan \u00e9l, la que explica Piketty en <a href=\"https:\/\/www.laie.es\/es\/libro\/el-capital-al-segle-xxi\/9788482647449\/564425\" target=\"_blank\" rel=\"noopener noreferrer\"><em>El capital en el siglo XXI<\/em><\/a>, en tanto en cuanto la rentabilidad del capital crece m\u00e1s que el PIB y tambi\u00e9n por otro factor, que es singular del actual momento hist\u00f3rico: las personas que ostentan un capital importante ocupan los puestos m\u00e1s altos de la escala directiva. Son profesionales extraordinariamente bien pagados y se produce en este sentido una doble acumulaci\u00f3n de sus ingresos, y en consecuencia de su riqueza. La rentabilidad del capital crece m\u00e1s que el PIB, y sus elevadas retribuciones crecen mucho m\u00e1s que la media de la retribuci\u00f3n. Este hecho, seg\u00fan Milanovic, que recordemos que no es un <em>outsider<\/em> sino que fue durante a\u00f1os el <strong>economista principal del Departamento de Investigaci\u00f3n del Banco Mundial<\/strong>, explica que adem\u00e1s se producen dos otros factores. La tendencia creciente a que los hombres muy ricos se casen con mujeres muy ricas, y que transmitan sus ventajas a los hijos, no s\u00f3lo mediante la herencia sino por medio de proporcionarles una ense\u00f1anza que cada vez m\u00e1s est\u00e1 limitado a personas de muchos ingresos. Todo ello acent\u00faa el crecimiento de la desigualdad en el v\u00e9rtice en ese 0,1% del total de la poblaci\u00f3n, al 1% o incluso al 10% del <em>top<\/em> de la pir\u00e1mide ingresos. \u00bfC\u00f3mo compagina Podemos esta realidad con sus -te\u00f3ricos- fines pol\u00edticos? A no ser que el \u00fanico objetivo real sea permanecer pegados al aparato del estado, generador de puestos de trabajo sin fin.<\/p>\n<p>Esta buena relaci\u00f3n entre gobierno y el Ibex 35 no es ni mucho menos negativa, pero dejada as\u00ed s\u00f3lo en los actuales t\u00e9rminos, deber\u00eda <strong>preocupar a la mayor\u00eda<\/strong>; a aquellos que no est\u00e1n dentro del 1%, porque cuando el poder por el poder -y este parece que es el camino del actual gobierno- pacta con el v\u00e9rtice del dinero en una situaci\u00f3n tan cr\u00edtica como la actual, el 99% de la poblaci\u00f3n, y especialmente las clases medias, comenzando por la alta, acaba por pagar los platos rotos. No porque haya la mala intenci\u00f3n de hacerlo, sino porque con una crisis de la magnitud de la actual, inexorablemente la vajilla se rompe y la ecuaci\u00f3n, la pol\u00edtica, radica en determinar cu\u00e1les son las piezas que se pueden romper con menor sufrimiento y con m\u00e1s ganancias para todos. En la reuni\u00f3n de ayer estos eran los altos ejecutivos del 1%, a no ser, claro, que la intenci\u00f3n final de S\u00e1nchez e Iglesias sea llevarlos a todos al huerto, y de manera sucesiva.<\/p>\n<span class='bctt-click-to-tweet'><span class='bctt-ctt-text'><a href='https:\/\/twitter.com\/intent\/tweet?url=https%3A%2F%2Fconversesacatalunya.cat%2Fes%2Fel-gobierno-mas-progresista-de-europa-recibe-la-bendicion-de-la-elite-economica%2F&#038;text=El%20gobierno%20de%20S%C3%A1nchez%2C%20el%20m%C3%A1s%20progresista%20de%20Europa%2C%20recibe%20la%20bendici%C3%B3n%20de%20la%20%C3%A9lite%20econ%C3%B3mica&#038;via=conversesacat&#038;related=conversesacat' target='_blank'rel=\"noopener noreferrer\">El gobierno de S\u00e1nchez, el m\u00e1s progresista de Europa, recibe la bendici\u00f3n de la \u00e9lite econ\u00f3mica <\/a><\/span><a href='https:\/\/twitter.com\/intent\/tweet?url=https%3A%2F%2Fconversesacatalunya.cat%2Fes%2Fel-gobierno-mas-progresista-de-europa-recibe-la-bendicion-de-la-elite-economica%2F&#038;text=El%20gobierno%20de%20S%C3%A1nchez%2C%20el%20m%C3%A1s%20progresista%20de%20Europa%2C%20recibe%20la%20bendici%C3%B3n%20de%20la%20%C3%A9lite%20econ%C3%B3mica&#038;via=conversesacat&#038;related=conversesacat' target='_blank' class='bctt-ctt-btn'rel=\"noopener noreferrer\">Compartir en X<\/a><\/span>\n","protected":false},"excerpt":{"rendered":"<p>Ayer S\u00e1nchez, de la mano de su gur\u00fa particular Iv\u00e1n Rueda, organiz\u00f3 un nuevo evento que realmente merece reflexi\u00f3n, m\u00e1s all\u00e1 del juego pol\u00edtico de arrinconar al PP a un lado del tablero de juego, ocupando el gobierno de S\u00e1nchez la centralidad gracias al visto bueno de los representantes de las grandes empresas espa\u00f1olas o, para simplificar, el Ibex 35. Si este hecho lo hubiera llevado a cabo un gobierno m\u00e1s o menos socialdem\u00f3crata de corte cl\u00e1sico tambi\u00e9n llamar\u00eda la atenci\u00f3n, pero no tanto como cuando el evento se produce con la presencia de Unidas Podemos y Pablo Iglesias, que no hace tanto tiempo declaraba que hab\u00eda que tomar por asalto el cielo. Entonces, todo se transforma en m\u00e1s espectacular, y si a este hecho se le a\u00f1ade el elogio de muchas de las personas de la \u00e9lite econ\u00f3mica asistente, el hecho a\u00fan se hace m\u00e1s extraordinario. Ana Bot\u00edn, por ejemplo, la principal responsable del primer banco espa\u00f1ol, declaraba p\u00fablicamente que el presidente hab\u00eda estado muy bien. Esta opini\u00f3n, que no era extra\u00f1a a muchos de los asistentes, si bien la asum\u00edan con mucha mayor discreci\u00f3n, debe llevarnos a preguntarnos qu\u00e9 dijo a lo largo de casi una hora de intervenci\u00f3n el presidente S\u00e1nchez para ser merecedor de tantos elogios. La respuesta es que en t\u00e9rminos de pol\u00edtica de las cosas y de concreci\u00f3n econ\u00f3mica, el discurso es absolutamente vac\u00edo. La m\u00e1xima precisi\u00f3n que se puede extraer es que a largo plazo volveremos a crecer a un ritmo del 2%. Pero claro, el problema radica en qu\u00e9 se considera a largo plazo; \u00bf7, 10, 15 a\u00f1os? Desde el punto de vista pol\u00edtico, se puede subrayar el \u00e9nfasis, l\u00f3gico, de la estabilidad del actual gobierno y el compromiso a terminar la presente legislatura. Todo lo dem\u00e1s fueron apelaciones de forma diferente a la unidad porque unidos lo haremos mejor, pero claro, es un abstracto universal. \u00bfUnidad en torno a qu\u00e9? Hombre, \u00a1la recuperaci\u00f3n! Claro, pero \u00bfc\u00f3mo y cu\u00e1l? Teniendo una audiencia econ\u00f3mica tan privilegiada, habr\u00eda sido l\u00f3gico que el presidente aportara se\u00f1ales claras de las prioridades presupuestarias de un presupuesto que es inminente. Pero nada de esto se produjo. En realidad, lo que reclama S\u00e1nchez, y el Ibex 35 hace de coro de la tragedia griega, es la unidad en torno a su persona, no a un proyecto de pa\u00eds que no se ve por ning\u00fan lado. Tambi\u00e9n parece dif\u00edcil c\u00f3mo es posible combinar aquellos que piden una mayor presi\u00f3n fiscal, e impuestos especiales sobre las grandes fortunas, que son cr\u00edticos con la \u00e9lite econ\u00f3mica, con compartir el pan y la sal con ella, y que salgan tan satisfechos, porque no se produce ning\u00fan tipo de exigencia. Como explica Branko Milanovic en Capitalismo, nada m\u00e1s, la actual din\u00e1mica capitalista hace crecer la desigualdad y una de las razones es, seg\u00fan \u00e9l, la que explica Piketty en El capital en el siglo XXI, en tanto en cuanto la rentabilidad del capital crece m\u00e1s que el PIB y tambi\u00e9n por otro factor, que es singular del actual momento hist\u00f3rico: las personas que ostentan un capital importante ocupan los puestos m\u00e1s altos de la escala directiva. Son profesionales extraordinariamente bien pagados y se produce en este sentido una doble acumulaci\u00f3n de sus ingresos, y en consecuencia de su riqueza. La rentabilidad del capital crece m\u00e1s que el PIB, y sus elevadas retribuciones crecen mucho m\u00e1s que la media de la retribuci\u00f3n. Este hecho, seg\u00fan Milanovic, que recordemos que no es un outsider sino que fue durante a\u00f1os el economista principal del Departamento de Investigaci\u00f3n del Banco Mundial, explica que adem\u00e1s se producen dos otros factores. La tendencia creciente a que los hombres muy ricos se casen con mujeres muy ricas, y que transmitan sus ventajas a los hijos, no s\u00f3lo mediante la herencia sino por medio de proporcionarles una ense\u00f1anza que cada vez m\u00e1s est\u00e1 limitado a personas de muchos ingresos. Todo ello acent\u00faa el crecimiento de la desigualdad en el v\u00e9rtice en ese 0,1% del total de la poblaci\u00f3n, al 1% o incluso al 10% del top de la pir\u00e1mide ingresos. \u00bfC\u00f3mo compagina Podemos esta realidad con sus -te\u00f3ricos- fines pol\u00edticos? A no ser que el \u00fanico objetivo real sea permanecer pegados al aparato del estado, generador de puestos de trabajo sin fin. Esta buena relaci\u00f3n entre gobierno y el Ibex 35 no es ni mucho menos negativa, pero dejada as\u00ed s\u00f3lo en los actuales t\u00e9rminos, deber\u00eda preocupar a la mayor\u00eda; a aquellos que no est\u00e1n dentro del 1%, porque cuando el poder por el poder -y este parece que es el camino del actual gobierno- pacta con el v\u00e9rtice del dinero en una situaci\u00f3n tan cr\u00edtica como la actual, el 99% de la poblaci\u00f3n, y especialmente las clases medias, comenzando por la alta, acaba por pagar los platos rotos. No porque haya la mala intenci\u00f3n de hacerlo, sino porque con una crisis de la magnitud de la actual, inexorablemente la vajilla se rompe y la ecuaci\u00f3n, la pol\u00edtica, radica en determinar cu\u00e1les son las piezas que se pueden romper con menor sufrimiento y con m\u00e1s ganancias para todos. En la reuni\u00f3n de ayer estos eran los altos ejecutivos del 1%, a no ser, claro, que la intenci\u00f3n final de S\u00e1nchez e Iglesias sea llevarlos a todos al huerto, y de manera sucesiva.<\/p>\n","protected":false},"author":2,"featured_media":39653,"comment_status":"open","ping_status":"open","sticky":false,"template":"","format":"standard","meta":{"_FSMCFIC_featured_image_caption":"","_FSMCFIC_featured_image_nocaption":"","_FSMCFIC_featured_image_hide":"","footnotes":""},"categories":[806],"tags":[1504,999],"class_list":["post-39657","post","type-post","status-publish","format-standard","has-post-thumbnail","hentry","category-punts-claus-del-dia-es","tag-coronavirus-es","tag-crisis-economica"],"yoast_head":"<!-- This site is optimized with the Yoast SEO plugin v26.8 - https:\/\/yoast.com\/product\/yoast-seo-wordpress\/ -->\n<title>El gobierno m\u00e1s progresista de Europa recibe la bendici\u00f3n de la \u00e9lite econ\u00f3mica - Converses a Catalunya<\/title>\n<meta name=\"description\" content=\"El gobierno de S\u00e1nchez, el m\u00e1s progresista de Europa, recibe la bendici\u00f3n de la \u00e9lite econ\u00f3mica\" \/>\n<meta name=\"robots\" content=\"index, follow, max-snippet:-1, max-image-preview:large, max-video-preview:-1\" \/>\n<link rel=\"canonical\" href=\"https:\/\/conversesacatalunya.cat\/es\/el-gobierno-mas-progresista-de-europa-recibe-la-bendicion-de-la-elite-economica\/\" \/>\n<meta property=\"og:locale\" content=\"es_ES\" \/>\n<meta property=\"og:type\" content=\"article\" \/>\n<meta property=\"og:title\" content=\"El gobierno m\u00e1s progresista de Europa recibe la bendici\u00f3n de la \u00e9lite econ\u00f3mica - Converses a Catalunya\" \/>\n<meta property=\"og:description\" content=\"El gobierno de S\u00e1nchez, el m\u00e1s progresista de Europa, recibe la bendici\u00f3n de la \u00e9lite econ\u00f3mica\" \/>\n<meta property=\"og:url\" content=\"https:\/\/conversesacatalunya.cat\/es\/el-gobierno-mas-progresista-de-europa-recibe-la-bendicion-de-la-elite-economica\/\" \/>\n<meta property=\"og:site_name\" content=\"Converses a Catalunya\" \/>\n<meta property=\"article:published_time\" content=\"2020-09-01T11:23:10+00:00\" \/>\n<meta property=\"article:modified_time\" content=\"2020-09-01T14:26:58+00:00\" \/>\n<meta property=\"og:image\" content=\"https:\/\/conversesacatalunya.cat\/wp-content\/uploads\/2020\/09\/sanchez-elit-economica.jpg\" \/>\n\t<meta property=\"og:image:width\" content=\"992\" \/>\n\t<meta property=\"og:image:height\" content=\"558\" \/>\n\t<meta property=\"og:image:type\" content=\"image\/jpeg\" \/>\n<meta name=\"author\" content=\"conversesacatalunya\" \/>\n<meta name=\"twitter:card\" content=\"summary_large_image\" \/>\n<meta name=\"twitter:label1\" content=\"Escrito por\" \/>\n\t<meta name=\"twitter:data1\" content=\"conversesacatalunya\" \/>\n\t<meta name=\"twitter:label2\" content=\"Tiempo de lectura\" \/>\n\t<meta name=\"twitter:data2\" content=\"5 minutos\" \/>\n<script type=\"application\/ld+json\" class=\"yoast-schema-graph\">{\"@context\":\"https:\/\/schema.org\",\"@graph\":[{\"@type\":\"Article\",\"@id\":\"https:\/\/conversesacatalunya.cat\/es\/el-gobierno-mas-progresista-de-europa-recibe-la-bendicion-de-la-elite-economica\/#article\",\"isPartOf\":{\"@id\":\"https:\/\/conversesacatalunya.cat\/es\/el-gobierno-mas-progresista-de-europa-recibe-la-bendicion-de-la-elite-economica\/\"},\"author\":{\"name\":\"conversesacatalunya\",\"@id\":\"https:\/\/conversesacatalunya.cat\/#\/schema\/person\/7e24d1e54a2785373ddcb275eae5ed99\"},\"headline\":\"El gobierno m\u00e1s progresista de Europa recibe la bendici\u00f3n de la \u00e9lite econ\u00f3mica\",\"datePublished\":\"2020-09-01T11:23:10+00:00\",\"dateModified\":\"2020-09-01T14:26:58+00:00\",\"mainEntityOfPage\":{\"@id\":\"https:\/\/conversesacatalunya.cat\/es\/el-gobierno-mas-progresista-de-europa-recibe-la-bendicion-de-la-elite-economica\/\"},\"wordCount\":1007,\"commentCount\":0,\"image\":{\"@id\":\"https:\/\/conversesacatalunya.cat\/es\/el-gobierno-mas-progresista-de-europa-recibe-la-bendicion-de-la-elite-economica\/#primaryimage\"},\"thumbnailUrl\":\"https:\/\/conversesacatalunya.cat\/wp-content\/uploads\/2020\/09\/sanchez-elit-economica.jpg\",\"keywords\":[\"coronavirus\",\"crisis econ\u00f3mica\"],\"articleSection\":[\"Punts clau del dia (ES)\"],\"inLanguage\":\"es\",\"potentialAction\":[{\"@type\":\"CommentAction\",\"name\":\"Comment\",\"target\":[\"https:\/\/conversesacatalunya.cat\/es\/el-gobierno-mas-progresista-de-europa-recibe-la-bendicion-de-la-elite-economica\/#respond\"]}]},{\"@type\":\"WebPage\",\"@id\":\"https:\/\/conversesacatalunya.cat\/es\/el-gobierno-mas-progresista-de-europa-recibe-la-bendicion-de-la-elite-economica\/\",\"url\":\"https:\/\/conversesacatalunya.cat\/es\/el-gobierno-mas-progresista-de-europa-recibe-la-bendicion-de-la-elite-economica\/\",\"name\":\"El gobierno m\u00e1s progresista de Europa recibe la bendici\u00f3n de la \u00e9lite econ\u00f3mica - Converses a Catalunya\",\"isPartOf\":{\"@id\":\"https:\/\/conversesacatalunya.cat\/#website\"},\"primaryImageOfPage\":{\"@id\":\"https:\/\/conversesacatalunya.cat\/es\/el-gobierno-mas-progresista-de-europa-recibe-la-bendicion-de-la-elite-economica\/#primaryimage\"},\"image\":{\"@id\":\"https:\/\/conversesacatalunya.cat\/es\/el-gobierno-mas-progresista-de-europa-recibe-la-bendicion-de-la-elite-economica\/#primaryimage\"},\"thumbnailUrl\":\"https:\/\/conversesacatalunya.cat\/wp-content\/uploads\/2020\/09\/sanchez-elit-economica.jpg\",\"datePublished\":\"2020-09-01T11:23:10+00:00\",\"dateModified\":\"2020-09-01T14:26:58+00:00\",\"author\":{\"@id\":\"https:\/\/conversesacatalunya.cat\/#\/schema\/person\/7e24d1e54a2785373ddcb275eae5ed99\"},\"description\":\"El gobierno de S\u00e1nchez, el m\u00e1s progresista de Europa, recibe la bendici\u00f3n de la \u00e9lite econ\u00f3mica\",\"breadcrumb\":{\"@id\":\"https:\/\/conversesacatalunya.cat\/es\/el-gobierno-mas-progresista-de-europa-recibe-la-bendicion-de-la-elite-economica\/#breadcrumb\"},\"inLanguage\":\"es\",\"potentialAction\":[{\"@type\":\"ReadAction\",\"target\":[\"https:\/\/conversesacatalunya.cat\/es\/el-gobierno-mas-progresista-de-europa-recibe-la-bendicion-de-la-elite-economica\/\"]}]},{\"@type\":\"ImageObject\",\"inLanguage\":\"es\",\"@id\":\"https:\/\/conversesacatalunya.cat\/es\/el-gobierno-mas-progresista-de-europa-recibe-la-bendicion-de-la-elite-economica\/#primaryimage\",\"url\":\"https:\/\/conversesacatalunya.cat\/wp-content\/uploads\/2020\/09\/sanchez-elit-economica.jpg\",\"contentUrl\":\"https:\/\/conversesacatalunya.cat\/wp-content\/uploads\/2020\/09\/sanchez-elit-economica.jpg\",\"width\":992,\"height\":558,\"caption\":\"sanchez elit economica\"},{\"@type\":\"BreadcrumbList\",\"@id\":\"https:\/\/conversesacatalunya.cat\/es\/el-gobierno-mas-progresista-de-europa-recibe-la-bendicion-de-la-elite-economica\/#breadcrumb\",\"itemListElement\":[{\"@type\":\"ListItem\",\"position\":1,\"name\":\"Inici\",\"item\":\"https:\/\/conversesacatalunya.cat\/es\/\"},{\"@type\":\"ListItem\",\"position\":2,\"name\":\"El gobierno m\u00e1s progresista de Europa recibe la bendici\u00f3n de la \u00e9lite econ\u00f3mica\"}]},{\"@type\":\"WebSite\",\"@id\":\"https:\/\/conversesacatalunya.cat\/#website\",\"url\":\"https:\/\/conversesacatalunya.cat\/\",\"name\":\"Converses a Catalunya\",\"description\":\"\",\"potentialAction\":[{\"@type\":\"SearchAction\",\"target\":{\"@type\":\"EntryPoint\",\"urlTemplate\":\"https:\/\/conversesacatalunya.cat\/?s={search_term_string}\"},\"query-input\":{\"@type\":\"PropertyValueSpecification\",\"valueRequired\":true,\"valueName\":\"search_term_string\"}}],\"inLanguage\":\"es\"},{\"@type\":\"Person\",\"@id\":\"https:\/\/conversesacatalunya.cat\/#\/schema\/person\/7e24d1e54a2785373ddcb275eae5ed99\",\"name\":\"conversesacatalunya\",\"image\":{\"@type\":\"ImageObject\",\"inLanguage\":\"es\",\"@id\":\"https:\/\/conversesacatalunya.cat\/#\/schema\/person\/image\/\",\"url\":\"https:\/\/conversesacatalunya.cat\/wp-content\/litespeed\/avatar\/febdfeeec89d950f01c748045a981dd2.jpg?ver=1777314535\",\"contentUrl\":\"https:\/\/conversesacatalunya.cat\/wp-content\/litespeed\/avatar\/febdfeeec89d950f01c748045a981dd2.jpg?ver=1777314535\",\"caption\":\"conversesacatalunya\"},\"url\":\"https:\/\/conversesacatalunya.cat\/es\/author\/carme_catala\/\"}]}<\/script>\n<!-- \/ Yoast SEO plugin. -->","yoast_head_json":{"title":"El gobierno m\u00e1s progresista de Europa recibe la bendici\u00f3n de la \u00e9lite econ\u00f3mica - Converses a Catalunya","description":"El gobierno de S\u00e1nchez, el m\u00e1s progresista de Europa, recibe la bendici\u00f3n de la \u00e9lite econ\u00f3mica","robots":{"index":"index","follow":"follow","max-snippet":"max-snippet:-1","max-image-preview":"max-image-preview:large","max-video-preview":"max-video-preview:-1"},"canonical":"https:\/\/conversesacatalunya.cat\/es\/el-gobierno-mas-progresista-de-europa-recibe-la-bendicion-de-la-elite-economica\/","og_locale":"es_ES","og_type":"article","og_title":"El gobierno m\u00e1s progresista de Europa recibe la bendici\u00f3n de la \u00e9lite econ\u00f3mica - Converses a Catalunya","og_description":"El gobierno de S\u00e1nchez, el m\u00e1s progresista de Europa, recibe la bendici\u00f3n de la \u00e9lite econ\u00f3mica","og_url":"https:\/\/conversesacatalunya.cat\/es\/el-gobierno-mas-progresista-de-europa-recibe-la-bendicion-de-la-elite-economica\/","og_site_name":"Converses a Catalunya","article_published_time":"2020-09-01T11:23:10+00:00","article_modified_time":"2020-09-01T14:26:58+00:00","og_image":[{"width":992,"height":558,"url":"https:\/\/conversesacatalunya.cat\/wp-content\/uploads\/2020\/09\/sanchez-elit-economica.jpg","type":"image\/jpeg"}],"author":"conversesacatalunya","twitter_card":"summary_large_image","twitter_misc":{"Escrito por":"conversesacatalunya","Tiempo de lectura":"5 minutos"},"schema":{"@context":"https:\/\/schema.org","@graph":[{"@type":"Article","@id":"https:\/\/conversesacatalunya.cat\/es\/el-gobierno-mas-progresista-de-europa-recibe-la-bendicion-de-la-elite-economica\/#article","isPartOf":{"@id":"https:\/\/conversesacatalunya.cat\/es\/el-gobierno-mas-progresista-de-europa-recibe-la-bendicion-de-la-elite-economica\/"},"author":{"name":"conversesacatalunya","@id":"https:\/\/conversesacatalunya.cat\/#\/schema\/person\/7e24d1e54a2785373ddcb275eae5ed99"},"headline":"El gobierno m\u00e1s progresista de Europa recibe la bendici\u00f3n de la \u00e9lite econ\u00f3mica","datePublished":"2020-09-01T11:23:10+00:00","dateModified":"2020-09-01T14:26:58+00:00","mainEntityOfPage":{"@id":"https:\/\/conversesacatalunya.cat\/es\/el-gobierno-mas-progresista-de-europa-recibe-la-bendicion-de-la-elite-economica\/"},"wordCount":1007,"commentCount":0,"image":{"@id":"https:\/\/conversesacatalunya.cat\/es\/el-gobierno-mas-progresista-de-europa-recibe-la-bendicion-de-la-elite-economica\/#primaryimage"},"thumbnailUrl":"https:\/\/conversesacatalunya.cat\/wp-content\/uploads\/2020\/09\/sanchez-elit-economica.jpg","keywords":["coronavirus","crisis econ\u00f3mica"],"articleSection":["Punts clau del dia (ES)"],"inLanguage":"es","potentialAction":[{"@type":"CommentAction","name":"Comment","target":["https:\/\/conversesacatalunya.cat\/es\/el-gobierno-mas-progresista-de-europa-recibe-la-bendicion-de-la-elite-economica\/#respond"]}]},{"@type":"WebPage","@id":"https:\/\/conversesacatalunya.cat\/es\/el-gobierno-mas-progresista-de-europa-recibe-la-bendicion-de-la-elite-economica\/","url":"https:\/\/conversesacatalunya.cat\/es\/el-gobierno-mas-progresista-de-europa-recibe-la-bendicion-de-la-elite-economica\/","name":"El gobierno m\u00e1s progresista de Europa recibe la bendici\u00f3n de la \u00e9lite econ\u00f3mica - Converses a Catalunya","isPartOf":{"@id":"https:\/\/conversesacatalunya.cat\/#website"},"primaryImageOfPage":{"@id":"https:\/\/conversesacatalunya.cat\/es\/el-gobierno-mas-progresista-de-europa-recibe-la-bendicion-de-la-elite-economica\/#primaryimage"},"image":{"@id":"https:\/\/conversesacatalunya.cat\/es\/el-gobierno-mas-progresista-de-europa-recibe-la-bendicion-de-la-elite-economica\/#primaryimage"},"thumbnailUrl":"https:\/\/conversesacatalunya.cat\/wp-content\/uploads\/2020\/09\/sanchez-elit-economica.jpg","datePublished":"2020-09-01T11:23:10+00:00","dateModified":"2020-09-01T14:26:58+00:00","author":{"@id":"https:\/\/conversesacatalunya.cat\/#\/schema\/person\/7e24d1e54a2785373ddcb275eae5ed99"},"description":"El gobierno de S\u00e1nchez, el m\u00e1s progresista de Europa, recibe la bendici\u00f3n de la \u00e9lite econ\u00f3mica","breadcrumb":{"@id":"https:\/\/conversesacatalunya.cat\/es\/el-gobierno-mas-progresista-de-europa-recibe-la-bendicion-de-la-elite-economica\/#breadcrumb"},"inLanguage":"es","potentialAction":[{"@type":"ReadAction","target":["https:\/\/conversesacatalunya.cat\/es\/el-gobierno-mas-progresista-de-europa-recibe-la-bendicion-de-la-elite-economica\/"]}]},{"@type":"ImageObject","inLanguage":"es","@id":"https:\/\/conversesacatalunya.cat\/es\/el-gobierno-mas-progresista-de-europa-recibe-la-bendicion-de-la-elite-economica\/#primaryimage","url":"https:\/\/conversesacatalunya.cat\/wp-content\/uploads\/2020\/09\/sanchez-elit-economica.jpg","contentUrl":"https:\/\/conversesacatalunya.cat\/wp-content\/uploads\/2020\/09\/sanchez-elit-economica.jpg","width":992,"height":558,"caption":"sanchez elit economica"},{"@type":"BreadcrumbList","@id":"https:\/\/conversesacatalunya.cat\/es\/el-gobierno-mas-progresista-de-europa-recibe-la-bendicion-de-la-elite-economica\/#breadcrumb","itemListElement":[{"@type":"ListItem","position":1,"name":"Inici","item":"https:\/\/conversesacatalunya.cat\/es\/"},{"@type":"ListItem","position":2,"name":"El gobierno m\u00e1s progresista de Europa recibe la bendici\u00f3n de la \u00e9lite econ\u00f3mica"}]},{"@type":"WebSite","@id":"https:\/\/conversesacatalunya.cat\/#website","url":"https:\/\/conversesacatalunya.cat\/","name":"Converses a Catalunya","description":"","potentialAction":[{"@type":"SearchAction","target":{"@type":"EntryPoint","urlTemplate":"https:\/\/conversesacatalunya.cat\/?s={search_term_string}"},"query-input":{"@type":"PropertyValueSpecification","valueRequired":true,"valueName":"search_term_string"}}],"inLanguage":"es"},{"@type":"Person","@id":"https:\/\/conversesacatalunya.cat\/#\/schema\/person\/7e24d1e54a2785373ddcb275eae5ed99","name":"conversesacatalunya","image":{"@type":"ImageObject","inLanguage":"es","@id":"https:\/\/conversesacatalunya.cat\/#\/schema\/person\/image\/","url":"https:\/\/conversesacatalunya.cat\/wp-content\/litespeed\/avatar\/febdfeeec89d950f01c748045a981dd2.jpg?ver=1777314535","contentUrl":"https:\/\/conversesacatalunya.cat\/wp-content\/litespeed\/avatar\/febdfeeec89d950f01c748045a981dd2.jpg?ver=1777314535","caption":"conversesacatalunya"},"url":"https:\/\/conversesacatalunya.cat\/es\/author\/carme_catala\/"}]}},"wps_subtitle":"","_links":{"self":[{"href":"https:\/\/conversesacatalunya.cat\/es\/wp-json\/wp\/v2\/posts\/39657","targetHints":{"allow":["GET"]}}],"collection":[{"href":"https:\/\/conversesacatalunya.cat\/es\/wp-json\/wp\/v2\/posts"}],"about":[{"href":"https:\/\/conversesacatalunya.cat\/es\/wp-json\/wp\/v2\/types\/post"}],"author":[{"embeddable":true,"href":"https:\/\/conversesacatalunya.cat\/es\/wp-json\/wp\/v2\/users\/2"}],"replies":[{"embeddable":true,"href":"https:\/\/conversesacatalunya.cat\/es\/wp-json\/wp\/v2\/comments?post=39657"}],"version-history":[{"count":2,"href":"https:\/\/conversesacatalunya.cat\/es\/wp-json\/wp\/v2\/posts\/39657\/revisions"}],"predecessor-version":[{"id":39658,"href":"https:\/\/conversesacatalunya.cat\/es\/wp-json\/wp\/v2\/posts\/39657\/revisions\/39658"}],"wp:featuredmedia":[{"embeddable":true,"href":"https:\/\/conversesacatalunya.cat\/es\/wp-json\/wp\/v2\/media\/39653"}],"wp:attachment":[{"href":"https:\/\/conversesacatalunya.cat\/es\/wp-json\/wp\/v2\/media?parent=39657"}],"wp:term":[{"taxonomy":"category","embeddable":true,"href":"https:\/\/conversesacatalunya.cat\/es\/wp-json\/wp\/v2\/categories?post=39657"},{"taxonomy":"post_tag","embeddable":true,"href":"https:\/\/conversesacatalunya.cat\/es\/wp-json\/wp\/v2\/tags?post=39657"}],"curies":[{"name":"wp","href":"https:\/\/api.w.org\/{rel}","templated":true}]}}