{"id":39576,"date":"2020-09-01T09:00:51","date_gmt":"2020-09-01T07:00:51","guid":{"rendered":"https:\/\/conversesacatalunya.cat\/?p=39576"},"modified":"2020-08-31T14:15:51","modified_gmt":"2020-08-31T12:15:51","slug":"francia-traumatizada-por-la-violencia-de-los-nuevos-barbaros","status":"publish","type":"post","link":"https:\/\/conversesacatalunya.cat\/es\/francia-traumatizada-por-la-violencia-de-los-nuevos-barbaros\/","title":{"rendered":"Francia, traumatizada por la violencia de los \u00abnuevos b\u00e1rbaros\u00bb"},"content":{"rendered":"<p>Como en todo el mundo, en Francia los meses de confinamiento comportaron un <a href=\"https:\/\/www.leparisien.fr\/faits-divers\/pendant-le-confinement-la-delinquance-a-baisse-de-70-03-07-2020-8346957.php\" target=\"_blank\" rel=\"noopener noreferrer\">descenso<\/a> de la criminalidad com\u00fan. La puesta en pausa de los grandes movimientos sociales t\u00edpicos de este pa\u00eds, cada vez m\u00e1s marcados por las violencias, tambi\u00e9n ayud\u00f3 a evitar nuevos episodios de disturbios urbanos.<\/p>\n<p>Sin embargo, el desconfinamiento y la llegada del verano han puesto fin a esta tendencia. Desde el mes de junio, Francia vive una avalancha de inquietantes episodios de violencia gratuita.<\/p>\n<h5 align=\"justify\"><strong>Podemos citar algunos ejemplos<\/strong><\/h5>\n<p>En Par\u00eds, el 2 de julio, dos coches de polic\u00eda son atacados por una cincuentena de j\u00f3venes pero consiguen salir de la emboscada que les hab\u00edan parado. En Nantes, el 3 de julio, un padre de familia que pide silencio durante las horas de reposo nocturno es apu\u00f1alado y muere horas despu\u00e9s. Un d\u00eda despu\u00e9s, una joven gendarme de 25 a\u00f1os muere atropellada por un conductor que rechaza un control policial.<\/p>\n<p>El 5 de julio, en Bayona, un conductor de autob\u00fas es brutalmente agredido por un grupo de j\u00f3venes a los que les hab\u00eda pedido que se pusieran la mascarilla. El conductor, padre de familia, muri\u00f3 5 d\u00edas despu\u00e9s por las heridas causadas. Unos d\u00edas antes, un inmigrante que hab\u00eda recibido orden de salir del territorio franc\u00e9s apu\u00f1ala a un polic\u00eda en Burdeos y horas despu\u00e9s fue dejado en libertad por la justicia.<\/p>\n<p>En Versalles, el 9 de julio, dos bandas se enfrentan con barras de hierro despu\u00e9s de un partido de f\u00fatbol, \u200b\u200by los servicios de urgencias atienden a varios heridos. El d\u00eda 10, en el Parque Asterix cerca de Par\u00eds, un empleado es hospitalizado tras pedir calma a dos grupos de j\u00f3venes que se enfrentan en la cola de una atracci\u00f3n. El 11 de julio, en Burdeos, un peat\u00f3n que pide civismo a unos hombres que orinan en la calle es apu\u00f1alado. La <a href=\"https:\/\/www.valeursactuelles.com\/clubvaleurs\/societe\/homicides-viols-agressions-plongee-au-coeur-de-la-france-orange-mecanique-123049\" target=\"_blank\" rel=\"noopener noreferrer\">lista<\/a> es mucho m\u00e1s larga.<\/p>\n<p>Ante esta ola de violencias, el gobierno franc\u00e9s de Emmanuel Macron ha sido acusado de laxismo. En un pol\u00e9mico <a href=\"https:\/\/www.lefigaro.fr\/politique\/pompier-agresse-chauffeur-de-bus-battu-a-mort-macron-promet-la-tolerance-zero-face-a-ces-incivilites-20200721\" target=\"_blank\" rel=\"noopener noreferrer\">discurso<\/a>, el 20 de julio Macron prometi\u00f3 \u00abtolerancia cero\u00bb ante \u00abel incivismo\u00bb. Le cay\u00f3 enseguida una lluvia de cr\u00edticas para recordarle que asesinar a un conductor de autob\u00fas que quer\u00eda aplicar las medidas sanitarias es algo m\u00e1s que \u00abincivismo\u00bb.<\/p>\n<p>S\u00f3lo unas semanas antes, <a href=\"https:\/\/conversesacatalunya.cat\/leuropa-que-vol-emmanuel-macron\/\" target=\"_blank\" rel=\"noopener noreferrer\">Macron<\/a> se deshac\u00eda de su ministro de interior, Christophe Castaner, acusado repetidamente de laxismo, incapacidad y abandono de las polic\u00edas. Castaner lleg\u00f3 a <a href=\"https:\/\/www.lefigaro.fr\/politique\/castaner-ne-sanctionnera-pas-les-manifestations-contre-le-racisme-l-emotion-depasse-les-regles-juridiques-20200609\" target=\"_blank\" rel=\"noopener noreferrer\">afirmar<\/a> textualmente que \u00abla emoci\u00f3n\u00bb causada por el movimiento <em>Black Lives Matter<\/em> \u00absobrepasa las reglas jur\u00eddicas\u00bb y que por tanto las manifestaciones contra la polic\u00eda organizadas en Francia a principios de junio se tolerar\u00edan &#8211; a pesar de su prohibici\u00f3n estricta por el Covid-19.<\/p>\n<p>El 6 de junio Macron nombra a G\u00e9rald Darmarin, un pol\u00edtico proveniente de la derecha, como nuevo ministro del interior. Darmarin desde entonces ha prometido un apoyo firme a los cuerpos policiales y el fin del laxismo.<\/p>\n<p>Pol\u00edticos y personalidades de derechas tambi\u00e9n se han movilizado para exigir al gobierno central m\u00e1s firmeza ante el \u00abasalvajamiento\u00bb de una parte de la sociedad.<\/p>\n<p>Para la <a href=\"https:\/\/www.lefigaro.fr\/politique\/valerie-pecresse-face-aux-nouveaux-barbares-la-peur-doit-changer-de-camp-20200828\" target=\"_blank\" rel=\"noopener noreferrer\">presidenta<\/a> de la regi\u00f3n de \u00celle de France (Par\u00eds y sus suburbios), la conservadora Val\u00e9rie P\u00e9cresse, \u00abla Rep\u00fablica est\u00e1 amenazada\u00bb por \u00abnuevos b\u00e1rbaros que no respetan nada, ni la autoridad, ni la ley ni las instituciones. Y esto empieza cada vez a una edad m\u00e1s temprana\u00bb, observa, haciendo referencia a la participaci\u00f3n creciente de menores de edad en actos de violencia gratuita. \u00abEl miedo ha de cambiar de bando\u00bb, concluye.<\/p>\n<p>Pero el auge de estos nuevos b\u00e1rbaros es una tendencia que precede al confinamiento.<\/p>\n<p>Seg\u00fan las <a href=\"https:\/\/www.lefigaro.fr\/actualite-france\/violences-et-meurtres-augmentent-ils-plus-en-france-que-chez-nos-voisins-20200710\" target=\"_blank\" rel=\"noopener noreferrer\">cifras oficiales<\/a> del a\u00f1o 2019, ha habido un incremento interanual del 8% de los casos de agresiones f\u00edsicas voluntarias, lo que ya sit\u00faa a Francia como el segundo pa\u00eds m\u00e1s violento de la Uni\u00f3n Europea. Francia tambi\u00e9n es el pa\u00eds donde el incremento de la delincuencia es m\u00e1s fuerte.<\/p>\n<p>Otro dato: por una poblaci\u00f3n inferior, Francia tiene un 66% m\u00e1s de casos de homicidio que Alemania y un 48% m\u00e1s que el Reino Unido. De hecho, mientras que las estad\u00edsticas de criminalidad mejoran en toda Europa, en Francia empeoran.<\/p>\n<p align=\"justify\"><span class='bctt-click-to-tweet'><span class='bctt-ctt-text'><a href='https:\/\/twitter.com\/intent\/tweet?url=https%3A%2F%2Fconversesacatalunya.cat%2Fes%2Ffrancia-traumatizada-por-la-violencia-de-los-nuevos-barbaros%2F&#038;text=Desde%20el%20mes%20de%20junio%2C%20Francia%20vive%20una%20avalancha%20de%20inquietantes%20episodios%20de%20violencia%20gratuita&#038;via=conversesacat&#038;related=conversesacat' target='_blank'rel=\"noopener noreferrer\">Desde el mes de junio, Francia vive una avalancha de inquietantes episodios de violencia gratuita <\/a><\/span><a href='https:\/\/twitter.com\/intent\/tweet?url=https%3A%2F%2Fconversesacatalunya.cat%2Fes%2Ffrancia-traumatizada-por-la-violencia-de-los-nuevos-barbaros%2F&#038;text=Desde%20el%20mes%20de%20junio%2C%20Francia%20vive%20una%20avalancha%20de%20inquietantes%20episodios%20de%20violencia%20gratuita&#038;via=conversesacat&#038;related=conversesacat' target='_blank' class='bctt-ctt-btn'rel=\"noopener noreferrer\">Compartir en X<\/a><\/span>\n<p align=\"justify\"><div id=\"polls-65\" class=\"wp-polls\">\n\t<form id=\"polls_form_65\" class=\"wp-polls-form\" action=\"\/index.php\" method=\"post\">\n\t\t<p style=\"display: none;\"><input type=\"hidden\" id=\"poll_65_nonce\" name=\"wp-polls-nonce\" value=\"7809eedb8a\" \/><\/p>\n\t\t<p style=\"display: none;\"><input type=\"hidden\" name=\"poll_id\" value=\"65\" \/><\/p>\n\t\t<p style=\"text-align: center\"><strong>Creus que s'han pres prou mesures per dotar de seguretat la tornada a l'escola?<\/strong><\/p><div id=\"polls-65-ans\" class=\"wp-polls-ans\"><ul class=\"wp-polls-ul\">\n\t\t<li><input type=\"radio\" id=\"poll-answer-140\" name=\"poll_65\" value=\"140\" \/> <label for=\"poll-answer-140\">Si<\/label><\/li>\n\t\t<li><input type=\"radio\" id=\"poll-answer-141\" name=\"poll_65\" value=\"141\" \/> <label for=\"poll-answer-141\">No<\/label><\/li>\n\t\t<\/ul><p style=\"text-align: center\"><input type=\"button\" name=\"vote\" value=\"   Vota   \" class=\"Buttons\" onclick=\"poll_vote(65);\" \/><\/p><p style=\"text-align: center\"><a href=\"#ViewPollResults\" onclick=\"poll_result(65); return false;\" title=\"View Results Of This Poll\">Mira els resultats<\/a><\/p><\/div>\n\t<\/form>\n<\/div>\n<div id=\"polls-65-loading\" class=\"wp-polls-loading\"><img decoding=\"async\" data-src=\"https:\/\/conversesacatalunya.cat\/wp-content\/plugins\/wp-polls\/images\/loading.gif\" width=\"16\" height=\"16\" alt=\"Cargando ...\" title=\"Cargando ...\" class=\"wp-polls-image lazyload\" src=\"data:image\/svg+xml;base64,PHN2ZyB3aWR0aD0iMSIgaGVpZ2h0PSIxIiB4bWxucz0iaHR0cDovL3d3dy53My5vcmcvMjAwMC9zdmciPjwvc3ZnPg==\" style=\"--smush-placeholder-width: 16px; --smush-placeholder-aspect-ratio: 16\/16;\" \/>&nbsp;Cargando ...<\/div>\n\n","protected":false},"excerpt":{"rendered":"<p>Como en todo el mundo, en Francia los meses de confinamiento comportaron un descenso de la criminalidad com\u00fan. La puesta en pausa de los grandes movimientos sociales t\u00edpicos de este pa\u00eds, cada vez m\u00e1s marcados por las violencias, tambi\u00e9n ayud\u00f3 a evitar nuevos episodios de disturbios urbanos. Sin embargo, el desconfinamiento y la llegada del verano han puesto fin a esta tendencia. Desde el mes de junio, Francia vive una avalancha de inquietantes episodios de violencia gratuita. Podemos citar algunos ejemplos En Par\u00eds, el 2 de julio, dos coches de polic\u00eda son atacados por una cincuentena de j\u00f3venes pero consiguen salir de la emboscada que les hab\u00edan parado. En Nantes, el 3 de julio, un padre de familia que pide silencio durante las horas de reposo nocturno es apu\u00f1alado y muere horas despu\u00e9s. Un d\u00eda despu\u00e9s, una joven gendarme de 25 a\u00f1os muere atropellada por un conductor que rechaza un control policial. El 5 de julio, en Bayona, un conductor de autob\u00fas es brutalmente agredido por un grupo de j\u00f3venes a los que les hab\u00eda pedido que se pusieran la mascarilla. El conductor, padre de familia, muri\u00f3 5 d\u00edas despu\u00e9s por las heridas causadas. Unos d\u00edas antes, un inmigrante que hab\u00eda recibido orden de salir del territorio franc\u00e9s apu\u00f1ala a un polic\u00eda en Burdeos y horas despu\u00e9s fue dejado en libertad por la justicia. En Versalles, el 9 de julio, dos bandas se enfrentan con barras de hierro despu\u00e9s de un partido de f\u00fatbol, \u200b\u200by los servicios de urgencias atienden a varios heridos. El d\u00eda 10, en el Parque Asterix cerca de Par\u00eds, un empleado es hospitalizado tras pedir calma a dos grupos de j\u00f3venes que se enfrentan en la cola de una atracci\u00f3n. El 11 de julio, en Burdeos, un peat\u00f3n que pide civismo a unos hombres que orinan en la calle es apu\u00f1alado. La lista es mucho m\u00e1s larga. Ante esta ola de violencias, el gobierno franc\u00e9s de Emmanuel Macron ha sido acusado de laxismo. En un pol\u00e9mico discurso, el 20 de julio Macron prometi\u00f3 \u00abtolerancia cero\u00bb ante \u00abel incivismo\u00bb. Le cay\u00f3 enseguida una lluvia de cr\u00edticas para recordarle que asesinar a un conductor de autob\u00fas que quer\u00eda aplicar las medidas sanitarias es algo m\u00e1s que \u00abincivismo\u00bb. S\u00f3lo unas semanas antes, Macron se deshac\u00eda de su ministro de interior, Christophe Castaner, acusado repetidamente de laxismo, incapacidad y abandono de las polic\u00edas. Castaner lleg\u00f3 a afirmar textualmente que \u00abla emoci\u00f3n\u00bb causada por el movimiento Black Lives Matter \u00absobrepasa las reglas jur\u00eddicas\u00bb y que por tanto las manifestaciones contra la polic\u00eda organizadas en Francia a principios de junio se tolerar\u00edan &#8211; a pesar de su prohibici\u00f3n estricta por el Covid-19. El 6 de junio Macron nombra a G\u00e9rald Darmarin, un pol\u00edtico proveniente de la derecha, como nuevo ministro del interior. Darmarin desde entonces ha prometido un apoyo firme a los cuerpos policiales y el fin del laxismo. Pol\u00edticos y personalidades de derechas tambi\u00e9n se han movilizado para exigir al gobierno central m\u00e1s firmeza ante el \u00abasalvajamiento\u00bb de una parte de la sociedad. Para la presidenta de la regi\u00f3n de \u00celle de France (Par\u00eds y sus suburbios), la conservadora Val\u00e9rie P\u00e9cresse, \u00abla Rep\u00fablica est\u00e1 amenazada\u00bb por \u00abnuevos b\u00e1rbaros que no respetan nada, ni la autoridad, ni la ley ni las instituciones. Y esto empieza cada vez a una edad m\u00e1s temprana\u00bb, observa, haciendo referencia a la participaci\u00f3n creciente de menores de edad en actos de violencia gratuita. \u00abEl miedo ha de cambiar de bando\u00bb, concluye. Pero el auge de estos nuevos b\u00e1rbaros es una tendencia que precede al confinamiento. Seg\u00fan las cifras oficiales del a\u00f1o 2019, ha habido un incremento interanual del 8% de los casos de agresiones f\u00edsicas voluntarias, lo que ya sit\u00faa a Francia como el segundo pa\u00eds m\u00e1s violento de la Uni\u00f3n Europea. Francia tambi\u00e9n es el pa\u00eds donde el incremento de la delincuencia es m\u00e1s fuerte. Otro dato: por una poblaci\u00f3n inferior, Francia tiene un 66% m\u00e1s de casos de homicidio que Alemania y un 48% m\u00e1s que el Reino Unido. De hecho, mientras que las estad\u00edsticas de criminalidad mejoran en toda Europa, en Francia empeoran.<\/p>\n","protected":false},"author":67,"featured_media":39512,"comment_status":"open","ping_status":"open","sticky":false,"template":"","format":"standard","meta":{"_FSMCFIC_featured_image_caption":"","_FSMCFIC_featured_image_nocaption":"","_FSMCFIC_featured_image_hide":"","footnotes":""},"categories":[806],"tags":[2880,1263,2879],"class_list":["post-39576","post","type-post","status-publish","format-standard","has-post-thumbnail","hentry","category-punts-claus-del-dia-es","tag-delincuencia","tag-francia","tag-violencia-es"],"yoast_head":"<!-- This site is optimized with the Yoast SEO plugin v26.8 - https:\/\/yoast.com\/product\/yoast-seo-wordpress\/ -->\n<title>Francia, traumatizada por la violencia de los &quot;nuevos b\u00e1rbaros&quot; - Converses a Catalunya<\/title>\n<meta name=\"description\" content=\"El desconfinament y la llegada del verano han puesto fin a esta tendencia. Desde el mes de junio, Francia vive una avalancha de violencia gratuita\" \/>\n<meta name=\"robots\" content=\"index, follow, max-snippet:-1, max-image-preview:large, max-video-preview:-1\" \/>\n<link rel=\"canonical\" href=\"https:\/\/conversesacatalunya.cat\/es\/francia-traumatizada-por-la-violencia-de-los-nuevos-barbaros\/\" \/>\n<meta property=\"og:locale\" content=\"es_ES\" \/>\n<meta property=\"og:type\" content=\"article\" \/>\n<meta property=\"og:title\" content=\"Francia, traumatizada por la violencia de los &quot;nuevos b\u00e1rbaros&quot; - Converses a Catalunya\" \/>\n<meta property=\"og:description\" content=\"El desconfinament y la llegada del verano han puesto fin a esta tendencia. Desde el mes de junio, Francia vive una avalancha de violencia gratuita\" \/>\n<meta property=\"og:url\" content=\"https:\/\/conversesacatalunya.cat\/es\/francia-traumatizada-por-la-violencia-de-los-nuevos-barbaros\/\" \/>\n<meta property=\"og:site_name\" content=\"Converses a Catalunya\" \/>\n<meta property=\"article:published_time\" content=\"2020-09-01T07:00:51+00:00\" \/>\n<meta property=\"og:image\" content=\"https:\/\/conversesacatalunya.cat\/wp-content\/uploads\/2020\/08\/franc\u0327a-viole\u0300ncia.jpg\" \/>\n\t<meta property=\"og:image:width\" content=\"1197\" \/>\n\t<meta property=\"og:image:height\" content=\"450\" \/>\n\t<meta property=\"og:image:type\" content=\"image\/jpeg\" \/>\n<meta name=\"author\" content=\"conversesacatalunya\" \/>\n<meta name=\"twitter:card\" content=\"summary_large_image\" \/>\n<meta name=\"twitter:label1\" content=\"Escrito por\" \/>\n\t<meta name=\"twitter:data1\" content=\"conversesacatalunya\" \/>\n\t<meta name=\"twitter:label2\" content=\"Tiempo de lectura\" \/>\n\t<meta name=\"twitter:data2\" content=\"4 minutos\" \/>\n<script type=\"application\/ld+json\" class=\"yoast-schema-graph\">{\"@context\":\"https:\/\/schema.org\",\"@graph\":[{\"@type\":\"Article\",\"@id\":\"https:\/\/conversesacatalunya.cat\/es\/francia-traumatizada-por-la-violencia-de-los-nuevos-barbaros\/#article\",\"isPartOf\":{\"@id\":\"https:\/\/conversesacatalunya.cat\/es\/francia-traumatizada-por-la-violencia-de-los-nuevos-barbaros\/\"},\"author\":{\"name\":\"conversesacatalunya\",\"@id\":\"https:\/\/conversesacatalunya.cat\/#\/schema\/person\/c5a8ffe796b1512764aeb6d6d6fa0fc7\"},\"headline\":\"Francia, traumatizada por la violencia de los \u00abnuevos b\u00e1rbaros\u00bb\",\"datePublished\":\"2020-09-01T07:00:51+00:00\",\"mainEntityOfPage\":{\"@id\":\"https:\/\/conversesacatalunya.cat\/es\/francia-traumatizada-por-la-violencia-de-los-nuevos-barbaros\/\"},\"wordCount\":772,\"commentCount\":0,\"image\":{\"@id\":\"https:\/\/conversesacatalunya.cat\/es\/francia-traumatizada-por-la-violencia-de-los-nuevos-barbaros\/#primaryimage\"},\"thumbnailUrl\":\"https:\/\/conversesacatalunya.cat\/wp-content\/uploads\/2020\/08\/franc\u0327a-viole\u0300ncia.jpg\",\"keywords\":[\"delincuencia\",\"Francia\",\"viol\u00e8ncia\"],\"articleSection\":[\"Punts clau del dia (ES)\"],\"inLanguage\":\"es\",\"potentialAction\":[{\"@type\":\"CommentAction\",\"name\":\"Comment\",\"target\":[\"https:\/\/conversesacatalunya.cat\/es\/francia-traumatizada-por-la-violencia-de-los-nuevos-barbaros\/#respond\"]}]},{\"@type\":\"WebPage\",\"@id\":\"https:\/\/conversesacatalunya.cat\/es\/francia-traumatizada-por-la-violencia-de-los-nuevos-barbaros\/\",\"url\":\"https:\/\/conversesacatalunya.cat\/es\/francia-traumatizada-por-la-violencia-de-los-nuevos-barbaros\/\",\"name\":\"Francia, traumatizada por la violencia de los \\\"nuevos b\u00e1rbaros\\\" - Converses a Catalunya\",\"isPartOf\":{\"@id\":\"https:\/\/conversesacatalunya.cat\/#website\"},\"primaryImageOfPage\":{\"@id\":\"https:\/\/conversesacatalunya.cat\/es\/francia-traumatizada-por-la-violencia-de-los-nuevos-barbaros\/#primaryimage\"},\"image\":{\"@id\":\"https:\/\/conversesacatalunya.cat\/es\/francia-traumatizada-por-la-violencia-de-los-nuevos-barbaros\/#primaryimage\"},\"thumbnailUrl\":\"https:\/\/conversesacatalunya.cat\/wp-content\/uploads\/2020\/08\/franc\u0327a-viole\u0300ncia.jpg\",\"datePublished\":\"2020-09-01T07:00:51+00:00\",\"author\":{\"@id\":\"https:\/\/conversesacatalunya.cat\/#\/schema\/person\/c5a8ffe796b1512764aeb6d6d6fa0fc7\"},\"description\":\"El desconfinament y la llegada del verano han puesto fin a esta tendencia. Desde el mes de junio, Francia vive una avalancha de violencia gratuita\",\"breadcrumb\":{\"@id\":\"https:\/\/conversesacatalunya.cat\/es\/francia-traumatizada-por-la-violencia-de-los-nuevos-barbaros\/#breadcrumb\"},\"inLanguage\":\"es\",\"potentialAction\":[{\"@type\":\"ReadAction\",\"target\":[\"https:\/\/conversesacatalunya.cat\/es\/francia-traumatizada-por-la-violencia-de-los-nuevos-barbaros\/\"]}]},{\"@type\":\"ImageObject\",\"inLanguage\":\"es\",\"@id\":\"https:\/\/conversesacatalunya.cat\/es\/francia-traumatizada-por-la-violencia-de-los-nuevos-barbaros\/#primaryimage\",\"url\":\"https:\/\/conversesacatalunya.cat\/wp-content\/uploads\/2020\/08\/franc\u0327a-viole\u0300ncia.jpg\",\"contentUrl\":\"https:\/\/conversesacatalunya.cat\/wp-content\/uploads\/2020\/08\/franc\u0327a-viole\u0300ncia.jpg\",\"width\":1197,\"height\":450,\"caption\":\"Fran\u00e7a viol\u00e8ncia\"},{\"@type\":\"BreadcrumbList\",\"@id\":\"https:\/\/conversesacatalunya.cat\/es\/francia-traumatizada-por-la-violencia-de-los-nuevos-barbaros\/#breadcrumb\",\"itemListElement\":[{\"@type\":\"ListItem\",\"position\":1,\"name\":\"Inici\",\"item\":\"https:\/\/conversesacatalunya.cat\/es\/\"},{\"@type\":\"ListItem\",\"position\":2,\"name\":\"Francia, traumatizada por la violencia de los &#8220;nuevos b\u00e1rbaros&#8221;\"}]},{\"@type\":\"WebSite\",\"@id\":\"https:\/\/conversesacatalunya.cat\/#website\",\"url\":\"https:\/\/conversesacatalunya.cat\/\",\"name\":\"Converses a Catalunya\",\"description\":\"\",\"potentialAction\":[{\"@type\":\"SearchAction\",\"target\":{\"@type\":\"EntryPoint\",\"urlTemplate\":\"https:\/\/conversesacatalunya.cat\/?s={search_term_string}\"},\"query-input\":{\"@type\":\"PropertyValueSpecification\",\"valueRequired\":true,\"valueName\":\"search_term_string\"}}],\"inLanguage\":\"es\"},{\"@type\":\"Person\",\"@id\":\"https:\/\/conversesacatalunya.cat\/#\/schema\/person\/c5a8ffe796b1512764aeb6d6d6fa0fc7\",\"name\":\"conversesacatalunya\",\"image\":{\"@type\":\"ImageObject\",\"inLanguage\":\"es\",\"@id\":\"https:\/\/conversesacatalunya.cat\/#\/schema\/person\/image\/\",\"url\":\"https:\/\/conversesacatalunya.cat\/wp-content\/litespeed\/avatar\/02659ee938034c59a151ae106ade943e.jpg?ver=1777051754\",\"contentUrl\":\"https:\/\/conversesacatalunya.cat\/wp-content\/litespeed\/avatar\/02659ee938034c59a151ae106ade943e.jpg?ver=1777051754\",\"caption\":\"conversesacatalunya\"},\"url\":\"https:\/\/conversesacatalunya.cat\/es\/author\/carles_lopez\/\"}]}<\/script>\n<!-- \/ Yoast SEO plugin. -->","yoast_head_json":{"title":"Francia, traumatizada por la violencia de los \"nuevos b\u00e1rbaros\" - Converses a Catalunya","description":"El desconfinament y la llegada del verano han puesto fin a esta tendencia. Desde el mes de junio, Francia vive una avalancha de violencia gratuita","robots":{"index":"index","follow":"follow","max-snippet":"max-snippet:-1","max-image-preview":"max-image-preview:large","max-video-preview":"max-video-preview:-1"},"canonical":"https:\/\/conversesacatalunya.cat\/es\/francia-traumatizada-por-la-violencia-de-los-nuevos-barbaros\/","og_locale":"es_ES","og_type":"article","og_title":"Francia, traumatizada por la violencia de los \"nuevos b\u00e1rbaros\" - Converses a Catalunya","og_description":"El desconfinament y la llegada del verano han puesto fin a esta tendencia. Desde el mes de junio, Francia vive una avalancha de violencia gratuita","og_url":"https:\/\/conversesacatalunya.cat\/es\/francia-traumatizada-por-la-violencia-de-los-nuevos-barbaros\/","og_site_name":"Converses a Catalunya","article_published_time":"2020-09-01T07:00:51+00:00","og_image":[{"width":1197,"height":450,"url":"https:\/\/conversesacatalunya.cat\/wp-content\/uploads\/2020\/08\/franc\u0327a-viole\u0300ncia.jpg","type":"image\/jpeg"}],"author":"conversesacatalunya","twitter_card":"summary_large_image","twitter_misc":{"Escrito por":"conversesacatalunya","Tiempo de lectura":"4 minutos"},"schema":{"@context":"https:\/\/schema.org","@graph":[{"@type":"Article","@id":"https:\/\/conversesacatalunya.cat\/es\/francia-traumatizada-por-la-violencia-de-los-nuevos-barbaros\/#article","isPartOf":{"@id":"https:\/\/conversesacatalunya.cat\/es\/francia-traumatizada-por-la-violencia-de-los-nuevos-barbaros\/"},"author":{"name":"conversesacatalunya","@id":"https:\/\/conversesacatalunya.cat\/#\/schema\/person\/c5a8ffe796b1512764aeb6d6d6fa0fc7"},"headline":"Francia, traumatizada por la violencia de los \u00abnuevos b\u00e1rbaros\u00bb","datePublished":"2020-09-01T07:00:51+00:00","mainEntityOfPage":{"@id":"https:\/\/conversesacatalunya.cat\/es\/francia-traumatizada-por-la-violencia-de-los-nuevos-barbaros\/"},"wordCount":772,"commentCount":0,"image":{"@id":"https:\/\/conversesacatalunya.cat\/es\/francia-traumatizada-por-la-violencia-de-los-nuevos-barbaros\/#primaryimage"},"thumbnailUrl":"https:\/\/conversesacatalunya.cat\/wp-content\/uploads\/2020\/08\/franc\u0327a-viole\u0300ncia.jpg","keywords":["delincuencia","Francia","viol\u00e8ncia"],"articleSection":["Punts clau del dia (ES)"],"inLanguage":"es","potentialAction":[{"@type":"CommentAction","name":"Comment","target":["https:\/\/conversesacatalunya.cat\/es\/francia-traumatizada-por-la-violencia-de-los-nuevos-barbaros\/#respond"]}]},{"@type":"WebPage","@id":"https:\/\/conversesacatalunya.cat\/es\/francia-traumatizada-por-la-violencia-de-los-nuevos-barbaros\/","url":"https:\/\/conversesacatalunya.cat\/es\/francia-traumatizada-por-la-violencia-de-los-nuevos-barbaros\/","name":"Francia, traumatizada por la violencia de los \"nuevos b\u00e1rbaros\" - Converses a Catalunya","isPartOf":{"@id":"https:\/\/conversesacatalunya.cat\/#website"},"primaryImageOfPage":{"@id":"https:\/\/conversesacatalunya.cat\/es\/francia-traumatizada-por-la-violencia-de-los-nuevos-barbaros\/#primaryimage"},"image":{"@id":"https:\/\/conversesacatalunya.cat\/es\/francia-traumatizada-por-la-violencia-de-los-nuevos-barbaros\/#primaryimage"},"thumbnailUrl":"https:\/\/conversesacatalunya.cat\/wp-content\/uploads\/2020\/08\/franc\u0327a-viole\u0300ncia.jpg","datePublished":"2020-09-01T07:00:51+00:00","author":{"@id":"https:\/\/conversesacatalunya.cat\/#\/schema\/person\/c5a8ffe796b1512764aeb6d6d6fa0fc7"},"description":"El desconfinament y la llegada del verano han puesto fin a esta tendencia. Desde el mes de junio, Francia vive una avalancha de violencia gratuita","breadcrumb":{"@id":"https:\/\/conversesacatalunya.cat\/es\/francia-traumatizada-por-la-violencia-de-los-nuevos-barbaros\/#breadcrumb"},"inLanguage":"es","potentialAction":[{"@type":"ReadAction","target":["https:\/\/conversesacatalunya.cat\/es\/francia-traumatizada-por-la-violencia-de-los-nuevos-barbaros\/"]}]},{"@type":"ImageObject","inLanguage":"es","@id":"https:\/\/conversesacatalunya.cat\/es\/francia-traumatizada-por-la-violencia-de-los-nuevos-barbaros\/#primaryimage","url":"https:\/\/conversesacatalunya.cat\/wp-content\/uploads\/2020\/08\/franc\u0327a-viole\u0300ncia.jpg","contentUrl":"https:\/\/conversesacatalunya.cat\/wp-content\/uploads\/2020\/08\/franc\u0327a-viole\u0300ncia.jpg","width":1197,"height":450,"caption":"Fran\u00e7a viol\u00e8ncia"},{"@type":"BreadcrumbList","@id":"https:\/\/conversesacatalunya.cat\/es\/francia-traumatizada-por-la-violencia-de-los-nuevos-barbaros\/#breadcrumb","itemListElement":[{"@type":"ListItem","position":1,"name":"Inici","item":"https:\/\/conversesacatalunya.cat\/es\/"},{"@type":"ListItem","position":2,"name":"Francia, traumatizada por la violencia de los &#8220;nuevos b\u00e1rbaros&#8221;"}]},{"@type":"WebSite","@id":"https:\/\/conversesacatalunya.cat\/#website","url":"https:\/\/conversesacatalunya.cat\/","name":"Converses a Catalunya","description":"","potentialAction":[{"@type":"SearchAction","target":{"@type":"EntryPoint","urlTemplate":"https:\/\/conversesacatalunya.cat\/?s={search_term_string}"},"query-input":{"@type":"PropertyValueSpecification","valueRequired":true,"valueName":"search_term_string"}}],"inLanguage":"es"},{"@type":"Person","@id":"https:\/\/conversesacatalunya.cat\/#\/schema\/person\/c5a8ffe796b1512764aeb6d6d6fa0fc7","name":"conversesacatalunya","image":{"@type":"ImageObject","inLanguage":"es","@id":"https:\/\/conversesacatalunya.cat\/#\/schema\/person\/image\/","url":"https:\/\/conversesacatalunya.cat\/wp-content\/litespeed\/avatar\/02659ee938034c59a151ae106ade943e.jpg?ver=1777051754","contentUrl":"https:\/\/conversesacatalunya.cat\/wp-content\/litespeed\/avatar\/02659ee938034c59a151ae106ade943e.jpg?ver=1777051754","caption":"conversesacatalunya"},"url":"https:\/\/conversesacatalunya.cat\/es\/author\/carles_lopez\/"}]}},"wps_subtitle":"El fin del confinamiento ha dejado paso a un verano marcado por todo tipo de violencias gratuitas y agresiones a la polic\u00eda. En Francia, la criminalidad se dispara y ya es el segundo pa\u00eds de la UE con m\u00e1s violencias registradas","_links":{"self":[{"href":"https:\/\/conversesacatalunya.cat\/es\/wp-json\/wp\/v2\/posts\/39576","targetHints":{"allow":["GET"]}}],"collection":[{"href":"https:\/\/conversesacatalunya.cat\/es\/wp-json\/wp\/v2\/posts"}],"about":[{"href":"https:\/\/conversesacatalunya.cat\/es\/wp-json\/wp\/v2\/types\/post"}],"author":[{"embeddable":true,"href":"https:\/\/conversesacatalunya.cat\/es\/wp-json\/wp\/v2\/users\/67"}],"replies":[{"embeddable":true,"href":"https:\/\/conversesacatalunya.cat\/es\/wp-json\/wp\/v2\/comments?post=39576"}],"version-history":[{"count":3,"href":"https:\/\/conversesacatalunya.cat\/es\/wp-json\/wp\/v2\/posts\/39576\/revisions"}],"predecessor-version":[{"id":39577,"href":"https:\/\/conversesacatalunya.cat\/es\/wp-json\/wp\/v2\/posts\/39576\/revisions\/39577"}],"wp:featuredmedia":[{"embeddable":true,"href":"https:\/\/conversesacatalunya.cat\/es\/wp-json\/wp\/v2\/media\/39512"}],"wp:attachment":[{"href":"https:\/\/conversesacatalunya.cat\/es\/wp-json\/wp\/v2\/media?parent=39576"}],"wp:term":[{"taxonomy":"category","embeddable":true,"href":"https:\/\/conversesacatalunya.cat\/es\/wp-json\/wp\/v2\/categories?post=39576"},{"taxonomy":"post_tag","embeddable":true,"href":"https:\/\/conversesacatalunya.cat\/es\/wp-json\/wp\/v2\/tags?post=39576"}],"curies":[{"name":"wp","href":"https:\/\/api.w.org\/{rel}","templated":true}]}}