{"id":39495,"date":"2020-08-27T12:14:49","date_gmt":"2020-08-27T10:14:49","guid":{"rendered":"https:\/\/conversesacatalunya.cat\/un-exercit-de-rastrejadors-si-pero-es-suficient\/"},"modified":"2020-08-27T16:27:12","modified_gmt":"2020-08-27T14:27:12","slug":"un-ejercito-de-rastreadores-si-pero-es-suficiente","status":"publish","type":"post","link":"https:\/\/conversesacatalunya.cat\/es\/un-ejercito-de-rastreadores-si-pero-es-suficiente\/","title":{"rendered":"Un ej\u00e9rcito de rastreadores, s\u00ed; \u00bfpero es suficiente?"},"content":{"rendered":"<p>En el transcurso de la rueda de prensa de S\u00e1nchez, a la vuelta de sus pol\u00e9micas vacaciones, este anunci\u00f3 que pon\u00eda a disposici\u00f3n de las CCAA <strong>2.000 rastreadores<\/strong> procedentes del ej\u00e9rcito. Esta aportaci\u00f3n, si nos atenemos al est\u00e1ndar alem\u00e1n (que es uno de los m\u00e1s valorados en el \u00e1mbito internacional) de disponer de un rastreador por cada 5.000 habitantes, cubrir\u00eda una poblaci\u00f3n de <strong>10 millones de personas<\/strong> que se a\u00f1adir\u00eda a la cobertura actual de la que ya disponen las CCAA.<\/p>\n<p>El problema es que el gobierno, el equipo del Dr. Sim\u00f3n, <strong>desconoce cu\u00e1l es el n\u00famero total de rastreadores<\/strong> de que disponen las diversas autonom\u00edas, y adem\u00e1s tampoco tiene informaci\u00f3n sobre su caracterizaci\u00f3n; si son a plena dedicaci\u00f3n, a tiempo parcial, si han realizado o tienen alg\u00fan tipo de formaci\u00f3n espec\u00edfica. Por ejemplo, las personas que en Catalu\u00f1a operan desde el <em>call center<\/em> no son rastreadores, y por tanto no se pueden contabilizar como tales; sencillamente son personal del servicio telef\u00f3nico de una empresa contratada que se limita a llamar al listado de personas que han estado en contacto con enfermos para verificar que est\u00e1n haciendo la cuarentena.<\/p>\n<p>La funci\u00f3n del rastreador es otra, y de hecho est\u00e1 contemplada en el <a href=\"https:\/\/www.mscbs.gob.es\/profesionales\/saludPublica\/ccayes\/alertasActual\/nCov\/documentos\/COVID19_Plan_de_respuesta_temprana_escenario_control.pdf\" target=\"_blank\" rel=\"noopener noreferrer\"><em>Plan de Respuesta Temprana en un escenario de control de la pandemia por Covid-19<\/em><\/a> del Consejo Interterritorial del Sistema Nacional de Salud, celebrado el 16 de julio. En \u00e9l se define la estrategia de detecci\u00f3n precoz, vigilancia y control del Covid-19, y el papel del rastreador, que es la persona dotada de una formaci\u00f3n espec\u00edfica que recorre exhaustivamente todos los contactos que ha tenido una persona que ha sido identificada como portadora.<\/p>\n<p><strong>El propio Banco de Espa\u00f1a<\/strong> acaba de formular en un informe una serie de recomendaciones en este campo que pide un dr\u00e1stico aumento de la detecci\u00f3n y el rastreo; un salto de escala de manera de hacer pruebas y rastreos con car\u00e1cter masivo. La raz\u00f3n es muy concreta: \u00abel coste mensual de implementar esta estrategia ser\u00eda inferior a las p\u00e9rdidas econ\u00f3micas que la pandemia podr\u00eda provocar en menos de una semana\u00bb.<\/p>\n<p>En este escenario, la carencia espa\u00f1ola es muy evidente, porque contin\u00faa<strong> reiterando los mismos d\u00e9ficits que al inicio<\/strong>. Hay una falta absoluta de planificaci\u00f3n, coordinaci\u00f3n y liderazgo por parte del gobierno espa\u00f1ol, y este hecho multiplica en cascada los inconvenientes, confundiendo el autogobierno auton\u00f3mico con la descoordinaci\u00f3n. Es necesario que el gobierno espa\u00f1ol regule con precisi\u00f3n todo el proceso del que los rastreadores son una parte central pero no \u00fanica, y que acote los est\u00e1ndares necesarios en cada una de estas partes del proceso y homogenice las exigencias cualitativas.<\/p>\n<p>Concretemos esto: en primer t\u00e9rmino, se debe establecer un n\u00famero <strong>m\u00ednimo masivo de pruebas por PCR<\/strong>, y en este sentido debe acercarse necesariamente y con urgencia a las cifras de los pa\u00edses de \u00e9xito, como Corea y Alemania. Esta fase exige adem\u00e1s un resultado m\u00e1s r\u00e1pido que el actual de los diagn\u00f3sticos, porque si hay que esperar 48 horas, una parte del da\u00f1o ya est\u00e1 propagado. Y tambi\u00e9n f\u00f3rmulas que faciliten esta masividad de an\u00e1lisis. La centralizaci\u00f3n en los CAP es, en este sentido, una limitaci\u00f3n. Hay autonom\u00edas que han descentralizado parcialmente la toma de muestras, incluso sin bajar del coche. En el caso de Catalu\u00f1a, y s\u00f3lo de manera reciente, se han hecho pruebas en localidades escogidas, como algunos barrios de Sabadell, Terrassa, l&#8217;Hospitalet, etc., pero en un n\u00famero absolutamente insuficiente. <strong>S\u00f3lo si hay suficientes PCR<\/strong> con respuesta r\u00e1pida del diagn\u00f3stico, el trabajo de los rastreadores que viene a continuaci\u00f3n puede ser eficaz.<\/p>\n<p>Ateni\u00e9ndonos al est\u00e1ndar alem\u00e1n, Catalu\u00f1a necesitar\u00eda 1.500 personas preparadas y espec\u00edficamente dedicadas a esta tarea y a tiempo completo. No est\u00e1n y las cifras que da la Generalitat son deliberadamente confusas, presentando como rastreadores a figuras que no lo son. Esta tarea es esencial para acotar y confinar a las personas que son positivas de Covid-19. Pero una vez identificadas y hecha la comunicaci\u00f3n a estas personas, <strong>el problema no queda resuelto<\/strong>. No lo est\u00e1 si no hay un control efectivo del cumplimiento de la cuarentena de todas ellas y, en su defecto, las sanciones importantes que act\u00faen como disuasivo de su incumplimiento. Por ejemplo, en el caso de Catalu\u00f1a no hay datos sobre el estado de estas personas, ni de las sanciones que se han podido imponer. La Generalitat, como otras administraciones, en lugar de presentar resultados, que ser\u00edan cifras en relaci\u00f3n con los aspectos mencionados, lo que hace es <strong>subrayar s\u00f3lo los medios que destina<\/strong>, en este caso el seguimiento a trav\u00e9s del <em>call center<\/em>. Pero llamar a las personas potencialmente en cuarentena no garantiza ni mucho menos que estas la est\u00e9n cumpliendo. Por no conocer ni siquiera tenemos informaci\u00f3n sobre el n\u00famero de llamadas fallidas, que ser\u00eda un indicador imperfecto, pero que aportar\u00eda alguna informaci\u00f3n sobre el grado de cumplimiento.<\/p>\n<p>En definitiva, detr\u00e1s de las palabras y de las cifras sobre medios, debe haber concreci\u00f3n sobre los objetivos alcanzados.<\/p>\n<p>La Generalitat tiene que informar del n\u00famero diario de PCR que hace, del tiempo en que se da el resultado de la prueba, el n\u00famero de positivos, la dimensi\u00f3n de las cadenas de contagio, el n\u00famero de personas en cuarentena y el grado efectivo de cumplimiento de esta. Sin estos datos es imposible que ni los mismos responsables puedan evaluar si las pol\u00edticas que siguen funcionan bien.<\/p>\n","protected":false},"excerpt":{"rendered":"<p>En el transcurso de la rueda de prensa de S\u00e1nchez, a la vuelta de sus pol\u00e9micas vacaciones, este anunci\u00f3 que pon\u00eda a disposici\u00f3n de las CCAA 2.000 rastreadores procedentes del ej\u00e9rcito. Esta aportaci\u00f3n, si nos atenemos al est\u00e1ndar alem\u00e1n (que es uno de los m\u00e1s valorados en el \u00e1mbito internacional) de disponer de un rastreador por cada 5.000 habitantes, cubrir\u00eda una poblaci\u00f3n de 10 millones de personas que se a\u00f1adir\u00eda a la cobertura actual de la que ya disponen las CCAA. El problema es que el gobierno, el equipo del Dr. Sim\u00f3n, desconoce cu\u00e1l es el n\u00famero total de rastreadores de que disponen las diversas autonom\u00edas, y adem\u00e1s tampoco tiene informaci\u00f3n sobre su caracterizaci\u00f3n; si son a plena dedicaci\u00f3n, a tiempo parcial, si han realizado o tienen alg\u00fan tipo de formaci\u00f3n espec\u00edfica. Por ejemplo, las personas que en Catalu\u00f1a operan desde el call center no son rastreadores, y por tanto no se pueden contabilizar como tales; sencillamente son personal del servicio telef\u00f3nico de una empresa contratada que se limita a llamar al listado de personas que han estado en contacto con enfermos para verificar que est\u00e1n haciendo la cuarentena. La funci\u00f3n del rastreador es otra, y de hecho est\u00e1 contemplada en el Plan de Respuesta Temprana en un escenario de control de la pandemia por Covid-19 del Consejo Interterritorial del Sistema Nacional de Salud, celebrado el 16 de julio. En \u00e9l se define la estrategia de detecci\u00f3n precoz, vigilancia y control del Covid-19, y el papel del rastreador, que es la persona dotada de una formaci\u00f3n espec\u00edfica que recorre exhaustivamente todos los contactos que ha tenido una persona que ha sido identificada como portadora. El propio Banco de Espa\u00f1a acaba de formular en un informe una serie de recomendaciones en este campo que pide un dr\u00e1stico aumento de la detecci\u00f3n y el rastreo; un salto de escala de manera de hacer pruebas y rastreos con car\u00e1cter masivo. La raz\u00f3n es muy concreta: \u00abel coste mensual de implementar esta estrategia ser\u00eda inferior a las p\u00e9rdidas econ\u00f3micas que la pandemia podr\u00eda provocar en menos de una semana\u00bb. En este escenario, la carencia espa\u00f1ola es muy evidente, porque contin\u00faa reiterando los mismos d\u00e9ficits que al inicio. Hay una falta absoluta de planificaci\u00f3n, coordinaci\u00f3n y liderazgo por parte del gobierno espa\u00f1ol, y este hecho multiplica en cascada los inconvenientes, confundiendo el autogobierno auton\u00f3mico con la descoordinaci\u00f3n. Es necesario que el gobierno espa\u00f1ol regule con precisi\u00f3n todo el proceso del que los rastreadores son una parte central pero no \u00fanica, y que acote los est\u00e1ndares necesarios en cada una de estas partes del proceso y homogenice las exigencias cualitativas. Concretemos esto: en primer t\u00e9rmino, se debe establecer un n\u00famero m\u00ednimo masivo de pruebas por PCR, y en este sentido debe acercarse necesariamente y con urgencia a las cifras de los pa\u00edses de \u00e9xito, como Corea y Alemania. Esta fase exige adem\u00e1s un resultado m\u00e1s r\u00e1pido que el actual de los diagn\u00f3sticos, porque si hay que esperar 48 horas, una parte del da\u00f1o ya est\u00e1 propagado. Y tambi\u00e9n f\u00f3rmulas que faciliten esta masividad de an\u00e1lisis. La centralizaci\u00f3n en los CAP es, en este sentido, una limitaci\u00f3n. Hay autonom\u00edas que han descentralizado parcialmente la toma de muestras, incluso sin bajar del coche. En el caso de Catalu\u00f1a, y s\u00f3lo de manera reciente, se han hecho pruebas en localidades escogidas, como algunos barrios de Sabadell, Terrassa, l&#8217;Hospitalet, etc., pero en un n\u00famero absolutamente insuficiente. S\u00f3lo si hay suficientes PCR con respuesta r\u00e1pida del diagn\u00f3stico, el trabajo de los rastreadores que viene a continuaci\u00f3n puede ser eficaz. Ateni\u00e9ndonos al est\u00e1ndar alem\u00e1n, Catalu\u00f1a necesitar\u00eda 1.500 personas preparadas y espec\u00edficamente dedicadas a esta tarea y a tiempo completo. No est\u00e1n y las cifras que da la Generalitat son deliberadamente confusas, presentando como rastreadores a figuras que no lo son. Esta tarea es esencial para acotar y confinar a las personas que son positivas de Covid-19. Pero una vez identificadas y hecha la comunicaci\u00f3n a estas personas, el problema no queda resuelto. No lo est\u00e1 si no hay un control efectivo del cumplimiento de la cuarentena de todas ellas y, en su defecto, las sanciones importantes que act\u00faen como disuasivo de su incumplimiento. Por ejemplo, en el caso de Catalu\u00f1a no hay datos sobre el estado de estas personas, ni de las sanciones que se han podido imponer. La Generalitat, como otras administraciones, en lugar de presentar resultados, que ser\u00edan cifras en relaci\u00f3n con los aspectos mencionados, lo que hace es subrayar s\u00f3lo los medios que destina, en este caso el seguimiento a trav\u00e9s del call center. Pero llamar a las personas potencialmente en cuarentena no garantiza ni mucho menos que estas la est\u00e9n cumpliendo. Por no conocer ni siquiera tenemos informaci\u00f3n sobre el n\u00famero de llamadas fallidas, que ser\u00eda un indicador imperfecto, pero que aportar\u00eda alguna informaci\u00f3n sobre el grado de cumplimiento. En definitiva, detr\u00e1s de las palabras y de las cifras sobre medios, debe haber concreci\u00f3n sobre los objetivos alcanzados. La Generalitat tiene que informar del n\u00famero diario de PCR que hace, del tiempo en que se da el resultado de la prueba, el n\u00famero de positivos, la dimensi\u00f3n de las cadenas de contagio, el n\u00famero de personas en cuarentena y el grado efectivo de cumplimiento de esta. Sin estos datos es imposible que ni los mismos responsables puedan evaluar si las pol\u00edticas que siguen funcionan bien.<\/p>\n","protected":false},"author":2,"featured_media":39481,"comment_status":"open","ping_status":"open","sticky":false,"template":"","format":"standard","meta":{"_FSMCFIC_featured_image_caption":"","_FSMCFIC_featured_image_nocaption":"","_FSMCFIC_featured_image_hide":"","footnotes":""},"categories":[1772,806],"tags":[1504,2707],"class_list":["post-39495","post","type-post","status-publish","format-standard","has-post-thumbnail","hentry","category-especial-coronavirus-es","category-punts-claus-del-dia-es","tag-coronavirus-es","tag-rastreo-contagios"],"yoast_head":"<!-- This site is optimized with the Yoast SEO plugin v26.8 - https:\/\/yoast.com\/product\/yoast-seo-wordpress\/ -->\n<title>Un ej\u00e9rcito de rastreadores, s\u00ed; \u00bfpero es suficiente? - Converses a Catalunya<\/title>\n<meta name=\"robots\" content=\"index, follow, max-snippet:-1, max-image-preview:large, max-video-preview:-1\" \/>\n<link rel=\"canonical\" href=\"https:\/\/conversesacatalunya.cat\/es\/un-ejercito-de-rastreadores-si-pero-es-suficiente\/\" \/>\n<meta property=\"og:locale\" content=\"es_ES\" \/>\n<meta property=\"og:type\" content=\"article\" \/>\n<meta property=\"og:title\" content=\"Un ej\u00e9rcito de rastreadores, s\u00ed; \u00bfpero es suficiente? - Converses a Catalunya\" \/>\n<meta property=\"og:description\" content=\"En el transcurso de la rueda de prensa de S\u00e1nchez, a la vuelta de sus pol\u00e9micas vacaciones, este anunci\u00f3 que pon\u00eda a disposici\u00f3n de las CCAA 2.000 rastreadores procedentes del ej\u00e9rcito. Esta aportaci\u00f3n, si nos atenemos al est\u00e1ndar alem\u00e1n (que es uno de los m\u00e1s valorados en el \u00e1mbito internacional) de disponer de un rastreador por cada 5.000 habitantes, cubrir\u00eda una poblaci\u00f3n de 10 millones de personas que se a\u00f1adir\u00eda a la cobertura actual de la que ya disponen las CCAA. El problema es que el gobierno, el equipo del Dr. Sim\u00f3n, desconoce cu\u00e1l es el n\u00famero total de rastreadores de que disponen las diversas autonom\u00edas, y adem\u00e1s tampoco tiene informaci\u00f3n sobre su caracterizaci\u00f3n; si son a plena dedicaci\u00f3n, a tiempo parcial, si han realizado o tienen alg\u00fan tipo de formaci\u00f3n espec\u00edfica. Por ejemplo, las personas que en Catalu\u00f1a operan desde el call center no son rastreadores, y por tanto no se pueden contabilizar como tales; sencillamente son personal del servicio telef\u00f3nico de una empresa contratada que se limita a llamar al listado de personas que han estado en contacto con enfermos para verificar que est\u00e1n haciendo la cuarentena. La funci\u00f3n del rastreador es otra, y de hecho est\u00e1 contemplada en el Plan de Respuesta Temprana en un escenario de control de la pandemia por Covid-19 del Consejo Interterritorial del Sistema Nacional de Salud, celebrado el 16 de julio. En \u00e9l se define la estrategia de detecci\u00f3n precoz, vigilancia y control del Covid-19, y el papel del rastreador, que es la persona dotada de una formaci\u00f3n espec\u00edfica que recorre exhaustivamente todos los contactos que ha tenido una persona que ha sido identificada como portadora. El propio Banco de Espa\u00f1a acaba de formular en un informe una serie de recomendaciones en este campo que pide un dr\u00e1stico aumento de la detecci\u00f3n y el rastreo; un salto de escala de manera de hacer pruebas y rastreos con car\u00e1cter masivo. La raz\u00f3n es muy concreta: \u00abel coste mensual de implementar esta estrategia ser\u00eda inferior a las p\u00e9rdidas econ\u00f3micas que la pandemia podr\u00eda provocar en menos de una semana\u00bb. En este escenario, la carencia espa\u00f1ola es muy evidente, porque contin\u00faa reiterando los mismos d\u00e9ficits que al inicio. Hay una falta absoluta de planificaci\u00f3n, coordinaci\u00f3n y liderazgo por parte del gobierno espa\u00f1ol, y este hecho multiplica en cascada los inconvenientes, confundiendo el autogobierno auton\u00f3mico con la descoordinaci\u00f3n. Es necesario que el gobierno espa\u00f1ol regule con precisi\u00f3n todo el proceso del que los rastreadores son una parte central pero no \u00fanica, y que acote los est\u00e1ndares necesarios en cada una de estas partes del proceso y homogenice las exigencias cualitativas. Concretemos esto: en primer t\u00e9rmino, se debe establecer un n\u00famero m\u00ednimo masivo de pruebas por PCR, y en este sentido debe acercarse necesariamente y con urgencia a las cifras de los pa\u00edses de \u00e9xito, como Corea y Alemania. Esta fase exige adem\u00e1s un resultado m\u00e1s r\u00e1pido que el actual de los diagn\u00f3sticos, porque si hay que esperar 48 horas, una parte del da\u00f1o ya est\u00e1 propagado. Y tambi\u00e9n f\u00f3rmulas que faciliten esta masividad de an\u00e1lisis. La centralizaci\u00f3n en los CAP es, en este sentido, una limitaci\u00f3n. Hay autonom\u00edas que han descentralizado parcialmente la toma de muestras, incluso sin bajar del coche. En el caso de Catalu\u00f1a, y s\u00f3lo de manera reciente, se han hecho pruebas en localidades escogidas, como algunos barrios de Sabadell, Terrassa, l&#8217;Hospitalet, etc., pero en un n\u00famero absolutamente insuficiente. S\u00f3lo si hay suficientes PCR con respuesta r\u00e1pida del diagn\u00f3stico, el trabajo de los rastreadores que viene a continuaci\u00f3n puede ser eficaz. Ateni\u00e9ndonos al est\u00e1ndar alem\u00e1n, Catalu\u00f1a necesitar\u00eda 1.500 personas preparadas y espec\u00edficamente dedicadas a esta tarea y a tiempo completo. No est\u00e1n y las cifras que da la Generalitat son deliberadamente confusas, presentando como rastreadores a figuras que no lo son. Esta tarea es esencial para acotar y confinar a las personas que son positivas de Covid-19. Pero una vez identificadas y hecha la comunicaci\u00f3n a estas personas, el problema no queda resuelto. No lo est\u00e1 si no hay un control efectivo del cumplimiento de la cuarentena de todas ellas y, en su defecto, las sanciones importantes que act\u00faen como disuasivo de su incumplimiento. Por ejemplo, en el caso de Catalu\u00f1a no hay datos sobre el estado de estas personas, ni de las sanciones que se han podido imponer. La Generalitat, como otras administraciones, en lugar de presentar resultados, que ser\u00edan cifras en relaci\u00f3n con los aspectos mencionados, lo que hace es subrayar s\u00f3lo los medios que destina, en este caso el seguimiento a trav\u00e9s del call center. Pero llamar a las personas potencialmente en cuarentena no garantiza ni mucho menos que estas la est\u00e9n cumpliendo. Por no conocer ni siquiera tenemos informaci\u00f3n sobre el n\u00famero de llamadas fallidas, que ser\u00eda un indicador imperfecto, pero que aportar\u00eda alguna informaci\u00f3n sobre el grado de cumplimiento. En definitiva, detr\u00e1s de las palabras y de las cifras sobre medios, debe haber concreci\u00f3n sobre los objetivos alcanzados. La Generalitat tiene que informar del n\u00famero diario de PCR que hace, del tiempo en que se da el resultado de la prueba, el n\u00famero de positivos, la dimensi\u00f3n de las cadenas de contagio, el n\u00famero de personas en cuarentena y el grado efectivo de cumplimiento de esta. Sin estos datos es imposible que ni los mismos responsables puedan evaluar si las pol\u00edticas que siguen funcionan bien.\" \/>\n<meta property=\"og:url\" content=\"https:\/\/conversesacatalunya.cat\/es\/un-ejercito-de-rastreadores-si-pero-es-suficiente\/\" \/>\n<meta property=\"og:site_name\" content=\"Converses a Catalunya\" \/>\n<meta property=\"article:published_time\" content=\"2020-08-27T10:14:49+00:00\" \/>\n<meta property=\"article:modified_time\" content=\"2020-08-27T14:27:12+00:00\" \/>\n<meta property=\"og:image\" content=\"https:\/\/conversesacatalunya.cat\/wp-content\/uploads\/2020\/08\/rastrejadors.jpg\" \/>\n\t<meta property=\"og:image:width\" content=\"800\" \/>\n\t<meta property=\"og:image:height\" content=\"507\" \/>\n\t<meta property=\"og:image:type\" content=\"image\/jpeg\" \/>\n<meta name=\"author\" content=\"conversesacatalunya\" \/>\n<meta name=\"twitter:card\" content=\"summary_large_image\" \/>\n<meta name=\"twitter:label1\" content=\"Escrito por\" \/>\n\t<meta name=\"twitter:data1\" content=\"conversesacatalunya\" \/>\n\t<meta name=\"twitter:label2\" content=\"Tiempo de lectura\" \/>\n\t<meta name=\"twitter:data2\" content=\"5 minutos\" \/>\n<script type=\"application\/ld+json\" class=\"yoast-schema-graph\">{\"@context\":\"https:\/\/schema.org\",\"@graph\":[{\"@type\":\"Article\",\"@id\":\"https:\/\/conversesacatalunya.cat\/es\/un-ejercito-de-rastreadores-si-pero-es-suficiente\/#article\",\"isPartOf\":{\"@id\":\"https:\/\/conversesacatalunya.cat\/es\/un-ejercito-de-rastreadores-si-pero-es-suficiente\/\"},\"author\":{\"name\":\"conversesacatalunya\",\"@id\":\"https:\/\/conversesacatalunya.cat\/#\/schema\/person\/7e24d1e54a2785373ddcb275eae5ed99\"},\"headline\":\"Un ej\u00e9rcito de rastreadores, s\u00ed; \u00bfpero es suficiente?\",\"datePublished\":\"2020-08-27T10:14:49+00:00\",\"dateModified\":\"2020-08-27T14:27:12+00:00\",\"mainEntityOfPage\":{\"@id\":\"https:\/\/conversesacatalunya.cat\/es\/un-ejercito-de-rastreadores-si-pero-es-suficiente\/\"},\"wordCount\":991,\"commentCount\":0,\"image\":{\"@id\":\"https:\/\/conversesacatalunya.cat\/es\/un-ejercito-de-rastreadores-si-pero-es-suficiente\/#primaryimage\"},\"thumbnailUrl\":\"https:\/\/conversesacatalunya.cat\/wp-content\/uploads\/2020\/08\/rastrejadors.jpg\",\"keywords\":[\"coronavirus\",\"rastreo contagios\"],\"articleSection\":[\"Especial Coronavirus (ES)\",\"Punts clau del dia (ES)\"],\"inLanguage\":\"es\",\"potentialAction\":[{\"@type\":\"CommentAction\",\"name\":\"Comment\",\"target\":[\"https:\/\/conversesacatalunya.cat\/es\/un-ejercito-de-rastreadores-si-pero-es-suficiente\/#respond\"]}]},{\"@type\":\"WebPage\",\"@id\":\"https:\/\/conversesacatalunya.cat\/es\/un-ejercito-de-rastreadores-si-pero-es-suficiente\/\",\"url\":\"https:\/\/conversesacatalunya.cat\/es\/un-ejercito-de-rastreadores-si-pero-es-suficiente\/\",\"name\":\"Un ej\u00e9rcito de rastreadores, s\u00ed; \u00bfpero es suficiente? - Converses a Catalunya\",\"isPartOf\":{\"@id\":\"https:\/\/conversesacatalunya.cat\/#website\"},\"primaryImageOfPage\":{\"@id\":\"https:\/\/conversesacatalunya.cat\/es\/un-ejercito-de-rastreadores-si-pero-es-suficiente\/#primaryimage\"},\"image\":{\"@id\":\"https:\/\/conversesacatalunya.cat\/es\/un-ejercito-de-rastreadores-si-pero-es-suficiente\/#primaryimage\"},\"thumbnailUrl\":\"https:\/\/conversesacatalunya.cat\/wp-content\/uploads\/2020\/08\/rastrejadors.jpg\",\"datePublished\":\"2020-08-27T10:14:49+00:00\",\"dateModified\":\"2020-08-27T14:27:12+00:00\",\"author\":{\"@id\":\"https:\/\/conversesacatalunya.cat\/#\/schema\/person\/7e24d1e54a2785373ddcb275eae5ed99\"},\"breadcrumb\":{\"@id\":\"https:\/\/conversesacatalunya.cat\/es\/un-ejercito-de-rastreadores-si-pero-es-suficiente\/#breadcrumb\"},\"inLanguage\":\"es\",\"potentialAction\":[{\"@type\":\"ReadAction\",\"target\":[\"https:\/\/conversesacatalunya.cat\/es\/un-ejercito-de-rastreadores-si-pero-es-suficiente\/\"]}]},{\"@type\":\"ImageObject\",\"inLanguage\":\"es\",\"@id\":\"https:\/\/conversesacatalunya.cat\/es\/un-ejercito-de-rastreadores-si-pero-es-suficiente\/#primaryimage\",\"url\":\"https:\/\/conversesacatalunya.cat\/wp-content\/uploads\/2020\/08\/rastrejadors.jpg\",\"contentUrl\":\"https:\/\/conversesacatalunya.cat\/wp-content\/uploads\/2020\/08\/rastrejadors.jpg\",\"width\":800,\"height\":507,\"caption\":\"Imatges de com es fa l?atenci\u00f3 dels casos de COVID-19 a l?Hospital Cl\u00ednic de Barcelona. coronavirus infermer material PCR test Foto: Francisco Avia Hospital Cl\u00ednic Barcelona\"},{\"@type\":\"BreadcrumbList\",\"@id\":\"https:\/\/conversesacatalunya.cat\/es\/un-ejercito-de-rastreadores-si-pero-es-suficiente\/#breadcrumb\",\"itemListElement\":[{\"@type\":\"ListItem\",\"position\":1,\"name\":\"Inici\",\"item\":\"https:\/\/conversesacatalunya.cat\/es\/\"},{\"@type\":\"ListItem\",\"position\":2,\"name\":\"Un ej\u00e9rcito de rastreadores, s\u00ed; \u00bfpero es suficiente?\"}]},{\"@type\":\"WebSite\",\"@id\":\"https:\/\/conversesacatalunya.cat\/#website\",\"url\":\"https:\/\/conversesacatalunya.cat\/\",\"name\":\"Converses a Catalunya\",\"description\":\"\",\"potentialAction\":[{\"@type\":\"SearchAction\",\"target\":{\"@type\":\"EntryPoint\",\"urlTemplate\":\"https:\/\/conversesacatalunya.cat\/?s={search_term_string}\"},\"query-input\":{\"@type\":\"PropertyValueSpecification\",\"valueRequired\":true,\"valueName\":\"search_term_string\"}}],\"inLanguage\":\"es\"},{\"@type\":\"Person\",\"@id\":\"https:\/\/conversesacatalunya.cat\/#\/schema\/person\/7e24d1e54a2785373ddcb275eae5ed99\",\"name\":\"conversesacatalunya\",\"image\":{\"@type\":\"ImageObject\",\"inLanguage\":\"es\",\"@id\":\"https:\/\/conversesacatalunya.cat\/#\/schema\/person\/image\/\",\"url\":\"https:\/\/conversesacatalunya.cat\/wp-content\/litespeed\/avatar\/febdfeeec89d950f01c748045a981dd2.jpg?ver=1777314535\",\"contentUrl\":\"https:\/\/conversesacatalunya.cat\/wp-content\/litespeed\/avatar\/febdfeeec89d950f01c748045a981dd2.jpg?ver=1777314535\",\"caption\":\"conversesacatalunya\"},\"url\":\"https:\/\/conversesacatalunya.cat\/es\/author\/carme_catala\/\"}]}<\/script>\n<!-- \/ Yoast SEO plugin. -->","yoast_head_json":{"title":"Un ej\u00e9rcito de rastreadores, s\u00ed; \u00bfpero es suficiente? - Converses a Catalunya","robots":{"index":"index","follow":"follow","max-snippet":"max-snippet:-1","max-image-preview":"max-image-preview:large","max-video-preview":"max-video-preview:-1"},"canonical":"https:\/\/conversesacatalunya.cat\/es\/un-ejercito-de-rastreadores-si-pero-es-suficiente\/","og_locale":"es_ES","og_type":"article","og_title":"Un ej\u00e9rcito de rastreadores, s\u00ed; \u00bfpero es suficiente? - Converses a Catalunya","og_description":"En el transcurso de la rueda de prensa de S\u00e1nchez, a la vuelta de sus pol\u00e9micas vacaciones, este anunci\u00f3 que pon\u00eda a disposici\u00f3n de las CCAA 2.000 rastreadores procedentes del ej\u00e9rcito. Esta aportaci\u00f3n, si nos atenemos al est\u00e1ndar alem\u00e1n (que es uno de los m\u00e1s valorados en el \u00e1mbito internacional) de disponer de un rastreador por cada 5.000 habitantes, cubrir\u00eda una poblaci\u00f3n de 10 millones de personas que se a\u00f1adir\u00eda a la cobertura actual de la que ya disponen las CCAA. El problema es que el gobierno, el equipo del Dr. Sim\u00f3n, desconoce cu\u00e1l es el n\u00famero total de rastreadores de que disponen las diversas autonom\u00edas, y adem\u00e1s tampoco tiene informaci\u00f3n sobre su caracterizaci\u00f3n; si son a plena dedicaci\u00f3n, a tiempo parcial, si han realizado o tienen alg\u00fan tipo de formaci\u00f3n espec\u00edfica. Por ejemplo, las personas que en Catalu\u00f1a operan desde el call center no son rastreadores, y por tanto no se pueden contabilizar como tales; sencillamente son personal del servicio telef\u00f3nico de una empresa contratada que se limita a llamar al listado de personas que han estado en contacto con enfermos para verificar que est\u00e1n haciendo la cuarentena. La funci\u00f3n del rastreador es otra, y de hecho est\u00e1 contemplada en el Plan de Respuesta Temprana en un escenario de control de la pandemia por Covid-19 del Consejo Interterritorial del Sistema Nacional de Salud, celebrado el 16 de julio. En \u00e9l se define la estrategia de detecci\u00f3n precoz, vigilancia y control del Covid-19, y el papel del rastreador, que es la persona dotada de una formaci\u00f3n espec\u00edfica que recorre exhaustivamente todos los contactos que ha tenido una persona que ha sido identificada como portadora. El propio Banco de Espa\u00f1a acaba de formular en un informe una serie de recomendaciones en este campo que pide un dr\u00e1stico aumento de la detecci\u00f3n y el rastreo; un salto de escala de manera de hacer pruebas y rastreos con car\u00e1cter masivo. La raz\u00f3n es muy concreta: \u00abel coste mensual de implementar esta estrategia ser\u00eda inferior a las p\u00e9rdidas econ\u00f3micas que la pandemia podr\u00eda provocar en menos de una semana\u00bb. En este escenario, la carencia espa\u00f1ola es muy evidente, porque contin\u00faa reiterando los mismos d\u00e9ficits que al inicio. Hay una falta absoluta de planificaci\u00f3n, coordinaci\u00f3n y liderazgo por parte del gobierno espa\u00f1ol, y este hecho multiplica en cascada los inconvenientes, confundiendo el autogobierno auton\u00f3mico con la descoordinaci\u00f3n. Es necesario que el gobierno espa\u00f1ol regule con precisi\u00f3n todo el proceso del que los rastreadores son una parte central pero no \u00fanica, y que acote los est\u00e1ndares necesarios en cada una de estas partes del proceso y homogenice las exigencias cualitativas. Concretemos esto: en primer t\u00e9rmino, se debe establecer un n\u00famero m\u00ednimo masivo de pruebas por PCR, y en este sentido debe acercarse necesariamente y con urgencia a las cifras de los pa\u00edses de \u00e9xito, como Corea y Alemania. Esta fase exige adem\u00e1s un resultado m\u00e1s r\u00e1pido que el actual de los diagn\u00f3sticos, porque si hay que esperar 48 horas, una parte del da\u00f1o ya est\u00e1 propagado. Y tambi\u00e9n f\u00f3rmulas que faciliten esta masividad de an\u00e1lisis. La centralizaci\u00f3n en los CAP es, en este sentido, una limitaci\u00f3n. Hay autonom\u00edas que han descentralizado parcialmente la toma de muestras, incluso sin bajar del coche. En el caso de Catalu\u00f1a, y s\u00f3lo de manera reciente, se han hecho pruebas en localidades escogidas, como algunos barrios de Sabadell, Terrassa, l&#8217;Hospitalet, etc., pero en un n\u00famero absolutamente insuficiente. S\u00f3lo si hay suficientes PCR con respuesta r\u00e1pida del diagn\u00f3stico, el trabajo de los rastreadores que viene a continuaci\u00f3n puede ser eficaz. Ateni\u00e9ndonos al est\u00e1ndar alem\u00e1n, Catalu\u00f1a necesitar\u00eda 1.500 personas preparadas y espec\u00edficamente dedicadas a esta tarea y a tiempo completo. No est\u00e1n y las cifras que da la Generalitat son deliberadamente confusas, presentando como rastreadores a figuras que no lo son. Esta tarea es esencial para acotar y confinar a las personas que son positivas de Covid-19. Pero una vez identificadas y hecha la comunicaci\u00f3n a estas personas, el problema no queda resuelto. No lo est\u00e1 si no hay un control efectivo del cumplimiento de la cuarentena de todas ellas y, en su defecto, las sanciones importantes que act\u00faen como disuasivo de su incumplimiento. Por ejemplo, en el caso de Catalu\u00f1a no hay datos sobre el estado de estas personas, ni de las sanciones que se han podido imponer. La Generalitat, como otras administraciones, en lugar de presentar resultados, que ser\u00edan cifras en relaci\u00f3n con los aspectos mencionados, lo que hace es subrayar s\u00f3lo los medios que destina, en este caso el seguimiento a trav\u00e9s del call center. Pero llamar a las personas potencialmente en cuarentena no garantiza ni mucho menos que estas la est\u00e9n cumpliendo. Por no conocer ni siquiera tenemos informaci\u00f3n sobre el n\u00famero de llamadas fallidas, que ser\u00eda un indicador imperfecto, pero que aportar\u00eda alguna informaci\u00f3n sobre el grado de cumplimiento. En definitiva, detr\u00e1s de las palabras y de las cifras sobre medios, debe haber concreci\u00f3n sobre los objetivos alcanzados. La Generalitat tiene que informar del n\u00famero diario de PCR que hace, del tiempo en que se da el resultado de la prueba, el n\u00famero de positivos, la dimensi\u00f3n de las cadenas de contagio, el n\u00famero de personas en cuarentena y el grado efectivo de cumplimiento de esta. Sin estos datos es imposible que ni los mismos responsables puedan evaluar si las pol\u00edticas que siguen funcionan bien.","og_url":"https:\/\/conversesacatalunya.cat\/es\/un-ejercito-de-rastreadores-si-pero-es-suficiente\/","og_site_name":"Converses a Catalunya","article_published_time":"2020-08-27T10:14:49+00:00","article_modified_time":"2020-08-27T14:27:12+00:00","og_image":[{"width":800,"height":507,"url":"https:\/\/conversesacatalunya.cat\/wp-content\/uploads\/2020\/08\/rastrejadors.jpg","type":"image\/jpeg"}],"author":"conversesacatalunya","twitter_card":"summary_large_image","twitter_misc":{"Escrito por":"conversesacatalunya","Tiempo de lectura":"5 minutos"},"schema":{"@context":"https:\/\/schema.org","@graph":[{"@type":"Article","@id":"https:\/\/conversesacatalunya.cat\/es\/un-ejercito-de-rastreadores-si-pero-es-suficiente\/#article","isPartOf":{"@id":"https:\/\/conversesacatalunya.cat\/es\/un-ejercito-de-rastreadores-si-pero-es-suficiente\/"},"author":{"name":"conversesacatalunya","@id":"https:\/\/conversesacatalunya.cat\/#\/schema\/person\/7e24d1e54a2785373ddcb275eae5ed99"},"headline":"Un ej\u00e9rcito de rastreadores, s\u00ed; \u00bfpero es suficiente?","datePublished":"2020-08-27T10:14:49+00:00","dateModified":"2020-08-27T14:27:12+00:00","mainEntityOfPage":{"@id":"https:\/\/conversesacatalunya.cat\/es\/un-ejercito-de-rastreadores-si-pero-es-suficiente\/"},"wordCount":991,"commentCount":0,"image":{"@id":"https:\/\/conversesacatalunya.cat\/es\/un-ejercito-de-rastreadores-si-pero-es-suficiente\/#primaryimage"},"thumbnailUrl":"https:\/\/conversesacatalunya.cat\/wp-content\/uploads\/2020\/08\/rastrejadors.jpg","keywords":["coronavirus","rastreo contagios"],"articleSection":["Especial Coronavirus (ES)","Punts clau del dia (ES)"],"inLanguage":"es","potentialAction":[{"@type":"CommentAction","name":"Comment","target":["https:\/\/conversesacatalunya.cat\/es\/un-ejercito-de-rastreadores-si-pero-es-suficiente\/#respond"]}]},{"@type":"WebPage","@id":"https:\/\/conversesacatalunya.cat\/es\/un-ejercito-de-rastreadores-si-pero-es-suficiente\/","url":"https:\/\/conversesacatalunya.cat\/es\/un-ejercito-de-rastreadores-si-pero-es-suficiente\/","name":"Un ej\u00e9rcito de rastreadores, s\u00ed; \u00bfpero es suficiente? - Converses a Catalunya","isPartOf":{"@id":"https:\/\/conversesacatalunya.cat\/#website"},"primaryImageOfPage":{"@id":"https:\/\/conversesacatalunya.cat\/es\/un-ejercito-de-rastreadores-si-pero-es-suficiente\/#primaryimage"},"image":{"@id":"https:\/\/conversesacatalunya.cat\/es\/un-ejercito-de-rastreadores-si-pero-es-suficiente\/#primaryimage"},"thumbnailUrl":"https:\/\/conversesacatalunya.cat\/wp-content\/uploads\/2020\/08\/rastrejadors.jpg","datePublished":"2020-08-27T10:14:49+00:00","dateModified":"2020-08-27T14:27:12+00:00","author":{"@id":"https:\/\/conversesacatalunya.cat\/#\/schema\/person\/7e24d1e54a2785373ddcb275eae5ed99"},"breadcrumb":{"@id":"https:\/\/conversesacatalunya.cat\/es\/un-ejercito-de-rastreadores-si-pero-es-suficiente\/#breadcrumb"},"inLanguage":"es","potentialAction":[{"@type":"ReadAction","target":["https:\/\/conversesacatalunya.cat\/es\/un-ejercito-de-rastreadores-si-pero-es-suficiente\/"]}]},{"@type":"ImageObject","inLanguage":"es","@id":"https:\/\/conversesacatalunya.cat\/es\/un-ejercito-de-rastreadores-si-pero-es-suficiente\/#primaryimage","url":"https:\/\/conversesacatalunya.cat\/wp-content\/uploads\/2020\/08\/rastrejadors.jpg","contentUrl":"https:\/\/conversesacatalunya.cat\/wp-content\/uploads\/2020\/08\/rastrejadors.jpg","width":800,"height":507,"caption":"Imatges de com es fa l?atenci\u00f3 dels casos de COVID-19 a l?Hospital Cl\u00ednic de Barcelona. coronavirus infermer material PCR test Foto: Francisco Avia Hospital Cl\u00ednic Barcelona"},{"@type":"BreadcrumbList","@id":"https:\/\/conversesacatalunya.cat\/es\/un-ejercito-de-rastreadores-si-pero-es-suficiente\/#breadcrumb","itemListElement":[{"@type":"ListItem","position":1,"name":"Inici","item":"https:\/\/conversesacatalunya.cat\/es\/"},{"@type":"ListItem","position":2,"name":"Un ej\u00e9rcito de rastreadores, s\u00ed; \u00bfpero es suficiente?"}]},{"@type":"WebSite","@id":"https:\/\/conversesacatalunya.cat\/#website","url":"https:\/\/conversesacatalunya.cat\/","name":"Converses a Catalunya","description":"","potentialAction":[{"@type":"SearchAction","target":{"@type":"EntryPoint","urlTemplate":"https:\/\/conversesacatalunya.cat\/?s={search_term_string}"},"query-input":{"@type":"PropertyValueSpecification","valueRequired":true,"valueName":"search_term_string"}}],"inLanguage":"es"},{"@type":"Person","@id":"https:\/\/conversesacatalunya.cat\/#\/schema\/person\/7e24d1e54a2785373ddcb275eae5ed99","name":"conversesacatalunya","image":{"@type":"ImageObject","inLanguage":"es","@id":"https:\/\/conversesacatalunya.cat\/#\/schema\/person\/image\/","url":"https:\/\/conversesacatalunya.cat\/wp-content\/litespeed\/avatar\/febdfeeec89d950f01c748045a981dd2.jpg?ver=1777314535","contentUrl":"https:\/\/conversesacatalunya.cat\/wp-content\/litespeed\/avatar\/febdfeeec89d950f01c748045a981dd2.jpg?ver=1777314535","caption":"conversesacatalunya"},"url":"https:\/\/conversesacatalunya.cat\/es\/author\/carme_catala\/"}]}},"wps_subtitle":"","_links":{"self":[{"href":"https:\/\/conversesacatalunya.cat\/es\/wp-json\/wp\/v2\/posts\/39495","targetHints":{"allow":["GET"]}}],"collection":[{"href":"https:\/\/conversesacatalunya.cat\/es\/wp-json\/wp\/v2\/posts"}],"about":[{"href":"https:\/\/conversesacatalunya.cat\/es\/wp-json\/wp\/v2\/types\/post"}],"author":[{"embeddable":true,"href":"https:\/\/conversesacatalunya.cat\/es\/wp-json\/wp\/v2\/users\/2"}],"replies":[{"embeddable":true,"href":"https:\/\/conversesacatalunya.cat\/es\/wp-json\/wp\/v2\/comments?post=39495"}],"version-history":[{"count":2,"href":"https:\/\/conversesacatalunya.cat\/es\/wp-json\/wp\/v2\/posts\/39495\/revisions"}],"predecessor-version":[{"id":39496,"href":"https:\/\/conversesacatalunya.cat\/es\/wp-json\/wp\/v2\/posts\/39495\/revisions\/39496"}],"wp:featuredmedia":[{"embeddable":true,"href":"https:\/\/conversesacatalunya.cat\/es\/wp-json\/wp\/v2\/media\/39481"}],"wp:attachment":[{"href":"https:\/\/conversesacatalunya.cat\/es\/wp-json\/wp\/v2\/media?parent=39495"}],"wp:term":[{"taxonomy":"category","embeddable":true,"href":"https:\/\/conversesacatalunya.cat\/es\/wp-json\/wp\/v2\/categories?post=39495"},{"taxonomy":"post_tag","embeddable":true,"href":"https:\/\/conversesacatalunya.cat\/es\/wp-json\/wp\/v2\/tags?post=39495"}],"curies":[{"name":"wp","href":"https:\/\/api.w.org\/{rel}","templated":true}]}}