{"id":39489,"date":"2020-08-26T22:16:38","date_gmt":"2020-08-26T20:16:38","guid":{"rendered":"https:\/\/conversesacatalunya.cat\/eleccions-estats-units-democrates-error-2016\/"},"modified":"2020-08-27T16:13:29","modified_gmt":"2020-08-27T14:13:29","slug":"elecciones-en-los-estados-unidos-caeran-los-democratas-en-el-mismo-error-que-en-2016","status":"publish","type":"post","link":"https:\/\/conversesacatalunya.cat\/es\/elecciones-en-los-estados-unidos-caeran-los-democratas-en-el-mismo-error-que-en-2016\/","title":{"rendered":"Elecciones en los Estados Unidos: \u00bfcaer\u00e1n los dem\u00f3cratas en el mismo error que en 2016?"},"content":{"rendered":"<p>Joe Biden y Kamala Harris ya se ven en la Casa Blanca dentro de unos meses. Al igual que Hillary Clinton hace cuatro a\u00f1os.<\/p>\n<p>Con todas las encuestas a favor (como Clinton) y el 90% de los medios de comunicaci\u00f3n de ambos lados del Atl\u00e1ntico (tambi\u00e9n como Clinton) haci\u00e9ndoles campa\u00f1a electoral gratuitamente, nada parece indicar que Donald Trump constituya un peligro serio.<\/p>\n<p>Adem\u00e1s, la vasta galaxia de furibundos opositores a Trump se ha ocupado tambi\u00e9n de hacer correr el rumor de que Trump podr\u00eda intentar \u00abrobar\u00bb las elecciones. La Dem\u00f3crata Sarah Cooper lo verbaliza con una <a href=\"https:\/\/twitter.com\/KamalaHarris\/status\/1296627215115984896\" target=\"_blank\" rel=\"noopener noreferrer\">frase<\/a> que deber\u00eda hacer temblar a cualquiera que se considere dem\u00f3crata (en min\u00fascula): \u00abDonald Trump sabe que no puede ganar sin hacer trampas\u00bb.<\/p>\n<p>Queda todo el mundo avisado: si esta vez Trump gana, ser\u00e1 sin duda gracias a sus trampas. No sea que la sorpresa se repitiera.<\/p>\n<p>Es cierto que Trump ha declarado no comprometerse a reconocer los resultados de las elecciones del pr\u00f3ximo noviembre. Pero cuatro a\u00f1os despu\u00e9s, habr\u00eda que conocer el personaje. Ha dicho tantas y tantas cosas que despu\u00e9s de dar la vuelta al mundo en el telediario han ca\u00eddo en el olvido&#8230;<\/p>\n<p>La realidad es que llegamos al final de su primer mandato sin que haya habido una nueva guerra mundial o que la OTAN haya desaparecido. Curioso: la mayor amenaza a la Alianza ha resultado finalmente ser <a href=\"https:\/\/conversesacatalunya.cat\/es\/por-que-hay-que-evitar-que-erdogan-reconvierta-santa-sofia-en-mezquita\/\" target=\"_blank\" rel=\"noopener noreferrer\">Turqu\u00eda<\/a>, no el presidente de los Estados Unidos. Y si bien es evidente que el orden mundial sigue deterior\u00e1ndose, se trata de una tendencia muy anterior a Trump, como admiten los estudiosos de las relaciones internacionales.<\/p>\n<h3><strong>El fen\u00f3meno del voto oculto se podr\u00eda disparar<br \/>\n<\/strong><\/h3>\n<p>Centr\u00e1ndose como es habitual en las declaraciones textuales de Trump, los dem\u00f3cratas y sus simpatizantes corren el riesgo de que el actual presidente recoja una nueva victoria electoral. Respetando las reglas del juego.<\/p>\n<p>Es verdad que la distancia que separa a Biden de Trump en las encuestas (unos 9 puntos) es mayor que la de Clinton en 2016. Pero en la historia de los Estados Unidos ha habido candidatos que han <a href=\"https:\/\/www.ft.com\/content\/78e01581-65e4-4229-ab65-30958a091a94?accessToken=zwAAAXQqoYbYkc944BWBZeRCKdOrZTCVigkalA.MEUCIFGUzIcCHrZQVJiHdxqXuEufRGvY9y50zrTXd90bcMLYAiEA4KsQrKVAOrpyGIFbqkJP-RRdmn7GkUHKpummsFSY0do&amp;sharetype=gift?token=7460ddfc-1ca8-4a52-8708-d7e18ab39f2a\" target=\"_blank\" rel=\"noopener noreferrer\">recuperado<\/a> distancias a\u00fan m\u00e1s importantes. En 1988, no hace tantos a\u00f1os, el dem\u00f3crata Michael Dukakis estaba 17 puntos por delante de Ronald Reagan en un momento similar de la cuenta atr\u00e1s electoral, y aun as\u00ed perdi\u00f3.<\/p>\n<p>Un fen\u00f3meno que podr\u00eda dar la vuelta a la situaci\u00f3n es el voto oculto a Trump. En ciencia pol\u00edtica, el problema estad\u00edstico del voto oculto define una situaci\u00f3n en la que los encuestados evitan dar una respuesta que, piensan, puede generar rechazo social.<\/p>\n<p>Una encuesta realizada en julio pasado concluy\u00f3 en efecto que el 62% de los estadounidenses est\u00e1n de acuerdo con la afirmaci\u00f3n \u00abel clima pol\u00edtico actual me impide decir cosas que creo\u00bb. Sin sorpresa, los \u00fanicos que se sienten mayoritariamente seguros al expresar sus opiniones pol\u00edticas son los que se sit\u00faan m\u00e1s a la izquierda del espectro pol\u00edtico. Asimismo, el 77% de los conservadores afirma no poder expresarse libremente.<\/p>\n<p>Tambi\u00e9n es interesante ver que hay encuestas que dan a Biden como vencedor, pero cuando <a href=\"https:\/\/www.bloomberg.com\/news\/articles\/2020-07-15\/most-pennsylvanians-believe-secret-voters-support-trump\" target=\"_blank\" rel=\"noopener noreferrer\">preguntan<\/a> a qui\u00e9n cree el encuestado que sus vecinos apoyan, Trump avanza a Biden.<\/p>\n<p>Estos resultados ponen cifras a un hecho conocido pero obviado por la esfera pol\u00edticamente correcta: el clima social se ha tensado tanto en los Estados Unidos que hay una mayor\u00eda silenciosa que no se atreve a expresar su opini\u00f3n. La libertad se encuentra <em>de facto<\/em> comprometida.<\/p>\n<p>Que los dem\u00f3cratas siguen sin aprender de sus errores lo demuestra tambi\u00e9n la dimisi\u00f3n de la periodista del <em>New York Times<\/em> Bari Weiss. Weiss, considerada \u00abmenos a la izquierda\u00bb que la l\u00ednea editorial del diario, fue contratada en 2016 para diversificar la secci\u00f3n de opini\u00f3n y dar voz a personas m\u00e1s cercanas a los conservadores. Pero este a\u00f1o ha tenido que <a href=\"https:\/\/www.bariweiss.com\/resignation-letter\" target=\"_blank\" rel=\"noopener noreferrer\">dimitir<\/a> debido a los insultos y presiones de sus colegas por el contenido de sus art\u00edculos, juzgados de \u00abracistas\u00bb.<\/p>\n<p>De hecho, muchos dem\u00f3cratas siguen pensando que alguien que piense votar Trump es racista o un incapacitado mental. As\u00ed lo <a href=\"https:\/\/www.ft.com\/content\/78e01581-65e4-4229-ab65-30958a091a94?accessToken=zwAAAXQqoYbYkc944BWBZeRCKdOrZTCVigkalA.MEUCIFGUzIcCHrZQVJiHdxqXuEufRGvY9y50zrTXd90bcMLYAiEA4KsQrKVAOrpyGIFbqkJP-RRdmn7GkUHKpummsFSY0do&amp;sharetype=gift?token=7460ddfc-1ca8-4a52-8708-d7e18ab39f2a\" target=\"_blank\" rel=\"noopener noreferrer\">escribe<\/a> Gideon Rachman en el <em>Financial Times<\/em>, poco sospechoso de ser un simpatizante del actual presidente.<\/p>\n<p>Ofuscados por sus prejuicios, los progresistas estadounidenses y sus primos europeos siguen sin hacer el m\u00e1s m\u00ednimo esfuerzo para entender las preocupaciones leg\u00edtimas de los conservadores. Una omisi\u00f3n que les podr\u00eda salir cara el pr\u00f3ximo noviembre.<\/p>\n<span class='bctt-click-to-tweet'><span class='bctt-ctt-text'><a href='https:\/\/twitter.com\/intent\/tweet?url=https%3A%2F%2Fconversesacatalunya.cat%2Fes%2Felecciones-en-los-estados-unidos-caeran-los-democratas-en-el-mismo-error-que-en-2016%2F&#038;text=Centr%C3%A1ndose%20como%20es%20habitual%20en%20las%20declaraciones%20textuales%20de%20Trump%2C%20los%20dem%C3%B3cratas%20y%20sus%20simpatizantes%20corren%20el%20riesgo%20de%20que%20el%20actual%20presidente%20recoja%20una%20nueva%20victoria%20electoral&#038;via=conversesacat&#038;related=conversesacat' target='_blank'rel=\"noopener noreferrer\">Centr\u00e1ndose como es habitual en las declaraciones textuales de Trump, los dem\u00f3cratas y sus simpatizantes corren el riesgo de que el actual presidente recoja una nueva victoria electoral <\/a><\/span><a href='https:\/\/twitter.com\/intent\/tweet?url=https%3A%2F%2Fconversesacatalunya.cat%2Fes%2Felecciones-en-los-estados-unidos-caeran-los-democratas-en-el-mismo-error-que-en-2016%2F&#038;text=Centr%C3%A1ndose%20como%20es%20habitual%20en%20las%20declaraciones%20textuales%20de%20Trump%2C%20los%20dem%C3%B3cratas%20y%20sus%20simpatizantes%20corren%20el%20riesgo%20de%20que%20el%20actual%20presidente%20recoja%20una%20nueva%20victoria%20electoral&#038;via=conversesacat&#038;related=conversesacat' target='_blank' class='bctt-ctt-btn'rel=\"noopener noreferrer\">Compartir en X<\/a><\/span>\n<div id=\"polls-64\" class=\"wp-polls\">\n\t<form id=\"polls_form_64\" class=\"wp-polls-form\" action=\"\/index.php\" method=\"post\">\n\t\t<p style=\"display: none;\"><input type=\"hidden\" id=\"poll_64_nonce\" name=\"wp-polls-nonce\" value=\"3ccea3e092\" \/><\/p>\n\t\t<p style=\"display: none;\"><input type=\"hidden\" name=\"poll_id\" value=\"64\" \/><\/p>\n\t\t<p style=\"display: none;\"><input type=\"hidden\" id=\"poll_multiple_ans_64\" name=\"poll_multiple_ans_64\" value=\"2\" \/><\/p>\n\t\t<p style=\"text-align: center\"><strong>Enguany, on passareu o heu passat les vacances d'estiu?<\/strong><\/p><div id=\"polls-64-ans\" class=\"wp-polls-ans\"><ul class=\"wp-polls-ul\">\n\t\t<li><input type=\"checkbox\" id=\"poll-answer-136\" name=\"poll_64\" value=\"136\" \/> <label for=\"poll-answer-136\">A casa<\/label><\/li>\n\t\t<li><input type=\"checkbox\" id=\"poll-answer-137\" name=\"poll_64\" value=\"137\" \/> <label for=\"poll-answer-137\">A Catalunya<\/label><\/li>\n\t\t<li><input type=\"checkbox\" id=\"poll-answer-138\" name=\"poll_64\" value=\"138\" \/> <label for=\"poll-answer-138\">A Espanya<\/label><\/li>\n\t\t<li><input type=\"checkbox\" id=\"poll-answer-139\" name=\"poll_64\" value=\"139\" \/> <label for=\"poll-answer-139\">A l'estranger<\/label><\/li>\n\t\t<\/ul><p style=\"text-align: center\"><input type=\"button\" name=\"vote\" value=\"   Vota   \" class=\"Buttons\" onclick=\"poll_vote(64);\" \/><\/p><p style=\"text-align: center\"><a href=\"#ViewPollResults\" onclick=\"poll_result(64); return false;\" title=\"View Results Of This Poll\">Mira els resultats<\/a><\/p><\/div>\n\t<\/form>\n<\/div>\n<div id=\"polls-64-loading\" class=\"wp-polls-loading\"><img decoding=\"async\" data-src=\"https:\/\/conversesacatalunya.cat\/wp-content\/plugins\/wp-polls\/images\/loading.gif\" width=\"16\" height=\"16\" alt=\"Cargando ...\" title=\"Cargando ...\" class=\"wp-polls-image lazyload\" src=\"data:image\/svg+xml;base64,PHN2ZyB3aWR0aD0iMSIgaGVpZ2h0PSIxIiB4bWxucz0iaHR0cDovL3d3dy53My5vcmcvMjAwMC9zdmciPjwvc3ZnPg==\" style=\"--smush-placeholder-width: 16px; --smush-placeholder-aspect-ratio: 16\/16;\" \/>&nbsp;Cargando ...<\/div>\n\n","protected":false},"excerpt":{"rendered":"<p>Joe Biden y Kamala Harris ya se ven en la Casa Blanca dentro de unos meses. Al igual que Hillary Clinton hace cuatro a\u00f1os. Con todas las encuestas a favor (como Clinton) y el 90% de los medios de comunicaci\u00f3n de ambos lados del Atl\u00e1ntico (tambi\u00e9n como Clinton) haci\u00e9ndoles campa\u00f1a electoral gratuitamente, nada parece indicar que Donald Trump constituya un peligro serio. Adem\u00e1s, la vasta galaxia de furibundos opositores a Trump se ha ocupado tambi\u00e9n de hacer correr el rumor de que Trump podr\u00eda intentar \u00abrobar\u00bb las elecciones. La Dem\u00f3crata Sarah Cooper lo verbaliza con una frase que deber\u00eda hacer temblar a cualquiera que se considere dem\u00f3crata (en min\u00fascula): \u00abDonald Trump sabe que no puede ganar sin hacer trampas\u00bb. Queda todo el mundo avisado: si esta vez Trump gana, ser\u00e1 sin duda gracias a sus trampas. No sea que la sorpresa se repitiera. Es cierto que Trump ha declarado no comprometerse a reconocer los resultados de las elecciones del pr\u00f3ximo noviembre. Pero cuatro a\u00f1os despu\u00e9s, habr\u00eda que conocer el personaje. Ha dicho tantas y tantas cosas que despu\u00e9s de dar la vuelta al mundo en el telediario han ca\u00eddo en el olvido&#8230; La realidad es que llegamos al final de su primer mandato sin que haya habido una nueva guerra mundial o que la OTAN haya desaparecido. Curioso: la mayor amenaza a la Alianza ha resultado finalmente ser Turqu\u00eda, no el presidente de los Estados Unidos. Y si bien es evidente que el orden mundial sigue deterior\u00e1ndose, se trata de una tendencia muy anterior a Trump, como admiten los estudiosos de las relaciones internacionales. El fen\u00f3meno del voto oculto se podr\u00eda disparar Centr\u00e1ndose como es habitual en las declaraciones textuales de Trump, los dem\u00f3cratas y sus simpatizantes corren el riesgo de que el actual presidente recoja una nueva victoria electoral. Respetando las reglas del juego. Es verdad que la distancia que separa a Biden de Trump en las encuestas (unos 9 puntos) es mayor que la de Clinton en 2016. Pero en la historia de los Estados Unidos ha habido candidatos que han recuperado distancias a\u00fan m\u00e1s importantes. En 1988, no hace tantos a\u00f1os, el dem\u00f3crata Michael Dukakis estaba 17 puntos por delante de Ronald Reagan en un momento similar de la cuenta atr\u00e1s electoral, y aun as\u00ed perdi\u00f3. Un fen\u00f3meno que podr\u00eda dar la vuelta a la situaci\u00f3n es el voto oculto a Trump. En ciencia pol\u00edtica, el problema estad\u00edstico del voto oculto define una situaci\u00f3n en la que los encuestados evitan dar una respuesta que, piensan, puede generar rechazo social. Una encuesta realizada en julio pasado concluy\u00f3 en efecto que el 62% de los estadounidenses est\u00e1n de acuerdo con la afirmaci\u00f3n \u00abel clima pol\u00edtico actual me impide decir cosas que creo\u00bb. Sin sorpresa, los \u00fanicos que se sienten mayoritariamente seguros al expresar sus opiniones pol\u00edticas son los que se sit\u00faan m\u00e1s a la izquierda del espectro pol\u00edtico. Asimismo, el 77% de los conservadores afirma no poder expresarse libremente. Tambi\u00e9n es interesante ver que hay encuestas que dan a Biden como vencedor, pero cuando preguntan a qui\u00e9n cree el encuestado que sus vecinos apoyan, Trump avanza a Biden. Estos resultados ponen cifras a un hecho conocido pero obviado por la esfera pol\u00edticamente correcta: el clima social se ha tensado tanto en los Estados Unidos que hay una mayor\u00eda silenciosa que no se atreve a expresar su opini\u00f3n. La libertad se encuentra de facto comprometida. Que los dem\u00f3cratas siguen sin aprender de sus errores lo demuestra tambi\u00e9n la dimisi\u00f3n de la periodista del New York Times Bari Weiss. Weiss, considerada \u00abmenos a la izquierda\u00bb que la l\u00ednea editorial del diario, fue contratada en 2016 para diversificar la secci\u00f3n de opini\u00f3n y dar voz a personas m\u00e1s cercanas a los conservadores. Pero este a\u00f1o ha tenido que dimitir debido a los insultos y presiones de sus colegas por el contenido de sus art\u00edculos, juzgados de \u00abracistas\u00bb. De hecho, muchos dem\u00f3cratas siguen pensando que alguien que piense votar Trump es racista o un incapacitado mental. As\u00ed lo escribe Gideon Rachman en el Financial Times, poco sospechoso de ser un simpatizante del actual presidente. Ofuscados por sus prejuicios, los progresistas estadounidenses y sus primos europeos siguen sin hacer el m\u00e1s m\u00ednimo esfuerzo para entender las preocupaciones leg\u00edtimas de los conservadores. Una omisi\u00f3n que les podr\u00eda salir cara el pr\u00f3ximo noviembre.<\/p>\n","protected":false},"author":67,"featured_media":39465,"comment_status":"open","ping_status":"open","sticky":false,"template":"","format":"standard","meta":{"_FSMCFIC_featured_image_caption":"","_FSMCFIC_featured_image_nocaption":"","_FSMCFIC_featured_image_hide":"","footnotes":""},"categories":[806],"tags":[963,1549,1371,2033],"class_list":["post-39489","post","type-post","status-publish","format-standard","has-post-thumbnail","hentry","category-punts-claus-del-dia-es","tag-donald-trump-es","tag-elecciones","tag-estados-unidos","tag-joe-biden-es"],"yoast_head":"<!-- This site is optimized with the Yoast SEO plugin v26.8 - https:\/\/yoast.com\/product\/yoast-seo-wordpress\/ -->\n<title>Elecciones en los Estados Unidos: \u00bfcaer\u00e1n los dem\u00f3cratas en el mismo error que en 2016? - Converses a Catalunya<\/title>\n<meta name=\"description\" content=\"Que los dem\u00f3cratas siguen sin aprender de sus errores lo demuestra tambi\u00e9n la dimisi\u00f3n de la periodista del New York Times Bari Weiss\" \/>\n<meta name=\"robots\" content=\"index, follow, max-snippet:-1, max-image-preview:large, max-video-preview:-1\" \/>\n<link rel=\"canonical\" href=\"https:\/\/conversesacatalunya.cat\/es\/elecciones-en-los-estados-unidos-caeran-los-democratas-en-el-mismo-error-que-en-2016\/\" \/>\n<meta property=\"og:locale\" content=\"es_ES\" \/>\n<meta property=\"og:type\" content=\"article\" \/>\n<meta property=\"og:title\" content=\"Elecciones en los Estados Unidos: \u00bfcaer\u00e1n los dem\u00f3cratas en el mismo error que en 2016? - Converses a Catalunya\" \/>\n<meta property=\"og:description\" content=\"Que los dem\u00f3cratas siguen sin aprender de sus errores lo demuestra tambi\u00e9n la dimisi\u00f3n de la periodista del New York Times Bari Weiss\" \/>\n<meta property=\"og:url\" content=\"https:\/\/conversesacatalunya.cat\/es\/elecciones-en-los-estados-unidos-caeran-los-democratas-en-el-mismo-error-que-en-2016\/\" \/>\n<meta property=\"og:site_name\" content=\"Converses a Catalunya\" \/>\n<meta property=\"article:published_time\" content=\"2020-08-26T20:16:38+00:00\" \/>\n<meta property=\"article:modified_time\" content=\"2020-08-27T14:13:29+00:00\" \/>\n<meta property=\"og:image\" content=\"https:\/\/conversesacatalunya.cat\/wp-content\/uploads\/2020\/08\/biden-harris.jpeg\" \/>\n\t<meta property=\"og:image:width\" content=\"1821\" \/>\n\t<meta property=\"og:image:height\" content=\"1346\" \/>\n\t<meta property=\"og:image:type\" content=\"image\/jpeg\" \/>\n<meta name=\"author\" content=\"conversesacatalunya\" \/>\n<meta name=\"twitter:card\" content=\"summary_large_image\" \/>\n<meta name=\"twitter:label1\" content=\"Escrito por\" \/>\n\t<meta name=\"twitter:data1\" content=\"conversesacatalunya\" \/>\n\t<meta name=\"twitter:label2\" content=\"Tiempo de lectura\" \/>\n\t<meta name=\"twitter:data2\" content=\"4 minutos\" \/>\n<script type=\"application\/ld+json\" class=\"yoast-schema-graph\">{\"@context\":\"https:\/\/schema.org\",\"@graph\":[{\"@type\":\"Article\",\"@id\":\"https:\/\/conversesacatalunya.cat\/es\/elecciones-en-los-estados-unidos-caeran-los-democratas-en-el-mismo-error-que-en-2016\/#article\",\"isPartOf\":{\"@id\":\"https:\/\/conversesacatalunya.cat\/es\/elecciones-en-los-estados-unidos-caeran-los-democratas-en-el-mismo-error-que-en-2016\/\"},\"author\":{\"name\":\"conversesacatalunya\",\"@id\":\"https:\/\/conversesacatalunya.cat\/#\/schema\/person\/c5a8ffe796b1512764aeb6d6d6fa0fc7\"},\"headline\":\"Elecciones en los Estados Unidos: \u00bfcaer\u00e1n los dem\u00f3cratas en el mismo error que en 2016?\",\"datePublished\":\"2020-08-26T20:16:38+00:00\",\"dateModified\":\"2020-08-27T14:13:29+00:00\",\"mainEntityOfPage\":{\"@id\":\"https:\/\/conversesacatalunya.cat\/es\/elecciones-en-los-estados-unidos-caeran-los-democratas-en-el-mismo-error-que-en-2016\/\"},\"wordCount\":825,\"commentCount\":0,\"image\":{\"@id\":\"https:\/\/conversesacatalunya.cat\/es\/elecciones-en-los-estados-unidos-caeran-los-democratas-en-el-mismo-error-que-en-2016\/#primaryimage\"},\"thumbnailUrl\":\"https:\/\/conversesacatalunya.cat\/wp-content\/uploads\/2020\/08\/biden-harris.jpeg\",\"keywords\":[\"Donald Trump\",\"elecciones\",\"Estados Unidos\",\"Joe Biden\"],\"articleSection\":[\"Punts clau del dia (ES)\"],\"inLanguage\":\"es\",\"potentialAction\":[{\"@type\":\"CommentAction\",\"name\":\"Comment\",\"target\":[\"https:\/\/conversesacatalunya.cat\/es\/elecciones-en-los-estados-unidos-caeran-los-democratas-en-el-mismo-error-que-en-2016\/#respond\"]}]},{\"@type\":\"WebPage\",\"@id\":\"https:\/\/conversesacatalunya.cat\/es\/elecciones-en-los-estados-unidos-caeran-los-democratas-en-el-mismo-error-que-en-2016\/\",\"url\":\"https:\/\/conversesacatalunya.cat\/es\/elecciones-en-los-estados-unidos-caeran-los-democratas-en-el-mismo-error-que-en-2016\/\",\"name\":\"Elecciones en los Estados Unidos: \u00bfcaer\u00e1n los dem\u00f3cratas en el mismo error que en 2016? - Converses a Catalunya\",\"isPartOf\":{\"@id\":\"https:\/\/conversesacatalunya.cat\/#website\"},\"primaryImageOfPage\":{\"@id\":\"https:\/\/conversesacatalunya.cat\/es\/elecciones-en-los-estados-unidos-caeran-los-democratas-en-el-mismo-error-que-en-2016\/#primaryimage\"},\"image\":{\"@id\":\"https:\/\/conversesacatalunya.cat\/es\/elecciones-en-los-estados-unidos-caeran-los-democratas-en-el-mismo-error-que-en-2016\/#primaryimage\"},\"thumbnailUrl\":\"https:\/\/conversesacatalunya.cat\/wp-content\/uploads\/2020\/08\/biden-harris.jpeg\",\"datePublished\":\"2020-08-26T20:16:38+00:00\",\"dateModified\":\"2020-08-27T14:13:29+00:00\",\"author\":{\"@id\":\"https:\/\/conversesacatalunya.cat\/#\/schema\/person\/c5a8ffe796b1512764aeb6d6d6fa0fc7\"},\"description\":\"Que los dem\u00f3cratas siguen sin aprender de sus errores lo demuestra tambi\u00e9n la dimisi\u00f3n de la periodista del New York Times Bari Weiss\",\"breadcrumb\":{\"@id\":\"https:\/\/conversesacatalunya.cat\/es\/elecciones-en-los-estados-unidos-caeran-los-democratas-en-el-mismo-error-que-en-2016\/#breadcrumb\"},\"inLanguage\":\"es\",\"potentialAction\":[{\"@type\":\"ReadAction\",\"target\":[\"https:\/\/conversesacatalunya.cat\/es\/elecciones-en-los-estados-unidos-caeran-los-democratas-en-el-mismo-error-que-en-2016\/\"]}]},{\"@type\":\"ImageObject\",\"inLanguage\":\"es\",\"@id\":\"https:\/\/conversesacatalunya.cat\/es\/elecciones-en-los-estados-unidos-caeran-los-democratas-en-el-mismo-error-que-en-2016\/#primaryimage\",\"url\":\"https:\/\/conversesacatalunya.cat\/wp-content\/uploads\/2020\/08\/biden-harris.jpeg\",\"contentUrl\":\"https:\/\/conversesacatalunya.cat\/wp-content\/uploads\/2020\/08\/biden-harris.jpeg\",\"width\":1821,\"height\":1346,\"caption\":\"Dem\u00f2crates\"},{\"@type\":\"BreadcrumbList\",\"@id\":\"https:\/\/conversesacatalunya.cat\/es\/elecciones-en-los-estados-unidos-caeran-los-democratas-en-el-mismo-error-que-en-2016\/#breadcrumb\",\"itemListElement\":[{\"@type\":\"ListItem\",\"position\":1,\"name\":\"Inici\",\"item\":\"https:\/\/conversesacatalunya.cat\/es\/\"},{\"@type\":\"ListItem\",\"position\":2,\"name\":\"Elecciones en los Estados Unidos: \u00bfcaer\u00e1n los dem\u00f3cratas en el mismo error que en 2016?\"}]},{\"@type\":\"WebSite\",\"@id\":\"https:\/\/conversesacatalunya.cat\/#website\",\"url\":\"https:\/\/conversesacatalunya.cat\/\",\"name\":\"Converses a Catalunya\",\"description\":\"\",\"potentialAction\":[{\"@type\":\"SearchAction\",\"target\":{\"@type\":\"EntryPoint\",\"urlTemplate\":\"https:\/\/conversesacatalunya.cat\/?s={search_term_string}\"},\"query-input\":{\"@type\":\"PropertyValueSpecification\",\"valueRequired\":true,\"valueName\":\"search_term_string\"}}],\"inLanguage\":\"es\"},{\"@type\":\"Person\",\"@id\":\"https:\/\/conversesacatalunya.cat\/#\/schema\/person\/c5a8ffe796b1512764aeb6d6d6fa0fc7\",\"name\":\"conversesacatalunya\",\"image\":{\"@type\":\"ImageObject\",\"inLanguage\":\"es\",\"@id\":\"https:\/\/conversesacatalunya.cat\/#\/schema\/person\/image\/\",\"url\":\"https:\/\/conversesacatalunya.cat\/wp-content\/litespeed\/avatar\/02659ee938034c59a151ae106ade943e.jpg?ver=1777051754\",\"contentUrl\":\"https:\/\/conversesacatalunya.cat\/wp-content\/litespeed\/avatar\/02659ee938034c59a151ae106ade943e.jpg?ver=1777051754\",\"caption\":\"conversesacatalunya\"},\"url\":\"https:\/\/conversesacatalunya.cat\/es\/author\/carles_lopez\/\"}]}<\/script>\n<!-- \/ Yoast SEO plugin. -->","yoast_head_json":{"title":"Elecciones en los Estados Unidos: \u00bfcaer\u00e1n los dem\u00f3cratas en el mismo error que en 2016? - Converses a Catalunya","description":"Que los dem\u00f3cratas siguen sin aprender de sus errores lo demuestra tambi\u00e9n la dimisi\u00f3n de la periodista del New York Times Bari Weiss","robots":{"index":"index","follow":"follow","max-snippet":"max-snippet:-1","max-image-preview":"max-image-preview:large","max-video-preview":"max-video-preview:-1"},"canonical":"https:\/\/conversesacatalunya.cat\/es\/elecciones-en-los-estados-unidos-caeran-los-democratas-en-el-mismo-error-que-en-2016\/","og_locale":"es_ES","og_type":"article","og_title":"Elecciones en los Estados Unidos: \u00bfcaer\u00e1n los dem\u00f3cratas en el mismo error que en 2016? - Converses a Catalunya","og_description":"Que los dem\u00f3cratas siguen sin aprender de sus errores lo demuestra tambi\u00e9n la dimisi\u00f3n de la periodista del New York Times Bari Weiss","og_url":"https:\/\/conversesacatalunya.cat\/es\/elecciones-en-los-estados-unidos-caeran-los-democratas-en-el-mismo-error-que-en-2016\/","og_site_name":"Converses a Catalunya","article_published_time":"2020-08-26T20:16:38+00:00","article_modified_time":"2020-08-27T14:13:29+00:00","og_image":[{"width":1821,"height":1346,"url":"https:\/\/conversesacatalunya.cat\/wp-content\/uploads\/2020\/08\/biden-harris.jpeg","type":"image\/jpeg"}],"author":"conversesacatalunya","twitter_card":"summary_large_image","twitter_misc":{"Escrito por":"conversesacatalunya","Tiempo de lectura":"4 minutos"},"schema":{"@context":"https:\/\/schema.org","@graph":[{"@type":"Article","@id":"https:\/\/conversesacatalunya.cat\/es\/elecciones-en-los-estados-unidos-caeran-los-democratas-en-el-mismo-error-que-en-2016\/#article","isPartOf":{"@id":"https:\/\/conversesacatalunya.cat\/es\/elecciones-en-los-estados-unidos-caeran-los-democratas-en-el-mismo-error-que-en-2016\/"},"author":{"name":"conversesacatalunya","@id":"https:\/\/conversesacatalunya.cat\/#\/schema\/person\/c5a8ffe796b1512764aeb6d6d6fa0fc7"},"headline":"Elecciones en los Estados Unidos: \u00bfcaer\u00e1n los dem\u00f3cratas en el mismo error que en 2016?","datePublished":"2020-08-26T20:16:38+00:00","dateModified":"2020-08-27T14:13:29+00:00","mainEntityOfPage":{"@id":"https:\/\/conversesacatalunya.cat\/es\/elecciones-en-los-estados-unidos-caeran-los-democratas-en-el-mismo-error-que-en-2016\/"},"wordCount":825,"commentCount":0,"image":{"@id":"https:\/\/conversesacatalunya.cat\/es\/elecciones-en-los-estados-unidos-caeran-los-democratas-en-el-mismo-error-que-en-2016\/#primaryimage"},"thumbnailUrl":"https:\/\/conversesacatalunya.cat\/wp-content\/uploads\/2020\/08\/biden-harris.jpeg","keywords":["Donald Trump","elecciones","Estados Unidos","Joe Biden"],"articleSection":["Punts clau del dia (ES)"],"inLanguage":"es","potentialAction":[{"@type":"CommentAction","name":"Comment","target":["https:\/\/conversesacatalunya.cat\/es\/elecciones-en-los-estados-unidos-caeran-los-democratas-en-el-mismo-error-que-en-2016\/#respond"]}]},{"@type":"WebPage","@id":"https:\/\/conversesacatalunya.cat\/es\/elecciones-en-los-estados-unidos-caeran-los-democratas-en-el-mismo-error-que-en-2016\/","url":"https:\/\/conversesacatalunya.cat\/es\/elecciones-en-los-estados-unidos-caeran-los-democratas-en-el-mismo-error-que-en-2016\/","name":"Elecciones en los Estados Unidos: \u00bfcaer\u00e1n los dem\u00f3cratas en el mismo error que en 2016? - Converses a Catalunya","isPartOf":{"@id":"https:\/\/conversesacatalunya.cat\/#website"},"primaryImageOfPage":{"@id":"https:\/\/conversesacatalunya.cat\/es\/elecciones-en-los-estados-unidos-caeran-los-democratas-en-el-mismo-error-que-en-2016\/#primaryimage"},"image":{"@id":"https:\/\/conversesacatalunya.cat\/es\/elecciones-en-los-estados-unidos-caeran-los-democratas-en-el-mismo-error-que-en-2016\/#primaryimage"},"thumbnailUrl":"https:\/\/conversesacatalunya.cat\/wp-content\/uploads\/2020\/08\/biden-harris.jpeg","datePublished":"2020-08-26T20:16:38+00:00","dateModified":"2020-08-27T14:13:29+00:00","author":{"@id":"https:\/\/conversesacatalunya.cat\/#\/schema\/person\/c5a8ffe796b1512764aeb6d6d6fa0fc7"},"description":"Que los dem\u00f3cratas siguen sin aprender de sus errores lo demuestra tambi\u00e9n la dimisi\u00f3n de la periodista del New York Times Bari Weiss","breadcrumb":{"@id":"https:\/\/conversesacatalunya.cat\/es\/elecciones-en-los-estados-unidos-caeran-los-democratas-en-el-mismo-error-que-en-2016\/#breadcrumb"},"inLanguage":"es","potentialAction":[{"@type":"ReadAction","target":["https:\/\/conversesacatalunya.cat\/es\/elecciones-en-los-estados-unidos-caeran-los-democratas-en-el-mismo-error-que-en-2016\/"]}]},{"@type":"ImageObject","inLanguage":"es","@id":"https:\/\/conversesacatalunya.cat\/es\/elecciones-en-los-estados-unidos-caeran-los-democratas-en-el-mismo-error-que-en-2016\/#primaryimage","url":"https:\/\/conversesacatalunya.cat\/wp-content\/uploads\/2020\/08\/biden-harris.jpeg","contentUrl":"https:\/\/conversesacatalunya.cat\/wp-content\/uploads\/2020\/08\/biden-harris.jpeg","width":1821,"height":1346,"caption":"Dem\u00f2crates"},{"@type":"BreadcrumbList","@id":"https:\/\/conversesacatalunya.cat\/es\/elecciones-en-los-estados-unidos-caeran-los-democratas-en-el-mismo-error-que-en-2016\/#breadcrumb","itemListElement":[{"@type":"ListItem","position":1,"name":"Inici","item":"https:\/\/conversesacatalunya.cat\/es\/"},{"@type":"ListItem","position":2,"name":"Elecciones en los Estados Unidos: \u00bfcaer\u00e1n los dem\u00f3cratas en el mismo error que en 2016?"}]},{"@type":"WebSite","@id":"https:\/\/conversesacatalunya.cat\/#website","url":"https:\/\/conversesacatalunya.cat\/","name":"Converses a Catalunya","description":"","potentialAction":[{"@type":"SearchAction","target":{"@type":"EntryPoint","urlTemplate":"https:\/\/conversesacatalunya.cat\/?s={search_term_string}"},"query-input":{"@type":"PropertyValueSpecification","valueRequired":true,"valueName":"search_term_string"}}],"inLanguage":"es"},{"@type":"Person","@id":"https:\/\/conversesacatalunya.cat\/#\/schema\/person\/c5a8ffe796b1512764aeb6d6d6fa0fc7","name":"conversesacatalunya","image":{"@type":"ImageObject","inLanguage":"es","@id":"https:\/\/conversesacatalunya.cat\/#\/schema\/person\/image\/","url":"https:\/\/conversesacatalunya.cat\/wp-content\/litespeed\/avatar\/02659ee938034c59a151ae106ade943e.jpg?ver=1777051754","contentUrl":"https:\/\/conversesacatalunya.cat\/wp-content\/litespeed\/avatar\/02659ee938034c59a151ae106ade943e.jpg?ver=1777051754","caption":"conversesacatalunya"},"url":"https:\/\/conversesacatalunya.cat\/es\/author\/carles_lopez\/"}]}},"wps_subtitle":"El clima social se ha tensado tanto en los Estados Unidos que hay una mayor\u00eda silenciosa que no se atreve a expresar su opini\u00f3n. Este factor podr\u00eda ser clave para dar la victoria a Trump","_links":{"self":[{"href":"https:\/\/conversesacatalunya.cat\/es\/wp-json\/wp\/v2\/posts\/39489","targetHints":{"allow":["GET"]}}],"collection":[{"href":"https:\/\/conversesacatalunya.cat\/es\/wp-json\/wp\/v2\/posts"}],"about":[{"href":"https:\/\/conversesacatalunya.cat\/es\/wp-json\/wp\/v2\/types\/post"}],"author":[{"embeddable":true,"href":"https:\/\/conversesacatalunya.cat\/es\/wp-json\/wp\/v2\/users\/67"}],"replies":[{"embeddable":true,"href":"https:\/\/conversesacatalunya.cat\/es\/wp-json\/wp\/v2\/comments?post=39489"}],"version-history":[{"count":2,"href":"https:\/\/conversesacatalunya.cat\/es\/wp-json\/wp\/v2\/posts\/39489\/revisions"}],"predecessor-version":[{"id":39490,"href":"https:\/\/conversesacatalunya.cat\/es\/wp-json\/wp\/v2\/posts\/39489\/revisions\/39490"}],"wp:featuredmedia":[{"embeddable":true,"href":"https:\/\/conversesacatalunya.cat\/es\/wp-json\/wp\/v2\/media\/39465"}],"wp:attachment":[{"href":"https:\/\/conversesacatalunya.cat\/es\/wp-json\/wp\/v2\/media?parent=39489"}],"wp:term":[{"taxonomy":"category","embeddable":true,"href":"https:\/\/conversesacatalunya.cat\/es\/wp-json\/wp\/v2\/categories?post=39489"},{"taxonomy":"post_tag","embeddable":true,"href":"https:\/\/conversesacatalunya.cat\/es\/wp-json\/wp\/v2\/tags?post=39489"}],"curies":[{"name":"wp","href":"https:\/\/api.w.org\/{rel}","templated":true}]}}