{"id":39459,"date":"2020-08-26T07:42:24","date_gmt":"2020-08-26T05:42:24","guid":{"rendered":"https:\/\/conversesacatalunya.cat\/el-deficit-alemany-es-dispara\/"},"modified":"2020-08-26T14:16:35","modified_gmt":"2020-08-26T12:16:35","slug":"el-deficit-aleman-se-dispara","status":"publish","type":"post","link":"https:\/\/conversesacatalunya.cat\/es\/el-deficit-aleman-se-dispara\/","title":{"rendered":"El d\u00e9ficit alem\u00e1n se dispara"},"content":{"rendered":"<p>a Destatis, Oficina Federal de Estad\u00edstica de Alemania, revel\u00f3 ayer <strong>unos datos econ\u00f3micos preocupantes<\/strong>. El Estado alem\u00e1n obtuvo en el primer semestre del a\u00f1o un d\u00e9ficit equivalente al 3,2 % del producto interior bruto debido a la crisis del coronavirus. El conjunto de las administraciones central, regional y local m\u00e1s la caja de la seguridad social gastaron en ese per\u00edodo 51.600 millones de euros m\u00e1s de los que ingresaron. En comparaci\u00f3n, en el primer semestre de 2019 el Estado alem\u00e1n hab\u00eda obtenido un super\u00e1vit de 46.500 millones de euros.<\/p>\n<p>La econom\u00eda sufri\u00f3 un desplome hist\u00f3rico \u2013el mayor desde que hay registros, que arrancan en 1970\u2013 del 9,7% en el segundo trimestre, algo menor al 10,1% de ca\u00edda avanzada en un primer t\u00e9rmino. Ninguno de los motores econ\u00f3micos salv\u00f3 el cuello. El gasto de los consumidores se contrajo el 10,9%, las inversiones de capital se hundieron el 19,6%, las exportaciones menguaron el 20,3%&#8230; Tambi\u00e9n cay\u00f3 un 4,2% la construcci\u00f3n.<\/p>\n<p>Destatis caracteriz\u00f3 la situaci\u00f3n como de \u201cmasivo desplome de la demanda interna e internacional\u201d, algo que se refleja en el comportamiento de todas las variables. S\u00f3lo aguant\u00f3 el consumo estatal, con un crecimiento del 1,5% por el despliegue de los programas de rescate. Sin ir m\u00e1s lejos, la pandemia ha obligado al parlamento a retirar el freno constitucional que ejerc\u00eda sobre la deuda para permitir que el Gobierno financie su respuesta a la crisis y un impulso fiscal que conllevar\u00e1 la emisi\u00f3n r\u00e9cord de deuda nueva por 217.800 millones de euros. El giro ha provocado un d\u00e9ficit de 51.600 millones hasta junio (-3,2%).<\/p>\n<p>El comercio exterior -uno de los puntales de la primera econom\u00eda europea- tambi\u00e9n se hundi\u00f3 a causa del coronavirus. En el segundo trimestre las exportaciones cayeron un 20,3 por ciento con respecto al primer trimestre mientras que las importaciones se contrajeron en un 16,0 por ciento. El Gobierno alem\u00e1n estima que el PIB se contraer\u00e1 en el conjunto de este a\u00f1o un 6,3 por ciento. El Bundesbank (banco central) sit\u00faa la ca\u00edda en el 7 por ciento.<\/p>\n<p>Algo de esperanza aport\u00f3 la publicaci\u00f3n tambi\u00e9n este martes del \u00edndice de confianza empresarial Ifo, que deja entrever que <strong>la mayor econom\u00eda europea ya ha tocado suelo<\/strong> y est\u00e1 en v\u00edas de recuperaci\u00f3n, aunque no trazar\u00e1 una marcada forma de V, sino que m\u00e1s bien parece que ser\u00e1 lenta y, sobre todo, desigual. El \u00edndice ha trepado a 92,6 puntos en agosto, desde los 90,4 previos. Por otro lado, se espera que el d\u00e9ficit vaya decreciendo con la mejora econ\u00f3mica del pa\u00eds.<\/p>\n<p>Las valoraciones dependen mucho del sector. En un extremo est\u00e1n los servicios, que mejoran claramente su valoraci\u00f3n tanto del presente como del futuro a seis meses. En el extremo contrario se encuentran el comercio, especialmente en el mayorista, y la construcci\u00f3n, donde mejora la percepci\u00f3n del presente pero se mantiene el pesimismo con respecto al futuro. Y a medio camino queda la industria, que percibe en general la situaci\u00f3n actual mucho mejor que hace un mes porque las expectativas y pedidos aumentan, aunque a\u00fan muchas empresas valoran como negativo el entorno presente.<\/p>\n<p>&nbsp;<\/p>\n","protected":false},"excerpt":{"rendered":"<p>a Destatis, Oficina Federal de Estad\u00edstica de Alemania, revel\u00f3 ayer unos datos econ\u00f3micos preocupantes. El Estado alem\u00e1n obtuvo en el primer semestre del a\u00f1o un d\u00e9ficit equivalente al 3,2 % del producto interior bruto debido a la crisis del coronavirus. El conjunto de las administraciones central, regional y local m\u00e1s la caja de la seguridad social gastaron en ese per\u00edodo 51.600 millones de euros m\u00e1s de los que ingresaron. En comparaci\u00f3n, en el primer semestre de 2019 el Estado alem\u00e1n hab\u00eda obtenido un super\u00e1vit de 46.500 millones de euros. La econom\u00eda sufri\u00f3 un desplome hist\u00f3rico \u2013el mayor desde que hay registros, que arrancan en 1970\u2013 del 9,7% en el segundo trimestre, algo menor al 10,1% de ca\u00edda avanzada en un primer t\u00e9rmino. Ninguno de los motores econ\u00f3micos salv\u00f3 el cuello. El gasto de los consumidores se contrajo el 10,9%, las inversiones de capital se hundieron el 19,6%, las exportaciones menguaron el 20,3%&#8230; Tambi\u00e9n cay\u00f3 un 4,2% la construcci\u00f3n. Destatis caracteriz\u00f3 la situaci\u00f3n como de \u201cmasivo desplome de la demanda interna e internacional\u201d, algo que se refleja en el comportamiento de todas las variables. S\u00f3lo aguant\u00f3 el consumo estatal, con un crecimiento del 1,5% por el despliegue de los programas de rescate. Sin ir m\u00e1s lejos, la pandemia ha obligado al parlamento a retirar el freno constitucional que ejerc\u00eda sobre la deuda para permitir que el Gobierno financie su respuesta a la crisis y un impulso fiscal que conllevar\u00e1 la emisi\u00f3n r\u00e9cord de deuda nueva por 217.800 millones de euros. El giro ha provocado un d\u00e9ficit de 51.600 millones hasta junio (-3,2%). El comercio exterior -uno de los puntales de la primera econom\u00eda europea- tambi\u00e9n se hundi\u00f3 a causa del coronavirus. En el segundo trimestre las exportaciones cayeron un 20,3 por ciento con respecto al primer trimestre mientras que las importaciones se contrajeron en un 16,0 por ciento. El Gobierno alem\u00e1n estima que el PIB se contraer\u00e1 en el conjunto de este a\u00f1o un 6,3 por ciento. El Bundesbank (banco central) sit\u00faa la ca\u00edda en el 7 por ciento. Algo de esperanza aport\u00f3 la publicaci\u00f3n tambi\u00e9n este martes del \u00edndice de confianza empresarial Ifo, que deja entrever que la mayor econom\u00eda europea ya ha tocado suelo y est\u00e1 en v\u00edas de recuperaci\u00f3n, aunque no trazar\u00e1 una marcada forma de V, sino que m\u00e1s bien parece que ser\u00e1 lenta y, sobre todo, desigual. El \u00edndice ha trepado a 92,6 puntos en agosto, desde los 90,4 previos. Por otro lado, se espera que el d\u00e9ficit vaya decreciendo con la mejora econ\u00f3mica del pa\u00eds. Las valoraciones dependen mucho del sector. En un extremo est\u00e1n los servicios, que mejoran claramente su valoraci\u00f3n tanto del presente como del futuro a seis meses. En el extremo contrario se encuentran el comercio, especialmente en el mayorista, y la construcci\u00f3n, donde mejora la percepci\u00f3n del presente pero se mantiene el pesimismo con respecto al futuro. Y a medio camino queda la industria, que percibe en general la situaci\u00f3n actual mucho mejor que hace un mes porque las expectativas y pedidos aumentan, aunque a\u00fan muchas empresas valoran como negativo el entorno presente. &nbsp;<\/p>\n","protected":false},"author":20,"featured_media":39447,"comment_status":"open","ping_status":"open","sticky":false,"template":"","format":"standard","meta":{"_FSMCFIC_featured_image_caption":"","_FSMCFIC_featured_image_nocaption":"","_FSMCFIC_featured_image_hide":"","footnotes":""},"categories":[806],"tags":[1809,875],"class_list":["post-39459","post","type-post","status-publish","format-standard","has-post-thumbnail","hentry","category-punts-claus-del-dia-es","tag-deficit-fiscal","tag-europa-es"],"yoast_head":"<!-- This site is optimized with the Yoast SEO plugin v26.8 - https:\/\/yoast.com\/product\/yoast-seo-wordpress\/ -->\n<title>El d\u00e9ficit alem\u00e1n se dispara - Converses a Catalunya<\/title>\n<meta name=\"description\" content=\"La Destatis anunci\u00f3 ayer datos preocupantes sobre la salud econ\u00f3mica de Alemania, poniendo la atenci\u00f3n en el crecimiento del d\u00e9ficit alem\u00e1n\" \/>\n<meta name=\"robots\" content=\"index, follow, max-snippet:-1, max-image-preview:large, max-video-preview:-1\" \/>\n<link rel=\"canonical\" href=\"https:\/\/conversesacatalunya.cat\/es\/el-deficit-aleman-se-dispara\/\" \/>\n<meta property=\"og:locale\" content=\"es_ES\" \/>\n<meta property=\"og:type\" content=\"article\" \/>\n<meta property=\"og:title\" content=\"El d\u00e9ficit alem\u00e1n se dispara - Converses a Catalunya\" \/>\n<meta property=\"og:description\" content=\"La Destatis anunci\u00f3 ayer datos preocupantes sobre la salud econ\u00f3mica de Alemania, poniendo la atenci\u00f3n en el crecimiento del d\u00e9ficit alem\u00e1n\" \/>\n<meta property=\"og:url\" content=\"https:\/\/conversesacatalunya.cat\/es\/el-deficit-aleman-se-dispara\/\" \/>\n<meta property=\"og:site_name\" content=\"Converses a Catalunya\" \/>\n<meta property=\"article:published_time\" content=\"2020-08-26T05:42:24+00:00\" \/>\n<meta property=\"article:modified_time\" content=\"2020-08-26T12:16:35+00:00\" \/>\n<meta property=\"og:image\" content=\"https:\/\/conversesacatalunya.cat\/wp-content\/uploads\/2020\/08\/Capture-6.png\" \/>\n\t<meta property=\"og:image:width\" content=\"1209\" \/>\n\t<meta property=\"og:image:height\" content=\"736\" \/>\n\t<meta property=\"og:image:type\" content=\"image\/png\" \/>\n<meta name=\"author\" content=\"conversesacatalunya\" \/>\n<meta name=\"twitter:card\" content=\"summary_large_image\" \/>\n<meta name=\"twitter:label1\" content=\"Escrito por\" \/>\n\t<meta name=\"twitter:data1\" content=\"conversesacatalunya\" \/>\n\t<meta name=\"twitter:label2\" content=\"Tiempo de lectura\" \/>\n\t<meta name=\"twitter:data2\" content=\"3 minutos\" \/>\n<script type=\"application\/ld+json\" class=\"yoast-schema-graph\">{\"@context\":\"https:\/\/schema.org\",\"@graph\":[{\"@type\":\"Article\",\"@id\":\"https:\/\/conversesacatalunya.cat\/es\/el-deficit-aleman-se-dispara\/#article\",\"isPartOf\":{\"@id\":\"https:\/\/conversesacatalunya.cat\/es\/el-deficit-aleman-se-dispara\/\"},\"author\":{\"name\":\"conversesacatalunya\",\"@id\":\"https:\/\/conversesacatalunya.cat\/#\/schema\/person\/a7a9496a363cd9847daf7cd659d92e64\"},\"headline\":\"El d\u00e9ficit alem\u00e1n se dispara\",\"datePublished\":\"2020-08-26T05:42:24+00:00\",\"dateModified\":\"2020-08-26T12:16:35+00:00\",\"mainEntityOfPage\":{\"@id\":\"https:\/\/conversesacatalunya.cat\/es\/el-deficit-aleman-se-dispara\/\"},\"wordCount\":546,\"commentCount\":0,\"image\":{\"@id\":\"https:\/\/conversesacatalunya.cat\/es\/el-deficit-aleman-se-dispara\/#primaryimage\"},\"thumbnailUrl\":\"https:\/\/conversesacatalunya.cat\/wp-content\/uploads\/2020\/08\/Capture-6.png\",\"keywords\":[\"D\u00e9ficit fiscal\",\"Europa\"],\"articleSection\":[\"Punts clau del dia (ES)\"],\"inLanguage\":\"es\",\"potentialAction\":[{\"@type\":\"CommentAction\",\"name\":\"Comment\",\"target\":[\"https:\/\/conversesacatalunya.cat\/es\/el-deficit-aleman-se-dispara\/#respond\"]}]},{\"@type\":\"WebPage\",\"@id\":\"https:\/\/conversesacatalunya.cat\/es\/el-deficit-aleman-se-dispara\/\",\"url\":\"https:\/\/conversesacatalunya.cat\/es\/el-deficit-aleman-se-dispara\/\",\"name\":\"El d\u00e9ficit alem\u00e1n se dispara - Converses a Catalunya\",\"isPartOf\":{\"@id\":\"https:\/\/conversesacatalunya.cat\/#website\"},\"primaryImageOfPage\":{\"@id\":\"https:\/\/conversesacatalunya.cat\/es\/el-deficit-aleman-se-dispara\/#primaryimage\"},\"image\":{\"@id\":\"https:\/\/conversesacatalunya.cat\/es\/el-deficit-aleman-se-dispara\/#primaryimage\"},\"thumbnailUrl\":\"https:\/\/conversesacatalunya.cat\/wp-content\/uploads\/2020\/08\/Capture-6.png\",\"datePublished\":\"2020-08-26T05:42:24+00:00\",\"dateModified\":\"2020-08-26T12:16:35+00:00\",\"author\":{\"@id\":\"https:\/\/conversesacatalunya.cat\/#\/schema\/person\/a7a9496a363cd9847daf7cd659d92e64\"},\"description\":\"La Destatis anunci\u00f3 ayer datos preocupantes sobre la salud econ\u00f3mica de Alemania, poniendo la atenci\u00f3n en el crecimiento del d\u00e9ficit alem\u00e1n\",\"breadcrumb\":{\"@id\":\"https:\/\/conversesacatalunya.cat\/es\/el-deficit-aleman-se-dispara\/#breadcrumb\"},\"inLanguage\":\"es\",\"potentialAction\":[{\"@type\":\"ReadAction\",\"target\":[\"https:\/\/conversesacatalunya.cat\/es\/el-deficit-aleman-se-dispara\/\"]}]},{\"@type\":\"ImageObject\",\"inLanguage\":\"es\",\"@id\":\"https:\/\/conversesacatalunya.cat\/es\/el-deficit-aleman-se-dispara\/#primaryimage\",\"url\":\"https:\/\/conversesacatalunya.cat\/wp-content\/uploads\/2020\/08\/Capture-6.png\",\"contentUrl\":\"https:\/\/conversesacatalunya.cat\/wp-content\/uploads\/2020\/08\/Capture-6.png\",\"width\":1209,\"height\":736,\"caption\":\"D\u00e8ficit\"},{\"@type\":\"BreadcrumbList\",\"@id\":\"https:\/\/conversesacatalunya.cat\/es\/el-deficit-aleman-se-dispara\/#breadcrumb\",\"itemListElement\":[{\"@type\":\"ListItem\",\"position\":1,\"name\":\"Inici\",\"item\":\"https:\/\/conversesacatalunya.cat\/es\/\"},{\"@type\":\"ListItem\",\"position\":2,\"name\":\"El d\u00e9ficit alem\u00e1n se dispara\"}]},{\"@type\":\"WebSite\",\"@id\":\"https:\/\/conversesacatalunya.cat\/#website\",\"url\":\"https:\/\/conversesacatalunya.cat\/\",\"name\":\"Converses a Catalunya\",\"description\":\"\",\"potentialAction\":[{\"@type\":\"SearchAction\",\"target\":{\"@type\":\"EntryPoint\",\"urlTemplate\":\"https:\/\/conversesacatalunya.cat\/?s={search_term_string}\"},\"query-input\":{\"@type\":\"PropertyValueSpecification\",\"valueRequired\":true,\"valueName\":\"search_term_string\"}}],\"inLanguage\":\"es\"},{\"@type\":\"Person\",\"@id\":\"https:\/\/conversesacatalunya.cat\/#\/schema\/person\/a7a9496a363cd9847daf7cd659d92e64\",\"name\":\"conversesacatalunya\",\"image\":{\"@type\":\"ImageObject\",\"inLanguage\":\"es\",\"@id\":\"https:\/\/conversesacatalunya.cat\/#\/schema\/person\/image\/\",\"url\":\"https:\/\/conversesacatalunya.cat\/wp-content\/litespeed\/avatar\/ff91582b44ff9c880dc9c5ac2f5c7e89.jpg?ver=1777372947\",\"contentUrl\":\"https:\/\/conversesacatalunya.cat\/wp-content\/litespeed\/avatar\/ff91582b44ff9c880dc9c5ac2f5c7e89.jpg?ver=1777372947\",\"caption\":\"conversesacatalunya\"},\"url\":\"https:\/\/conversesacatalunya.cat\/es\/author\/francisco_garcia\/\"}]}<\/script>\n<!-- \/ Yoast SEO plugin. -->","yoast_head_json":{"title":"El d\u00e9ficit alem\u00e1n se dispara - Converses a Catalunya","description":"La Destatis anunci\u00f3 ayer datos preocupantes sobre la salud econ\u00f3mica de Alemania, poniendo la atenci\u00f3n en el crecimiento del d\u00e9ficit alem\u00e1n","robots":{"index":"index","follow":"follow","max-snippet":"max-snippet:-1","max-image-preview":"max-image-preview:large","max-video-preview":"max-video-preview:-1"},"canonical":"https:\/\/conversesacatalunya.cat\/es\/el-deficit-aleman-se-dispara\/","og_locale":"es_ES","og_type":"article","og_title":"El d\u00e9ficit alem\u00e1n se dispara - Converses a Catalunya","og_description":"La Destatis anunci\u00f3 ayer datos preocupantes sobre la salud econ\u00f3mica de Alemania, poniendo la atenci\u00f3n en el crecimiento del d\u00e9ficit alem\u00e1n","og_url":"https:\/\/conversesacatalunya.cat\/es\/el-deficit-aleman-se-dispara\/","og_site_name":"Converses a Catalunya","article_published_time":"2020-08-26T05:42:24+00:00","article_modified_time":"2020-08-26T12:16:35+00:00","og_image":[{"width":1209,"height":736,"url":"https:\/\/conversesacatalunya.cat\/wp-content\/uploads\/2020\/08\/Capture-6.png","type":"image\/png"}],"author":"conversesacatalunya","twitter_card":"summary_large_image","twitter_misc":{"Escrito por":"conversesacatalunya","Tiempo de lectura":"3 minutos"},"schema":{"@context":"https:\/\/schema.org","@graph":[{"@type":"Article","@id":"https:\/\/conversesacatalunya.cat\/es\/el-deficit-aleman-se-dispara\/#article","isPartOf":{"@id":"https:\/\/conversesacatalunya.cat\/es\/el-deficit-aleman-se-dispara\/"},"author":{"name":"conversesacatalunya","@id":"https:\/\/conversesacatalunya.cat\/#\/schema\/person\/a7a9496a363cd9847daf7cd659d92e64"},"headline":"El d\u00e9ficit alem\u00e1n se dispara","datePublished":"2020-08-26T05:42:24+00:00","dateModified":"2020-08-26T12:16:35+00:00","mainEntityOfPage":{"@id":"https:\/\/conversesacatalunya.cat\/es\/el-deficit-aleman-se-dispara\/"},"wordCount":546,"commentCount":0,"image":{"@id":"https:\/\/conversesacatalunya.cat\/es\/el-deficit-aleman-se-dispara\/#primaryimage"},"thumbnailUrl":"https:\/\/conversesacatalunya.cat\/wp-content\/uploads\/2020\/08\/Capture-6.png","keywords":["D\u00e9ficit fiscal","Europa"],"articleSection":["Punts clau del dia (ES)"],"inLanguage":"es","potentialAction":[{"@type":"CommentAction","name":"Comment","target":["https:\/\/conversesacatalunya.cat\/es\/el-deficit-aleman-se-dispara\/#respond"]}]},{"@type":"WebPage","@id":"https:\/\/conversesacatalunya.cat\/es\/el-deficit-aleman-se-dispara\/","url":"https:\/\/conversesacatalunya.cat\/es\/el-deficit-aleman-se-dispara\/","name":"El d\u00e9ficit alem\u00e1n se dispara - Converses a Catalunya","isPartOf":{"@id":"https:\/\/conversesacatalunya.cat\/#website"},"primaryImageOfPage":{"@id":"https:\/\/conversesacatalunya.cat\/es\/el-deficit-aleman-se-dispara\/#primaryimage"},"image":{"@id":"https:\/\/conversesacatalunya.cat\/es\/el-deficit-aleman-se-dispara\/#primaryimage"},"thumbnailUrl":"https:\/\/conversesacatalunya.cat\/wp-content\/uploads\/2020\/08\/Capture-6.png","datePublished":"2020-08-26T05:42:24+00:00","dateModified":"2020-08-26T12:16:35+00:00","author":{"@id":"https:\/\/conversesacatalunya.cat\/#\/schema\/person\/a7a9496a363cd9847daf7cd659d92e64"},"description":"La Destatis anunci\u00f3 ayer datos preocupantes sobre la salud econ\u00f3mica de Alemania, poniendo la atenci\u00f3n en el crecimiento del d\u00e9ficit alem\u00e1n","breadcrumb":{"@id":"https:\/\/conversesacatalunya.cat\/es\/el-deficit-aleman-se-dispara\/#breadcrumb"},"inLanguage":"es","potentialAction":[{"@type":"ReadAction","target":["https:\/\/conversesacatalunya.cat\/es\/el-deficit-aleman-se-dispara\/"]}]},{"@type":"ImageObject","inLanguage":"es","@id":"https:\/\/conversesacatalunya.cat\/es\/el-deficit-aleman-se-dispara\/#primaryimage","url":"https:\/\/conversesacatalunya.cat\/wp-content\/uploads\/2020\/08\/Capture-6.png","contentUrl":"https:\/\/conversesacatalunya.cat\/wp-content\/uploads\/2020\/08\/Capture-6.png","width":1209,"height":736,"caption":"D\u00e8ficit"},{"@type":"BreadcrumbList","@id":"https:\/\/conversesacatalunya.cat\/es\/el-deficit-aleman-se-dispara\/#breadcrumb","itemListElement":[{"@type":"ListItem","position":1,"name":"Inici","item":"https:\/\/conversesacatalunya.cat\/es\/"},{"@type":"ListItem","position":2,"name":"El d\u00e9ficit alem\u00e1n se dispara"}]},{"@type":"WebSite","@id":"https:\/\/conversesacatalunya.cat\/#website","url":"https:\/\/conversesacatalunya.cat\/","name":"Converses a Catalunya","description":"","potentialAction":[{"@type":"SearchAction","target":{"@type":"EntryPoint","urlTemplate":"https:\/\/conversesacatalunya.cat\/?s={search_term_string}"},"query-input":{"@type":"PropertyValueSpecification","valueRequired":true,"valueName":"search_term_string"}}],"inLanguage":"es"},{"@type":"Person","@id":"https:\/\/conversesacatalunya.cat\/#\/schema\/person\/a7a9496a363cd9847daf7cd659d92e64","name":"conversesacatalunya","image":{"@type":"ImageObject","inLanguage":"es","@id":"https:\/\/conversesacatalunya.cat\/#\/schema\/person\/image\/","url":"https:\/\/conversesacatalunya.cat\/wp-content\/litespeed\/avatar\/ff91582b44ff9c880dc9c5ac2f5c7e89.jpg?ver=1777372947","contentUrl":"https:\/\/conversesacatalunya.cat\/wp-content\/litespeed\/avatar\/ff91582b44ff9c880dc9c5ac2f5c7e89.jpg?ver=1777372947","caption":"conversesacatalunya"},"url":"https:\/\/conversesacatalunya.cat\/es\/author\/francisco_garcia\/"}]}},"wps_subtitle":"La Destatis anunci\u00f3 ayer datos preocupantes sobre la salud econ\u00f3mica de Alemania, poniendo la atenci\u00f3n en el crecimiento del d\u00e9ficit","_links":{"self":[{"href":"https:\/\/conversesacatalunya.cat\/es\/wp-json\/wp\/v2\/posts\/39459","targetHints":{"allow":["GET"]}}],"collection":[{"href":"https:\/\/conversesacatalunya.cat\/es\/wp-json\/wp\/v2\/posts"}],"about":[{"href":"https:\/\/conversesacatalunya.cat\/es\/wp-json\/wp\/v2\/types\/post"}],"author":[{"embeddable":true,"href":"https:\/\/conversesacatalunya.cat\/es\/wp-json\/wp\/v2\/users\/20"}],"replies":[{"embeddable":true,"href":"https:\/\/conversesacatalunya.cat\/es\/wp-json\/wp\/v2\/comments?post=39459"}],"version-history":[{"count":2,"href":"https:\/\/conversesacatalunya.cat\/es\/wp-json\/wp\/v2\/posts\/39459\/revisions"}],"predecessor-version":[{"id":39461,"href":"https:\/\/conversesacatalunya.cat\/es\/wp-json\/wp\/v2\/posts\/39459\/revisions\/39461"}],"wp:featuredmedia":[{"embeddable":true,"href":"https:\/\/conversesacatalunya.cat\/es\/wp-json\/wp\/v2\/media\/39447"}],"wp:attachment":[{"href":"https:\/\/conversesacatalunya.cat\/es\/wp-json\/wp\/v2\/media?parent=39459"}],"wp:term":[{"taxonomy":"category","embeddable":true,"href":"https:\/\/conversesacatalunya.cat\/es\/wp-json\/wp\/v2\/categories?post=39459"},{"taxonomy":"post_tag","embeddable":true,"href":"https:\/\/conversesacatalunya.cat\/es\/wp-json\/wp\/v2\/tags?post=39459"}],"curies":[{"name":"wp","href":"https:\/\/api.w.org\/{rel}","templated":true}]}}