{"id":39428,"date":"2020-08-25T12:42:12","date_gmt":"2020-08-25T10:42:12","guid":{"rendered":"https:\/\/conversesacatalunya.cat\/mes-de-6-400-empreses-contracten-persones-en-risc-dexclusio\/"},"modified":"2020-08-25T13:00:04","modified_gmt":"2020-08-25T11:00:04","slug":"mas-de-6-400-empresss-contratan-personas-en-riesgo-de-exclusion","status":"publish","type":"post","link":"https:\/\/conversesacatalunya.cat\/es\/mas-de-6-400-empresss-contratan-personas-en-riesgo-de-exclusion\/","title":{"rendered":"M\u00e1s de 6.400 empresas contratan personas en riesgo de exclusi\u00f3n"},"content":{"rendered":"<p><span>M\u00e1s de 1.700 empresas catalanas socialmente responsables han hecho 4.698 contrataciones a trav\u00e9s de la red de 136 entidades sociales de Incorpora en el territorio, en lo que llevamos de 2020.<\/span><\/p>\n<p><strong><span><span class=\"goog-text-highlight\">En el conjunto del Estado, m\u00e1s de 6.400 empresas han dado un paso adelante a trav\u00e9s de Incorpora<\/span><\/span><\/strong><span><span class=\"goog-text-highlight\">, el programa de inserci\u00f3n sociolaboral de la Fundaci\u00f3n \u00abla Caixa\u00bb, y no s\u00f3lo han continuado contratando despu\u00e9s de la llegada de la pandemia de la Covid-19 en Espa\u00f1a, sino que tambi\u00e9n han continuado dando trabajo a personas en riesgo de exclusi\u00f3n social, que a su vez son las m\u00e1s vulnerables ante la crisis derivada del coronavirus.<\/span><\/span><\/p>\n<p><span><span class=\"\">En total, Incorpora ha facilitado\u00a0<\/span><\/span><strong><span><span class=\"\">16.195 contrataciones<\/span><\/span><\/strong><span><span class=\"\">, la mayor\u00eda para trabajos de primera necesidad en el contexto del estado de alarma decretado de marzo a junio de este a\u00f1o.\u00a0<\/span>Esto ha sido posible gracias a las 6.473 empresas y a trav\u00e9s de las 406 entidades sociales que forman parte de la red Incorpora.<\/span><\/p>\n<div id=\"attachment_39421\" class=\"wp-caption alignright\"><img fetchpriority=\"high\" decoding=\"async\" class=\"size-medium wp-image-39421 ls-is-cached lazyloaded\" src=\"https:\/\/conversesacatalunya.cat\/wp-content\/uploads\/2020\/08\/Incorpora-1-300x200.jpg\" sizes=\"(max-width: 300px) 100vw, 300px\" srcset=\"https:\/\/conversesacatalunya.cat\/wp-content\/uploads\/2020\/08\/Incorpora-1-300x200.jpg 300w, https:\/\/conversesacatalunya.cat\/wp-content\/uploads\/2020\/08\/Incorpora-1-1024x682.jpg 1024w, https:\/\/conversesacatalunya.cat\/wp-content\/uploads\/2020\/08\/Incorpora-1-1536x1023.jpg 1536w, https:\/\/conversesacatalunya.cat\/wp-content\/uploads\/2020\/08\/Incorpora-1-2048x1364.jpg 2048w\" alt=\"\" width=\"300\" height=\"200\" aria-describedby=\"caption-attachment-39421\" data-srcset=\"https:\/\/conversesacatalunya.cat\/wp-content\/uploads\/2020\/08\/Incorpora-1-300x200.jpg 300w, https:\/\/conversesacatalunya.cat\/wp-content\/uploads\/2020\/08\/Incorpora-1-1024x682.jpg 1024w, https:\/\/conversesacatalunya.cat\/wp-content\/uploads\/2020\/08\/Incorpora-1-1536x1023.jpg 1536w, https:\/\/conversesacatalunya.cat\/wp-content\/uploads\/2020\/08\/Incorpora-1-2048x1364.jpg 2048w\" data-src=\"https:\/\/conversesacatalunya.cat\/wp-content\/uploads\/2020\/08\/Incorpora-1-300x200.jpg\" data-sizes=\"(max-width: 300px) 100vw, 300px\" \/><\/p>\n<p id=\"caption-attachment-39421\" class=\"wp-caption-text\"><span>Incorpora, el programa de inserci\u00f3n sociolaboral de la Fundaci\u00f3n \u00abla Caixa\u00bb, ya ha facilitado 4.698 contrataciones en Catalu\u00f1a, la mayor parte de ellas para puestos de trabajo de primera necesidad.<\/span><\/p>\n<\/div>\n<p><span>Ante la crisis del coronavirus, Incorpora redobl\u00f3 sus esfuerzos para dar una respuesta inmediata a las necesidades de acci\u00f3n social.\u00a0El programa ofrece a las empresas un\u00a0<\/span><strong><span>servicio gratuito de asesoramiento y acompa\u00f1amiento en acciones de responsabilidad social<\/span><\/strong><span>\u00a0para facilitar la integraci\u00f3n laboral de personas con discapacidad o en situaci\u00f3n de vulnerabilidad, como j\u00f3venes en riesgo de exclusi\u00f3n, v\u00edctimas de violencia de g\u00e9nero, parados de larga duraci\u00f3n y ex reclusos, entre otros.<\/span><\/p>\n<p><strong><span>\u00abLas empresas son agentes de cambio claves para el progreso social.\u00a0Desde Incorpora, cada vez son m\u00e1s las compa\u00f1\u00edas socialmente responsables que dan un paso adelante para brindar oportunidades a los que\u00a0<\/span><\/strong><strong><span>m\u00e1s lo necesitan \u00bb, explic\u00f3 el director general de la Fundaci\u00f3n\u00bb la Caixa \u00ab, Antoni Vila.<\/span><\/strong><\/p>\n<p><span>As\u00ed, las empresas tienen acceso a una bolsa de trabajo de candidatos que han recibido una preparaci\u00f3n espec\u00edfica para los trabajos que se ofrecen. En la\u00a0<\/span><strong><span>red Incorpora, formada por 406 entidades sociales,<\/span><\/strong><span> trabajan m\u00e1s de 1.054 t\u00e9cnicos de inserci\u00f3n sociolaboral de Incorpora, figuras esenciales para la atenci\u00f3n <\/span><span>personalizada que proporcionan a los usuarios. Este proceso, que el coronavirus ha obligado a adaptar al teletrabajo, va desde la prospecci\u00f3n de empresas hasta el seguimiento del proceso de formaci\u00f3n, el acompa\u00f1amiento laboral, la soluci\u00f3n de los posibles conflictos que pueden surgir en el marco de la <\/span><span>relaci\u00f3n laboral, y el fomento de la adhesi\u00f3n de nuevas empresas al programa.<\/span><\/p>\n<p><span>El objetivo de Incorpora es que las personas sean\u00a0<\/span><strong><span>agentes de su propio cambio para salir de situaciones dif\u00edciles, centr\u00e1ndose en el empleo como forma de inserci\u00f3n social.<\/span><\/strong><span>\u00a0Por ello, construye puentes entre las empresas y las entidades sociales que se dedican a la integraci\u00f3n laboral, con el fin de crear un clima de entendimiento y colaboraci\u00f3n entre ambas partes que redunde en oportunidades para las personas que m\u00e1s lo necesitan.<\/span><\/p>\n<p><strong><span>La paralizaci\u00f3n de sectores como la hosteler\u00eda y la restauraci\u00f3n<\/span><\/strong><span>, as\u00ed como el aumento de las cifras del paro, se contraponen al aumento de la demanda de personal en servicios esenciales, tales como el sector sociosanitario; los servicios auxiliares, entre los que destacan la limpieza y los servicios integrales de edificios; el sector agrario, para las campa\u00f1as de recogida de fruta y verdura, y el comercio, especialmente el alimentario, al por menor y al por mayor.<\/span><\/p>\n<p><span>As\u00ed, personas en situaci\u00f3n de alto riesgo de exclusi\u00f3n se han convertido en trabajadores esenciales llevando a cabo\u00a0<\/span><strong><span>tareas en primera l\u00ednea de la respuesta a la pandemia:<\/span><\/strong><span>\u00a0personal en hospitales y residencias de ancianos, personal de limpieza o auxiliares de enfermer\u00eda y geriatr\u00eda, y t\u00e9cnicos auxiliares de farmacia y de emergencias sanitarias;\u00a0personal en tiendas de productos de primera necesidad, vendedores, mozos de almac\u00e9n y reponedores, y peones agr\u00edcolas.<\/span><\/p>\n<p><span>Hace catorce a\u00f1os que la Fundaci\u00f3n \u00abla Caixa\u00bb trabaja para la inserci\u00f3n sociolaboral desde Incorpora.\u00a0El\u00a0<\/span><strong><span>2019<\/span><\/strong><span>\u00a0, facilit\u00f3 un total de\u00a0<\/span><strong><span>36.803 puestos de trabajo a personas vulnerables, ante los 32.609 del 2018, lo que supone un aumento de m\u00e1s del 13%.<\/span><\/strong><\/p>\n<p><span>Por otra parte, a trav\u00e9s de su l\u00ednea de autoempleo, Incorpora apoya a personas en situaci\u00f3n de vulnerabilidad para crear su propia microempresa, y en la situaci\u00f3n actual, intensifica la respuesta a las consultas de los emprendedores.\u00a0<\/span><strong><span>El 2019, se crearon 1.356 nuevas microempresas.<\/span><\/strong><\/p>\n<p style=\"text-align: center;\"><a href=\"https:\/\/conversesacatalunya.cat\/es\/coronavirus\/\" target=\"_blank\" rel=\"noopener noreferrer\"><strong>M\u00e1s informaci\u00f3n ESPECIAL CORONAVIRUS<\/strong><\/a><\/p>\n<span class='bctt-click-to-tweet'><span class='bctt-ctt-text'><a href='https:\/\/twitter.com\/intent\/tweet?url=https%3A%2F%2Fconversesacatalunya.cat%2Fes%2Fmas-de-6-400-empresss-contratan-personas-en-riesgo-de-exclusion%2F&#038;text=El%20objetivo%20de%20Incorpora%20es%20que%20las%20personas%20sean%20agentes%20de%20su%20propio%20cambio%20para%20salir%20de%20situaciones%20dif%C3%ADciles%2C%20centr%C3%A1ndose%20en%20el%20empleo%20como%20forma%20de%20inserci%C3%B3n%20social&#038;via=conversesacat&#038;related=conversesacat' target='_blank'rel=\"noopener noreferrer\">El objetivo de Incorpora es que las personas sean agentes de su propio cambio para salir de situaciones dif\u00edciles, centr\u00e1ndose en el empleo como forma de inserci\u00f3n social <\/a><\/span><a href='https:\/\/twitter.com\/intent\/tweet?url=https%3A%2F%2Fconversesacatalunya.cat%2Fes%2Fmas-de-6-400-empresss-contratan-personas-en-riesgo-de-exclusion%2F&#038;text=El%20objetivo%20de%20Incorpora%20es%20que%20las%20personas%20sean%20agentes%20de%20su%20propio%20cambio%20para%20salir%20de%20situaciones%20dif%C3%ADciles%2C%20centr%C3%A1ndose%20en%20el%20empleo%20como%20forma%20de%20inserci%C3%B3n%20social&#038;via=conversesacat&#038;related=conversesacat' target='_blank' class='bctt-ctt-btn'rel=\"noopener noreferrer\">Compartir en X<\/a><\/span>\n<div id=\"polls-64\" class=\"wp-polls\">\n\t<form id=\"polls_form_64\" class=\"wp-polls-form\" action=\"\/index.php\" method=\"post\">\n\t\t<p style=\"display: none;\"><input type=\"hidden\" id=\"poll_64_nonce\" name=\"wp-polls-nonce\" value=\"6265b86d02\" \/><\/p>\n\t\t<p style=\"display: none;\"><input type=\"hidden\" name=\"poll_id\" value=\"64\" \/><\/p>\n\t\t<p style=\"display: none;\"><input type=\"hidden\" id=\"poll_multiple_ans_64\" name=\"poll_multiple_ans_64\" value=\"2\" \/><\/p>\n\t\t<p style=\"text-align: center\"><strong>Enguany, on passareu o heu passat les vacances d'estiu?<\/strong><\/p><div id=\"polls-64-ans\" class=\"wp-polls-ans\"><ul class=\"wp-polls-ul\">\n\t\t<li><input type=\"checkbox\" id=\"poll-answer-136\" name=\"poll_64\" value=\"136\" \/> <label for=\"poll-answer-136\">A casa<\/label><\/li>\n\t\t<li><input type=\"checkbox\" id=\"poll-answer-137\" name=\"poll_64\" value=\"137\" \/> <label for=\"poll-answer-137\">A Catalunya<\/label><\/li>\n\t\t<li><input type=\"checkbox\" id=\"poll-answer-138\" name=\"poll_64\" value=\"138\" \/> <label for=\"poll-answer-138\">A Espanya<\/label><\/li>\n\t\t<li><input type=\"checkbox\" id=\"poll-answer-139\" name=\"poll_64\" value=\"139\" \/> <label for=\"poll-answer-139\">A l'estranger<\/label><\/li>\n\t\t<\/ul><p style=\"text-align: center\"><input type=\"button\" name=\"vote\" value=\"   Vota   \" class=\"Buttons\" onclick=\"poll_vote(64);\" \/><\/p><p style=\"text-align: center\"><a href=\"#ViewPollResults\" onclick=\"poll_result(64); return false;\" title=\"View Results Of This Poll\">Mira els resultats<\/a><\/p><\/div>\n\t<\/form>\n<\/div>\n<div id=\"polls-64-loading\" class=\"wp-polls-loading\"><img decoding=\"async\" data-src=\"https:\/\/conversesacatalunya.cat\/wp-content\/plugins\/wp-polls\/images\/loading.gif\" width=\"16\" height=\"16\" alt=\"Cargando ...\" title=\"Cargando ...\" class=\"wp-polls-image lazyload\" src=\"data:image\/svg+xml;base64,PHN2ZyB3aWR0aD0iMSIgaGVpZ2h0PSIxIiB4bWxucz0iaHR0cDovL3d3dy53My5vcmcvMjAwMC9zdmciPjwvc3ZnPg==\" style=\"--smush-placeholder-width: 16px; --smush-placeholder-aspect-ratio: 16\/16;\" \/>&nbsp;Cargando ...<\/div>\n\n<p>&nbsp;<\/p>\n","protected":false},"excerpt":{"rendered":"<p>M\u00e1s de 1.700 empresas catalanas socialmente responsables han hecho 4.698 contrataciones a trav\u00e9s de la red de 136 entidades sociales de Incorpora en el territorio, en lo que llevamos de 2020. En el conjunto del Estado, m\u00e1s de 6.400 empresas han dado un paso adelante a trav\u00e9s de Incorpora, el programa de inserci\u00f3n sociolaboral de la Fundaci\u00f3n \u00abla Caixa\u00bb, y no s\u00f3lo han continuado contratando despu\u00e9s de la llegada de la pandemia de la Covid-19 en Espa\u00f1a, sino que tambi\u00e9n han continuado dando trabajo a personas en riesgo de exclusi\u00f3n social, que a su vez son las m\u00e1s vulnerables ante la crisis derivada del coronavirus. En total, Incorpora ha facilitado\u00a016.195 contrataciones, la mayor\u00eda para trabajos de primera necesidad en el contexto del estado de alarma decretado de marzo a junio de este a\u00f1o.\u00a0Esto ha sido posible gracias a las 6.473 empresas y a trav\u00e9s de las 406 entidades sociales que forman parte de la red Incorpora. Incorpora, el programa de inserci\u00f3n sociolaboral de la Fundaci\u00f3n \u00abla Caixa\u00bb, ya ha facilitado 4.698 contrataciones en Catalu\u00f1a, la mayor parte de ellas para puestos de trabajo de primera necesidad. Ante la crisis del coronavirus, Incorpora redobl\u00f3 sus esfuerzos para dar una respuesta inmediata a las necesidades de acci\u00f3n social.\u00a0El programa ofrece a las empresas un\u00a0servicio gratuito de asesoramiento y acompa\u00f1amiento en acciones de responsabilidad social\u00a0para facilitar la integraci\u00f3n laboral de personas con discapacidad o en situaci\u00f3n de vulnerabilidad, como j\u00f3venes en riesgo de exclusi\u00f3n, v\u00edctimas de violencia de g\u00e9nero, parados de larga duraci\u00f3n y ex reclusos, entre otros. \u00abLas empresas son agentes de cambio claves para el progreso social.\u00a0Desde Incorpora, cada vez son m\u00e1s las compa\u00f1\u00edas socialmente responsables que dan un paso adelante para brindar oportunidades a los que\u00a0m\u00e1s lo necesitan \u00bb, explic\u00f3 el director general de la Fundaci\u00f3n\u00bb la Caixa \u00ab, Antoni Vila. As\u00ed, las empresas tienen acceso a una bolsa de trabajo de candidatos que han recibido una preparaci\u00f3n espec\u00edfica para los trabajos que se ofrecen. En la\u00a0red Incorpora, formada por 406 entidades sociales, trabajan m\u00e1s de 1.054 t\u00e9cnicos de inserci\u00f3n sociolaboral de Incorpora, figuras esenciales para la atenci\u00f3n personalizada que proporcionan a los usuarios. Este proceso, que el coronavirus ha obligado a adaptar al teletrabajo, va desde la prospecci\u00f3n de empresas hasta el seguimiento del proceso de formaci\u00f3n, el acompa\u00f1amiento laboral, la soluci\u00f3n de los posibles conflictos que pueden surgir en el marco de la relaci\u00f3n laboral, y el fomento de la adhesi\u00f3n de nuevas empresas al programa. El objetivo de Incorpora es que las personas sean\u00a0agentes de su propio cambio para salir de situaciones dif\u00edciles, centr\u00e1ndose en el empleo como forma de inserci\u00f3n social.\u00a0Por ello, construye puentes entre las empresas y las entidades sociales que se dedican a la integraci\u00f3n laboral, con el fin de crear un clima de entendimiento y colaboraci\u00f3n entre ambas partes que redunde en oportunidades para las personas que m\u00e1s lo necesitan. La paralizaci\u00f3n de sectores como la hosteler\u00eda y la restauraci\u00f3n, as\u00ed como el aumento de las cifras del paro, se contraponen al aumento de la demanda de personal en servicios esenciales, tales como el sector sociosanitario; los servicios auxiliares, entre los que destacan la limpieza y los servicios integrales de edificios; el sector agrario, para las campa\u00f1as de recogida de fruta y verdura, y el comercio, especialmente el alimentario, al por menor y al por mayor. As\u00ed, personas en situaci\u00f3n de alto riesgo de exclusi\u00f3n se han convertido en trabajadores esenciales llevando a cabo\u00a0tareas en primera l\u00ednea de la respuesta a la pandemia:\u00a0personal en hospitales y residencias de ancianos, personal de limpieza o auxiliares de enfermer\u00eda y geriatr\u00eda, y t\u00e9cnicos auxiliares de farmacia y de emergencias sanitarias;\u00a0personal en tiendas de productos de primera necesidad, vendedores, mozos de almac\u00e9n y reponedores, y peones agr\u00edcolas. Hace catorce a\u00f1os que la Fundaci\u00f3n \u00abla Caixa\u00bb trabaja para la inserci\u00f3n sociolaboral desde Incorpora.\u00a0El\u00a02019\u00a0, facilit\u00f3 un total de\u00a036.803 puestos de trabajo a personas vulnerables, ante los 32.609 del 2018, lo que supone un aumento de m\u00e1s del 13%. Por otra parte, a trav\u00e9s de su l\u00ednea de autoempleo, Incorpora apoya a personas en situaci\u00f3n de vulnerabilidad para crear su propia microempresa, y en la situaci\u00f3n actual, intensifica la respuesta a las consultas de los emprendedores.\u00a0El 2019, se crearon 1.356 nuevas microempresas. M\u00e1s informaci\u00f3n ESPECIAL CORONAVIRUS &nbsp;<\/p>\n","protected":false},"author":3,"featured_media":39425,"comment_status":"open","ping_status":"open","sticky":false,"template":"","format":"standard","meta":{"_FSMCFIC_featured_image_caption":"","_FSMCFIC_featured_image_nocaption":"","_FSMCFIC_featured_image_hide":"","footnotes":""},"categories":[1772,805],"tags":[1913,2704,2865],"class_list":["post-39428","post","type-post","status-publish","format-standard","has-post-thumbnail","hentry","category-especial-coronavirus-es","category-projecte-cultural-es","tag-covid-19-es","tag-fundacion-la-caixa","tag-insercion-social"],"yoast_head":"<!-- This site is optimized with the Yoast SEO plugin v26.8 - https:\/\/yoast.com\/product\/yoast-seo-wordpress\/ -->\n<title>M\u00e1s de 6.400 empresas contratan personas en riesgo de exclusi\u00f3n - Converses a Catalunya<\/title>\n<meta name=\"description\" content=\"El objetivo de Incorpora es que las personas sean\u00a0agentes de su propio cambio para salir de situaciones dif\u00edciles, como forma de inserci\u00f3n social\" \/>\n<meta name=\"robots\" content=\"index, follow, max-snippet:-1, max-image-preview:large, max-video-preview:-1\" \/>\n<link rel=\"canonical\" href=\"https:\/\/conversesacatalunya.cat\/es\/mas-de-6-400-empresss-contratan-personas-en-riesgo-de-exclusion\/\" \/>\n<meta property=\"og:locale\" content=\"es_ES\" \/>\n<meta property=\"og:type\" content=\"article\" \/>\n<meta property=\"og:title\" content=\"M\u00e1s de 6.400 empresas contratan personas en riesgo de exclusi\u00f3n - Converses a Catalunya\" \/>\n<meta property=\"og:description\" content=\"El objetivo de Incorpora es que las personas sean\u00a0agentes de su propio cambio para salir de situaciones dif\u00edciles, como forma de inserci\u00f3n social\" \/>\n<meta property=\"og:url\" content=\"https:\/\/conversesacatalunya.cat\/es\/mas-de-6-400-empresss-contratan-personas-en-riesgo-de-exclusion\/\" \/>\n<meta property=\"og:site_name\" content=\"Converses a Catalunya\" \/>\n<meta property=\"article:published_time\" content=\"2020-08-25T10:42:12+00:00\" \/>\n<meta property=\"article:modified_time\" content=\"2020-08-25T11:00:04+00:00\" \/>\n<meta property=\"og:image\" content=\"https:\/\/conversesacatalunya.cat\/wp-content\/uploads\/2020\/08\/Incorpora-scaled.jpg\" \/>\n\t<meta property=\"og:image:width\" content=\"2560\" \/>\n\t<meta property=\"og:image:height\" content=\"1701\" \/>\n\t<meta property=\"og:image:type\" content=\"image\/jpeg\" \/>\n<meta name=\"author\" content=\"conversesacatalunya\" \/>\n<meta name=\"twitter:card\" content=\"summary_large_image\" \/>\n<meta name=\"twitter:label1\" content=\"Escrito por\" \/>\n\t<meta name=\"twitter:data1\" content=\"conversesacatalunya\" \/>\n\t<meta name=\"twitter:label2\" content=\"Tiempo de lectura\" \/>\n\t<meta name=\"twitter:data2\" content=\"4 minutos\" \/>\n<script type=\"application\/ld+json\" class=\"yoast-schema-graph\">{\"@context\":\"https:\/\/schema.org\",\"@graph\":[{\"@type\":\"Article\",\"@id\":\"https:\/\/conversesacatalunya.cat\/es\/mas-de-6-400-empresss-contratan-personas-en-riesgo-de-exclusion\/#article\",\"isPartOf\":{\"@id\":\"https:\/\/conversesacatalunya.cat\/es\/mas-de-6-400-empresss-contratan-personas-en-riesgo-de-exclusion\/\"},\"author\":{\"name\":\"conversesacatalunya\",\"@id\":\"https:\/\/conversesacatalunya.cat\/#\/schema\/person\/982274792508d804a0821b413c9ac076\"},\"headline\":\"M\u00e1s de 6.400 empresas contratan personas en riesgo de exclusi\u00f3n\",\"datePublished\":\"2020-08-25T10:42:12+00:00\",\"dateModified\":\"2020-08-25T11:00:04+00:00\",\"mainEntityOfPage\":{\"@id\":\"https:\/\/conversesacatalunya.cat\/es\/mas-de-6-400-empresss-contratan-personas-en-riesgo-de-exclusion\/\"},\"wordCount\":823,\"commentCount\":0,\"image\":{\"@id\":\"https:\/\/conversesacatalunya.cat\/es\/mas-de-6-400-empresss-contratan-personas-en-riesgo-de-exclusion\/#primaryimage\"},\"thumbnailUrl\":\"https:\/\/conversesacatalunya.cat\/wp-content\/uploads\/2020\/08\/Incorpora-scaled.jpg\",\"keywords\":[\"Covid-19\",\"Fundaci\u00f3n \\\"la Caixa\\\"\",\"inserci\u00f3n social\"],\"articleSection\":[\"Especial Coronavirus (ES)\",\"Projecte cultural (ES)\"],\"inLanguage\":\"es\",\"potentialAction\":[{\"@type\":\"CommentAction\",\"name\":\"Comment\",\"target\":[\"https:\/\/conversesacatalunya.cat\/es\/mas-de-6-400-empresss-contratan-personas-en-riesgo-de-exclusion\/#respond\"]}]},{\"@type\":\"WebPage\",\"@id\":\"https:\/\/conversesacatalunya.cat\/es\/mas-de-6-400-empresss-contratan-personas-en-riesgo-de-exclusion\/\",\"url\":\"https:\/\/conversesacatalunya.cat\/es\/mas-de-6-400-empresss-contratan-personas-en-riesgo-de-exclusion\/\",\"name\":\"M\u00e1s de 6.400 empresas contratan personas en riesgo de exclusi\u00f3n - Converses a Catalunya\",\"isPartOf\":{\"@id\":\"https:\/\/conversesacatalunya.cat\/#website\"},\"primaryImageOfPage\":{\"@id\":\"https:\/\/conversesacatalunya.cat\/es\/mas-de-6-400-empresss-contratan-personas-en-riesgo-de-exclusion\/#primaryimage\"},\"image\":{\"@id\":\"https:\/\/conversesacatalunya.cat\/es\/mas-de-6-400-empresss-contratan-personas-en-riesgo-de-exclusion\/#primaryimage\"},\"thumbnailUrl\":\"https:\/\/conversesacatalunya.cat\/wp-content\/uploads\/2020\/08\/Incorpora-scaled.jpg\",\"datePublished\":\"2020-08-25T10:42:12+00:00\",\"dateModified\":\"2020-08-25T11:00:04+00:00\",\"author\":{\"@id\":\"https:\/\/conversesacatalunya.cat\/#\/schema\/person\/982274792508d804a0821b413c9ac076\"},\"description\":\"El objetivo de Incorpora es que las personas sean\u00a0agentes de su propio cambio para salir de situaciones dif\u00edciles, como forma de inserci\u00f3n social\",\"breadcrumb\":{\"@id\":\"https:\/\/conversesacatalunya.cat\/es\/mas-de-6-400-empresss-contratan-personas-en-riesgo-de-exclusion\/#breadcrumb\"},\"inLanguage\":\"es\",\"potentialAction\":[{\"@type\":\"ReadAction\",\"target\":[\"https:\/\/conversesacatalunya.cat\/es\/mas-de-6-400-empresss-contratan-personas-en-riesgo-de-exclusion\/\"]}]},{\"@type\":\"ImageObject\",\"inLanguage\":\"es\",\"@id\":\"https:\/\/conversesacatalunya.cat\/es\/mas-de-6-400-empresss-contratan-personas-en-riesgo-de-exclusion\/#primaryimage\",\"url\":\"https:\/\/conversesacatalunya.cat\/wp-content\/uploads\/2020\/08\/Incorpora-scaled.jpg\",\"contentUrl\":\"https:\/\/conversesacatalunya.cat\/wp-content\/uploads\/2020\/08\/Incorpora-scaled.jpg\",\"width\":2560,\"height\":1701},{\"@type\":\"BreadcrumbList\",\"@id\":\"https:\/\/conversesacatalunya.cat\/es\/mas-de-6-400-empresss-contratan-personas-en-riesgo-de-exclusion\/#breadcrumb\",\"itemListElement\":[{\"@type\":\"ListItem\",\"position\":1,\"name\":\"Inici\",\"item\":\"https:\/\/conversesacatalunya.cat\/es\/\"},{\"@type\":\"ListItem\",\"position\":2,\"name\":\"M\u00e1s de 6.400 empresas contratan personas en riesgo de exclusi\u00f3n\"}]},{\"@type\":\"WebSite\",\"@id\":\"https:\/\/conversesacatalunya.cat\/#website\",\"url\":\"https:\/\/conversesacatalunya.cat\/\",\"name\":\"Converses a Catalunya\",\"description\":\"\",\"potentialAction\":[{\"@type\":\"SearchAction\",\"target\":{\"@type\":\"EntryPoint\",\"urlTemplate\":\"https:\/\/conversesacatalunya.cat\/?s={search_term_string}\"},\"query-input\":{\"@type\":\"PropertyValueSpecification\",\"valueRequired\":true,\"valueName\":\"search_term_string\"}}],\"inLanguage\":\"es\"},{\"@type\":\"Person\",\"@id\":\"https:\/\/conversesacatalunya.cat\/#\/schema\/person\/982274792508d804a0821b413c9ac076\",\"name\":\"conversesacatalunya\",\"image\":{\"@type\":\"ImageObject\",\"inLanguage\":\"es\",\"@id\":\"https:\/\/conversesacatalunya.cat\/#\/schema\/person\/image\/\",\"url\":\"https:\/\/conversesacatalunya.cat\/wp-content\/litespeed\/avatar\/f04b47eeffd9637c7cf7869e217fb9ec.jpg?ver=1777370077\",\"contentUrl\":\"https:\/\/conversesacatalunya.cat\/wp-content\/litespeed\/avatar\/f04b47eeffd9637c7cf7869e217fb9ec.jpg?ver=1777370077\",\"caption\":\"conversesacatalunya\"},\"url\":\"https:\/\/conversesacatalunya.cat\/es\/author\/muntsa_escola\/\"}]}<\/script>\n<!-- \/ Yoast SEO plugin. -->","yoast_head_json":{"title":"M\u00e1s de 6.400 empresas contratan personas en riesgo de exclusi\u00f3n - Converses a Catalunya","description":"El objetivo de Incorpora es que las personas sean\u00a0agentes de su propio cambio para salir de situaciones dif\u00edciles, como forma de inserci\u00f3n social","robots":{"index":"index","follow":"follow","max-snippet":"max-snippet:-1","max-image-preview":"max-image-preview:large","max-video-preview":"max-video-preview:-1"},"canonical":"https:\/\/conversesacatalunya.cat\/es\/mas-de-6-400-empresss-contratan-personas-en-riesgo-de-exclusion\/","og_locale":"es_ES","og_type":"article","og_title":"M\u00e1s de 6.400 empresas contratan personas en riesgo de exclusi\u00f3n - Converses a Catalunya","og_description":"El objetivo de Incorpora es que las personas sean\u00a0agentes de su propio cambio para salir de situaciones dif\u00edciles, como forma de inserci\u00f3n social","og_url":"https:\/\/conversesacatalunya.cat\/es\/mas-de-6-400-empresss-contratan-personas-en-riesgo-de-exclusion\/","og_site_name":"Converses a Catalunya","article_published_time":"2020-08-25T10:42:12+00:00","article_modified_time":"2020-08-25T11:00:04+00:00","og_image":[{"width":2560,"height":1701,"url":"https:\/\/conversesacatalunya.cat\/wp-content\/uploads\/2020\/08\/Incorpora-scaled.jpg","type":"image\/jpeg"}],"author":"conversesacatalunya","twitter_card":"summary_large_image","twitter_misc":{"Escrito por":"conversesacatalunya","Tiempo de lectura":"4 minutos"},"schema":{"@context":"https:\/\/schema.org","@graph":[{"@type":"Article","@id":"https:\/\/conversesacatalunya.cat\/es\/mas-de-6-400-empresss-contratan-personas-en-riesgo-de-exclusion\/#article","isPartOf":{"@id":"https:\/\/conversesacatalunya.cat\/es\/mas-de-6-400-empresss-contratan-personas-en-riesgo-de-exclusion\/"},"author":{"name":"conversesacatalunya","@id":"https:\/\/conversesacatalunya.cat\/#\/schema\/person\/982274792508d804a0821b413c9ac076"},"headline":"M\u00e1s de 6.400 empresas contratan personas en riesgo de exclusi\u00f3n","datePublished":"2020-08-25T10:42:12+00:00","dateModified":"2020-08-25T11:00:04+00:00","mainEntityOfPage":{"@id":"https:\/\/conversesacatalunya.cat\/es\/mas-de-6-400-empresss-contratan-personas-en-riesgo-de-exclusion\/"},"wordCount":823,"commentCount":0,"image":{"@id":"https:\/\/conversesacatalunya.cat\/es\/mas-de-6-400-empresss-contratan-personas-en-riesgo-de-exclusion\/#primaryimage"},"thumbnailUrl":"https:\/\/conversesacatalunya.cat\/wp-content\/uploads\/2020\/08\/Incorpora-scaled.jpg","keywords":["Covid-19","Fundaci\u00f3n \"la Caixa\"","inserci\u00f3n social"],"articleSection":["Especial Coronavirus (ES)","Projecte cultural (ES)"],"inLanguage":"es","potentialAction":[{"@type":"CommentAction","name":"Comment","target":["https:\/\/conversesacatalunya.cat\/es\/mas-de-6-400-empresss-contratan-personas-en-riesgo-de-exclusion\/#respond"]}]},{"@type":"WebPage","@id":"https:\/\/conversesacatalunya.cat\/es\/mas-de-6-400-empresss-contratan-personas-en-riesgo-de-exclusion\/","url":"https:\/\/conversesacatalunya.cat\/es\/mas-de-6-400-empresss-contratan-personas-en-riesgo-de-exclusion\/","name":"M\u00e1s de 6.400 empresas contratan personas en riesgo de exclusi\u00f3n - Converses a Catalunya","isPartOf":{"@id":"https:\/\/conversesacatalunya.cat\/#website"},"primaryImageOfPage":{"@id":"https:\/\/conversesacatalunya.cat\/es\/mas-de-6-400-empresss-contratan-personas-en-riesgo-de-exclusion\/#primaryimage"},"image":{"@id":"https:\/\/conversesacatalunya.cat\/es\/mas-de-6-400-empresss-contratan-personas-en-riesgo-de-exclusion\/#primaryimage"},"thumbnailUrl":"https:\/\/conversesacatalunya.cat\/wp-content\/uploads\/2020\/08\/Incorpora-scaled.jpg","datePublished":"2020-08-25T10:42:12+00:00","dateModified":"2020-08-25T11:00:04+00:00","author":{"@id":"https:\/\/conversesacatalunya.cat\/#\/schema\/person\/982274792508d804a0821b413c9ac076"},"description":"El objetivo de Incorpora es que las personas sean\u00a0agentes de su propio cambio para salir de situaciones dif\u00edciles, como forma de inserci\u00f3n social","breadcrumb":{"@id":"https:\/\/conversesacatalunya.cat\/es\/mas-de-6-400-empresss-contratan-personas-en-riesgo-de-exclusion\/#breadcrumb"},"inLanguage":"es","potentialAction":[{"@type":"ReadAction","target":["https:\/\/conversesacatalunya.cat\/es\/mas-de-6-400-empresss-contratan-personas-en-riesgo-de-exclusion\/"]}]},{"@type":"ImageObject","inLanguage":"es","@id":"https:\/\/conversesacatalunya.cat\/es\/mas-de-6-400-empresss-contratan-personas-en-riesgo-de-exclusion\/#primaryimage","url":"https:\/\/conversesacatalunya.cat\/wp-content\/uploads\/2020\/08\/Incorpora-scaled.jpg","contentUrl":"https:\/\/conversesacatalunya.cat\/wp-content\/uploads\/2020\/08\/Incorpora-scaled.jpg","width":2560,"height":1701},{"@type":"BreadcrumbList","@id":"https:\/\/conversesacatalunya.cat\/es\/mas-de-6-400-empresss-contratan-personas-en-riesgo-de-exclusion\/#breadcrumb","itemListElement":[{"@type":"ListItem","position":1,"name":"Inici","item":"https:\/\/conversesacatalunya.cat\/es\/"},{"@type":"ListItem","position":2,"name":"M\u00e1s de 6.400 empresas contratan personas en riesgo de exclusi\u00f3n"}]},{"@type":"WebSite","@id":"https:\/\/conversesacatalunya.cat\/#website","url":"https:\/\/conversesacatalunya.cat\/","name":"Converses a Catalunya","description":"","potentialAction":[{"@type":"SearchAction","target":{"@type":"EntryPoint","urlTemplate":"https:\/\/conversesacatalunya.cat\/?s={search_term_string}"},"query-input":{"@type":"PropertyValueSpecification","valueRequired":true,"valueName":"search_term_string"}}],"inLanguage":"es"},{"@type":"Person","@id":"https:\/\/conversesacatalunya.cat\/#\/schema\/person\/982274792508d804a0821b413c9ac076","name":"conversesacatalunya","image":{"@type":"ImageObject","inLanguage":"es","@id":"https:\/\/conversesacatalunya.cat\/#\/schema\/person\/image\/","url":"https:\/\/conversesacatalunya.cat\/wp-content\/litespeed\/avatar\/f04b47eeffd9637c7cf7869e217fb9ec.jpg?ver=1777370077","contentUrl":"https:\/\/conversesacatalunya.cat\/wp-content\/litespeed\/avatar\/f04b47eeffd9637c7cf7869e217fb9ec.jpg?ver=1777370077","caption":"conversesacatalunya"},"url":"https:\/\/conversesacatalunya.cat\/es\/author\/muntsa_escola\/"}]}},"wps_subtitle":"A trav\u00e9s d'Incorpora de la Fundaci\u00f3n \"la Caixa\"","_links":{"self":[{"href":"https:\/\/conversesacatalunya.cat\/es\/wp-json\/wp\/v2\/posts\/39428","targetHints":{"allow":["GET"]}}],"collection":[{"href":"https:\/\/conversesacatalunya.cat\/es\/wp-json\/wp\/v2\/posts"}],"about":[{"href":"https:\/\/conversesacatalunya.cat\/es\/wp-json\/wp\/v2\/types\/post"}],"author":[{"embeddable":true,"href":"https:\/\/conversesacatalunya.cat\/es\/wp-json\/wp\/v2\/users\/3"}],"replies":[{"embeddable":true,"href":"https:\/\/conversesacatalunya.cat\/es\/wp-json\/wp\/v2\/comments?post=39428"}],"version-history":[{"count":3,"href":"https:\/\/conversesacatalunya.cat\/es\/wp-json\/wp\/v2\/posts\/39428\/revisions"}],"predecessor-version":[{"id":39431,"href":"https:\/\/conversesacatalunya.cat\/es\/wp-json\/wp\/v2\/posts\/39428\/revisions\/39431"}],"wp:featuredmedia":[{"embeddable":true,"href":"https:\/\/conversesacatalunya.cat\/es\/wp-json\/wp\/v2\/media\/39425"}],"wp:attachment":[{"href":"https:\/\/conversesacatalunya.cat\/es\/wp-json\/wp\/v2\/media?parent=39428"}],"wp:term":[{"taxonomy":"category","embeddable":true,"href":"https:\/\/conversesacatalunya.cat\/es\/wp-json\/wp\/v2\/categories?post=39428"},{"taxonomy":"post_tag","embeddable":true,"href":"https:\/\/conversesacatalunya.cat\/es\/wp-json\/wp\/v2\/tags?post=39428"}],"curies":[{"name":"wp","href":"https:\/\/api.w.org\/{rel}","templated":true}]}}