{"id":39345,"date":"2020-08-21T09:09:07","date_gmt":"2020-08-21T07:09:07","guid":{"rendered":"https:\/\/conversesacatalunya.cat\/es-dispara-el-problema-dels-okupes\/"},"modified":"2020-08-21T10:22:56","modified_gmt":"2020-08-21T08:22:56","slug":"se-dispara-el-problema-de-los-okupas","status":"publish","type":"post","link":"https:\/\/conversesacatalunya.cat\/es\/se-dispara-el-problema-de-los-okupas\/","title":{"rendered":"Se dispara el problema de los okupas"},"content":{"rendered":"<p>Uno de los problemas crecientes en Barcelona, \u200b\u200by cada vez m\u00e1s en el conjunto de Catalu\u00f1a, es el de <strong>las ocupaciones<\/strong>. Estas han pasado en el transcurso de los a\u00f1os por <strong>tres fases sucesivas<\/strong>. La primera, la hist\u00f3rica, se trataba de <strong>ocupaciones pol\u00edticas<\/strong> por personas motivadas ideol\u00f3gicamente que denunciaban el sistema capitalista, la propiedad privada de la vivienda y sus carencias.<\/p>\n<p>La gran crisis de 2008 y la ola de desahucios <strong>generaron un nuevo tipo de ocupaci\u00f3n<\/strong>\u00a0que se a\u00f1ad\u00eda a la anterior. Se trataba de familias enteras que pasaban a ocupar una vivienda o un bloque de pisos donde no habitaba nadie y de esta manera consegu\u00edan recuperar, aunque en condiciones precarias, <strong>un lugar donde vivir<\/strong>. Pero, progresivamente, esta ocupaci\u00f3n de segunda fase, llam\u00e9mosle social, <strong>ha dado lugar a otra claramente delictiva<\/strong> a caballo entre lo social y el chantaje para abandonar el edificio ocupado. En este caso, son grupos organizados que ocupan hogares y piden dinero para abandonarlos o bien los subcontratan ilegalmente a familias que lo necesitan. Esta pr\u00e1ctica se ha ido extendiendo porque el negocio es claro y presenta escasos riesgos, ya que la legislaci\u00f3n existente ofrece muchas garant\u00edas a quien ha hecho la ocupaci\u00f3n, muy pocas al propietario, y adem\u00e1s no hay sanciones de car\u00e1cter penal. Por tanto, se puede cobrar dinero sin pr\u00e1cticamente riesgo.<\/p>\n<p>La gravedad del problema se ha multiplicado por dos razones. La primera, porque ya no se limitan a ocupaciones de viviendas sin residentes, sino que aprovechan oportunidades para introducirse en hogares donde vive gente que, por las circunstancias que sean, no se encuentran durante unos d\u00edas en su casa. La raz\u00f3n es evidente: si ocupan espacios vac\u00edos de una empresa, por ejemplo, evidentemente no pueden chantajear al propietario a cambio de irse, porque \u00e9ste lo deja en manos del juzgado y no tiene una urgencia especial para resolverlo. La segunda es que las ocupaciones, que van madurando en su estrategia, han visto una gran oportunidad en las segundas residencias de la costa, numerosas y vac\u00edas, con viviendas en muchos casos de calidad que les permiten instalarse y, a partir de un momento dado, cuando el propietario las reclama, exigirles dinero. Este hecho, y otro diferente, pero que incide sobre el mismo sector, el de los robos, est\u00e1n creando una situaci\u00f3n de alarma generalizada. S\u00f3lo en el Camp de Tarragona los Mossos tienen constancia de <strong>954 entradas ilegales en 5 meses<\/strong>, m\u00e1s de 180 al mes, <strong>6 cada d\u00eda<\/strong>, y esto en un territorio tan reducido como es dicha comarca. Detr\u00e1s de este problema hay una legislaci\u00f3n inadecuada.<\/p>\n<p><strong>Ciudadanos ha anunciado que presenta una ley antiocupa<\/strong> que reforma el C\u00f3digo Penal, la ley de enjuiciamiento criminal y la ley de r\u00e9gimen local a fin de hacer m\u00e1s f\u00e1cil la desocupaci\u00f3n endureciendo el delito de usurpaci\u00f3n y agilizando las expulsiones ilegales. Hay que ver si esta ley prospera, dado que Podemos es un defensor ac\u00e9rrimo de las ocupaciones y el PSOE de S\u00e1nchez no parece estar demasiado dispuesto a dar esta batalla. Detr\u00e1s de toda esta cuesti\u00f3n, en la que se mezclan estrategias pol\u00edticas, necesidades sociales y delincuencia cruda y pelada, hay una profunda injusticia. Puede entenderse que los gobiernos tengan recelos en actuaciones r\u00e1pidas y contundentes contra la ocupaci\u00f3n porque una buena parte de los casos son fruto de la necesidad social. Pero esta necesidad nace del incumplimiento estructural del gobierno espa\u00f1ol, los auton\u00f3micos y los grandes municipios de poner en el mercado viviendas sociales en la cantidad necesaria. Lo que no puede ser es que esta deficiencia de la administraci\u00f3n termine transform\u00e1ndose en una generosa interpretaci\u00f3n de lo que es usurpar el bien de otro por un criterio social. <strong>No son las personas<\/strong> que pagan impuestos, tambi\u00e9n por sus viviendas, las que aleatoriamente y al margen de su voluntad, <strong>deben resolver la cuesti\u00f3n<\/strong> a sus expensas, sino las administraciones p\u00fablicas otorgando los servicios a aquellos que lo necesitan y garantizando que <strong>los que quieren sacar provecho<\/strong> de manera injusta ser\u00e1n tratados de forma expeditiva.<\/p>\n","protected":false},"excerpt":{"rendered":"<p>Uno de los problemas crecientes en Barcelona, \u200b\u200by cada vez m\u00e1s en el conjunto de Catalu\u00f1a, es el de las ocupaciones. Estas han pasado en el transcurso de los a\u00f1os por tres fases sucesivas. La primera, la hist\u00f3rica, se trataba de ocupaciones pol\u00edticas por personas motivadas ideol\u00f3gicamente que denunciaban el sistema capitalista, la propiedad privada de la vivienda y sus carencias. La gran crisis de 2008 y la ola de desahucios generaron un nuevo tipo de ocupaci\u00f3n\u00a0que se a\u00f1ad\u00eda a la anterior. Se trataba de familias enteras que pasaban a ocupar una vivienda o un bloque de pisos donde no habitaba nadie y de esta manera consegu\u00edan recuperar, aunque en condiciones precarias, un lugar donde vivir. Pero, progresivamente, esta ocupaci\u00f3n de segunda fase, llam\u00e9mosle social, ha dado lugar a otra claramente delictiva a caballo entre lo social y el chantaje para abandonar el edificio ocupado. En este caso, son grupos organizados que ocupan hogares y piden dinero para abandonarlos o bien los subcontratan ilegalmente a familias que lo necesitan. Esta pr\u00e1ctica se ha ido extendiendo porque el negocio es claro y presenta escasos riesgos, ya que la legislaci\u00f3n existente ofrece muchas garant\u00edas a quien ha hecho la ocupaci\u00f3n, muy pocas al propietario, y adem\u00e1s no hay sanciones de car\u00e1cter penal. Por tanto, se puede cobrar dinero sin pr\u00e1cticamente riesgo. La gravedad del problema se ha multiplicado por dos razones. La primera, porque ya no se limitan a ocupaciones de viviendas sin residentes, sino que aprovechan oportunidades para introducirse en hogares donde vive gente que, por las circunstancias que sean, no se encuentran durante unos d\u00edas en su casa. La raz\u00f3n es evidente: si ocupan espacios vac\u00edos de una empresa, por ejemplo, evidentemente no pueden chantajear al propietario a cambio de irse, porque \u00e9ste lo deja en manos del juzgado y no tiene una urgencia especial para resolverlo. La segunda es que las ocupaciones, que van madurando en su estrategia, han visto una gran oportunidad en las segundas residencias de la costa, numerosas y vac\u00edas, con viviendas en muchos casos de calidad que les permiten instalarse y, a partir de un momento dado, cuando el propietario las reclama, exigirles dinero. Este hecho, y otro diferente, pero que incide sobre el mismo sector, el de los robos, est\u00e1n creando una situaci\u00f3n de alarma generalizada. S\u00f3lo en el Camp de Tarragona los Mossos tienen constancia de 954 entradas ilegales en 5 meses, m\u00e1s de 180 al mes, 6 cada d\u00eda, y esto en un territorio tan reducido como es dicha comarca. Detr\u00e1s de este problema hay una legislaci\u00f3n inadecuada. Ciudadanos ha anunciado que presenta una ley antiocupa que reforma el C\u00f3digo Penal, la ley de enjuiciamiento criminal y la ley de r\u00e9gimen local a fin de hacer m\u00e1s f\u00e1cil la desocupaci\u00f3n endureciendo el delito de usurpaci\u00f3n y agilizando las expulsiones ilegales. Hay que ver si esta ley prospera, dado que Podemos es un defensor ac\u00e9rrimo de las ocupaciones y el PSOE de S\u00e1nchez no parece estar demasiado dispuesto a dar esta batalla. Detr\u00e1s de toda esta cuesti\u00f3n, en la que se mezclan estrategias pol\u00edticas, necesidades sociales y delincuencia cruda y pelada, hay una profunda injusticia. Puede entenderse que los gobiernos tengan recelos en actuaciones r\u00e1pidas y contundentes contra la ocupaci\u00f3n porque una buena parte de los casos son fruto de la necesidad social. Pero esta necesidad nace del incumplimiento estructural del gobierno espa\u00f1ol, los auton\u00f3micos y los grandes municipios de poner en el mercado viviendas sociales en la cantidad necesaria. Lo que no puede ser es que esta deficiencia de la administraci\u00f3n termine transform\u00e1ndose en una generosa interpretaci\u00f3n de lo que es usurpar el bien de otro por un criterio social. No son las personas que pagan impuestos, tambi\u00e9n por sus viviendas, las que aleatoriamente y al margen de su voluntad, deben resolver la cuesti\u00f3n a sus expensas, sino las administraciones p\u00fablicas otorgando los servicios a aquellos que lo necesitan y garantizando que los que quieren sacar provecho de manera injusta ser\u00e1n tratados de forma expeditiva.<\/p>\n","protected":false},"author":2,"featured_media":39337,"comment_status":"open","ping_status":"open","sticky":false,"template":"","format":"standard","meta":{"_FSMCFIC_featured_image_caption":"","_FSMCFIC_featured_image_nocaption":"","_FSMCFIC_featured_image_hide":"","footnotes":""},"categories":[806],"tags":[1026,1035],"class_list":["post-39345","post","type-post","status-publish","format-standard","has-post-thumbnail","hentry","category-punts-claus-del-dia-es","tag-habitatge-es","tag-vivienda"],"yoast_head":"<!-- This site is optimized with the Yoast SEO plugin v26.8 - https:\/\/yoast.com\/product\/yoast-seo-wordpress\/ -->\n<title>Se dispara el problema de los okupas - Converses a Catalunya<\/title>\n<meta name=\"robots\" content=\"index, follow, max-snippet:-1, max-image-preview:large, max-video-preview:-1\" \/>\n<link rel=\"canonical\" href=\"https:\/\/conversesacatalunya.cat\/es\/se-dispara-el-problema-de-los-okupas\/\" \/>\n<meta property=\"og:locale\" content=\"es_ES\" \/>\n<meta property=\"og:type\" content=\"article\" \/>\n<meta property=\"og:title\" content=\"Se dispara el problema de los okupas - Converses a Catalunya\" \/>\n<meta property=\"og:description\" content=\"Uno de los problemas crecientes en Barcelona, \u200b\u200by cada vez m\u00e1s en el conjunto de Catalu\u00f1a, es el de las ocupaciones. Estas han pasado en el transcurso de los a\u00f1os por tres fases sucesivas. La primera, la hist\u00f3rica, se trataba de ocupaciones pol\u00edticas por personas motivadas ideol\u00f3gicamente que denunciaban el sistema capitalista, la propiedad privada de la vivienda y sus carencias. La gran crisis de 2008 y la ola de desahucios generaron un nuevo tipo de ocupaci\u00f3n\u00a0que se a\u00f1ad\u00eda a la anterior. Se trataba de familias enteras que pasaban a ocupar una vivienda o un bloque de pisos donde no habitaba nadie y de esta manera consegu\u00edan recuperar, aunque en condiciones precarias, un lugar donde vivir. Pero, progresivamente, esta ocupaci\u00f3n de segunda fase, llam\u00e9mosle social, ha dado lugar a otra claramente delictiva a caballo entre lo social y el chantaje para abandonar el edificio ocupado. En este caso, son grupos organizados que ocupan hogares y piden dinero para abandonarlos o bien los subcontratan ilegalmente a familias que lo necesitan. Esta pr\u00e1ctica se ha ido extendiendo porque el negocio es claro y presenta escasos riesgos, ya que la legislaci\u00f3n existente ofrece muchas garant\u00edas a quien ha hecho la ocupaci\u00f3n, muy pocas al propietario, y adem\u00e1s no hay sanciones de car\u00e1cter penal. Por tanto, se puede cobrar dinero sin pr\u00e1cticamente riesgo. La gravedad del problema se ha multiplicado por dos razones. La primera, porque ya no se limitan a ocupaciones de viviendas sin residentes, sino que aprovechan oportunidades para introducirse en hogares donde vive gente que, por las circunstancias que sean, no se encuentran durante unos d\u00edas en su casa. La raz\u00f3n es evidente: si ocupan espacios vac\u00edos de una empresa, por ejemplo, evidentemente no pueden chantajear al propietario a cambio de irse, porque \u00e9ste lo deja en manos del juzgado y no tiene una urgencia especial para resolverlo. La segunda es que las ocupaciones, que van madurando en su estrategia, han visto una gran oportunidad en las segundas residencias de la costa, numerosas y vac\u00edas, con viviendas en muchos casos de calidad que les permiten instalarse y, a partir de un momento dado, cuando el propietario las reclama, exigirles dinero. Este hecho, y otro diferente, pero que incide sobre el mismo sector, el de los robos, est\u00e1n creando una situaci\u00f3n de alarma generalizada. S\u00f3lo en el Camp de Tarragona los Mossos tienen constancia de 954 entradas ilegales en 5 meses, m\u00e1s de 180 al mes, 6 cada d\u00eda, y esto en un territorio tan reducido como es dicha comarca. Detr\u00e1s de este problema hay una legislaci\u00f3n inadecuada. Ciudadanos ha anunciado que presenta una ley antiocupa que reforma el C\u00f3digo Penal, la ley de enjuiciamiento criminal y la ley de r\u00e9gimen local a fin de hacer m\u00e1s f\u00e1cil la desocupaci\u00f3n endureciendo el delito de usurpaci\u00f3n y agilizando las expulsiones ilegales. Hay que ver si esta ley prospera, dado que Podemos es un defensor ac\u00e9rrimo de las ocupaciones y el PSOE de S\u00e1nchez no parece estar demasiado dispuesto a dar esta batalla. Detr\u00e1s de toda esta cuesti\u00f3n, en la que se mezclan estrategias pol\u00edticas, necesidades sociales y delincuencia cruda y pelada, hay una profunda injusticia. Puede entenderse que los gobiernos tengan recelos en actuaciones r\u00e1pidas y contundentes contra la ocupaci\u00f3n porque una buena parte de los casos son fruto de la necesidad social. Pero esta necesidad nace del incumplimiento estructural del gobierno espa\u00f1ol, los auton\u00f3micos y los grandes municipios de poner en el mercado viviendas sociales en la cantidad necesaria. Lo que no puede ser es que esta deficiencia de la administraci\u00f3n termine transform\u00e1ndose en una generosa interpretaci\u00f3n de lo que es usurpar el bien de otro por un criterio social. No son las personas que pagan impuestos, tambi\u00e9n por sus viviendas, las que aleatoriamente y al margen de su voluntad, deben resolver la cuesti\u00f3n a sus expensas, sino las administraciones p\u00fablicas otorgando los servicios a aquellos que lo necesitan y garantizando que los que quieren sacar provecho de manera injusta ser\u00e1n tratados de forma expeditiva.\" \/>\n<meta property=\"og:url\" content=\"https:\/\/conversesacatalunya.cat\/es\/se-dispara-el-problema-de-los-okupas\/\" \/>\n<meta property=\"og:site_name\" content=\"Converses a Catalunya\" \/>\n<meta property=\"article:published_time\" content=\"2020-08-21T07:09:07+00:00\" \/>\n<meta property=\"article:modified_time\" content=\"2020-08-21T08:22:56+00:00\" \/>\n<meta property=\"og:image\" content=\"https:\/\/conversesacatalunya.cat\/wp-content\/uploads\/2020\/07\/okupes.jpg\" \/>\n\t<meta property=\"og:image:width\" content=\"450\" \/>\n\t<meta property=\"og:image:height\" content=\"255\" \/>\n\t<meta property=\"og:image:type\" content=\"image\/jpeg\" \/>\n<meta name=\"author\" content=\"conversesacatalunya\" \/>\n<meta name=\"twitter:card\" content=\"summary_large_image\" \/>\n<meta name=\"twitter:label1\" content=\"Escrito por\" \/>\n\t<meta name=\"twitter:data1\" content=\"conversesacatalunya\" \/>\n\t<meta name=\"twitter:label2\" content=\"Tiempo de lectura\" \/>\n\t<meta name=\"twitter:data2\" content=\"4 minutos\" \/>\n<script type=\"application\/ld+json\" class=\"yoast-schema-graph\">{\"@context\":\"https:\/\/schema.org\",\"@graph\":[{\"@type\":\"Article\",\"@id\":\"https:\/\/conversesacatalunya.cat\/es\/se-dispara-el-problema-de-los-okupas\/#article\",\"isPartOf\":{\"@id\":\"https:\/\/conversesacatalunya.cat\/es\/se-dispara-el-problema-de-los-okupas\/\"},\"author\":{\"name\":\"conversesacatalunya\",\"@id\":\"https:\/\/conversesacatalunya.cat\/#\/schema\/person\/7e24d1e54a2785373ddcb275eae5ed99\"},\"headline\":\"Se dispara el problema de los okupas\",\"datePublished\":\"2020-08-21T07:09:07+00:00\",\"dateModified\":\"2020-08-21T08:22:56+00:00\",\"mainEntityOfPage\":{\"@id\":\"https:\/\/conversesacatalunya.cat\/es\/se-dispara-el-problema-de-los-okupas\/\"},\"wordCount\":718,\"commentCount\":0,\"image\":{\"@id\":\"https:\/\/conversesacatalunya.cat\/es\/se-dispara-el-problema-de-los-okupas\/#primaryimage\"},\"thumbnailUrl\":\"https:\/\/conversesacatalunya.cat\/wp-content\/uploads\/2020\/07\/okupes.jpg\",\"keywords\":[\"Habitatge\",\"vivienda\"],\"articleSection\":[\"Punts clau del dia (ES)\"],\"inLanguage\":\"es\",\"potentialAction\":[{\"@type\":\"CommentAction\",\"name\":\"Comment\",\"target\":[\"https:\/\/conversesacatalunya.cat\/es\/se-dispara-el-problema-de-los-okupas\/#respond\"]}]},{\"@type\":\"WebPage\",\"@id\":\"https:\/\/conversesacatalunya.cat\/es\/se-dispara-el-problema-de-los-okupas\/\",\"url\":\"https:\/\/conversesacatalunya.cat\/es\/se-dispara-el-problema-de-los-okupas\/\",\"name\":\"Se dispara el problema de los okupas - Converses a Catalunya\",\"isPartOf\":{\"@id\":\"https:\/\/conversesacatalunya.cat\/#website\"},\"primaryImageOfPage\":{\"@id\":\"https:\/\/conversesacatalunya.cat\/es\/se-dispara-el-problema-de-los-okupas\/#primaryimage\"},\"image\":{\"@id\":\"https:\/\/conversesacatalunya.cat\/es\/se-dispara-el-problema-de-los-okupas\/#primaryimage\"},\"thumbnailUrl\":\"https:\/\/conversesacatalunya.cat\/wp-content\/uploads\/2020\/07\/okupes.jpg\",\"datePublished\":\"2020-08-21T07:09:07+00:00\",\"dateModified\":\"2020-08-21T08:22:56+00:00\",\"author\":{\"@id\":\"https:\/\/conversesacatalunya.cat\/#\/schema\/person\/7e24d1e54a2785373ddcb275eae5ed99\"},\"breadcrumb\":{\"@id\":\"https:\/\/conversesacatalunya.cat\/es\/se-dispara-el-problema-de-los-okupas\/#breadcrumb\"},\"inLanguage\":\"es\",\"potentialAction\":[{\"@type\":\"ReadAction\",\"target\":[\"https:\/\/conversesacatalunya.cat\/es\/se-dispara-el-problema-de-los-okupas\/\"]}]},{\"@type\":\"ImageObject\",\"inLanguage\":\"es\",\"@id\":\"https:\/\/conversesacatalunya.cat\/es\/se-dispara-el-problema-de-los-okupas\/#primaryimage\",\"url\":\"https:\/\/conversesacatalunya.cat\/wp-content\/uploads\/2020\/07\/okupes.jpg\",\"contentUrl\":\"https:\/\/conversesacatalunya.cat\/wp-content\/uploads\/2020\/07\/okupes.jpg\",\"width\":450,\"height\":255,\"caption\":\"okupes\"},{\"@type\":\"BreadcrumbList\",\"@id\":\"https:\/\/conversesacatalunya.cat\/es\/se-dispara-el-problema-de-los-okupas\/#breadcrumb\",\"itemListElement\":[{\"@type\":\"ListItem\",\"position\":1,\"name\":\"Inici\",\"item\":\"https:\/\/conversesacatalunya.cat\/es\/\"},{\"@type\":\"ListItem\",\"position\":2,\"name\":\"Se dispara el problema de los okupas\"}]},{\"@type\":\"WebSite\",\"@id\":\"https:\/\/conversesacatalunya.cat\/#website\",\"url\":\"https:\/\/conversesacatalunya.cat\/\",\"name\":\"Converses a Catalunya\",\"description\":\"\",\"potentialAction\":[{\"@type\":\"SearchAction\",\"target\":{\"@type\":\"EntryPoint\",\"urlTemplate\":\"https:\/\/conversesacatalunya.cat\/?s={search_term_string}\"},\"query-input\":{\"@type\":\"PropertyValueSpecification\",\"valueRequired\":true,\"valueName\":\"search_term_string\"}}],\"inLanguage\":\"es\"},{\"@type\":\"Person\",\"@id\":\"https:\/\/conversesacatalunya.cat\/#\/schema\/person\/7e24d1e54a2785373ddcb275eae5ed99\",\"name\":\"conversesacatalunya\",\"image\":{\"@type\":\"ImageObject\",\"inLanguage\":\"es\",\"@id\":\"https:\/\/conversesacatalunya.cat\/#\/schema\/person\/image\/\",\"url\":\"https:\/\/conversesacatalunya.cat\/wp-content\/litespeed\/avatar\/febdfeeec89d950f01c748045a981dd2.jpg?ver=1777314535\",\"contentUrl\":\"https:\/\/conversesacatalunya.cat\/wp-content\/litespeed\/avatar\/febdfeeec89d950f01c748045a981dd2.jpg?ver=1777314535\",\"caption\":\"conversesacatalunya\"},\"url\":\"https:\/\/conversesacatalunya.cat\/es\/author\/carme_catala\/\"}]}<\/script>\n<!-- \/ Yoast SEO plugin. -->","yoast_head_json":{"title":"Se dispara el problema de los okupas - Converses a Catalunya","robots":{"index":"index","follow":"follow","max-snippet":"max-snippet:-1","max-image-preview":"max-image-preview:large","max-video-preview":"max-video-preview:-1"},"canonical":"https:\/\/conversesacatalunya.cat\/es\/se-dispara-el-problema-de-los-okupas\/","og_locale":"es_ES","og_type":"article","og_title":"Se dispara el problema de los okupas - Converses a Catalunya","og_description":"Uno de los problemas crecientes en Barcelona, \u200b\u200by cada vez m\u00e1s en el conjunto de Catalu\u00f1a, es el de las ocupaciones. Estas han pasado en el transcurso de los a\u00f1os por tres fases sucesivas. La primera, la hist\u00f3rica, se trataba de ocupaciones pol\u00edticas por personas motivadas ideol\u00f3gicamente que denunciaban el sistema capitalista, la propiedad privada de la vivienda y sus carencias. La gran crisis de 2008 y la ola de desahucios generaron un nuevo tipo de ocupaci\u00f3n\u00a0que se a\u00f1ad\u00eda a la anterior. Se trataba de familias enteras que pasaban a ocupar una vivienda o un bloque de pisos donde no habitaba nadie y de esta manera consegu\u00edan recuperar, aunque en condiciones precarias, un lugar donde vivir. Pero, progresivamente, esta ocupaci\u00f3n de segunda fase, llam\u00e9mosle social, ha dado lugar a otra claramente delictiva a caballo entre lo social y el chantaje para abandonar el edificio ocupado. En este caso, son grupos organizados que ocupan hogares y piden dinero para abandonarlos o bien los subcontratan ilegalmente a familias que lo necesitan. Esta pr\u00e1ctica se ha ido extendiendo porque el negocio es claro y presenta escasos riesgos, ya que la legislaci\u00f3n existente ofrece muchas garant\u00edas a quien ha hecho la ocupaci\u00f3n, muy pocas al propietario, y adem\u00e1s no hay sanciones de car\u00e1cter penal. Por tanto, se puede cobrar dinero sin pr\u00e1cticamente riesgo. La gravedad del problema se ha multiplicado por dos razones. La primera, porque ya no se limitan a ocupaciones de viviendas sin residentes, sino que aprovechan oportunidades para introducirse en hogares donde vive gente que, por las circunstancias que sean, no se encuentran durante unos d\u00edas en su casa. La raz\u00f3n es evidente: si ocupan espacios vac\u00edos de una empresa, por ejemplo, evidentemente no pueden chantajear al propietario a cambio de irse, porque \u00e9ste lo deja en manos del juzgado y no tiene una urgencia especial para resolverlo. La segunda es que las ocupaciones, que van madurando en su estrategia, han visto una gran oportunidad en las segundas residencias de la costa, numerosas y vac\u00edas, con viviendas en muchos casos de calidad que les permiten instalarse y, a partir de un momento dado, cuando el propietario las reclama, exigirles dinero. Este hecho, y otro diferente, pero que incide sobre el mismo sector, el de los robos, est\u00e1n creando una situaci\u00f3n de alarma generalizada. S\u00f3lo en el Camp de Tarragona los Mossos tienen constancia de 954 entradas ilegales en 5 meses, m\u00e1s de 180 al mes, 6 cada d\u00eda, y esto en un territorio tan reducido como es dicha comarca. Detr\u00e1s de este problema hay una legislaci\u00f3n inadecuada. Ciudadanos ha anunciado que presenta una ley antiocupa que reforma el C\u00f3digo Penal, la ley de enjuiciamiento criminal y la ley de r\u00e9gimen local a fin de hacer m\u00e1s f\u00e1cil la desocupaci\u00f3n endureciendo el delito de usurpaci\u00f3n y agilizando las expulsiones ilegales. Hay que ver si esta ley prospera, dado que Podemos es un defensor ac\u00e9rrimo de las ocupaciones y el PSOE de S\u00e1nchez no parece estar demasiado dispuesto a dar esta batalla. Detr\u00e1s de toda esta cuesti\u00f3n, en la que se mezclan estrategias pol\u00edticas, necesidades sociales y delincuencia cruda y pelada, hay una profunda injusticia. Puede entenderse que los gobiernos tengan recelos en actuaciones r\u00e1pidas y contundentes contra la ocupaci\u00f3n porque una buena parte de los casos son fruto de la necesidad social. Pero esta necesidad nace del incumplimiento estructural del gobierno espa\u00f1ol, los auton\u00f3micos y los grandes municipios de poner en el mercado viviendas sociales en la cantidad necesaria. Lo que no puede ser es que esta deficiencia de la administraci\u00f3n termine transform\u00e1ndose en una generosa interpretaci\u00f3n de lo que es usurpar el bien de otro por un criterio social. No son las personas que pagan impuestos, tambi\u00e9n por sus viviendas, las que aleatoriamente y al margen de su voluntad, deben resolver la cuesti\u00f3n a sus expensas, sino las administraciones p\u00fablicas otorgando los servicios a aquellos que lo necesitan y garantizando que los que quieren sacar provecho de manera injusta ser\u00e1n tratados de forma expeditiva.","og_url":"https:\/\/conversesacatalunya.cat\/es\/se-dispara-el-problema-de-los-okupas\/","og_site_name":"Converses a Catalunya","article_published_time":"2020-08-21T07:09:07+00:00","article_modified_time":"2020-08-21T08:22:56+00:00","og_image":[{"width":450,"height":255,"url":"https:\/\/conversesacatalunya.cat\/wp-content\/uploads\/2020\/07\/okupes.jpg","type":"image\/jpeg"}],"author":"conversesacatalunya","twitter_card":"summary_large_image","twitter_misc":{"Escrito por":"conversesacatalunya","Tiempo de lectura":"4 minutos"},"schema":{"@context":"https:\/\/schema.org","@graph":[{"@type":"Article","@id":"https:\/\/conversesacatalunya.cat\/es\/se-dispara-el-problema-de-los-okupas\/#article","isPartOf":{"@id":"https:\/\/conversesacatalunya.cat\/es\/se-dispara-el-problema-de-los-okupas\/"},"author":{"name":"conversesacatalunya","@id":"https:\/\/conversesacatalunya.cat\/#\/schema\/person\/7e24d1e54a2785373ddcb275eae5ed99"},"headline":"Se dispara el problema de los okupas","datePublished":"2020-08-21T07:09:07+00:00","dateModified":"2020-08-21T08:22:56+00:00","mainEntityOfPage":{"@id":"https:\/\/conversesacatalunya.cat\/es\/se-dispara-el-problema-de-los-okupas\/"},"wordCount":718,"commentCount":0,"image":{"@id":"https:\/\/conversesacatalunya.cat\/es\/se-dispara-el-problema-de-los-okupas\/#primaryimage"},"thumbnailUrl":"https:\/\/conversesacatalunya.cat\/wp-content\/uploads\/2020\/07\/okupes.jpg","keywords":["Habitatge","vivienda"],"articleSection":["Punts clau del dia (ES)"],"inLanguage":"es","potentialAction":[{"@type":"CommentAction","name":"Comment","target":["https:\/\/conversesacatalunya.cat\/es\/se-dispara-el-problema-de-los-okupas\/#respond"]}]},{"@type":"WebPage","@id":"https:\/\/conversesacatalunya.cat\/es\/se-dispara-el-problema-de-los-okupas\/","url":"https:\/\/conversesacatalunya.cat\/es\/se-dispara-el-problema-de-los-okupas\/","name":"Se dispara el problema de los okupas - Converses a Catalunya","isPartOf":{"@id":"https:\/\/conversesacatalunya.cat\/#website"},"primaryImageOfPage":{"@id":"https:\/\/conversesacatalunya.cat\/es\/se-dispara-el-problema-de-los-okupas\/#primaryimage"},"image":{"@id":"https:\/\/conversesacatalunya.cat\/es\/se-dispara-el-problema-de-los-okupas\/#primaryimage"},"thumbnailUrl":"https:\/\/conversesacatalunya.cat\/wp-content\/uploads\/2020\/07\/okupes.jpg","datePublished":"2020-08-21T07:09:07+00:00","dateModified":"2020-08-21T08:22:56+00:00","author":{"@id":"https:\/\/conversesacatalunya.cat\/#\/schema\/person\/7e24d1e54a2785373ddcb275eae5ed99"},"breadcrumb":{"@id":"https:\/\/conversesacatalunya.cat\/es\/se-dispara-el-problema-de-los-okupas\/#breadcrumb"},"inLanguage":"es","potentialAction":[{"@type":"ReadAction","target":["https:\/\/conversesacatalunya.cat\/es\/se-dispara-el-problema-de-los-okupas\/"]}]},{"@type":"ImageObject","inLanguage":"es","@id":"https:\/\/conversesacatalunya.cat\/es\/se-dispara-el-problema-de-los-okupas\/#primaryimage","url":"https:\/\/conversesacatalunya.cat\/wp-content\/uploads\/2020\/07\/okupes.jpg","contentUrl":"https:\/\/conversesacatalunya.cat\/wp-content\/uploads\/2020\/07\/okupes.jpg","width":450,"height":255,"caption":"okupes"},{"@type":"BreadcrumbList","@id":"https:\/\/conversesacatalunya.cat\/es\/se-dispara-el-problema-de-los-okupas\/#breadcrumb","itemListElement":[{"@type":"ListItem","position":1,"name":"Inici","item":"https:\/\/conversesacatalunya.cat\/es\/"},{"@type":"ListItem","position":2,"name":"Se dispara el problema de los okupas"}]},{"@type":"WebSite","@id":"https:\/\/conversesacatalunya.cat\/#website","url":"https:\/\/conversesacatalunya.cat\/","name":"Converses a Catalunya","description":"","potentialAction":[{"@type":"SearchAction","target":{"@type":"EntryPoint","urlTemplate":"https:\/\/conversesacatalunya.cat\/?s={search_term_string}"},"query-input":{"@type":"PropertyValueSpecification","valueRequired":true,"valueName":"search_term_string"}}],"inLanguage":"es"},{"@type":"Person","@id":"https:\/\/conversesacatalunya.cat\/#\/schema\/person\/7e24d1e54a2785373ddcb275eae5ed99","name":"conversesacatalunya","image":{"@type":"ImageObject","inLanguage":"es","@id":"https:\/\/conversesacatalunya.cat\/#\/schema\/person\/image\/","url":"https:\/\/conversesacatalunya.cat\/wp-content\/litespeed\/avatar\/febdfeeec89d950f01c748045a981dd2.jpg?ver=1777314535","contentUrl":"https:\/\/conversesacatalunya.cat\/wp-content\/litespeed\/avatar\/febdfeeec89d950f01c748045a981dd2.jpg?ver=1777314535","caption":"conversesacatalunya"},"url":"https:\/\/conversesacatalunya.cat\/es\/author\/carme_catala\/"}]}},"wps_subtitle":"","_links":{"self":[{"href":"https:\/\/conversesacatalunya.cat\/es\/wp-json\/wp\/v2\/posts\/39345","targetHints":{"allow":["GET"]}}],"collection":[{"href":"https:\/\/conversesacatalunya.cat\/es\/wp-json\/wp\/v2\/posts"}],"about":[{"href":"https:\/\/conversesacatalunya.cat\/es\/wp-json\/wp\/v2\/types\/post"}],"author":[{"embeddable":true,"href":"https:\/\/conversesacatalunya.cat\/es\/wp-json\/wp\/v2\/users\/2"}],"replies":[{"embeddable":true,"href":"https:\/\/conversesacatalunya.cat\/es\/wp-json\/wp\/v2\/comments?post=39345"}],"version-history":[{"count":1,"href":"https:\/\/conversesacatalunya.cat\/es\/wp-json\/wp\/v2\/posts\/39345\/revisions"}],"predecessor-version":[{"id":39347,"href":"https:\/\/conversesacatalunya.cat\/es\/wp-json\/wp\/v2\/posts\/39345\/revisions\/39347"}],"wp:featuredmedia":[{"embeddable":true,"href":"https:\/\/conversesacatalunya.cat\/es\/wp-json\/wp\/v2\/media\/39337"}],"wp:attachment":[{"href":"https:\/\/conversesacatalunya.cat\/es\/wp-json\/wp\/v2\/media?parent=39345"}],"wp:term":[{"taxonomy":"category","embeddable":true,"href":"https:\/\/conversesacatalunya.cat\/es\/wp-json\/wp\/v2\/categories?post=39345"},{"taxonomy":"post_tag","embeddable":true,"href":"https:\/\/conversesacatalunya.cat\/es\/wp-json\/wp\/v2\/tags?post=39345"}],"curies":[{"name":"wp","href":"https:\/\/api.w.org\/{rel}","templated":true}]}}