{"id":39332,"date":"2020-08-20T18:49:03","date_gmt":"2020-08-20T16:49:03","guid":{"rendered":"https:\/\/conversesacatalunya.cat\/?p=39332"},"modified":"2020-08-24T16:42:44","modified_gmt":"2020-08-24T14:42:44","slug":"pandemia-donde-muere-mas-gente-en-cataluna-que-ha-pasado-en-la-anoia","status":"publish","type":"post","link":"https:\/\/conversesacatalunya.cat\/es\/pandemia-donde-muere-mas-gente-en-cataluna-que-ha-pasado-en-la-anoia\/","title":{"rendered":"Pandemia: d\u00f3nde muere m\u00e1s gente en Catalu\u00f1a. \u00bfQu\u00e9 ha pasado en la Anoia?"},"content":{"rendered":"<p>Los datos a mediados de agosto de mortalidad estandarizada por 10.000 habitantes se\u00f1alan que all\u00ed donde el Covid-19 ha hecho m\u00e1s da\u00f1o es en las comarcas de Barcelona, pero con diferencias sustanciales.<\/p>\n<p>Concretamente, destaca el caso de la Anoia con 42,65 muertes por 10.000 habitantes. Es una cifra singularmente alta, que casi dobla o lo hace plenamente, a las comarcas que le siguen. Ah\u00ed fue donde la Generalitat estableci\u00f3 por su cuenta <strong>el primer confinamiento<\/strong>, y por consiguiente los resultados deber\u00edan ser mucho m\u00e1s positivos. Puesto que no es as\u00ed, es exigible una auditor\u00eda independiente que explique lo que se ha hecho mal en este territorio. Para hacernos una idea de la diferencia, el Bages, que es la comarca siguiente en incidencia por mortalidad, se situ\u00f3 en\u00a0 27,24, y les siguen Osona con 23,69 y el Baix Llobregat y el Barcelon\u00e8s con poco m\u00e1s de 20 muertos por cada 10.000 habitantes. Las diferencias, por tanto, entre la Anoia y el resto son inexplicablemente grandes.<\/p>\n<p>El resto de la provincia presenta cifras altas pero que ya se sit\u00faan por debajo de los 20 muertos, concretamente el Vall\u00e8s Occidental con 18,41, el Oriental con una cifra parecida, 17,30, y a distancia de todas ellas, marcando una clara diferencia, el Maresme con 12,79.<\/p>\n<p>Les siguen en esta clasificaci\u00f3n 3 comarcas de la circunscripci\u00f3n de Girona: la capital con 14,20, la Garrotxa con 13,69, y La Selva con 12,42.<\/p>\n<p>Lleida, que es la que registr\u00f3 m\u00e1s medidas de confinamiento durante este verano, presenta un n\u00famero de muertos claramente menor: 9,17.<\/p>\n<p>En este enlace puede obtenerse la mortalidad actualizada por comarcas y provincias: <a href=\"https:\/\/aquas.gencat.cat\/ca\/actualitat\/ultimes-dades-coronavirus\/mapa-mortalitat-comarques\/\">https:\/\/aquas.gencat.cat\/ca\/actualitat\/ultimes-dades-coronavirus\/mapa-mortalitat-comarques\/<\/a><\/p>\n<p style=\"text-align: center;\">M\u00e1s informaci\u00f3n sobre el coronavirus en <a href=\"https:\/\/conversesacatalunya.cat\/es\/coronavirus\/\" target=\"_blank\" rel=\"noopener noreferrer\"><strong>ESPECIAL CORONAVIRUS<\/strong><\/a><\/p>\n","protected":false},"excerpt":{"rendered":"<p>Los datos a mediados de agosto de mortalidad estandarizada por 10.000 habitantes se\u00f1alan que all\u00ed donde el Covid-19 ha hecho m\u00e1s da\u00f1o es en las comarcas de Barcelona, pero con diferencias sustanciales. Concretamente, destaca el caso de la Anoia con 42,65 muertes por 10.000 habitantes. Es una cifra singularmente alta, que casi dobla o lo hace plenamente, a las comarcas que le siguen. Ah\u00ed fue donde la Generalitat estableci\u00f3 por su cuenta el primer confinamiento, y por consiguiente los resultados deber\u00edan ser mucho m\u00e1s positivos. Puesto que no es as\u00ed, es exigible una auditor\u00eda independiente que explique lo que se ha hecho mal en este territorio. Para hacernos una idea de la diferencia, el Bages, que es la comarca siguiente en incidencia por mortalidad, se situ\u00f3 en\u00a0 27,24, y les siguen Osona con 23,69 y el Baix Llobregat y el Barcelon\u00e8s con poco m\u00e1s de 20 muertos por cada 10.000 habitantes. Las diferencias, por tanto, entre la Anoia y el resto son inexplicablemente grandes. El resto de la provincia presenta cifras altas pero que ya se sit\u00faan por debajo de los 20 muertos, concretamente el Vall\u00e8s Occidental con 18,41, el Oriental con una cifra parecida, 17,30, y a distancia de todas ellas, marcando una clara diferencia, el Maresme con 12,79. Les siguen en esta clasificaci\u00f3n 3 comarcas de la circunscripci\u00f3n de Girona: la capital con 14,20, la Garrotxa con 13,69, y La Selva con 12,42. Lleida, que es la que registr\u00f3 m\u00e1s medidas de confinamiento durante este verano, presenta un n\u00famero de muertos claramente menor: 9,17. En este enlace puede obtenerse la mortalidad actualizada por comarcas y provincias: https:\/\/aquas.gencat.cat\/ca\/actualitat\/ultimes-dades-coronavirus\/mapa-mortalitat-comarques\/ M\u00e1s informaci\u00f3n sobre el coronavirus en ESPECIAL CORONAVIRUS<\/p>\n","protected":false},"author":2,"featured_media":39333,"comment_status":"open","ping_status":"open","sticky":false,"template":"","format":"standard","meta":{"_FSMCFIC_featured_image_caption":"","_FSMCFIC_featured_image_nocaption":"","_FSMCFIC_featured_image_hide":"","footnotes":""},"categories":[1772,806],"tags":[1504,2246],"class_list":["post-39332","post","type-post","status-publish","format-standard","has-post-thumbnail","hentry","category-especial-coronavirus-es","category-punts-claus-del-dia-es","tag-coronavirus-es","tag-muertes-por-coronavirus"],"yoast_head":"<!-- This site is optimized with the Yoast SEO plugin v26.8 - https:\/\/yoast.com\/product\/yoast-seo-wordpress\/ -->\n<title>Pandemia: d\u00f3nde muere m\u00e1s gente en Catalu\u00f1a. \u00bfQu\u00e9 ha pasado en la Anoia? - Converses a Catalunya<\/title>\n<meta name=\"robots\" content=\"index, follow, max-snippet:-1, max-image-preview:large, max-video-preview:-1\" \/>\n<link rel=\"canonical\" href=\"https:\/\/conversesacatalunya.cat\/es\/pandemia-donde-muere-mas-gente-en-cataluna-que-ha-pasado-en-la-anoia\/\" \/>\n<meta property=\"og:locale\" content=\"es_ES\" \/>\n<meta property=\"og:type\" content=\"article\" \/>\n<meta property=\"og:title\" content=\"Pandemia: d\u00f3nde muere m\u00e1s gente en Catalu\u00f1a. \u00bfQu\u00e9 ha pasado en la Anoia? - Converses a Catalunya\" \/>\n<meta property=\"og:description\" content=\"Los datos a mediados de agosto de mortalidad estandarizada por 10.000 habitantes se\u00f1alan que all\u00ed donde el Covid-19 ha hecho m\u00e1s da\u00f1o es en las comarcas de Barcelona, pero con diferencias sustanciales. Concretamente, destaca el caso de la Anoia con 42,65 muertes por 10.000 habitantes. Es una cifra singularmente alta, que casi dobla o lo hace plenamente, a las comarcas que le siguen. Ah\u00ed fue donde la Generalitat estableci\u00f3 por su cuenta el primer confinamiento, y por consiguiente los resultados deber\u00edan ser mucho m\u00e1s positivos. Puesto que no es as\u00ed, es exigible una auditor\u00eda independiente que explique lo que se ha hecho mal en este territorio. Para hacernos una idea de la diferencia, el Bages, que es la comarca siguiente en incidencia por mortalidad, se situ\u00f3 en\u00a0 27,24, y les siguen Osona con 23,69 y el Baix Llobregat y el Barcelon\u00e8s con poco m\u00e1s de 20 muertos por cada 10.000 habitantes. Las diferencias, por tanto, entre la Anoia y el resto son inexplicablemente grandes. El resto de la provincia presenta cifras altas pero que ya se sit\u00faan por debajo de los 20 muertos, concretamente el Vall\u00e8s Occidental con 18,41, el Oriental con una cifra parecida, 17,30, y a distancia de todas ellas, marcando una clara diferencia, el Maresme con 12,79. Les siguen en esta clasificaci\u00f3n 3 comarcas de la circunscripci\u00f3n de Girona: la capital con 14,20, la Garrotxa con 13,69, y La Selva con 12,42. Lleida, que es la que registr\u00f3 m\u00e1s medidas de confinamiento durante este verano, presenta un n\u00famero de muertos claramente menor: 9,17. En este enlace puede obtenerse la mortalidad actualizada por comarcas y provincias: https:\/\/aquas.gencat.cat\/ca\/actualitat\/ultimes-dades-coronavirus\/mapa-mortalitat-comarques\/ M\u00e1s informaci\u00f3n sobre el coronavirus en ESPECIAL CORONAVIRUS\" \/>\n<meta property=\"og:url\" content=\"https:\/\/conversesacatalunya.cat\/es\/pandemia-donde-muere-mas-gente-en-cataluna-que-ha-pasado-en-la-anoia\/\" \/>\n<meta property=\"og:site_name\" content=\"Converses a Catalunya\" \/>\n<meta property=\"article:published_time\" content=\"2020-08-20T16:49:03+00:00\" \/>\n<meta property=\"article:modified_time\" content=\"2020-08-24T14:42:44+00:00\" \/>\n<meta property=\"og:image\" content=\"https:\/\/conversesacatalunya.cat\/wp-content\/uploads\/2020\/08\/anoia.jpg\" \/>\n\t<meta property=\"og:image:width\" content=\"845\" \/>\n\t<meta property=\"og:image:height\" content=\"321\" \/>\n\t<meta property=\"og:image:type\" content=\"image\/jpeg\" \/>\n<meta name=\"author\" content=\"conversesacatalunya\" \/>\n<meta name=\"twitter:card\" content=\"summary_large_image\" \/>\n<meta name=\"twitter:label1\" content=\"Escrito por\" \/>\n\t<meta name=\"twitter:data1\" content=\"conversesacatalunya\" \/>\n\t<meta name=\"twitter:label2\" content=\"Tiempo de lectura\" \/>\n\t<meta name=\"twitter:data2\" content=\"1 minuto\" \/>\n<script type=\"application\/ld+json\" class=\"yoast-schema-graph\">{\"@context\":\"https:\/\/schema.org\",\"@graph\":[{\"@type\":\"Article\",\"@id\":\"https:\/\/conversesacatalunya.cat\/es\/pandemia-donde-muere-mas-gente-en-cataluna-que-ha-pasado-en-la-anoia\/#article\",\"isPartOf\":{\"@id\":\"https:\/\/conversesacatalunya.cat\/es\/pandemia-donde-muere-mas-gente-en-cataluna-que-ha-pasado-en-la-anoia\/\"},\"author\":{\"name\":\"conversesacatalunya\",\"@id\":\"https:\/\/conversesacatalunya.cat\/#\/schema\/person\/7e24d1e54a2785373ddcb275eae5ed99\"},\"headline\":\"Pandemia: d\u00f3nde muere m\u00e1s gente en Catalu\u00f1a. \u00bfQu\u00e9 ha pasado en la Anoia?\",\"datePublished\":\"2020-08-20T16:49:03+00:00\",\"dateModified\":\"2020-08-24T14:42:44+00:00\",\"mainEntityOfPage\":{\"@id\":\"https:\/\/conversesacatalunya.cat\/es\/pandemia-donde-muere-mas-gente-en-cataluna-que-ha-pasado-en-la-anoia\/\"},\"wordCount\":300,\"commentCount\":0,\"image\":{\"@id\":\"https:\/\/conversesacatalunya.cat\/es\/pandemia-donde-muere-mas-gente-en-cataluna-que-ha-pasado-en-la-anoia\/#primaryimage\"},\"thumbnailUrl\":\"https:\/\/conversesacatalunya.cat\/wp-content\/uploads\/2020\/08\/anoia.jpg\",\"keywords\":[\"coronavirus\",\"muertes por coronavirus\"],\"articleSection\":[\"Especial Coronavirus (ES)\",\"Punts clau del dia (ES)\"],\"inLanguage\":\"es\",\"potentialAction\":[{\"@type\":\"CommentAction\",\"name\":\"Comment\",\"target\":[\"https:\/\/conversesacatalunya.cat\/es\/pandemia-donde-muere-mas-gente-en-cataluna-que-ha-pasado-en-la-anoia\/#respond\"]}]},{\"@type\":\"WebPage\",\"@id\":\"https:\/\/conversesacatalunya.cat\/es\/pandemia-donde-muere-mas-gente-en-cataluna-que-ha-pasado-en-la-anoia\/\",\"url\":\"https:\/\/conversesacatalunya.cat\/es\/pandemia-donde-muere-mas-gente-en-cataluna-que-ha-pasado-en-la-anoia\/\",\"name\":\"Pandemia: d\u00f3nde muere m\u00e1s gente en Catalu\u00f1a. \u00bfQu\u00e9 ha pasado en la Anoia? - Converses a Catalunya\",\"isPartOf\":{\"@id\":\"https:\/\/conversesacatalunya.cat\/#website\"},\"primaryImageOfPage\":{\"@id\":\"https:\/\/conversesacatalunya.cat\/es\/pandemia-donde-muere-mas-gente-en-cataluna-que-ha-pasado-en-la-anoia\/#primaryimage\"},\"image\":{\"@id\":\"https:\/\/conversesacatalunya.cat\/es\/pandemia-donde-muere-mas-gente-en-cataluna-que-ha-pasado-en-la-anoia\/#primaryimage\"},\"thumbnailUrl\":\"https:\/\/conversesacatalunya.cat\/wp-content\/uploads\/2020\/08\/anoia.jpg\",\"datePublished\":\"2020-08-20T16:49:03+00:00\",\"dateModified\":\"2020-08-24T14:42:44+00:00\",\"author\":{\"@id\":\"https:\/\/conversesacatalunya.cat\/#\/schema\/person\/7e24d1e54a2785373ddcb275eae5ed99\"},\"breadcrumb\":{\"@id\":\"https:\/\/conversesacatalunya.cat\/es\/pandemia-donde-muere-mas-gente-en-cataluna-que-ha-pasado-en-la-anoia\/#breadcrumb\"},\"inLanguage\":\"es\",\"potentialAction\":[{\"@type\":\"ReadAction\",\"target\":[\"https:\/\/conversesacatalunya.cat\/es\/pandemia-donde-muere-mas-gente-en-cataluna-que-ha-pasado-en-la-anoia\/\"]}]},{\"@type\":\"ImageObject\",\"inLanguage\":\"es\",\"@id\":\"https:\/\/conversesacatalunya.cat\/es\/pandemia-donde-muere-mas-gente-en-cataluna-que-ha-pasado-en-la-anoia\/#primaryimage\",\"url\":\"https:\/\/conversesacatalunya.cat\/wp-content\/uploads\/2020\/08\/anoia.jpg\",\"contentUrl\":\"https:\/\/conversesacatalunya.cat\/wp-content\/uploads\/2020\/08\/anoia.jpg\",\"width\":845,\"height\":321,\"caption\":\"Anoia\"},{\"@type\":\"BreadcrumbList\",\"@id\":\"https:\/\/conversesacatalunya.cat\/es\/pandemia-donde-muere-mas-gente-en-cataluna-que-ha-pasado-en-la-anoia\/#breadcrumb\",\"itemListElement\":[{\"@type\":\"ListItem\",\"position\":1,\"name\":\"Inici\",\"item\":\"https:\/\/conversesacatalunya.cat\/es\/\"},{\"@type\":\"ListItem\",\"position\":2,\"name\":\"Pandemia: d\u00f3nde muere m\u00e1s gente en Catalu\u00f1a. \u00bfQu\u00e9 ha pasado en la Anoia?\"}]},{\"@type\":\"WebSite\",\"@id\":\"https:\/\/conversesacatalunya.cat\/#website\",\"url\":\"https:\/\/conversesacatalunya.cat\/\",\"name\":\"Converses a Catalunya\",\"description\":\"\",\"potentialAction\":[{\"@type\":\"SearchAction\",\"target\":{\"@type\":\"EntryPoint\",\"urlTemplate\":\"https:\/\/conversesacatalunya.cat\/?s={search_term_string}\"},\"query-input\":{\"@type\":\"PropertyValueSpecification\",\"valueRequired\":true,\"valueName\":\"search_term_string\"}}],\"inLanguage\":\"es\"},{\"@type\":\"Person\",\"@id\":\"https:\/\/conversesacatalunya.cat\/#\/schema\/person\/7e24d1e54a2785373ddcb275eae5ed99\",\"name\":\"conversesacatalunya\",\"image\":{\"@type\":\"ImageObject\",\"inLanguage\":\"es\",\"@id\":\"https:\/\/conversesacatalunya.cat\/#\/schema\/person\/image\/\",\"url\":\"https:\/\/conversesacatalunya.cat\/wp-content\/litespeed\/avatar\/febdfeeec89d950f01c748045a981dd2.jpg?ver=1777314535\",\"contentUrl\":\"https:\/\/conversesacatalunya.cat\/wp-content\/litespeed\/avatar\/febdfeeec89d950f01c748045a981dd2.jpg?ver=1777314535\",\"caption\":\"conversesacatalunya\"},\"url\":\"https:\/\/conversesacatalunya.cat\/es\/author\/carme_catala\/\"}]}<\/script>\n<!-- \/ Yoast SEO plugin. -->","yoast_head_json":{"title":"Pandemia: d\u00f3nde muere m\u00e1s gente en Catalu\u00f1a. \u00bfQu\u00e9 ha pasado en la Anoia? - Converses a Catalunya","robots":{"index":"index","follow":"follow","max-snippet":"max-snippet:-1","max-image-preview":"max-image-preview:large","max-video-preview":"max-video-preview:-1"},"canonical":"https:\/\/conversesacatalunya.cat\/es\/pandemia-donde-muere-mas-gente-en-cataluna-que-ha-pasado-en-la-anoia\/","og_locale":"es_ES","og_type":"article","og_title":"Pandemia: d\u00f3nde muere m\u00e1s gente en Catalu\u00f1a. \u00bfQu\u00e9 ha pasado en la Anoia? - Converses a Catalunya","og_description":"Los datos a mediados de agosto de mortalidad estandarizada por 10.000 habitantes se\u00f1alan que all\u00ed donde el Covid-19 ha hecho m\u00e1s da\u00f1o es en las comarcas de Barcelona, pero con diferencias sustanciales. Concretamente, destaca el caso de la Anoia con 42,65 muertes por 10.000 habitantes. Es una cifra singularmente alta, que casi dobla o lo hace plenamente, a las comarcas que le siguen. Ah\u00ed fue donde la Generalitat estableci\u00f3 por su cuenta el primer confinamiento, y por consiguiente los resultados deber\u00edan ser mucho m\u00e1s positivos. Puesto que no es as\u00ed, es exigible una auditor\u00eda independiente que explique lo que se ha hecho mal en este territorio. Para hacernos una idea de la diferencia, el Bages, que es la comarca siguiente en incidencia por mortalidad, se situ\u00f3 en\u00a0 27,24, y les siguen Osona con 23,69 y el Baix Llobregat y el Barcelon\u00e8s con poco m\u00e1s de 20 muertos por cada 10.000 habitantes. Las diferencias, por tanto, entre la Anoia y el resto son inexplicablemente grandes. El resto de la provincia presenta cifras altas pero que ya se sit\u00faan por debajo de los 20 muertos, concretamente el Vall\u00e8s Occidental con 18,41, el Oriental con una cifra parecida, 17,30, y a distancia de todas ellas, marcando una clara diferencia, el Maresme con 12,79. Les siguen en esta clasificaci\u00f3n 3 comarcas de la circunscripci\u00f3n de Girona: la capital con 14,20, la Garrotxa con 13,69, y La Selva con 12,42. Lleida, que es la que registr\u00f3 m\u00e1s medidas de confinamiento durante este verano, presenta un n\u00famero de muertos claramente menor: 9,17. En este enlace puede obtenerse la mortalidad actualizada por comarcas y provincias: https:\/\/aquas.gencat.cat\/ca\/actualitat\/ultimes-dades-coronavirus\/mapa-mortalitat-comarques\/ M\u00e1s informaci\u00f3n sobre el coronavirus en ESPECIAL CORONAVIRUS","og_url":"https:\/\/conversesacatalunya.cat\/es\/pandemia-donde-muere-mas-gente-en-cataluna-que-ha-pasado-en-la-anoia\/","og_site_name":"Converses a Catalunya","article_published_time":"2020-08-20T16:49:03+00:00","article_modified_time":"2020-08-24T14:42:44+00:00","og_image":[{"width":845,"height":321,"url":"https:\/\/conversesacatalunya.cat\/wp-content\/uploads\/2020\/08\/anoia.jpg","type":"image\/jpeg"}],"author":"conversesacatalunya","twitter_card":"summary_large_image","twitter_misc":{"Escrito por":"conversesacatalunya","Tiempo de lectura":"1 minuto"},"schema":{"@context":"https:\/\/schema.org","@graph":[{"@type":"Article","@id":"https:\/\/conversesacatalunya.cat\/es\/pandemia-donde-muere-mas-gente-en-cataluna-que-ha-pasado-en-la-anoia\/#article","isPartOf":{"@id":"https:\/\/conversesacatalunya.cat\/es\/pandemia-donde-muere-mas-gente-en-cataluna-que-ha-pasado-en-la-anoia\/"},"author":{"name":"conversesacatalunya","@id":"https:\/\/conversesacatalunya.cat\/#\/schema\/person\/7e24d1e54a2785373ddcb275eae5ed99"},"headline":"Pandemia: d\u00f3nde muere m\u00e1s gente en Catalu\u00f1a. \u00bfQu\u00e9 ha pasado en la Anoia?","datePublished":"2020-08-20T16:49:03+00:00","dateModified":"2020-08-24T14:42:44+00:00","mainEntityOfPage":{"@id":"https:\/\/conversesacatalunya.cat\/es\/pandemia-donde-muere-mas-gente-en-cataluna-que-ha-pasado-en-la-anoia\/"},"wordCount":300,"commentCount":0,"image":{"@id":"https:\/\/conversesacatalunya.cat\/es\/pandemia-donde-muere-mas-gente-en-cataluna-que-ha-pasado-en-la-anoia\/#primaryimage"},"thumbnailUrl":"https:\/\/conversesacatalunya.cat\/wp-content\/uploads\/2020\/08\/anoia.jpg","keywords":["coronavirus","muertes por coronavirus"],"articleSection":["Especial Coronavirus (ES)","Punts clau del dia (ES)"],"inLanguage":"es","potentialAction":[{"@type":"CommentAction","name":"Comment","target":["https:\/\/conversesacatalunya.cat\/es\/pandemia-donde-muere-mas-gente-en-cataluna-que-ha-pasado-en-la-anoia\/#respond"]}]},{"@type":"WebPage","@id":"https:\/\/conversesacatalunya.cat\/es\/pandemia-donde-muere-mas-gente-en-cataluna-que-ha-pasado-en-la-anoia\/","url":"https:\/\/conversesacatalunya.cat\/es\/pandemia-donde-muere-mas-gente-en-cataluna-que-ha-pasado-en-la-anoia\/","name":"Pandemia: d\u00f3nde muere m\u00e1s gente en Catalu\u00f1a. \u00bfQu\u00e9 ha pasado en la Anoia? - Converses a Catalunya","isPartOf":{"@id":"https:\/\/conversesacatalunya.cat\/#website"},"primaryImageOfPage":{"@id":"https:\/\/conversesacatalunya.cat\/es\/pandemia-donde-muere-mas-gente-en-cataluna-que-ha-pasado-en-la-anoia\/#primaryimage"},"image":{"@id":"https:\/\/conversesacatalunya.cat\/es\/pandemia-donde-muere-mas-gente-en-cataluna-que-ha-pasado-en-la-anoia\/#primaryimage"},"thumbnailUrl":"https:\/\/conversesacatalunya.cat\/wp-content\/uploads\/2020\/08\/anoia.jpg","datePublished":"2020-08-20T16:49:03+00:00","dateModified":"2020-08-24T14:42:44+00:00","author":{"@id":"https:\/\/conversesacatalunya.cat\/#\/schema\/person\/7e24d1e54a2785373ddcb275eae5ed99"},"breadcrumb":{"@id":"https:\/\/conversesacatalunya.cat\/es\/pandemia-donde-muere-mas-gente-en-cataluna-que-ha-pasado-en-la-anoia\/#breadcrumb"},"inLanguage":"es","potentialAction":[{"@type":"ReadAction","target":["https:\/\/conversesacatalunya.cat\/es\/pandemia-donde-muere-mas-gente-en-cataluna-que-ha-pasado-en-la-anoia\/"]}]},{"@type":"ImageObject","inLanguage":"es","@id":"https:\/\/conversesacatalunya.cat\/es\/pandemia-donde-muere-mas-gente-en-cataluna-que-ha-pasado-en-la-anoia\/#primaryimage","url":"https:\/\/conversesacatalunya.cat\/wp-content\/uploads\/2020\/08\/anoia.jpg","contentUrl":"https:\/\/conversesacatalunya.cat\/wp-content\/uploads\/2020\/08\/anoia.jpg","width":845,"height":321,"caption":"Anoia"},{"@type":"BreadcrumbList","@id":"https:\/\/conversesacatalunya.cat\/es\/pandemia-donde-muere-mas-gente-en-cataluna-que-ha-pasado-en-la-anoia\/#breadcrumb","itemListElement":[{"@type":"ListItem","position":1,"name":"Inici","item":"https:\/\/conversesacatalunya.cat\/es\/"},{"@type":"ListItem","position":2,"name":"Pandemia: d\u00f3nde muere m\u00e1s gente en Catalu\u00f1a. \u00bfQu\u00e9 ha pasado en la Anoia?"}]},{"@type":"WebSite","@id":"https:\/\/conversesacatalunya.cat\/#website","url":"https:\/\/conversesacatalunya.cat\/","name":"Converses a Catalunya","description":"","potentialAction":[{"@type":"SearchAction","target":{"@type":"EntryPoint","urlTemplate":"https:\/\/conversesacatalunya.cat\/?s={search_term_string}"},"query-input":{"@type":"PropertyValueSpecification","valueRequired":true,"valueName":"search_term_string"}}],"inLanguage":"es"},{"@type":"Person","@id":"https:\/\/conversesacatalunya.cat\/#\/schema\/person\/7e24d1e54a2785373ddcb275eae5ed99","name":"conversesacatalunya","image":{"@type":"ImageObject","inLanguage":"es","@id":"https:\/\/conversesacatalunya.cat\/#\/schema\/person\/image\/","url":"https:\/\/conversesacatalunya.cat\/wp-content\/litespeed\/avatar\/febdfeeec89d950f01c748045a981dd2.jpg?ver=1777314535","contentUrl":"https:\/\/conversesacatalunya.cat\/wp-content\/litespeed\/avatar\/febdfeeec89d950f01c748045a981dd2.jpg?ver=1777314535","caption":"conversesacatalunya"},"url":"https:\/\/conversesacatalunya.cat\/es\/author\/carme_catala\/"}]}},"wps_subtitle":"","_links":{"self":[{"href":"https:\/\/conversesacatalunya.cat\/es\/wp-json\/wp\/v2\/posts\/39332","targetHints":{"allow":["GET"]}}],"collection":[{"href":"https:\/\/conversesacatalunya.cat\/es\/wp-json\/wp\/v2\/posts"}],"about":[{"href":"https:\/\/conversesacatalunya.cat\/es\/wp-json\/wp\/v2\/types\/post"}],"author":[{"embeddable":true,"href":"https:\/\/conversesacatalunya.cat\/es\/wp-json\/wp\/v2\/users\/2"}],"replies":[{"embeddable":true,"href":"https:\/\/conversesacatalunya.cat\/es\/wp-json\/wp\/v2\/comments?post=39332"}],"version-history":[{"count":3,"href":"https:\/\/conversesacatalunya.cat\/es\/wp-json\/wp\/v2\/posts\/39332\/revisions"}],"predecessor-version":[{"id":39370,"href":"https:\/\/conversesacatalunya.cat\/es\/wp-json\/wp\/v2\/posts\/39332\/revisions\/39370"}],"wp:featuredmedia":[{"embeddable":true,"href":"https:\/\/conversesacatalunya.cat\/es\/wp-json\/wp\/v2\/media\/39333"}],"wp:attachment":[{"href":"https:\/\/conversesacatalunya.cat\/es\/wp-json\/wp\/v2\/media?parent=39332"}],"wp:term":[{"taxonomy":"category","embeddable":true,"href":"https:\/\/conversesacatalunya.cat\/es\/wp-json\/wp\/v2\/categories?post=39332"},{"taxonomy":"post_tag","embeddable":true,"href":"https:\/\/conversesacatalunya.cat\/es\/wp-json\/wp\/v2\/tags?post=39332"}],"curies":[{"name":"wp","href":"https:\/\/api.w.org\/{rel}","templated":true}]}}