{"id":39329,"date":"2020-08-12T07:51:36","date_gmt":"2020-08-12T05:51:36","guid":{"rendered":"https:\/\/conversesacatalunya.cat\/catalunya-es-la-comunitat-autonoma-amb-mes-ocupacio-illegal\/"},"modified":"2020-08-20T18:41:46","modified_gmt":"2020-08-20T16:41:46","slug":"cataluna-es-la-comunidad-autonoma-con-mas-ocupacion-ilegal","status":"publish","type":"post","link":"https:\/\/conversesacatalunya.cat\/es\/cataluna-es-la-comunidad-autonoma-con-mas-ocupacion-ilegal\/","title":{"rendered":"Catalu\u00f1a es la comunidad aut\u00f3noma con m\u00e1s ocupaci\u00f3n ilegal"},"content":{"rendered":"<p>Pese a la situaci\u00f3n del primer semestre de confinamiento, las denuncias de ocupaci\u00f3n ilegal en Catalu\u00f1a no ha parado de crecer. La situaci\u00f3n es tal que Catalu\u00f1a, por delante de Andaluc\u00eda, es la autonom\u00eda con una problem\u00e1tica m\u00e1s grave puesto que<strong> tiene m\u00e1s del 50% de las 7.450 denuncias contabilizadas en Espa\u00f1a<\/strong>. Por detr\u00e1s le siguen Andaluc\u00eda con 1.183 denuncias y una ca\u00edda del 4,28%, Madrid con unas 657 y la Comunidad Valenciana con otras 566.<\/p>\n<p>Desde enero hasta junio los casos probados de ocupaci\u00f3n ilegal alcanzaron los 3.611 casos. El n\u00famero de casas ocupadas ilegalmente en toda Catalu\u00f1a es seis veces superior a las registrada en la Comunidad de Madrid en el mismo per\u00edodo, unas 657. Asimismo, mientras que en esta \u00faltima autonom\u00eda la situaci\u00f3n de pandemia parece haber actuado de freno, con una ca\u00edda semestral del 9,5% respecto al primer semestre de 2019, en el caso de Catalu\u00f1a se registr\u00f3 un incremento del 13,19%, seg\u00fan datos del Ministerio del Interior.<\/p>\n<p>Conflictos abundantes generan tambi\u00e9n los pisos ocupados por delincuentes profesionales. En ellos ha puesto la mirada los Mossos d\u2019Esquadra que recientemente solicitaron al fiscal jefe de Catalunya, Francisco Ba\u00f1eres,<strong> \u201carmas legales\u201d para desocuparlos y precintarlos<\/strong>. Se trata de poco m\u00e1s de medio centenar de viviendas en edificios de Barcelona y el \u00e1rea metropolitana que sirven de guarida de delincuentes multirreincidentes y provocan una gran alarma entre los vecinos con los que comparten escalera.<\/p>\n<p>Respecto al \u00faltimo semestre de 2020, el fen\u00f3meno tambi\u00e9n se ha intensificado en la Comunidad Valenciana, con un aumento semestral interanual del 14,11%, hasta un total de 566 denuncias; en Galicia donde la progresi\u00f3n registrada ha sido del 33,89% para llegar a las 79 demandas de enero a junio pasado, y en Murcia, donde los casos han crecido un 19,72%. En el caso de Catalu\u00f1a, la mayor parte de denuncias se producen en la ciudad de Barcelona. En el primer semestre de este a\u00f1o, las ocupaciones ilegales en la ciudad alcanzaron los 2.644 casos demandados, m\u00e1s de 200 respecto del mismo periodo de 2019. El \u00faltimo censo de vivienda del Ayuntamiento de Barcelona, de marzo de 2019, hab\u00eda detectado unas 10.052 pisos vac\u00edos, que representaba el 1,22% del parque de viviendas de la ciudad.<\/p>\n<span class='bctt-click-to-tweet'><span class='bctt-ctt-text'><a href='https:\/\/twitter.com\/intent\/tweet?url=https%3A%2F%2Fconversesacatalunya.cat%2Fes%2Fcataluna-es-la-comunidad-autonoma-con-mas-ocupacion-ilegal%2F&#038;text=El%20n%C3%BAmero%20de%20casas%20ocupadas%20ilegalmente%20en%20toda%20Catalu%C3%B1a%20es%20seis%20veces%20superior%20a%20las%20registrada%20en%20la%20Comunidad%20de%20Madrid%20en%20el%20mismo%20per%C3%ADodo&#038;via=conversesacat&#038;related=conversesacat' target='_blank'rel=\"noopener noreferrer\">El n\u00famero de casas ocupadas ilegalmente en toda Catalu\u00f1a es seis veces superior a las registrada en la Comunidad de Madrid en el mismo per\u00edodo <\/a><\/span><a href='https:\/\/twitter.com\/intent\/tweet?url=https%3A%2F%2Fconversesacatalunya.cat%2Fes%2Fcataluna-es-la-comunidad-autonoma-con-mas-ocupacion-ilegal%2F&#038;text=El%20n%C3%BAmero%20de%20casas%20ocupadas%20ilegalmente%20en%20toda%20Catalu%C3%B1a%20es%20seis%20veces%20superior%20a%20las%20registrada%20en%20la%20Comunidad%20de%20Madrid%20en%20el%20mismo%20per%C3%ADodo&#038;via=conversesacat&#038;related=conversesacat' target='_blank' class='bctt-ctt-btn'rel=\"noopener noreferrer\">Compartir en X<\/a><\/span>\n","protected":false},"excerpt":{"rendered":"<p>Pese a la situaci\u00f3n del primer semestre de confinamiento, las denuncias de ocupaci\u00f3n ilegal en Catalu\u00f1a no ha parado de crecer. La situaci\u00f3n es tal que Catalu\u00f1a, por delante de Andaluc\u00eda, es la autonom\u00eda con una problem\u00e1tica m\u00e1s grave puesto que tiene m\u00e1s del 50% de las 7.450 denuncias contabilizadas en Espa\u00f1a. Por detr\u00e1s le siguen Andaluc\u00eda con 1.183 denuncias y una ca\u00edda del 4,28%, Madrid con unas 657 y la Comunidad Valenciana con otras 566. Desde enero hasta junio los casos probados de ocupaci\u00f3n ilegal alcanzaron los 3.611 casos. El n\u00famero de casas ocupadas ilegalmente en toda Catalu\u00f1a es seis veces superior a las registrada en la Comunidad de Madrid en el mismo per\u00edodo, unas 657. Asimismo, mientras que en esta \u00faltima autonom\u00eda la situaci\u00f3n de pandemia parece haber actuado de freno, con una ca\u00edda semestral del 9,5% respecto al primer semestre de 2019, en el caso de Catalu\u00f1a se registr\u00f3 un incremento del 13,19%, seg\u00fan datos del Ministerio del Interior. Conflictos abundantes generan tambi\u00e9n los pisos ocupados por delincuentes profesionales. En ellos ha puesto la mirada los Mossos d\u2019Esquadra que recientemente solicitaron al fiscal jefe de Catalunya, Francisco Ba\u00f1eres, \u201carmas legales\u201d para desocuparlos y precintarlos. Se trata de poco m\u00e1s de medio centenar de viviendas en edificios de Barcelona y el \u00e1rea metropolitana que sirven de guarida de delincuentes multirreincidentes y provocan una gran alarma entre los vecinos con los que comparten escalera. Respecto al \u00faltimo semestre de 2020, el fen\u00f3meno tambi\u00e9n se ha intensificado en la Comunidad Valenciana, con un aumento semestral interanual del 14,11%, hasta un total de 566 denuncias; en Galicia donde la progresi\u00f3n registrada ha sido del 33,89% para llegar a las 79 demandas de enero a junio pasado, y en Murcia, donde los casos han crecido un 19,72%. En el caso de Catalu\u00f1a, la mayor parte de denuncias se producen en la ciudad de Barcelona. En el primer semestre de este a\u00f1o, las ocupaciones ilegales en la ciudad alcanzaron los 2.644 casos demandados, m\u00e1s de 200 respecto del mismo periodo de 2019. El \u00faltimo censo de vivienda del Ayuntamiento de Barcelona, de marzo de 2019, hab\u00eda detectado unas 10.052 pisos vac\u00edos, que representaba el 1,22% del parque de viviendas de la ciudad.<\/p>\n","protected":false},"author":20,"featured_media":39293,"comment_status":"open","ping_status":"open","sticky":false,"template":"","format":"standard","meta":{"_FSMCFIC_featured_image_caption":"","_FSMCFIC_featured_image_nocaption":"","_FSMCFIC_featured_image_hide":"","footnotes":""},"categories":[806],"tags":[833,889,845,2847],"class_list":["post-39329","post","type-post","status-publish","format-standard","has-post-thumbnail","hentry","category-punts-claus-del-dia-es","tag-ada-colau-es","tag-barcelona-es","tag-catalunya-es","tag-ocupacion-ilegal"],"yoast_head":"<!-- This site is optimized with the Yoast SEO plugin v26.8 - https:\/\/yoast.com\/product\/yoast-seo-wordpress\/ -->\n<title>Catalu\u00f1a es la comunidad aut\u00f3noma con m\u00e1s ocupaci\u00f3n ilegal -<\/title>\n<meta name=\"description\" content=\"En los \u00faltimos a\u00f1os la ocupaci\u00f3n ilegal es cada vez un problema mayor. En este 2020 tiene m\u00e1s del 50% de las 7.450 denuncias contabilizadas en Espa\u00f1a\" \/>\n<meta name=\"robots\" content=\"index, follow, max-snippet:-1, max-image-preview:large, max-video-preview:-1\" \/>\n<link rel=\"canonical\" href=\"https:\/\/conversesacatalunya.cat\/es\/cataluna-es-la-comunidad-autonoma-con-mas-ocupacion-ilegal\/\" \/>\n<meta property=\"og:locale\" content=\"es_ES\" \/>\n<meta property=\"og:type\" content=\"article\" \/>\n<meta property=\"og:title\" content=\"Catalu\u00f1a es la comunidad aut\u00f3noma con m\u00e1s ocupaci\u00f3n ilegal -\" \/>\n<meta property=\"og:description\" content=\"En los \u00faltimos a\u00f1os la ocupaci\u00f3n ilegal es cada vez un problema mayor. En este 2020 tiene m\u00e1s del 50% de las 7.450 denuncias contabilizadas en Espa\u00f1a\" \/>\n<meta property=\"og:url\" content=\"https:\/\/conversesacatalunya.cat\/es\/cataluna-es-la-comunidad-autonoma-con-mas-ocupacion-ilegal\/\" \/>\n<meta property=\"og:site_name\" content=\"Converses a Catalunya\" \/>\n<meta property=\"article:published_time\" content=\"2020-08-12T05:51:36+00:00\" \/>\n<meta property=\"article:modified_time\" content=\"2020-08-20T16:41:46+00:00\" \/>\n<meta property=\"og:image\" content=\"https:\/\/conversesacatalunya.cat\/wp-content\/uploads\/2020\/08\/Capture-4.png\" \/>\n\t<meta property=\"og:image:width\" content=\"1102\" \/>\n\t<meta property=\"og:image:height\" content=\"728\" \/>\n\t<meta property=\"og:image:type\" content=\"image\/png\" \/>\n<meta name=\"author\" content=\"conversesacatalunya\" \/>\n<meta name=\"twitter:card\" content=\"summary_large_image\" \/>\n<meta name=\"twitter:label1\" content=\"Escrito por\" \/>\n\t<meta name=\"twitter:data1\" content=\"conversesacatalunya\" \/>\n\t<meta name=\"twitter:label2\" content=\"Tiempo de lectura\" \/>\n\t<meta name=\"twitter:data2\" content=\"2 minutos\" \/>\n<script type=\"application\/ld+json\" class=\"yoast-schema-graph\">{\"@context\":\"https:\/\/schema.org\",\"@graph\":[{\"@type\":\"Article\",\"@id\":\"https:\/\/conversesacatalunya.cat\/es\/cataluna-es-la-comunidad-autonoma-con-mas-ocupacion-ilegal\/#article\",\"isPartOf\":{\"@id\":\"https:\/\/conversesacatalunya.cat\/es\/cataluna-es-la-comunidad-autonoma-con-mas-ocupacion-ilegal\/\"},\"author\":{\"name\":\"conversesacatalunya\",\"@id\":\"https:\/\/conversesacatalunya.cat\/#\/schema\/person\/a7a9496a363cd9847daf7cd659d92e64\"},\"headline\":\"Catalu\u00f1a es la comunidad aut\u00f3noma con m\u00e1s ocupaci\u00f3n ilegal\",\"datePublished\":\"2020-08-12T05:51:36+00:00\",\"dateModified\":\"2020-08-20T16:41:46+00:00\",\"mainEntityOfPage\":{\"@id\":\"https:\/\/conversesacatalunya.cat\/es\/cataluna-es-la-comunidad-autonoma-con-mas-ocupacion-ilegal\/\"},\"wordCount\":426,\"commentCount\":0,\"image\":{\"@id\":\"https:\/\/conversesacatalunya.cat\/es\/cataluna-es-la-comunidad-autonoma-con-mas-ocupacion-ilegal\/#primaryimage\"},\"thumbnailUrl\":\"https:\/\/conversesacatalunya.cat\/wp-content\/uploads\/2020\/08\/Capture-4.png\",\"keywords\":[\"Ada Colau\",\"Barcelona\",\"Catalunya\",\"ocupaci\u00f3n ilegal\"],\"articleSection\":[\"Punts clau del dia (ES)\"],\"inLanguage\":\"es\",\"potentialAction\":[{\"@type\":\"CommentAction\",\"name\":\"Comment\",\"target\":[\"https:\/\/conversesacatalunya.cat\/es\/cataluna-es-la-comunidad-autonoma-con-mas-ocupacion-ilegal\/#respond\"]}]},{\"@type\":\"WebPage\",\"@id\":\"https:\/\/conversesacatalunya.cat\/es\/cataluna-es-la-comunidad-autonoma-con-mas-ocupacion-ilegal\/\",\"url\":\"https:\/\/conversesacatalunya.cat\/es\/cataluna-es-la-comunidad-autonoma-con-mas-ocupacion-ilegal\/\",\"name\":\"Catalu\u00f1a es la comunidad aut\u00f3noma con m\u00e1s ocupaci\u00f3n ilegal -\",\"isPartOf\":{\"@id\":\"https:\/\/conversesacatalunya.cat\/#website\"},\"primaryImageOfPage\":{\"@id\":\"https:\/\/conversesacatalunya.cat\/es\/cataluna-es-la-comunidad-autonoma-con-mas-ocupacion-ilegal\/#primaryimage\"},\"image\":{\"@id\":\"https:\/\/conversesacatalunya.cat\/es\/cataluna-es-la-comunidad-autonoma-con-mas-ocupacion-ilegal\/#primaryimage\"},\"thumbnailUrl\":\"https:\/\/conversesacatalunya.cat\/wp-content\/uploads\/2020\/08\/Capture-4.png\",\"datePublished\":\"2020-08-12T05:51:36+00:00\",\"dateModified\":\"2020-08-20T16:41:46+00:00\",\"author\":{\"@id\":\"https:\/\/conversesacatalunya.cat\/#\/schema\/person\/a7a9496a363cd9847daf7cd659d92e64\"},\"description\":\"En los \u00faltimos a\u00f1os la ocupaci\u00f3n ilegal es cada vez un problema mayor. En este 2020 tiene m\u00e1s del 50% de las 7.450 denuncias contabilizadas en Espa\u00f1a\",\"breadcrumb\":{\"@id\":\"https:\/\/conversesacatalunya.cat\/es\/cataluna-es-la-comunidad-autonoma-con-mas-ocupacion-ilegal\/#breadcrumb\"},\"inLanguage\":\"es\",\"potentialAction\":[{\"@type\":\"ReadAction\",\"target\":[\"https:\/\/conversesacatalunya.cat\/es\/cataluna-es-la-comunidad-autonoma-con-mas-ocupacion-ilegal\/\"]}]},{\"@type\":\"ImageObject\",\"inLanguage\":\"es\",\"@id\":\"https:\/\/conversesacatalunya.cat\/es\/cataluna-es-la-comunidad-autonoma-con-mas-ocupacion-ilegal\/#primaryimage\",\"url\":\"https:\/\/conversesacatalunya.cat\/wp-content\/uploads\/2020\/08\/Capture-4.png\",\"contentUrl\":\"https:\/\/conversesacatalunya.cat\/wp-content\/uploads\/2020\/08\/Capture-4.png\",\"width\":1102,\"height\":728,\"caption\":\"ocupaci\u00f3 il\u00b7legal\"},{\"@type\":\"BreadcrumbList\",\"@id\":\"https:\/\/conversesacatalunya.cat\/es\/cataluna-es-la-comunidad-autonoma-con-mas-ocupacion-ilegal\/#breadcrumb\",\"itemListElement\":[{\"@type\":\"ListItem\",\"position\":1,\"name\":\"Inici\",\"item\":\"https:\/\/conversesacatalunya.cat\/es\/\"},{\"@type\":\"ListItem\",\"position\":2,\"name\":\"Catalu\u00f1a es la comunidad aut\u00f3noma con m\u00e1s ocupaci\u00f3n ilegal\"}]},{\"@type\":\"WebSite\",\"@id\":\"https:\/\/conversesacatalunya.cat\/#website\",\"url\":\"https:\/\/conversesacatalunya.cat\/\",\"name\":\"Converses a Catalunya\",\"description\":\"\",\"potentialAction\":[{\"@type\":\"SearchAction\",\"target\":{\"@type\":\"EntryPoint\",\"urlTemplate\":\"https:\/\/conversesacatalunya.cat\/?s={search_term_string}\"},\"query-input\":{\"@type\":\"PropertyValueSpecification\",\"valueRequired\":true,\"valueName\":\"search_term_string\"}}],\"inLanguage\":\"es\"},{\"@type\":\"Person\",\"@id\":\"https:\/\/conversesacatalunya.cat\/#\/schema\/person\/a7a9496a363cd9847daf7cd659d92e64\",\"name\":\"conversesacatalunya\",\"image\":{\"@type\":\"ImageObject\",\"inLanguage\":\"es\",\"@id\":\"https:\/\/conversesacatalunya.cat\/#\/schema\/person\/image\/\",\"url\":\"https:\/\/conversesacatalunya.cat\/wp-content\/litespeed\/avatar\/ff91582b44ff9c880dc9c5ac2f5c7e89.jpg?ver=1777372947\",\"contentUrl\":\"https:\/\/conversesacatalunya.cat\/wp-content\/litespeed\/avatar\/ff91582b44ff9c880dc9c5ac2f5c7e89.jpg?ver=1777372947\",\"caption\":\"conversesacatalunya\"},\"url\":\"https:\/\/conversesacatalunya.cat\/es\/author\/francisco_garcia\/\"}]}<\/script>\n<!-- \/ Yoast SEO plugin. -->","yoast_head_json":{"title":"Catalu\u00f1a es la comunidad aut\u00f3noma con m\u00e1s ocupaci\u00f3n ilegal -","description":"En los \u00faltimos a\u00f1os la ocupaci\u00f3n ilegal es cada vez un problema mayor. En este 2020 tiene m\u00e1s del 50% de las 7.450 denuncias contabilizadas en Espa\u00f1a","robots":{"index":"index","follow":"follow","max-snippet":"max-snippet:-1","max-image-preview":"max-image-preview:large","max-video-preview":"max-video-preview:-1"},"canonical":"https:\/\/conversesacatalunya.cat\/es\/cataluna-es-la-comunidad-autonoma-con-mas-ocupacion-ilegal\/","og_locale":"es_ES","og_type":"article","og_title":"Catalu\u00f1a es la comunidad aut\u00f3noma con m\u00e1s ocupaci\u00f3n ilegal -","og_description":"En los \u00faltimos a\u00f1os la ocupaci\u00f3n ilegal es cada vez un problema mayor. En este 2020 tiene m\u00e1s del 50% de las 7.450 denuncias contabilizadas en Espa\u00f1a","og_url":"https:\/\/conversesacatalunya.cat\/es\/cataluna-es-la-comunidad-autonoma-con-mas-ocupacion-ilegal\/","og_site_name":"Converses a Catalunya","article_published_time":"2020-08-12T05:51:36+00:00","article_modified_time":"2020-08-20T16:41:46+00:00","og_image":[{"width":1102,"height":728,"url":"https:\/\/conversesacatalunya.cat\/wp-content\/uploads\/2020\/08\/Capture-4.png","type":"image\/png"}],"author":"conversesacatalunya","twitter_card":"summary_large_image","twitter_misc":{"Escrito por":"conversesacatalunya","Tiempo de lectura":"2 minutos"},"schema":{"@context":"https:\/\/schema.org","@graph":[{"@type":"Article","@id":"https:\/\/conversesacatalunya.cat\/es\/cataluna-es-la-comunidad-autonoma-con-mas-ocupacion-ilegal\/#article","isPartOf":{"@id":"https:\/\/conversesacatalunya.cat\/es\/cataluna-es-la-comunidad-autonoma-con-mas-ocupacion-ilegal\/"},"author":{"name":"conversesacatalunya","@id":"https:\/\/conversesacatalunya.cat\/#\/schema\/person\/a7a9496a363cd9847daf7cd659d92e64"},"headline":"Catalu\u00f1a es la comunidad aut\u00f3noma con m\u00e1s ocupaci\u00f3n ilegal","datePublished":"2020-08-12T05:51:36+00:00","dateModified":"2020-08-20T16:41:46+00:00","mainEntityOfPage":{"@id":"https:\/\/conversesacatalunya.cat\/es\/cataluna-es-la-comunidad-autonoma-con-mas-ocupacion-ilegal\/"},"wordCount":426,"commentCount":0,"image":{"@id":"https:\/\/conversesacatalunya.cat\/es\/cataluna-es-la-comunidad-autonoma-con-mas-ocupacion-ilegal\/#primaryimage"},"thumbnailUrl":"https:\/\/conversesacatalunya.cat\/wp-content\/uploads\/2020\/08\/Capture-4.png","keywords":["Ada Colau","Barcelona","Catalunya","ocupaci\u00f3n ilegal"],"articleSection":["Punts clau del dia (ES)"],"inLanguage":"es","potentialAction":[{"@type":"CommentAction","name":"Comment","target":["https:\/\/conversesacatalunya.cat\/es\/cataluna-es-la-comunidad-autonoma-con-mas-ocupacion-ilegal\/#respond"]}]},{"@type":"WebPage","@id":"https:\/\/conversesacatalunya.cat\/es\/cataluna-es-la-comunidad-autonoma-con-mas-ocupacion-ilegal\/","url":"https:\/\/conversesacatalunya.cat\/es\/cataluna-es-la-comunidad-autonoma-con-mas-ocupacion-ilegal\/","name":"Catalu\u00f1a es la comunidad aut\u00f3noma con m\u00e1s ocupaci\u00f3n ilegal -","isPartOf":{"@id":"https:\/\/conversesacatalunya.cat\/#website"},"primaryImageOfPage":{"@id":"https:\/\/conversesacatalunya.cat\/es\/cataluna-es-la-comunidad-autonoma-con-mas-ocupacion-ilegal\/#primaryimage"},"image":{"@id":"https:\/\/conversesacatalunya.cat\/es\/cataluna-es-la-comunidad-autonoma-con-mas-ocupacion-ilegal\/#primaryimage"},"thumbnailUrl":"https:\/\/conversesacatalunya.cat\/wp-content\/uploads\/2020\/08\/Capture-4.png","datePublished":"2020-08-12T05:51:36+00:00","dateModified":"2020-08-20T16:41:46+00:00","author":{"@id":"https:\/\/conversesacatalunya.cat\/#\/schema\/person\/a7a9496a363cd9847daf7cd659d92e64"},"description":"En los \u00faltimos a\u00f1os la ocupaci\u00f3n ilegal es cada vez un problema mayor. En este 2020 tiene m\u00e1s del 50% de las 7.450 denuncias contabilizadas en Espa\u00f1a","breadcrumb":{"@id":"https:\/\/conversesacatalunya.cat\/es\/cataluna-es-la-comunidad-autonoma-con-mas-ocupacion-ilegal\/#breadcrumb"},"inLanguage":"es","potentialAction":[{"@type":"ReadAction","target":["https:\/\/conversesacatalunya.cat\/es\/cataluna-es-la-comunidad-autonoma-con-mas-ocupacion-ilegal\/"]}]},{"@type":"ImageObject","inLanguage":"es","@id":"https:\/\/conversesacatalunya.cat\/es\/cataluna-es-la-comunidad-autonoma-con-mas-ocupacion-ilegal\/#primaryimage","url":"https:\/\/conversesacatalunya.cat\/wp-content\/uploads\/2020\/08\/Capture-4.png","contentUrl":"https:\/\/conversesacatalunya.cat\/wp-content\/uploads\/2020\/08\/Capture-4.png","width":1102,"height":728,"caption":"ocupaci\u00f3 il\u00b7legal"},{"@type":"BreadcrumbList","@id":"https:\/\/conversesacatalunya.cat\/es\/cataluna-es-la-comunidad-autonoma-con-mas-ocupacion-ilegal\/#breadcrumb","itemListElement":[{"@type":"ListItem","position":1,"name":"Inici","item":"https:\/\/conversesacatalunya.cat\/es\/"},{"@type":"ListItem","position":2,"name":"Catalu\u00f1a es la comunidad aut\u00f3noma con m\u00e1s ocupaci\u00f3n ilegal"}]},{"@type":"WebSite","@id":"https:\/\/conversesacatalunya.cat\/#website","url":"https:\/\/conversesacatalunya.cat\/","name":"Converses a Catalunya","description":"","potentialAction":[{"@type":"SearchAction","target":{"@type":"EntryPoint","urlTemplate":"https:\/\/conversesacatalunya.cat\/?s={search_term_string}"},"query-input":{"@type":"PropertyValueSpecification","valueRequired":true,"valueName":"search_term_string"}}],"inLanguage":"es"},{"@type":"Person","@id":"https:\/\/conversesacatalunya.cat\/#\/schema\/person\/a7a9496a363cd9847daf7cd659d92e64","name":"conversesacatalunya","image":{"@type":"ImageObject","inLanguage":"es","@id":"https:\/\/conversesacatalunya.cat\/#\/schema\/person\/image\/","url":"https:\/\/conversesacatalunya.cat\/wp-content\/litespeed\/avatar\/ff91582b44ff9c880dc9c5ac2f5c7e89.jpg?ver=1777372947","contentUrl":"https:\/\/conversesacatalunya.cat\/wp-content\/litespeed\/avatar\/ff91582b44ff9c880dc9c5ac2f5c7e89.jpg?ver=1777372947","caption":"conversesacatalunya"},"url":"https:\/\/conversesacatalunya.cat\/es\/author\/francisco_garcia\/"}]}},"wps_subtitle":"En los \u00faltimos a\u00f1os la ocupaci\u00f3n ilegal es cada vez un problema mayor, intensific\u00e1ndose la situaci\u00f3n en Catalu\u00f1a. El principado en este 2020 tiene m\u00e1s del 50% de las 7.450 denuncias contabilizadas en Espa\u00f1a","_links":{"self":[{"href":"https:\/\/conversesacatalunya.cat\/es\/wp-json\/wp\/v2\/posts\/39329","targetHints":{"allow":["GET"]}}],"collection":[{"href":"https:\/\/conversesacatalunya.cat\/es\/wp-json\/wp\/v2\/posts"}],"about":[{"href":"https:\/\/conversesacatalunya.cat\/es\/wp-json\/wp\/v2\/types\/post"}],"author":[{"embeddable":true,"href":"https:\/\/conversesacatalunya.cat\/es\/wp-json\/wp\/v2\/users\/20"}],"replies":[{"embeddable":true,"href":"https:\/\/conversesacatalunya.cat\/es\/wp-json\/wp\/v2\/comments?post=39329"}],"version-history":[{"count":2,"href":"https:\/\/conversesacatalunya.cat\/es\/wp-json\/wp\/v2\/posts\/39329\/revisions"}],"predecessor-version":[{"id":39331,"href":"https:\/\/conversesacatalunya.cat\/es\/wp-json\/wp\/v2\/posts\/39329\/revisions\/39331"}],"wp:featuredmedia":[{"embeddable":true,"href":"https:\/\/conversesacatalunya.cat\/es\/wp-json\/wp\/v2\/media\/39293"}],"wp:attachment":[{"href":"https:\/\/conversesacatalunya.cat\/es\/wp-json\/wp\/v2\/media?parent=39329"}],"wp:term":[{"taxonomy":"category","embeddable":true,"href":"https:\/\/conversesacatalunya.cat\/es\/wp-json\/wp\/v2\/categories?post=39329"},{"taxonomy":"post_tag","embeddable":true,"href":"https:\/\/conversesacatalunya.cat\/es\/wp-json\/wp\/v2\/tags?post=39329"}],"curies":[{"name":"wp","href":"https:\/\/api.w.org\/{rel}","templated":true}]}}