{"id":39277,"date":"2020-08-14T09:13:51","date_gmt":"2020-08-14T07:13:51","guid":{"rendered":"https:\/\/conversesacatalunya.cat\/?p=39277"},"modified":"2020-08-10T13:37:54","modified_gmt":"2020-08-10T11:37:54","slug":"escenarios-1-de-enero-de-2021","status":"publish","type":"post","link":"https:\/\/conversesacatalunya.cat\/es\/escenarios-1-de-enero-de-2021\/","title":{"rendered":"Escenarios de la derrota. C\u00f3mo ser\u00e1 la situaci\u00f3n a 1 de enero de 2021"},"content":{"rendered":"<p>Es posible aproximar cu\u00e1l ser\u00e1 la realidad de Catalu\u00f1a en cuanto a sus dimensiones socioecon\u00f3micas m\u00e1s importantes a finales de a\u00f1o. El escenario que describiremos se fundamenta en las previsiones actuales sobre la ca\u00edda del PIB y los datos de la crisis pasada, la que se inici\u00f3 en 2008. Por lo tanto, si los rebrotes se multiplican y se dan nuevos periodos de confinamientos territoriales, estos escenarios a\u00fan se pueden agudizar. Siendo malos no ser\u00eda la peor hip\u00f3tesis.<\/p>\n<p>En cuanto al dato m\u00e1s determinante, <strong>la renta media por hogar<\/strong> se situar\u00eda en el mismo nivel que en el per\u00edodo m\u00e1s agudo de la crisis, es decir en el a\u00f1o 2013. Significar\u00eda que en menos de un a\u00f1o habr\u00edamos ca\u00eddo lo mismo que se tard\u00f3 en cinco a\u00f1os en la crisis pasada. Ser\u00e1 por tanto un choque brutal. Hay que ver si las pol\u00edticas p\u00fablicas consiguen atenuar sus efectos, porque lo m\u00e1s importante es no perder puestos de trabajo, no dejar al margen las familias y no romper la estructura de producci\u00f3n y sus cadenas de valor. Si esto no se consigue en una medida razonable, el periodo de recuperaci\u00f3n ser\u00e1 muy dif\u00edcil porque evidentemente <strong>no es lo mismo recibir una vez a que te rompan el hueso.<\/strong><\/p>\n<p>La previsi\u00f3n para situarnos al mismo nivel del 2019 nos situar\u00eda a finales de 2023 y esto representar\u00eda, entre subidas y bajadas, que habremos vivido un periodo cr\u00edtico extraordinariamente largo que se inici\u00f3 en 2008, con la crisis de las <em>suprime<\/em>, que se remont\u00f3 entre el 2018 y 2019 fugazmente, para volver a caer en 2020. A esta caracterizaci\u00f3n temporal de la crisis econ\u00f3mica hay que a\u00f1adir la pol\u00edtica, que tambi\u00e9n tiene incidencia sobre ella. Y aqu\u00ed<strong> hay que referirse a la d\u00e9cada perdida que va de 2010 a 2020 y que simb\u00f3licamente se inicia con la sentencia del Tribunal Constitucional<\/strong>. En realidad esta dataci\u00f3n que gusta mucho, es poco realista porque las grandes convulsiones pol\u00edticas en realidad no empezaron hasta dos a\u00f1os m\u00e1s tarde, si bien es cierto que a partir de la sentencia la pol\u00edtica catalana se desvi\u00f3 de la gesti\u00f3n del pa\u00eds para entrar en conflicto con la pol\u00edtica del estado.<\/p>\n<h4>Una serie de indicadores de la situaci\u00f3n socioecon\u00f3mica <strong>nos pueden revelar el escenario que nos encontraremos a principios del a\u00f1o que viene en Catalu\u00f1a<\/strong>.<\/h4>\n<p>Previsiblemente el <a href=\"https:\/\/www.eapn.es\/estadodepobreza\/\" target=\"_blank\" rel=\"noopener noreferrer\">indicador de pobreza<\/a> AROPE se situar\u00eda en el 22,6% teniendo como referencia la escala espa\u00f1ola, y en el mismo sentido el riesgo de pobreza se situar\u00eda en torno al 15,8,%. Naturalmente si en lugar de la media de la renta espa\u00f1ola utilizamos la catalana, entonces <strong>este riesgo de pobreza crece y afectar\u00eda uno de cada cinco catalanes.<\/strong> La pobreza material severa, lo que podr\u00edamos llamar un estado de necesidad claro, afectar\u00eda al 7,5% de la poblaci\u00f3n y los hogares con baja intensidad de trabajo ser\u00edan el 11,5%. Entre estas dos \u00faltimas cifras se mover\u00eda la dimensi\u00f3n de la poblaci\u00f3n de Catalu\u00f1a que tendr\u00eda unas necesidades vitales insatisfechas y perentorias. Ser\u00edan aproximadamente entre 750.000 a 800.000 personas. Hay que ver si el escudo social dise\u00f1ado por el gobierno espa\u00f1ol y las medidas que pueda tomar la Generalitat, por el momento desconocidas, y la de los grandes ayuntamientos pueden paliar el impacto social de unas cifras tan duras.<\/p>\n<span class='bctt-click-to-tweet'><span class='bctt-ctt-text'><a href='https:\/\/twitter.com\/intent\/tweet?url=https%3A%2F%2Fconversesacatalunya.cat%2Fes%2Fescenarios-1-de-enero-de-2021%2F&#038;text=Si%20en%20lugar%20de%20la%20media%20de%20la%20renta%20espa%C3%B1ola%20utilizamos%20la%20catalana%2C%20entonces%20este%20riesgo%20de%20pobreza%20crece%20y%20afectar%C3%ADa%20uno%20de%20cada%20cinco%20catalanes&#038;via=conversesacat&#038;related=conversesacat' target='_blank'rel=\"noopener noreferrer\">Si en lugar de la media de la renta espa\u00f1ola utilizamos la catalana, entonces este riesgo de pobreza crece y afectar\u00eda uno de cada cinco catalanes <\/a><\/span><a href='https:\/\/twitter.com\/intent\/tweet?url=https%3A%2F%2Fconversesacatalunya.cat%2Fes%2Fescenarios-1-de-enero-de-2021%2F&#038;text=Si%20en%20lugar%20de%20la%20media%20de%20la%20renta%20espa%C3%B1ola%20utilizamos%20la%20catalana%2C%20entonces%20este%20riesgo%20de%20pobreza%20crece%20y%20afectar%C3%ADa%20uno%20de%20cada%20cinco%20catalanes&#038;via=conversesacat&#038;related=conversesacat' target='_blank' class='bctt-ctt-btn'rel=\"noopener noreferrer\">Compartir en X<\/a><\/span>\n<div id=\"polls-64\" class=\"wp-polls\">\n\t<form id=\"polls_form_64\" class=\"wp-polls-form\" action=\"\/index.php\" method=\"post\">\n\t\t<p style=\"display: none;\"><input type=\"hidden\" id=\"poll_64_nonce\" name=\"wp-polls-nonce\" value=\"040a59309f\" \/><\/p>\n\t\t<p style=\"display: none;\"><input type=\"hidden\" name=\"poll_id\" value=\"64\" \/><\/p>\n\t\t<p style=\"display: none;\"><input type=\"hidden\" id=\"poll_multiple_ans_64\" name=\"poll_multiple_ans_64\" value=\"2\" \/><\/p>\n\t\t<p style=\"text-align: center\"><strong>Enguany, on passareu o heu passat les vacances d'estiu?<\/strong><\/p><div id=\"polls-64-ans\" class=\"wp-polls-ans\"><ul class=\"wp-polls-ul\">\n\t\t<li><input type=\"checkbox\" id=\"poll-answer-136\" name=\"poll_64\" value=\"136\" \/> <label for=\"poll-answer-136\">A casa<\/label><\/li>\n\t\t<li><input type=\"checkbox\" id=\"poll-answer-137\" name=\"poll_64\" value=\"137\" \/> <label for=\"poll-answer-137\">A Catalunya<\/label><\/li>\n\t\t<li><input type=\"checkbox\" id=\"poll-answer-138\" name=\"poll_64\" value=\"138\" \/> <label for=\"poll-answer-138\">A Espanya<\/label><\/li>\n\t\t<li><input type=\"checkbox\" id=\"poll-answer-139\" name=\"poll_64\" value=\"139\" \/> <label for=\"poll-answer-139\">A l'estranger<\/label><\/li>\n\t\t<\/ul><p style=\"text-align: center\"><input type=\"button\" name=\"vote\" value=\"   Vota   \" class=\"Buttons\" onclick=\"poll_vote(64);\" \/><\/p><p style=\"text-align: center\"><a href=\"#ViewPollResults\" onclick=\"poll_result(64); return false;\" title=\"View Results Of This Poll\">Mira els resultats<\/a><\/p><\/div>\n\t<\/form>\n<\/div>\n<div id=\"polls-64-loading\" class=\"wp-polls-loading\"><img decoding=\"async\" data-src=\"https:\/\/conversesacatalunya.cat\/wp-content\/plugins\/wp-polls\/images\/loading.gif\" width=\"16\" height=\"16\" alt=\"Cargando ...\" title=\"Cargando ...\" class=\"wp-polls-image lazyload\" src=\"data:image\/svg+xml;base64,PHN2ZyB3aWR0aD0iMSIgaGVpZ2h0PSIxIiB4bWxucz0iaHR0cDovL3d3dy53My5vcmcvMjAwMC9zdmciPjwvc3ZnPg==\" style=\"--smush-placeholder-width: 16px; --smush-placeholder-aspect-ratio: 16\/16;\" \/>&nbsp;Cargando ...<\/div>\n\n<p>&nbsp;<\/p>\n","protected":false},"excerpt":{"rendered":"<p>Es posible aproximar cu\u00e1l ser\u00e1 la realidad de Catalu\u00f1a en cuanto a sus dimensiones socioecon\u00f3micas m\u00e1s importantes a finales de a\u00f1o. El escenario que describiremos se fundamenta en las previsiones actuales sobre la ca\u00edda del PIB y los datos de la crisis pasada, la que se inici\u00f3 en 2008. Por lo tanto, si los rebrotes se multiplican y se dan nuevos periodos de confinamientos territoriales, estos escenarios a\u00fan se pueden agudizar. Siendo malos no ser\u00eda la peor hip\u00f3tesis. En cuanto al dato m\u00e1s determinante, la renta media por hogar se situar\u00eda en el mismo nivel que en el per\u00edodo m\u00e1s agudo de la crisis, es decir en el a\u00f1o 2013. Significar\u00eda que en menos de un a\u00f1o habr\u00edamos ca\u00eddo lo mismo que se tard\u00f3 en cinco a\u00f1os en la crisis pasada. Ser\u00e1 por tanto un choque brutal. Hay que ver si las pol\u00edticas p\u00fablicas consiguen atenuar sus efectos, porque lo m\u00e1s importante es no perder puestos de trabajo, no dejar al margen las familias y no romper la estructura de producci\u00f3n y sus cadenas de valor. Si esto no se consigue en una medida razonable, el periodo de recuperaci\u00f3n ser\u00e1 muy dif\u00edcil porque evidentemente no es lo mismo recibir una vez a que te rompan el hueso. La previsi\u00f3n para situarnos al mismo nivel del 2019 nos situar\u00eda a finales de 2023 y esto representar\u00eda, entre subidas y bajadas, que habremos vivido un periodo cr\u00edtico extraordinariamente largo que se inici\u00f3 en 2008, con la crisis de las suprime, que se remont\u00f3 entre el 2018 y 2019 fugazmente, para volver a caer en 2020. A esta caracterizaci\u00f3n temporal de la crisis econ\u00f3mica hay que a\u00f1adir la pol\u00edtica, que tambi\u00e9n tiene incidencia sobre ella. Y aqu\u00ed hay que referirse a la d\u00e9cada perdida que va de 2010 a 2020 y que simb\u00f3licamente se inicia con la sentencia del Tribunal Constitucional. En realidad esta dataci\u00f3n que gusta mucho, es poco realista porque las grandes convulsiones pol\u00edticas en realidad no empezaron hasta dos a\u00f1os m\u00e1s tarde, si bien es cierto que a partir de la sentencia la pol\u00edtica catalana se desvi\u00f3 de la gesti\u00f3n del pa\u00eds para entrar en conflicto con la pol\u00edtica del estado. Una serie de indicadores de la situaci\u00f3n socioecon\u00f3mica nos pueden revelar el escenario que nos encontraremos a principios del a\u00f1o que viene en Catalu\u00f1a. Previsiblemente el indicador de pobreza AROPE se situar\u00eda en el 22,6% teniendo como referencia la escala espa\u00f1ola, y en el mismo sentido el riesgo de pobreza se situar\u00eda en torno al 15,8,%. Naturalmente si en lugar de la media de la renta espa\u00f1ola utilizamos la catalana, entonces este riesgo de pobreza crece y afectar\u00eda uno de cada cinco catalanes. La pobreza material severa, lo que podr\u00edamos llamar un estado de necesidad claro, afectar\u00eda al 7,5% de la poblaci\u00f3n y los hogares con baja intensidad de trabajo ser\u00edan el 11,5%. Entre estas dos \u00faltimas cifras se mover\u00eda la dimensi\u00f3n de la poblaci\u00f3n de Catalu\u00f1a que tendr\u00eda unas necesidades vitales insatisfechas y perentorias. Ser\u00edan aproximadamente entre 750.000 a 800.000 personas. Hay que ver si el escudo social dise\u00f1ado por el gobierno espa\u00f1ol y las medidas que pueda tomar la Generalitat, por el momento desconocidas, y la de los grandes ayuntamientos pueden paliar el impacto social de unas cifras tan duras. &nbsp;<\/p>\n","protected":false},"author":2,"featured_media":39259,"comment_status":"open","ping_status":"open","sticky":false,"template":"","format":"standard","meta":{"_FSMCFIC_featured_image_caption":"","_FSMCFIC_featured_image_nocaption":"","_FSMCFIC_featured_image_hide":"","footnotes":""},"categories":[806],"tags":[2431,2432],"class_list":["post-39277","post","type-post","status-publish","format-standard","has-post-thumbnail","hentry","category-punts-claus-del-dia-es","tag-crisi-pandemia-es","tag-crisis-pandemia"],"yoast_head":"<!-- This site is optimized with the Yoast SEO plugin v26.8 - https:\/\/yoast.com\/product\/yoast-seo-wordpress\/ -->\n<title>Escenarios de la derrota. C\u00f3mo ser\u00e1 la situaci\u00f3n a 1 de enero de 2021 - Converses a Catalunya<\/title>\n<meta name=\"robots\" content=\"index, follow, max-snippet:-1, max-image-preview:large, max-video-preview:-1\" \/>\n<link rel=\"canonical\" href=\"https:\/\/conversesacatalunya.cat\/es\/escenarios-1-de-enero-de-2021\/\" \/>\n<meta property=\"og:locale\" content=\"es_ES\" \/>\n<meta property=\"og:type\" content=\"article\" \/>\n<meta property=\"og:title\" content=\"Escenarios de la derrota. C\u00f3mo ser\u00e1 la situaci\u00f3n a 1 de enero de 2021 - Converses a Catalunya\" \/>\n<meta property=\"og:description\" content=\"Es posible aproximar cu\u00e1l ser\u00e1 la realidad de Catalu\u00f1a en cuanto a sus dimensiones socioecon\u00f3micas m\u00e1s importantes a finales de a\u00f1o. El escenario que describiremos se fundamenta en las previsiones actuales sobre la ca\u00edda del PIB y los datos de la crisis pasada, la que se inici\u00f3 en 2008. Por lo tanto, si los rebrotes se multiplican y se dan nuevos periodos de confinamientos territoriales, estos escenarios a\u00fan se pueden agudizar. Siendo malos no ser\u00eda la peor hip\u00f3tesis. En cuanto al dato m\u00e1s determinante, la renta media por hogar se situar\u00eda en el mismo nivel que en el per\u00edodo m\u00e1s agudo de la crisis, es decir en el a\u00f1o 2013. Significar\u00eda que en menos de un a\u00f1o habr\u00edamos ca\u00eddo lo mismo que se tard\u00f3 en cinco a\u00f1os en la crisis pasada. Ser\u00e1 por tanto un choque brutal. Hay que ver si las pol\u00edticas p\u00fablicas consiguen atenuar sus efectos, porque lo m\u00e1s importante es no perder puestos de trabajo, no dejar al margen las familias y no romper la estructura de producci\u00f3n y sus cadenas de valor. Si esto no se consigue en una medida razonable, el periodo de recuperaci\u00f3n ser\u00e1 muy dif\u00edcil porque evidentemente no es lo mismo recibir una vez a que te rompan el hueso. La previsi\u00f3n para situarnos al mismo nivel del 2019 nos situar\u00eda a finales de 2023 y esto representar\u00eda, entre subidas y bajadas, que habremos vivido un periodo cr\u00edtico extraordinariamente largo que se inici\u00f3 en 2008, con la crisis de las suprime, que se remont\u00f3 entre el 2018 y 2019 fugazmente, para volver a caer en 2020. A esta caracterizaci\u00f3n temporal de la crisis econ\u00f3mica hay que a\u00f1adir la pol\u00edtica, que tambi\u00e9n tiene incidencia sobre ella. Y aqu\u00ed hay que referirse a la d\u00e9cada perdida que va de 2010 a 2020 y que simb\u00f3licamente se inicia con la sentencia del Tribunal Constitucional. En realidad esta dataci\u00f3n que gusta mucho, es poco realista porque las grandes convulsiones pol\u00edticas en realidad no empezaron hasta dos a\u00f1os m\u00e1s tarde, si bien es cierto que a partir de la sentencia la pol\u00edtica catalana se desvi\u00f3 de la gesti\u00f3n del pa\u00eds para entrar en conflicto con la pol\u00edtica del estado. Una serie de indicadores de la situaci\u00f3n socioecon\u00f3mica nos pueden revelar el escenario que nos encontraremos a principios del a\u00f1o que viene en Catalu\u00f1a. Previsiblemente el indicador de pobreza AROPE se situar\u00eda en el 22,6% teniendo como referencia la escala espa\u00f1ola, y en el mismo sentido el riesgo de pobreza se situar\u00eda en torno al 15,8,%. Naturalmente si en lugar de la media de la renta espa\u00f1ola utilizamos la catalana, entonces este riesgo de pobreza crece y afectar\u00eda uno de cada cinco catalanes. La pobreza material severa, lo que podr\u00edamos llamar un estado de necesidad claro, afectar\u00eda al 7,5% de la poblaci\u00f3n y los hogares con baja intensidad de trabajo ser\u00edan el 11,5%. Entre estas dos \u00faltimas cifras se mover\u00eda la dimensi\u00f3n de la poblaci\u00f3n de Catalu\u00f1a que tendr\u00eda unas necesidades vitales insatisfechas y perentorias. Ser\u00edan aproximadamente entre 750.000 a 800.000 personas. Hay que ver si el escudo social dise\u00f1ado por el gobierno espa\u00f1ol y las medidas que pueda tomar la Generalitat, por el momento desconocidas, y la de los grandes ayuntamientos pueden paliar el impacto social de unas cifras tan duras. &nbsp;\" \/>\n<meta property=\"og:url\" content=\"https:\/\/conversesacatalunya.cat\/es\/escenarios-1-de-enero-de-2021\/\" \/>\n<meta property=\"og:site_name\" content=\"Converses a Catalunya\" \/>\n<meta property=\"article:published_time\" content=\"2020-08-14T07:13:51+00:00\" \/>\n<meta property=\"og:image\" content=\"https:\/\/conversesacatalunya.cat\/wp-content\/uploads\/2020\/07\/crisi.jpg\" \/>\n\t<meta property=\"og:image:width\" content=\"380\" \/>\n\t<meta property=\"og:image:height\" content=\"226\" \/>\n\t<meta property=\"og:image:type\" content=\"image\/jpeg\" \/>\n<meta name=\"author\" content=\"conversesacatalunya\" \/>\n<meta name=\"twitter:card\" content=\"summary_large_image\" \/>\n<meta name=\"twitter:label1\" content=\"Escrito por\" \/>\n\t<meta name=\"twitter:data1\" content=\"conversesacatalunya\" \/>\n\t<meta name=\"twitter:label2\" content=\"Tiempo de lectura\" \/>\n\t<meta name=\"twitter:data2\" content=\"3 minutos\" \/>\n<script type=\"application\/ld+json\" class=\"yoast-schema-graph\">{\"@context\":\"https:\/\/schema.org\",\"@graph\":[{\"@type\":\"Article\",\"@id\":\"https:\/\/conversesacatalunya.cat\/es\/escenarios-1-de-enero-de-2021\/#article\",\"isPartOf\":{\"@id\":\"https:\/\/conversesacatalunya.cat\/es\/escenarios-1-de-enero-de-2021\/\"},\"author\":{\"name\":\"conversesacatalunya\",\"@id\":\"https:\/\/conversesacatalunya.cat\/#\/schema\/person\/7e24d1e54a2785373ddcb275eae5ed99\"},\"headline\":\"Escenarios de la derrota. C\u00f3mo ser\u00e1 la situaci\u00f3n a 1 de enero de 2021\",\"datePublished\":\"2020-08-14T07:13:51+00:00\",\"mainEntityOfPage\":{\"@id\":\"https:\/\/conversesacatalunya.cat\/es\/escenarios-1-de-enero-de-2021\/\"},\"wordCount\":641,\"commentCount\":0,\"image\":{\"@id\":\"https:\/\/conversesacatalunya.cat\/es\/escenarios-1-de-enero-de-2021\/#primaryimage\"},\"thumbnailUrl\":\"https:\/\/conversesacatalunya.cat\/wp-content\/uploads\/2020\/07\/crisi.jpg\",\"keywords\":[\"crisi pand\u00e8mia\",\"crisis pandemia\"],\"articleSection\":[\"Punts clau del dia (ES)\"],\"inLanguage\":\"es\",\"potentialAction\":[{\"@type\":\"CommentAction\",\"name\":\"Comment\",\"target\":[\"https:\/\/conversesacatalunya.cat\/es\/escenarios-1-de-enero-de-2021\/#respond\"]}]},{\"@type\":\"WebPage\",\"@id\":\"https:\/\/conversesacatalunya.cat\/es\/escenarios-1-de-enero-de-2021\/\",\"url\":\"https:\/\/conversesacatalunya.cat\/es\/escenarios-1-de-enero-de-2021\/\",\"name\":\"Escenarios de la derrota. C\u00f3mo ser\u00e1 la situaci\u00f3n a 1 de enero de 2021 - Converses a Catalunya\",\"isPartOf\":{\"@id\":\"https:\/\/conversesacatalunya.cat\/#website\"},\"primaryImageOfPage\":{\"@id\":\"https:\/\/conversesacatalunya.cat\/es\/escenarios-1-de-enero-de-2021\/#primaryimage\"},\"image\":{\"@id\":\"https:\/\/conversesacatalunya.cat\/es\/escenarios-1-de-enero-de-2021\/#primaryimage\"},\"thumbnailUrl\":\"https:\/\/conversesacatalunya.cat\/wp-content\/uploads\/2020\/07\/crisi.jpg\",\"datePublished\":\"2020-08-14T07:13:51+00:00\",\"author\":{\"@id\":\"https:\/\/conversesacatalunya.cat\/#\/schema\/person\/7e24d1e54a2785373ddcb275eae5ed99\"},\"breadcrumb\":{\"@id\":\"https:\/\/conversesacatalunya.cat\/es\/escenarios-1-de-enero-de-2021\/#breadcrumb\"},\"inLanguage\":\"es\",\"potentialAction\":[{\"@type\":\"ReadAction\",\"target\":[\"https:\/\/conversesacatalunya.cat\/es\/escenarios-1-de-enero-de-2021\/\"]}]},{\"@type\":\"ImageObject\",\"inLanguage\":\"es\",\"@id\":\"https:\/\/conversesacatalunya.cat\/es\/escenarios-1-de-enero-de-2021\/#primaryimage\",\"url\":\"https:\/\/conversesacatalunya.cat\/wp-content\/uploads\/2020\/07\/crisi.jpg\",\"contentUrl\":\"https:\/\/conversesacatalunya.cat\/wp-content\/uploads\/2020\/07\/crisi.jpg\",\"width\":380,\"height\":226},{\"@type\":\"BreadcrumbList\",\"@id\":\"https:\/\/conversesacatalunya.cat\/es\/escenarios-1-de-enero-de-2021\/#breadcrumb\",\"itemListElement\":[{\"@type\":\"ListItem\",\"position\":1,\"name\":\"Inici\",\"item\":\"https:\/\/conversesacatalunya.cat\/es\/\"},{\"@type\":\"ListItem\",\"position\":2,\"name\":\"Escenarios de la derrota. C\u00f3mo ser\u00e1 la situaci\u00f3n a 1 de enero de 2021\"}]},{\"@type\":\"WebSite\",\"@id\":\"https:\/\/conversesacatalunya.cat\/#website\",\"url\":\"https:\/\/conversesacatalunya.cat\/\",\"name\":\"Converses a Catalunya\",\"description\":\"\",\"potentialAction\":[{\"@type\":\"SearchAction\",\"target\":{\"@type\":\"EntryPoint\",\"urlTemplate\":\"https:\/\/conversesacatalunya.cat\/?s={search_term_string}\"},\"query-input\":{\"@type\":\"PropertyValueSpecification\",\"valueRequired\":true,\"valueName\":\"search_term_string\"}}],\"inLanguage\":\"es\"},{\"@type\":\"Person\",\"@id\":\"https:\/\/conversesacatalunya.cat\/#\/schema\/person\/7e24d1e54a2785373ddcb275eae5ed99\",\"name\":\"conversesacatalunya\",\"image\":{\"@type\":\"ImageObject\",\"inLanguage\":\"es\",\"@id\":\"https:\/\/conversesacatalunya.cat\/#\/schema\/person\/image\/\",\"url\":\"https:\/\/conversesacatalunya.cat\/wp-content\/litespeed\/avatar\/febdfeeec89d950f01c748045a981dd2.jpg?ver=1777314535\",\"contentUrl\":\"https:\/\/conversesacatalunya.cat\/wp-content\/litespeed\/avatar\/febdfeeec89d950f01c748045a981dd2.jpg?ver=1777314535\",\"caption\":\"conversesacatalunya\"},\"url\":\"https:\/\/conversesacatalunya.cat\/es\/author\/carme_catala\/\"}]}<\/script>\n<!-- \/ Yoast SEO plugin. -->","yoast_head_json":{"title":"Escenarios de la derrota. C\u00f3mo ser\u00e1 la situaci\u00f3n a 1 de enero de 2021 - Converses a Catalunya","robots":{"index":"index","follow":"follow","max-snippet":"max-snippet:-1","max-image-preview":"max-image-preview:large","max-video-preview":"max-video-preview:-1"},"canonical":"https:\/\/conversesacatalunya.cat\/es\/escenarios-1-de-enero-de-2021\/","og_locale":"es_ES","og_type":"article","og_title":"Escenarios de la derrota. C\u00f3mo ser\u00e1 la situaci\u00f3n a 1 de enero de 2021 - Converses a Catalunya","og_description":"Es posible aproximar cu\u00e1l ser\u00e1 la realidad de Catalu\u00f1a en cuanto a sus dimensiones socioecon\u00f3micas m\u00e1s importantes a finales de a\u00f1o. El escenario que describiremos se fundamenta en las previsiones actuales sobre la ca\u00edda del PIB y los datos de la crisis pasada, la que se inici\u00f3 en 2008. Por lo tanto, si los rebrotes se multiplican y se dan nuevos periodos de confinamientos territoriales, estos escenarios a\u00fan se pueden agudizar. Siendo malos no ser\u00eda la peor hip\u00f3tesis. En cuanto al dato m\u00e1s determinante, la renta media por hogar se situar\u00eda en el mismo nivel que en el per\u00edodo m\u00e1s agudo de la crisis, es decir en el a\u00f1o 2013. Significar\u00eda que en menos de un a\u00f1o habr\u00edamos ca\u00eddo lo mismo que se tard\u00f3 en cinco a\u00f1os en la crisis pasada. Ser\u00e1 por tanto un choque brutal. Hay que ver si las pol\u00edticas p\u00fablicas consiguen atenuar sus efectos, porque lo m\u00e1s importante es no perder puestos de trabajo, no dejar al margen las familias y no romper la estructura de producci\u00f3n y sus cadenas de valor. Si esto no se consigue en una medida razonable, el periodo de recuperaci\u00f3n ser\u00e1 muy dif\u00edcil porque evidentemente no es lo mismo recibir una vez a que te rompan el hueso. La previsi\u00f3n para situarnos al mismo nivel del 2019 nos situar\u00eda a finales de 2023 y esto representar\u00eda, entre subidas y bajadas, que habremos vivido un periodo cr\u00edtico extraordinariamente largo que se inici\u00f3 en 2008, con la crisis de las suprime, que se remont\u00f3 entre el 2018 y 2019 fugazmente, para volver a caer en 2020. A esta caracterizaci\u00f3n temporal de la crisis econ\u00f3mica hay que a\u00f1adir la pol\u00edtica, que tambi\u00e9n tiene incidencia sobre ella. Y aqu\u00ed hay que referirse a la d\u00e9cada perdida que va de 2010 a 2020 y que simb\u00f3licamente se inicia con la sentencia del Tribunal Constitucional. En realidad esta dataci\u00f3n que gusta mucho, es poco realista porque las grandes convulsiones pol\u00edticas en realidad no empezaron hasta dos a\u00f1os m\u00e1s tarde, si bien es cierto que a partir de la sentencia la pol\u00edtica catalana se desvi\u00f3 de la gesti\u00f3n del pa\u00eds para entrar en conflicto con la pol\u00edtica del estado. Una serie de indicadores de la situaci\u00f3n socioecon\u00f3mica nos pueden revelar el escenario que nos encontraremos a principios del a\u00f1o que viene en Catalu\u00f1a. Previsiblemente el indicador de pobreza AROPE se situar\u00eda en el 22,6% teniendo como referencia la escala espa\u00f1ola, y en el mismo sentido el riesgo de pobreza se situar\u00eda en torno al 15,8,%. Naturalmente si en lugar de la media de la renta espa\u00f1ola utilizamos la catalana, entonces este riesgo de pobreza crece y afectar\u00eda uno de cada cinco catalanes. La pobreza material severa, lo que podr\u00edamos llamar un estado de necesidad claro, afectar\u00eda al 7,5% de la poblaci\u00f3n y los hogares con baja intensidad de trabajo ser\u00edan el 11,5%. Entre estas dos \u00faltimas cifras se mover\u00eda la dimensi\u00f3n de la poblaci\u00f3n de Catalu\u00f1a que tendr\u00eda unas necesidades vitales insatisfechas y perentorias. Ser\u00edan aproximadamente entre 750.000 a 800.000 personas. Hay que ver si el escudo social dise\u00f1ado por el gobierno espa\u00f1ol y las medidas que pueda tomar la Generalitat, por el momento desconocidas, y la de los grandes ayuntamientos pueden paliar el impacto social de unas cifras tan duras. &nbsp;","og_url":"https:\/\/conversesacatalunya.cat\/es\/escenarios-1-de-enero-de-2021\/","og_site_name":"Converses a Catalunya","article_published_time":"2020-08-14T07:13:51+00:00","og_image":[{"width":380,"height":226,"url":"https:\/\/conversesacatalunya.cat\/wp-content\/uploads\/2020\/07\/crisi.jpg","type":"image\/jpeg"}],"author":"conversesacatalunya","twitter_card":"summary_large_image","twitter_misc":{"Escrito por":"conversesacatalunya","Tiempo de lectura":"3 minutos"},"schema":{"@context":"https:\/\/schema.org","@graph":[{"@type":"Article","@id":"https:\/\/conversesacatalunya.cat\/es\/escenarios-1-de-enero-de-2021\/#article","isPartOf":{"@id":"https:\/\/conversesacatalunya.cat\/es\/escenarios-1-de-enero-de-2021\/"},"author":{"name":"conversesacatalunya","@id":"https:\/\/conversesacatalunya.cat\/#\/schema\/person\/7e24d1e54a2785373ddcb275eae5ed99"},"headline":"Escenarios de la derrota. C\u00f3mo ser\u00e1 la situaci\u00f3n a 1 de enero de 2021","datePublished":"2020-08-14T07:13:51+00:00","mainEntityOfPage":{"@id":"https:\/\/conversesacatalunya.cat\/es\/escenarios-1-de-enero-de-2021\/"},"wordCount":641,"commentCount":0,"image":{"@id":"https:\/\/conversesacatalunya.cat\/es\/escenarios-1-de-enero-de-2021\/#primaryimage"},"thumbnailUrl":"https:\/\/conversesacatalunya.cat\/wp-content\/uploads\/2020\/07\/crisi.jpg","keywords":["crisi pand\u00e8mia","crisis pandemia"],"articleSection":["Punts clau del dia (ES)"],"inLanguage":"es","potentialAction":[{"@type":"CommentAction","name":"Comment","target":["https:\/\/conversesacatalunya.cat\/es\/escenarios-1-de-enero-de-2021\/#respond"]}]},{"@type":"WebPage","@id":"https:\/\/conversesacatalunya.cat\/es\/escenarios-1-de-enero-de-2021\/","url":"https:\/\/conversesacatalunya.cat\/es\/escenarios-1-de-enero-de-2021\/","name":"Escenarios de la derrota. C\u00f3mo ser\u00e1 la situaci\u00f3n a 1 de enero de 2021 - Converses a Catalunya","isPartOf":{"@id":"https:\/\/conversesacatalunya.cat\/#website"},"primaryImageOfPage":{"@id":"https:\/\/conversesacatalunya.cat\/es\/escenarios-1-de-enero-de-2021\/#primaryimage"},"image":{"@id":"https:\/\/conversesacatalunya.cat\/es\/escenarios-1-de-enero-de-2021\/#primaryimage"},"thumbnailUrl":"https:\/\/conversesacatalunya.cat\/wp-content\/uploads\/2020\/07\/crisi.jpg","datePublished":"2020-08-14T07:13:51+00:00","author":{"@id":"https:\/\/conversesacatalunya.cat\/#\/schema\/person\/7e24d1e54a2785373ddcb275eae5ed99"},"breadcrumb":{"@id":"https:\/\/conversesacatalunya.cat\/es\/escenarios-1-de-enero-de-2021\/#breadcrumb"},"inLanguage":"es","potentialAction":[{"@type":"ReadAction","target":["https:\/\/conversesacatalunya.cat\/es\/escenarios-1-de-enero-de-2021\/"]}]},{"@type":"ImageObject","inLanguage":"es","@id":"https:\/\/conversesacatalunya.cat\/es\/escenarios-1-de-enero-de-2021\/#primaryimage","url":"https:\/\/conversesacatalunya.cat\/wp-content\/uploads\/2020\/07\/crisi.jpg","contentUrl":"https:\/\/conversesacatalunya.cat\/wp-content\/uploads\/2020\/07\/crisi.jpg","width":380,"height":226},{"@type":"BreadcrumbList","@id":"https:\/\/conversesacatalunya.cat\/es\/escenarios-1-de-enero-de-2021\/#breadcrumb","itemListElement":[{"@type":"ListItem","position":1,"name":"Inici","item":"https:\/\/conversesacatalunya.cat\/es\/"},{"@type":"ListItem","position":2,"name":"Escenarios de la derrota. C\u00f3mo ser\u00e1 la situaci\u00f3n a 1 de enero de 2021"}]},{"@type":"WebSite","@id":"https:\/\/conversesacatalunya.cat\/#website","url":"https:\/\/conversesacatalunya.cat\/","name":"Converses a Catalunya","description":"","potentialAction":[{"@type":"SearchAction","target":{"@type":"EntryPoint","urlTemplate":"https:\/\/conversesacatalunya.cat\/?s={search_term_string}"},"query-input":{"@type":"PropertyValueSpecification","valueRequired":true,"valueName":"search_term_string"}}],"inLanguage":"es"},{"@type":"Person","@id":"https:\/\/conversesacatalunya.cat\/#\/schema\/person\/7e24d1e54a2785373ddcb275eae5ed99","name":"conversesacatalunya","image":{"@type":"ImageObject","inLanguage":"es","@id":"https:\/\/conversesacatalunya.cat\/#\/schema\/person\/image\/","url":"https:\/\/conversesacatalunya.cat\/wp-content\/litespeed\/avatar\/febdfeeec89d950f01c748045a981dd2.jpg?ver=1777314535","contentUrl":"https:\/\/conversesacatalunya.cat\/wp-content\/litespeed\/avatar\/febdfeeec89d950f01c748045a981dd2.jpg?ver=1777314535","caption":"conversesacatalunya"},"url":"https:\/\/conversesacatalunya.cat\/es\/author\/carme_catala\/"}]}},"wps_subtitle":"","_links":{"self":[{"href":"https:\/\/conversesacatalunya.cat\/es\/wp-json\/wp\/v2\/posts\/39277","targetHints":{"allow":["GET"]}}],"collection":[{"href":"https:\/\/conversesacatalunya.cat\/es\/wp-json\/wp\/v2\/posts"}],"about":[{"href":"https:\/\/conversesacatalunya.cat\/es\/wp-json\/wp\/v2\/types\/post"}],"author":[{"embeddable":true,"href":"https:\/\/conversesacatalunya.cat\/es\/wp-json\/wp\/v2\/users\/2"}],"replies":[{"embeddable":true,"href":"https:\/\/conversesacatalunya.cat\/es\/wp-json\/wp\/v2\/comments?post=39277"}],"version-history":[{"count":3,"href":"https:\/\/conversesacatalunya.cat\/es\/wp-json\/wp\/v2\/posts\/39277\/revisions"}],"predecessor-version":[{"id":39283,"href":"https:\/\/conversesacatalunya.cat\/es\/wp-json\/wp\/v2\/posts\/39277\/revisions\/39283"}],"wp:featuredmedia":[{"embeddable":true,"href":"https:\/\/conversesacatalunya.cat\/es\/wp-json\/wp\/v2\/media\/39259"}],"wp:attachment":[{"href":"https:\/\/conversesacatalunya.cat\/es\/wp-json\/wp\/v2\/media?parent=39277"}],"wp:term":[{"taxonomy":"category","embeddable":true,"href":"https:\/\/conversesacatalunya.cat\/es\/wp-json\/wp\/v2\/categories?post=39277"},{"taxonomy":"post_tag","embeddable":true,"href":"https:\/\/conversesacatalunya.cat\/es\/wp-json\/wp\/v2\/tags?post=39277"}],"curies":[{"name":"wp","href":"https:\/\/api.w.org\/{rel}","templated":true}]}}