{"id":39205,"date":"2020-08-07T12:25:54","date_gmt":"2020-08-07T10:25:54","guid":{"rendered":"https:\/\/conversesacatalunya.cat\/final-de-temporada-catalunya-cau-en-picat-i\/"},"modified":"2020-08-07T12:55:34","modified_gmt":"2020-08-07T10:55:34","slug":"final-de-temporada-cataluna-cae-en-picado","status":"publish","type":"post","link":"https:\/\/conversesacatalunya.cat\/es\/final-de-temporada-cataluna-cae-en-picado\/","title":{"rendered":"Final de temporada: Catalu\u00f1a cae en picado"},"content":{"rendered":"<p><span><span class=\"\">El curso se acaba y es hora de hacer balance, y \u00e9ste no puede ser m\u00e1s espeluznante: Catalu\u00f1a cae en picado. <\/span>Estos son los hechos:<\/span><\/p>\n<p><span>Empezamos por los m\u00e1s recientes:<\/span><\/p>\n<p><strong><span><span class=\"\">La crisis de la Covidien-19<\/span><\/span><\/strong><span><span class=\"\"> . La situaci\u00f3n epidemiol\u00f3gica de Catalu\u00f1a es resultado de la incapacidad para detectar y actuar bien y a tiempo sobre los brotes iniciales, consecuencia a la vez de un sistema sanitario falto de recursos, pero tambi\u00e9n de previsi\u00f3n. Hay una carencia extraordinaria de visi\u00f3n ejecutiva. Primero fue el <\/span><\/span><a href=\"https:\/\/translate.googleusercontent.com\/translate_c?depth=1&amp;hl=es&amp;pto=aue&amp;rurl=translate.google.com&amp;sl=ca&amp;sp=nmt4&amp;tl=es&amp;u=https:\/\/conversesacatalunya.cat\/lleida-confinada\/&amp;usg=ALkJrhj95lkjXOpZlmDMXuoR6sEhLSCk7w\" target=\"_blank\" rel=\"noopener noreferrer\"><span><span class=\"\">Segri\u00e0 y la Noguera<\/span><\/span><\/a><span><span class=\"\">\u00a0, y luego, mucho m\u00e1s grave en\u00a0<\/span><\/span><a href=\"https:\/\/translate.googleusercontent.com\/translate_c?depth=1&amp;hl=es&amp;pto=aue&amp;rurl=translate.google.com&amp;sl=ca&amp;sp=nmt4&amp;tl=es&amp;u=https:\/\/conversesacatalunya.cat\/per-que-la-generalitat-ha-de-confinar-barris-de-lhospitalet\/&amp;usg=ALkJrhi-ZL3SMUqwxPVuUgt975HzF2JQWQ\" target=\"_blank\" rel=\"noopener noreferrer\"><span><span class=\"\">l&#8217;Hospitalet<\/span><\/span><\/a><span><span class=\"\">\u00a0y en la ciudad de Barcelona, para acabar extendi\u00e9ndose a buena parte del \u00e1rea metropolitana.<\/span><\/span><\/p>\n<p><span>Todo empez\u00f3 a empeorar despu\u00e9s de San Juan.\u00a0La causa era obvia: el\u00a0<\/span><strong><span>13 de julio<\/span><\/strong><span>\u00a0la cabeza de epidemiolog\u00eda de la Vall d&#8217;Hebron denunciaba que\u00a0<\/span><strong><span>eran necesarios 1.900 rastreadores<\/span><\/strong><span> , y que Catalu\u00f1a dispon\u00eda s\u00f3lo de 150. A estas alturas, y a pesar de las contrataciones, su n\u00famero es insuficiente. La situaci\u00f3n empeora porque no se dispone de un software inform\u00e1tico que unen el call Center de los seguimientos, los CAP y los rastreadores.\u00a0As\u00ed es imposible controlar nada.\u00a0El resultado ha sido que Catalu\u00f1a figura en la lista negra de muchos pa\u00edses de Europa, empezando por Francia.\u00a0La\u00a0<\/span><a href=\"https:\/\/translate.googleusercontent.com\/translate_c?depth=1&amp;hl=es&amp;pto=aue&amp;rurl=translate.google.com&amp;sl=ca&amp;sp=nmt4&amp;tl=es&amp;u=https:\/\/conversesacatalunya.cat\/impacte-economic-sobre-el-creixement-economic-i-la-poblacio-ocupada-de-la-covid-19-a-la-provincia-de-barcelona\/&amp;usg=ALkJrhjEYUMTkelGkKFCwt8njoP575RmYg\" target=\"_blank\" rel=\"noopener noreferrer\"><span>temporada tur\u00edstica<\/span><\/a><span> est\u00e1 liquidada, y el impacto ser\u00e1 terrible cuando se haga balance el 1 de septiembre, porque <\/span><a href=\"https:\/\/translate.googleusercontent.com\/translate_c?depth=1&amp;hl=es&amp;pto=aue&amp;rurl=translate.google.com&amp;sl=ca&amp;sp=nmt4&amp;tl=es&amp;u=http:\/\/www.ub.edu\/mapaturismecat\/ARTS\/251.html&amp;usg=ALkJrhjUrKCzQfXmNqkZ0ylYfl5xB6Y_aA\"><span>esta actividad\u00a0<\/span><\/a><strong><span>significa el 15%<\/span><\/strong><span>del PIB.<\/span><\/p>\n<p><span>Las contradictorias declaraciones del Presidente Torra, llamando a la posibilidad de un mayor cierre, al tiempo que afirmaba que se pod\u00eda acudir sin problemas, a\u00f1aden desconcierto al caos. Por si fuera poco, la desafortunada actuaci\u00f3n del Departamento de Sanidad y el presidente Torra culminaba con un incompresible enfrentamiento con la Iglesia y con el cardenal Omella, por el f<\/span><a href=\"https:\/\/translate.googleusercontent.com\/translate_c?depth=1&amp;hl=es&amp;pto=aue&amp;rurl=translate.google.com&amp;sl=ca&amp;sp=nmt4&amp;tl=es&amp;u=https:\/\/conversesacatalunya.cat\/generalitat-obre-el-conflicte-amb-lesglesia-immatriculacions\/&amp;usg=ALkJrhins1WpZgnls2WDBVS43A76lXJzUw\" target=\"_blank\" rel=\"noopener noreferrer\"><span>uneral a la Sagrada Familia<\/span><\/a><span> , que prohibieron, mientras a la misma hora todas las iglesias de Barcelona celebraban el culto dominical sin ning\u00fan problema. Incomprensible.<\/span><\/p>\n<p><span>Y como todo lo que se hace mal se puede complicar, la actual fase de la epidemia, que sobre todo afecta a gente m\u00e1s joven pasar\u00e1 a hacer sentir sus efectos sobre la poblaci\u00f3n de riesgo, por los contagios dom\u00e9sticos, y por lo tanto el mes de agosto, aunque se controle m\u00e1s bien la situaci\u00f3n, los hospitales se ver\u00e1n m\u00e1s presionados.\u00a0Y en estas circunstancias encararemos la anunciada y temida segunda ola en oto\u00f1o.<\/span><\/p>\n<h3><strong><span>Los p\u00e9simos datos econ\u00f3micos de finales de julio<\/span><\/strong><\/h3>\n<p><span>Dos datos dan fe del declive de Catalu\u00f1a. El primero hace referencia a la creciente distancia entre el PIB de Madrid y el Catal\u00e1n, un hecho de significaci\u00f3n hist\u00f3rica. Desde hace varias d\u00e9cadas en renta per c\u00e1pita Madrid supera a Catalu\u00f1a. En t\u00e9rminos de renta por hogar, el mejor indicador de la renta de las personas, el <\/span><strong><span>2018 Catalu\u00f1a s\u00f3lo ocupaba la quinta posici\u00f3n por detr\u00e1s de Madrid<\/span><\/strong><span>, pero la gran novedad es que en t\u00e9rminos absolutos sea la comunidad del centro quien supere a <\/span><strong><span>Catalu\u00f1a: 239.878 millones de euros, por 236.739 millones en el caso catal\u00e1n.<\/span><\/strong><span>\u00a0La causa es muy evidente. Catalu\u00f1a se estanca y cada vez crece m\u00e1s lentamente. En 2000 el PIB catal\u00e1n representaba el\u00a0<\/span><strong><span>18,9% del espa\u00f1ol, y Madrid el 17,7%<\/span><\/strong><span><span class=\"goog-text-highlight\">. La diferencia entre ambas era de m\u00e1s de dos puntos porcentuales (pp).\u00a0<\/span><\/span><strong><span><span class=\"goog-text-highlight\">En 2019 Madrid ha subido hasta el 19,3% con un aumento de 1,6 pp, mientras que Catalu\u00f1a s\u00f3lo ha crecido una d\u00e9cima de punto<\/span><\/span><\/strong><span><span class=\"goog-text-highlight\"> . El ritmo de crecimiento ha sido casi 20 veces menor en t\u00e9rminos de puntos porcentuales. Y no se trata s\u00f3lo de Madrid, el a\u00f1o pasado Espa\u00f1a creci\u00f3 un 2,0%, y Catalu\u00f1a un 1,8%, mientras que Madrid lo hac\u00eda en un 2,8%.<\/span><\/span><\/p>\n<p><span>L<\/span><strong><span>a segunda mala noticia reciente hace referencia al paro<\/span><\/strong><span>; un mill\u00f3n de puestos de trabajo perdidos en un solo trimestre seg\u00fan la Encuesta de Poblaci\u00f3n Activa que eleva la cifra espa\u00f1ola de parados al\u00a0<\/span><strong><span>15,33%<\/span><\/strong><span> \u00a0sin considerar todos los trabajadores que est\u00e1n con un ERTE. Si se consideraran todos, este paro sube hasta\u00a0<\/span><strong><span>el 35%<\/span><\/strong><span>. En t\u00e9rminos de puesto de trabajo perdidos Funcas lo sit\u00faa en el 19%. En esta ocasi\u00f3n estas devastadoras cifras tienen su impacto en Catalu\u00f1a con un paro del\u00a0<\/span><strong><span>12,78%<\/span><\/strong><span> a s\u00f3lo 2,55 pp de la media espa\u00f1ola. Ha aumentado en Catalu\u00f1a en relaci\u00f3n al trimestre anterior <\/span><strong><span>2,38 pp por s\u00f3lo 0,9 pp <\/span><\/strong><span>en Espa\u00f1a, por lo tanto el paro ha crecido pr\u00e1cticamente dos veces y media m\u00e1s en Catalu\u00f1a que en el conjunto del estado.\u00a0Y eso antes de registrar el gran golpe de la temporada tur\u00edstica.<\/span><\/p>\n<p style=\"text-align: center;\"><span>M\u00e1s informaci\u00f3n sobre el coronavirus en <\/span><a href=\"https:\/\/conversesacatalunya.cat\/es\/coronavirus\/\" target=\"_blank\" rel=\"noopener noreferrer\"><strong><span>ESPECIAL coronavirus<\/span><\/strong><\/a><\/p>\n<p style=\"text-align: center;\">\n<div id=\"polls-64\" class=\"wp-polls\">\n\t<form id=\"polls_form_64\" class=\"wp-polls-form\" action=\"\/index.php\" method=\"post\">\n\t\t<p style=\"display: none;\"><input type=\"hidden\" id=\"poll_64_nonce\" name=\"wp-polls-nonce\" value=\"6265b86d02\" \/><\/p>\n\t\t<p style=\"display: none;\"><input type=\"hidden\" name=\"poll_id\" value=\"64\" \/><\/p>\n\t\t<p style=\"display: none;\"><input type=\"hidden\" id=\"poll_multiple_ans_64\" name=\"poll_multiple_ans_64\" value=\"2\" \/><\/p>\n\t\t<p style=\"text-align: center\"><strong>Enguany, on passareu o heu passat les vacances d'estiu?<\/strong><\/p><div id=\"polls-64-ans\" class=\"wp-polls-ans\"><ul class=\"wp-polls-ul\">\n\t\t<li><input type=\"checkbox\" id=\"poll-answer-136\" name=\"poll_64\" value=\"136\" \/> <label for=\"poll-answer-136\">A casa<\/label><\/li>\n\t\t<li><input type=\"checkbox\" id=\"poll-answer-137\" name=\"poll_64\" value=\"137\" \/> <label for=\"poll-answer-137\">A Catalunya<\/label><\/li>\n\t\t<li><input type=\"checkbox\" id=\"poll-answer-138\" name=\"poll_64\" value=\"138\" \/> <label for=\"poll-answer-138\">A Espanya<\/label><\/li>\n\t\t<li><input type=\"checkbox\" id=\"poll-answer-139\" name=\"poll_64\" value=\"139\" \/> <label for=\"poll-answer-139\">A l'estranger<\/label><\/li>\n\t\t<\/ul><p style=\"text-align: center\"><input type=\"button\" name=\"vote\" value=\"   Vota   \" class=\"Buttons\" onclick=\"poll_vote(64);\" \/><\/p><p style=\"text-align: center\"><a href=\"#ViewPollResults\" onclick=\"poll_result(64); return false;\" title=\"View Results Of This Poll\">Mira els resultats<\/a><\/p><\/div>\n\t<\/form>\n<\/div>\n<div id=\"polls-64-loading\" class=\"wp-polls-loading\"><img decoding=\"async\" data-src=\"https:\/\/conversesacatalunya.cat\/wp-content\/plugins\/wp-polls\/images\/loading.gif\" width=\"16\" height=\"16\" alt=\"Cargando ...\" title=\"Cargando ...\" class=\"wp-polls-image lazyload\" src=\"data:image\/svg+xml;base64,PHN2ZyB3aWR0aD0iMSIgaGVpZ2h0PSIxIiB4bWxucz0iaHR0cDovL3d3dy53My5vcmcvMjAwMC9zdmciPjwvc3ZnPg==\" style=\"--smush-placeholder-width: 16px; --smush-placeholder-aspect-ratio: 16\/16;\" \/>&nbsp;Cargando ...<\/div>\n\n","protected":false},"excerpt":{"rendered":"<p>El curso se acaba y es hora de hacer balance, y \u00e9ste no puede ser m\u00e1s espeluznante: Catalu\u00f1a cae en picado. Estos son los hechos: Empezamos por los m\u00e1s recientes: La crisis de la Covidien-19 . La situaci\u00f3n epidemiol\u00f3gica de Catalu\u00f1a es resultado de la incapacidad para detectar y actuar bien y a tiempo sobre los brotes iniciales, consecuencia a la vez de un sistema sanitario falto de recursos, pero tambi\u00e9n de previsi\u00f3n. Hay una carencia extraordinaria de visi\u00f3n ejecutiva. Primero fue el Segri\u00e0 y la Noguera\u00a0, y luego, mucho m\u00e1s grave en\u00a0l&#8217;Hospitalet\u00a0y en la ciudad de Barcelona, para acabar extendi\u00e9ndose a buena parte del \u00e1rea metropolitana. Todo empez\u00f3 a empeorar despu\u00e9s de San Juan.\u00a0La causa era obvia: el\u00a013 de julio\u00a0la cabeza de epidemiolog\u00eda de la Vall d&#8217;Hebron denunciaba que\u00a0eran necesarios 1.900 rastreadores , y que Catalu\u00f1a dispon\u00eda s\u00f3lo de 150. A estas alturas, y a pesar de las contrataciones, su n\u00famero es insuficiente. La situaci\u00f3n empeora porque no se dispone de un software inform\u00e1tico que unen el call Center de los seguimientos, los CAP y los rastreadores.\u00a0As\u00ed es imposible controlar nada.\u00a0El resultado ha sido que Catalu\u00f1a figura en la lista negra de muchos pa\u00edses de Europa, empezando por Francia.\u00a0La\u00a0temporada tur\u00edstica est\u00e1 liquidada, y el impacto ser\u00e1 terrible cuando se haga balance el 1 de septiembre, porque esta actividad\u00a0significa el 15%del PIB. Las contradictorias declaraciones del Presidente Torra, llamando a la posibilidad de un mayor cierre, al tiempo que afirmaba que se pod\u00eda acudir sin problemas, a\u00f1aden desconcierto al caos. Por si fuera poco, la desafortunada actuaci\u00f3n del Departamento de Sanidad y el presidente Torra culminaba con un incompresible enfrentamiento con la Iglesia y con el cardenal Omella, por el funeral a la Sagrada Familia , que prohibieron, mientras a la misma hora todas las iglesias de Barcelona celebraban el culto dominical sin ning\u00fan problema. Incomprensible. Y como todo lo que se hace mal se puede complicar, la actual fase de la epidemia, que sobre todo afecta a gente m\u00e1s joven pasar\u00e1 a hacer sentir sus efectos sobre la poblaci\u00f3n de riesgo, por los contagios dom\u00e9sticos, y por lo tanto el mes de agosto, aunque se controle m\u00e1s bien la situaci\u00f3n, los hospitales se ver\u00e1n m\u00e1s presionados.\u00a0Y en estas circunstancias encararemos la anunciada y temida segunda ola en oto\u00f1o. Los p\u00e9simos datos econ\u00f3micos de finales de julio Dos datos dan fe del declive de Catalu\u00f1a. El primero hace referencia a la creciente distancia entre el PIB de Madrid y el Catal\u00e1n, un hecho de significaci\u00f3n hist\u00f3rica. Desde hace varias d\u00e9cadas en renta per c\u00e1pita Madrid supera a Catalu\u00f1a. En t\u00e9rminos de renta por hogar, el mejor indicador de la renta de las personas, el 2018 Catalu\u00f1a s\u00f3lo ocupaba la quinta posici\u00f3n por detr\u00e1s de Madrid, pero la gran novedad es que en t\u00e9rminos absolutos sea la comunidad del centro quien supere a Catalu\u00f1a: 239.878 millones de euros, por 236.739 millones en el caso catal\u00e1n.\u00a0La causa es muy evidente. Catalu\u00f1a se estanca y cada vez crece m\u00e1s lentamente. En 2000 el PIB catal\u00e1n representaba el\u00a018,9% del espa\u00f1ol, y Madrid el 17,7%. La diferencia entre ambas era de m\u00e1s de dos puntos porcentuales (pp).\u00a0En 2019 Madrid ha subido hasta el 19,3% con un aumento de 1,6 pp, mientras que Catalu\u00f1a s\u00f3lo ha crecido una d\u00e9cima de punto . El ritmo de crecimiento ha sido casi 20 veces menor en t\u00e9rminos de puntos porcentuales. Y no se trata s\u00f3lo de Madrid, el a\u00f1o pasado Espa\u00f1a creci\u00f3 un 2,0%, y Catalu\u00f1a un 1,8%, mientras que Madrid lo hac\u00eda en un 2,8%. La segunda mala noticia reciente hace referencia al paro; un mill\u00f3n de puestos de trabajo perdidos en un solo trimestre seg\u00fan la Encuesta de Poblaci\u00f3n Activa que eleva la cifra espa\u00f1ola de parados al\u00a015,33% \u00a0sin considerar todos los trabajadores que est\u00e1n con un ERTE. Si se consideraran todos, este paro sube hasta\u00a0el 35%. En t\u00e9rminos de puesto de trabajo perdidos Funcas lo sit\u00faa en el 19%. En esta ocasi\u00f3n estas devastadoras cifras tienen su impacto en Catalu\u00f1a con un paro del\u00a012,78% a s\u00f3lo 2,55 pp de la media espa\u00f1ola. Ha aumentado en Catalu\u00f1a en relaci\u00f3n al trimestre anterior 2,38 pp por s\u00f3lo 0,9 pp en Espa\u00f1a, por lo tanto el paro ha crecido pr\u00e1cticamente dos veces y media m\u00e1s en Catalu\u00f1a que en el conjunto del estado.\u00a0Y eso antes de registrar el gran golpe de la temporada tur\u00edstica. M\u00e1s informaci\u00f3n sobre el coronavirus en ESPECIAL coronavirus<\/p>\n","protected":false},"author":2,"featured_media":39195,"comment_status":"open","ping_status":"open","sticky":false,"template":"","format":"standard","meta":{"_FSMCFIC_featured_image_caption":"","_FSMCFIC_featured_image_nocaption":"","_FSMCFIC_featured_image_hide":"","footnotes":""},"categories":[1772,806],"tags":[1504,2432],"class_list":["post-39205","post","type-post","status-publish","format-standard","has-post-thumbnail","hentry","category-especial-coronavirus-es","category-punts-claus-del-dia-es","tag-coronavirus-es","tag-crisis-pandemia"],"yoast_head":"<!-- This site is optimized with the Yoast SEO plugin v26.8 - https:\/\/yoast.com\/product\/yoast-seo-wordpress\/ -->\n<title>Final de temporada: Catalu\u00f1a cae en picado - Converses a Catalunya<\/title>\n<meta name=\"description\" content=\"El curso se acaba y es hora de hacer balance, y \u00e9ste no puede ser m\u00e1s espeluznante: Catalu\u00f1a cae en picado\" \/>\n<meta name=\"robots\" content=\"index, follow, max-snippet:-1, max-image-preview:large, max-video-preview:-1\" \/>\n<link rel=\"canonical\" href=\"https:\/\/conversesacatalunya.cat\/es\/final-de-temporada-cataluna-cae-en-picado\/\" \/>\n<meta property=\"og:locale\" content=\"es_ES\" \/>\n<meta property=\"og:type\" content=\"article\" \/>\n<meta property=\"og:title\" content=\"Final de temporada: Catalu\u00f1a cae en picado - Converses a Catalunya\" \/>\n<meta property=\"og:description\" content=\"El curso se acaba y es hora de hacer balance, y \u00e9ste no puede ser m\u00e1s espeluznante: Catalu\u00f1a cae en picado\" \/>\n<meta property=\"og:url\" content=\"https:\/\/conversesacatalunya.cat\/es\/final-de-temporada-cataluna-cae-en-picado\/\" \/>\n<meta property=\"og:site_name\" content=\"Converses a Catalunya\" \/>\n<meta property=\"article:published_time\" content=\"2020-08-07T10:25:54+00:00\" \/>\n<meta property=\"article:modified_time\" content=\"2020-08-07T10:55:34+00:00\" \/>\n<meta property=\"og:image\" content=\"https:\/\/conversesacatalunya.cat\/wp-content\/uploads\/2020\/08\/lauravergespresentacioapp_5ea8e5e6.jpg\" \/>\n\t<meta property=\"og:image:width\" content=\"990\" \/>\n\t<meta property=\"og:image:height\" content=\"661\" \/>\n\t<meta property=\"og:image:type\" content=\"image\/jpeg\" \/>\n<meta name=\"author\" content=\"conversesacatalunya\" \/>\n<meta name=\"twitter:card\" content=\"summary_large_image\" \/>\n<meta name=\"twitter:label1\" content=\"Escrito por\" \/>\n\t<meta name=\"twitter:data1\" content=\"conversesacatalunya\" \/>\n\t<meta name=\"twitter:label2\" content=\"Tiempo de lectura\" \/>\n\t<meta name=\"twitter:data2\" content=\"4 minutos\" \/>\n<script type=\"application\/ld+json\" class=\"yoast-schema-graph\">{\"@context\":\"https:\/\/schema.org\",\"@graph\":[{\"@type\":\"Article\",\"@id\":\"https:\/\/conversesacatalunya.cat\/es\/final-de-temporada-cataluna-cae-en-picado\/#article\",\"isPartOf\":{\"@id\":\"https:\/\/conversesacatalunya.cat\/es\/final-de-temporada-cataluna-cae-en-picado\/\"},\"author\":{\"name\":\"conversesacatalunya\",\"@id\":\"https:\/\/conversesacatalunya.cat\/#\/schema\/person\/7e24d1e54a2785373ddcb275eae5ed99\"},\"headline\":\"Final de temporada: Catalu\u00f1a cae en picado\",\"datePublished\":\"2020-08-07T10:25:54+00:00\",\"dateModified\":\"2020-08-07T10:55:34+00:00\",\"mainEntityOfPage\":{\"@id\":\"https:\/\/conversesacatalunya.cat\/es\/final-de-temporada-cataluna-cae-en-picado\/\"},\"wordCount\":824,\"commentCount\":0,\"image\":{\"@id\":\"https:\/\/conversesacatalunya.cat\/es\/final-de-temporada-cataluna-cae-en-picado\/#primaryimage\"},\"thumbnailUrl\":\"https:\/\/conversesacatalunya.cat\/wp-content\/uploads\/2020\/08\/lauravergespresentacioapp_5ea8e5e6.jpg\",\"keywords\":[\"coronavirus\",\"crisis pandemia\"],\"articleSection\":[\"Especial Coronavirus (ES)\",\"Punts clau del dia (ES)\"],\"inLanguage\":\"es\",\"potentialAction\":[{\"@type\":\"CommentAction\",\"name\":\"Comment\",\"target\":[\"https:\/\/conversesacatalunya.cat\/es\/final-de-temporada-cataluna-cae-en-picado\/#respond\"]}]},{\"@type\":\"WebPage\",\"@id\":\"https:\/\/conversesacatalunya.cat\/es\/final-de-temporada-cataluna-cae-en-picado\/\",\"url\":\"https:\/\/conversesacatalunya.cat\/es\/final-de-temporada-cataluna-cae-en-picado\/\",\"name\":\"Final de temporada: Catalu\u00f1a cae en picado - Converses a Catalunya\",\"isPartOf\":{\"@id\":\"https:\/\/conversesacatalunya.cat\/#website\"},\"primaryImageOfPage\":{\"@id\":\"https:\/\/conversesacatalunya.cat\/es\/final-de-temporada-cataluna-cae-en-picado\/#primaryimage\"},\"image\":{\"@id\":\"https:\/\/conversesacatalunya.cat\/es\/final-de-temporada-cataluna-cae-en-picado\/#primaryimage\"},\"thumbnailUrl\":\"https:\/\/conversesacatalunya.cat\/wp-content\/uploads\/2020\/08\/lauravergespresentacioapp_5ea8e5e6.jpg\",\"datePublished\":\"2020-08-07T10:25:54+00:00\",\"dateModified\":\"2020-08-07T10:55:34+00:00\",\"author\":{\"@id\":\"https:\/\/conversesacatalunya.cat\/#\/schema\/person\/7e24d1e54a2785373ddcb275eae5ed99\"},\"description\":\"El curso se acaba y es hora de hacer balance, y \u00e9ste no puede ser m\u00e1s espeluznante: Catalu\u00f1a cae en picado\",\"breadcrumb\":{\"@id\":\"https:\/\/conversesacatalunya.cat\/es\/final-de-temporada-cataluna-cae-en-picado\/#breadcrumb\"},\"inLanguage\":\"es\",\"potentialAction\":[{\"@type\":\"ReadAction\",\"target\":[\"https:\/\/conversesacatalunya.cat\/es\/final-de-temporada-cataluna-cae-en-picado\/\"]}]},{\"@type\":\"ImageObject\",\"inLanguage\":\"es\",\"@id\":\"https:\/\/conversesacatalunya.cat\/es\/final-de-temporada-cataluna-cae-en-picado\/#primaryimage\",\"url\":\"https:\/\/conversesacatalunya.cat\/wp-content\/uploads\/2020\/08\/lauravergespresentacioapp_5ea8e5e6.jpg\",\"contentUrl\":\"https:\/\/conversesacatalunya.cat\/wp-content\/uploads\/2020\/08\/lauravergespresentacioapp_5ea8e5e6.jpg\",\"width\":990,\"height\":661,\"caption\":\"Catalunya\"},{\"@type\":\"BreadcrumbList\",\"@id\":\"https:\/\/conversesacatalunya.cat\/es\/final-de-temporada-cataluna-cae-en-picado\/#breadcrumb\",\"itemListElement\":[{\"@type\":\"ListItem\",\"position\":1,\"name\":\"Inici\",\"item\":\"https:\/\/conversesacatalunya.cat\/es\/\"},{\"@type\":\"ListItem\",\"position\":2,\"name\":\"Final de temporada: Catalu\u00f1a cae en picado\"}]},{\"@type\":\"WebSite\",\"@id\":\"https:\/\/conversesacatalunya.cat\/#website\",\"url\":\"https:\/\/conversesacatalunya.cat\/\",\"name\":\"Converses a Catalunya\",\"description\":\"\",\"potentialAction\":[{\"@type\":\"SearchAction\",\"target\":{\"@type\":\"EntryPoint\",\"urlTemplate\":\"https:\/\/conversesacatalunya.cat\/?s={search_term_string}\"},\"query-input\":{\"@type\":\"PropertyValueSpecification\",\"valueRequired\":true,\"valueName\":\"search_term_string\"}}],\"inLanguage\":\"es\"},{\"@type\":\"Person\",\"@id\":\"https:\/\/conversesacatalunya.cat\/#\/schema\/person\/7e24d1e54a2785373ddcb275eae5ed99\",\"name\":\"conversesacatalunya\",\"image\":{\"@type\":\"ImageObject\",\"inLanguage\":\"es\",\"@id\":\"https:\/\/conversesacatalunya.cat\/#\/schema\/person\/image\/\",\"url\":\"https:\/\/conversesacatalunya.cat\/wp-content\/litespeed\/avatar\/febdfeeec89d950f01c748045a981dd2.jpg?ver=1777314535\",\"contentUrl\":\"https:\/\/conversesacatalunya.cat\/wp-content\/litespeed\/avatar\/febdfeeec89d950f01c748045a981dd2.jpg?ver=1777314535\",\"caption\":\"conversesacatalunya\"},\"url\":\"https:\/\/conversesacatalunya.cat\/es\/author\/carme_catala\/\"}]}<\/script>\n<!-- \/ Yoast SEO plugin. -->","yoast_head_json":{"title":"Final de temporada: Catalu\u00f1a cae en picado - Converses a Catalunya","description":"El curso se acaba y es hora de hacer balance, y \u00e9ste no puede ser m\u00e1s espeluznante: Catalu\u00f1a cae en picado","robots":{"index":"index","follow":"follow","max-snippet":"max-snippet:-1","max-image-preview":"max-image-preview:large","max-video-preview":"max-video-preview:-1"},"canonical":"https:\/\/conversesacatalunya.cat\/es\/final-de-temporada-cataluna-cae-en-picado\/","og_locale":"es_ES","og_type":"article","og_title":"Final de temporada: Catalu\u00f1a cae en picado - Converses a Catalunya","og_description":"El curso se acaba y es hora de hacer balance, y \u00e9ste no puede ser m\u00e1s espeluznante: Catalu\u00f1a cae en picado","og_url":"https:\/\/conversesacatalunya.cat\/es\/final-de-temporada-cataluna-cae-en-picado\/","og_site_name":"Converses a Catalunya","article_published_time":"2020-08-07T10:25:54+00:00","article_modified_time":"2020-08-07T10:55:34+00:00","og_image":[{"width":990,"height":661,"url":"https:\/\/conversesacatalunya.cat\/wp-content\/uploads\/2020\/08\/lauravergespresentacioapp_5ea8e5e6.jpg","type":"image\/jpeg"}],"author":"conversesacatalunya","twitter_card":"summary_large_image","twitter_misc":{"Escrito por":"conversesacatalunya","Tiempo de lectura":"4 minutos"},"schema":{"@context":"https:\/\/schema.org","@graph":[{"@type":"Article","@id":"https:\/\/conversesacatalunya.cat\/es\/final-de-temporada-cataluna-cae-en-picado\/#article","isPartOf":{"@id":"https:\/\/conversesacatalunya.cat\/es\/final-de-temporada-cataluna-cae-en-picado\/"},"author":{"name":"conversesacatalunya","@id":"https:\/\/conversesacatalunya.cat\/#\/schema\/person\/7e24d1e54a2785373ddcb275eae5ed99"},"headline":"Final de temporada: Catalu\u00f1a cae en picado","datePublished":"2020-08-07T10:25:54+00:00","dateModified":"2020-08-07T10:55:34+00:00","mainEntityOfPage":{"@id":"https:\/\/conversesacatalunya.cat\/es\/final-de-temporada-cataluna-cae-en-picado\/"},"wordCount":824,"commentCount":0,"image":{"@id":"https:\/\/conversesacatalunya.cat\/es\/final-de-temporada-cataluna-cae-en-picado\/#primaryimage"},"thumbnailUrl":"https:\/\/conversesacatalunya.cat\/wp-content\/uploads\/2020\/08\/lauravergespresentacioapp_5ea8e5e6.jpg","keywords":["coronavirus","crisis pandemia"],"articleSection":["Especial Coronavirus (ES)","Punts clau del dia (ES)"],"inLanguage":"es","potentialAction":[{"@type":"CommentAction","name":"Comment","target":["https:\/\/conversesacatalunya.cat\/es\/final-de-temporada-cataluna-cae-en-picado\/#respond"]}]},{"@type":"WebPage","@id":"https:\/\/conversesacatalunya.cat\/es\/final-de-temporada-cataluna-cae-en-picado\/","url":"https:\/\/conversesacatalunya.cat\/es\/final-de-temporada-cataluna-cae-en-picado\/","name":"Final de temporada: Catalu\u00f1a cae en picado - Converses a Catalunya","isPartOf":{"@id":"https:\/\/conversesacatalunya.cat\/#website"},"primaryImageOfPage":{"@id":"https:\/\/conversesacatalunya.cat\/es\/final-de-temporada-cataluna-cae-en-picado\/#primaryimage"},"image":{"@id":"https:\/\/conversesacatalunya.cat\/es\/final-de-temporada-cataluna-cae-en-picado\/#primaryimage"},"thumbnailUrl":"https:\/\/conversesacatalunya.cat\/wp-content\/uploads\/2020\/08\/lauravergespresentacioapp_5ea8e5e6.jpg","datePublished":"2020-08-07T10:25:54+00:00","dateModified":"2020-08-07T10:55:34+00:00","author":{"@id":"https:\/\/conversesacatalunya.cat\/#\/schema\/person\/7e24d1e54a2785373ddcb275eae5ed99"},"description":"El curso se acaba y es hora de hacer balance, y \u00e9ste no puede ser m\u00e1s espeluznante: Catalu\u00f1a cae en picado","breadcrumb":{"@id":"https:\/\/conversesacatalunya.cat\/es\/final-de-temporada-cataluna-cae-en-picado\/#breadcrumb"},"inLanguage":"es","potentialAction":[{"@type":"ReadAction","target":["https:\/\/conversesacatalunya.cat\/es\/final-de-temporada-cataluna-cae-en-picado\/"]}]},{"@type":"ImageObject","inLanguage":"es","@id":"https:\/\/conversesacatalunya.cat\/es\/final-de-temporada-cataluna-cae-en-picado\/#primaryimage","url":"https:\/\/conversesacatalunya.cat\/wp-content\/uploads\/2020\/08\/lauravergespresentacioapp_5ea8e5e6.jpg","contentUrl":"https:\/\/conversesacatalunya.cat\/wp-content\/uploads\/2020\/08\/lauravergespresentacioapp_5ea8e5e6.jpg","width":990,"height":661,"caption":"Catalunya"},{"@type":"BreadcrumbList","@id":"https:\/\/conversesacatalunya.cat\/es\/final-de-temporada-cataluna-cae-en-picado\/#breadcrumb","itemListElement":[{"@type":"ListItem","position":1,"name":"Inici","item":"https:\/\/conversesacatalunya.cat\/es\/"},{"@type":"ListItem","position":2,"name":"Final de temporada: Catalu\u00f1a cae en picado"}]},{"@type":"WebSite","@id":"https:\/\/conversesacatalunya.cat\/#website","url":"https:\/\/conversesacatalunya.cat\/","name":"Converses a Catalunya","description":"","potentialAction":[{"@type":"SearchAction","target":{"@type":"EntryPoint","urlTemplate":"https:\/\/conversesacatalunya.cat\/?s={search_term_string}"},"query-input":{"@type":"PropertyValueSpecification","valueRequired":true,"valueName":"search_term_string"}}],"inLanguage":"es"},{"@type":"Person","@id":"https:\/\/conversesacatalunya.cat\/#\/schema\/person\/7e24d1e54a2785373ddcb275eae5ed99","name":"conversesacatalunya","image":{"@type":"ImageObject","inLanguage":"es","@id":"https:\/\/conversesacatalunya.cat\/#\/schema\/person\/image\/","url":"https:\/\/conversesacatalunya.cat\/wp-content\/litespeed\/avatar\/febdfeeec89d950f01c748045a981dd2.jpg?ver=1777314535","contentUrl":"https:\/\/conversesacatalunya.cat\/wp-content\/litespeed\/avatar\/febdfeeec89d950f01c748045a981dd2.jpg?ver=1777314535","caption":"conversesacatalunya"},"url":"https:\/\/conversesacatalunya.cat\/es\/author\/carme_catala\/"}]}},"wps_subtitle":"El curso se acaba y es hora de hacer balance, y \u00e9ste no puede ser m\u00e1s espeluznante: Catalu\u00f1a cae en picado","_links":{"self":[{"href":"https:\/\/conversesacatalunya.cat\/es\/wp-json\/wp\/v2\/posts\/39205","targetHints":{"allow":["GET"]}}],"collection":[{"href":"https:\/\/conversesacatalunya.cat\/es\/wp-json\/wp\/v2\/posts"}],"about":[{"href":"https:\/\/conversesacatalunya.cat\/es\/wp-json\/wp\/v2\/types\/post"}],"author":[{"embeddable":true,"href":"https:\/\/conversesacatalunya.cat\/es\/wp-json\/wp\/v2\/users\/2"}],"replies":[{"embeddable":true,"href":"https:\/\/conversesacatalunya.cat\/es\/wp-json\/wp\/v2\/comments?post=39205"}],"version-history":[{"count":2,"href":"https:\/\/conversesacatalunya.cat\/es\/wp-json\/wp\/v2\/posts\/39205\/revisions"}],"predecessor-version":[{"id":39207,"href":"https:\/\/conversesacatalunya.cat\/es\/wp-json\/wp\/v2\/posts\/39205\/revisions\/39207"}],"wp:featuredmedia":[{"embeddable":true,"href":"https:\/\/conversesacatalunya.cat\/es\/wp-json\/wp\/v2\/media\/39195"}],"wp:attachment":[{"href":"https:\/\/conversesacatalunya.cat\/es\/wp-json\/wp\/v2\/media?parent=39205"}],"wp:term":[{"taxonomy":"category","embeddable":true,"href":"https:\/\/conversesacatalunya.cat\/es\/wp-json\/wp\/v2\/categories?post=39205"},{"taxonomy":"post_tag","embeddable":true,"href":"https:\/\/conversesacatalunya.cat\/es\/wp-json\/wp\/v2\/tags?post=39205"}],"curies":[{"name":"wp","href":"https:\/\/api.w.org\/{rel}","templated":true}]}}