{"id":39199,"date":"2020-08-07T07:48:58","date_gmt":"2020-08-07T05:48:58","guid":{"rendered":"https:\/\/conversesacatalunya.cat\/el-pacte-del-teletreball-podria-retardar-se-fins-a-setembre\/"},"modified":"2020-08-07T12:32:43","modified_gmt":"2020-08-07T10:32:43","slug":"el-pacto-del-teletrabajo-podria-retrasarse-hasta-septiembre","status":"publish","type":"post","link":"https:\/\/conversesacatalunya.cat\/es\/el-pacto-del-teletrabajo-podria-retrasarse-hasta-septiembre\/","title":{"rendered":"El pacto del teletrabajo podr\u00eda retrasarse hasta septiembre"},"content":{"rendered":"<p>El pacto del teletrabajo podr\u00eda retrasarse hasta septiembre. La falta de acuerdo entre el <a href=\"https:\/\/www.forumlibertas.com\/espana-pierde-27-millones-de-turistas\/\" target=\"_blank\" rel=\"noopener noreferrer\">Gobierno<\/a>, sindicatos y la patronal por algunos de los puntos del anteproyecto est\u00e1 haciendo demorar la futura ley del teletrabajo. El motivo, la falta de acuerdo en algunos puntos entre los que est\u00e1 <strong>la prohibici\u00f3n de despido del trabajador<\/strong> que trabaja desde casa a pesar de que no cuente con los requisitos que busca la empresa. Otro de los puntos es dejar de ver el teletrabajo como una herramienta de conciliaci\u00f3n familiar sino como otra forma de trabajar.<\/p>\n<p>Adem\u00e1s, el art\u00edculo 12 establece que las empresas \u00abdeber\u00e1n sufragar en su totalidad\u00bb el desarrollo del teletrabajo \u00abque no podr\u00e1 conllevar gastos, directos o indirectos, para el empleado relacionados con los equipos, herramientas y medios vinculados al desarrollo de su actividad laboral\u00bb. Se establece que es la empresa la que debe hacerse cargo de los medios y de los gastos vinculados al desarrollo del trabajo a distancia, como marca el Acuerdo marco europeo de teletrabajo de 2002. Por un lado, mediante la dotaci\u00f3n a la persona que trabaja a distancia de todos los medios necesarios para la prestaci\u00f3n de servicios; por otro, a trav\u00e9s de la obligada compensaci\u00f3n total a esta por los gastos.<\/p>\n<p>Por otro lado, la ley del teletrabajo<strong> permitir\u00e1 al trabajador negociar su propio horario<\/strong>. El citado texto recoge que la persona que desarrolla trabajo a distancia podr\u00e1 alterar el horario de prestaci\u00f3n de servicios establecido. En cualquier caso, esa flexibilidad no ser\u00e1 absoluta, puesto que para alterar el horario, el trabajador deber\u00e1 respetar la normativa sobre tiempo de trabajo y de descanso, salvo, en su caso, en cuanto a los tiempos de disponibilidad obligatoria o los l\u00edmites que al respecto hubieran podido establecerse en el acuerdo de trabajo a distancia.<\/p>\n<p>Por otro lado, en el art\u00edculo 14 del Anteproyecto se establece que el sistema de registro horario que se regula en el art\u00edculo 34.9 del Estatuto de los Trabajadores deber\u00e1 configurarse de modo que refleje fielmente el tiempo que la persona trabajadora que realiza trabajo a distancia dedica a la actividad laboral, sin perjuicio de la flexibilidad horaria. Deber\u00e1 incluir, entre otros, el momento de inicio y finalizaci\u00f3n de la jornada y de los tramos de actividad, el tiempo de activaci\u00f3n y desactivaci\u00f3n de los equipos, as\u00ed como, en su caso, el tiempo dedicado a la preparaci\u00f3n y realizaci\u00f3n de las tareas de cada una de las fases del ciclo de procesamiento y entrega.<\/p>\n<p>Adem\u00e1s, en esa propuesta se incluye que las compa\u00f1\u00edas no podr\u00e1n contratar para teletrabajo a quienes tengan entre 16 y 17 a\u00f1os ni a los empleados en aprendizaje, formaci\u00f3n y en pr\u00e1cticas. As\u00ed, el \u00faltimo borrador del pasado viernes mantiene la exigencia de anteriores versiones de que la negativa de trabajar a distancia, su falta de adaptaci\u00f3n, la \u00abineptitud\u00bb con esta f\u00f3rmula de ejecuci\u00f3n de trabajo a la \u00abreversibilidad\u00bb para volver al trabajo presencial que le reconozca la negociaci\u00f3n colectiva, \u00abno ser\u00e1n causas justificativas de la extinci\u00f3n de la relaci\u00f3n laboral\u00bb.<\/p>\n<span class='bctt-click-to-tweet'><span class='bctt-ctt-text'><a href='https:\/\/twitter.com\/intent\/tweet?url=https%3A%2F%2Fconversesacatalunya.cat%2Fes%2Fel-pacto-del-teletrabajo-podria-retrasarse-hasta-septiembre%2F&#038;text=El%20citado%20texto%20recoge%20que%20la%20persona%20que%20desarrolla%20trabajo%20a%20distancia%20podr%C3%A1%20alterar%20el%20horario%20de%20prestaci%C3%B3n%20de%20servicios%20establecido&#038;via=conversesacat&#038;related=conversesacat' target='_blank'rel=\"noopener noreferrer\">El citado texto recoge que la persona que desarrolla trabajo a distancia podr\u00e1 alterar el horario de prestaci\u00f3n de servicios establecido <\/a><\/span><a href='https:\/\/twitter.com\/intent\/tweet?url=https%3A%2F%2Fconversesacatalunya.cat%2Fes%2Fel-pacto-del-teletrabajo-podria-retrasarse-hasta-septiembre%2F&#038;text=El%20citado%20texto%20recoge%20que%20la%20persona%20que%20desarrolla%20trabajo%20a%20distancia%20podr%C3%A1%20alterar%20el%20horario%20de%20prestaci%C3%B3n%20de%20servicios%20establecido&#038;via=conversesacat&#038;related=conversesacat' target='_blank' class='bctt-ctt-btn'rel=\"noopener noreferrer\">Compartir en X<\/a><\/span>\n<div id=\"polls-64\" class=\"wp-polls\">\n\t<form id=\"polls_form_64\" class=\"wp-polls-form\" action=\"\/index.php\" method=\"post\">\n\t\t<p style=\"display: none;\"><input type=\"hidden\" id=\"poll_64_nonce\" name=\"wp-polls-nonce\" value=\"6265b86d02\" \/><\/p>\n\t\t<p style=\"display: none;\"><input type=\"hidden\" name=\"poll_id\" value=\"64\" \/><\/p>\n\t\t<p style=\"display: none;\"><input type=\"hidden\" id=\"poll_multiple_ans_64\" name=\"poll_multiple_ans_64\" value=\"2\" \/><\/p>\n\t\t<p style=\"text-align: center\"><strong>Enguany, on passareu o heu passat les vacances d'estiu?<\/strong><\/p><div id=\"polls-64-ans\" class=\"wp-polls-ans\"><ul class=\"wp-polls-ul\">\n\t\t<li><input type=\"checkbox\" id=\"poll-answer-136\" name=\"poll_64\" value=\"136\" \/> <label for=\"poll-answer-136\">A casa<\/label><\/li>\n\t\t<li><input type=\"checkbox\" id=\"poll-answer-137\" name=\"poll_64\" value=\"137\" \/> <label for=\"poll-answer-137\">A Catalunya<\/label><\/li>\n\t\t<li><input type=\"checkbox\" id=\"poll-answer-138\" name=\"poll_64\" value=\"138\" \/> <label for=\"poll-answer-138\">A Espanya<\/label><\/li>\n\t\t<li><input type=\"checkbox\" id=\"poll-answer-139\" name=\"poll_64\" value=\"139\" \/> <label for=\"poll-answer-139\">A l'estranger<\/label><\/li>\n\t\t<\/ul><p style=\"text-align: center\"><input type=\"button\" name=\"vote\" value=\"   Vota   \" class=\"Buttons\" onclick=\"poll_vote(64);\" \/><\/p><p style=\"text-align: center\"><a href=\"#ViewPollResults\" onclick=\"poll_result(64); return false;\" title=\"View Results Of This Poll\">Mira els resultats<\/a><\/p><\/div>\n\t<\/form>\n<\/div>\n<div id=\"polls-64-loading\" class=\"wp-polls-loading\"><img decoding=\"async\" data-src=\"https:\/\/conversesacatalunya.cat\/wp-content\/plugins\/wp-polls\/images\/loading.gif\" width=\"16\" height=\"16\" alt=\"Cargando ...\" title=\"Cargando ...\" class=\"wp-polls-image lazyload\" src=\"data:image\/svg+xml;base64,PHN2ZyB3aWR0aD0iMSIgaGVpZ2h0PSIxIiB4bWxucz0iaHR0cDovL3d3dy53My5vcmcvMjAwMC9zdmciPjwvc3ZnPg==\" style=\"--smush-placeholder-width: 16px; --smush-placeholder-aspect-ratio: 16\/16;\" \/>&nbsp;Cargando ...<\/div>\n\n","protected":false},"excerpt":{"rendered":"<p>El pacto del teletrabajo podr\u00eda retrasarse hasta septiembre. La falta de acuerdo entre el Gobierno, sindicatos y la patronal por algunos de los puntos del anteproyecto est\u00e1 haciendo demorar la futura ley del teletrabajo. El motivo, la falta de acuerdo en algunos puntos entre los que est\u00e1 la prohibici\u00f3n de despido del trabajador que trabaja desde casa a pesar de que no cuente con los requisitos que busca la empresa. Otro de los puntos es dejar de ver el teletrabajo como una herramienta de conciliaci\u00f3n familiar sino como otra forma de trabajar. Adem\u00e1s, el art\u00edculo 12 establece que las empresas \u00abdeber\u00e1n sufragar en su totalidad\u00bb el desarrollo del teletrabajo \u00abque no podr\u00e1 conllevar gastos, directos o indirectos, para el empleado relacionados con los equipos, herramientas y medios vinculados al desarrollo de su actividad laboral\u00bb. Se establece que es la empresa la que debe hacerse cargo de los medios y de los gastos vinculados al desarrollo del trabajo a distancia, como marca el Acuerdo marco europeo de teletrabajo de 2002. Por un lado, mediante la dotaci\u00f3n a la persona que trabaja a distancia de todos los medios necesarios para la prestaci\u00f3n de servicios; por otro, a trav\u00e9s de la obligada compensaci\u00f3n total a esta por los gastos. Por otro lado, la ley del teletrabajo permitir\u00e1 al trabajador negociar su propio horario. El citado texto recoge que la persona que desarrolla trabajo a distancia podr\u00e1 alterar el horario de prestaci\u00f3n de servicios establecido. En cualquier caso, esa flexibilidad no ser\u00e1 absoluta, puesto que para alterar el horario, el trabajador deber\u00e1 respetar la normativa sobre tiempo de trabajo y de descanso, salvo, en su caso, en cuanto a los tiempos de disponibilidad obligatoria o los l\u00edmites que al respecto hubieran podido establecerse en el acuerdo de trabajo a distancia. Por otro lado, en el art\u00edculo 14 del Anteproyecto se establece que el sistema de registro horario que se regula en el art\u00edculo 34.9 del Estatuto de los Trabajadores deber\u00e1 configurarse de modo que refleje fielmente el tiempo que la persona trabajadora que realiza trabajo a distancia dedica a la actividad laboral, sin perjuicio de la flexibilidad horaria. Deber\u00e1 incluir, entre otros, el momento de inicio y finalizaci\u00f3n de la jornada y de los tramos de actividad, el tiempo de activaci\u00f3n y desactivaci\u00f3n de los equipos, as\u00ed como, en su caso, el tiempo dedicado a la preparaci\u00f3n y realizaci\u00f3n de las tareas de cada una de las fases del ciclo de procesamiento y entrega. Adem\u00e1s, en esa propuesta se incluye que las compa\u00f1\u00edas no podr\u00e1n contratar para teletrabajo a quienes tengan entre 16 y 17 a\u00f1os ni a los empleados en aprendizaje, formaci\u00f3n y en pr\u00e1cticas. As\u00ed, el \u00faltimo borrador del pasado viernes mantiene la exigencia de anteriores versiones de que la negativa de trabajar a distancia, su falta de adaptaci\u00f3n, la \u00abineptitud\u00bb con esta f\u00f3rmula de ejecuci\u00f3n de trabajo a la \u00abreversibilidad\u00bb para volver al trabajo presencial que le reconozca la negociaci\u00f3n colectiva, \u00abno ser\u00e1n causas justificativas de la extinci\u00f3n de la relaci\u00f3n laboral\u00bb.<\/p>\n","protected":false},"author":20,"featured_media":39192,"comment_status":"open","ping_status":"open","sticky":false,"template":"","format":"standard","meta":{"_FSMCFIC_featured_image_caption":"","_FSMCFIC_featured_image_nocaption":"","_FSMCFIC_featured_image_hide":"","footnotes":""},"categories":[806],"tags":[831,2634],"class_list":["post-39199","post","type-post","status-publish","format-standard","has-post-thumbnail","hentry","category-punts-claus-del-dia-es","tag-economia-es","tag-teletrabajo"],"yoast_head":"<!-- This site is optimized with the Yoast SEO plugin v26.8 - https:\/\/yoast.com\/product\/yoast-seo-wordpress\/ -->\n<title>El pacto del teletrabajo podr\u00eda retrasarse hasta septiembre -<\/title>\n<meta name=\"description\" content=\"El Gobierno, la patronal y sindicatos retrasan la entrada en vigor de la futura ley del teletrabajo por no ponerse de acuerdo en diferentes puntos\" \/>\n<meta name=\"robots\" content=\"index, follow, max-snippet:-1, max-image-preview:large, max-video-preview:-1\" \/>\n<link rel=\"canonical\" href=\"https:\/\/conversesacatalunya.cat\/es\/el-pacto-del-teletrabajo-podria-retrasarse-hasta-septiembre\/\" \/>\n<meta property=\"og:locale\" content=\"es_ES\" \/>\n<meta property=\"og:type\" content=\"article\" \/>\n<meta property=\"og:title\" content=\"El pacto del teletrabajo podr\u00eda retrasarse hasta septiembre -\" \/>\n<meta property=\"og:description\" content=\"El Gobierno, la patronal y sindicatos retrasan la entrada en vigor de la futura ley del teletrabajo por no ponerse de acuerdo en diferentes puntos\" \/>\n<meta property=\"og:url\" content=\"https:\/\/conversesacatalunya.cat\/es\/el-pacto-del-teletrabajo-podria-retrasarse-hasta-septiembre\/\" \/>\n<meta property=\"og:site_name\" content=\"Converses a Catalunya\" \/>\n<meta property=\"article:published_time\" content=\"2020-08-07T05:48:58+00:00\" \/>\n<meta property=\"article:modified_time\" content=\"2020-08-07T10:32:43+00:00\" \/>\n<meta property=\"og:image\" content=\"https:\/\/conversesacatalunya.cat\/wp-content\/uploads\/2020\/08\/Capture-2.png\" \/>\n\t<meta property=\"og:image:width\" content=\"1472\" \/>\n\t<meta property=\"og:image:height\" content=\"722\" \/>\n\t<meta property=\"og:image:type\" content=\"image\/png\" \/>\n<meta name=\"author\" content=\"conversesacatalunya\" \/>\n<meta name=\"twitter:card\" content=\"summary_large_image\" \/>\n<meta name=\"twitter:label1\" content=\"Escrito por\" \/>\n\t<meta name=\"twitter:data1\" content=\"conversesacatalunya\" \/>\n\t<meta name=\"twitter:label2\" content=\"Tiempo de lectura\" \/>\n\t<meta name=\"twitter:data2\" content=\"3 minutos\" \/>\n<script type=\"application\/ld+json\" class=\"yoast-schema-graph\">{\"@context\":\"https:\/\/schema.org\",\"@graph\":[{\"@type\":\"Article\",\"@id\":\"https:\/\/conversesacatalunya.cat\/es\/el-pacto-del-teletrabajo-podria-retrasarse-hasta-septiembre\/#article\",\"isPartOf\":{\"@id\":\"https:\/\/conversesacatalunya.cat\/es\/el-pacto-del-teletrabajo-podria-retrasarse-hasta-septiembre\/\"},\"author\":{\"name\":\"conversesacatalunya\",\"@id\":\"https:\/\/conversesacatalunya.cat\/#\/schema\/person\/a7a9496a363cd9847daf7cd659d92e64\"},\"headline\":\"El pacto del teletrabajo podr\u00eda retrasarse hasta septiembre\",\"datePublished\":\"2020-08-07T05:48:58+00:00\",\"dateModified\":\"2020-08-07T10:32:43+00:00\",\"mainEntityOfPage\":{\"@id\":\"https:\/\/conversesacatalunya.cat\/es\/el-pacto-del-teletrabajo-podria-retrasarse-hasta-septiembre\/\"},\"wordCount\":564,\"commentCount\":0,\"image\":{\"@id\":\"https:\/\/conversesacatalunya.cat\/es\/el-pacto-del-teletrabajo-podria-retrasarse-hasta-septiembre\/#primaryimage\"},\"thumbnailUrl\":\"https:\/\/conversesacatalunya.cat\/wp-content\/uploads\/2020\/08\/Capture-2.png\",\"keywords\":[\"Economia\",\"teletrabajo\"],\"articleSection\":[\"Punts clau del dia (ES)\"],\"inLanguage\":\"es\",\"potentialAction\":[{\"@type\":\"CommentAction\",\"name\":\"Comment\",\"target\":[\"https:\/\/conversesacatalunya.cat\/es\/el-pacto-del-teletrabajo-podria-retrasarse-hasta-septiembre\/#respond\"]}]},{\"@type\":\"WebPage\",\"@id\":\"https:\/\/conversesacatalunya.cat\/es\/el-pacto-del-teletrabajo-podria-retrasarse-hasta-septiembre\/\",\"url\":\"https:\/\/conversesacatalunya.cat\/es\/el-pacto-del-teletrabajo-podria-retrasarse-hasta-septiembre\/\",\"name\":\"El pacto del teletrabajo podr\u00eda retrasarse hasta septiembre -\",\"isPartOf\":{\"@id\":\"https:\/\/conversesacatalunya.cat\/#website\"},\"primaryImageOfPage\":{\"@id\":\"https:\/\/conversesacatalunya.cat\/es\/el-pacto-del-teletrabajo-podria-retrasarse-hasta-septiembre\/#primaryimage\"},\"image\":{\"@id\":\"https:\/\/conversesacatalunya.cat\/es\/el-pacto-del-teletrabajo-podria-retrasarse-hasta-septiembre\/#primaryimage\"},\"thumbnailUrl\":\"https:\/\/conversesacatalunya.cat\/wp-content\/uploads\/2020\/08\/Capture-2.png\",\"datePublished\":\"2020-08-07T05:48:58+00:00\",\"dateModified\":\"2020-08-07T10:32:43+00:00\",\"author\":{\"@id\":\"https:\/\/conversesacatalunya.cat\/#\/schema\/person\/a7a9496a363cd9847daf7cd659d92e64\"},\"description\":\"El Gobierno, la patronal y sindicatos retrasan la entrada en vigor de la futura ley del teletrabajo por no ponerse de acuerdo en diferentes puntos\",\"breadcrumb\":{\"@id\":\"https:\/\/conversesacatalunya.cat\/es\/el-pacto-del-teletrabajo-podria-retrasarse-hasta-septiembre\/#breadcrumb\"},\"inLanguage\":\"es\",\"potentialAction\":[{\"@type\":\"ReadAction\",\"target\":[\"https:\/\/conversesacatalunya.cat\/es\/el-pacto-del-teletrabajo-podria-retrasarse-hasta-septiembre\/\"]}]},{\"@type\":\"ImageObject\",\"inLanguage\":\"es\",\"@id\":\"https:\/\/conversesacatalunya.cat\/es\/el-pacto-del-teletrabajo-podria-retrasarse-hasta-septiembre\/#primaryimage\",\"url\":\"https:\/\/conversesacatalunya.cat\/wp-content\/uploads\/2020\/08\/Capture-2.png\",\"contentUrl\":\"https:\/\/conversesacatalunya.cat\/wp-content\/uploads\/2020\/08\/Capture-2.png\",\"width\":1472,\"height\":722,\"caption\":\"teletreball\"},{\"@type\":\"BreadcrumbList\",\"@id\":\"https:\/\/conversesacatalunya.cat\/es\/el-pacto-del-teletrabajo-podria-retrasarse-hasta-septiembre\/#breadcrumb\",\"itemListElement\":[{\"@type\":\"ListItem\",\"position\":1,\"name\":\"Inici\",\"item\":\"https:\/\/conversesacatalunya.cat\/es\/\"},{\"@type\":\"ListItem\",\"position\":2,\"name\":\"El pacto del teletrabajo podr\u00eda retrasarse hasta septiembre\"}]},{\"@type\":\"WebSite\",\"@id\":\"https:\/\/conversesacatalunya.cat\/#website\",\"url\":\"https:\/\/conversesacatalunya.cat\/\",\"name\":\"Converses a Catalunya\",\"description\":\"\",\"potentialAction\":[{\"@type\":\"SearchAction\",\"target\":{\"@type\":\"EntryPoint\",\"urlTemplate\":\"https:\/\/conversesacatalunya.cat\/?s={search_term_string}\"},\"query-input\":{\"@type\":\"PropertyValueSpecification\",\"valueRequired\":true,\"valueName\":\"search_term_string\"}}],\"inLanguage\":\"es\"},{\"@type\":\"Person\",\"@id\":\"https:\/\/conversesacatalunya.cat\/#\/schema\/person\/a7a9496a363cd9847daf7cd659d92e64\",\"name\":\"conversesacatalunya\",\"image\":{\"@type\":\"ImageObject\",\"inLanguage\":\"es\",\"@id\":\"https:\/\/conversesacatalunya.cat\/#\/schema\/person\/image\/\",\"url\":\"https:\/\/conversesacatalunya.cat\/wp-content\/litespeed\/avatar\/ff91582b44ff9c880dc9c5ac2f5c7e89.jpg?ver=1777372947\",\"contentUrl\":\"https:\/\/conversesacatalunya.cat\/wp-content\/litespeed\/avatar\/ff91582b44ff9c880dc9c5ac2f5c7e89.jpg?ver=1777372947\",\"caption\":\"conversesacatalunya\"},\"url\":\"https:\/\/conversesacatalunya.cat\/es\/author\/francisco_garcia\/\"}]}<\/script>\n<!-- \/ Yoast SEO plugin. -->","yoast_head_json":{"title":"El pacto del teletrabajo podr\u00eda retrasarse hasta septiembre -","description":"El Gobierno, la patronal y sindicatos retrasan la entrada en vigor de la futura ley del teletrabajo por no ponerse de acuerdo en diferentes puntos","robots":{"index":"index","follow":"follow","max-snippet":"max-snippet:-1","max-image-preview":"max-image-preview:large","max-video-preview":"max-video-preview:-1"},"canonical":"https:\/\/conversesacatalunya.cat\/es\/el-pacto-del-teletrabajo-podria-retrasarse-hasta-septiembre\/","og_locale":"es_ES","og_type":"article","og_title":"El pacto del teletrabajo podr\u00eda retrasarse hasta septiembre -","og_description":"El Gobierno, la patronal y sindicatos retrasan la entrada en vigor de la futura ley del teletrabajo por no ponerse de acuerdo en diferentes puntos","og_url":"https:\/\/conversesacatalunya.cat\/es\/el-pacto-del-teletrabajo-podria-retrasarse-hasta-septiembre\/","og_site_name":"Converses a Catalunya","article_published_time":"2020-08-07T05:48:58+00:00","article_modified_time":"2020-08-07T10:32:43+00:00","og_image":[{"width":1472,"height":722,"url":"https:\/\/conversesacatalunya.cat\/wp-content\/uploads\/2020\/08\/Capture-2.png","type":"image\/png"}],"author":"conversesacatalunya","twitter_card":"summary_large_image","twitter_misc":{"Escrito por":"conversesacatalunya","Tiempo de lectura":"3 minutos"},"schema":{"@context":"https:\/\/schema.org","@graph":[{"@type":"Article","@id":"https:\/\/conversesacatalunya.cat\/es\/el-pacto-del-teletrabajo-podria-retrasarse-hasta-septiembre\/#article","isPartOf":{"@id":"https:\/\/conversesacatalunya.cat\/es\/el-pacto-del-teletrabajo-podria-retrasarse-hasta-septiembre\/"},"author":{"name":"conversesacatalunya","@id":"https:\/\/conversesacatalunya.cat\/#\/schema\/person\/a7a9496a363cd9847daf7cd659d92e64"},"headline":"El pacto del teletrabajo podr\u00eda retrasarse hasta septiembre","datePublished":"2020-08-07T05:48:58+00:00","dateModified":"2020-08-07T10:32:43+00:00","mainEntityOfPage":{"@id":"https:\/\/conversesacatalunya.cat\/es\/el-pacto-del-teletrabajo-podria-retrasarse-hasta-septiembre\/"},"wordCount":564,"commentCount":0,"image":{"@id":"https:\/\/conversesacatalunya.cat\/es\/el-pacto-del-teletrabajo-podria-retrasarse-hasta-septiembre\/#primaryimage"},"thumbnailUrl":"https:\/\/conversesacatalunya.cat\/wp-content\/uploads\/2020\/08\/Capture-2.png","keywords":["Economia","teletrabajo"],"articleSection":["Punts clau del dia (ES)"],"inLanguage":"es","potentialAction":[{"@type":"CommentAction","name":"Comment","target":["https:\/\/conversesacatalunya.cat\/es\/el-pacto-del-teletrabajo-podria-retrasarse-hasta-septiembre\/#respond"]}]},{"@type":"WebPage","@id":"https:\/\/conversesacatalunya.cat\/es\/el-pacto-del-teletrabajo-podria-retrasarse-hasta-septiembre\/","url":"https:\/\/conversesacatalunya.cat\/es\/el-pacto-del-teletrabajo-podria-retrasarse-hasta-septiembre\/","name":"El pacto del teletrabajo podr\u00eda retrasarse hasta septiembre -","isPartOf":{"@id":"https:\/\/conversesacatalunya.cat\/#website"},"primaryImageOfPage":{"@id":"https:\/\/conversesacatalunya.cat\/es\/el-pacto-del-teletrabajo-podria-retrasarse-hasta-septiembre\/#primaryimage"},"image":{"@id":"https:\/\/conversesacatalunya.cat\/es\/el-pacto-del-teletrabajo-podria-retrasarse-hasta-septiembre\/#primaryimage"},"thumbnailUrl":"https:\/\/conversesacatalunya.cat\/wp-content\/uploads\/2020\/08\/Capture-2.png","datePublished":"2020-08-07T05:48:58+00:00","dateModified":"2020-08-07T10:32:43+00:00","author":{"@id":"https:\/\/conversesacatalunya.cat\/#\/schema\/person\/a7a9496a363cd9847daf7cd659d92e64"},"description":"El Gobierno, la patronal y sindicatos retrasan la entrada en vigor de la futura ley del teletrabajo por no ponerse de acuerdo en diferentes puntos","breadcrumb":{"@id":"https:\/\/conversesacatalunya.cat\/es\/el-pacto-del-teletrabajo-podria-retrasarse-hasta-septiembre\/#breadcrumb"},"inLanguage":"es","potentialAction":[{"@type":"ReadAction","target":["https:\/\/conversesacatalunya.cat\/es\/el-pacto-del-teletrabajo-podria-retrasarse-hasta-septiembre\/"]}]},{"@type":"ImageObject","inLanguage":"es","@id":"https:\/\/conversesacatalunya.cat\/es\/el-pacto-del-teletrabajo-podria-retrasarse-hasta-septiembre\/#primaryimage","url":"https:\/\/conversesacatalunya.cat\/wp-content\/uploads\/2020\/08\/Capture-2.png","contentUrl":"https:\/\/conversesacatalunya.cat\/wp-content\/uploads\/2020\/08\/Capture-2.png","width":1472,"height":722,"caption":"teletreball"},{"@type":"BreadcrumbList","@id":"https:\/\/conversesacatalunya.cat\/es\/el-pacto-del-teletrabajo-podria-retrasarse-hasta-septiembre\/#breadcrumb","itemListElement":[{"@type":"ListItem","position":1,"name":"Inici","item":"https:\/\/conversesacatalunya.cat\/es\/"},{"@type":"ListItem","position":2,"name":"El pacto del teletrabajo podr\u00eda retrasarse hasta septiembre"}]},{"@type":"WebSite","@id":"https:\/\/conversesacatalunya.cat\/#website","url":"https:\/\/conversesacatalunya.cat\/","name":"Converses a Catalunya","description":"","potentialAction":[{"@type":"SearchAction","target":{"@type":"EntryPoint","urlTemplate":"https:\/\/conversesacatalunya.cat\/?s={search_term_string}"},"query-input":{"@type":"PropertyValueSpecification","valueRequired":true,"valueName":"search_term_string"}}],"inLanguage":"es"},{"@type":"Person","@id":"https:\/\/conversesacatalunya.cat\/#\/schema\/person\/a7a9496a363cd9847daf7cd659d92e64","name":"conversesacatalunya","image":{"@type":"ImageObject","inLanguage":"es","@id":"https:\/\/conversesacatalunya.cat\/#\/schema\/person\/image\/","url":"https:\/\/conversesacatalunya.cat\/wp-content\/litespeed\/avatar\/ff91582b44ff9c880dc9c5ac2f5c7e89.jpg?ver=1777372947","contentUrl":"https:\/\/conversesacatalunya.cat\/wp-content\/litespeed\/avatar\/ff91582b44ff9c880dc9c5ac2f5c7e89.jpg?ver=1777372947","caption":"conversesacatalunya"},"url":"https:\/\/conversesacatalunya.cat\/es\/author\/francisco_garcia\/"}]}},"wps_subtitle":"El Gobierno, la patronal y sindicatos retrasan la entrada en vigor de la futura ley del teletrabajo por no ponerse de acuerdo en diferentes puntos del anteproyecto","_links":{"self":[{"href":"https:\/\/conversesacatalunya.cat\/es\/wp-json\/wp\/v2\/posts\/39199","targetHints":{"allow":["GET"]}}],"collection":[{"href":"https:\/\/conversesacatalunya.cat\/es\/wp-json\/wp\/v2\/posts"}],"about":[{"href":"https:\/\/conversesacatalunya.cat\/es\/wp-json\/wp\/v2\/types\/post"}],"author":[{"embeddable":true,"href":"https:\/\/conversesacatalunya.cat\/es\/wp-json\/wp\/v2\/users\/20"}],"replies":[{"embeddable":true,"href":"https:\/\/conversesacatalunya.cat\/es\/wp-json\/wp\/v2\/comments?post=39199"}],"version-history":[{"count":2,"href":"https:\/\/conversesacatalunya.cat\/es\/wp-json\/wp\/v2\/posts\/39199\/revisions"}],"predecessor-version":[{"id":39201,"href":"https:\/\/conversesacatalunya.cat\/es\/wp-json\/wp\/v2\/posts\/39199\/revisions\/39201"}],"wp:featuredmedia":[{"embeddable":true,"href":"https:\/\/conversesacatalunya.cat\/es\/wp-json\/wp\/v2\/media\/39192"}],"wp:attachment":[{"href":"https:\/\/conversesacatalunya.cat\/es\/wp-json\/wp\/v2\/media?parent=39199"}],"wp:term":[{"taxonomy":"category","embeddable":true,"href":"https:\/\/conversesacatalunya.cat\/es\/wp-json\/wp\/v2\/categories?post=39199"},{"taxonomy":"post_tag","embeddable":true,"href":"https:\/\/conversesacatalunya.cat\/es\/wp-json\/wp\/v2\/tags?post=39199"}],"curies":[{"name":"wp","href":"https:\/\/api.w.org\/{rel}","templated":true}]}}