{"id":39029,"date":"2020-07-30T13:23:48","date_gmt":"2020-07-30T11:23:48","guid":{"rendered":"https:\/\/conversesacatalunya.cat\/?p=39029"},"modified":"2020-07-30T13:23:48","modified_gmt":"2020-07-30T11:23:48","slug":"costes-y-peligros-del-progresismo","status":"publish","type":"post","link":"https:\/\/conversesacatalunya.cat\/es\/costes-y-peligros-del-progresismo\/","title":{"rendered":"Costes y peligros del progresismo"},"content":{"rendered":"<p>La coalici\u00f3n de gobierno se define como progresistas. No tiene nada de especial, pr\u00e1cticamente todos los partidos del Parlament de Catalunya se definir\u00edan en estos t\u00e9rminos. De hecho, no hay pocas ideolog\u00edas que no acepten esta etiqueta, por otra parte, c\u00f3moda, por su amplitud de significado.<\/p>\n<p>Progresismo significa ser partidario del progreso. \u00a0Un progresista tambi\u00e9n puede entenderse como contrario a un conservador, y aqu\u00ed surge la primera objeci\u00f3n. \u00bfAcaso no hemos de conservar lo bueno, la naturaleza, por ejemplo; la familia? \u00bfLa tradici\u00f3n, y las costumbres no han de ser una de las fuentes del derecho? \u00a0\u00bfQu\u00e9 es realmente progresar? \u00a0Llamarse progresismo es definir muy poco, es la \u00faltima expresi\u00f3n de la izquierda rendida a la hegemon\u00eda capitalista, el \u00fanico sistema econ\u00f3mico que hoy existe en el mundo. Desde el punto de vista pol\u00edtico es f\u00e1cil reconocerlos reducen la igualdad a un tema sexual, entre hombres y mujeres, en relaci\u00f3n con el polimorfismo sobre el que adoctrina la perspectiva de g\u00e9nero y la multitud de identidades sexuales LGBTI. No existen hombre y mujeres, solo g\u00e9neros fluidos, pero ay de aquel que aplique esta teor\u00eda de la fluidez a la homosexualidad, ser\u00e1 perseguido y castigado. El progresismo es confusi\u00f3n y contradicci\u00f3n.<\/p>\n<p>Tambi\u00e9n porque preconizan a pi\u00f1\u00f3n fijo que lo \u00faltimo es siempre mejor, y si puede hacerse debe hacerse. Todo esto lo convierte en una mentalidad peligrosa. Para empezar, porque como explica Charles Taylor en Las Fuentes del Yo, LA CONSTRUCCI\u00d3N DE LA IDENTIDAD MODERNA, ninguna \u00e9poca puede responder a sus retos con los \u00fanicos recursos de su tiempo. Requiere de la historia, de las fuentes culturales, de la tradici\u00f3n. De la tradici\u00f3n tal y como la reclama Alasdair MacIntyre necesaria para reconocer y trasmitir las virtudes, un concepto extra\u00f1o al progresismo.<\/p>\n<p>Progresar es necesario, pero no siempre ni de cualquiera manera. Hay tambi\u00e9n que conservar y transmitir. Contemplar como caracter\u00edstica \u00fanica el progreso es construir un ser humano unidimensional. Este es el gran error de nuestro tiempo: desvincularse de los criterios del valor de la conservaci\u00f3n, de la tradici\u00f3n y la costumbre porque forman parte de los que nos da ra\u00edces, sentido, identidad, nos encauza y por ello nos limita, porque todo necesita un cauce para poder construir. Un r\u00edo sin cauce es una inundaci\u00f3n, una cat\u00e1strofe. Por esto, en una \u00e9poca como la nuestra, marcada por el progresismo, el tiempo y el lugar carecen de sentido, o como mucho se refieren en relaci\u00f3n a la producci\u00f3n y as\u00ed un d\u00eda es igual a otro, excepto si no se trabaja.<\/p>\n<p>El domingo es un d\u00eda de no trabajo y de ocio, pero ya no es una celebraci\u00f3n. La \u00fanica celebraci\u00f3n que acepta el progresismo es la del consumo. Por eso, la m\u00e1xima celebraci\u00f3n es consumir en bares y discotecas, en restaurantes, y las vacaciones cuanto m\u00e1s ex\u00f3ticas, mejor. Es muy pobre, tanto que los m\u00e1s j\u00f3venes para celebrar necesitan un consumo compulsivo de alcohol, necesitan alienarse, porque la celebraci\u00f3n sola es vac\u00eda. Por eso cuesta tanto esfuerzo evitar los contagios de la Covid-19.<\/p>\n<p>Hay multitud de ejemplos concretos del error de pensar solo en t\u00e9rminos progresistas. En el urbanismo, pongamos por caso. Hasta ahora mismo hemos celebrado la ciudad densa como la culminaci\u00f3n del progreso. La Covid-19 se ha encargado de explicarnos que no es as\u00ed. La ciudad es donde el virus y dem\u00e1s pat\u00f3genos se ensa\u00f1an con mayor facilidad con nosotros. Hay una muy buena correlaci\u00f3n entre tama\u00f1o y densidad urbana y afectaci\u00f3n por el SARS-Cov -2. Tampoco es una novedad. Ahora sabemos que uno de los virus m\u00e1s mortales sin inmunidad de reba\u00f1o y f\u00e1ciles de transmitir, el sarampi\u00f3n, salt\u00f3 de las vacas al ser humano en el 528 aC. Es muy contagioso, pero tambi\u00e9n confiere una inmunidad de larga duraci\u00f3n. Esto significa que necesita de un n\u00famero suficiente de personas susceptibles de ser infectadas en la poblaci\u00f3n, requiere de poblaciones de entre 250.000 y 500.000; es decir, de ciudades. No fue solo el salto a la especie humana que lo hizo peligros, sino la ciudad.<\/p>\n<p>Otro ejemplo de progreso es la energ\u00eda nuclear, sobre la que ahora ya sabemos que incluso el uso pac\u00edfico que proporciona electricidad limpia, pero de producci\u00f3n poco modulable, es un problema, no solo por el riego de un accidente, sino porque no existe una buena soluci\u00f3n para tanto residuo radiactivo.<\/p>\n<p>El aborto generalizado, que de mal menor circunstancial se ha convertido en un derecho masivo, incluso con derivadas, con usos cient\u00edficos y econ\u00f3micos de los fetos, ha introducido un triple da\u00f1o: genera una visi\u00f3n utilitarista del ser humano, ha reintroducido la eugenesia de manera generalizada y da\u00f1a la natalidad.<\/p>\n<p>El progreso por si solo no puede ser una definici\u00f3n pol\u00edtica, porque es solo una parte del todo, lo mismo que lo ser\u00eda una visi\u00f3n pol\u00edtica economicista. Necesita del equilibrio con la capacidad para discernir lo que hay que conservar, y adecuarse a lo que hay que trasmitir, la tradici\u00f3n.<\/p>\n<p>La historia est\u00e1 plagada de ejemplos. \u00bfQui\u00e9n era progresista Cesar que instaur\u00f3 el imperio despu\u00e9s del genocidio galo, o el conservador senador republicano? \u00bfQui\u00e9n es m\u00e1s progresista un rey constitucional que no se debe a ning\u00fan partido, o un presidente republicano, aupado por una fracci\u00f3n del pa\u00eds? \u00a0Y es que en muchas ocasiones lo que entendemos popularmente por progreso, es decir, sin\u00f3nimo de ir mejor, significa conservar. Pero conservar, no porque ya existe, sino porque sabemos que es bueno para los seres humanos.<\/p>\n<span class='bctt-click-to-tweet'><span class='bctt-ctt-text'><a href='https:\/\/twitter.com\/intent\/tweet?url=https%3A%2F%2Fconversesacatalunya.cat%2Fes%2Fcostes-y-peligros-del-progresismo%2F&#038;text=Progresar%20es%20necesario%2C%20pero%20no%20siempre%20ni%20de%20cualquiera%20manera.%20Hay%20tambi%C3%A9n%20que%20conservar%20y%20trasmitir&#038;via=conversesacat&#038;related=conversesacat' target='_blank'rel=\"noopener noreferrer\">Progresar es necesario, pero no siempre ni de cualquiera manera. Hay tambi\u00e9n que conservar y trasmitir <\/a><\/span><a href='https:\/\/twitter.com\/intent\/tweet?url=https%3A%2F%2Fconversesacatalunya.cat%2Fes%2Fcostes-y-peligros-del-progresismo%2F&#038;text=Progresar%20es%20necesario%2C%20pero%20no%20siempre%20ni%20de%20cualquiera%20manera.%20Hay%20tambi%C3%A9n%20que%20conservar%20y%20trasmitir&#038;via=conversesacat&#038;related=conversesacat' target='_blank' class='bctt-ctt-btn'rel=\"noopener noreferrer\">Compartir en X<\/a><\/span>\n<div id=\"polls-61\" class=\"wp-polls\">\n\t<form id=\"polls_form_61\" class=\"wp-polls-form\" action=\"\/index.php\" method=\"post\">\n\t\t<p style=\"display: none;\"><input type=\"hidden\" id=\"poll_61_nonce\" name=\"wp-polls-nonce\" value=\"768d32d84f\" \/><\/p>\n\t\t<p style=\"display: none;\"><input type=\"hidden\" name=\"poll_id\" value=\"61\" \/><\/p>\n\t\t<p style=\"text-align: center\"><strong>Et sembla b\u00e9 que es limiti a 10 persones l'assist\u00e8ncia als actes religiosos mentre que en els restaurants s'accepta el 50% de l'aforament?<\/strong><\/p><div id=\"polls-61-ans\" class=\"wp-polls-ans\"><ul class=\"wp-polls-ul\">\n\t\t<li><input type=\"radio\" id=\"poll-answer-128\" name=\"poll_61\" value=\"128\" \/> <label for=\"poll-answer-128\">Si<\/label><\/li>\n\t\t<li><input type=\"radio\" id=\"poll-answer-129\" name=\"poll_61\" value=\"129\" \/> <label for=\"poll-answer-129\">No<\/label><\/li>\n\t\t<\/ul><p style=\"text-align: center\"><input type=\"button\" name=\"vote\" value=\"   Vota   \" class=\"Buttons\" onclick=\"poll_vote(61);\" \/><\/p><p style=\"text-align: center\"><a href=\"#ViewPollResults\" onclick=\"poll_result(61); return false;\" title=\"View Results Of This Poll\">Mira els resultats<\/a><\/p><\/div>\n\t<\/form>\n<\/div>\n<div id=\"polls-61-loading\" class=\"wp-polls-loading\"><img decoding=\"async\" data-src=\"https:\/\/conversesacatalunya.cat\/wp-content\/plugins\/wp-polls\/images\/loading.gif\" width=\"16\" height=\"16\" alt=\"Cargando ...\" title=\"Cargando ...\" class=\"wp-polls-image lazyload\" src=\"data:image\/svg+xml;base64,PHN2ZyB3aWR0aD0iMSIgaGVpZ2h0PSIxIiB4bWxucz0iaHR0cDovL3d3dy53My5vcmcvMjAwMC9zdmciPjwvc3ZnPg==\" style=\"--smush-placeholder-width: 16px; --smush-placeholder-aspect-ratio: 16\/16;\" \/>&nbsp;Cargando ...<\/div>\n\n","protected":false},"excerpt":{"rendered":"<p>La coalici\u00f3n de gobierno se define como progresistas. No tiene nada de especial, pr\u00e1cticamente todos los partidos del Parlament de Catalunya se definir\u00edan en estos t\u00e9rminos. De hecho, no hay pocas ideolog\u00edas que no acepten esta etiqueta, por otra parte, c\u00f3moda, por su amplitud de significado. Progresismo significa ser partidario del progreso. \u00a0Un progresista tambi\u00e9n puede entenderse como contrario a un conservador, y aqu\u00ed surge la primera objeci\u00f3n. \u00bfAcaso no hemos de conservar lo bueno, la naturaleza, por ejemplo; la familia? \u00bfLa tradici\u00f3n, y las costumbres no han de ser una de las fuentes del derecho? \u00a0\u00bfQu\u00e9 es realmente progresar? \u00a0Llamarse progresismo es definir muy poco, es la \u00faltima expresi\u00f3n de la izquierda rendida a la hegemon\u00eda capitalista, el \u00fanico sistema econ\u00f3mico que hoy existe en el mundo. Desde el punto de vista pol\u00edtico es f\u00e1cil reconocerlos reducen la igualdad a un tema sexual, entre hombres y mujeres, en relaci\u00f3n con el polimorfismo sobre el que adoctrina la perspectiva de g\u00e9nero y la multitud de identidades sexuales LGBTI. No existen hombre y mujeres, solo g\u00e9neros fluidos, pero ay de aquel que aplique esta teor\u00eda de la fluidez a la homosexualidad, ser\u00e1 perseguido y castigado. El progresismo es confusi\u00f3n y contradicci\u00f3n. Tambi\u00e9n porque preconizan a pi\u00f1\u00f3n fijo que lo \u00faltimo es siempre mejor, y si puede hacerse debe hacerse. Todo esto lo convierte en una mentalidad peligrosa. Para empezar, porque como explica Charles Taylor en Las Fuentes del Yo, LA CONSTRUCCI\u00d3N DE LA IDENTIDAD MODERNA, ninguna \u00e9poca puede responder a sus retos con los \u00fanicos recursos de su tiempo. Requiere de la historia, de las fuentes culturales, de la tradici\u00f3n. De la tradici\u00f3n tal y como la reclama Alasdair MacIntyre necesaria para reconocer y trasmitir las virtudes, un concepto extra\u00f1o al progresismo. Progresar es necesario, pero no siempre ni de cualquiera manera. Hay tambi\u00e9n que conservar y transmitir. Contemplar como caracter\u00edstica \u00fanica el progreso es construir un ser humano unidimensional. Este es el gran error de nuestro tiempo: desvincularse de los criterios del valor de la conservaci\u00f3n, de la tradici\u00f3n y la costumbre porque forman parte de los que nos da ra\u00edces, sentido, identidad, nos encauza y por ello nos limita, porque todo necesita un cauce para poder construir. Un r\u00edo sin cauce es una inundaci\u00f3n, una cat\u00e1strofe. Por esto, en una \u00e9poca como la nuestra, marcada por el progresismo, el tiempo y el lugar carecen de sentido, o como mucho se refieren en relaci\u00f3n a la producci\u00f3n y as\u00ed un d\u00eda es igual a otro, excepto si no se trabaja. El domingo es un d\u00eda de no trabajo y de ocio, pero ya no es una celebraci\u00f3n. La \u00fanica celebraci\u00f3n que acepta el progresismo es la del consumo. Por eso, la m\u00e1xima celebraci\u00f3n es consumir en bares y discotecas, en restaurantes, y las vacaciones cuanto m\u00e1s ex\u00f3ticas, mejor. Es muy pobre, tanto que los m\u00e1s j\u00f3venes para celebrar necesitan un consumo compulsivo de alcohol, necesitan alienarse, porque la celebraci\u00f3n sola es vac\u00eda. Por eso cuesta tanto esfuerzo evitar los contagios de la Covid-19. Hay multitud de ejemplos concretos del error de pensar solo en t\u00e9rminos progresistas. En el urbanismo, pongamos por caso. Hasta ahora mismo hemos celebrado la ciudad densa como la culminaci\u00f3n del progreso. La Covid-19 se ha encargado de explicarnos que no es as\u00ed. La ciudad es donde el virus y dem\u00e1s pat\u00f3genos se ensa\u00f1an con mayor facilidad con nosotros. Hay una muy buena correlaci\u00f3n entre tama\u00f1o y densidad urbana y afectaci\u00f3n por el SARS-Cov -2. Tampoco es una novedad. Ahora sabemos que uno de los virus m\u00e1s mortales sin inmunidad de reba\u00f1o y f\u00e1ciles de transmitir, el sarampi\u00f3n, salt\u00f3 de las vacas al ser humano en el 528 aC. Es muy contagioso, pero tambi\u00e9n confiere una inmunidad de larga duraci\u00f3n. Esto significa que necesita de un n\u00famero suficiente de personas susceptibles de ser infectadas en la poblaci\u00f3n, requiere de poblaciones de entre 250.000 y 500.000; es decir, de ciudades. No fue solo el salto a la especie humana que lo hizo peligros, sino la ciudad. Otro ejemplo de progreso es la energ\u00eda nuclear, sobre la que ahora ya sabemos que incluso el uso pac\u00edfico que proporciona electricidad limpia, pero de producci\u00f3n poco modulable, es un problema, no solo por el riego de un accidente, sino porque no existe una buena soluci\u00f3n para tanto residuo radiactivo. El aborto generalizado, que de mal menor circunstancial se ha convertido en un derecho masivo, incluso con derivadas, con usos cient\u00edficos y econ\u00f3micos de los fetos, ha introducido un triple da\u00f1o: genera una visi\u00f3n utilitarista del ser humano, ha reintroducido la eugenesia de manera generalizada y da\u00f1a la natalidad. El progreso por si solo no puede ser una definici\u00f3n pol\u00edtica, porque es solo una parte del todo, lo mismo que lo ser\u00eda una visi\u00f3n pol\u00edtica economicista. Necesita del equilibrio con la capacidad para discernir lo que hay que conservar, y adecuarse a lo que hay que trasmitir, la tradici\u00f3n. La historia est\u00e1 plagada de ejemplos. \u00bfQui\u00e9n era progresista Cesar que instaur\u00f3 el imperio despu\u00e9s del genocidio galo, o el conservador senador republicano? \u00bfQui\u00e9n es m\u00e1s progresista un rey constitucional que no se debe a ning\u00fan partido, o un presidente republicano, aupado por una fracci\u00f3n del pa\u00eds? \u00a0Y es que en muchas ocasiones lo que entendemos popularmente por progreso, es decir, sin\u00f3nimo de ir mejor, significa conservar. Pero conservar, no porque ya existe, sino porque sabemos que es bueno para los seres humanos.<\/p>\n","protected":false},"author":19,"featured_media":39030,"comment_status":"open","ping_status":"open","sticky":false,"template":"","format":"standard","meta":{"_FSMCFIC_featured_image_caption":"","_FSMCFIC_featured_image_nocaption":"","_FSMCFIC_featured_image_hide":"","footnotes":""},"categories":[796],"tags":[2793,2794],"class_list":["post-39029","post","type-post","status-publish","format-standard","has-post-thumbnail","hentry","category-el-blog-de-josep-miro-i-ardevol-es","tag-progresismo","tag-progreso"],"yoast_head":"<!-- This site is optimized with the Yoast SEO plugin v26.8 - https:\/\/yoast.com\/product\/yoast-seo-wordpress\/ -->\n<title>Costes y peligros del progresismo - Converses a Catalunya<\/title>\n<meta name=\"description\" content=\"Progresar es necesario, pero no siempre ni de cualquiera manera. Hay tambi\u00e9n que conservar y transmitir\" \/>\n<meta name=\"robots\" content=\"index, follow, max-snippet:-1, max-image-preview:large, max-video-preview:-1\" \/>\n<link rel=\"canonical\" href=\"https:\/\/conversesacatalunya.cat\/es\/costes-y-peligros-del-progresismo\/\" \/>\n<meta property=\"og:locale\" content=\"es_ES\" \/>\n<meta property=\"og:type\" content=\"article\" \/>\n<meta property=\"og:title\" content=\"Costes y peligros del progresismo - Converses a Catalunya\" \/>\n<meta property=\"og:description\" content=\"Progresar es necesario, pero no siempre ni de cualquiera manera. Hay tambi\u00e9n que conservar y transmitir\" \/>\n<meta property=\"og:url\" content=\"https:\/\/conversesacatalunya.cat\/es\/costes-y-peligros-del-progresismo\/\" \/>\n<meta property=\"og:site_name\" content=\"Converses a Catalunya\" \/>\n<meta property=\"article:published_time\" content=\"2020-07-30T11:23:48+00:00\" \/>\n<meta property=\"og:image\" content=\"https:\/\/conversesacatalunya.cat\/wp-content\/uploads\/2020\/07\/progresismo-feminismo-e1574020853239.jpg\" \/>\n\t<meta property=\"og:image:width\" content=\"800\" \/>\n\t<meta property=\"og:image:height\" content=\"416\" \/>\n\t<meta property=\"og:image:type\" content=\"image\/jpeg\" \/>\n<meta name=\"author\" content=\"Josep Mir\u00f3 i Ard\u00e8vol\" \/>\n<meta name=\"twitter:card\" content=\"summary_large_image\" \/>\n<meta name=\"twitter:label1\" content=\"Escrito por\" \/>\n\t<meta name=\"twitter:data1\" content=\"Josep Mir\u00f3 i Ard\u00e8vol\" \/>\n\t<meta name=\"twitter:label2\" content=\"Tiempo de lectura\" \/>\n\t<meta name=\"twitter:data2\" content=\"5 minutos\" \/>\n<script type=\"application\/ld+json\" class=\"yoast-schema-graph\">{\"@context\":\"https:\/\/schema.org\",\"@graph\":[{\"@type\":\"Article\",\"@id\":\"https:\/\/conversesacatalunya.cat\/es\/costes-y-peligros-del-progresismo\/#article\",\"isPartOf\":{\"@id\":\"https:\/\/conversesacatalunya.cat\/es\/costes-y-peligros-del-progresismo\/\"},\"author\":{\"name\":\"Josep Mir\u00f3 i Ard\u00e8vol\",\"@id\":\"https:\/\/conversesacatalunya.cat\/#\/schema\/person\/a9598a6786ba7d3d1c5e0de477b79370\"},\"headline\":\"Costes y peligros del progresismo\",\"datePublished\":\"2020-07-30T11:23:48+00:00\",\"mainEntityOfPage\":{\"@id\":\"https:\/\/conversesacatalunya.cat\/es\/costes-y-peligros-del-progresismo\/\"},\"wordCount\":1012,\"commentCount\":0,\"image\":{\"@id\":\"https:\/\/conversesacatalunya.cat\/es\/costes-y-peligros-del-progresismo\/#primaryimage\"},\"thumbnailUrl\":\"https:\/\/conversesacatalunya.cat\/wp-content\/uploads\/2020\/07\/progresismo-feminismo-e1574020853239.jpg\",\"keywords\":[\"Progresismo\",\"Progreso\"],\"articleSection\":[\"El Blog de Josep Mir\u00f3 i Ard\u00e8vol (ES)\"],\"inLanguage\":\"es\",\"potentialAction\":[{\"@type\":\"CommentAction\",\"name\":\"Comment\",\"target\":[\"https:\/\/conversesacatalunya.cat\/es\/costes-y-peligros-del-progresismo\/#respond\"]}]},{\"@type\":\"WebPage\",\"@id\":\"https:\/\/conversesacatalunya.cat\/es\/costes-y-peligros-del-progresismo\/\",\"url\":\"https:\/\/conversesacatalunya.cat\/es\/costes-y-peligros-del-progresismo\/\",\"name\":\"Costes y peligros del progresismo - Converses a Catalunya\",\"isPartOf\":{\"@id\":\"https:\/\/conversesacatalunya.cat\/#website\"},\"primaryImageOfPage\":{\"@id\":\"https:\/\/conversesacatalunya.cat\/es\/costes-y-peligros-del-progresismo\/#primaryimage\"},\"image\":{\"@id\":\"https:\/\/conversesacatalunya.cat\/es\/costes-y-peligros-del-progresismo\/#primaryimage\"},\"thumbnailUrl\":\"https:\/\/conversesacatalunya.cat\/wp-content\/uploads\/2020\/07\/progresismo-feminismo-e1574020853239.jpg\",\"datePublished\":\"2020-07-30T11:23:48+00:00\",\"author\":{\"@id\":\"https:\/\/conversesacatalunya.cat\/#\/schema\/person\/a9598a6786ba7d3d1c5e0de477b79370\"},\"description\":\"Progresar es necesario, pero no siempre ni de cualquiera manera. Hay tambi\u00e9n que conservar y transmitir\",\"breadcrumb\":{\"@id\":\"https:\/\/conversesacatalunya.cat\/es\/costes-y-peligros-del-progresismo\/#breadcrumb\"},\"inLanguage\":\"es\",\"potentialAction\":[{\"@type\":\"ReadAction\",\"target\":[\"https:\/\/conversesacatalunya.cat\/es\/costes-y-peligros-del-progresismo\/\"]}]},{\"@type\":\"ImageObject\",\"inLanguage\":\"es\",\"@id\":\"https:\/\/conversesacatalunya.cat\/es\/costes-y-peligros-del-progresismo\/#primaryimage\",\"url\":\"https:\/\/conversesacatalunya.cat\/wp-content\/uploads\/2020\/07\/progresismo-feminismo-e1574020853239.jpg\",\"contentUrl\":\"https:\/\/conversesacatalunya.cat\/wp-content\/uploads\/2020\/07\/progresismo-feminismo-e1574020853239.jpg\",\"width\":800,\"height\":416,\"caption\":\"progresismo\"},{\"@type\":\"BreadcrumbList\",\"@id\":\"https:\/\/conversesacatalunya.cat\/es\/costes-y-peligros-del-progresismo\/#breadcrumb\",\"itemListElement\":[{\"@type\":\"ListItem\",\"position\":1,\"name\":\"Inici\",\"item\":\"https:\/\/conversesacatalunya.cat\/es\/\"},{\"@type\":\"ListItem\",\"position\":2,\"name\":\"Costes y peligros del progresismo\"}]},{\"@type\":\"WebSite\",\"@id\":\"https:\/\/conversesacatalunya.cat\/#website\",\"url\":\"https:\/\/conversesacatalunya.cat\/\",\"name\":\"Converses a Catalunya\",\"description\":\"\",\"potentialAction\":[{\"@type\":\"SearchAction\",\"target\":{\"@type\":\"EntryPoint\",\"urlTemplate\":\"https:\/\/conversesacatalunya.cat\/?s={search_term_string}\"},\"query-input\":{\"@type\":\"PropertyValueSpecification\",\"valueRequired\":true,\"valueName\":\"search_term_string\"}}],\"inLanguage\":\"es\"},{\"@type\":\"Person\",\"@id\":\"https:\/\/conversesacatalunya.cat\/#\/schema\/person\/a9598a6786ba7d3d1c5e0de477b79370\",\"name\":\"Josep Mir\u00f3 i Ard\u00e8vol\",\"image\":{\"@type\":\"ImageObject\",\"inLanguage\":\"es\",\"@id\":\"https:\/\/conversesacatalunya.cat\/#\/schema\/person\/image\/\",\"url\":\"https:\/\/conversesacatalunya.cat\/wp-content\/litespeed\/avatar\/c37e3dc881857483d6694cdf98fdedea.jpg?ver=1777270381\",\"contentUrl\":\"https:\/\/conversesacatalunya.cat\/wp-content\/litespeed\/avatar\/c37e3dc881857483d6694cdf98fdedea.jpg?ver=1777270381\",\"caption\":\"Josep Mir\u00f3 i Ard\u00e8vol\"},\"url\":\"https:\/\/conversesacatalunya.cat\/es\/author\/josep-miro-i-ardevol\/\"}]}<\/script>\n<!-- \/ Yoast SEO plugin. -->","yoast_head_json":{"title":"Costes y peligros del progresismo - Converses a Catalunya","description":"Progresar es necesario, pero no siempre ni de cualquiera manera. Hay tambi\u00e9n que conservar y transmitir","robots":{"index":"index","follow":"follow","max-snippet":"max-snippet:-1","max-image-preview":"max-image-preview:large","max-video-preview":"max-video-preview:-1"},"canonical":"https:\/\/conversesacatalunya.cat\/es\/costes-y-peligros-del-progresismo\/","og_locale":"es_ES","og_type":"article","og_title":"Costes y peligros del progresismo - Converses a Catalunya","og_description":"Progresar es necesario, pero no siempre ni de cualquiera manera. Hay tambi\u00e9n que conservar y transmitir","og_url":"https:\/\/conversesacatalunya.cat\/es\/costes-y-peligros-del-progresismo\/","og_site_name":"Converses a Catalunya","article_published_time":"2020-07-30T11:23:48+00:00","og_image":[{"width":800,"height":416,"url":"https:\/\/conversesacatalunya.cat\/wp-content\/uploads\/2020\/07\/progresismo-feminismo-e1574020853239.jpg","type":"image\/jpeg"}],"author":"Josep Mir\u00f3 i Ard\u00e8vol","twitter_card":"summary_large_image","twitter_misc":{"Escrito por":"Josep Mir\u00f3 i Ard\u00e8vol","Tiempo de lectura":"5 minutos"},"schema":{"@context":"https:\/\/schema.org","@graph":[{"@type":"Article","@id":"https:\/\/conversesacatalunya.cat\/es\/costes-y-peligros-del-progresismo\/#article","isPartOf":{"@id":"https:\/\/conversesacatalunya.cat\/es\/costes-y-peligros-del-progresismo\/"},"author":{"name":"Josep Mir\u00f3 i Ard\u00e8vol","@id":"https:\/\/conversesacatalunya.cat\/#\/schema\/person\/a9598a6786ba7d3d1c5e0de477b79370"},"headline":"Costes y peligros del progresismo","datePublished":"2020-07-30T11:23:48+00:00","mainEntityOfPage":{"@id":"https:\/\/conversesacatalunya.cat\/es\/costes-y-peligros-del-progresismo\/"},"wordCount":1012,"commentCount":0,"image":{"@id":"https:\/\/conversesacatalunya.cat\/es\/costes-y-peligros-del-progresismo\/#primaryimage"},"thumbnailUrl":"https:\/\/conversesacatalunya.cat\/wp-content\/uploads\/2020\/07\/progresismo-feminismo-e1574020853239.jpg","keywords":["Progresismo","Progreso"],"articleSection":["El Blog de Josep Mir\u00f3 i Ard\u00e8vol (ES)"],"inLanguage":"es","potentialAction":[{"@type":"CommentAction","name":"Comment","target":["https:\/\/conversesacatalunya.cat\/es\/costes-y-peligros-del-progresismo\/#respond"]}]},{"@type":"WebPage","@id":"https:\/\/conversesacatalunya.cat\/es\/costes-y-peligros-del-progresismo\/","url":"https:\/\/conversesacatalunya.cat\/es\/costes-y-peligros-del-progresismo\/","name":"Costes y peligros del progresismo - Converses a Catalunya","isPartOf":{"@id":"https:\/\/conversesacatalunya.cat\/#website"},"primaryImageOfPage":{"@id":"https:\/\/conversesacatalunya.cat\/es\/costes-y-peligros-del-progresismo\/#primaryimage"},"image":{"@id":"https:\/\/conversesacatalunya.cat\/es\/costes-y-peligros-del-progresismo\/#primaryimage"},"thumbnailUrl":"https:\/\/conversesacatalunya.cat\/wp-content\/uploads\/2020\/07\/progresismo-feminismo-e1574020853239.jpg","datePublished":"2020-07-30T11:23:48+00:00","author":{"@id":"https:\/\/conversesacatalunya.cat\/#\/schema\/person\/a9598a6786ba7d3d1c5e0de477b79370"},"description":"Progresar es necesario, pero no siempre ni de cualquiera manera. Hay tambi\u00e9n que conservar y transmitir","breadcrumb":{"@id":"https:\/\/conversesacatalunya.cat\/es\/costes-y-peligros-del-progresismo\/#breadcrumb"},"inLanguage":"es","potentialAction":[{"@type":"ReadAction","target":["https:\/\/conversesacatalunya.cat\/es\/costes-y-peligros-del-progresismo\/"]}]},{"@type":"ImageObject","inLanguage":"es","@id":"https:\/\/conversesacatalunya.cat\/es\/costes-y-peligros-del-progresismo\/#primaryimage","url":"https:\/\/conversesacatalunya.cat\/wp-content\/uploads\/2020\/07\/progresismo-feminismo-e1574020853239.jpg","contentUrl":"https:\/\/conversesacatalunya.cat\/wp-content\/uploads\/2020\/07\/progresismo-feminismo-e1574020853239.jpg","width":800,"height":416,"caption":"progresismo"},{"@type":"BreadcrumbList","@id":"https:\/\/conversesacatalunya.cat\/es\/costes-y-peligros-del-progresismo\/#breadcrumb","itemListElement":[{"@type":"ListItem","position":1,"name":"Inici","item":"https:\/\/conversesacatalunya.cat\/es\/"},{"@type":"ListItem","position":2,"name":"Costes y peligros del progresismo"}]},{"@type":"WebSite","@id":"https:\/\/conversesacatalunya.cat\/#website","url":"https:\/\/conversesacatalunya.cat\/","name":"Converses a Catalunya","description":"","potentialAction":[{"@type":"SearchAction","target":{"@type":"EntryPoint","urlTemplate":"https:\/\/conversesacatalunya.cat\/?s={search_term_string}"},"query-input":{"@type":"PropertyValueSpecification","valueRequired":true,"valueName":"search_term_string"}}],"inLanguage":"es"},{"@type":"Person","@id":"https:\/\/conversesacatalunya.cat\/#\/schema\/person\/a9598a6786ba7d3d1c5e0de477b79370","name":"Josep Mir\u00f3 i Ard\u00e8vol","image":{"@type":"ImageObject","inLanguage":"es","@id":"https:\/\/conversesacatalunya.cat\/#\/schema\/person\/image\/","url":"https:\/\/conversesacatalunya.cat\/wp-content\/litespeed\/avatar\/c37e3dc881857483d6694cdf98fdedea.jpg?ver=1777270381","contentUrl":"https:\/\/conversesacatalunya.cat\/wp-content\/litespeed\/avatar\/c37e3dc881857483d6694cdf98fdedea.jpg?ver=1777270381","caption":"Josep Mir\u00f3 i Ard\u00e8vol"},"url":"https:\/\/conversesacatalunya.cat\/es\/author\/josep-miro-i-ardevol\/"}]}},"wps_subtitle":"Progresar es necesario, pero no siempre ni de cualquiera manera. Hay tambi\u00e9n que conservar y transmitir","_links":{"self":[{"href":"https:\/\/conversesacatalunya.cat\/es\/wp-json\/wp\/v2\/posts\/39029","targetHints":{"allow":["GET"]}}],"collection":[{"href":"https:\/\/conversesacatalunya.cat\/es\/wp-json\/wp\/v2\/posts"}],"about":[{"href":"https:\/\/conversesacatalunya.cat\/es\/wp-json\/wp\/v2\/types\/post"}],"author":[{"embeddable":true,"href":"https:\/\/conversesacatalunya.cat\/es\/wp-json\/wp\/v2\/users\/19"}],"replies":[{"embeddable":true,"href":"https:\/\/conversesacatalunya.cat\/es\/wp-json\/wp\/v2\/comments?post=39029"}],"version-history":[{"count":1,"href":"https:\/\/conversesacatalunya.cat\/es\/wp-json\/wp\/v2\/posts\/39029\/revisions"}],"predecessor-version":[{"id":39032,"href":"https:\/\/conversesacatalunya.cat\/es\/wp-json\/wp\/v2\/posts\/39029\/revisions\/39032"}],"wp:featuredmedia":[{"embeddable":true,"href":"https:\/\/conversesacatalunya.cat\/es\/wp-json\/wp\/v2\/media\/39030"}],"wp:attachment":[{"href":"https:\/\/conversesacatalunya.cat\/es\/wp-json\/wp\/v2\/media?parent=39029"}],"wp:term":[{"taxonomy":"category","embeddable":true,"href":"https:\/\/conversesacatalunya.cat\/es\/wp-json\/wp\/v2\/categories?post=39029"},{"taxonomy":"post_tag","embeddable":true,"href":"https:\/\/conversesacatalunya.cat\/es\/wp-json\/wp\/v2\/tags?post=39029"}],"curies":[{"name":"wp","href":"https:\/\/api.w.org\/{rel}","templated":true}]}}