{"id":38998,"date":"2020-07-30T11:02:33","date_gmt":"2020-07-30T09:02:33","guid":{"rendered":"https:\/\/conversesacatalunya.cat\/pablo-iglesias-podria-haver-estat-cobrant-5-167-euros-al-mes-de-la-productora-vinculada-a-podemos\/"},"modified":"2020-07-30T11:28:43","modified_gmt":"2020-07-30T09:28:43","slug":"pablo-iglesias-cobrado-de-la-productora-vinculada-a-podemos","status":"publish","type":"post","link":"https:\/\/conversesacatalunya.cat\/es\/pablo-iglesias-cobrado-de-la-productora-vinculada-a-podemos\/","title":{"rendered":"Pablo Iglesias podr\u00eda haber estado cobrando 5.167 euros al mes de la productora vinculada a Podemos"},"content":{"rendered":"<p>Pablo Iglesias cobr\u00f3 de 360 \u200b\u200bGlobal Media, la productora de Podemos, entre enero de 2013 y julio de 2015, <strong>93.000 euros<\/strong> en varias transferencias; es decir, una media de <strong>5.167 euros al mes<\/strong> que, como compensaci\u00f3n por su intervenci\u00f3n en los programas de televisi\u00f3n Fort Apache y La Tuerka, no estar\u00eda nada mal.<\/p>\n<p>Estas cifras no son infundadas, sino que son el resultado del informe del Servicio Ejecutivo de la Comisi\u00f3n de Blanqueo de Capitales e Infracciones Monetarias (<a href=\"https:\/\/www.sepblac.es\/es\/\" target=\"_blank\" rel=\"noopener noreferrer\">Sepblac<\/a>) que ha remitido a la Polic\u00eda Nacional y que corresponden a una informaci\u00f3n que abarca desde 2012 hasta 2015, a 16 empresas sospechosas de haber llevado a cabo operaciones de <strong>blanqueo de capital<\/strong> por medio de 67 ingresos en cuentas de la productora 360 Global Media por un importe de <strong>9.300.000 euros<\/strong>.<\/p>\n<p>Esta es la cifra que se considera que obedece a operaciones de blanqueo de capital y que, por ello, ha sido detectada. Es decir, <strong>se trata de un informe que parte del organismo que rastrea todas las operaciones financieras en Espa\u00f1a<\/strong> para intentar detectar este tipo de delitos, sobre todo vinculado a tr\u00e1ficos ilegales.<\/p>\n<p>Otra caracter\u00edstica importante que se desprende del informe es que <strong>todo ese dinero procede de Ir\u00e1n<\/strong>. El por qu\u00e9 ese pa\u00eds, que precisamente no nada en la abundancia y que tiene unas relaciones m\u00e1s bien escasas con Espa\u00f1a, deb\u00eda efectuar <strong>transferencias tan importantes y por canales diferentes a una productora de televisi\u00f3n de Podemos es un gran interrogante que hay que aclarar.<\/strong><\/p>\n<p>No es la primera vez que se acusa a esta organizaci\u00f3n y a sus l\u00edderes de recibir dinero de gobiernos y reg\u00edmenes poco recomendables, como el caso del chavismo en Venezuela, pero es la primera vez que una instancia oficial dedicada al control de flujos presuntamente delictivos detecta operaciones de este tipo que vinculan a Podemos y a su dirigente Pablo Iglesias.<\/p>\n<span class='bctt-click-to-tweet'><span class='bctt-ctt-text'><a href='https:\/\/twitter.com\/intent\/tweet?url=https%3A%2F%2Fconversesacatalunya.cat%2Fes%2Fpablo-iglesias-cobrado-de-la-productora-vinculada-a-podemos%2F&#038;text=Es%20la%20primera%20vez%20que%20una%20instancia%20oficial%20dedicada%20al%20control%20de%20flujos%20presuntamente%20delictivos%20detecta%20operaciones%20de%20este%20tipo%20que%20vinculan%20a%20Podemos%20y%20a%20su%20dirigente%20Pablo%20Iglesias.&#038;via=conversesacat&#038;related=conversesacat' target='_blank'rel=\"noopener noreferrer\">Es la primera vez que una instancia oficial dedicada al control de flujos presuntamente delictivos detecta operaciones de este tipo que vinculan a Podemos y a su dirigente Pablo Iglesias. <\/a><\/span><a href='https:\/\/twitter.com\/intent\/tweet?url=https%3A%2F%2Fconversesacatalunya.cat%2Fes%2Fpablo-iglesias-cobrado-de-la-productora-vinculada-a-podemos%2F&#038;text=Es%20la%20primera%20vez%20que%20una%20instancia%20oficial%20dedicada%20al%20control%20de%20flujos%20presuntamente%20delictivos%20detecta%20operaciones%20de%20este%20tipo%20que%20vinculan%20a%20Podemos%20y%20a%20su%20dirigente%20Pablo%20Iglesias.&#038;via=conversesacat&#038;related=conversesacat' target='_blank' class='bctt-ctt-btn'rel=\"noopener noreferrer\">Compartir en X<\/a><\/span>\n<div id=\"polls-61\" class=\"wp-polls\">\n\t<form id=\"polls_form_61\" class=\"wp-polls-form\" action=\"\/index.php\" method=\"post\">\n\t\t<p style=\"display: none;\"><input type=\"hidden\" id=\"poll_61_nonce\" name=\"wp-polls-nonce\" value=\"dd286212e0\" \/><\/p>\n\t\t<p style=\"display: none;\"><input type=\"hidden\" name=\"poll_id\" value=\"61\" \/><\/p>\n\t\t<p style=\"text-align: center\"><strong>Et sembla b\u00e9 que es limiti a 10 persones l'assist\u00e8ncia als actes religiosos mentre que en els restaurants s'accepta el 50% de l'aforament?<\/strong><\/p><div id=\"polls-61-ans\" class=\"wp-polls-ans\"><ul class=\"wp-polls-ul\">\n\t\t<li><input type=\"radio\" id=\"poll-answer-128\" name=\"poll_61\" value=\"128\" \/> <label for=\"poll-answer-128\">Si<\/label><\/li>\n\t\t<li><input type=\"radio\" id=\"poll-answer-129\" name=\"poll_61\" value=\"129\" \/> <label for=\"poll-answer-129\">No<\/label><\/li>\n\t\t<\/ul><p style=\"text-align: center\"><input type=\"button\" name=\"vote\" value=\"   Vota   \" class=\"Buttons\" onclick=\"poll_vote(61);\" \/><\/p><p style=\"text-align: center\"><a href=\"#ViewPollResults\" onclick=\"poll_result(61); return false;\" title=\"View Results Of This Poll\">Mira els resultats<\/a><\/p><\/div>\n\t<\/form>\n<\/div>\n<div id=\"polls-61-loading\" class=\"wp-polls-loading\"><img decoding=\"async\" data-src=\"https:\/\/conversesacatalunya.cat\/wp-content\/plugins\/wp-polls\/images\/loading.gif\" width=\"16\" height=\"16\" alt=\"Cargando ...\" title=\"Cargando ...\" class=\"wp-polls-image lazyload\" src=\"data:image\/svg+xml;base64,PHN2ZyB3aWR0aD0iMSIgaGVpZ2h0PSIxIiB4bWxucz0iaHR0cDovL3d3dy53My5vcmcvMjAwMC9zdmciPjwvc3ZnPg==\" style=\"--smush-placeholder-width: 16px; --smush-placeholder-aspect-ratio: 16\/16;\" \/>&nbsp;Cargando ...<\/div>\n\n","protected":false},"excerpt":{"rendered":"<p>Pablo Iglesias cobr\u00f3 de 360 \u200b\u200bGlobal Media, la productora de Podemos, entre enero de 2013 y julio de 2015, 93.000 euros en varias transferencias; es decir, una media de 5.167 euros al mes que, como compensaci\u00f3n por su intervenci\u00f3n en los programas de televisi\u00f3n Fort Apache y La Tuerka, no estar\u00eda nada mal. Estas cifras no son infundadas, sino que son el resultado del informe del Servicio Ejecutivo de la Comisi\u00f3n de Blanqueo de Capitales e Infracciones Monetarias (Sepblac) que ha remitido a la Polic\u00eda Nacional y que corresponden a una informaci\u00f3n que abarca desde 2012 hasta 2015, a 16 empresas sospechosas de haber llevado a cabo operaciones de blanqueo de capital por medio de 67 ingresos en cuentas de la productora 360 Global Media por un importe de 9.300.000 euros. Esta es la cifra que se considera que obedece a operaciones de blanqueo de capital y que, por ello, ha sido detectada. Es decir, se trata de un informe que parte del organismo que rastrea todas las operaciones financieras en Espa\u00f1a para intentar detectar este tipo de delitos, sobre todo vinculado a tr\u00e1ficos ilegales. Otra caracter\u00edstica importante que se desprende del informe es que todo ese dinero procede de Ir\u00e1n. El por qu\u00e9 ese pa\u00eds, que precisamente no nada en la abundancia y que tiene unas relaciones m\u00e1s bien escasas con Espa\u00f1a, deb\u00eda efectuar transferencias tan importantes y por canales diferentes a una productora de televisi\u00f3n de Podemos es un gran interrogante que hay que aclarar. No es la primera vez que se acusa a esta organizaci\u00f3n y a sus l\u00edderes de recibir dinero de gobiernos y reg\u00edmenes poco recomendables, como el caso del chavismo en Venezuela, pero es la primera vez que una instancia oficial dedicada al control de flujos presuntamente delictivos detecta operaciones de este tipo que vinculan a Podemos y a su dirigente Pablo Iglesias.<\/p>\n","protected":false},"author":2,"featured_media":38995,"comment_status":"open","ping_status":"open","sticky":false,"template":"","format":"standard","meta":{"_FSMCFIC_featured_image_caption":"","_FSMCFIC_featured_image_nocaption":"","_FSMCFIC_featured_image_hide":"","footnotes":""},"categories":[806],"tags":[1374,1685],"class_list":["post-38998","post","type-post","status-publish","format-standard","has-post-thumbnail","hentry","category-punts-claus-del-dia-es","tag-pablo-iglesias-es","tag-podemos-es"],"yoast_head":"<!-- This site is optimized with the Yoast SEO plugin v26.8 - https:\/\/yoast.com\/product\/yoast-seo-wordpress\/ -->\n<title>Pablo Iglesias podr\u00eda haber estado cobrando 5.167 euros al mes de la productora vinculada a Podemos - Converses a Catalunya<\/title>\n<meta name=\"description\" content=\"Pablo Iglesias cobr\u00f3 de 360 \u200b\u200bGlobal Media, la productora de Podemos, entre enero de 2013 y julio de 2015, 93.000 euros en varias transferencias\" \/>\n<meta name=\"robots\" content=\"index, follow, max-snippet:-1, max-image-preview:large, max-video-preview:-1\" \/>\n<link rel=\"canonical\" href=\"https:\/\/conversesacatalunya.cat\/es\/pablo-iglesias-cobrado-de-la-productora-vinculada-a-podemos\/\" \/>\n<meta property=\"og:locale\" content=\"es_ES\" \/>\n<meta property=\"og:type\" content=\"article\" \/>\n<meta property=\"og:title\" content=\"Pablo Iglesias podr\u00eda haber estado cobrando 5.167 euros al mes de la productora vinculada a Podemos - Converses a Catalunya\" \/>\n<meta property=\"og:description\" content=\"Pablo Iglesias cobr\u00f3 de 360 \u200b\u200bGlobal Media, la productora de Podemos, entre enero de 2013 y julio de 2015, 93.000 euros en varias transferencias\" \/>\n<meta property=\"og:url\" content=\"https:\/\/conversesacatalunya.cat\/es\/pablo-iglesias-cobrado-de-la-productora-vinculada-a-podemos\/\" \/>\n<meta property=\"og:site_name\" content=\"Converses a Catalunya\" \/>\n<meta property=\"article:published_time\" content=\"2020-07-30T09:02:33+00:00\" \/>\n<meta property=\"article:modified_time\" content=\"2020-07-30T09:28:43+00:00\" \/>\n<meta property=\"og:image\" content=\"https:\/\/conversesacatalunya.cat\/wp-content\/uploads\/2020\/07\/pablo-iglesias.jpeg\" \/>\n\t<meta property=\"og:image:width\" content=\"656\" \/>\n\t<meta property=\"og:image:height\" content=\"370\" \/>\n\t<meta property=\"og:image:type\" content=\"image\/jpeg\" \/>\n<meta name=\"author\" content=\"conversesacatalunya\" \/>\n<meta name=\"twitter:card\" content=\"summary_large_image\" \/>\n<meta name=\"twitter:label1\" content=\"Escrito por\" \/>\n\t<meta name=\"twitter:data1\" content=\"conversesacatalunya\" \/>\n\t<meta name=\"twitter:label2\" content=\"Tiempo de lectura\" \/>\n\t<meta name=\"twitter:data2\" content=\"2 minutos\" \/>\n<script type=\"application\/ld+json\" class=\"yoast-schema-graph\">{\"@context\":\"https:\/\/schema.org\",\"@graph\":[{\"@type\":\"Article\",\"@id\":\"https:\/\/conversesacatalunya.cat\/es\/pablo-iglesias-cobrado-de-la-productora-vinculada-a-podemos\/#article\",\"isPartOf\":{\"@id\":\"https:\/\/conversesacatalunya.cat\/es\/pablo-iglesias-cobrado-de-la-productora-vinculada-a-podemos\/\"},\"author\":{\"name\":\"conversesacatalunya\",\"@id\":\"https:\/\/conversesacatalunya.cat\/#\/schema\/person\/7e24d1e54a2785373ddcb275eae5ed99\"},\"headline\":\"Pablo Iglesias podr\u00eda haber estado cobrando 5.167 euros al mes de la productora vinculada a Podemos\",\"datePublished\":\"2020-07-30T09:02:33+00:00\",\"dateModified\":\"2020-07-30T09:28:43+00:00\",\"mainEntityOfPage\":{\"@id\":\"https:\/\/conversesacatalunya.cat\/es\/pablo-iglesias-cobrado-de-la-productora-vinculada-a-podemos\/\"},\"wordCount\":369,\"commentCount\":0,\"image\":{\"@id\":\"https:\/\/conversesacatalunya.cat\/es\/pablo-iglesias-cobrado-de-la-productora-vinculada-a-podemos\/#primaryimage\"},\"thumbnailUrl\":\"https:\/\/conversesacatalunya.cat\/wp-content\/uploads\/2020\/07\/pablo-iglesias.jpeg\",\"keywords\":[\"Pablo Iglesias\",\"Podemos\"],\"articleSection\":[\"Punts clau del dia (ES)\"],\"inLanguage\":\"es\",\"potentialAction\":[{\"@type\":\"CommentAction\",\"name\":\"Comment\",\"target\":[\"https:\/\/conversesacatalunya.cat\/es\/pablo-iglesias-cobrado-de-la-productora-vinculada-a-podemos\/#respond\"]}]},{\"@type\":\"WebPage\",\"@id\":\"https:\/\/conversesacatalunya.cat\/es\/pablo-iglesias-cobrado-de-la-productora-vinculada-a-podemos\/\",\"url\":\"https:\/\/conversesacatalunya.cat\/es\/pablo-iglesias-cobrado-de-la-productora-vinculada-a-podemos\/\",\"name\":\"Pablo Iglesias podr\u00eda haber estado cobrando 5.167 euros al mes de la productora vinculada a Podemos - Converses a Catalunya\",\"isPartOf\":{\"@id\":\"https:\/\/conversesacatalunya.cat\/#website\"},\"primaryImageOfPage\":{\"@id\":\"https:\/\/conversesacatalunya.cat\/es\/pablo-iglesias-cobrado-de-la-productora-vinculada-a-podemos\/#primaryimage\"},\"image\":{\"@id\":\"https:\/\/conversesacatalunya.cat\/es\/pablo-iglesias-cobrado-de-la-productora-vinculada-a-podemos\/#primaryimage\"},\"thumbnailUrl\":\"https:\/\/conversesacatalunya.cat\/wp-content\/uploads\/2020\/07\/pablo-iglesias.jpeg\",\"datePublished\":\"2020-07-30T09:02:33+00:00\",\"dateModified\":\"2020-07-30T09:28:43+00:00\",\"author\":{\"@id\":\"https:\/\/conversesacatalunya.cat\/#\/schema\/person\/7e24d1e54a2785373ddcb275eae5ed99\"},\"description\":\"Pablo Iglesias cobr\u00f3 de 360 \u200b\u200bGlobal Media, la productora de Podemos, entre enero de 2013 y julio de 2015, 93.000 euros en varias transferencias\",\"breadcrumb\":{\"@id\":\"https:\/\/conversesacatalunya.cat\/es\/pablo-iglesias-cobrado-de-la-productora-vinculada-a-podemos\/#breadcrumb\"},\"inLanguage\":\"es\",\"potentialAction\":[{\"@type\":\"ReadAction\",\"target\":[\"https:\/\/conversesacatalunya.cat\/es\/pablo-iglesias-cobrado-de-la-productora-vinculada-a-podemos\/\"]}]},{\"@type\":\"ImageObject\",\"inLanguage\":\"es\",\"@id\":\"https:\/\/conversesacatalunya.cat\/es\/pablo-iglesias-cobrado-de-la-productora-vinculada-a-podemos\/#primaryimage\",\"url\":\"https:\/\/conversesacatalunya.cat\/wp-content\/uploads\/2020\/07\/pablo-iglesias.jpeg\",\"contentUrl\":\"https:\/\/conversesacatalunya.cat\/wp-content\/uploads\/2020\/07\/pablo-iglesias.jpeg\",\"width\":656,\"height\":370,\"caption\":\"Pablo Iglesias\"},{\"@type\":\"BreadcrumbList\",\"@id\":\"https:\/\/conversesacatalunya.cat\/es\/pablo-iglesias-cobrado-de-la-productora-vinculada-a-podemos\/#breadcrumb\",\"itemListElement\":[{\"@type\":\"ListItem\",\"position\":1,\"name\":\"Inici\",\"item\":\"https:\/\/conversesacatalunya.cat\/es\/\"},{\"@type\":\"ListItem\",\"position\":2,\"name\":\"Pablo Iglesias podr\u00eda haber estado cobrando 5.167 euros al mes de la productora vinculada a Podemos\"}]},{\"@type\":\"WebSite\",\"@id\":\"https:\/\/conversesacatalunya.cat\/#website\",\"url\":\"https:\/\/conversesacatalunya.cat\/\",\"name\":\"Converses a Catalunya\",\"description\":\"\",\"potentialAction\":[{\"@type\":\"SearchAction\",\"target\":{\"@type\":\"EntryPoint\",\"urlTemplate\":\"https:\/\/conversesacatalunya.cat\/?s={search_term_string}\"},\"query-input\":{\"@type\":\"PropertyValueSpecification\",\"valueRequired\":true,\"valueName\":\"search_term_string\"}}],\"inLanguage\":\"es\"},{\"@type\":\"Person\",\"@id\":\"https:\/\/conversesacatalunya.cat\/#\/schema\/person\/7e24d1e54a2785373ddcb275eae5ed99\",\"name\":\"conversesacatalunya\",\"image\":{\"@type\":\"ImageObject\",\"inLanguage\":\"es\",\"@id\":\"https:\/\/conversesacatalunya.cat\/#\/schema\/person\/image\/\",\"url\":\"https:\/\/conversesacatalunya.cat\/wp-content\/litespeed\/avatar\/febdfeeec89d950f01c748045a981dd2.jpg?ver=1777314535\",\"contentUrl\":\"https:\/\/conversesacatalunya.cat\/wp-content\/litespeed\/avatar\/febdfeeec89d950f01c748045a981dd2.jpg?ver=1777314535\",\"caption\":\"conversesacatalunya\"},\"url\":\"https:\/\/conversesacatalunya.cat\/es\/author\/carme_catala\/\"}]}<\/script>\n<!-- \/ Yoast SEO plugin. -->","yoast_head_json":{"title":"Pablo Iglesias podr\u00eda haber estado cobrando 5.167 euros al mes de la productora vinculada a Podemos - Converses a Catalunya","description":"Pablo Iglesias cobr\u00f3 de 360 \u200b\u200bGlobal Media, la productora de Podemos, entre enero de 2013 y julio de 2015, 93.000 euros en varias transferencias","robots":{"index":"index","follow":"follow","max-snippet":"max-snippet:-1","max-image-preview":"max-image-preview:large","max-video-preview":"max-video-preview:-1"},"canonical":"https:\/\/conversesacatalunya.cat\/es\/pablo-iglesias-cobrado-de-la-productora-vinculada-a-podemos\/","og_locale":"es_ES","og_type":"article","og_title":"Pablo Iglesias podr\u00eda haber estado cobrando 5.167 euros al mes de la productora vinculada a Podemos - Converses a Catalunya","og_description":"Pablo Iglesias cobr\u00f3 de 360 \u200b\u200bGlobal Media, la productora de Podemos, entre enero de 2013 y julio de 2015, 93.000 euros en varias transferencias","og_url":"https:\/\/conversesacatalunya.cat\/es\/pablo-iglesias-cobrado-de-la-productora-vinculada-a-podemos\/","og_site_name":"Converses a Catalunya","article_published_time":"2020-07-30T09:02:33+00:00","article_modified_time":"2020-07-30T09:28:43+00:00","og_image":[{"width":656,"height":370,"url":"https:\/\/conversesacatalunya.cat\/wp-content\/uploads\/2020\/07\/pablo-iglesias.jpeg","type":"image\/jpeg"}],"author":"conversesacatalunya","twitter_card":"summary_large_image","twitter_misc":{"Escrito por":"conversesacatalunya","Tiempo de lectura":"2 minutos"},"schema":{"@context":"https:\/\/schema.org","@graph":[{"@type":"Article","@id":"https:\/\/conversesacatalunya.cat\/es\/pablo-iglesias-cobrado-de-la-productora-vinculada-a-podemos\/#article","isPartOf":{"@id":"https:\/\/conversesacatalunya.cat\/es\/pablo-iglesias-cobrado-de-la-productora-vinculada-a-podemos\/"},"author":{"name":"conversesacatalunya","@id":"https:\/\/conversesacatalunya.cat\/#\/schema\/person\/7e24d1e54a2785373ddcb275eae5ed99"},"headline":"Pablo Iglesias podr\u00eda haber estado cobrando 5.167 euros al mes de la productora vinculada a Podemos","datePublished":"2020-07-30T09:02:33+00:00","dateModified":"2020-07-30T09:28:43+00:00","mainEntityOfPage":{"@id":"https:\/\/conversesacatalunya.cat\/es\/pablo-iglesias-cobrado-de-la-productora-vinculada-a-podemos\/"},"wordCount":369,"commentCount":0,"image":{"@id":"https:\/\/conversesacatalunya.cat\/es\/pablo-iglesias-cobrado-de-la-productora-vinculada-a-podemos\/#primaryimage"},"thumbnailUrl":"https:\/\/conversesacatalunya.cat\/wp-content\/uploads\/2020\/07\/pablo-iglesias.jpeg","keywords":["Pablo Iglesias","Podemos"],"articleSection":["Punts clau del dia (ES)"],"inLanguage":"es","potentialAction":[{"@type":"CommentAction","name":"Comment","target":["https:\/\/conversesacatalunya.cat\/es\/pablo-iglesias-cobrado-de-la-productora-vinculada-a-podemos\/#respond"]}]},{"@type":"WebPage","@id":"https:\/\/conversesacatalunya.cat\/es\/pablo-iglesias-cobrado-de-la-productora-vinculada-a-podemos\/","url":"https:\/\/conversesacatalunya.cat\/es\/pablo-iglesias-cobrado-de-la-productora-vinculada-a-podemos\/","name":"Pablo Iglesias podr\u00eda haber estado cobrando 5.167 euros al mes de la productora vinculada a Podemos - Converses a Catalunya","isPartOf":{"@id":"https:\/\/conversesacatalunya.cat\/#website"},"primaryImageOfPage":{"@id":"https:\/\/conversesacatalunya.cat\/es\/pablo-iglesias-cobrado-de-la-productora-vinculada-a-podemos\/#primaryimage"},"image":{"@id":"https:\/\/conversesacatalunya.cat\/es\/pablo-iglesias-cobrado-de-la-productora-vinculada-a-podemos\/#primaryimage"},"thumbnailUrl":"https:\/\/conversesacatalunya.cat\/wp-content\/uploads\/2020\/07\/pablo-iglesias.jpeg","datePublished":"2020-07-30T09:02:33+00:00","dateModified":"2020-07-30T09:28:43+00:00","author":{"@id":"https:\/\/conversesacatalunya.cat\/#\/schema\/person\/7e24d1e54a2785373ddcb275eae5ed99"},"description":"Pablo Iglesias cobr\u00f3 de 360 \u200b\u200bGlobal Media, la productora de Podemos, entre enero de 2013 y julio de 2015, 93.000 euros en varias transferencias","breadcrumb":{"@id":"https:\/\/conversesacatalunya.cat\/es\/pablo-iglesias-cobrado-de-la-productora-vinculada-a-podemos\/#breadcrumb"},"inLanguage":"es","potentialAction":[{"@type":"ReadAction","target":["https:\/\/conversesacatalunya.cat\/es\/pablo-iglesias-cobrado-de-la-productora-vinculada-a-podemos\/"]}]},{"@type":"ImageObject","inLanguage":"es","@id":"https:\/\/conversesacatalunya.cat\/es\/pablo-iglesias-cobrado-de-la-productora-vinculada-a-podemos\/#primaryimage","url":"https:\/\/conversesacatalunya.cat\/wp-content\/uploads\/2020\/07\/pablo-iglesias.jpeg","contentUrl":"https:\/\/conversesacatalunya.cat\/wp-content\/uploads\/2020\/07\/pablo-iglesias.jpeg","width":656,"height":370,"caption":"Pablo Iglesias"},{"@type":"BreadcrumbList","@id":"https:\/\/conversesacatalunya.cat\/es\/pablo-iglesias-cobrado-de-la-productora-vinculada-a-podemos\/#breadcrumb","itemListElement":[{"@type":"ListItem","position":1,"name":"Inici","item":"https:\/\/conversesacatalunya.cat\/es\/"},{"@type":"ListItem","position":2,"name":"Pablo Iglesias podr\u00eda haber estado cobrando 5.167 euros al mes de la productora vinculada a Podemos"}]},{"@type":"WebSite","@id":"https:\/\/conversesacatalunya.cat\/#website","url":"https:\/\/conversesacatalunya.cat\/","name":"Converses a Catalunya","description":"","potentialAction":[{"@type":"SearchAction","target":{"@type":"EntryPoint","urlTemplate":"https:\/\/conversesacatalunya.cat\/?s={search_term_string}"},"query-input":{"@type":"PropertyValueSpecification","valueRequired":true,"valueName":"search_term_string"}}],"inLanguage":"es"},{"@type":"Person","@id":"https:\/\/conversesacatalunya.cat\/#\/schema\/person\/7e24d1e54a2785373ddcb275eae5ed99","name":"conversesacatalunya","image":{"@type":"ImageObject","inLanguage":"es","@id":"https:\/\/conversesacatalunya.cat\/#\/schema\/person\/image\/","url":"https:\/\/conversesacatalunya.cat\/wp-content\/litespeed\/avatar\/febdfeeec89d950f01c748045a981dd2.jpg?ver=1777314535","contentUrl":"https:\/\/conversesacatalunya.cat\/wp-content\/litespeed\/avatar\/febdfeeec89d950f01c748045a981dd2.jpg?ver=1777314535","caption":"conversesacatalunya"},"url":"https:\/\/conversesacatalunya.cat\/es\/author\/carme_catala\/"}]}},"wps_subtitle":"","_links":{"self":[{"href":"https:\/\/conversesacatalunya.cat\/es\/wp-json\/wp\/v2\/posts\/38998","targetHints":{"allow":["GET"]}}],"collection":[{"href":"https:\/\/conversesacatalunya.cat\/es\/wp-json\/wp\/v2\/posts"}],"about":[{"href":"https:\/\/conversesacatalunya.cat\/es\/wp-json\/wp\/v2\/types\/post"}],"author":[{"embeddable":true,"href":"https:\/\/conversesacatalunya.cat\/es\/wp-json\/wp\/v2\/users\/2"}],"replies":[{"embeddable":true,"href":"https:\/\/conversesacatalunya.cat\/es\/wp-json\/wp\/v2\/comments?post=38998"}],"version-history":[{"count":4,"href":"https:\/\/conversesacatalunya.cat\/es\/wp-json\/wp\/v2\/posts\/38998\/revisions"}],"predecessor-version":[{"id":39002,"href":"https:\/\/conversesacatalunya.cat\/es\/wp-json\/wp\/v2\/posts\/38998\/revisions\/39002"}],"wp:featuredmedia":[{"embeddable":true,"href":"https:\/\/conversesacatalunya.cat\/es\/wp-json\/wp\/v2\/media\/38995"}],"wp:attachment":[{"href":"https:\/\/conversesacatalunya.cat\/es\/wp-json\/wp\/v2\/media?parent=38998"}],"wp:term":[{"taxonomy":"category","embeddable":true,"href":"https:\/\/conversesacatalunya.cat\/es\/wp-json\/wp\/v2\/categories?post=38998"},{"taxonomy":"post_tag","embeddable":true,"href":"https:\/\/conversesacatalunya.cat\/es\/wp-json\/wp\/v2\/tags?post=38998"}],"curies":[{"name":"wp","href":"https:\/\/api.w.org\/{rel}","templated":true}]}}