{"id":38988,"date":"2020-07-29T21:33:02","date_gmt":"2020-07-29T19:33:02","guid":{"rendered":"https:\/\/conversesacatalunya.cat\/uigurs-hong-kong-tibet-occident-protesta-sol-xina\/"},"modified":"2020-07-30T11:32:54","modified_gmt":"2020-07-30T09:32:54","slug":"occidente-protesta-solo-contra-china","status":"publish","type":"post","link":"https:\/\/conversesacatalunya.cat\/es\/occidente-protesta-solo-contra-china\/","title":{"rendered":"Uigurs, Hong Kong, Tibet&#8230; Occidente se queda solo protestando contra los abusos de China"},"content":{"rendered":"<p align=\"justify\"><strong><span class=\"\">Los pa\u00edses occidentales finalmente han tomado conciencia de los peligros que supone el auge de la China nacionalista e intransigente de Xi Jinping<\/span><\/strong><span class=\"\">.\u00a0<\/span>Y no s\u00f3lo en cuanto a sus intereses \u00abduros\u00bb, como los abusos de Pek\u00edn en materia comercial.\u00a0Sino que tambi\u00e9n en otros \u00e1mbitos de influencia como el respeto al estado de derecho o los derechos humanos.<\/p>\n<p align=\"justify\">Durante los \u00faltimos meses, China ha llevado a cabo una serie de maniobras particularmente agresivas en varios frentes.\u00a0El primeor y m\u00e1s mediatizado ha sido<strong> el progresivo desmantelamiento del <a href=\"https:\/\/conversesacatalunya.cat\/es\/china-retoma-su-asalto-contra-hong-kong\/\" target=\"_blank\" rel=\"noopener noreferrer\">estatus especial de Hong Kong<\/a><\/strong>, que\u00a0culmin\u00f3\u00a0en junio con la imposici\u00f3n del art\u00edculo 23 de la Ley Fundamental de la ex-colonia brit\u00e1nica.\u00a0El texto permite a Pek\u00edn censurar y reprimir a discreci\u00f3n cualquier movimiento de protesta.<\/p>\n<p align=\"justify\">Pero en hay otros de abiertos, como la diseminaci\u00f3n de rumores y noticias falsas del coronavirus, las amenazas de invasi\u00f3n a Taiw\u00e1n o los repetidos insultos de determinados diplom\u00e1ticos chinos contra los pa\u00edses europeos que los acogen.<\/p>\n<p align=\"justify\">Una de las pol\u00e9micas que ha ganado \u00faltimamente notoriedad en los medios de comunicaci\u00f3n occidentales es <strong>el programa de represi\u00f3n y reeducaci\u00f3n de la minor\u00eda Uigur<\/strong>, de confesi\u00f3n musulmana y mayoritaria en una de las regiones m\u00e1s inh\u00f3spitas de China, Xinjiang.<\/p>\n<p align=\"justify\">Durante los \u00faltimos meses se han ido conociendo\u00a0<strong>detalles de las acciones del gobierno chino contra los Uigurs, que han escandalizado a la opini\u00f3n p\u00fablica occidental<\/strong>.\u00a0Entre \u00e9stas, la estimaci\u00f3n de que el 10% de los Uigurs se encuentra en campos de reeducaci\u00f3n, o que hay un programa de esterilizaci\u00f3n forzada de mujeres pertenecientes a esta minor\u00eda.<\/p>\n<p align=\"justify\">Pero <strong>en todos estos casos, el efecto de las protestas ha sido despreciable<\/strong>.\u00a0En diciembre de 2019, el Parlamento Europeo ya hab\u00eda pedido sanciones contra ciertos dirigentes chinos.\u00a0Hace unas semanas, han sido los Estados Unidos los que han impuesto sanciones m\u00e1s osadas, dirigidas contra una lista de 11 empresas chinas.<\/p>\n<p align=\"justify\">Este a\u00f1o, la Uni\u00f3n Europea ha solicitado una autorizaci\u00f3n para enviar a Xinjiang expertos independientes para hacer un balance de la situaci\u00f3n.<\/p>\n<p align=\"justify\"><strong>Es la primera vez que los pa\u00edses europeos se ponen de acuerdo para enviar una se\u00f1al de protesta a China<\/strong>.\u00a0Hasta ahora, los intereses econ\u00f3micos primaban.\u00a0Pek\u00edn es el mejor experto del mundo a la hora de imponer condiciones a cambio de sus inversiones y trato comercial \u00abpreferente\u00bb.<\/p>\n<p align=\"justify\">Hay que a\u00f1adir que el hecho de que Uigurs se hayan unido a Estado Isl\u00e1mico no ayuda. \u00abEs m\u00e1s f\u00e1cil simpatizar con los tibetanos\u00bb, comenta un diplom\u00e1tico\u00a0<a href=\"https:\/\/www.lefigaro.fr\/international\/camps-de-ouigours-l-europe-supporte-de-moins-en-moins-les-transgressions-de-pekin-20200728\" target=\"_blank\" rel=\"noopener noreferrer\">citado\u00a0por\u00a0<\/a><i>Le Figaro,<\/i> \u00abque son reprimidos a pesar que no han hecho nada malo, que con los Uigurs musulmanes, de los que un cierto n\u00famero forma parte de movimientos islamistas\u00bb.<\/p>\n<p align=\"justify\">Pero es que, m\u00e1s all\u00e1 de Occidente, la comunidad internacional no parece dispuesta a criticar abiertamente China. Todos los intentos europeos de denunciar al gobierno de Pek\u00edn en las Naciones Unidas han fracasado.<\/p>\n<h5 align=\"justify\"><strong>Hace unas semanas, durante la sesi\u00f3n anual del Consejo de los Derechos Humanos de la ONU, 46 pa\u00edses enviaron una carta a la Organizaci\u00f3n apoyando China tras un intento europeo de protesta.<\/strong><\/h5>\n<p align=\"justify\">\u00bfY la solidaridad musulmana internacional? Nada de eso, entre los firmantes de la carta figuraban Arabia Saud\u00ed, Ir\u00e1n y Pakist\u00e1n, tres pa\u00edses que aplican la sharia o ley isl\u00e1mica en su territorio y que son bien conocidos por su represi\u00f3n de las minor\u00edas no musulmanas.<\/p>\n<p align=\"justify\">El a\u00f1o pasado, otro intento se sald\u00f3 con un fracaso similar: 22 pa\u00edses, la mayor\u00eda europeos, denunciaron las violaciones chinas de derechos humanos. Pronto se encontraron en minor\u00eda frente al bloque pro-chino, quien refut\u00f3 los postulados occidentales y se\u00f1al\u00f3 que Pek\u00edn ten\u00eda un \u00abnotable\u00bb historial de respeto de los derechos humanos.<\/p>\n<p align=\"justify\"><strong>\u00abChina tiene muchos amigos en las Naciones Unidas\u00bb, suspiraba un diplom\u00e1tico franc\u00e9s<\/strong>.\u00a0<span class=\"goog-text-highlight\">No s\u00f3lo es eso, sino que la defensa de los derechos humanos, que conoci\u00f3 un boom en los a\u00f1os 90, se encuentra en un pronunciado declive.\u00a0<\/span>Incluso entre los pa\u00edses occidentales, la tendencia es hacia una diplomacia m\u00e1s pragm\u00e1tica.\u00a0Lo que deja v\u00eda libre a pa\u00edses de tipo autoritario, cada vez m\u00e1s numerosos y mejor organizados en torno a Pek\u00edn.<\/p>\n<p align=\"justify\"><span class='bctt-click-to-tweet'><span class='bctt-ctt-text'><a href='https:\/\/twitter.com\/intent\/tweet?url=https%3A%2F%2Fconversesacatalunya.cat%2Fes%2Foccidente-protesta-solo-contra-china%2F&#038;text=Durante%20los%20%C3%BAltimos%20meses%2C%20China%20ha%20llevado%20a%20cabo%20una%20serie%20de%20maniobras%20particularmente%20agresivas%20en%20varios%20frentes&#038;via=conversesacat&#038;related=conversesacat' target='_blank'rel=\"noopener noreferrer\">Durante los \u00faltimos meses, China ha llevado a cabo una serie de maniobras particularmente agresivas en varios frentes <\/a><\/span><a href='https:\/\/twitter.com\/intent\/tweet?url=https%3A%2F%2Fconversesacatalunya.cat%2Fes%2Foccidente-protesta-solo-contra-china%2F&#038;text=Durante%20los%20%C3%BAltimos%20meses%2C%20China%20ha%20llevado%20a%20cabo%20una%20serie%20de%20maniobras%20particularmente%20agresivas%20en%20varios%20frentes&#038;via=conversesacat&#038;related=conversesacat' target='_blank' class='bctt-ctt-btn'rel=\"noopener noreferrer\">Compartir en X<\/a><\/span>\n<p align=\"justify\"><div id=\"polls-61\" class=\"wp-polls\">\n\t<form id=\"polls_form_61\" class=\"wp-polls-form\" action=\"\/index.php\" method=\"post\">\n\t\t<p style=\"display: none;\"><input type=\"hidden\" id=\"poll_61_nonce\" name=\"wp-polls-nonce\" value=\"dd286212e0\" \/><\/p>\n\t\t<p style=\"display: none;\"><input type=\"hidden\" name=\"poll_id\" value=\"61\" \/><\/p>\n\t\t<p style=\"text-align: center\"><strong>Et sembla b\u00e9 que es limiti a 10 persones l'assist\u00e8ncia als actes religiosos mentre que en els restaurants s'accepta el 50% de l'aforament?<\/strong><\/p><div id=\"polls-61-ans\" class=\"wp-polls-ans\"><ul class=\"wp-polls-ul\">\n\t\t<li><input type=\"radio\" id=\"poll-answer-128\" name=\"poll_61\" value=\"128\" \/> <label for=\"poll-answer-128\">Si<\/label><\/li>\n\t\t<li><input type=\"radio\" id=\"poll-answer-129\" name=\"poll_61\" value=\"129\" \/> <label for=\"poll-answer-129\">No<\/label><\/li>\n\t\t<\/ul><p style=\"text-align: center\"><input type=\"button\" name=\"vote\" value=\"   Vota   \" class=\"Buttons\" onclick=\"poll_vote(61);\" \/><\/p><p style=\"text-align: center\"><a href=\"#ViewPollResults\" onclick=\"poll_result(61); return false;\" title=\"View Results Of This Poll\">Mira els resultats<\/a><\/p><\/div>\n\t<\/form>\n<\/div>\n<div id=\"polls-61-loading\" class=\"wp-polls-loading\"><img decoding=\"async\" data-src=\"https:\/\/conversesacatalunya.cat\/wp-content\/plugins\/wp-polls\/images\/loading.gif\" width=\"16\" height=\"16\" alt=\"Cargando ...\" title=\"Cargando ...\" class=\"wp-polls-image lazyload\" src=\"data:image\/svg+xml;base64,PHN2ZyB3aWR0aD0iMSIgaGVpZ2h0PSIxIiB4bWxucz0iaHR0cDovL3d3dy53My5vcmcvMjAwMC9zdmciPjwvc3ZnPg==\" style=\"--smush-placeholder-width: 16px; --smush-placeholder-aspect-ratio: 16\/16;\" \/>&nbsp;Cargando ...<\/div>\n\n","protected":false},"excerpt":{"rendered":"<p>Los pa\u00edses occidentales finalmente han tomado conciencia de los peligros que supone el auge de la China nacionalista e intransigente de Xi Jinping.\u00a0Y no s\u00f3lo en cuanto a sus intereses \u00abduros\u00bb, como los abusos de Pek\u00edn en materia comercial.\u00a0Sino que tambi\u00e9n en otros \u00e1mbitos de influencia como el respeto al estado de derecho o los derechos humanos. Durante los \u00faltimos meses, China ha llevado a cabo una serie de maniobras particularmente agresivas en varios frentes.\u00a0El primeor y m\u00e1s mediatizado ha sido el progresivo desmantelamiento del estatus especial de Hong Kong, que\u00a0culmin\u00f3\u00a0en junio con la imposici\u00f3n del art\u00edculo 23 de la Ley Fundamental de la ex-colonia brit\u00e1nica.\u00a0El texto permite a Pek\u00edn censurar y reprimir a discreci\u00f3n cualquier movimiento de protesta. Pero en hay otros de abiertos, como la diseminaci\u00f3n de rumores y noticias falsas del coronavirus, las amenazas de invasi\u00f3n a Taiw\u00e1n o los repetidos insultos de determinados diplom\u00e1ticos chinos contra los pa\u00edses europeos que los acogen. Una de las pol\u00e9micas que ha ganado \u00faltimamente notoriedad en los medios de comunicaci\u00f3n occidentales es el programa de represi\u00f3n y reeducaci\u00f3n de la minor\u00eda Uigur, de confesi\u00f3n musulmana y mayoritaria en una de las regiones m\u00e1s inh\u00f3spitas de China, Xinjiang. Durante los \u00faltimos meses se han ido conociendo\u00a0detalles de las acciones del gobierno chino contra los Uigurs, que han escandalizado a la opini\u00f3n p\u00fablica occidental.\u00a0Entre \u00e9stas, la estimaci\u00f3n de que el 10% de los Uigurs se encuentra en campos de reeducaci\u00f3n, o que hay un programa de esterilizaci\u00f3n forzada de mujeres pertenecientes a esta minor\u00eda. Pero en todos estos casos, el efecto de las protestas ha sido despreciable.\u00a0En diciembre de 2019, el Parlamento Europeo ya hab\u00eda pedido sanciones contra ciertos dirigentes chinos.\u00a0Hace unas semanas, han sido los Estados Unidos los que han impuesto sanciones m\u00e1s osadas, dirigidas contra una lista de 11 empresas chinas. Este a\u00f1o, la Uni\u00f3n Europea ha solicitado una autorizaci\u00f3n para enviar a Xinjiang expertos independientes para hacer un balance de la situaci\u00f3n. Es la primera vez que los pa\u00edses europeos se ponen de acuerdo para enviar una se\u00f1al de protesta a China.\u00a0Hasta ahora, los intereses econ\u00f3micos primaban.\u00a0Pek\u00edn es el mejor experto del mundo a la hora de imponer condiciones a cambio de sus inversiones y trato comercial \u00abpreferente\u00bb. Hay que a\u00f1adir que el hecho de que Uigurs se hayan unido a Estado Isl\u00e1mico no ayuda. \u00abEs m\u00e1s f\u00e1cil simpatizar con los tibetanos\u00bb, comenta un diplom\u00e1tico\u00a0citado\u00a0por\u00a0Le Figaro, \u00abque son reprimidos a pesar que no han hecho nada malo, que con los Uigurs musulmanes, de los que un cierto n\u00famero forma parte de movimientos islamistas\u00bb. Pero es que, m\u00e1s all\u00e1 de Occidente, la comunidad internacional no parece dispuesta a criticar abiertamente China. Todos los intentos europeos de denunciar al gobierno de Pek\u00edn en las Naciones Unidas han fracasado. Hace unas semanas, durante la sesi\u00f3n anual del Consejo de los Derechos Humanos de la ONU, 46 pa\u00edses enviaron una carta a la Organizaci\u00f3n apoyando China tras un intento europeo de protesta. \u00bfY la solidaridad musulmana internacional? Nada de eso, entre los firmantes de la carta figuraban Arabia Saud\u00ed, Ir\u00e1n y Pakist\u00e1n, tres pa\u00edses que aplican la sharia o ley isl\u00e1mica en su territorio y que son bien conocidos por su represi\u00f3n de las minor\u00edas no musulmanas. El a\u00f1o pasado, otro intento se sald\u00f3 con un fracaso similar: 22 pa\u00edses, la mayor\u00eda europeos, denunciaron las violaciones chinas de derechos humanos. Pronto se encontraron en minor\u00eda frente al bloque pro-chino, quien refut\u00f3 los postulados occidentales y se\u00f1al\u00f3 que Pek\u00edn ten\u00eda un \u00abnotable\u00bb historial de respeto de los derechos humanos. \u00abChina tiene muchos amigos en las Naciones Unidas\u00bb, suspiraba un diplom\u00e1tico franc\u00e9s.\u00a0No s\u00f3lo es eso, sino que la defensa de los derechos humanos, que conoci\u00f3 un boom en los a\u00f1os 90, se encuentra en un pronunciado declive.\u00a0Incluso entre los pa\u00edses occidentales, la tendencia es hacia una diplomacia m\u00e1s pragm\u00e1tica.\u00a0Lo que deja v\u00eda libre a pa\u00edses de tipo autoritario, cada vez m\u00e1s numerosos y mejor organizados en torno a Pek\u00edn.<\/p>\n","protected":false},"author":67,"featured_media":38981,"comment_status":"open","ping_status":"open","sticky":false,"template":"","format":"standard","meta":{"_FSMCFIC_featured_image_caption":"","_FSMCFIC_featured_image_nocaption":"","_FSMCFIC_featured_image_hide":"","footnotes":""},"categories":[806],"tags":[1346,1466,875,1464],"class_list":["post-38988","post","type-post","status-publish","format-standard","has-post-thumbnail","hentry","category-punts-claus-del-dia-es","tag-china","tag-derechos-humanos","tag-europa-es","tag-hong-kong-es"],"yoast_head":"<!-- This site is optimized with the Yoast SEO plugin v26.8 - https:\/\/yoast.com\/product\/yoast-seo-wordpress\/ -->\n<title>Uigurs, Hong Kong, Tibet... Occidente se queda solo protestando contra los abusos de China - Converses a Catalunya<\/title>\n<meta name=\"description\" content=\"Los pa\u00edses occidentales finalmente han tomado conciencia de los peligros que supone el auge de la China nacionalista e intransigente de Xi Jinping\" \/>\n<meta name=\"robots\" content=\"index, follow, max-snippet:-1, max-image-preview:large, max-video-preview:-1\" \/>\n<link rel=\"canonical\" href=\"https:\/\/conversesacatalunya.cat\/es\/occidente-protesta-solo-contra-china\/\" \/>\n<meta property=\"og:locale\" content=\"es_ES\" \/>\n<meta property=\"og:type\" content=\"article\" \/>\n<meta property=\"og:title\" content=\"Uigurs, Hong Kong, Tibet... Occidente se queda solo protestando contra los abusos de China - Converses a Catalunya\" \/>\n<meta property=\"og:description\" content=\"Los pa\u00edses occidentales finalmente han tomado conciencia de los peligros que supone el auge de la China nacionalista e intransigente de Xi Jinping\" \/>\n<meta property=\"og:url\" content=\"https:\/\/conversesacatalunya.cat\/es\/occidente-protesta-solo-contra-china\/\" \/>\n<meta property=\"og:site_name\" content=\"Converses a Catalunya\" \/>\n<meta property=\"article:published_time\" content=\"2020-07-29T19:33:02+00:00\" \/>\n<meta property=\"article:modified_time\" content=\"2020-07-30T09:32:54+00:00\" \/>\n<meta property=\"og:image\" content=\"https:\/\/conversesacatalunya.cat\/wp-content\/uploads\/2020\/07\/xina-tibet.jpg\" \/>\n\t<meta property=\"og:image:width\" content=\"590\" \/>\n\t<meta property=\"og:image:height\" content=\"394\" \/>\n\t<meta property=\"og:image:type\" content=\"image\/jpeg\" \/>\n<meta name=\"author\" content=\"conversesacatalunya\" \/>\n<meta name=\"twitter:card\" content=\"summary_large_image\" \/>\n<meta name=\"twitter:label1\" content=\"Escrito por\" \/>\n\t<meta name=\"twitter:data1\" content=\"conversesacatalunya\" \/>\n\t<meta name=\"twitter:label2\" content=\"Tiempo de lectura\" \/>\n\t<meta name=\"twitter:data2\" content=\"4 minutos\" \/>\n<script type=\"application\/ld+json\" class=\"yoast-schema-graph\">{\"@context\":\"https:\/\/schema.org\",\"@graph\":[{\"@type\":\"Article\",\"@id\":\"https:\/\/conversesacatalunya.cat\/es\/occidente-protesta-solo-contra-china\/#article\",\"isPartOf\":{\"@id\":\"https:\/\/conversesacatalunya.cat\/es\/occidente-protesta-solo-contra-china\/\"},\"author\":{\"name\":\"conversesacatalunya\",\"@id\":\"https:\/\/conversesacatalunya.cat\/#\/schema\/person\/c5a8ffe796b1512764aeb6d6d6fa0fc7\"},\"headline\":\"Uigurs, Hong Kong, Tibet&#8230; Occidente se queda solo protestando contra los abusos de China\",\"datePublished\":\"2020-07-29T19:33:02+00:00\",\"dateModified\":\"2020-07-30T09:32:54+00:00\",\"mainEntityOfPage\":{\"@id\":\"https:\/\/conversesacatalunya.cat\/es\/occidente-protesta-solo-contra-china\/\"},\"wordCount\":777,\"commentCount\":0,\"image\":{\"@id\":\"https:\/\/conversesacatalunya.cat\/es\/occidente-protesta-solo-contra-china\/#primaryimage\"},\"thumbnailUrl\":\"https:\/\/conversesacatalunya.cat\/wp-content\/uploads\/2020\/07\/xina-tibet.jpg\",\"keywords\":[\"China\",\"derechos humanos\",\"Europa\",\"Hong Kong\"],\"articleSection\":[\"Punts clau del dia (ES)\"],\"inLanguage\":\"es\",\"potentialAction\":[{\"@type\":\"CommentAction\",\"name\":\"Comment\",\"target\":[\"https:\/\/conversesacatalunya.cat\/es\/occidente-protesta-solo-contra-china\/#respond\"]}]},{\"@type\":\"WebPage\",\"@id\":\"https:\/\/conversesacatalunya.cat\/es\/occidente-protesta-solo-contra-china\/\",\"url\":\"https:\/\/conversesacatalunya.cat\/es\/occidente-protesta-solo-contra-china\/\",\"name\":\"Uigurs, Hong Kong, Tibet... Occidente se queda solo protestando contra los abusos de China - Converses a Catalunya\",\"isPartOf\":{\"@id\":\"https:\/\/conversesacatalunya.cat\/#website\"},\"primaryImageOfPage\":{\"@id\":\"https:\/\/conversesacatalunya.cat\/es\/occidente-protesta-solo-contra-china\/#primaryimage\"},\"image\":{\"@id\":\"https:\/\/conversesacatalunya.cat\/es\/occidente-protesta-solo-contra-china\/#primaryimage\"},\"thumbnailUrl\":\"https:\/\/conversesacatalunya.cat\/wp-content\/uploads\/2020\/07\/xina-tibet.jpg\",\"datePublished\":\"2020-07-29T19:33:02+00:00\",\"dateModified\":\"2020-07-30T09:32:54+00:00\",\"author\":{\"@id\":\"https:\/\/conversesacatalunya.cat\/#\/schema\/person\/c5a8ffe796b1512764aeb6d6d6fa0fc7\"},\"description\":\"Los pa\u00edses occidentales finalmente han tomado conciencia de los peligros que supone el auge de la China nacionalista e intransigente de Xi Jinping\",\"breadcrumb\":{\"@id\":\"https:\/\/conversesacatalunya.cat\/es\/occidente-protesta-solo-contra-china\/#breadcrumb\"},\"inLanguage\":\"es\",\"potentialAction\":[{\"@type\":\"ReadAction\",\"target\":[\"https:\/\/conversesacatalunya.cat\/es\/occidente-protesta-solo-contra-china\/\"]}]},{\"@type\":\"ImageObject\",\"inLanguage\":\"es\",\"@id\":\"https:\/\/conversesacatalunya.cat\/es\/occidente-protesta-solo-contra-china\/#primaryimage\",\"url\":\"https:\/\/conversesacatalunya.cat\/wp-content\/uploads\/2020\/07\/xina-tibet.jpg\",\"contentUrl\":\"https:\/\/conversesacatalunya.cat\/wp-content\/uploads\/2020\/07\/xina-tibet.jpg\",\"width\":590,\"height\":394,\"caption\":\"La Xina\"},{\"@type\":\"BreadcrumbList\",\"@id\":\"https:\/\/conversesacatalunya.cat\/es\/occidente-protesta-solo-contra-china\/#breadcrumb\",\"itemListElement\":[{\"@type\":\"ListItem\",\"position\":1,\"name\":\"Inici\",\"item\":\"https:\/\/conversesacatalunya.cat\/es\/\"},{\"@type\":\"ListItem\",\"position\":2,\"name\":\"Uigurs, Hong Kong, Tibet&#8230; Occidente se queda solo protestando contra los abusos de China\"}]},{\"@type\":\"WebSite\",\"@id\":\"https:\/\/conversesacatalunya.cat\/#website\",\"url\":\"https:\/\/conversesacatalunya.cat\/\",\"name\":\"Converses a Catalunya\",\"description\":\"\",\"potentialAction\":[{\"@type\":\"SearchAction\",\"target\":{\"@type\":\"EntryPoint\",\"urlTemplate\":\"https:\/\/conversesacatalunya.cat\/?s={search_term_string}\"},\"query-input\":{\"@type\":\"PropertyValueSpecification\",\"valueRequired\":true,\"valueName\":\"search_term_string\"}}],\"inLanguage\":\"es\"},{\"@type\":\"Person\",\"@id\":\"https:\/\/conversesacatalunya.cat\/#\/schema\/person\/c5a8ffe796b1512764aeb6d6d6fa0fc7\",\"name\":\"conversesacatalunya\",\"image\":{\"@type\":\"ImageObject\",\"inLanguage\":\"es\",\"@id\":\"https:\/\/conversesacatalunya.cat\/#\/schema\/person\/image\/\",\"url\":\"https:\/\/conversesacatalunya.cat\/wp-content\/litespeed\/avatar\/02659ee938034c59a151ae106ade943e.jpg?ver=1777051754\",\"contentUrl\":\"https:\/\/conversesacatalunya.cat\/wp-content\/litespeed\/avatar\/02659ee938034c59a151ae106ade943e.jpg?ver=1777051754\",\"caption\":\"conversesacatalunya\"},\"url\":\"https:\/\/conversesacatalunya.cat\/es\/author\/carles_lopez\/\"}]}<\/script>\n<!-- \/ Yoast SEO plugin. -->","yoast_head_json":{"title":"Uigurs, Hong Kong, Tibet... Occidente se queda solo protestando contra los abusos de China - Converses a Catalunya","description":"Los pa\u00edses occidentales finalmente han tomado conciencia de los peligros que supone el auge de la China nacionalista e intransigente de Xi Jinping","robots":{"index":"index","follow":"follow","max-snippet":"max-snippet:-1","max-image-preview":"max-image-preview:large","max-video-preview":"max-video-preview:-1"},"canonical":"https:\/\/conversesacatalunya.cat\/es\/occidente-protesta-solo-contra-china\/","og_locale":"es_ES","og_type":"article","og_title":"Uigurs, Hong Kong, Tibet... Occidente se queda solo protestando contra los abusos de China - Converses a Catalunya","og_description":"Los pa\u00edses occidentales finalmente han tomado conciencia de los peligros que supone el auge de la China nacionalista e intransigente de Xi Jinping","og_url":"https:\/\/conversesacatalunya.cat\/es\/occidente-protesta-solo-contra-china\/","og_site_name":"Converses a Catalunya","article_published_time":"2020-07-29T19:33:02+00:00","article_modified_time":"2020-07-30T09:32:54+00:00","og_image":[{"width":590,"height":394,"url":"https:\/\/conversesacatalunya.cat\/wp-content\/uploads\/2020\/07\/xina-tibet.jpg","type":"image\/jpeg"}],"author":"conversesacatalunya","twitter_card":"summary_large_image","twitter_misc":{"Escrito por":"conversesacatalunya","Tiempo de lectura":"4 minutos"},"schema":{"@context":"https:\/\/schema.org","@graph":[{"@type":"Article","@id":"https:\/\/conversesacatalunya.cat\/es\/occidente-protesta-solo-contra-china\/#article","isPartOf":{"@id":"https:\/\/conversesacatalunya.cat\/es\/occidente-protesta-solo-contra-china\/"},"author":{"name":"conversesacatalunya","@id":"https:\/\/conversesacatalunya.cat\/#\/schema\/person\/c5a8ffe796b1512764aeb6d6d6fa0fc7"},"headline":"Uigurs, Hong Kong, Tibet&#8230; Occidente se queda solo protestando contra los abusos de China","datePublished":"2020-07-29T19:33:02+00:00","dateModified":"2020-07-30T09:32:54+00:00","mainEntityOfPage":{"@id":"https:\/\/conversesacatalunya.cat\/es\/occidente-protesta-solo-contra-china\/"},"wordCount":777,"commentCount":0,"image":{"@id":"https:\/\/conversesacatalunya.cat\/es\/occidente-protesta-solo-contra-china\/#primaryimage"},"thumbnailUrl":"https:\/\/conversesacatalunya.cat\/wp-content\/uploads\/2020\/07\/xina-tibet.jpg","keywords":["China","derechos humanos","Europa","Hong Kong"],"articleSection":["Punts clau del dia (ES)"],"inLanguage":"es","potentialAction":[{"@type":"CommentAction","name":"Comment","target":["https:\/\/conversesacatalunya.cat\/es\/occidente-protesta-solo-contra-china\/#respond"]}]},{"@type":"WebPage","@id":"https:\/\/conversesacatalunya.cat\/es\/occidente-protesta-solo-contra-china\/","url":"https:\/\/conversesacatalunya.cat\/es\/occidente-protesta-solo-contra-china\/","name":"Uigurs, Hong Kong, Tibet... Occidente se queda solo protestando contra los abusos de China - Converses a Catalunya","isPartOf":{"@id":"https:\/\/conversesacatalunya.cat\/#website"},"primaryImageOfPage":{"@id":"https:\/\/conversesacatalunya.cat\/es\/occidente-protesta-solo-contra-china\/#primaryimage"},"image":{"@id":"https:\/\/conversesacatalunya.cat\/es\/occidente-protesta-solo-contra-china\/#primaryimage"},"thumbnailUrl":"https:\/\/conversesacatalunya.cat\/wp-content\/uploads\/2020\/07\/xina-tibet.jpg","datePublished":"2020-07-29T19:33:02+00:00","dateModified":"2020-07-30T09:32:54+00:00","author":{"@id":"https:\/\/conversesacatalunya.cat\/#\/schema\/person\/c5a8ffe796b1512764aeb6d6d6fa0fc7"},"description":"Los pa\u00edses occidentales finalmente han tomado conciencia de los peligros que supone el auge de la China nacionalista e intransigente de Xi Jinping","breadcrumb":{"@id":"https:\/\/conversesacatalunya.cat\/es\/occidente-protesta-solo-contra-china\/#breadcrumb"},"inLanguage":"es","potentialAction":[{"@type":"ReadAction","target":["https:\/\/conversesacatalunya.cat\/es\/occidente-protesta-solo-contra-china\/"]}]},{"@type":"ImageObject","inLanguage":"es","@id":"https:\/\/conversesacatalunya.cat\/es\/occidente-protesta-solo-contra-china\/#primaryimage","url":"https:\/\/conversesacatalunya.cat\/wp-content\/uploads\/2020\/07\/xina-tibet.jpg","contentUrl":"https:\/\/conversesacatalunya.cat\/wp-content\/uploads\/2020\/07\/xina-tibet.jpg","width":590,"height":394,"caption":"La Xina"},{"@type":"BreadcrumbList","@id":"https:\/\/conversesacatalunya.cat\/es\/occidente-protesta-solo-contra-china\/#breadcrumb","itemListElement":[{"@type":"ListItem","position":1,"name":"Inici","item":"https:\/\/conversesacatalunya.cat\/es\/"},{"@type":"ListItem","position":2,"name":"Uigurs, Hong Kong, Tibet&#8230; Occidente se queda solo protestando contra los abusos de China"}]},{"@type":"WebSite","@id":"https:\/\/conversesacatalunya.cat\/#website","url":"https:\/\/conversesacatalunya.cat\/","name":"Converses a Catalunya","description":"","potentialAction":[{"@type":"SearchAction","target":{"@type":"EntryPoint","urlTemplate":"https:\/\/conversesacatalunya.cat\/?s={search_term_string}"},"query-input":{"@type":"PropertyValueSpecification","valueRequired":true,"valueName":"search_term_string"}}],"inLanguage":"es"},{"@type":"Person","@id":"https:\/\/conversesacatalunya.cat\/#\/schema\/person\/c5a8ffe796b1512764aeb6d6d6fa0fc7","name":"conversesacatalunya","image":{"@type":"ImageObject","inLanguage":"es","@id":"https:\/\/conversesacatalunya.cat\/#\/schema\/person\/image\/","url":"https:\/\/conversesacatalunya.cat\/wp-content\/litespeed\/avatar\/02659ee938034c59a151ae106ade943e.jpg?ver=1777051754","contentUrl":"https:\/\/conversesacatalunya.cat\/wp-content\/litespeed\/avatar\/02659ee938034c59a151ae106ade943e.jpg?ver=1777051754","caption":"conversesacatalunya"},"url":"https:\/\/conversesacatalunya.cat\/es\/author\/carles_lopez\/"}]}},"wps_subtitle":"El efecto de las protestas ha sido del todo despreciable, mientras que el bloque de pa\u00edses pro-Pek\u00edn no para de crecer en las Naciones Unidas","_links":{"self":[{"href":"https:\/\/conversesacatalunya.cat\/es\/wp-json\/wp\/v2\/posts\/38988","targetHints":{"allow":["GET"]}}],"collection":[{"href":"https:\/\/conversesacatalunya.cat\/es\/wp-json\/wp\/v2\/posts"}],"about":[{"href":"https:\/\/conversesacatalunya.cat\/es\/wp-json\/wp\/v2\/types\/post"}],"author":[{"embeddable":true,"href":"https:\/\/conversesacatalunya.cat\/es\/wp-json\/wp\/v2\/users\/67"}],"replies":[{"embeddable":true,"href":"https:\/\/conversesacatalunya.cat\/es\/wp-json\/wp\/v2\/comments?post=38988"}],"version-history":[{"count":5,"href":"https:\/\/conversesacatalunya.cat\/es\/wp-json\/wp\/v2\/posts\/38988\/revisions"}],"predecessor-version":[{"id":39004,"href":"https:\/\/conversesacatalunya.cat\/es\/wp-json\/wp\/v2\/posts\/38988\/revisions\/39004"}],"wp:featuredmedia":[{"embeddable":true,"href":"https:\/\/conversesacatalunya.cat\/es\/wp-json\/wp\/v2\/media\/38981"}],"wp:attachment":[{"href":"https:\/\/conversesacatalunya.cat\/es\/wp-json\/wp\/v2\/media?parent=38988"}],"wp:term":[{"taxonomy":"category","embeddable":true,"href":"https:\/\/conversesacatalunya.cat\/es\/wp-json\/wp\/v2\/categories?post=38988"},{"taxonomy":"post_tag","embeddable":true,"href":"https:\/\/conversesacatalunya.cat\/es\/wp-json\/wp\/v2\/tags?post=38988"}],"curies":[{"name":"wp","href":"https:\/\/api.w.org\/{rel}","templated":true}]}}